{"id":469,"date":"2019-09-24T10:52:32","date_gmt":"2019-09-24T08:52:32","guid":{"rendered":"http:\/\/web.quotidianopiemontese.it\/cultura-arte-e-spettacolo-a-torino\/?p=469"},"modified":"2019-09-24T10:52:32","modified_gmt":"2019-09-24T08:52:32","slug":"italian-portraits-peppe-servillo-apre-la-stagione-del-folkclub","status":"publish","type":"post","link":"https:\/\/web.quotidianopiemontese.it\/cultura-arte-e-spettacolo-a-torino\/italian-portraits-peppe-servillo-apre-la-stagione-del-folkclub\/","title":{"rendered":"Italian Portraits. Peppe Servillo apre la stagione del Folkclub"},"content":{"rendered":"<p>Un\u2019apertura di stagione all\u2019insegna della passione, dell\u2019intensit\u00e0 e della capacit\u00e0 di sorprendere. Gioved\u00ec 26 settembre sul palco del Folkclub arriva <strong>\u00abPeppe Servillo Italian Portraits Orchestra\u00bb, <\/strong>reduce dal successo londinese. Un viaggio sonoro nella canzone d\u2019autore italiana, che <strong>Peppe Servillo <\/strong>propone per la prima volta in Italia, e lo fa nell\u2019ambito di <strong>RadioLondra, <\/strong>la rassegna diretta da <strong>Enzo Zirilli<\/strong> che da dieci anni porta nel club torinese artisti di caratura mondiale attivi sulla scena musicale londinese (e non solo), facendo della <em>cave <\/em>di via Perrone uno dei migliori posti dove ascoltare jazz ad altissimo livello.<\/p>\n<p><!--more--><\/p>\n<p>Un progetto corposo, quello dell\u2019<strong>\u00abItalian Portraits Orchestra\u00bb,<\/strong> che attraversa 50 anni di musica italiana, impreziosito dalla voce e dalla presenza di uno straordinario performer qual \u00e8 <strong>Peppe Servillo.<\/strong> Il cantante e fondatore degli Avion Travel riesce sempre ad essere evocativo, comunicativo, coinvolgente, tanto pi\u00f9 in un luogo raccolto come il <strong>Folkclub<\/strong>, dove si \u00e8 esibito pi\u00f9 volte, l\u2019ultima due stagioni fa.<\/p>\n<p><a href=\"http:\/\/web.quotidianopiemontese.it\/cultura-arte-e-spettacolo-a-torino\/files\/2019\/09\/image1.jpeg\"><img loading=\"lazy\" decoding=\"async\" class=\"alignnone size-medium wp-image-471\" src=\"http:\/\/web.quotidianopiemontese.it\/cultura-arte-e-spettacolo-a-torino\/files\/2019\/09\/image1-300x200.jpeg\" alt=\"\" width=\"300\" height=\"200\" srcset=\"https:\/\/web.quotidianopiemontese.it\/cultura-arte-e-spettacolo-a-torino\/files\/2019\/09\/image1-300x200.jpeg 300w, https:\/\/web.quotidianopiemontese.it\/cultura-arte-e-spettacolo-a-torino\/files\/2019\/09\/image1-768x512.jpeg 768w, https:\/\/web.quotidianopiemontese.it\/cultura-arte-e-spettacolo-a-torino\/files\/2019\/09\/image1-600x400.jpeg 600w, https:\/\/web.quotidianopiemontese.it\/cultura-arte-e-spettacolo-a-torino\/files\/2019\/09\/image1.jpeg 960w\" sizes=\"auto, (max-width: 300px) 85vw, 300px\" \/><\/a><\/p>\n<p>Ad accompagnare Servillo c\u2019\u00e8 una band composta da alcuni dei migliori musicisti italiani del panorama londinese ed internazionale: il fantastico pianista <strong>Matteo Saggese,<\/strong> quindi <strong>Davide Mantovani<\/strong> al basso, <strong>Rob Luft<\/strong> alla chitarra ed <strong>Enzo Zirilli<\/strong> alla batteria.<\/p>\n<p><a href=\"http:\/\/web.quotidianopiemontese.it\/cultura-arte-e-spettacolo-a-torino\/files\/2019\/09\/Zirilli-BN-3.jpg\"><img loading=\"lazy\" decoding=\"async\" class=\"alignnone size-medium wp-image-472\" src=\"http:\/\/web.quotidianopiemontese.it\/cultura-arte-e-spettacolo-a-torino\/files\/2019\/09\/Zirilli-BN-3-300x199.jpg\" alt=\"\" width=\"300\" height=\"199\" srcset=\"https:\/\/web.quotidianopiemontese.it\/cultura-arte-e-spettacolo-a-torino\/files\/2019\/09\/Zirilli-BN-3-300x199.jpg 300w, https:\/\/web.quotidianopiemontese.it\/cultura-arte-e-spettacolo-a-torino\/files\/2019\/09\/Zirilli-BN-3-768x510.jpg 768w, https:\/\/web.quotidianopiemontese.it\/cultura-arte-e-spettacolo-a-torino\/files\/2019\/09\/Zirilli-BN-3-1024x681.jpg 1024w, https:\/\/web.quotidianopiemontese.it\/cultura-arte-e-spettacolo-a-torino\/files\/2019\/09\/Zirilli-BN-3-600x400.jpg 600w, https:\/\/web.quotidianopiemontese.it\/cultura-arte-e-spettacolo-a-torino\/files\/2019\/09\/Zirilli-BN-3.jpg 2048w\" sizes=\"auto, (max-width: 300px) 85vw, 300px\" \/><\/a><\/p>\n<p>Servillo e l\u2019<strong>Italian Portraits Orchestra<\/strong> toccheranno la musica di Nino Rota, Paolo Conte, Domenico Modugno, Adriano Celentano, Pino Daniele, Ennio Morricone, Avion Travel, Lucio Battisti, Lucio Dalla e i testi di Pasolini, eseguendo ciascun brano in modo originale, passando con disinvoltura dal jazz al latin jazz, dalla classica alla world music. \u201cUna carezza in un pugno\u201d, \u201cDisperato Erotico Stomp\u201d, \u201cAguaplano\u201d, \u201cAlmeno tu nell\u2019Universo\u201d, \u201cU Pisci Spada\u201d di Modugno (la storia di un pesce spada femmina che, vedendo il suo compagno arpionato dai pescatori, invece di scappare decide di morire con lui) e tanto altro ancora.<\/p>\n<p><a href=\"http:\/\/www.folkclub.it\">http:\/\/www.folkclub.it<\/a><\/p>\n<h4>Emanuele Rebuffini<\/h4>\n<p><a href=\"http:\/\/web.quotidianopiemontese.it\/cultura-arte-e-spettacolo-a-torino\/files\/2019\/09\/Peppe-Servillo.jpg\"><img loading=\"lazy\" decoding=\"async\" class=\"alignnone size-medium wp-image-473\" src=\"http:\/\/web.quotidianopiemontese.it\/cultura-arte-e-spettacolo-a-torino\/files\/2019\/09\/Peppe-Servillo-300x200.jpg\" alt=\"\" width=\"300\" height=\"200\" srcset=\"https:\/\/web.quotidianopiemontese.it\/cultura-arte-e-spettacolo-a-torino\/files\/2019\/09\/Peppe-Servillo-300x200.jpg 300w, https:\/\/web.quotidianopiemontese.it\/cultura-arte-e-spettacolo-a-torino\/files\/2019\/09\/Peppe-Servillo-768x512.jpg 768w, https:\/\/web.quotidianopiemontese.it\/cultura-arte-e-spettacolo-a-torino\/files\/2019\/09\/Peppe-Servillo-1024x683.jpg 1024w, https:\/\/web.quotidianopiemontese.it\/cultura-arte-e-spettacolo-a-torino\/files\/2019\/09\/Peppe-Servillo-600x400.jpg 600w, https:\/\/web.quotidianopiemontese.it\/cultura-arte-e-spettacolo-a-torino\/files\/2019\/09\/Peppe-Servillo.jpg 1732w\" sizes=\"auto, (max-width: 300px) 85vw, 300px\" \/><\/a><\/p>\n<p>&nbsp;<\/p>\n<p>&nbsp;<\/p>\n","protected":false},"excerpt":{"rendered":"<p>Un\u2019apertura di stagione all\u2019insegna della passione, dell\u2019intensit\u00e0 e della capacit\u00e0 di sorprendere. Gioved\u00ec 26 settembre sul palco del Folkclub arriva \u00abPeppe Servillo Italian Portraits Orchestra\u00bb, reduce dal successo londinese. Un viaggio sonoro nella canzone d\u2019autore italiana, che Peppe Servillo propone per la prima volta in Italia, e lo fa nell\u2019ambito di RadioLondra, la rassegna diretta &hellip; <a href=\"https:\/\/web.quotidianopiemontese.it\/cultura-arte-e-spettacolo-a-torino\/italian-portraits-peppe-servillo-apre-la-stagione-del-folkclub\/\" class=\"more-link\">Leggi tutto<span class=\"screen-reader-text\"> &#8220;Italian Portraits. Peppe Servillo apre la stagione del Folkclub&#8221;<\/span><\/a><\/p>\n","protected":false},"author":1361,"featured_media":470,"comment_status":"open","ping_status":"open","sticky":false,"template":"","format":"standard","meta":{"footnotes":""},"categories":[1],"tags":[58,59],"class_list":["post-469","post","type-post","status-publish","format-standard","has-post-thumbnail","hentry","category-cultura-arte-spettacolo","tag-folkclub","tag-peppe-servillo"],"yoast_head":"<!-- This site is optimized with the Yoast SEO plugin v27.1.1 - https:\/\/yoast.com\/product\/yoast-seo-wordpress\/ -->\n<title>Italian Portraits. Peppe Servillo apre la stagione del Folkclub - 24 Settembre 2019<\/title>\n<meta name=\"description\" content=\"Italian Portraits. Peppe Servillo apre la stagione del Folkclub - Cultura, Arte e Spettacolo a Torino - Un\u2019apertura di stagione all\u2019insegna della passione, dell\u2019intensit\u00e0 e della capacit\u00e0 di sorprendere. Gioved\u00ec 26 settembre sul palco del Folkclub arriva - Folkclub, Peppe Servillo\" \/>\n<meta name=\"robots\" content=\"index, follow, max-snippet:-1, max-image-preview:large, max-video-preview:-1\" \/>\n<link rel=\"canonical\" href=\"http:\/\/web.quotidianopiemontese.it\/cultura-arte-e-spettacolo-a-torino\/italian-portraits-peppe-servillo-apre-la-stagione-del-folkclub\/\" \/>\n<meta property=\"og:locale\" content=\"it_IT\" \/>\n<meta property=\"og:type\" content=\"article\" \/>\n<meta property=\"og:title\" content=\"Italian Portraits. Peppe Servillo apre la stagione del Folkclub - 24 Settembre 2019\" \/>\n<meta property=\"og:description\" content=\"Italian Portraits. Peppe Servillo apre la stagione del Folkclub - Cultura, Arte e Spettacolo a Torino - Un\u2019apertura di stagione all\u2019insegna della passione, dell\u2019intensit\u00e0 e della capacit\u00e0 di sorprendere. Gioved\u00ec 26 settembre sul palco del Folkclub arriva - Folkclub, Peppe Servillo\" \/>\n<meta property=\"og:url\" content=\"http:\/\/web.quotidianopiemontese.it\/cultura-arte-e-spettacolo-a-torino\/italian-portraits-peppe-servillo-apre-la-stagione-del-folkclub\/\" \/>\n<meta property=\"og:site_name\" content=\"Cultura, Arte e Spettacolo a Torino\" \/>\n<meta property=\"article:publisher\" content=\"https:\/\/www.facebook.com\/quotidianopiemontese?fref=ts\" \/>\n<meta property=\"article:published_time\" content=\"2019-09-24T08:52:32+00:00\" \/>\n<meta property=\"og:image\" content=\"http:\/\/web.quotidianopiemontese.it\/cultura-arte-e-spettacolo-a-torino\/files\/2019\/09\/Peppe-Servillo-1200x797.jpg\" \/>\n\t<meta property=\"og:image:width\" content=\"1200\" \/>\n\t<meta property=\"og:image:height\" content=\"797\" \/>\n\t<meta property=\"og:image:type\" content=\"image\/jpeg\" \/>\n<meta name=\"author\" content=\"Emanuele Rebuffini\" \/>\n<meta name=\"twitter:label1\" content=\"Scritto da\" \/>\n\t<meta name=\"twitter:data1\" content=\"Emanuele Rebuffini\" \/>\n\t<meta name=\"twitter:label2\" content=\"Tempo di lettura stimato\" \/>\n\t<meta name=\"twitter:data2\" content=\"2 minuti\" \/>\n<script type=\"application\/ld+json\" class=\"yoast-schema-graph\">{\"@context\":\"https:\/\/schema.org\",\"@graph\":[{\"@type\":\"Article\",\"@id\":\"http:\/\/web.quotidianopiemontese.it\/cultura-arte-e-spettacolo-a-torino\/italian-portraits-peppe-servillo-apre-la-stagione-del-folkclub\/#article\",\"isPartOf\":{\"@id\":\"http:\/\/web.quotidianopiemontese.it\/cultura-arte-e-spettacolo-a-torino\/italian-portraits-peppe-servillo-apre-la-stagione-del-folkclub\/\"},\"author\":{\"name\":\"Emanuele Rebuffini\",\"@id\":\"https:\/\/web.quotidianopiemontese.it\/cultura-arte-e-spettacolo-a-torino\/#\/schema\/person\/b035109a4cc7d3e93911b78d8cebf3a0\"},\"headline\":\"Italian Portraits. Peppe Servillo apre la stagione del Folkclub\",\"datePublished\":\"2019-09-24T08:52:32+00:00\",\"mainEntityOfPage\":{\"@id\":\"http:\/\/web.quotidianopiemontese.it\/cultura-arte-e-spettacolo-a-torino\/italian-portraits-peppe-servillo-apre-la-stagione-del-folkclub\/\"},\"wordCount\":309,\"commentCount\":0,\"image\":{\"@id\":\"http:\/\/web.quotidianopiemontese.it\/cultura-arte-e-spettacolo-a-torino\/italian-portraits-peppe-servillo-apre-la-stagione-del-folkclub\/#primaryimage\"},\"thumbnailUrl\":\"https:\/\/web.quotidianopiemontese.it\/cultura-arte-e-spettacolo-a-torino\/files\/2019\/09\/Peppe-Servillo-1200x797.jpg\",\"keywords\":[\"Folkclub\",\"Peppe Servillo\"],\"articleSection\":[\"Cultura, arte, spettacolo\"],\"inLanguage\":\"it-IT\",\"potentialAction\":[{\"@type\":\"CommentAction\",\"name\":\"Comment\",\"target\":[\"http:\/\/web.quotidianopiemontese.it\/cultura-arte-e-spettacolo-a-torino\/italian-portraits-peppe-servillo-apre-la-stagione-del-folkclub\/#respond\"]}]},{\"@type\":\"WebPage\",\"@id\":\"http:\/\/web.quotidianopiemontese.it\/cultura-arte-e-spettacolo-a-torino\/italian-portraits-peppe-servillo-apre-la-stagione-del-folkclub\/\",\"url\":\"http:\/\/web.quotidianopiemontese.it\/cultura-arte-e-spettacolo-a-torino\/italian-portraits-peppe-servillo-apre-la-stagione-del-folkclub\/\",\"name\":\"Italian Portraits. Peppe Servillo apre la stagione del Folkclub - 24 Settembre 2019\",\"isPartOf\":{\"@id\":\"https:\/\/web.quotidianopiemontese.it\/cultura-arte-e-spettacolo-a-torino\/#website\"},\"primaryImageOfPage\":{\"@id\":\"http:\/\/web.quotidianopiemontese.it\/cultura-arte-e-spettacolo-a-torino\/italian-portraits-peppe-servillo-apre-la-stagione-del-folkclub\/#primaryimage\"},\"image\":{\"@id\":\"http:\/\/web.quotidianopiemontese.it\/cultura-arte-e-spettacolo-a-torino\/italian-portraits-peppe-servillo-apre-la-stagione-del-folkclub\/#primaryimage\"},\"thumbnailUrl\":\"https:\/\/web.quotidianopiemontese.it\/cultura-arte-e-spettacolo-a-torino\/files\/2019\/09\/Peppe-Servillo-1200x797.jpg\",\"datePublished\":\"2019-09-24T08:52:32+00:00\",\"author\":{\"@id\":\"https:\/\/web.quotidianopiemontese.it\/cultura-arte-e-spettacolo-a-torino\/#\/schema\/person\/b035109a4cc7d3e93911b78d8cebf3a0\"},\"description\":\"Italian Portraits. Peppe Servillo apre la stagione del Folkclub - Cultura, Arte e Spettacolo a Torino - Un\u2019apertura di stagione all\u2019insegna della passione, dell\u2019intensit\u00e0 e della capacit\u00e0 di sorprendere. Gioved\u00ec 26 settembre sul palco del Folkclub arriva - Folkclub, Peppe Servillo\",\"inLanguage\":\"it-IT\",\"potentialAction\":[{\"@type\":\"ReadAction\",\"target\":[\"http:\/\/web.quotidianopiemontese.it\/cultura-arte-e-spettacolo-a-torino\/italian-portraits-peppe-servillo-apre-la-stagione-del-folkclub\/\"]}]},{\"@type\":\"ImageObject\",\"inLanguage\":\"it-IT\",\"@id\":\"http:\/\/web.quotidianopiemontese.it\/cultura-arte-e-spettacolo-a-torino\/italian-portraits-peppe-servillo-apre-la-stagione-del-folkclub\/#primaryimage\",\"url\":\"https:\/\/web.quotidianopiemontese.it\/cultura-arte-e-spettacolo-a-torino\/files\/2019\/09\/Peppe-Servillo-1200x797.jpg\",\"contentUrl\":\"https:\/\/web.quotidianopiemontese.it\/cultura-arte-e-spettacolo-a-torino\/files\/2019\/09\/Peppe-Servillo-1200x797.jpg\",\"width\":1200,\"height\":797},{\"@type\":\"WebSite\",\"@id\":\"https:\/\/web.quotidianopiemontese.it\/cultura-arte-e-spettacolo-a-torino\/#website\",\"url\":\"https:\/\/web.quotidianopiemontese.it\/cultura-arte-e-spettacolo-a-torino\/\",\"name\":\"Cultura, Arte e Spettacolo a Torino\",\"description\":\"Quotidiano Piemontese\",\"potentialAction\":[{\"@type\":\"SearchAction\",\"target\":{\"@type\":\"EntryPoint\",\"urlTemplate\":\"https:\/\/web.quotidianopiemontese.it\/cultura-arte-e-spettacolo-a-torino\/?s={search_term_string}\"},\"query-input\":{\"@type\":\"PropertyValueSpecification\",\"valueRequired\":true,\"valueName\":\"search_term_string\"}}],\"inLanguage\":\"it-IT\"},{\"@type\":\"Person\",\"@id\":\"https:\/\/web.quotidianopiemontese.it\/cultura-arte-e-spettacolo-a-torino\/#\/schema\/person\/b035109a4cc7d3e93911b78d8cebf3a0\",\"name\":\"Emanuele Rebuffini\",\"image\":{\"@type\":\"ImageObject\",\"inLanguage\":\"it-IT\",\"@id\":\"https:\/\/web.quotidianopiemontese.it\/cultura-arte-e-spettacolo-a-torino\/#\/schema\/person\/image\/\",\"url\":\"https:\/\/secure.gravatar.com\/avatar\/519a0a38be4cbbcf40fb5bc1b1173a85af291a3a8697df454a94ad7e05574628?s=96&d=mm&r=g\",\"contentUrl\":\"https:\/\/secure.gravatar.com\/avatar\/519a0a38be4cbbcf40fb5bc1b1173a85af291a3a8697df454a94ad7e05574628?s=96&d=mm&r=g\",\"caption\":\"Emanuele Rebuffini\"},\"sameAs\":[\"http:\/\/www.quotidianopiemontese.it\/cultura-arte-e-spettacolo-a-torino\/\"],\"url\":\"https:\/\/web.quotidianopiemontese.it\/cultura-arte-e-spettacolo-a-torino\/author\/emanuelerebuffini\/\"}]}<\/script>\n<!-- \/ Yoast SEO plugin. -->","yoast_head_json":{"title":"Italian Portraits. Peppe Servillo apre la stagione del Folkclub - 24 Settembre 2019","description":"Italian Portraits. Peppe Servillo apre la stagione del Folkclub - Cultura, Arte e Spettacolo a Torino - Un\u2019apertura di stagione all\u2019insegna della passione, dell\u2019intensit\u00e0 e della capacit\u00e0 di sorprendere. Gioved\u00ec 26 settembre sul palco del Folkclub arriva - Folkclub, Peppe Servillo","robots":{"index":"index","follow":"follow","max-snippet":"max-snippet:-1","max-image-preview":"max-image-preview:large","max-video-preview":"max-video-preview:-1"},"canonical":"http:\/\/web.quotidianopiemontese.it\/cultura-arte-e-spettacolo-a-torino\/italian-portraits-peppe-servillo-apre-la-stagione-del-folkclub\/","og_locale":"it_IT","og_type":"article","og_title":"Italian Portraits. Peppe Servillo apre la stagione del Folkclub - 24 Settembre 2019","og_description":"Italian Portraits. Peppe Servillo apre la stagione del Folkclub - Cultura, Arte e Spettacolo a Torino - Un\u2019apertura di stagione all\u2019insegna della passione, dell\u2019intensit\u00e0 e della capacit\u00e0 di sorprendere. Gioved\u00ec 26 settembre sul palco del Folkclub arriva - Folkclub, Peppe Servillo","og_url":"http:\/\/web.quotidianopiemontese.it\/cultura-arte-e-spettacolo-a-torino\/italian-portraits-peppe-servillo-apre-la-stagione-del-folkclub\/","og_site_name":"Cultura, Arte e Spettacolo a Torino","article_publisher":"https:\/\/www.facebook.com\/quotidianopiemontese?fref=ts","article_published_time":"2019-09-24T08:52:32+00:00","og_image":[{"width":1200,"height":797,"url":"http:\/\/web.quotidianopiemontese.it\/cultura-arte-e-spettacolo-a-torino\/files\/2019\/09\/Peppe-Servillo-1200x797.jpg","type":"image\/jpeg"}],"author":"Emanuele Rebuffini","twitter_misc":{"Scritto da":"Emanuele Rebuffini","Tempo di lettura stimato":"2 minuti"},"schema":{"@context":"https:\/\/schema.org","@graph":[{"@type":"Article","@id":"http:\/\/web.quotidianopiemontese.it\/cultura-arte-e-spettacolo-a-torino\/italian-portraits-peppe-servillo-apre-la-stagione-del-folkclub\/#article","isPartOf":{"@id":"http:\/\/web.quotidianopiemontese.it\/cultura-arte-e-spettacolo-a-torino\/italian-portraits-peppe-servillo-apre-la-stagione-del-folkclub\/"},"author":{"name":"Emanuele Rebuffini","@id":"https:\/\/web.quotidianopiemontese.it\/cultura-arte-e-spettacolo-a-torino\/#\/schema\/person\/b035109a4cc7d3e93911b78d8cebf3a0"},"headline":"Italian Portraits. Peppe Servillo apre la stagione del Folkclub","datePublished":"2019-09-24T08:52:32+00:00","mainEntityOfPage":{"@id":"http:\/\/web.quotidianopiemontese.it\/cultura-arte-e-spettacolo-a-torino\/italian-portraits-peppe-servillo-apre-la-stagione-del-folkclub\/"},"wordCount":309,"commentCount":0,"image":{"@id":"http:\/\/web.quotidianopiemontese.it\/cultura-arte-e-spettacolo-a-torino\/italian-portraits-peppe-servillo-apre-la-stagione-del-folkclub\/#primaryimage"},"thumbnailUrl":"https:\/\/web.quotidianopiemontese.it\/cultura-arte-e-spettacolo-a-torino\/files\/2019\/09\/Peppe-Servillo-1200x797.jpg","keywords":["Folkclub","Peppe Servillo"],"articleSection":["Cultura, arte, spettacolo"],"inLanguage":"it-IT","potentialAction":[{"@type":"CommentAction","name":"Comment","target":["http:\/\/web.quotidianopiemontese.it\/cultura-arte-e-spettacolo-a-torino\/italian-portraits-peppe-servillo-apre-la-stagione-del-folkclub\/#respond"]}]},{"@type":"WebPage","@id":"http:\/\/web.quotidianopiemontese.it\/cultura-arte-e-spettacolo-a-torino\/italian-portraits-peppe-servillo-apre-la-stagione-del-folkclub\/","url":"http:\/\/web.quotidianopiemontese.it\/cultura-arte-e-spettacolo-a-torino\/italian-portraits-peppe-servillo-apre-la-stagione-del-folkclub\/","name":"Italian Portraits. Peppe Servillo apre la stagione del Folkclub - 24 Settembre 2019","isPartOf":{"@id":"https:\/\/web.quotidianopiemontese.it\/cultura-arte-e-spettacolo-a-torino\/#website"},"primaryImageOfPage":{"@id":"http:\/\/web.quotidianopiemontese.it\/cultura-arte-e-spettacolo-a-torino\/italian-portraits-peppe-servillo-apre-la-stagione-del-folkclub\/#primaryimage"},"image":{"@id":"http:\/\/web.quotidianopiemontese.it\/cultura-arte-e-spettacolo-a-torino\/italian-portraits-peppe-servillo-apre-la-stagione-del-folkclub\/#primaryimage"},"thumbnailUrl":"https:\/\/web.quotidianopiemontese.it\/cultura-arte-e-spettacolo-a-torino\/files\/2019\/09\/Peppe-Servillo-1200x797.jpg","datePublished":"2019-09-24T08:52:32+00:00","author":{"@id":"https:\/\/web.quotidianopiemontese.it\/cultura-arte-e-spettacolo-a-torino\/#\/schema\/person\/b035109a4cc7d3e93911b78d8cebf3a0"},"description":"Italian Portraits. Peppe Servillo apre la stagione del Folkclub - Cultura, Arte e Spettacolo a Torino - Un\u2019apertura di stagione all\u2019insegna della passione, dell\u2019intensit\u00e0 e della capacit\u00e0 di sorprendere. Gioved\u00ec 26 settembre sul palco del Folkclub arriva - Folkclub, Peppe Servillo","inLanguage":"it-IT","potentialAction":[{"@type":"ReadAction","target":["http:\/\/web.quotidianopiemontese.it\/cultura-arte-e-spettacolo-a-torino\/italian-portraits-peppe-servillo-apre-la-stagione-del-folkclub\/"]}]},{"@type":"ImageObject","inLanguage":"it-IT","@id":"http:\/\/web.quotidianopiemontese.it\/cultura-arte-e-spettacolo-a-torino\/italian-portraits-peppe-servillo-apre-la-stagione-del-folkclub\/#primaryimage","url":"https:\/\/web.quotidianopiemontese.it\/cultura-arte-e-spettacolo-a-torino\/files\/2019\/09\/Peppe-Servillo-1200x797.jpg","contentUrl":"https:\/\/web.quotidianopiemontese.it\/cultura-arte-e-spettacolo-a-torino\/files\/2019\/09\/Peppe-Servillo-1200x797.jpg","width":1200,"height":797},{"@type":"WebSite","@id":"https:\/\/web.quotidianopiemontese.it\/cultura-arte-e-spettacolo-a-torino\/#website","url":"https:\/\/web.quotidianopiemontese.it\/cultura-arte-e-spettacolo-a-torino\/","name":"Cultura, Arte e Spettacolo a Torino","description":"Quotidiano Piemontese","potentialAction":[{"@type":"SearchAction","target":{"@type":"EntryPoint","urlTemplate":"https:\/\/web.quotidianopiemontese.it\/cultura-arte-e-spettacolo-a-torino\/?s={search_term_string}"},"query-input":{"@type":"PropertyValueSpecification","valueRequired":true,"valueName":"search_term_string"}}],"inLanguage":"it-IT"},{"@type":"Person","@id":"https:\/\/web.quotidianopiemontese.it\/cultura-arte-e-spettacolo-a-torino\/#\/schema\/person\/b035109a4cc7d3e93911b78d8cebf3a0","name":"Emanuele Rebuffini","image":{"@type":"ImageObject","inLanguage":"it-IT","@id":"https:\/\/web.quotidianopiemontese.it\/cultura-arte-e-spettacolo-a-torino\/#\/schema\/person\/image\/","url":"https:\/\/secure.gravatar.com\/avatar\/519a0a38be4cbbcf40fb5bc1b1173a85af291a3a8697df454a94ad7e05574628?s=96&d=mm&r=g","contentUrl":"https:\/\/secure.gravatar.com\/avatar\/519a0a38be4cbbcf40fb5bc1b1173a85af291a3a8697df454a94ad7e05574628?s=96&d=mm&r=g","caption":"Emanuele Rebuffini"},"sameAs":["http:\/\/www.quotidianopiemontese.it\/cultura-arte-e-spettacolo-a-torino\/"],"url":"https:\/\/web.quotidianopiemontese.it\/cultura-arte-e-spettacolo-a-torino\/author\/emanuelerebuffini\/"}]}},"_links":{"self":[{"href":"https:\/\/web.quotidianopiemontese.it\/cultura-arte-e-spettacolo-a-torino\/wp-json\/wp\/v2\/posts\/469","targetHints":{"allow":["GET"]}}],"collection":[{"href":"https:\/\/web.quotidianopiemontese.it\/cultura-arte-e-spettacolo-a-torino\/wp-json\/wp\/v2\/posts"}],"about":[{"href":"https:\/\/web.quotidianopiemontese.it\/cultura-arte-e-spettacolo-a-torino\/wp-json\/wp\/v2\/types\/post"}],"author":[{"embeddable":true,"href":"https:\/\/web.quotidianopiemontese.it\/cultura-arte-e-spettacolo-a-torino\/wp-json\/wp\/v2\/users\/1361"}],"replies":[{"embeddable":true,"href":"https:\/\/web.quotidianopiemontese.it\/cultura-arte-e-spettacolo-a-torino\/wp-json\/wp\/v2\/comments?post=469"}],"version-history":[{"count":0,"href":"https:\/\/web.quotidianopiemontese.it\/cultura-arte-e-spettacolo-a-torino\/wp-json\/wp\/v2\/posts\/469\/revisions"}],"wp:featuredmedia":[{"embeddable":true,"href":"https:\/\/web.quotidianopiemontese.it\/cultura-arte-e-spettacolo-a-torino\/wp-json\/wp\/v2\/media\/470"}],"wp:attachment":[{"href":"https:\/\/web.quotidianopiemontese.it\/cultura-arte-e-spettacolo-a-torino\/wp-json\/wp\/v2\/media?parent=469"}],"wp:term":[{"taxonomy":"category","embeddable":true,"href":"https:\/\/web.quotidianopiemontese.it\/cultura-arte-e-spettacolo-a-torino\/wp-json\/wp\/v2\/categories?post=469"},{"taxonomy":"post_tag","embeddable":true,"href":"https:\/\/web.quotidianopiemontese.it\/cultura-arte-e-spettacolo-a-torino\/wp-json\/wp\/v2\/tags?post=469"}],"curies":[{"name":"wp","href":"https:\/\/api.w.org\/{rel}","templated":true}]}}