{"id":435,"date":"2019-03-15T18:48:24","date_gmt":"2019-03-15T17:48:24","guid":{"rendered":"http:\/\/web.quotidianopiemontese.it\/cultura-arte-e-spettacolo-a-torino\/?p=435"},"modified":"2019-03-15T18:48:24","modified_gmt":"2019-03-15T17:48:24","slug":"la-musica-della-poesia-la-seconda-edizione-si-terra-il-21-marzo-a-torino","status":"publish","type":"post","link":"https:\/\/web.quotidianopiemontese.it\/cultura-arte-e-spettacolo-a-torino\/la-musica-della-poesia-la-seconda-edizione-si-terra-il-21-marzo-a-torino\/","title":{"rendered":"&#8220;La musica della poesia&#8221;, la seconda edizione si terr\u00e0 il 21 marzo a Torino"},"content":{"rendered":"<p>Il 21 marzo prossimo \u00e8 l\u2019equinozio di primavera ma non tutti sanno che coincide con la Giornata mondiale della Poesia. In occasione di questa celebrazione si terr\u00e0 a Torino la seconda edizione de \u201cLa musica della poesia \u2013 La musique de la poesie\u201d, <!--more-->una giornata di studi con nomi importanti della poesia italiana e internazionale organizzato dal <a href=\"http:\/\/www.lfsag.unito.it\/\">Laboratorio di Fonetica Sperimentale \u201cArturo Genre\u201d<\/a> dell\u2019Universit\u00e0 degli Studi di Torino, sostenuto e patrocinato dall\u2019Universit\u00e0, dall\u2019Ambasciata di Francia in Italia, dall\u2019Institut Fran\u00e7ais, dall\u2019Alliance Fran\u00e7aise, dal Dipartimento di Lingue e Letterature Straniere e Culture Moderne dell\u2019Unito e dall\u2019AISV Associazione Italiana Scienze della Voce.<\/p>\n<p>Ci saranno 22 ospiti, studiosi e poeti, italiani e francesi che si alterneranno in dialoghi e interviste. Per citarne solo alcuni: i poeti francesi Jo\u00ebl Vernet e Jean Pierre Lemaire, in dialogo con Davide Rondoni, e i poeti italiani Lino Angiuli, Ida Travi, Giampiero Neri, intervistato da Elisabetta Motta e a cui si affiancher\u00e0 l\u2019esibizione dell\u2019arpista di fama internazionale Vincenzo Zitello e l\u2019esposizione delle incisioni di Luciano Ragozzino.<\/p>\n<p>La giornata si svolger\u00e0 dalle 9:00 alle 18:30 nella Sala Lauree di Palazzo Badini-Confalonieri in via Verdi 10. Dalle 21:00 l\u2019incontro si sposter\u00e0 nella Sala Giochi del Circolo dei Lettori (via Bogino 9) dove si terr\u00e0 la soir\u00e9e po\u00e9tique \u00a0con 13 poeti che si alterneranno in una lettura corale di poesie, curata dal poeta, cantante e attore Emile Proulx Cloutier, invitato dalla delegazione del Quebec, che si esibir\u00e0 nel canto e al pianoforte.<\/p>\n<p>Ci sar\u00e0 anche l&#8217;opportunit\u00e0 per la\u00a0prima tavola rotonda nazionale sul tema degli studi sperimentali rivolti alla voce della lettura poetica e lascia spazio anche a interventi sulla musica della poesia in altre letterature, come quella portoghese e quella austriaca. \u00c8 prevista inoltre la trasmissione del video realizzato da Infinito 200 e Rai Teche, in occasione dei duecento anni dalla composizione della poesia leopardiana.<\/p>\n<p>Una manifestazione di ampio respiro, volta al dialogo tra culture e alla celebrazione della poesia nelle sue molteplici voci.<\/p>\n<p>L\u2019iniziativa, parte del progetto di Ricerca <a href=\"http:\/\/www.lfsag.unito.it\/ricerca\/VIP_index.html\">VIP \u2013 Voices of Italian Poets<\/a>, che consta anche di un archivio di voci della poesia italiana online per l\u2019ascolto e la ricerca, \u00e8 curata da Valentina Colonna (Universit\u00e0 degli Studi di Genova e Torino), Antonio Romano (Direttore del Laboratorio di Fonetica Sperimentale \u201cArturo Genre\u201d, Universit\u00e0 degli Studi di Torino), Beno\u00eet Monginot (Universit\u00e0 degli Studi di Torino \u2013 Institut Fran\u00e7ais) e Mikka Petris (Universit\u00e0 degli Studi di Torino).<\/p>\n<p>Per informazioni e il programma completo: <a href=\"http:\/\/www.lfsag.unito.it\/ricerca\/VIP_21marzo.html\">http:\/\/www.lfsag.unito.it\/ricerca\/VIP_21marzo.html<\/a><\/p>\n<p>&nbsp;<\/p>\n","protected":false},"excerpt":{"rendered":"<p>Il 21 marzo prossimo \u00e8 l\u2019equinozio di primavera ma non tutti sanno che coincide con la Giornata mondiale della Poesia. In occasione di questa celebrazione si terr\u00e0 a Torino la seconda edizione de \u201cLa musica della poesia \u2013 La musique de la poesie\u201d,<\/p>\n","protected":false},"author":1367,"featured_media":436,"comment_status":"open","ping_status":"open","sticky":false,"template":"","format":"standard","meta":{"footnotes":""},"categories":[1],"tags":[116,117],"class_list":["post-435","post","type-post","status-publish","format-standard","has-post-thumbnail","hentry","category-cultura-arte-spettacolo","tag-giornata-della-poesia","tag-la-musica-della-poesia"],"yoast_head":"<!-- This site is optimized with the Yoast SEO plugin v27.1.1 - https:\/\/yoast.com\/product\/yoast-seo-wordpress\/ -->\n<title>&quot;La musica della poesia&quot;, la seconda edizione si terr\u00e0 il 21 marzo a Torino - 15 Marzo 2019<\/title>\n<meta name=\"description\" content=\"&quot;La musica della poesia&quot;, la seconda edizione si terr\u00e0 il 21 marzo a Torino - Cultura, Arte e Spettacolo a Torino - Il 21 marzo prossimo \u00e8 l\u2019equinozio di primavera ma non tutti sanno che coincide con la Giornata mondiale della Poesia. In occasione di questa celebrazione - Giornata della Poesia, La musica della poesia\" \/>\n<meta name=\"robots\" content=\"index, follow, max-snippet:-1, max-image-preview:large, max-video-preview:-1\" \/>\n<link rel=\"canonical\" href=\"http:\/\/web.quotidianopiemontese.it\/cultura-arte-e-spettacolo-a-torino\/la-musica-della-poesia-la-seconda-edizione-si-terra-il-21-marzo-a-torino\/\" \/>\n<meta property=\"og:locale\" content=\"it_IT\" \/>\n<meta property=\"og:type\" content=\"article\" \/>\n<meta property=\"og:title\" content=\"&quot;La musica della poesia&quot;, la seconda edizione si terr\u00e0 il 21 marzo a Torino - 15 Marzo 2019\" \/>\n<meta property=\"og:description\" content=\"&quot;La musica della poesia&quot;, la seconda edizione si terr\u00e0 il 21 marzo a Torino - Cultura, Arte e Spettacolo a Torino - Il 21 marzo prossimo \u00e8 l\u2019equinozio di primavera ma non tutti sanno che coincide con la Giornata mondiale della Poesia. In occasione di questa celebrazione - Giornata della Poesia, La musica della poesia\" \/>\n<meta property=\"og:url\" content=\"http:\/\/web.quotidianopiemontese.it\/cultura-arte-e-spettacolo-a-torino\/la-musica-della-poesia-la-seconda-edizione-si-terra-il-21-marzo-a-torino\/\" \/>\n<meta property=\"og:site_name\" content=\"Cultura, Arte e Spettacolo a Torino\" \/>\n<meta property=\"article:publisher\" content=\"https:\/\/www.facebook.com\/quotidianopiemontese?fref=ts\" \/>\n<meta property=\"article:published_time\" content=\"2019-03-15T17:48:24+00:00\" \/>\n<meta property=\"og:image\" content=\"http:\/\/web.quotidianopiemontese.it\/cultura-arte-e-spettacolo-a-torino\/files\/2019\/03\/La-musica-della-poesia.jpeg\" \/>\n\t<meta property=\"og:image:width\" content=\"1131\" \/>\n\t<meta property=\"og:image:height\" content=\"1600\" \/>\n\t<meta property=\"og:image:type\" content=\"image\/jpeg\" \/>\n<meta name=\"author\" content=\"vananh\" \/>\n<meta name=\"twitter:label1\" content=\"Scritto da\" \/>\n\t<meta name=\"twitter:data1\" content=\"vananh\" \/>\n\t<meta name=\"twitter:label2\" content=\"Tempo di lettura stimato\" \/>\n\t<meta name=\"twitter:data2\" content=\"2 minuti\" \/>\n<script type=\"application\/ld+json\" class=\"yoast-schema-graph\">{\"@context\":\"https:\/\/schema.org\",\"@graph\":[{\"@type\":\"Article\",\"@id\":\"http:\/\/web.quotidianopiemontese.it\/cultura-arte-e-spettacolo-a-torino\/la-musica-della-poesia-la-seconda-edizione-si-terra-il-21-marzo-a-torino\/#article\",\"isPartOf\":{\"@id\":\"http:\/\/web.quotidianopiemontese.it\/cultura-arte-e-spettacolo-a-torino\/la-musica-della-poesia-la-seconda-edizione-si-terra-il-21-marzo-a-torino\/\"},\"author\":{\"name\":\"vananh\",\"@id\":\"https:\/\/web.quotidianopiemontese.it\/cultura-arte-e-spettacolo-a-torino\/#\/schema\/person\/90ed859cf5e70f38fb24d22e6b6eefa1\"},\"headline\":\"&#8220;La musica della poesia&#8221;, la seconda edizione si terr\u00e0 il 21 marzo a Torino\",\"datePublished\":\"2019-03-15T17:48:24+00:00\",\"mainEntityOfPage\":{\"@id\":\"http:\/\/web.quotidianopiemontese.it\/cultura-arte-e-spettacolo-a-torino\/la-musica-della-poesia-la-seconda-edizione-si-terra-il-21-marzo-a-torino\/\"},\"wordCount\":433,\"commentCount\":0,\"image\":{\"@id\":\"http:\/\/web.quotidianopiemontese.it\/cultura-arte-e-spettacolo-a-torino\/la-musica-della-poesia-la-seconda-edizione-si-terra-il-21-marzo-a-torino\/#primaryimage\"},\"thumbnailUrl\":\"https:\/\/web.quotidianopiemontese.it\/cultura-arte-e-spettacolo-a-torino\/files\/2019\/03\/La-musica-della-poesia.jpeg\",\"keywords\":[\"Giornata della Poesia\",\"La musica della poesia\"],\"articleSection\":[\"Cultura, arte, spettacolo\"],\"inLanguage\":\"it-IT\",\"potentialAction\":[{\"@type\":\"CommentAction\",\"name\":\"Comment\",\"target\":[\"http:\/\/web.quotidianopiemontese.it\/cultura-arte-e-spettacolo-a-torino\/la-musica-della-poesia-la-seconda-edizione-si-terra-il-21-marzo-a-torino\/#respond\"]}]},{\"@type\":\"WebPage\",\"@id\":\"http:\/\/web.quotidianopiemontese.it\/cultura-arte-e-spettacolo-a-torino\/la-musica-della-poesia-la-seconda-edizione-si-terra-il-21-marzo-a-torino\/\",\"url\":\"http:\/\/web.quotidianopiemontese.it\/cultura-arte-e-spettacolo-a-torino\/la-musica-della-poesia-la-seconda-edizione-si-terra-il-21-marzo-a-torino\/\",\"name\":\"\\\"La musica della poesia\\\", la seconda edizione si terr\u00e0 il 21 marzo a Torino - 15 Marzo 2019\",\"isPartOf\":{\"@id\":\"https:\/\/web.quotidianopiemontese.it\/cultura-arte-e-spettacolo-a-torino\/#website\"},\"primaryImageOfPage\":{\"@id\":\"http:\/\/web.quotidianopiemontese.it\/cultura-arte-e-spettacolo-a-torino\/la-musica-della-poesia-la-seconda-edizione-si-terra-il-21-marzo-a-torino\/#primaryimage\"},\"image\":{\"@id\":\"http:\/\/web.quotidianopiemontese.it\/cultura-arte-e-spettacolo-a-torino\/la-musica-della-poesia-la-seconda-edizione-si-terra-il-21-marzo-a-torino\/#primaryimage\"},\"thumbnailUrl\":\"https:\/\/web.quotidianopiemontese.it\/cultura-arte-e-spettacolo-a-torino\/files\/2019\/03\/La-musica-della-poesia.jpeg\",\"datePublished\":\"2019-03-15T17:48:24+00:00\",\"author\":{\"@id\":\"https:\/\/web.quotidianopiemontese.it\/cultura-arte-e-spettacolo-a-torino\/#\/schema\/person\/90ed859cf5e70f38fb24d22e6b6eefa1\"},\"description\":\"\\\"La musica della poesia\\\", la seconda edizione si terr\u00e0 il 21 marzo a Torino - Cultura, Arte e Spettacolo a Torino - Il 21 marzo prossimo \u00e8 l\u2019equinozio di primavera ma non tutti sanno che coincide con la Giornata mondiale della Poesia. In occasione di questa celebrazione - Giornata della Poesia, La musica della poesia\",\"inLanguage\":\"it-IT\",\"potentialAction\":[{\"@type\":\"ReadAction\",\"target\":[\"http:\/\/web.quotidianopiemontese.it\/cultura-arte-e-spettacolo-a-torino\/la-musica-della-poesia-la-seconda-edizione-si-terra-il-21-marzo-a-torino\/\"]}]},{\"@type\":\"ImageObject\",\"inLanguage\":\"it-IT\",\"@id\":\"http:\/\/web.quotidianopiemontese.it\/cultura-arte-e-spettacolo-a-torino\/la-musica-della-poesia-la-seconda-edizione-si-terra-il-21-marzo-a-torino\/#primaryimage\",\"url\":\"https:\/\/web.quotidianopiemontese.it\/cultura-arte-e-spettacolo-a-torino\/files\/2019\/03\/La-musica-della-poesia.jpeg\",\"contentUrl\":\"https:\/\/web.quotidianopiemontese.it\/cultura-arte-e-spettacolo-a-torino\/files\/2019\/03\/La-musica-della-poesia.jpeg\",\"width\":1131,\"height\":1600},{\"@type\":\"WebSite\",\"@id\":\"https:\/\/web.quotidianopiemontese.it\/cultura-arte-e-spettacolo-a-torino\/#website\",\"url\":\"https:\/\/web.quotidianopiemontese.it\/cultura-arte-e-spettacolo-a-torino\/\",\"name\":\"Cultura, Arte e Spettacolo a Torino\",\"description\":\"Quotidiano Piemontese\",\"potentialAction\":[{\"@type\":\"SearchAction\",\"target\":{\"@type\":\"EntryPoint\",\"urlTemplate\":\"https:\/\/web.quotidianopiemontese.it\/cultura-arte-e-spettacolo-a-torino\/?s={search_term_string}\"},\"query-input\":{\"@type\":\"PropertyValueSpecification\",\"valueRequired\":true,\"valueName\":\"search_term_string\"}}],\"inLanguage\":\"it-IT\"},{\"@type\":\"Person\",\"@id\":\"https:\/\/web.quotidianopiemontese.it\/cultura-arte-e-spettacolo-a-torino\/#\/schema\/person\/90ed859cf5e70f38fb24d22e6b6eefa1\",\"name\":\"vananh\",\"image\":{\"@type\":\"ImageObject\",\"inLanguage\":\"it-IT\",\"@id\":\"https:\/\/web.quotidianopiemontese.it\/cultura-arte-e-spettacolo-a-torino\/#\/schema\/person\/image\/\",\"url\":\"https:\/\/secure.gravatar.com\/avatar\/8af69ea2aafd798e21a9b6edfbfc0f87268602e1eabcbdc6154d35a73d0602f6?s=96&d=mm&r=g\",\"contentUrl\":\"https:\/\/secure.gravatar.com\/avatar\/8af69ea2aafd798e21a9b6edfbfc0f87268602e1eabcbdc6154d35a73d0602f6?s=96&d=mm&r=g\",\"caption\":\"vananh\"},\"sameAs\":[\"http:\/\/www.quotidianopiemontese.it\"],\"url\":\"https:\/\/web.quotidianopiemontese.it\/cultura-arte-e-spettacolo-a-torino\/author\/vananh\/\"}]}<\/script>\n<!-- \/ Yoast SEO plugin. -->","yoast_head_json":{"title":"\"La musica della poesia\", la seconda edizione si terr\u00e0 il 21 marzo a Torino - 15 Marzo 2019","description":"\"La musica della poesia\", la seconda edizione si terr\u00e0 il 21 marzo a Torino - Cultura, Arte e Spettacolo a Torino - Il 21 marzo prossimo \u00e8 l\u2019equinozio di primavera ma non tutti sanno che coincide con la Giornata mondiale della Poesia. In occasione di questa celebrazione - Giornata della Poesia, La musica della poesia","robots":{"index":"index","follow":"follow","max-snippet":"max-snippet:-1","max-image-preview":"max-image-preview:large","max-video-preview":"max-video-preview:-1"},"canonical":"http:\/\/web.quotidianopiemontese.it\/cultura-arte-e-spettacolo-a-torino\/la-musica-della-poesia-la-seconda-edizione-si-terra-il-21-marzo-a-torino\/","og_locale":"it_IT","og_type":"article","og_title":"\"La musica della poesia\", la seconda edizione si terr\u00e0 il 21 marzo a Torino - 15 Marzo 2019","og_description":"\"La musica della poesia\", la seconda edizione si terr\u00e0 il 21 marzo a Torino - Cultura, Arte e Spettacolo a Torino - Il 21 marzo prossimo \u00e8 l\u2019equinozio di primavera ma non tutti sanno che coincide con la Giornata mondiale della Poesia. In occasione di questa celebrazione - Giornata della Poesia, La musica della poesia","og_url":"http:\/\/web.quotidianopiemontese.it\/cultura-arte-e-spettacolo-a-torino\/la-musica-della-poesia-la-seconda-edizione-si-terra-il-21-marzo-a-torino\/","og_site_name":"Cultura, Arte e Spettacolo a Torino","article_publisher":"https:\/\/www.facebook.com\/quotidianopiemontese?fref=ts","article_published_time":"2019-03-15T17:48:24+00:00","og_image":[{"width":1131,"height":1600,"url":"http:\/\/web.quotidianopiemontese.it\/cultura-arte-e-spettacolo-a-torino\/files\/2019\/03\/La-musica-della-poesia.jpeg","type":"image\/jpeg"}],"author":"vananh","twitter_misc":{"Scritto da":"vananh","Tempo di lettura stimato":"2 minuti"},"schema":{"@context":"https:\/\/schema.org","@graph":[{"@type":"Article","@id":"http:\/\/web.quotidianopiemontese.it\/cultura-arte-e-spettacolo-a-torino\/la-musica-della-poesia-la-seconda-edizione-si-terra-il-21-marzo-a-torino\/#article","isPartOf":{"@id":"http:\/\/web.quotidianopiemontese.it\/cultura-arte-e-spettacolo-a-torino\/la-musica-della-poesia-la-seconda-edizione-si-terra-il-21-marzo-a-torino\/"},"author":{"name":"vananh","@id":"https:\/\/web.quotidianopiemontese.it\/cultura-arte-e-spettacolo-a-torino\/#\/schema\/person\/90ed859cf5e70f38fb24d22e6b6eefa1"},"headline":"&#8220;La musica della poesia&#8221;, la seconda edizione si terr\u00e0 il 21 marzo a Torino","datePublished":"2019-03-15T17:48:24+00:00","mainEntityOfPage":{"@id":"http:\/\/web.quotidianopiemontese.it\/cultura-arte-e-spettacolo-a-torino\/la-musica-della-poesia-la-seconda-edizione-si-terra-il-21-marzo-a-torino\/"},"wordCount":433,"commentCount":0,"image":{"@id":"http:\/\/web.quotidianopiemontese.it\/cultura-arte-e-spettacolo-a-torino\/la-musica-della-poesia-la-seconda-edizione-si-terra-il-21-marzo-a-torino\/#primaryimage"},"thumbnailUrl":"https:\/\/web.quotidianopiemontese.it\/cultura-arte-e-spettacolo-a-torino\/files\/2019\/03\/La-musica-della-poesia.jpeg","keywords":["Giornata della Poesia","La musica della poesia"],"articleSection":["Cultura, arte, spettacolo"],"inLanguage":"it-IT","potentialAction":[{"@type":"CommentAction","name":"Comment","target":["http:\/\/web.quotidianopiemontese.it\/cultura-arte-e-spettacolo-a-torino\/la-musica-della-poesia-la-seconda-edizione-si-terra-il-21-marzo-a-torino\/#respond"]}]},{"@type":"WebPage","@id":"http:\/\/web.quotidianopiemontese.it\/cultura-arte-e-spettacolo-a-torino\/la-musica-della-poesia-la-seconda-edizione-si-terra-il-21-marzo-a-torino\/","url":"http:\/\/web.quotidianopiemontese.it\/cultura-arte-e-spettacolo-a-torino\/la-musica-della-poesia-la-seconda-edizione-si-terra-il-21-marzo-a-torino\/","name":"\"La musica della poesia\", la seconda edizione si terr\u00e0 il 21 marzo a Torino - 15 Marzo 2019","isPartOf":{"@id":"https:\/\/web.quotidianopiemontese.it\/cultura-arte-e-spettacolo-a-torino\/#website"},"primaryImageOfPage":{"@id":"http:\/\/web.quotidianopiemontese.it\/cultura-arte-e-spettacolo-a-torino\/la-musica-della-poesia-la-seconda-edizione-si-terra-il-21-marzo-a-torino\/#primaryimage"},"image":{"@id":"http:\/\/web.quotidianopiemontese.it\/cultura-arte-e-spettacolo-a-torino\/la-musica-della-poesia-la-seconda-edizione-si-terra-il-21-marzo-a-torino\/#primaryimage"},"thumbnailUrl":"https:\/\/web.quotidianopiemontese.it\/cultura-arte-e-spettacolo-a-torino\/files\/2019\/03\/La-musica-della-poesia.jpeg","datePublished":"2019-03-15T17:48:24+00:00","author":{"@id":"https:\/\/web.quotidianopiemontese.it\/cultura-arte-e-spettacolo-a-torino\/#\/schema\/person\/90ed859cf5e70f38fb24d22e6b6eefa1"},"description":"\"La musica della poesia\", la seconda edizione si terr\u00e0 il 21 marzo a Torino - Cultura, Arte e Spettacolo a Torino - Il 21 marzo prossimo \u00e8 l\u2019equinozio di primavera ma non tutti sanno che coincide con la Giornata mondiale della Poesia. In occasione di questa celebrazione - Giornata della Poesia, La musica della poesia","inLanguage":"it-IT","potentialAction":[{"@type":"ReadAction","target":["http:\/\/web.quotidianopiemontese.it\/cultura-arte-e-spettacolo-a-torino\/la-musica-della-poesia-la-seconda-edizione-si-terra-il-21-marzo-a-torino\/"]}]},{"@type":"ImageObject","inLanguage":"it-IT","@id":"http:\/\/web.quotidianopiemontese.it\/cultura-arte-e-spettacolo-a-torino\/la-musica-della-poesia-la-seconda-edizione-si-terra-il-21-marzo-a-torino\/#primaryimage","url":"https:\/\/web.quotidianopiemontese.it\/cultura-arte-e-spettacolo-a-torino\/files\/2019\/03\/La-musica-della-poesia.jpeg","contentUrl":"https:\/\/web.quotidianopiemontese.it\/cultura-arte-e-spettacolo-a-torino\/files\/2019\/03\/La-musica-della-poesia.jpeg","width":1131,"height":1600},{"@type":"WebSite","@id":"https:\/\/web.quotidianopiemontese.it\/cultura-arte-e-spettacolo-a-torino\/#website","url":"https:\/\/web.quotidianopiemontese.it\/cultura-arte-e-spettacolo-a-torino\/","name":"Cultura, Arte e Spettacolo a Torino","description":"Quotidiano Piemontese","potentialAction":[{"@type":"SearchAction","target":{"@type":"EntryPoint","urlTemplate":"https:\/\/web.quotidianopiemontese.it\/cultura-arte-e-spettacolo-a-torino\/?s={search_term_string}"},"query-input":{"@type":"PropertyValueSpecification","valueRequired":true,"valueName":"search_term_string"}}],"inLanguage":"it-IT"},{"@type":"Person","@id":"https:\/\/web.quotidianopiemontese.it\/cultura-arte-e-spettacolo-a-torino\/#\/schema\/person\/90ed859cf5e70f38fb24d22e6b6eefa1","name":"vananh","image":{"@type":"ImageObject","inLanguage":"it-IT","@id":"https:\/\/web.quotidianopiemontese.it\/cultura-arte-e-spettacolo-a-torino\/#\/schema\/person\/image\/","url":"https:\/\/secure.gravatar.com\/avatar\/8af69ea2aafd798e21a9b6edfbfc0f87268602e1eabcbdc6154d35a73d0602f6?s=96&d=mm&r=g","contentUrl":"https:\/\/secure.gravatar.com\/avatar\/8af69ea2aafd798e21a9b6edfbfc0f87268602e1eabcbdc6154d35a73d0602f6?s=96&d=mm&r=g","caption":"vananh"},"sameAs":["http:\/\/www.quotidianopiemontese.it"],"url":"https:\/\/web.quotidianopiemontese.it\/cultura-arte-e-spettacolo-a-torino\/author\/vananh\/"}]}},"_links":{"self":[{"href":"https:\/\/web.quotidianopiemontese.it\/cultura-arte-e-spettacolo-a-torino\/wp-json\/wp\/v2\/posts\/435","targetHints":{"allow":["GET"]}}],"collection":[{"href":"https:\/\/web.quotidianopiemontese.it\/cultura-arte-e-spettacolo-a-torino\/wp-json\/wp\/v2\/posts"}],"about":[{"href":"https:\/\/web.quotidianopiemontese.it\/cultura-arte-e-spettacolo-a-torino\/wp-json\/wp\/v2\/types\/post"}],"author":[{"embeddable":true,"href":"https:\/\/web.quotidianopiemontese.it\/cultura-arte-e-spettacolo-a-torino\/wp-json\/wp\/v2\/users\/1367"}],"replies":[{"embeddable":true,"href":"https:\/\/web.quotidianopiemontese.it\/cultura-arte-e-spettacolo-a-torino\/wp-json\/wp\/v2\/comments?post=435"}],"version-history":[{"count":0,"href":"https:\/\/web.quotidianopiemontese.it\/cultura-arte-e-spettacolo-a-torino\/wp-json\/wp\/v2\/posts\/435\/revisions"}],"wp:featuredmedia":[{"embeddable":true,"href":"https:\/\/web.quotidianopiemontese.it\/cultura-arte-e-spettacolo-a-torino\/wp-json\/wp\/v2\/media\/436"}],"wp:attachment":[{"href":"https:\/\/web.quotidianopiemontese.it\/cultura-arte-e-spettacolo-a-torino\/wp-json\/wp\/v2\/media?parent=435"}],"wp:term":[{"taxonomy":"category","embeddable":true,"href":"https:\/\/web.quotidianopiemontese.it\/cultura-arte-e-spettacolo-a-torino\/wp-json\/wp\/v2\/categories?post=435"},{"taxonomy":"post_tag","embeddable":true,"href":"https:\/\/web.quotidianopiemontese.it\/cultura-arte-e-spettacolo-a-torino\/wp-json\/wp\/v2\/tags?post=435"}],"curies":[{"name":"wp","href":"https:\/\/api.w.org\/{rel}","templated":true}]}}