{"id":411,"date":"2019-01-21T11:20:10","date_gmt":"2019-01-21T10:20:10","guid":{"rendered":"http:\/\/web.quotidianopiemontese.it\/cultura-arte-e-spettacolo-a-torino\/?p=411"},"modified":"2019-01-21T11:20:52","modified_gmt":"2019-01-21T10:20:52","slug":"songs-for-eternity-ute-lemper-canta-la-shoah","status":"publish","type":"post","link":"https:\/\/web.quotidianopiemontese.it\/cultura-arte-e-spettacolo-a-torino\/songs-for-eternity-ute-lemper-canta-la-shoah\/","title":{"rendered":"\u201cSongs for Eternity\u201d. Ute Lemper canta la Shoah"},"content":{"rendered":"<p>La grande cantante ed artista tedesca <strong>Ute Lemper <\/strong>sar\u00e0 in Piemonte in occasione delle celebrazioni del Giorno della Memoria portando in scena, a <strong>Torino<\/strong> il <strong>31 gennaio<\/strong> e a <strong>Cuneo<\/strong> il <strong>1 febbraio<\/strong>, lo spettacolo <strong>\u201cSongs for Eternity\u201d, <\/strong>costruito sulle canzoni scritte nei ghetti e nei campi di concentramento da musicisti ebrei deportati.<!--more--><\/p>\n<p><a href=\"http:\/\/web.quotidianopiemontese.it\/cultura-arte-e-spettacolo-a-torino\/files\/2019\/01\/2019-01-16-conferenza-stampa-su-iniziative-Giorno-della-Memoria-800x533b.jpg\"><img loading=\"lazy\" decoding=\"async\" class=\"alignnone size-medium wp-image-414\" src=\"http:\/\/web.quotidianopiemontese.it\/cultura-arte-e-spettacolo-a-torino\/files\/2019\/01\/2019-01-16-conferenza-stampa-su-iniziative-Giorno-della-Memoria-800x533b-300x200.jpg\" alt=\"\" width=\"300\" height=\"200\" srcset=\"https:\/\/web.quotidianopiemontese.it\/cultura-arte-e-spettacolo-a-torino\/files\/2019\/01\/2019-01-16-conferenza-stampa-su-iniziative-Giorno-della-Memoria-800x533b-300x200.jpg 300w, https:\/\/web.quotidianopiemontese.it\/cultura-arte-e-spettacolo-a-torino\/files\/2019\/01\/2019-01-16-conferenza-stampa-su-iniziative-Giorno-della-Memoria-800x533b-768x512.jpg 768w, https:\/\/web.quotidianopiemontese.it\/cultura-arte-e-spettacolo-a-torino\/files\/2019\/01\/2019-01-16-conferenza-stampa-su-iniziative-Giorno-della-Memoria-800x533b-600x400.jpg 600w, https:\/\/web.quotidianopiemontese.it\/cultura-arte-e-spettacolo-a-torino\/files\/2019\/01\/2019-01-16-conferenza-stampa-su-iniziative-Giorno-della-Memoria-800x533b.jpg 800w\" sizes=\"auto, (max-width: 300px) 85vw, 300px\" \/><\/a><\/p>\n<p><em>\u201cCome tedesca, nata dopo la Guerra, sposata ad un uomo ebreo, a New York da 20 anni, sono da sempre legata alla storia, terribile, dell\u2019Olocausto. E\u2019 mia responsabilit\u00e0 e dovere etico onorare la cultura del popolo ebreo e stimolare il dialogo su questo orribile passato\u201d<\/em>. <strong>Interprete, cantante, ballerina, attrice e autrice, <\/strong><strong>Ute Lemper<\/strong> \u00e8 nata a Munster, in Germania, ed attualmente vive a New York. Il suo debutto musicale \u00e8 avvenuto sulla scena dell&#8217;originale produzione viennese di Cats, dove impersonava i ruoli di Grizabella e di Bombalurina, quindi i musical Peter Pan nel 1985 e Cabaret nel 1987 che le vale il Premio Moli\u00e8re<strong>.<\/strong> Lunghi capelli biondi ed abito abitualmente nero, Ute Lemper \u00e8 considerata l\u2019erede di Marlene Dietrich ed \u00c9dith Piaf. Grande interprete delle Canzoni del Cabaret di Berlino e delle opere di Kurt Weill, ha recitato anche sotto la guida di cineasti come per Peter Greenaway e Robert Altman. In Italia la si ricorda al Festival di Sanremo del 1991, dove ha interpretato la versione in inglese del brano <em>La fotografia<\/em> di Enzo Jannacci.<\/p>\n<p><strong>Gioved\u00ec 31 gennaio<\/strong>, <strong>\u201cSongs for Eternity\u201d <\/strong>andr\u00e0 in scena al <strong>Conservatorio Statale \u201cGiuseppe Verdi\u201d<\/strong>, in piazza Bodoni, a <strong>Torino<\/strong>, alle <strong>20.30<\/strong>. <strong>Ute Lemper<\/strong> presenter\u00e0 questo affascinante repertorio, accompagnata da <strong>quattro straordinari musicisti<\/strong>: <strong>Vana Gierig<\/strong> pianoforte, <strong>Daniel Hoffman<\/strong> violino, <strong>Gilad Harel<\/strong> clarinetto, <strong>Romain Lecuyer<\/strong> contrabbasso.<\/p>\n<p><a href=\"http:\/\/web.quotidianopiemontese.it\/cultura-arte-e-spettacolo-a-torino\/files\/2019\/01\/locandina_torino1.jpg\"><img loading=\"lazy\" decoding=\"async\" class=\"alignnone size-medium wp-image-415\" src=\"http:\/\/web.quotidianopiemontese.it\/cultura-arte-e-spettacolo-a-torino\/files\/2019\/01\/locandina_torino1-212x300.jpg\" alt=\"\" width=\"212\" height=\"300\" srcset=\"https:\/\/web.quotidianopiemontese.it\/cultura-arte-e-spettacolo-a-torino\/files\/2019\/01\/locandina_torino1-212x300.jpg 212w, https:\/\/web.quotidianopiemontese.it\/cultura-arte-e-spettacolo-a-torino\/files\/2019\/01\/locandina_torino1-768x1086.jpg 768w, https:\/\/web.quotidianopiemontese.it\/cultura-arte-e-spettacolo-a-torino\/files\/2019\/01\/locandina_torino1-724x1024.jpg 724w, https:\/\/web.quotidianopiemontese.it\/cultura-arte-e-spettacolo-a-torino\/files\/2019\/01\/locandina_torino1.jpg 1684w\" sizes=\"auto, (max-width: 212px) 85vw, 212px\" \/><\/a><\/p>\n<p>L\u2019evento \u00e8 organizzato dal <strong>Comitato Resistenza e Costituzione del Consiglio regionale del Piemonte <\/strong>e dal<strong> Polo del \u2018900, <\/strong>con il sostegno della<strong> Compagnia di San Paolo <\/strong>e della<strong> Fondazione CRT, <\/strong>in collaborazione con il <strong>Goethe-Institut Turin<\/strong> e con il patrocinio della<strong> Citt\u00e0 di Torino <\/strong>e della<strong> Comunit\u00e0 Ebraica di Torino. <\/strong><\/p>\n<p>L\u2019ingresso al concerto \u00e8 <u>gratuito,<\/u> fino ad esaurimento dei posti, con <u>obbligo di prenotazione a partire dal 17 gennaio ed entro il 28 gennaio<\/u> scrivendo all\u2019indirizzo email <a href=\"mailto:partecipa.eventi@cr.piemonte.it\">partecipa.eventi@cr.piemonte.it<\/a>, oppure, ritirando direttamente il biglietto presso l\u2019Urp del Consiglio regionale (in via Arsenale 14\/g a Torino, dal luned\u00ec al gioved\u00ec dalle 9 alle 12.30 e dalle 14 alle 15:30, il venerd\u00ec dalle 9 alle 12.30).<\/p>\n<p><a href=\"http:\/\/web.quotidianopiemontese.it\/cultura-arte-e-spettacolo-a-torino\/files\/2019\/01\/locandina_torino_9001.jpg\"><img loading=\"lazy\" decoding=\"async\" class=\"alignnone size-medium wp-image-416\" src=\"http:\/\/web.quotidianopiemontese.it\/cultura-arte-e-spettacolo-a-torino\/files\/2019\/01\/locandina_torino_9001-212x300.jpg\" alt=\"\" width=\"212\" height=\"300\" srcset=\"https:\/\/web.quotidianopiemontese.it\/cultura-arte-e-spettacolo-a-torino\/files\/2019\/01\/locandina_torino_9001-212x300.jpg 212w, https:\/\/web.quotidianopiemontese.it\/cultura-arte-e-spettacolo-a-torino\/files\/2019\/01\/locandina_torino_9001-768x1086.jpg 768w, https:\/\/web.quotidianopiemontese.it\/cultura-arte-e-spettacolo-a-torino\/files\/2019\/01\/locandina_torino_9001-724x1024.jpg 724w, https:\/\/web.quotidianopiemontese.it\/cultura-arte-e-spettacolo-a-torino\/files\/2019\/01\/locandina_torino_9001.jpg 1684w\" sizes=\"auto, (max-width: 212px) 85vw, 212px\" \/><\/a><\/p>\n<p><strong>Venerd\u00ec 1 febbraio<\/strong>, alle ore <strong>11.30<\/strong>, presso il <strong>Polo del \u2018900<\/strong>, in via del Carmine 14, <strong>Ute Lemper<\/strong> incontrer\u00e0 il pubblico intervistata dal giornalista e critico musicale de La Stampa <strong>Sandro Cappelletto. <\/strong><\/p>\n<p>Sempre <strong>venerd\u00ec 1 febbraio<\/strong>, <strong>\u201cSongs for Eternity\u201d<\/strong> andr\u00e0 in scena al <strong>Teatro Toselli<\/strong> di <strong>Cuneo<\/strong>, alle <strong>21 <\/strong>(via Teatro Giovanni Toselli, 9). Il concerto, ad ingresso gratuito, \u00e8 organizzato <strong>dall\u2019Anpi di Cuneo, <\/strong>con il sostegno del <strong>Comitato Resistenza e Costituzione del Consiglio regionale del Piemonte, <\/strong>della <strong>Citt\u00e0 di Cuneo<\/strong>, della <strong>Fondazione CRC<\/strong>,<strong> dell\u2019Associazione partigiana Ignazio Vian <\/strong>e il patrocinio<strong> dell\u2019Istituto storico della Resistenza e della Societ\u00e0 contemporanea in provincia di Cuneo.<\/strong> (ritiro biglietto presso: URP, via Santa Maria 1, Cuneo, tel. 0171444229, <a href=\"mailto:urp@comune.cuneo.it\">urp@comune.cuneo.it<\/a>).<\/p>\n<p><a href=\"http:\/\/web.quotidianopiemontese.it\/cultura-arte-e-spettacolo-a-torino\/files\/2019\/01\/locandina_cuneo1.jpg\"><img loading=\"lazy\" decoding=\"async\" class=\"alignnone size-medium wp-image-417\" src=\"http:\/\/web.quotidianopiemontese.it\/cultura-arte-e-spettacolo-a-torino\/files\/2019\/01\/locandina_cuneo1-212x300.jpg\" alt=\"\" width=\"212\" height=\"300\" srcset=\"https:\/\/web.quotidianopiemontese.it\/cultura-arte-e-spettacolo-a-torino\/files\/2019\/01\/locandina_cuneo1-212x300.jpg 212w, https:\/\/web.quotidianopiemontese.it\/cultura-arte-e-spettacolo-a-torino\/files\/2019\/01\/locandina_cuneo1-768x1086.jpg 768w, https:\/\/web.quotidianopiemontese.it\/cultura-arte-e-spettacolo-a-torino\/files\/2019\/01\/locandina_cuneo1-724x1024.jpg 724w, https:\/\/web.quotidianopiemontese.it\/cultura-arte-e-spettacolo-a-torino\/files\/2019\/01\/locandina_cuneo1.jpg 1684w\" sizes=\"auto, (max-width: 212px) 85vw, 212px\" \/><\/a><\/p>\n<p><em>\u201cIl 27 gennaio 2015, a 70 anni dalla liberazione di Auschwitz, sono stata invitata a cantare canzoni del ghetto ebraico e dei campi di concentramento per commemorare l\u2019Olocausto di Roma<\/em> \u2013 racconta <strong>Ute Lemper<\/strong> &#8211; <em>ed \u00e8 in quell\u2019occasione che ho conosciuto Francesco Lotoro, musicista che ha dedicato la sua vita alla ricerca delle canzoni e delle musiche scritte nei campi di concentramento: ne esiste una collezione enorme ed \u00e8 importante che sia ricordata per l\u2019eternit\u00e0. \u00c8 un impegno che ho assunto gi\u00e0 nel 1987 quando sono stata protagonista di una grande serie Decca dal titolo \u201cEntartete Musik\u201d, che presentava i compositori ebrei e la loro musica bandita dai nazisti. Con \u201cSongs for Eternity\u201dcontinuo questa missione. Sono stata catturata da queste canzoni e dalle storie che si celano dietro a ognuna di esse. \u00a0 Ho studiato cos\u00ec un libro unico nel suo genere, una raccolta di canzoni di Vevel Pasternak del 1948, che raccoglie canzone dei Ghetti e dei campi di concentramento cos\u00ec come il canzoniere di Ilse Weber, pubblicato in Israele negli anni \u201890, dal marito sopravvissuto ad Auschwitz. Entrambe le raccolte mi sono state donate dalla mia amica Orly Beigel che \u00e8 per met\u00e0 messicana, met\u00e0 israeliana ed \u00e8 figlia di un sopravvissuto all\u2019Olocausto.\u201d<\/em><\/p>\n<p><strong><a href=\"http:\/\/www.cr.piemonte.it\/web\/comunicati-stampa\/comunicati-stampa-2019\/471-gennaio-2019\/8560-songs-for-eternity-ute-lemper-a-torino-a-cuneo\">http:\/\/www.cr.piemonte.it\/web\/comunicati-stampa\/comunicati-stampa-2019\/471-gennaio-2019\/8560-songs-for-eternity-ute-lemper-a-torino-a-cuneo<\/a><\/strong><\/p>\n<p><strong>\u00a0<\/strong><strong>Emanuele Rebuffini<\/strong><\/p>\n<p><a href=\"http:\/\/web.quotidianopiemontese.it\/cultura-arte-e-spettacolo-a-torino\/files\/2019\/01\/maxresdefault.jpg\"><img loading=\"lazy\" decoding=\"async\" class=\"alignnone size-medium wp-image-418\" src=\"http:\/\/web.quotidianopiemontese.it\/cultura-arte-e-spettacolo-a-torino\/files\/2019\/01\/maxresdefault-300x169.jpg\" alt=\"\" width=\"300\" height=\"169\" srcset=\"https:\/\/web.quotidianopiemontese.it\/cultura-arte-e-spettacolo-a-torino\/files\/2019\/01\/maxresdefault-300x169.jpg 300w, https:\/\/web.quotidianopiemontese.it\/cultura-arte-e-spettacolo-a-torino\/files\/2019\/01\/maxresdefault-768x432.jpg 768w, https:\/\/web.quotidianopiemontese.it\/cultura-arte-e-spettacolo-a-torino\/files\/2019\/01\/maxresdefault-1024x576.jpg 1024w, https:\/\/web.quotidianopiemontese.it\/cultura-arte-e-spettacolo-a-torino\/files\/2019\/01\/maxresdefault.jpg 1280w\" sizes=\"auto, (max-width: 300px) 85vw, 300px\" \/><\/a><\/p>\n<p>&nbsp;<\/p>\n","protected":false},"excerpt":{"rendered":"<p>La grande cantante ed artista tedesca Ute Lemper sar\u00e0 in Piemonte in occasione delle celebrazioni del Giorno della Memoria portando in scena, a Torino il 31 gennaio e a Cuneo il 1 febbraio, lo spettacolo \u201cSongs for Eternity\u201d, costruito sulle canzoni scritte nei ghetti e nei campi di concentramento da musicisti ebrei deportati.<\/p>\n","protected":false},"author":1361,"featured_media":413,"comment_status":"open","ping_status":"open","sticky":false,"template":"","format":"standard","meta":{"footnotes":""},"categories":[1],"tags":[112],"class_list":["post-411","post","type-post","status-publish","format-standard","has-post-thumbnail","hentry","category-cultura-arte-spettacolo","tag-ute-lemper"],"yoast_head":"<!-- This site is optimized with the Yoast SEO plugin v27.1.1 - https:\/\/yoast.com\/product\/yoast-seo-wordpress\/ -->\n<title>\u201cSongs for Eternity\u201d. Ute Lemper canta la Shoah - 21 Gennaio 2019<\/title>\n<meta name=\"description\" content=\"\u201cSongs for Eternity\u201d. Ute Lemper canta la Shoah - Cultura, Arte e Spettacolo a Torino - La grande cantante ed artista tedesca Ute Lemper sar\u00e0 in Piemonte in occasione delle celebrazioni del Giorno della Memoria portando in scena, a Torino il - Ute Lemper\" \/>\n<meta name=\"robots\" content=\"index, follow, max-snippet:-1, max-image-preview:large, max-video-preview:-1\" \/>\n<link rel=\"canonical\" href=\"https:\/\/web.quotidianopiemontese.it\/cultura-arte-e-spettacolo-a-torino\/songs-for-eternity-ute-lemper-canta-la-shoah\/\" \/>\n<meta property=\"og:locale\" content=\"it_IT\" \/>\n<meta property=\"og:type\" content=\"article\" \/>\n<meta property=\"og:title\" content=\"\u201cSongs for Eternity\u201d. Ute Lemper canta la Shoah - 21 Gennaio 2019\" \/>\n<meta property=\"og:description\" content=\"\u201cSongs for Eternity\u201d. Ute Lemper canta la Shoah - Cultura, Arte e Spettacolo a Torino - La grande cantante ed artista tedesca Ute Lemper sar\u00e0 in Piemonte in occasione delle celebrazioni del Giorno della Memoria portando in scena, a Torino il - Ute Lemper\" \/>\n<meta property=\"og:url\" content=\"https:\/\/web.quotidianopiemontese.it\/cultura-arte-e-spettacolo-a-torino\/songs-for-eternity-ute-lemper-canta-la-shoah\/\" \/>\n<meta property=\"og:site_name\" content=\"Cultura, Arte e Spettacolo a Torino\" \/>\n<meta property=\"article:publisher\" content=\"https:\/\/www.facebook.com\/quotidianopiemontese?fref=ts\" \/>\n<meta property=\"article:published_time\" content=\"2019-01-21T10:20:10+00:00\" \/>\n<meta property=\"article:modified_time\" content=\"2019-01-21T10:20:52+00:00\" \/>\n<meta property=\"og:image\" content=\"https:\/\/web.quotidianopiemontese.it\/cultura-arte-e-spettacolo-a-torino\/files\/2019\/01\/rai5-songs-for-eternity-il-27-gennaio.jpg\" \/>\n\t<meta property=\"og:image:width\" content=\"600\" \/>\n\t<meta property=\"og:image:height\" content=\"300\" \/>\n\t<meta property=\"og:image:type\" content=\"image\/jpeg\" \/>\n<meta name=\"author\" content=\"Emanuele Rebuffini\" \/>\n<meta name=\"twitter:label1\" content=\"Scritto da\" \/>\n\t<meta name=\"twitter:data1\" content=\"Emanuele Rebuffini\" \/>\n\t<meta name=\"twitter:label2\" content=\"Tempo di lettura stimato\" \/>\n\t<meta name=\"twitter:data2\" content=\"3 minuti\" \/>\n<script type=\"application\/ld+json\" class=\"yoast-schema-graph\">{\"@context\":\"https:\/\/schema.org\",\"@graph\":[{\"@type\":\"Article\",\"@id\":\"https:\/\/web.quotidianopiemontese.it\/cultura-arte-e-spettacolo-a-torino\/songs-for-eternity-ute-lemper-canta-la-shoah\/#article\",\"isPartOf\":{\"@id\":\"https:\/\/web.quotidianopiemontese.it\/cultura-arte-e-spettacolo-a-torino\/songs-for-eternity-ute-lemper-canta-la-shoah\/\"},\"author\":{\"name\":\"Emanuele Rebuffini\",\"@id\":\"https:\/\/web.quotidianopiemontese.it\/cultura-arte-e-spettacolo-a-torino\/#\/schema\/person\/b035109a4cc7d3e93911b78d8cebf3a0\"},\"headline\":\"\u201cSongs for Eternity\u201d. Ute Lemper canta la Shoah\",\"datePublished\":\"2019-01-21T10:20:10+00:00\",\"dateModified\":\"2019-01-21T10:20:52+00:00\",\"mainEntityOfPage\":{\"@id\":\"https:\/\/web.quotidianopiemontese.it\/cultura-arte-e-spettacolo-a-torino\/songs-for-eternity-ute-lemper-canta-la-shoah\/\"},\"wordCount\":706,\"commentCount\":0,\"image\":{\"@id\":\"https:\/\/web.quotidianopiemontese.it\/cultura-arte-e-spettacolo-a-torino\/songs-for-eternity-ute-lemper-canta-la-shoah\/#primaryimage\"},\"thumbnailUrl\":\"https:\/\/web.quotidianopiemontese.it\/cultura-arte-e-spettacolo-a-torino\/files\/2019\/01\/rai5-songs-for-eternity-il-27-gennaio.jpg\",\"keywords\":[\"Ute Lemper\"],\"articleSection\":[\"Cultura, arte, spettacolo\"],\"inLanguage\":\"it-IT\",\"potentialAction\":[{\"@type\":\"CommentAction\",\"name\":\"Comment\",\"target\":[\"https:\/\/web.quotidianopiemontese.it\/cultura-arte-e-spettacolo-a-torino\/songs-for-eternity-ute-lemper-canta-la-shoah\/#respond\"]}]},{\"@type\":\"WebPage\",\"@id\":\"https:\/\/web.quotidianopiemontese.it\/cultura-arte-e-spettacolo-a-torino\/songs-for-eternity-ute-lemper-canta-la-shoah\/\",\"url\":\"https:\/\/web.quotidianopiemontese.it\/cultura-arte-e-spettacolo-a-torino\/songs-for-eternity-ute-lemper-canta-la-shoah\/\",\"name\":\"\u201cSongs for Eternity\u201d. Ute Lemper canta la Shoah - 21 Gennaio 2019\",\"isPartOf\":{\"@id\":\"https:\/\/web.quotidianopiemontese.it\/cultura-arte-e-spettacolo-a-torino\/#website\"},\"primaryImageOfPage\":{\"@id\":\"https:\/\/web.quotidianopiemontese.it\/cultura-arte-e-spettacolo-a-torino\/songs-for-eternity-ute-lemper-canta-la-shoah\/#primaryimage\"},\"image\":{\"@id\":\"https:\/\/web.quotidianopiemontese.it\/cultura-arte-e-spettacolo-a-torino\/songs-for-eternity-ute-lemper-canta-la-shoah\/#primaryimage\"},\"thumbnailUrl\":\"https:\/\/web.quotidianopiemontese.it\/cultura-arte-e-spettacolo-a-torino\/files\/2019\/01\/rai5-songs-for-eternity-il-27-gennaio.jpg\",\"datePublished\":\"2019-01-21T10:20:10+00:00\",\"dateModified\":\"2019-01-21T10:20:52+00:00\",\"author\":{\"@id\":\"https:\/\/web.quotidianopiemontese.it\/cultura-arte-e-spettacolo-a-torino\/#\/schema\/person\/b035109a4cc7d3e93911b78d8cebf3a0\"},\"description\":\"\u201cSongs for Eternity\u201d. Ute Lemper canta la Shoah - Cultura, Arte e Spettacolo a Torino - La grande cantante ed artista tedesca Ute Lemper sar\u00e0 in Piemonte in occasione delle celebrazioni del Giorno della Memoria portando in scena, a Torino il - Ute Lemper\",\"inLanguage\":\"it-IT\",\"potentialAction\":[{\"@type\":\"ReadAction\",\"target\":[\"https:\/\/web.quotidianopiemontese.it\/cultura-arte-e-spettacolo-a-torino\/songs-for-eternity-ute-lemper-canta-la-shoah\/\"]}]},{\"@type\":\"ImageObject\",\"inLanguage\":\"it-IT\",\"@id\":\"https:\/\/web.quotidianopiemontese.it\/cultura-arte-e-spettacolo-a-torino\/songs-for-eternity-ute-lemper-canta-la-shoah\/#primaryimage\",\"url\":\"https:\/\/web.quotidianopiemontese.it\/cultura-arte-e-spettacolo-a-torino\/files\/2019\/01\/rai5-songs-for-eternity-il-27-gennaio.jpg\",\"contentUrl\":\"https:\/\/web.quotidianopiemontese.it\/cultura-arte-e-spettacolo-a-torino\/files\/2019\/01\/rai5-songs-for-eternity-il-27-gennaio.jpg\",\"width\":600,\"height\":300},{\"@type\":\"WebSite\",\"@id\":\"https:\/\/web.quotidianopiemontese.it\/cultura-arte-e-spettacolo-a-torino\/#website\",\"url\":\"https:\/\/web.quotidianopiemontese.it\/cultura-arte-e-spettacolo-a-torino\/\",\"name\":\"Cultura, Arte e Spettacolo a Torino\",\"description\":\"Quotidiano Piemontese\",\"potentialAction\":[{\"@type\":\"SearchAction\",\"target\":{\"@type\":\"EntryPoint\",\"urlTemplate\":\"https:\/\/web.quotidianopiemontese.it\/cultura-arte-e-spettacolo-a-torino\/?s={search_term_string}\"},\"query-input\":{\"@type\":\"PropertyValueSpecification\",\"valueRequired\":true,\"valueName\":\"search_term_string\"}}],\"inLanguage\":\"it-IT\"},{\"@type\":\"Person\",\"@id\":\"https:\/\/web.quotidianopiemontese.it\/cultura-arte-e-spettacolo-a-torino\/#\/schema\/person\/b035109a4cc7d3e93911b78d8cebf3a0\",\"name\":\"Emanuele Rebuffini\",\"image\":{\"@type\":\"ImageObject\",\"inLanguage\":\"it-IT\",\"@id\":\"https:\/\/web.quotidianopiemontese.it\/cultura-arte-e-spettacolo-a-torino\/#\/schema\/person\/image\/\",\"url\":\"https:\/\/secure.gravatar.com\/avatar\/519a0a38be4cbbcf40fb5bc1b1173a85af291a3a8697df454a94ad7e05574628?s=96&d=mm&r=g\",\"contentUrl\":\"https:\/\/secure.gravatar.com\/avatar\/519a0a38be4cbbcf40fb5bc1b1173a85af291a3a8697df454a94ad7e05574628?s=96&d=mm&r=g\",\"caption\":\"Emanuele Rebuffini\"},\"sameAs\":[\"http:\/\/www.quotidianopiemontese.it\/cultura-arte-e-spettacolo-a-torino\/\"],\"url\":\"https:\/\/web.quotidianopiemontese.it\/cultura-arte-e-spettacolo-a-torino\/author\/emanuelerebuffini\/\"}]}<\/script>\n<!-- \/ Yoast SEO plugin. -->","yoast_head_json":{"title":"\u201cSongs for Eternity\u201d. Ute Lemper canta la Shoah - 21 Gennaio 2019","description":"\u201cSongs for Eternity\u201d. Ute Lemper canta la Shoah - Cultura, Arte e Spettacolo a Torino - La grande cantante ed artista tedesca Ute Lemper sar\u00e0 in Piemonte in occasione delle celebrazioni del Giorno della Memoria portando in scena, a Torino il - Ute Lemper","robots":{"index":"index","follow":"follow","max-snippet":"max-snippet:-1","max-image-preview":"max-image-preview:large","max-video-preview":"max-video-preview:-1"},"canonical":"https:\/\/web.quotidianopiemontese.it\/cultura-arte-e-spettacolo-a-torino\/songs-for-eternity-ute-lemper-canta-la-shoah\/","og_locale":"it_IT","og_type":"article","og_title":"\u201cSongs for Eternity\u201d. Ute Lemper canta la Shoah - 21 Gennaio 2019","og_description":"\u201cSongs for Eternity\u201d. Ute Lemper canta la Shoah - Cultura, Arte e Spettacolo a Torino - La grande cantante ed artista tedesca Ute Lemper sar\u00e0 in Piemonte in occasione delle celebrazioni del Giorno della Memoria portando in scena, a Torino il - Ute Lemper","og_url":"https:\/\/web.quotidianopiemontese.it\/cultura-arte-e-spettacolo-a-torino\/songs-for-eternity-ute-lemper-canta-la-shoah\/","og_site_name":"Cultura, Arte e Spettacolo a Torino","article_publisher":"https:\/\/www.facebook.com\/quotidianopiemontese?fref=ts","article_published_time":"2019-01-21T10:20:10+00:00","article_modified_time":"2019-01-21T10:20:52+00:00","og_image":[{"width":600,"height":300,"url":"https:\/\/web.quotidianopiemontese.it\/cultura-arte-e-spettacolo-a-torino\/files\/2019\/01\/rai5-songs-for-eternity-il-27-gennaio.jpg","type":"image\/jpeg"}],"author":"Emanuele Rebuffini","twitter_misc":{"Scritto da":"Emanuele Rebuffini","Tempo di lettura stimato":"3 minuti"},"schema":{"@context":"https:\/\/schema.org","@graph":[{"@type":"Article","@id":"https:\/\/web.quotidianopiemontese.it\/cultura-arte-e-spettacolo-a-torino\/songs-for-eternity-ute-lemper-canta-la-shoah\/#article","isPartOf":{"@id":"https:\/\/web.quotidianopiemontese.it\/cultura-arte-e-spettacolo-a-torino\/songs-for-eternity-ute-lemper-canta-la-shoah\/"},"author":{"name":"Emanuele Rebuffini","@id":"https:\/\/web.quotidianopiemontese.it\/cultura-arte-e-spettacolo-a-torino\/#\/schema\/person\/b035109a4cc7d3e93911b78d8cebf3a0"},"headline":"\u201cSongs for Eternity\u201d. Ute Lemper canta la Shoah","datePublished":"2019-01-21T10:20:10+00:00","dateModified":"2019-01-21T10:20:52+00:00","mainEntityOfPage":{"@id":"https:\/\/web.quotidianopiemontese.it\/cultura-arte-e-spettacolo-a-torino\/songs-for-eternity-ute-lemper-canta-la-shoah\/"},"wordCount":706,"commentCount":0,"image":{"@id":"https:\/\/web.quotidianopiemontese.it\/cultura-arte-e-spettacolo-a-torino\/songs-for-eternity-ute-lemper-canta-la-shoah\/#primaryimage"},"thumbnailUrl":"https:\/\/web.quotidianopiemontese.it\/cultura-arte-e-spettacolo-a-torino\/files\/2019\/01\/rai5-songs-for-eternity-il-27-gennaio.jpg","keywords":["Ute Lemper"],"articleSection":["Cultura, arte, spettacolo"],"inLanguage":"it-IT","potentialAction":[{"@type":"CommentAction","name":"Comment","target":["https:\/\/web.quotidianopiemontese.it\/cultura-arte-e-spettacolo-a-torino\/songs-for-eternity-ute-lemper-canta-la-shoah\/#respond"]}]},{"@type":"WebPage","@id":"https:\/\/web.quotidianopiemontese.it\/cultura-arte-e-spettacolo-a-torino\/songs-for-eternity-ute-lemper-canta-la-shoah\/","url":"https:\/\/web.quotidianopiemontese.it\/cultura-arte-e-spettacolo-a-torino\/songs-for-eternity-ute-lemper-canta-la-shoah\/","name":"\u201cSongs for Eternity\u201d. Ute Lemper canta la Shoah - 21 Gennaio 2019","isPartOf":{"@id":"https:\/\/web.quotidianopiemontese.it\/cultura-arte-e-spettacolo-a-torino\/#website"},"primaryImageOfPage":{"@id":"https:\/\/web.quotidianopiemontese.it\/cultura-arte-e-spettacolo-a-torino\/songs-for-eternity-ute-lemper-canta-la-shoah\/#primaryimage"},"image":{"@id":"https:\/\/web.quotidianopiemontese.it\/cultura-arte-e-spettacolo-a-torino\/songs-for-eternity-ute-lemper-canta-la-shoah\/#primaryimage"},"thumbnailUrl":"https:\/\/web.quotidianopiemontese.it\/cultura-arte-e-spettacolo-a-torino\/files\/2019\/01\/rai5-songs-for-eternity-il-27-gennaio.jpg","datePublished":"2019-01-21T10:20:10+00:00","dateModified":"2019-01-21T10:20:52+00:00","author":{"@id":"https:\/\/web.quotidianopiemontese.it\/cultura-arte-e-spettacolo-a-torino\/#\/schema\/person\/b035109a4cc7d3e93911b78d8cebf3a0"},"description":"\u201cSongs for Eternity\u201d. Ute Lemper canta la Shoah - Cultura, Arte e Spettacolo a Torino - La grande cantante ed artista tedesca Ute Lemper sar\u00e0 in Piemonte in occasione delle celebrazioni del Giorno della Memoria portando in scena, a Torino il - Ute Lemper","inLanguage":"it-IT","potentialAction":[{"@type":"ReadAction","target":["https:\/\/web.quotidianopiemontese.it\/cultura-arte-e-spettacolo-a-torino\/songs-for-eternity-ute-lemper-canta-la-shoah\/"]}]},{"@type":"ImageObject","inLanguage":"it-IT","@id":"https:\/\/web.quotidianopiemontese.it\/cultura-arte-e-spettacolo-a-torino\/songs-for-eternity-ute-lemper-canta-la-shoah\/#primaryimage","url":"https:\/\/web.quotidianopiemontese.it\/cultura-arte-e-spettacolo-a-torino\/files\/2019\/01\/rai5-songs-for-eternity-il-27-gennaio.jpg","contentUrl":"https:\/\/web.quotidianopiemontese.it\/cultura-arte-e-spettacolo-a-torino\/files\/2019\/01\/rai5-songs-for-eternity-il-27-gennaio.jpg","width":600,"height":300},{"@type":"WebSite","@id":"https:\/\/web.quotidianopiemontese.it\/cultura-arte-e-spettacolo-a-torino\/#website","url":"https:\/\/web.quotidianopiemontese.it\/cultura-arte-e-spettacolo-a-torino\/","name":"Cultura, Arte e Spettacolo a Torino","description":"Quotidiano Piemontese","potentialAction":[{"@type":"SearchAction","target":{"@type":"EntryPoint","urlTemplate":"https:\/\/web.quotidianopiemontese.it\/cultura-arte-e-spettacolo-a-torino\/?s={search_term_string}"},"query-input":{"@type":"PropertyValueSpecification","valueRequired":true,"valueName":"search_term_string"}}],"inLanguage":"it-IT"},{"@type":"Person","@id":"https:\/\/web.quotidianopiemontese.it\/cultura-arte-e-spettacolo-a-torino\/#\/schema\/person\/b035109a4cc7d3e93911b78d8cebf3a0","name":"Emanuele Rebuffini","image":{"@type":"ImageObject","inLanguage":"it-IT","@id":"https:\/\/web.quotidianopiemontese.it\/cultura-arte-e-spettacolo-a-torino\/#\/schema\/person\/image\/","url":"https:\/\/secure.gravatar.com\/avatar\/519a0a38be4cbbcf40fb5bc1b1173a85af291a3a8697df454a94ad7e05574628?s=96&d=mm&r=g","contentUrl":"https:\/\/secure.gravatar.com\/avatar\/519a0a38be4cbbcf40fb5bc1b1173a85af291a3a8697df454a94ad7e05574628?s=96&d=mm&r=g","caption":"Emanuele Rebuffini"},"sameAs":["http:\/\/www.quotidianopiemontese.it\/cultura-arte-e-spettacolo-a-torino\/"],"url":"https:\/\/web.quotidianopiemontese.it\/cultura-arte-e-spettacolo-a-torino\/author\/emanuelerebuffini\/"}]}},"_links":{"self":[{"href":"https:\/\/web.quotidianopiemontese.it\/cultura-arte-e-spettacolo-a-torino\/wp-json\/wp\/v2\/posts\/411","targetHints":{"allow":["GET"]}}],"collection":[{"href":"https:\/\/web.quotidianopiemontese.it\/cultura-arte-e-spettacolo-a-torino\/wp-json\/wp\/v2\/posts"}],"about":[{"href":"https:\/\/web.quotidianopiemontese.it\/cultura-arte-e-spettacolo-a-torino\/wp-json\/wp\/v2\/types\/post"}],"author":[{"embeddable":true,"href":"https:\/\/web.quotidianopiemontese.it\/cultura-arte-e-spettacolo-a-torino\/wp-json\/wp\/v2\/users\/1361"}],"replies":[{"embeddable":true,"href":"https:\/\/web.quotidianopiemontese.it\/cultura-arte-e-spettacolo-a-torino\/wp-json\/wp\/v2\/comments?post=411"}],"version-history":[{"count":0,"href":"https:\/\/web.quotidianopiemontese.it\/cultura-arte-e-spettacolo-a-torino\/wp-json\/wp\/v2\/posts\/411\/revisions"}],"wp:featuredmedia":[{"embeddable":true,"href":"https:\/\/web.quotidianopiemontese.it\/cultura-arte-e-spettacolo-a-torino\/wp-json\/wp\/v2\/media\/413"}],"wp:attachment":[{"href":"https:\/\/web.quotidianopiemontese.it\/cultura-arte-e-spettacolo-a-torino\/wp-json\/wp\/v2\/media?parent=411"}],"wp:term":[{"taxonomy":"category","embeddable":true,"href":"https:\/\/web.quotidianopiemontese.it\/cultura-arte-e-spettacolo-a-torino\/wp-json\/wp\/v2\/categories?post=411"},{"taxonomy":"post_tag","embeddable":true,"href":"https:\/\/web.quotidianopiemontese.it\/cultura-arte-e-spettacolo-a-torino\/wp-json\/wp\/v2\/tags?post=411"}],"curies":[{"name":"wp","href":"https:\/\/api.w.org\/{rel}","templated":true}]}}