{"id":389,"date":"2018-12-13T15:39:37","date_gmt":"2018-12-13T14:39:37","guid":{"rendered":"http:\/\/web.quotidianopiemontese.it\/cultura-arte-e-spettacolo-a-torino\/?p=389"},"modified":"2018-12-13T15:52:01","modified_gmt":"2018-12-13T14:52:01","slug":"da-warhol-a-schifano-pop-art-e-fotografia","status":"publish","type":"post","link":"https:\/\/web.quotidianopiemontese.it\/cultura-arte-e-spettacolo-a-torino\/da-warhol-a-schifano-pop-art-e-fotografia\/","title":{"rendered":"Da Warhol a Schifano. Pop Art e fotografia"},"content":{"rendered":"<p><em>\u201cIl motivo per cui dipingo in questo modo \u00e8 che voglio essere una macchina, e sento che ogni volta che faccio qualcosa e la faccio alla maniera di una macchina \u00e8 proprio ci\u00f2 che voglio fare\u201d <\/em>(Andy Warhol). Scattando migliaia di fotografie con la sua Polaroid, Andy Warhol ha conferito alla riproduzione meccanica della realt\u00e0 un ruolo centrale nella definizione della sua poetica.<\/p>\n<p><!--more--><\/p>\n<p>Fino al <strong>13 gennaio<\/strong> <strong>CAMERA-Centro Italiano per la Fotografia <\/strong>ospita \u00ab<strong>CAMERA POP. La fotografia nella Pop Art di Warhol, Schifano &amp; Co<\/strong>\u00bb: 150 tra tele, fotografie, collage, grafiche che ripercorrono la storia delle reciproche influenze tra la fotografia e la Pop Art, dalla Swinging London alla scena newyorkese passando per la Biennale di Venezia del 1964.<\/p>\n<p>\u00abLa Pop Art \u00e8 stata un fenomeno mondiale, esploso negli anni Sessanta negli Stati Uniti e in Europa, e diffusosi rapidamente anche nel resto del mondo che ha rivoluzionato &#8211; osserva <strong>Walter Guadagnini<\/strong>, curatore della mostra e direttore di <strong>CAMERA<\/strong>, nonch\u00e9 il maggior studioso italiano della Pop Art &#8211; il rapporto tra creazione artistica e societ\u00e0, registrando l\u2019attualit\u00e0 in modo neutro, fotografico per cos\u00ec dire, adottando gli stessi modelli della comunicazione di massa per la realizzazione di opere d\u2019arte. In questo senso, la fotografia \u00e8 stata, per gli artisti Pop, non solo una fonte di ispirazione, ma un vero e proprio strumento di lavoro, una parte essenziale della loro ricerca\u201d.\u00bb<\/p>\n<figure id=\"attachment_391\" aria-describedby=\"caption-attachment-391\" style=\"width: 300px\" class=\"wp-caption alignnone\"><a href=\"http:\/\/web.quotidianopiemontese.it\/cultura-arte-e-spettacolo-a-torino\/files\/2018\/12\/Claudio-Cintoli-Mezza-bocca-per-GD-1965-olio-su-tela.jpg\"><img loading=\"lazy\" decoding=\"async\" class=\"size-medium wp-image-391\" src=\"http:\/\/web.quotidianopiemontese.it\/cultura-arte-e-spettacolo-a-torino\/files\/2018\/12\/Claudio-Cintoli-Mezza-bocca-per-GD-1965-olio-su-tela-300x270.jpg\" alt=\"\" width=\"300\" height=\"270\" srcset=\"https:\/\/web.quotidianopiemontese.it\/cultura-arte-e-spettacolo-a-torino\/files\/2018\/12\/Claudio-Cintoli-Mezza-bocca-per-GD-1965-olio-su-tela-300x270.jpg 300w, https:\/\/web.quotidianopiemontese.it\/cultura-arte-e-spettacolo-a-torino\/files\/2018\/12\/Claudio-Cintoli-Mezza-bocca-per-GD-1965-olio-su-tela-768x690.jpg 768w, https:\/\/web.quotidianopiemontese.it\/cultura-arte-e-spettacolo-a-torino\/files\/2018\/12\/Claudio-Cintoli-Mezza-bocca-per-GD-1965-olio-su-tela-1024x920.jpg 1024w\" sizes=\"auto, (max-width: 300px) 85vw, 300px\" \/><\/a><figcaption id=\"caption-attachment-391\" class=\"wp-caption-text\"><em>Claudio Cintoli, Mezza bocca per GD, 1965, olio su tela<\/em><\/figcaption><\/figure>\n<p>La Pop Art trova nella fotografia un fondamento non solo iconografico ma anche linguistico, deve alla fotografia una parte centrale della propria natura e del proprio successo: essa ha ampliato il modo in cui gli artisti guardano il mondo nonch\u00e9 gli orizzonti del loro mezzo espressivo. La fotografia come punto di partenza per la realizzazione dell\u2019opera d\u2019arte nonch\u00e9 come realt\u00e0 assunta all\u2019interno della stessa opera. Allo stesso tempo, l\u2019affermazione della cultura Pop ha liberato energie sorprendenti anche all\u2019interno del mondo dei fotografi, che si sono misurati direttamente non solo con il panorama visivo contemporaneo ma anche con le logiche della trasformazione del documento in opera d\u2019arte.<\/p>\n<figure id=\"attachment_392\" aria-describedby=\"caption-attachment-392\" style=\"width: 300px\" class=\"wp-caption alignnone\"><a href=\"http:\/\/web.quotidianopiemontese.it\/cultura-arte-e-spettacolo-a-torino\/files\/2018\/12\/Hamilton-Richard-Swingeing-London-III-1972.jpg\"><img loading=\"lazy\" decoding=\"async\" class=\"size-medium wp-image-392\" src=\"http:\/\/web.quotidianopiemontese.it\/cultura-arte-e-spettacolo-a-torino\/files\/2018\/12\/Hamilton-Richard-Swingeing-London-III-1972-300x222.jpg\" alt=\"\" width=\"300\" height=\"222\" srcset=\"https:\/\/web.quotidianopiemontese.it\/cultura-arte-e-spettacolo-a-torino\/files\/2018\/12\/Hamilton-Richard-Swingeing-London-III-1972-300x222.jpg 300w, https:\/\/web.quotidianopiemontese.it\/cultura-arte-e-spettacolo-a-torino\/files\/2018\/12\/Hamilton-Richard-Swingeing-London-III-1972-768x568.jpg 768w, https:\/\/web.quotidianopiemontese.it\/cultura-arte-e-spettacolo-a-torino\/files\/2018\/12\/Hamilton-Richard-Swingeing-London-III-1972-1024x757.jpg 1024w\" sizes=\"auto, (max-width: 300px) 85vw, 300px\" \/><\/a><figcaption id=\"caption-attachment-392\" class=\"wp-caption-text\"><em>Hamilton Richard, Swingeing London III, 1972<\/em><\/figcaption><\/figure>\n<p>La mostra, articolata in sei sezioni, prende avvio con il famoso collage del 1956 <em>What is it that makes today\u2019s homes so different, so appealing? <\/em>di Richard Hamilton, considerata la prima opera compiutamente Pop della storia, un collage fotografico in cui si trovano tutte le figure della societ\u00e0 dei consumi dell\u2019epoca, un panorama visivo e tematico che riassume i caratteri salienti non solo di un movimento artistico ma del costume di quel decennio (qui esposto nella versione digitale del 2004).<\/p>\n<p><a href=\"http:\/\/web.quotidianopiemontese.it\/cultura-arte-e-spettacolo-a-torino\/files\/2018\/12\/Just-what-was-it-that-made-yesterdays-homes-so-different-so-appealinghi.jpg\"><img loading=\"lazy\" decoding=\"async\" class=\"alignnone size-medium wp-image-393\" src=\"http:\/\/web.quotidianopiemontese.it\/cultura-arte-e-spettacolo-a-torino\/files\/2018\/12\/Just-what-was-it-that-made-yesterdays-homes-so-different-so-appealinghi-287x300.jpg\" alt=\"\" width=\"287\" height=\"300\" srcset=\"https:\/\/web.quotidianopiemontese.it\/cultura-arte-e-spettacolo-a-torino\/files\/2018\/12\/Just-what-was-it-that-made-yesterdays-homes-so-different-so-appealinghi-287x300.jpg 287w, https:\/\/web.quotidianopiemontese.it\/cultura-arte-e-spettacolo-a-torino\/files\/2018\/12\/Just-what-was-it-that-made-yesterdays-homes-so-different-so-appealinghi-768x802.jpg 768w, https:\/\/web.quotidianopiemontese.it\/cultura-arte-e-spettacolo-a-torino\/files\/2018\/12\/Just-what-was-it-that-made-yesterdays-homes-so-different-so-appealinghi-980x1024.jpg 980w\" sizes=\"auto, (max-width: 287px) 85vw, 287px\" \/><\/a><\/p>\n<p>Le fotografie che ritraggono le icone pi\u00f9 potenti degli anni \u201860 diventano esse stesse opere e icone Pop: uno degli esempi pi\u00f9 noti \u00e8 la Marilyn Monroe di Warhol, di cui in mostra troviamo esposto lo storico portfolio di 10 grandi immagini del 1967 tratte da uno scatto promozionale del film <em>Niagara,<\/em> cos\u00ec Brigitte Bardot di Gerald Laing (1963), Mick Jagger arrestato per possesso di droga (<em>Swingeing London III,<\/em> Richard Hamilton, 1972) o Tommy Carlos e il suo pugno alzato (<em>Muhammad Speaks,<\/em> Joe Tilson, 1970). Le opere Pop spesso sono precedute da uno scatto fotografico, come nella tela di Mimmo Rotella <em>Divertiamoci <\/em>(1966) che rappresenta la realt\u00e0 vista dal finestrino di un\u2019automobile.<\/p>\n<figure id=\"attachment_395\" aria-describedby=\"caption-attachment-395\" style=\"width: 300px\" class=\"wp-caption alignnone\"><a href=\"http:\/\/web.quotidianopiemontese.it\/cultura-arte-e-spettacolo-a-torino\/files\/2018\/12\/Mimmo-Rotella-Divertiamoci-1966-Riproduzione-fotografica-su-tela-cm-93-x-1684.jpg\"><img loading=\"lazy\" decoding=\"async\" class=\"size-medium wp-image-395\" src=\"http:\/\/web.quotidianopiemontese.it\/cultura-arte-e-spettacolo-a-torino\/files\/2018\/12\/Mimmo-Rotella-Divertiamoci-1966-Riproduzione-fotografica-su-tela-cm-93-x-1684-300x170.jpg\" alt=\"\" width=\"300\" height=\"170\" srcset=\"https:\/\/web.quotidianopiemontese.it\/cultura-arte-e-spettacolo-a-torino\/files\/2018\/12\/Mimmo-Rotella-Divertiamoci-1966-Riproduzione-fotografica-su-tela-cm-93-x-1684-300x170.jpg 300w, https:\/\/web.quotidianopiemontese.it\/cultura-arte-e-spettacolo-a-torino\/files\/2018\/12\/Mimmo-Rotella-Divertiamoci-1966-Riproduzione-fotografica-su-tela-cm-93-x-1684-768x435.jpg 768w, https:\/\/web.quotidianopiemontese.it\/cultura-arte-e-spettacolo-a-torino\/files\/2018\/12\/Mimmo-Rotella-Divertiamoci-1966-Riproduzione-fotografica-su-tela-cm-93-x-1684-1024x580.jpg 1024w\" sizes=\"auto, (max-width: 300px) 85vw, 300px\" \/><\/a><figcaption id=\"caption-attachment-395\" class=\"wp-caption-text\"><em>Mimmo Rotella, Divertiamoci, 1966<\/em><\/figcaption><\/figure>\n<p>Gli oggetti di uso comune sono l\u2019altra caratteristica essenziale del linguaggio Pop. Lo straordinario libro d\u2019artista di Ed Ruscha, <em>Every Building on the Sunset Strip<\/em> del 1966, che con i suoi sette metri di estensione raffigura l\u2019architettura di Los Angeles da ogni possibile angolazione.<\/p>\n<p>Un\u2019intera sala di <strong>CAMERA<\/strong> \u00e8 interamente dedicata ad Ugo Mulas, il fotografo che meglio di ogni altro ha saputo documentare ed interpretare la natura e lo spirito dell\u2019arte Pop. Mulas \u00e8 a Venezia nel 1964 in occasione del conferimento del Gran Premio della Pittura a Robert Rauschenberg, quindi tra il \u201864 ed il \u201865 racconta la leggendaria Factory di Andy Warhol e il complesso rapporto tra l\u2019arte, l\u2019idea di riproduzione e la fotografia. Una quarantina di scatti, alcuni pressoch\u00e9 inediti, raccontano uno dei momenti pi\u00f9 alti del rapporto tra fotografia e Pop Art, al confine tra documentazione e creazione. Le opere di un altro grande fotografo italiano, Mimmo Jodice, documentano invece la presenza di Warhol a Napoli.<\/p>\n<figure id=\"attachment_396\" aria-describedby=\"caption-attachment-396\" style=\"width: 300px\" class=\"wp-caption alignnone\"><a href=\"http:\/\/web.quotidianopiemontese.it\/cultura-arte-e-spettacolo-a-torino\/files\/2018\/12\/Andy-Warhol-New-York-1964_con-Philip-Fagan.jpg\"><img loading=\"lazy\" decoding=\"async\" class=\"size-medium wp-image-396\" src=\"http:\/\/web.quotidianopiemontese.it\/cultura-arte-e-spettacolo-a-torino\/files\/2018\/12\/Andy-Warhol-New-York-1964_con-Philip-Fagan-300x212.jpg\" alt=\"\" width=\"300\" height=\"212\" srcset=\"https:\/\/web.quotidianopiemontese.it\/cultura-arte-e-spettacolo-a-torino\/files\/2018\/12\/Andy-Warhol-New-York-1964_con-Philip-Fagan-300x212.jpg 300w, https:\/\/web.quotidianopiemontese.it\/cultura-arte-e-spettacolo-a-torino\/files\/2018\/12\/Andy-Warhol-New-York-1964_con-Philip-Fagan-768x543.jpg 768w, https:\/\/web.quotidianopiemontese.it\/cultura-arte-e-spettacolo-a-torino\/files\/2018\/12\/Andy-Warhol-New-York-1964_con-Philip-Fagan-1024x725.jpg 1024w\" sizes=\"auto, (max-width: 300px) 85vw, 300px\" \/><\/a><figcaption id=\"caption-attachment-396\" class=\"wp-caption-text\"><em>Andy Warhol, New York, 1964, con Philip Fagan<\/em><\/figcaption><\/figure>\n<p>Ecco <em>The Call,<\/em> il celebre Calendario Pirelli realizzato nel 1973 da Allen Jones e Brian Duffy, una galleria di figure femminili trasgressive, prorompenti ed ambigue, tra realt\u00e0 e finzione, erotismo ed ironia. E se le opere di Claudio Cintoli (<em>Mezza bocca per G.D.<\/em> e <em>Rosso per labbra<\/em> del 1965) attraverso la tecnica del <em>close up<\/em>, ovvero dell\u2019ingrandimento esasperato di un particolare, esaltano la natura sensuale delle labbra, trasformando un particolare nel tutto, Michelangelo Pistoletto con i suoi quadri specchianti fa entrare lo spettatore direttamente nell\u2019opera (<em>Ragazza che cammina,<\/em> 1966).<\/p>\n<p><a href=\"http:\/\/web.quotidianopiemontese.it\/cultura-arte-e-spettacolo-a-torino\/files\/2018\/12\/Michelangelo-Pistoletto-Ragazza-che-cammina.jpg\"><img loading=\"lazy\" decoding=\"async\" class=\"alignnone size-medium wp-image-397\" src=\"http:\/\/web.quotidianopiemontese.it\/cultura-arte-e-spettacolo-a-torino\/files\/2018\/12\/Michelangelo-Pistoletto-Ragazza-che-cammina-157x300.jpg\" alt=\"\" width=\"157\" height=\"300\" srcset=\"https:\/\/web.quotidianopiemontese.it\/cultura-arte-e-spettacolo-a-torino\/files\/2018\/12\/Michelangelo-Pistoletto-Ragazza-che-cammina-157x300.jpg 157w, https:\/\/web.quotidianopiemontese.it\/cultura-arte-e-spettacolo-a-torino\/files\/2018\/12\/Michelangelo-Pistoletto-Ragazza-che-cammina-768x1464.jpg 768w, https:\/\/web.quotidianopiemontese.it\/cultura-arte-e-spettacolo-a-torino\/files\/2018\/12\/Michelangelo-Pistoletto-Ragazza-che-cammina-537x1024.jpg 537w, https:\/\/web.quotidianopiemontese.it\/cultura-arte-e-spettacolo-a-torino\/files\/2018\/12\/Michelangelo-Pistoletto-Ragazza-che-cammina.jpg 1736w\" sizes=\"auto, (max-width: 157px) 85vw, 157px\" \/><\/a><\/p>\n<p>Un\u2019ampia sezione della mostra \u00e8 dedicata al concetto di riproduzione. La macchina fotografica ha rinnovato il modo di vedere il mondo, il mondo \u00e8 conosciuto e concepito attraverso le riproduzioni fotografiche, e gli artisti Pop si rivolgono a questo immaginario e a queste pratiche. \u00c8 la societ\u00e0 dei consumi e delle immagini di massa, nella quale la fotografia ha un ruolo centrale. In questa sezione troviamo le iconiche e drammatiche sedie elettriche di Warhol (<em>Electric Chair,<\/em> 1971) e una grande tela realizzata a quattro mani da Robert Rauschenberg e dal fotografo italiano Gianfranco Gorgoni<strong>: <\/strong>Gorgoni realizza un ritratto dell\u2019artista texano sdraiato in piscina, quindi Rauschenberg interviene sul ritratto inserendo immagini fotografiche tratte dai giornali e dalla realt\u00e0, dando vita ad un\u2019opera non pi\u00f9 definibile secondo le categorie tradizionali della pittura, della fotografia o della grafica. Tra gli artisti italiani non poteva mancare Mario Schifano, in particolare il ritratto <em>Nancy<\/em> dove il processo artistico trasforma l\u2019iniziale fotografia in tela dipinta.<\/p>\n<p><a href=\"http:\/\/web.quotidianopiemontese.it\/cultura-arte-e-spettacolo-a-torino\/files\/2018\/12\/Rauschenberg.jpg\"><img loading=\"lazy\" decoding=\"async\" class=\"alignnone size-medium wp-image-398\" src=\"http:\/\/web.quotidianopiemontese.it\/cultura-arte-e-spettacolo-a-torino\/files\/2018\/12\/Rauschenberg-300x180.jpg\" alt=\"\" width=\"300\" height=\"180\" srcset=\"https:\/\/web.quotidianopiemontese.it\/cultura-arte-e-spettacolo-a-torino\/files\/2018\/12\/Rauschenberg-300x180.jpg 300w, https:\/\/web.quotidianopiemontese.it\/cultura-arte-e-spettacolo-a-torino\/files\/2018\/12\/Rauschenberg-768x460.jpg 768w, https:\/\/web.quotidianopiemontese.it\/cultura-arte-e-spettacolo-a-torino\/files\/2018\/12\/Rauschenberg-1024x614.jpg 1024w, https:\/\/web.quotidianopiemontese.it\/cultura-arte-e-spettacolo-a-torino\/files\/2018\/12\/Rauschenberg-250x150.jpg 250w\" sizes=\"auto, (max-width: 300px) 85vw, 300px\" \/><\/a><\/p>\n<p>Presenti in mostra anche opere di Jim Dine, Joe Goode, Ray Johnson, Rosalyn Drexler, Peter Blake, Allen Jones, David Hockney, Derek Boshier, Tony Evans, Sigmar Polke, Wolf Vostell, Franco Angeli, Umberto Bignardi, Gianni Bestini e Sebastiano Vassalli.<\/p>\n<figure id=\"attachment_399\" aria-describedby=\"caption-attachment-399\" style=\"width: 300px\" class=\"wp-caption alignnone\"><a href=\"http:\/\/web.quotidianopiemontese.it\/cultura-arte-e-spettacolo-a-torino\/files\/2018\/12\/Schifano-Mario-Futurismo-rivisitato-1967-1.jpg\"><img loading=\"lazy\" decoding=\"async\" class=\"size-medium wp-image-399\" src=\"http:\/\/web.quotidianopiemontese.it\/cultura-arte-e-spettacolo-a-torino\/files\/2018\/12\/Schifano-Mario-Futurismo-rivisitato-1967-1-300x253.jpg\" alt=\"\" width=\"300\" height=\"253\" srcset=\"https:\/\/web.quotidianopiemontese.it\/cultura-arte-e-spettacolo-a-torino\/files\/2018\/12\/Schifano-Mario-Futurismo-rivisitato-1967-1-300x253.jpg 300w, https:\/\/web.quotidianopiemontese.it\/cultura-arte-e-spettacolo-a-torino\/files\/2018\/12\/Schifano-Mario-Futurismo-rivisitato-1967-1-768x648.jpg 768w, https:\/\/web.quotidianopiemontese.it\/cultura-arte-e-spettacolo-a-torino\/files\/2018\/12\/Schifano-Mario-Futurismo-rivisitato-1967-1-1024x864.jpg 1024w\" sizes=\"auto, (max-width: 300px) 85vw, 300px\" \/><\/a><figcaption id=\"caption-attachment-399\" class=\"wp-caption-text\"><em>Schifano Mario, Futurismo rivisitato, 1967<\/em><\/figcaption><\/figure>\n<p><a href=\"http:\/\/www.camera.to\">http:\/\/www.camera.to<\/a><\/p>\n<p><strong>Emanuele Rebuffini<\/strong><\/p>\n<p>&nbsp;<\/p>\n","protected":false},"excerpt":{"rendered":"<p>\u201cIl motivo per cui dipingo in questo modo \u00e8 che voglio essere una macchina, e sento che ogni volta che faccio qualcosa e la faccio alla maniera di una macchina \u00e8 proprio ci\u00f2 che voglio fare\u201d (Andy Warhol). Scattando migliaia di fotografie con la sua Polaroid, Andy Warhol ha conferito alla riproduzione meccanica della realt\u00e0 &hellip; <a href=\"https:\/\/web.quotidianopiemontese.it\/cultura-arte-e-spettacolo-a-torino\/da-warhol-a-schifano-pop-art-e-fotografia\/\" class=\"more-link\">Leggi tutto<span class=\"screen-reader-text\"> &#8220;Da Warhol a Schifano. Pop Art e fotografia&#8221;<\/span><\/a><\/p>\n","protected":false},"author":1361,"featured_media":402,"comment_status":"open","ping_status":"open","sticky":false,"template":"","format":"standard","meta":{"footnotes":""},"categories":[1],"tags":[77,48],"class_list":["post-389","post","type-post","status-publish","format-standard","has-post-thumbnail","hentry","category-cultura-arte-spettacolo","tag-camera","tag-pop-art"],"yoast_head":"<!-- This site is optimized with the Yoast SEO plugin v27.1.1 - https:\/\/yoast.com\/product\/yoast-seo-wordpress\/ -->\n<title>Da Warhol a Schifano. Pop Art e fotografia - 13 Dicembre 2018<\/title>\n<meta name=\"description\" content=\"Da Warhol a Schifano. Pop Art e fotografia - Cultura, Arte e Spettacolo a Torino - \u201cIl motivo per cui dipingo in questo modo \u00e8 che voglio essere una macchina, e sento che ogni volta che faccio qualcosa e la faccio alla maniera di una - Camera, Pop Art\" \/>\n<meta name=\"robots\" content=\"index, follow, max-snippet:-1, max-image-preview:large, max-video-preview:-1\" \/>\n<link rel=\"canonical\" href=\"https:\/\/web.quotidianopiemontese.it\/cultura-arte-e-spettacolo-a-torino\/da-warhol-a-schifano-pop-art-e-fotografia\/\" \/>\n<meta property=\"og:locale\" content=\"it_IT\" \/>\n<meta property=\"og:type\" content=\"article\" \/>\n<meta property=\"og:title\" content=\"Da Warhol a Schifano. Pop Art e fotografia - 13 Dicembre 2018\" \/>\n<meta property=\"og:description\" content=\"Da Warhol a Schifano. Pop Art e fotografia - Cultura, Arte e Spettacolo a Torino - \u201cIl motivo per cui dipingo in questo modo \u00e8 che voglio essere una macchina, e sento che ogni volta che faccio qualcosa e la faccio alla maniera di una - Camera, Pop Art\" \/>\n<meta property=\"og:url\" content=\"https:\/\/web.quotidianopiemontese.it\/cultura-arte-e-spettacolo-a-torino\/da-warhol-a-schifano-pop-art-e-fotografia\/\" \/>\n<meta property=\"og:site_name\" content=\"Cultura, Arte e Spettacolo a Torino\" \/>\n<meta property=\"article:publisher\" content=\"https:\/\/www.facebook.com\/quotidianopiemontese?fref=ts\" \/>\n<meta property=\"article:published_time\" content=\"2018-12-13T14:39:37+00:00\" \/>\n<meta property=\"article:modified_time\" content=\"2018-12-13T14:52:01+00:00\" \/>\n<meta property=\"og:image\" content=\"https:\/\/web.quotidianopiemontese.it\/cultura-arte-e-spettacolo-a-torino\/files\/2018\/12\/48087423_10217286425734318_3908419363186671616_n.jpg\" \/>\n\t<meta property=\"og:image:width\" content=\"960\" \/>\n\t<meta property=\"og:image:height\" content=\"540\" \/>\n\t<meta property=\"og:image:type\" content=\"image\/jpeg\" \/>\n<meta name=\"author\" content=\"Emanuele Rebuffini\" \/>\n<meta name=\"twitter:label1\" content=\"Scritto da\" \/>\n\t<meta name=\"twitter:data1\" content=\"Emanuele Rebuffini\" \/>\n\t<meta name=\"twitter:label2\" content=\"Tempo di lettura stimato\" \/>\n\t<meta name=\"twitter:data2\" content=\"5 minuti\" \/>\n<script type=\"application\/ld+json\" class=\"yoast-schema-graph\">{\"@context\":\"https:\/\/schema.org\",\"@graph\":[{\"@type\":\"Article\",\"@id\":\"https:\/\/web.quotidianopiemontese.it\/cultura-arte-e-spettacolo-a-torino\/da-warhol-a-schifano-pop-art-e-fotografia\/#article\",\"isPartOf\":{\"@id\":\"https:\/\/web.quotidianopiemontese.it\/cultura-arte-e-spettacolo-a-torino\/da-warhol-a-schifano-pop-art-e-fotografia\/\"},\"author\":{\"name\":\"Emanuele Rebuffini\",\"@id\":\"https:\/\/web.quotidianopiemontese.it\/cultura-arte-e-spettacolo-a-torino\/#\/schema\/person\/b035109a4cc7d3e93911b78d8cebf3a0\"},\"headline\":\"Da Warhol a Schifano. Pop Art e fotografia\",\"datePublished\":\"2018-12-13T14:39:37+00:00\",\"dateModified\":\"2018-12-13T14:52:01+00:00\",\"mainEntityOfPage\":{\"@id\":\"https:\/\/web.quotidianopiemontese.it\/cultura-arte-e-spettacolo-a-torino\/da-warhol-a-schifano-pop-art-e-fotografia\/\"},\"wordCount\":1046,\"commentCount\":0,\"image\":{\"@id\":\"https:\/\/web.quotidianopiemontese.it\/cultura-arte-e-spettacolo-a-torino\/da-warhol-a-schifano-pop-art-e-fotografia\/#primaryimage\"},\"thumbnailUrl\":\"https:\/\/web.quotidianopiemontese.it\/cultura-arte-e-spettacolo-a-torino\/files\/2018\/12\/48087423_10217286425734318_3908419363186671616_n.jpg\",\"keywords\":[\"Camera\",\"Pop Art\"],\"articleSection\":[\"Cultura, arte, spettacolo\"],\"inLanguage\":\"it-IT\",\"potentialAction\":[{\"@type\":\"CommentAction\",\"name\":\"Comment\",\"target\":[\"https:\/\/web.quotidianopiemontese.it\/cultura-arte-e-spettacolo-a-torino\/da-warhol-a-schifano-pop-art-e-fotografia\/#respond\"]}]},{\"@type\":\"WebPage\",\"@id\":\"https:\/\/web.quotidianopiemontese.it\/cultura-arte-e-spettacolo-a-torino\/da-warhol-a-schifano-pop-art-e-fotografia\/\",\"url\":\"https:\/\/web.quotidianopiemontese.it\/cultura-arte-e-spettacolo-a-torino\/da-warhol-a-schifano-pop-art-e-fotografia\/\",\"name\":\"Da Warhol a Schifano. Pop Art e fotografia - 13 Dicembre 2018\",\"isPartOf\":{\"@id\":\"https:\/\/web.quotidianopiemontese.it\/cultura-arte-e-spettacolo-a-torino\/#website\"},\"primaryImageOfPage\":{\"@id\":\"https:\/\/web.quotidianopiemontese.it\/cultura-arte-e-spettacolo-a-torino\/da-warhol-a-schifano-pop-art-e-fotografia\/#primaryimage\"},\"image\":{\"@id\":\"https:\/\/web.quotidianopiemontese.it\/cultura-arte-e-spettacolo-a-torino\/da-warhol-a-schifano-pop-art-e-fotografia\/#primaryimage\"},\"thumbnailUrl\":\"https:\/\/web.quotidianopiemontese.it\/cultura-arte-e-spettacolo-a-torino\/files\/2018\/12\/48087423_10217286425734318_3908419363186671616_n.jpg\",\"datePublished\":\"2018-12-13T14:39:37+00:00\",\"dateModified\":\"2018-12-13T14:52:01+00:00\",\"author\":{\"@id\":\"https:\/\/web.quotidianopiemontese.it\/cultura-arte-e-spettacolo-a-torino\/#\/schema\/person\/b035109a4cc7d3e93911b78d8cebf3a0\"},\"description\":\"Da Warhol a Schifano. Pop Art e fotografia - Cultura, Arte e Spettacolo a Torino - \u201cIl motivo per cui dipingo in questo modo \u00e8 che voglio essere una macchina, e sento che ogni volta che faccio qualcosa e la faccio alla maniera di una - Camera, Pop Art\",\"inLanguage\":\"it-IT\",\"potentialAction\":[{\"@type\":\"ReadAction\",\"target\":[\"https:\/\/web.quotidianopiemontese.it\/cultura-arte-e-spettacolo-a-torino\/da-warhol-a-schifano-pop-art-e-fotografia\/\"]}]},{\"@type\":\"ImageObject\",\"inLanguage\":\"it-IT\",\"@id\":\"https:\/\/web.quotidianopiemontese.it\/cultura-arte-e-spettacolo-a-torino\/da-warhol-a-schifano-pop-art-e-fotografia\/#primaryimage\",\"url\":\"https:\/\/web.quotidianopiemontese.it\/cultura-arte-e-spettacolo-a-torino\/files\/2018\/12\/48087423_10217286425734318_3908419363186671616_n.jpg\",\"contentUrl\":\"https:\/\/web.quotidianopiemontese.it\/cultura-arte-e-spettacolo-a-torino\/files\/2018\/12\/48087423_10217286425734318_3908419363186671616_n.jpg\",\"width\":960,\"height\":540},{\"@type\":\"WebSite\",\"@id\":\"https:\/\/web.quotidianopiemontese.it\/cultura-arte-e-spettacolo-a-torino\/#website\",\"url\":\"https:\/\/web.quotidianopiemontese.it\/cultura-arte-e-spettacolo-a-torino\/\",\"name\":\"Cultura, Arte e Spettacolo a Torino\",\"description\":\"Quotidiano Piemontese\",\"potentialAction\":[{\"@type\":\"SearchAction\",\"target\":{\"@type\":\"EntryPoint\",\"urlTemplate\":\"https:\/\/web.quotidianopiemontese.it\/cultura-arte-e-spettacolo-a-torino\/?s={search_term_string}\"},\"query-input\":{\"@type\":\"PropertyValueSpecification\",\"valueRequired\":true,\"valueName\":\"search_term_string\"}}],\"inLanguage\":\"it-IT\"},{\"@type\":\"Person\",\"@id\":\"https:\/\/web.quotidianopiemontese.it\/cultura-arte-e-spettacolo-a-torino\/#\/schema\/person\/b035109a4cc7d3e93911b78d8cebf3a0\",\"name\":\"Emanuele Rebuffini\",\"image\":{\"@type\":\"ImageObject\",\"inLanguage\":\"it-IT\",\"@id\":\"https:\/\/web.quotidianopiemontese.it\/cultura-arte-e-spettacolo-a-torino\/#\/schema\/person\/image\/\",\"url\":\"https:\/\/secure.gravatar.com\/avatar\/519a0a38be4cbbcf40fb5bc1b1173a85af291a3a8697df454a94ad7e05574628?s=96&d=mm&r=g\",\"contentUrl\":\"https:\/\/secure.gravatar.com\/avatar\/519a0a38be4cbbcf40fb5bc1b1173a85af291a3a8697df454a94ad7e05574628?s=96&d=mm&r=g\",\"caption\":\"Emanuele Rebuffini\"},\"sameAs\":[\"http:\/\/www.quotidianopiemontese.it\/cultura-arte-e-spettacolo-a-torino\/\"],\"url\":\"https:\/\/web.quotidianopiemontese.it\/cultura-arte-e-spettacolo-a-torino\/author\/emanuelerebuffini\/\"}]}<\/script>\n<!-- \/ Yoast SEO plugin. -->","yoast_head_json":{"title":"Da Warhol a Schifano. Pop Art e fotografia - 13 Dicembre 2018","description":"Da Warhol a Schifano. Pop Art e fotografia - Cultura, Arte e Spettacolo a Torino - \u201cIl motivo per cui dipingo in questo modo \u00e8 che voglio essere una macchina, e sento che ogni volta che faccio qualcosa e la faccio alla maniera di una - Camera, Pop Art","robots":{"index":"index","follow":"follow","max-snippet":"max-snippet:-1","max-image-preview":"max-image-preview:large","max-video-preview":"max-video-preview:-1"},"canonical":"https:\/\/web.quotidianopiemontese.it\/cultura-arte-e-spettacolo-a-torino\/da-warhol-a-schifano-pop-art-e-fotografia\/","og_locale":"it_IT","og_type":"article","og_title":"Da Warhol a Schifano. Pop Art e fotografia - 13 Dicembre 2018","og_description":"Da Warhol a Schifano. Pop Art e fotografia - Cultura, Arte e Spettacolo a Torino - \u201cIl motivo per cui dipingo in questo modo \u00e8 che voglio essere una macchina, e sento che ogni volta che faccio qualcosa e la faccio alla maniera di una - Camera, Pop Art","og_url":"https:\/\/web.quotidianopiemontese.it\/cultura-arte-e-spettacolo-a-torino\/da-warhol-a-schifano-pop-art-e-fotografia\/","og_site_name":"Cultura, Arte e Spettacolo a Torino","article_publisher":"https:\/\/www.facebook.com\/quotidianopiemontese?fref=ts","article_published_time":"2018-12-13T14:39:37+00:00","article_modified_time":"2018-12-13T14:52:01+00:00","og_image":[{"width":960,"height":540,"url":"https:\/\/web.quotidianopiemontese.it\/cultura-arte-e-spettacolo-a-torino\/files\/2018\/12\/48087423_10217286425734318_3908419363186671616_n.jpg","type":"image\/jpeg"}],"author":"Emanuele Rebuffini","twitter_misc":{"Scritto da":"Emanuele Rebuffini","Tempo di lettura stimato":"5 minuti"},"schema":{"@context":"https:\/\/schema.org","@graph":[{"@type":"Article","@id":"https:\/\/web.quotidianopiemontese.it\/cultura-arte-e-spettacolo-a-torino\/da-warhol-a-schifano-pop-art-e-fotografia\/#article","isPartOf":{"@id":"https:\/\/web.quotidianopiemontese.it\/cultura-arte-e-spettacolo-a-torino\/da-warhol-a-schifano-pop-art-e-fotografia\/"},"author":{"name":"Emanuele Rebuffini","@id":"https:\/\/web.quotidianopiemontese.it\/cultura-arte-e-spettacolo-a-torino\/#\/schema\/person\/b035109a4cc7d3e93911b78d8cebf3a0"},"headline":"Da Warhol a Schifano. Pop Art e fotografia","datePublished":"2018-12-13T14:39:37+00:00","dateModified":"2018-12-13T14:52:01+00:00","mainEntityOfPage":{"@id":"https:\/\/web.quotidianopiemontese.it\/cultura-arte-e-spettacolo-a-torino\/da-warhol-a-schifano-pop-art-e-fotografia\/"},"wordCount":1046,"commentCount":0,"image":{"@id":"https:\/\/web.quotidianopiemontese.it\/cultura-arte-e-spettacolo-a-torino\/da-warhol-a-schifano-pop-art-e-fotografia\/#primaryimage"},"thumbnailUrl":"https:\/\/web.quotidianopiemontese.it\/cultura-arte-e-spettacolo-a-torino\/files\/2018\/12\/48087423_10217286425734318_3908419363186671616_n.jpg","keywords":["Camera","Pop Art"],"articleSection":["Cultura, arte, spettacolo"],"inLanguage":"it-IT","potentialAction":[{"@type":"CommentAction","name":"Comment","target":["https:\/\/web.quotidianopiemontese.it\/cultura-arte-e-spettacolo-a-torino\/da-warhol-a-schifano-pop-art-e-fotografia\/#respond"]}]},{"@type":"WebPage","@id":"https:\/\/web.quotidianopiemontese.it\/cultura-arte-e-spettacolo-a-torino\/da-warhol-a-schifano-pop-art-e-fotografia\/","url":"https:\/\/web.quotidianopiemontese.it\/cultura-arte-e-spettacolo-a-torino\/da-warhol-a-schifano-pop-art-e-fotografia\/","name":"Da Warhol a Schifano. Pop Art e fotografia - 13 Dicembre 2018","isPartOf":{"@id":"https:\/\/web.quotidianopiemontese.it\/cultura-arte-e-spettacolo-a-torino\/#website"},"primaryImageOfPage":{"@id":"https:\/\/web.quotidianopiemontese.it\/cultura-arte-e-spettacolo-a-torino\/da-warhol-a-schifano-pop-art-e-fotografia\/#primaryimage"},"image":{"@id":"https:\/\/web.quotidianopiemontese.it\/cultura-arte-e-spettacolo-a-torino\/da-warhol-a-schifano-pop-art-e-fotografia\/#primaryimage"},"thumbnailUrl":"https:\/\/web.quotidianopiemontese.it\/cultura-arte-e-spettacolo-a-torino\/files\/2018\/12\/48087423_10217286425734318_3908419363186671616_n.jpg","datePublished":"2018-12-13T14:39:37+00:00","dateModified":"2018-12-13T14:52:01+00:00","author":{"@id":"https:\/\/web.quotidianopiemontese.it\/cultura-arte-e-spettacolo-a-torino\/#\/schema\/person\/b035109a4cc7d3e93911b78d8cebf3a0"},"description":"Da Warhol a Schifano. Pop Art e fotografia - Cultura, Arte e Spettacolo a Torino - \u201cIl motivo per cui dipingo in questo modo \u00e8 che voglio essere una macchina, e sento che ogni volta che faccio qualcosa e la faccio alla maniera di una - Camera, Pop Art","inLanguage":"it-IT","potentialAction":[{"@type":"ReadAction","target":["https:\/\/web.quotidianopiemontese.it\/cultura-arte-e-spettacolo-a-torino\/da-warhol-a-schifano-pop-art-e-fotografia\/"]}]},{"@type":"ImageObject","inLanguage":"it-IT","@id":"https:\/\/web.quotidianopiemontese.it\/cultura-arte-e-spettacolo-a-torino\/da-warhol-a-schifano-pop-art-e-fotografia\/#primaryimage","url":"https:\/\/web.quotidianopiemontese.it\/cultura-arte-e-spettacolo-a-torino\/files\/2018\/12\/48087423_10217286425734318_3908419363186671616_n.jpg","contentUrl":"https:\/\/web.quotidianopiemontese.it\/cultura-arte-e-spettacolo-a-torino\/files\/2018\/12\/48087423_10217286425734318_3908419363186671616_n.jpg","width":960,"height":540},{"@type":"WebSite","@id":"https:\/\/web.quotidianopiemontese.it\/cultura-arte-e-spettacolo-a-torino\/#website","url":"https:\/\/web.quotidianopiemontese.it\/cultura-arte-e-spettacolo-a-torino\/","name":"Cultura, Arte e Spettacolo a Torino","description":"Quotidiano Piemontese","potentialAction":[{"@type":"SearchAction","target":{"@type":"EntryPoint","urlTemplate":"https:\/\/web.quotidianopiemontese.it\/cultura-arte-e-spettacolo-a-torino\/?s={search_term_string}"},"query-input":{"@type":"PropertyValueSpecification","valueRequired":true,"valueName":"search_term_string"}}],"inLanguage":"it-IT"},{"@type":"Person","@id":"https:\/\/web.quotidianopiemontese.it\/cultura-arte-e-spettacolo-a-torino\/#\/schema\/person\/b035109a4cc7d3e93911b78d8cebf3a0","name":"Emanuele Rebuffini","image":{"@type":"ImageObject","inLanguage":"it-IT","@id":"https:\/\/web.quotidianopiemontese.it\/cultura-arte-e-spettacolo-a-torino\/#\/schema\/person\/image\/","url":"https:\/\/secure.gravatar.com\/avatar\/519a0a38be4cbbcf40fb5bc1b1173a85af291a3a8697df454a94ad7e05574628?s=96&d=mm&r=g","contentUrl":"https:\/\/secure.gravatar.com\/avatar\/519a0a38be4cbbcf40fb5bc1b1173a85af291a3a8697df454a94ad7e05574628?s=96&d=mm&r=g","caption":"Emanuele Rebuffini"},"sameAs":["http:\/\/www.quotidianopiemontese.it\/cultura-arte-e-spettacolo-a-torino\/"],"url":"https:\/\/web.quotidianopiemontese.it\/cultura-arte-e-spettacolo-a-torino\/author\/emanuelerebuffini\/"}]}},"_links":{"self":[{"href":"https:\/\/web.quotidianopiemontese.it\/cultura-arte-e-spettacolo-a-torino\/wp-json\/wp\/v2\/posts\/389","targetHints":{"allow":["GET"]}}],"collection":[{"href":"https:\/\/web.quotidianopiemontese.it\/cultura-arte-e-spettacolo-a-torino\/wp-json\/wp\/v2\/posts"}],"about":[{"href":"https:\/\/web.quotidianopiemontese.it\/cultura-arte-e-spettacolo-a-torino\/wp-json\/wp\/v2\/types\/post"}],"author":[{"embeddable":true,"href":"https:\/\/web.quotidianopiemontese.it\/cultura-arte-e-spettacolo-a-torino\/wp-json\/wp\/v2\/users\/1361"}],"replies":[{"embeddable":true,"href":"https:\/\/web.quotidianopiemontese.it\/cultura-arte-e-spettacolo-a-torino\/wp-json\/wp\/v2\/comments?post=389"}],"version-history":[{"count":0,"href":"https:\/\/web.quotidianopiemontese.it\/cultura-arte-e-spettacolo-a-torino\/wp-json\/wp\/v2\/posts\/389\/revisions"}],"wp:featuredmedia":[{"embeddable":true,"href":"https:\/\/web.quotidianopiemontese.it\/cultura-arte-e-spettacolo-a-torino\/wp-json\/wp\/v2\/media\/402"}],"wp:attachment":[{"href":"https:\/\/web.quotidianopiemontese.it\/cultura-arte-e-spettacolo-a-torino\/wp-json\/wp\/v2\/media?parent=389"}],"wp:term":[{"taxonomy":"category","embeddable":true,"href":"https:\/\/web.quotidianopiemontese.it\/cultura-arte-e-spettacolo-a-torino\/wp-json\/wp\/v2\/categories?post=389"},{"taxonomy":"post_tag","embeddable":true,"href":"https:\/\/web.quotidianopiemontese.it\/cultura-arte-e-spettacolo-a-torino\/wp-json\/wp\/v2\/tags?post=389"}],"curies":[{"name":"wp","href":"https:\/\/api.w.org\/{rel}","templated":true}]}}