{"id":358,"date":"2018-10-04T17:39:07","date_gmt":"2018-10-04T15:39:07","guid":{"rendered":"http:\/\/web.quotidianopiemontese.it\/cultura-arte-e-spettacolo-a-torino\/?p=358"},"modified":"2018-10-04T17:39:07","modified_gmt":"2018-10-04T15:39:07","slug":"folk-club-da-sergio-caputo-a-marc-ribot-al-via-la-xxxi-stagione","status":"publish","type":"post","link":"https:\/\/web.quotidianopiemontese.it\/cultura-arte-e-spettacolo-a-torino\/folk-club-da-sergio-caputo-a-marc-ribot-al-via-la-xxxi-stagione\/","title":{"rendered":"Folk Club: da Sergio Caputo a Marc Ribot. Al via la XXXI stagione"},"content":{"rendered":"<p>Prende il via <strong>venerd\u00ec 5 ottobre<\/strong> la nuova stagione del <strong>Folk Club<\/strong> e sul palco dello storico locale di via Perrone salir\u00e0 il cantautore <strong>Sergio Caputo<\/strong> in versione acustica, che alterner\u00e0 i brani del suo\u00a0 ultimo album <em>\u201cOggetti Smarriti\u201d<\/em> con i grandi successi della sua carriera.<!--more--><\/p>\n<p><a href=\"http:\/\/web.quotidianopiemontese.it\/cultura-arte-e-spettacolo-a-torino\/files\/2018\/10\/43186975_10216748584408621_4102726969307693056_n.jpg\"><img loading=\"lazy\" decoding=\"async\" class=\"alignnone size-medium wp-image-361\" src=\"http:\/\/web.quotidianopiemontese.it\/cultura-arte-e-spettacolo-a-torino\/files\/2018\/10\/43186975_10216748584408621_4102726969307693056_n-300x235.jpg\" alt=\"\" width=\"300\" height=\"235\" srcset=\"https:\/\/web.quotidianopiemontese.it\/cultura-arte-e-spettacolo-a-torino\/files\/2018\/10\/43186975_10216748584408621_4102726969307693056_n-300x235.jpg 300w, https:\/\/web.quotidianopiemontese.it\/cultura-arte-e-spettacolo-a-torino\/files\/2018\/10\/43186975_10216748584408621_4102726969307693056_n-768x602.jpg 768w, https:\/\/web.quotidianopiemontese.it\/cultura-arte-e-spettacolo-a-torino\/files\/2018\/10\/43186975_10216748584408621_4102726969307693056_n.jpg 960w\" sizes=\"auto, (max-width: 300px) 85vw, 300px\" \/><\/a><\/p>\n<p>Anche quest\u2019anno il cartellone &#8211; che propone fino a maggio <strong>30 concerti<\/strong> &#8211; \u00a0 mescola folk italiano ed internazionale, canzone d\u2019autore a jazz e blues, il tutto all\u2019insegna della qualit\u00e0. Non mancheranno le storiche rassegne: <strong><em>Radio Londra<\/em><\/strong> diretta da Enzo Zirilli (alla decima stagione) che porta a Torino, artisti di caratura mondiale attivi sulla scena musicale londinese, e <strong><em>Buscadero Nights<\/em><\/strong> che per la nona stagione esplora il genere Americana e le mille sfaccettature di blues, gospel e country.<\/p>\n<p><a href=\"http:\/\/web.quotidianopiemontese.it\/cultura-arte-e-spettacolo-a-torino\/files\/2018\/10\/43119282_10216748585848657_5390762827877187584_n.jpg\"><img loading=\"lazy\" decoding=\"async\" class=\"alignnone size-medium wp-image-362\" src=\"http:\/\/web.quotidianopiemontese.it\/cultura-arte-e-spettacolo-a-torino\/files\/2018\/10\/43119282_10216748585848657_5390762827877187584_n-300x199.jpg\" alt=\"\" width=\"300\" height=\"199\" srcset=\"https:\/\/web.quotidianopiemontese.it\/cultura-arte-e-spettacolo-a-torino\/files\/2018\/10\/43119282_10216748585848657_5390762827877187584_n-300x199.jpg 300w, https:\/\/web.quotidianopiemontese.it\/cultura-arte-e-spettacolo-a-torino\/files\/2018\/10\/43119282_10216748585848657_5390762827877187584_n-768x510.jpg 768w, https:\/\/web.quotidianopiemontese.it\/cultura-arte-e-spettacolo-a-torino\/files\/2018\/10\/43119282_10216748585848657_5390762827877187584_n-600x400.jpg 600w, https:\/\/web.quotidianopiemontese.it\/cultura-arte-e-spettacolo-a-torino\/files\/2018\/10\/43119282_10216748585848657_5390762827877187584_n.jpg 960w\" sizes=\"auto, (max-width: 300px) 85vw, 300px\" \/><\/a><\/p>\n<p>Tra i grandi nomi il clarinettista <strong>Gabriele Mirabassi<\/strong> protagonista il 25 ottobre del progetto <em>Musica da camera senza confini II<\/em>, le star mondiali del folk mongolo <strong>Huun-Huur-Tu (10 novembre)<\/strong>; il 30 novembre tornano, a distanza di un ventennio, <strong>Etienne Grandjean<\/strong> <strong>e So\u00efg Siberil<\/strong>, giganti del folk bretone; il 28 novembre torna il mattatore <strong>Alessandro Mannarino<\/strong>, che regala (letteralmente) un concerto unico; il 1 febbraio <strong>Steve Forbert; <\/strong>il 15 febbraio \u00e8 la prima volta in via Perrone di <strong>Marco Ferradini<\/strong>, per omaggiare una grande figura della musica Italiana come Herbert Pagani; torna il 12 aprile il geniale brasiliano <strong>Egberto Gismonti<\/strong>; arriva <strong>Seamus Blake<\/strong>, uno dei sassofonisti pi\u00f9 prestigiosi e talentuosi del momento (19 aprile); chiude la stagione, l\u20198 maggio, <strong>Marc Ribot<\/strong>, prodigioso, ricercatissimo alchimista della chitarra che attraversa i generi musicali.<\/p>\n<p><a href=\"http:\/\/web.quotidianopiemontese.it\/cultura-arte-e-spettacolo-a-torino\/files\/2018\/10\/43217184_10216748586128664_8947454094990114816_n.jpg\"><img loading=\"lazy\" decoding=\"async\" class=\"alignnone size-medium wp-image-363\" src=\"http:\/\/web.quotidianopiemontese.it\/cultura-arte-e-spettacolo-a-torino\/files\/2018\/10\/43217184_10216748586128664_8947454094990114816_n-239x300.jpg\" alt=\"\" width=\"239\" height=\"300\" srcset=\"https:\/\/web.quotidianopiemontese.it\/cultura-arte-e-spettacolo-a-torino\/files\/2018\/10\/43217184_10216748586128664_8947454094990114816_n-239x300.jpg 239w, https:\/\/web.quotidianopiemontese.it\/cultura-arte-e-spettacolo-a-torino\/files\/2018\/10\/43217184_10216748586128664_8947454094990114816_n.jpg 765w\" sizes=\"auto, (max-width: 239px) 85vw, 239px\" \/><\/a><\/p>\n<p>Tra i ritorni si segnalano <strong>Mary Gauthier<\/strong> (13 ottobre), la regina dell\u2019alt-country con il nuovo, meraviglioso disco; <strong>Luigi Grechi De Gregori<\/strong> ovvero il talentuoso fratello maggiore di Francesco (19 ottobre), il 23 novembre <strong>Mimmo Locasciulli<\/strong>; il 7 dicembre il ritorno a furor di popolo di <strong>Malcolm Holcombe<\/strong> con il suo talento stralunato; <strong>Elina Duni &amp; Rob Luft<\/strong> ovvero la suadente voce albanese con il giovanissimo e prodigioso chitarrista inglese (13 dicembre); il 12 gennaio <strong>Luca Morino con Cristina Vetrone<\/strong> presenta il progetto <em>Napoli Sabauda Torino Borbonica<\/em>; il 25 gennaio il palco \u00e8 di <strong>Patrizia Laquidara<\/strong> mentre <strong>Alessio Lega<\/strong>, il 15 marzo, presenta le sue traduzioni del cantautore russo Bulat Okud\u017eava; il 29 marzo sar\u00e0 la volta dell\u2019unica data italiana 2018 di <strong>Chris Proctor<\/strong>; il 5 aprile il bluesman sardo <strong>Francesco Piu<\/strong> presenta al FolkClub il suo nuovo disco cosi come nuovissimo \u00e8 il progetto musicale della <strong>Banda Elastica Pellizza<\/strong> (3 maggio).<\/p>\n<p><a href=\"http:\/\/web.quotidianopiemontese.it\/cultura-arte-e-spettacolo-a-torino\/files\/2018\/10\/43148662_10216748584888633_7466296814367408128_n-1.jpg\"><img loading=\"lazy\" decoding=\"async\" class=\"alignnone size-medium wp-image-364\" src=\"http:\/\/web.quotidianopiemontese.it\/cultura-arte-e-spettacolo-a-torino\/files\/2018\/10\/43148662_10216748584888633_7466296814367408128_n-1-300x205.jpg\" alt=\"\" width=\"300\" height=\"205\" srcset=\"https:\/\/web.quotidianopiemontese.it\/cultura-arte-e-spettacolo-a-torino\/files\/2018\/10\/43148662_10216748584888633_7466296814367408128_n-1-300x205.jpg 300w, https:\/\/web.quotidianopiemontese.it\/cultura-arte-e-spettacolo-a-torino\/files\/2018\/10\/43148662_10216748584888633_7466296814367408128_n-1-768x524.jpg 768w, https:\/\/web.quotidianopiemontese.it\/cultura-arte-e-spettacolo-a-torino\/files\/2018\/10\/43148662_10216748584888633_7466296814367408128_n-1.jpg 960w\" sizes=\"auto, (max-width: 300px) 85vw, 300px\" \/><\/a><\/p>\n<p>Tra le <strong>novit\u00e0 <\/strong>si segnalano <strong>Martin Sexton<\/strong> (17 novembre) songwriter, cantante e fine chitarrista da Boston; <strong>Rhiannon Giddens con Francenco Turrisi<\/strong>, fantastico duo composto dall\u2019acclamata artista folk americana, gi\u00e0 Grammy Award, e dall\u2019eclettico pianista e percussionista italiano (18 gennaio); il 9 febbraio insieme ai Birkin Tree nell\u2019immancabile concerto irlandese la pluripremiata <strong>Aiofe N\u00ed Bhr\u00edain<\/strong>; l\u2019unica data italiana, il 21 febbraio, di <strong>Rick Margitza<\/strong>, sassofonista di Miles David e Chick Corea con tre stelle del jazz italiano come Furio Di Castri, Nico Morelli e Enzo Zirilli; lo \u201cStevie Wonder\u201d italiano <strong>Mario Rosini <\/strong>celebra la festa della donna l\u20198 marzo; le presentazioni in anteprima assoluta dei dischi del contrabbassista torinese <strong>Luca Curcio<\/strong> (22 marzo) e di <em>Storifilia<\/em>, il nuovo ambizioso progetto del cantautore <strong>Orlando Manfredi<\/strong> (18 aprile).<\/p>\n<p><a href=\"http:\/\/web.quotidianopiemontese.it\/cultura-arte-e-spettacolo-a-torino\/files\/2018\/10\/43058729_10216748586008661_382105987441491968_n.jpg\"><img loading=\"lazy\" decoding=\"async\" class=\"alignnone size-medium wp-image-365\" src=\"http:\/\/web.quotidianopiemontese.it\/cultura-arte-e-spettacolo-a-torino\/files\/2018\/10\/43058729_10216748586008661_382105987441491968_n-300x225.jpg\" alt=\"\" width=\"300\" height=\"225\" srcset=\"https:\/\/web.quotidianopiemontese.it\/cultura-arte-e-spettacolo-a-torino\/files\/2018\/10\/43058729_10216748586008661_382105987441491968_n-300x225.jpg 300w, https:\/\/web.quotidianopiemontese.it\/cultura-arte-e-spettacolo-a-torino\/files\/2018\/10\/43058729_10216748586008661_382105987441491968_n-768x576.jpg 768w, https:\/\/web.quotidianopiemontese.it\/cultura-arte-e-spettacolo-a-torino\/files\/2018\/10\/43058729_10216748586008661_382105987441491968_n-200x150.jpg 200w, https:\/\/web.quotidianopiemontese.it\/cultura-arte-e-spettacolo-a-torino\/files\/2018\/10\/43058729_10216748586008661_382105987441491968_n.jpg 960w\" sizes=\"auto, (max-width: 300px) 85vw, 300px\" \/><\/a><\/p>\n<p><a href=\"http:\/\/www.folkclub.it\">http:\/\/www.folkclub.it<\/a><\/p>\n<p>&nbsp;<\/p>\n<p>&nbsp;<\/p>\n<p>&nbsp;<\/p>\n<p>&nbsp;<\/p>\n","protected":false},"excerpt":{"rendered":"<p>Prende il via venerd\u00ec 5 ottobre la nuova stagione del Folk Club e sul palco dello storico locale di via Perrone salir\u00e0 il cantautore Sergio Caputo in versione acustica, che alterner\u00e0 i brani del suo\u00a0 ultimo album \u201cOggetti Smarriti\u201d con i grandi successi della sua carriera.<\/p>\n","protected":false},"author":1361,"featured_media":359,"comment_status":"open","ping_status":"open","sticky":false,"template":"","format":"standard","meta":{"footnotes":""},"categories":[1],"tags":[58],"class_list":["post-358","post","type-post","status-publish","format-standard","has-post-thumbnail","hentry","category-cultura-arte-spettacolo","tag-folkclub"],"yoast_head":"<!-- This site is optimized with the Yoast SEO plugin v27.1.1 - https:\/\/yoast.com\/product\/yoast-seo-wordpress\/ -->\n<title>Folk Club: da Sergio Caputo a Marc Ribot. Al via la XXXI stagione - 4 Ottobre 2018<\/title>\n<meta name=\"description\" content=\"Folk Club: da Sergio Caputo a Marc Ribot. Al via la XXXI stagione - Cultura, Arte e Spettacolo a Torino - Prende il via venerd\u00ec 5 ottobre la nuova stagione del Folk Club e sul palco dello storico locale di via Perrone salir\u00e0 il cantautore Sergio Caputo in - Folkclub\" \/>\n<meta name=\"robots\" content=\"index, follow, max-snippet:-1, max-image-preview:large, max-video-preview:-1\" \/>\n<link rel=\"canonical\" href=\"http:\/\/web.quotidianopiemontese.it\/cultura-arte-e-spettacolo-a-torino\/folk-club-da-sergio-caputo-a-marc-ribot-al-via-la-xxxi-stagione\/\" \/>\n<meta property=\"og:locale\" content=\"it_IT\" \/>\n<meta property=\"og:type\" content=\"article\" \/>\n<meta property=\"og:title\" content=\"Folk Club: da Sergio Caputo a Marc Ribot. Al via la XXXI stagione - 4 Ottobre 2018\" \/>\n<meta property=\"og:description\" content=\"Folk Club: da Sergio Caputo a Marc Ribot. Al via la XXXI stagione - Cultura, Arte e Spettacolo a Torino - Prende il via venerd\u00ec 5 ottobre la nuova stagione del Folk Club e sul palco dello storico locale di via Perrone salir\u00e0 il cantautore Sergio Caputo in - Folkclub\" \/>\n<meta property=\"og:url\" content=\"http:\/\/web.quotidianopiemontese.it\/cultura-arte-e-spettacolo-a-torino\/folk-club-da-sergio-caputo-a-marc-ribot-al-via-la-xxxi-stagione\/\" \/>\n<meta property=\"og:site_name\" content=\"Cultura, Arte e Spettacolo a Torino\" \/>\n<meta property=\"article:publisher\" content=\"https:\/\/www.facebook.com\/quotidianopiemontese?fref=ts\" \/>\n<meta property=\"article:published_time\" content=\"2018-10-04T15:39:07+00:00\" \/>\n<meta property=\"og:image\" content=\"http:\/\/web.quotidianopiemontese.it\/cultura-arte-e-spettacolo-a-torino\/files\/2018\/10\/LogoFolk_NeroVerde_RGB.1.2.3.jpg\" \/>\n\t<meta property=\"og:image:width\" content=\"600\" \/>\n\t<meta property=\"og:image:height\" content=\"300\" \/>\n\t<meta property=\"og:image:type\" content=\"image\/jpeg\" \/>\n<meta name=\"author\" content=\"Emanuele Rebuffini\" \/>\n<meta name=\"twitter:label1\" content=\"Scritto da\" \/>\n\t<meta name=\"twitter:data1\" content=\"Emanuele Rebuffini\" \/>\n\t<meta name=\"twitter:label2\" content=\"Tempo di lettura stimato\" \/>\n\t<meta name=\"twitter:data2\" content=\"3 minuti\" \/>\n<script type=\"application\/ld+json\" class=\"yoast-schema-graph\">{\"@context\":\"https:\/\/schema.org\",\"@graph\":[{\"@type\":\"Article\",\"@id\":\"http:\/\/web.quotidianopiemontese.it\/cultura-arte-e-spettacolo-a-torino\/folk-club-da-sergio-caputo-a-marc-ribot-al-via-la-xxxi-stagione\/#article\",\"isPartOf\":{\"@id\":\"http:\/\/web.quotidianopiemontese.it\/cultura-arte-e-spettacolo-a-torino\/folk-club-da-sergio-caputo-a-marc-ribot-al-via-la-xxxi-stagione\/\"},\"author\":{\"name\":\"Emanuele Rebuffini\",\"@id\":\"https:\/\/web.quotidianopiemontese.it\/cultura-arte-e-spettacolo-a-torino\/#\/schema\/person\/b035109a4cc7d3e93911b78d8cebf3a0\"},\"headline\":\"Folk Club: da Sergio Caputo a Marc Ribot. Al via la XXXI stagione\",\"datePublished\":\"2018-10-04T15:39:07+00:00\",\"mainEntityOfPage\":{\"@id\":\"http:\/\/web.quotidianopiemontese.it\/cultura-arte-e-spettacolo-a-torino\/folk-club-da-sergio-caputo-a-marc-ribot-al-via-la-xxxi-stagione\/\"},\"wordCount\":531,\"commentCount\":0,\"image\":{\"@id\":\"http:\/\/web.quotidianopiemontese.it\/cultura-arte-e-spettacolo-a-torino\/folk-club-da-sergio-caputo-a-marc-ribot-al-via-la-xxxi-stagione\/#primaryimage\"},\"thumbnailUrl\":\"https:\/\/web.quotidianopiemontese.it\/cultura-arte-e-spettacolo-a-torino\/files\/2018\/10\/LogoFolk_NeroVerde_RGB.1.2.3.jpg\",\"keywords\":[\"Folkclub\"],\"articleSection\":[\"Cultura, arte, spettacolo\"],\"inLanguage\":\"it-IT\",\"potentialAction\":[{\"@type\":\"CommentAction\",\"name\":\"Comment\",\"target\":[\"http:\/\/web.quotidianopiemontese.it\/cultura-arte-e-spettacolo-a-torino\/folk-club-da-sergio-caputo-a-marc-ribot-al-via-la-xxxi-stagione\/#respond\"]}]},{\"@type\":\"WebPage\",\"@id\":\"http:\/\/web.quotidianopiemontese.it\/cultura-arte-e-spettacolo-a-torino\/folk-club-da-sergio-caputo-a-marc-ribot-al-via-la-xxxi-stagione\/\",\"url\":\"http:\/\/web.quotidianopiemontese.it\/cultura-arte-e-spettacolo-a-torino\/folk-club-da-sergio-caputo-a-marc-ribot-al-via-la-xxxi-stagione\/\",\"name\":\"Folk Club: da Sergio Caputo a Marc Ribot. Al via la XXXI stagione - 4 Ottobre 2018\",\"isPartOf\":{\"@id\":\"https:\/\/web.quotidianopiemontese.it\/cultura-arte-e-spettacolo-a-torino\/#website\"},\"primaryImageOfPage\":{\"@id\":\"http:\/\/web.quotidianopiemontese.it\/cultura-arte-e-spettacolo-a-torino\/folk-club-da-sergio-caputo-a-marc-ribot-al-via-la-xxxi-stagione\/#primaryimage\"},\"image\":{\"@id\":\"http:\/\/web.quotidianopiemontese.it\/cultura-arte-e-spettacolo-a-torino\/folk-club-da-sergio-caputo-a-marc-ribot-al-via-la-xxxi-stagione\/#primaryimage\"},\"thumbnailUrl\":\"https:\/\/web.quotidianopiemontese.it\/cultura-arte-e-spettacolo-a-torino\/files\/2018\/10\/LogoFolk_NeroVerde_RGB.1.2.3.jpg\",\"datePublished\":\"2018-10-04T15:39:07+00:00\",\"author\":{\"@id\":\"https:\/\/web.quotidianopiemontese.it\/cultura-arte-e-spettacolo-a-torino\/#\/schema\/person\/b035109a4cc7d3e93911b78d8cebf3a0\"},\"description\":\"Folk Club: da Sergio Caputo a Marc Ribot. Al via la XXXI stagione - Cultura, Arte e Spettacolo a Torino - Prende il via venerd\u00ec 5 ottobre la nuova stagione del Folk Club e sul palco dello storico locale di via Perrone salir\u00e0 il cantautore Sergio Caputo in - Folkclub\",\"inLanguage\":\"it-IT\",\"potentialAction\":[{\"@type\":\"ReadAction\",\"target\":[\"http:\/\/web.quotidianopiemontese.it\/cultura-arte-e-spettacolo-a-torino\/folk-club-da-sergio-caputo-a-marc-ribot-al-via-la-xxxi-stagione\/\"]}]},{\"@type\":\"ImageObject\",\"inLanguage\":\"it-IT\",\"@id\":\"http:\/\/web.quotidianopiemontese.it\/cultura-arte-e-spettacolo-a-torino\/folk-club-da-sergio-caputo-a-marc-ribot-al-via-la-xxxi-stagione\/#primaryimage\",\"url\":\"https:\/\/web.quotidianopiemontese.it\/cultura-arte-e-spettacolo-a-torino\/files\/2018\/10\/LogoFolk_NeroVerde_RGB.1.2.3.jpg\",\"contentUrl\":\"https:\/\/web.quotidianopiemontese.it\/cultura-arte-e-spettacolo-a-torino\/files\/2018\/10\/LogoFolk_NeroVerde_RGB.1.2.3.jpg\",\"width\":600,\"height\":300},{\"@type\":\"WebSite\",\"@id\":\"https:\/\/web.quotidianopiemontese.it\/cultura-arte-e-spettacolo-a-torino\/#website\",\"url\":\"https:\/\/web.quotidianopiemontese.it\/cultura-arte-e-spettacolo-a-torino\/\",\"name\":\"Cultura, Arte e Spettacolo a Torino\",\"description\":\"Quotidiano Piemontese\",\"potentialAction\":[{\"@type\":\"SearchAction\",\"target\":{\"@type\":\"EntryPoint\",\"urlTemplate\":\"https:\/\/web.quotidianopiemontese.it\/cultura-arte-e-spettacolo-a-torino\/?s={search_term_string}\"},\"query-input\":{\"@type\":\"PropertyValueSpecification\",\"valueRequired\":true,\"valueName\":\"search_term_string\"}}],\"inLanguage\":\"it-IT\"},{\"@type\":\"Person\",\"@id\":\"https:\/\/web.quotidianopiemontese.it\/cultura-arte-e-spettacolo-a-torino\/#\/schema\/person\/b035109a4cc7d3e93911b78d8cebf3a0\",\"name\":\"Emanuele Rebuffini\",\"image\":{\"@type\":\"ImageObject\",\"inLanguage\":\"it-IT\",\"@id\":\"https:\/\/web.quotidianopiemontese.it\/cultura-arte-e-spettacolo-a-torino\/#\/schema\/person\/image\/\",\"url\":\"https:\/\/secure.gravatar.com\/avatar\/519a0a38be4cbbcf40fb5bc1b1173a85af291a3a8697df454a94ad7e05574628?s=96&d=mm&r=g\",\"contentUrl\":\"https:\/\/secure.gravatar.com\/avatar\/519a0a38be4cbbcf40fb5bc1b1173a85af291a3a8697df454a94ad7e05574628?s=96&d=mm&r=g\",\"caption\":\"Emanuele Rebuffini\"},\"sameAs\":[\"http:\/\/www.quotidianopiemontese.it\/cultura-arte-e-spettacolo-a-torino\/\"],\"url\":\"https:\/\/web.quotidianopiemontese.it\/cultura-arte-e-spettacolo-a-torino\/author\/emanuelerebuffini\/\"}]}<\/script>\n<!-- \/ Yoast SEO plugin. -->","yoast_head_json":{"title":"Folk Club: da Sergio Caputo a Marc Ribot. Al via la XXXI stagione - 4 Ottobre 2018","description":"Folk Club: da Sergio Caputo a Marc Ribot. Al via la XXXI stagione - Cultura, Arte e Spettacolo a Torino - Prende il via venerd\u00ec 5 ottobre la nuova stagione del Folk Club e sul palco dello storico locale di via Perrone salir\u00e0 il cantautore Sergio Caputo in - Folkclub","robots":{"index":"index","follow":"follow","max-snippet":"max-snippet:-1","max-image-preview":"max-image-preview:large","max-video-preview":"max-video-preview:-1"},"canonical":"http:\/\/web.quotidianopiemontese.it\/cultura-arte-e-spettacolo-a-torino\/folk-club-da-sergio-caputo-a-marc-ribot-al-via-la-xxxi-stagione\/","og_locale":"it_IT","og_type":"article","og_title":"Folk Club: da Sergio Caputo a Marc Ribot. Al via la XXXI stagione - 4 Ottobre 2018","og_description":"Folk Club: da Sergio Caputo a Marc Ribot. Al via la XXXI stagione - Cultura, Arte e Spettacolo a Torino - Prende il via venerd\u00ec 5 ottobre la nuova stagione del Folk Club e sul palco dello storico locale di via Perrone salir\u00e0 il cantautore Sergio Caputo in - Folkclub","og_url":"http:\/\/web.quotidianopiemontese.it\/cultura-arte-e-spettacolo-a-torino\/folk-club-da-sergio-caputo-a-marc-ribot-al-via-la-xxxi-stagione\/","og_site_name":"Cultura, Arte e Spettacolo a Torino","article_publisher":"https:\/\/www.facebook.com\/quotidianopiemontese?fref=ts","article_published_time":"2018-10-04T15:39:07+00:00","og_image":[{"width":600,"height":300,"url":"http:\/\/web.quotidianopiemontese.it\/cultura-arte-e-spettacolo-a-torino\/files\/2018\/10\/LogoFolk_NeroVerde_RGB.1.2.3.jpg","type":"image\/jpeg"}],"author":"Emanuele Rebuffini","twitter_misc":{"Scritto da":"Emanuele Rebuffini","Tempo di lettura stimato":"3 minuti"},"schema":{"@context":"https:\/\/schema.org","@graph":[{"@type":"Article","@id":"http:\/\/web.quotidianopiemontese.it\/cultura-arte-e-spettacolo-a-torino\/folk-club-da-sergio-caputo-a-marc-ribot-al-via-la-xxxi-stagione\/#article","isPartOf":{"@id":"http:\/\/web.quotidianopiemontese.it\/cultura-arte-e-spettacolo-a-torino\/folk-club-da-sergio-caputo-a-marc-ribot-al-via-la-xxxi-stagione\/"},"author":{"name":"Emanuele Rebuffini","@id":"https:\/\/web.quotidianopiemontese.it\/cultura-arte-e-spettacolo-a-torino\/#\/schema\/person\/b035109a4cc7d3e93911b78d8cebf3a0"},"headline":"Folk Club: da Sergio Caputo a Marc Ribot. Al via la XXXI stagione","datePublished":"2018-10-04T15:39:07+00:00","mainEntityOfPage":{"@id":"http:\/\/web.quotidianopiemontese.it\/cultura-arte-e-spettacolo-a-torino\/folk-club-da-sergio-caputo-a-marc-ribot-al-via-la-xxxi-stagione\/"},"wordCount":531,"commentCount":0,"image":{"@id":"http:\/\/web.quotidianopiemontese.it\/cultura-arte-e-spettacolo-a-torino\/folk-club-da-sergio-caputo-a-marc-ribot-al-via-la-xxxi-stagione\/#primaryimage"},"thumbnailUrl":"https:\/\/web.quotidianopiemontese.it\/cultura-arte-e-spettacolo-a-torino\/files\/2018\/10\/LogoFolk_NeroVerde_RGB.1.2.3.jpg","keywords":["Folkclub"],"articleSection":["Cultura, arte, spettacolo"],"inLanguage":"it-IT","potentialAction":[{"@type":"CommentAction","name":"Comment","target":["http:\/\/web.quotidianopiemontese.it\/cultura-arte-e-spettacolo-a-torino\/folk-club-da-sergio-caputo-a-marc-ribot-al-via-la-xxxi-stagione\/#respond"]}]},{"@type":"WebPage","@id":"http:\/\/web.quotidianopiemontese.it\/cultura-arte-e-spettacolo-a-torino\/folk-club-da-sergio-caputo-a-marc-ribot-al-via-la-xxxi-stagione\/","url":"http:\/\/web.quotidianopiemontese.it\/cultura-arte-e-spettacolo-a-torino\/folk-club-da-sergio-caputo-a-marc-ribot-al-via-la-xxxi-stagione\/","name":"Folk Club: da Sergio Caputo a Marc Ribot. Al via la XXXI stagione - 4 Ottobre 2018","isPartOf":{"@id":"https:\/\/web.quotidianopiemontese.it\/cultura-arte-e-spettacolo-a-torino\/#website"},"primaryImageOfPage":{"@id":"http:\/\/web.quotidianopiemontese.it\/cultura-arte-e-spettacolo-a-torino\/folk-club-da-sergio-caputo-a-marc-ribot-al-via-la-xxxi-stagione\/#primaryimage"},"image":{"@id":"http:\/\/web.quotidianopiemontese.it\/cultura-arte-e-spettacolo-a-torino\/folk-club-da-sergio-caputo-a-marc-ribot-al-via-la-xxxi-stagione\/#primaryimage"},"thumbnailUrl":"https:\/\/web.quotidianopiemontese.it\/cultura-arte-e-spettacolo-a-torino\/files\/2018\/10\/LogoFolk_NeroVerde_RGB.1.2.3.jpg","datePublished":"2018-10-04T15:39:07+00:00","author":{"@id":"https:\/\/web.quotidianopiemontese.it\/cultura-arte-e-spettacolo-a-torino\/#\/schema\/person\/b035109a4cc7d3e93911b78d8cebf3a0"},"description":"Folk Club: da Sergio Caputo a Marc Ribot. Al via la XXXI stagione - Cultura, Arte e Spettacolo a Torino - Prende il via venerd\u00ec 5 ottobre la nuova stagione del Folk Club e sul palco dello storico locale di via Perrone salir\u00e0 il cantautore Sergio Caputo in - Folkclub","inLanguage":"it-IT","potentialAction":[{"@type":"ReadAction","target":["http:\/\/web.quotidianopiemontese.it\/cultura-arte-e-spettacolo-a-torino\/folk-club-da-sergio-caputo-a-marc-ribot-al-via-la-xxxi-stagione\/"]}]},{"@type":"ImageObject","inLanguage":"it-IT","@id":"http:\/\/web.quotidianopiemontese.it\/cultura-arte-e-spettacolo-a-torino\/folk-club-da-sergio-caputo-a-marc-ribot-al-via-la-xxxi-stagione\/#primaryimage","url":"https:\/\/web.quotidianopiemontese.it\/cultura-arte-e-spettacolo-a-torino\/files\/2018\/10\/LogoFolk_NeroVerde_RGB.1.2.3.jpg","contentUrl":"https:\/\/web.quotidianopiemontese.it\/cultura-arte-e-spettacolo-a-torino\/files\/2018\/10\/LogoFolk_NeroVerde_RGB.1.2.3.jpg","width":600,"height":300},{"@type":"WebSite","@id":"https:\/\/web.quotidianopiemontese.it\/cultura-arte-e-spettacolo-a-torino\/#website","url":"https:\/\/web.quotidianopiemontese.it\/cultura-arte-e-spettacolo-a-torino\/","name":"Cultura, Arte e Spettacolo a Torino","description":"Quotidiano Piemontese","potentialAction":[{"@type":"SearchAction","target":{"@type":"EntryPoint","urlTemplate":"https:\/\/web.quotidianopiemontese.it\/cultura-arte-e-spettacolo-a-torino\/?s={search_term_string}"},"query-input":{"@type":"PropertyValueSpecification","valueRequired":true,"valueName":"search_term_string"}}],"inLanguage":"it-IT"},{"@type":"Person","@id":"https:\/\/web.quotidianopiemontese.it\/cultura-arte-e-spettacolo-a-torino\/#\/schema\/person\/b035109a4cc7d3e93911b78d8cebf3a0","name":"Emanuele Rebuffini","image":{"@type":"ImageObject","inLanguage":"it-IT","@id":"https:\/\/web.quotidianopiemontese.it\/cultura-arte-e-spettacolo-a-torino\/#\/schema\/person\/image\/","url":"https:\/\/secure.gravatar.com\/avatar\/519a0a38be4cbbcf40fb5bc1b1173a85af291a3a8697df454a94ad7e05574628?s=96&d=mm&r=g","contentUrl":"https:\/\/secure.gravatar.com\/avatar\/519a0a38be4cbbcf40fb5bc1b1173a85af291a3a8697df454a94ad7e05574628?s=96&d=mm&r=g","caption":"Emanuele Rebuffini"},"sameAs":["http:\/\/www.quotidianopiemontese.it\/cultura-arte-e-spettacolo-a-torino\/"],"url":"https:\/\/web.quotidianopiemontese.it\/cultura-arte-e-spettacolo-a-torino\/author\/emanuelerebuffini\/"}]}},"_links":{"self":[{"href":"https:\/\/web.quotidianopiemontese.it\/cultura-arte-e-spettacolo-a-torino\/wp-json\/wp\/v2\/posts\/358","targetHints":{"allow":["GET"]}}],"collection":[{"href":"https:\/\/web.quotidianopiemontese.it\/cultura-arte-e-spettacolo-a-torino\/wp-json\/wp\/v2\/posts"}],"about":[{"href":"https:\/\/web.quotidianopiemontese.it\/cultura-arte-e-spettacolo-a-torino\/wp-json\/wp\/v2\/types\/post"}],"author":[{"embeddable":true,"href":"https:\/\/web.quotidianopiemontese.it\/cultura-arte-e-spettacolo-a-torino\/wp-json\/wp\/v2\/users\/1361"}],"replies":[{"embeddable":true,"href":"https:\/\/web.quotidianopiemontese.it\/cultura-arte-e-spettacolo-a-torino\/wp-json\/wp\/v2\/comments?post=358"}],"version-history":[{"count":0,"href":"https:\/\/web.quotidianopiemontese.it\/cultura-arte-e-spettacolo-a-torino\/wp-json\/wp\/v2\/posts\/358\/revisions"}],"wp:featuredmedia":[{"embeddable":true,"href":"https:\/\/web.quotidianopiemontese.it\/cultura-arte-e-spettacolo-a-torino\/wp-json\/wp\/v2\/media\/359"}],"wp:attachment":[{"href":"https:\/\/web.quotidianopiemontese.it\/cultura-arte-e-spettacolo-a-torino\/wp-json\/wp\/v2\/media?parent=358"}],"wp:term":[{"taxonomy":"category","embeddable":true,"href":"https:\/\/web.quotidianopiemontese.it\/cultura-arte-e-spettacolo-a-torino\/wp-json\/wp\/v2\/categories?post=358"},{"taxonomy":"post_tag","embeddable":true,"href":"https:\/\/web.quotidianopiemontese.it\/cultura-arte-e-spettacolo-a-torino\/wp-json\/wp\/v2\/tags?post=358"}],"curies":[{"name":"wp","href":"https:\/\/api.w.org\/{rel}","templated":true}]}}