{"id":336,"date":"2018-07-09T12:11:41","date_gmt":"2018-07-09T10:11:41","guid":{"rendered":"http:\/\/web.quotidianopiemontese.it\/cultura-arte-e-spettacolo-a-torino\/?p=336"},"modified":"2018-07-09T12:11:41","modified_gmt":"2018-07-09T10:11:41","slug":"una-serata-per-vera-e-libera-arduino-la-de-sio-in-concerto-alla-tesoriera","status":"publish","type":"post","link":"https:\/\/web.quotidianopiemontese.it\/cultura-arte-e-spettacolo-a-torino\/una-serata-per-vera-e-libera-arduino-la-de-sio-in-concerto-alla-tesoriera\/","title":{"rendered":"Una serata per Vera e Libera Arduino. La De Sio in concerto alla Tesoriera"},"content":{"rendered":"<p>La notte del 12 marzo 1945 le Brigate Nere, spacciandosi per partigiani, fecero irruzione al quarto piano delle case operaie di via Moncrivello, in zona Barriera di Milano, dove viveva la famiglia Arduino, e prelevarono il pap\u00e0 Gaspare (operaio, antifascista e fondatore delle Squadre di Azione Patriottica) insieme alle due figlie <strong>Libera e Vera Arduino (di 18 e di 16 anni), <\/strong>oltre al partigiano Aldo De Carli, ad un amico di famiglia (Alberto Ellena) e a una coppia di vicini, Rosa Ghizzone e Pierino Montarolo.<!--more--><\/p>\n<p>Gaspare Arduino venne portato alla Casa del Littorio e trucidato la notte stessa. Libera e Vera non rividero pi\u00f9 la madre, la sorella Bruna di 13 anni e il fratellino Antonio di 6: <strong>vennero assassinate nei pressi della Pellerina. <\/strong><\/p>\n<p>Libera e Vera lavoravano in fabbrica e parteciparono attivamente alla Resistenza come staffette e assistendo le famiglie dei partigiani imprigionati o uccisi: Libera faceva parte della ventesima brigata cittadina delle SAP, Vera operava nei Gruppi di Difesa della Donna attivi in Barriera di Milano.<\/p>\n<p>A Libera e Vera sono dedicate una scuola e una via, mentre un cippo in corso Lecce ricorda il loro sacrificio.<\/p>\n<p><a href=\"http:\/\/web.quotidianopiemontese.it\/cultura-arte-e-spettacolo-a-torino\/files\/2018\/07\/Lapide-per-Vera-e-Libera-Arduino-a-Torino.jpg\"><img loading=\"lazy\" decoding=\"async\" class=\"alignnone size-medium wp-image-338\" src=\"http:\/\/web.quotidianopiemontese.it\/cultura-arte-e-spettacolo-a-torino\/files\/2018\/07\/Lapide-per-Vera-e-Libera-Arduino-a-Torino-201x300.jpg\" alt=\"\" width=\"201\" height=\"300\" srcset=\"https:\/\/web.quotidianopiemontese.it\/cultura-arte-e-spettacolo-a-torino\/files\/2018\/07\/Lapide-per-Vera-e-Libera-Arduino-a-Torino-201x300.jpg 201w, https:\/\/web.quotidianopiemontese.it\/cultura-arte-e-spettacolo-a-torino\/files\/2018\/07\/Lapide-per-Vera-e-Libera-Arduino-a-Torino-768x1147.jpg 768w, https:\/\/web.quotidianopiemontese.it\/cultura-arte-e-spettacolo-a-torino\/files\/2018\/07\/Lapide-per-Vera-e-Libera-Arduino-a-Torino-685x1024.jpg 685w\" sizes=\"auto, (max-width: 201px) 85vw, 201px\" \/><\/a><\/p>\n<p><strong>Sabato 14 luglio<\/strong>, il <strong>Parco della Tesoriera<\/strong>, in corso Francia 186\/192, a <strong>Torino<\/strong>, a partire dalle ore <strong>20,<\/strong> nell\u2019ambito dell\u2019<strong>EvergreenFest<\/strong>, ospita <strong>\u201cLibera e Vera come la Resistenza\u201d, una serata per Libera e Vera Arduino <\/strong>organizzata dal <strong>Comitato Resistenza e Costituzione del Consiglio regionale del Piemonte <\/strong>in collaborazione con<strong> Arci Piemonte. <u>Ingresso gratuito<\/u><\/strong><\/p>\n<p>Aprir\u00e0 la serata alle<strong> 20,00 <\/strong>la cantante italo-sudanese<strong> Amira Kheir, <\/strong>la <em>\u201cDiva del deserto sudanese\u201d (BBC World News),<\/em> che mescolando l\u2019eredit\u00e0 musicale del Sudan al blues sahariano e al jazz ha incantato il pubblico di tutto il mondo.<\/p>\n<p><a href=\"http:\/\/web.quotidianopiemontese.it\/cultura-arte-e-spettacolo-a-torino\/files\/2018\/07\/amira-kehir-1.jpg\"><img loading=\"lazy\" decoding=\"async\" class=\"alignnone size-medium wp-image-339\" src=\"http:\/\/web.quotidianopiemontese.it\/cultura-arte-e-spettacolo-a-torino\/files\/2018\/07\/amira-kehir-1-300x203.jpg\" alt=\"\" width=\"300\" height=\"203\" srcset=\"https:\/\/web.quotidianopiemontese.it\/cultura-arte-e-spettacolo-a-torino\/files\/2018\/07\/amira-kehir-1-300x203.jpg 300w, https:\/\/web.quotidianopiemontese.it\/cultura-arte-e-spettacolo-a-torino\/files\/2018\/07\/amira-kehir-1-768x519.jpg 768w, https:\/\/web.quotidianopiemontese.it\/cultura-arte-e-spettacolo-a-torino\/files\/2018\/07\/amira-kehir-1.jpg 1000w\" sizes=\"auto, (max-width: 300px) 85vw, 300px\" \/><\/a><\/p>\n<p>Alle <strong>21,00<\/strong> <strong>Parole Note <em>Live<\/em><\/strong>, ovvero la versione <em>live<\/em> del fortunato programma di <strong>Radio Capital<\/strong>: <strong>Maurizio Rossato<\/strong> fonde l\u2019evocativa selezione di immagini al tappeto musicale su cui si stagliano le parole interpretate da <strong>Giancarlo Cattaneo<\/strong>.<\/p>\n<p>Alle <strong>22,20<\/strong>, salir\u00e0 sul palco la <em>brigantessa<\/em> <strong>Teresa De Sio<\/strong>, con il suo nuovo progetto <strong>\u201cIl Pensiero Meridiano<\/strong>\u201d. Un excursus nell&#8217;essenza della musica dell\u2019artista napoletana, i suoi successi pop, la tradizione popolare, le incursioni nella musica dell&#8217;amico Pino Daniele, di Matteo Salvatore, di Domenico Modugno e in quella di Fabrizio De Andr\u00e8. Un modo per raccontare il Sud, facendo appello, attraverso il linguaggio musicale, ad alcuni grandissimi autori e ai loro universi poetici.<\/p>\n<p><a href=\"http:\/\/web.quotidianopiemontese.it\/cultura-arte-e-spettacolo-a-torino\/files\/2018\/07\/Teresa-De-Sio-Foto2.jpg\"><img loading=\"lazy\" decoding=\"async\" class=\"alignnone size-medium wp-image-340\" src=\"http:\/\/web.quotidianopiemontese.it\/cultura-arte-e-spettacolo-a-torino\/files\/2018\/07\/Teresa-De-Sio-Foto2-300x200.jpg\" alt=\"\" width=\"300\" height=\"200\" srcset=\"https:\/\/web.quotidianopiemontese.it\/cultura-arte-e-spettacolo-a-torino\/files\/2018\/07\/Teresa-De-Sio-Foto2-300x200.jpg 300w, https:\/\/web.quotidianopiemontese.it\/cultura-arte-e-spettacolo-a-torino\/files\/2018\/07\/Teresa-De-Sio-Foto2-768x512.jpg 768w, https:\/\/web.quotidianopiemontese.it\/cultura-arte-e-spettacolo-a-torino\/files\/2018\/07\/Teresa-De-Sio-Foto2-1024x683.jpg 1024w, https:\/\/web.quotidianopiemontese.it\/cultura-arte-e-spettacolo-a-torino\/files\/2018\/07\/Teresa-De-Sio-Foto2-600x400.jpg 600w\" sizes=\"auto, (max-width: 300px) 85vw, 300px\" \/><\/a><\/p>\n<p>Un condensato unico di musica d&#8217;autore, folk e rock, esclusivamente in acustico. Accompagnata da tre musicisti eccezionali <strong>(Sas\u00e0 Flauto alle chitarre, Pasquale Angelini alla batteria e Vittorio Longobardi al basso),<\/strong> la cantautrice proporr\u00e0 un concerto carico di ritmo, forza propulsiva, dolcezza ed energia vitale: esattamente come il pensiero meridiano.<\/p>\n<p><em> \u201cIl Sud \u00e8 lentezza, attesa, sensualit\u00e0 e torpore \u00a0 \u2013 <\/em>spiega <strong>Teresa De Sio<\/strong> <em>\u2013 \u00a0 ma anche ebbrezza e pienezza insostenibile della vita. E\u2019 luce piena ed ombre, stato di grazia e maledizione, \u00e8 estasi e perdita di controllo, assenza di bussole. E\u2019 demone meridiano, magia e sortilegio, uno spazio abitato dai demoni. Il corpo e i sensi come inizio, come conoscenza forte del mondo, il Ritmo e la Danza.\u201d<\/em><\/p>\n<p><a href=\"http:\/\/web.quotidianopiemontese.it\/cultura-arte-e-spettacolo-a-torino\/files\/2018\/07\/36739463_10216001441970527_332722036860256256_n.jpg\"><img loading=\"lazy\" decoding=\"async\" class=\"alignnone size-medium wp-image-341\" src=\"http:\/\/web.quotidianopiemontese.it\/cultura-arte-e-spettacolo-a-torino\/files\/2018\/07\/36739463_10216001441970527_332722036860256256_n-300x275.jpg\" alt=\"\" width=\"300\" height=\"275\" srcset=\"https:\/\/web.quotidianopiemontese.it\/cultura-arte-e-spettacolo-a-torino\/files\/2018\/07\/36739463_10216001441970527_332722036860256256_n-300x275.jpg 300w, https:\/\/web.quotidianopiemontese.it\/cultura-arte-e-spettacolo-a-torino\/files\/2018\/07\/36739463_10216001441970527_332722036860256256_n-768x704.jpg 768w, https:\/\/web.quotidianopiemontese.it\/cultura-arte-e-spettacolo-a-torino\/files\/2018\/07\/36739463_10216001441970527_332722036860256256_n.jpg 960w\" sizes=\"auto, (max-width: 300px) 85vw, 300px\" \/><\/a><\/p>\n<p>Una serata che sar\u00e0 un viaggio attraverso tempo e luoghi, vicende storiche infauste, il coraggio e la determinazione, i valori che hanno da sempre fatto la culla mediterranea un faro per il raggiungimento di un mondo che possa riflettere sui valori della diversit\u00e0, della cultura politica, della religione. Per non dimenticare, una Resistenza Vera e Libera<\/p>\n<p>Dichiara <strong>Nino Boeti<\/strong>, Presidente del Consiglio regionale del Piemonte e consigliere delegato al Comitato Resistenza e Costituzione: <em>\u201cOgni anno dedichiamo un evento musicale alla memoria di un giovane partigiano. Nel 2016 Dante Di Nanni, l\u2019anno scorso Emanuele Artom. Quest\u2019anno, invece, abbiamo scelto di onorare il ricordo di due giovani donne, trucidate dai fascisti poco pi\u00f9 che bambine. Lo faremo con un concerto al femminile, con le voci di Teresa De Sio e Amira Kheir, che si terr\u00e0 nel parco della Tesoriera, non lontano dal luogo a cui venne strappata loro la vita. Sono convinto che servano nuovi modi per fare memoria e la musica \u00e8 lo strumento forse migliore per far conoscere ai giovani della nostra citt\u00e0 la storia di due ragazze della loro et\u00e0 morte in nome della libert\u00e0\u201d. <\/em><\/p>\n<p><strong>\u201cLibera e Vera come la Resistenza<\/strong><strong>\u201d<\/strong> \u00e8 un progetto realizzato dal <strong>Comitato Resistenza e Costituzione del Consiglio regionale del Piemonte<\/strong> in collaborazione con <strong>ARCI Piemonte, ANPI, Citt\u00e0 di Torino, Circoscrizione 4<\/strong>, e con il coinvolgimento di associazione <strong>Tedac\u00e0, Evergreen Fest, Parole Note<\/strong> (Radio Capital).<\/p>\n<p><em>Info: <\/em><em>011 4112498<\/em><\/p>\n<p><a href=\"http:\/\/web.quotidianopiemontese.it\/cultura-arte-e-spettacolo-a-torino\/files\/2018\/07\/36880709_10216031512762278_5295796475282849792_n.jpg\"><img loading=\"lazy\" decoding=\"async\" class=\"alignnone size-medium wp-image-342\" src=\"http:\/\/web.quotidianopiemontese.it\/cultura-arte-e-spettacolo-a-torino\/files\/2018\/07\/36880709_10216031512762278_5295796475282849792_n-210x300.jpg\" alt=\"\" width=\"210\" height=\"300\" srcset=\"https:\/\/web.quotidianopiemontese.it\/cultura-arte-e-spettacolo-a-torino\/files\/2018\/07\/36880709_10216031512762278_5295796475282849792_n-210x300.jpg 210w, https:\/\/web.quotidianopiemontese.it\/cultura-arte-e-spettacolo-a-torino\/files\/2018\/07\/36880709_10216031512762278_5295796475282849792_n.jpg 672w\" sizes=\"auto, (max-width: 210px) 85vw, 210px\" \/><\/a><\/p>\n","protected":false},"excerpt":{"rendered":"<p>La notte del 12 marzo 1945 le Brigate Nere, spacciandosi per partigiani, fecero irruzione al quarto piano delle case operaie di via Moncrivello, in zona Barriera di Milano, dove viveva la famiglia Arduino, e prelevarono il pap\u00e0 Gaspare (operaio, antifascista e fondatore delle Squadre di Azione Patriottica) insieme alle due figlie Libera e Vera Arduino &hellip; <a href=\"https:\/\/web.quotidianopiemontese.it\/cultura-arte-e-spettacolo-a-torino\/una-serata-per-vera-e-libera-arduino-la-de-sio-in-concerto-alla-tesoriera\/\" class=\"more-link\">Leggi tutto<span class=\"screen-reader-text\"> &#8220;Una serata per Vera e Libera Arduino. La De Sio in concerto alla Tesoriera&#8221;<\/span><\/a><\/p>\n","protected":false},"author":1361,"featured_media":337,"comment_status":"open","ping_status":"open","sticky":false,"template":"","format":"standard","meta":{"footnotes":""},"categories":[1],"tags":[105,104,106],"class_list":["post-336","post","type-post","status-publish","format-standard","has-post-thumbnail","hentry","category-cultura-arte-spettacolo","tag-comitato-resistenza-e-costituzione","tag-teresa-de-sio","tag-vera-e-libera-arduino"],"yoast_head":"<!-- This site is optimized with the Yoast SEO plugin v27.1.1 - https:\/\/yoast.com\/product\/yoast-seo-wordpress\/ -->\n<title>Una serata per Vera e Libera Arduino. La De Sio in concerto alla Tesoriera - 9 Luglio 2018<\/title>\n<meta name=\"description\" content=\"Una serata per Vera e Libera Arduino. La De Sio in concerto alla Tesoriera - Cultura, Arte e Spettacolo a Torino - La notte del 12 marzo 1945 le Brigate Nere, spacciandosi per partigiani, fecero irruzione al quarto piano delle case operaie di via Moncrivello, in zona - Comitato Resistenza e Costituzione, Teresa De Sio, Vera e Libera Arduino\" \/>\n<meta name=\"robots\" content=\"index, follow, max-snippet:-1, max-image-preview:large, max-video-preview:-1\" \/>\n<link rel=\"canonical\" href=\"https:\/\/web.quotidianopiemontese.it\/cultura-arte-e-spettacolo-a-torino\/una-serata-per-vera-e-libera-arduino-la-de-sio-in-concerto-alla-tesoriera\/\" \/>\n<meta property=\"og:locale\" content=\"it_IT\" \/>\n<meta property=\"og:type\" content=\"article\" \/>\n<meta property=\"og:title\" content=\"Una serata per Vera e Libera Arduino. La De Sio in concerto alla Tesoriera - 9 Luglio 2018\" \/>\n<meta property=\"og:description\" content=\"Una serata per Vera e Libera Arduino. La De Sio in concerto alla Tesoriera - Cultura, Arte e Spettacolo a Torino - La notte del 12 marzo 1945 le Brigate Nere, spacciandosi per partigiani, fecero irruzione al quarto piano delle case operaie di via Moncrivello, in zona - Comitato Resistenza e Costituzione, Teresa De Sio, Vera e Libera Arduino\" \/>\n<meta property=\"og:url\" content=\"https:\/\/web.quotidianopiemontese.it\/cultura-arte-e-spettacolo-a-torino\/una-serata-per-vera-e-libera-arduino-la-de-sio-in-concerto-alla-tesoriera\/\" \/>\n<meta property=\"og:site_name\" content=\"Cultura, Arte e Spettacolo a Torino\" \/>\n<meta property=\"article:publisher\" content=\"https:\/\/www.facebook.com\/quotidianopiemontese?fref=ts\" \/>\n<meta property=\"article:published_time\" content=\"2018-07-09T10:11:41+00:00\" \/>\n<meta property=\"og:image\" content=\"https:\/\/web.quotidianopiemontese.it\/cultura-arte-e-spettacolo-a-torino\/files\/2018\/07\/libera-vera-test5-1.jpg\" \/>\n\t<meta property=\"og:image:width\" content=\"1100\" \/>\n\t<meta property=\"og:image:height\" content=\"881\" \/>\n\t<meta property=\"og:image:type\" content=\"image\/jpeg\" \/>\n<meta name=\"author\" content=\"Emanuele Rebuffini\" \/>\n<meta name=\"twitter:label1\" content=\"Scritto da\" \/>\n\t<meta name=\"twitter:data1\" content=\"Emanuele Rebuffini\" \/>\n\t<meta name=\"twitter:label2\" content=\"Tempo di lettura stimato\" \/>\n\t<meta name=\"twitter:data2\" content=\"4 minuti\" \/>\n<script type=\"application\/ld+json\" class=\"yoast-schema-graph\">{\"@context\":\"https:\/\/schema.org\",\"@graph\":[{\"@type\":\"Article\",\"@id\":\"https:\/\/web.quotidianopiemontese.it\/cultura-arte-e-spettacolo-a-torino\/una-serata-per-vera-e-libera-arduino-la-de-sio-in-concerto-alla-tesoriera\/#article\",\"isPartOf\":{\"@id\":\"https:\/\/web.quotidianopiemontese.it\/cultura-arte-e-spettacolo-a-torino\/una-serata-per-vera-e-libera-arduino-la-de-sio-in-concerto-alla-tesoriera\/\"},\"author\":{\"name\":\"Emanuele Rebuffini\",\"@id\":\"https:\/\/web.quotidianopiemontese.it\/cultura-arte-e-spettacolo-a-torino\/#\/schema\/person\/b035109a4cc7d3e93911b78d8cebf3a0\"},\"headline\":\"Una serata per Vera e Libera Arduino. La De Sio in concerto alla Tesoriera\",\"datePublished\":\"2018-07-09T10:11:41+00:00\",\"mainEntityOfPage\":{\"@id\":\"https:\/\/web.quotidianopiemontese.it\/cultura-arte-e-spettacolo-a-torino\/una-serata-per-vera-e-libera-arduino-la-de-sio-in-concerto-alla-tesoriera\/\"},\"wordCount\":740,\"commentCount\":0,\"image\":{\"@id\":\"https:\/\/web.quotidianopiemontese.it\/cultura-arte-e-spettacolo-a-torino\/una-serata-per-vera-e-libera-arduino-la-de-sio-in-concerto-alla-tesoriera\/#primaryimage\"},\"thumbnailUrl\":\"https:\/\/web.quotidianopiemontese.it\/cultura-arte-e-spettacolo-a-torino\/files\/2018\/07\/libera-vera-test5-1.jpg\",\"keywords\":[\"Comitato Resistenza e Costituzione\",\"Teresa De Sio\",\"Vera e Libera Arduino\"],\"articleSection\":[\"Cultura, arte, spettacolo\"],\"inLanguage\":\"it-IT\",\"potentialAction\":[{\"@type\":\"CommentAction\",\"name\":\"Comment\",\"target\":[\"https:\/\/web.quotidianopiemontese.it\/cultura-arte-e-spettacolo-a-torino\/una-serata-per-vera-e-libera-arduino-la-de-sio-in-concerto-alla-tesoriera\/#respond\"]}]},{\"@type\":\"WebPage\",\"@id\":\"https:\/\/web.quotidianopiemontese.it\/cultura-arte-e-spettacolo-a-torino\/una-serata-per-vera-e-libera-arduino-la-de-sio-in-concerto-alla-tesoriera\/\",\"url\":\"https:\/\/web.quotidianopiemontese.it\/cultura-arte-e-spettacolo-a-torino\/una-serata-per-vera-e-libera-arduino-la-de-sio-in-concerto-alla-tesoriera\/\",\"name\":\"Una serata per Vera e Libera Arduino. La De Sio in concerto alla Tesoriera - 9 Luglio 2018\",\"isPartOf\":{\"@id\":\"https:\/\/web.quotidianopiemontese.it\/cultura-arte-e-spettacolo-a-torino\/#website\"},\"primaryImageOfPage\":{\"@id\":\"https:\/\/web.quotidianopiemontese.it\/cultura-arte-e-spettacolo-a-torino\/una-serata-per-vera-e-libera-arduino-la-de-sio-in-concerto-alla-tesoriera\/#primaryimage\"},\"image\":{\"@id\":\"https:\/\/web.quotidianopiemontese.it\/cultura-arte-e-spettacolo-a-torino\/una-serata-per-vera-e-libera-arduino-la-de-sio-in-concerto-alla-tesoriera\/#primaryimage\"},\"thumbnailUrl\":\"https:\/\/web.quotidianopiemontese.it\/cultura-arte-e-spettacolo-a-torino\/files\/2018\/07\/libera-vera-test5-1.jpg\",\"datePublished\":\"2018-07-09T10:11:41+00:00\",\"author\":{\"@id\":\"https:\/\/web.quotidianopiemontese.it\/cultura-arte-e-spettacolo-a-torino\/#\/schema\/person\/b035109a4cc7d3e93911b78d8cebf3a0\"},\"description\":\"Una serata per Vera e Libera Arduino. La De Sio in concerto alla Tesoriera - Cultura, Arte e Spettacolo a Torino - La notte del 12 marzo 1945 le Brigate Nere, spacciandosi per partigiani, fecero irruzione al quarto piano delle case operaie di via Moncrivello, in zona - Comitato Resistenza e Costituzione, Teresa De Sio, Vera e Libera Arduino\",\"inLanguage\":\"it-IT\",\"potentialAction\":[{\"@type\":\"ReadAction\",\"target\":[\"https:\/\/web.quotidianopiemontese.it\/cultura-arte-e-spettacolo-a-torino\/una-serata-per-vera-e-libera-arduino-la-de-sio-in-concerto-alla-tesoriera\/\"]}]},{\"@type\":\"ImageObject\",\"inLanguage\":\"it-IT\",\"@id\":\"https:\/\/web.quotidianopiemontese.it\/cultura-arte-e-spettacolo-a-torino\/una-serata-per-vera-e-libera-arduino-la-de-sio-in-concerto-alla-tesoriera\/#primaryimage\",\"url\":\"https:\/\/web.quotidianopiemontese.it\/cultura-arte-e-spettacolo-a-torino\/files\/2018\/07\/libera-vera-test5-1.jpg\",\"contentUrl\":\"https:\/\/web.quotidianopiemontese.it\/cultura-arte-e-spettacolo-a-torino\/files\/2018\/07\/libera-vera-test5-1.jpg\",\"width\":1100,\"height\":881},{\"@type\":\"WebSite\",\"@id\":\"https:\/\/web.quotidianopiemontese.it\/cultura-arte-e-spettacolo-a-torino\/#website\",\"url\":\"https:\/\/web.quotidianopiemontese.it\/cultura-arte-e-spettacolo-a-torino\/\",\"name\":\"Cultura, Arte e Spettacolo a Torino\",\"description\":\"Quotidiano Piemontese\",\"potentialAction\":[{\"@type\":\"SearchAction\",\"target\":{\"@type\":\"EntryPoint\",\"urlTemplate\":\"https:\/\/web.quotidianopiemontese.it\/cultura-arte-e-spettacolo-a-torino\/?s={search_term_string}\"},\"query-input\":{\"@type\":\"PropertyValueSpecification\",\"valueRequired\":true,\"valueName\":\"search_term_string\"}}],\"inLanguage\":\"it-IT\"},{\"@type\":\"Person\",\"@id\":\"https:\/\/web.quotidianopiemontese.it\/cultura-arte-e-spettacolo-a-torino\/#\/schema\/person\/b035109a4cc7d3e93911b78d8cebf3a0\",\"name\":\"Emanuele Rebuffini\",\"image\":{\"@type\":\"ImageObject\",\"inLanguage\":\"it-IT\",\"@id\":\"https:\/\/web.quotidianopiemontese.it\/cultura-arte-e-spettacolo-a-torino\/#\/schema\/person\/image\/\",\"url\":\"https:\/\/secure.gravatar.com\/avatar\/519a0a38be4cbbcf40fb5bc1b1173a85af291a3a8697df454a94ad7e05574628?s=96&d=mm&r=g\",\"contentUrl\":\"https:\/\/secure.gravatar.com\/avatar\/519a0a38be4cbbcf40fb5bc1b1173a85af291a3a8697df454a94ad7e05574628?s=96&d=mm&r=g\",\"caption\":\"Emanuele Rebuffini\"},\"sameAs\":[\"http:\/\/www.quotidianopiemontese.it\/cultura-arte-e-spettacolo-a-torino\/\"],\"url\":\"https:\/\/web.quotidianopiemontese.it\/cultura-arte-e-spettacolo-a-torino\/author\/emanuelerebuffini\/\"}]}<\/script>\n<!-- \/ Yoast SEO plugin. -->","yoast_head_json":{"title":"Una serata per Vera e Libera Arduino. La De Sio in concerto alla Tesoriera - 9 Luglio 2018","description":"Una serata per Vera e Libera Arduino. La De Sio in concerto alla Tesoriera - Cultura, Arte e Spettacolo a Torino - La notte del 12 marzo 1945 le Brigate Nere, spacciandosi per partigiani, fecero irruzione al quarto piano delle case operaie di via Moncrivello, in zona - Comitato Resistenza e Costituzione, Teresa De Sio, Vera e Libera Arduino","robots":{"index":"index","follow":"follow","max-snippet":"max-snippet:-1","max-image-preview":"max-image-preview:large","max-video-preview":"max-video-preview:-1"},"canonical":"https:\/\/web.quotidianopiemontese.it\/cultura-arte-e-spettacolo-a-torino\/una-serata-per-vera-e-libera-arduino-la-de-sio-in-concerto-alla-tesoriera\/","og_locale":"it_IT","og_type":"article","og_title":"Una serata per Vera e Libera Arduino. La De Sio in concerto alla Tesoriera - 9 Luglio 2018","og_description":"Una serata per Vera e Libera Arduino. La De Sio in concerto alla Tesoriera - Cultura, Arte e Spettacolo a Torino - La notte del 12 marzo 1945 le Brigate Nere, spacciandosi per partigiani, fecero irruzione al quarto piano delle case operaie di via Moncrivello, in zona - Comitato Resistenza e Costituzione, Teresa De Sio, Vera e Libera Arduino","og_url":"https:\/\/web.quotidianopiemontese.it\/cultura-arte-e-spettacolo-a-torino\/una-serata-per-vera-e-libera-arduino-la-de-sio-in-concerto-alla-tesoriera\/","og_site_name":"Cultura, Arte e Spettacolo a Torino","article_publisher":"https:\/\/www.facebook.com\/quotidianopiemontese?fref=ts","article_published_time":"2018-07-09T10:11:41+00:00","og_image":[{"width":1100,"height":881,"url":"https:\/\/web.quotidianopiemontese.it\/cultura-arte-e-spettacolo-a-torino\/files\/2018\/07\/libera-vera-test5-1.jpg","type":"image\/jpeg"}],"author":"Emanuele Rebuffini","twitter_misc":{"Scritto da":"Emanuele Rebuffini","Tempo di lettura stimato":"4 minuti"},"schema":{"@context":"https:\/\/schema.org","@graph":[{"@type":"Article","@id":"https:\/\/web.quotidianopiemontese.it\/cultura-arte-e-spettacolo-a-torino\/una-serata-per-vera-e-libera-arduino-la-de-sio-in-concerto-alla-tesoriera\/#article","isPartOf":{"@id":"https:\/\/web.quotidianopiemontese.it\/cultura-arte-e-spettacolo-a-torino\/una-serata-per-vera-e-libera-arduino-la-de-sio-in-concerto-alla-tesoriera\/"},"author":{"name":"Emanuele Rebuffini","@id":"https:\/\/web.quotidianopiemontese.it\/cultura-arte-e-spettacolo-a-torino\/#\/schema\/person\/b035109a4cc7d3e93911b78d8cebf3a0"},"headline":"Una serata per Vera e Libera Arduino. La De Sio in concerto alla Tesoriera","datePublished":"2018-07-09T10:11:41+00:00","mainEntityOfPage":{"@id":"https:\/\/web.quotidianopiemontese.it\/cultura-arte-e-spettacolo-a-torino\/una-serata-per-vera-e-libera-arduino-la-de-sio-in-concerto-alla-tesoriera\/"},"wordCount":740,"commentCount":0,"image":{"@id":"https:\/\/web.quotidianopiemontese.it\/cultura-arte-e-spettacolo-a-torino\/una-serata-per-vera-e-libera-arduino-la-de-sio-in-concerto-alla-tesoriera\/#primaryimage"},"thumbnailUrl":"https:\/\/web.quotidianopiemontese.it\/cultura-arte-e-spettacolo-a-torino\/files\/2018\/07\/libera-vera-test5-1.jpg","keywords":["Comitato Resistenza e Costituzione","Teresa De Sio","Vera e Libera Arduino"],"articleSection":["Cultura, arte, spettacolo"],"inLanguage":"it-IT","potentialAction":[{"@type":"CommentAction","name":"Comment","target":["https:\/\/web.quotidianopiemontese.it\/cultura-arte-e-spettacolo-a-torino\/una-serata-per-vera-e-libera-arduino-la-de-sio-in-concerto-alla-tesoriera\/#respond"]}]},{"@type":"WebPage","@id":"https:\/\/web.quotidianopiemontese.it\/cultura-arte-e-spettacolo-a-torino\/una-serata-per-vera-e-libera-arduino-la-de-sio-in-concerto-alla-tesoriera\/","url":"https:\/\/web.quotidianopiemontese.it\/cultura-arte-e-spettacolo-a-torino\/una-serata-per-vera-e-libera-arduino-la-de-sio-in-concerto-alla-tesoriera\/","name":"Una serata per Vera e Libera Arduino. La De Sio in concerto alla Tesoriera - 9 Luglio 2018","isPartOf":{"@id":"https:\/\/web.quotidianopiemontese.it\/cultura-arte-e-spettacolo-a-torino\/#website"},"primaryImageOfPage":{"@id":"https:\/\/web.quotidianopiemontese.it\/cultura-arte-e-spettacolo-a-torino\/una-serata-per-vera-e-libera-arduino-la-de-sio-in-concerto-alla-tesoriera\/#primaryimage"},"image":{"@id":"https:\/\/web.quotidianopiemontese.it\/cultura-arte-e-spettacolo-a-torino\/una-serata-per-vera-e-libera-arduino-la-de-sio-in-concerto-alla-tesoriera\/#primaryimage"},"thumbnailUrl":"https:\/\/web.quotidianopiemontese.it\/cultura-arte-e-spettacolo-a-torino\/files\/2018\/07\/libera-vera-test5-1.jpg","datePublished":"2018-07-09T10:11:41+00:00","author":{"@id":"https:\/\/web.quotidianopiemontese.it\/cultura-arte-e-spettacolo-a-torino\/#\/schema\/person\/b035109a4cc7d3e93911b78d8cebf3a0"},"description":"Una serata per Vera e Libera Arduino. La De Sio in concerto alla Tesoriera - Cultura, Arte e Spettacolo a Torino - La notte del 12 marzo 1945 le Brigate Nere, spacciandosi per partigiani, fecero irruzione al quarto piano delle case operaie di via Moncrivello, in zona - Comitato Resistenza e Costituzione, Teresa De Sio, Vera e Libera Arduino","inLanguage":"it-IT","potentialAction":[{"@type":"ReadAction","target":["https:\/\/web.quotidianopiemontese.it\/cultura-arte-e-spettacolo-a-torino\/una-serata-per-vera-e-libera-arduino-la-de-sio-in-concerto-alla-tesoriera\/"]}]},{"@type":"ImageObject","inLanguage":"it-IT","@id":"https:\/\/web.quotidianopiemontese.it\/cultura-arte-e-spettacolo-a-torino\/una-serata-per-vera-e-libera-arduino-la-de-sio-in-concerto-alla-tesoriera\/#primaryimage","url":"https:\/\/web.quotidianopiemontese.it\/cultura-arte-e-spettacolo-a-torino\/files\/2018\/07\/libera-vera-test5-1.jpg","contentUrl":"https:\/\/web.quotidianopiemontese.it\/cultura-arte-e-spettacolo-a-torino\/files\/2018\/07\/libera-vera-test5-1.jpg","width":1100,"height":881},{"@type":"WebSite","@id":"https:\/\/web.quotidianopiemontese.it\/cultura-arte-e-spettacolo-a-torino\/#website","url":"https:\/\/web.quotidianopiemontese.it\/cultura-arte-e-spettacolo-a-torino\/","name":"Cultura, Arte e Spettacolo a Torino","description":"Quotidiano Piemontese","potentialAction":[{"@type":"SearchAction","target":{"@type":"EntryPoint","urlTemplate":"https:\/\/web.quotidianopiemontese.it\/cultura-arte-e-spettacolo-a-torino\/?s={search_term_string}"},"query-input":{"@type":"PropertyValueSpecification","valueRequired":true,"valueName":"search_term_string"}}],"inLanguage":"it-IT"},{"@type":"Person","@id":"https:\/\/web.quotidianopiemontese.it\/cultura-arte-e-spettacolo-a-torino\/#\/schema\/person\/b035109a4cc7d3e93911b78d8cebf3a0","name":"Emanuele Rebuffini","image":{"@type":"ImageObject","inLanguage":"it-IT","@id":"https:\/\/web.quotidianopiemontese.it\/cultura-arte-e-spettacolo-a-torino\/#\/schema\/person\/image\/","url":"https:\/\/secure.gravatar.com\/avatar\/519a0a38be4cbbcf40fb5bc1b1173a85af291a3a8697df454a94ad7e05574628?s=96&d=mm&r=g","contentUrl":"https:\/\/secure.gravatar.com\/avatar\/519a0a38be4cbbcf40fb5bc1b1173a85af291a3a8697df454a94ad7e05574628?s=96&d=mm&r=g","caption":"Emanuele Rebuffini"},"sameAs":["http:\/\/www.quotidianopiemontese.it\/cultura-arte-e-spettacolo-a-torino\/"],"url":"https:\/\/web.quotidianopiemontese.it\/cultura-arte-e-spettacolo-a-torino\/author\/emanuelerebuffini\/"}]}},"_links":{"self":[{"href":"https:\/\/web.quotidianopiemontese.it\/cultura-arte-e-spettacolo-a-torino\/wp-json\/wp\/v2\/posts\/336","targetHints":{"allow":["GET"]}}],"collection":[{"href":"https:\/\/web.quotidianopiemontese.it\/cultura-arte-e-spettacolo-a-torino\/wp-json\/wp\/v2\/posts"}],"about":[{"href":"https:\/\/web.quotidianopiemontese.it\/cultura-arte-e-spettacolo-a-torino\/wp-json\/wp\/v2\/types\/post"}],"author":[{"embeddable":true,"href":"https:\/\/web.quotidianopiemontese.it\/cultura-arte-e-spettacolo-a-torino\/wp-json\/wp\/v2\/users\/1361"}],"replies":[{"embeddable":true,"href":"https:\/\/web.quotidianopiemontese.it\/cultura-arte-e-spettacolo-a-torino\/wp-json\/wp\/v2\/comments?post=336"}],"version-history":[{"count":0,"href":"https:\/\/web.quotidianopiemontese.it\/cultura-arte-e-spettacolo-a-torino\/wp-json\/wp\/v2\/posts\/336\/revisions"}],"wp:featuredmedia":[{"embeddable":true,"href":"https:\/\/web.quotidianopiemontese.it\/cultura-arte-e-spettacolo-a-torino\/wp-json\/wp\/v2\/media\/337"}],"wp:attachment":[{"href":"https:\/\/web.quotidianopiemontese.it\/cultura-arte-e-spettacolo-a-torino\/wp-json\/wp\/v2\/media?parent=336"}],"wp:term":[{"taxonomy":"category","embeddable":true,"href":"https:\/\/web.quotidianopiemontese.it\/cultura-arte-e-spettacolo-a-torino\/wp-json\/wp\/v2\/categories?post=336"},{"taxonomy":"post_tag","embeddable":true,"href":"https:\/\/web.quotidianopiemontese.it\/cultura-arte-e-spettacolo-a-torino\/wp-json\/wp\/v2\/tags?post=336"}],"curies":[{"name":"wp","href":"https:\/\/api.w.org\/{rel}","templated":true}]}}