{"id":294,"date":"2018-05-18T14:28:46","date_gmt":"2018-05-18T12:28:46","guid":{"rendered":"http:\/\/web.quotidianopiemontese.it\/cultura-arte-e-spettacolo-a-torino\/?p=294"},"modified":"2018-05-18T14:28:46","modified_gmt":"2018-05-18T12:28:46","slug":"ossessioni-e-tormenti-francis-bacon-a-palazzo-cavour","status":"publish","type":"post","link":"https:\/\/web.quotidianopiemontese.it\/cultura-arte-e-spettacolo-a-torino\/ossessioni-e-tormenti-francis-bacon-a-palazzo-cavour\/","title":{"rendered":"Ossessioni e tormenti. Francis Bacon a Palazzo Cavour"},"content":{"rendered":"<p><em>\u201cPenso che l\u2019arte sia un\u2019ossessione per la vita e, dato che siamo esseri umani, la nostra pi\u00f9 grande ossessione \u00e8 quella per noi stessi\u201d:<\/em> chiude il <strong>20 maggio<\/strong> a <strong>Palazzo Cavour<\/strong> la mostra <strong>\u00abFrancis Bacon. Mutazioni\u00bb.<\/strong> <!--more-->Curata da Gino Finga e realizzata da Con-fine Art, la mostra comprende 60 disegni e collage realizzati fra il 1977 e il 1992 e in gran parte provenienti dalla collezione di <strong>Cristiano Lovatelli Ravarino. <\/strong>Un viaggio dentro alle ossessioni e ai tormenti del grande artista inglese, d\u2019origine irlandese (Dublino 1909 \u2013 Madrid 1993).<\/p>\n<p><a href=\"http:\/\/web.quotidianopiemontese.it\/cultura-arte-e-spettacolo-a-torino\/files\/2018\/05\/32829109_10215641182244259_2017500933847515136_n.jpg\"><img loading=\"lazy\" decoding=\"async\" class=\"alignnone size-medium wp-image-297\" src=\"http:\/\/web.quotidianopiemontese.it\/cultura-arte-e-spettacolo-a-torino\/files\/2018\/05\/32829109_10215641182244259_2017500933847515136_n-209x300.jpg\" alt=\"\" width=\"209\" height=\"300\" srcset=\"https:\/\/web.quotidianopiemontese.it\/cultura-arte-e-spettacolo-a-torino\/files\/2018\/05\/32829109_10215641182244259_2017500933847515136_n-209x300.jpg 209w, https:\/\/web.quotidianopiemontese.it\/cultura-arte-e-spettacolo-a-torino\/files\/2018\/05\/32829109_10215641182244259_2017500933847515136_n.jpg 668w\" sizes=\"auto, (max-width: 209px) 85vw, 209px\" \/><\/a><\/p>\n<p>Artista tra i pi\u00f9 importanti e controversi del Novecento, uomo controverso, sregolato, che incarnava il <em>clich\u00e9 <\/em>dell\u2019artista dannato, <strong>Francis Bacon<\/strong> seppe riconoscere la grandezza dei Maestri del passato, dai quali liberamente si lasci\u00f2 ispirare nelle sue composizioni, da Picasso a Guercino, da Leonardo da Vinci a Vel\u00e1zquez e molti altri ancora. Attento anche alle tecniche fotografiche, le sue opere molto erano debitrici dello studio delle immagini di Eadweard Muybridge, pioniere della fotografia.<\/p>\n<p>Le crude crocifissioni, i celebri dipinti urlanti ispirati al Ritratto di Papa Innocenzo X di Diego Vel\u00e1zquez, gli angoscianti e deformanti ritratti ed autoritratti.<\/p>\n<p><a href=\"http:\/\/web.quotidianopiemontese.it\/cultura-arte-e-spettacolo-a-torino\/files\/2018\/05\/32856070_10215641181724246_3018430319012347904_n-1.jpg\"><img loading=\"lazy\" decoding=\"async\" class=\"alignnone size-medium wp-image-298\" src=\"http:\/\/web.quotidianopiemontese.it\/cultura-arte-e-spettacolo-a-torino\/files\/2018\/05\/32856070_10215641181724246_3018430319012347904_n-1-201x300.jpg\" alt=\"\" width=\"201\" height=\"300\" srcset=\"https:\/\/web.quotidianopiemontese.it\/cultura-arte-e-spettacolo-a-torino\/files\/2018\/05\/32856070_10215641181724246_3018430319012347904_n-1-201x300.jpg 201w, https:\/\/web.quotidianopiemontese.it\/cultura-arte-e-spettacolo-a-torino\/files\/2018\/05\/32856070_10215641181724246_3018430319012347904_n-1.jpg 644w\" sizes=\"auto, (max-width: 201px) 85vw, 201px\" \/><\/a><\/p>\n<p>La mostra \u00e8 un vero e proprio viaggio intorno alla figura umana, un\u2019indagine sulla condizione tragica dell\u2019individuo. La metamorfosi dei soggetti diventa metafora della vita, della mutabilit\u00e0 delle cose, delle emozioni, delle persone.<\/p>\n<p><a href=\"http:\/\/web.quotidianopiemontese.it\/cultura-arte-e-spettacolo-a-torino\/files\/2018\/05\/32933230_10215641182884275_4285058213742641152_n.jpg\"><img loading=\"lazy\" decoding=\"async\" class=\"alignnone size-medium wp-image-300\" src=\"http:\/\/web.quotidianopiemontese.it\/cultura-arte-e-spettacolo-a-torino\/files\/2018\/05\/32933230_10215641182884275_4285058213742641152_n-207x300.jpg\" alt=\"\" width=\"207\" height=\"300\" srcset=\"https:\/\/web.quotidianopiemontese.it\/cultura-arte-e-spettacolo-a-torino\/files\/2018\/05\/32933230_10215641182884275_4285058213742641152_n-207x300.jpg 207w, https:\/\/web.quotidianopiemontese.it\/cultura-arte-e-spettacolo-a-torino\/files\/2018\/05\/32933230_10215641182884275_4285058213742641152_n.jpg 663w\" sizes=\"auto, (max-width: 207px) 85vw, 207px\" \/><\/a><\/p>\n<p><strong>Francis Bacon<\/strong> ci accompagna cos\u00ec, attraverso i suoi tratti potenti e visionari, la violenta e disperat\u00e0 carnalit\u00e0 delle sue figure, in una dimensione interiore dove incontriamo demoni e verit\u00e0, dolori e contraddizioni della coscienza che condensano in s\u00e9 il pi\u00f9 ampio disagio della societ\u00e0. In questa folla di personaggi, forse in qualche modo una folla di tanti se stessi, emerge comunque la profonda solitudine di quello che \u00e8 stato sicuramente uno dei pi\u00f9 grandi artisti del \u2018900.<\/p>\n<blockquote class=\"wp-embedded-content\" data-secret=\"ueIfJ7SOEl\"><p><a href=\"http:\/\/www.francisbaconcollection.com\/news\/francis-bacon-mutazioni-palazzo-cavour-torino\/\">Francis Bacon. Mutazioni \u2013 A Palazzo Cavour di Torino<\/a><\/p><\/blockquote>\n<p><iframe loading=\"lazy\" class=\"wp-embedded-content\" sandbox=\"allow-scripts\" security=\"restricted\" style=\"position: absolute; clip: rect(1px, 1px, 1px, 1px);\" title=\"Articolo WordPress incorporato\" src=\"http:\/\/www.francisbaconcollection.com\/news\/francis-bacon-mutazioni-palazzo-cavour-torino\/embed\/#?secret=ueIfJ7SOEl\" data-secret=\"ueIfJ7SOEl\" width=\"600\" height=\"338\" frameborder=\"0\" marginwidth=\"0\" marginheight=\"0\" scrolling=\"no\"><\/iframe><\/p>\n<p><strong>Emanuele Rebuffini<\/strong><\/p>\n<p><a href=\"http:\/\/web.quotidianopiemontese.it\/cultura-arte-e-spettacolo-a-torino\/files\/2018\/05\/32832713_10215641180884225_686576369378787328_n.jpg\"><img loading=\"lazy\" decoding=\"async\" class=\"alignnone size-medium wp-image-299\" src=\"http:\/\/web.quotidianopiemontese.it\/cultura-arte-e-spettacolo-a-torino\/files\/2018\/05\/32832713_10215641180884225_686576369378787328_n-210x300.jpg\" alt=\"\" width=\"210\" height=\"300\" srcset=\"https:\/\/web.quotidianopiemontese.it\/cultura-arte-e-spettacolo-a-torino\/files\/2018\/05\/32832713_10215641180884225_686576369378787328_n-210x300.jpg 210w, https:\/\/web.quotidianopiemontese.it\/cultura-arte-e-spettacolo-a-torino\/files\/2018\/05\/32832713_10215641180884225_686576369378787328_n.jpg 673w\" sizes=\"auto, (max-width: 210px) 85vw, 210px\" \/><\/a><\/p>\n<p>&nbsp;<\/p>\n","protected":false},"excerpt":{"rendered":"<p>\u201cPenso che l\u2019arte sia un\u2019ossessione per la vita e, dato che siamo esseri umani, la nostra pi\u00f9 grande ossessione \u00e8 quella per noi stessi\u201d: chiude il 20 maggio a Palazzo Cavour la mostra \u00abFrancis Bacon. Mutazioni\u00bb.<\/p>\n","protected":false},"author":1361,"featured_media":296,"comment_status":"open","ping_status":"open","sticky":false,"template":"","format":"standard","meta":{"footnotes":""},"categories":[1],"tags":[94,95],"class_list":["post-294","post","type-post","status-publish","format-standard","has-post-thumbnail","hentry","category-cultura-arte-spettacolo","tag-francis-bacon","tag-palazzo-cavour"],"yoast_head":"<!-- This site is optimized with the Yoast SEO plugin v27.1.1 - https:\/\/yoast.com\/product\/yoast-seo-wordpress\/ -->\n<title>Ossessioni e tormenti. Francis Bacon a Palazzo Cavour - 18 Maggio 2018<\/title>\n<meta name=\"description\" content=\"Ossessioni e tormenti. Francis Bacon a Palazzo Cavour - Cultura, Arte e Spettacolo a Torino - \u201cPenso che l\u2019arte sia un\u2019ossessione per la vita e, dato che siamo esseri umani, la nostra pi\u00f9 grande ossessione \u00e8 quella per noi stessi\u201d: chiude il 20 - Francis Bacon, Palazzo Cavour\" \/>\n<meta name=\"robots\" content=\"index, follow, max-snippet:-1, max-image-preview:large, max-video-preview:-1\" \/>\n<link rel=\"canonical\" href=\"http:\/\/web.quotidianopiemontese.it\/cultura-arte-e-spettacolo-a-torino\/ossessioni-e-tormenti-francis-bacon-a-palazzo-cavour\/\" \/>\n<meta property=\"og:locale\" content=\"it_IT\" \/>\n<meta property=\"og:type\" content=\"article\" \/>\n<meta property=\"og:title\" content=\"Ossessioni e tormenti. Francis Bacon a Palazzo Cavour - 18 Maggio 2018\" \/>\n<meta property=\"og:description\" content=\"Ossessioni e tormenti. Francis Bacon a Palazzo Cavour - Cultura, Arte e Spettacolo a Torino - \u201cPenso che l\u2019arte sia un\u2019ossessione per la vita e, dato che siamo esseri umani, la nostra pi\u00f9 grande ossessione \u00e8 quella per noi stessi\u201d: chiude il 20 - Francis Bacon, Palazzo Cavour\" \/>\n<meta property=\"og:url\" content=\"http:\/\/web.quotidianopiemontese.it\/cultura-arte-e-spettacolo-a-torino\/ossessioni-e-tormenti-francis-bacon-a-palazzo-cavour\/\" \/>\n<meta property=\"og:site_name\" content=\"Cultura, Arte e Spettacolo a Torino\" \/>\n<meta property=\"article:publisher\" content=\"https:\/\/www.facebook.com\/quotidianopiemontese?fref=ts\" \/>\n<meta property=\"article:published_time\" content=\"2018-05-18T12:28:46+00:00\" \/>\n<meta property=\"og:image\" content=\"http:\/\/web.quotidianopiemontese.it\/cultura-arte-e-spettacolo-a-torino\/files\/2018\/05\/32856070_10215641181724246_3018430319012347904_n.jpg\" \/>\n\t<meta property=\"og:image:width\" content=\"644\" \/>\n\t<meta property=\"og:image:height\" content=\"960\" \/>\n\t<meta property=\"og:image:type\" content=\"image\/jpeg\" \/>\n<meta name=\"author\" content=\"Emanuele Rebuffini\" \/>\n<meta name=\"twitter:label1\" content=\"Scritto da\" \/>\n\t<meta name=\"twitter:data1\" content=\"Emanuele Rebuffini\" \/>\n\t<meta name=\"twitter:label2\" content=\"Tempo di lettura stimato\" \/>\n\t<meta name=\"twitter:data2\" content=\"2 minuti\" \/>\n<script type=\"application\/ld+json\" class=\"yoast-schema-graph\">{\"@context\":\"https:\/\/schema.org\",\"@graph\":[{\"@type\":\"Article\",\"@id\":\"http:\/\/web.quotidianopiemontese.it\/cultura-arte-e-spettacolo-a-torino\/ossessioni-e-tormenti-francis-bacon-a-palazzo-cavour\/#article\",\"isPartOf\":{\"@id\":\"http:\/\/web.quotidianopiemontese.it\/cultura-arte-e-spettacolo-a-torino\/ossessioni-e-tormenti-francis-bacon-a-palazzo-cavour\/\"},\"author\":{\"name\":\"Emanuele Rebuffini\",\"@id\":\"https:\/\/web.quotidianopiemontese.it\/cultura-arte-e-spettacolo-a-torino\/#\/schema\/person\/b035109a4cc7d3e93911b78d8cebf3a0\"},\"headline\":\"Ossessioni e tormenti. Francis Bacon a Palazzo Cavour\",\"datePublished\":\"2018-05-18T12:28:46+00:00\",\"mainEntityOfPage\":{\"@id\":\"http:\/\/web.quotidianopiemontese.it\/cultura-arte-e-spettacolo-a-torino\/ossessioni-e-tormenti-francis-bacon-a-palazzo-cavour\/\"},\"wordCount\":309,\"commentCount\":0,\"image\":{\"@id\":\"http:\/\/web.quotidianopiemontese.it\/cultura-arte-e-spettacolo-a-torino\/ossessioni-e-tormenti-francis-bacon-a-palazzo-cavour\/#primaryimage\"},\"thumbnailUrl\":\"https:\/\/web.quotidianopiemontese.it\/cultura-arte-e-spettacolo-a-torino\/files\/2018\/05\/32856070_10215641181724246_3018430319012347904_n.jpg\",\"keywords\":[\"Francis Bacon\",\"Palazzo Cavour\"],\"articleSection\":[\"Cultura, arte, spettacolo\"],\"inLanguage\":\"it-IT\",\"potentialAction\":[{\"@type\":\"CommentAction\",\"name\":\"Comment\",\"target\":[\"http:\/\/web.quotidianopiemontese.it\/cultura-arte-e-spettacolo-a-torino\/ossessioni-e-tormenti-francis-bacon-a-palazzo-cavour\/#respond\"]}]},{\"@type\":\"WebPage\",\"@id\":\"http:\/\/web.quotidianopiemontese.it\/cultura-arte-e-spettacolo-a-torino\/ossessioni-e-tormenti-francis-bacon-a-palazzo-cavour\/\",\"url\":\"http:\/\/web.quotidianopiemontese.it\/cultura-arte-e-spettacolo-a-torino\/ossessioni-e-tormenti-francis-bacon-a-palazzo-cavour\/\",\"name\":\"Ossessioni e tormenti. Francis Bacon a Palazzo Cavour - 18 Maggio 2018\",\"isPartOf\":{\"@id\":\"https:\/\/web.quotidianopiemontese.it\/cultura-arte-e-spettacolo-a-torino\/#website\"},\"primaryImageOfPage\":{\"@id\":\"http:\/\/web.quotidianopiemontese.it\/cultura-arte-e-spettacolo-a-torino\/ossessioni-e-tormenti-francis-bacon-a-palazzo-cavour\/#primaryimage\"},\"image\":{\"@id\":\"http:\/\/web.quotidianopiemontese.it\/cultura-arte-e-spettacolo-a-torino\/ossessioni-e-tormenti-francis-bacon-a-palazzo-cavour\/#primaryimage\"},\"thumbnailUrl\":\"https:\/\/web.quotidianopiemontese.it\/cultura-arte-e-spettacolo-a-torino\/files\/2018\/05\/32856070_10215641181724246_3018430319012347904_n.jpg\",\"datePublished\":\"2018-05-18T12:28:46+00:00\",\"author\":{\"@id\":\"https:\/\/web.quotidianopiemontese.it\/cultura-arte-e-spettacolo-a-torino\/#\/schema\/person\/b035109a4cc7d3e93911b78d8cebf3a0\"},\"description\":\"Ossessioni e tormenti. Francis Bacon a Palazzo Cavour - Cultura, Arte e Spettacolo a Torino - \u201cPenso che l\u2019arte sia un\u2019ossessione per la vita e, dato che siamo esseri umani, la nostra pi\u00f9 grande ossessione \u00e8 quella per noi stessi\u201d: chiude il 20 - Francis Bacon, Palazzo Cavour\",\"inLanguage\":\"it-IT\",\"potentialAction\":[{\"@type\":\"ReadAction\",\"target\":[\"http:\/\/web.quotidianopiemontese.it\/cultura-arte-e-spettacolo-a-torino\/ossessioni-e-tormenti-francis-bacon-a-palazzo-cavour\/\"]}]},{\"@type\":\"ImageObject\",\"inLanguage\":\"it-IT\",\"@id\":\"http:\/\/web.quotidianopiemontese.it\/cultura-arte-e-spettacolo-a-torino\/ossessioni-e-tormenti-francis-bacon-a-palazzo-cavour\/#primaryimage\",\"url\":\"https:\/\/web.quotidianopiemontese.it\/cultura-arte-e-spettacolo-a-torino\/files\/2018\/05\/32856070_10215641181724246_3018430319012347904_n.jpg\",\"contentUrl\":\"https:\/\/web.quotidianopiemontese.it\/cultura-arte-e-spettacolo-a-torino\/files\/2018\/05\/32856070_10215641181724246_3018430319012347904_n.jpg\",\"width\":644,\"height\":960},{\"@type\":\"WebSite\",\"@id\":\"https:\/\/web.quotidianopiemontese.it\/cultura-arte-e-spettacolo-a-torino\/#website\",\"url\":\"https:\/\/web.quotidianopiemontese.it\/cultura-arte-e-spettacolo-a-torino\/\",\"name\":\"Cultura, Arte e Spettacolo a Torino\",\"description\":\"Quotidiano Piemontese\",\"potentialAction\":[{\"@type\":\"SearchAction\",\"target\":{\"@type\":\"EntryPoint\",\"urlTemplate\":\"https:\/\/web.quotidianopiemontese.it\/cultura-arte-e-spettacolo-a-torino\/?s={search_term_string}\"},\"query-input\":{\"@type\":\"PropertyValueSpecification\",\"valueRequired\":true,\"valueName\":\"search_term_string\"}}],\"inLanguage\":\"it-IT\"},{\"@type\":\"Person\",\"@id\":\"https:\/\/web.quotidianopiemontese.it\/cultura-arte-e-spettacolo-a-torino\/#\/schema\/person\/b035109a4cc7d3e93911b78d8cebf3a0\",\"name\":\"Emanuele Rebuffini\",\"image\":{\"@type\":\"ImageObject\",\"inLanguage\":\"it-IT\",\"@id\":\"https:\/\/web.quotidianopiemontese.it\/cultura-arte-e-spettacolo-a-torino\/#\/schema\/person\/image\/\",\"url\":\"https:\/\/secure.gravatar.com\/avatar\/519a0a38be4cbbcf40fb5bc1b1173a85af291a3a8697df454a94ad7e05574628?s=96&d=mm&r=g\",\"contentUrl\":\"https:\/\/secure.gravatar.com\/avatar\/519a0a38be4cbbcf40fb5bc1b1173a85af291a3a8697df454a94ad7e05574628?s=96&d=mm&r=g\",\"caption\":\"Emanuele Rebuffini\"},\"sameAs\":[\"http:\/\/www.quotidianopiemontese.it\/cultura-arte-e-spettacolo-a-torino\/\"],\"url\":\"https:\/\/web.quotidianopiemontese.it\/cultura-arte-e-spettacolo-a-torino\/author\/emanuelerebuffini\/\"}]}<\/script>\n<!-- \/ Yoast SEO plugin. -->","yoast_head_json":{"title":"Ossessioni e tormenti. Francis Bacon a Palazzo Cavour - 18 Maggio 2018","description":"Ossessioni e tormenti. Francis Bacon a Palazzo Cavour - Cultura, Arte e Spettacolo a Torino - \u201cPenso che l\u2019arte sia un\u2019ossessione per la vita e, dato che siamo esseri umani, la nostra pi\u00f9 grande ossessione \u00e8 quella per noi stessi\u201d: chiude il 20 - Francis Bacon, Palazzo Cavour","robots":{"index":"index","follow":"follow","max-snippet":"max-snippet:-1","max-image-preview":"max-image-preview:large","max-video-preview":"max-video-preview:-1"},"canonical":"http:\/\/web.quotidianopiemontese.it\/cultura-arte-e-spettacolo-a-torino\/ossessioni-e-tormenti-francis-bacon-a-palazzo-cavour\/","og_locale":"it_IT","og_type":"article","og_title":"Ossessioni e tormenti. Francis Bacon a Palazzo Cavour - 18 Maggio 2018","og_description":"Ossessioni e tormenti. Francis Bacon a Palazzo Cavour - Cultura, Arte e Spettacolo a Torino - \u201cPenso che l\u2019arte sia un\u2019ossessione per la vita e, dato che siamo esseri umani, la nostra pi\u00f9 grande ossessione \u00e8 quella per noi stessi\u201d: chiude il 20 - Francis Bacon, Palazzo Cavour","og_url":"http:\/\/web.quotidianopiemontese.it\/cultura-arte-e-spettacolo-a-torino\/ossessioni-e-tormenti-francis-bacon-a-palazzo-cavour\/","og_site_name":"Cultura, Arte e Spettacolo a Torino","article_publisher":"https:\/\/www.facebook.com\/quotidianopiemontese?fref=ts","article_published_time":"2018-05-18T12:28:46+00:00","og_image":[{"width":644,"height":960,"url":"http:\/\/web.quotidianopiemontese.it\/cultura-arte-e-spettacolo-a-torino\/files\/2018\/05\/32856070_10215641181724246_3018430319012347904_n.jpg","type":"image\/jpeg"}],"author":"Emanuele Rebuffini","twitter_misc":{"Scritto da":"Emanuele Rebuffini","Tempo di lettura stimato":"2 minuti"},"schema":{"@context":"https:\/\/schema.org","@graph":[{"@type":"Article","@id":"http:\/\/web.quotidianopiemontese.it\/cultura-arte-e-spettacolo-a-torino\/ossessioni-e-tormenti-francis-bacon-a-palazzo-cavour\/#article","isPartOf":{"@id":"http:\/\/web.quotidianopiemontese.it\/cultura-arte-e-spettacolo-a-torino\/ossessioni-e-tormenti-francis-bacon-a-palazzo-cavour\/"},"author":{"name":"Emanuele Rebuffini","@id":"https:\/\/web.quotidianopiemontese.it\/cultura-arte-e-spettacolo-a-torino\/#\/schema\/person\/b035109a4cc7d3e93911b78d8cebf3a0"},"headline":"Ossessioni e tormenti. Francis Bacon a Palazzo Cavour","datePublished":"2018-05-18T12:28:46+00:00","mainEntityOfPage":{"@id":"http:\/\/web.quotidianopiemontese.it\/cultura-arte-e-spettacolo-a-torino\/ossessioni-e-tormenti-francis-bacon-a-palazzo-cavour\/"},"wordCount":309,"commentCount":0,"image":{"@id":"http:\/\/web.quotidianopiemontese.it\/cultura-arte-e-spettacolo-a-torino\/ossessioni-e-tormenti-francis-bacon-a-palazzo-cavour\/#primaryimage"},"thumbnailUrl":"https:\/\/web.quotidianopiemontese.it\/cultura-arte-e-spettacolo-a-torino\/files\/2018\/05\/32856070_10215641181724246_3018430319012347904_n.jpg","keywords":["Francis Bacon","Palazzo Cavour"],"articleSection":["Cultura, arte, spettacolo"],"inLanguage":"it-IT","potentialAction":[{"@type":"CommentAction","name":"Comment","target":["http:\/\/web.quotidianopiemontese.it\/cultura-arte-e-spettacolo-a-torino\/ossessioni-e-tormenti-francis-bacon-a-palazzo-cavour\/#respond"]}]},{"@type":"WebPage","@id":"http:\/\/web.quotidianopiemontese.it\/cultura-arte-e-spettacolo-a-torino\/ossessioni-e-tormenti-francis-bacon-a-palazzo-cavour\/","url":"http:\/\/web.quotidianopiemontese.it\/cultura-arte-e-spettacolo-a-torino\/ossessioni-e-tormenti-francis-bacon-a-palazzo-cavour\/","name":"Ossessioni e tormenti. Francis Bacon a Palazzo Cavour - 18 Maggio 2018","isPartOf":{"@id":"https:\/\/web.quotidianopiemontese.it\/cultura-arte-e-spettacolo-a-torino\/#website"},"primaryImageOfPage":{"@id":"http:\/\/web.quotidianopiemontese.it\/cultura-arte-e-spettacolo-a-torino\/ossessioni-e-tormenti-francis-bacon-a-palazzo-cavour\/#primaryimage"},"image":{"@id":"http:\/\/web.quotidianopiemontese.it\/cultura-arte-e-spettacolo-a-torino\/ossessioni-e-tormenti-francis-bacon-a-palazzo-cavour\/#primaryimage"},"thumbnailUrl":"https:\/\/web.quotidianopiemontese.it\/cultura-arte-e-spettacolo-a-torino\/files\/2018\/05\/32856070_10215641181724246_3018430319012347904_n.jpg","datePublished":"2018-05-18T12:28:46+00:00","author":{"@id":"https:\/\/web.quotidianopiemontese.it\/cultura-arte-e-spettacolo-a-torino\/#\/schema\/person\/b035109a4cc7d3e93911b78d8cebf3a0"},"description":"Ossessioni e tormenti. Francis Bacon a Palazzo Cavour - Cultura, Arte e Spettacolo a Torino - \u201cPenso che l\u2019arte sia un\u2019ossessione per la vita e, dato che siamo esseri umani, la nostra pi\u00f9 grande ossessione \u00e8 quella per noi stessi\u201d: chiude il 20 - Francis Bacon, Palazzo Cavour","inLanguage":"it-IT","potentialAction":[{"@type":"ReadAction","target":["http:\/\/web.quotidianopiemontese.it\/cultura-arte-e-spettacolo-a-torino\/ossessioni-e-tormenti-francis-bacon-a-palazzo-cavour\/"]}]},{"@type":"ImageObject","inLanguage":"it-IT","@id":"http:\/\/web.quotidianopiemontese.it\/cultura-arte-e-spettacolo-a-torino\/ossessioni-e-tormenti-francis-bacon-a-palazzo-cavour\/#primaryimage","url":"https:\/\/web.quotidianopiemontese.it\/cultura-arte-e-spettacolo-a-torino\/files\/2018\/05\/32856070_10215641181724246_3018430319012347904_n.jpg","contentUrl":"https:\/\/web.quotidianopiemontese.it\/cultura-arte-e-spettacolo-a-torino\/files\/2018\/05\/32856070_10215641181724246_3018430319012347904_n.jpg","width":644,"height":960},{"@type":"WebSite","@id":"https:\/\/web.quotidianopiemontese.it\/cultura-arte-e-spettacolo-a-torino\/#website","url":"https:\/\/web.quotidianopiemontese.it\/cultura-arte-e-spettacolo-a-torino\/","name":"Cultura, Arte e Spettacolo a Torino","description":"Quotidiano Piemontese","potentialAction":[{"@type":"SearchAction","target":{"@type":"EntryPoint","urlTemplate":"https:\/\/web.quotidianopiemontese.it\/cultura-arte-e-spettacolo-a-torino\/?s={search_term_string}"},"query-input":{"@type":"PropertyValueSpecification","valueRequired":true,"valueName":"search_term_string"}}],"inLanguage":"it-IT"},{"@type":"Person","@id":"https:\/\/web.quotidianopiemontese.it\/cultura-arte-e-spettacolo-a-torino\/#\/schema\/person\/b035109a4cc7d3e93911b78d8cebf3a0","name":"Emanuele Rebuffini","image":{"@type":"ImageObject","inLanguage":"it-IT","@id":"https:\/\/web.quotidianopiemontese.it\/cultura-arte-e-spettacolo-a-torino\/#\/schema\/person\/image\/","url":"https:\/\/secure.gravatar.com\/avatar\/519a0a38be4cbbcf40fb5bc1b1173a85af291a3a8697df454a94ad7e05574628?s=96&d=mm&r=g","contentUrl":"https:\/\/secure.gravatar.com\/avatar\/519a0a38be4cbbcf40fb5bc1b1173a85af291a3a8697df454a94ad7e05574628?s=96&d=mm&r=g","caption":"Emanuele Rebuffini"},"sameAs":["http:\/\/www.quotidianopiemontese.it\/cultura-arte-e-spettacolo-a-torino\/"],"url":"https:\/\/web.quotidianopiemontese.it\/cultura-arte-e-spettacolo-a-torino\/author\/emanuelerebuffini\/"}]}},"_links":{"self":[{"href":"https:\/\/web.quotidianopiemontese.it\/cultura-arte-e-spettacolo-a-torino\/wp-json\/wp\/v2\/posts\/294","targetHints":{"allow":["GET"]}}],"collection":[{"href":"https:\/\/web.quotidianopiemontese.it\/cultura-arte-e-spettacolo-a-torino\/wp-json\/wp\/v2\/posts"}],"about":[{"href":"https:\/\/web.quotidianopiemontese.it\/cultura-arte-e-spettacolo-a-torino\/wp-json\/wp\/v2\/types\/post"}],"author":[{"embeddable":true,"href":"https:\/\/web.quotidianopiemontese.it\/cultura-arte-e-spettacolo-a-torino\/wp-json\/wp\/v2\/users\/1361"}],"replies":[{"embeddable":true,"href":"https:\/\/web.quotidianopiemontese.it\/cultura-arte-e-spettacolo-a-torino\/wp-json\/wp\/v2\/comments?post=294"}],"version-history":[{"count":0,"href":"https:\/\/web.quotidianopiemontese.it\/cultura-arte-e-spettacolo-a-torino\/wp-json\/wp\/v2\/posts\/294\/revisions"}],"wp:featuredmedia":[{"embeddable":true,"href":"https:\/\/web.quotidianopiemontese.it\/cultura-arte-e-spettacolo-a-torino\/wp-json\/wp\/v2\/media\/296"}],"wp:attachment":[{"href":"https:\/\/web.quotidianopiemontese.it\/cultura-arte-e-spettacolo-a-torino\/wp-json\/wp\/v2\/media?parent=294"}],"wp:term":[{"taxonomy":"category","embeddable":true,"href":"https:\/\/web.quotidianopiemontese.it\/cultura-arte-e-spettacolo-a-torino\/wp-json\/wp\/v2\/categories?post=294"},{"taxonomy":"post_tag","embeddable":true,"href":"https:\/\/web.quotidianopiemontese.it\/cultura-arte-e-spettacolo-a-torino\/wp-json\/wp\/v2\/tags?post=294"}],"curies":[{"name":"wp","href":"https:\/\/api.w.org\/{rel}","templated":true}]}}