{"id":288,"date":"2018-05-16T17:10:06","date_gmt":"2018-05-16T15:10:06","guid":{"rendered":"http:\/\/web.quotidianopiemontese.it\/cultura-arte-e-spettacolo-a-torino\/?p=288"},"modified":"2018-05-16T17:10:06","modified_gmt":"2018-05-16T15:10:06","slug":"finardimente-in-due-eugenio-finardi-chiude-la-stagione-del-folkclub","status":"publish","type":"post","link":"https:\/\/web.quotidianopiemontese.it\/cultura-arte-e-spettacolo-a-torino\/finardimente-in-due-eugenio-finardi-chiude-la-stagione-del-folkclub\/","title":{"rendered":"Finardimente in Due. Eugenio Finardi chiude la stagione del FolkClub"},"content":{"rendered":"<p>Il <strong>FolkClub<\/strong> chiude la sua trentesima stagione <strong>venerd\u00ec 18 maggio<\/strong> ospitando <strong><em>Finardimente in Due<\/em><\/strong><strong>,<\/strong> versione in duo acustico dell\u2019ultimo spettacolo di <strong>Eugenio Finardi<\/strong>, accompagnato dal chitarrista<strong> Giovanni Maggiore, <\/strong>alias <strong><em>Giuvazza<\/em><\/strong>, promettente cantautore e affermato musicista della scena torinese. <!--more-->\u00abOgnuna delle occasioni in cui Eugenio ha calcato il palco del <strong>FolkClub &#8211;<\/strong> spiega <strong>Paolo Luc\u00e0<\/strong> &#8211; \u00e8 stata un indimenticabile incontro, carico di emozioni, di empatia e soprattutto di ottima musica. Fuori dagli schemi, sempre coerente con s\u00e9 stesso, di altissimo profilo culturale, <strong>Finardi<\/strong> \u00e8 la personalit\u00e0 ideale per suggellare la stagione del nostro trentesimo anniversario\u00bb.<\/p>\n<p>Correva l\u2019anno 1975 quando <strong>Eugenio Finardi<\/strong> pubblicava il suo primo disco nel 1975: canzoni come <em>La Radio<\/em>, <em>Un Uomo<\/em> e soprattutto <em>Musica Ribelle<\/em>, sono manifesti generazionali arrivati ai giorni nostri con la stessa forza dirompente delle origini. A distanza di 40 anni e dopo un lungo viaggio fatto di ricerca musicale e interiore, <strong>Eugenio Finardi<\/strong> \u00e8 pi\u00f9 che mai simbolo di temperamento indomito, sperimentazione, libert\u00e0 intellettuale e attenzione al prossimo, caratteristiche che lo hanno reso il <em>guru della musica \u2018ribelle e indipendente\u2019<\/em>.<\/p>\n<p><a href=\"http:\/\/web.quotidianopiemontese.it\/cultura-arte-e-spettacolo-a-torino\/files\/2018\/05\/Eugenio_Finardi_2_COL.jpg\"><img loading=\"lazy\" decoding=\"async\" class=\"alignnone size-medium wp-image-290\" src=\"http:\/\/web.quotidianopiemontese.it\/cultura-arte-e-spettacolo-a-torino\/files\/2018\/05\/Eugenio_Finardi_2_COL-225x300.jpg\" alt=\"\" width=\"225\" height=\"300\" srcset=\"https:\/\/web.quotidianopiemontese.it\/cultura-arte-e-spettacolo-a-torino\/files\/2018\/05\/Eugenio_Finardi_2_COL-225x300.jpg 225w, https:\/\/web.quotidianopiemontese.it\/cultura-arte-e-spettacolo-a-torino\/files\/2018\/05\/Eugenio_Finardi_2_COL-768x1024.jpg 768w, https:\/\/web.quotidianopiemontese.it\/cultura-arte-e-spettacolo-a-torino\/files\/2018\/05\/Eugenio_Finardi_2_COL.jpg 800w\" sizes=\"auto, (max-width: 225px) 85vw, 225px\" \/><\/a><\/p>\n<p>Nel 2016, per celebrare i 40 anni di <em>Musica Ribelle<\/em>, <strong>Eugenio Finardi<\/strong> \u00e8 coinvolto in una serie di progetti, tra cui una mostra, un lavoro di recupero e ristampa delle tracce originali dei suoi primi dischi. Ad aprile 2016 parte il tour <em>40 Anni di Musica Ribelle<\/em> nel quale ripropone tutte le tracce del suo disco cult <em>Sugo<\/em>, uscito nel 1976 e passato alla storia come uno dei 100 migliori dischi italiani di tutti i tempi. Nel novembre 2017 inizia il tour del nuovo show, tra musica e parole: <strong><em>Finardimente<\/em>,<\/strong> in cui il cantautore cerca di svelare la sua verit\u00e0 dietro ogni forma di rappresentazione artistica con un racconto sincero e sfacciato delle emozioni di intere generazioni e ovviamente con la sua musica.<\/p>\n<p>\u00abSempre pi\u00f9 spesso &#8211; dichiara <strong>Eugenio Finardi<\/strong> &#8211; quando le persone mi aspettano per un saluto a fine concerto, mi ringraziano per ci\u00f2 che ho rappresentato nelle loro vite. Da ragazzo questa cosa mi inorgogliva, adesso invece sento principalmente gratitudine e rispondo che sono io a ringraziare loro perch\u00e9 \u00e8 attraverso la loro percezione che sono diventato la persona che sono\u00bb.<br \/>\n\u00abC\u2019\u00e8 una magia particolare nel suonare con un musicista come <strong>Giuvazza<\/strong> &#8211; aggiunge <strong>Finardi <\/strong>&#8211; lui sembra leggerti nel pensiero e sapere gi\u00e0 quali note toccherai e come sottolinearle al meglio\u00bb.<\/p>\n<p>http:\/\/www.folkclub.it<\/p>\n<h4>Emanuele Rebuffini<\/h4>\n<p><a href=\"http:\/\/web.quotidianopiemontese.it\/cultura-arte-e-spettacolo-a-torino\/files\/2018\/05\/images.jpg\"><img loading=\"lazy\" decoding=\"async\" class=\"alignnone size-medium wp-image-291\" src=\"http:\/\/web.quotidianopiemontese.it\/cultura-arte-e-spettacolo-a-torino\/files\/2018\/05\/images-300x113.jpg\" alt=\"\" width=\"300\" height=\"113\" srcset=\"https:\/\/web.quotidianopiemontese.it\/cultura-arte-e-spettacolo-a-torino\/files\/2018\/05\/images-300x113.jpg 300w, https:\/\/web.quotidianopiemontese.it\/cultura-arte-e-spettacolo-a-torino\/files\/2018\/05\/images.jpg 366w\" sizes=\"auto, (max-width: 300px) 85vw, 300px\" \/><\/a><\/p>\n<p>&nbsp;<\/p>\n<p>&nbsp;<\/p>\n<p><strong>\u00a0<\/strong><\/p>\n<p>&nbsp;<\/p>\n<p>&nbsp;<\/p>\n<p>&nbsp;<\/p>\n","protected":false},"excerpt":{"rendered":"<p>Il FolkClub chiude la sua trentesima stagione venerd\u00ec 18 maggio ospitando Finardimente in Due, versione in duo acustico dell\u2019ultimo spettacolo di Eugenio Finardi, accompagnato dal chitarrista Giovanni Maggiore, alias Giuvazza, promettente cantautore e affermato musicista della scena torinese.<\/p>\n","protected":false},"author":1361,"featured_media":289,"comment_status":"open","ping_status":"open","sticky":false,"template":"","format":"standard","meta":{"footnotes":""},"categories":[1],"tags":[91,93,58,92],"class_list":["post-288","post","type-post","status-publish","format-standard","has-post-thumbnail","hentry","category-cultura-arte-spettacolo","tag-eugenio-finardi","tag-finardimente","tag-folkclub","tag-giuvazza"],"yoast_head":"<!-- This site is optimized with the Yoast SEO plugin v27.1.1 - https:\/\/yoast.com\/product\/yoast-seo-wordpress\/ -->\n<title>Finardimente in Due. Eugenio Finardi chiude la stagione del FolkClub - 16 Maggio 2018<\/title>\n<meta name=\"description\" content=\"Finardimente in Due. Eugenio Finardi chiude la stagione del FolkClub - Cultura, Arte e Spettacolo a Torino - Il FolkClub chiude la sua trentesima stagione venerd\u00ec 18 maggio ospitando Finardimente in Due, versione in duo acustico dell\u2019ultimo spettacolo di Eugenio - Eugenio Finardi, Finardimente, Folkclub, Giuvazza\" \/>\n<meta name=\"robots\" content=\"index, follow, max-snippet:-1, max-image-preview:large, max-video-preview:-1\" \/>\n<link rel=\"canonical\" href=\"http:\/\/web.quotidianopiemontese.it\/cultura-arte-e-spettacolo-a-torino\/finardimente-in-due-eugenio-finardi-chiude-la-stagione-del-folkclub\/\" \/>\n<meta property=\"og:locale\" content=\"it_IT\" \/>\n<meta property=\"og:type\" content=\"article\" \/>\n<meta property=\"og:title\" content=\"Finardimente in Due. Eugenio Finardi chiude la stagione del FolkClub - 16 Maggio 2018\" \/>\n<meta property=\"og:description\" content=\"Finardimente in Due. Eugenio Finardi chiude la stagione del FolkClub - Cultura, Arte e Spettacolo a Torino - Il FolkClub chiude la sua trentesima stagione venerd\u00ec 18 maggio ospitando Finardimente in Due, versione in duo acustico dell\u2019ultimo spettacolo di Eugenio - Eugenio Finardi, Finardimente, Folkclub, Giuvazza\" \/>\n<meta property=\"og:url\" content=\"http:\/\/web.quotidianopiemontese.it\/cultura-arte-e-spettacolo-a-torino\/finardimente-in-due-eugenio-finardi-chiude-la-stagione-del-folkclub\/\" \/>\n<meta property=\"og:site_name\" content=\"Cultura, Arte e Spettacolo a Torino\" \/>\n<meta property=\"article:publisher\" content=\"https:\/\/www.facebook.com\/quotidianopiemontese?fref=ts\" \/>\n<meta property=\"article:published_time\" content=\"2018-05-16T15:10:06+00:00\" \/>\n<meta property=\"og:image\" content=\"http:\/\/web.quotidianopiemontese.it\/cultura-arte-e-spettacolo-a-torino\/files\/2018\/05\/Eugenio_Finardi_COL.jpg\" \/>\n\t<meta property=\"og:image:width\" content=\"800\" \/>\n\t<meta property=\"og:image:height\" content=\"600\" \/>\n\t<meta property=\"og:image:type\" content=\"image\/jpeg\" \/>\n<meta name=\"author\" content=\"Emanuele Rebuffini\" \/>\n<meta name=\"twitter:label1\" content=\"Scritto da\" \/>\n\t<meta name=\"twitter:data1\" content=\"Emanuele Rebuffini\" \/>\n\t<meta name=\"twitter:label2\" content=\"Tempo di lettura stimato\" \/>\n\t<meta name=\"twitter:data2\" content=\"2 minuti\" \/>\n<script type=\"application\/ld+json\" class=\"yoast-schema-graph\">{\"@context\":\"https:\/\/schema.org\",\"@graph\":[{\"@type\":\"Article\",\"@id\":\"http:\/\/web.quotidianopiemontese.it\/cultura-arte-e-spettacolo-a-torino\/finardimente-in-due-eugenio-finardi-chiude-la-stagione-del-folkclub\/#article\",\"isPartOf\":{\"@id\":\"http:\/\/web.quotidianopiemontese.it\/cultura-arte-e-spettacolo-a-torino\/finardimente-in-due-eugenio-finardi-chiude-la-stagione-del-folkclub\/\"},\"author\":{\"name\":\"Emanuele Rebuffini\",\"@id\":\"https:\/\/web.quotidianopiemontese.it\/cultura-arte-e-spettacolo-a-torino\/#\/schema\/person\/b035109a4cc7d3e93911b78d8cebf3a0\"},\"headline\":\"Finardimente in Due. Eugenio Finardi chiude la stagione del FolkClub\",\"datePublished\":\"2018-05-16T15:10:06+00:00\",\"mainEntityOfPage\":{\"@id\":\"http:\/\/web.quotidianopiemontese.it\/cultura-arte-e-spettacolo-a-torino\/finardimente-in-due-eugenio-finardi-chiude-la-stagione-del-folkclub\/\"},\"wordCount\":399,\"commentCount\":0,\"image\":{\"@id\":\"http:\/\/web.quotidianopiemontese.it\/cultura-arte-e-spettacolo-a-torino\/finardimente-in-due-eugenio-finardi-chiude-la-stagione-del-folkclub\/#primaryimage\"},\"thumbnailUrl\":\"https:\/\/web.quotidianopiemontese.it\/cultura-arte-e-spettacolo-a-torino\/files\/2018\/05\/Eugenio_Finardi_COL.jpg\",\"keywords\":[\"Eugenio Finardi\",\"Finardimente\",\"Folkclub\",\"Giuvazza\"],\"articleSection\":[\"Cultura, arte, spettacolo\"],\"inLanguage\":\"it-IT\",\"potentialAction\":[{\"@type\":\"CommentAction\",\"name\":\"Comment\",\"target\":[\"http:\/\/web.quotidianopiemontese.it\/cultura-arte-e-spettacolo-a-torino\/finardimente-in-due-eugenio-finardi-chiude-la-stagione-del-folkclub\/#respond\"]}]},{\"@type\":\"WebPage\",\"@id\":\"http:\/\/web.quotidianopiemontese.it\/cultura-arte-e-spettacolo-a-torino\/finardimente-in-due-eugenio-finardi-chiude-la-stagione-del-folkclub\/\",\"url\":\"http:\/\/web.quotidianopiemontese.it\/cultura-arte-e-spettacolo-a-torino\/finardimente-in-due-eugenio-finardi-chiude-la-stagione-del-folkclub\/\",\"name\":\"Finardimente in Due. Eugenio Finardi chiude la stagione del FolkClub - 16 Maggio 2018\",\"isPartOf\":{\"@id\":\"https:\/\/web.quotidianopiemontese.it\/cultura-arte-e-spettacolo-a-torino\/#website\"},\"primaryImageOfPage\":{\"@id\":\"http:\/\/web.quotidianopiemontese.it\/cultura-arte-e-spettacolo-a-torino\/finardimente-in-due-eugenio-finardi-chiude-la-stagione-del-folkclub\/#primaryimage\"},\"image\":{\"@id\":\"http:\/\/web.quotidianopiemontese.it\/cultura-arte-e-spettacolo-a-torino\/finardimente-in-due-eugenio-finardi-chiude-la-stagione-del-folkclub\/#primaryimage\"},\"thumbnailUrl\":\"https:\/\/web.quotidianopiemontese.it\/cultura-arte-e-spettacolo-a-torino\/files\/2018\/05\/Eugenio_Finardi_COL.jpg\",\"datePublished\":\"2018-05-16T15:10:06+00:00\",\"author\":{\"@id\":\"https:\/\/web.quotidianopiemontese.it\/cultura-arte-e-spettacolo-a-torino\/#\/schema\/person\/b035109a4cc7d3e93911b78d8cebf3a0\"},\"description\":\"Finardimente in Due. Eugenio Finardi chiude la stagione del FolkClub - Cultura, Arte e Spettacolo a Torino - Il FolkClub chiude la sua trentesima stagione venerd\u00ec 18 maggio ospitando Finardimente in Due, versione in duo acustico dell\u2019ultimo spettacolo di Eugenio - Eugenio Finardi, Finardimente, Folkclub, Giuvazza\",\"inLanguage\":\"it-IT\",\"potentialAction\":[{\"@type\":\"ReadAction\",\"target\":[\"http:\/\/web.quotidianopiemontese.it\/cultura-arte-e-spettacolo-a-torino\/finardimente-in-due-eugenio-finardi-chiude-la-stagione-del-folkclub\/\"]}]},{\"@type\":\"ImageObject\",\"inLanguage\":\"it-IT\",\"@id\":\"http:\/\/web.quotidianopiemontese.it\/cultura-arte-e-spettacolo-a-torino\/finardimente-in-due-eugenio-finardi-chiude-la-stagione-del-folkclub\/#primaryimage\",\"url\":\"https:\/\/web.quotidianopiemontese.it\/cultura-arte-e-spettacolo-a-torino\/files\/2018\/05\/Eugenio_Finardi_COL.jpg\",\"contentUrl\":\"https:\/\/web.quotidianopiemontese.it\/cultura-arte-e-spettacolo-a-torino\/files\/2018\/05\/Eugenio_Finardi_COL.jpg\",\"width\":800,\"height\":600},{\"@type\":\"WebSite\",\"@id\":\"https:\/\/web.quotidianopiemontese.it\/cultura-arte-e-spettacolo-a-torino\/#website\",\"url\":\"https:\/\/web.quotidianopiemontese.it\/cultura-arte-e-spettacolo-a-torino\/\",\"name\":\"Cultura, Arte e Spettacolo a Torino\",\"description\":\"Quotidiano Piemontese\",\"potentialAction\":[{\"@type\":\"SearchAction\",\"target\":{\"@type\":\"EntryPoint\",\"urlTemplate\":\"https:\/\/web.quotidianopiemontese.it\/cultura-arte-e-spettacolo-a-torino\/?s={search_term_string}\"},\"query-input\":{\"@type\":\"PropertyValueSpecification\",\"valueRequired\":true,\"valueName\":\"search_term_string\"}}],\"inLanguage\":\"it-IT\"},{\"@type\":\"Person\",\"@id\":\"https:\/\/web.quotidianopiemontese.it\/cultura-arte-e-spettacolo-a-torino\/#\/schema\/person\/b035109a4cc7d3e93911b78d8cebf3a0\",\"name\":\"Emanuele Rebuffini\",\"image\":{\"@type\":\"ImageObject\",\"inLanguage\":\"it-IT\",\"@id\":\"https:\/\/web.quotidianopiemontese.it\/cultura-arte-e-spettacolo-a-torino\/#\/schema\/person\/image\/\",\"url\":\"https:\/\/secure.gravatar.com\/avatar\/519a0a38be4cbbcf40fb5bc1b1173a85af291a3a8697df454a94ad7e05574628?s=96&d=mm&r=g\",\"contentUrl\":\"https:\/\/secure.gravatar.com\/avatar\/519a0a38be4cbbcf40fb5bc1b1173a85af291a3a8697df454a94ad7e05574628?s=96&d=mm&r=g\",\"caption\":\"Emanuele Rebuffini\"},\"sameAs\":[\"http:\/\/www.quotidianopiemontese.it\/cultura-arte-e-spettacolo-a-torino\/\"],\"url\":\"https:\/\/web.quotidianopiemontese.it\/cultura-arte-e-spettacolo-a-torino\/author\/emanuelerebuffini\/\"}]}<\/script>\n<!-- \/ Yoast SEO plugin. -->","yoast_head_json":{"title":"Finardimente in Due. Eugenio Finardi chiude la stagione del FolkClub - 16 Maggio 2018","description":"Finardimente in Due. Eugenio Finardi chiude la stagione del FolkClub - Cultura, Arte e Spettacolo a Torino - Il FolkClub chiude la sua trentesima stagione venerd\u00ec 18 maggio ospitando Finardimente in Due, versione in duo acustico dell\u2019ultimo spettacolo di Eugenio - Eugenio Finardi, Finardimente, Folkclub, Giuvazza","robots":{"index":"index","follow":"follow","max-snippet":"max-snippet:-1","max-image-preview":"max-image-preview:large","max-video-preview":"max-video-preview:-1"},"canonical":"http:\/\/web.quotidianopiemontese.it\/cultura-arte-e-spettacolo-a-torino\/finardimente-in-due-eugenio-finardi-chiude-la-stagione-del-folkclub\/","og_locale":"it_IT","og_type":"article","og_title":"Finardimente in Due. Eugenio Finardi chiude la stagione del FolkClub - 16 Maggio 2018","og_description":"Finardimente in Due. Eugenio Finardi chiude la stagione del FolkClub - Cultura, Arte e Spettacolo a Torino - Il FolkClub chiude la sua trentesima stagione venerd\u00ec 18 maggio ospitando Finardimente in Due, versione in duo acustico dell\u2019ultimo spettacolo di Eugenio - Eugenio Finardi, Finardimente, Folkclub, Giuvazza","og_url":"http:\/\/web.quotidianopiemontese.it\/cultura-arte-e-spettacolo-a-torino\/finardimente-in-due-eugenio-finardi-chiude-la-stagione-del-folkclub\/","og_site_name":"Cultura, Arte e Spettacolo a Torino","article_publisher":"https:\/\/www.facebook.com\/quotidianopiemontese?fref=ts","article_published_time":"2018-05-16T15:10:06+00:00","og_image":[{"width":800,"height":600,"url":"http:\/\/web.quotidianopiemontese.it\/cultura-arte-e-spettacolo-a-torino\/files\/2018\/05\/Eugenio_Finardi_COL.jpg","type":"image\/jpeg"}],"author":"Emanuele Rebuffini","twitter_misc":{"Scritto da":"Emanuele Rebuffini","Tempo di lettura stimato":"2 minuti"},"schema":{"@context":"https:\/\/schema.org","@graph":[{"@type":"Article","@id":"http:\/\/web.quotidianopiemontese.it\/cultura-arte-e-spettacolo-a-torino\/finardimente-in-due-eugenio-finardi-chiude-la-stagione-del-folkclub\/#article","isPartOf":{"@id":"http:\/\/web.quotidianopiemontese.it\/cultura-arte-e-spettacolo-a-torino\/finardimente-in-due-eugenio-finardi-chiude-la-stagione-del-folkclub\/"},"author":{"name":"Emanuele Rebuffini","@id":"https:\/\/web.quotidianopiemontese.it\/cultura-arte-e-spettacolo-a-torino\/#\/schema\/person\/b035109a4cc7d3e93911b78d8cebf3a0"},"headline":"Finardimente in Due. Eugenio Finardi chiude la stagione del FolkClub","datePublished":"2018-05-16T15:10:06+00:00","mainEntityOfPage":{"@id":"http:\/\/web.quotidianopiemontese.it\/cultura-arte-e-spettacolo-a-torino\/finardimente-in-due-eugenio-finardi-chiude-la-stagione-del-folkclub\/"},"wordCount":399,"commentCount":0,"image":{"@id":"http:\/\/web.quotidianopiemontese.it\/cultura-arte-e-spettacolo-a-torino\/finardimente-in-due-eugenio-finardi-chiude-la-stagione-del-folkclub\/#primaryimage"},"thumbnailUrl":"https:\/\/web.quotidianopiemontese.it\/cultura-arte-e-spettacolo-a-torino\/files\/2018\/05\/Eugenio_Finardi_COL.jpg","keywords":["Eugenio Finardi","Finardimente","Folkclub","Giuvazza"],"articleSection":["Cultura, arte, spettacolo"],"inLanguage":"it-IT","potentialAction":[{"@type":"CommentAction","name":"Comment","target":["http:\/\/web.quotidianopiemontese.it\/cultura-arte-e-spettacolo-a-torino\/finardimente-in-due-eugenio-finardi-chiude-la-stagione-del-folkclub\/#respond"]}]},{"@type":"WebPage","@id":"http:\/\/web.quotidianopiemontese.it\/cultura-arte-e-spettacolo-a-torino\/finardimente-in-due-eugenio-finardi-chiude-la-stagione-del-folkclub\/","url":"http:\/\/web.quotidianopiemontese.it\/cultura-arte-e-spettacolo-a-torino\/finardimente-in-due-eugenio-finardi-chiude-la-stagione-del-folkclub\/","name":"Finardimente in Due. Eugenio Finardi chiude la stagione del FolkClub - 16 Maggio 2018","isPartOf":{"@id":"https:\/\/web.quotidianopiemontese.it\/cultura-arte-e-spettacolo-a-torino\/#website"},"primaryImageOfPage":{"@id":"http:\/\/web.quotidianopiemontese.it\/cultura-arte-e-spettacolo-a-torino\/finardimente-in-due-eugenio-finardi-chiude-la-stagione-del-folkclub\/#primaryimage"},"image":{"@id":"http:\/\/web.quotidianopiemontese.it\/cultura-arte-e-spettacolo-a-torino\/finardimente-in-due-eugenio-finardi-chiude-la-stagione-del-folkclub\/#primaryimage"},"thumbnailUrl":"https:\/\/web.quotidianopiemontese.it\/cultura-arte-e-spettacolo-a-torino\/files\/2018\/05\/Eugenio_Finardi_COL.jpg","datePublished":"2018-05-16T15:10:06+00:00","author":{"@id":"https:\/\/web.quotidianopiemontese.it\/cultura-arte-e-spettacolo-a-torino\/#\/schema\/person\/b035109a4cc7d3e93911b78d8cebf3a0"},"description":"Finardimente in Due. Eugenio Finardi chiude la stagione del FolkClub - Cultura, Arte e Spettacolo a Torino - Il FolkClub chiude la sua trentesima stagione venerd\u00ec 18 maggio ospitando Finardimente in Due, versione in duo acustico dell\u2019ultimo spettacolo di Eugenio - Eugenio Finardi, Finardimente, Folkclub, Giuvazza","inLanguage":"it-IT","potentialAction":[{"@type":"ReadAction","target":["http:\/\/web.quotidianopiemontese.it\/cultura-arte-e-spettacolo-a-torino\/finardimente-in-due-eugenio-finardi-chiude-la-stagione-del-folkclub\/"]}]},{"@type":"ImageObject","inLanguage":"it-IT","@id":"http:\/\/web.quotidianopiemontese.it\/cultura-arte-e-spettacolo-a-torino\/finardimente-in-due-eugenio-finardi-chiude-la-stagione-del-folkclub\/#primaryimage","url":"https:\/\/web.quotidianopiemontese.it\/cultura-arte-e-spettacolo-a-torino\/files\/2018\/05\/Eugenio_Finardi_COL.jpg","contentUrl":"https:\/\/web.quotidianopiemontese.it\/cultura-arte-e-spettacolo-a-torino\/files\/2018\/05\/Eugenio_Finardi_COL.jpg","width":800,"height":600},{"@type":"WebSite","@id":"https:\/\/web.quotidianopiemontese.it\/cultura-arte-e-spettacolo-a-torino\/#website","url":"https:\/\/web.quotidianopiemontese.it\/cultura-arte-e-spettacolo-a-torino\/","name":"Cultura, Arte e Spettacolo a Torino","description":"Quotidiano Piemontese","potentialAction":[{"@type":"SearchAction","target":{"@type":"EntryPoint","urlTemplate":"https:\/\/web.quotidianopiemontese.it\/cultura-arte-e-spettacolo-a-torino\/?s={search_term_string}"},"query-input":{"@type":"PropertyValueSpecification","valueRequired":true,"valueName":"search_term_string"}}],"inLanguage":"it-IT"},{"@type":"Person","@id":"https:\/\/web.quotidianopiemontese.it\/cultura-arte-e-spettacolo-a-torino\/#\/schema\/person\/b035109a4cc7d3e93911b78d8cebf3a0","name":"Emanuele Rebuffini","image":{"@type":"ImageObject","inLanguage":"it-IT","@id":"https:\/\/web.quotidianopiemontese.it\/cultura-arte-e-spettacolo-a-torino\/#\/schema\/person\/image\/","url":"https:\/\/secure.gravatar.com\/avatar\/519a0a38be4cbbcf40fb5bc1b1173a85af291a3a8697df454a94ad7e05574628?s=96&d=mm&r=g","contentUrl":"https:\/\/secure.gravatar.com\/avatar\/519a0a38be4cbbcf40fb5bc1b1173a85af291a3a8697df454a94ad7e05574628?s=96&d=mm&r=g","caption":"Emanuele Rebuffini"},"sameAs":["http:\/\/www.quotidianopiemontese.it\/cultura-arte-e-spettacolo-a-torino\/"],"url":"https:\/\/web.quotidianopiemontese.it\/cultura-arte-e-spettacolo-a-torino\/author\/emanuelerebuffini\/"}]}},"_links":{"self":[{"href":"https:\/\/web.quotidianopiemontese.it\/cultura-arte-e-spettacolo-a-torino\/wp-json\/wp\/v2\/posts\/288","targetHints":{"allow":["GET"]}}],"collection":[{"href":"https:\/\/web.quotidianopiemontese.it\/cultura-arte-e-spettacolo-a-torino\/wp-json\/wp\/v2\/posts"}],"about":[{"href":"https:\/\/web.quotidianopiemontese.it\/cultura-arte-e-spettacolo-a-torino\/wp-json\/wp\/v2\/types\/post"}],"author":[{"embeddable":true,"href":"https:\/\/web.quotidianopiemontese.it\/cultura-arte-e-spettacolo-a-torino\/wp-json\/wp\/v2\/users\/1361"}],"replies":[{"embeddable":true,"href":"https:\/\/web.quotidianopiemontese.it\/cultura-arte-e-spettacolo-a-torino\/wp-json\/wp\/v2\/comments?post=288"}],"version-history":[{"count":0,"href":"https:\/\/web.quotidianopiemontese.it\/cultura-arte-e-spettacolo-a-torino\/wp-json\/wp\/v2\/posts\/288\/revisions"}],"wp:featuredmedia":[{"embeddable":true,"href":"https:\/\/web.quotidianopiemontese.it\/cultura-arte-e-spettacolo-a-torino\/wp-json\/wp\/v2\/media\/289"}],"wp:attachment":[{"href":"https:\/\/web.quotidianopiemontese.it\/cultura-arte-e-spettacolo-a-torino\/wp-json\/wp\/v2\/media?parent=288"}],"wp:term":[{"taxonomy":"category","embeddable":true,"href":"https:\/\/web.quotidianopiemontese.it\/cultura-arte-e-spettacolo-a-torino\/wp-json\/wp\/v2\/categories?post=288"},{"taxonomy":"post_tag","embeddable":true,"href":"https:\/\/web.quotidianopiemontese.it\/cultura-arte-e-spettacolo-a-torino\/wp-json\/wp\/v2\/tags?post=288"}],"curies":[{"name":"wp","href":"https:\/\/api.w.org\/{rel}","templated":true}]}}