{"id":277,"date":"2018-05-02T15:09:05","date_gmt":"2018-05-02T13:09:05","guid":{"rendered":"http:\/\/web.quotidianopiemontese.it\/cultura-arte-e-spettacolo-a-torino\/?p=277"},"modified":"2018-05-02T15:09:05","modified_gmt":"2018-05-02T13:09:05","slug":"il-sindaco-del-rione-sanita-torna-al-teatro-gobetti","status":"publish","type":"post","link":"https:\/\/web.quotidianopiemontese.it\/cultura-arte-e-spettacolo-a-torino\/il-sindaco-del-rione-sanita-torna-al-teatro-gobetti\/","title":{"rendered":"\u201cIl sindaco del rione Sanit\u00e0\u201d torna al Teatro Gobetti"},"content":{"rendered":"<p><em>\u201cE\u2019 inutile ca ve sfiacchite, tanto nun facimm\u2019 niente \u2018e nuovo. Sto esaurito pecch\u00e8 nun veco niente \u2018e nuovo, niente \u2018e nuovo, niente \u2018e nuovo\u201d:<\/em> si apre con un pezzo del giovane rapper <strong>Ralph P<\/strong>. \u00ab<strong>Il sindaco del rione Sanit\u00e0<\/strong>\u00bb, capolavoro di <strong>Eduardo De Filippo<\/strong> scritto negli anni Sessanta, che dopo il successo dello scorso anno torna in scena fino al <strong>13 maggio<\/strong> al <strong>Teatro Gobetti, <\/strong><!--more--><\/p>\n<p>per la regia di <strong>Mario Martone<\/strong>, che per la prima volta si confronta con il teatro eduardiano. E lo fa con un allestimento che associa realt\u00e0 produttive diverse nella realizzazione di un progetto culturale dal forte senso politico e civile, e proponendo una rilettura coraggiosa, scegliendo un gruppo di giovani attori, a cominciare da <strong>Francesco Di Leva<\/strong> nei panni del \u201csindaco\u201d <strong>Antonio Barracano,<\/strong> il vecchio boss che dirime le controversie, dispensa consigli, risolve problemi, insomma amministra la \u2018sua\u2019 giustizia e garantisce il suo \u201cordine\u201d come un\u2019autorit\u00e0 alternativa, l\u2019unica riconosciuta dalla gente del rione, \u201cgente ignorante\u201d, perch\u00e9 allora come oggi l\u2019ignoranza \u00e8 un titolo di rendita, e <em>\u201csui delitti e sui reati che commettono gli ignoranti si muove e vive l\u2019intera macchina mangereccia della citt\u00e0\u201d.<\/em><\/p>\n<p><a href=\"http:\/\/web.quotidianopiemontese.it\/cultura-arte-e-spettacolo-a-torino\/files\/2018\/05\/04_Il-sindaco-del-rione-Sanit\u00e0_ph-Mario-Spada_DSCF9379.jpg\"><img loading=\"lazy\" decoding=\"async\" class=\"alignnone size-medium wp-image-279\" src=\"http:\/\/web.quotidianopiemontese.it\/cultura-arte-e-spettacolo-a-torino\/files\/2018\/05\/04_Il-sindaco-del-rione-Sanit\u00e0_ph-Mario-Spada_DSCF9379-300x200.jpg\" alt=\"\" width=\"300\" height=\"200\" srcset=\"https:\/\/web.quotidianopiemontese.it\/cultura-arte-e-spettacolo-a-torino\/files\/2018\/05\/04_Il-sindaco-del-rione-Sanit\u00e0_ph-Mario-Spada_DSCF9379-300x200.jpg 300w, https:\/\/web.quotidianopiemontese.it\/cultura-arte-e-spettacolo-a-torino\/files\/2018\/05\/04_Il-sindaco-del-rione-Sanit\u00e0_ph-Mario-Spada_DSCF9379-768x512.jpg 768w, https:\/\/web.quotidianopiemontese.it\/cultura-arte-e-spettacolo-a-torino\/files\/2018\/05\/04_Il-sindaco-del-rione-Sanit\u00e0_ph-Mario-Spada_DSCF9379-1024x683.jpg 1024w, https:\/\/web.quotidianopiemontese.it\/cultura-arte-e-spettacolo-a-torino\/files\/2018\/05\/04_Il-sindaco-del-rione-Sanit\u00e0_ph-Mario-Spada_DSCF9379-600x400.jpg 600w, https:\/\/web.quotidianopiemontese.it\/cultura-arte-e-spettacolo-a-torino\/files\/2018\/05\/04_Il-sindaco-del-rione-Sanit\u00e0_ph-Mario-Spada_DSCF9379.jpg 1701w\" sizes=\"auto, (max-width: 300px) 85vw, 300px\" \/><\/a><\/p>\n<p><strong>Mario Martone<\/strong> ha calato il testo nella contemporaneit\u00e0 abbassando drasticamente l\u2019et\u00e0 dei protagonisti, a cominciare dal \u201csindaco\u201d che non ha i 75 anni del copione originario, ma i 38 di <strong>Francesco Di Leva<\/strong>, cos\u00ec come giovane \u00e8 tutto il cast che vede impegnati <strong>Massimiliano Gallo<\/strong> (nel ruolo di Arturo Santaniello), <strong>Giovanni Ludeno<\/strong> (il dottor Fabio Della Ragione) ed un gruppo di interpreti del <strong>Nest Napoli Est<\/strong> <strong>Teatro<\/strong>. Lo spettacolo, infatti, nasce dalla collaborazione di realt\u00e0 produttive diverse, il <strong>Teatro Stabile di Torino<\/strong>, la <strong>Elledieffe<\/strong> di Carolina Rosi ed il <strong>Nest Napoli Est Teatro<\/strong> di <strong>San Giovanni a Teduccio<\/strong>, uno dei quartieri pi\u00f9 popolari e difficili di Napoli, dove un gruppo di giovani attori e registi hanno ristrutturato una palestra trasformandola in un teatro di cento posti e portando avanti un lavoro culturale dalla forte valenza sociale.<\/p>\n<p>\u00ab <strong>Il sindaco del Rione Sanit\u00e0<\/strong> \u00e8 il mio primo Eduardo \u2013 spiega il regista <strong>Mario Martone<\/strong> nelle note di regia &#8211; Mi sono sempre tenuto alla larga, perch\u00e9 mettere in scena i suoi testi significa assumere inevitabilmente non solo quanto c\u2019\u00e8 scritto sulla carta ma anche (e in troppi casi soprattutto) il macrotesto delle messe in scena di <strong>De Filippo<\/strong> attore e regista, tramandato e codificato attraverso le innumerevoli recite e le varie versioni televisive. Sgomberare il campo, impedire alla radice che questo accada con un cos\u00ec deciso spostamento d\u2019et\u00e0 del protagonista, consente di mettere il testo alla prova della contemporaneit\u00e0 (oggi i boss sono giovanissimi) e di leggerlo come nuovo. Non aspettatevi le illusioni del vecchio <strong>Barracano<\/strong> nato dell\u2019800, che ancora consentivano di tracciare dei confini morali: qui affiora un\u2019umanit\u00e0 feroce, ambigua e dolente, dove il bene e il male si confrontano in ogni personaggio, dove le due citt\u00e0 di cui sempre si parla a Napoli (la legalitaria e la criminale) si scontrano in una partita senza vincitori. Perch\u00e9, \u00e8 inutile fingere di non vederlo, la citt\u00e0 \u00e8 una e, per quanta paura faccia, nessuno pu\u00f2 pensare di tagliarla in due\u00bb.<\/p>\n<p><a href=\"http:\/\/web.quotidianopiemontese.it\/cultura-arte-e-spettacolo-a-torino\/files\/2018\/05\/05_Il-sindaco-del-rione-Sanit\u00e0_ph-Mario-Spada_DSCF9413.jpg\"><img loading=\"lazy\" decoding=\"async\" class=\"alignnone size-medium wp-image-280\" src=\"http:\/\/web.quotidianopiemontese.it\/cultura-arte-e-spettacolo-a-torino\/files\/2018\/05\/05_Il-sindaco-del-rione-Sanit\u00e0_ph-Mario-Spada_DSCF9413-300x200.jpg\" alt=\"\" width=\"300\" height=\"200\" srcset=\"https:\/\/web.quotidianopiemontese.it\/cultura-arte-e-spettacolo-a-torino\/files\/2018\/05\/05_Il-sindaco-del-rione-Sanit\u00e0_ph-Mario-Spada_DSCF9413-300x200.jpg 300w, https:\/\/web.quotidianopiemontese.it\/cultura-arte-e-spettacolo-a-torino\/files\/2018\/05\/05_Il-sindaco-del-rione-Sanit\u00e0_ph-Mario-Spada_DSCF9413-768x512.jpg 768w, https:\/\/web.quotidianopiemontese.it\/cultura-arte-e-spettacolo-a-torino\/files\/2018\/05\/05_Il-sindaco-del-rione-Sanit\u00e0_ph-Mario-Spada_DSCF9413-1024x683.jpg 1024w, https:\/\/web.quotidianopiemontese.it\/cultura-arte-e-spettacolo-a-torino\/files\/2018\/05\/05_Il-sindaco-del-rione-Sanit\u00e0_ph-Mario-Spada_DSCF9413-600x400.jpg 600w, https:\/\/web.quotidianopiemontese.it\/cultura-arte-e-spettacolo-a-torino\/files\/2018\/05\/05_Il-sindaco-del-rione-Sanit\u00e0_ph-Mario-Spada_DSCF9413.jpg 1701w\" sizes=\"auto, (max-width: 300px) 85vw, 300px\" \/><\/a><\/p>\n<p>\u00abDovendo interpretare <strong>Antonio Barracano<\/strong> oggi e non nel 1960, mi sono ispirato a un personaggio che considero rivoluzionario ovvero <strong>Muhammad Al\u00ec<\/strong> &#8211; racconta <strong>Francesco Di Leva<\/strong> &#8211; \u00c8 violento come era violento Muhammad Al\u00ec sul ring, ma \u00e8 simpatico e dolce con la famiglia come lo era Muhammad Al\u00ec fuori dal ring. <strong>Eduardo De Filippo<\/strong> lo disegna stanco, vecchio, annoiato dalla vita, con figli grandi, qui invece entro in scena con la felpa, il cappuccio, faccio gli addominali di prima mattina. \u00c8 un <strong>Antonio Barracano<\/strong> giovane, vivace, che non vuole morire, sente il peso della morte sulle sue spalle come la sentono tutti coloro che vivono a Napoli in questi contesti sociali. Oggi un boss in questi quartieri a 38 anni non ci arriva, i 38 anni di oggi valgono i 75 anni di <strong>Antonio Barracano<\/strong>. I boss che comandano ora hanno 18 o 20 anni, a 27 o sei in galera oppure sei morto ammazzato. Ad accomunare i due <strong>Barracano<\/strong> \u00e8 che comunque cercano in qualche modo di mettere ordine nel quartiere utilizzando la violenza. Solo che qui avverti che si pu\u00f2 scatenare una guerra da un momento all\u2019altro. Domina l\u2019ambiguit\u00e0: ci sono le due Napoli, quella criminale e quella legale, ma lo spettatore non sa mai con chi deve stare fino in fondo, esattamente come i napoletani\u00bb. I vecchi capi camorristi sono tramontati con i loro stereotipi, il testimone \u00e8 passato a \u2018Gomorre\u2019 spavalde e feroci, impegnate in una guerra continua senza regole o codici d\u2019onore che riescano a contenerla.<\/p>\n<p><a href=\"http:\/\/web.quotidianopiemontese.it\/cultura-arte-e-spettacolo-a-torino\/files\/2018\/05\/03_Il-sindaco-del-rione-Sanit\u00e0_ph-Mario-Spada_DSCF9341.jpg\"><img loading=\"lazy\" decoding=\"async\" class=\"alignnone size-medium wp-image-281\" src=\"http:\/\/web.quotidianopiemontese.it\/cultura-arte-e-spettacolo-a-torino\/files\/2018\/05\/03_Il-sindaco-del-rione-Sanit\u00e0_ph-Mario-Spada_DSCF9341-300x200.jpg\" alt=\"\" width=\"300\" height=\"200\" srcset=\"https:\/\/web.quotidianopiemontese.it\/cultura-arte-e-spettacolo-a-torino\/files\/2018\/05\/03_Il-sindaco-del-rione-Sanit\u00e0_ph-Mario-Spada_DSCF9341-300x200.jpg 300w, https:\/\/web.quotidianopiemontese.it\/cultura-arte-e-spettacolo-a-torino\/files\/2018\/05\/03_Il-sindaco-del-rione-Sanit\u00e0_ph-Mario-Spada_DSCF9341-768x512.jpg 768w, https:\/\/web.quotidianopiemontese.it\/cultura-arte-e-spettacolo-a-torino\/files\/2018\/05\/03_Il-sindaco-del-rione-Sanit\u00e0_ph-Mario-Spada_DSCF9341-1024x683.jpg 1024w, https:\/\/web.quotidianopiemontese.it\/cultura-arte-e-spettacolo-a-torino\/files\/2018\/05\/03_Il-sindaco-del-rione-Sanit\u00e0_ph-Mario-Spada_DSCF9341-600x400.jpg 600w, https:\/\/web.quotidianopiemontese.it\/cultura-arte-e-spettacolo-a-torino\/files\/2018\/05\/03_Il-sindaco-del-rione-Sanit\u00e0_ph-Mario-Spada_DSCF9341.jpg 1701w\" sizes=\"auto, (max-width: 300px) 85vw, 300px\" \/><\/a><\/p>\n<p>\u00abCon il solo abbassamento dell\u2019et\u00e0 &#8211; prosegue<strong> Francesco Di Leva <\/strong>&#8211; il testo di<strong> Eduardo De Filippo <\/strong> \u00e8 diventato moderno come potrebbe essere quello scritto qualche mese fa da un autore giovane. <strong>Eduardo De Filippo<\/strong> a Napoli lo abbiamo sempre vissuto a come il grande attore, le sue cose sono considerate come sacre, tutti conosciamo le versioni televisive delle sue commedie, e quel <em>sound,<\/em> quelle pause eduardiane\u2026tutte cose che non potevano mai essere tradite. Qui, invece, c\u2019\u00e8 l\u2019abbassamento dell\u2019et\u00e0 dei protagonisti, c\u2019\u00e8 un <em>sound<\/em> diverso, le pause quasi non esistono, c\u2019\u00e8 una recitazione pi\u00f9 scheggiata, vivace e violenta. Questo mi ha permesso di scoprire il drammaturgo <strong>De Filippo,<\/strong> e non solo il grande attore ed artista del Novecento. Eduardo \u00e8 talmente un \u2018gigante, che quando guardi le rappresentazioni televisive quasi non ti accorgi degli altri attori, non ti ricordi di chi stava al suo fianco. Invece, in questa messa in scena vedi gli altri personaggi, e vedi tutte le contraddizioni di Napoli\u00bb.<\/p>\n<p>In scena, accanto a <strong>Francesco Di Leva, Giovanni Ludeno, Massimiliano Gallo, Adriano Pantaleo, Giuseppe Gaudino, Luana Pantaleo<\/strong> (nel ruolo di Armida Barracano), <strong>Gianni Spezzano, Viviana Cangiano, Salvatore Presutto, Lucienne Perreca, Mimmo Esposito, Morena Di Leva, Ralph P, Armando De Giulio, Daniele Baselice.<\/strong><\/p>\n<p><em>Foto di Mario Spada<\/em><\/p>\n<p><a href=\"http:\/\/www.teatrostabiletorino.it\">http:\/\/www.teatrostabiletorino.it<\/a><\/p>\n<p><a href=\"http:\/\/web.quotidianopiemontese.it\/cultura-arte-e-spettacolo-a-torino\/files\/2018\/05\/01_Il-sindaco-del-rione-Sanit\u00e0_ph-Mario-Spada_DSCF9147.jpg\"><img loading=\"lazy\" decoding=\"async\" class=\"alignnone size-medium wp-image-282\" src=\"http:\/\/web.quotidianopiemontese.it\/cultura-arte-e-spettacolo-a-torino\/files\/2018\/05\/01_Il-sindaco-del-rione-Sanit\u00e0_ph-Mario-Spada_DSCF9147-300x200.jpg\" alt=\"\" width=\"300\" height=\"200\" srcset=\"https:\/\/web.quotidianopiemontese.it\/cultura-arte-e-spettacolo-a-torino\/files\/2018\/05\/01_Il-sindaco-del-rione-Sanit\u00e0_ph-Mario-Spada_DSCF9147-300x200.jpg 300w, https:\/\/web.quotidianopiemontese.it\/cultura-arte-e-spettacolo-a-torino\/files\/2018\/05\/01_Il-sindaco-del-rione-Sanit\u00e0_ph-Mario-Spada_DSCF9147-768x512.jpg 768w, https:\/\/web.quotidianopiemontese.it\/cultura-arte-e-spettacolo-a-torino\/files\/2018\/05\/01_Il-sindaco-del-rione-Sanit\u00e0_ph-Mario-Spada_DSCF9147-1024x683.jpg 1024w, https:\/\/web.quotidianopiemontese.it\/cultura-arte-e-spettacolo-a-torino\/files\/2018\/05\/01_Il-sindaco-del-rione-Sanit\u00e0_ph-Mario-Spada_DSCF9147-600x400.jpg 600w, https:\/\/web.quotidianopiemontese.it\/cultura-arte-e-spettacolo-a-torino\/files\/2018\/05\/01_Il-sindaco-del-rione-Sanit\u00e0_ph-Mario-Spada_DSCF9147.jpg 1701w\" sizes=\"auto, (max-width: 300px) 85vw, 300px\" \/><\/a><\/p>\n<p>&nbsp;<\/p>\n","protected":false},"excerpt":{"rendered":"<p>\u201cE\u2019 inutile ca ve sfiacchite, tanto nun facimm\u2019 niente \u2018e nuovo. Sto esaurito pecch\u00e8 nun veco niente \u2018e nuovo, niente \u2018e nuovo, niente \u2018e nuovo\u201d: si apre con un pezzo del giovane rapper Ralph P. \u00abIl sindaco del rione Sanit\u00e0\u00bb, capolavoro di Eduardo De Filippo scritto negli anni Sessanta, che dopo il successo dello scorso &hellip; <a href=\"https:\/\/web.quotidianopiemontese.it\/cultura-arte-e-spettacolo-a-torino\/il-sindaco-del-rione-sanita-torna-al-teatro-gobetti\/\" class=\"more-link\">Leggi tutto<span class=\"screen-reader-text\"> &#8220;\u201cIl sindaco del rione Sanit\u00e0\u201d torna al Teatro Gobetti&#8221;<\/span><\/a><\/p>\n","protected":false},"author":1361,"featured_media":278,"comment_status":"open","ping_status":"open","sticky":false,"template":"","format":"standard","meta":{"footnotes":""},"categories":[1],"tags":[89,88,90],"class_list":["post-277","post","type-post","status-publish","format-standard","has-post-thumbnail","hentry","category-cultura-arte-spettacolo","tag-eduardo-de-filippo-teatro-stabile","tag-mario-martone","tag-nest"],"yoast_head":"<!-- This site is optimized with the Yoast SEO plugin v27.1.1 - https:\/\/yoast.com\/product\/yoast-seo-wordpress\/ -->\n<title>\u201cIl sindaco del rione Sanit\u00e0\u201d torna al Teatro Gobetti - 2 Maggio 2018<\/title>\n<meta name=\"description\" content=\"\u201cIl sindaco del rione Sanit\u00e0\u201d torna al Teatro Gobetti - Cultura, Arte e Spettacolo a Torino - \u201cE\u2019 inutile ca ve sfiacchite, tanto nun facimm\u2019 niente \u2018e nuovo. Sto esaurito pecch\u00e8 nun veco niente \u2018e nuovo, niente \u2018e nuovo, niente \u2018e nuovo\u201d: si apre - Eduardo De Filippo. Teatro Stabile, Mario Martone, Nest\" \/>\n<meta name=\"robots\" content=\"index, follow, max-snippet:-1, max-image-preview:large, max-video-preview:-1\" \/>\n<link rel=\"canonical\" href=\"https:\/\/web.quotidianopiemontese.it\/cultura-arte-e-spettacolo-a-torino\/il-sindaco-del-rione-sanita-torna-al-teatro-gobetti\/\" \/>\n<meta property=\"og:locale\" content=\"it_IT\" \/>\n<meta property=\"og:type\" content=\"article\" \/>\n<meta property=\"og:title\" content=\"\u201cIl sindaco del rione Sanit\u00e0\u201d torna al Teatro Gobetti - 2 Maggio 2018\" \/>\n<meta property=\"og:description\" content=\"\u201cIl sindaco del rione Sanit\u00e0\u201d torna al Teatro Gobetti - Cultura, Arte e Spettacolo a Torino - \u201cE\u2019 inutile ca ve sfiacchite, tanto nun facimm\u2019 niente \u2018e nuovo. Sto esaurito pecch\u00e8 nun veco niente \u2018e nuovo, niente \u2018e nuovo, niente \u2018e nuovo\u201d: si apre - Eduardo De Filippo. Teatro Stabile, Mario Martone, Nest\" \/>\n<meta property=\"og:url\" content=\"https:\/\/web.quotidianopiemontese.it\/cultura-arte-e-spettacolo-a-torino\/il-sindaco-del-rione-sanita-torna-al-teatro-gobetti\/\" \/>\n<meta property=\"og:site_name\" content=\"Cultura, Arte e Spettacolo a Torino\" \/>\n<meta property=\"article:publisher\" content=\"https:\/\/www.facebook.com\/quotidianopiemontese?fref=ts\" \/>\n<meta property=\"article:published_time\" content=\"2018-05-02T13:09:05+00:00\" \/>\n<meta property=\"og:image\" content=\"https:\/\/web.quotidianopiemontese.it\/cultura-arte-e-spettacolo-a-torino\/files\/2018\/05\/07_Il-sindaco-del-rione-Sanit\u00e0_ph-Mario-Spada_DSCF9160.jpg\" \/>\n\t<meta property=\"og:image:width\" content=\"1701\" \/>\n\t<meta property=\"og:image:height\" content=\"1134\" \/>\n\t<meta property=\"og:image:type\" content=\"image\/jpeg\" \/>\n<meta name=\"author\" content=\"Emanuele Rebuffini\" \/>\n<meta name=\"twitter:label1\" content=\"Scritto da\" \/>\n\t<meta name=\"twitter:data1\" content=\"Emanuele Rebuffini\" \/>\n\t<meta name=\"twitter:label2\" content=\"Tempo di lettura stimato\" \/>\n\t<meta name=\"twitter:data2\" content=\"5 minuti\" \/>\n<script type=\"application\/ld+json\" class=\"yoast-schema-graph\">{\"@context\":\"https:\/\/schema.org\",\"@graph\":[{\"@type\":\"Article\",\"@id\":\"https:\/\/web.quotidianopiemontese.it\/cultura-arte-e-spettacolo-a-torino\/il-sindaco-del-rione-sanita-torna-al-teatro-gobetti\/#article\",\"isPartOf\":{\"@id\":\"https:\/\/web.quotidianopiemontese.it\/cultura-arte-e-spettacolo-a-torino\/il-sindaco-del-rione-sanita-torna-al-teatro-gobetti\/\"},\"author\":{\"name\":\"Emanuele Rebuffini\",\"@id\":\"https:\/\/web.quotidianopiemontese.it\/cultura-arte-e-spettacolo-a-torino\/#\/schema\/person\/b035109a4cc7d3e93911b78d8cebf3a0\"},\"headline\":\"\u201cIl sindaco del rione Sanit\u00e0\u201d torna al Teatro Gobetti\",\"datePublished\":\"2018-05-02T13:09:05+00:00\",\"mainEntityOfPage\":{\"@id\":\"https:\/\/web.quotidianopiemontese.it\/cultura-arte-e-spettacolo-a-torino\/il-sindaco-del-rione-sanita-torna-al-teatro-gobetti\/\"},\"wordCount\":983,\"commentCount\":0,\"image\":{\"@id\":\"https:\/\/web.quotidianopiemontese.it\/cultura-arte-e-spettacolo-a-torino\/il-sindaco-del-rione-sanita-torna-al-teatro-gobetti\/#primaryimage\"},\"thumbnailUrl\":\"https:\/\/web.quotidianopiemontese.it\/cultura-arte-e-spettacolo-a-torino\/files\/2018\/05\/07_Il-sindaco-del-rione-Sanit\u00e0_ph-Mario-Spada_DSCF9160.jpg\",\"keywords\":[\"Eduardo De Filippo. Teatro Stabile\",\"Mario Martone\",\"Nest\"],\"articleSection\":[\"Cultura, arte, spettacolo\"],\"inLanguage\":\"it-IT\",\"potentialAction\":[{\"@type\":\"CommentAction\",\"name\":\"Comment\",\"target\":[\"https:\/\/web.quotidianopiemontese.it\/cultura-arte-e-spettacolo-a-torino\/il-sindaco-del-rione-sanita-torna-al-teatro-gobetti\/#respond\"]}]},{\"@type\":\"WebPage\",\"@id\":\"https:\/\/web.quotidianopiemontese.it\/cultura-arte-e-spettacolo-a-torino\/il-sindaco-del-rione-sanita-torna-al-teatro-gobetti\/\",\"url\":\"https:\/\/web.quotidianopiemontese.it\/cultura-arte-e-spettacolo-a-torino\/il-sindaco-del-rione-sanita-torna-al-teatro-gobetti\/\",\"name\":\"\u201cIl sindaco del rione Sanit\u00e0\u201d torna al Teatro Gobetti - 2 Maggio 2018\",\"isPartOf\":{\"@id\":\"https:\/\/web.quotidianopiemontese.it\/cultura-arte-e-spettacolo-a-torino\/#website\"},\"primaryImageOfPage\":{\"@id\":\"https:\/\/web.quotidianopiemontese.it\/cultura-arte-e-spettacolo-a-torino\/il-sindaco-del-rione-sanita-torna-al-teatro-gobetti\/#primaryimage\"},\"image\":{\"@id\":\"https:\/\/web.quotidianopiemontese.it\/cultura-arte-e-spettacolo-a-torino\/il-sindaco-del-rione-sanita-torna-al-teatro-gobetti\/#primaryimage\"},\"thumbnailUrl\":\"https:\/\/web.quotidianopiemontese.it\/cultura-arte-e-spettacolo-a-torino\/files\/2018\/05\/07_Il-sindaco-del-rione-Sanit\u00e0_ph-Mario-Spada_DSCF9160.jpg\",\"datePublished\":\"2018-05-02T13:09:05+00:00\",\"author\":{\"@id\":\"https:\/\/web.quotidianopiemontese.it\/cultura-arte-e-spettacolo-a-torino\/#\/schema\/person\/b035109a4cc7d3e93911b78d8cebf3a0\"},\"description\":\"\u201cIl sindaco del rione Sanit\u00e0\u201d torna al Teatro Gobetti - Cultura, Arte e Spettacolo a Torino - \u201cE\u2019 inutile ca ve sfiacchite, tanto nun facimm\u2019 niente \u2018e nuovo. Sto esaurito pecch\u00e8 nun veco niente \u2018e nuovo, niente \u2018e nuovo, niente \u2018e nuovo\u201d: si apre - Eduardo De Filippo. Teatro Stabile, Mario Martone, Nest\",\"inLanguage\":\"it-IT\",\"potentialAction\":[{\"@type\":\"ReadAction\",\"target\":[\"https:\/\/web.quotidianopiemontese.it\/cultura-arte-e-spettacolo-a-torino\/il-sindaco-del-rione-sanita-torna-al-teatro-gobetti\/\"]}]},{\"@type\":\"ImageObject\",\"inLanguage\":\"it-IT\",\"@id\":\"https:\/\/web.quotidianopiemontese.it\/cultura-arte-e-spettacolo-a-torino\/il-sindaco-del-rione-sanita-torna-al-teatro-gobetti\/#primaryimage\",\"url\":\"https:\/\/web.quotidianopiemontese.it\/cultura-arte-e-spettacolo-a-torino\/files\/2018\/05\/07_Il-sindaco-del-rione-Sanit\u00e0_ph-Mario-Spada_DSCF9160.jpg\",\"contentUrl\":\"https:\/\/web.quotidianopiemontese.it\/cultura-arte-e-spettacolo-a-torino\/files\/2018\/05\/07_Il-sindaco-del-rione-Sanit\u00e0_ph-Mario-Spada_DSCF9160.jpg\",\"width\":1701,\"height\":1134},{\"@type\":\"WebSite\",\"@id\":\"https:\/\/web.quotidianopiemontese.it\/cultura-arte-e-spettacolo-a-torino\/#website\",\"url\":\"https:\/\/web.quotidianopiemontese.it\/cultura-arte-e-spettacolo-a-torino\/\",\"name\":\"Cultura, Arte e Spettacolo a Torino\",\"description\":\"Quotidiano Piemontese\",\"potentialAction\":[{\"@type\":\"SearchAction\",\"target\":{\"@type\":\"EntryPoint\",\"urlTemplate\":\"https:\/\/web.quotidianopiemontese.it\/cultura-arte-e-spettacolo-a-torino\/?s={search_term_string}\"},\"query-input\":{\"@type\":\"PropertyValueSpecification\",\"valueRequired\":true,\"valueName\":\"search_term_string\"}}],\"inLanguage\":\"it-IT\"},{\"@type\":\"Person\",\"@id\":\"https:\/\/web.quotidianopiemontese.it\/cultura-arte-e-spettacolo-a-torino\/#\/schema\/person\/b035109a4cc7d3e93911b78d8cebf3a0\",\"name\":\"Emanuele Rebuffini\",\"image\":{\"@type\":\"ImageObject\",\"inLanguage\":\"it-IT\",\"@id\":\"https:\/\/web.quotidianopiemontese.it\/cultura-arte-e-spettacolo-a-torino\/#\/schema\/person\/image\/\",\"url\":\"https:\/\/secure.gravatar.com\/avatar\/519a0a38be4cbbcf40fb5bc1b1173a85af291a3a8697df454a94ad7e05574628?s=96&d=mm&r=g\",\"contentUrl\":\"https:\/\/secure.gravatar.com\/avatar\/519a0a38be4cbbcf40fb5bc1b1173a85af291a3a8697df454a94ad7e05574628?s=96&d=mm&r=g\",\"caption\":\"Emanuele Rebuffini\"},\"sameAs\":[\"http:\/\/www.quotidianopiemontese.it\/cultura-arte-e-spettacolo-a-torino\/\"],\"url\":\"https:\/\/web.quotidianopiemontese.it\/cultura-arte-e-spettacolo-a-torino\/author\/emanuelerebuffini\/\"}]}<\/script>\n<!-- \/ Yoast SEO plugin. -->","yoast_head_json":{"title":"\u201cIl sindaco del rione Sanit\u00e0\u201d torna al Teatro Gobetti - 2 Maggio 2018","description":"\u201cIl sindaco del rione Sanit\u00e0\u201d torna al Teatro Gobetti - Cultura, Arte e Spettacolo a Torino - \u201cE\u2019 inutile ca ve sfiacchite, tanto nun facimm\u2019 niente \u2018e nuovo. Sto esaurito pecch\u00e8 nun veco niente \u2018e nuovo, niente \u2018e nuovo, niente \u2018e nuovo\u201d: si apre - Eduardo De Filippo. Teatro Stabile, Mario Martone, Nest","robots":{"index":"index","follow":"follow","max-snippet":"max-snippet:-1","max-image-preview":"max-image-preview:large","max-video-preview":"max-video-preview:-1"},"canonical":"https:\/\/web.quotidianopiemontese.it\/cultura-arte-e-spettacolo-a-torino\/il-sindaco-del-rione-sanita-torna-al-teatro-gobetti\/","og_locale":"it_IT","og_type":"article","og_title":"\u201cIl sindaco del rione Sanit\u00e0\u201d torna al Teatro Gobetti - 2 Maggio 2018","og_description":"\u201cIl sindaco del rione Sanit\u00e0\u201d torna al Teatro Gobetti - Cultura, Arte e Spettacolo a Torino - \u201cE\u2019 inutile ca ve sfiacchite, tanto nun facimm\u2019 niente \u2018e nuovo. Sto esaurito pecch\u00e8 nun veco niente \u2018e nuovo, niente \u2018e nuovo, niente \u2018e nuovo\u201d: si apre - Eduardo De Filippo. Teatro Stabile, Mario Martone, Nest","og_url":"https:\/\/web.quotidianopiemontese.it\/cultura-arte-e-spettacolo-a-torino\/il-sindaco-del-rione-sanita-torna-al-teatro-gobetti\/","og_site_name":"Cultura, Arte e Spettacolo a Torino","article_publisher":"https:\/\/www.facebook.com\/quotidianopiemontese?fref=ts","article_published_time":"2018-05-02T13:09:05+00:00","og_image":[{"width":1701,"height":1134,"url":"https:\/\/web.quotidianopiemontese.it\/cultura-arte-e-spettacolo-a-torino\/files\/2018\/05\/07_Il-sindaco-del-rione-Sanit\u00e0_ph-Mario-Spada_DSCF9160.jpg","type":"image\/jpeg"}],"author":"Emanuele Rebuffini","twitter_misc":{"Scritto da":"Emanuele Rebuffini","Tempo di lettura stimato":"5 minuti"},"schema":{"@context":"https:\/\/schema.org","@graph":[{"@type":"Article","@id":"https:\/\/web.quotidianopiemontese.it\/cultura-arte-e-spettacolo-a-torino\/il-sindaco-del-rione-sanita-torna-al-teatro-gobetti\/#article","isPartOf":{"@id":"https:\/\/web.quotidianopiemontese.it\/cultura-arte-e-spettacolo-a-torino\/il-sindaco-del-rione-sanita-torna-al-teatro-gobetti\/"},"author":{"name":"Emanuele Rebuffini","@id":"https:\/\/web.quotidianopiemontese.it\/cultura-arte-e-spettacolo-a-torino\/#\/schema\/person\/b035109a4cc7d3e93911b78d8cebf3a0"},"headline":"\u201cIl sindaco del rione Sanit\u00e0\u201d torna al Teatro Gobetti","datePublished":"2018-05-02T13:09:05+00:00","mainEntityOfPage":{"@id":"https:\/\/web.quotidianopiemontese.it\/cultura-arte-e-spettacolo-a-torino\/il-sindaco-del-rione-sanita-torna-al-teatro-gobetti\/"},"wordCount":983,"commentCount":0,"image":{"@id":"https:\/\/web.quotidianopiemontese.it\/cultura-arte-e-spettacolo-a-torino\/il-sindaco-del-rione-sanita-torna-al-teatro-gobetti\/#primaryimage"},"thumbnailUrl":"https:\/\/web.quotidianopiemontese.it\/cultura-arte-e-spettacolo-a-torino\/files\/2018\/05\/07_Il-sindaco-del-rione-Sanit\u00e0_ph-Mario-Spada_DSCF9160.jpg","keywords":["Eduardo De Filippo. Teatro Stabile","Mario Martone","Nest"],"articleSection":["Cultura, arte, spettacolo"],"inLanguage":"it-IT","potentialAction":[{"@type":"CommentAction","name":"Comment","target":["https:\/\/web.quotidianopiemontese.it\/cultura-arte-e-spettacolo-a-torino\/il-sindaco-del-rione-sanita-torna-al-teatro-gobetti\/#respond"]}]},{"@type":"WebPage","@id":"https:\/\/web.quotidianopiemontese.it\/cultura-arte-e-spettacolo-a-torino\/il-sindaco-del-rione-sanita-torna-al-teatro-gobetti\/","url":"https:\/\/web.quotidianopiemontese.it\/cultura-arte-e-spettacolo-a-torino\/il-sindaco-del-rione-sanita-torna-al-teatro-gobetti\/","name":"\u201cIl sindaco del rione Sanit\u00e0\u201d torna al Teatro Gobetti - 2 Maggio 2018","isPartOf":{"@id":"https:\/\/web.quotidianopiemontese.it\/cultura-arte-e-spettacolo-a-torino\/#website"},"primaryImageOfPage":{"@id":"https:\/\/web.quotidianopiemontese.it\/cultura-arte-e-spettacolo-a-torino\/il-sindaco-del-rione-sanita-torna-al-teatro-gobetti\/#primaryimage"},"image":{"@id":"https:\/\/web.quotidianopiemontese.it\/cultura-arte-e-spettacolo-a-torino\/il-sindaco-del-rione-sanita-torna-al-teatro-gobetti\/#primaryimage"},"thumbnailUrl":"https:\/\/web.quotidianopiemontese.it\/cultura-arte-e-spettacolo-a-torino\/files\/2018\/05\/07_Il-sindaco-del-rione-Sanit\u00e0_ph-Mario-Spada_DSCF9160.jpg","datePublished":"2018-05-02T13:09:05+00:00","author":{"@id":"https:\/\/web.quotidianopiemontese.it\/cultura-arte-e-spettacolo-a-torino\/#\/schema\/person\/b035109a4cc7d3e93911b78d8cebf3a0"},"description":"\u201cIl sindaco del rione Sanit\u00e0\u201d torna al Teatro Gobetti - Cultura, Arte e Spettacolo a Torino - \u201cE\u2019 inutile ca ve sfiacchite, tanto nun facimm\u2019 niente \u2018e nuovo. Sto esaurito pecch\u00e8 nun veco niente \u2018e nuovo, niente \u2018e nuovo, niente \u2018e nuovo\u201d: si apre - Eduardo De Filippo. Teatro Stabile, Mario Martone, Nest","inLanguage":"it-IT","potentialAction":[{"@type":"ReadAction","target":["https:\/\/web.quotidianopiemontese.it\/cultura-arte-e-spettacolo-a-torino\/il-sindaco-del-rione-sanita-torna-al-teatro-gobetti\/"]}]},{"@type":"ImageObject","inLanguage":"it-IT","@id":"https:\/\/web.quotidianopiemontese.it\/cultura-arte-e-spettacolo-a-torino\/il-sindaco-del-rione-sanita-torna-al-teatro-gobetti\/#primaryimage","url":"https:\/\/web.quotidianopiemontese.it\/cultura-arte-e-spettacolo-a-torino\/files\/2018\/05\/07_Il-sindaco-del-rione-Sanit\u00e0_ph-Mario-Spada_DSCF9160.jpg","contentUrl":"https:\/\/web.quotidianopiemontese.it\/cultura-arte-e-spettacolo-a-torino\/files\/2018\/05\/07_Il-sindaco-del-rione-Sanit\u00e0_ph-Mario-Spada_DSCF9160.jpg","width":1701,"height":1134},{"@type":"WebSite","@id":"https:\/\/web.quotidianopiemontese.it\/cultura-arte-e-spettacolo-a-torino\/#website","url":"https:\/\/web.quotidianopiemontese.it\/cultura-arte-e-spettacolo-a-torino\/","name":"Cultura, Arte e Spettacolo a Torino","description":"Quotidiano Piemontese","potentialAction":[{"@type":"SearchAction","target":{"@type":"EntryPoint","urlTemplate":"https:\/\/web.quotidianopiemontese.it\/cultura-arte-e-spettacolo-a-torino\/?s={search_term_string}"},"query-input":{"@type":"PropertyValueSpecification","valueRequired":true,"valueName":"search_term_string"}}],"inLanguage":"it-IT"},{"@type":"Person","@id":"https:\/\/web.quotidianopiemontese.it\/cultura-arte-e-spettacolo-a-torino\/#\/schema\/person\/b035109a4cc7d3e93911b78d8cebf3a0","name":"Emanuele Rebuffini","image":{"@type":"ImageObject","inLanguage":"it-IT","@id":"https:\/\/web.quotidianopiemontese.it\/cultura-arte-e-spettacolo-a-torino\/#\/schema\/person\/image\/","url":"https:\/\/secure.gravatar.com\/avatar\/519a0a38be4cbbcf40fb5bc1b1173a85af291a3a8697df454a94ad7e05574628?s=96&d=mm&r=g","contentUrl":"https:\/\/secure.gravatar.com\/avatar\/519a0a38be4cbbcf40fb5bc1b1173a85af291a3a8697df454a94ad7e05574628?s=96&d=mm&r=g","caption":"Emanuele Rebuffini"},"sameAs":["http:\/\/www.quotidianopiemontese.it\/cultura-arte-e-spettacolo-a-torino\/"],"url":"https:\/\/web.quotidianopiemontese.it\/cultura-arte-e-spettacolo-a-torino\/author\/emanuelerebuffini\/"}]}},"_links":{"self":[{"href":"https:\/\/web.quotidianopiemontese.it\/cultura-arte-e-spettacolo-a-torino\/wp-json\/wp\/v2\/posts\/277","targetHints":{"allow":["GET"]}}],"collection":[{"href":"https:\/\/web.quotidianopiemontese.it\/cultura-arte-e-spettacolo-a-torino\/wp-json\/wp\/v2\/posts"}],"about":[{"href":"https:\/\/web.quotidianopiemontese.it\/cultura-arte-e-spettacolo-a-torino\/wp-json\/wp\/v2\/types\/post"}],"author":[{"embeddable":true,"href":"https:\/\/web.quotidianopiemontese.it\/cultura-arte-e-spettacolo-a-torino\/wp-json\/wp\/v2\/users\/1361"}],"replies":[{"embeddable":true,"href":"https:\/\/web.quotidianopiemontese.it\/cultura-arte-e-spettacolo-a-torino\/wp-json\/wp\/v2\/comments?post=277"}],"version-history":[{"count":0,"href":"https:\/\/web.quotidianopiemontese.it\/cultura-arte-e-spettacolo-a-torino\/wp-json\/wp\/v2\/posts\/277\/revisions"}],"wp:featuredmedia":[{"embeddable":true,"href":"https:\/\/web.quotidianopiemontese.it\/cultura-arte-e-spettacolo-a-torino\/wp-json\/wp\/v2\/media\/278"}],"wp:attachment":[{"href":"https:\/\/web.quotidianopiemontese.it\/cultura-arte-e-spettacolo-a-torino\/wp-json\/wp\/v2\/media?parent=277"}],"wp:term":[{"taxonomy":"category","embeddable":true,"href":"https:\/\/web.quotidianopiemontese.it\/cultura-arte-e-spettacolo-a-torino\/wp-json\/wp\/v2\/categories?post=277"},{"taxonomy":"post_tag","embeddable":true,"href":"https:\/\/web.quotidianopiemontese.it\/cultura-arte-e-spettacolo-a-torino\/wp-json\/wp\/v2\/tags?post=277"}],"curies":[{"name":"wp","href":"https:\/\/api.w.org\/{rel}","templated":true}]}}