{"id":268,"date":"2018-04-23T16:12:22","date_gmt":"2018-04-23T14:12:22","guid":{"rendered":"http:\/\/web.quotidianopiemontese.it\/cultura-arte-e-spettacolo-a-torino\/?p=268"},"modified":"2018-04-23T16:12:22","modified_gmt":"2018-04-23T14:12:22","slug":"genesi-le-origini-del-mondo-secondo-salgado","status":"publish","type":"post","link":"https:\/\/web.quotidianopiemontese.it\/cultura-arte-e-spettacolo-a-torino\/genesi-le-origini-del-mondo-secondo-salgado\/","title":{"rendered":"\u00abGenesi\u00bb. Le origini del mondo secondo Salgado"},"content":{"rendered":"<p><em>\u00abPrima avevo fotografato solo una specie: gli esseri umani. Genesi \u00e8 il mio omaggio al pianeta. \u00c8 un suo ritratto\u00bb.<\/em> Il pi\u00f9 importante fotografo documentario del nostro tempo, il brasiliano <strong>Sebasti\u00e3o Salgado <\/strong><strong>(Aimor\u00e9s, 1944) <\/strong>porta alle Sale dei Paggi della<strong> Reggia di Venaria<\/strong> l\u2019ultimo suo grande lavoro, <strong>\u00abGenesi\u00bb,<\/strong> un progetto iniziato nel 2003 e durato 10 anni. <!--more--><strong>Un atto d\u2019amore per la terra e un monito per gli uomini.<\/strong> Un\u2019opera enciclopedica composta da 245 immagini in bianco e nero che raccontano l\u2019incanto e la bellezza del patrimonio pi\u00f9 prezioso, il nostro pianeta.<\/p>\n<p>La mostra, curata dalla moglie <strong>L\u00e9lia Wanick Salgado<\/strong> su progetto di Amazonas Images e Contrasto e realizzata con Civita Mostre, \u00e8 suddivisa in cinque sezioni che ripercorrono le terre in cui Salgado ha realizzato le fotografie: <strong>Il Pianeta Sud, I Santuari della Natura, l\u2019Africa, Il grande Nord, l\u2019Amazzonia e il Pantan\u00e0l.<\/strong><\/p>\n<figure id=\"attachment_270\" aria-describedby=\"caption-attachment-270\" style=\"width: 300px\" class=\"wp-caption alignnone\"><a href=\"http:\/\/web.quotidianopiemontese.it\/cultura-arte-e-spettacolo-a-torino\/files\/2018\/04\/6.jpg\"><img loading=\"lazy\" decoding=\"async\" class=\"size-medium wp-image-270\" src=\"http:\/\/web.quotidianopiemontese.it\/cultura-arte-e-spettacolo-a-torino\/files\/2018\/04\/6-300x219.jpg\" alt=\"\" width=\"300\" height=\"219\" srcset=\"https:\/\/web.quotidianopiemontese.it\/cultura-arte-e-spettacolo-a-torino\/files\/2018\/04\/6-300x219.jpg 300w, https:\/\/web.quotidianopiemontese.it\/cultura-arte-e-spettacolo-a-torino\/files\/2018\/04\/6-768x562.jpg 768w, https:\/\/web.quotidianopiemontese.it\/cultura-arte-e-spettacolo-a-torino\/files\/2018\/04\/6-1024x749.jpg 1024w\" sizes=\"auto, (max-width: 300px) 85vw, 300px\" \/><\/a><figcaption id=\"caption-attachment-270\" class=\"wp-caption-text\"><strong>Kafue National Park, Zambia, 2010<\/strong><\/figcaption><\/figure>\n<p>Dopo aver immortalato il dolore del mondo, raccontando il Sahel stremato dalla siccit\u00e0, lo sfruttamento della manodopera e l\u2019umanit\u00e0 in movimento di profughi e rifugiati, <strong>\u00abGenesi\u00bb<\/strong> \u00e8 uno sguardo appassionato, teso a sottolineare la necessit\u00e0 di salvaguardare il nostro pianeta, di cambiare il nostro stile di vita, di assumere nuovi comportamenti pi\u00f9 rispettosi della natura e di quanto ci circonda, di conquistare una nuova armonia. <strong>Un viaggio alle origini del mondo per preservare il suo futuro.<\/strong><\/p>\n<p>Il percorso espositivo presenta una serie di fotografie, molte delle quali di straordinari paesaggi, realizzate con lo scopo di immortalare un mondo in cui natura ed esseri viventi vivono ancora in equilibrio con <em>l\u2019ambiente (\u00abcirca met\u00e0 del pianeta \u00e8 rimasto esattamente come nel giorno della Genesi\u00bb). <\/em>Una parte del suo lavoro \u00e8 rivolto agli animali che sono impressi nel suo obiettivo attraverso un lungo lavoro di immedesimazione con i loro habitat.<\/p>\n<figure id=\"attachment_271\" aria-describedby=\"caption-attachment-271\" style=\"width: 300px\" class=\"wp-caption alignnone\"><a href=\"http:\/\/web.quotidianopiemontese.it\/cultura-arte-e-spettacolo-a-torino\/files\/2018\/04\/7.jpg\"><img loading=\"lazy\" decoding=\"async\" class=\"size-medium wp-image-271\" src=\"http:\/\/web.quotidianopiemontese.it\/cultura-arte-e-spettacolo-a-torino\/files\/2018\/04\/7-300x219.jpg\" alt=\"\" width=\"300\" height=\"219\" srcset=\"https:\/\/web.quotidianopiemontese.it\/cultura-arte-e-spettacolo-a-torino\/files\/2018\/04\/7-300x219.jpg 300w, https:\/\/web.quotidianopiemontese.it\/cultura-arte-e-spettacolo-a-torino\/files\/2018\/04\/7-768x562.jpg 768w, https:\/\/web.quotidianopiemontese.it\/cultura-arte-e-spettacolo-a-torino\/files\/2018\/04\/7-1024x749.jpg 1024w\" sizes=\"auto, (max-width: 300px) 85vw, 300px\" \/><\/a><figcaption id=\"caption-attachment-271\" class=\"wp-caption-text\"><strong>Etiopia, 2007<\/strong><\/figcaption><\/figure>\n<p><strong>Sebasti\u00e3o Salgado<\/strong> ha vissuto nelle Galapagos tra tartarughe giganti, iguane e leoni marini, ha viaggiato tra le zebre e gli animali selvatici che attraversano il Kenya e la Tanzania rispondendo al richiamo annuale della natura alla migrazione. Un\u2019attenzione particolare \u00e8 riservata anche alle popolazioni indigene ancora vergini: gli Yanomami e i Cayap\u00f3 dell\u2019Amazzonia brasiliana; i Pigmei delle foreste equatoriali nel Congo settentrionale; i Boscimani del deserto del Kalahari in Sudafrica; le trib\u00f9 Himba del deserto della Namibia e quelle pi\u00f9 remote delle foreste della Nuova Guinea. <strong>Sebasti\u00e3o Salgado<\/strong> ha trascorso diversi mesi con ognuno di questi gruppi per poter raccogliere una serie di fotografie che li mostrassero in totale armonia con gli elementi del proprio habitat.<\/p>\n<figure id=\"attachment_272\" aria-describedby=\"caption-attachment-272\" style=\"width: 300px\" class=\"wp-caption alignnone\"><a href=\"http:\/\/web.quotidianopiemontese.it\/cultura-arte-e-spettacolo-a-torino\/files\/2018\/04\/4.jpg\"><img loading=\"lazy\" decoding=\"async\" class=\"size-medium wp-image-272\" src=\"http:\/\/web.quotidianopiemontese.it\/cultura-arte-e-spettacolo-a-torino\/files\/2018\/04\/4-300x219.jpg\" alt=\"\" width=\"300\" height=\"219\" srcset=\"https:\/\/web.quotidianopiemontese.it\/cultura-arte-e-spettacolo-a-torino\/files\/2018\/04\/4-300x219.jpg 300w, https:\/\/web.quotidianopiemontese.it\/cultura-arte-e-spettacolo-a-torino\/files\/2018\/04\/4-768x562.jpg 768w, https:\/\/web.quotidianopiemontese.it\/cultura-arte-e-spettacolo-a-torino\/files\/2018\/04\/4-1024x749.jpg 1024w\" sizes=\"auto, (max-width: 300px) 85vw, 300px\" \/><\/a><figcaption id=\"caption-attachment-272\" class=\"wp-caption-text\"><strong>Brasile, 2009<\/strong><\/figcaption><\/figure>\n<p>Viaggio unico alla scoperta del nostro ambiente, l\u2019ultimo progetto di <strong>Sebasti\u00e3o Salgado<\/strong> rappresenta il tentativo, perfettamente riuscito, di realizzare un <strong>atlante antropologico <\/strong>del pianeta, ma \u00e8 anche un <strong>grido di allarme <\/strong>e un monito affinch\u00e9 si cerchi di preservare queste zone ancora incontaminate, per far s\u00ec che, nel tempo che viviamo, sviluppo non sia sinonimo di distruzione.<\/p>\n<figure id=\"attachment_273\" aria-describedby=\"caption-attachment-273\" style=\"width: 300px\" class=\"wp-caption alignnone\"><a href=\"http:\/\/web.quotidianopiemontese.it\/cultura-arte-e-spettacolo-a-torino\/files\/2018\/04\/2.jpg\"><img loading=\"lazy\" decoding=\"async\" class=\"size-medium wp-image-273\" src=\"http:\/\/web.quotidianopiemontese.it\/cultura-arte-e-spettacolo-a-torino\/files\/2018\/04\/2-300x219.jpg\" alt=\"\" width=\"300\" height=\"219\" srcset=\"https:\/\/web.quotidianopiemontese.it\/cultura-arte-e-spettacolo-a-torino\/files\/2018\/04\/2-300x219.jpg 300w, https:\/\/web.quotidianopiemontese.it\/cultura-arte-e-spettacolo-a-torino\/files\/2018\/04\/2-768x562.jpg 768w, https:\/\/web.quotidianopiemontese.it\/cultura-arte-e-spettacolo-a-torino\/files\/2018\/04\/2-1024x749.jpg 1024w\" sizes=\"auto, (max-width: 300px) 85vw, 300px\" \/><\/a><figcaption id=\"caption-attachment-273\" class=\"wp-caption-text\"><strong>Penisola Antartica, 2005<\/strong><\/figcaption><\/figure>\n<p>\u00ab<strong>Genesi<\/strong> \u2013 spiega la curatrice <strong>L\u00e9lia Wanick Salgado &#8211; <\/strong>\u00e8 la ricerca del mondo delle origini, come ha preso forma, si \u00e8 evoluto, \u00e8 esistito per millenni prima che la vita moderna accelerasse i propri ritmi e iniziasse ad allontanarci dall\u2019essenza della nostra natura. \u00c8 un viaggio attraverso paesaggi terrestri e marini, alla scoperta di popolazioni e animali scampati all\u2019abbraccio del mondo contemporaneo. La prova che il nostro pianeta include tuttora vaste regioni remote, dove la natura regna nel silenzio della sua magnificenza immacolata; autentiche meraviglie nei Poli, nelle foreste pluviali tropicali, nella vastit\u00e0 delle savane e dei deserti roventi, tra montagne coperte dai ghiacciai e nelle isole solitarie. Regioni troppo fredde o aride per tutto tranne che per le forme di vita pi\u00f9 resistenti, aree che ospitano specie animali e antiche trib\u00f9 la cui sopravvivenza si fonda proprio sull\u2019isolamento. Fotografie, quelle di Genesi, che aspirano a rivelare tale incanto; un tributo visivo a un pianeta fragile che tutti abbiamo il dovere di proteggere\u00bb. <strong>Fino al 16 settembre.<\/strong><\/p>\n<p><a href=\"http:\/\/www.lavenaria.it\">www.lavenaria.it<\/a><\/p>\n<figure id=\"attachment_274\" aria-describedby=\"caption-attachment-274\" style=\"width: 300px\" class=\"wp-caption alignnone\"><a href=\"http:\/\/web.quotidianopiemontese.it\/cultura-arte-e-spettacolo-a-torino\/files\/2018\/04\/9.jpg\"><img loading=\"lazy\" decoding=\"async\" class=\"size-medium wp-image-274\" src=\"http:\/\/web.quotidianopiemontese.it\/cultura-arte-e-spettacolo-a-torino\/files\/2018\/04\/9-300x219.jpg\" alt=\"\" width=\"300\" height=\"219\" srcset=\"https:\/\/web.quotidianopiemontese.it\/cultura-arte-e-spettacolo-a-torino\/files\/2018\/04\/9-300x219.jpg 300w, https:\/\/web.quotidianopiemontese.it\/cultura-arte-e-spettacolo-a-torino\/files\/2018\/04\/9-768x562.jpg 768w, https:\/\/web.quotidianopiemontese.it\/cultura-arte-e-spettacolo-a-torino\/files\/2018\/04\/9-1024x749.jpg 1024w\" sizes=\"auto, (max-width: 300px) 85vw, 300px\" \/><\/a><figcaption id=\"caption-attachment-274\" class=\"wp-caption-text\"><strong>Isola di Siberut, Sumatra, Indonesia, 2008<\/strong><\/figcaption><\/figure>\n<p>&nbsp;<\/p>\n<p>&nbsp;<\/p>\n<p>&nbsp;<\/p>\n<p><em>\u00a0<\/em><\/p>\n<p>&nbsp;<\/p>\n","protected":false},"excerpt":{"rendered":"<p>\u00abPrima avevo fotografato solo una specie: gli esseri umani. Genesi \u00e8 il mio omaggio al pianeta. \u00c8 un suo ritratto\u00bb. Il pi\u00f9 importante fotografo documentario del nostro tempo, il brasiliano Sebasti\u00e3o Salgado (Aimor\u00e9s, 1944) porta alle Sale dei Paggi della Reggia di Venaria l\u2019ultimo suo grande lavoro, \u00abGenesi\u00bb, un progetto iniziato nel 2003 e durato &hellip; <a href=\"https:\/\/web.quotidianopiemontese.it\/cultura-arte-e-spettacolo-a-torino\/genesi-le-origini-del-mondo-secondo-salgado\/\" class=\"more-link\">Leggi tutto<span class=\"screen-reader-text\"> &#8220;\u00abGenesi\u00bb. Le origini del mondo secondo Salgado&#8221;<\/span><\/a><\/p>\n","protected":false},"author":1361,"featured_media":269,"comment_status":"open","ping_status":"open","sticky":false,"template":"","format":"standard","meta":{"footnotes":""},"categories":[1],"tags":[85,87,86],"class_list":["post-268","post","type-post","status-publish","format-standard","has-post-thumbnail","hentry","category-cultura-arte-spettacolo","tag-genesi","tag-reggia-di-venaria","tag-sebastiao-salgado"],"yoast_head":"<!-- This site is optimized with the Yoast SEO plugin v27.1.1 - https:\/\/yoast.com\/product\/yoast-seo-wordpress\/ -->\n<title>\u00abGenesi\u00bb. Le origini del mondo secondo Salgado - 23 Aprile 2018<\/title>\n<meta name=\"description\" content=\"\u00abGenesi\u00bb. Le origini del mondo secondo Salgado - Cultura, Arte e Spettacolo a Torino - \u00abPrima avevo fotografato solo una specie: gli esseri umani. Genesi \u00e8 il mio omaggio al pianeta. \u00c8 un suo ritratto\u00bb. Il pi\u00f9 importante fotografo - Genesi, Reggia di Venaria, Sebastiao Salgado\" \/>\n<meta name=\"robots\" content=\"index, follow, max-snippet:-1, max-image-preview:large, max-video-preview:-1\" \/>\n<link rel=\"canonical\" href=\"http:\/\/web.quotidianopiemontese.it\/cultura-arte-e-spettacolo-a-torino\/genesi-le-origini-del-mondo-secondo-salgado\/\" \/>\n<meta property=\"og:locale\" content=\"it_IT\" \/>\n<meta property=\"og:type\" content=\"article\" \/>\n<meta property=\"og:title\" content=\"\u00abGenesi\u00bb. Le origini del mondo secondo Salgado - 23 Aprile 2018\" \/>\n<meta property=\"og:description\" content=\"\u00abGenesi\u00bb. Le origini del mondo secondo Salgado - Cultura, Arte e Spettacolo a Torino - \u00abPrima avevo fotografato solo una specie: gli esseri umani. Genesi \u00e8 il mio omaggio al pianeta. \u00c8 un suo ritratto\u00bb. Il pi\u00f9 importante fotografo - Genesi, Reggia di Venaria, Sebastiao Salgado\" \/>\n<meta property=\"og:url\" content=\"http:\/\/web.quotidianopiemontese.it\/cultura-arte-e-spettacolo-a-torino\/genesi-le-origini-del-mondo-secondo-salgado\/\" \/>\n<meta property=\"og:site_name\" content=\"Cultura, Arte e Spettacolo a Torino\" \/>\n<meta property=\"article:publisher\" content=\"https:\/\/www.facebook.com\/quotidianopiemontese?fref=ts\" \/>\n<meta property=\"article:published_time\" content=\"2018-04-23T14:12:22+00:00\" \/>\n<meta property=\"og:image\" content=\"http:\/\/web.quotidianopiemontese.it\/cultura-arte-e-spettacolo-a-torino\/files\/2018\/04\/3.jpg\" \/>\n\t<meta property=\"og:image:width\" content=\"3165\" \/>\n\t<meta property=\"og:image:height\" content=\"2315\" \/>\n\t<meta property=\"og:image:type\" content=\"image\/jpeg\" \/>\n<meta name=\"author\" content=\"Emanuele Rebuffini\" \/>\n<meta name=\"twitter:label1\" content=\"Scritto da\" \/>\n\t<meta name=\"twitter:data1\" content=\"Emanuele Rebuffini\" \/>\n\t<meta name=\"twitter:label2\" content=\"Tempo di lettura stimato\" \/>\n\t<meta name=\"twitter:data2\" content=\"3 minuti\" \/>\n<script type=\"application\/ld+json\" class=\"yoast-schema-graph\">{\"@context\":\"https:\/\/schema.org\",\"@graph\":[{\"@type\":\"Article\",\"@id\":\"http:\/\/web.quotidianopiemontese.it\/cultura-arte-e-spettacolo-a-torino\/genesi-le-origini-del-mondo-secondo-salgado\/#article\",\"isPartOf\":{\"@id\":\"http:\/\/web.quotidianopiemontese.it\/cultura-arte-e-spettacolo-a-torino\/genesi-le-origini-del-mondo-secondo-salgado\/\"},\"author\":{\"name\":\"Emanuele Rebuffini\",\"@id\":\"https:\/\/web.quotidianopiemontese.it\/cultura-arte-e-spettacolo-a-torino\/#\/schema\/person\/b035109a4cc7d3e93911b78d8cebf3a0\"},\"headline\":\"\u00abGenesi\u00bb. Le origini del mondo secondo Salgado\",\"datePublished\":\"2018-04-23T14:12:22+00:00\",\"mainEntityOfPage\":{\"@id\":\"http:\/\/web.quotidianopiemontese.it\/cultura-arte-e-spettacolo-a-torino\/genesi-le-origini-del-mondo-secondo-salgado\/\"},\"wordCount\":697,\"commentCount\":0,\"image\":{\"@id\":\"http:\/\/web.quotidianopiemontese.it\/cultura-arte-e-spettacolo-a-torino\/genesi-le-origini-del-mondo-secondo-salgado\/#primaryimage\"},\"thumbnailUrl\":\"https:\/\/web.quotidianopiemontese.it\/cultura-arte-e-spettacolo-a-torino\/files\/2018\/04\/3.jpg\",\"keywords\":[\"Genesi\",\"Reggia di Venaria\",\"Sebastiao Salgado\"],\"articleSection\":[\"Cultura, arte, spettacolo\"],\"inLanguage\":\"it-IT\",\"potentialAction\":[{\"@type\":\"CommentAction\",\"name\":\"Comment\",\"target\":[\"http:\/\/web.quotidianopiemontese.it\/cultura-arte-e-spettacolo-a-torino\/genesi-le-origini-del-mondo-secondo-salgado\/#respond\"]}]},{\"@type\":\"WebPage\",\"@id\":\"http:\/\/web.quotidianopiemontese.it\/cultura-arte-e-spettacolo-a-torino\/genesi-le-origini-del-mondo-secondo-salgado\/\",\"url\":\"http:\/\/web.quotidianopiemontese.it\/cultura-arte-e-spettacolo-a-torino\/genesi-le-origini-del-mondo-secondo-salgado\/\",\"name\":\"\u00abGenesi\u00bb. Le origini del mondo secondo Salgado - 23 Aprile 2018\",\"isPartOf\":{\"@id\":\"https:\/\/web.quotidianopiemontese.it\/cultura-arte-e-spettacolo-a-torino\/#website\"},\"primaryImageOfPage\":{\"@id\":\"http:\/\/web.quotidianopiemontese.it\/cultura-arte-e-spettacolo-a-torino\/genesi-le-origini-del-mondo-secondo-salgado\/#primaryimage\"},\"image\":{\"@id\":\"http:\/\/web.quotidianopiemontese.it\/cultura-arte-e-spettacolo-a-torino\/genesi-le-origini-del-mondo-secondo-salgado\/#primaryimage\"},\"thumbnailUrl\":\"https:\/\/web.quotidianopiemontese.it\/cultura-arte-e-spettacolo-a-torino\/files\/2018\/04\/3.jpg\",\"datePublished\":\"2018-04-23T14:12:22+00:00\",\"author\":{\"@id\":\"https:\/\/web.quotidianopiemontese.it\/cultura-arte-e-spettacolo-a-torino\/#\/schema\/person\/b035109a4cc7d3e93911b78d8cebf3a0\"},\"description\":\"\u00abGenesi\u00bb. Le origini del mondo secondo Salgado - Cultura, Arte e Spettacolo a Torino - \u00abPrima avevo fotografato solo una specie: gli esseri umani. Genesi \u00e8 il mio omaggio al pianeta. \u00c8 un suo ritratto\u00bb. Il pi\u00f9 importante fotografo - Genesi, Reggia di Venaria, Sebastiao Salgado\",\"inLanguage\":\"it-IT\",\"potentialAction\":[{\"@type\":\"ReadAction\",\"target\":[\"http:\/\/web.quotidianopiemontese.it\/cultura-arte-e-spettacolo-a-torino\/genesi-le-origini-del-mondo-secondo-salgado\/\"]}]},{\"@type\":\"ImageObject\",\"inLanguage\":\"it-IT\",\"@id\":\"http:\/\/web.quotidianopiemontese.it\/cultura-arte-e-spettacolo-a-torino\/genesi-le-origini-del-mondo-secondo-salgado\/#primaryimage\",\"url\":\"https:\/\/web.quotidianopiemontese.it\/cultura-arte-e-spettacolo-a-torino\/files\/2018\/04\/3.jpg\",\"contentUrl\":\"https:\/\/web.quotidianopiemontese.it\/cultura-arte-e-spettacolo-a-torino\/files\/2018\/04\/3.jpg\",\"width\":3165,\"height\":2315},{\"@type\":\"WebSite\",\"@id\":\"https:\/\/web.quotidianopiemontese.it\/cultura-arte-e-spettacolo-a-torino\/#website\",\"url\":\"https:\/\/web.quotidianopiemontese.it\/cultura-arte-e-spettacolo-a-torino\/\",\"name\":\"Cultura, Arte e Spettacolo a Torino\",\"description\":\"Quotidiano Piemontese\",\"potentialAction\":[{\"@type\":\"SearchAction\",\"target\":{\"@type\":\"EntryPoint\",\"urlTemplate\":\"https:\/\/web.quotidianopiemontese.it\/cultura-arte-e-spettacolo-a-torino\/?s={search_term_string}\"},\"query-input\":{\"@type\":\"PropertyValueSpecification\",\"valueRequired\":true,\"valueName\":\"search_term_string\"}}],\"inLanguage\":\"it-IT\"},{\"@type\":\"Person\",\"@id\":\"https:\/\/web.quotidianopiemontese.it\/cultura-arte-e-spettacolo-a-torino\/#\/schema\/person\/b035109a4cc7d3e93911b78d8cebf3a0\",\"name\":\"Emanuele Rebuffini\",\"image\":{\"@type\":\"ImageObject\",\"inLanguage\":\"it-IT\",\"@id\":\"https:\/\/web.quotidianopiemontese.it\/cultura-arte-e-spettacolo-a-torino\/#\/schema\/person\/image\/\",\"url\":\"https:\/\/secure.gravatar.com\/avatar\/519a0a38be4cbbcf40fb5bc1b1173a85af291a3a8697df454a94ad7e05574628?s=96&d=mm&r=g\",\"contentUrl\":\"https:\/\/secure.gravatar.com\/avatar\/519a0a38be4cbbcf40fb5bc1b1173a85af291a3a8697df454a94ad7e05574628?s=96&d=mm&r=g\",\"caption\":\"Emanuele Rebuffini\"},\"sameAs\":[\"http:\/\/www.quotidianopiemontese.it\/cultura-arte-e-spettacolo-a-torino\/\"],\"url\":\"https:\/\/web.quotidianopiemontese.it\/cultura-arte-e-spettacolo-a-torino\/author\/emanuelerebuffini\/\"}]}<\/script>\n<!-- \/ Yoast SEO plugin. -->","yoast_head_json":{"title":"\u00abGenesi\u00bb. Le origini del mondo secondo Salgado - 23 Aprile 2018","description":"\u00abGenesi\u00bb. Le origini del mondo secondo Salgado - Cultura, Arte e Spettacolo a Torino - \u00abPrima avevo fotografato solo una specie: gli esseri umani. Genesi \u00e8 il mio omaggio al pianeta. \u00c8 un suo ritratto\u00bb. Il pi\u00f9 importante fotografo - Genesi, Reggia di Venaria, Sebastiao Salgado","robots":{"index":"index","follow":"follow","max-snippet":"max-snippet:-1","max-image-preview":"max-image-preview:large","max-video-preview":"max-video-preview:-1"},"canonical":"http:\/\/web.quotidianopiemontese.it\/cultura-arte-e-spettacolo-a-torino\/genesi-le-origini-del-mondo-secondo-salgado\/","og_locale":"it_IT","og_type":"article","og_title":"\u00abGenesi\u00bb. Le origini del mondo secondo Salgado - 23 Aprile 2018","og_description":"\u00abGenesi\u00bb. Le origini del mondo secondo Salgado - Cultura, Arte e Spettacolo a Torino - \u00abPrima avevo fotografato solo una specie: gli esseri umani. Genesi \u00e8 il mio omaggio al pianeta. \u00c8 un suo ritratto\u00bb. Il pi\u00f9 importante fotografo - Genesi, Reggia di Venaria, Sebastiao Salgado","og_url":"http:\/\/web.quotidianopiemontese.it\/cultura-arte-e-spettacolo-a-torino\/genesi-le-origini-del-mondo-secondo-salgado\/","og_site_name":"Cultura, Arte e Spettacolo a Torino","article_publisher":"https:\/\/www.facebook.com\/quotidianopiemontese?fref=ts","article_published_time":"2018-04-23T14:12:22+00:00","og_image":[{"width":3165,"height":2315,"url":"http:\/\/web.quotidianopiemontese.it\/cultura-arte-e-spettacolo-a-torino\/files\/2018\/04\/3.jpg","type":"image\/jpeg"}],"author":"Emanuele Rebuffini","twitter_misc":{"Scritto da":"Emanuele Rebuffini","Tempo di lettura stimato":"3 minuti"},"schema":{"@context":"https:\/\/schema.org","@graph":[{"@type":"Article","@id":"http:\/\/web.quotidianopiemontese.it\/cultura-arte-e-spettacolo-a-torino\/genesi-le-origini-del-mondo-secondo-salgado\/#article","isPartOf":{"@id":"http:\/\/web.quotidianopiemontese.it\/cultura-arte-e-spettacolo-a-torino\/genesi-le-origini-del-mondo-secondo-salgado\/"},"author":{"name":"Emanuele Rebuffini","@id":"https:\/\/web.quotidianopiemontese.it\/cultura-arte-e-spettacolo-a-torino\/#\/schema\/person\/b035109a4cc7d3e93911b78d8cebf3a0"},"headline":"\u00abGenesi\u00bb. Le origini del mondo secondo Salgado","datePublished":"2018-04-23T14:12:22+00:00","mainEntityOfPage":{"@id":"http:\/\/web.quotidianopiemontese.it\/cultura-arte-e-spettacolo-a-torino\/genesi-le-origini-del-mondo-secondo-salgado\/"},"wordCount":697,"commentCount":0,"image":{"@id":"http:\/\/web.quotidianopiemontese.it\/cultura-arte-e-spettacolo-a-torino\/genesi-le-origini-del-mondo-secondo-salgado\/#primaryimage"},"thumbnailUrl":"https:\/\/web.quotidianopiemontese.it\/cultura-arte-e-spettacolo-a-torino\/files\/2018\/04\/3.jpg","keywords":["Genesi","Reggia di Venaria","Sebastiao Salgado"],"articleSection":["Cultura, arte, spettacolo"],"inLanguage":"it-IT","potentialAction":[{"@type":"CommentAction","name":"Comment","target":["http:\/\/web.quotidianopiemontese.it\/cultura-arte-e-spettacolo-a-torino\/genesi-le-origini-del-mondo-secondo-salgado\/#respond"]}]},{"@type":"WebPage","@id":"http:\/\/web.quotidianopiemontese.it\/cultura-arte-e-spettacolo-a-torino\/genesi-le-origini-del-mondo-secondo-salgado\/","url":"http:\/\/web.quotidianopiemontese.it\/cultura-arte-e-spettacolo-a-torino\/genesi-le-origini-del-mondo-secondo-salgado\/","name":"\u00abGenesi\u00bb. Le origini del mondo secondo Salgado - 23 Aprile 2018","isPartOf":{"@id":"https:\/\/web.quotidianopiemontese.it\/cultura-arte-e-spettacolo-a-torino\/#website"},"primaryImageOfPage":{"@id":"http:\/\/web.quotidianopiemontese.it\/cultura-arte-e-spettacolo-a-torino\/genesi-le-origini-del-mondo-secondo-salgado\/#primaryimage"},"image":{"@id":"http:\/\/web.quotidianopiemontese.it\/cultura-arte-e-spettacolo-a-torino\/genesi-le-origini-del-mondo-secondo-salgado\/#primaryimage"},"thumbnailUrl":"https:\/\/web.quotidianopiemontese.it\/cultura-arte-e-spettacolo-a-torino\/files\/2018\/04\/3.jpg","datePublished":"2018-04-23T14:12:22+00:00","author":{"@id":"https:\/\/web.quotidianopiemontese.it\/cultura-arte-e-spettacolo-a-torino\/#\/schema\/person\/b035109a4cc7d3e93911b78d8cebf3a0"},"description":"\u00abGenesi\u00bb. Le origini del mondo secondo Salgado - Cultura, Arte e Spettacolo a Torino - \u00abPrima avevo fotografato solo una specie: gli esseri umani. Genesi \u00e8 il mio omaggio al pianeta. \u00c8 un suo ritratto\u00bb. Il pi\u00f9 importante fotografo - Genesi, Reggia di Venaria, Sebastiao Salgado","inLanguage":"it-IT","potentialAction":[{"@type":"ReadAction","target":["http:\/\/web.quotidianopiemontese.it\/cultura-arte-e-spettacolo-a-torino\/genesi-le-origini-del-mondo-secondo-salgado\/"]}]},{"@type":"ImageObject","inLanguage":"it-IT","@id":"http:\/\/web.quotidianopiemontese.it\/cultura-arte-e-spettacolo-a-torino\/genesi-le-origini-del-mondo-secondo-salgado\/#primaryimage","url":"https:\/\/web.quotidianopiemontese.it\/cultura-arte-e-spettacolo-a-torino\/files\/2018\/04\/3.jpg","contentUrl":"https:\/\/web.quotidianopiemontese.it\/cultura-arte-e-spettacolo-a-torino\/files\/2018\/04\/3.jpg","width":3165,"height":2315},{"@type":"WebSite","@id":"https:\/\/web.quotidianopiemontese.it\/cultura-arte-e-spettacolo-a-torino\/#website","url":"https:\/\/web.quotidianopiemontese.it\/cultura-arte-e-spettacolo-a-torino\/","name":"Cultura, Arte e Spettacolo a Torino","description":"Quotidiano Piemontese","potentialAction":[{"@type":"SearchAction","target":{"@type":"EntryPoint","urlTemplate":"https:\/\/web.quotidianopiemontese.it\/cultura-arte-e-spettacolo-a-torino\/?s={search_term_string}"},"query-input":{"@type":"PropertyValueSpecification","valueRequired":true,"valueName":"search_term_string"}}],"inLanguage":"it-IT"},{"@type":"Person","@id":"https:\/\/web.quotidianopiemontese.it\/cultura-arte-e-spettacolo-a-torino\/#\/schema\/person\/b035109a4cc7d3e93911b78d8cebf3a0","name":"Emanuele Rebuffini","image":{"@type":"ImageObject","inLanguage":"it-IT","@id":"https:\/\/web.quotidianopiemontese.it\/cultura-arte-e-spettacolo-a-torino\/#\/schema\/person\/image\/","url":"https:\/\/secure.gravatar.com\/avatar\/519a0a38be4cbbcf40fb5bc1b1173a85af291a3a8697df454a94ad7e05574628?s=96&d=mm&r=g","contentUrl":"https:\/\/secure.gravatar.com\/avatar\/519a0a38be4cbbcf40fb5bc1b1173a85af291a3a8697df454a94ad7e05574628?s=96&d=mm&r=g","caption":"Emanuele Rebuffini"},"sameAs":["http:\/\/www.quotidianopiemontese.it\/cultura-arte-e-spettacolo-a-torino\/"],"url":"https:\/\/web.quotidianopiemontese.it\/cultura-arte-e-spettacolo-a-torino\/author\/emanuelerebuffini\/"}]}},"_links":{"self":[{"href":"https:\/\/web.quotidianopiemontese.it\/cultura-arte-e-spettacolo-a-torino\/wp-json\/wp\/v2\/posts\/268","targetHints":{"allow":["GET"]}}],"collection":[{"href":"https:\/\/web.quotidianopiemontese.it\/cultura-arte-e-spettacolo-a-torino\/wp-json\/wp\/v2\/posts"}],"about":[{"href":"https:\/\/web.quotidianopiemontese.it\/cultura-arte-e-spettacolo-a-torino\/wp-json\/wp\/v2\/types\/post"}],"author":[{"embeddable":true,"href":"https:\/\/web.quotidianopiemontese.it\/cultura-arte-e-spettacolo-a-torino\/wp-json\/wp\/v2\/users\/1361"}],"replies":[{"embeddable":true,"href":"https:\/\/web.quotidianopiemontese.it\/cultura-arte-e-spettacolo-a-torino\/wp-json\/wp\/v2\/comments?post=268"}],"version-history":[{"count":0,"href":"https:\/\/web.quotidianopiemontese.it\/cultura-arte-e-spettacolo-a-torino\/wp-json\/wp\/v2\/posts\/268\/revisions"}],"wp:featuredmedia":[{"embeddable":true,"href":"https:\/\/web.quotidianopiemontese.it\/cultura-arte-e-spettacolo-a-torino\/wp-json\/wp\/v2\/media\/269"}],"wp:attachment":[{"href":"https:\/\/web.quotidianopiemontese.it\/cultura-arte-e-spettacolo-a-torino\/wp-json\/wp\/v2\/media?parent=268"}],"wp:term":[{"taxonomy":"category","embeddable":true,"href":"https:\/\/web.quotidianopiemontese.it\/cultura-arte-e-spettacolo-a-torino\/wp-json\/wp\/v2\/categories?post=268"},{"taxonomy":"post_tag","embeddable":true,"href":"https:\/\/web.quotidianopiemontese.it\/cultura-arte-e-spettacolo-a-torino\/wp-json\/wp\/v2\/tags?post=268"}],"curies":[{"name":"wp","href":"https:\/\/api.w.org\/{rel}","templated":true}]}}