{"id":228,"date":"2018-03-21T11:48:23","date_gmt":"2018-03-21T10:48:23","guid":{"rendered":"http:\/\/www.quotidianopiemontese.it\/cultura-arte-e-spettacolo-a-torino\/?p=228"},"modified":"2018-03-21T11:48:23","modified_gmt":"2018-03-21T10:48:23","slug":"elvira-nobile-mestiere-recitare-toni-servillo-jouvet-al-teatro-carignano","status":"publish","type":"post","link":"https:\/\/web.quotidianopiemontese.it\/cultura-arte-e-spettacolo-a-torino\/elvira-nobile-mestiere-recitare-toni-servillo-jouvet-al-teatro-carignano\/","title":{"rendered":"\u201cElvira\u201d, il nobile mestiere di recitare. Toni Servillo \u00e8 Jouvet al Teatro Carignano"},"content":{"rendered":"<p><em>\u201cPerch\u00e9 noi non possiamo sapere nulla sul teatro, ancora meno che su qualsiasi altra cosa\u201d.<\/em> Al Conservatoire d\u2019Art Dramatique di Parigi, in sette sedute che hanno luogo tra il 14 febbraio e il 21 settembre 1940, il grande attore di cinema e teatro <strong>Louis Jouvet<\/strong> fa preparare a una giovane attrice, Claudia (in realt\u00e0 si chiamava si chiamava Paula Dehelly), l\u2019ultima scena del personaggio di <strong>Elvira <\/strong>nel \u00ab<em>Don Giovanni<\/em>\u00bb di Moli\u00e8re, <!--more-->dove la donna dice addio al suo antico amante, scongiurandolo di abbandonare la vita scellerata per salvare la propria anima. Le lezioni vennero minuziosamente stenografate da Charlotte Delbo. Con l\u2019occupazione nazista <strong>Louis Juvet<\/strong> abbandon\u00f2 la Francia, Paula Dehelly fu costretta a lasciare le scene a causa delle origini ebraiche, Charlotte Delbo entr\u00f2 nella Resistenza, venne deportata e sopravvisse ad Auschwitz.<\/p>\n<p><a href=\"http:\/\/www.quotidianopiemontese.it\/cultura-arte-e-spettacolo-a-torino\/files\/2018\/03\/Elvira_014_\u00a9FabioEsposito_PiccoloTeatroMilano.jpg\"><img loading=\"lazy\" decoding=\"async\" class=\"alignnone size-medium wp-image-230\" src=\"http:\/\/www.quotidianopiemontese.it\/cultura-arte-e-spettacolo-a-torino\/files\/2018\/03\/Elvira_014_\u00a9FabioEsposito_PiccoloTeatroMilano-300x109.jpg\" alt=\"\" width=\"300\" height=\"109\" srcset=\"https:\/\/web.quotidianopiemontese.it\/cultura-arte-e-spettacolo-a-torino\/files\/2018\/03\/Elvira_014_\u00a9FabioEsposito_PiccoloTeatroMilano-300x109.jpg 300w, https:\/\/web.quotidianopiemontese.it\/cultura-arte-e-spettacolo-a-torino\/files\/2018\/03\/Elvira_014_\u00a9FabioEsposito_PiccoloTeatroMilano-768x278.jpg 768w, https:\/\/web.quotidianopiemontese.it\/cultura-arte-e-spettacolo-a-torino\/files\/2018\/03\/Elvira_014_\u00a9FabioEsposito_PiccoloTeatroMilano-1024x371.jpg 1024w\" sizes=\"auto, (max-width: 300px) 85vw, 300px\" \/><\/a><\/p>\n<p>Nel 1986 la regista svizzera Brigitte Jaques con <strong>\u00ab<\/strong><strong>Elvire Jouvet 40\u00bb<\/strong> riscrisse in forma teatrale le sette lezioni. Da questo testo \u00e8 partito <strong>Toni Servillo<\/strong>, in scena al <strong>Teatro Carignano<\/strong> fino al <strong>25 marzo <\/strong>con <strong>\u00ab<\/strong><strong>Elvira\u00bb<\/strong><strong>,<\/strong> spettacolo prodotto dal Piccolo Teatro e da Teatri Uniti. Muovendo dalla nuova traduzione di Giuseppe Montesano, <strong>Toni Servillo<\/strong> dirige e interpreta l\u2019apologo del mestiere dell\u2019attore, facendo della messa in scena una \u201cconfessione\u201d, accanto a tre giovani interpreti: <strong>Petra Valentini <\/strong>(Elvia\/Claudia), <strong>Davide Cirri<\/strong> (L\u00e8on\/Sganarello) e <strong>Francesco Marino<\/strong> (Octave\/Don Giovanni).<\/p>\n<p>\u00abElvira-spiega <strong>Toni Servillo<\/strong>-porta il pubblico all\u2019interno di un teatro chiuso, quasi a spiare tra platea e proscenio, con un maestro e un\u2019allieva impegnati in un particolare momento di una vera e propria fenomenologia della creazione del personaggio<em>. <\/em>Assistiamo ad una relazione maieutica che si trasforma in scambio dialettico, perch\u00e9 il personaggio \u00e8 per entrambi un territorio sconosciuto nel quale si avventurano spinti dalla necessit\u00e0 ossessiva della scoperta. Dopo anni in cui le riflessioni di <strong>Louis Jouvet<\/strong> sul teatro e sul lavoro di attore mi hanno fatto compagnia nell\u2019affrontare repertori diversi, da Moli\u00e8re e Marivaux, da Eduardo a Goldoni, mi \u00e8 parso necessario che arrivasse il momento di un incontro diretto\u00bb.<\/p>\n<p><a href=\"http:\/\/www.quotidianopiemontese.it\/cultura-arte-e-spettacolo-a-torino\/files\/2018\/03\/Elvira_004_\u00a9FabioEsposito_PiccoloTeatroMilano.jpg\"><img loading=\"lazy\" decoding=\"async\" class=\"alignnone size-medium wp-image-231\" src=\"http:\/\/www.quotidianopiemontese.it\/cultura-arte-e-spettacolo-a-torino\/files\/2018\/03\/Elvira_004_\u00a9FabioEsposito_PiccoloTeatroMilano-300x200.jpg\" alt=\"\" width=\"300\" height=\"200\" srcset=\"https:\/\/web.quotidianopiemontese.it\/cultura-arte-e-spettacolo-a-torino\/files\/2018\/03\/Elvira_004_\u00a9FabioEsposito_PiccoloTeatroMilano-300x200.jpg 300w, https:\/\/web.quotidianopiemontese.it\/cultura-arte-e-spettacolo-a-torino\/files\/2018\/03\/Elvira_004_\u00a9FabioEsposito_PiccoloTeatroMilano-768x511.jpg 768w, https:\/\/web.quotidianopiemontese.it\/cultura-arte-e-spettacolo-a-torino\/files\/2018\/03\/Elvira_004_\u00a9FabioEsposito_PiccoloTeatroMilano-1024x682.jpg 1024w, https:\/\/web.quotidianopiemontese.it\/cultura-arte-e-spettacolo-a-torino\/files\/2018\/03\/Elvira_004_\u00a9FabioEsposito_PiccoloTeatroMilano-600x400.jpg 600w\" sizes=\"auto, (max-width: 300px) 85vw, 300px\" \/><\/a><\/p>\n<p>Una straordinaria iniziazione al lavoro sul palcoscenico, una celebrazione del teatro e del mestiere di attore, della passione per l\u2019arte, della trasmissione del sapere tra generazioni. \u00abMetterlo in scena oggi rappresenta per un attore una grande occasione di ecologia della mente. Approfondirlo significa rimettere al posto giusto certi termini, dare un senso a certe parole e a certi comportamenti della scena, come il sentimento, l\u2019emozione, la lunghezza della frase, l\u2019analisi del testo\u00bb.<\/p>\n<p><strong>Louis Jouvet<\/strong> insegna che quello che viene senza sforzo non \u00e8 mai bene, la recitazione non \u00e8 mera tecnica, \u00e8 disciplina, impegno, sacrificio, antidoto alla sciatteria e alla volgarit\u00e0. Una lezione di vita, dunque, poich\u00e9 l\u2019arte della recita ha a che vedere con la maniera di stare al mondo. Perch\u00e9 il teatro \u00e8 <em>\u201cuna cosa dello spirito, un culto dello spirito\u201d<\/em>, <em>\u201crecitare \u00e8 l\u2019arte di smuovere la propria sensibilit\u00e0 per trovare nuove voci, nuove strade, nuovi punti di partenza\u201d. <\/em>Non si pu\u00f2 fare teatro \u201csenza pensarlo\u201d, senza porsi delle domande su perch\u00e9 lo si fa e lo si va a vedere. Forse <em>\u201cperch\u00e9 il teatro \u00e8 fatto per insegnare agli altri cose che avvengono intorno a loro\u201d. <\/em><\/p>\n<p><a href=\"http:\/\/www.quotidianopiemontese.it\/cultura-arte-e-spettacolo-a-torino\/files\/2018\/03\/Elvira_007_\u00a9FabioEsposito_PiccoloTeatroMilano.jpg\"><img loading=\"lazy\" decoding=\"async\" class=\"alignnone size-medium wp-image-232\" src=\"http:\/\/www.quotidianopiemontese.it\/cultura-arte-e-spettacolo-a-torino\/files\/2018\/03\/Elvira_007_\u00a9FabioEsposito_PiccoloTeatroMilano-300x200.jpg\" alt=\"\" width=\"300\" height=\"200\" srcset=\"https:\/\/web.quotidianopiemontese.it\/cultura-arte-e-spettacolo-a-torino\/files\/2018\/03\/Elvira_007_\u00a9FabioEsposito_PiccoloTeatroMilano-300x200.jpg 300w, https:\/\/web.quotidianopiemontese.it\/cultura-arte-e-spettacolo-a-torino\/files\/2018\/03\/Elvira_007_\u00a9FabioEsposito_PiccoloTeatroMilano-768x511.jpg 768w, https:\/\/web.quotidianopiemontese.it\/cultura-arte-e-spettacolo-a-torino\/files\/2018\/03\/Elvira_007_\u00a9FabioEsposito_PiccoloTeatroMilano-1024x682.jpg 1024w, https:\/\/web.quotidianopiemontese.it\/cultura-arte-e-spettacolo-a-torino\/files\/2018\/03\/Elvira_007_\u00a9FabioEsposito_PiccoloTeatroMilano-600x400.jpg 600w\" sizes=\"auto, (max-width: 300px) 85vw, 300px\" \/><\/a><\/p>\n<p>\u00abLo spettacolo parla della necessit\u00e0 della formazione &#8211; aggiunge <strong>Toni Servillo<\/strong> &#8211; io mi riferisco solo al mondo del teatro perch\u00e9 \u00e8 quello che mi appartiene e al quale appartengo, per\u00f2 credo che il vero deficit italiano sia la formazione, con la difficolt\u00e0 di educare e insegnare. Ma \u00e8 pure vero che siamo vittime, in questo Paese, negli ultimi trent\u2019anni, di una cultura che ha messo al centro il modello della mediocrit\u00e0. Si crede che tutto sia facilmente raggiungibile: con <strong>Elvira,<\/strong> si dimostra la nobilt\u00e0 di un talento cos\u00ec distante da noi, che muove l\u2019ambizione di una grande fatica per ottenere di avvicinarsi a un modello cos\u00ec distante. Bisogna lavorare. E compiere un percorso: questo \u00e8 il modello che <strong>Jouvet<\/strong> si poneva davanti ai suoi personaggi\u00bb.<\/p>\n<p><strong>Toni <\/strong><strong>Servillo<\/strong> muove su due piani la propria indagine, facendo emergere la passione dell\u2019artista francese per il teatro, animata da un rigore che tende alla poesia. La cura straordinaria messa nella stenografia riporta quasi cinematograficamente le sensazioni, le inquietudini, il silenzio o i movimenti dei presenti, rendendo partecipe ogni spettatore del segreto del teatro nel suo divenire.<\/p>\n<p><a href=\"http:\/\/www.quotidianopiemontese.it\/cultura-arte-e-spettacolo-a-torino\/files\/2018\/03\/Elvira_003_\u00a9FabioEsposito_PiccoloTeatroMilano.jpg\"><img loading=\"lazy\" decoding=\"async\" class=\"alignnone size-medium wp-image-233\" src=\"http:\/\/www.quotidianopiemontese.it\/cultura-arte-e-spettacolo-a-torino\/files\/2018\/03\/Elvira_003_\u00a9FabioEsposito_PiccoloTeatroMilano-300x200.jpg\" alt=\"\" width=\"300\" height=\"200\" srcset=\"https:\/\/web.quotidianopiemontese.it\/cultura-arte-e-spettacolo-a-torino\/files\/2018\/03\/Elvira_003_\u00a9FabioEsposito_PiccoloTeatroMilano-300x200.jpg 300w, https:\/\/web.quotidianopiemontese.it\/cultura-arte-e-spettacolo-a-torino\/files\/2018\/03\/Elvira_003_\u00a9FabioEsposito_PiccoloTeatroMilano-768x511.jpg 768w, https:\/\/web.quotidianopiemontese.it\/cultura-arte-e-spettacolo-a-torino\/files\/2018\/03\/Elvira_003_\u00a9FabioEsposito_PiccoloTeatroMilano-1024x682.jpg 1024w, https:\/\/web.quotidianopiemontese.it\/cultura-arte-e-spettacolo-a-torino\/files\/2018\/03\/Elvira_003_\u00a9FabioEsposito_PiccoloTeatroMilano-600x400.jpg 600w\" sizes=\"auto, (max-width: 300px) 85vw, 300px\" \/><\/a><\/p>\n<p><strong>Louis Jouvet<\/strong> formula a proposito dell\u2019attore la famosa distinzione <strong>com\u00e9dien\/acteur<\/strong>: <em>\u201cil com\u00e9dien \u00e8 per cos\u00ec dire il mandatario del personaggio, mentre l\u2019acteur delega se stesso personalmente. Il com\u00e9dien esiste grazie allo sforzo, alla disciplina interiore, a una regola di vita dei suoi pensieri, del suo corpo. Il suo lavoro si basa su una modestia particolare, un annullarsi di cui l\u2019acteur non ha bisogno\u201d.<\/em><\/p>\n<p><a href=\"http:\/\/www.quotidianopiemontese.it\/cultura-arte-e-spettacolo-a-torino\/files\/2018\/03\/01_Elvira_018_\u00a9FabioEsposito_PiccoloTeatroMilano.jpg\"><img loading=\"lazy\" decoding=\"async\" class=\"alignnone size-medium wp-image-234\" src=\"http:\/\/www.quotidianopiemontese.it\/cultura-arte-e-spettacolo-a-torino\/files\/2018\/03\/01_Elvira_018_\u00a9FabioEsposito_PiccoloTeatroMilano-200x300.jpg\" alt=\"\" width=\"200\" height=\"300\" srcset=\"https:\/\/web.quotidianopiemontese.it\/cultura-arte-e-spettacolo-a-torino\/files\/2018\/03\/01_Elvira_018_\u00a9FabioEsposito_PiccoloTeatroMilano-200x300.jpg 200w, https:\/\/web.quotidianopiemontese.it\/cultura-arte-e-spettacolo-a-torino\/files\/2018\/03\/01_Elvira_018_\u00a9FabioEsposito_PiccoloTeatroMilano-768x1154.jpg 768w, https:\/\/web.quotidianopiemontese.it\/cultura-arte-e-spettacolo-a-torino\/files\/2018\/03\/01_Elvira_018_\u00a9FabioEsposito_PiccoloTeatroMilano-682x1024.jpg 682w, https:\/\/web.quotidianopiemontese.it\/cultura-arte-e-spettacolo-a-torino\/files\/2018\/03\/01_Elvira_018_\u00a9FabioEsposito_PiccoloTeatroMilano.jpg 1572w\" sizes=\"auto, (max-width: 200px) 85vw, 200px\" \/><\/a><\/p>\n<p>\u00abTrovo il complesso delle riflessioni di <strong>Jouvet<\/strong> particolarmente valido oggi &#8211; afferma <strong>Toni Servillo<\/strong> &#8211; per significare soprattutto ai giovani la nobilt\u00e0 del mestiere di recitare, che rischia di essere svilito in questi tempi confusi. Il mestiere dell\u2019attore in questi anni conosce, sul piano popolare, una sorta di banalizzazione, quando non di volgarizzazione, legata esclusivamente a un talento, che molto spesso \u00e8 solo espressione generica di una capacit\u00e0 <em>funambolica<\/em>, che ha poco a che fare con l\u2019interpretazione di un classico e di un personaggio, rispetto al quale di questo talento non sai cosa fartene. Serve allora una sorta di cultura personale e di disciplina, capace di mettere in discussione tutto questo, perch\u00e9 gli attori sappiano che quando si misurano con un testo si confrontano con un materiale poetico, che essi stessi devono diventare poesia vivente. <strong>Jouvet<\/strong> parla a tutti ed il suo tentativo di costruire un alfabeto dei sentimenti costituisce un antidoto ai nostri tempi frettolosi\u00bb.<\/p>\n<p><a href=\"http:\/\/www.teatrostabiletorino.it\/\">www.teatrostabiletorino.it<\/a><\/p>\n<p><strong>Emanuele Rebuffini<\/strong><\/p>\n<p><em>Foto di Fabio Esposito<\/em><\/p>\n","protected":false},"excerpt":{"rendered":"<p>\u201cPerch\u00e9 noi non possiamo sapere nulla sul teatro, ancora meno che su qualsiasi altra cosa\u201d. Al Conservatoire d\u2019Art Dramatique di Parigi, in sette sedute che hanno luogo tra il 14 febbraio e il 21 settembre 1940, il grande attore di cinema e teatro Louis Jouvet fa preparare a una giovane attrice, Claudia (in realt\u00e0 si &hellip; <a href=\"https:\/\/web.quotidianopiemontese.it\/cultura-arte-e-spettacolo-a-torino\/elvira-nobile-mestiere-recitare-toni-servillo-jouvet-al-teatro-carignano\/\" class=\"more-link\">Leggi tutto<span class=\"screen-reader-text\"> &#8220;\u201cElvira\u201d, il nobile mestiere di recitare. Toni Servillo \u00e8 Jouvet al Teatro Carignano&#8221;<\/span><\/a><\/p>\n","protected":false},"author":1361,"featured_media":229,"comment_status":"open","ping_status":"open","sticky":false,"template":"","format":"standard","meta":{"footnotes":""},"categories":[1],"tags":[75,44,45,74],"class_list":["post-228","post","type-post","status-publish","format-standard","has-post-thumbnail","hentry","category-cultura-arte-spettacolo","tag-louis-jouvet","tag-teatro-carignano","tag-teatro-stabile-torino","tag-toni-servillo-elvira"],"yoast_head":"<!-- This site is optimized with the Yoast SEO plugin v27.1.1 - https:\/\/yoast.com\/product\/yoast-seo-wordpress\/ -->\n<title>\u201cElvira\u201d, il nobile mestiere di recitare. Toni Servillo \u00e8 Jouvet al Teatro Carignano - 21 Marzo 2018<\/title>\n<meta name=\"description\" content=\"\u201cElvira\u201d, il nobile mestiere di recitare. Toni Servillo \u00e8 Jouvet al Teatro Carignano - Cultura, Arte e Spettacolo a Torino - \u201cPerch\u00e9 noi non possiamo sapere nulla sul teatro, ancora meno che su qualsiasi altra cosa\u201d. Al Conservatoire d\u2019Art Dramatique di Parigi, in sette sedute - Louis Jouvet, Teatro Carignano, Teatro Stabile Torino, Toni Servillo. Elvira\" \/>\n<meta name=\"robots\" content=\"index, follow, max-snippet:-1, max-image-preview:large, max-video-preview:-1\" \/>\n<link rel=\"canonical\" href=\"https:\/\/web.quotidianopiemontese.it\/cultura-arte-e-spettacolo-a-torino\/elvira-nobile-mestiere-recitare-toni-servillo-jouvet-al-teatro-carignano\/\" \/>\n<meta property=\"og:locale\" content=\"it_IT\" \/>\n<meta property=\"og:type\" content=\"article\" \/>\n<meta property=\"og:title\" content=\"\u201cElvira\u201d, il nobile mestiere di recitare. Toni Servillo \u00e8 Jouvet al Teatro Carignano - 21 Marzo 2018\" \/>\n<meta property=\"og:description\" content=\"\u201cElvira\u201d, il nobile mestiere di recitare. Toni Servillo \u00e8 Jouvet al Teatro Carignano - Cultura, Arte e Spettacolo a Torino - \u201cPerch\u00e9 noi non possiamo sapere nulla sul teatro, ancora meno che su qualsiasi altra cosa\u201d. Al Conservatoire d\u2019Art Dramatique di Parigi, in sette sedute - Louis Jouvet, Teatro Carignano, Teatro Stabile Torino, Toni Servillo. Elvira\" \/>\n<meta property=\"og:url\" content=\"https:\/\/web.quotidianopiemontese.it\/cultura-arte-e-spettacolo-a-torino\/elvira-nobile-mestiere-recitare-toni-servillo-jouvet-al-teatro-carignano\/\" \/>\n<meta property=\"og:site_name\" content=\"Cultura, Arte e Spettacolo a Torino\" \/>\n<meta property=\"article:publisher\" content=\"https:\/\/www.facebook.com\/quotidianopiemontese?fref=ts\" \/>\n<meta property=\"article:published_time\" content=\"2018-03-21T10:48:23+00:00\" \/>\n<meta property=\"og:image\" content=\"https:\/\/web.quotidianopiemontese.it\/cultura-arte-e-spettacolo-a-torino\/files\/2018\/03\/Elvira_002_\u00a9FabioEsposito_PiccoloTeatroMilano.jpg\" \/>\n\t<meta property=\"og:image:width\" content=\"2126\" \/>\n\t<meta property=\"og:image:height\" content=\"1491\" \/>\n\t<meta property=\"og:image:type\" content=\"image\/jpeg\" \/>\n<meta name=\"author\" content=\"Emanuele Rebuffini\" \/>\n<meta name=\"twitter:label1\" content=\"Scritto da\" \/>\n\t<meta name=\"twitter:data1\" content=\"Emanuele Rebuffini\" \/>\n\t<meta name=\"twitter:label2\" content=\"Tempo di lettura stimato\" \/>\n\t<meta name=\"twitter:data2\" content=\"5 minuti\" \/>\n<script type=\"application\/ld+json\" class=\"yoast-schema-graph\">{\"@context\":\"https:\/\/schema.org\",\"@graph\":[{\"@type\":\"Article\",\"@id\":\"https:\/\/web.quotidianopiemontese.it\/cultura-arte-e-spettacolo-a-torino\/elvira-nobile-mestiere-recitare-toni-servillo-jouvet-al-teatro-carignano\/#article\",\"isPartOf\":{\"@id\":\"https:\/\/web.quotidianopiemontese.it\/cultura-arte-e-spettacolo-a-torino\/elvira-nobile-mestiere-recitare-toni-servillo-jouvet-al-teatro-carignano\/\"},\"author\":{\"name\":\"Emanuele Rebuffini\",\"@id\":\"https:\/\/web.quotidianopiemontese.it\/cultura-arte-e-spettacolo-a-torino\/#\/schema\/person\/b035109a4cc7d3e93911b78d8cebf3a0\"},\"headline\":\"\u201cElvira\u201d, il nobile mestiere di recitare. Toni Servillo \u00e8 Jouvet al Teatro Carignano\",\"datePublished\":\"2018-03-21T10:48:23+00:00\",\"mainEntityOfPage\":{\"@id\":\"https:\/\/web.quotidianopiemontese.it\/cultura-arte-e-spettacolo-a-torino\/elvira-nobile-mestiere-recitare-toni-servillo-jouvet-al-teatro-carignano\/\"},\"wordCount\":948,\"commentCount\":0,\"image\":{\"@id\":\"https:\/\/web.quotidianopiemontese.it\/cultura-arte-e-spettacolo-a-torino\/elvira-nobile-mestiere-recitare-toni-servillo-jouvet-al-teatro-carignano\/#primaryimage\"},\"thumbnailUrl\":\"https:\/\/web.quotidianopiemontese.it\/cultura-arte-e-spettacolo-a-torino\/files\/2018\/03\/Elvira_002_\u00a9FabioEsposito_PiccoloTeatroMilano.jpg\",\"keywords\":[\"Louis Jouvet\",\"Teatro Carignano\",\"Teatro Stabile Torino\",\"Toni Servillo. Elvira\"],\"articleSection\":[\"Cultura, arte, spettacolo\"],\"inLanguage\":\"it-IT\",\"potentialAction\":[{\"@type\":\"CommentAction\",\"name\":\"Comment\",\"target\":[\"https:\/\/web.quotidianopiemontese.it\/cultura-arte-e-spettacolo-a-torino\/elvira-nobile-mestiere-recitare-toni-servillo-jouvet-al-teatro-carignano\/#respond\"]}]},{\"@type\":\"WebPage\",\"@id\":\"https:\/\/web.quotidianopiemontese.it\/cultura-arte-e-spettacolo-a-torino\/elvira-nobile-mestiere-recitare-toni-servillo-jouvet-al-teatro-carignano\/\",\"url\":\"https:\/\/web.quotidianopiemontese.it\/cultura-arte-e-spettacolo-a-torino\/elvira-nobile-mestiere-recitare-toni-servillo-jouvet-al-teatro-carignano\/\",\"name\":\"\u201cElvira\u201d, il nobile mestiere di recitare. Toni Servillo \u00e8 Jouvet al Teatro Carignano - 21 Marzo 2018\",\"isPartOf\":{\"@id\":\"https:\/\/web.quotidianopiemontese.it\/cultura-arte-e-spettacolo-a-torino\/#website\"},\"primaryImageOfPage\":{\"@id\":\"https:\/\/web.quotidianopiemontese.it\/cultura-arte-e-spettacolo-a-torino\/elvira-nobile-mestiere-recitare-toni-servillo-jouvet-al-teatro-carignano\/#primaryimage\"},\"image\":{\"@id\":\"https:\/\/web.quotidianopiemontese.it\/cultura-arte-e-spettacolo-a-torino\/elvira-nobile-mestiere-recitare-toni-servillo-jouvet-al-teatro-carignano\/#primaryimage\"},\"thumbnailUrl\":\"https:\/\/web.quotidianopiemontese.it\/cultura-arte-e-spettacolo-a-torino\/files\/2018\/03\/Elvira_002_\u00a9FabioEsposito_PiccoloTeatroMilano.jpg\",\"datePublished\":\"2018-03-21T10:48:23+00:00\",\"author\":{\"@id\":\"https:\/\/web.quotidianopiemontese.it\/cultura-arte-e-spettacolo-a-torino\/#\/schema\/person\/b035109a4cc7d3e93911b78d8cebf3a0\"},\"description\":\"\u201cElvira\u201d, il nobile mestiere di recitare. Toni Servillo \u00e8 Jouvet al Teatro Carignano - Cultura, Arte e Spettacolo a Torino - \u201cPerch\u00e9 noi non possiamo sapere nulla sul teatro, ancora meno che su qualsiasi altra cosa\u201d. Al Conservatoire d\u2019Art Dramatique di Parigi, in sette sedute - Louis Jouvet, Teatro Carignano, Teatro Stabile Torino, Toni Servillo. Elvira\",\"inLanguage\":\"it-IT\",\"potentialAction\":[{\"@type\":\"ReadAction\",\"target\":[\"https:\/\/web.quotidianopiemontese.it\/cultura-arte-e-spettacolo-a-torino\/elvira-nobile-mestiere-recitare-toni-servillo-jouvet-al-teatro-carignano\/\"]}]},{\"@type\":\"ImageObject\",\"inLanguage\":\"it-IT\",\"@id\":\"https:\/\/web.quotidianopiemontese.it\/cultura-arte-e-spettacolo-a-torino\/elvira-nobile-mestiere-recitare-toni-servillo-jouvet-al-teatro-carignano\/#primaryimage\",\"url\":\"https:\/\/web.quotidianopiemontese.it\/cultura-arte-e-spettacolo-a-torino\/files\/2018\/03\/Elvira_002_\u00a9FabioEsposito_PiccoloTeatroMilano.jpg\",\"contentUrl\":\"https:\/\/web.quotidianopiemontese.it\/cultura-arte-e-spettacolo-a-torino\/files\/2018\/03\/Elvira_002_\u00a9FabioEsposito_PiccoloTeatroMilano.jpg\",\"width\":2126,\"height\":1491},{\"@type\":\"WebSite\",\"@id\":\"https:\/\/web.quotidianopiemontese.it\/cultura-arte-e-spettacolo-a-torino\/#website\",\"url\":\"https:\/\/web.quotidianopiemontese.it\/cultura-arte-e-spettacolo-a-torino\/\",\"name\":\"Cultura, Arte e Spettacolo a Torino\",\"description\":\"Quotidiano Piemontese\",\"potentialAction\":[{\"@type\":\"SearchAction\",\"target\":{\"@type\":\"EntryPoint\",\"urlTemplate\":\"https:\/\/web.quotidianopiemontese.it\/cultura-arte-e-spettacolo-a-torino\/?s={search_term_string}\"},\"query-input\":{\"@type\":\"PropertyValueSpecification\",\"valueRequired\":true,\"valueName\":\"search_term_string\"}}],\"inLanguage\":\"it-IT\"},{\"@type\":\"Person\",\"@id\":\"https:\/\/web.quotidianopiemontese.it\/cultura-arte-e-spettacolo-a-torino\/#\/schema\/person\/b035109a4cc7d3e93911b78d8cebf3a0\",\"name\":\"Emanuele Rebuffini\",\"image\":{\"@type\":\"ImageObject\",\"inLanguage\":\"it-IT\",\"@id\":\"https:\/\/web.quotidianopiemontese.it\/cultura-arte-e-spettacolo-a-torino\/#\/schema\/person\/image\/\",\"url\":\"https:\/\/secure.gravatar.com\/avatar\/519a0a38be4cbbcf40fb5bc1b1173a85af291a3a8697df454a94ad7e05574628?s=96&d=mm&r=g\",\"contentUrl\":\"https:\/\/secure.gravatar.com\/avatar\/519a0a38be4cbbcf40fb5bc1b1173a85af291a3a8697df454a94ad7e05574628?s=96&d=mm&r=g\",\"caption\":\"Emanuele Rebuffini\"},\"sameAs\":[\"http:\/\/www.quotidianopiemontese.it\/cultura-arte-e-spettacolo-a-torino\/\"],\"url\":\"https:\/\/web.quotidianopiemontese.it\/cultura-arte-e-spettacolo-a-torino\/author\/emanuelerebuffini\/\"}]}<\/script>\n<!-- \/ Yoast SEO plugin. -->","yoast_head_json":{"title":"\u201cElvira\u201d, il nobile mestiere di recitare. Toni Servillo \u00e8 Jouvet al Teatro Carignano - 21 Marzo 2018","description":"\u201cElvira\u201d, il nobile mestiere di recitare. Toni Servillo \u00e8 Jouvet al Teatro Carignano - Cultura, Arte e Spettacolo a Torino - \u201cPerch\u00e9 noi non possiamo sapere nulla sul teatro, ancora meno che su qualsiasi altra cosa\u201d. Al Conservatoire d\u2019Art Dramatique di Parigi, in sette sedute - Louis Jouvet, Teatro Carignano, Teatro Stabile Torino, Toni Servillo. Elvira","robots":{"index":"index","follow":"follow","max-snippet":"max-snippet:-1","max-image-preview":"max-image-preview:large","max-video-preview":"max-video-preview:-1"},"canonical":"https:\/\/web.quotidianopiemontese.it\/cultura-arte-e-spettacolo-a-torino\/elvira-nobile-mestiere-recitare-toni-servillo-jouvet-al-teatro-carignano\/","og_locale":"it_IT","og_type":"article","og_title":"\u201cElvira\u201d, il nobile mestiere di recitare. Toni Servillo \u00e8 Jouvet al Teatro Carignano - 21 Marzo 2018","og_description":"\u201cElvira\u201d, il nobile mestiere di recitare. Toni Servillo \u00e8 Jouvet al Teatro Carignano - Cultura, Arte e Spettacolo a Torino - \u201cPerch\u00e9 noi non possiamo sapere nulla sul teatro, ancora meno che su qualsiasi altra cosa\u201d. Al Conservatoire d\u2019Art Dramatique di Parigi, in sette sedute - Louis Jouvet, Teatro Carignano, Teatro Stabile Torino, Toni Servillo. Elvira","og_url":"https:\/\/web.quotidianopiemontese.it\/cultura-arte-e-spettacolo-a-torino\/elvira-nobile-mestiere-recitare-toni-servillo-jouvet-al-teatro-carignano\/","og_site_name":"Cultura, Arte e Spettacolo a Torino","article_publisher":"https:\/\/www.facebook.com\/quotidianopiemontese?fref=ts","article_published_time":"2018-03-21T10:48:23+00:00","og_image":[{"width":2126,"height":1491,"url":"https:\/\/web.quotidianopiemontese.it\/cultura-arte-e-spettacolo-a-torino\/files\/2018\/03\/Elvira_002_\u00a9FabioEsposito_PiccoloTeatroMilano.jpg","type":"image\/jpeg"}],"author":"Emanuele Rebuffini","twitter_misc":{"Scritto da":"Emanuele Rebuffini","Tempo di lettura stimato":"5 minuti"},"schema":{"@context":"https:\/\/schema.org","@graph":[{"@type":"Article","@id":"https:\/\/web.quotidianopiemontese.it\/cultura-arte-e-spettacolo-a-torino\/elvira-nobile-mestiere-recitare-toni-servillo-jouvet-al-teatro-carignano\/#article","isPartOf":{"@id":"https:\/\/web.quotidianopiemontese.it\/cultura-arte-e-spettacolo-a-torino\/elvira-nobile-mestiere-recitare-toni-servillo-jouvet-al-teatro-carignano\/"},"author":{"name":"Emanuele Rebuffini","@id":"https:\/\/web.quotidianopiemontese.it\/cultura-arte-e-spettacolo-a-torino\/#\/schema\/person\/b035109a4cc7d3e93911b78d8cebf3a0"},"headline":"\u201cElvira\u201d, il nobile mestiere di recitare. Toni Servillo \u00e8 Jouvet al Teatro Carignano","datePublished":"2018-03-21T10:48:23+00:00","mainEntityOfPage":{"@id":"https:\/\/web.quotidianopiemontese.it\/cultura-arte-e-spettacolo-a-torino\/elvira-nobile-mestiere-recitare-toni-servillo-jouvet-al-teatro-carignano\/"},"wordCount":948,"commentCount":0,"image":{"@id":"https:\/\/web.quotidianopiemontese.it\/cultura-arte-e-spettacolo-a-torino\/elvira-nobile-mestiere-recitare-toni-servillo-jouvet-al-teatro-carignano\/#primaryimage"},"thumbnailUrl":"https:\/\/web.quotidianopiemontese.it\/cultura-arte-e-spettacolo-a-torino\/files\/2018\/03\/Elvira_002_\u00a9FabioEsposito_PiccoloTeatroMilano.jpg","keywords":["Louis Jouvet","Teatro Carignano","Teatro Stabile Torino","Toni Servillo. Elvira"],"articleSection":["Cultura, arte, spettacolo"],"inLanguage":"it-IT","potentialAction":[{"@type":"CommentAction","name":"Comment","target":["https:\/\/web.quotidianopiemontese.it\/cultura-arte-e-spettacolo-a-torino\/elvira-nobile-mestiere-recitare-toni-servillo-jouvet-al-teatro-carignano\/#respond"]}]},{"@type":"WebPage","@id":"https:\/\/web.quotidianopiemontese.it\/cultura-arte-e-spettacolo-a-torino\/elvira-nobile-mestiere-recitare-toni-servillo-jouvet-al-teatro-carignano\/","url":"https:\/\/web.quotidianopiemontese.it\/cultura-arte-e-spettacolo-a-torino\/elvira-nobile-mestiere-recitare-toni-servillo-jouvet-al-teatro-carignano\/","name":"\u201cElvira\u201d, il nobile mestiere di recitare. Toni Servillo \u00e8 Jouvet al Teatro Carignano - 21 Marzo 2018","isPartOf":{"@id":"https:\/\/web.quotidianopiemontese.it\/cultura-arte-e-spettacolo-a-torino\/#website"},"primaryImageOfPage":{"@id":"https:\/\/web.quotidianopiemontese.it\/cultura-arte-e-spettacolo-a-torino\/elvira-nobile-mestiere-recitare-toni-servillo-jouvet-al-teatro-carignano\/#primaryimage"},"image":{"@id":"https:\/\/web.quotidianopiemontese.it\/cultura-arte-e-spettacolo-a-torino\/elvira-nobile-mestiere-recitare-toni-servillo-jouvet-al-teatro-carignano\/#primaryimage"},"thumbnailUrl":"https:\/\/web.quotidianopiemontese.it\/cultura-arte-e-spettacolo-a-torino\/files\/2018\/03\/Elvira_002_\u00a9FabioEsposito_PiccoloTeatroMilano.jpg","datePublished":"2018-03-21T10:48:23+00:00","author":{"@id":"https:\/\/web.quotidianopiemontese.it\/cultura-arte-e-spettacolo-a-torino\/#\/schema\/person\/b035109a4cc7d3e93911b78d8cebf3a0"},"description":"\u201cElvira\u201d, il nobile mestiere di recitare. Toni Servillo \u00e8 Jouvet al Teatro Carignano - Cultura, Arte e Spettacolo a Torino - \u201cPerch\u00e9 noi non possiamo sapere nulla sul teatro, ancora meno che su qualsiasi altra cosa\u201d. Al Conservatoire d\u2019Art Dramatique di Parigi, in sette sedute - Louis Jouvet, Teatro Carignano, Teatro Stabile Torino, Toni Servillo. Elvira","inLanguage":"it-IT","potentialAction":[{"@type":"ReadAction","target":["https:\/\/web.quotidianopiemontese.it\/cultura-arte-e-spettacolo-a-torino\/elvira-nobile-mestiere-recitare-toni-servillo-jouvet-al-teatro-carignano\/"]}]},{"@type":"ImageObject","inLanguage":"it-IT","@id":"https:\/\/web.quotidianopiemontese.it\/cultura-arte-e-spettacolo-a-torino\/elvira-nobile-mestiere-recitare-toni-servillo-jouvet-al-teatro-carignano\/#primaryimage","url":"https:\/\/web.quotidianopiemontese.it\/cultura-arte-e-spettacolo-a-torino\/files\/2018\/03\/Elvira_002_\u00a9FabioEsposito_PiccoloTeatroMilano.jpg","contentUrl":"https:\/\/web.quotidianopiemontese.it\/cultura-arte-e-spettacolo-a-torino\/files\/2018\/03\/Elvira_002_\u00a9FabioEsposito_PiccoloTeatroMilano.jpg","width":2126,"height":1491},{"@type":"WebSite","@id":"https:\/\/web.quotidianopiemontese.it\/cultura-arte-e-spettacolo-a-torino\/#website","url":"https:\/\/web.quotidianopiemontese.it\/cultura-arte-e-spettacolo-a-torino\/","name":"Cultura, Arte e Spettacolo a Torino","description":"Quotidiano Piemontese","potentialAction":[{"@type":"SearchAction","target":{"@type":"EntryPoint","urlTemplate":"https:\/\/web.quotidianopiemontese.it\/cultura-arte-e-spettacolo-a-torino\/?s={search_term_string}"},"query-input":{"@type":"PropertyValueSpecification","valueRequired":true,"valueName":"search_term_string"}}],"inLanguage":"it-IT"},{"@type":"Person","@id":"https:\/\/web.quotidianopiemontese.it\/cultura-arte-e-spettacolo-a-torino\/#\/schema\/person\/b035109a4cc7d3e93911b78d8cebf3a0","name":"Emanuele Rebuffini","image":{"@type":"ImageObject","inLanguage":"it-IT","@id":"https:\/\/web.quotidianopiemontese.it\/cultura-arte-e-spettacolo-a-torino\/#\/schema\/person\/image\/","url":"https:\/\/secure.gravatar.com\/avatar\/519a0a38be4cbbcf40fb5bc1b1173a85af291a3a8697df454a94ad7e05574628?s=96&d=mm&r=g","contentUrl":"https:\/\/secure.gravatar.com\/avatar\/519a0a38be4cbbcf40fb5bc1b1173a85af291a3a8697df454a94ad7e05574628?s=96&d=mm&r=g","caption":"Emanuele Rebuffini"},"sameAs":["http:\/\/www.quotidianopiemontese.it\/cultura-arte-e-spettacolo-a-torino\/"],"url":"https:\/\/web.quotidianopiemontese.it\/cultura-arte-e-spettacolo-a-torino\/author\/emanuelerebuffini\/"}]}},"_links":{"self":[{"href":"https:\/\/web.quotidianopiemontese.it\/cultura-arte-e-spettacolo-a-torino\/wp-json\/wp\/v2\/posts\/228","targetHints":{"allow":["GET"]}}],"collection":[{"href":"https:\/\/web.quotidianopiemontese.it\/cultura-arte-e-spettacolo-a-torino\/wp-json\/wp\/v2\/posts"}],"about":[{"href":"https:\/\/web.quotidianopiemontese.it\/cultura-arte-e-spettacolo-a-torino\/wp-json\/wp\/v2\/types\/post"}],"author":[{"embeddable":true,"href":"https:\/\/web.quotidianopiemontese.it\/cultura-arte-e-spettacolo-a-torino\/wp-json\/wp\/v2\/users\/1361"}],"replies":[{"embeddable":true,"href":"https:\/\/web.quotidianopiemontese.it\/cultura-arte-e-spettacolo-a-torino\/wp-json\/wp\/v2\/comments?post=228"}],"version-history":[{"count":0,"href":"https:\/\/web.quotidianopiemontese.it\/cultura-arte-e-spettacolo-a-torino\/wp-json\/wp\/v2\/posts\/228\/revisions"}],"wp:featuredmedia":[{"embeddable":true,"href":"https:\/\/web.quotidianopiemontese.it\/cultura-arte-e-spettacolo-a-torino\/wp-json\/wp\/v2\/media\/229"}],"wp:attachment":[{"href":"https:\/\/web.quotidianopiemontese.it\/cultura-arte-e-spettacolo-a-torino\/wp-json\/wp\/v2\/media?parent=228"}],"wp:term":[{"taxonomy":"category","embeddable":true,"href":"https:\/\/web.quotidianopiemontese.it\/cultura-arte-e-spettacolo-a-torino\/wp-json\/wp\/v2\/categories?post=228"},{"taxonomy":"post_tag","embeddable":true,"href":"https:\/\/web.quotidianopiemontese.it\/cultura-arte-e-spettacolo-a-torino\/wp-json\/wp\/v2\/tags?post=228"}],"curies":[{"name":"wp","href":"https:\/\/api.w.org\/{rel}","templated":true}]}}