{"id":203,"date":"2018-03-12T15:21:24","date_gmt":"2018-03-12T14:21:24","guid":{"rendered":"http:\/\/www.quotidianopiemontese.it\/cultura-arte-e-spettacolo-a-torino\/?p=203"},"modified":"2018-03-12T15:23:19","modified_gmt":"2018-03-12T14:23:19","slug":"pittura-musica-poesia-al-museo-ettore-fico-leclettica-avventura-artistica-filippo-de-pisis","status":"publish","type":"post","link":"https:\/\/web.quotidianopiemontese.it\/cultura-arte-e-spettacolo-a-torino\/pittura-musica-poesia-al-museo-ettore-fico-leclettica-avventura-artistica-filippo-de-pisis\/","title":{"rendered":"Tra pittura, musica e poesia. Al Museo Ettore Fico l\u2019eclettica avventura artistica di Filippo de Pisis"},"content":{"rendered":"<p><em>\u201cDipingere \u00e8 un modo intenso di vivere, un\u2019avventura\u201d. <\/em>Attraverso <strong>150 opere<\/strong>, tra dipinti e disegni, la mostra <strong>\u201cFilippo de Pisis eclettico connoisseur fra pittura, musica e poesia\u201d,<\/strong> ospitata al <strong>Museo Ettore Fico<\/strong> (fino al <strong>22 aprile<\/strong>) e curata da <strong>Elisa Camesasca, Paolo Campiglio <\/strong>e<strong> Maddalena Tibertelli de Pisis,<\/strong> ricostruisce la parabola artistica dell\u2019artista ferrarese e le sue variegate passioni: <!--more-->l\u2019amore per la natura e le scienze naturali (ne \u00e8 riprova l\u2019erbario realizzato negli anni giovanili e donato all\u2019Orto Botanico dell\u2019Universit\u00e0 di Padova), l\u2019opera lirica, la poesia (fu legato da profonda amicizia ad Eugenio Montale), il culto per la tradizione artistica ferrarese, l\u2019antiquariato e il collezionismo, la storia dell\u2019arte e la pittura francese. \u00abUna mappatura il pi\u00f9 possibile esaustiva delle sue passioni visive, culturali, per dare un ritratto che restituisca l\u2019emozione pi\u00f9 intima del suo approccio alla pittura\u00bb <strong>(Paolo Campiglio).<\/strong><\/p>\n<figure id=\"attachment_205\" aria-describedby=\"caption-attachment-205\" style=\"width: 227px\" class=\"wp-caption alignnone\"><a href=\"http:\/\/www.quotidianopiemontese.it\/cultura-arte-e-spettacolo-a-torino\/files\/2018\/03\/12246.jpg\"><img loading=\"lazy\" decoding=\"async\" class=\"size-medium wp-image-205\" src=\"http:\/\/www.quotidianopiemontese.it\/cultura-arte-e-spettacolo-a-torino\/files\/2018\/03\/12246-227x300.jpg\" alt=\"\" width=\"227\" height=\"300\" srcset=\"https:\/\/web.quotidianopiemontese.it\/cultura-arte-e-spettacolo-a-torino\/files\/2018\/03\/12246-227x300.jpg 227w, https:\/\/web.quotidianopiemontese.it\/cultura-arte-e-spettacolo-a-torino\/files\/2018\/03\/12246.jpg 605w\" sizes=\"auto, (max-width: 227px) 85vw, 227px\" \/><\/a><figcaption id=\"caption-attachment-205\" class=\"wp-caption-text\"><strong>Paesaggio metafisico, 1923<\/strong><\/figcaption><\/figure>\n<p>Nato a Ferrara nel 1896, <strong>Filippo de Pisis<\/strong> (cos\u00ec si firmava Luigi Filippo Tibertelli, recuperando da un avo la parte decaduta del cognome) \u00e8 da annoverarsi tra i pi\u00f9 originali ed eclettici artisti italiani del Novecento, non etichettabile all\u2019interno di nessuna scuola o corrente artistica, anche se si \u00e8 confrontato con le pi\u00f9 importanti avanguardie del secolo scorso, dal Dadaismo al Futurismo al Surrealismo ma soprattutto la Metafisica. Nel 1916 a Ferrara incontra de Giorgio Chirico, Alberto Savinio e Carlo Carr\u00e0, con i quali stringe un sodalizio soprattutto di tipo letterario che segner\u00e0 la sua prima produzione pittorica. Ne sono testimoni opere come <em>Natura morta isterica <\/em>(1919), <em>Papier coll\u00e9 <\/em>(1920) raro collage degli esordi, e il raffinato <em>Paesaggio metafisico <\/em>(1923) che rivela come le geometriche asprezze dechirichiane siano metabolizzate in uno stile personale che punta alla dolcezza espressiva e alla sintesi visiva.<\/p>\n<figure id=\"attachment_211\" aria-describedby=\"caption-attachment-211\" style=\"width: 188px\" class=\"wp-caption alignnone\"><a href=\"http:\/\/www.quotidianopiemontese.it\/cultura-arte-e-spettacolo-a-torino\/files\/2018\/03\/index.jpg\"><img loading=\"lazy\" decoding=\"async\" class=\"size-full wp-image-211\" src=\"http:\/\/www.quotidianopiemontese.it\/cultura-arte-e-spettacolo-a-torino\/files\/2018\/03\/index.jpg\" alt=\"\" width=\"188\" height=\"268\" \/><\/a><figcaption id=\"caption-attachment-211\" class=\"wp-caption-text\"><strong>Filippo de Pisis a Venezia nel suo studio di San Barnaba, 1944<\/strong><\/figcaption><\/figure>\n<p>\u00abLa Metafisica di De Pisis non \u00e8 quella fredda e oggettiva dei manichini e delle stanze clautrofobiche &#8211; scrive <strong>Maddalena Tibertelli de Pisis<\/strong> nel saggio in catalogo &#8211; ma s\u2019insinua tra gli oggetti, vibra nelle vivaci pennellate che li descrivono ed \u00e8 permeata da una propensione romantica che vela ogni cosa di malinconia (\u2026), tutta la composizione \u00e8 avvolta nel mistero delle segrete relazioni tra i diversi oggetti sparsi nello spazio. Ognuno emana una sua aurea particolare contribuendo a creare un\u2019atmosfera sospesa e lirica\u00bb. Nelle nature morte, in cui accosta oggetti che dialogano tra loro in modo inedito, come nei paesaggi, la sua pittura rivela sempre un aspetto lirico e interiore, una matrice filosofica e letteraria, quel tratto malinconico e l\u2019idea della caducit\u00e0 della bellezza che definiscono una sorta di \u201cromanticismo da retrobottega\u201d. Quel melodramma delle cose che troviamo anche nei raffinati oli e acquerelli con soggetti floreali, come <em>Dalie e gladioli <\/em>(1933), che evidenziano l\u2019ambiguit\u00e0 della passione per i fiori e la sensualit\u00e0 legata all\u2019attimo, oppure <em>Paravento delle tre stagioni <\/em>(1941) e <em>La foglia nella tempesta <\/em>(1940) che \u00abcostituiscono le testimonianze estreme di un rapporto costante con la natura come generatrice di vita o dispensatrice di morte\u00bb <strong>(Paolo Campiglio). <\/strong><\/p>\n<figure id=\"attachment_206\" aria-describedby=\"caption-attachment-206\" style=\"width: 222px\" class=\"wp-caption alignnone\"><a href=\"http:\/\/www.quotidianopiemontese.it\/cultura-arte-e-spettacolo-a-torino\/files\/2018\/03\/Dalie-1931.jpg\"><img loading=\"lazy\" decoding=\"async\" class=\"size-medium wp-image-206\" src=\"http:\/\/www.quotidianopiemontese.it\/cultura-arte-e-spettacolo-a-torino\/files\/2018\/03\/Dalie-1931-222x300.jpg\" alt=\"\" width=\"222\" height=\"300\" srcset=\"https:\/\/web.quotidianopiemontese.it\/cultura-arte-e-spettacolo-a-torino\/files\/2018\/03\/Dalie-1931-222x300.jpg 222w, https:\/\/web.quotidianopiemontese.it\/cultura-arte-e-spettacolo-a-torino\/files\/2018\/03\/Dalie-1931.jpg 600w\" sizes=\"auto, (max-width: 222px) 85vw, 222px\" \/><\/a><figcaption id=\"caption-attachment-206\" class=\"wp-caption-text\"><strong>Dalie, 1931<\/strong><\/figcaption><\/figure>\n<p>Ma il vero interesse della mostra ospitata dal <strong>Mef-Museo Ettore Fico <\/strong>non sta solo nella qualit\u00e0 delle opere esposte ma nel mettere in luce l\u2019intenso rapporto intercorso tra <strong>Filippo de Pisis<\/strong> e le fonti pittoriche del presente e del passato, quel dialogo con gli antichi e con i moderni che lo portano a elaborare un personale approccio alla tela che rimarr\u00e0 negli anni inconfondibile, come una cifra indelebile nella storia dell\u2019arte italiana del Novecento. Lo dimostrano opere come <em>Natura morta marina<\/em> (1927), <em>La grande conchiglia<\/em> (1927<em>), Natura morta aerea<\/em> (1931), <em>W Tosi<\/em> (1941), le erotiche chine su carta di nudi maschili, tra cui <em>Nudo maschile sdraiato <\/em>(1931) e <em>Nudo <\/em>(1934).<\/p>\n<figure id=\"attachment_207\" aria-describedby=\"caption-attachment-207\" style=\"width: 227px\" class=\"wp-caption alignnone\"><a href=\"http:\/\/www.quotidianopiemontese.it\/cultura-arte-e-spettacolo-a-torino\/files\/2018\/03\/La-grande-conchiglia-1927.jpg\"><img loading=\"lazy\" decoding=\"async\" class=\"size-medium wp-image-207\" src=\"http:\/\/www.quotidianopiemontese.it\/cultura-arte-e-spettacolo-a-torino\/files\/2018\/03\/La-grande-conchiglia-1927-227x300.jpg\" alt=\"\" width=\"227\" height=\"300\" srcset=\"https:\/\/web.quotidianopiemontese.it\/cultura-arte-e-spettacolo-a-torino\/files\/2018\/03\/La-grande-conchiglia-1927-227x300.jpg 227w, https:\/\/web.quotidianopiemontese.it\/cultura-arte-e-spettacolo-a-torino\/files\/2018\/03\/La-grande-conchiglia-1927.jpg 600w\" sizes=\"auto, (max-width: 227px) 85vw, 227px\" \/><\/a><figcaption id=\"caption-attachment-207\" class=\"wp-caption-text\"><strong>La grande conchiglia, 1927<\/strong><\/figcaption><\/figure>\n<p>Le sei sezioni in cui si articola la mostra sono dedicate alle diverse passioni dell\u2019artista: la poesia (la grande tela <em>il Beccaccino <\/em>del 1932 che proviene dalla collezione di Montale e fu donata al poeta dall\u2019amico pittore), la natura, le avanguardie (<em>Fagiano con il quadro di Carr\u00e0,<\/em> 1926), l\u2019arte antica e contemporanea (<em>Omaggio a Michelangelo, <\/em>1928), <em>Natura morta con il quadro di El Greco, <\/em>1926), la musica (<em>La perla. Omaggio alla Duse, <\/em>1943), lo studio da lui chiamato anche \u201ccamera melodrammatica\u201d e di volta in volta trasferito nelle varie citt\u00e0 in cui l\u2019artista ha vissuto, l\u2019ambiente di Parigi (dove si trasfer\u00ec nel 1925) e i paesaggi come luoghi dell\u2019anima.<\/p>\n<figure id=\"attachment_208\" aria-describedby=\"caption-attachment-208\" style=\"width: 244px\" class=\"wp-caption alignnone\"><a href=\"http:\/\/www.quotidianopiemontese.it\/cultura-arte-e-spettacolo-a-torino\/files\/2018\/03\/Nm-con-quadro-de-El-Greco1926.jpg\"><img loading=\"lazy\" decoding=\"async\" class=\"size-medium wp-image-208\" src=\"http:\/\/www.quotidianopiemontese.it\/cultura-arte-e-spettacolo-a-torino\/files\/2018\/03\/Nm-con-quadro-de-El-Greco1926-244x300.jpg\" alt=\"\" width=\"244\" height=\"300\" srcset=\"https:\/\/web.quotidianopiemontese.it\/cultura-arte-e-spettacolo-a-torino\/files\/2018\/03\/Nm-con-quadro-de-El-Greco1926-244x300.jpg 244w, https:\/\/web.quotidianopiemontese.it\/cultura-arte-e-spettacolo-a-torino\/files\/2018\/03\/Nm-con-quadro-de-El-Greco1926-768x946.jpg 768w, https:\/\/web.quotidianopiemontese.it\/cultura-arte-e-spettacolo-a-torino\/files\/2018\/03\/Nm-con-quadro-de-El-Greco1926-832x1024.jpg 832w, https:\/\/web.quotidianopiemontese.it\/cultura-arte-e-spettacolo-a-torino\/files\/2018\/03\/Nm-con-quadro-de-El-Greco1926.jpg 960w\" sizes=\"auto, (max-width: 244px) 85vw, 244px\" \/><\/a><figcaption id=\"caption-attachment-208\" class=\"wp-caption-text\"><strong>Natura morta con quadro de El Greco, 1926<\/strong><\/figcaption><\/figure>\n<p>Sono soprattutto queste due ultime sezioni a mettere in luce la capacit\u00e0 di <strong>Filippo de Pisis<\/strong> di inserirsi negli ambienti culturali pi\u00f9 vivaci delle citt\u00e0 in cui ha soggiornato e di coltivare significative relazioni intellettuali ed artistiche. Nella <em>Ville Lumi\u00e8re<\/em> entr\u00f2 a far parte di quel gruppo di artisti denominati <em>Italiens de Paris<\/em>, insieme a Giorgio de Chirico, Alberto Savinio, Mario Tozzi, Massimo Campigli, Gino Severini, che, seppur non accomunati dal punto di vista espressivo esposero insieme in diverse importanti occasioni. Una rara testimonianza della collaborazione con gli amici italiani \u00e8 la cassetta da viaggio che conteneva il pappagallo di de Pisis di nome Coc\u00f2, che l\u2019artista per scherzo fa dipingere ai suoi colleghi, tra cui Campigli, Tosi e de Chirico. Spiccano i paesaggi parigini come <em>La Torre Eiffel <\/em>(1939) e gli scorci dei Boulevards, ma anche le vedute di Londra e <em>La casa di Newton <\/em>(1935) o i paesaggi dipinti a Milano, dove fece rientro nel 1939, e a Venezia dove si rec\u00f2 dopo la distruzione del suo studio di via Rugabella nei bombardamenti del \u201943. La prima Biennale del dopoguerra, nel 1948, gli dedic\u00f2 una sala personale con trenta opere. L\u2019arteriosclerosi lo costringer\u00e0 al ricovero in una clinica vicino a Brugherio, dove spirer\u00e0 il 2 aprile 1956.<\/p>\n<p><strong>Emanuele Rebuffini<\/strong><\/p>\n<p>http:\/\/www.museofico.it<\/p>\n<figure id=\"attachment_210\" aria-describedby=\"caption-attachment-210\" style=\"width: 198px\" class=\"wp-caption alignnone\"><a href=\"http:\/\/www.quotidianopiemontese.it\/cultura-arte-e-spettacolo-a-torino\/files\/2018\/03\/4-DE-PISIS-Fagiano-col-quadro-di-Carr\u00d6-1926-olio-su-tela-.jpg\"><img loading=\"lazy\" decoding=\"async\" class=\"size-medium wp-image-210\" src=\"http:\/\/www.quotidianopiemontese.it\/cultura-arte-e-spettacolo-a-torino\/files\/2018\/03\/4-DE-PISIS-Fagiano-col-quadro-di-Carr\u00d6-1926-olio-su-tela--198x300.jpg\" alt=\"\" width=\"198\" height=\"300\" srcset=\"https:\/\/web.quotidianopiemontese.it\/cultura-arte-e-spettacolo-a-torino\/files\/2018\/03\/4-DE-PISIS-Fagiano-col-quadro-di-Carr\u00d6-1926-olio-su-tela--198x300.jpg 198w, https:\/\/web.quotidianopiemontese.it\/cultura-arte-e-spettacolo-a-torino\/files\/2018\/03\/4-DE-PISIS-Fagiano-col-quadro-di-Carr\u00d6-1926-olio-su-tela-.jpg 661w\" sizes=\"auto, (max-width: 198px) 85vw, 198px\" \/><\/a><figcaption id=\"caption-attachment-210\" class=\"wp-caption-text\"><strong>Fagiano con il quadro di Carr\u00e0, 1926<\/strong><\/figcaption><\/figure>\n<p>&nbsp;<\/p>\n","protected":false},"excerpt":{"rendered":"<p>\u201cDipingere \u00e8 un modo intenso di vivere, un\u2019avventura\u201d. Attraverso 150 opere, tra dipinti e disegni, la mostra \u201cFilippo de Pisis eclettico connoisseur fra pittura, musica e poesia\u201d, ospitata al Museo Ettore Fico (fino al 22 aprile) e curata da Elisa Camesasca, Paolo Campiglio e Maddalena Tibertelli de Pisis, ricostruisce la parabola artistica dell\u2019artista ferrarese e &hellip; <a href=\"https:\/\/web.quotidianopiemontese.it\/cultura-arte-e-spettacolo-a-torino\/pittura-musica-poesia-al-museo-ettore-fico-leclettica-avventura-artistica-filippo-de-pisis\/\" class=\"more-link\">Leggi tutto<span class=\"screen-reader-text\"> &#8220;Tra pittura, musica e poesia. Al Museo Ettore Fico l\u2019eclettica avventura artistica di Filippo de Pisis&#8221;<\/span><\/a><\/p>\n","protected":false},"author":1361,"featured_media":204,"comment_status":"open","ping_status":"open","sticky":false,"template":"","format":"standard","meta":{"footnotes":""},"categories":[1],"tags":[66,67],"class_list":["post-203","post","type-post","status-publish","format-standard","has-post-thumbnail","hentry","category-cultura-arte-spettacolo","tag-filippo-de-pisis","tag-museo-ettore-fico"],"yoast_head":"<!-- This site is optimized with the Yoast SEO plugin v27.1.1 - https:\/\/yoast.com\/product\/yoast-seo-wordpress\/ -->\n<title>Tra pittura, musica e poesia. Al Museo Ettore Fico l\u2019eclettica avventura artistica di Filippo de Pisis - 12 Marzo 2018<\/title>\n<meta name=\"description\" content=\"Tra pittura, musica e poesia. Al Museo Ettore Fico l\u2019eclettica avventura artistica di Filippo de Pisis - Cultura, Arte e Spettacolo a Torino - \u201cDipingere \u00e8 un modo intenso di vivere, un\u2019avventura\u201d. Attraverso 150 opere, tra dipinti e disegni, la mostra \u201cFilippo de Pisis eclettico connoisseur fra - Filippo de Pisis, Museo Ettore Fico\" \/>\n<meta name=\"robots\" content=\"index, follow, max-snippet:-1, max-image-preview:large, max-video-preview:-1\" \/>\n<link rel=\"canonical\" href=\"https:\/\/web.quotidianopiemontese.it\/cultura-arte-e-spettacolo-a-torino\/pittura-musica-poesia-al-museo-ettore-fico-leclettica-avventura-artistica-filippo-de-pisis\/\" \/>\n<meta property=\"og:locale\" content=\"it_IT\" \/>\n<meta property=\"og:type\" content=\"article\" \/>\n<meta property=\"og:title\" content=\"Tra pittura, musica e poesia. Al Museo Ettore Fico l\u2019eclettica avventura artistica di Filippo de Pisis - 12 Marzo 2018\" \/>\n<meta property=\"og:description\" content=\"Tra pittura, musica e poesia. Al Museo Ettore Fico l\u2019eclettica avventura artistica di Filippo de Pisis - Cultura, Arte e Spettacolo a Torino - \u201cDipingere \u00e8 un modo intenso di vivere, un\u2019avventura\u201d. Attraverso 150 opere, tra dipinti e disegni, la mostra \u201cFilippo de Pisis eclettico connoisseur fra - Filippo de Pisis, Museo Ettore Fico\" \/>\n<meta property=\"og:url\" content=\"https:\/\/web.quotidianopiemontese.it\/cultura-arte-e-spettacolo-a-torino\/pittura-musica-poesia-al-museo-ettore-fico-leclettica-avventura-artistica-filippo-de-pisis\/\" \/>\n<meta property=\"og:site_name\" content=\"Cultura, Arte e Spettacolo a Torino\" \/>\n<meta property=\"article:publisher\" content=\"https:\/\/www.facebook.com\/quotidianopiemontese?fref=ts\" \/>\n<meta property=\"article:published_time\" content=\"2018-03-12T14:21:24+00:00\" \/>\n<meta property=\"article:modified_time\" content=\"2018-03-12T14:23:19+00:00\" \/>\n<meta property=\"og:image\" content=\"https:\/\/web.quotidianopiemontese.it\/cultura-arte-e-spettacolo-a-torino\/files\/2018\/03\/Natura-morta-marina_1927small-1.jpg\" \/>\n\t<meta property=\"og:image:width\" content=\"1061\" \/>\n\t<meta property=\"og:image:height\" content=\"1280\" \/>\n\t<meta property=\"og:image:type\" content=\"image\/jpeg\" \/>\n<meta name=\"author\" content=\"Emanuele Rebuffini\" \/>\n<meta name=\"twitter:label1\" content=\"Scritto da\" \/>\n\t<meta name=\"twitter:data1\" content=\"Emanuele Rebuffini\" \/>\n\t<meta name=\"twitter:label2\" content=\"Tempo di lettura stimato\" \/>\n\t<meta name=\"twitter:data2\" content=\"5 minuti\" \/>\n<script type=\"application\/ld+json\" class=\"yoast-schema-graph\">{\"@context\":\"https:\/\/schema.org\",\"@graph\":[{\"@type\":\"Article\",\"@id\":\"https:\/\/web.quotidianopiemontese.it\/cultura-arte-e-spettacolo-a-torino\/pittura-musica-poesia-al-museo-ettore-fico-leclettica-avventura-artistica-filippo-de-pisis\/#article\",\"isPartOf\":{\"@id\":\"https:\/\/web.quotidianopiemontese.it\/cultura-arte-e-spettacolo-a-torino\/pittura-musica-poesia-al-museo-ettore-fico-leclettica-avventura-artistica-filippo-de-pisis\/\"},\"author\":{\"name\":\"Emanuele Rebuffini\",\"@id\":\"https:\/\/web.quotidianopiemontese.it\/cultura-arte-e-spettacolo-a-torino\/#\/schema\/person\/b035109a4cc7d3e93911b78d8cebf3a0\"},\"headline\":\"Tra pittura, musica e poesia. Al Museo Ettore Fico l\u2019eclettica avventura artistica di Filippo de Pisis\",\"datePublished\":\"2018-03-12T14:21:24+00:00\",\"dateModified\":\"2018-03-12T14:23:19+00:00\",\"mainEntityOfPage\":{\"@id\":\"https:\/\/web.quotidianopiemontese.it\/cultura-arte-e-spettacolo-a-torino\/pittura-musica-poesia-al-museo-ettore-fico-leclettica-avventura-artistica-filippo-de-pisis\/\"},\"wordCount\":994,\"commentCount\":0,\"image\":{\"@id\":\"https:\/\/web.quotidianopiemontese.it\/cultura-arte-e-spettacolo-a-torino\/pittura-musica-poesia-al-museo-ettore-fico-leclettica-avventura-artistica-filippo-de-pisis\/#primaryimage\"},\"thumbnailUrl\":\"https:\/\/web.quotidianopiemontese.it\/cultura-arte-e-spettacolo-a-torino\/files\/2018\/03\/Natura-morta-marina_1927small-1.jpg\",\"keywords\":[\"Filippo de Pisis\",\"Museo Ettore Fico\"],\"articleSection\":[\"Cultura, arte, spettacolo\"],\"inLanguage\":\"it-IT\",\"potentialAction\":[{\"@type\":\"CommentAction\",\"name\":\"Comment\",\"target\":[\"https:\/\/web.quotidianopiemontese.it\/cultura-arte-e-spettacolo-a-torino\/pittura-musica-poesia-al-museo-ettore-fico-leclettica-avventura-artistica-filippo-de-pisis\/#respond\"]}]},{\"@type\":\"WebPage\",\"@id\":\"https:\/\/web.quotidianopiemontese.it\/cultura-arte-e-spettacolo-a-torino\/pittura-musica-poesia-al-museo-ettore-fico-leclettica-avventura-artistica-filippo-de-pisis\/\",\"url\":\"https:\/\/web.quotidianopiemontese.it\/cultura-arte-e-spettacolo-a-torino\/pittura-musica-poesia-al-museo-ettore-fico-leclettica-avventura-artistica-filippo-de-pisis\/\",\"name\":\"Tra pittura, musica e poesia. Al Museo Ettore Fico l\u2019eclettica avventura artistica di Filippo de Pisis - 12 Marzo 2018\",\"isPartOf\":{\"@id\":\"https:\/\/web.quotidianopiemontese.it\/cultura-arte-e-spettacolo-a-torino\/#website\"},\"primaryImageOfPage\":{\"@id\":\"https:\/\/web.quotidianopiemontese.it\/cultura-arte-e-spettacolo-a-torino\/pittura-musica-poesia-al-museo-ettore-fico-leclettica-avventura-artistica-filippo-de-pisis\/#primaryimage\"},\"image\":{\"@id\":\"https:\/\/web.quotidianopiemontese.it\/cultura-arte-e-spettacolo-a-torino\/pittura-musica-poesia-al-museo-ettore-fico-leclettica-avventura-artistica-filippo-de-pisis\/#primaryimage\"},\"thumbnailUrl\":\"https:\/\/web.quotidianopiemontese.it\/cultura-arte-e-spettacolo-a-torino\/files\/2018\/03\/Natura-morta-marina_1927small-1.jpg\",\"datePublished\":\"2018-03-12T14:21:24+00:00\",\"dateModified\":\"2018-03-12T14:23:19+00:00\",\"author\":{\"@id\":\"https:\/\/web.quotidianopiemontese.it\/cultura-arte-e-spettacolo-a-torino\/#\/schema\/person\/b035109a4cc7d3e93911b78d8cebf3a0\"},\"description\":\"Tra pittura, musica e poesia. Al Museo Ettore Fico l\u2019eclettica avventura artistica di Filippo de Pisis - Cultura, Arte e Spettacolo a Torino - \u201cDipingere \u00e8 un modo intenso di vivere, un\u2019avventura\u201d. Attraverso 150 opere, tra dipinti e disegni, la mostra \u201cFilippo de Pisis eclettico connoisseur fra - Filippo de Pisis, Museo Ettore Fico\",\"inLanguage\":\"it-IT\",\"potentialAction\":[{\"@type\":\"ReadAction\",\"target\":[\"https:\/\/web.quotidianopiemontese.it\/cultura-arte-e-spettacolo-a-torino\/pittura-musica-poesia-al-museo-ettore-fico-leclettica-avventura-artistica-filippo-de-pisis\/\"]}]},{\"@type\":\"ImageObject\",\"inLanguage\":\"it-IT\",\"@id\":\"https:\/\/web.quotidianopiemontese.it\/cultura-arte-e-spettacolo-a-torino\/pittura-musica-poesia-al-museo-ettore-fico-leclettica-avventura-artistica-filippo-de-pisis\/#primaryimage\",\"url\":\"https:\/\/web.quotidianopiemontese.it\/cultura-arte-e-spettacolo-a-torino\/files\/2018\/03\/Natura-morta-marina_1927small-1.jpg\",\"contentUrl\":\"https:\/\/web.quotidianopiemontese.it\/cultura-arte-e-spettacolo-a-torino\/files\/2018\/03\/Natura-morta-marina_1927small-1.jpg\",\"width\":1061,\"height\":1280},{\"@type\":\"WebSite\",\"@id\":\"https:\/\/web.quotidianopiemontese.it\/cultura-arte-e-spettacolo-a-torino\/#website\",\"url\":\"https:\/\/web.quotidianopiemontese.it\/cultura-arte-e-spettacolo-a-torino\/\",\"name\":\"Cultura, Arte e Spettacolo a Torino\",\"description\":\"Quotidiano Piemontese\",\"potentialAction\":[{\"@type\":\"SearchAction\",\"target\":{\"@type\":\"EntryPoint\",\"urlTemplate\":\"https:\/\/web.quotidianopiemontese.it\/cultura-arte-e-spettacolo-a-torino\/?s={search_term_string}\"},\"query-input\":{\"@type\":\"PropertyValueSpecification\",\"valueRequired\":true,\"valueName\":\"search_term_string\"}}],\"inLanguage\":\"it-IT\"},{\"@type\":\"Person\",\"@id\":\"https:\/\/web.quotidianopiemontese.it\/cultura-arte-e-spettacolo-a-torino\/#\/schema\/person\/b035109a4cc7d3e93911b78d8cebf3a0\",\"name\":\"Emanuele Rebuffini\",\"image\":{\"@type\":\"ImageObject\",\"inLanguage\":\"it-IT\",\"@id\":\"https:\/\/web.quotidianopiemontese.it\/cultura-arte-e-spettacolo-a-torino\/#\/schema\/person\/image\/\",\"url\":\"https:\/\/secure.gravatar.com\/avatar\/519a0a38be4cbbcf40fb5bc1b1173a85af291a3a8697df454a94ad7e05574628?s=96&d=mm&r=g\",\"contentUrl\":\"https:\/\/secure.gravatar.com\/avatar\/519a0a38be4cbbcf40fb5bc1b1173a85af291a3a8697df454a94ad7e05574628?s=96&d=mm&r=g\",\"caption\":\"Emanuele Rebuffini\"},\"sameAs\":[\"http:\/\/www.quotidianopiemontese.it\/cultura-arte-e-spettacolo-a-torino\/\"],\"url\":\"https:\/\/web.quotidianopiemontese.it\/cultura-arte-e-spettacolo-a-torino\/author\/emanuelerebuffini\/\"}]}<\/script>\n<!-- \/ Yoast SEO plugin. -->","yoast_head_json":{"title":"Tra pittura, musica e poesia. Al Museo Ettore Fico l\u2019eclettica avventura artistica di Filippo de Pisis - 12 Marzo 2018","description":"Tra pittura, musica e poesia. Al Museo Ettore Fico l\u2019eclettica avventura artistica di Filippo de Pisis - Cultura, Arte e Spettacolo a Torino - \u201cDipingere \u00e8 un modo intenso di vivere, un\u2019avventura\u201d. Attraverso 150 opere, tra dipinti e disegni, la mostra \u201cFilippo de Pisis eclettico connoisseur fra - Filippo de Pisis, Museo Ettore Fico","robots":{"index":"index","follow":"follow","max-snippet":"max-snippet:-1","max-image-preview":"max-image-preview:large","max-video-preview":"max-video-preview:-1"},"canonical":"https:\/\/web.quotidianopiemontese.it\/cultura-arte-e-spettacolo-a-torino\/pittura-musica-poesia-al-museo-ettore-fico-leclettica-avventura-artistica-filippo-de-pisis\/","og_locale":"it_IT","og_type":"article","og_title":"Tra pittura, musica e poesia. Al Museo Ettore Fico l\u2019eclettica avventura artistica di Filippo de Pisis - 12 Marzo 2018","og_description":"Tra pittura, musica e poesia. Al Museo Ettore Fico l\u2019eclettica avventura artistica di Filippo de Pisis - Cultura, Arte e Spettacolo a Torino - \u201cDipingere \u00e8 un modo intenso di vivere, un\u2019avventura\u201d. Attraverso 150 opere, tra dipinti e disegni, la mostra \u201cFilippo de Pisis eclettico connoisseur fra - Filippo de Pisis, Museo Ettore Fico","og_url":"https:\/\/web.quotidianopiemontese.it\/cultura-arte-e-spettacolo-a-torino\/pittura-musica-poesia-al-museo-ettore-fico-leclettica-avventura-artistica-filippo-de-pisis\/","og_site_name":"Cultura, Arte e Spettacolo a Torino","article_publisher":"https:\/\/www.facebook.com\/quotidianopiemontese?fref=ts","article_published_time":"2018-03-12T14:21:24+00:00","article_modified_time":"2018-03-12T14:23:19+00:00","og_image":[{"width":1061,"height":1280,"url":"https:\/\/web.quotidianopiemontese.it\/cultura-arte-e-spettacolo-a-torino\/files\/2018\/03\/Natura-morta-marina_1927small-1.jpg","type":"image\/jpeg"}],"author":"Emanuele Rebuffini","twitter_misc":{"Scritto da":"Emanuele Rebuffini","Tempo di lettura stimato":"5 minuti"},"schema":{"@context":"https:\/\/schema.org","@graph":[{"@type":"Article","@id":"https:\/\/web.quotidianopiemontese.it\/cultura-arte-e-spettacolo-a-torino\/pittura-musica-poesia-al-museo-ettore-fico-leclettica-avventura-artistica-filippo-de-pisis\/#article","isPartOf":{"@id":"https:\/\/web.quotidianopiemontese.it\/cultura-arte-e-spettacolo-a-torino\/pittura-musica-poesia-al-museo-ettore-fico-leclettica-avventura-artistica-filippo-de-pisis\/"},"author":{"name":"Emanuele Rebuffini","@id":"https:\/\/web.quotidianopiemontese.it\/cultura-arte-e-spettacolo-a-torino\/#\/schema\/person\/b035109a4cc7d3e93911b78d8cebf3a0"},"headline":"Tra pittura, musica e poesia. Al Museo Ettore Fico l\u2019eclettica avventura artistica di Filippo de Pisis","datePublished":"2018-03-12T14:21:24+00:00","dateModified":"2018-03-12T14:23:19+00:00","mainEntityOfPage":{"@id":"https:\/\/web.quotidianopiemontese.it\/cultura-arte-e-spettacolo-a-torino\/pittura-musica-poesia-al-museo-ettore-fico-leclettica-avventura-artistica-filippo-de-pisis\/"},"wordCount":994,"commentCount":0,"image":{"@id":"https:\/\/web.quotidianopiemontese.it\/cultura-arte-e-spettacolo-a-torino\/pittura-musica-poesia-al-museo-ettore-fico-leclettica-avventura-artistica-filippo-de-pisis\/#primaryimage"},"thumbnailUrl":"https:\/\/web.quotidianopiemontese.it\/cultura-arte-e-spettacolo-a-torino\/files\/2018\/03\/Natura-morta-marina_1927small-1.jpg","keywords":["Filippo de Pisis","Museo Ettore Fico"],"articleSection":["Cultura, arte, spettacolo"],"inLanguage":"it-IT","potentialAction":[{"@type":"CommentAction","name":"Comment","target":["https:\/\/web.quotidianopiemontese.it\/cultura-arte-e-spettacolo-a-torino\/pittura-musica-poesia-al-museo-ettore-fico-leclettica-avventura-artistica-filippo-de-pisis\/#respond"]}]},{"@type":"WebPage","@id":"https:\/\/web.quotidianopiemontese.it\/cultura-arte-e-spettacolo-a-torino\/pittura-musica-poesia-al-museo-ettore-fico-leclettica-avventura-artistica-filippo-de-pisis\/","url":"https:\/\/web.quotidianopiemontese.it\/cultura-arte-e-spettacolo-a-torino\/pittura-musica-poesia-al-museo-ettore-fico-leclettica-avventura-artistica-filippo-de-pisis\/","name":"Tra pittura, musica e poesia. Al Museo Ettore Fico l\u2019eclettica avventura artistica di Filippo de Pisis - 12 Marzo 2018","isPartOf":{"@id":"https:\/\/web.quotidianopiemontese.it\/cultura-arte-e-spettacolo-a-torino\/#website"},"primaryImageOfPage":{"@id":"https:\/\/web.quotidianopiemontese.it\/cultura-arte-e-spettacolo-a-torino\/pittura-musica-poesia-al-museo-ettore-fico-leclettica-avventura-artistica-filippo-de-pisis\/#primaryimage"},"image":{"@id":"https:\/\/web.quotidianopiemontese.it\/cultura-arte-e-spettacolo-a-torino\/pittura-musica-poesia-al-museo-ettore-fico-leclettica-avventura-artistica-filippo-de-pisis\/#primaryimage"},"thumbnailUrl":"https:\/\/web.quotidianopiemontese.it\/cultura-arte-e-spettacolo-a-torino\/files\/2018\/03\/Natura-morta-marina_1927small-1.jpg","datePublished":"2018-03-12T14:21:24+00:00","dateModified":"2018-03-12T14:23:19+00:00","author":{"@id":"https:\/\/web.quotidianopiemontese.it\/cultura-arte-e-spettacolo-a-torino\/#\/schema\/person\/b035109a4cc7d3e93911b78d8cebf3a0"},"description":"Tra pittura, musica e poesia. Al Museo Ettore Fico l\u2019eclettica avventura artistica di Filippo de Pisis - Cultura, Arte e Spettacolo a Torino - \u201cDipingere \u00e8 un modo intenso di vivere, un\u2019avventura\u201d. Attraverso 150 opere, tra dipinti e disegni, la mostra \u201cFilippo de Pisis eclettico connoisseur fra - Filippo de Pisis, Museo Ettore Fico","inLanguage":"it-IT","potentialAction":[{"@type":"ReadAction","target":["https:\/\/web.quotidianopiemontese.it\/cultura-arte-e-spettacolo-a-torino\/pittura-musica-poesia-al-museo-ettore-fico-leclettica-avventura-artistica-filippo-de-pisis\/"]}]},{"@type":"ImageObject","inLanguage":"it-IT","@id":"https:\/\/web.quotidianopiemontese.it\/cultura-arte-e-spettacolo-a-torino\/pittura-musica-poesia-al-museo-ettore-fico-leclettica-avventura-artistica-filippo-de-pisis\/#primaryimage","url":"https:\/\/web.quotidianopiemontese.it\/cultura-arte-e-spettacolo-a-torino\/files\/2018\/03\/Natura-morta-marina_1927small-1.jpg","contentUrl":"https:\/\/web.quotidianopiemontese.it\/cultura-arte-e-spettacolo-a-torino\/files\/2018\/03\/Natura-morta-marina_1927small-1.jpg","width":1061,"height":1280},{"@type":"WebSite","@id":"https:\/\/web.quotidianopiemontese.it\/cultura-arte-e-spettacolo-a-torino\/#website","url":"https:\/\/web.quotidianopiemontese.it\/cultura-arte-e-spettacolo-a-torino\/","name":"Cultura, Arte e Spettacolo a Torino","description":"Quotidiano Piemontese","potentialAction":[{"@type":"SearchAction","target":{"@type":"EntryPoint","urlTemplate":"https:\/\/web.quotidianopiemontese.it\/cultura-arte-e-spettacolo-a-torino\/?s={search_term_string}"},"query-input":{"@type":"PropertyValueSpecification","valueRequired":true,"valueName":"search_term_string"}}],"inLanguage":"it-IT"},{"@type":"Person","@id":"https:\/\/web.quotidianopiemontese.it\/cultura-arte-e-spettacolo-a-torino\/#\/schema\/person\/b035109a4cc7d3e93911b78d8cebf3a0","name":"Emanuele Rebuffini","image":{"@type":"ImageObject","inLanguage":"it-IT","@id":"https:\/\/web.quotidianopiemontese.it\/cultura-arte-e-spettacolo-a-torino\/#\/schema\/person\/image\/","url":"https:\/\/secure.gravatar.com\/avatar\/519a0a38be4cbbcf40fb5bc1b1173a85af291a3a8697df454a94ad7e05574628?s=96&d=mm&r=g","contentUrl":"https:\/\/secure.gravatar.com\/avatar\/519a0a38be4cbbcf40fb5bc1b1173a85af291a3a8697df454a94ad7e05574628?s=96&d=mm&r=g","caption":"Emanuele Rebuffini"},"sameAs":["http:\/\/www.quotidianopiemontese.it\/cultura-arte-e-spettacolo-a-torino\/"],"url":"https:\/\/web.quotidianopiemontese.it\/cultura-arte-e-spettacolo-a-torino\/author\/emanuelerebuffini\/"}]}},"_links":{"self":[{"href":"https:\/\/web.quotidianopiemontese.it\/cultura-arte-e-spettacolo-a-torino\/wp-json\/wp\/v2\/posts\/203","targetHints":{"allow":["GET"]}}],"collection":[{"href":"https:\/\/web.quotidianopiemontese.it\/cultura-arte-e-spettacolo-a-torino\/wp-json\/wp\/v2\/posts"}],"about":[{"href":"https:\/\/web.quotidianopiemontese.it\/cultura-arte-e-spettacolo-a-torino\/wp-json\/wp\/v2\/types\/post"}],"author":[{"embeddable":true,"href":"https:\/\/web.quotidianopiemontese.it\/cultura-arte-e-spettacolo-a-torino\/wp-json\/wp\/v2\/users\/1361"}],"replies":[{"embeddable":true,"href":"https:\/\/web.quotidianopiemontese.it\/cultura-arte-e-spettacolo-a-torino\/wp-json\/wp\/v2\/comments?post=203"}],"version-history":[{"count":0,"href":"https:\/\/web.quotidianopiemontese.it\/cultura-arte-e-spettacolo-a-torino\/wp-json\/wp\/v2\/posts\/203\/revisions"}],"wp:featuredmedia":[{"embeddable":true,"href":"https:\/\/web.quotidianopiemontese.it\/cultura-arte-e-spettacolo-a-torino\/wp-json\/wp\/v2\/media\/204"}],"wp:attachment":[{"href":"https:\/\/web.quotidianopiemontese.it\/cultura-arte-e-spettacolo-a-torino\/wp-json\/wp\/v2\/media?parent=203"}],"wp:term":[{"taxonomy":"category","embeddable":true,"href":"https:\/\/web.quotidianopiemontese.it\/cultura-arte-e-spettacolo-a-torino\/wp-json\/wp\/v2\/categories?post=203"},{"taxonomy":"post_tag","embeddable":true,"href":"https:\/\/web.quotidianopiemontese.it\/cultura-arte-e-spettacolo-a-torino\/wp-json\/wp\/v2\/tags?post=203"}],"curies":[{"name":"wp","href":"https:\/\/api.w.org\/{rel}","templated":true}]}}