{"id":194,"date":"2018-03-05T10:06:37","date_gmt":"2018-03-05T09:06:37","guid":{"rendered":"http:\/\/www.quotidianopiemontese.it\/cultura-arte-e-spettacolo-a-torino\/?p=194"},"modified":"2018-03-05T10:06:37","modified_gmt":"2018-03-05T09:06:37","slug":"naufragio-familiare-padre-lavia-strindberg-al-teatro-carignano","status":"publish","type":"post","link":"https:\/\/web.quotidianopiemontese.it\/cultura-arte-e-spettacolo-a-torino\/naufragio-familiare-padre-lavia-strindberg-al-teatro-carignano\/","title":{"rendered":"Naufragio familiare. \u201cIl padre\u201d di Lavia\/Strindberg al Teatro Carignano"},"content":{"rendered":"<p>\u00abScritto con un\u2019ascia, non con la penna\u00bb. Cos\u00ec il drammaturgo svedese <strong>Johan<\/strong><strong> August Strindberg<\/strong> definiva <em>Il padre<\/em>, tragedia scritta nel 1887<em>, un \u00abcapolavoro di dura psicologia\u00bb secondo l\u2019amico <\/em><strong>Friedrich<\/strong> <em><strong>Nietzsche.<\/strong><\/em><!--more--><\/p>\n<p>Nel corso di un\u2019unica lunga notte nordica si consuma il conflitto tra il Capitano di cavalleria Adolf e la moglie Laura, originato da una banale vicenda familiare: l\u2019educazione da impartire alla figlia Berta. Il Capitano vorrebbe mandarla a studiare in citt\u00e0, affinch\u00e9 diventi un\u2019insegnate. Un desiderio contrastato dalla moglie, donna volitiva, spietata e pronta a tutto, che instilla nel marito il dubbio di non essere lui il padre della ragazza, dando il via a un calvario che far\u00e0 precipitare l\u2019uomo in un\u2019angoscia devastante, scardinandone l\u2019equilibrio mentale fino alla follia. Un corpo a corpo che lascer\u00e0 il Capitano annientato, costretto ad indossare la camicia di forza, azzerato come padre e come uomo, privato anche del potere economico (la moglie lo far\u00e0 interdire). Il salotto di famiglia<strong>, <\/strong>fatto di divani e tavolini sghembi, finir\u00e0 per affondare in una gigantesca cascata di velluti rosso sangue, mentre il Capitano, annichilito e svirilizzato, si avvolge nello scialle della moglie.<\/p>\n<p><a href=\"http:\/\/www.quotidianopiemontese.it\/cultura-arte-e-spettacolo-a-torino\/files\/2018\/03\/2-Low-Il-padre-Gabriele-Lavia-Federica-Di-Martino_-ph.-Tommaso-Le-Pera.jpg\"><img loading=\"lazy\" decoding=\"async\" class=\"alignnone size-medium wp-image-196\" src=\"http:\/\/www.quotidianopiemontese.it\/cultura-arte-e-spettacolo-a-torino\/files\/2018\/03\/2-Low-Il-padre-Gabriele-Lavia-Federica-Di-Martino_-ph.-Tommaso-Le-Pera-300x200.jpg\" alt=\"\" width=\"300\" height=\"200\" srcset=\"https:\/\/web.quotidianopiemontese.it\/cultura-arte-e-spettacolo-a-torino\/files\/2018\/03\/2-Low-Il-padre-Gabriele-Lavia-Federica-Di-Martino_-ph.-Tommaso-Le-Pera-300x200.jpg 300w, https:\/\/web.quotidianopiemontese.it\/cultura-arte-e-spettacolo-a-torino\/files\/2018\/03\/2-Low-Il-padre-Gabriele-Lavia-Federica-Di-Martino_-ph.-Tommaso-Le-Pera-768x511.jpg 768w, https:\/\/web.quotidianopiemontese.it\/cultura-arte-e-spettacolo-a-torino\/files\/2018\/03\/2-Low-Il-padre-Gabriele-Lavia-Federica-Di-Martino_-ph.-Tommaso-Le-Pera-1024x681.jpg 1024w, https:\/\/web.quotidianopiemontese.it\/cultura-arte-e-spettacolo-a-torino\/files\/2018\/03\/2-Low-Il-padre-Gabriele-Lavia-Federica-Di-Martino_-ph.-Tommaso-Le-Pera-600x400.jpg 600w, https:\/\/web.quotidianopiemontese.it\/cultura-arte-e-spettacolo-a-torino\/files\/2018\/03\/2-Low-Il-padre-Gabriele-Lavia-Federica-Di-Martino_-ph.-Tommaso-Le-Pera.jpg 1772w\" sizes=\"auto, (max-width: 300px) 85vw, 300px\" \/><\/a><\/p>\n<p>Diretto e interpretato da <strong>Gabriele Lavia<\/strong>, che per la terza volta nella sua carriera si confronta con questo testo, <strong>\u201cIl padre\u201d<\/strong>, prodotto dalla Fondazione Teatro della Toscana, \u00e8 in scena in questi giorni al <strong>Teatro Carignano<\/strong> (fino a domenica <strong>11 marzo), <\/strong>ed \u00e8 interpretato, oltre che da<strong> Lavia <\/strong>nei panni del protagonista, da <strong>Federica Di Martino <\/strong>(la moglie Laura),<strong> Giusi Merli, Gianni De Lellis, Michele Demaria, Anna Chiara Colombo, Ghennadi Gidari, Luca Pedron<\/strong>.<\/p>\n<p><a href=\"http:\/\/www.quotidianopiemontese.it\/cultura-arte-e-spettacolo-a-torino\/files\/2018\/03\/1-Low-Il-padre-cast_-ph.-Filippo-Manzini.jpg\"><img loading=\"lazy\" decoding=\"async\" class=\"alignnone size-medium wp-image-199\" src=\"http:\/\/www.quotidianopiemontese.it\/cultura-arte-e-spettacolo-a-torino\/files\/2018\/03\/1-Low-Il-padre-cast_-ph.-Filippo-Manzini-300x169.jpg\" alt=\"\" width=\"300\" height=\"169\" srcset=\"https:\/\/web.quotidianopiemontese.it\/cultura-arte-e-spettacolo-a-torino\/files\/2018\/03\/1-Low-Il-padre-cast_-ph.-Filippo-Manzini-300x169.jpg 300w, https:\/\/web.quotidianopiemontese.it\/cultura-arte-e-spettacolo-a-torino\/files\/2018\/03\/1-Low-Il-padre-cast_-ph.-Filippo-Manzini-768x432.jpg 768w, https:\/\/web.quotidianopiemontese.it\/cultura-arte-e-spettacolo-a-torino\/files\/2018\/03\/1-Low-Il-padre-cast_-ph.-Filippo-Manzini-1024x576.jpg 1024w, https:\/\/web.quotidianopiemontese.it\/cultura-arte-e-spettacolo-a-torino\/files\/2018\/03\/1-Low-Il-padre-cast_-ph.-Filippo-Manzini.jpg 2048w\" sizes=\"auto, (max-width: 300px) 85vw, 300px\" \/><\/a><\/p>\n<p><em>\u00abL\u2019intreccio del<\/em> <em>Padre<\/em> <em>\u00e8 semplicissimo &#8211; <\/em>spiega <strong>Gabriele Lavia<\/strong> <em>&#8211; Un \u2018marito\u2019 sospetta che la \u2018moglie\u2019 lo abbia \u2018tradito\u2019 e che la \u2018figlia\u2019 sia figlia di un \u2018altro\u2019. Marito, moglie, figlia e\u2026l\u2019altro. Un intreccio, diciamolo pure, banale, che nelle mani di Strindberg diventa un \u2018abisso\u2019. O, meglio, il precipitare nell\u2019abisso della perdita di ogni \u2018certezza ontologica\u2019 dello statuto virile della paternit\u00e0 e l\u2019avvento della condizione di \u2018incertezza dell\u2019essere\u2019 dell\u2019uomo. Siamo alla fine dell\u2019Ottocento. Solo la madre \u00e8 certa. Il padre non \u00e8 certo. Cos\u00ec il Capitano. Il Padre, cio\u00e8 l\u2019Uomo del Comando, privato di ogni \u2018certezza\u2019 \u00e8 condannato a soccombere di fronte alla Donna che \u00e8 pi\u00f9 forte, perch\u00e9 ha la \u2018certezza dell\u2019essere\u2019. La certezza dell\u2019Essere contro l\u2019incertezza del Non Essere. E se l\u2019Essere Uomo diventa \u2018non essere\u2019, diventa proprio come Amleto, follia\u00bb.<\/em><\/p>\n<p><a href=\"http:\/\/www.quotidianopiemontese.it\/cultura-arte-e-spettacolo-a-torino\/files\/2018\/03\/4-Low-Il-padre-Il-cast_-ph.-Tommaso-Le-Pera.jpg\"><img loading=\"lazy\" decoding=\"async\" class=\"alignnone size-medium wp-image-197\" src=\"http:\/\/www.quotidianopiemontese.it\/cultura-arte-e-spettacolo-a-torino\/files\/2018\/03\/4-Low-Il-padre-Il-cast_-ph.-Tommaso-Le-Pera-300x200.jpg\" alt=\"\" width=\"300\" height=\"200\" srcset=\"https:\/\/web.quotidianopiemontese.it\/cultura-arte-e-spettacolo-a-torino\/files\/2018\/03\/4-Low-Il-padre-Il-cast_-ph.-Tommaso-Le-Pera-300x200.jpg 300w, https:\/\/web.quotidianopiemontese.it\/cultura-arte-e-spettacolo-a-torino\/files\/2018\/03\/4-Low-Il-padre-Il-cast_-ph.-Tommaso-Le-Pera-768x511.jpg 768w, https:\/\/web.quotidianopiemontese.it\/cultura-arte-e-spettacolo-a-torino\/files\/2018\/03\/4-Low-Il-padre-Il-cast_-ph.-Tommaso-Le-Pera-1024x681.jpg 1024w, https:\/\/web.quotidianopiemontese.it\/cultura-arte-e-spettacolo-a-torino\/files\/2018\/03\/4-Low-Il-padre-Il-cast_-ph.-Tommaso-Le-Pera-600x400.jpg 600w, https:\/\/web.quotidianopiemontese.it\/cultura-arte-e-spettacolo-a-torino\/files\/2018\/03\/4-Low-Il-padre-Il-cast_-ph.-Tommaso-Le-Pera.jpg 1476w\" sizes=\"auto, (max-width: 300px) 85vw, 300px\" \/><\/a><\/p>\n<p>La crisi della famiglia borghese, la solitudine conseguenza di rigide e fredde regole, la lotta fra i sessi che mette a nudo i nodi irrisolti e porta la coppia a dilaniarsi ferocemente, sono al centro di un\u2019opera che \u00e8 un autentico scavo nella natura umana e che <strong>Gabriele Lavia<\/strong> ha allestito come archetipo del precipitare dell\u2019uomo e della crudele sopraffazione da parte della donna.<\/p>\n<p><em>\u00abL\u2019azione di quest\u2019opera<\/em> &#8211; afferma <strong>Gabriele Lavia<\/strong> &#8211; <em>\u00e8 tutta interiore e stretta nella morsa tragica dell\u2019unit\u00e0 di tempo, luogo e azione nella quale deve essere compiuto il \u2018delitto perfetto\u2019: l\u2019omicidio psichico. Il nostro spettacolo precipita l\u2019azione dentro una vertigine di velluto rosso sangue dove il quieto salotto familiare comincia ad \u2018affondare\u2019 nel naufragio di ogni certezza. \u00c8 il naufragio del mondo e della storia. Ma forse la vita non \u00e8 altro che un naufragio\u00bb.<\/em><\/p>\n<p>http:\/\/www.teatrostabiletorino.it<\/p>\n<p><strong>Emanuele Rebuffini<\/strong><\/p>\n<p><em> (ph. Tommaso Le Pera)<\/em><\/p>\n<p><a href=\"http:\/\/www.quotidianopiemontese.it\/cultura-arte-e-spettacolo-a-torino\/files\/2018\/03\/1-LOW-Il-padre-Federica-Di-Martino-Gabriele-Lavia-Anna-Chiara-Colombo_-ph.-Tommaso-Le-Pera.jpg\"><img loading=\"lazy\" decoding=\"async\" class=\"alignnone size-medium wp-image-198\" src=\"http:\/\/www.quotidianopiemontese.it\/cultura-arte-e-spettacolo-a-torino\/files\/2018\/03\/1-LOW-Il-padre-Federica-Di-Martino-Gabriele-Lavia-Anna-Chiara-Colombo_-ph.-Tommaso-Le-Pera-200x300.jpg\" alt=\"\" width=\"200\" height=\"300\" srcset=\"https:\/\/web.quotidianopiemontese.it\/cultura-arte-e-spettacolo-a-torino\/files\/2018\/03\/1-LOW-Il-padre-Federica-Di-Martino-Gabriele-Lavia-Anna-Chiara-Colombo_-ph.-Tommaso-Le-Pera-200x300.jpg 200w, https:\/\/web.quotidianopiemontese.it\/cultura-arte-e-spettacolo-a-torino\/files\/2018\/03\/1-LOW-Il-padre-Federica-Di-Martino-Gabriele-Lavia-Anna-Chiara-Colombo_-ph.-Tommaso-Le-Pera-768x1152.jpg 768w, https:\/\/web.quotidianopiemontese.it\/cultura-arte-e-spettacolo-a-torino\/files\/2018\/03\/1-LOW-Il-padre-Federica-Di-Martino-Gabriele-Lavia-Anna-Chiara-Colombo_-ph.-Tommaso-Le-Pera-683x1024.jpg 683w, https:\/\/web.quotidianopiemontese.it\/cultura-arte-e-spettacolo-a-torino\/files\/2018\/03\/1-LOW-Il-padre-Federica-Di-Martino-Gabriele-Lavia-Anna-Chiara-Colombo_-ph.-Tommaso-Le-Pera.jpg 1000w\" sizes=\"auto, (max-width: 200px) 85vw, 200px\" \/><\/a><\/p>\n","protected":false},"excerpt":{"rendered":"<p>\u00abScritto con un\u2019ascia, non con la penna\u00bb. Cos\u00ec il drammaturgo svedese Johan August Strindberg definiva Il padre, tragedia scritta nel 1887, un \u00abcapolavoro di dura psicologia\u00bb secondo l\u2019amico Friedrich Nietzsche.<\/p>\n","protected":false},"author":1361,"featured_media":195,"comment_status":"open","ping_status":"open","sticky":false,"template":"","format":"standard","meta":{"footnotes":""},"categories":[1],"tags":[65,62,63,44,64],"class_list":["post-194","post","type-post","status-publish","format-standard","has-post-thumbnail","hentry","category-cultura-arte-spettacolo","tag-august-strindberg","tag-gabriele-lavia","tag-il-padre","tag-teatro-carignano","tag-teatro-stabile-di-torino"],"yoast_head":"<!-- This site is optimized with the Yoast SEO plugin v27.1.1 - https:\/\/yoast.com\/product\/yoast-seo-wordpress\/ -->\n<title>Naufragio familiare. \u201cIl padre\u201d di Lavia\/Strindberg al Teatro Carignano - 5 Marzo 2018<\/title>\n<meta name=\"description\" content=\"Naufragio familiare. \u201cIl padre\u201d di Lavia\/Strindberg al Teatro Carignano - Cultura, Arte e Spettacolo a Torino - \u00abScritto con un\u2019ascia, non con la penna\u00bb. Cos\u00ec il drammaturgo svedese Johan August Strindberg definiva Il padre, tragedia scritta nel 1887, un \u00abcapolavoro - August Strindberg, Gabriele Lavia, Il padre, Teatro Carignano, Teatro Stabile di Torino\" \/>\n<meta name=\"robots\" content=\"index, follow, max-snippet:-1, max-image-preview:large, max-video-preview:-1\" \/>\n<link rel=\"canonical\" href=\"http:\/\/web.quotidianopiemontese.it\/cultura-arte-e-spettacolo-a-torino\/naufragio-familiare-padre-lavia-strindberg-al-teatro-carignano\/\" \/>\n<meta property=\"og:locale\" content=\"it_IT\" \/>\n<meta property=\"og:type\" content=\"article\" \/>\n<meta property=\"og:title\" content=\"Naufragio familiare. \u201cIl padre\u201d di Lavia\/Strindberg al Teatro Carignano - 5 Marzo 2018\" \/>\n<meta property=\"og:description\" content=\"Naufragio familiare. \u201cIl padre\u201d di Lavia\/Strindberg al Teatro Carignano - Cultura, Arte e Spettacolo a Torino - \u00abScritto con un\u2019ascia, non con la penna\u00bb. Cos\u00ec il drammaturgo svedese Johan August Strindberg definiva Il padre, tragedia scritta nel 1887, un \u00abcapolavoro - August Strindberg, Gabriele Lavia, Il padre, Teatro Carignano, Teatro Stabile di Torino\" \/>\n<meta property=\"og:url\" content=\"http:\/\/web.quotidianopiemontese.it\/cultura-arte-e-spettacolo-a-torino\/naufragio-familiare-padre-lavia-strindberg-al-teatro-carignano\/\" \/>\n<meta property=\"og:site_name\" content=\"Cultura, Arte e Spettacolo a Torino\" \/>\n<meta property=\"article:publisher\" content=\"https:\/\/www.facebook.com\/quotidianopiemontese?fref=ts\" \/>\n<meta property=\"article:published_time\" content=\"2018-03-05T09:06:37+00:00\" \/>\n<meta property=\"og:image\" content=\"http:\/\/web.quotidianopiemontese.it\/cultura-arte-e-spettacolo-a-torino\/files\/2018\/03\/1-LOW-Il-padre-Gabriele-Lavia_-ph.-Tommaso-Le-Pera.jpg\" \/>\n\t<meta property=\"og:image:width\" content=\"1500\" \/>\n\t<meta property=\"og:image:height\" content=\"1000\" \/>\n\t<meta property=\"og:image:type\" content=\"image\/jpeg\" \/>\n<meta name=\"author\" content=\"Emanuele Rebuffini\" \/>\n<meta name=\"twitter:label1\" content=\"Scritto da\" \/>\n\t<meta name=\"twitter:data1\" content=\"Emanuele Rebuffini\" \/>\n\t<meta name=\"twitter:label2\" content=\"Tempo di lettura stimato\" \/>\n\t<meta name=\"twitter:data2\" content=\"3 minuti\" \/>\n<script type=\"application\/ld+json\" class=\"yoast-schema-graph\">{\"@context\":\"https:\/\/schema.org\",\"@graph\":[{\"@type\":\"Article\",\"@id\":\"http:\/\/web.quotidianopiemontese.it\/cultura-arte-e-spettacolo-a-torino\/naufragio-familiare-padre-lavia-strindberg-al-teatro-carignano\/#article\",\"isPartOf\":{\"@id\":\"http:\/\/web.quotidianopiemontese.it\/cultura-arte-e-spettacolo-a-torino\/naufragio-familiare-padre-lavia-strindberg-al-teatro-carignano\/\"},\"author\":{\"name\":\"Emanuele Rebuffini\",\"@id\":\"https:\/\/web.quotidianopiemontese.it\/cultura-arte-e-spettacolo-a-torino\/#\/schema\/person\/b035109a4cc7d3e93911b78d8cebf3a0\"},\"headline\":\"Naufragio familiare. \u201cIl padre\u201d di Lavia\/Strindberg al Teatro Carignano\",\"datePublished\":\"2018-03-05T09:06:37+00:00\",\"mainEntityOfPage\":{\"@id\":\"http:\/\/web.quotidianopiemontese.it\/cultura-arte-e-spettacolo-a-torino\/naufragio-familiare-padre-lavia-strindberg-al-teatro-carignano\/\"},\"wordCount\":564,\"commentCount\":0,\"image\":{\"@id\":\"http:\/\/web.quotidianopiemontese.it\/cultura-arte-e-spettacolo-a-torino\/naufragio-familiare-padre-lavia-strindberg-al-teatro-carignano\/#primaryimage\"},\"thumbnailUrl\":\"https:\/\/web.quotidianopiemontese.it\/cultura-arte-e-spettacolo-a-torino\/files\/2018\/03\/1-LOW-Il-padre-Gabriele-Lavia_-ph.-Tommaso-Le-Pera.jpg\",\"keywords\":[\"August Strindberg\",\"Gabriele Lavia\",\"Il padre\",\"Teatro Carignano\",\"Teatro Stabile di Torino\"],\"articleSection\":[\"Cultura, arte, spettacolo\"],\"inLanguage\":\"it-IT\",\"potentialAction\":[{\"@type\":\"CommentAction\",\"name\":\"Comment\",\"target\":[\"http:\/\/web.quotidianopiemontese.it\/cultura-arte-e-spettacolo-a-torino\/naufragio-familiare-padre-lavia-strindberg-al-teatro-carignano\/#respond\"]}]},{\"@type\":\"WebPage\",\"@id\":\"http:\/\/web.quotidianopiemontese.it\/cultura-arte-e-spettacolo-a-torino\/naufragio-familiare-padre-lavia-strindberg-al-teatro-carignano\/\",\"url\":\"http:\/\/web.quotidianopiemontese.it\/cultura-arte-e-spettacolo-a-torino\/naufragio-familiare-padre-lavia-strindberg-al-teatro-carignano\/\",\"name\":\"Naufragio familiare. \u201cIl padre\u201d di Lavia\/Strindberg al Teatro Carignano - 5 Marzo 2018\",\"isPartOf\":{\"@id\":\"https:\/\/web.quotidianopiemontese.it\/cultura-arte-e-spettacolo-a-torino\/#website\"},\"primaryImageOfPage\":{\"@id\":\"http:\/\/web.quotidianopiemontese.it\/cultura-arte-e-spettacolo-a-torino\/naufragio-familiare-padre-lavia-strindberg-al-teatro-carignano\/#primaryimage\"},\"image\":{\"@id\":\"http:\/\/web.quotidianopiemontese.it\/cultura-arte-e-spettacolo-a-torino\/naufragio-familiare-padre-lavia-strindberg-al-teatro-carignano\/#primaryimage\"},\"thumbnailUrl\":\"https:\/\/web.quotidianopiemontese.it\/cultura-arte-e-spettacolo-a-torino\/files\/2018\/03\/1-LOW-Il-padre-Gabriele-Lavia_-ph.-Tommaso-Le-Pera.jpg\",\"datePublished\":\"2018-03-05T09:06:37+00:00\",\"author\":{\"@id\":\"https:\/\/web.quotidianopiemontese.it\/cultura-arte-e-spettacolo-a-torino\/#\/schema\/person\/b035109a4cc7d3e93911b78d8cebf3a0\"},\"description\":\"Naufragio familiare. \u201cIl padre\u201d di Lavia\/Strindberg al Teatro Carignano - Cultura, Arte e Spettacolo a Torino - \u00abScritto con un\u2019ascia, non con la penna\u00bb. Cos\u00ec il drammaturgo svedese Johan August Strindberg definiva Il padre, tragedia scritta nel 1887, un \u00abcapolavoro - August Strindberg, Gabriele Lavia, Il padre, Teatro Carignano, Teatro Stabile di Torino\",\"inLanguage\":\"it-IT\",\"potentialAction\":[{\"@type\":\"ReadAction\",\"target\":[\"http:\/\/web.quotidianopiemontese.it\/cultura-arte-e-spettacolo-a-torino\/naufragio-familiare-padre-lavia-strindberg-al-teatro-carignano\/\"]}]},{\"@type\":\"ImageObject\",\"inLanguage\":\"it-IT\",\"@id\":\"http:\/\/web.quotidianopiemontese.it\/cultura-arte-e-spettacolo-a-torino\/naufragio-familiare-padre-lavia-strindberg-al-teatro-carignano\/#primaryimage\",\"url\":\"https:\/\/web.quotidianopiemontese.it\/cultura-arte-e-spettacolo-a-torino\/files\/2018\/03\/1-LOW-Il-padre-Gabriele-Lavia_-ph.-Tommaso-Le-Pera.jpg\",\"contentUrl\":\"https:\/\/web.quotidianopiemontese.it\/cultura-arte-e-spettacolo-a-torino\/files\/2018\/03\/1-LOW-Il-padre-Gabriele-Lavia_-ph.-Tommaso-Le-Pera.jpg\",\"width\":1500,\"height\":1000},{\"@type\":\"WebSite\",\"@id\":\"https:\/\/web.quotidianopiemontese.it\/cultura-arte-e-spettacolo-a-torino\/#website\",\"url\":\"https:\/\/web.quotidianopiemontese.it\/cultura-arte-e-spettacolo-a-torino\/\",\"name\":\"Cultura, Arte e Spettacolo a Torino\",\"description\":\"Quotidiano Piemontese\",\"potentialAction\":[{\"@type\":\"SearchAction\",\"target\":{\"@type\":\"EntryPoint\",\"urlTemplate\":\"https:\/\/web.quotidianopiemontese.it\/cultura-arte-e-spettacolo-a-torino\/?s={search_term_string}\"},\"query-input\":{\"@type\":\"PropertyValueSpecification\",\"valueRequired\":true,\"valueName\":\"search_term_string\"}}],\"inLanguage\":\"it-IT\"},{\"@type\":\"Person\",\"@id\":\"https:\/\/web.quotidianopiemontese.it\/cultura-arte-e-spettacolo-a-torino\/#\/schema\/person\/b035109a4cc7d3e93911b78d8cebf3a0\",\"name\":\"Emanuele Rebuffini\",\"image\":{\"@type\":\"ImageObject\",\"inLanguage\":\"it-IT\",\"@id\":\"https:\/\/web.quotidianopiemontese.it\/cultura-arte-e-spettacolo-a-torino\/#\/schema\/person\/image\/\",\"url\":\"https:\/\/secure.gravatar.com\/avatar\/519a0a38be4cbbcf40fb5bc1b1173a85af291a3a8697df454a94ad7e05574628?s=96&d=mm&r=g\",\"contentUrl\":\"https:\/\/secure.gravatar.com\/avatar\/519a0a38be4cbbcf40fb5bc1b1173a85af291a3a8697df454a94ad7e05574628?s=96&d=mm&r=g\",\"caption\":\"Emanuele Rebuffini\"},\"sameAs\":[\"http:\/\/www.quotidianopiemontese.it\/cultura-arte-e-spettacolo-a-torino\/\"],\"url\":\"https:\/\/web.quotidianopiemontese.it\/cultura-arte-e-spettacolo-a-torino\/author\/emanuelerebuffini\/\"}]}<\/script>\n<!-- \/ Yoast SEO plugin. -->","yoast_head_json":{"title":"Naufragio familiare. \u201cIl padre\u201d di Lavia\/Strindberg al Teatro Carignano - 5 Marzo 2018","description":"Naufragio familiare. \u201cIl padre\u201d di Lavia\/Strindberg al Teatro Carignano - Cultura, Arte e Spettacolo a Torino - \u00abScritto con un\u2019ascia, non con la penna\u00bb. Cos\u00ec il drammaturgo svedese Johan August Strindberg definiva Il padre, tragedia scritta nel 1887, un \u00abcapolavoro - August Strindberg, Gabriele Lavia, Il padre, Teatro Carignano, Teatro Stabile di Torino","robots":{"index":"index","follow":"follow","max-snippet":"max-snippet:-1","max-image-preview":"max-image-preview:large","max-video-preview":"max-video-preview:-1"},"canonical":"http:\/\/web.quotidianopiemontese.it\/cultura-arte-e-spettacolo-a-torino\/naufragio-familiare-padre-lavia-strindberg-al-teatro-carignano\/","og_locale":"it_IT","og_type":"article","og_title":"Naufragio familiare. \u201cIl padre\u201d di Lavia\/Strindberg al Teatro Carignano - 5 Marzo 2018","og_description":"Naufragio familiare. \u201cIl padre\u201d di Lavia\/Strindberg al Teatro Carignano - Cultura, Arte e Spettacolo a Torino - \u00abScritto con un\u2019ascia, non con la penna\u00bb. Cos\u00ec il drammaturgo svedese Johan August Strindberg definiva Il padre, tragedia scritta nel 1887, un \u00abcapolavoro - August Strindberg, Gabriele Lavia, Il padre, Teatro Carignano, Teatro Stabile di Torino","og_url":"http:\/\/web.quotidianopiemontese.it\/cultura-arte-e-spettacolo-a-torino\/naufragio-familiare-padre-lavia-strindberg-al-teatro-carignano\/","og_site_name":"Cultura, Arte e Spettacolo a Torino","article_publisher":"https:\/\/www.facebook.com\/quotidianopiemontese?fref=ts","article_published_time":"2018-03-05T09:06:37+00:00","og_image":[{"width":1500,"height":1000,"url":"http:\/\/web.quotidianopiemontese.it\/cultura-arte-e-spettacolo-a-torino\/files\/2018\/03\/1-LOW-Il-padre-Gabriele-Lavia_-ph.-Tommaso-Le-Pera.jpg","type":"image\/jpeg"}],"author":"Emanuele Rebuffini","twitter_misc":{"Scritto da":"Emanuele Rebuffini","Tempo di lettura stimato":"3 minuti"},"schema":{"@context":"https:\/\/schema.org","@graph":[{"@type":"Article","@id":"http:\/\/web.quotidianopiemontese.it\/cultura-arte-e-spettacolo-a-torino\/naufragio-familiare-padre-lavia-strindberg-al-teatro-carignano\/#article","isPartOf":{"@id":"http:\/\/web.quotidianopiemontese.it\/cultura-arte-e-spettacolo-a-torino\/naufragio-familiare-padre-lavia-strindberg-al-teatro-carignano\/"},"author":{"name":"Emanuele Rebuffini","@id":"https:\/\/web.quotidianopiemontese.it\/cultura-arte-e-spettacolo-a-torino\/#\/schema\/person\/b035109a4cc7d3e93911b78d8cebf3a0"},"headline":"Naufragio familiare. \u201cIl padre\u201d di Lavia\/Strindberg al Teatro Carignano","datePublished":"2018-03-05T09:06:37+00:00","mainEntityOfPage":{"@id":"http:\/\/web.quotidianopiemontese.it\/cultura-arte-e-spettacolo-a-torino\/naufragio-familiare-padre-lavia-strindberg-al-teatro-carignano\/"},"wordCount":564,"commentCount":0,"image":{"@id":"http:\/\/web.quotidianopiemontese.it\/cultura-arte-e-spettacolo-a-torino\/naufragio-familiare-padre-lavia-strindberg-al-teatro-carignano\/#primaryimage"},"thumbnailUrl":"https:\/\/web.quotidianopiemontese.it\/cultura-arte-e-spettacolo-a-torino\/files\/2018\/03\/1-LOW-Il-padre-Gabriele-Lavia_-ph.-Tommaso-Le-Pera.jpg","keywords":["August Strindberg","Gabriele Lavia","Il padre","Teatro Carignano","Teatro Stabile di Torino"],"articleSection":["Cultura, arte, spettacolo"],"inLanguage":"it-IT","potentialAction":[{"@type":"CommentAction","name":"Comment","target":["http:\/\/web.quotidianopiemontese.it\/cultura-arte-e-spettacolo-a-torino\/naufragio-familiare-padre-lavia-strindberg-al-teatro-carignano\/#respond"]}]},{"@type":"WebPage","@id":"http:\/\/web.quotidianopiemontese.it\/cultura-arte-e-spettacolo-a-torino\/naufragio-familiare-padre-lavia-strindberg-al-teatro-carignano\/","url":"http:\/\/web.quotidianopiemontese.it\/cultura-arte-e-spettacolo-a-torino\/naufragio-familiare-padre-lavia-strindberg-al-teatro-carignano\/","name":"Naufragio familiare. \u201cIl padre\u201d di Lavia\/Strindberg al Teatro Carignano - 5 Marzo 2018","isPartOf":{"@id":"https:\/\/web.quotidianopiemontese.it\/cultura-arte-e-spettacolo-a-torino\/#website"},"primaryImageOfPage":{"@id":"http:\/\/web.quotidianopiemontese.it\/cultura-arte-e-spettacolo-a-torino\/naufragio-familiare-padre-lavia-strindberg-al-teatro-carignano\/#primaryimage"},"image":{"@id":"http:\/\/web.quotidianopiemontese.it\/cultura-arte-e-spettacolo-a-torino\/naufragio-familiare-padre-lavia-strindberg-al-teatro-carignano\/#primaryimage"},"thumbnailUrl":"https:\/\/web.quotidianopiemontese.it\/cultura-arte-e-spettacolo-a-torino\/files\/2018\/03\/1-LOW-Il-padre-Gabriele-Lavia_-ph.-Tommaso-Le-Pera.jpg","datePublished":"2018-03-05T09:06:37+00:00","author":{"@id":"https:\/\/web.quotidianopiemontese.it\/cultura-arte-e-spettacolo-a-torino\/#\/schema\/person\/b035109a4cc7d3e93911b78d8cebf3a0"},"description":"Naufragio familiare. \u201cIl padre\u201d di Lavia\/Strindberg al Teatro Carignano - Cultura, Arte e Spettacolo a Torino - \u00abScritto con un\u2019ascia, non con la penna\u00bb. Cos\u00ec il drammaturgo svedese Johan August Strindberg definiva Il padre, tragedia scritta nel 1887, un \u00abcapolavoro - August Strindberg, Gabriele Lavia, Il padre, Teatro Carignano, Teatro Stabile di Torino","inLanguage":"it-IT","potentialAction":[{"@type":"ReadAction","target":["http:\/\/web.quotidianopiemontese.it\/cultura-arte-e-spettacolo-a-torino\/naufragio-familiare-padre-lavia-strindberg-al-teatro-carignano\/"]}]},{"@type":"ImageObject","inLanguage":"it-IT","@id":"http:\/\/web.quotidianopiemontese.it\/cultura-arte-e-spettacolo-a-torino\/naufragio-familiare-padre-lavia-strindberg-al-teatro-carignano\/#primaryimage","url":"https:\/\/web.quotidianopiemontese.it\/cultura-arte-e-spettacolo-a-torino\/files\/2018\/03\/1-LOW-Il-padre-Gabriele-Lavia_-ph.-Tommaso-Le-Pera.jpg","contentUrl":"https:\/\/web.quotidianopiemontese.it\/cultura-arte-e-spettacolo-a-torino\/files\/2018\/03\/1-LOW-Il-padre-Gabriele-Lavia_-ph.-Tommaso-Le-Pera.jpg","width":1500,"height":1000},{"@type":"WebSite","@id":"https:\/\/web.quotidianopiemontese.it\/cultura-arte-e-spettacolo-a-torino\/#website","url":"https:\/\/web.quotidianopiemontese.it\/cultura-arte-e-spettacolo-a-torino\/","name":"Cultura, Arte e Spettacolo a Torino","description":"Quotidiano Piemontese","potentialAction":[{"@type":"SearchAction","target":{"@type":"EntryPoint","urlTemplate":"https:\/\/web.quotidianopiemontese.it\/cultura-arte-e-spettacolo-a-torino\/?s={search_term_string}"},"query-input":{"@type":"PropertyValueSpecification","valueRequired":true,"valueName":"search_term_string"}}],"inLanguage":"it-IT"},{"@type":"Person","@id":"https:\/\/web.quotidianopiemontese.it\/cultura-arte-e-spettacolo-a-torino\/#\/schema\/person\/b035109a4cc7d3e93911b78d8cebf3a0","name":"Emanuele Rebuffini","image":{"@type":"ImageObject","inLanguage":"it-IT","@id":"https:\/\/web.quotidianopiemontese.it\/cultura-arte-e-spettacolo-a-torino\/#\/schema\/person\/image\/","url":"https:\/\/secure.gravatar.com\/avatar\/519a0a38be4cbbcf40fb5bc1b1173a85af291a3a8697df454a94ad7e05574628?s=96&d=mm&r=g","contentUrl":"https:\/\/secure.gravatar.com\/avatar\/519a0a38be4cbbcf40fb5bc1b1173a85af291a3a8697df454a94ad7e05574628?s=96&d=mm&r=g","caption":"Emanuele Rebuffini"},"sameAs":["http:\/\/www.quotidianopiemontese.it\/cultura-arte-e-spettacolo-a-torino\/"],"url":"https:\/\/web.quotidianopiemontese.it\/cultura-arte-e-spettacolo-a-torino\/author\/emanuelerebuffini\/"}]}},"_links":{"self":[{"href":"https:\/\/web.quotidianopiemontese.it\/cultura-arte-e-spettacolo-a-torino\/wp-json\/wp\/v2\/posts\/194","targetHints":{"allow":["GET"]}}],"collection":[{"href":"https:\/\/web.quotidianopiemontese.it\/cultura-arte-e-spettacolo-a-torino\/wp-json\/wp\/v2\/posts"}],"about":[{"href":"https:\/\/web.quotidianopiemontese.it\/cultura-arte-e-spettacolo-a-torino\/wp-json\/wp\/v2\/types\/post"}],"author":[{"embeddable":true,"href":"https:\/\/web.quotidianopiemontese.it\/cultura-arte-e-spettacolo-a-torino\/wp-json\/wp\/v2\/users\/1361"}],"replies":[{"embeddable":true,"href":"https:\/\/web.quotidianopiemontese.it\/cultura-arte-e-spettacolo-a-torino\/wp-json\/wp\/v2\/comments?post=194"}],"version-history":[{"count":0,"href":"https:\/\/web.quotidianopiemontese.it\/cultura-arte-e-spettacolo-a-torino\/wp-json\/wp\/v2\/posts\/194\/revisions"}],"wp:featuredmedia":[{"embeddable":true,"href":"https:\/\/web.quotidianopiemontese.it\/cultura-arte-e-spettacolo-a-torino\/wp-json\/wp\/v2\/media\/195"}],"wp:attachment":[{"href":"https:\/\/web.quotidianopiemontese.it\/cultura-arte-e-spettacolo-a-torino\/wp-json\/wp\/v2\/media?parent=194"}],"wp:term":[{"taxonomy":"category","embeddable":true,"href":"https:\/\/web.quotidianopiemontese.it\/cultura-arte-e-spettacolo-a-torino\/wp-json\/wp\/v2\/categories?post=194"},{"taxonomy":"post_tag","embeddable":true,"href":"https:\/\/web.quotidianopiemontese.it\/cultura-arte-e-spettacolo-a-torino\/wp-json\/wp\/v2\/tags?post=194"}],"curies":[{"name":"wp","href":"https:\/\/api.w.org\/{rel}","templated":true}]}}