{"id":1791,"date":"2026-03-26T14:37:33","date_gmt":"2026-03-26T13:37:33","guid":{"rendered":"https:\/\/web.quotidianopiemontese.it\/cultura-arte-e-spettacolo-a-torino\/?p=1791"},"modified":"2026-03-26T14:37:33","modified_gmt":"2026-03-26T13:37:33","slug":"dreamers-motel-joachim-cooder-al-folkclub","status":"publish","type":"post","link":"https:\/\/web.quotidianopiemontese.it\/cultura-arte-e-spettacolo-a-torino\/dreamers-motel-joachim-cooder-al-folkclub\/","title":{"rendered":"Dreamer\u2019s Motel:\u00a0Joachim Cooder al FolkClub"},"content":{"rendered":"<p><strong>Sabato 28 marzo<\/strong>\u00a0il <strong>FolkClu<\/strong>b ospita un artista che porta con s\u00e9 un patrimonio musicale straordinario e una storia profondamente intrecciata con alcune delle pagine pi\u00f9 affascinanti della musica americana:\u00a0<strong>Joachim Cooder<\/strong>. <!--more-->Cantante, polistrumentista e compositore californiano, Cooder presenta dal vivo il suo nuovo album \u201c<em>Dreamer\u2019s Motel<\/em>\u201d, accompagnato per l\u2019occasione dal chitarrista italiano\u00a0<strong>Adriano Viterbini<\/strong>.<\/p>\n<p><a href=\"http:\/\/web.quotidianopiemontese.it\/cultura-arte-e-spettacolo-a-torino\/files\/2026\/03\/MY7A4738-1.jpg\"><img loading=\"lazy\" decoding=\"async\" class=\"alignnone size-medium wp-image-1793\" src=\"http:\/\/web.quotidianopiemontese.it\/cultura-arte-e-spettacolo-a-torino\/files\/2026\/03\/MY7A4738-1-300x200.jpg\" alt=\"\" width=\"300\" height=\"200\" srcset=\"https:\/\/web.quotidianopiemontese.it\/cultura-arte-e-spettacolo-a-torino\/files\/2026\/03\/MY7A4738-1-300x200.jpg 300w, https:\/\/web.quotidianopiemontese.it\/cultura-arte-e-spettacolo-a-torino\/files\/2026\/03\/MY7A4738-1-1024x682.jpg 1024w, https:\/\/web.quotidianopiemontese.it\/cultura-arte-e-spettacolo-a-torino\/files\/2026\/03\/MY7A4738-1-768x512.jpg 768w, https:\/\/web.quotidianopiemontese.it\/cultura-arte-e-spettacolo-a-torino\/files\/2026\/03\/MY7A4738-1-1536x1024.jpg 1536w, https:\/\/web.quotidianopiemontese.it\/cultura-arte-e-spettacolo-a-torino\/files\/2026\/03\/MY7A4738-1-1200x800.jpg 1200w, https:\/\/web.quotidianopiemontese.it\/cultura-arte-e-spettacolo-a-torino\/files\/2026\/03\/MY7A4738-1.jpg 2000w\" sizes=\"auto, (max-width: 300px) 85vw, 300px\" \/><\/a><\/p>\n<p>Cresciuto letteralmente dentro la musica accanto\u00a0<strong>al padre Ry Cooder<\/strong>, leggendario chitarrista vincitore di sette Grammy, Joachim ha iniziato fin da giovanissimo a suonare in tourn\u00e9e e in studio, accumulando un\u2019esperienza rara che lo ha portato a condividere il palco con artisti come Johnny Cash, Ali Farka Tour\u00e9, John Lee Hooker, Dr. John, Nick Lowe e Mavis Staples, oltre a partecipare al celebre progetto Buena Vista Social Club, uno dei dischi di world music pi\u00f9 venduti di sempre.<\/p>\n<p>Nel suo percorso artistico Cooder ha progressivamente sviluppato una cifra personale, fatta di curiosit\u00e0 sonora e di una raffinata artigianalit\u00e0 musicale. Nel nuovo album, pubblicato nel novembre scorso e co-prodotto da Martin Pradler (gi\u00e0 al lavoro con John Mayer, Shawn Mendes e Neil Young), l\u2019artista esplora territori che si muovono con naturalezza tra soulful Americana, folk, roots e alt-country. Il risultato \u00e8 una raccolta di brani originali dal fascino discreto e dalla forte identit\u00e0 narrativa, capace di trasportare l\u2019ascoltatore in una dimensione sospesa tra memoria, sogno e speranza.<\/p>\n<p>\u201c<em>Dreamer\u2019s Motel<\/em>\u201d vede Cooder esplorare nuovi territori sonori, muovendosi con autenticit\u00e0 tra soulful Americana, folk, roots e alt-country. Con un\u2019artigianalit\u00e0 melodica ricca e un fascino discreto, questa raccolta \u00e8 un promemoria della vasta gamma e del ricco patrimonio musicale del musicista californiano, trasporta gli ascoltatori in una stratosfera sonica senza confini, in un viaggio nostalgico in cui la realt\u00e0 \u00e8 intrisa di visioni di speranza e dolcezza, che vivono nei sogni e nei ricordi. Brani in cui le vocalit\u00e0 e i ritmi caraibici si mescolano delicatamente, altri con le chitarre che risuonano a sostegno di cori ondeggianti dolci come ninne nanne, altri sono invece intrisi di influenze gospel, con voci corali eteree che rispondono al canto di Cooder mentre la bellezza strumentale del brano si sviluppa dalle note del banjo che si intrecciano e si snodano sotto le fondamenta di pianoforte, viola e violino; altri ancora vedono un folk psichedelico e vibrante unirsi allo stile voodoo Cajun di Dr. John, regalando linee melodiche ipnotiche quanto indimenticabili.<\/p>\n<p>Accanto a lui sul palco del FolkClub ci sar\u00e0\u00a0<strong>Adriano Viterbini<\/strong>, uno dei chitarristi pi\u00f9 originali della scena italiana contemporanea. Fondatore dei Bud Spencer Blues Explosion e membro di progetti come I Hate My Village e Black Friday, Viterbini \u00e8 un musicista capace di attraversare con naturalezza blues, rock, desert-sound e suggestioni world, collaborando negli anni con artisti come Bombino, Nicol\u00f2 Fabi, Daniele Silvestri, Max Gazz\u00e8 e molti altri.<\/p>\n<p>L\u2019incontro tra la sensibilit\u00e0 musicale di Joachim Cooder e la chitarra visionaria di Adriano Viterbini promette cos\u00ec una serata di grande intensit\u00e0, in cui la tradizione della musica americana si apre a nuove contaminazioni sonore, tra radici profonde e libert\u00e0 creativa.<\/p>\n<p><a href=\"http:\/\/www.folkclub.it\">http:\/\/www.folkclub.it<\/a><\/p>\n<p>&nbsp;<\/p>\n<p>&nbsp;<\/p>\n","protected":false},"excerpt":{"rendered":"<p>Sabato 28 marzo\u00a0il FolkClub ospita un artista che porta con s\u00e9 un patrimonio musicale straordinario e una storia profondamente intrecciata con alcune delle pagine pi\u00f9 affascinanti della musica americana:\u00a0Joachim Cooder.<\/p>\n","protected":false},"author":1361,"featured_media":1792,"comment_status":"open","ping_status":"open","sticky":false,"template":"","format":"standard","meta":{"footnotes":""},"categories":[1],"tags":[58,322],"class_list":["post-1791","post","type-post","status-publish","format-standard","has-post-thumbnail","hentry","category-cultura-arte-spettacolo","tag-folkclub","tag-joachim-cooder"],"yoast_head":"<!-- This site is optimized with the Yoast SEO plugin v27.1.1 - https:\/\/yoast.com\/product\/yoast-seo-wordpress\/ -->\n<title>Dreamer\u2019s Motel:\u00a0Joachim Cooder al FolkClub - 26 Marzo 2026<\/title>\n<meta name=\"description\" content=\"Dreamer\u2019s Motel:\u00a0Joachim Cooder al FolkClub - Cultura, Arte e Spettacolo a Torino - Sabato 28 marzo\u00a0il FolkClub ospita un artista che porta con s\u00e9 un patrimonio musicale straordinario e una storia profondamente intrecciata con alcune - Folkclub, Joachim Cooder\" \/>\n<meta name=\"robots\" content=\"index, follow, max-snippet:-1, max-image-preview:large, max-video-preview:-1\" \/>\n<link rel=\"canonical\" href=\"https:\/\/web.quotidianopiemontese.it\/cultura-arte-e-spettacolo-a-torino\/dreamers-motel-joachim-cooder-al-folkclub\/\" \/>\n<meta property=\"og:locale\" content=\"it_IT\" \/>\n<meta property=\"og:type\" content=\"article\" \/>\n<meta property=\"og:title\" content=\"Dreamer\u2019s Motel:\u00a0Joachim Cooder al FolkClub - 26 Marzo 2026\" \/>\n<meta property=\"og:description\" content=\"Dreamer\u2019s Motel:\u00a0Joachim Cooder al FolkClub - Cultura, Arte e Spettacolo a Torino - Sabato 28 marzo\u00a0il FolkClub ospita un artista che porta con s\u00e9 un patrimonio musicale straordinario e una storia profondamente intrecciata con alcune - Folkclub, Joachim Cooder\" \/>\n<meta property=\"og:url\" content=\"https:\/\/web.quotidianopiemontese.it\/cultura-arte-e-spettacolo-a-torino\/dreamers-motel-joachim-cooder-al-folkclub\/\" \/>\n<meta property=\"og:site_name\" content=\"Cultura, Arte e Spettacolo a Torino\" \/>\n<meta property=\"article:publisher\" content=\"https:\/\/www.facebook.com\/quotidianopiemontese?fref=ts\" \/>\n<meta property=\"article:published_time\" content=\"2026-03-26T13:37:33+00:00\" \/>\n<meta property=\"og:image\" content=\"https:\/\/web.quotidianopiemontese.it\/cultura-arte-e-spettacolo-a-torino\/files\/2026\/03\/MY7A4738.jpg\" \/>\n\t<meta property=\"og:image:width\" content=\"2000\" \/>\n\t<meta property=\"og:image:height\" content=\"1333\" \/>\n\t<meta property=\"og:image:type\" content=\"image\/jpeg\" \/>\n<meta name=\"author\" content=\"Emanuele Rebuffini\" \/>\n<meta name=\"twitter:label1\" content=\"Scritto da\" \/>\n\t<meta name=\"twitter:data1\" content=\"Emanuele Rebuffini\" \/>\n\t<meta name=\"twitter:label2\" content=\"Tempo di lettura stimato\" \/>\n\t<meta name=\"twitter:data2\" content=\"4 minuti\" \/>\n<script type=\"application\/ld+json\" class=\"yoast-schema-graph\">{\"@context\":\"https:\/\/schema.org\",\"@graph\":[{\"@type\":\"Article\",\"@id\":\"https:\/\/web.quotidianopiemontese.it\/cultura-arte-e-spettacolo-a-torino\/dreamers-motel-joachim-cooder-al-folkclub\/#article\",\"isPartOf\":{\"@id\":\"https:\/\/web.quotidianopiemontese.it\/cultura-arte-e-spettacolo-a-torino\/dreamers-motel-joachim-cooder-al-folkclub\/\"},\"author\":{\"name\":\"Emanuele Rebuffini\",\"@id\":\"https:\/\/web.quotidianopiemontese.it\/cultura-arte-e-spettacolo-a-torino\/#\/schema\/person\/b035109a4cc7d3e93911b78d8cebf3a0\"},\"headline\":\"Dreamer\u2019s Motel:\u00a0Joachim Cooder al FolkClub\",\"datePublished\":\"2026-03-26T13:37:33+00:00\",\"mainEntityOfPage\":{\"@id\":\"https:\/\/web.quotidianopiemontese.it\/cultura-arte-e-spettacolo-a-torino\/dreamers-motel-joachim-cooder-al-folkclub\/\"},\"wordCount\":514,\"commentCount\":0,\"image\":{\"@id\":\"https:\/\/web.quotidianopiemontese.it\/cultura-arte-e-spettacolo-a-torino\/dreamers-motel-joachim-cooder-al-folkclub\/#primaryimage\"},\"thumbnailUrl\":\"https:\/\/web.quotidianopiemontese.it\/cultura-arte-e-spettacolo-a-torino\/files\/2026\/03\/MY7A4738.jpg\",\"keywords\":[\"Folkclub\",\"Joachim Cooder\"],\"articleSection\":[\"Cultura, arte, spettacolo\"],\"inLanguage\":\"it-IT\",\"potentialAction\":[{\"@type\":\"CommentAction\",\"name\":\"Comment\",\"target\":[\"https:\/\/web.quotidianopiemontese.it\/cultura-arte-e-spettacolo-a-torino\/dreamers-motel-joachim-cooder-al-folkclub\/#respond\"]}]},{\"@type\":\"WebPage\",\"@id\":\"https:\/\/web.quotidianopiemontese.it\/cultura-arte-e-spettacolo-a-torino\/dreamers-motel-joachim-cooder-al-folkclub\/\",\"url\":\"https:\/\/web.quotidianopiemontese.it\/cultura-arte-e-spettacolo-a-torino\/dreamers-motel-joachim-cooder-al-folkclub\/\",\"name\":\"Dreamer\u2019s Motel:\u00a0Joachim Cooder al FolkClub - 26 Marzo 2026\",\"isPartOf\":{\"@id\":\"https:\/\/web.quotidianopiemontese.it\/cultura-arte-e-spettacolo-a-torino\/#website\"},\"primaryImageOfPage\":{\"@id\":\"https:\/\/web.quotidianopiemontese.it\/cultura-arte-e-spettacolo-a-torino\/dreamers-motel-joachim-cooder-al-folkclub\/#primaryimage\"},\"image\":{\"@id\":\"https:\/\/web.quotidianopiemontese.it\/cultura-arte-e-spettacolo-a-torino\/dreamers-motel-joachim-cooder-al-folkclub\/#primaryimage\"},\"thumbnailUrl\":\"https:\/\/web.quotidianopiemontese.it\/cultura-arte-e-spettacolo-a-torino\/files\/2026\/03\/MY7A4738.jpg\",\"datePublished\":\"2026-03-26T13:37:33+00:00\",\"author\":{\"@id\":\"https:\/\/web.quotidianopiemontese.it\/cultura-arte-e-spettacolo-a-torino\/#\/schema\/person\/b035109a4cc7d3e93911b78d8cebf3a0\"},\"description\":\"Dreamer\u2019s Motel:\u00a0Joachim Cooder al FolkClub - Cultura, Arte e Spettacolo a Torino - Sabato 28 marzo\u00a0il FolkClub ospita un artista che porta con s\u00e9 un patrimonio musicale straordinario e una storia profondamente intrecciata con alcune - Folkclub, Joachim Cooder\",\"inLanguage\":\"it-IT\",\"potentialAction\":[{\"@type\":\"ReadAction\",\"target\":[\"https:\/\/web.quotidianopiemontese.it\/cultura-arte-e-spettacolo-a-torino\/dreamers-motel-joachim-cooder-al-folkclub\/\"]}]},{\"@type\":\"ImageObject\",\"inLanguage\":\"it-IT\",\"@id\":\"https:\/\/web.quotidianopiemontese.it\/cultura-arte-e-spettacolo-a-torino\/dreamers-motel-joachim-cooder-al-folkclub\/#primaryimage\",\"url\":\"https:\/\/web.quotidianopiemontese.it\/cultura-arte-e-spettacolo-a-torino\/files\/2026\/03\/MY7A4738.jpg\",\"contentUrl\":\"https:\/\/web.quotidianopiemontese.it\/cultura-arte-e-spettacolo-a-torino\/files\/2026\/03\/MY7A4738.jpg\",\"width\":2000,\"height\":1333},{\"@type\":\"WebSite\",\"@id\":\"https:\/\/web.quotidianopiemontese.it\/cultura-arte-e-spettacolo-a-torino\/#website\",\"url\":\"https:\/\/web.quotidianopiemontese.it\/cultura-arte-e-spettacolo-a-torino\/\",\"name\":\"Cultura, Arte e Spettacolo a Torino\",\"description\":\"Quotidiano Piemontese\",\"potentialAction\":[{\"@type\":\"SearchAction\",\"target\":{\"@type\":\"EntryPoint\",\"urlTemplate\":\"https:\/\/web.quotidianopiemontese.it\/cultura-arte-e-spettacolo-a-torino\/?s={search_term_string}\"},\"query-input\":{\"@type\":\"PropertyValueSpecification\",\"valueRequired\":true,\"valueName\":\"search_term_string\"}}],\"inLanguage\":\"it-IT\"},{\"@type\":\"Person\",\"@id\":\"https:\/\/web.quotidianopiemontese.it\/cultura-arte-e-spettacolo-a-torino\/#\/schema\/person\/b035109a4cc7d3e93911b78d8cebf3a0\",\"name\":\"Emanuele Rebuffini\",\"image\":{\"@type\":\"ImageObject\",\"inLanguage\":\"it-IT\",\"@id\":\"https:\/\/web.quotidianopiemontese.it\/cultura-arte-e-spettacolo-a-torino\/#\/schema\/person\/image\/\",\"url\":\"https:\/\/secure.gravatar.com\/avatar\/519a0a38be4cbbcf40fb5bc1b1173a85af291a3a8697df454a94ad7e05574628?s=96&d=mm&r=g\",\"contentUrl\":\"https:\/\/secure.gravatar.com\/avatar\/519a0a38be4cbbcf40fb5bc1b1173a85af291a3a8697df454a94ad7e05574628?s=96&d=mm&r=g\",\"caption\":\"Emanuele Rebuffini\"},\"sameAs\":[\"http:\/\/www.quotidianopiemontese.it\/cultura-arte-e-spettacolo-a-torino\/\"],\"url\":\"https:\/\/web.quotidianopiemontese.it\/cultura-arte-e-spettacolo-a-torino\/author\/emanuelerebuffini\/\"}]}<\/script>\n<!-- \/ Yoast SEO plugin. -->","yoast_head_json":{"title":"Dreamer\u2019s Motel:\u00a0Joachim Cooder al FolkClub - 26 Marzo 2026","description":"Dreamer\u2019s Motel:\u00a0Joachim Cooder al FolkClub - Cultura, Arte e Spettacolo a Torino - Sabato 28 marzo\u00a0il FolkClub ospita un artista che porta con s\u00e9 un patrimonio musicale straordinario e una storia profondamente intrecciata con alcune - Folkclub, Joachim Cooder","robots":{"index":"index","follow":"follow","max-snippet":"max-snippet:-1","max-image-preview":"max-image-preview:large","max-video-preview":"max-video-preview:-1"},"canonical":"https:\/\/web.quotidianopiemontese.it\/cultura-arte-e-spettacolo-a-torino\/dreamers-motel-joachim-cooder-al-folkclub\/","og_locale":"it_IT","og_type":"article","og_title":"Dreamer\u2019s Motel:\u00a0Joachim Cooder al FolkClub - 26 Marzo 2026","og_description":"Dreamer\u2019s Motel:\u00a0Joachim Cooder al FolkClub - Cultura, Arte e Spettacolo a Torino - Sabato 28 marzo\u00a0il FolkClub ospita un artista che porta con s\u00e9 un patrimonio musicale straordinario e una storia profondamente intrecciata con alcune - Folkclub, Joachim Cooder","og_url":"https:\/\/web.quotidianopiemontese.it\/cultura-arte-e-spettacolo-a-torino\/dreamers-motel-joachim-cooder-al-folkclub\/","og_site_name":"Cultura, Arte e Spettacolo a Torino","article_publisher":"https:\/\/www.facebook.com\/quotidianopiemontese?fref=ts","article_published_time":"2026-03-26T13:37:33+00:00","og_image":[{"width":2000,"height":1333,"url":"https:\/\/web.quotidianopiemontese.it\/cultura-arte-e-spettacolo-a-torino\/files\/2026\/03\/MY7A4738.jpg","type":"image\/jpeg"}],"author":"Emanuele Rebuffini","twitter_misc":{"Scritto da":"Emanuele Rebuffini","Tempo di lettura stimato":"4 minuti"},"schema":{"@context":"https:\/\/schema.org","@graph":[{"@type":"Article","@id":"https:\/\/web.quotidianopiemontese.it\/cultura-arte-e-spettacolo-a-torino\/dreamers-motel-joachim-cooder-al-folkclub\/#article","isPartOf":{"@id":"https:\/\/web.quotidianopiemontese.it\/cultura-arte-e-spettacolo-a-torino\/dreamers-motel-joachim-cooder-al-folkclub\/"},"author":{"name":"Emanuele Rebuffini","@id":"https:\/\/web.quotidianopiemontese.it\/cultura-arte-e-spettacolo-a-torino\/#\/schema\/person\/b035109a4cc7d3e93911b78d8cebf3a0"},"headline":"Dreamer\u2019s Motel:\u00a0Joachim Cooder al FolkClub","datePublished":"2026-03-26T13:37:33+00:00","mainEntityOfPage":{"@id":"https:\/\/web.quotidianopiemontese.it\/cultura-arte-e-spettacolo-a-torino\/dreamers-motel-joachim-cooder-al-folkclub\/"},"wordCount":514,"commentCount":0,"image":{"@id":"https:\/\/web.quotidianopiemontese.it\/cultura-arte-e-spettacolo-a-torino\/dreamers-motel-joachim-cooder-al-folkclub\/#primaryimage"},"thumbnailUrl":"https:\/\/web.quotidianopiemontese.it\/cultura-arte-e-spettacolo-a-torino\/files\/2026\/03\/MY7A4738.jpg","keywords":["Folkclub","Joachim Cooder"],"articleSection":["Cultura, arte, spettacolo"],"inLanguage":"it-IT","potentialAction":[{"@type":"CommentAction","name":"Comment","target":["https:\/\/web.quotidianopiemontese.it\/cultura-arte-e-spettacolo-a-torino\/dreamers-motel-joachim-cooder-al-folkclub\/#respond"]}]},{"@type":"WebPage","@id":"https:\/\/web.quotidianopiemontese.it\/cultura-arte-e-spettacolo-a-torino\/dreamers-motel-joachim-cooder-al-folkclub\/","url":"https:\/\/web.quotidianopiemontese.it\/cultura-arte-e-spettacolo-a-torino\/dreamers-motel-joachim-cooder-al-folkclub\/","name":"Dreamer\u2019s Motel:\u00a0Joachim Cooder al FolkClub - 26 Marzo 2026","isPartOf":{"@id":"https:\/\/web.quotidianopiemontese.it\/cultura-arte-e-spettacolo-a-torino\/#website"},"primaryImageOfPage":{"@id":"https:\/\/web.quotidianopiemontese.it\/cultura-arte-e-spettacolo-a-torino\/dreamers-motel-joachim-cooder-al-folkclub\/#primaryimage"},"image":{"@id":"https:\/\/web.quotidianopiemontese.it\/cultura-arte-e-spettacolo-a-torino\/dreamers-motel-joachim-cooder-al-folkclub\/#primaryimage"},"thumbnailUrl":"https:\/\/web.quotidianopiemontese.it\/cultura-arte-e-spettacolo-a-torino\/files\/2026\/03\/MY7A4738.jpg","datePublished":"2026-03-26T13:37:33+00:00","author":{"@id":"https:\/\/web.quotidianopiemontese.it\/cultura-arte-e-spettacolo-a-torino\/#\/schema\/person\/b035109a4cc7d3e93911b78d8cebf3a0"},"description":"Dreamer\u2019s Motel:\u00a0Joachim Cooder al FolkClub - Cultura, Arte e Spettacolo a Torino - Sabato 28 marzo\u00a0il FolkClub ospita un artista che porta con s\u00e9 un patrimonio musicale straordinario e una storia profondamente intrecciata con alcune - Folkclub, Joachim Cooder","inLanguage":"it-IT","potentialAction":[{"@type":"ReadAction","target":["https:\/\/web.quotidianopiemontese.it\/cultura-arte-e-spettacolo-a-torino\/dreamers-motel-joachim-cooder-al-folkclub\/"]}]},{"@type":"ImageObject","inLanguage":"it-IT","@id":"https:\/\/web.quotidianopiemontese.it\/cultura-arte-e-spettacolo-a-torino\/dreamers-motel-joachim-cooder-al-folkclub\/#primaryimage","url":"https:\/\/web.quotidianopiemontese.it\/cultura-arte-e-spettacolo-a-torino\/files\/2026\/03\/MY7A4738.jpg","contentUrl":"https:\/\/web.quotidianopiemontese.it\/cultura-arte-e-spettacolo-a-torino\/files\/2026\/03\/MY7A4738.jpg","width":2000,"height":1333},{"@type":"WebSite","@id":"https:\/\/web.quotidianopiemontese.it\/cultura-arte-e-spettacolo-a-torino\/#website","url":"https:\/\/web.quotidianopiemontese.it\/cultura-arte-e-spettacolo-a-torino\/","name":"Cultura, Arte e Spettacolo a Torino","description":"Quotidiano Piemontese","potentialAction":[{"@type":"SearchAction","target":{"@type":"EntryPoint","urlTemplate":"https:\/\/web.quotidianopiemontese.it\/cultura-arte-e-spettacolo-a-torino\/?s={search_term_string}"},"query-input":{"@type":"PropertyValueSpecification","valueRequired":true,"valueName":"search_term_string"}}],"inLanguage":"it-IT"},{"@type":"Person","@id":"https:\/\/web.quotidianopiemontese.it\/cultura-arte-e-spettacolo-a-torino\/#\/schema\/person\/b035109a4cc7d3e93911b78d8cebf3a0","name":"Emanuele Rebuffini","image":{"@type":"ImageObject","inLanguage":"it-IT","@id":"https:\/\/web.quotidianopiemontese.it\/cultura-arte-e-spettacolo-a-torino\/#\/schema\/person\/image\/","url":"https:\/\/secure.gravatar.com\/avatar\/519a0a38be4cbbcf40fb5bc1b1173a85af291a3a8697df454a94ad7e05574628?s=96&d=mm&r=g","contentUrl":"https:\/\/secure.gravatar.com\/avatar\/519a0a38be4cbbcf40fb5bc1b1173a85af291a3a8697df454a94ad7e05574628?s=96&d=mm&r=g","caption":"Emanuele Rebuffini"},"sameAs":["http:\/\/www.quotidianopiemontese.it\/cultura-arte-e-spettacolo-a-torino\/"],"url":"https:\/\/web.quotidianopiemontese.it\/cultura-arte-e-spettacolo-a-torino\/author\/emanuelerebuffini\/"}]}},"_links":{"self":[{"href":"https:\/\/web.quotidianopiemontese.it\/cultura-arte-e-spettacolo-a-torino\/wp-json\/wp\/v2\/posts\/1791","targetHints":{"allow":["GET"]}}],"collection":[{"href":"https:\/\/web.quotidianopiemontese.it\/cultura-arte-e-spettacolo-a-torino\/wp-json\/wp\/v2\/posts"}],"about":[{"href":"https:\/\/web.quotidianopiemontese.it\/cultura-arte-e-spettacolo-a-torino\/wp-json\/wp\/v2\/types\/post"}],"author":[{"embeddable":true,"href":"https:\/\/web.quotidianopiemontese.it\/cultura-arte-e-spettacolo-a-torino\/wp-json\/wp\/v2\/users\/1361"}],"replies":[{"embeddable":true,"href":"https:\/\/web.quotidianopiemontese.it\/cultura-arte-e-spettacolo-a-torino\/wp-json\/wp\/v2\/comments?post=1791"}],"version-history":[{"count":1,"href":"https:\/\/web.quotidianopiemontese.it\/cultura-arte-e-spettacolo-a-torino\/wp-json\/wp\/v2\/posts\/1791\/revisions"}],"predecessor-version":[{"id":1794,"href":"https:\/\/web.quotidianopiemontese.it\/cultura-arte-e-spettacolo-a-torino\/wp-json\/wp\/v2\/posts\/1791\/revisions\/1794"}],"wp:featuredmedia":[{"embeddable":true,"href":"https:\/\/web.quotidianopiemontese.it\/cultura-arte-e-spettacolo-a-torino\/wp-json\/wp\/v2\/media\/1792"}],"wp:attachment":[{"href":"https:\/\/web.quotidianopiemontese.it\/cultura-arte-e-spettacolo-a-torino\/wp-json\/wp\/v2\/media?parent=1791"}],"wp:term":[{"taxonomy":"category","embeddable":true,"href":"https:\/\/web.quotidianopiemontese.it\/cultura-arte-e-spettacolo-a-torino\/wp-json\/wp\/v2\/categories?post=1791"},{"taxonomy":"post_tag","embeddable":true,"href":"https:\/\/web.quotidianopiemontese.it\/cultura-arte-e-spettacolo-a-torino\/wp-json\/wp\/v2\/tags?post=1791"}],"curies":[{"name":"wp","href":"https:\/\/api.w.org\/{rel}","templated":true}]}}