{"id":17,"date":"2015-02-24T16:07:34","date_gmt":"2015-02-24T15:07:34","guid":{"rendered":"http:\/\/www.quotidianopiemontese.it\/cultura-arte-e-spettacolo-a-torino\/?p=17"},"modified":"2015-02-24T16:07:34","modified_gmt":"2015-02-24T15:07:34","slug":"sostakovic-protagonista-della-settimana-musicale-dellauditorium-rai-di-torino","status":"publish","type":"post","link":"https:\/\/web.quotidianopiemontese.it\/cultura-arte-e-spettacolo-a-torino\/sostakovic-protagonista-della-settimana-musicale-dellauditorium-rai-di-torino\/","title":{"rendered":"Sostakovic protagonista della settimana musicale dell&#8217;Auditorium Rai di Torino"},"content":{"rendered":"<p>Sul podio dell&#8217;Auditorium della Rai &#8220;Arturo Toscanini&#8221; di Torino, gioved\u00ec 26 febbraio alle 21, il direttore dell&#8217;Orchestra nazionale della Rai, Juri Valcuha, affrontera&#8217; la Sinfonia n. 8 in do minore op. 65 di Sostakovic. \u00a0Fu composta nell&#8217;estate del 1942, al momento del definitivo abbandono dell&#8217;Unione Sovietica da parte dell&#8217;esercito tedesco, dopo una estenuante guerra di usura. Era il momento di festeggiare e il regime attendeva dal musicista un&#8217;opera che celebrasse il successo bellico, ma il compositore non poteva in realt\u00e0 dimenticare \u00a0quei numerosissimi cadaveri che la pi\u00f9 terrificante guerra della storia dell&#8217;umanit\u00e0 aveva lasciato dietro di s\u00e9. La Sinfonia n. 8 risulta cos\u00ec un&#8217;accorata riflessione su un momento altamente drammatico della storia sovietica. Anche se Sostakovic non fa riferimenti espliciti ad un programma, appare evidente come il pesante clima psicologico di quell&#8217;anno si accumuli in modo grave su tutta la Sinfonia. Ci\u00f2 si impone gi\u00e0 \u00a0dall&#8217;attacco dell&#8217;Adagio iniziale, espresso da un pesante inciso dei bassi, cui seguono poi i violini dal ritmo oscillante, su cui si innesta un ritmo militaresco, \u00a0che sfocia nelle sonorit\u00e0 dei timpani, della grancassa e del tamburo. In questa Sinfonia il compositore russo si \u00e8 riallacciato alla tradizione romantica di Berlioz, Liszt, Mahler, Borodin e Cajkovskij, realizzando un ampio quadro musicale sull&#8217;idea dell&#8217;uomo costretto a vivere la tragedia della guerra. Verr\u00e0 poi proposto anche il Requiem per archi di Toru Takemitsu, \u00a0composto nel 1957, ascoltato e apprezzato da Igor Stravinskij, \u00a0decretando il successo del compositore giapponese.<\/p>\n<p>Il concerto, in programma gioved\u00ec 26 febbraio alle 21 all&#8217;Auditorium Rai di piazza Rossaro, \u00a0verr\u00e0 replicato venerd\u00ec 27 febbraio alle 20.30.<\/p>\n<p>&nbsp;<\/p>\n<p>&nbsp;<\/p>\n","protected":false},"excerpt":{"rendered":"<p>Sul podio dell&#8217;Auditorium della Rai &#8220;Arturo Toscanini&#8221; di Torino, gioved\u00ec 26 febbraio alle 21, il direttore dell&#8217;Orchestra nazionale della Rai, Juri Valcuha, affrontera&#8217; la Sinfonia n. 8 in do minore op. 65 di Sostakovic. \u00a0Fu composta nell&#8217;estate del 1942, al momento del definitivo abbandono dell&#8217;Unione Sovietica da parte dell&#8217;esercito tedesco, dopo una estenuante guerra di &hellip; <a href=\"https:\/\/web.quotidianopiemontese.it\/cultura-arte-e-spettacolo-a-torino\/sostakovic-protagonista-della-settimana-musicale-dellauditorium-rai-di-torino\/\" class=\"more-link\">Leggi tutto<span class=\"screen-reader-text\"> &#8220;Sostakovic protagonista della settimana musicale dell&#8217;Auditorium Rai di Torino&#8221;<\/span><\/a><\/p>\n","protected":false},"author":1,"featured_media":0,"comment_status":"open","ping_status":"open","sticky":false,"template":"","format":"standard","meta":{"footnotes":""},"categories":[1],"tags":[],"class_list":["post-17","post","type-post","status-publish","format-standard","hentry","category-cultura-arte-spettacolo"],"yoast_head":"<!-- This site is optimized with the Yoast SEO plugin v27.1.1 - https:\/\/yoast.com\/product\/yoast-seo-wordpress\/ -->\n<title>Sostakovic protagonista della settimana musicale dell&#039;Auditorium Rai di Torino - 24 Febbraio 2015<\/title>\n<meta name=\"description\" content=\"Sostakovic protagonista della settimana musicale dell&#039;Auditorium Rai di Torino - Cultura, Arte e Spettacolo a Torino - Sul podio dell&#039;Auditorium della Rai &quot;Arturo Toscanini&quot; di Torino, gioved\u00ec 26 febbraio alle 21, il direttore dell&#039;Orchestra nazionale della Rai, Juri -\" \/>\n<meta name=\"robots\" content=\"index, follow, max-snippet:-1, max-image-preview:large, max-video-preview:-1\" \/>\n<link rel=\"canonical\" href=\"https:\/\/web.quotidianopiemontese.it\/cultura-arte-e-spettacolo-a-torino\/sostakovic-protagonista-della-settimana-musicale-dellauditorium-rai-di-torino\/\" \/>\n<meta property=\"og:locale\" content=\"it_IT\" \/>\n<meta property=\"og:type\" content=\"article\" \/>\n<meta property=\"og:title\" content=\"Sostakovic protagonista della settimana musicale dell&#039;Auditorium Rai di Torino - 24 Febbraio 2015\" \/>\n<meta property=\"og:description\" content=\"Sostakovic protagonista della settimana musicale dell&#039;Auditorium Rai di Torino - Cultura, Arte e Spettacolo a Torino - Sul podio dell&#039;Auditorium della Rai &quot;Arturo Toscanini&quot; di Torino, gioved\u00ec 26 febbraio alle 21, il direttore dell&#039;Orchestra nazionale della Rai, Juri -\" \/>\n<meta property=\"og:url\" content=\"https:\/\/web.quotidianopiemontese.it\/cultura-arte-e-spettacolo-a-torino\/sostakovic-protagonista-della-settimana-musicale-dellauditorium-rai-di-torino\/\" \/>\n<meta property=\"og:site_name\" content=\"Cultura, Arte e Spettacolo a Torino\" \/>\n<meta property=\"article:publisher\" content=\"https:\/\/www.facebook.com\/quotidianopiemontese?fref=ts\" \/>\n<meta property=\"article:author\" content=\"https:\/\/www.facebook.com\/quotidianopiemontese\" \/>\n<meta property=\"article:published_time\" content=\"2015-02-24T15:07:34+00:00\" \/>\n<meta name=\"author\" content=\"Redazione\" \/>\n<meta name=\"twitter:label1\" content=\"Scritto da\" \/>\n\t<meta name=\"twitter:data1\" content=\"Redazione\" \/>\n\t<meta name=\"twitter:label2\" content=\"Tempo di lettura stimato\" \/>\n\t<meta name=\"twitter:data2\" content=\"1 minuto\" \/>\n<script type=\"application\/ld+json\" class=\"yoast-schema-graph\">{\"@context\":\"https:\/\/schema.org\",\"@graph\":[{\"@type\":\"Article\",\"@id\":\"https:\/\/web.quotidianopiemontese.it\/cultura-arte-e-spettacolo-a-torino\/sostakovic-protagonista-della-settimana-musicale-dellauditorium-rai-di-torino\/#article\",\"isPartOf\":{\"@id\":\"https:\/\/web.quotidianopiemontese.it\/cultura-arte-e-spettacolo-a-torino\/sostakovic-protagonista-della-settimana-musicale-dellauditorium-rai-di-torino\/\"},\"author\":{\"name\":\"Redazione\",\"@id\":\"https:\/\/web.quotidianopiemontese.it\/cultura-arte-e-spettacolo-a-torino\/#\/schema\/person\/92b86f27cfe3bd649bd878d4f9c88190\"},\"headline\":\"Sostakovic protagonista della settimana musicale dell&#8217;Auditorium Rai di Torino\",\"datePublished\":\"2015-02-24T15:07:34+00:00\",\"mainEntityOfPage\":{\"@id\":\"https:\/\/web.quotidianopiemontese.it\/cultura-arte-e-spettacolo-a-torino\/sostakovic-protagonista-della-settimana-musicale-dellauditorium-rai-di-torino\/\"},\"wordCount\":275,\"commentCount\":0,\"articleSection\":[\"Cultura, arte, spettacolo\"],\"inLanguage\":\"it-IT\",\"potentialAction\":[{\"@type\":\"CommentAction\",\"name\":\"Comment\",\"target\":[\"https:\/\/web.quotidianopiemontese.it\/cultura-arte-e-spettacolo-a-torino\/sostakovic-protagonista-della-settimana-musicale-dellauditorium-rai-di-torino\/#respond\"]}]},{\"@type\":\"WebPage\",\"@id\":\"https:\/\/web.quotidianopiemontese.it\/cultura-arte-e-spettacolo-a-torino\/sostakovic-protagonista-della-settimana-musicale-dellauditorium-rai-di-torino\/\",\"url\":\"https:\/\/web.quotidianopiemontese.it\/cultura-arte-e-spettacolo-a-torino\/sostakovic-protagonista-della-settimana-musicale-dellauditorium-rai-di-torino\/\",\"name\":\"Sostakovic protagonista della settimana musicale dell'Auditorium Rai di Torino - 24 Febbraio 2015\",\"isPartOf\":{\"@id\":\"https:\/\/web.quotidianopiemontese.it\/cultura-arte-e-spettacolo-a-torino\/#website\"},\"datePublished\":\"2015-02-24T15:07:34+00:00\",\"author\":{\"@id\":\"https:\/\/web.quotidianopiemontese.it\/cultura-arte-e-spettacolo-a-torino\/#\/schema\/person\/92b86f27cfe3bd649bd878d4f9c88190\"},\"description\":\"Sostakovic protagonista della settimana musicale dell'Auditorium Rai di Torino - Cultura, Arte e Spettacolo a Torino - Sul podio dell'Auditorium della Rai \\\"Arturo Toscanini\\\" di Torino, gioved\u00ec 26 febbraio alle 21, il direttore dell'Orchestra nazionale della Rai, Juri -\",\"inLanguage\":\"it-IT\",\"potentialAction\":[{\"@type\":\"ReadAction\",\"target\":[\"https:\/\/web.quotidianopiemontese.it\/cultura-arte-e-spettacolo-a-torino\/sostakovic-protagonista-della-settimana-musicale-dellauditorium-rai-di-torino\/\"]}]},{\"@type\":\"WebSite\",\"@id\":\"https:\/\/web.quotidianopiemontese.it\/cultura-arte-e-spettacolo-a-torino\/#website\",\"url\":\"https:\/\/web.quotidianopiemontese.it\/cultura-arte-e-spettacolo-a-torino\/\",\"name\":\"Cultura, Arte e Spettacolo a Torino\",\"description\":\"Quotidiano Piemontese\",\"potentialAction\":[{\"@type\":\"SearchAction\",\"target\":{\"@type\":\"EntryPoint\",\"urlTemplate\":\"https:\/\/web.quotidianopiemontese.it\/cultura-arte-e-spettacolo-a-torino\/?s={search_term_string}\"},\"query-input\":{\"@type\":\"PropertyValueSpecification\",\"valueRequired\":true,\"valueName\":\"search_term_string\"}}],\"inLanguage\":\"it-IT\"},{\"@type\":\"Person\",\"@id\":\"https:\/\/web.quotidianopiemontese.it\/cultura-arte-e-spettacolo-a-torino\/#\/schema\/person\/92b86f27cfe3bd649bd878d4f9c88190\",\"name\":\"Redazione\",\"image\":{\"@type\":\"ImageObject\",\"inLanguage\":\"it-IT\",\"@id\":\"https:\/\/web.quotidianopiemontese.it\/cultura-arte-e-spettacolo-a-torino\/#\/schema\/person\/image\/\",\"url\":\"https:\/\/secure.gravatar.com\/avatar\/fdce1b5a74767a43870aca54b0800bed88aab98b8098f69ac252d11aec8cdbe7?s=96&d=mm&r=g\",\"contentUrl\":\"https:\/\/secure.gravatar.com\/avatar\/fdce1b5a74767a43870aca54b0800bed88aab98b8098f69ac252d11aec8cdbe7?s=96&d=mm&r=g\",\"caption\":\"Redazione\"},\"description\":\"Quotidiano Piemontese: il sito di informazione pi\u00f9 letto del Piemonte : libero, tempestivo indipendente, social. L'hub sociale e informativo del Piemonte\",\"sameAs\":[\"http:\/\/www.quotidianopiemontese.it\/\",\"https:\/\/www.facebook.com\/quotidianopiemontese\",\"https:\/\/x.com\/quotidianopiem\"],\"url\":\"https:\/\/web.quotidianopiemontese.it\/cultura-arte-e-spettacolo-a-torino\/author\/administrator\/\"}]}<\/script>\n<!-- \/ Yoast SEO plugin. -->","yoast_head_json":{"title":"Sostakovic protagonista della settimana musicale dell'Auditorium Rai di Torino - 24 Febbraio 2015","description":"Sostakovic protagonista della settimana musicale dell'Auditorium Rai di Torino - Cultura, Arte e Spettacolo a Torino - Sul podio dell'Auditorium della Rai \"Arturo Toscanini\" di Torino, gioved\u00ec 26 febbraio alle 21, il direttore dell'Orchestra nazionale della Rai, Juri -","robots":{"index":"index","follow":"follow","max-snippet":"max-snippet:-1","max-image-preview":"max-image-preview:large","max-video-preview":"max-video-preview:-1"},"canonical":"https:\/\/web.quotidianopiemontese.it\/cultura-arte-e-spettacolo-a-torino\/sostakovic-protagonista-della-settimana-musicale-dellauditorium-rai-di-torino\/","og_locale":"it_IT","og_type":"article","og_title":"Sostakovic protagonista della settimana musicale dell'Auditorium Rai di Torino - 24 Febbraio 2015","og_description":"Sostakovic protagonista della settimana musicale dell'Auditorium Rai di Torino - Cultura, Arte e Spettacolo a Torino - Sul podio dell'Auditorium della Rai \"Arturo Toscanini\" di Torino, gioved\u00ec 26 febbraio alle 21, il direttore dell'Orchestra nazionale della Rai, Juri -","og_url":"https:\/\/web.quotidianopiemontese.it\/cultura-arte-e-spettacolo-a-torino\/sostakovic-protagonista-della-settimana-musicale-dellauditorium-rai-di-torino\/","og_site_name":"Cultura, Arte e Spettacolo a Torino","article_publisher":"https:\/\/www.facebook.com\/quotidianopiemontese?fref=ts","article_author":"https:\/\/www.facebook.com\/quotidianopiemontese","article_published_time":"2015-02-24T15:07:34+00:00","author":"Redazione","twitter_misc":{"Scritto da":"Redazione","Tempo di lettura stimato":"1 minuto"},"schema":{"@context":"https:\/\/schema.org","@graph":[{"@type":"Article","@id":"https:\/\/web.quotidianopiemontese.it\/cultura-arte-e-spettacolo-a-torino\/sostakovic-protagonista-della-settimana-musicale-dellauditorium-rai-di-torino\/#article","isPartOf":{"@id":"https:\/\/web.quotidianopiemontese.it\/cultura-arte-e-spettacolo-a-torino\/sostakovic-protagonista-della-settimana-musicale-dellauditorium-rai-di-torino\/"},"author":{"name":"Redazione","@id":"https:\/\/web.quotidianopiemontese.it\/cultura-arte-e-spettacolo-a-torino\/#\/schema\/person\/92b86f27cfe3bd649bd878d4f9c88190"},"headline":"Sostakovic protagonista della settimana musicale dell&#8217;Auditorium Rai di Torino","datePublished":"2015-02-24T15:07:34+00:00","mainEntityOfPage":{"@id":"https:\/\/web.quotidianopiemontese.it\/cultura-arte-e-spettacolo-a-torino\/sostakovic-protagonista-della-settimana-musicale-dellauditorium-rai-di-torino\/"},"wordCount":275,"commentCount":0,"articleSection":["Cultura, arte, spettacolo"],"inLanguage":"it-IT","potentialAction":[{"@type":"CommentAction","name":"Comment","target":["https:\/\/web.quotidianopiemontese.it\/cultura-arte-e-spettacolo-a-torino\/sostakovic-protagonista-della-settimana-musicale-dellauditorium-rai-di-torino\/#respond"]}]},{"@type":"WebPage","@id":"https:\/\/web.quotidianopiemontese.it\/cultura-arte-e-spettacolo-a-torino\/sostakovic-protagonista-della-settimana-musicale-dellauditorium-rai-di-torino\/","url":"https:\/\/web.quotidianopiemontese.it\/cultura-arte-e-spettacolo-a-torino\/sostakovic-protagonista-della-settimana-musicale-dellauditorium-rai-di-torino\/","name":"Sostakovic protagonista della settimana musicale dell'Auditorium Rai di Torino - 24 Febbraio 2015","isPartOf":{"@id":"https:\/\/web.quotidianopiemontese.it\/cultura-arte-e-spettacolo-a-torino\/#website"},"datePublished":"2015-02-24T15:07:34+00:00","author":{"@id":"https:\/\/web.quotidianopiemontese.it\/cultura-arte-e-spettacolo-a-torino\/#\/schema\/person\/92b86f27cfe3bd649bd878d4f9c88190"},"description":"Sostakovic protagonista della settimana musicale dell'Auditorium Rai di Torino - Cultura, Arte e Spettacolo a Torino - Sul podio dell'Auditorium della Rai \"Arturo Toscanini\" di Torino, gioved\u00ec 26 febbraio alle 21, il direttore dell'Orchestra nazionale della Rai, Juri -","inLanguage":"it-IT","potentialAction":[{"@type":"ReadAction","target":["https:\/\/web.quotidianopiemontese.it\/cultura-arte-e-spettacolo-a-torino\/sostakovic-protagonista-della-settimana-musicale-dellauditorium-rai-di-torino\/"]}]},{"@type":"WebSite","@id":"https:\/\/web.quotidianopiemontese.it\/cultura-arte-e-spettacolo-a-torino\/#website","url":"https:\/\/web.quotidianopiemontese.it\/cultura-arte-e-spettacolo-a-torino\/","name":"Cultura, Arte e Spettacolo a Torino","description":"Quotidiano Piemontese","potentialAction":[{"@type":"SearchAction","target":{"@type":"EntryPoint","urlTemplate":"https:\/\/web.quotidianopiemontese.it\/cultura-arte-e-spettacolo-a-torino\/?s={search_term_string}"},"query-input":{"@type":"PropertyValueSpecification","valueRequired":true,"valueName":"search_term_string"}}],"inLanguage":"it-IT"},{"@type":"Person","@id":"https:\/\/web.quotidianopiemontese.it\/cultura-arte-e-spettacolo-a-torino\/#\/schema\/person\/92b86f27cfe3bd649bd878d4f9c88190","name":"Redazione","image":{"@type":"ImageObject","inLanguage":"it-IT","@id":"https:\/\/web.quotidianopiemontese.it\/cultura-arte-e-spettacolo-a-torino\/#\/schema\/person\/image\/","url":"https:\/\/secure.gravatar.com\/avatar\/fdce1b5a74767a43870aca54b0800bed88aab98b8098f69ac252d11aec8cdbe7?s=96&d=mm&r=g","contentUrl":"https:\/\/secure.gravatar.com\/avatar\/fdce1b5a74767a43870aca54b0800bed88aab98b8098f69ac252d11aec8cdbe7?s=96&d=mm&r=g","caption":"Redazione"},"description":"Quotidiano Piemontese: il sito di informazione pi\u00f9 letto del Piemonte : libero, tempestivo indipendente, social. L'hub sociale e informativo del Piemonte","sameAs":["http:\/\/www.quotidianopiemontese.it\/","https:\/\/www.facebook.com\/quotidianopiemontese","https:\/\/x.com\/quotidianopiem"],"url":"https:\/\/web.quotidianopiemontese.it\/cultura-arte-e-spettacolo-a-torino\/author\/administrator\/"}]}},"_links":{"self":[{"href":"https:\/\/web.quotidianopiemontese.it\/cultura-arte-e-spettacolo-a-torino\/wp-json\/wp\/v2\/posts\/17","targetHints":{"allow":["GET"]}}],"collection":[{"href":"https:\/\/web.quotidianopiemontese.it\/cultura-arte-e-spettacolo-a-torino\/wp-json\/wp\/v2\/posts"}],"about":[{"href":"https:\/\/web.quotidianopiemontese.it\/cultura-arte-e-spettacolo-a-torino\/wp-json\/wp\/v2\/types\/post"}],"author":[{"embeddable":true,"href":"https:\/\/web.quotidianopiemontese.it\/cultura-arte-e-spettacolo-a-torino\/wp-json\/wp\/v2\/users\/1"}],"replies":[{"embeddable":true,"href":"https:\/\/web.quotidianopiemontese.it\/cultura-arte-e-spettacolo-a-torino\/wp-json\/wp\/v2\/comments?post=17"}],"version-history":[{"count":0,"href":"https:\/\/web.quotidianopiemontese.it\/cultura-arte-e-spettacolo-a-torino\/wp-json\/wp\/v2\/posts\/17\/revisions"}],"wp:attachment":[{"href":"https:\/\/web.quotidianopiemontese.it\/cultura-arte-e-spettacolo-a-torino\/wp-json\/wp\/v2\/media?parent=17"}],"wp:term":[{"taxonomy":"category","embeddable":true,"href":"https:\/\/web.quotidianopiemontese.it\/cultura-arte-e-spettacolo-a-torino\/wp-json\/wp\/v2\/categories?post=17"},{"taxonomy":"post_tag","embeddable":true,"href":"https:\/\/web.quotidianopiemontese.it\/cultura-arte-e-spettacolo-a-torino\/wp-json\/wp\/v2\/tags?post=17"}],"curies":[{"name":"wp","href":"https:\/\/api.w.org\/{rel}","templated":true}]}}