{"id":1643,"date":"2025-10-17T14:42:00","date_gmt":"2025-10-17T12:42:00","guid":{"rendered":"https:\/\/web.quotidianopiemontese.it\/cultura-arte-e-spettacolo-a-torino\/?p=1643"},"modified":"2025-10-17T14:42:00","modified_gmt":"2025-10-17T12:42:00","slug":"fernand-leger-e-i-nuovi-realisti-alla-venaria-la-bellezza-e-ovunque","status":"publish","type":"post","link":"https:\/\/web.quotidianopiemontese.it\/cultura-arte-e-spettacolo-a-torino\/fernand-leger-e-i-nuovi-realisti-alla-venaria-la-bellezza-e-ovunque\/","title":{"rendered":"Fernand L\u00e9ger e i Nuovi Realisti: alla Venaria la bellezza \u00e8 ovunque"},"content":{"rendered":"<p>Colorata, gioiosa, giocosa e un po\u2019 audace. La mostra <strong>\u00ab<\/strong><strong>Fernand L\u00e9ger! Yves Klein, Niki de Saint Phalle, Keith Haring\u2026\u00bb<\/strong><strong>,<\/strong> che la <strong>Reggia di Venaria <\/strong>ospita fino al<strong> 1 febbraio, <\/strong>\u00e8 una meraviglia per gli occhi. <!--more-->Non si tratta di una retrospettiva dedicata a L\u00e9ger ma soprattutto non rientra tra quelle operazioni furbesche che vedono un gruppo di opere di un grande artista annegate tra lavori di artisti coevi assai meno interessanti. In questo caso le curatrici <strong>Anne Dopffer<\/strong> ed <strong>H\u00e9l\u00e8ne Guenin<\/strong> hanno selezionato oltre 30 opere di <strong>Fernand L\u00e9ger<\/strong> (1881-1955), mettendole a confronto con il movimento del <strong>\u201cNouveau R\u00e9alisme\u201d<\/strong> e con altri artisti delle avanguardie europee e americane attivi dagli anni Sessanta ad oggi, dalla Pop Art al graffitismo, presentando complessivamente 70 opere.<\/p>\n<figure id=\"attachment_1645\" aria-describedby=\"caption-attachment-1645\" style=\"width: 236px\" class=\"wp-caption alignnone\"><a href=\"http:\/\/web.quotidianopiemontese.it\/cultura-arte-e-spettacolo-a-torino\/files\/2025\/10\/Fernad-Leger_-La-danseuse-bleue_Parigi-Centre-Pompidou-MnamCCI-in-deposito-Biot-Musee-national-Fernand-Leger-\u00a9GrandPalaisRmn-\u00a9Fernand-Leger-by-SIAE-2025.jpg\"><img loading=\"lazy\" decoding=\"async\" class=\"size-medium wp-image-1645\" src=\"http:\/\/web.quotidianopiemontese.it\/cultura-arte-e-spettacolo-a-torino\/files\/2025\/10\/Fernad-Leger_-La-danseuse-bleue_Parigi-Centre-Pompidou-MnamCCI-in-deposito-Biot-Musee-national-Fernand-Leger-\u00a9GrandPalaisRmn-\u00a9Fernand-Leger-by-SIAE-2025-236x300.jpg\" alt=\"\" width=\"236\" height=\"300\" srcset=\"https:\/\/web.quotidianopiemontese.it\/cultura-arte-e-spettacolo-a-torino\/files\/2025\/10\/Fernad-Leger_-La-danseuse-bleue_Parigi-Centre-Pompidou-MnamCCI-in-deposito-Biot-Musee-national-Fernand-Leger-\u00a9GrandPalaisRmn-\u00a9Fernand-Leger-by-SIAE-2025-236x300.jpg 236w, https:\/\/web.quotidianopiemontese.it\/cultura-arte-e-spettacolo-a-torino\/files\/2025\/10\/Fernad-Leger_-La-danseuse-bleue_Parigi-Centre-Pompidou-MnamCCI-in-deposito-Biot-Musee-national-Fernand-Leger-\u00a9GrandPalaisRmn-\u00a9Fernand-Leger-by-SIAE-2025-804x1024.jpg 804w, https:\/\/web.quotidianopiemontese.it\/cultura-arte-e-spettacolo-a-torino\/files\/2025\/10\/Fernad-Leger_-La-danseuse-bleue_Parigi-Centre-Pompidou-MnamCCI-in-deposito-Biot-Musee-national-Fernand-Leger-\u00a9GrandPalaisRmn-\u00a9Fernand-Leger-by-SIAE-2025-768x978.jpg 768w\" sizes=\"auto, (max-width: 236px) 85vw, 236px\" \/><\/a><figcaption id=\"caption-attachment-1645\" class=\"wp-caption-text\">Fernand L\u00e9ger<br \/>La Danseuse bleue\/ La Danzatrice blu<br \/>1930<br \/>olio su tela<br \/>Parigi, Centre Pompidou, Mus\u00e9e National d&#8217;Art<br \/>Moderne-Centre de Cr\u00e9ation Industrielle, (Mnam\/CCI)<br \/>in deposito presso Biot, Mus\u00e9e National Fernand L\u00e9ger<br \/>Dono di Paul Rosenberg, 1946<br \/>\u00a9 GrandPalaisRmn \/ Adrien Didierjean<br \/>\u00a9 FERNAND L\u00c9GER, by SIAE 2025<\/figcaption><\/figure>\n<p>Attraverso un gioco di sguardi incrociati e di collegamenti tematici o estetici, il percorso espositivo mette in evidenza il legame tra l\u2019opera di un pioniere dell\u2019arte contemporanea come <strong>L\u00e9ger <\/strong>e la generazione di artisti francesi che gli succedette, ovvero il dirompente e turbolento movimento che nel 1960 il critico d\u2019arte <strong>Pierre Restany<\/strong> denominava <strong>\u201cNouveau R\u00e9alisme\u201d, <\/strong>in omaggio proprio a<strong> L\u00e9ger, <\/strong>che negli anni Venti aveva definito il suo approccio artistico come un <em>\u201cNuovo Realismo\u201d, <\/em>\u201cuna terribile invenzione per rendere il reale [&#8230;] le cui conseguenze possono essere incalcolabili\u201d.<\/p>\n<figure id=\"attachment_1646\" aria-describedby=\"caption-attachment-1646\" style=\"width: 300px\" class=\"wp-caption alignnone\"><a href=\"http:\/\/web.quotidianopiemontese.it\/cultura-arte-e-spettacolo-a-torino\/files\/2025\/10\/ReggiaVenaria_FernandLeger-184_ph.-Andrea-Guermani-scaled.jpg\"><img loading=\"lazy\" decoding=\"async\" class=\"size-medium wp-image-1646\" src=\"http:\/\/web.quotidianopiemontese.it\/cultura-arte-e-spettacolo-a-torino\/files\/2025\/10\/ReggiaVenaria_FernandLeger-184_ph.-Andrea-Guermani-300x200.jpg\" alt=\"\" width=\"300\" height=\"200\" srcset=\"https:\/\/web.quotidianopiemontese.it\/cultura-arte-e-spettacolo-a-torino\/files\/2025\/10\/ReggiaVenaria_FernandLeger-184_ph.-Andrea-Guermani-300x200.jpg 300w, https:\/\/web.quotidianopiemontese.it\/cultura-arte-e-spettacolo-a-torino\/files\/2025\/10\/ReggiaVenaria_FernandLeger-184_ph.-Andrea-Guermani-1024x683.jpg 1024w, https:\/\/web.quotidianopiemontese.it\/cultura-arte-e-spettacolo-a-torino\/files\/2025\/10\/ReggiaVenaria_FernandLeger-184_ph.-Andrea-Guermani-768x512.jpg 768w, https:\/\/web.quotidianopiemontese.it\/cultura-arte-e-spettacolo-a-torino\/files\/2025\/10\/ReggiaVenaria_FernandLeger-184_ph.-Andrea-Guermani-1536x1024.jpg 1536w, https:\/\/web.quotidianopiemontese.it\/cultura-arte-e-spettacolo-a-torino\/files\/2025\/10\/ReggiaVenaria_FernandLeger-184_ph.-Andrea-Guermani-2048x1365.jpg 2048w, https:\/\/web.quotidianopiemontese.it\/cultura-arte-e-spettacolo-a-torino\/files\/2025\/10\/ReggiaVenaria_FernandLeger-184_ph.-Andrea-Guermani-1200x800.jpg 1200w\" sizes=\"auto, (max-width: 300px) 85vw, 300px\" \/><\/a><figcaption id=\"caption-attachment-1646\" class=\"wp-caption-text\">La \u201cV\u00e9nus Blue\u201d di Yves Klein<br \/>ph.Andrea Guerman<\/figcaption><\/figure>\n<p><strong>I \u201cNuovi Realisti\u201d <\/strong>si chiamavano <strong>Yves Klein, Arman, Martial Raysse, C\u00e9sar, Niki de Saint Phalle, Jean Tinguely, Raymond Hains, Daniel Spoerri, Jacques Villegl\u00e9, Christo<\/strong> e portarono la cultura popolare in campo artistico, ponendo al centro della loro attenzione gli oggetti di uso quotidiano, della societ\u00e0 dei consumi e dell\u2019estetica della strada. Il loro approccio non mirava alla rappresentazione del reale ma alla sua appropriazione poetica.<\/p>\n<figure id=\"attachment_1647\" aria-describedby=\"caption-attachment-1647\" style=\"width: 300px\" class=\"wp-caption alignnone\"><a href=\"http:\/\/web.quotidianopiemontese.it\/cultura-arte-e-spettacolo-a-torino\/files\/2025\/10\/Fernand-Leger_Les-Quatre-cyclistes_Biot-Musee-national-Fernand-Leger-\u00a9-GrandPalaisRmn-Gerard-Blot-\u00a9Fernand-Leger-by-SIAE-2025-scaled.jpg\"><img loading=\"lazy\" decoding=\"async\" class=\"size-medium wp-image-1647\" src=\"http:\/\/web.quotidianopiemontese.it\/cultura-arte-e-spettacolo-a-torino\/files\/2025\/10\/Fernand-Leger_Les-Quatre-cyclistes_Biot-Musee-national-Fernand-Leger-\u00a9-GrandPalaisRmn-Gerard-Blot-\u00a9Fernand-Leger-by-SIAE-2025-300x242.jpg\" alt=\"\" width=\"300\" height=\"242\" srcset=\"https:\/\/web.quotidianopiemontese.it\/cultura-arte-e-spettacolo-a-torino\/files\/2025\/10\/Fernand-Leger_Les-Quatre-cyclistes_Biot-Musee-national-Fernand-Leger-\u00a9-GrandPalaisRmn-Gerard-Blot-\u00a9Fernand-Leger-by-SIAE-2025-300x242.jpg 300w, https:\/\/web.quotidianopiemontese.it\/cultura-arte-e-spettacolo-a-torino\/files\/2025\/10\/Fernand-Leger_Les-Quatre-cyclistes_Biot-Musee-national-Fernand-Leger-\u00a9-GrandPalaisRmn-Gerard-Blot-\u00a9Fernand-Leger-by-SIAE-2025-1024x824.jpg 1024w, https:\/\/web.quotidianopiemontese.it\/cultura-arte-e-spettacolo-a-torino\/files\/2025\/10\/Fernand-Leger_Les-Quatre-cyclistes_Biot-Musee-national-Fernand-Leger-\u00a9-GrandPalaisRmn-Gerard-Blot-\u00a9Fernand-Leger-by-SIAE-2025-768x618.jpg 768w, https:\/\/web.quotidianopiemontese.it\/cultura-arte-e-spettacolo-a-torino\/files\/2025\/10\/Fernand-Leger_Les-Quatre-cyclistes_Biot-Musee-national-Fernand-Leger-\u00a9-GrandPalaisRmn-Gerard-Blot-\u00a9Fernand-Leger-by-SIAE-2025-1536x1237.jpg 1536w, https:\/\/web.quotidianopiemontese.it\/cultura-arte-e-spettacolo-a-torino\/files\/2025\/10\/Fernand-Leger_Les-Quatre-cyclistes_Biot-Musee-national-Fernand-Leger-\u00a9-GrandPalaisRmn-Gerard-Blot-\u00a9Fernand-Leger-by-SIAE-2025-2048x1649.jpg 2048w, https:\/\/web.quotidianopiemontese.it\/cultura-arte-e-spettacolo-a-torino\/files\/2025\/10\/Fernand-Leger_Les-Quatre-cyclistes_Biot-Musee-national-Fernand-Leger-\u00a9-GrandPalaisRmn-Gerard-Blot-\u00a9Fernand-Leger-by-SIAE-2025-1200x966.jpg 1200w\" sizes=\"auto, (max-width: 300px) 85vw, 300px\" \/><\/a><figcaption id=\"caption-attachment-1647\" class=\"wp-caption-text\">Fernand L\u00e9ger<br \/>Les Quatre cyclistes\/ I quattro ciclisti<br \/>1943-1948<br \/>olio su tela<br \/>Biot, Mus\u00e9e National Fernand L\u00e9ger<br \/>Dono di Nadia L\u00e9ger and Georges Bauquier, 1969<br \/>\u00a9 GrandPalaisRmn \/ G\u00e9rard Blot<br \/>\u00a9 FERNAND L\u00c9GER, by SIAE 2025<\/figcaption><\/figure>\n<p>Con <strong>L\u00e9ger,<\/strong> l\u2019oggetto non viene pi\u00f9 messo in primo piano per la sua carica simbolica ma per i suoi valori plastici; con i <strong>\u201cNouveaux R\u00e9alistes\u201d<\/strong> l\u2019appropriazione diretta, perfino brutale, dello spazio pubblico avviene attraverso azioni concrete (assemblano, accumulano, lacerano), che rivelano il potenziale plastico degli oggetti.<\/p>\n<figure id=\"attachment_1648\" aria-describedby=\"caption-attachment-1648\" style=\"width: 300px\" class=\"wp-caption alignnone\"><a href=\"http:\/\/web.quotidianopiemontese.it\/cultura-arte-e-spettacolo-a-torino\/files\/2025\/10\/NSP-La-danse-eclatee_NIzza-MAMAC-Photo-Ville-de-Nice-\u00a9-NIKI-DE-SAINT-PHALLE-by-SIAE-2025-scaled.jpg\"><img loading=\"lazy\" decoding=\"async\" class=\"size-medium wp-image-1648\" src=\"http:\/\/web.quotidianopiemontese.it\/cultura-arte-e-spettacolo-a-torino\/files\/2025\/10\/NSP-La-danse-eclatee_NIzza-MAMAC-Photo-Ville-de-Nice-\u00a9-NIKI-DE-SAINT-PHALLE-by-SIAE-2025-300x239.jpg\" alt=\"\" width=\"300\" height=\"239\" srcset=\"https:\/\/web.quotidianopiemontese.it\/cultura-arte-e-spettacolo-a-torino\/files\/2025\/10\/NSP-La-danse-eclatee_NIzza-MAMAC-Photo-Ville-de-Nice-\u00a9-NIKI-DE-SAINT-PHALLE-by-SIAE-2025-300x239.jpg 300w, https:\/\/web.quotidianopiemontese.it\/cultura-arte-e-spettacolo-a-torino\/files\/2025\/10\/NSP-La-danse-eclatee_NIzza-MAMAC-Photo-Ville-de-Nice-\u00a9-NIKI-DE-SAINT-PHALLE-by-SIAE-2025-1024x816.jpg 1024w, https:\/\/web.quotidianopiemontese.it\/cultura-arte-e-spettacolo-a-torino\/files\/2025\/10\/NSP-La-danse-eclatee_NIzza-MAMAC-Photo-Ville-de-Nice-\u00a9-NIKI-DE-SAINT-PHALLE-by-SIAE-2025-768x612.jpg 768w, https:\/\/web.quotidianopiemontese.it\/cultura-arte-e-spettacolo-a-torino\/files\/2025\/10\/NSP-La-danse-eclatee_NIzza-MAMAC-Photo-Ville-de-Nice-\u00a9-NIKI-DE-SAINT-PHALLE-by-SIAE-2025-1536x1224.jpg 1536w, https:\/\/web.quotidianopiemontese.it\/cultura-arte-e-spettacolo-a-torino\/files\/2025\/10\/NSP-La-danse-eclatee_NIzza-MAMAC-Photo-Ville-de-Nice-\u00a9-NIKI-DE-SAINT-PHALLE-by-SIAE-2025-2048x1632.jpg 2048w, https:\/\/web.quotidianopiemontese.it\/cultura-arte-e-spettacolo-a-torino\/files\/2025\/10\/NSP-La-danse-eclatee_NIzza-MAMAC-Photo-Ville-de-Nice-\u00a9-NIKI-DE-SAINT-PHALLE-by-SIAE-2025-1200x956.jpg 1200w\" sizes=\"auto, (max-width: 300px) 85vw, 300px\" \/><\/a><figcaption id=\"caption-attachment-1648\" class=\"wp-caption-text\">Niki de Saint Phalle<br \/>La danse\/ La danza<br \/>1994<br \/>serigrafia<br \/>Nizza, Mus\u00e9e d\u2019Art Moderne et d\u2019Art Contemporain,<br \/>MAMAC<br \/>Dono dell\u2019artista, 2001<br \/>\u00a9 Ville de Nice<br \/>\u00a9 NIKI DE SAINT PHALLE, by SIAE 2025<\/figcaption><\/figure>\n<p>Storicamente l\u2019incontro tra <strong>Fernand L\u00e9ger<\/strong> ed i <strong>Nouveaux R\u00e9alistes<\/strong> non \u00e8 mai avvenuto: il primo si spegneva nell\u2019agosto del 1955 a Gif-sur-Yvette, i secondi in quello stesso periodo iniziavano ad esporre le loro prime opere. Eppure in <strong>L\u00e9ger<\/strong> troviamo in germe i temi sostenuti dai suoi successori: trionfo dell\u2019oggetto, ribaltamento delle gerarchie artistiche tradizionali, coinvolgimento sociale dell\u2019artista, l\u2019idea di un\u2019arte accessibile a tutti.<strong> \u00ab<\/strong>A contatto con i <strong>Nouveaux R\u00e9alistes<\/strong>, l\u2019opera di <strong>L\u00e9ger<\/strong> riafferma il suo carattere precursore. La sua aspirazione a un\u2019arte per tutti e la sua fascinazione per il mondo moderno appaiono come premesse delle rivendicazioni dei <strong>Nouveaux R\u00e9alistes\u00bb (<\/strong>Anne Dopffer ed H\u00e9l\u00e8ne Guenin).<\/p>\n<figure id=\"attachment_1649\" aria-describedby=\"caption-attachment-1649\" style=\"width: 210px\" class=\"wp-caption alignnone\"><a href=\"http:\/\/web.quotidianopiemontese.it\/cultura-arte-e-spettacolo-a-torino\/files\/2025\/10\/Fernand-Leger-e-i-maestri-del-Nuovo-Realismo-in-mostra-a-Venaria-Reale.jpg\"><img loading=\"lazy\" decoding=\"async\" class=\"size-medium wp-image-1649\" src=\"http:\/\/web.quotidianopiemontese.it\/cultura-arte-e-spettacolo-a-torino\/files\/2025\/10\/Fernand-Leger-e-i-maestri-del-Nuovo-Realismo-in-mostra-a-Venaria-Reale-210x300.jpg\" alt=\"\" width=\"210\" height=\"300\" srcset=\"https:\/\/web.quotidianopiemontese.it\/cultura-arte-e-spettacolo-a-torino\/files\/2025\/10\/Fernand-Leger-e-i-maestri-del-Nuovo-Realismo-in-mostra-a-Venaria-Reale-210x300.jpg 210w, https:\/\/web.quotidianopiemontese.it\/cultura-arte-e-spettacolo-a-torino\/files\/2025\/10\/Fernand-Leger-e-i-maestri-del-Nuovo-Realismo-in-mostra-a-Venaria-Reale.jpg 442w\" sizes=\"auto, (max-width: 210px) 85vw, 210px\" \/><\/a><figcaption id=\"caption-attachment-1649\" class=\"wp-caption-text\">Fernand L\u00e9ger<br \/>Roland Brice, ceramista<br \/>Visage \u00e0 la main sur fond rouge\/ Viso con la mano su<br \/>sfondo rosso<br \/>1954 ca.<br \/>bassorilievo in terracotta smaltata<br \/>Biot, Mus\u00e9e National Fernand L\u00e9ger<br \/>Dono di Nadia L\u00e9ger and Georges Bauquier, 1969<br \/>\u00a9 GrandPalaisRmn \/ G\u00e9rard Blot<br \/>\u00a9 FERNAND L\u00c9GER, by SIAE 2025<\/figcaption><\/figure>\n<p>Il concetto di <em>\u201cnouveau r\u00e9alisme\u201d<\/em> appare in un testo che <strong>L\u00e9ger <\/strong>dedica, nel 1924, al suo film sperimentale, il \u201cBallet m\u00e9canique\u201d: \u201cC\u2019\u00e8 in questa epoca un nuovo realismo che ho utilizzato personalmente nei miei dipinti e in questo film\u201d. Per lui il cinema, grazie alla combinazione del primo piano e del montaggio delle immagini, promuove una nuova maniera di percepire la realt\u00e0. Il concetto viene ripreso da <strong>L\u00e9ger <\/strong>nel 1935 in occasione della mostra retrospettiva al Museum of Modern Art (MoMA) di New York, tanto da essere richiamato nel titolo del documentario realizzato da Thomas O. Bouchard\u00a0 nel 1945 in occasione dell\u2019esilio del pittore a New York: \u201cL\u00e9ger in America. His New Realism\u201d.<\/p>\n<figure id=\"attachment_1650\" aria-describedby=\"caption-attachment-1650\" style=\"width: 237px\" class=\"wp-caption alignnone\"><a href=\"http:\/\/web.quotidianopiemontese.it\/cultura-arte-e-spettacolo-a-torino\/files\/2025\/10\/Fernand-Leger_Composition-pour-une-peinture-murale_Biot-Musee-national-Fernand-Leger-\u00a9GrandPalaisRmn-Photo-Gerard-Blot-\u00a9Fernand-Leger-by-SIAE-2025-scaled.jpg\"><img loading=\"lazy\" decoding=\"async\" class=\"size-medium wp-image-1650\" src=\"http:\/\/web.quotidianopiemontese.it\/cultura-arte-e-spettacolo-a-torino\/files\/2025\/10\/Fernand-Leger_Composition-pour-une-peinture-murale_Biot-Musee-national-Fernand-Leger-\u00a9GrandPalaisRmn-Photo-Gerard-Blot-\u00a9Fernand-Leger-by-SIAE-2025-237x300.jpg\" alt=\"\" width=\"237\" height=\"300\" srcset=\"https:\/\/web.quotidianopiemontese.it\/cultura-arte-e-spettacolo-a-torino\/files\/2025\/10\/Fernand-Leger_Composition-pour-une-peinture-murale_Biot-Musee-national-Fernand-Leger-\u00a9GrandPalaisRmn-Photo-Gerard-Blot-\u00a9Fernand-Leger-by-SIAE-2025-237x300.jpg 237w, https:\/\/web.quotidianopiemontese.it\/cultura-arte-e-spettacolo-a-torino\/files\/2025\/10\/Fernand-Leger_Composition-pour-une-peinture-murale_Biot-Musee-national-Fernand-Leger-\u00a9GrandPalaisRmn-Photo-Gerard-Blot-\u00a9Fernand-Leger-by-SIAE-2025-808x1024.jpg 808w, https:\/\/web.quotidianopiemontese.it\/cultura-arte-e-spettacolo-a-torino\/files\/2025\/10\/Fernand-Leger_Composition-pour-une-peinture-murale_Biot-Musee-national-Fernand-Leger-\u00a9GrandPalaisRmn-Photo-Gerard-Blot-\u00a9Fernand-Leger-by-SIAE-2025-768x973.jpg 768w, https:\/\/web.quotidianopiemontese.it\/cultura-arte-e-spettacolo-a-torino\/files\/2025\/10\/Fernand-Leger_Composition-pour-une-peinture-murale_Biot-Musee-national-Fernand-Leger-\u00a9GrandPalaisRmn-Photo-Gerard-Blot-\u00a9Fernand-Leger-by-SIAE-2025-1212x1536.jpg 1212w, https:\/\/web.quotidianopiemontese.it\/cultura-arte-e-spettacolo-a-torino\/files\/2025\/10\/Fernand-Leger_Composition-pour-une-peinture-murale_Biot-Musee-national-Fernand-Leger-\u00a9GrandPalaisRmn-Photo-Gerard-Blot-\u00a9Fernand-Leger-by-SIAE-2025-1616x2048.jpg 1616w, https:\/\/web.quotidianopiemontese.it\/cultura-arte-e-spettacolo-a-torino\/files\/2025\/10\/Fernand-Leger_Composition-pour-une-peinture-murale_Biot-Musee-national-Fernand-Leger-\u00a9GrandPalaisRmn-Photo-Gerard-Blot-\u00a9Fernand-Leger-by-SIAE-2025-1200x1520.jpg 1200w, https:\/\/web.quotidianopiemontese.it\/cultura-arte-e-spettacolo-a-torino\/files\/2025\/10\/Fernand-Leger_Composition-pour-une-peinture-murale_Biot-Musee-national-Fernand-Leger-\u00a9GrandPalaisRmn-Photo-Gerard-Blot-\u00a9Fernand-Leger-by-SIAE-2025-scaled.jpg 2021w\" sizes=\"auto, (max-width: 237px) 85vw, 237px\" \/><\/a><figcaption id=\"caption-attachment-1650\" class=\"wp-caption-text\">Fernand L\u00e9ger<br \/>Composition pour une peinture murale\/ Composizione<br \/>per una pittura murale<br \/>1945<br \/>olio su tela<br \/>Biot, Mus\u00e9e National Fernand L\u00e9ger<br \/>Dono di Nadia L\u00e9ger and Georges Bauquier, 1969<br \/>\u00a9 GrandPalaisRmn \/ G\u00e9rard Blot<br \/>\u00a9 FERNAND L\u00c9GER, by SIAE 2025<\/figcaption><\/figure>\n<p>I <strong>Nouveaux R\u00e9alistes,<\/strong> seppur con modalit\u00e0 espressive eterogenee, propugnarono un ritorno alla realt\u00e0, creando un linguaggio visivo inedito, che coglie un\u2019aspirazione collettiva al moderno, allo spettacolare, al glamour, ai piaceri, all\u2019edonismo e alla proiezione verso un modo di vita futuro.<\/p>\n<figure id=\"attachment_1651\" aria-describedby=\"caption-attachment-1651\" style=\"width: 300px\" class=\"wp-caption alignnone\"><a href=\"http:\/\/web.quotidianopiemontese.it\/cultura-arte-e-spettacolo-a-torino\/files\/2025\/10\/Fernand-Leger_Nature-Morte-A.B.C_Biot-Musee-national-Fernand-Leger-\u00a9GrandPalaisRmn-Adrien-Didierjean-\u00a9Fernand-Leger-by-SIAE-2025.jpg\"><img loading=\"lazy\" decoding=\"async\" class=\"size-medium wp-image-1651\" src=\"http:\/\/web.quotidianopiemontese.it\/cultura-arte-e-spettacolo-a-torino\/files\/2025\/10\/Fernand-Leger_Nature-Morte-A.B.C_Biot-Musee-national-Fernand-Leger-\u00a9GrandPalaisRmn-Adrien-Didierjean-\u00a9Fernand-Leger-by-SIAE-2025-300x216.jpg\" alt=\"\" width=\"300\" height=\"216\" srcset=\"https:\/\/web.quotidianopiemontese.it\/cultura-arte-e-spettacolo-a-torino\/files\/2025\/10\/Fernand-Leger_Nature-Morte-A.B.C_Biot-Musee-national-Fernand-Leger-\u00a9GrandPalaisRmn-Adrien-Didierjean-\u00a9Fernand-Leger-by-SIAE-2025-300x216.jpg 300w, https:\/\/web.quotidianopiemontese.it\/cultura-arte-e-spettacolo-a-torino\/files\/2025\/10\/Fernand-Leger_Nature-Morte-A.B.C_Biot-Musee-national-Fernand-Leger-\u00a9GrandPalaisRmn-Adrien-Didierjean-\u00a9Fernand-Leger-by-SIAE-2025-1024x737.jpg 1024w, https:\/\/web.quotidianopiemontese.it\/cultura-arte-e-spettacolo-a-torino\/files\/2025\/10\/Fernand-Leger_Nature-Morte-A.B.C_Biot-Musee-national-Fernand-Leger-\u00a9GrandPalaisRmn-Adrien-Didierjean-\u00a9Fernand-Leger-by-SIAE-2025-768x552.jpg 768w, https:\/\/web.quotidianopiemontese.it\/cultura-arte-e-spettacolo-a-torino\/files\/2025\/10\/Fernand-Leger_Nature-Morte-A.B.C_Biot-Musee-national-Fernand-Leger-\u00a9GrandPalaisRmn-Adrien-Didierjean-\u00a9Fernand-Leger-by-SIAE-2025-1200x863.jpg 1200w\" sizes=\"auto, (max-width: 300px) 85vw, 300px\" \/><\/a><figcaption id=\"caption-attachment-1651\" class=\"wp-caption-text\"><br \/>Fernand L\u00e9ger<br \/>Nature Morte, A.B.C.\/ Natura morta, A.B.C<br \/>1927<br \/>olio su tela<br \/>Biot, Mus\u00e9e National Fernand L\u00e9ger<br \/>Dono di Daniel-Henry Kahnweiler, 1973<br \/>\u00a9 GrandPalaisRmn \/ Adrien Didierjean<br \/>\u00a9 FERNAND L\u00c9GER, by SIAE 2025<\/figcaption><\/figure>\n<p>Il confronto tra le loro ricerche artistiche e l\u2019estetica di <strong>Fernand L\u00e9ger <\/strong>contribuisce a rendere ancora pi\u00f9 evidente la portata visionaria dell\u2019opera del Maestro francese, la sua contemporaneit\u00e0 e multidisciplinariet\u00e0, come emerge dall\u2019importanza data al tempo libero e alla dimensione \u201cpubblica\u201d dell\u2019arte <em>(\u201cIl bello \u00e8 dappertutto\u201d).<\/em><\/p>\n<figure id=\"attachment_1652\" aria-describedby=\"caption-attachment-1652\" style=\"width: 300px\" class=\"wp-caption alignnone\"><a href=\"http:\/\/web.quotidianopiemontese.it\/cultura-arte-e-spettacolo-a-torino\/files\/2025\/10\/ReggiaVenaria_FernandLeger-034_ph.-Andrea-Guermani-scaled.jpg\"><img loading=\"lazy\" decoding=\"async\" class=\"size-medium wp-image-1652\" src=\"http:\/\/web.quotidianopiemontese.it\/cultura-arte-e-spettacolo-a-torino\/files\/2025\/10\/ReggiaVenaria_FernandLeger-034_ph.-Andrea-Guermani-300x200.jpg\" alt=\"\" width=\"300\" height=\"200\" srcset=\"https:\/\/web.quotidianopiemontese.it\/cultura-arte-e-spettacolo-a-torino\/files\/2025\/10\/ReggiaVenaria_FernandLeger-034_ph.-Andrea-Guermani-300x200.jpg 300w, https:\/\/web.quotidianopiemontese.it\/cultura-arte-e-spettacolo-a-torino\/files\/2025\/10\/ReggiaVenaria_FernandLeger-034_ph.-Andrea-Guermani-1024x683.jpg 1024w, https:\/\/web.quotidianopiemontese.it\/cultura-arte-e-spettacolo-a-torino\/files\/2025\/10\/ReggiaVenaria_FernandLeger-034_ph.-Andrea-Guermani-768x512.jpg 768w, https:\/\/web.quotidianopiemontese.it\/cultura-arte-e-spettacolo-a-torino\/files\/2025\/10\/ReggiaVenaria_FernandLeger-034_ph.-Andrea-Guermani-1536x1024.jpg 1536w, https:\/\/web.quotidianopiemontese.it\/cultura-arte-e-spettacolo-a-torino\/files\/2025\/10\/ReggiaVenaria_FernandLeger-034_ph.-Andrea-Guermani-2048x1365.jpg 2048w, https:\/\/web.quotidianopiemontese.it\/cultura-arte-e-spettacolo-a-torino\/files\/2025\/10\/ReggiaVenaria_FernandLeger-034_ph.-Andrea-Guermani-1200x800.jpg 1200w\" sizes=\"auto, (max-width: 300px) 85vw, 300px\" \/><\/a><figcaption id=\"caption-attachment-1652\" class=\"wp-caption-text\">ph. Andrea Guermani<\/figcaption><\/figure>\n<figure id=\"attachment_1653\" aria-describedby=\"caption-attachment-1653\" style=\"width: 300px\" class=\"wp-caption alignnone\"><a href=\"http:\/\/web.quotidianopiemontese.it\/cultura-arte-e-spettacolo-a-torino\/files\/2025\/10\/ReggiaVenaria_FernandLeger-028_ph.-Andrea-Guermani-scaled.jpg\"><img loading=\"lazy\" decoding=\"async\" class=\"size-medium wp-image-1653\" src=\"http:\/\/web.quotidianopiemontese.it\/cultura-arte-e-spettacolo-a-torino\/files\/2025\/10\/ReggiaVenaria_FernandLeger-028_ph.-Andrea-Guermani-300x200.jpg\" alt=\"\" width=\"300\" height=\"200\" srcset=\"https:\/\/web.quotidianopiemontese.it\/cultura-arte-e-spettacolo-a-torino\/files\/2025\/10\/ReggiaVenaria_FernandLeger-028_ph.-Andrea-Guermani-300x200.jpg 300w, https:\/\/web.quotidianopiemontese.it\/cultura-arte-e-spettacolo-a-torino\/files\/2025\/10\/ReggiaVenaria_FernandLeger-028_ph.-Andrea-Guermani-1024x683.jpg 1024w, https:\/\/web.quotidianopiemontese.it\/cultura-arte-e-spettacolo-a-torino\/files\/2025\/10\/ReggiaVenaria_FernandLeger-028_ph.-Andrea-Guermani-768x512.jpg 768w, https:\/\/web.quotidianopiemontese.it\/cultura-arte-e-spettacolo-a-torino\/files\/2025\/10\/ReggiaVenaria_FernandLeger-028_ph.-Andrea-Guermani-1536x1024.jpg 1536w, https:\/\/web.quotidianopiemontese.it\/cultura-arte-e-spettacolo-a-torino\/files\/2025\/10\/ReggiaVenaria_FernandLeger-028_ph.-Andrea-Guermani-2048x1365.jpg 2048w, https:\/\/web.quotidianopiemontese.it\/cultura-arte-e-spettacolo-a-torino\/files\/2025\/10\/ReggiaVenaria_FernandLeger-028_ph.-Andrea-Guermani-1200x800.jpg 1200w\" sizes=\"auto, (max-width: 300px) 85vw, 300px\" \/><\/a><figcaption id=\"caption-attachment-1653\" class=\"wp-caption-text\">ph. Andrea Guermani<\/figcaption><\/figure>\n<p>Cos\u00ec i \u201cBirds 11\u201d di <strong>Arman<\/strong> realizzati con pinze autobloccanti dialogano con \u201cComposition aux deux oiseaux\u201d; la \u201cV\u00e9nus Blue\u201d di <strong>Klein<\/strong> con \u201cLa Danseuse blue\u201d; le Nanas di <strong>Niki de Saint Phalle<\/strong> con le colorate e rotonde figure femminili di <strong>L\u00e9ger.<\/strong><\/p>\n<figure id=\"attachment_1654\" aria-describedby=\"caption-attachment-1654\" style=\"width: 238px\" class=\"wp-caption alignnone\"><a href=\"http:\/\/web.quotidianopiemontese.it\/cultura-arte-e-spettacolo-a-torino\/files\/2025\/10\/Fernand-Leger_Cirque_Biot-Musee-national-Fernand-Leger_\u00a9GrandPalaisRmn-Photo-Gerard-Blot_\u00a9Fernand-Leger-by-SIAE-2025-scaled.jpg\"><img loading=\"lazy\" decoding=\"async\" class=\"size-medium wp-image-1654\" src=\"http:\/\/web.quotidianopiemontese.it\/cultura-arte-e-spettacolo-a-torino\/files\/2025\/10\/Fernand-Leger_Cirque_Biot-Musee-national-Fernand-Leger_\u00a9GrandPalaisRmn-Photo-Gerard-Blot_\u00a9Fernand-Leger-by-SIAE-2025-238x300.jpg\" alt=\"\" width=\"238\" height=\"300\" srcset=\"https:\/\/web.quotidianopiemontese.it\/cultura-arte-e-spettacolo-a-torino\/files\/2025\/10\/Fernand-Leger_Cirque_Biot-Musee-national-Fernand-Leger_\u00a9GrandPalaisRmn-Photo-Gerard-Blot_\u00a9Fernand-Leger-by-SIAE-2025-238x300.jpg 238w, https:\/\/web.quotidianopiemontese.it\/cultura-arte-e-spettacolo-a-torino\/files\/2025\/10\/Fernand-Leger_Cirque_Biot-Musee-national-Fernand-Leger_\u00a9GrandPalaisRmn-Photo-Gerard-Blot_\u00a9Fernand-Leger-by-SIAE-2025-812x1024.jpg 812w, https:\/\/web.quotidianopiemontese.it\/cultura-arte-e-spettacolo-a-torino\/files\/2025\/10\/Fernand-Leger_Cirque_Biot-Musee-national-Fernand-Leger_\u00a9GrandPalaisRmn-Photo-Gerard-Blot_\u00a9Fernand-Leger-by-SIAE-2025-768x968.jpg 768w, https:\/\/web.quotidianopiemontese.it\/cultura-arte-e-spettacolo-a-torino\/files\/2025\/10\/Fernand-Leger_Cirque_Biot-Musee-national-Fernand-Leger_\u00a9GrandPalaisRmn-Photo-Gerard-Blot_\u00a9Fernand-Leger-by-SIAE-2025-1218x1536.jpg 1218w, https:\/\/web.quotidianopiemontese.it\/cultura-arte-e-spettacolo-a-torino\/files\/2025\/10\/Fernand-Leger_Cirque_Biot-Musee-national-Fernand-Leger_\u00a9GrandPalaisRmn-Photo-Gerard-Blot_\u00a9Fernand-Leger-by-SIAE-2025-1624x2048.jpg 1624w, https:\/\/web.quotidianopiemontese.it\/cultura-arte-e-spettacolo-a-torino\/files\/2025\/10\/Fernand-Leger_Cirque_Biot-Musee-national-Fernand-Leger_\u00a9GrandPalaisRmn-Photo-Gerard-Blot_\u00a9Fernand-Leger-by-SIAE-2025-1200x1513.jpg 1200w, https:\/\/web.quotidianopiemontese.it\/cultura-arte-e-spettacolo-a-torino\/files\/2025\/10\/Fernand-Leger_Cirque_Biot-Musee-national-Fernand-Leger_\u00a9GrandPalaisRmn-Photo-Gerard-Blot_\u00a9Fernand-Leger-by-SIAE-2025-scaled.jpg 2030w\" sizes=\"auto, (max-width: 238px) 85vw, 238px\" \/><\/a><figcaption id=\"caption-attachment-1654\" class=\"wp-caption-text\">Fernand L\u00e9ger<br \/>Cirque\/ Circo<br \/>1950<br \/>litografia<br \/>Biot, Mus\u00e9e National Fernand L\u00e9ger<br \/>Dono di Nadia L\u00e9ger and Georges Bauquier, 1969<br \/>\u00a9 GrandPalaisRmn \/ G\u00e9rard Blot<br \/>\u00a9 FERNAND L\u00c9GER, by SIAE 2025<\/figcaption><\/figure>\n<p>Nel percorso di mostra troviamo opere di esponenti della Pop Art americana come <strong>Robert Indiana<\/strong> e <strong>May Wilson<\/strong>, nonch\u00e9 gli artisti emergenti negli anni Settanta e Ottanta come <strong>Gilbert &amp; George<\/strong> a Londra e <strong>Keith Haring<\/strong> a New York. E questa \u00e8 la parte pi\u00f9 audace della mostra, perch\u00e9 il legame con <strong>L\u00e9ger<\/strong>, anche se suggestivo, non risulta del tutto convincente.<\/p>\n<p><a href=\"http:\/\/www.lavenaria.it\">www.lavenaria.it<\/a><\/p>\n<p><strong>Emanuele Rebuffini<\/strong><\/p>\n","protected":false},"excerpt":{"rendered":"<p>Colorata, gioiosa, giocosa e un po\u2019 audace. La mostra \u00abFernand L\u00e9ger! Yves Klein, Niki de Saint Phalle, Keith Haring\u2026\u00bb, che la Reggia di Venaria ospita fino al 1 febbraio, \u00e8 una meraviglia per gli occhi.<\/p>\n","protected":false},"author":1361,"featured_media":1644,"comment_status":"open","ping_status":"open","sticky":false,"template":"","format":"standard","meta":{"footnotes":""},"categories":[1],"tags":[292,293,167],"class_list":["post-1643","post","type-post","status-publish","format-standard","has-post-thumbnail","hentry","category-cultura-arte-spettacolo","tag-fernand-leger","tag-nouveaux-realistes","tag-reggia-di-venaria-reale"],"yoast_head":"<!-- This site is optimized with the Yoast SEO plugin v27.1.1 - https:\/\/yoast.com\/product\/yoast-seo-wordpress\/ -->\n<title>Fernand L\u00e9ger e i Nuovi Realisti: alla Venaria la bellezza \u00e8 ovunque - 17 Ottobre 2025<\/title>\n<meta name=\"description\" content=\"Fernand L\u00e9ger e i Nuovi Realisti: alla Venaria la bellezza \u00e8 ovunque - Cultura, Arte e Spettacolo a Torino - Colorata, gioiosa, giocosa e un po\u2019 audace. La mostra \u00abFernand L\u00e9ger! Yves Klein, Niki de Saint Phalle, Keith Haring\u2026\u00bb, che la Reggia di Venaria ospita - Fernand L\u00e9ger, Nouveaux R\u00e9alistes, Reggia di Venaria Reale\" \/>\n<meta name=\"robots\" content=\"index, follow, max-snippet:-1, max-image-preview:large, max-video-preview:-1\" \/>\n<link rel=\"canonical\" href=\"http:\/\/web.quotidianopiemontese.it\/cultura-arte-e-spettacolo-a-torino\/fernand-leger-e-i-nuovi-realisti-alla-venaria-la-bellezza-e-ovunque\/\" \/>\n<meta property=\"og:locale\" content=\"it_IT\" \/>\n<meta property=\"og:type\" content=\"article\" \/>\n<meta property=\"og:title\" content=\"Fernand L\u00e9ger e i Nuovi Realisti: alla Venaria la bellezza \u00e8 ovunque - 17 Ottobre 2025\" \/>\n<meta property=\"og:description\" content=\"Fernand L\u00e9ger e i Nuovi Realisti: alla Venaria la bellezza \u00e8 ovunque - Cultura, Arte e Spettacolo a Torino - Colorata, gioiosa, giocosa e un po\u2019 audace. La mostra \u00abFernand L\u00e9ger! Yves Klein, Niki de Saint Phalle, Keith Haring\u2026\u00bb, che la Reggia di Venaria ospita - Fernand L\u00e9ger, Nouveaux R\u00e9alistes, Reggia di Venaria Reale\" \/>\n<meta property=\"og:url\" content=\"http:\/\/web.quotidianopiemontese.it\/cultura-arte-e-spettacolo-a-torino\/fernand-leger-e-i-nuovi-realisti-alla-venaria-la-bellezza-e-ovunque\/\" \/>\n<meta property=\"og:site_name\" content=\"Cultura, Arte e Spettacolo a Torino\" \/>\n<meta property=\"article:publisher\" content=\"https:\/\/www.facebook.com\/quotidianopiemontese?fref=ts\" \/>\n<meta property=\"article:published_time\" content=\"2025-10-17T12:42:00+00:00\" \/>\n<meta property=\"og:image\" content=\"http:\/\/web.quotidianopiemontese.it\/cultura-arte-e-spettacolo-a-torino\/files\/2025\/10\/ReggiaVenaria_FernandLeger-044_ph.-Andrea-Guermani-scaled.jpg\" \/>\n\t<meta property=\"og:image:width\" content=\"2560\" \/>\n\t<meta property=\"og:image:height\" content=\"1707\" \/>\n\t<meta property=\"og:image:type\" content=\"image\/jpeg\" \/>\n<meta name=\"author\" content=\"Emanuele Rebuffini\" \/>\n<meta name=\"twitter:label1\" content=\"Scritto da\" \/>\n\t<meta name=\"twitter:data1\" content=\"Emanuele Rebuffini\" \/>\n\t<meta name=\"twitter:label2\" content=\"Tempo di lettura stimato\" \/>\n\t<meta name=\"twitter:data2\" content=\"8 minuti\" \/>\n<script type=\"application\/ld+json\" class=\"yoast-schema-graph\">{\"@context\":\"https:\/\/schema.org\",\"@graph\":[{\"@type\":\"Article\",\"@id\":\"http:\/\/web.quotidianopiemontese.it\/cultura-arte-e-spettacolo-a-torino\/fernand-leger-e-i-nuovi-realisti-alla-venaria-la-bellezza-e-ovunque\/#article\",\"isPartOf\":{\"@id\":\"http:\/\/web.quotidianopiemontese.it\/cultura-arte-e-spettacolo-a-torino\/fernand-leger-e-i-nuovi-realisti-alla-venaria-la-bellezza-e-ovunque\/\"},\"author\":{\"name\":\"Emanuele Rebuffini\",\"@id\":\"https:\/\/web.quotidianopiemontese.it\/cultura-arte-e-spettacolo-a-torino\/#\/schema\/person\/b035109a4cc7d3e93911b78d8cebf3a0\"},\"headline\":\"Fernand L\u00e9ger e i Nuovi Realisti: alla Venaria la bellezza \u00e8 ovunque\",\"datePublished\":\"2025-10-17T12:42:00+00:00\",\"mainEntityOfPage\":{\"@id\":\"http:\/\/web.quotidianopiemontese.it\/cultura-arte-e-spettacolo-a-torino\/fernand-leger-e-i-nuovi-realisti-alla-venaria-la-bellezza-e-ovunque\/\"},\"wordCount\":1113,\"commentCount\":0,\"image\":{\"@id\":\"http:\/\/web.quotidianopiemontese.it\/cultura-arte-e-spettacolo-a-torino\/fernand-leger-e-i-nuovi-realisti-alla-venaria-la-bellezza-e-ovunque\/#primaryimage\"},\"thumbnailUrl\":\"https:\/\/web.quotidianopiemontese.it\/cultura-arte-e-spettacolo-a-torino\/files\/2025\/10\/ReggiaVenaria_FernandLeger-044_ph.-Andrea-Guermani-scaled.jpg\",\"keywords\":[\"Fernand L\u00e9ger\",\"Nouveaux R\u00e9alistes\",\"Reggia di Venaria Reale\"],\"articleSection\":[\"Cultura, arte, spettacolo\"],\"inLanguage\":\"it-IT\",\"potentialAction\":[{\"@type\":\"CommentAction\",\"name\":\"Comment\",\"target\":[\"http:\/\/web.quotidianopiemontese.it\/cultura-arte-e-spettacolo-a-torino\/fernand-leger-e-i-nuovi-realisti-alla-venaria-la-bellezza-e-ovunque\/#respond\"]}]},{\"@type\":\"WebPage\",\"@id\":\"http:\/\/web.quotidianopiemontese.it\/cultura-arte-e-spettacolo-a-torino\/fernand-leger-e-i-nuovi-realisti-alla-venaria-la-bellezza-e-ovunque\/\",\"url\":\"http:\/\/web.quotidianopiemontese.it\/cultura-arte-e-spettacolo-a-torino\/fernand-leger-e-i-nuovi-realisti-alla-venaria-la-bellezza-e-ovunque\/\",\"name\":\"Fernand L\u00e9ger e i Nuovi Realisti: alla Venaria la bellezza \u00e8 ovunque - 17 Ottobre 2025\",\"isPartOf\":{\"@id\":\"https:\/\/web.quotidianopiemontese.it\/cultura-arte-e-spettacolo-a-torino\/#website\"},\"primaryImageOfPage\":{\"@id\":\"http:\/\/web.quotidianopiemontese.it\/cultura-arte-e-spettacolo-a-torino\/fernand-leger-e-i-nuovi-realisti-alla-venaria-la-bellezza-e-ovunque\/#primaryimage\"},\"image\":{\"@id\":\"http:\/\/web.quotidianopiemontese.it\/cultura-arte-e-spettacolo-a-torino\/fernand-leger-e-i-nuovi-realisti-alla-venaria-la-bellezza-e-ovunque\/#primaryimage\"},\"thumbnailUrl\":\"https:\/\/web.quotidianopiemontese.it\/cultura-arte-e-spettacolo-a-torino\/files\/2025\/10\/ReggiaVenaria_FernandLeger-044_ph.-Andrea-Guermani-scaled.jpg\",\"datePublished\":\"2025-10-17T12:42:00+00:00\",\"author\":{\"@id\":\"https:\/\/web.quotidianopiemontese.it\/cultura-arte-e-spettacolo-a-torino\/#\/schema\/person\/b035109a4cc7d3e93911b78d8cebf3a0\"},\"description\":\"Fernand L\u00e9ger e i Nuovi Realisti: alla Venaria la bellezza \u00e8 ovunque - Cultura, Arte e Spettacolo a Torino - Colorata, gioiosa, giocosa e un po\u2019 audace. La mostra \u00abFernand L\u00e9ger! Yves Klein, Niki de Saint Phalle, Keith Haring\u2026\u00bb, che la Reggia di Venaria ospita - Fernand L\u00e9ger, Nouveaux R\u00e9alistes, Reggia di Venaria Reale\",\"inLanguage\":\"it-IT\",\"potentialAction\":[{\"@type\":\"ReadAction\",\"target\":[\"http:\/\/web.quotidianopiemontese.it\/cultura-arte-e-spettacolo-a-torino\/fernand-leger-e-i-nuovi-realisti-alla-venaria-la-bellezza-e-ovunque\/\"]}]},{\"@type\":\"ImageObject\",\"inLanguage\":\"it-IT\",\"@id\":\"http:\/\/web.quotidianopiemontese.it\/cultura-arte-e-spettacolo-a-torino\/fernand-leger-e-i-nuovi-realisti-alla-venaria-la-bellezza-e-ovunque\/#primaryimage\",\"url\":\"https:\/\/web.quotidianopiemontese.it\/cultura-arte-e-spettacolo-a-torino\/files\/2025\/10\/ReggiaVenaria_FernandLeger-044_ph.-Andrea-Guermani-scaled.jpg\",\"contentUrl\":\"https:\/\/web.quotidianopiemontese.it\/cultura-arte-e-spettacolo-a-torino\/files\/2025\/10\/ReggiaVenaria_FernandLeger-044_ph.-Andrea-Guermani-scaled.jpg\",\"width\":2560,\"height\":1707},{\"@type\":\"WebSite\",\"@id\":\"https:\/\/web.quotidianopiemontese.it\/cultura-arte-e-spettacolo-a-torino\/#website\",\"url\":\"https:\/\/web.quotidianopiemontese.it\/cultura-arte-e-spettacolo-a-torino\/\",\"name\":\"Cultura, Arte e Spettacolo a Torino\",\"description\":\"Quotidiano Piemontese\",\"potentialAction\":[{\"@type\":\"SearchAction\",\"target\":{\"@type\":\"EntryPoint\",\"urlTemplate\":\"https:\/\/web.quotidianopiemontese.it\/cultura-arte-e-spettacolo-a-torino\/?s={search_term_string}\"},\"query-input\":{\"@type\":\"PropertyValueSpecification\",\"valueRequired\":true,\"valueName\":\"search_term_string\"}}],\"inLanguage\":\"it-IT\"},{\"@type\":\"Person\",\"@id\":\"https:\/\/web.quotidianopiemontese.it\/cultura-arte-e-spettacolo-a-torino\/#\/schema\/person\/b035109a4cc7d3e93911b78d8cebf3a0\",\"name\":\"Emanuele Rebuffini\",\"image\":{\"@type\":\"ImageObject\",\"inLanguage\":\"it-IT\",\"@id\":\"https:\/\/web.quotidianopiemontese.it\/cultura-arte-e-spettacolo-a-torino\/#\/schema\/person\/image\/\",\"url\":\"https:\/\/secure.gravatar.com\/avatar\/519a0a38be4cbbcf40fb5bc1b1173a85af291a3a8697df454a94ad7e05574628?s=96&d=mm&r=g\",\"contentUrl\":\"https:\/\/secure.gravatar.com\/avatar\/519a0a38be4cbbcf40fb5bc1b1173a85af291a3a8697df454a94ad7e05574628?s=96&d=mm&r=g\",\"caption\":\"Emanuele Rebuffini\"},\"sameAs\":[\"http:\/\/www.quotidianopiemontese.it\/cultura-arte-e-spettacolo-a-torino\/\"],\"url\":\"https:\/\/web.quotidianopiemontese.it\/cultura-arte-e-spettacolo-a-torino\/author\/emanuelerebuffini\/\"}]}<\/script>\n<!-- \/ Yoast SEO plugin. -->","yoast_head_json":{"title":"Fernand L\u00e9ger e i Nuovi Realisti: alla Venaria la bellezza \u00e8 ovunque - 17 Ottobre 2025","description":"Fernand L\u00e9ger e i Nuovi Realisti: alla Venaria la bellezza \u00e8 ovunque - Cultura, Arte e Spettacolo a Torino - Colorata, gioiosa, giocosa e un po\u2019 audace. La mostra \u00abFernand L\u00e9ger! Yves Klein, Niki de Saint Phalle, Keith Haring\u2026\u00bb, che la Reggia di Venaria ospita - Fernand L\u00e9ger, Nouveaux R\u00e9alistes, Reggia di Venaria Reale","robots":{"index":"index","follow":"follow","max-snippet":"max-snippet:-1","max-image-preview":"max-image-preview:large","max-video-preview":"max-video-preview:-1"},"canonical":"http:\/\/web.quotidianopiemontese.it\/cultura-arte-e-spettacolo-a-torino\/fernand-leger-e-i-nuovi-realisti-alla-venaria-la-bellezza-e-ovunque\/","og_locale":"it_IT","og_type":"article","og_title":"Fernand L\u00e9ger e i Nuovi Realisti: alla Venaria la bellezza \u00e8 ovunque - 17 Ottobre 2025","og_description":"Fernand L\u00e9ger e i Nuovi Realisti: alla Venaria la bellezza \u00e8 ovunque - Cultura, Arte e Spettacolo a Torino - Colorata, gioiosa, giocosa e un po\u2019 audace. La mostra \u00abFernand L\u00e9ger! Yves Klein, Niki de Saint Phalle, Keith Haring\u2026\u00bb, che la Reggia di Venaria ospita - Fernand L\u00e9ger, Nouveaux R\u00e9alistes, Reggia di Venaria Reale","og_url":"http:\/\/web.quotidianopiemontese.it\/cultura-arte-e-spettacolo-a-torino\/fernand-leger-e-i-nuovi-realisti-alla-venaria-la-bellezza-e-ovunque\/","og_site_name":"Cultura, Arte e Spettacolo a Torino","article_publisher":"https:\/\/www.facebook.com\/quotidianopiemontese?fref=ts","article_published_time":"2025-10-17T12:42:00+00:00","og_image":[{"width":2560,"height":1707,"url":"http:\/\/web.quotidianopiemontese.it\/cultura-arte-e-spettacolo-a-torino\/files\/2025\/10\/ReggiaVenaria_FernandLeger-044_ph.-Andrea-Guermani-scaled.jpg","type":"image\/jpeg"}],"author":"Emanuele Rebuffini","twitter_misc":{"Scritto da":"Emanuele Rebuffini","Tempo di lettura stimato":"8 minuti"},"schema":{"@context":"https:\/\/schema.org","@graph":[{"@type":"Article","@id":"http:\/\/web.quotidianopiemontese.it\/cultura-arte-e-spettacolo-a-torino\/fernand-leger-e-i-nuovi-realisti-alla-venaria-la-bellezza-e-ovunque\/#article","isPartOf":{"@id":"http:\/\/web.quotidianopiemontese.it\/cultura-arte-e-spettacolo-a-torino\/fernand-leger-e-i-nuovi-realisti-alla-venaria-la-bellezza-e-ovunque\/"},"author":{"name":"Emanuele Rebuffini","@id":"https:\/\/web.quotidianopiemontese.it\/cultura-arte-e-spettacolo-a-torino\/#\/schema\/person\/b035109a4cc7d3e93911b78d8cebf3a0"},"headline":"Fernand L\u00e9ger e i Nuovi Realisti: alla Venaria la bellezza \u00e8 ovunque","datePublished":"2025-10-17T12:42:00+00:00","mainEntityOfPage":{"@id":"http:\/\/web.quotidianopiemontese.it\/cultura-arte-e-spettacolo-a-torino\/fernand-leger-e-i-nuovi-realisti-alla-venaria-la-bellezza-e-ovunque\/"},"wordCount":1113,"commentCount":0,"image":{"@id":"http:\/\/web.quotidianopiemontese.it\/cultura-arte-e-spettacolo-a-torino\/fernand-leger-e-i-nuovi-realisti-alla-venaria-la-bellezza-e-ovunque\/#primaryimage"},"thumbnailUrl":"https:\/\/web.quotidianopiemontese.it\/cultura-arte-e-spettacolo-a-torino\/files\/2025\/10\/ReggiaVenaria_FernandLeger-044_ph.-Andrea-Guermani-scaled.jpg","keywords":["Fernand L\u00e9ger","Nouveaux R\u00e9alistes","Reggia di Venaria Reale"],"articleSection":["Cultura, arte, spettacolo"],"inLanguage":"it-IT","potentialAction":[{"@type":"CommentAction","name":"Comment","target":["http:\/\/web.quotidianopiemontese.it\/cultura-arte-e-spettacolo-a-torino\/fernand-leger-e-i-nuovi-realisti-alla-venaria-la-bellezza-e-ovunque\/#respond"]}]},{"@type":"WebPage","@id":"http:\/\/web.quotidianopiemontese.it\/cultura-arte-e-spettacolo-a-torino\/fernand-leger-e-i-nuovi-realisti-alla-venaria-la-bellezza-e-ovunque\/","url":"http:\/\/web.quotidianopiemontese.it\/cultura-arte-e-spettacolo-a-torino\/fernand-leger-e-i-nuovi-realisti-alla-venaria-la-bellezza-e-ovunque\/","name":"Fernand L\u00e9ger e i Nuovi Realisti: alla Venaria la bellezza \u00e8 ovunque - 17 Ottobre 2025","isPartOf":{"@id":"https:\/\/web.quotidianopiemontese.it\/cultura-arte-e-spettacolo-a-torino\/#website"},"primaryImageOfPage":{"@id":"http:\/\/web.quotidianopiemontese.it\/cultura-arte-e-spettacolo-a-torino\/fernand-leger-e-i-nuovi-realisti-alla-venaria-la-bellezza-e-ovunque\/#primaryimage"},"image":{"@id":"http:\/\/web.quotidianopiemontese.it\/cultura-arte-e-spettacolo-a-torino\/fernand-leger-e-i-nuovi-realisti-alla-venaria-la-bellezza-e-ovunque\/#primaryimage"},"thumbnailUrl":"https:\/\/web.quotidianopiemontese.it\/cultura-arte-e-spettacolo-a-torino\/files\/2025\/10\/ReggiaVenaria_FernandLeger-044_ph.-Andrea-Guermani-scaled.jpg","datePublished":"2025-10-17T12:42:00+00:00","author":{"@id":"https:\/\/web.quotidianopiemontese.it\/cultura-arte-e-spettacolo-a-torino\/#\/schema\/person\/b035109a4cc7d3e93911b78d8cebf3a0"},"description":"Fernand L\u00e9ger e i Nuovi Realisti: alla Venaria la bellezza \u00e8 ovunque - Cultura, Arte e Spettacolo a Torino - Colorata, gioiosa, giocosa e un po\u2019 audace. La mostra \u00abFernand L\u00e9ger! Yves Klein, Niki de Saint Phalle, Keith Haring\u2026\u00bb, che la Reggia di Venaria ospita - Fernand L\u00e9ger, Nouveaux R\u00e9alistes, Reggia di Venaria Reale","inLanguage":"it-IT","potentialAction":[{"@type":"ReadAction","target":["http:\/\/web.quotidianopiemontese.it\/cultura-arte-e-spettacolo-a-torino\/fernand-leger-e-i-nuovi-realisti-alla-venaria-la-bellezza-e-ovunque\/"]}]},{"@type":"ImageObject","inLanguage":"it-IT","@id":"http:\/\/web.quotidianopiemontese.it\/cultura-arte-e-spettacolo-a-torino\/fernand-leger-e-i-nuovi-realisti-alla-venaria-la-bellezza-e-ovunque\/#primaryimage","url":"https:\/\/web.quotidianopiemontese.it\/cultura-arte-e-spettacolo-a-torino\/files\/2025\/10\/ReggiaVenaria_FernandLeger-044_ph.-Andrea-Guermani-scaled.jpg","contentUrl":"https:\/\/web.quotidianopiemontese.it\/cultura-arte-e-spettacolo-a-torino\/files\/2025\/10\/ReggiaVenaria_FernandLeger-044_ph.-Andrea-Guermani-scaled.jpg","width":2560,"height":1707},{"@type":"WebSite","@id":"https:\/\/web.quotidianopiemontese.it\/cultura-arte-e-spettacolo-a-torino\/#website","url":"https:\/\/web.quotidianopiemontese.it\/cultura-arte-e-spettacolo-a-torino\/","name":"Cultura, Arte e Spettacolo a Torino","description":"Quotidiano Piemontese","potentialAction":[{"@type":"SearchAction","target":{"@type":"EntryPoint","urlTemplate":"https:\/\/web.quotidianopiemontese.it\/cultura-arte-e-spettacolo-a-torino\/?s={search_term_string}"},"query-input":{"@type":"PropertyValueSpecification","valueRequired":true,"valueName":"search_term_string"}}],"inLanguage":"it-IT"},{"@type":"Person","@id":"https:\/\/web.quotidianopiemontese.it\/cultura-arte-e-spettacolo-a-torino\/#\/schema\/person\/b035109a4cc7d3e93911b78d8cebf3a0","name":"Emanuele Rebuffini","image":{"@type":"ImageObject","inLanguage":"it-IT","@id":"https:\/\/web.quotidianopiemontese.it\/cultura-arte-e-spettacolo-a-torino\/#\/schema\/person\/image\/","url":"https:\/\/secure.gravatar.com\/avatar\/519a0a38be4cbbcf40fb5bc1b1173a85af291a3a8697df454a94ad7e05574628?s=96&d=mm&r=g","contentUrl":"https:\/\/secure.gravatar.com\/avatar\/519a0a38be4cbbcf40fb5bc1b1173a85af291a3a8697df454a94ad7e05574628?s=96&d=mm&r=g","caption":"Emanuele Rebuffini"},"sameAs":["http:\/\/www.quotidianopiemontese.it\/cultura-arte-e-spettacolo-a-torino\/"],"url":"https:\/\/web.quotidianopiemontese.it\/cultura-arte-e-spettacolo-a-torino\/author\/emanuelerebuffini\/"}]}},"_links":{"self":[{"href":"https:\/\/web.quotidianopiemontese.it\/cultura-arte-e-spettacolo-a-torino\/wp-json\/wp\/v2\/posts\/1643","targetHints":{"allow":["GET"]}}],"collection":[{"href":"https:\/\/web.quotidianopiemontese.it\/cultura-arte-e-spettacolo-a-torino\/wp-json\/wp\/v2\/posts"}],"about":[{"href":"https:\/\/web.quotidianopiemontese.it\/cultura-arte-e-spettacolo-a-torino\/wp-json\/wp\/v2\/types\/post"}],"author":[{"embeddable":true,"href":"https:\/\/web.quotidianopiemontese.it\/cultura-arte-e-spettacolo-a-torino\/wp-json\/wp\/v2\/users\/1361"}],"replies":[{"embeddable":true,"href":"https:\/\/web.quotidianopiemontese.it\/cultura-arte-e-spettacolo-a-torino\/wp-json\/wp\/v2\/comments?post=1643"}],"version-history":[{"count":1,"href":"https:\/\/web.quotidianopiemontese.it\/cultura-arte-e-spettacolo-a-torino\/wp-json\/wp\/v2\/posts\/1643\/revisions"}],"predecessor-version":[{"id":1655,"href":"https:\/\/web.quotidianopiemontese.it\/cultura-arte-e-spettacolo-a-torino\/wp-json\/wp\/v2\/posts\/1643\/revisions\/1655"}],"wp:featuredmedia":[{"embeddable":true,"href":"https:\/\/web.quotidianopiemontese.it\/cultura-arte-e-spettacolo-a-torino\/wp-json\/wp\/v2\/media\/1644"}],"wp:attachment":[{"href":"https:\/\/web.quotidianopiemontese.it\/cultura-arte-e-spettacolo-a-torino\/wp-json\/wp\/v2\/media?parent=1643"}],"wp:term":[{"taxonomy":"category","embeddable":true,"href":"https:\/\/web.quotidianopiemontese.it\/cultura-arte-e-spettacolo-a-torino\/wp-json\/wp\/v2\/categories?post=1643"},{"taxonomy":"post_tag","embeddable":true,"href":"https:\/\/web.quotidianopiemontese.it\/cultura-arte-e-spettacolo-a-torino\/wp-json\/wp\/v2\/tags?post=1643"}],"curies":[{"name":"wp","href":"https:\/\/api.w.org\/{rel}","templated":true}]}}