{"id":1632,"date":"2025-10-03T10:07:59","date_gmt":"2025-10-03T08:07:59","guid":{"rendered":"https:\/\/web.quotidianopiemontese.it\/cultura-arte-e-spettacolo-a-torino\/?p=1632"},"modified":"2025-10-03T10:07:59","modified_gmt":"2025-10-03T08:07:59","slug":"italia-sessanta-bruno-barbey-a-palazzo-barolo","status":"publish","type":"post","link":"https:\/\/web.quotidianopiemontese.it\/cultura-arte-e-spettacolo-a-torino\/italia-sessanta-bruno-barbey-a-palazzo-barolo\/","title":{"rendered":"Italia Sessanta. Bruno Barbey a Palazzo Barolo"},"content":{"rendered":"<p>Inizialmente <strong>\u00abGli italiani\u00bb<\/strong> dovevano essere il terzo volume dell\u2019<em>Encyclop\u00e9die essentielle<\/em>, la collana dell\u2019editore francese Robert Delpire,<!--more--> che gi\u00e0 comprendeva <em>Les Am\u00e9ricains<\/em> di Robert Frank (1958) e <em>Les Allemands<\/em> di Ren\u00e9 Burri (1962). Non se ne fece nulla e il portfolio che il fotografo franco-marocchino <strong>Bruno Barbey<\/strong> realizz\u00f2 lungo l\u2019Italia negli anni Sessanta, dovr\u00e0 attendere il 2002 per vedere la luce.<\/p>\n<figure id=\"attachment_1635\" aria-describedby=\"caption-attachment-1635\" style=\"width: 300px\" class=\"wp-caption alignnone\"><a href=\"http:\/\/web.quotidianopiemontese.it\/cultura-arte-e-spettacolo-a-torino\/files\/2025\/10\/05_bruno-barbey.jpg\"><img loading=\"lazy\" decoding=\"async\" class=\"size-medium wp-image-1635\" src=\"http:\/\/web.quotidianopiemontese.it\/cultura-arte-e-spettacolo-a-torino\/files\/2025\/10\/05_bruno-barbey-300x199.jpg\" alt=\"\" width=\"300\" height=\"199\" srcset=\"https:\/\/web.quotidianopiemontese.it\/cultura-arte-e-spettacolo-a-torino\/files\/2025\/10\/05_bruno-barbey-300x199.jpg 300w, https:\/\/web.quotidianopiemontese.it\/cultura-arte-e-spettacolo-a-torino\/files\/2025\/10\/05_bruno-barbey-1024x679.jpg 1024w, https:\/\/web.quotidianopiemontese.it\/cultura-arte-e-spettacolo-a-torino\/files\/2025\/10\/05_bruno-barbey-768x509.jpg 768w, https:\/\/web.quotidianopiemontese.it\/cultura-arte-e-spettacolo-a-torino\/files\/2025\/10\/05_bruno-barbey-1536x1018.jpg 1536w, https:\/\/web.quotidianopiemontese.it\/cultura-arte-e-spettacolo-a-torino\/files\/2025\/10\/05_bruno-barbey-2048x1358.jpg 2048w, https:\/\/web.quotidianopiemontese.it\/cultura-arte-e-spettacolo-a-torino\/files\/2025\/10\/05_bruno-barbey-1200x796.jpg 1200w\" sizes=\"auto, (max-width: 300px) 85vw, 300px\" \/><\/a><figcaption id=\"caption-attachment-1635\" class=\"wp-caption-text\">Calabria region, Italy, 1966.<br \/>\u00a9 Bruno Barbey\/Magnum Photos<\/figcaption><\/figure>\n<p>Fino all\u2019<strong>11 gennaio,<\/strong> le auliche sale di <strong>Palazzo Falletti di Barolo<\/strong> ospitano la mostra <strong>\u00ab<\/strong><strong>Bruno Barbey<em>. <\/em>Gli Italiani<\/strong><strong>\u00bb<\/strong><strong>,<\/strong> curata da <strong>Caroline Thi\u00e9not-Barbey<\/strong> e prodotta da <strong>Ares<\/strong>. Un centinaio di fotografie in bianco e nero realizzate tra il 1962 e il 1966 da <strong>Bruno Barbey<\/strong>, il grande autore di reportage e una delle colonne della Magnum Photos. Nato in Marocco nel 1941, figlio di un diplomatico francese, mentre era ancora studente in Svizzera all\u2019Ecole des Arts et M\u00e8tiers di Vevey inizi\u00f2 a viaggiare per l\u2019Italia a bordo del suo maggiolino, visitando Milano, Roma, Napoli e Palermo.<\/p>\n<figure id=\"attachment_1636\" aria-describedby=\"caption-attachment-1636\" style=\"width: 200px\" class=\"wp-caption alignnone\"><a href=\"http:\/\/web.quotidianopiemontese.it\/cultura-arte-e-spettacolo-a-torino\/files\/2025\/10\/11_bruno-barbey-scaled.jpg\"><img loading=\"lazy\" decoding=\"async\" class=\"size-medium wp-image-1636\" src=\"http:\/\/web.quotidianopiemontese.it\/cultura-arte-e-spettacolo-a-torino\/files\/2025\/10\/11_bruno-barbey-200x300.jpg\" alt=\"\" width=\"200\" height=\"300\" srcset=\"https:\/\/web.quotidianopiemontese.it\/cultura-arte-e-spettacolo-a-torino\/files\/2025\/10\/11_bruno-barbey-200x300.jpg 200w, https:\/\/web.quotidianopiemontese.it\/cultura-arte-e-spettacolo-a-torino\/files\/2025\/10\/11_bruno-barbey-683x1024.jpg 683w, https:\/\/web.quotidianopiemontese.it\/cultura-arte-e-spettacolo-a-torino\/files\/2025\/10\/11_bruno-barbey-768x1151.jpg 768w, https:\/\/web.quotidianopiemontese.it\/cultura-arte-e-spettacolo-a-torino\/files\/2025\/10\/11_bruno-barbey-1025x1536.jpg 1025w, https:\/\/web.quotidianopiemontese.it\/cultura-arte-e-spettacolo-a-torino\/files\/2025\/10\/11_bruno-barbey-1367x2048.jpg 1367w, https:\/\/web.quotidianopiemontese.it\/cultura-arte-e-spettacolo-a-torino\/files\/2025\/10\/11_bruno-barbey-1200x1798.jpg 1200w, https:\/\/web.quotidianopiemontese.it\/cultura-arte-e-spettacolo-a-torino\/files\/2025\/10\/11_bruno-barbey-scaled.jpg 1709w\" sizes=\"auto, (max-width: 200px) 85vw, 200px\" \/><\/a><figcaption id=\"caption-attachment-1636\" class=\"wp-caption-text\">Naples, Italy, 1964.<br \/>\u00a9 Bruno Barbey\/Magnum Photos<\/figcaption><\/figure>\n<p>Lo scopo era realizzare un <strong>\u2018saggio fotografico\u2019<\/strong> ispirato ai film di Pasolini, Rossellini, Visconti e Antonioni. Il suo portfolio \u00e8 uno sguardo profondo e poetico sull\u2019Italia del dopoguerra, un Paese ancora in trasformazione ma con marcate differenze sociali.<\/p>\n<figure id=\"attachment_1639\" aria-describedby=\"caption-attachment-1639\" style=\"width: 202px\" class=\"wp-caption alignnone\"><a href=\"http:\/\/web.quotidianopiemontese.it\/cultura-arte-e-spettacolo-a-torino\/files\/2025\/10\/09_bruno-barbey-scaled.jpg\"><img loading=\"lazy\" decoding=\"async\" class=\"size-medium wp-image-1639\" src=\"http:\/\/web.quotidianopiemontese.it\/cultura-arte-e-spettacolo-a-torino\/files\/2025\/10\/09_bruno-barbey-202x300.jpg\" alt=\"\" width=\"202\" height=\"300\" srcset=\"https:\/\/web.quotidianopiemontese.it\/cultura-arte-e-spettacolo-a-torino\/files\/2025\/10\/09_bruno-barbey-202x300.jpg 202w, https:\/\/web.quotidianopiemontese.it\/cultura-arte-e-spettacolo-a-torino\/files\/2025\/10\/09_bruno-barbey-689x1024.jpg 689w, https:\/\/web.quotidianopiemontese.it\/cultura-arte-e-spettacolo-a-torino\/files\/2025\/10\/09_bruno-barbey-768x1141.jpg 768w, https:\/\/web.quotidianopiemontese.it\/cultura-arte-e-spettacolo-a-torino\/files\/2025\/10\/09_bruno-barbey-1034x1536.jpg 1034w, https:\/\/web.quotidianopiemontese.it\/cultura-arte-e-spettacolo-a-torino\/files\/2025\/10\/09_bruno-barbey-1379x2048.jpg 1379w, https:\/\/web.quotidianopiemontese.it\/cultura-arte-e-spettacolo-a-torino\/files\/2025\/10\/09_bruno-barbey-1200x1783.jpg 1200w, https:\/\/web.quotidianopiemontese.it\/cultura-arte-e-spettacolo-a-torino\/files\/2025\/10\/09_bruno-barbey-scaled.jpg 1723w\" sizes=\"auto, (max-width: 202px) 85vw, 202px\" \/><\/a><figcaption id=\"caption-attachment-1639\" class=\"wp-caption-text\">Rome, Italy, 1966.<br \/>\u00a9 Bruno Barbey\/Magnum Photos<\/figcaption><\/figure>\n<p>Gli scatti di<strong> Bruno Barbey <\/strong>sembrano raccogliere i personaggi di una moderna Commedia dell\u2019arte, popolata da famiglie sorridenti su una vespa o un calesse, bambini e preti e suore, mendicanti e militari, contadini e operai, uomini allo stadio e signore eleganti ai teatri d\u2019opera.<\/p>\n<figure id=\"attachment_1637\" aria-describedby=\"caption-attachment-1637\" style=\"width: 300px\" class=\"wp-caption alignnone\"><a href=\"http:\/\/web.quotidianopiemontese.it\/cultura-arte-e-spettacolo-a-torino\/files\/2025\/10\/04_bruno-barbey.jpg\"><img loading=\"lazy\" decoding=\"async\" class=\"size-medium wp-image-1637\" src=\"http:\/\/web.quotidianopiemontese.it\/cultura-arte-e-spettacolo-a-torino\/files\/2025\/10\/04_bruno-barbey-300x200.jpg\" alt=\"\" width=\"300\" height=\"200\" srcset=\"https:\/\/web.quotidianopiemontese.it\/cultura-arte-e-spettacolo-a-torino\/files\/2025\/10\/04_bruno-barbey-300x200.jpg 300w, https:\/\/web.quotidianopiemontese.it\/cultura-arte-e-spettacolo-a-torino\/files\/2025\/10\/04_bruno-barbey-1024x684.jpg 1024w, https:\/\/web.quotidianopiemontese.it\/cultura-arte-e-spettacolo-a-torino\/files\/2025\/10\/04_bruno-barbey-768x513.jpg 768w, https:\/\/web.quotidianopiemontese.it\/cultura-arte-e-spettacolo-a-torino\/files\/2025\/10\/04_bruno-barbey-1536x1025.jpg 1536w, https:\/\/web.quotidianopiemontese.it\/cultura-arte-e-spettacolo-a-torino\/files\/2025\/10\/04_bruno-barbey-2048x1367.jpg 2048w, https:\/\/web.quotidianopiemontese.it\/cultura-arte-e-spettacolo-a-torino\/files\/2025\/10\/04_bruno-barbey-1200x801.jpg 1200w\" sizes=\"auto, (max-width: 300px) 85vw, 300px\" \/><\/a><figcaption id=\"caption-attachment-1637\" class=\"wp-caption-text\">Milan, Italy, 1966.<br \/>\u00a9 Bruno Barbey\/Magnum Photos<\/figcaption><\/figure>\n<p>Dagli ambienti benestanti a quelli pi\u00f9 umili, dalle processioni religiose agli aeroporti alle spiagge, <strong>\u00abGli italiani\u00bb<\/strong> sono un ritratto autentico dell\u2019Italia \u201cNeorealista\u201d, opera non solo di un fotografo ma di un \u201cradiologo\u201d, come lo definisce Giosu\u00e8 Calaciura nel volume \u201c<em>Gli Italiani\u201d<\/em>, edito da Contrasto (2022).<\/p>\n<figure id=\"attachment_1638\" aria-describedby=\"caption-attachment-1638\" style=\"width: 300px\" class=\"wp-caption alignnone\"><a href=\"http:\/\/web.quotidianopiemontese.it\/cultura-arte-e-spettacolo-a-torino\/files\/2025\/10\/10_bruno-barbey.jpg\"><img loading=\"lazy\" decoding=\"async\" class=\"size-medium wp-image-1638\" src=\"http:\/\/web.quotidianopiemontese.it\/cultura-arte-e-spettacolo-a-torino\/files\/2025\/10\/10_bruno-barbey-300x201.jpg\" alt=\"\" width=\"300\" height=\"201\" srcset=\"https:\/\/web.quotidianopiemontese.it\/cultura-arte-e-spettacolo-a-torino\/files\/2025\/10\/10_bruno-barbey-300x201.jpg 300w, https:\/\/web.quotidianopiemontese.it\/cultura-arte-e-spettacolo-a-torino\/files\/2025\/10\/10_bruno-barbey-1024x686.jpg 1024w, https:\/\/web.quotidianopiemontese.it\/cultura-arte-e-spettacolo-a-torino\/files\/2025\/10\/10_bruno-barbey-768x514.jpg 768w, https:\/\/web.quotidianopiemontese.it\/cultura-arte-e-spettacolo-a-torino\/files\/2025\/10\/10_bruno-barbey-1536x1028.jpg 1536w, https:\/\/web.quotidianopiemontese.it\/cultura-arte-e-spettacolo-a-torino\/files\/2025\/10\/10_bruno-barbey-2048x1371.jpg 2048w, https:\/\/web.quotidianopiemontese.it\/cultura-arte-e-spettacolo-a-torino\/files\/2025\/10\/10_bruno-barbey-1200x804.jpg 1200w\" sizes=\"auto, (max-width: 300px) 85vw, 300px\" \/><\/a><figcaption id=\"caption-attachment-1638\" class=\"wp-caption-text\">Men on leave from their military service, Rome, Italy, 1963.<br \/>\u00a9 Bruno Barbey\/Magnum Photos<\/figcaption><\/figure>\n<p>Il reportage del Bel Paese apr\u00ec a <strong>Bruno Barbey<\/strong> le porte della Magnum Photos, di cui diventer\u00e0 presidente negli anni Novanta. Nella sua carriera immortal\u00f2 la rivolta studentesca parigina del maggio 1968 e realizz\u00f2 numerosi reportage di guerra, dal Vietnam all\u2019Iraq.<\/p>\n<p><a href=\"https:\/\/www.arestorino.it\/bruno-barbey.html\">https:\/\/www.arestorino.it\/bruno-barbey.html<\/a><\/p>\n<figure id=\"attachment_1640\" aria-describedby=\"caption-attachment-1640\" style=\"width: 200px\" class=\"wp-caption alignnone\"><a href=\"http:\/\/web.quotidianopiemontese.it\/cultura-arte-e-spettacolo-a-torino\/files\/2025\/10\/07_bruno-barbey-scaled.jpg\"><img loading=\"lazy\" decoding=\"async\" class=\"size-medium wp-image-1640\" src=\"http:\/\/web.quotidianopiemontese.it\/cultura-arte-e-spettacolo-a-torino\/files\/2025\/10\/07_bruno-barbey-200x300.jpg\" alt=\"\" width=\"200\" height=\"300\" srcset=\"https:\/\/web.quotidianopiemontese.it\/cultura-arte-e-spettacolo-a-torino\/files\/2025\/10\/07_bruno-barbey-200x300.jpg 200w, https:\/\/web.quotidianopiemontese.it\/cultura-arte-e-spettacolo-a-torino\/files\/2025\/10\/07_bruno-barbey-682x1024.jpg 682w, https:\/\/web.quotidianopiemontese.it\/cultura-arte-e-spettacolo-a-torino\/files\/2025\/10\/07_bruno-barbey-768x1152.jpg 768w, https:\/\/web.quotidianopiemontese.it\/cultura-arte-e-spettacolo-a-torino\/files\/2025\/10\/07_bruno-barbey-1024x1536.jpg 1024w, https:\/\/web.quotidianopiemontese.it\/cultura-arte-e-spettacolo-a-torino\/files\/2025\/10\/07_bruno-barbey-1365x2048.jpg 1365w, https:\/\/web.quotidianopiemontese.it\/cultura-arte-e-spettacolo-a-torino\/files\/2025\/10\/07_bruno-barbey-1200x1801.jpg 1200w, https:\/\/web.quotidianopiemontese.it\/cultura-arte-e-spettacolo-a-torino\/files\/2025\/10\/07_bruno-barbey-scaled.jpg 1706w\" sizes=\"auto, (max-width: 200px) 85vw, 200px\" \/><\/a><figcaption id=\"caption-attachment-1640\" class=\"wp-caption-text\">Rome, Italy, 1964.<br \/>\u00a9 Bruno Barbey\/Magnum Photos<\/figcaption><\/figure>\n<p><strong>Emanuele Rebuffini<\/strong><\/p>\n<p>&nbsp;<\/p>\n","protected":false},"excerpt":{"rendered":"<p>Inizialmente \u00abGli italiani\u00bb dovevano essere il terzo volume dell\u2019Encyclop\u00e9die essentielle, la collana dell\u2019editore francese Robert Delpire,<\/p>\n","protected":false},"author":1361,"featured_media":1634,"comment_status":"open","ping_status":"open","sticky":false,"template":"","format":"standard","meta":{"footnotes":""},"categories":[1],"tags":[290,291],"class_list":["post-1632","post","type-post","status-publish","format-standard","has-post-thumbnail","hentry","category-cultura-arte-spettacolo","tag-bruno-barbey","tag-palazzo-falletti-di-barolo"],"yoast_head":"<!-- This site is optimized with the Yoast SEO plugin v27.1.1 - https:\/\/yoast.com\/product\/yoast-seo-wordpress\/ -->\n<title>Italia Sessanta. Bruno Barbey a Palazzo Barolo - 3 Ottobre 2025<\/title>\n<meta name=\"description\" content=\"Italia Sessanta. Bruno Barbey a Palazzo Barolo - Cultura, Arte e Spettacolo a Torino - Inizialmente \u00abGli italiani\u00bb dovevano essere il terzo volume dell\u2019Encyclop\u00e9die essentielle, la collana dell\u2019editore francese Robert Delpire, che gi\u00e0 - Bruno Barbey, Palazzo Falletti di Barolo\" \/>\n<meta name=\"robots\" content=\"index, follow, max-snippet:-1, max-image-preview:large, max-video-preview:-1\" \/>\n<link rel=\"canonical\" href=\"http:\/\/web.quotidianopiemontese.it\/cultura-arte-e-spettacolo-a-torino\/italia-sessanta-bruno-barbey-a-palazzo-barolo\/\" \/>\n<meta property=\"og:locale\" content=\"it_IT\" \/>\n<meta property=\"og:type\" content=\"article\" \/>\n<meta property=\"og:title\" content=\"Italia Sessanta. Bruno Barbey a Palazzo Barolo - 3 Ottobre 2025\" \/>\n<meta property=\"og:description\" content=\"Italia Sessanta. Bruno Barbey a Palazzo Barolo - Cultura, Arte e Spettacolo a Torino - Inizialmente \u00abGli italiani\u00bb dovevano essere il terzo volume dell\u2019Encyclop\u00e9die essentielle, la collana dell\u2019editore francese Robert Delpire, che gi\u00e0 - Bruno Barbey, Palazzo Falletti di Barolo\" \/>\n<meta property=\"og:url\" content=\"http:\/\/web.quotidianopiemontese.it\/cultura-arte-e-spettacolo-a-torino\/italia-sessanta-bruno-barbey-a-palazzo-barolo\/\" \/>\n<meta property=\"og:site_name\" content=\"Cultura, Arte e Spettacolo a Torino\" \/>\n<meta property=\"article:publisher\" content=\"https:\/\/www.facebook.com\/quotidianopiemontese?fref=ts\" \/>\n<meta property=\"article:published_time\" content=\"2025-10-03T08:07:59+00:00\" \/>\n<meta property=\"og:image\" content=\"http:\/\/web.quotidianopiemontese.it\/cultura-arte-e-spettacolo-a-torino\/files\/2025\/10\/01_bruno-barbey-1-1024x866.jpg\" \/>\n\t<meta property=\"og:image:width\" content=\"1024\" \/>\n\t<meta property=\"og:image:height\" content=\"866\" \/>\n\t<meta property=\"og:image:type\" content=\"image\/jpeg\" \/>\n<meta name=\"author\" content=\"Emanuele Rebuffini\" \/>\n<meta name=\"twitter:label1\" content=\"Scritto da\" \/>\n\t<meta name=\"twitter:data1\" content=\"Emanuele Rebuffini\" \/>\n\t<meta name=\"twitter:label2\" content=\"Tempo di lettura stimato\" \/>\n\t<meta name=\"twitter:data2\" content=\"4 minuti\" \/>\n<script type=\"application\/ld+json\" class=\"yoast-schema-graph\">{\"@context\":\"https:\/\/schema.org\",\"@graph\":[{\"@type\":\"Article\",\"@id\":\"http:\/\/web.quotidianopiemontese.it\/cultura-arte-e-spettacolo-a-torino\/italia-sessanta-bruno-barbey-a-palazzo-barolo\/#article\",\"isPartOf\":{\"@id\":\"http:\/\/web.quotidianopiemontese.it\/cultura-arte-e-spettacolo-a-torino\/italia-sessanta-bruno-barbey-a-palazzo-barolo\/\"},\"author\":{\"name\":\"Emanuele Rebuffini\",\"@id\":\"https:\/\/web.quotidianopiemontese.it\/cultura-arte-e-spettacolo-a-torino\/#\/schema\/person\/b035109a4cc7d3e93911b78d8cebf3a0\"},\"headline\":\"Italia Sessanta. Bruno Barbey a Palazzo Barolo\",\"datePublished\":\"2025-10-03T08:07:59+00:00\",\"mainEntityOfPage\":{\"@id\":\"http:\/\/web.quotidianopiemontese.it\/cultura-arte-e-spettacolo-a-torino\/italia-sessanta-bruno-barbey-a-palazzo-barolo\/\"},\"wordCount\":430,\"commentCount\":0,\"image\":{\"@id\":\"http:\/\/web.quotidianopiemontese.it\/cultura-arte-e-spettacolo-a-torino\/italia-sessanta-bruno-barbey-a-palazzo-barolo\/#primaryimage\"},\"thumbnailUrl\":\"https:\/\/web.quotidianopiemontese.it\/cultura-arte-e-spettacolo-a-torino\/files\/2025\/10\/01_bruno-barbey-1.jpg\",\"keywords\":[\"Bruno Barbey\",\"Palazzo Falletti di Barolo\"],\"articleSection\":[\"Cultura, arte, spettacolo\"],\"inLanguage\":\"it-IT\",\"potentialAction\":[{\"@type\":\"CommentAction\",\"name\":\"Comment\",\"target\":[\"http:\/\/web.quotidianopiemontese.it\/cultura-arte-e-spettacolo-a-torino\/italia-sessanta-bruno-barbey-a-palazzo-barolo\/#respond\"]}]},{\"@type\":\"WebPage\",\"@id\":\"http:\/\/web.quotidianopiemontese.it\/cultura-arte-e-spettacolo-a-torino\/italia-sessanta-bruno-barbey-a-palazzo-barolo\/\",\"url\":\"http:\/\/web.quotidianopiemontese.it\/cultura-arte-e-spettacolo-a-torino\/italia-sessanta-bruno-barbey-a-palazzo-barolo\/\",\"name\":\"Italia Sessanta. Bruno Barbey a Palazzo Barolo - 3 Ottobre 2025\",\"isPartOf\":{\"@id\":\"https:\/\/web.quotidianopiemontese.it\/cultura-arte-e-spettacolo-a-torino\/#website\"},\"primaryImageOfPage\":{\"@id\":\"http:\/\/web.quotidianopiemontese.it\/cultura-arte-e-spettacolo-a-torino\/italia-sessanta-bruno-barbey-a-palazzo-barolo\/#primaryimage\"},\"image\":{\"@id\":\"http:\/\/web.quotidianopiemontese.it\/cultura-arte-e-spettacolo-a-torino\/italia-sessanta-bruno-barbey-a-palazzo-barolo\/#primaryimage\"},\"thumbnailUrl\":\"https:\/\/web.quotidianopiemontese.it\/cultura-arte-e-spettacolo-a-torino\/files\/2025\/10\/01_bruno-barbey-1.jpg\",\"datePublished\":\"2025-10-03T08:07:59+00:00\",\"author\":{\"@id\":\"https:\/\/web.quotidianopiemontese.it\/cultura-arte-e-spettacolo-a-torino\/#\/schema\/person\/b035109a4cc7d3e93911b78d8cebf3a0\"},\"description\":\"Italia Sessanta. Bruno Barbey a Palazzo Barolo - Cultura, Arte e Spettacolo a Torino - Inizialmente \u00abGli italiani\u00bb dovevano essere il terzo volume dell\u2019Encyclop\u00e9die essentielle, la collana dell\u2019editore francese Robert Delpire, che gi\u00e0 - Bruno Barbey, Palazzo Falletti di Barolo\",\"inLanguage\":\"it-IT\",\"potentialAction\":[{\"@type\":\"ReadAction\",\"target\":[\"http:\/\/web.quotidianopiemontese.it\/cultura-arte-e-spettacolo-a-torino\/italia-sessanta-bruno-barbey-a-palazzo-barolo\/\"]}]},{\"@type\":\"ImageObject\",\"inLanguage\":\"it-IT\",\"@id\":\"http:\/\/web.quotidianopiemontese.it\/cultura-arte-e-spettacolo-a-torino\/italia-sessanta-bruno-barbey-a-palazzo-barolo\/#primaryimage\",\"url\":\"https:\/\/web.quotidianopiemontese.it\/cultura-arte-e-spettacolo-a-torino\/files\/2025\/10\/01_bruno-barbey-1.jpg\",\"contentUrl\":\"https:\/\/web.quotidianopiemontese.it\/cultura-arte-e-spettacolo-a-torino\/files\/2025\/10\/01_bruno-barbey-1.jpg\",\"width\":2400,\"height\":2029},{\"@type\":\"WebSite\",\"@id\":\"https:\/\/web.quotidianopiemontese.it\/cultura-arte-e-spettacolo-a-torino\/#website\",\"url\":\"https:\/\/web.quotidianopiemontese.it\/cultura-arte-e-spettacolo-a-torino\/\",\"name\":\"Cultura, Arte e Spettacolo a Torino\",\"description\":\"Quotidiano Piemontese\",\"potentialAction\":[{\"@type\":\"SearchAction\",\"target\":{\"@type\":\"EntryPoint\",\"urlTemplate\":\"https:\/\/web.quotidianopiemontese.it\/cultura-arte-e-spettacolo-a-torino\/?s={search_term_string}\"},\"query-input\":{\"@type\":\"PropertyValueSpecification\",\"valueRequired\":true,\"valueName\":\"search_term_string\"}}],\"inLanguage\":\"it-IT\"},{\"@type\":\"Person\",\"@id\":\"https:\/\/web.quotidianopiemontese.it\/cultura-arte-e-spettacolo-a-torino\/#\/schema\/person\/b035109a4cc7d3e93911b78d8cebf3a0\",\"name\":\"Emanuele Rebuffini\",\"image\":{\"@type\":\"ImageObject\",\"inLanguage\":\"it-IT\",\"@id\":\"https:\/\/web.quotidianopiemontese.it\/cultura-arte-e-spettacolo-a-torino\/#\/schema\/person\/image\/\",\"url\":\"https:\/\/secure.gravatar.com\/avatar\/519a0a38be4cbbcf40fb5bc1b1173a85af291a3a8697df454a94ad7e05574628?s=96&d=mm&r=g\",\"contentUrl\":\"https:\/\/secure.gravatar.com\/avatar\/519a0a38be4cbbcf40fb5bc1b1173a85af291a3a8697df454a94ad7e05574628?s=96&d=mm&r=g\",\"caption\":\"Emanuele Rebuffini\"},\"sameAs\":[\"http:\/\/www.quotidianopiemontese.it\/cultura-arte-e-spettacolo-a-torino\/\"],\"url\":\"https:\/\/web.quotidianopiemontese.it\/cultura-arte-e-spettacolo-a-torino\/author\/emanuelerebuffini\/\"}]}<\/script>\n<!-- \/ Yoast SEO plugin. -->","yoast_head_json":{"title":"Italia Sessanta. Bruno Barbey a Palazzo Barolo - 3 Ottobre 2025","description":"Italia Sessanta. Bruno Barbey a Palazzo Barolo - Cultura, Arte e Spettacolo a Torino - Inizialmente \u00abGli italiani\u00bb dovevano essere il terzo volume dell\u2019Encyclop\u00e9die essentielle, la collana dell\u2019editore francese Robert Delpire, che gi\u00e0 - Bruno Barbey, Palazzo Falletti di Barolo","robots":{"index":"index","follow":"follow","max-snippet":"max-snippet:-1","max-image-preview":"max-image-preview:large","max-video-preview":"max-video-preview:-1"},"canonical":"http:\/\/web.quotidianopiemontese.it\/cultura-arte-e-spettacolo-a-torino\/italia-sessanta-bruno-barbey-a-palazzo-barolo\/","og_locale":"it_IT","og_type":"article","og_title":"Italia Sessanta. Bruno Barbey a Palazzo Barolo - 3 Ottobre 2025","og_description":"Italia Sessanta. Bruno Barbey a Palazzo Barolo - Cultura, Arte e Spettacolo a Torino - Inizialmente \u00abGli italiani\u00bb dovevano essere il terzo volume dell\u2019Encyclop\u00e9die essentielle, la collana dell\u2019editore francese Robert Delpire, che gi\u00e0 - Bruno Barbey, Palazzo Falletti di Barolo","og_url":"http:\/\/web.quotidianopiemontese.it\/cultura-arte-e-spettacolo-a-torino\/italia-sessanta-bruno-barbey-a-palazzo-barolo\/","og_site_name":"Cultura, Arte e Spettacolo a Torino","article_publisher":"https:\/\/www.facebook.com\/quotidianopiemontese?fref=ts","article_published_time":"2025-10-03T08:07:59+00:00","og_image":[{"width":1024,"height":866,"url":"http:\/\/web.quotidianopiemontese.it\/cultura-arte-e-spettacolo-a-torino\/files\/2025\/10\/01_bruno-barbey-1-1024x866.jpg","type":"image\/jpeg"}],"author":"Emanuele Rebuffini","twitter_misc":{"Scritto da":"Emanuele Rebuffini","Tempo di lettura stimato":"4 minuti"},"schema":{"@context":"https:\/\/schema.org","@graph":[{"@type":"Article","@id":"http:\/\/web.quotidianopiemontese.it\/cultura-arte-e-spettacolo-a-torino\/italia-sessanta-bruno-barbey-a-palazzo-barolo\/#article","isPartOf":{"@id":"http:\/\/web.quotidianopiemontese.it\/cultura-arte-e-spettacolo-a-torino\/italia-sessanta-bruno-barbey-a-palazzo-barolo\/"},"author":{"name":"Emanuele Rebuffini","@id":"https:\/\/web.quotidianopiemontese.it\/cultura-arte-e-spettacolo-a-torino\/#\/schema\/person\/b035109a4cc7d3e93911b78d8cebf3a0"},"headline":"Italia Sessanta. Bruno Barbey a Palazzo Barolo","datePublished":"2025-10-03T08:07:59+00:00","mainEntityOfPage":{"@id":"http:\/\/web.quotidianopiemontese.it\/cultura-arte-e-spettacolo-a-torino\/italia-sessanta-bruno-barbey-a-palazzo-barolo\/"},"wordCount":430,"commentCount":0,"image":{"@id":"http:\/\/web.quotidianopiemontese.it\/cultura-arte-e-spettacolo-a-torino\/italia-sessanta-bruno-barbey-a-palazzo-barolo\/#primaryimage"},"thumbnailUrl":"https:\/\/web.quotidianopiemontese.it\/cultura-arte-e-spettacolo-a-torino\/files\/2025\/10\/01_bruno-barbey-1.jpg","keywords":["Bruno Barbey","Palazzo Falletti di Barolo"],"articleSection":["Cultura, arte, spettacolo"],"inLanguage":"it-IT","potentialAction":[{"@type":"CommentAction","name":"Comment","target":["http:\/\/web.quotidianopiemontese.it\/cultura-arte-e-spettacolo-a-torino\/italia-sessanta-bruno-barbey-a-palazzo-barolo\/#respond"]}]},{"@type":"WebPage","@id":"http:\/\/web.quotidianopiemontese.it\/cultura-arte-e-spettacolo-a-torino\/italia-sessanta-bruno-barbey-a-palazzo-barolo\/","url":"http:\/\/web.quotidianopiemontese.it\/cultura-arte-e-spettacolo-a-torino\/italia-sessanta-bruno-barbey-a-palazzo-barolo\/","name":"Italia Sessanta. Bruno Barbey a Palazzo Barolo - 3 Ottobre 2025","isPartOf":{"@id":"https:\/\/web.quotidianopiemontese.it\/cultura-arte-e-spettacolo-a-torino\/#website"},"primaryImageOfPage":{"@id":"http:\/\/web.quotidianopiemontese.it\/cultura-arte-e-spettacolo-a-torino\/italia-sessanta-bruno-barbey-a-palazzo-barolo\/#primaryimage"},"image":{"@id":"http:\/\/web.quotidianopiemontese.it\/cultura-arte-e-spettacolo-a-torino\/italia-sessanta-bruno-barbey-a-palazzo-barolo\/#primaryimage"},"thumbnailUrl":"https:\/\/web.quotidianopiemontese.it\/cultura-arte-e-spettacolo-a-torino\/files\/2025\/10\/01_bruno-barbey-1.jpg","datePublished":"2025-10-03T08:07:59+00:00","author":{"@id":"https:\/\/web.quotidianopiemontese.it\/cultura-arte-e-spettacolo-a-torino\/#\/schema\/person\/b035109a4cc7d3e93911b78d8cebf3a0"},"description":"Italia Sessanta. Bruno Barbey a Palazzo Barolo - Cultura, Arte e Spettacolo a Torino - Inizialmente \u00abGli italiani\u00bb dovevano essere il terzo volume dell\u2019Encyclop\u00e9die essentielle, la collana dell\u2019editore francese Robert Delpire, che gi\u00e0 - Bruno Barbey, Palazzo Falletti di Barolo","inLanguage":"it-IT","potentialAction":[{"@type":"ReadAction","target":["http:\/\/web.quotidianopiemontese.it\/cultura-arte-e-spettacolo-a-torino\/italia-sessanta-bruno-barbey-a-palazzo-barolo\/"]}]},{"@type":"ImageObject","inLanguage":"it-IT","@id":"http:\/\/web.quotidianopiemontese.it\/cultura-arte-e-spettacolo-a-torino\/italia-sessanta-bruno-barbey-a-palazzo-barolo\/#primaryimage","url":"https:\/\/web.quotidianopiemontese.it\/cultura-arte-e-spettacolo-a-torino\/files\/2025\/10\/01_bruno-barbey-1.jpg","contentUrl":"https:\/\/web.quotidianopiemontese.it\/cultura-arte-e-spettacolo-a-torino\/files\/2025\/10\/01_bruno-barbey-1.jpg","width":2400,"height":2029},{"@type":"WebSite","@id":"https:\/\/web.quotidianopiemontese.it\/cultura-arte-e-spettacolo-a-torino\/#website","url":"https:\/\/web.quotidianopiemontese.it\/cultura-arte-e-spettacolo-a-torino\/","name":"Cultura, Arte e Spettacolo a Torino","description":"Quotidiano Piemontese","potentialAction":[{"@type":"SearchAction","target":{"@type":"EntryPoint","urlTemplate":"https:\/\/web.quotidianopiemontese.it\/cultura-arte-e-spettacolo-a-torino\/?s={search_term_string}"},"query-input":{"@type":"PropertyValueSpecification","valueRequired":true,"valueName":"search_term_string"}}],"inLanguage":"it-IT"},{"@type":"Person","@id":"https:\/\/web.quotidianopiemontese.it\/cultura-arte-e-spettacolo-a-torino\/#\/schema\/person\/b035109a4cc7d3e93911b78d8cebf3a0","name":"Emanuele Rebuffini","image":{"@type":"ImageObject","inLanguage":"it-IT","@id":"https:\/\/web.quotidianopiemontese.it\/cultura-arte-e-spettacolo-a-torino\/#\/schema\/person\/image\/","url":"https:\/\/secure.gravatar.com\/avatar\/519a0a38be4cbbcf40fb5bc1b1173a85af291a3a8697df454a94ad7e05574628?s=96&d=mm&r=g","contentUrl":"https:\/\/secure.gravatar.com\/avatar\/519a0a38be4cbbcf40fb5bc1b1173a85af291a3a8697df454a94ad7e05574628?s=96&d=mm&r=g","caption":"Emanuele Rebuffini"},"sameAs":["http:\/\/www.quotidianopiemontese.it\/cultura-arte-e-spettacolo-a-torino\/"],"url":"https:\/\/web.quotidianopiemontese.it\/cultura-arte-e-spettacolo-a-torino\/author\/emanuelerebuffini\/"}]}},"_links":{"self":[{"href":"https:\/\/web.quotidianopiemontese.it\/cultura-arte-e-spettacolo-a-torino\/wp-json\/wp\/v2\/posts\/1632","targetHints":{"allow":["GET"]}}],"collection":[{"href":"https:\/\/web.quotidianopiemontese.it\/cultura-arte-e-spettacolo-a-torino\/wp-json\/wp\/v2\/posts"}],"about":[{"href":"https:\/\/web.quotidianopiemontese.it\/cultura-arte-e-spettacolo-a-torino\/wp-json\/wp\/v2\/types\/post"}],"author":[{"embeddable":true,"href":"https:\/\/web.quotidianopiemontese.it\/cultura-arte-e-spettacolo-a-torino\/wp-json\/wp\/v2\/users\/1361"}],"replies":[{"embeddable":true,"href":"https:\/\/web.quotidianopiemontese.it\/cultura-arte-e-spettacolo-a-torino\/wp-json\/wp\/v2\/comments?post=1632"}],"version-history":[{"count":2,"href":"https:\/\/web.quotidianopiemontese.it\/cultura-arte-e-spettacolo-a-torino\/wp-json\/wp\/v2\/posts\/1632\/revisions"}],"predecessor-version":[{"id":1641,"href":"https:\/\/web.quotidianopiemontese.it\/cultura-arte-e-spettacolo-a-torino\/wp-json\/wp\/v2\/posts\/1632\/revisions\/1641"}],"wp:featuredmedia":[{"embeddable":true,"href":"https:\/\/web.quotidianopiemontese.it\/cultura-arte-e-spettacolo-a-torino\/wp-json\/wp\/v2\/media\/1634"}],"wp:attachment":[{"href":"https:\/\/web.quotidianopiemontese.it\/cultura-arte-e-spettacolo-a-torino\/wp-json\/wp\/v2\/media?parent=1632"}],"wp:term":[{"taxonomy":"category","embeddable":true,"href":"https:\/\/web.quotidianopiemontese.it\/cultura-arte-e-spettacolo-a-torino\/wp-json\/wp\/v2\/categories?post=1632"},{"taxonomy":"post_tag","embeddable":true,"href":"https:\/\/web.quotidianopiemontese.it\/cultura-arte-e-spettacolo-a-torino\/wp-json\/wp\/v2\/tags?post=1632"}],"curies":[{"name":"wp","href":"https:\/\/api.w.org\/{rel}","templated":true}]}}