{"id":1623,"date":"2025-09-22T15:36:19","date_gmt":"2025-09-22T13:36:19","guid":{"rendered":"https:\/\/web.quotidianopiemontese.it\/cultura-arte-e-spettacolo-a-torino\/?p=1623"},"modified":"2025-09-22T15:36:19","modified_gmt":"2025-09-22T13:36:19","slug":"al-folk-club-musica-senza-confini-dagli-avion-travel-a-lou-marini","status":"publish","type":"post","link":"https:\/\/web.quotidianopiemontese.it\/cultura-arte-e-spettacolo-a-torino\/al-folk-club-musica-senza-confini-dagli-avion-travel-a-lou-marini\/","title":{"rendered":"Al Folk Club musica senza confini: dagli Avion Travel a Lou Marini"},"content":{"rendered":"<p>Sar\u00e0 la <strong>Piccola Orchestra Avion Travel<\/strong> ad aprire la nuova stagione del <strong>Folk Club. <\/strong><strong>Gioved\u00ec 2 e venerd\u00ec 3 ottobre<\/strong> Peppe Servillo e compagni festeggiano 45 anni di carriera con un doppio concerto che unisce il loro carisma e la loro eleganza a una storia musicale che li ha resi unici, da Sanremo al cinema.<!--more--><\/p>\n<p>Un cartellone, quello confezionato da <strong>Paolo Luc\u00e0,<\/strong> che propone un viaggio musicale in territori noti e ignoti, tra folk italiano ed internazionale, canzone d\u2019autore e jazz, sempre all\u2019insegna di quella qualit\u00e0 che fa dell\u2019<em>infernot <\/em>di via Perrone un luogo speciale e intimo, dove apprezzare gli artisti davvero \u201ca portata di mano\u201d. E con proposte particolarmente raffinate ed intriganti.<\/p>\n<p><a href=\"http:\/\/web.quotidianopiemontese.it\/cultura-arte-e-spettacolo-a-torino\/files\/2025\/09\/KNKrXtzg.jpeg\"><img loading=\"lazy\" decoding=\"async\" class=\"alignnone size-medium wp-image-1625\" src=\"http:\/\/web.quotidianopiemontese.it\/cultura-arte-e-spettacolo-a-torino\/files\/2025\/09\/KNKrXtzg-300x200.jpeg\" alt=\"\" width=\"300\" height=\"200\" srcset=\"https:\/\/web.quotidianopiemontese.it\/cultura-arte-e-spettacolo-a-torino\/files\/2025\/09\/KNKrXtzg-300x200.jpeg 300w, https:\/\/web.quotidianopiemontese.it\/cultura-arte-e-spettacolo-a-torino\/files\/2025\/09\/KNKrXtzg-1024x682.jpeg 1024w, https:\/\/web.quotidianopiemontese.it\/cultura-arte-e-spettacolo-a-torino\/files\/2025\/09\/KNKrXtzg-768x512.jpeg 768w, https:\/\/web.quotidianopiemontese.it\/cultura-arte-e-spettacolo-a-torino\/files\/2025\/09\/KNKrXtzg-1200x800.jpeg 1200w, https:\/\/web.quotidianopiemontese.it\/cultura-arte-e-spettacolo-a-torino\/files\/2025\/09\/KNKrXtzg.jpeg 1280w\" sizes=\"auto, (max-width: 300px) 85vw, 300px\" \/><\/a><\/p>\n<p>Come sicuramente sar\u00e0, il 23 ottobre, il concerto che vede protagonista il talento cristallino della pianista e cantante tedesca <strong>Olivia Trummer<\/strong>, che con Makar Novikov e Amir Bresler costruisce ponti tra jazz, canzone e melodia. Il giorno dopo (24 ottobre), per il primo appuntamento della storica rassegna <strong><em>Buscadero Nights<\/em><\/strong>, sar\u00e0 la volta del country \u201cNew Wave Western\u201d di <strong>Sam Outlaw<\/strong> con la sua band acustica, arricchito dall\u2019apertura della straordinaria songwriter dell\u2019Alabama Hannah Aldridge.<\/p>\n<p><a href=\"http:\/\/web.quotidianopiemontese.it\/cultura-arte-e-spettacolo-a-torino\/files\/2025\/09\/RIBOT-Newsletter.jpg\"><img loading=\"lazy\" decoding=\"async\" class=\"alignnone size-medium wp-image-1626\" src=\"http:\/\/web.quotidianopiemontese.it\/cultura-arte-e-spettacolo-a-torino\/files\/2025\/09\/RIBOT-Newsletter-194x300.jpg\" alt=\"\" width=\"194\" height=\"300\" srcset=\"https:\/\/web.quotidianopiemontese.it\/cultura-arte-e-spettacolo-a-torino\/files\/2025\/09\/RIBOT-Newsletter-194x300.jpg 194w, https:\/\/web.quotidianopiemontese.it\/cultura-arte-e-spettacolo-a-torino\/files\/2025\/09\/RIBOT-Newsletter.jpg 593w\" sizes=\"auto, (max-width: 194px) 85vw, 194px\" \/><\/a><\/p>\n<p>Uno dei momenti centrali della XXXVII stagione arriva <strong>sabato 25 ottobre<\/strong>, con l\u2019attesissimo ritorno al FolkClub di <strong>Marc Ribot<\/strong>. Unica data italiana, il concerto vedr\u00e0 il chitarrista newyorkese presentare <em>Map of a Blue City<\/em>, il nuovo album nato da un percorso trentennale: un lavoro in cui tradizioni diverse \u2013 dal roots al free jazz, dalla bossa nova al noise \u2013 collidono con la sua voce intensa, per un\u2019esperienza che \u00e8 gi\u00e0 stata definita \u201cuna Lectio Magistralis\u201d. <strong>Venerd\u00ec 31 ottobre<\/strong> sar\u00e0 il turno degli <strong>Huun-Huur-Tu<\/strong>, l\u2019ensemble della Repubblica di Tuva che ha reso celebre nel mondo il canto difonico, trasformando antiche tradizioni in affascinanti paesaggi sonori.<\/p>\n<p><a href=\"http:\/\/web.quotidianopiemontese.it\/cultura-arte-e-spettacolo-a-torino\/files\/2025\/09\/TRIO-8.jpg\"><img loading=\"lazy\" decoding=\"async\" class=\"alignnone size-medium wp-image-1627\" src=\"http:\/\/web.quotidianopiemontese.it\/cultura-arte-e-spettacolo-a-torino\/files\/2025\/09\/TRIO-8-300x256.jpg\" alt=\"\" width=\"300\" height=\"256\" srcset=\"https:\/\/web.quotidianopiemontese.it\/cultura-arte-e-spettacolo-a-torino\/files\/2025\/09\/TRIO-8-300x256.jpg 300w, https:\/\/web.quotidianopiemontese.it\/cultura-arte-e-spettacolo-a-torino\/files\/2025\/09\/TRIO-8-1024x874.jpg 1024w, https:\/\/web.quotidianopiemontese.it\/cultura-arte-e-spettacolo-a-torino\/files\/2025\/09\/TRIO-8-768x656.jpg 768w, https:\/\/web.quotidianopiemontese.it\/cultura-arte-e-spettacolo-a-torino\/files\/2025\/09\/TRIO-8-1200x1025.jpg 1200w, https:\/\/web.quotidianopiemontese.it\/cultura-arte-e-spettacolo-a-torino\/files\/2025\/09\/TRIO-8.jpg 1286w\" sizes=\"auto, (max-width: 300px) 85vw, 300px\" \/><\/a><\/p>\n<p>L\u2019<strong>8 novembre<\/strong> tre straordinari musicisti danno vita a <strong>L\u2019Antidote<\/strong>, un progetto che oppone la bellezza alla durezza del presente: maestro iraniano dello zarb e delle percussioni persiane, appassionato tanto di jazz quanto delle sonorit\u00e0 mediterranee, <strong>Bijan Chemirani<\/strong> fonde la sua scienza del ritmo con quella del violoncellista albanese <strong>Redi Hasa<\/strong> \u2013 noto per aver contribuito alla rinascita della musica tradizionale dell\u2019Italia meridionale, ma anche per le collaborazioni con Maria Mazzotta, Ludovico Einaudi e Robert Plant \u2013 e con il libanese <strong>Rami Khalif\u00e9<\/strong>, fantastico pianista libanese di formazione classica, affermato come uno dei compositori pi\u00f9 influenti del XXI secolo, che mescola con maestria classica ed elettronica sui tasti del suo pianoforte.<\/p>\n<p><a href=\"http:\/\/web.quotidianopiemontese.it\/cultura-arte-e-spettacolo-a-torino\/files\/2025\/09\/Elijah-Wald-at-Cafe-Wha-2025-photo-by-RI-Sutherland-Cohen-8x10-cropped-RIDOTTA.jpg\"><img loading=\"lazy\" decoding=\"async\" class=\"alignnone size-medium wp-image-1628\" src=\"http:\/\/web.quotidianopiemontese.it\/cultura-arte-e-spettacolo-a-torino\/files\/2025\/09\/Elijah-Wald-at-Cafe-Wha-2025-photo-by-RI-Sutherland-Cohen-8x10-cropped-RIDOTTA-300x265.jpg\" alt=\"\" width=\"300\" height=\"265\" srcset=\"https:\/\/web.quotidianopiemontese.it\/cultura-arte-e-spettacolo-a-torino\/files\/2025\/09\/Elijah-Wald-at-Cafe-Wha-2025-photo-by-RI-Sutherland-Cohen-8x10-cropped-RIDOTTA-300x265.jpg 300w, https:\/\/web.quotidianopiemontese.it\/cultura-arte-e-spettacolo-a-torino\/files\/2025\/09\/Elijah-Wald-at-Cafe-Wha-2025-photo-by-RI-Sutherland-Cohen-8x10-cropped-RIDOTTA-1024x906.jpg 1024w, https:\/\/web.quotidianopiemontese.it\/cultura-arte-e-spettacolo-a-torino\/files\/2025\/09\/Elijah-Wald-at-Cafe-Wha-2025-photo-by-RI-Sutherland-Cohen-8x10-cropped-RIDOTTA-768x679.jpg 768w, https:\/\/web.quotidianopiemontese.it\/cultura-arte-e-spettacolo-a-torino\/files\/2025\/09\/Elijah-Wald-at-Cafe-Wha-2025-photo-by-RI-Sutherland-Cohen-8x10-cropped-RIDOTTA-1536x1359.jpg 1536w, https:\/\/web.quotidianopiemontese.it\/cultura-arte-e-spettacolo-a-torino\/files\/2025\/09\/Elijah-Wald-at-Cafe-Wha-2025-photo-by-RI-Sutherland-Cohen-8x10-cropped-RIDOTTA-1200x1062.jpg 1200w, https:\/\/web.quotidianopiemontese.it\/cultura-arte-e-spettacolo-a-torino\/files\/2025\/09\/Elijah-Wald-at-Cafe-Wha-2025-photo-by-RI-Sutherland-Cohen-8x10-cropped-RIDOTTA.jpg 1622w\" sizes=\"auto, (max-width: 300px) 85vw, 300px\" \/><\/a><\/p>\n<p><strong>Sabato 29 novembre<\/strong> il primo appuntamento della rassegna <em>RadioLondra<\/em>, diretta da Enzo Zirilli: <strong>Vibessence<\/strong>, ovvero vibrafono di Thomas Dobler insieme a tre giganti del jazz italiano ed europeo, Furio Di Castri, Dado Moroni ed Enzo Zirilli. <strong>D<\/strong><strong>icembre <\/strong>proporr\u00e0 un viaggio nel Greenwich Village degli anni \u201960: il <strong>5 dicembre<\/strong> il chitarrista, cantante e narratore statunitense <strong>Elijah Wald<\/strong> porta in scena, accompagnato da Alex \u2018Kid\u2019 Gariazzo alla chitarra e voce, Marco \u2018Benz\u2019 Gentile al violino e mandolino e Pietro Brunello chitarra e voce, <em>A Complete Unknown<\/em>, un omaggio a Bob Dylan arricchito dai racconti e dalle canzoni che hanno fatto la storia. Il <strong>13 dicembre<\/strong> torna da Brooklyn sul palco della sua citt\u00e0 natale <strong>Erene Mastrangeli<\/strong>, \u201cla Joni Mitchell italiana\u201d, che presenta l\u2019ultimo disco <em>Loveshine<\/em> in un concerto che si annuncia intimo e ricco di emozione.<\/p>\n<p><a href=\"http:\/\/web.quotidianopiemontese.it\/cultura-arte-e-spettacolo-a-torino\/files\/2025\/09\/Mastrangeli-COVER-CD-front-RIDOTTA.jpg\"><img loading=\"lazy\" decoding=\"async\" class=\"alignnone size-medium wp-image-1629\" src=\"http:\/\/web.quotidianopiemontese.it\/cultura-arte-e-spettacolo-a-torino\/files\/2025\/09\/Mastrangeli-COVER-CD-front-RIDOTTA-300x300.jpg\" alt=\"\" width=\"300\" height=\"300\" srcset=\"https:\/\/web.quotidianopiemontese.it\/cultura-arte-e-spettacolo-a-torino\/files\/2025\/09\/Mastrangeli-COVER-CD-front-RIDOTTA-300x300.jpg 300w, https:\/\/web.quotidianopiemontese.it\/cultura-arte-e-spettacolo-a-torino\/files\/2025\/09\/Mastrangeli-COVER-CD-front-RIDOTTA-150x150.jpg 150w, https:\/\/web.quotidianopiemontese.it\/cultura-arte-e-spettacolo-a-torino\/files\/2025\/09\/Mastrangeli-COVER-CD-front-RIDOTTA.jpg 750w\" sizes=\"auto, (max-width: 300px) 85vw, 300px\" \/><\/a><\/p>\n<p>Nella seconda parte della stagione (le date saranno annunciate a dicembre) sono attesi, tra gli altri, il ritorno della straordinaria cantante e virtuosa musicista <strong>Rhiannon Giddens<\/strong>, in coppia con l\u2019alchimista musicale <strong>Francesco Turrisi<\/strong> (due concerti all\u2019inizio di febbraio), quindi, ancora a febbraio <strong>Layla McCalla<\/strong> e per concludere a maggio con <strong>Lou Marini.<\/strong><\/p>\n<p><a href=\"http:\/\/www.folkclub.it\">http:\/\/www.folkclub.it<\/a><\/p>\n<p><strong>Emanuele Rebuffini<\/strong><\/p>\n<p>&nbsp;<\/p>\n<p>&nbsp;<\/p>\n","protected":false},"excerpt":{"rendered":"<p>Sar\u00e0 la Piccola Orchestra Avion Travel ad aprire la nuova stagione del Folk Club. Gioved\u00ec 2 e venerd\u00ec 3 ottobre Peppe Servillo e compagni festeggiano 45 anni di carriera con un doppio concerto che unisce il loro carisma e la loro eleganza a una storia musicale che li ha resi unici, da Sanremo al cinema.<\/p>\n","protected":false},"author":1361,"featured_media":1624,"comment_status":"open","ping_status":"open","sticky":false,"template":"","format":"standard","meta":{"footnotes":""},"categories":[1],"tags":[289,189],"class_list":["post-1623","post","type-post","status-publish","format-standard","has-post-thumbnail","hentry","category-cultura-arte-spettacolo","tag-avion-travel","tag-folk-club"],"yoast_head":"<!-- This site is optimized with the Yoast SEO plugin v27.1.1 - https:\/\/yoast.com\/product\/yoast-seo-wordpress\/ -->\n<title>Al Folk Club musica senza confini: dagli Avion Travel a Lou Marini - 22 Settembre 2025<\/title>\n<meta name=\"description\" content=\"Al Folk Club musica senza confini: dagli Avion Travel a Lou Marini - Cultura, Arte e Spettacolo a Torino - Sar\u00e0 la Piccola Orchestra Avion Travel ad aprire la nuova stagione del Folk Club. Gioved\u00ec 2 e venerd\u00ec 3 ottobre Peppe Servillo e compagni festeggiano 45 - Avion Travel, Folk Club\" \/>\n<meta name=\"robots\" content=\"index, follow, max-snippet:-1, max-image-preview:large, max-video-preview:-1\" \/>\n<link rel=\"canonical\" href=\"http:\/\/web.quotidianopiemontese.it\/cultura-arte-e-spettacolo-a-torino\/al-folk-club-musica-senza-confini-dagli-avion-travel-a-lou-marini\/\" \/>\n<meta property=\"og:locale\" content=\"it_IT\" \/>\n<meta property=\"og:type\" content=\"article\" \/>\n<meta property=\"og:title\" content=\"Al Folk Club musica senza confini: dagli Avion Travel a Lou Marini - 22 Settembre 2025\" \/>\n<meta property=\"og:description\" content=\"Al Folk Club musica senza confini: dagli Avion Travel a Lou Marini - Cultura, Arte e Spettacolo a Torino - Sar\u00e0 la Piccola Orchestra Avion Travel ad aprire la nuova stagione del Folk Club. Gioved\u00ec 2 e venerd\u00ec 3 ottobre Peppe Servillo e compagni festeggiano 45 - Avion Travel, Folk Club\" \/>\n<meta property=\"og:url\" content=\"http:\/\/web.quotidianopiemontese.it\/cultura-arte-e-spettacolo-a-torino\/al-folk-club-musica-senza-confini-dagli-avion-travel-a-lou-marini\/\" \/>\n<meta property=\"og:site_name\" content=\"Cultura, Arte e Spettacolo a Torino\" \/>\n<meta property=\"article:publisher\" content=\"https:\/\/www.facebook.com\/quotidianopiemontese?fref=ts\" \/>\n<meta property=\"article:published_time\" content=\"2025-09-22T13:36:19+00:00\" \/>\n<meta property=\"og:image\" content=\"http:\/\/web.quotidianopiemontese.it\/cultura-arte-e-spettacolo-a-torino\/files\/2025\/09\/FABRIZIO_IOZZO_5085-RIDOTTA-scaled.jpg\" \/>\n\t<meta property=\"og:image:width\" content=\"2560\" \/>\n\t<meta property=\"og:image:height\" content=\"1706\" \/>\n\t<meta property=\"og:image:type\" content=\"image\/jpeg\" \/>\n<meta name=\"author\" content=\"Emanuele Rebuffini\" \/>\n<meta name=\"twitter:label1\" content=\"Scritto da\" \/>\n\t<meta name=\"twitter:data1\" content=\"Emanuele Rebuffini\" \/>\n\t<meta name=\"twitter:label2\" content=\"Tempo di lettura stimato\" \/>\n\t<meta name=\"twitter:data2\" content=\"5 minuti\" \/>\n<script type=\"application\/ld+json\" class=\"yoast-schema-graph\">{\"@context\":\"https:\/\/schema.org\",\"@graph\":[{\"@type\":\"Article\",\"@id\":\"http:\/\/web.quotidianopiemontese.it\/cultura-arte-e-spettacolo-a-torino\/al-folk-club-musica-senza-confini-dagli-avion-travel-a-lou-marini\/#article\",\"isPartOf\":{\"@id\":\"http:\/\/web.quotidianopiemontese.it\/cultura-arte-e-spettacolo-a-torino\/al-folk-club-musica-senza-confini-dagli-avion-travel-a-lou-marini\/\"},\"author\":{\"name\":\"Emanuele Rebuffini\",\"@id\":\"https:\/\/web.quotidianopiemontese.it\/cultura-arte-e-spettacolo-a-torino\/#\/schema\/person\/b035109a4cc7d3e93911b78d8cebf3a0\"},\"headline\":\"Al Folk Club musica senza confini: dagli Avion Travel a Lou Marini\",\"datePublished\":\"2025-09-22T13:36:19+00:00\",\"mainEntityOfPage\":{\"@id\":\"http:\/\/web.quotidianopiemontese.it\/cultura-arte-e-spettacolo-a-torino\/al-folk-club-musica-senza-confini-dagli-avion-travel-a-lou-marini\/\"},\"wordCount\":606,\"commentCount\":0,\"image\":{\"@id\":\"http:\/\/web.quotidianopiemontese.it\/cultura-arte-e-spettacolo-a-torino\/al-folk-club-musica-senza-confini-dagli-avion-travel-a-lou-marini\/#primaryimage\"},\"thumbnailUrl\":\"https:\/\/web.quotidianopiemontese.it\/cultura-arte-e-spettacolo-a-torino\/files\/2025\/09\/FABRIZIO_IOZZO_5085-RIDOTTA-scaled.jpg\",\"keywords\":[\"Avion Travel\",\"Folk Club\"],\"articleSection\":[\"Cultura, arte, spettacolo\"],\"inLanguage\":\"it-IT\",\"potentialAction\":[{\"@type\":\"CommentAction\",\"name\":\"Comment\",\"target\":[\"http:\/\/web.quotidianopiemontese.it\/cultura-arte-e-spettacolo-a-torino\/al-folk-club-musica-senza-confini-dagli-avion-travel-a-lou-marini\/#respond\"]}]},{\"@type\":\"WebPage\",\"@id\":\"http:\/\/web.quotidianopiemontese.it\/cultura-arte-e-spettacolo-a-torino\/al-folk-club-musica-senza-confini-dagli-avion-travel-a-lou-marini\/\",\"url\":\"http:\/\/web.quotidianopiemontese.it\/cultura-arte-e-spettacolo-a-torino\/al-folk-club-musica-senza-confini-dagli-avion-travel-a-lou-marini\/\",\"name\":\"Al Folk Club musica senza confini: dagli Avion Travel a Lou Marini - 22 Settembre 2025\",\"isPartOf\":{\"@id\":\"https:\/\/web.quotidianopiemontese.it\/cultura-arte-e-spettacolo-a-torino\/#website\"},\"primaryImageOfPage\":{\"@id\":\"http:\/\/web.quotidianopiemontese.it\/cultura-arte-e-spettacolo-a-torino\/al-folk-club-musica-senza-confini-dagli-avion-travel-a-lou-marini\/#primaryimage\"},\"image\":{\"@id\":\"http:\/\/web.quotidianopiemontese.it\/cultura-arte-e-spettacolo-a-torino\/al-folk-club-musica-senza-confini-dagli-avion-travel-a-lou-marini\/#primaryimage\"},\"thumbnailUrl\":\"https:\/\/web.quotidianopiemontese.it\/cultura-arte-e-spettacolo-a-torino\/files\/2025\/09\/FABRIZIO_IOZZO_5085-RIDOTTA-scaled.jpg\",\"datePublished\":\"2025-09-22T13:36:19+00:00\",\"author\":{\"@id\":\"https:\/\/web.quotidianopiemontese.it\/cultura-arte-e-spettacolo-a-torino\/#\/schema\/person\/b035109a4cc7d3e93911b78d8cebf3a0\"},\"description\":\"Al Folk Club musica senza confini: dagli Avion Travel a Lou Marini - Cultura, Arte e Spettacolo a Torino - Sar\u00e0 la Piccola Orchestra Avion Travel ad aprire la nuova stagione del Folk Club. Gioved\u00ec 2 e venerd\u00ec 3 ottobre Peppe Servillo e compagni festeggiano 45 - Avion Travel, Folk Club\",\"inLanguage\":\"it-IT\",\"potentialAction\":[{\"@type\":\"ReadAction\",\"target\":[\"http:\/\/web.quotidianopiemontese.it\/cultura-arte-e-spettacolo-a-torino\/al-folk-club-musica-senza-confini-dagli-avion-travel-a-lou-marini\/\"]}]},{\"@type\":\"ImageObject\",\"inLanguage\":\"it-IT\",\"@id\":\"http:\/\/web.quotidianopiemontese.it\/cultura-arte-e-spettacolo-a-torino\/al-folk-club-musica-senza-confini-dagli-avion-travel-a-lou-marini\/#primaryimage\",\"url\":\"https:\/\/web.quotidianopiemontese.it\/cultura-arte-e-spettacolo-a-torino\/files\/2025\/09\/FABRIZIO_IOZZO_5085-RIDOTTA-scaled.jpg\",\"contentUrl\":\"https:\/\/web.quotidianopiemontese.it\/cultura-arte-e-spettacolo-a-torino\/files\/2025\/09\/FABRIZIO_IOZZO_5085-RIDOTTA-scaled.jpg\",\"width\":2560,\"height\":1706},{\"@type\":\"WebSite\",\"@id\":\"https:\/\/web.quotidianopiemontese.it\/cultura-arte-e-spettacolo-a-torino\/#website\",\"url\":\"https:\/\/web.quotidianopiemontese.it\/cultura-arte-e-spettacolo-a-torino\/\",\"name\":\"Cultura, Arte e Spettacolo a Torino\",\"description\":\"Quotidiano Piemontese\",\"potentialAction\":[{\"@type\":\"SearchAction\",\"target\":{\"@type\":\"EntryPoint\",\"urlTemplate\":\"https:\/\/web.quotidianopiemontese.it\/cultura-arte-e-spettacolo-a-torino\/?s={search_term_string}\"},\"query-input\":{\"@type\":\"PropertyValueSpecification\",\"valueRequired\":true,\"valueName\":\"search_term_string\"}}],\"inLanguage\":\"it-IT\"},{\"@type\":\"Person\",\"@id\":\"https:\/\/web.quotidianopiemontese.it\/cultura-arte-e-spettacolo-a-torino\/#\/schema\/person\/b035109a4cc7d3e93911b78d8cebf3a0\",\"name\":\"Emanuele Rebuffini\",\"image\":{\"@type\":\"ImageObject\",\"inLanguage\":\"it-IT\",\"@id\":\"https:\/\/web.quotidianopiemontese.it\/cultura-arte-e-spettacolo-a-torino\/#\/schema\/person\/image\/\",\"url\":\"https:\/\/secure.gravatar.com\/avatar\/519a0a38be4cbbcf40fb5bc1b1173a85af291a3a8697df454a94ad7e05574628?s=96&d=mm&r=g\",\"contentUrl\":\"https:\/\/secure.gravatar.com\/avatar\/519a0a38be4cbbcf40fb5bc1b1173a85af291a3a8697df454a94ad7e05574628?s=96&d=mm&r=g\",\"caption\":\"Emanuele Rebuffini\"},\"sameAs\":[\"http:\/\/www.quotidianopiemontese.it\/cultura-arte-e-spettacolo-a-torino\/\"],\"url\":\"https:\/\/web.quotidianopiemontese.it\/cultura-arte-e-spettacolo-a-torino\/author\/emanuelerebuffini\/\"}]}<\/script>\n<!-- \/ Yoast SEO plugin. -->","yoast_head_json":{"title":"Al Folk Club musica senza confini: dagli Avion Travel a Lou Marini - 22 Settembre 2025","description":"Al Folk Club musica senza confini: dagli Avion Travel a Lou Marini - Cultura, Arte e Spettacolo a Torino - Sar\u00e0 la Piccola Orchestra Avion Travel ad aprire la nuova stagione del Folk Club. Gioved\u00ec 2 e venerd\u00ec 3 ottobre Peppe Servillo e compagni festeggiano 45 - Avion Travel, Folk Club","robots":{"index":"index","follow":"follow","max-snippet":"max-snippet:-1","max-image-preview":"max-image-preview:large","max-video-preview":"max-video-preview:-1"},"canonical":"http:\/\/web.quotidianopiemontese.it\/cultura-arte-e-spettacolo-a-torino\/al-folk-club-musica-senza-confini-dagli-avion-travel-a-lou-marini\/","og_locale":"it_IT","og_type":"article","og_title":"Al Folk Club musica senza confini: dagli Avion Travel a Lou Marini - 22 Settembre 2025","og_description":"Al Folk Club musica senza confini: dagli Avion Travel a Lou Marini - Cultura, Arte e Spettacolo a Torino - Sar\u00e0 la Piccola Orchestra Avion Travel ad aprire la nuova stagione del Folk Club. Gioved\u00ec 2 e venerd\u00ec 3 ottobre Peppe Servillo e compagni festeggiano 45 - Avion Travel, Folk Club","og_url":"http:\/\/web.quotidianopiemontese.it\/cultura-arte-e-spettacolo-a-torino\/al-folk-club-musica-senza-confini-dagli-avion-travel-a-lou-marini\/","og_site_name":"Cultura, Arte e Spettacolo a Torino","article_publisher":"https:\/\/www.facebook.com\/quotidianopiemontese?fref=ts","article_published_time":"2025-09-22T13:36:19+00:00","og_image":[{"width":2560,"height":1706,"url":"http:\/\/web.quotidianopiemontese.it\/cultura-arte-e-spettacolo-a-torino\/files\/2025\/09\/FABRIZIO_IOZZO_5085-RIDOTTA-scaled.jpg","type":"image\/jpeg"}],"author":"Emanuele Rebuffini","twitter_misc":{"Scritto da":"Emanuele Rebuffini","Tempo di lettura stimato":"5 minuti"},"schema":{"@context":"https:\/\/schema.org","@graph":[{"@type":"Article","@id":"http:\/\/web.quotidianopiemontese.it\/cultura-arte-e-spettacolo-a-torino\/al-folk-club-musica-senza-confini-dagli-avion-travel-a-lou-marini\/#article","isPartOf":{"@id":"http:\/\/web.quotidianopiemontese.it\/cultura-arte-e-spettacolo-a-torino\/al-folk-club-musica-senza-confini-dagli-avion-travel-a-lou-marini\/"},"author":{"name":"Emanuele Rebuffini","@id":"https:\/\/web.quotidianopiemontese.it\/cultura-arte-e-spettacolo-a-torino\/#\/schema\/person\/b035109a4cc7d3e93911b78d8cebf3a0"},"headline":"Al Folk Club musica senza confini: dagli Avion Travel a Lou Marini","datePublished":"2025-09-22T13:36:19+00:00","mainEntityOfPage":{"@id":"http:\/\/web.quotidianopiemontese.it\/cultura-arte-e-spettacolo-a-torino\/al-folk-club-musica-senza-confini-dagli-avion-travel-a-lou-marini\/"},"wordCount":606,"commentCount":0,"image":{"@id":"http:\/\/web.quotidianopiemontese.it\/cultura-arte-e-spettacolo-a-torino\/al-folk-club-musica-senza-confini-dagli-avion-travel-a-lou-marini\/#primaryimage"},"thumbnailUrl":"https:\/\/web.quotidianopiemontese.it\/cultura-arte-e-spettacolo-a-torino\/files\/2025\/09\/FABRIZIO_IOZZO_5085-RIDOTTA-scaled.jpg","keywords":["Avion Travel","Folk Club"],"articleSection":["Cultura, arte, spettacolo"],"inLanguage":"it-IT","potentialAction":[{"@type":"CommentAction","name":"Comment","target":["http:\/\/web.quotidianopiemontese.it\/cultura-arte-e-spettacolo-a-torino\/al-folk-club-musica-senza-confini-dagli-avion-travel-a-lou-marini\/#respond"]}]},{"@type":"WebPage","@id":"http:\/\/web.quotidianopiemontese.it\/cultura-arte-e-spettacolo-a-torino\/al-folk-club-musica-senza-confini-dagli-avion-travel-a-lou-marini\/","url":"http:\/\/web.quotidianopiemontese.it\/cultura-arte-e-spettacolo-a-torino\/al-folk-club-musica-senza-confini-dagli-avion-travel-a-lou-marini\/","name":"Al Folk Club musica senza confini: dagli Avion Travel a Lou Marini - 22 Settembre 2025","isPartOf":{"@id":"https:\/\/web.quotidianopiemontese.it\/cultura-arte-e-spettacolo-a-torino\/#website"},"primaryImageOfPage":{"@id":"http:\/\/web.quotidianopiemontese.it\/cultura-arte-e-spettacolo-a-torino\/al-folk-club-musica-senza-confini-dagli-avion-travel-a-lou-marini\/#primaryimage"},"image":{"@id":"http:\/\/web.quotidianopiemontese.it\/cultura-arte-e-spettacolo-a-torino\/al-folk-club-musica-senza-confini-dagli-avion-travel-a-lou-marini\/#primaryimage"},"thumbnailUrl":"https:\/\/web.quotidianopiemontese.it\/cultura-arte-e-spettacolo-a-torino\/files\/2025\/09\/FABRIZIO_IOZZO_5085-RIDOTTA-scaled.jpg","datePublished":"2025-09-22T13:36:19+00:00","author":{"@id":"https:\/\/web.quotidianopiemontese.it\/cultura-arte-e-spettacolo-a-torino\/#\/schema\/person\/b035109a4cc7d3e93911b78d8cebf3a0"},"description":"Al Folk Club musica senza confini: dagli Avion Travel a Lou Marini - Cultura, Arte e Spettacolo a Torino - Sar\u00e0 la Piccola Orchestra Avion Travel ad aprire la nuova stagione del Folk Club. Gioved\u00ec 2 e venerd\u00ec 3 ottobre Peppe Servillo e compagni festeggiano 45 - Avion Travel, Folk Club","inLanguage":"it-IT","potentialAction":[{"@type":"ReadAction","target":["http:\/\/web.quotidianopiemontese.it\/cultura-arte-e-spettacolo-a-torino\/al-folk-club-musica-senza-confini-dagli-avion-travel-a-lou-marini\/"]}]},{"@type":"ImageObject","inLanguage":"it-IT","@id":"http:\/\/web.quotidianopiemontese.it\/cultura-arte-e-spettacolo-a-torino\/al-folk-club-musica-senza-confini-dagli-avion-travel-a-lou-marini\/#primaryimage","url":"https:\/\/web.quotidianopiemontese.it\/cultura-arte-e-spettacolo-a-torino\/files\/2025\/09\/FABRIZIO_IOZZO_5085-RIDOTTA-scaled.jpg","contentUrl":"https:\/\/web.quotidianopiemontese.it\/cultura-arte-e-spettacolo-a-torino\/files\/2025\/09\/FABRIZIO_IOZZO_5085-RIDOTTA-scaled.jpg","width":2560,"height":1706},{"@type":"WebSite","@id":"https:\/\/web.quotidianopiemontese.it\/cultura-arte-e-spettacolo-a-torino\/#website","url":"https:\/\/web.quotidianopiemontese.it\/cultura-arte-e-spettacolo-a-torino\/","name":"Cultura, Arte e Spettacolo a Torino","description":"Quotidiano Piemontese","potentialAction":[{"@type":"SearchAction","target":{"@type":"EntryPoint","urlTemplate":"https:\/\/web.quotidianopiemontese.it\/cultura-arte-e-spettacolo-a-torino\/?s={search_term_string}"},"query-input":{"@type":"PropertyValueSpecification","valueRequired":true,"valueName":"search_term_string"}}],"inLanguage":"it-IT"},{"@type":"Person","@id":"https:\/\/web.quotidianopiemontese.it\/cultura-arte-e-spettacolo-a-torino\/#\/schema\/person\/b035109a4cc7d3e93911b78d8cebf3a0","name":"Emanuele Rebuffini","image":{"@type":"ImageObject","inLanguage":"it-IT","@id":"https:\/\/web.quotidianopiemontese.it\/cultura-arte-e-spettacolo-a-torino\/#\/schema\/person\/image\/","url":"https:\/\/secure.gravatar.com\/avatar\/519a0a38be4cbbcf40fb5bc1b1173a85af291a3a8697df454a94ad7e05574628?s=96&d=mm&r=g","contentUrl":"https:\/\/secure.gravatar.com\/avatar\/519a0a38be4cbbcf40fb5bc1b1173a85af291a3a8697df454a94ad7e05574628?s=96&d=mm&r=g","caption":"Emanuele Rebuffini"},"sameAs":["http:\/\/www.quotidianopiemontese.it\/cultura-arte-e-spettacolo-a-torino\/"],"url":"https:\/\/web.quotidianopiemontese.it\/cultura-arte-e-spettacolo-a-torino\/author\/emanuelerebuffini\/"}]}},"_links":{"self":[{"href":"https:\/\/web.quotidianopiemontese.it\/cultura-arte-e-spettacolo-a-torino\/wp-json\/wp\/v2\/posts\/1623","targetHints":{"allow":["GET"]}}],"collection":[{"href":"https:\/\/web.quotidianopiemontese.it\/cultura-arte-e-spettacolo-a-torino\/wp-json\/wp\/v2\/posts"}],"about":[{"href":"https:\/\/web.quotidianopiemontese.it\/cultura-arte-e-spettacolo-a-torino\/wp-json\/wp\/v2\/types\/post"}],"author":[{"embeddable":true,"href":"https:\/\/web.quotidianopiemontese.it\/cultura-arte-e-spettacolo-a-torino\/wp-json\/wp\/v2\/users\/1361"}],"replies":[{"embeddable":true,"href":"https:\/\/web.quotidianopiemontese.it\/cultura-arte-e-spettacolo-a-torino\/wp-json\/wp\/v2\/comments?post=1623"}],"version-history":[{"count":1,"href":"https:\/\/web.quotidianopiemontese.it\/cultura-arte-e-spettacolo-a-torino\/wp-json\/wp\/v2\/posts\/1623\/revisions"}],"predecessor-version":[{"id":1630,"href":"https:\/\/web.quotidianopiemontese.it\/cultura-arte-e-spettacolo-a-torino\/wp-json\/wp\/v2\/posts\/1623\/revisions\/1630"}],"wp:featuredmedia":[{"embeddable":true,"href":"https:\/\/web.quotidianopiemontese.it\/cultura-arte-e-spettacolo-a-torino\/wp-json\/wp\/v2\/media\/1624"}],"wp:attachment":[{"href":"https:\/\/web.quotidianopiemontese.it\/cultura-arte-e-spettacolo-a-torino\/wp-json\/wp\/v2\/media?parent=1623"}],"wp:term":[{"taxonomy":"category","embeddable":true,"href":"https:\/\/web.quotidianopiemontese.it\/cultura-arte-e-spettacolo-a-torino\/wp-json\/wp\/v2\/categories?post=1623"},{"taxonomy":"post_tag","embeddable":true,"href":"https:\/\/web.quotidianopiemontese.it\/cultura-arte-e-spettacolo-a-torino\/wp-json\/wp\/v2\/tags?post=1623"}],"curies":[{"name":"wp","href":"https:\/\/api.w.org\/{rel}","templated":true}]}}