{"id":1549,"date":"2025-06-09T11:03:39","date_gmt":"2025-06-09T09:03:39","guid":{"rendered":"https:\/\/web.quotidianopiemontese.it\/cultura-arte-e-spettacolo-a-torino\/?p=1549"},"modified":"2025-06-09T11:03:39","modified_gmt":"2025-06-09T09:03:39","slug":"di-erbe-e-di-fiori-erbari-dautore-a-miradolo","status":"publish","type":"post","link":"https:\/\/web.quotidianopiemontese.it\/cultura-arte-e-spettacolo-a-torino\/di-erbe-e-di-fiori-erbari-dautore-a-miradolo\/","title":{"rendered":"Di erbe e di fiori. Erbari d\u2019autore a Miradolo"},"content":{"rendered":"<p>\u00abMi venne il desiderio di classificare, non per l\u2019arido fine di incasellare, ma per dare un nome a delle creature ammirate e amate, sapendo che mi sarebbero diventate pi\u00f9 care dopo essere state riconosciute. Era questa la via per avvicinarmi alla loro essenza\u00bb. Un erbario non \u00e8 solo una collezione di erbe essiccate, <!--more-->uno studio del mondo naturale che ci circonda, una finestra che consente di osservare ed esplorare la meraviglia delle forme vegetali. Un erbario \u00e8 espressione della necessit\u00e0 umana di classificare il mondo, misurarlo per indagarlo e conoscerlo. Un erbario \u00e8 uno strumento per cogliere l\u2019essenza della natura, come scriveva Alfonso Sella. Che si tratti di un raffinato erbario storico o di un erbario d\u2019autore opera di artisti moderni e contemporanei, ognuno di essi\u00a0 racconta una storia.<\/p>\n<p><a href=\"http:\/\/web.quotidianopiemontese.it\/cultura-arte-e-spettacolo-a-torino\/files\/2025\/06\/KK542vVA.jpeg\"><img loading=\"lazy\" decoding=\"async\" class=\"alignnone size-medium wp-image-1551\" src=\"http:\/\/web.quotidianopiemontese.it\/cultura-arte-e-spettacolo-a-torino\/files\/2025\/06\/KK542vVA-300x200.jpeg\" alt=\"\" width=\"300\" height=\"200\" srcset=\"https:\/\/web.quotidianopiemontese.it\/cultura-arte-e-spettacolo-a-torino\/files\/2025\/06\/KK542vVA-300x200.jpeg 300w, https:\/\/web.quotidianopiemontese.it\/cultura-arte-e-spettacolo-a-torino\/files\/2025\/06\/KK542vVA-1024x683.jpeg 1024w, https:\/\/web.quotidianopiemontese.it\/cultura-arte-e-spettacolo-a-torino\/files\/2025\/06\/KK542vVA-768x512.jpeg 768w, https:\/\/web.quotidianopiemontese.it\/cultura-arte-e-spettacolo-a-torino\/files\/2025\/06\/KK542vVA-1536x1024.jpeg 1536w, https:\/\/web.quotidianopiemontese.it\/cultura-arte-e-spettacolo-a-torino\/files\/2025\/06\/KK542vVA-1200x800.jpeg 1200w\" sizes=\"auto, (max-width: 300px) 85vw, 300px\" \/><\/a><\/p>\n<p><a href=\"http:\/\/web.quotidianopiemontese.it\/cultura-arte-e-spettacolo-a-torino\/files\/2025\/06\/AiCsJaVV.jpeg\"><img loading=\"lazy\" decoding=\"async\" class=\"alignnone size-medium wp-image-1559\" src=\"http:\/\/web.quotidianopiemontese.it\/cultura-arte-e-spettacolo-a-torino\/files\/2025\/06\/AiCsJaVV-300x200.jpeg\" alt=\"\" width=\"300\" height=\"200\" srcset=\"https:\/\/web.quotidianopiemontese.it\/cultura-arte-e-spettacolo-a-torino\/files\/2025\/06\/AiCsJaVV-300x200.jpeg 300w, https:\/\/web.quotidianopiemontese.it\/cultura-arte-e-spettacolo-a-torino\/files\/2025\/06\/AiCsJaVV-768x512.jpeg 768w, https:\/\/web.quotidianopiemontese.it\/cultura-arte-e-spettacolo-a-torino\/files\/2025\/06\/AiCsJaVV.jpeg 800w\" sizes=\"auto, (max-width: 300px) 85vw, 300px\" \/><\/a><\/p>\n<p>Fino al <strong>22 giugno<\/strong> il <strong>Castello di Miradolo<\/strong> ospita la mostra <strong>\u00abDi erbe e di fiori. Erbari d\u2019autore. Da Besler a Penone, da De Pisis a Cage\u00bb<\/strong><strong>, <\/strong>curata dalla <strong>Fondazione Cosso<\/strong> e da <strong>Roberto Galimberti: <\/strong>un dialogo tra alcune pagine di erbari storici (tra cui Carlo Ludovico Allioni,\u00a0 Basilius Besler, Carlo Lupo, Pierre Edouard Rostan, Camillo Sbarbaro, Ada e Alfonso Sella) con le opere di artisti la cui ricerca si \u00e8 sviluppata attorno alla riflessione sulla materia e sugli elementi della natura.<\/p>\n<p><a href=\"http:\/\/web.quotidianopiemontese.it\/cultura-arte-e-spettacolo-a-torino\/files\/2025\/06\/98gjVihg.jpeg\"><img loading=\"lazy\" decoding=\"async\" class=\"alignnone size-medium wp-image-1552\" src=\"http:\/\/web.quotidianopiemontese.it\/cultura-arte-e-spettacolo-a-torino\/files\/2025\/06\/98gjVihg-300x200.jpeg\" alt=\"\" width=\"300\" height=\"200\" srcset=\"https:\/\/web.quotidianopiemontese.it\/cultura-arte-e-spettacolo-a-torino\/files\/2025\/06\/98gjVihg-300x200.jpeg 300w, https:\/\/web.quotidianopiemontese.it\/cultura-arte-e-spettacolo-a-torino\/files\/2025\/06\/98gjVihg-768x512.jpeg 768w, https:\/\/web.quotidianopiemontese.it\/cultura-arte-e-spettacolo-a-torino\/files\/2025\/06\/98gjVihg.jpeg 800w\" sizes=\"auto, (max-width: 300px) 85vw, 300px\" \/><\/a><\/p>\n<figure id=\"attachment_1554\" aria-describedby=\"caption-attachment-1554\" style=\"width: 7119px\" class=\"wp-caption alignnone\"><a href=\"http:\/\/web.quotidianopiemontese.it\/cultura-arte-e-spettacolo-a-torino\/files\/2025\/06\/Filippo-De-Pisis-Foglio-di-erbario-Lepidium-ruderale-ignoto-piante-essiccate-sul-foglio-di-carta.jpeg\"><img loading=\"lazy\" decoding=\"async\" class=\"size-full wp-image-1554\" src=\"http:\/\/web.quotidianopiemontese.it\/cultura-arte-e-spettacolo-a-torino\/files\/2025\/06\/Filippo-De-Pisis-Foglio-di-erbario-Lepidium-ruderale-ignoto-piante-essiccate-sul-foglio-di-carta.jpeg\" alt=\"\" width=\"7119\" height=\"10253\" \/><\/a><figcaption id=\"caption-attachment-1554\" class=\"wp-caption-text\">Filippo De Pisis, Foglio di erbario, Lepidium ruderale, ignoto, piante essiccate sul foglio di carta.<\/figcaption><\/figure>\n<p>Punto di contatto \u00e8 rappresentato dalla collezione di pi\u00f9 di mille erbe classificate dal giovane <strong>Filippo De Pisis, <\/strong>poi donata all\u2019Orto Botanico di Padova tra il 1916 e il 1917. In quelle tavole affiorano alcuni aspetti che caratterizzeranno la pittura cui De Pisis si dedicher\u00e0 soltanto diversi anni pi\u00f9 tardi: non fissa l\u2019immagine dei fiori, sono i fiori stessi che, seppur recisi e in vaso, sembrano sbocciare nel colore stesso.<\/p>\n<figure id=\"attachment_1553\" aria-describedby=\"caption-attachment-1553\" style=\"width: 300px\" class=\"wp-caption alignnone\"><a href=\"http:\/\/web.quotidianopiemontese.it\/cultura-arte-e-spettacolo-a-torino\/files\/2025\/06\/Betty-Danon-GreenSounds-1978-Galleria-Tiziana-Di-Caro-Napoli-scaled.jpeg\"><img loading=\"lazy\" decoding=\"async\" class=\"size-medium wp-image-1553\" src=\"http:\/\/web.quotidianopiemontese.it\/cultura-arte-e-spettacolo-a-torino\/files\/2025\/06\/Betty-Danon-GreenSounds-1978-Galleria-Tiziana-Di-Caro-Napoli-300x217.jpeg\" alt=\"\" width=\"300\" height=\"217\" srcset=\"https:\/\/web.quotidianopiemontese.it\/cultura-arte-e-spettacolo-a-torino\/files\/2025\/06\/Betty-Danon-GreenSounds-1978-Galleria-Tiziana-Di-Caro-Napoli-300x217.jpeg 300w, https:\/\/web.quotidianopiemontese.it\/cultura-arte-e-spettacolo-a-torino\/files\/2025\/06\/Betty-Danon-GreenSounds-1978-Galleria-Tiziana-Di-Caro-Napoli-1024x741.jpeg 1024w, https:\/\/web.quotidianopiemontese.it\/cultura-arte-e-spettacolo-a-torino\/files\/2025\/06\/Betty-Danon-GreenSounds-1978-Galleria-Tiziana-Di-Caro-Napoli-768x556.jpeg 768w, https:\/\/web.quotidianopiemontese.it\/cultura-arte-e-spettacolo-a-torino\/files\/2025\/06\/Betty-Danon-GreenSounds-1978-Galleria-Tiziana-Di-Caro-Napoli-1536x1112.jpeg 1536w, https:\/\/web.quotidianopiemontese.it\/cultura-arte-e-spettacolo-a-torino\/files\/2025\/06\/Betty-Danon-GreenSounds-1978-Galleria-Tiziana-Di-Caro-Napoli-2048x1483.jpeg 2048w, https:\/\/web.quotidianopiemontese.it\/cultura-arte-e-spettacolo-a-torino\/files\/2025\/06\/Betty-Danon-GreenSounds-1978-Galleria-Tiziana-Di-Caro-Napoli-1200x869.jpeg 1200w\" sizes=\"auto, (max-width: 300px) 85vw, 300px\" \/><\/a><figcaption id=\"caption-attachment-1553\" class=\"wp-caption-text\">Betty Danon, GreenSounds, 1978, Galleria Tiziana Di Caro, Napoli<\/figcaption><\/figure>\n<p>Sorprendenti i \u201c<strong>Green Sounds\u201d\u00a0<\/strong>di <strong>Betty Danon<\/strong>, artista concettuale e poetessa visiva che ha costruito la sua ricerca artistica sul segno e sul suono: delicate composizioni di piccole piante e fiori riposano sul pentagramma. Tra le opere pi\u00f9 significative presenti nel raffinato percorso espositivo: \u201c<strong>Le\u00a0Trentatr\u00e9 erbe\u201d\u00a0<\/strong>di<strong> Giuseppe Penone<\/strong>, un\u2019azione di frottage in cui i calchi delle erbe, con l\u2019azione della mano dell\u2019artista, raccontano una profonda riflessione sul rapporto uomo-natura;<\/p>\n<figure id=\"attachment_1555\" aria-describedby=\"caption-attachment-1555\" style=\"width: 225px\" class=\"wp-caption alignnone\"><a href=\"http:\/\/web.quotidianopiemontese.it\/cultura-arte-e-spettacolo-a-torino\/files\/2025\/06\/ario-Merz-Da-un-erbario-raccolto-nel-1979-in-Woga-Woga-Australia-1989-collezione-privata-scaled.jpeg\"><img loading=\"lazy\" decoding=\"async\" class=\"size-medium wp-image-1555\" src=\"http:\/\/web.quotidianopiemontese.it\/cultura-arte-e-spettacolo-a-torino\/files\/2025\/06\/ario-Merz-Da-un-erbario-raccolto-nel-1979-in-Woga-Woga-Australia-1989-collezione-privata-225x300.jpeg\" alt=\"\" width=\"225\" height=\"300\" srcset=\"https:\/\/web.quotidianopiemontese.it\/cultura-arte-e-spettacolo-a-torino\/files\/2025\/06\/ario-Merz-Da-un-erbario-raccolto-nel-1979-in-Woga-Woga-Australia-1989-collezione-privata-225x300.jpeg 225w, https:\/\/web.quotidianopiemontese.it\/cultura-arte-e-spettacolo-a-torino\/files\/2025\/06\/ario-Merz-Da-un-erbario-raccolto-nel-1979-in-Woga-Woga-Australia-1989-collezione-privata-768x1024.jpeg 768w, https:\/\/web.quotidianopiemontese.it\/cultura-arte-e-spettacolo-a-torino\/files\/2025\/06\/ario-Merz-Da-un-erbario-raccolto-nel-1979-in-Woga-Woga-Australia-1989-collezione-privata-1152x1536.jpeg 1152w, https:\/\/web.quotidianopiemontese.it\/cultura-arte-e-spettacolo-a-torino\/files\/2025\/06\/ario-Merz-Da-un-erbario-raccolto-nel-1979-in-Woga-Woga-Australia-1989-collezione-privata-1536x2048.jpeg 1536w, https:\/\/web.quotidianopiemontese.it\/cultura-arte-e-spettacolo-a-torino\/files\/2025\/06\/ario-Merz-Da-un-erbario-raccolto-nel-1979-in-Woga-Woga-Australia-1989-collezione-privata-1200x1600.jpeg 1200w, https:\/\/web.quotidianopiemontese.it\/cultura-arte-e-spettacolo-a-torino\/files\/2025\/06\/ario-Merz-Da-un-erbario-raccolto-nel-1979-in-Woga-Woga-Australia-1989-collezione-privata-scaled.jpeg 1920w\" sizes=\"auto, (max-width: 225px) 85vw, 225px\" \/><\/a><figcaption id=\"caption-attachment-1555\" class=\"wp-caption-text\">Mario Merz, Da un erbario raccolto nel 1979 in Woga-Woga Australia, 1989, collezione privata.<\/figcaption><\/figure>\n<p>le 14 tavole del ciclo<strong>\u00a0\u201cDa un erbario raccolto nel 1979 in Woga-Woga,\u00a0Australia\u201d <\/strong>di <strong>Mario Merz,\u00a0<\/strong>dove la numerazione della sequenza di Fibonacci sembra dialogare con le forme delle foglie, fissate sulla pagina con adesivi visibili;<\/p>\n<p><a href=\"http:\/\/web.quotidianopiemontese.it\/cultura-arte-e-spettacolo-a-torino\/files\/2025\/06\/fUJbJxYz.jpeg\"><img loading=\"lazy\" decoding=\"async\" class=\"alignnone size-medium wp-image-1557\" src=\"http:\/\/web.quotidianopiemontese.it\/cultura-arte-e-spettacolo-a-torino\/files\/2025\/06\/fUJbJxYz-300x200.jpeg\" alt=\"\" width=\"300\" height=\"200\" srcset=\"https:\/\/web.quotidianopiemontese.it\/cultura-arte-e-spettacolo-a-torino\/files\/2025\/06\/fUJbJxYz-300x200.jpeg 300w, https:\/\/web.quotidianopiemontese.it\/cultura-arte-e-spettacolo-a-torino\/files\/2025\/06\/fUJbJxYz-768x512.jpeg 768w, https:\/\/web.quotidianopiemontese.it\/cultura-arte-e-spettacolo-a-torino\/files\/2025\/06\/fUJbJxYz.jpeg 800w\" sizes=\"auto, (max-width: 300px) 85vw, 300px\" \/><\/a><\/p>\n<p>i\u00a0\u201c<strong>Libri aperti\u201d<\/strong> in ceramica di <strong>Ugo La Pietra; <\/strong><\/p>\n<p><a href=\"http:\/\/web.quotidianopiemontese.it\/cultura-arte-e-spettacolo-a-torino\/files\/2025\/06\/tIJtFl3j.jpeg\"><img loading=\"lazy\" decoding=\"async\" class=\"alignnone size-medium wp-image-1556\" src=\"http:\/\/web.quotidianopiemontese.it\/cultura-arte-e-spettacolo-a-torino\/files\/2025\/06\/tIJtFl3j-300x200.jpeg\" alt=\"\" width=\"300\" height=\"200\" srcset=\"https:\/\/web.quotidianopiemontese.it\/cultura-arte-e-spettacolo-a-torino\/files\/2025\/06\/tIJtFl3j-300x200.jpeg 300w, https:\/\/web.quotidianopiemontese.it\/cultura-arte-e-spettacolo-a-torino\/files\/2025\/06\/tIJtFl3j-768x512.jpeg 768w, https:\/\/web.quotidianopiemontese.it\/cultura-arte-e-spettacolo-a-torino\/files\/2025\/06\/tIJtFl3j.jpeg 800w\" sizes=\"auto, (max-width: 300px) 85vw, 300px\" \/><\/a><\/p>\n<p><strong>\u201cGrey Garden\u201d<\/strong> dell\u2019antropologo scultore <strong>Richard Nonas, <\/strong>un giardino simbolico composto da forme di metallo e pietra; le sculture leggere e impalpabili di <strong>Christiane L\u00f6hr;<\/strong> il racconto intimo e umano di\u00a0<strong>Thomas Sch\u00fctte<\/strong>\u00a0sulla carta strappata di un quaderno d\u2019appunti; il <strong>\u201cPalais des Th\u00e9s\u201d<\/strong> dove\u00a0<strong>Giulio Paolini<\/strong> fa interagire natura e architettura ed Oriente e Occidente;<\/p>\n<figure id=\"attachment_1558\" aria-describedby=\"caption-attachment-1558\" style=\"width: 300px\" class=\"wp-caption alignnone\"><a href=\"http:\/\/web.quotidianopiemontese.it\/cultura-arte-e-spettacolo-a-torino\/files\/2025\/06\/rhPPceRs.jpeg\"><img loading=\"lazy\" decoding=\"async\" class=\"size-medium wp-image-1558\" src=\"http:\/\/web.quotidianopiemontese.it\/cultura-arte-e-spettacolo-a-torino\/files\/2025\/06\/rhPPceRs-300x200.jpeg\" alt=\"\" width=\"300\" height=\"200\" srcset=\"https:\/\/web.quotidianopiemontese.it\/cultura-arte-e-spettacolo-a-torino\/files\/2025\/06\/rhPPceRs-300x200.jpeg 300w, https:\/\/web.quotidianopiemontese.it\/cultura-arte-e-spettacolo-a-torino\/files\/2025\/06\/rhPPceRs-1024x683.jpeg 1024w, https:\/\/web.quotidianopiemontese.it\/cultura-arte-e-spettacolo-a-torino\/files\/2025\/06\/rhPPceRs-768x512.jpeg 768w, https:\/\/web.quotidianopiemontese.it\/cultura-arte-e-spettacolo-a-torino\/files\/2025\/06\/rhPPceRs-1536x1024.jpeg 1536w, https:\/\/web.quotidianopiemontese.it\/cultura-arte-e-spettacolo-a-torino\/files\/2025\/06\/rhPPceRs-1200x800.jpeg 1200w\" sizes=\"auto, (max-width: 300px) 85vw, 300px\" \/><\/a><figcaption id=\"caption-attachment-1558\" class=\"wp-caption-text\">Piero Gilardi, Mele cadute, 1967, poliuretano espanso, 50 x 50 cm, collezione privata.<\/figcaption><\/figure>\n<p>uno dei celebri Tappeti Natura di poliuretano espanso di <strong>Piero Gilardi<\/strong> (\u201c<strong>Mele cadute\u201d,<\/strong> 1967), accompagnato da alcuni disegni preparatori<strong>. <\/strong>In mostra anche opere di Vincenzo Agnetti, Bj\u00f6rn Braun, Chiara Camoni, Adelaide Cioni, Giorgio Griffa, Wolfgang Laib, Helen Mirra, Robin Rhode, Thomas Sch\u00fctte, Alessandra Spranzi e Michele Zaza.<\/p>\n<p><a href=\"http:\/\/web.quotidianopiemontese.it\/cultura-arte-e-spettacolo-a-torino\/files\/2025\/06\/496933320_3897468220563472_192906592620705471_n.jpg\"><img loading=\"lazy\" decoding=\"async\" class=\"alignnone size-medium wp-image-1560\" src=\"http:\/\/web.quotidianopiemontese.it\/cultura-arte-e-spettacolo-a-torino\/files\/2025\/06\/496933320_3897468220563472_192906592620705471_n-300x300.jpg\" alt=\"\" width=\"300\" height=\"300\" srcset=\"https:\/\/web.quotidianopiemontese.it\/cultura-arte-e-spettacolo-a-torino\/files\/2025\/06\/496933320_3897468220563472_192906592620705471_n-300x300.jpg 300w, https:\/\/web.quotidianopiemontese.it\/cultura-arte-e-spettacolo-a-torino\/files\/2025\/06\/496933320_3897468220563472_192906592620705471_n-150x150.jpg 150w, https:\/\/web.quotidianopiemontese.it\/cultura-arte-e-spettacolo-a-torino\/files\/2025\/06\/496933320_3897468220563472_192906592620705471_n.jpg 526w\" sizes=\"auto, (max-width: 300px) 85vw, 300px\" \/><\/a><\/p>\n<p>Particolarmente commovente l\u2019erbario di <strong>Carlo Lupo<\/strong>, pastore valdese, poeta e soldato in trincea durante la Grande Guerra: della sua corrispondenza con la fidanzata Lily Malan, sono rimasti solo i fiori raccolti in tempo di guerra e acclusi alle sue lettere, un involontario\u00a0<strong>Erbario sentimentale<em>\u00a0<\/em><\/strong>custodito in piccole buste.<\/p>\n<p><a href=\"http:\/\/www.fondazionecosso.com\">http:\/\/www.fondazionecosso.com\u00a0<\/a><\/p>\n<figure id=\"attachment_1561\" aria-describedby=\"caption-attachment-1561\" style=\"width: 300px\" class=\"wp-caption alignnone\"><a href=\"http:\/\/web.quotidianopiemontese.it\/cultura-arte-e-spettacolo-a-torino\/files\/2025\/06\/Castello-e-Parco-di-Miradolo-ph-Paolo-Mantovan-scaled.jpeg\"><img loading=\"lazy\" decoding=\"async\" class=\"size-medium wp-image-1561\" src=\"http:\/\/web.quotidianopiemontese.it\/cultura-arte-e-spettacolo-a-torino\/files\/2025\/06\/Castello-e-Parco-di-Miradolo-ph-Paolo-Mantovan-300x200.jpeg\" alt=\"\" width=\"300\" height=\"200\" srcset=\"https:\/\/web.quotidianopiemontese.it\/cultura-arte-e-spettacolo-a-torino\/files\/2025\/06\/Castello-e-Parco-di-Miradolo-ph-Paolo-Mantovan-300x200.jpeg 300w, https:\/\/web.quotidianopiemontese.it\/cultura-arte-e-spettacolo-a-torino\/files\/2025\/06\/Castello-e-Parco-di-Miradolo-ph-Paolo-Mantovan-1024x681.jpeg 1024w, https:\/\/web.quotidianopiemontese.it\/cultura-arte-e-spettacolo-a-torino\/files\/2025\/06\/Castello-e-Parco-di-Miradolo-ph-Paolo-Mantovan-768x511.jpeg 768w, https:\/\/web.quotidianopiemontese.it\/cultura-arte-e-spettacolo-a-torino\/files\/2025\/06\/Castello-e-Parco-di-Miradolo-ph-Paolo-Mantovan-1536x1022.jpeg 1536w, https:\/\/web.quotidianopiemontese.it\/cultura-arte-e-spettacolo-a-torino\/files\/2025\/06\/Castello-e-Parco-di-Miradolo-ph-Paolo-Mantovan-2048x1363.jpeg 2048w, https:\/\/web.quotidianopiemontese.it\/cultura-arte-e-spettacolo-a-torino\/files\/2025\/06\/Castello-e-Parco-di-Miradolo-ph-Paolo-Mantovan-1200x798.jpeg 1200w\" sizes=\"auto, (max-width: 300px) 85vw, 300px\" \/><\/a><figcaption id=\"caption-attachment-1561\" class=\"wp-caption-text\">Castello e Parco di Miradolo, ph Paolo Mantovan.<\/figcaption><\/figure>\n<p><strong>Emanuele Rebuffini<\/strong><\/p>\n","protected":false},"excerpt":{"rendered":"<p>\u00abMi venne il desiderio di classificare, non per l\u2019arido fine di incasellare, ma per dare un nome a delle creature ammirate e amate, sapendo che mi sarebbero diventate pi\u00f9 care dopo essere state riconosciute. Era questa la via per avvicinarmi alla loro essenza\u00bb. Un erbario non \u00e8 solo una collezione di erbe essiccate,<\/p>\n","protected":false},"author":1361,"featured_media":1550,"comment_status":"open","ping_status":"open","sticky":false,"template":"","format":"standard","meta":{"footnotes":""},"categories":[1],"tags":[228,280,227,270],"class_list":["post-1549","post","type-post","status-publish","format-standard","has-post-thumbnail","hentry","category-cultura-arte-spettacolo","tag-castello-di-miradolo","tag-erbari","tag-fondazione-cosso","tag-giuseppe-penone"],"yoast_head":"<!-- This site is optimized with the Yoast SEO plugin v27.1.1 - https:\/\/yoast.com\/product\/yoast-seo-wordpress\/ -->\n<title>Di erbe e di fiori. Erbari d\u2019autore a Miradolo - 9 Giugno 2025<\/title>\n<meta name=\"description\" content=\"Di erbe e di fiori. Erbari d\u2019autore a Miradolo - Cultura, Arte e Spettacolo a Torino - \u00abMi venne il desiderio di classificare, non per l\u2019arido fine di incasellare, ma per dare un nome a delle creature ammirate e amate, sapendo che mi - castello di Miradolo, erbari, Fondazione Cosso, Giuseppe Penone\" \/>\n<meta name=\"robots\" content=\"index, follow, max-snippet:-1, max-image-preview:large, max-video-preview:-1\" \/>\n<link rel=\"canonical\" href=\"http:\/\/web.quotidianopiemontese.it\/cultura-arte-e-spettacolo-a-torino\/di-erbe-e-di-fiori-erbari-dautore-a-miradolo\/\" \/>\n<meta property=\"og:locale\" content=\"it_IT\" \/>\n<meta property=\"og:type\" content=\"article\" \/>\n<meta property=\"og:title\" content=\"Di erbe e di fiori. Erbari d\u2019autore a Miradolo - 9 Giugno 2025\" \/>\n<meta property=\"og:description\" content=\"Di erbe e di fiori. Erbari d\u2019autore a Miradolo - Cultura, Arte e Spettacolo a Torino - \u00abMi venne il desiderio di classificare, non per l\u2019arido fine di incasellare, ma per dare un nome a delle creature ammirate e amate, sapendo che mi - castello di Miradolo, erbari, Fondazione Cosso, Giuseppe Penone\" \/>\n<meta property=\"og:url\" content=\"http:\/\/web.quotidianopiemontese.it\/cultura-arte-e-spettacolo-a-torino\/di-erbe-e-di-fiori-erbari-dautore-a-miradolo\/\" \/>\n<meta property=\"og:site_name\" content=\"Cultura, Arte e Spettacolo a Torino\" \/>\n<meta property=\"article:publisher\" content=\"https:\/\/www.facebook.com\/quotidianopiemontese?fref=ts\" \/>\n<meta property=\"article:published_time\" content=\"2025-06-09T09:03:39+00:00\" \/>\n<meta property=\"og:image\" content=\"http:\/\/web.quotidianopiemontese.it\/cultura-arte-e-spettacolo-a-torino\/files\/2025\/06\/Giuseppe-Penone-Trentatre-erbe-n.33-fogli-1989-litografia-e-fotografia-455-x-345-cm-cad.-collezione-privata.jpg\" \/>\n\t<meta property=\"og:image:width\" content=\"1920\" \/>\n\t<meta property=\"og:image:height\" content=\"1440\" \/>\n\t<meta property=\"og:image:type\" content=\"image\/jpeg\" \/>\n<meta name=\"author\" content=\"Emanuele Rebuffini\" \/>\n<meta name=\"twitter:label1\" content=\"Scritto da\" \/>\n\t<meta name=\"twitter:data1\" content=\"Emanuele Rebuffini\" \/>\n\t<meta name=\"twitter:label2\" content=\"Tempo di lettura stimato\" \/>\n\t<meta name=\"twitter:data2\" content=\"6 minuti\" \/>\n<script type=\"application\/ld+json\" class=\"yoast-schema-graph\">{\"@context\":\"https:\/\/schema.org\",\"@graph\":[{\"@type\":\"Article\",\"@id\":\"http:\/\/web.quotidianopiemontese.it\/cultura-arte-e-spettacolo-a-torino\/di-erbe-e-di-fiori-erbari-dautore-a-miradolo\/#article\",\"isPartOf\":{\"@id\":\"http:\/\/web.quotidianopiemontese.it\/cultura-arte-e-spettacolo-a-torino\/di-erbe-e-di-fiori-erbari-dautore-a-miradolo\/\"},\"author\":{\"name\":\"Emanuele Rebuffini\",\"@id\":\"https:\/\/web.quotidianopiemontese.it\/cultura-arte-e-spettacolo-a-torino\/#\/schema\/person\/b035109a4cc7d3e93911b78d8cebf3a0\"},\"headline\":\"Di erbe e di fiori. Erbari d\u2019autore a Miradolo\",\"datePublished\":\"2025-06-09T09:03:39+00:00\",\"mainEntityOfPage\":{\"@id\":\"http:\/\/web.quotidianopiemontese.it\/cultura-arte-e-spettacolo-a-torino\/di-erbe-e-di-fiori-erbari-dautore-a-miradolo\/\"},\"wordCount\":658,\"commentCount\":0,\"image\":{\"@id\":\"http:\/\/web.quotidianopiemontese.it\/cultura-arte-e-spettacolo-a-torino\/di-erbe-e-di-fiori-erbari-dautore-a-miradolo\/#primaryimage\"},\"thumbnailUrl\":\"https:\/\/web.quotidianopiemontese.it\/cultura-arte-e-spettacolo-a-torino\/files\/2025\/06\/Giuseppe-Penone-Trentatre-erbe-n.33-fogli-1989-litografia-e-fotografia-455-x-345-cm-cad.-collezione-privata.jpg\",\"keywords\":[\"castello di Miradolo\",\"erbari\",\"Fondazione Cosso\",\"Giuseppe Penone\"],\"articleSection\":[\"Cultura, arte, spettacolo\"],\"inLanguage\":\"it-IT\",\"potentialAction\":[{\"@type\":\"CommentAction\",\"name\":\"Comment\",\"target\":[\"http:\/\/web.quotidianopiemontese.it\/cultura-arte-e-spettacolo-a-torino\/di-erbe-e-di-fiori-erbari-dautore-a-miradolo\/#respond\"]}]},{\"@type\":\"WebPage\",\"@id\":\"http:\/\/web.quotidianopiemontese.it\/cultura-arte-e-spettacolo-a-torino\/di-erbe-e-di-fiori-erbari-dautore-a-miradolo\/\",\"url\":\"http:\/\/web.quotidianopiemontese.it\/cultura-arte-e-spettacolo-a-torino\/di-erbe-e-di-fiori-erbari-dautore-a-miradolo\/\",\"name\":\"Di erbe e di fiori. Erbari d\u2019autore a Miradolo - 9 Giugno 2025\",\"isPartOf\":{\"@id\":\"https:\/\/web.quotidianopiemontese.it\/cultura-arte-e-spettacolo-a-torino\/#website\"},\"primaryImageOfPage\":{\"@id\":\"http:\/\/web.quotidianopiemontese.it\/cultura-arte-e-spettacolo-a-torino\/di-erbe-e-di-fiori-erbari-dautore-a-miradolo\/#primaryimage\"},\"image\":{\"@id\":\"http:\/\/web.quotidianopiemontese.it\/cultura-arte-e-spettacolo-a-torino\/di-erbe-e-di-fiori-erbari-dautore-a-miradolo\/#primaryimage\"},\"thumbnailUrl\":\"https:\/\/web.quotidianopiemontese.it\/cultura-arte-e-spettacolo-a-torino\/files\/2025\/06\/Giuseppe-Penone-Trentatre-erbe-n.33-fogli-1989-litografia-e-fotografia-455-x-345-cm-cad.-collezione-privata.jpg\",\"datePublished\":\"2025-06-09T09:03:39+00:00\",\"author\":{\"@id\":\"https:\/\/web.quotidianopiemontese.it\/cultura-arte-e-spettacolo-a-torino\/#\/schema\/person\/b035109a4cc7d3e93911b78d8cebf3a0\"},\"description\":\"Di erbe e di fiori. Erbari d\u2019autore a Miradolo - Cultura, Arte e Spettacolo a Torino - \u00abMi venne il desiderio di classificare, non per l\u2019arido fine di incasellare, ma per dare un nome a delle creature ammirate e amate, sapendo che mi - castello di Miradolo, erbari, Fondazione Cosso, Giuseppe Penone\",\"inLanguage\":\"it-IT\",\"potentialAction\":[{\"@type\":\"ReadAction\",\"target\":[\"http:\/\/web.quotidianopiemontese.it\/cultura-arte-e-spettacolo-a-torino\/di-erbe-e-di-fiori-erbari-dautore-a-miradolo\/\"]}]},{\"@type\":\"ImageObject\",\"inLanguage\":\"it-IT\",\"@id\":\"http:\/\/web.quotidianopiemontese.it\/cultura-arte-e-spettacolo-a-torino\/di-erbe-e-di-fiori-erbari-dautore-a-miradolo\/#primaryimage\",\"url\":\"https:\/\/web.quotidianopiemontese.it\/cultura-arte-e-spettacolo-a-torino\/files\/2025\/06\/Giuseppe-Penone-Trentatre-erbe-n.33-fogli-1989-litografia-e-fotografia-455-x-345-cm-cad.-collezione-privata.jpg\",\"contentUrl\":\"https:\/\/web.quotidianopiemontese.it\/cultura-arte-e-spettacolo-a-torino\/files\/2025\/06\/Giuseppe-Penone-Trentatre-erbe-n.33-fogli-1989-litografia-e-fotografia-455-x-345-cm-cad.-collezione-privata.jpg\",\"width\":1920,\"height\":1440,\"caption\":\"Giuseppe Penone, Trentatr\u00e8 erbe, n.33 fogli, 1989, litografia e fotografia, 45,5 x 34,5 cm cad., collezione privata\"},{\"@type\":\"WebSite\",\"@id\":\"https:\/\/web.quotidianopiemontese.it\/cultura-arte-e-spettacolo-a-torino\/#website\",\"url\":\"https:\/\/web.quotidianopiemontese.it\/cultura-arte-e-spettacolo-a-torino\/\",\"name\":\"Cultura, Arte e Spettacolo a Torino\",\"description\":\"Quotidiano Piemontese\",\"potentialAction\":[{\"@type\":\"SearchAction\",\"target\":{\"@type\":\"EntryPoint\",\"urlTemplate\":\"https:\/\/web.quotidianopiemontese.it\/cultura-arte-e-spettacolo-a-torino\/?s={search_term_string}\"},\"query-input\":{\"@type\":\"PropertyValueSpecification\",\"valueRequired\":true,\"valueName\":\"search_term_string\"}}],\"inLanguage\":\"it-IT\"},{\"@type\":\"Person\",\"@id\":\"https:\/\/web.quotidianopiemontese.it\/cultura-arte-e-spettacolo-a-torino\/#\/schema\/person\/b035109a4cc7d3e93911b78d8cebf3a0\",\"name\":\"Emanuele Rebuffini\",\"image\":{\"@type\":\"ImageObject\",\"inLanguage\":\"it-IT\",\"@id\":\"https:\/\/web.quotidianopiemontese.it\/cultura-arte-e-spettacolo-a-torino\/#\/schema\/person\/image\/\",\"url\":\"https:\/\/secure.gravatar.com\/avatar\/519a0a38be4cbbcf40fb5bc1b1173a85af291a3a8697df454a94ad7e05574628?s=96&d=mm&r=g\",\"contentUrl\":\"https:\/\/secure.gravatar.com\/avatar\/519a0a38be4cbbcf40fb5bc1b1173a85af291a3a8697df454a94ad7e05574628?s=96&d=mm&r=g\",\"caption\":\"Emanuele Rebuffini\"},\"sameAs\":[\"http:\/\/www.quotidianopiemontese.it\/cultura-arte-e-spettacolo-a-torino\/\"],\"url\":\"https:\/\/web.quotidianopiemontese.it\/cultura-arte-e-spettacolo-a-torino\/author\/emanuelerebuffini\/\"}]}<\/script>\n<!-- \/ Yoast SEO plugin. -->","yoast_head_json":{"title":"Di erbe e di fiori. Erbari d\u2019autore a Miradolo - 9 Giugno 2025","description":"Di erbe e di fiori. Erbari d\u2019autore a Miradolo - Cultura, Arte e Spettacolo a Torino - \u00abMi venne il desiderio di classificare, non per l\u2019arido fine di incasellare, ma per dare un nome a delle creature ammirate e amate, sapendo che mi - castello di Miradolo, erbari, Fondazione Cosso, Giuseppe Penone","robots":{"index":"index","follow":"follow","max-snippet":"max-snippet:-1","max-image-preview":"max-image-preview:large","max-video-preview":"max-video-preview:-1"},"canonical":"http:\/\/web.quotidianopiemontese.it\/cultura-arte-e-spettacolo-a-torino\/di-erbe-e-di-fiori-erbari-dautore-a-miradolo\/","og_locale":"it_IT","og_type":"article","og_title":"Di erbe e di fiori. Erbari d\u2019autore a Miradolo - 9 Giugno 2025","og_description":"Di erbe e di fiori. Erbari d\u2019autore a Miradolo - Cultura, Arte e Spettacolo a Torino - \u00abMi venne il desiderio di classificare, non per l\u2019arido fine di incasellare, ma per dare un nome a delle creature ammirate e amate, sapendo che mi - castello di Miradolo, erbari, Fondazione Cosso, Giuseppe Penone","og_url":"http:\/\/web.quotidianopiemontese.it\/cultura-arte-e-spettacolo-a-torino\/di-erbe-e-di-fiori-erbari-dautore-a-miradolo\/","og_site_name":"Cultura, Arte e Spettacolo a Torino","article_publisher":"https:\/\/www.facebook.com\/quotidianopiemontese?fref=ts","article_published_time":"2025-06-09T09:03:39+00:00","og_image":[{"width":1920,"height":1440,"url":"http:\/\/web.quotidianopiemontese.it\/cultura-arte-e-spettacolo-a-torino\/files\/2025\/06\/Giuseppe-Penone-Trentatre-erbe-n.33-fogli-1989-litografia-e-fotografia-455-x-345-cm-cad.-collezione-privata.jpg","type":"image\/jpeg"}],"author":"Emanuele Rebuffini","twitter_misc":{"Scritto da":"Emanuele Rebuffini","Tempo di lettura stimato":"6 minuti"},"schema":{"@context":"https:\/\/schema.org","@graph":[{"@type":"Article","@id":"http:\/\/web.quotidianopiemontese.it\/cultura-arte-e-spettacolo-a-torino\/di-erbe-e-di-fiori-erbari-dautore-a-miradolo\/#article","isPartOf":{"@id":"http:\/\/web.quotidianopiemontese.it\/cultura-arte-e-spettacolo-a-torino\/di-erbe-e-di-fiori-erbari-dautore-a-miradolo\/"},"author":{"name":"Emanuele Rebuffini","@id":"https:\/\/web.quotidianopiemontese.it\/cultura-arte-e-spettacolo-a-torino\/#\/schema\/person\/b035109a4cc7d3e93911b78d8cebf3a0"},"headline":"Di erbe e di fiori. Erbari d\u2019autore a Miradolo","datePublished":"2025-06-09T09:03:39+00:00","mainEntityOfPage":{"@id":"http:\/\/web.quotidianopiemontese.it\/cultura-arte-e-spettacolo-a-torino\/di-erbe-e-di-fiori-erbari-dautore-a-miradolo\/"},"wordCount":658,"commentCount":0,"image":{"@id":"http:\/\/web.quotidianopiemontese.it\/cultura-arte-e-spettacolo-a-torino\/di-erbe-e-di-fiori-erbari-dautore-a-miradolo\/#primaryimage"},"thumbnailUrl":"https:\/\/web.quotidianopiemontese.it\/cultura-arte-e-spettacolo-a-torino\/files\/2025\/06\/Giuseppe-Penone-Trentatre-erbe-n.33-fogli-1989-litografia-e-fotografia-455-x-345-cm-cad.-collezione-privata.jpg","keywords":["castello di Miradolo","erbari","Fondazione Cosso","Giuseppe Penone"],"articleSection":["Cultura, arte, spettacolo"],"inLanguage":"it-IT","potentialAction":[{"@type":"CommentAction","name":"Comment","target":["http:\/\/web.quotidianopiemontese.it\/cultura-arte-e-spettacolo-a-torino\/di-erbe-e-di-fiori-erbari-dautore-a-miradolo\/#respond"]}]},{"@type":"WebPage","@id":"http:\/\/web.quotidianopiemontese.it\/cultura-arte-e-spettacolo-a-torino\/di-erbe-e-di-fiori-erbari-dautore-a-miradolo\/","url":"http:\/\/web.quotidianopiemontese.it\/cultura-arte-e-spettacolo-a-torino\/di-erbe-e-di-fiori-erbari-dautore-a-miradolo\/","name":"Di erbe e di fiori. Erbari d\u2019autore a Miradolo - 9 Giugno 2025","isPartOf":{"@id":"https:\/\/web.quotidianopiemontese.it\/cultura-arte-e-spettacolo-a-torino\/#website"},"primaryImageOfPage":{"@id":"http:\/\/web.quotidianopiemontese.it\/cultura-arte-e-spettacolo-a-torino\/di-erbe-e-di-fiori-erbari-dautore-a-miradolo\/#primaryimage"},"image":{"@id":"http:\/\/web.quotidianopiemontese.it\/cultura-arte-e-spettacolo-a-torino\/di-erbe-e-di-fiori-erbari-dautore-a-miradolo\/#primaryimage"},"thumbnailUrl":"https:\/\/web.quotidianopiemontese.it\/cultura-arte-e-spettacolo-a-torino\/files\/2025\/06\/Giuseppe-Penone-Trentatre-erbe-n.33-fogli-1989-litografia-e-fotografia-455-x-345-cm-cad.-collezione-privata.jpg","datePublished":"2025-06-09T09:03:39+00:00","author":{"@id":"https:\/\/web.quotidianopiemontese.it\/cultura-arte-e-spettacolo-a-torino\/#\/schema\/person\/b035109a4cc7d3e93911b78d8cebf3a0"},"description":"Di erbe e di fiori. Erbari d\u2019autore a Miradolo - Cultura, Arte e Spettacolo a Torino - \u00abMi venne il desiderio di classificare, non per l\u2019arido fine di incasellare, ma per dare un nome a delle creature ammirate e amate, sapendo che mi - castello di Miradolo, erbari, Fondazione Cosso, Giuseppe Penone","inLanguage":"it-IT","potentialAction":[{"@type":"ReadAction","target":["http:\/\/web.quotidianopiemontese.it\/cultura-arte-e-spettacolo-a-torino\/di-erbe-e-di-fiori-erbari-dautore-a-miradolo\/"]}]},{"@type":"ImageObject","inLanguage":"it-IT","@id":"http:\/\/web.quotidianopiemontese.it\/cultura-arte-e-spettacolo-a-torino\/di-erbe-e-di-fiori-erbari-dautore-a-miradolo\/#primaryimage","url":"https:\/\/web.quotidianopiemontese.it\/cultura-arte-e-spettacolo-a-torino\/files\/2025\/06\/Giuseppe-Penone-Trentatre-erbe-n.33-fogli-1989-litografia-e-fotografia-455-x-345-cm-cad.-collezione-privata.jpg","contentUrl":"https:\/\/web.quotidianopiemontese.it\/cultura-arte-e-spettacolo-a-torino\/files\/2025\/06\/Giuseppe-Penone-Trentatre-erbe-n.33-fogli-1989-litografia-e-fotografia-455-x-345-cm-cad.-collezione-privata.jpg","width":1920,"height":1440,"caption":"Giuseppe Penone, Trentatr\u00e8 erbe, n.33 fogli, 1989, litografia e fotografia, 45,5 x 34,5 cm cad., collezione privata"},{"@type":"WebSite","@id":"https:\/\/web.quotidianopiemontese.it\/cultura-arte-e-spettacolo-a-torino\/#website","url":"https:\/\/web.quotidianopiemontese.it\/cultura-arte-e-spettacolo-a-torino\/","name":"Cultura, Arte e Spettacolo a Torino","description":"Quotidiano Piemontese","potentialAction":[{"@type":"SearchAction","target":{"@type":"EntryPoint","urlTemplate":"https:\/\/web.quotidianopiemontese.it\/cultura-arte-e-spettacolo-a-torino\/?s={search_term_string}"},"query-input":{"@type":"PropertyValueSpecification","valueRequired":true,"valueName":"search_term_string"}}],"inLanguage":"it-IT"},{"@type":"Person","@id":"https:\/\/web.quotidianopiemontese.it\/cultura-arte-e-spettacolo-a-torino\/#\/schema\/person\/b035109a4cc7d3e93911b78d8cebf3a0","name":"Emanuele Rebuffini","image":{"@type":"ImageObject","inLanguage":"it-IT","@id":"https:\/\/web.quotidianopiemontese.it\/cultura-arte-e-spettacolo-a-torino\/#\/schema\/person\/image\/","url":"https:\/\/secure.gravatar.com\/avatar\/519a0a38be4cbbcf40fb5bc1b1173a85af291a3a8697df454a94ad7e05574628?s=96&d=mm&r=g","contentUrl":"https:\/\/secure.gravatar.com\/avatar\/519a0a38be4cbbcf40fb5bc1b1173a85af291a3a8697df454a94ad7e05574628?s=96&d=mm&r=g","caption":"Emanuele Rebuffini"},"sameAs":["http:\/\/www.quotidianopiemontese.it\/cultura-arte-e-spettacolo-a-torino\/"],"url":"https:\/\/web.quotidianopiemontese.it\/cultura-arte-e-spettacolo-a-torino\/author\/emanuelerebuffini\/"}]}},"_links":{"self":[{"href":"https:\/\/web.quotidianopiemontese.it\/cultura-arte-e-spettacolo-a-torino\/wp-json\/wp\/v2\/posts\/1549","targetHints":{"allow":["GET"]}}],"collection":[{"href":"https:\/\/web.quotidianopiemontese.it\/cultura-arte-e-spettacolo-a-torino\/wp-json\/wp\/v2\/posts"}],"about":[{"href":"https:\/\/web.quotidianopiemontese.it\/cultura-arte-e-spettacolo-a-torino\/wp-json\/wp\/v2\/types\/post"}],"author":[{"embeddable":true,"href":"https:\/\/web.quotidianopiemontese.it\/cultura-arte-e-spettacolo-a-torino\/wp-json\/wp\/v2\/users\/1361"}],"replies":[{"embeddable":true,"href":"https:\/\/web.quotidianopiemontese.it\/cultura-arte-e-spettacolo-a-torino\/wp-json\/wp\/v2\/comments?post=1549"}],"version-history":[{"count":1,"href":"https:\/\/web.quotidianopiemontese.it\/cultura-arte-e-spettacolo-a-torino\/wp-json\/wp\/v2\/posts\/1549\/revisions"}],"predecessor-version":[{"id":1562,"href":"https:\/\/web.quotidianopiemontese.it\/cultura-arte-e-spettacolo-a-torino\/wp-json\/wp\/v2\/posts\/1549\/revisions\/1562"}],"wp:featuredmedia":[{"embeddable":true,"href":"https:\/\/web.quotidianopiemontese.it\/cultura-arte-e-spettacolo-a-torino\/wp-json\/wp\/v2\/media\/1550"}],"wp:attachment":[{"href":"https:\/\/web.quotidianopiemontese.it\/cultura-arte-e-spettacolo-a-torino\/wp-json\/wp\/v2\/media?parent=1549"}],"wp:term":[{"taxonomy":"category","embeddable":true,"href":"https:\/\/web.quotidianopiemontese.it\/cultura-arte-e-spettacolo-a-torino\/wp-json\/wp\/v2\/categories?post=1549"},{"taxonomy":"post_tag","embeddable":true,"href":"https:\/\/web.quotidianopiemontese.it\/cultura-arte-e-spettacolo-a-torino\/wp-json\/wp\/v2\/tags?post=1549"}],"curies":[{"name":"wp","href":"https:\/\/api.w.org\/{rel}","templated":true}]}}