{"id":1518,"date":"2025-04-22T14:18:42","date_gmt":"2025-04-22T12:18:42","guid":{"rendered":"https:\/\/web.quotidianopiemontese.it\/cultura-arte-e-spettacolo-a-torino\/?p=1518"},"modified":"2025-04-22T14:18:42","modified_gmt":"2025-04-22T12:18:42","slug":"istanti-ditalia-cartier-bresson-a-camera","status":"publish","type":"post","link":"https:\/\/web.quotidianopiemontese.it\/cultura-arte-e-spettacolo-a-torino\/istanti-ditalia-cartier-bresson-a-camera\/","title":{"rendered":"Istanti d\u2019Italia. Cartier-Bresson a \u00abCamera\u00bb"},"content":{"rendered":"<p>Anno 1932. <strong>Henri Cartier-Bresson<\/strong> visita l\u2019Italia per la prima volta. Ha abbandonato da poco l\u2019idea di diventare pittore, <!--more-->ha realizzato alcune fotografie durante un lungo soggiorno in Africa e ha appena comprato una Leica, la macchina che diventer\u00e0 la sua inseparabile compagna per oltre quarant\u2019anni. Con lui viaggiano il poeta e scrittore Andr\u00e9 Pieyre de Mandiargues e la pittrice Leonor Fini (protagonista di sorprendenti scatti erotici). Milano, Venezia, Trieste, la Toscana, il Lazio e la Campania: nonostante sia all\u2019inizio della sua carriera, <strong>Henri Cartier-Bresson<\/strong> definisce in quel periodo la sua cifra stilistica e alcune tematiche che caratterizzeranno tutta la sua produzione, unendo la vena surrealista a una straordinaria capacit\u00e0 compositiva, che gli permette di cogliere l\u2019istante <em>(\u201cl\u2019essenza della vita pu\u00f2 essere catturata in un istante\u201d)<\/em> e di realizzare immagini in perfetto equilibrio tra realt\u00e0 e invenzione poetica. In particolare nei paesaggi urbani si nota un processo di geometrizzazione del reale che racconta di un uso mentale della macchina fotografica.<\/p>\n<figure id=\"attachment_1520\" aria-describedby=\"caption-attachment-1520\" style=\"width: 300px\" class=\"wp-caption alignnone\"><a href=\"http:\/\/web.quotidianopiemontese.it\/cultura-arte-e-spettacolo-a-torino\/files\/2025\/04\/12_Henri-Cartier-Bresson-Napoli-1960-\u00a9-Fondation-Henri-Cartier-Bresson-Magnum-Photos-scaled.jpg\"><img loading=\"lazy\" decoding=\"async\" class=\"size-medium wp-image-1520\" src=\"http:\/\/web.quotidianopiemontese.it\/cultura-arte-e-spettacolo-a-torino\/files\/2025\/04\/12_Henri-Cartier-Bresson-Napoli-1960-\u00a9-Fondation-Henri-Cartier-Bresson-Magnum-Photos-300x199.jpg\" alt=\"\" width=\"300\" height=\"199\" srcset=\"https:\/\/web.quotidianopiemontese.it\/cultura-arte-e-spettacolo-a-torino\/files\/2025\/04\/12_Henri-Cartier-Bresson-Napoli-1960-\u00a9-Fondation-Henri-Cartier-Bresson-Magnum-Photos-300x199.jpg 300w, https:\/\/web.quotidianopiemontese.it\/cultura-arte-e-spettacolo-a-torino\/files\/2025\/04\/12_Henri-Cartier-Bresson-Napoli-1960-\u00a9-Fondation-Henri-Cartier-Bresson-Magnum-Photos-1024x679.jpg 1024w, https:\/\/web.quotidianopiemontese.it\/cultura-arte-e-spettacolo-a-torino\/files\/2025\/04\/12_Henri-Cartier-Bresson-Napoli-1960-\u00a9-Fondation-Henri-Cartier-Bresson-Magnum-Photos-768x509.jpg 768w, https:\/\/web.quotidianopiemontese.it\/cultura-arte-e-spettacolo-a-torino\/files\/2025\/04\/12_Henri-Cartier-Bresson-Napoli-1960-\u00a9-Fondation-Henri-Cartier-Bresson-Magnum-Photos-1536x1018.jpg 1536w, https:\/\/web.quotidianopiemontese.it\/cultura-arte-e-spettacolo-a-torino\/files\/2025\/04\/12_Henri-Cartier-Bresson-Napoli-1960-\u00a9-Fondation-Henri-Cartier-Bresson-Magnum-Photos-2048x1358.jpg 2048w, https:\/\/web.quotidianopiemontese.it\/cultura-arte-e-spettacolo-a-torino\/files\/2025\/04\/12_Henri-Cartier-Bresson-Napoli-1960-\u00a9-Fondation-Henri-Cartier-Bresson-Magnum-Photos-1200x796.jpg 1200w\" sizes=\"auto, (max-width: 300px) 85vw, 300px\" \/><\/a><figcaption id=\"caption-attachment-1520\" class=\"wp-caption-text\">\u00a9 Fondation Henri Cartier-Bresson \/ Magnum Photos<\/figcaption><\/figure>\n<p>Fino al <strong>2 giugno,<\/strong> <strong>CAMERA-Centro Italiano per la Fotografia <\/strong>ospita la mostra <strong>\u00abHenri Cartier-Bresson e l\u2019Italia\u00bb,<\/strong> curata <strong>Walter Guadagnini <\/strong>e<strong> Cl\u00e9ment Ch\u00e9roux<\/strong>, direttore della <strong>Fondation Henri Cartier-Bresson. <\/strong>Un racconto composto da <strong>160 scatti, <\/strong>tra immagini celebri e altre meno conosciute, dai quali emerge non solo il profondo legame tra \u201cl\u2019occhio del secolo\u201d ed il nostro Paese <em>(\u201cvisto che l\u2019Italia sembra piacerti moltissimo\u201d, <\/em>gli scrive Robert Capa nel 1951), ma anche un ritratto socioculturale e umano dell\u2019Italia dagli anni Trenta ai Settanta. <strong>Henri Cartier-Bresson <\/strong>frequenta l\u2019Italia da Nord a Sud in pi\u00f9 occasioni, sia come corrispondente delle grandi riviste internazionali \u2013 da \u201cLife\u201d a \u201cHarper\u2019s Bazaar\u201d, da \u201cHoliday\u201d a \u201cVogue\u201d \u2013 sia su committenza dell\u2019industria, in particolare quella di Adriano Olivetti.<\/p>\n<figure id=\"attachment_1521\" aria-describedby=\"caption-attachment-1521\" style=\"width: 203px\" class=\"wp-caption alignnone\"><a href=\"http:\/\/web.quotidianopiemontese.it\/cultura-arte-e-spettacolo-a-torino\/files\/2025\/04\/8_Henri-Cartier-Bresson-La-festa-della-Befana-piazza-Navona-Roma-1951-\u00a9-Fondation-Henri-Cartier-Bresson-Magnum-Photos-scaled.jpg\"><img loading=\"lazy\" decoding=\"async\" class=\"size-medium wp-image-1521\" src=\"http:\/\/web.quotidianopiemontese.it\/cultura-arte-e-spettacolo-a-torino\/files\/2025\/04\/8_Henri-Cartier-Bresson-La-festa-della-Befana-piazza-Navona-Roma-1951-\u00a9-Fondation-Henri-Cartier-Bresson-Magnum-Photos-203x300.jpg\" alt=\"\" width=\"203\" height=\"300\" srcset=\"https:\/\/web.quotidianopiemontese.it\/cultura-arte-e-spettacolo-a-torino\/files\/2025\/04\/8_Henri-Cartier-Bresson-La-festa-della-Befana-piazza-Navona-Roma-1951-\u00a9-Fondation-Henri-Cartier-Bresson-Magnum-Photos-203x300.jpg 203w, https:\/\/web.quotidianopiemontese.it\/cultura-arte-e-spettacolo-a-torino\/files\/2025\/04\/8_Henri-Cartier-Bresson-La-festa-della-Befana-piazza-Navona-Roma-1951-\u00a9-Fondation-Henri-Cartier-Bresson-Magnum-Photos-693x1024.jpg 693w, https:\/\/web.quotidianopiemontese.it\/cultura-arte-e-spettacolo-a-torino\/files\/2025\/04\/8_Henri-Cartier-Bresson-La-festa-della-Befana-piazza-Navona-Roma-1951-\u00a9-Fondation-Henri-Cartier-Bresson-Magnum-Photos-768x1135.jpg 768w, https:\/\/web.quotidianopiemontese.it\/cultura-arte-e-spettacolo-a-torino\/files\/2025\/04\/8_Henri-Cartier-Bresson-La-festa-della-Befana-piazza-Navona-Roma-1951-\u00a9-Fondation-Henri-Cartier-Bresson-Magnum-Photos-1040x1536.jpg 1040w, https:\/\/web.quotidianopiemontese.it\/cultura-arte-e-spettacolo-a-torino\/files\/2025\/04\/8_Henri-Cartier-Bresson-La-festa-della-Befana-piazza-Navona-Roma-1951-\u00a9-Fondation-Henri-Cartier-Bresson-Magnum-Photos-1386x2048.jpg 1386w, https:\/\/web.quotidianopiemontese.it\/cultura-arte-e-spettacolo-a-torino\/files\/2025\/04\/8_Henri-Cartier-Bresson-La-festa-della-Befana-piazza-Navona-Roma-1951-\u00a9-Fondation-Henri-Cartier-Bresson-Magnum-Photos-1200x1773.jpg 1200w, https:\/\/web.quotidianopiemontese.it\/cultura-arte-e-spettacolo-a-torino\/files\/2025\/04\/8_Henri-Cartier-Bresson-La-festa-della-Befana-piazza-Navona-Roma-1951-\u00a9-Fondation-Henri-Cartier-Bresson-Magnum-Photos-scaled.jpg 1733w\" sizes=\"auto, (max-width: 203px) 85vw, 203px\" \/><\/a><figcaption id=\"caption-attachment-1521\" class=\"wp-caption-text\">\u00a9 Fondation Henri Cartier-Bresson \/ Magnum Photos<\/figcaption><\/figure>\n<p>Dopo aver fondato l\u2019agenzia Magnum Photos nel 1947, <strong>Cartier-Bresson, <\/strong>ormai noto a livello internazionale, torna in Italia. \u00c8 il 1951. Sulle pagine di \u201cLife\u201d pubblica un lungo servizio che racconta la vita quotidiana in una piazza romana, uno spaccato sorprendente nel quale emerge la capacit\u00e0 del fotografo di cogliere l\u2019aneddoto, l\u2019elemento caratteristico di una situazione banale, e insieme di trasformarlo in una visione pi\u00f9 complessa grazie al perfetto dominio degli elementi spaziali che compongono l\u2019immagine. Celebri gli scatti in un Sud modellato sulle pagine di \u201cCristo si \u00e8 fermato a Eboli\u201d. Le fotografie rea in Abruzzo, Basilicata e ad Ischia contribuiranno alla formazione dell\u2019immaginario collettivo relativo al Mezzogiorno.<\/p>\n<figure id=\"attachment_1522\" aria-describedby=\"caption-attachment-1522\" style=\"width: 300px\" class=\"wp-caption alignnone\"><a href=\"http:\/\/web.quotidianopiemontese.it\/cultura-arte-e-spettacolo-a-torino\/files\/2025\/04\/Henri-Cartier-Bresson-LAquila-1951\u00a9-Fondation-Henri-Cartier-Bresson-Magnum-Photos-scaled.jpg\"><img loading=\"lazy\" decoding=\"async\" class=\"size-medium wp-image-1522\" src=\"http:\/\/web.quotidianopiemontese.it\/cultura-arte-e-spettacolo-a-torino\/files\/2025\/04\/Henri-Cartier-Bresson-LAquila-1951\u00a9-Fondation-Henri-Cartier-Bresson-Magnum-Photos-300x198.jpg\" alt=\"\" width=\"300\" height=\"198\" srcset=\"https:\/\/web.quotidianopiemontese.it\/cultura-arte-e-spettacolo-a-torino\/files\/2025\/04\/Henri-Cartier-Bresson-LAquila-1951\u00a9-Fondation-Henri-Cartier-Bresson-Magnum-Photos-300x198.jpg 300w, https:\/\/web.quotidianopiemontese.it\/cultura-arte-e-spettacolo-a-torino\/files\/2025\/04\/Henri-Cartier-Bresson-LAquila-1951\u00a9-Fondation-Henri-Cartier-Bresson-Magnum-Photos-1024x677.jpg 1024w, https:\/\/web.quotidianopiemontese.it\/cultura-arte-e-spettacolo-a-torino\/files\/2025\/04\/Henri-Cartier-Bresson-LAquila-1951\u00a9-Fondation-Henri-Cartier-Bresson-Magnum-Photos-768x507.jpg 768w, https:\/\/web.quotidianopiemontese.it\/cultura-arte-e-spettacolo-a-torino\/files\/2025\/04\/Henri-Cartier-Bresson-LAquila-1951\u00a9-Fondation-Henri-Cartier-Bresson-Magnum-Photos-1536x1015.jpg 1536w, https:\/\/web.quotidianopiemontese.it\/cultura-arte-e-spettacolo-a-torino\/files\/2025\/04\/Henri-Cartier-Bresson-LAquila-1951\u00a9-Fondation-Henri-Cartier-Bresson-Magnum-Photos-2048x1353.jpg 2048w, https:\/\/web.quotidianopiemontese.it\/cultura-arte-e-spettacolo-a-torino\/files\/2025\/04\/Henri-Cartier-Bresson-LAquila-1951\u00a9-Fondation-Henri-Cartier-Bresson-Magnum-Photos-1200x793.jpg 1200w\" sizes=\"auto, (max-width: 300px) 85vw, 300px\" \/><\/a><figcaption id=\"caption-attachment-1522\" class=\"wp-caption-text\">\u00a9 Fondation Henri Cartier-Bresson \/ Magnum Photos<\/figcaption><\/figure>\n<p>Nel 1953 realizza un vero e proprio Grand Tour, che tocca citt\u00e0 come Genova, Verona, Venezia, Bologna, Firenze, Siena: il risultato di questo nuovo viaggio si trova soprattutto nelle riviste illustrate che trasformano il Belpaese in un Eden fuori dal tempo, dove la vita delle persone scorre serena in mezzo alle scenografie costituite di monumenti dei centri storici. In realt\u00e0 la visione di <strong>Cartier-Bresson<\/strong> \u00e8 pi\u00f9 complessa; \u00e8 il tentativo di leggere la natura specifica di un paese e dei suoi abitanti all\u2019interno di uno spazio storico, geografico e culturale pi\u00f9 ampio come quello europeo, e non a caso molte di queste immagini faranno parte di \u201cLes Europ\u00e9ens\u201d (1955), uno dei suoi volumi pi\u00f9 famosi. Oltre alla capacit\u00e0 di interpretare la vita quotidiana delle citt\u00e0 e dei loro abitanti, emerge anche l\u2019abilit\u00e0 di ritrattista, immortalando alcuni dei protagonisti della cultura italiana del dopoguerra, da Roberto Rossellini a Luchino Visconti, da Giorgio de Chirico a Pier Paolo Pasolini e Carlo Levi.<\/p>\n<figure id=\"attachment_1523\" aria-describedby=\"caption-attachment-1523\" style=\"width: 300px\" class=\"wp-caption alignnone\"><a href=\"http:\/\/web.quotidianopiemontese.it\/cultura-arte-e-spettacolo-a-torino\/files\/2025\/04\/Henri-Cartier-Bresson-Siena-1953-\u00a9-Fondation-Henri-Cartier-Bresson-Magnum-Photos-1-scaled.jpg\"><img loading=\"lazy\" decoding=\"async\" class=\"size-medium wp-image-1523\" src=\"http:\/\/web.quotidianopiemontese.it\/cultura-arte-e-spettacolo-a-torino\/files\/2025\/04\/Henri-Cartier-Bresson-Siena-1953-\u00a9-Fondation-Henri-Cartier-Bresson-Magnum-Photos-1-300x204.jpg\" alt=\"\" width=\"300\" height=\"204\" srcset=\"https:\/\/web.quotidianopiemontese.it\/cultura-arte-e-spettacolo-a-torino\/files\/2025\/04\/Henri-Cartier-Bresson-Siena-1953-\u00a9-Fondation-Henri-Cartier-Bresson-Magnum-Photos-1-300x204.jpg 300w, https:\/\/web.quotidianopiemontese.it\/cultura-arte-e-spettacolo-a-torino\/files\/2025\/04\/Henri-Cartier-Bresson-Siena-1953-\u00a9-Fondation-Henri-Cartier-Bresson-Magnum-Photos-1-1024x696.jpg 1024w, https:\/\/web.quotidianopiemontese.it\/cultura-arte-e-spettacolo-a-torino\/files\/2025\/04\/Henri-Cartier-Bresson-Siena-1953-\u00a9-Fondation-Henri-Cartier-Bresson-Magnum-Photos-1-768x522.jpg 768w, https:\/\/web.quotidianopiemontese.it\/cultura-arte-e-spettacolo-a-torino\/files\/2025\/04\/Henri-Cartier-Bresson-Siena-1953-\u00a9-Fondation-Henri-Cartier-Bresson-Magnum-Photos-1-1536x1044.jpg 1536w, https:\/\/web.quotidianopiemontese.it\/cultura-arte-e-spettacolo-a-torino\/files\/2025\/04\/Henri-Cartier-Bresson-Siena-1953-\u00a9-Fondation-Henri-Cartier-Bresson-Magnum-Photos-1-2048x1392.jpg 2048w, https:\/\/web.quotidianopiemontese.it\/cultura-arte-e-spettacolo-a-torino\/files\/2025\/04\/Henri-Cartier-Bresson-Siena-1953-\u00a9-Fondation-Henri-Cartier-Bresson-Magnum-Photos-1-1200x816.jpg 1200w\" sizes=\"auto, (max-width: 300px) 85vw, 300px\" \/><\/a><figcaption id=\"caption-attachment-1523\" class=\"wp-caption-text\">\u00a9 Fondation Henri Cartier-Bresson \/ Magnum Photos<\/figcaption><\/figure>\n<p>Nel 1958, si trova a Roma per documentare l\u2019elezione di Papa Giovanni XXIII. L\u2019anno seguente, realizza una serie di scatti nella capitale italiana, concentrandosi anche sulle periferie urbane. Ad inizio degli anni Sessanta si focalizza sul rapporto tra uomo e macchina, documentando l\u2019attivit\u00e0 dello stabilimento Olivetti di Pozzuoli e dell\u2019Alfa Romeo di Pomigliano d\u2019Arco. Nel 1962 si reca in Sardegna per un servizio fotografico commissionato da \u201cVogue\u201d. Tra il 1971 e il 1972, <strong>Cartier-Bresson<\/strong> torna a fotografare il sud Italia, questa volta soffermandosi su Napoli, Palermo e Venezia. Nel 1973, a vent\u2019anni di distanza dal suo primo viaggio in Basilicata, vi fa ritorno per documentare i cambiamenti di quella terra, dove la ruralit\u00e0 si misura con un\u2019industrializzazione sempre pi\u00f9 invadente, l\u2019identit\u00e0 locale con l\u2019avanzare della modernit\u00e0. Sono gli anni che vedono <strong>Cartier-Bresson <\/strong>abbandonare progressivamente l\u2019attivit\u00e0 fotografica per dedicarsi alla pittura e al disegno. (<em>\u201cLa macchina fotografica \u00e8 per me un album da disegno, lo strumento dell\u2019intuito e della spontaneit\u00e0\u201d).<\/em><\/p>\n<p><a href=\"http:\/\/www.camera.to\/\">www.camera.to<\/a><\/p>\n<p>Emanuele Rebuffini<\/p>\n<figure id=\"attachment_1524\" aria-describedby=\"caption-attachment-1524\" style=\"width: 197px\" class=\"wp-caption alignnone\"><a href=\"http:\/\/web.quotidianopiemontese.it\/cultura-arte-e-spettacolo-a-torino\/files\/2025\/04\/Martine-Franck-Henri-Cartier-Bresson-Forcalquier-Francia-1972-\u00a9-Martine-Franck-Magnum-Photos-scaled.jpg\"><img loading=\"lazy\" decoding=\"async\" class=\"size-medium wp-image-1524\" src=\"http:\/\/web.quotidianopiemontese.it\/cultura-arte-e-spettacolo-a-torino\/files\/2025\/04\/Martine-Franck-Henri-Cartier-Bresson-Forcalquier-Francia-1972-\u00a9-Martine-Franck-Magnum-Photos-197x300.jpg\" alt=\"\" width=\"197\" height=\"300\" srcset=\"https:\/\/web.quotidianopiemontese.it\/cultura-arte-e-spettacolo-a-torino\/files\/2025\/04\/Martine-Franck-Henri-Cartier-Bresson-Forcalquier-Francia-1972-\u00a9-Martine-Franck-Magnum-Photos-197x300.jpg 197w, https:\/\/web.quotidianopiemontese.it\/cultura-arte-e-spettacolo-a-torino\/files\/2025\/04\/Martine-Franck-Henri-Cartier-Bresson-Forcalquier-Francia-1972-\u00a9-Martine-Franck-Magnum-Photos-673x1024.jpg 673w, https:\/\/web.quotidianopiemontese.it\/cultura-arte-e-spettacolo-a-torino\/files\/2025\/04\/Martine-Franck-Henri-Cartier-Bresson-Forcalquier-Francia-1972-\u00a9-Martine-Franck-Magnum-Photos-768x1169.jpg 768w, https:\/\/web.quotidianopiemontese.it\/cultura-arte-e-spettacolo-a-torino\/files\/2025\/04\/Martine-Franck-Henri-Cartier-Bresson-Forcalquier-Francia-1972-\u00a9-Martine-Franck-Magnum-Photos-1009x1536.jpg 1009w, https:\/\/web.quotidianopiemontese.it\/cultura-arte-e-spettacolo-a-torino\/files\/2025\/04\/Martine-Franck-Henri-Cartier-Bresson-Forcalquier-Francia-1972-\u00a9-Martine-Franck-Magnum-Photos-1346x2048.jpg 1346w, https:\/\/web.quotidianopiemontese.it\/cultura-arte-e-spettacolo-a-torino\/files\/2025\/04\/Martine-Franck-Henri-Cartier-Bresson-Forcalquier-Francia-1972-\u00a9-Martine-Franck-Magnum-Photos-1200x1826.jpg 1200w, https:\/\/web.quotidianopiemontese.it\/cultura-arte-e-spettacolo-a-torino\/files\/2025\/04\/Martine-Franck-Henri-Cartier-Bresson-Forcalquier-Francia-1972-\u00a9-Martine-Franck-Magnum-Photos-scaled.jpg 1682w\" sizes=\"auto, (max-width: 197px) 85vw, 197px\" \/><\/a><figcaption id=\"caption-attachment-1524\" class=\"wp-caption-text\">Henri CARTIER-BRESSON. 1972.<br \/>France. The Alpes de Haute-Provence &#8216;department&#8217;. Town of Forcalquier.<\/figcaption><\/figure>\n","protected":false},"excerpt":{"rendered":"<p>Anno 1932. Henri Cartier-Bresson visita l\u2019Italia per la prima volta. Ha abbandonato da poco l\u2019idea di diventare pittore,<\/p>\n","protected":false},"author":1361,"featured_media":1519,"comment_status":"open","ping_status":"open","sticky":false,"template":"","format":"standard","meta":{"footnotes":""},"categories":[1],"tags":[225,272],"class_list":["post-1518","post","type-post","status-publish","format-standard","has-post-thumbnail","hentry","category-cultura-arte-spettacolo","tag-camera-centro-italiano-per-la-fotografia","tag-henri-cartier-bresson"],"yoast_head":"<!-- This site is optimized with the Yoast SEO plugin v27.1.1 - https:\/\/yoast.com\/product\/yoast-seo-wordpress\/ -->\n<title>Istanti d\u2019Italia. Cartier-Bresson a \u00abCamera\u00bb - 22 Aprile 2025<\/title>\n<meta name=\"description\" content=\"Istanti d\u2019Italia. Cartier-Bresson a \u00abCamera\u00bb - Cultura, Arte e Spettacolo a Torino - Anno 1932. Henri Cartier-Bresson visita l\u2019Italia per la prima volta. Ha abbandonato da poco l\u2019idea di diventare pittore, ha realizzato alcune fotografie - Camera-Centro Italiano per la Fotografia, Henri Cartier-Bresson\" \/>\n<meta name=\"robots\" content=\"index, follow, max-snippet:-1, max-image-preview:large, max-video-preview:-1\" \/>\n<link rel=\"canonical\" href=\"http:\/\/web.quotidianopiemontese.it\/cultura-arte-e-spettacolo-a-torino\/istanti-ditalia-cartier-bresson-a-camera\/\" \/>\n<meta property=\"og:locale\" content=\"it_IT\" \/>\n<meta property=\"og:type\" content=\"article\" \/>\n<meta property=\"og:title\" content=\"Istanti d\u2019Italia. Cartier-Bresson a \u00abCamera\u00bb - 22 Aprile 2025\" \/>\n<meta property=\"og:description\" content=\"Istanti d\u2019Italia. Cartier-Bresson a \u00abCamera\u00bb - Cultura, Arte e Spettacolo a Torino - Anno 1932. Henri Cartier-Bresson visita l\u2019Italia per la prima volta. Ha abbandonato da poco l\u2019idea di diventare pittore, ha realizzato alcune fotografie - Camera-Centro Italiano per la Fotografia, Henri Cartier-Bresson\" \/>\n<meta property=\"og:url\" content=\"http:\/\/web.quotidianopiemontese.it\/cultura-arte-e-spettacolo-a-torino\/istanti-ditalia-cartier-bresson-a-camera\/\" \/>\n<meta property=\"og:site_name\" content=\"Cultura, Arte e Spettacolo a Torino\" \/>\n<meta property=\"article:publisher\" content=\"https:\/\/www.facebook.com\/quotidianopiemontese?fref=ts\" \/>\n<meta property=\"article:published_time\" content=\"2025-04-22T12:18:42+00:00\" \/>\n<meta property=\"og:image\" content=\"http:\/\/web.quotidianopiemontese.it\/cultura-arte-e-spettacolo-a-torino\/files\/2025\/04\/Henri-Cartier-Bresson-Siena-1953-\u00a9-Fondation-Henri-Cartier-Bresson-Magnum-Photos-scaled.jpg\" \/>\n\t<meta property=\"og:image:width\" content=\"2560\" \/>\n\t<meta property=\"og:image:height\" content=\"1740\" \/>\n\t<meta property=\"og:image:type\" content=\"image\/jpeg\" \/>\n<meta name=\"author\" content=\"Emanuele Rebuffini\" \/>\n<meta name=\"twitter:label1\" content=\"Scritto da\" \/>\n\t<meta name=\"twitter:data1\" content=\"Emanuele Rebuffini\" \/>\n\t<meta name=\"twitter:label2\" content=\"Tempo di lettura stimato\" \/>\n\t<meta name=\"twitter:data2\" content=\"6 minuti\" \/>\n<script type=\"application\/ld+json\" class=\"yoast-schema-graph\">{\"@context\":\"https:\/\/schema.org\",\"@graph\":[{\"@type\":\"Article\",\"@id\":\"http:\/\/web.quotidianopiemontese.it\/cultura-arte-e-spettacolo-a-torino\/istanti-ditalia-cartier-bresson-a-camera\/#article\",\"isPartOf\":{\"@id\":\"http:\/\/web.quotidianopiemontese.it\/cultura-arte-e-spettacolo-a-torino\/istanti-ditalia-cartier-bresson-a-camera\/\"},\"author\":{\"name\":\"Emanuele Rebuffini\",\"@id\":\"https:\/\/web.quotidianopiemontese.it\/cultura-arte-e-spettacolo-a-torino\/#\/schema\/person\/b035109a4cc7d3e93911b78d8cebf3a0\"},\"headline\":\"Istanti d\u2019Italia. Cartier-Bresson a \u00abCamera\u00bb\",\"datePublished\":\"2025-04-22T12:18:42+00:00\",\"mainEntityOfPage\":{\"@id\":\"http:\/\/web.quotidianopiemontese.it\/cultura-arte-e-spettacolo-a-torino\/istanti-ditalia-cartier-bresson-a-camera\/\"},\"wordCount\":797,\"commentCount\":0,\"image\":{\"@id\":\"http:\/\/web.quotidianopiemontese.it\/cultura-arte-e-spettacolo-a-torino\/istanti-ditalia-cartier-bresson-a-camera\/#primaryimage\"},\"thumbnailUrl\":\"https:\/\/web.quotidianopiemontese.it\/cultura-arte-e-spettacolo-a-torino\/files\/2025\/04\/Henri-Cartier-Bresson-Siena-1953-\u00a9-Fondation-Henri-Cartier-Bresson-Magnum-Photos-scaled.jpg\",\"keywords\":[\"Camera-Centro Italiano per la Fotografia\",\"Henri Cartier-Bresson\"],\"articleSection\":[\"Cultura, arte, spettacolo\"],\"inLanguage\":\"it-IT\",\"potentialAction\":[{\"@type\":\"CommentAction\",\"name\":\"Comment\",\"target\":[\"http:\/\/web.quotidianopiemontese.it\/cultura-arte-e-spettacolo-a-torino\/istanti-ditalia-cartier-bresson-a-camera\/#respond\"]}]},{\"@type\":\"WebPage\",\"@id\":\"http:\/\/web.quotidianopiemontese.it\/cultura-arte-e-spettacolo-a-torino\/istanti-ditalia-cartier-bresson-a-camera\/\",\"url\":\"http:\/\/web.quotidianopiemontese.it\/cultura-arte-e-spettacolo-a-torino\/istanti-ditalia-cartier-bresson-a-camera\/\",\"name\":\"Istanti d\u2019Italia. Cartier-Bresson a \u00abCamera\u00bb - 22 Aprile 2025\",\"isPartOf\":{\"@id\":\"https:\/\/web.quotidianopiemontese.it\/cultura-arte-e-spettacolo-a-torino\/#website\"},\"primaryImageOfPage\":{\"@id\":\"http:\/\/web.quotidianopiemontese.it\/cultura-arte-e-spettacolo-a-torino\/istanti-ditalia-cartier-bresson-a-camera\/#primaryimage\"},\"image\":{\"@id\":\"http:\/\/web.quotidianopiemontese.it\/cultura-arte-e-spettacolo-a-torino\/istanti-ditalia-cartier-bresson-a-camera\/#primaryimage\"},\"thumbnailUrl\":\"https:\/\/web.quotidianopiemontese.it\/cultura-arte-e-spettacolo-a-torino\/files\/2025\/04\/Henri-Cartier-Bresson-Siena-1953-\u00a9-Fondation-Henri-Cartier-Bresson-Magnum-Photos-scaled.jpg\",\"datePublished\":\"2025-04-22T12:18:42+00:00\",\"author\":{\"@id\":\"https:\/\/web.quotidianopiemontese.it\/cultura-arte-e-spettacolo-a-torino\/#\/schema\/person\/b035109a4cc7d3e93911b78d8cebf3a0\"},\"description\":\"Istanti d\u2019Italia. Cartier-Bresson a \u00abCamera\u00bb - Cultura, Arte e Spettacolo a Torino - Anno 1932. Henri Cartier-Bresson visita l\u2019Italia per la prima volta. Ha abbandonato da poco l\u2019idea di diventare pittore, ha realizzato alcune fotografie - Camera-Centro Italiano per la Fotografia, Henri Cartier-Bresson\",\"inLanguage\":\"it-IT\",\"potentialAction\":[{\"@type\":\"ReadAction\",\"target\":[\"http:\/\/web.quotidianopiemontese.it\/cultura-arte-e-spettacolo-a-torino\/istanti-ditalia-cartier-bresson-a-camera\/\"]}]},{\"@type\":\"ImageObject\",\"inLanguage\":\"it-IT\",\"@id\":\"http:\/\/web.quotidianopiemontese.it\/cultura-arte-e-spettacolo-a-torino\/istanti-ditalia-cartier-bresson-a-camera\/#primaryimage\",\"url\":\"https:\/\/web.quotidianopiemontese.it\/cultura-arte-e-spettacolo-a-torino\/files\/2025\/04\/Henri-Cartier-Bresson-Siena-1953-\u00a9-Fondation-Henri-Cartier-Bresson-Magnum-Photos-scaled.jpg\",\"contentUrl\":\"https:\/\/web.quotidianopiemontese.it\/cultura-arte-e-spettacolo-a-torino\/files\/2025\/04\/Henri-Cartier-Bresson-Siena-1953-\u00a9-Fondation-Henri-Cartier-Bresson-Magnum-Photos-scaled.jpg\",\"width\":2560,\"height\":1740},{\"@type\":\"WebSite\",\"@id\":\"https:\/\/web.quotidianopiemontese.it\/cultura-arte-e-spettacolo-a-torino\/#website\",\"url\":\"https:\/\/web.quotidianopiemontese.it\/cultura-arte-e-spettacolo-a-torino\/\",\"name\":\"Cultura, Arte e Spettacolo a Torino\",\"description\":\"Quotidiano Piemontese\",\"potentialAction\":[{\"@type\":\"SearchAction\",\"target\":{\"@type\":\"EntryPoint\",\"urlTemplate\":\"https:\/\/web.quotidianopiemontese.it\/cultura-arte-e-spettacolo-a-torino\/?s={search_term_string}\"},\"query-input\":{\"@type\":\"PropertyValueSpecification\",\"valueRequired\":true,\"valueName\":\"search_term_string\"}}],\"inLanguage\":\"it-IT\"},{\"@type\":\"Person\",\"@id\":\"https:\/\/web.quotidianopiemontese.it\/cultura-arte-e-spettacolo-a-torino\/#\/schema\/person\/b035109a4cc7d3e93911b78d8cebf3a0\",\"name\":\"Emanuele Rebuffini\",\"image\":{\"@type\":\"ImageObject\",\"inLanguage\":\"it-IT\",\"@id\":\"https:\/\/web.quotidianopiemontese.it\/cultura-arte-e-spettacolo-a-torino\/#\/schema\/person\/image\/\",\"url\":\"https:\/\/secure.gravatar.com\/avatar\/519a0a38be4cbbcf40fb5bc1b1173a85af291a3a8697df454a94ad7e05574628?s=96&d=mm&r=g\",\"contentUrl\":\"https:\/\/secure.gravatar.com\/avatar\/519a0a38be4cbbcf40fb5bc1b1173a85af291a3a8697df454a94ad7e05574628?s=96&d=mm&r=g\",\"caption\":\"Emanuele Rebuffini\"},\"sameAs\":[\"http:\/\/www.quotidianopiemontese.it\/cultura-arte-e-spettacolo-a-torino\/\"],\"url\":\"https:\/\/web.quotidianopiemontese.it\/cultura-arte-e-spettacolo-a-torino\/author\/emanuelerebuffini\/\"}]}<\/script>\n<!-- \/ Yoast SEO plugin. -->","yoast_head_json":{"title":"Istanti d\u2019Italia. Cartier-Bresson a \u00abCamera\u00bb - 22 Aprile 2025","description":"Istanti d\u2019Italia. Cartier-Bresson a \u00abCamera\u00bb - Cultura, Arte e Spettacolo a Torino - Anno 1932. Henri Cartier-Bresson visita l\u2019Italia per la prima volta. Ha abbandonato da poco l\u2019idea di diventare pittore, ha realizzato alcune fotografie - Camera-Centro Italiano per la Fotografia, Henri Cartier-Bresson","robots":{"index":"index","follow":"follow","max-snippet":"max-snippet:-1","max-image-preview":"max-image-preview:large","max-video-preview":"max-video-preview:-1"},"canonical":"http:\/\/web.quotidianopiemontese.it\/cultura-arte-e-spettacolo-a-torino\/istanti-ditalia-cartier-bresson-a-camera\/","og_locale":"it_IT","og_type":"article","og_title":"Istanti d\u2019Italia. Cartier-Bresson a \u00abCamera\u00bb - 22 Aprile 2025","og_description":"Istanti d\u2019Italia. Cartier-Bresson a \u00abCamera\u00bb - Cultura, Arte e Spettacolo a Torino - Anno 1932. Henri Cartier-Bresson visita l\u2019Italia per la prima volta. Ha abbandonato da poco l\u2019idea di diventare pittore, ha realizzato alcune fotografie - Camera-Centro Italiano per la Fotografia, Henri Cartier-Bresson","og_url":"http:\/\/web.quotidianopiemontese.it\/cultura-arte-e-spettacolo-a-torino\/istanti-ditalia-cartier-bresson-a-camera\/","og_site_name":"Cultura, Arte e Spettacolo a Torino","article_publisher":"https:\/\/www.facebook.com\/quotidianopiemontese?fref=ts","article_published_time":"2025-04-22T12:18:42+00:00","og_image":[{"width":2560,"height":1740,"url":"http:\/\/web.quotidianopiemontese.it\/cultura-arte-e-spettacolo-a-torino\/files\/2025\/04\/Henri-Cartier-Bresson-Siena-1953-\u00a9-Fondation-Henri-Cartier-Bresson-Magnum-Photos-scaled.jpg","type":"image\/jpeg"}],"author":"Emanuele Rebuffini","twitter_misc":{"Scritto da":"Emanuele Rebuffini","Tempo di lettura stimato":"6 minuti"},"schema":{"@context":"https:\/\/schema.org","@graph":[{"@type":"Article","@id":"http:\/\/web.quotidianopiemontese.it\/cultura-arte-e-spettacolo-a-torino\/istanti-ditalia-cartier-bresson-a-camera\/#article","isPartOf":{"@id":"http:\/\/web.quotidianopiemontese.it\/cultura-arte-e-spettacolo-a-torino\/istanti-ditalia-cartier-bresson-a-camera\/"},"author":{"name":"Emanuele Rebuffini","@id":"https:\/\/web.quotidianopiemontese.it\/cultura-arte-e-spettacolo-a-torino\/#\/schema\/person\/b035109a4cc7d3e93911b78d8cebf3a0"},"headline":"Istanti d\u2019Italia. Cartier-Bresson a \u00abCamera\u00bb","datePublished":"2025-04-22T12:18:42+00:00","mainEntityOfPage":{"@id":"http:\/\/web.quotidianopiemontese.it\/cultura-arte-e-spettacolo-a-torino\/istanti-ditalia-cartier-bresson-a-camera\/"},"wordCount":797,"commentCount":0,"image":{"@id":"http:\/\/web.quotidianopiemontese.it\/cultura-arte-e-spettacolo-a-torino\/istanti-ditalia-cartier-bresson-a-camera\/#primaryimage"},"thumbnailUrl":"https:\/\/web.quotidianopiemontese.it\/cultura-arte-e-spettacolo-a-torino\/files\/2025\/04\/Henri-Cartier-Bresson-Siena-1953-\u00a9-Fondation-Henri-Cartier-Bresson-Magnum-Photos-scaled.jpg","keywords":["Camera-Centro Italiano per la Fotografia","Henri Cartier-Bresson"],"articleSection":["Cultura, arte, spettacolo"],"inLanguage":"it-IT","potentialAction":[{"@type":"CommentAction","name":"Comment","target":["http:\/\/web.quotidianopiemontese.it\/cultura-arte-e-spettacolo-a-torino\/istanti-ditalia-cartier-bresson-a-camera\/#respond"]}]},{"@type":"WebPage","@id":"http:\/\/web.quotidianopiemontese.it\/cultura-arte-e-spettacolo-a-torino\/istanti-ditalia-cartier-bresson-a-camera\/","url":"http:\/\/web.quotidianopiemontese.it\/cultura-arte-e-spettacolo-a-torino\/istanti-ditalia-cartier-bresson-a-camera\/","name":"Istanti d\u2019Italia. Cartier-Bresson a \u00abCamera\u00bb - 22 Aprile 2025","isPartOf":{"@id":"https:\/\/web.quotidianopiemontese.it\/cultura-arte-e-spettacolo-a-torino\/#website"},"primaryImageOfPage":{"@id":"http:\/\/web.quotidianopiemontese.it\/cultura-arte-e-spettacolo-a-torino\/istanti-ditalia-cartier-bresson-a-camera\/#primaryimage"},"image":{"@id":"http:\/\/web.quotidianopiemontese.it\/cultura-arte-e-spettacolo-a-torino\/istanti-ditalia-cartier-bresson-a-camera\/#primaryimage"},"thumbnailUrl":"https:\/\/web.quotidianopiemontese.it\/cultura-arte-e-spettacolo-a-torino\/files\/2025\/04\/Henri-Cartier-Bresson-Siena-1953-\u00a9-Fondation-Henri-Cartier-Bresson-Magnum-Photos-scaled.jpg","datePublished":"2025-04-22T12:18:42+00:00","author":{"@id":"https:\/\/web.quotidianopiemontese.it\/cultura-arte-e-spettacolo-a-torino\/#\/schema\/person\/b035109a4cc7d3e93911b78d8cebf3a0"},"description":"Istanti d\u2019Italia. Cartier-Bresson a \u00abCamera\u00bb - Cultura, Arte e Spettacolo a Torino - Anno 1932. Henri Cartier-Bresson visita l\u2019Italia per la prima volta. Ha abbandonato da poco l\u2019idea di diventare pittore, ha realizzato alcune fotografie - Camera-Centro Italiano per la Fotografia, Henri Cartier-Bresson","inLanguage":"it-IT","potentialAction":[{"@type":"ReadAction","target":["http:\/\/web.quotidianopiemontese.it\/cultura-arte-e-spettacolo-a-torino\/istanti-ditalia-cartier-bresson-a-camera\/"]}]},{"@type":"ImageObject","inLanguage":"it-IT","@id":"http:\/\/web.quotidianopiemontese.it\/cultura-arte-e-spettacolo-a-torino\/istanti-ditalia-cartier-bresson-a-camera\/#primaryimage","url":"https:\/\/web.quotidianopiemontese.it\/cultura-arte-e-spettacolo-a-torino\/files\/2025\/04\/Henri-Cartier-Bresson-Siena-1953-\u00a9-Fondation-Henri-Cartier-Bresson-Magnum-Photos-scaled.jpg","contentUrl":"https:\/\/web.quotidianopiemontese.it\/cultura-arte-e-spettacolo-a-torino\/files\/2025\/04\/Henri-Cartier-Bresson-Siena-1953-\u00a9-Fondation-Henri-Cartier-Bresson-Magnum-Photos-scaled.jpg","width":2560,"height":1740},{"@type":"WebSite","@id":"https:\/\/web.quotidianopiemontese.it\/cultura-arte-e-spettacolo-a-torino\/#website","url":"https:\/\/web.quotidianopiemontese.it\/cultura-arte-e-spettacolo-a-torino\/","name":"Cultura, Arte e Spettacolo a Torino","description":"Quotidiano Piemontese","potentialAction":[{"@type":"SearchAction","target":{"@type":"EntryPoint","urlTemplate":"https:\/\/web.quotidianopiemontese.it\/cultura-arte-e-spettacolo-a-torino\/?s={search_term_string}"},"query-input":{"@type":"PropertyValueSpecification","valueRequired":true,"valueName":"search_term_string"}}],"inLanguage":"it-IT"},{"@type":"Person","@id":"https:\/\/web.quotidianopiemontese.it\/cultura-arte-e-spettacolo-a-torino\/#\/schema\/person\/b035109a4cc7d3e93911b78d8cebf3a0","name":"Emanuele Rebuffini","image":{"@type":"ImageObject","inLanguage":"it-IT","@id":"https:\/\/web.quotidianopiemontese.it\/cultura-arte-e-spettacolo-a-torino\/#\/schema\/person\/image\/","url":"https:\/\/secure.gravatar.com\/avatar\/519a0a38be4cbbcf40fb5bc1b1173a85af291a3a8697df454a94ad7e05574628?s=96&d=mm&r=g","contentUrl":"https:\/\/secure.gravatar.com\/avatar\/519a0a38be4cbbcf40fb5bc1b1173a85af291a3a8697df454a94ad7e05574628?s=96&d=mm&r=g","caption":"Emanuele Rebuffini"},"sameAs":["http:\/\/www.quotidianopiemontese.it\/cultura-arte-e-spettacolo-a-torino\/"],"url":"https:\/\/web.quotidianopiemontese.it\/cultura-arte-e-spettacolo-a-torino\/author\/emanuelerebuffini\/"}]}},"_links":{"self":[{"href":"https:\/\/web.quotidianopiemontese.it\/cultura-arte-e-spettacolo-a-torino\/wp-json\/wp\/v2\/posts\/1518","targetHints":{"allow":["GET"]}}],"collection":[{"href":"https:\/\/web.quotidianopiemontese.it\/cultura-arte-e-spettacolo-a-torino\/wp-json\/wp\/v2\/posts"}],"about":[{"href":"https:\/\/web.quotidianopiemontese.it\/cultura-arte-e-spettacolo-a-torino\/wp-json\/wp\/v2\/types\/post"}],"author":[{"embeddable":true,"href":"https:\/\/web.quotidianopiemontese.it\/cultura-arte-e-spettacolo-a-torino\/wp-json\/wp\/v2\/users\/1361"}],"replies":[{"embeddable":true,"href":"https:\/\/web.quotidianopiemontese.it\/cultura-arte-e-spettacolo-a-torino\/wp-json\/wp\/v2\/comments?post=1518"}],"version-history":[{"count":1,"href":"https:\/\/web.quotidianopiemontese.it\/cultura-arte-e-spettacolo-a-torino\/wp-json\/wp\/v2\/posts\/1518\/revisions"}],"predecessor-version":[{"id":1525,"href":"https:\/\/web.quotidianopiemontese.it\/cultura-arte-e-spettacolo-a-torino\/wp-json\/wp\/v2\/posts\/1518\/revisions\/1525"}],"wp:featuredmedia":[{"embeddable":true,"href":"https:\/\/web.quotidianopiemontese.it\/cultura-arte-e-spettacolo-a-torino\/wp-json\/wp\/v2\/media\/1519"}],"wp:attachment":[{"href":"https:\/\/web.quotidianopiemontese.it\/cultura-arte-e-spettacolo-a-torino\/wp-json\/wp\/v2\/media?parent=1518"}],"wp:term":[{"taxonomy":"category","embeddable":true,"href":"https:\/\/web.quotidianopiemontese.it\/cultura-arte-e-spettacolo-a-torino\/wp-json\/wp\/v2\/categories?post=1518"},{"taxonomy":"post_tag","embeddable":true,"href":"https:\/\/web.quotidianopiemontese.it\/cultura-arte-e-spettacolo-a-torino\/wp-json\/wp\/v2\/tags?post=1518"}],"curies":[{"name":"wp","href":"https:\/\/api.w.org\/{rel}","templated":true}]}}