{"id":1492,"date":"2025-01-28T15:23:24","date_gmt":"2025-01-28T14:23:24","guid":{"rendered":"https:\/\/web.quotidianopiemontese.it\/cultura-arte-e-spettacolo-a-torino\/?p=1492"},"modified":"2025-01-28T15:24:34","modified_gmt":"2025-01-28T14:24:34","slug":"emanuele-luzzati-tra-fiaba-e-fantasia","status":"publish","type":"post","link":"https:\/\/web.quotidianopiemontese.it\/cultura-arte-e-spettacolo-a-torino\/emanuele-luzzati-tra-fiaba-e-fantasia\/","title":{"rendered":"Emanuele Luzzati tra Fiaba e Fantasia"},"content":{"rendered":"<p>Fino al 23 febbraio, <strong>Palazzo Salmatoris, <\/strong>a <strong>Cherasco,<\/strong> ospita\u00a0l\u2019esposizione intitolata <strong>\u201cEmanuele Luzzati tra Fiaba e Fantasia\u201d.<\/strong><!--more--><\/p>\n<p>La mostra, curata da <strong>Cinzia Tesio<\/strong> e <strong>Rino Tacchella<\/strong> e realizzata dalla <strong>Citt\u00e0 di Cherasco<\/strong> in collaborazione con l\u2019associazione <strong>Cherasco Eventi,<\/strong> vuol essere un omaggio all\u2019artista attraverso una carrellata di oltre <strong>80 opere<\/strong> realizzate nei differenti settori in cui si \u00e8 espresso utilizzando diverse tecniche.<\/p>\n<p><a href=\"http:\/\/web.quotidianopiemontese.it\/cultura-arte-e-spettacolo-a-torino\/files\/2025\/01\/Guardianodellaluna_anni50_ceramica.jpg\"><img loading=\"lazy\" decoding=\"async\" class=\"alignnone size-medium wp-image-1494\" src=\"http:\/\/web.quotidianopiemontese.it\/cultura-arte-e-spettacolo-a-torino\/files\/2025\/01\/Guardianodellaluna_anni50_ceramica-300x266.jpg\" alt=\"\" width=\"300\" height=\"266\" srcset=\"https:\/\/web.quotidianopiemontese.it\/cultura-arte-e-spettacolo-a-torino\/files\/2025\/01\/Guardianodellaluna_anni50_ceramica-300x266.jpg 300w, https:\/\/web.quotidianopiemontese.it\/cultura-arte-e-spettacolo-a-torino\/files\/2025\/01\/Guardianodellaluna_anni50_ceramica-1024x907.jpg 1024w, https:\/\/web.quotidianopiemontese.it\/cultura-arte-e-spettacolo-a-torino\/files\/2025\/01\/Guardianodellaluna_anni50_ceramica-768x680.jpg 768w, https:\/\/web.quotidianopiemontese.it\/cultura-arte-e-spettacolo-a-torino\/files\/2025\/01\/Guardianodellaluna_anni50_ceramica-1536x1361.jpg 1536w, https:\/\/web.quotidianopiemontese.it\/cultura-arte-e-spettacolo-a-torino\/files\/2025\/01\/Guardianodellaluna_anni50_ceramica-2048x1814.jpg 2048w, https:\/\/web.quotidianopiemontese.it\/cultura-arte-e-spettacolo-a-torino\/files\/2025\/01\/Guardianodellaluna_anni50_ceramica-1200x1063.jpg 1200w\" sizes=\"auto, (max-width: 300px) 85vw, 300px\" \/><\/a><\/p>\n<p>Presentare <strong>Emanuele Luzzati<\/strong> (Genova, 1921 \u2013 2007) \u00e8 indubbiamente immediato e diretto; il problema \u00e8 da dove e con quale attivit\u00e0 cominciare. <strong>\u00c8 stato un abile scenografo e costumista teatrale, ha illustrato libri per bambini e non solo, anche storie per adulti, ha scritto delle favole, con regolarit\u00e0 ha prodotto opere in ceramica, sculture e pannelli di grandi dimensioni, ha progettato e prodotto film d\u2019animazione, ha progettato e decorato interni di abitazioni e di chiese, ha prodotto opere grafiche inventando una tecnica personalissima, ha realizzato reinventandoli graficamente i mezzari genovesi, i parei e gli arazzi grandi come pareti, ha ridisegnato interni di parchi per bimbi e adulti. E se tutto questo non bastasse, con il collage, una tecnica utilizzata per la prima volta da Braque e Picasso, il prolifico artista ligure ha realizzato delle opere personalissime e inconfondibili.<\/strong><\/p>\n<p><a href=\"http:\/\/web.quotidianopiemontese.it\/cultura-arte-e-spettacolo-a-torino\/files\/2025\/01\/Cappuccettorosso_1998_pastelloecollagesucarta_originaleperserigrafiaedita-Galleria-Il-Vicolo-scaled.jpg\"><img loading=\"lazy\" decoding=\"async\" class=\"alignnone size-medium wp-image-1495\" src=\"http:\/\/web.quotidianopiemontese.it\/cultura-arte-e-spettacolo-a-torino\/files\/2025\/01\/Cappuccettorosso_1998_pastelloecollagesucarta_originaleperserigrafiaedita-Galleria-Il-Vicolo-300x215.jpg\" alt=\"\" width=\"300\" height=\"215\" srcset=\"https:\/\/web.quotidianopiemontese.it\/cultura-arte-e-spettacolo-a-torino\/files\/2025\/01\/Cappuccettorosso_1998_pastelloecollagesucarta_originaleperserigrafiaedita-Galleria-Il-Vicolo-300x215.jpg 300w, https:\/\/web.quotidianopiemontese.it\/cultura-arte-e-spettacolo-a-torino\/files\/2025\/01\/Cappuccettorosso_1998_pastelloecollagesucarta_originaleperserigrafiaedita-Galleria-Il-Vicolo-1024x732.jpg 1024w, https:\/\/web.quotidianopiemontese.it\/cultura-arte-e-spettacolo-a-torino\/files\/2025\/01\/Cappuccettorosso_1998_pastelloecollagesucarta_originaleperserigrafiaedita-Galleria-Il-Vicolo-768x549.jpg 768w, https:\/\/web.quotidianopiemontese.it\/cultura-arte-e-spettacolo-a-torino\/files\/2025\/01\/Cappuccettorosso_1998_pastelloecollagesucarta_originaleperserigrafiaedita-Galleria-Il-Vicolo-1536x1099.jpg 1536w, https:\/\/web.quotidianopiemontese.it\/cultura-arte-e-spettacolo-a-torino\/files\/2025\/01\/Cappuccettorosso_1998_pastelloecollagesucarta_originaleperserigrafiaedita-Galleria-Il-Vicolo-2048x1465.jpg 2048w, https:\/\/web.quotidianopiemontese.it\/cultura-arte-e-spettacolo-a-torino\/files\/2025\/01\/Cappuccettorosso_1998_pastelloecollagesucarta_originaleperserigrafiaedita-Galleria-Il-Vicolo-1200x858.jpg 1200w\" sizes=\"auto, (max-width: 300px) 85vw, 300px\" \/><\/a><\/p>\n<p>Nel Emanuele Luzzati 1972 espone alla Biennale di Venezia, e nel 1975 fonda, insieme a Tonino Conte e Aldo Trionfo, il Teatro della Tosse di Genova. Insieme a Giulio Gianini, ha creato i titoli di testa de \u201cL\u2019armata Brancaleone\u201d e \u201cBrancaleone alle Crociate\u201d di Mario Monicelli, e realizzato vari film d\u2019animazione, tra cui \u201cLa Gazza ladra\u201d e \u201cPulcinella\u201d, che gli valgono ben due nominations all\u2019Oscar. Ha illustrato le fiabe italiane di Italo Calvino, nonch\u00e9 diversi testi e filastrocche di Gianni Rodari.<\/p>\n<p><a href=\"http:\/\/web.quotidianopiemontese.it\/cultura-arte-e-spettacolo-a-torino\/files\/2025\/01\/PinocchioelafataTurchina_anni80_pastelliacerasucarta-scaled.jpg\"><img loading=\"lazy\" decoding=\"async\" class=\"alignnone size-medium wp-image-1496\" src=\"http:\/\/web.quotidianopiemontese.it\/cultura-arte-e-spettacolo-a-torino\/files\/2025\/01\/PinocchioelafataTurchina_anni80_pastelliacerasucarta-211x300.jpg\" alt=\"\" width=\"211\" height=\"300\" srcset=\"https:\/\/web.quotidianopiemontese.it\/cultura-arte-e-spettacolo-a-torino\/files\/2025\/01\/PinocchioelafataTurchina_anni80_pastelliacerasucarta-211x300.jpg 211w, https:\/\/web.quotidianopiemontese.it\/cultura-arte-e-spettacolo-a-torino\/files\/2025\/01\/PinocchioelafataTurchina_anni80_pastelliacerasucarta-720x1024.jpg 720w, https:\/\/web.quotidianopiemontese.it\/cultura-arte-e-spettacolo-a-torino\/files\/2025\/01\/PinocchioelafataTurchina_anni80_pastelliacerasucarta-768x1092.jpg 768w, https:\/\/web.quotidianopiemontese.it\/cultura-arte-e-spettacolo-a-torino\/files\/2025\/01\/PinocchioelafataTurchina_anni80_pastelliacerasucarta-1080x1536.jpg 1080w, https:\/\/web.quotidianopiemontese.it\/cultura-arte-e-spettacolo-a-torino\/files\/2025\/01\/PinocchioelafataTurchina_anni80_pastelliacerasucarta-1440x2048.jpg 1440w, https:\/\/web.quotidianopiemontese.it\/cultura-arte-e-spettacolo-a-torino\/files\/2025\/01\/PinocchioelafataTurchina_anni80_pastelliacerasucarta-1200x1707.jpg 1200w, https:\/\/web.quotidianopiemontese.it\/cultura-arte-e-spettacolo-a-torino\/files\/2025\/01\/PinocchioelafataTurchina_anni80_pastelliacerasucarta-scaled.jpg 1800w\" sizes=\"auto, (max-width: 211px) 85vw, 211px\" \/><\/a><\/p>\n<p>A <strong>Palazzo Salmatoris<\/strong> si pu\u00f2 trovare una <strong>sezione di ceramica e scultura<\/strong>, dove sono raccolti dipinti su ceramica, pannelli e piatti, sculture ritagliate nel legno e sculture plasmate con l\u2019argilla, bassorilievi in cui la ceramica \u00e8 ritagliata come fosse ottenuta con il traforo oppure vasi inutilizzabili come tali perch\u00e9 bucati con porte o finestre da cui si affacciano i suoi personaggi.<\/p>\n<p><a href=\"http:\/\/web.quotidianopiemontese.it\/cultura-arte-e-spettacolo-a-torino\/files\/2025\/01\/luzzati-paesana-scaled.jpg\"><img loading=\"lazy\" decoding=\"async\" class=\"alignnone size-medium wp-image-1497\" src=\"http:\/\/web.quotidianopiemontese.it\/cultura-arte-e-spettacolo-a-torino\/files\/2025\/01\/luzzati-paesana-202x300.jpg\" alt=\"\" width=\"202\" height=\"300\" srcset=\"https:\/\/web.quotidianopiemontese.it\/cultura-arte-e-spettacolo-a-torino\/files\/2025\/01\/luzzati-paesana-202x300.jpg 202w, https:\/\/web.quotidianopiemontese.it\/cultura-arte-e-spettacolo-a-torino\/files\/2025\/01\/luzzati-paesana-689x1024.jpg 689w, https:\/\/web.quotidianopiemontese.it\/cultura-arte-e-spettacolo-a-torino\/files\/2025\/01\/luzzati-paesana-768x1142.jpg 768w, https:\/\/web.quotidianopiemontese.it\/cultura-arte-e-spettacolo-a-torino\/files\/2025\/01\/luzzati-paesana-1033x1536.jpg 1033w, https:\/\/web.quotidianopiemontese.it\/cultura-arte-e-spettacolo-a-torino\/files\/2025\/01\/luzzati-paesana-1377x2048.jpg 1377w, https:\/\/web.quotidianopiemontese.it\/cultura-arte-e-spettacolo-a-torino\/files\/2025\/01\/luzzati-paesana-1200x1784.jpg 1200w, https:\/\/web.quotidianopiemontese.it\/cultura-arte-e-spettacolo-a-torino\/files\/2025\/01\/luzzati-paesana-scaled.jpg 1722w\" sizes=\"auto, (max-width: 202px) 85vw, 202px\" \/><\/a><\/p>\n<p>C&#8217;\u00e8 poi una sezione dedicata al <strong>teatro<\/strong>, dove sono proposti progetti di scenografie disegnate o realizzate con sagome ritagliate e disposte secondo precise prospettive. Non mancheranno i costumi dei personaggi disegnati a pastello o costruiti con i collages e alcuni esempi di manifesti utilizzati per comunicare il titolo del lavoro teatrale, il luogo in cui si svolge e illustrati con una figura prelevata tra quelle che andranno in scena.<\/p>\n<p><a href=\"http:\/\/web.quotidianopiemontese.it\/cultura-arte-e-spettacolo-a-torino\/files\/2025\/01\/IlpranzodiSaladino_1985_pastelloecollagesucarta-scaled.jpg\"><img loading=\"lazy\" decoding=\"async\" class=\"alignnone size-medium wp-image-1498\" src=\"http:\/\/web.quotidianopiemontese.it\/cultura-arte-e-spettacolo-a-torino\/files\/2025\/01\/IlpranzodiSaladino_1985_pastelloecollagesucarta-300x138.jpg\" alt=\"\" width=\"300\" height=\"138\" srcset=\"https:\/\/web.quotidianopiemontese.it\/cultura-arte-e-spettacolo-a-torino\/files\/2025\/01\/IlpranzodiSaladino_1985_pastelloecollagesucarta-300x138.jpg 300w, https:\/\/web.quotidianopiemontese.it\/cultura-arte-e-spettacolo-a-torino\/files\/2025\/01\/IlpranzodiSaladino_1985_pastelloecollagesucarta-1024x472.jpg 1024w, https:\/\/web.quotidianopiemontese.it\/cultura-arte-e-spettacolo-a-torino\/files\/2025\/01\/IlpranzodiSaladino_1985_pastelloecollagesucarta-768x354.jpg 768w, https:\/\/web.quotidianopiemontese.it\/cultura-arte-e-spettacolo-a-torino\/files\/2025\/01\/IlpranzodiSaladino_1985_pastelloecollagesucarta-1536x708.jpg 1536w, https:\/\/web.quotidianopiemontese.it\/cultura-arte-e-spettacolo-a-torino\/files\/2025\/01\/IlpranzodiSaladino_1985_pastelloecollagesucarta-2048x944.jpg 2048w, https:\/\/web.quotidianopiemontese.it\/cultura-arte-e-spettacolo-a-torino\/files\/2025\/01\/IlpranzodiSaladino_1985_pastelloecollagesucarta-1200x553.jpg 1200w\" sizes=\"auto, (max-width: 300px) 85vw, 300px\" \/><\/a><\/p>\n<p>Le <strong>illustrazioni dei libri<\/strong> sono quasi tutte eseguite con la tecnica del collage utilizzata per l\u2019abbigliamento del personaggio, mentre gli arti e il volto estremamente espressivo sono realizzati con pastelli a cera. Un metodo di lavoro che gli permette di avvalersi della sua innata capacit\u00e0 di costruire abiti con variopinti frammenti cartacei, mentre i volti dei personaggi sono ideati e disegnati secondo caratteristiche dettate e suscitate da una spontanea fisionomia che proviene da quanto il personaggio attuer\u00e0 nel racconto.<\/p>\n<p><a href=\"http:\/\/web.quotidianopiemontese.it\/cultura-arte-e-spettacolo-a-torino\/files\/2025\/01\/Labellaaddormentatanelbosco_1998_pastelloecollagesucarta_originaleperserigrafiaedita-Galleria-Il-Vicolo-scaled.jpg\"><img loading=\"lazy\" decoding=\"async\" class=\"alignnone size-medium wp-image-1499\" src=\"http:\/\/web.quotidianopiemontese.it\/cultura-arte-e-spettacolo-a-torino\/files\/2025\/01\/Labellaaddormentatanelbosco_1998_pastelloecollagesucarta_originaleperserigrafiaedita-Galleria-Il-Vicolo-300x218.jpg\" alt=\"\" width=\"300\" height=\"218\" srcset=\"https:\/\/web.quotidianopiemontese.it\/cultura-arte-e-spettacolo-a-torino\/files\/2025\/01\/Labellaaddormentatanelbosco_1998_pastelloecollagesucarta_originaleperserigrafiaedita-Galleria-Il-Vicolo-300x218.jpg 300w, https:\/\/web.quotidianopiemontese.it\/cultura-arte-e-spettacolo-a-torino\/files\/2025\/01\/Labellaaddormentatanelbosco_1998_pastelloecollagesucarta_originaleperserigrafiaedita-Galleria-Il-Vicolo-1024x743.jpg 1024w, https:\/\/web.quotidianopiemontese.it\/cultura-arte-e-spettacolo-a-torino\/files\/2025\/01\/Labellaaddormentatanelbosco_1998_pastelloecollagesucarta_originaleperserigrafiaedita-Galleria-Il-Vicolo-768x557.jpg 768w, https:\/\/web.quotidianopiemontese.it\/cultura-arte-e-spettacolo-a-torino\/files\/2025\/01\/Labellaaddormentatanelbosco_1998_pastelloecollagesucarta_originaleperserigrafiaedita-Galleria-Il-Vicolo-1536x1115.jpg 1536w, https:\/\/web.quotidianopiemontese.it\/cultura-arte-e-spettacolo-a-torino\/files\/2025\/01\/Labellaaddormentatanelbosco_1998_pastelloecollagesucarta_originaleperserigrafiaedita-Galleria-Il-Vicolo-2048x1486.jpg 2048w, https:\/\/web.quotidianopiemontese.it\/cultura-arte-e-spettacolo-a-torino\/files\/2025\/01\/Labellaaddormentatanelbosco_1998_pastelloecollagesucarta_originaleperserigrafiaedita-Galleria-Il-Vicolo-1200x871.jpg 1200w\" sizes=\"auto, (max-width: 300px) 85vw, 300px\" \/><\/a><\/p>\n<p>Infine, si possono ammirare i lavori grafici realizzati con la tecnica dell\u2019acquaforte che hanno come caratteristica la lastra non quadrata o rettangolare, ma ritagliata secondo il profilo del personaggio.<\/p>\n<p><a href=\"http:\/\/web.quotidianopiemontese.it\/cultura-arte-e-spettacolo-a-torino\/files\/2025\/01\/IlBugiardo_1963_stampasucarta_manifestooriginale.jpg\"><img loading=\"lazy\" decoding=\"async\" class=\"alignnone size-medium wp-image-1500\" src=\"http:\/\/web.quotidianopiemontese.it\/cultura-arte-e-spettacolo-a-torino\/files\/2025\/01\/IlBugiardo_1963_stampasucarta_manifestooriginale-202x300.jpg\" alt=\"\" width=\"202\" height=\"300\" srcset=\"https:\/\/web.quotidianopiemontese.it\/cultura-arte-e-spettacolo-a-torino\/files\/2025\/01\/IlBugiardo_1963_stampasucarta_manifestooriginale-202x300.jpg 202w, https:\/\/web.quotidianopiemontese.it\/cultura-arte-e-spettacolo-a-torino\/files\/2025\/01\/IlBugiardo_1963_stampasucarta_manifestooriginale-689x1024.jpg 689w, https:\/\/web.quotidianopiemontese.it\/cultura-arte-e-spettacolo-a-torino\/files\/2025\/01\/IlBugiardo_1963_stampasucarta_manifestooriginale-768x1141.jpg 768w, https:\/\/web.quotidianopiemontese.it\/cultura-arte-e-spettacolo-a-torino\/files\/2025\/01\/IlBugiardo_1963_stampasucarta_manifestooriginale-1034x1536.jpg 1034w, https:\/\/web.quotidianopiemontese.it\/cultura-arte-e-spettacolo-a-torino\/files\/2025\/01\/IlBugiardo_1963_stampasucarta_manifestooriginale-1200x1783.jpg 1200w, https:\/\/web.quotidianopiemontese.it\/cultura-arte-e-spettacolo-a-torino\/files\/2025\/01\/IlBugiardo_1963_stampasucarta_manifestooriginale.jpg 1346w\" sizes=\"auto, (max-width: 202px) 85vw, 202px\" \/><\/a><\/p>\n<p>Scrive nel catalogo la curatrice <strong>Cinzia Tesio<\/strong>: <em>\u00ab<\/em>L\u2019arte di Emanuele Luzzati \u00e8 creativa, fantasiosa e ricca di estro (\u2026). Ha collaborato nel corso della sua carriera con registi, architetti, artisti e scrittori di fama internazionale. Artista in ogni settore dell\u2019arte applicata, si \u00e8 dedicato alla realizzazione di scene e costumi teatrali per alcune tra le pi\u00f9 significative compagnie nazionali e internazionali, realizzando centinaia di scenografie per opere in prosa, lirica e danza. Luzzati \u00e8 interprete di una cultura figurativa abile e colta, capace di usare con maestria ogni sorta di materiale: dalla terracotta allo smalto, dall\u2019intreccio di lane per arazzi all\u2019incisione su supporti diversi, ai collage di carte e tessuti composti per costruire bozzetti di scene, di costumi, di allestimenti navali. Il suo stile personalissimo, fantastico ed immediato definisce un ponte comunicativo con i bambini: aspetto che ha contribuito a rendere Luzzati uno tra gli artisti pi\u00f9 significativi del nostro tempo\u00bb.<\/p>\n<p><a href=\"http:\/\/web.quotidianopiemontese.it\/cultura-arte-e-spettacolo-a-torino\/files\/2025\/01\/IlVisconteDimezzato_senzadata_pastelloecollagesucarta-scaled.jpg\"><img loading=\"lazy\" decoding=\"async\" class=\"alignnone size-medium wp-image-1502\" src=\"http:\/\/web.quotidianopiemontese.it\/cultura-arte-e-spettacolo-a-torino\/files\/2025\/01\/IlVisconteDimezzato_senzadata_pastelloecollagesucarta-206x300.jpg\" alt=\"\" width=\"206\" height=\"300\" srcset=\"https:\/\/web.quotidianopiemontese.it\/cultura-arte-e-spettacolo-a-torino\/files\/2025\/01\/IlVisconteDimezzato_senzadata_pastelloecollagesucarta-206x300.jpg 206w, https:\/\/web.quotidianopiemontese.it\/cultura-arte-e-spettacolo-a-torino\/files\/2025\/01\/IlVisconteDimezzato_senzadata_pastelloecollagesucarta-703x1024.jpg 703w, https:\/\/web.quotidianopiemontese.it\/cultura-arte-e-spettacolo-a-torino\/files\/2025\/01\/IlVisconteDimezzato_senzadata_pastelloecollagesucarta-768x1119.jpg 768w, https:\/\/web.quotidianopiemontese.it\/cultura-arte-e-spettacolo-a-torino\/files\/2025\/01\/IlVisconteDimezzato_senzadata_pastelloecollagesucarta-1054x1536.jpg 1054w, https:\/\/web.quotidianopiemontese.it\/cultura-arte-e-spettacolo-a-torino\/files\/2025\/01\/IlVisconteDimezzato_senzadata_pastelloecollagesucarta-1405x2048.jpg 1405w, https:\/\/web.quotidianopiemontese.it\/cultura-arte-e-spettacolo-a-torino\/files\/2025\/01\/IlVisconteDimezzato_senzadata_pastelloecollagesucarta-1200x1749.jpg 1200w, https:\/\/web.quotidianopiemontese.it\/cultura-arte-e-spettacolo-a-torino\/files\/2025\/01\/IlVisconteDimezzato_senzadata_pastelloecollagesucarta-scaled.jpg 1756w\" sizes=\"auto, (max-width: 206px) 85vw, 206px\" \/><\/a><\/p>\n<p>Le opere in mostra provengono da collezioni private, dal Centro Studi del Teatro Stabile di Torino, dalla Galleria Il Bostrico di Albissola e dalla Galleria Il Vicolo di Genova<\/p>\n<p><a href=\"https:\/\/www.comune.cherasco.cn.it\/ita\/novita\/dettaglio_news.aspx?id=1150\">https:\/\/www.comune.cherasco.cn.it\/ita\/novita\/dettaglio_news.aspx?id=1150<\/a><\/p>\n","protected":false},"excerpt":{"rendered":"<p>Fino al 23 febbraio, Palazzo Salmatoris, a Cherasco, ospita\u00a0l\u2019esposizione intitolata \u201cEmanuele Luzzati tra Fiaba e Fantasia\u201d.<\/p>\n","protected":false},"author":1361,"featured_media":1493,"comment_status":"open","ping_status":"open","sticky":false,"template":"","format":"standard","meta":{"footnotes":""},"categories":[1],"tags":[268,267,269],"class_list":["post-1492","post","type-post","status-publish","format-standard","has-post-thumbnail","hentry","category-cultura-arte-spettacolo","tag-cherasco","tag-emanuele-luzzati","tag-palazzo-salmatoris"],"yoast_head":"<!-- This site is optimized with the Yoast SEO plugin v27.1.1 - https:\/\/yoast.com\/product\/yoast-seo-wordpress\/ -->\n<title>Emanuele Luzzati tra Fiaba e Fantasia - 28 Gennaio 2025<\/title>\n<meta name=\"description\" content=\"Emanuele Luzzati tra Fiaba e Fantasia - Cultura, Arte e Spettacolo a Torino - Fino al 23 febbraio, Palazzo Salmatoris, a Cherasco, ospita\u00a0l\u2019esposizione intitolata \u201cEmanuele Luzzati tra Fiaba e Fantasia\u201d. La mostra, curata da Cinzia - Cherasco, Emanuele Luzzati, Palazzo Salmatoris\" \/>\n<meta name=\"robots\" content=\"index, follow, max-snippet:-1, max-image-preview:large, max-video-preview:-1\" \/>\n<link rel=\"canonical\" href=\"https:\/\/web.quotidianopiemontese.it\/cultura-arte-e-spettacolo-a-torino\/emanuele-luzzati-tra-fiaba-e-fantasia\/\" \/>\n<meta property=\"og:locale\" content=\"it_IT\" \/>\n<meta property=\"og:type\" content=\"article\" \/>\n<meta property=\"og:title\" content=\"Emanuele Luzzati tra Fiaba e Fantasia - 28 Gennaio 2025\" \/>\n<meta property=\"og:description\" content=\"Emanuele Luzzati tra Fiaba e Fantasia - Cultura, Arte e Spettacolo a Torino - Fino al 23 febbraio, Palazzo Salmatoris, a Cherasco, ospita\u00a0l\u2019esposizione intitolata \u201cEmanuele Luzzati tra Fiaba e Fantasia\u201d. La mostra, curata da Cinzia - Cherasco, Emanuele Luzzati, Palazzo Salmatoris\" \/>\n<meta property=\"og:url\" content=\"https:\/\/web.quotidianopiemontese.it\/cultura-arte-e-spettacolo-a-torino\/emanuele-luzzati-tra-fiaba-e-fantasia\/\" \/>\n<meta property=\"og:site_name\" content=\"Cultura, Arte e Spettacolo a Torino\" \/>\n<meta property=\"article:publisher\" content=\"https:\/\/www.facebook.com\/quotidianopiemontese?fref=ts\" \/>\n<meta property=\"article:published_time\" content=\"2025-01-28T14:23:24+00:00\" \/>\n<meta property=\"article:modified_time\" content=\"2025-01-28T14:24:34+00:00\" \/>\n<meta property=\"og:image\" content=\"https:\/\/web.quotidianopiemontese.it\/cultura-arte-e-spettacolo-a-torino\/files\/2025\/01\/Ilviaggioversoilcastello_1997_pastellosucarta-originaleperserigrafiaedita-Galleria-Il-Vicolo-scaled.jpg\" \/>\n\t<meta property=\"og:image:width\" content=\"2560\" \/>\n\t<meta property=\"og:image:height\" content=\"1736\" \/>\n\t<meta property=\"og:image:type\" content=\"image\/jpeg\" \/>\n<meta name=\"author\" content=\"Emanuele Rebuffini\" \/>\n<meta name=\"twitter:label1\" content=\"Scritto da\" \/>\n\t<meta name=\"twitter:data1\" content=\"Emanuele Rebuffini\" \/>\n\t<meta name=\"twitter:label2\" content=\"Tempo di lettura stimato\" \/>\n\t<meta name=\"twitter:data2\" content=\"6 minuti\" \/>\n<script type=\"application\/ld+json\" class=\"yoast-schema-graph\">{\"@context\":\"https:\/\/schema.org\",\"@graph\":[{\"@type\":\"Article\",\"@id\":\"https:\/\/web.quotidianopiemontese.it\/cultura-arte-e-spettacolo-a-torino\/emanuele-luzzati-tra-fiaba-e-fantasia\/#article\",\"isPartOf\":{\"@id\":\"https:\/\/web.quotidianopiemontese.it\/cultura-arte-e-spettacolo-a-torino\/emanuele-luzzati-tra-fiaba-e-fantasia\/\"},\"author\":{\"name\":\"Emanuele Rebuffini\",\"@id\":\"https:\/\/web.quotidianopiemontese.it\/cultura-arte-e-spettacolo-a-torino\/#\/schema\/person\/b035109a4cc7d3e93911b78d8cebf3a0\"},\"headline\":\"Emanuele Luzzati tra Fiaba e Fantasia\",\"datePublished\":\"2025-01-28T14:23:24+00:00\",\"dateModified\":\"2025-01-28T14:24:34+00:00\",\"mainEntityOfPage\":{\"@id\":\"https:\/\/web.quotidianopiemontese.it\/cultura-arte-e-spettacolo-a-torino\/emanuele-luzzati-tra-fiaba-e-fantasia\/\"},\"wordCount\":715,\"commentCount\":0,\"image\":{\"@id\":\"https:\/\/web.quotidianopiemontese.it\/cultura-arte-e-spettacolo-a-torino\/emanuele-luzzati-tra-fiaba-e-fantasia\/#primaryimage\"},\"thumbnailUrl\":\"https:\/\/web.quotidianopiemontese.it\/cultura-arte-e-spettacolo-a-torino\/files\/2025\/01\/Ilviaggioversoilcastello_1997_pastellosucarta-originaleperserigrafiaedita-Galleria-Il-Vicolo-scaled.jpg\",\"keywords\":[\"Cherasco\",\"Emanuele Luzzati\",\"Palazzo Salmatoris\"],\"articleSection\":[\"Cultura, arte, spettacolo\"],\"inLanguage\":\"it-IT\",\"potentialAction\":[{\"@type\":\"CommentAction\",\"name\":\"Comment\",\"target\":[\"https:\/\/web.quotidianopiemontese.it\/cultura-arte-e-spettacolo-a-torino\/emanuele-luzzati-tra-fiaba-e-fantasia\/#respond\"]}]},{\"@type\":\"WebPage\",\"@id\":\"https:\/\/web.quotidianopiemontese.it\/cultura-arte-e-spettacolo-a-torino\/emanuele-luzzati-tra-fiaba-e-fantasia\/\",\"url\":\"https:\/\/web.quotidianopiemontese.it\/cultura-arte-e-spettacolo-a-torino\/emanuele-luzzati-tra-fiaba-e-fantasia\/\",\"name\":\"Emanuele Luzzati tra Fiaba e Fantasia - 28 Gennaio 2025\",\"isPartOf\":{\"@id\":\"https:\/\/web.quotidianopiemontese.it\/cultura-arte-e-spettacolo-a-torino\/#website\"},\"primaryImageOfPage\":{\"@id\":\"https:\/\/web.quotidianopiemontese.it\/cultura-arte-e-spettacolo-a-torino\/emanuele-luzzati-tra-fiaba-e-fantasia\/#primaryimage\"},\"image\":{\"@id\":\"https:\/\/web.quotidianopiemontese.it\/cultura-arte-e-spettacolo-a-torino\/emanuele-luzzati-tra-fiaba-e-fantasia\/#primaryimage\"},\"thumbnailUrl\":\"https:\/\/web.quotidianopiemontese.it\/cultura-arte-e-spettacolo-a-torino\/files\/2025\/01\/Ilviaggioversoilcastello_1997_pastellosucarta-originaleperserigrafiaedita-Galleria-Il-Vicolo-scaled.jpg\",\"datePublished\":\"2025-01-28T14:23:24+00:00\",\"dateModified\":\"2025-01-28T14:24:34+00:00\",\"author\":{\"@id\":\"https:\/\/web.quotidianopiemontese.it\/cultura-arte-e-spettacolo-a-torino\/#\/schema\/person\/b035109a4cc7d3e93911b78d8cebf3a0\"},\"description\":\"Emanuele Luzzati tra Fiaba e Fantasia - Cultura, Arte e Spettacolo a Torino - Fino al 23 febbraio, Palazzo Salmatoris, a Cherasco, ospita\u00a0l\u2019esposizione intitolata \u201cEmanuele Luzzati tra Fiaba e Fantasia\u201d. La mostra, curata da Cinzia - Cherasco, Emanuele Luzzati, Palazzo Salmatoris\",\"inLanguage\":\"it-IT\",\"potentialAction\":[{\"@type\":\"ReadAction\",\"target\":[\"https:\/\/web.quotidianopiemontese.it\/cultura-arte-e-spettacolo-a-torino\/emanuele-luzzati-tra-fiaba-e-fantasia\/\"]}]},{\"@type\":\"ImageObject\",\"inLanguage\":\"it-IT\",\"@id\":\"https:\/\/web.quotidianopiemontese.it\/cultura-arte-e-spettacolo-a-torino\/emanuele-luzzati-tra-fiaba-e-fantasia\/#primaryimage\",\"url\":\"https:\/\/web.quotidianopiemontese.it\/cultura-arte-e-spettacolo-a-torino\/files\/2025\/01\/Ilviaggioversoilcastello_1997_pastellosucarta-originaleperserigrafiaedita-Galleria-Il-Vicolo-scaled.jpg\",\"contentUrl\":\"https:\/\/web.quotidianopiemontese.it\/cultura-arte-e-spettacolo-a-torino\/files\/2025\/01\/Ilviaggioversoilcastello_1997_pastellosucarta-originaleperserigrafiaedita-Galleria-Il-Vicolo-scaled.jpg\",\"width\":2560,\"height\":1736},{\"@type\":\"WebSite\",\"@id\":\"https:\/\/web.quotidianopiemontese.it\/cultura-arte-e-spettacolo-a-torino\/#website\",\"url\":\"https:\/\/web.quotidianopiemontese.it\/cultura-arte-e-spettacolo-a-torino\/\",\"name\":\"Cultura, Arte e Spettacolo a Torino\",\"description\":\"Quotidiano Piemontese\",\"potentialAction\":[{\"@type\":\"SearchAction\",\"target\":{\"@type\":\"EntryPoint\",\"urlTemplate\":\"https:\/\/web.quotidianopiemontese.it\/cultura-arte-e-spettacolo-a-torino\/?s={search_term_string}\"},\"query-input\":{\"@type\":\"PropertyValueSpecification\",\"valueRequired\":true,\"valueName\":\"search_term_string\"}}],\"inLanguage\":\"it-IT\"},{\"@type\":\"Person\",\"@id\":\"https:\/\/web.quotidianopiemontese.it\/cultura-arte-e-spettacolo-a-torino\/#\/schema\/person\/b035109a4cc7d3e93911b78d8cebf3a0\",\"name\":\"Emanuele Rebuffini\",\"image\":{\"@type\":\"ImageObject\",\"inLanguage\":\"it-IT\",\"@id\":\"https:\/\/web.quotidianopiemontese.it\/cultura-arte-e-spettacolo-a-torino\/#\/schema\/person\/image\/\",\"url\":\"https:\/\/secure.gravatar.com\/avatar\/519a0a38be4cbbcf40fb5bc1b1173a85af291a3a8697df454a94ad7e05574628?s=96&d=mm&r=g\",\"contentUrl\":\"https:\/\/secure.gravatar.com\/avatar\/519a0a38be4cbbcf40fb5bc1b1173a85af291a3a8697df454a94ad7e05574628?s=96&d=mm&r=g\",\"caption\":\"Emanuele Rebuffini\"},\"sameAs\":[\"http:\/\/www.quotidianopiemontese.it\/cultura-arte-e-spettacolo-a-torino\/\"],\"url\":\"https:\/\/web.quotidianopiemontese.it\/cultura-arte-e-spettacolo-a-torino\/author\/emanuelerebuffini\/\"}]}<\/script>\n<!-- \/ Yoast SEO plugin. -->","yoast_head_json":{"title":"Emanuele Luzzati tra Fiaba e Fantasia - 28 Gennaio 2025","description":"Emanuele Luzzati tra Fiaba e Fantasia - Cultura, Arte e Spettacolo a Torino - Fino al 23 febbraio, Palazzo Salmatoris, a Cherasco, ospita\u00a0l\u2019esposizione intitolata \u201cEmanuele Luzzati tra Fiaba e Fantasia\u201d. La mostra, curata da Cinzia - Cherasco, Emanuele Luzzati, Palazzo Salmatoris","robots":{"index":"index","follow":"follow","max-snippet":"max-snippet:-1","max-image-preview":"max-image-preview:large","max-video-preview":"max-video-preview:-1"},"canonical":"https:\/\/web.quotidianopiemontese.it\/cultura-arte-e-spettacolo-a-torino\/emanuele-luzzati-tra-fiaba-e-fantasia\/","og_locale":"it_IT","og_type":"article","og_title":"Emanuele Luzzati tra Fiaba e Fantasia - 28 Gennaio 2025","og_description":"Emanuele Luzzati tra Fiaba e Fantasia - Cultura, Arte e Spettacolo a Torino - Fino al 23 febbraio, Palazzo Salmatoris, a Cherasco, ospita\u00a0l\u2019esposizione intitolata \u201cEmanuele Luzzati tra Fiaba e Fantasia\u201d. La mostra, curata da Cinzia - Cherasco, Emanuele Luzzati, Palazzo Salmatoris","og_url":"https:\/\/web.quotidianopiemontese.it\/cultura-arte-e-spettacolo-a-torino\/emanuele-luzzati-tra-fiaba-e-fantasia\/","og_site_name":"Cultura, Arte e Spettacolo a Torino","article_publisher":"https:\/\/www.facebook.com\/quotidianopiemontese?fref=ts","article_published_time":"2025-01-28T14:23:24+00:00","article_modified_time":"2025-01-28T14:24:34+00:00","og_image":[{"width":2560,"height":1736,"url":"https:\/\/web.quotidianopiemontese.it\/cultura-arte-e-spettacolo-a-torino\/files\/2025\/01\/Ilviaggioversoilcastello_1997_pastellosucarta-originaleperserigrafiaedita-Galleria-Il-Vicolo-scaled.jpg","type":"image\/jpeg"}],"author":"Emanuele Rebuffini","twitter_misc":{"Scritto da":"Emanuele Rebuffini","Tempo di lettura stimato":"6 minuti"},"schema":{"@context":"https:\/\/schema.org","@graph":[{"@type":"Article","@id":"https:\/\/web.quotidianopiemontese.it\/cultura-arte-e-spettacolo-a-torino\/emanuele-luzzati-tra-fiaba-e-fantasia\/#article","isPartOf":{"@id":"https:\/\/web.quotidianopiemontese.it\/cultura-arte-e-spettacolo-a-torino\/emanuele-luzzati-tra-fiaba-e-fantasia\/"},"author":{"name":"Emanuele Rebuffini","@id":"https:\/\/web.quotidianopiemontese.it\/cultura-arte-e-spettacolo-a-torino\/#\/schema\/person\/b035109a4cc7d3e93911b78d8cebf3a0"},"headline":"Emanuele Luzzati tra Fiaba e Fantasia","datePublished":"2025-01-28T14:23:24+00:00","dateModified":"2025-01-28T14:24:34+00:00","mainEntityOfPage":{"@id":"https:\/\/web.quotidianopiemontese.it\/cultura-arte-e-spettacolo-a-torino\/emanuele-luzzati-tra-fiaba-e-fantasia\/"},"wordCount":715,"commentCount":0,"image":{"@id":"https:\/\/web.quotidianopiemontese.it\/cultura-arte-e-spettacolo-a-torino\/emanuele-luzzati-tra-fiaba-e-fantasia\/#primaryimage"},"thumbnailUrl":"https:\/\/web.quotidianopiemontese.it\/cultura-arte-e-spettacolo-a-torino\/files\/2025\/01\/Ilviaggioversoilcastello_1997_pastellosucarta-originaleperserigrafiaedita-Galleria-Il-Vicolo-scaled.jpg","keywords":["Cherasco","Emanuele Luzzati","Palazzo Salmatoris"],"articleSection":["Cultura, arte, spettacolo"],"inLanguage":"it-IT","potentialAction":[{"@type":"CommentAction","name":"Comment","target":["https:\/\/web.quotidianopiemontese.it\/cultura-arte-e-spettacolo-a-torino\/emanuele-luzzati-tra-fiaba-e-fantasia\/#respond"]}]},{"@type":"WebPage","@id":"https:\/\/web.quotidianopiemontese.it\/cultura-arte-e-spettacolo-a-torino\/emanuele-luzzati-tra-fiaba-e-fantasia\/","url":"https:\/\/web.quotidianopiemontese.it\/cultura-arte-e-spettacolo-a-torino\/emanuele-luzzati-tra-fiaba-e-fantasia\/","name":"Emanuele Luzzati tra Fiaba e Fantasia - 28 Gennaio 2025","isPartOf":{"@id":"https:\/\/web.quotidianopiemontese.it\/cultura-arte-e-spettacolo-a-torino\/#website"},"primaryImageOfPage":{"@id":"https:\/\/web.quotidianopiemontese.it\/cultura-arte-e-spettacolo-a-torino\/emanuele-luzzati-tra-fiaba-e-fantasia\/#primaryimage"},"image":{"@id":"https:\/\/web.quotidianopiemontese.it\/cultura-arte-e-spettacolo-a-torino\/emanuele-luzzati-tra-fiaba-e-fantasia\/#primaryimage"},"thumbnailUrl":"https:\/\/web.quotidianopiemontese.it\/cultura-arte-e-spettacolo-a-torino\/files\/2025\/01\/Ilviaggioversoilcastello_1997_pastellosucarta-originaleperserigrafiaedita-Galleria-Il-Vicolo-scaled.jpg","datePublished":"2025-01-28T14:23:24+00:00","dateModified":"2025-01-28T14:24:34+00:00","author":{"@id":"https:\/\/web.quotidianopiemontese.it\/cultura-arte-e-spettacolo-a-torino\/#\/schema\/person\/b035109a4cc7d3e93911b78d8cebf3a0"},"description":"Emanuele Luzzati tra Fiaba e Fantasia - Cultura, Arte e Spettacolo a Torino - Fino al 23 febbraio, Palazzo Salmatoris, a Cherasco, ospita\u00a0l\u2019esposizione intitolata \u201cEmanuele Luzzati tra Fiaba e Fantasia\u201d. La mostra, curata da Cinzia - Cherasco, Emanuele Luzzati, Palazzo Salmatoris","inLanguage":"it-IT","potentialAction":[{"@type":"ReadAction","target":["https:\/\/web.quotidianopiemontese.it\/cultura-arte-e-spettacolo-a-torino\/emanuele-luzzati-tra-fiaba-e-fantasia\/"]}]},{"@type":"ImageObject","inLanguage":"it-IT","@id":"https:\/\/web.quotidianopiemontese.it\/cultura-arte-e-spettacolo-a-torino\/emanuele-luzzati-tra-fiaba-e-fantasia\/#primaryimage","url":"https:\/\/web.quotidianopiemontese.it\/cultura-arte-e-spettacolo-a-torino\/files\/2025\/01\/Ilviaggioversoilcastello_1997_pastellosucarta-originaleperserigrafiaedita-Galleria-Il-Vicolo-scaled.jpg","contentUrl":"https:\/\/web.quotidianopiemontese.it\/cultura-arte-e-spettacolo-a-torino\/files\/2025\/01\/Ilviaggioversoilcastello_1997_pastellosucarta-originaleperserigrafiaedita-Galleria-Il-Vicolo-scaled.jpg","width":2560,"height":1736},{"@type":"WebSite","@id":"https:\/\/web.quotidianopiemontese.it\/cultura-arte-e-spettacolo-a-torino\/#website","url":"https:\/\/web.quotidianopiemontese.it\/cultura-arte-e-spettacolo-a-torino\/","name":"Cultura, Arte e Spettacolo a Torino","description":"Quotidiano Piemontese","potentialAction":[{"@type":"SearchAction","target":{"@type":"EntryPoint","urlTemplate":"https:\/\/web.quotidianopiemontese.it\/cultura-arte-e-spettacolo-a-torino\/?s={search_term_string}"},"query-input":{"@type":"PropertyValueSpecification","valueRequired":true,"valueName":"search_term_string"}}],"inLanguage":"it-IT"},{"@type":"Person","@id":"https:\/\/web.quotidianopiemontese.it\/cultura-arte-e-spettacolo-a-torino\/#\/schema\/person\/b035109a4cc7d3e93911b78d8cebf3a0","name":"Emanuele Rebuffini","image":{"@type":"ImageObject","inLanguage":"it-IT","@id":"https:\/\/web.quotidianopiemontese.it\/cultura-arte-e-spettacolo-a-torino\/#\/schema\/person\/image\/","url":"https:\/\/secure.gravatar.com\/avatar\/519a0a38be4cbbcf40fb5bc1b1173a85af291a3a8697df454a94ad7e05574628?s=96&d=mm&r=g","contentUrl":"https:\/\/secure.gravatar.com\/avatar\/519a0a38be4cbbcf40fb5bc1b1173a85af291a3a8697df454a94ad7e05574628?s=96&d=mm&r=g","caption":"Emanuele Rebuffini"},"sameAs":["http:\/\/www.quotidianopiemontese.it\/cultura-arte-e-spettacolo-a-torino\/"],"url":"https:\/\/web.quotidianopiemontese.it\/cultura-arte-e-spettacolo-a-torino\/author\/emanuelerebuffini\/"}]}},"_links":{"self":[{"href":"https:\/\/web.quotidianopiemontese.it\/cultura-arte-e-spettacolo-a-torino\/wp-json\/wp\/v2\/posts\/1492","targetHints":{"allow":["GET"]}}],"collection":[{"href":"https:\/\/web.quotidianopiemontese.it\/cultura-arte-e-spettacolo-a-torino\/wp-json\/wp\/v2\/posts"}],"about":[{"href":"https:\/\/web.quotidianopiemontese.it\/cultura-arte-e-spettacolo-a-torino\/wp-json\/wp\/v2\/types\/post"}],"author":[{"embeddable":true,"href":"https:\/\/web.quotidianopiemontese.it\/cultura-arte-e-spettacolo-a-torino\/wp-json\/wp\/v2\/users\/1361"}],"replies":[{"embeddable":true,"href":"https:\/\/web.quotidianopiemontese.it\/cultura-arte-e-spettacolo-a-torino\/wp-json\/wp\/v2\/comments?post=1492"}],"version-history":[{"count":2,"href":"https:\/\/web.quotidianopiemontese.it\/cultura-arte-e-spettacolo-a-torino\/wp-json\/wp\/v2\/posts\/1492\/revisions"}],"predecessor-version":[{"id":1503,"href":"https:\/\/web.quotidianopiemontese.it\/cultura-arte-e-spettacolo-a-torino\/wp-json\/wp\/v2\/posts\/1492\/revisions\/1503"}],"wp:featuredmedia":[{"embeddable":true,"href":"https:\/\/web.quotidianopiemontese.it\/cultura-arte-e-spettacolo-a-torino\/wp-json\/wp\/v2\/media\/1493"}],"wp:attachment":[{"href":"https:\/\/web.quotidianopiemontese.it\/cultura-arte-e-spettacolo-a-torino\/wp-json\/wp\/v2\/media?parent=1492"}],"wp:term":[{"taxonomy":"category","embeddable":true,"href":"https:\/\/web.quotidianopiemontese.it\/cultura-arte-e-spettacolo-a-torino\/wp-json\/wp\/v2\/categories?post=1492"},{"taxonomy":"post_tag","embeddable":true,"href":"https:\/\/web.quotidianopiemontese.it\/cultura-arte-e-spettacolo-a-torino\/wp-json\/wp\/v2\/tags?post=1492"}],"curies":[{"name":"wp","href":"https:\/\/api.w.org\/{rel}","templated":true}]}}