{"id":149,"date":"2018-02-06T13:20:03","date_gmt":"2018-02-06T12:20:03","guid":{"rendered":"http:\/\/www.quotidianopiemontese.it\/cultura-arte-e-spettacolo-a-torino\/?p=149"},"modified":"2018-02-15T13:52:38","modified_gmt":"2018-02-15T12:52:38","slug":"tragedia-padri-figli-al-teatro-carignano-re-lear-ennio-fantastichini","status":"publish","type":"post","link":"https:\/\/web.quotidianopiemontese.it\/cultura-arte-e-spettacolo-a-torino\/tragedia-padri-figli-al-teatro-carignano-re-lear-ennio-fantastichini\/","title":{"rendered":"Tragedia di padri e figli. Al Teatro Carignano il \u201cRe Lear\u201d con Ennio Fantastichini"},"content":{"rendered":"<p>Una <strong>\u201ctragedia di padri e figli\u201d,<\/strong> dove i padri fraintendono i figli, i figli tradiscono i padri. Scritta da <strong>William Shakespeare<\/strong> tra il 1605 ed il 1606, <strong>\u201cRe Lear\u201d<\/strong> \u00e8 un\u2019opera intrisa da una cieca volont\u00e0 di potere, tra vanit\u00e0, adulazioni, perfidie, crudelt\u00e0, azioni orribili ed insensate, che per\u00f2 non cancellano la speranza che le nuove generazioni possano riscattare il mondo di corruzione e morte che hanno ereditato dai padri.<!--more--><\/p>\n<p>Il <strong>Teatro Carignano<\/strong> ospita fino all\u2019<strong>11 febbraio<\/strong>, nell\u2019ambito della stagione del <strong>Teatro Stabile di Torino<\/strong>, il <strong>\u201cRea Lear\u201d<\/strong> per la regia di <strong>Giorgio Barberio Corsetti <\/strong>con <strong>Ennio Fantastichini<\/strong> nei panni del sovrano della Britannia e con lui in scena, tra gli altri, <strong>Michele Di Mauro<\/strong> (Gloucester), <strong>Francesca Ciocchetti<\/strong> (Goneril), <strong>Sara Putignano<\/strong> (Regan), <strong>Alice Giroldini <\/strong>(Cordelia) e <strong>Mariano Pirrello<\/strong> (Duca di Albany).<\/p>\n<p><a href=\"http:\/\/www.quotidianopiemontese.it\/cultura-arte-e-spettacolo-a-torino\/files\/2018\/02\/03_Re-Lear_-regia-Giorgio-Barberio-Corsetti_-foto-di-Achille-Le-Pera-16.jpg\"><img loading=\"lazy\" decoding=\"async\" class=\"alignnone size-medium wp-image-151\" src=\"http:\/\/www.quotidianopiemontese.it\/cultura-arte-e-spettacolo-a-torino\/files\/2018\/02\/03_Re-Lear_-regia-Giorgio-Barberio-Corsetti_-foto-di-Achille-Le-Pera-16-300x200.jpg\" alt=\"\" width=\"300\" height=\"200\" srcset=\"https:\/\/web.quotidianopiemontese.it\/cultura-arte-e-spettacolo-a-torino\/files\/2018\/02\/03_Re-Lear_-regia-Giorgio-Barberio-Corsetti_-foto-di-Achille-Le-Pera-16-300x200.jpg 300w, https:\/\/web.quotidianopiemontese.it\/cultura-arte-e-spettacolo-a-torino\/files\/2018\/02\/03_Re-Lear_-regia-Giorgio-Barberio-Corsetti_-foto-di-Achille-Le-Pera-16-768x512.jpg 768w, https:\/\/web.quotidianopiemontese.it\/cultura-arte-e-spettacolo-a-torino\/files\/2018\/02\/03_Re-Lear_-regia-Giorgio-Barberio-Corsetti_-foto-di-Achille-Le-Pera-16-1024x683.jpg 1024w, https:\/\/web.quotidianopiemontese.it\/cultura-arte-e-spettacolo-a-torino\/files\/2018\/02\/03_Re-Lear_-regia-Giorgio-Barberio-Corsetti_-foto-di-Achille-Le-Pera-16-600x400.jpg 600w, https:\/\/web.quotidianopiemontese.it\/cultura-arte-e-spettacolo-a-torino\/files\/2018\/02\/03_Re-Lear_-regia-Giorgio-Barberio-Corsetti_-foto-di-Achille-Le-Pera-16.jpg 1329w\" sizes=\"auto, (max-width: 300px) 85vw, 300px\" \/><\/a><\/p>\n<p><strong>Corsetti <\/strong>divide il testo in tre parti, come \u00e8 il regno di Lear: il dramma delle due famiglie, Lear e Gloucester, con la prova d\u2019amore che il re pretende dalle figlie; la tempesta ed infine la guerra. Un viaggio verso le tenebre dove \u00abchi non ha saputo vedere diventa cieco, chi non ha capito perde la mente, chi ha tradito sprofonda nel tradimento, chi \u00e8 puro viene trucidato\u00bb, una sinfonia infernale in un crescendo di caos, culmina nella di\u00adstruzione di un regno in cui i pochi superstiti sono chiamati a confrontarsi con la possibili\u00adt\u00e0 di ricostruire un futuro possibile.<\/p>\n<p><a href=\"http:\/\/www.quotidianopiemontese.it\/cultura-arte-e-spettacolo-a-torino\/files\/2018\/02\/01_Re-Lear_-regia-Giorgio-Barberio-Corsetti_-foto-di-Achille-Le-Pera-_-Fantastichini-e-Di-Mauro.jpg\"><img loading=\"lazy\" decoding=\"async\" class=\"alignnone size-medium wp-image-152\" src=\"http:\/\/www.quotidianopiemontese.it\/cultura-arte-e-spettacolo-a-torino\/files\/2018\/02\/01_Re-Lear_-regia-Giorgio-Barberio-Corsetti_-foto-di-Achille-Le-Pera-_-Fantastichini-e-Di-Mauro-300x200.jpg\" alt=\"\" width=\"300\" height=\"200\" srcset=\"https:\/\/web.quotidianopiemontese.it\/cultura-arte-e-spettacolo-a-torino\/files\/2018\/02\/01_Re-Lear_-regia-Giorgio-Barberio-Corsetti_-foto-di-Achille-Le-Pera-_-Fantastichini-e-Di-Mauro-300x200.jpg 300w, https:\/\/web.quotidianopiemontese.it\/cultura-arte-e-spettacolo-a-torino\/files\/2018\/02\/01_Re-Lear_-regia-Giorgio-Barberio-Corsetti_-foto-di-Achille-Le-Pera-_-Fantastichini-e-Di-Mauro-768x512.jpg 768w, https:\/\/web.quotidianopiemontese.it\/cultura-arte-e-spettacolo-a-torino\/files\/2018\/02\/01_Re-Lear_-regia-Giorgio-Barberio-Corsetti_-foto-di-Achille-Le-Pera-_-Fantastichini-e-Di-Mauro-1024x683.jpg 1024w, https:\/\/web.quotidianopiemontese.it\/cultura-arte-e-spettacolo-a-torino\/files\/2018\/02\/01_Re-Lear_-regia-Giorgio-Barberio-Corsetti_-foto-di-Achille-Le-Pera-_-Fantastichini-e-Di-Mauro-600x400.jpg 600w, https:\/\/web.quotidianopiemontese.it\/cultura-arte-e-spettacolo-a-torino\/files\/2018\/02\/01_Re-Lear_-regia-Giorgio-Barberio-Corsetti_-foto-di-Achille-Le-Pera-_-Fantastichini-e-Di-Mauro.jpg 1329w\" sizes=\"auto, (max-width: 300px) 85vw, 300px\" \/><\/a><\/p>\n<p>In una scena astratta, tra costumi sgargianti, il Lear di <strong>Ennio Fantastichini<\/strong> non \u00e8 un vecchio saggio e decrepito che desidera passare il testimone del potere alle figlie, \u00e8 piuttosto un uomo che vuole disfarsi delle responsabilit\u00e0 per potersi ancora godere spensierato i piaceri della vita in una seconda giovinezza.<\/p>\n<p>Il tempo di questo Lear \u00e8 adesso. Un tempo dove un Re si spoglia del potere nel tentativo disperato di vivere senza responsabilit\u00e0. Un tradimento della fondamentale dimensione politica alla conquista di una estasi individuale, mentre il mondo privato e pubblico intorno a s\u00e9 implode: \u00abLear avviene adesso, nei nostri giorni, in un mondo fluttuante, dove l\u2019economia e la finanza ci spingono da una crisi all\u2019altra, portandoci con loro<em> &#8211; <\/em>racconta <strong>Giorgio Barberio Corsetti<\/strong><em> &#8211; <\/em>\u00c8 la storia del potere della successione, di padri e figlie, figli e padri. Lear vuole ritrovare la giovinezza perduta, abbandonare le cure del regno, il peso delle responsabilit\u00e0, poter vagare con i suoi cavalieri da un palazzo all\u2019altro, fare bagordi e occuparsi solo del proprio piacere; per combattere la solitudine e l\u2019approssimarsi della fine si porta dietro un seguito colorato e chiassoso, di dubbia moralit\u00e0. I personaggi si stagliano contro un cielo fosco con tutti i loro difetti e le loro qualit\u00e0, caratteri che possono solo essere tirati allo spasimo, alle estreme conseguenze. La fedelt\u00e0, la lealt\u00e0, oppure il tradimento, la doppiezza, sono scolpite nelle figure come la trama stessa della materia in cui sono forgiate\u00bb.<\/p>\n<p><a href=\"http:\/\/www.teatrostabiletorino.it\">http:\/\/www.teatrostabiletorino.it<\/a><\/p>\n<p><strong>Emanuele Rebuffini<\/strong><\/p>\n<p><em>(foto di Achille Le Pera)<\/em><\/p>\n<p><a href=\"http:\/\/www.quotidianopiemontese.it\/cultura-arte-e-spettacolo-a-torino\/files\/2018\/02\/04_Re-Lear_-regia-Giorgio-Barberio-Corsetti_-foto-di-Achille-Le-Pera-_-Fantastichini-e-Bann\u00f2.jpg\"><img loading=\"lazy\" decoding=\"async\" class=\"alignnone size-medium wp-image-153\" src=\"http:\/\/www.quotidianopiemontese.it\/cultura-arte-e-spettacolo-a-torino\/files\/2018\/02\/04_Re-Lear_-regia-Giorgio-Barberio-Corsetti_-foto-di-Achille-Le-Pera-_-Fantastichini-e-Bann\u00f2-200x300.jpg\" alt=\"\" width=\"200\" height=\"300\" srcset=\"https:\/\/web.quotidianopiemontese.it\/cultura-arte-e-spettacolo-a-torino\/files\/2018\/02\/04_Re-Lear_-regia-Giorgio-Barberio-Corsetti_-foto-di-Achille-Le-Pera-_-Fantastichini-e-Bann\u00f2-200x300.jpg 200w, https:\/\/web.quotidianopiemontese.it\/cultura-arte-e-spettacolo-a-torino\/files\/2018\/02\/04_Re-Lear_-regia-Giorgio-Barberio-Corsetti_-foto-di-Achille-Le-Pera-_-Fantastichini-e-Bann\u00f2-768x1152.jpg 768w, https:\/\/web.quotidianopiemontese.it\/cultura-arte-e-spettacolo-a-torino\/files\/2018\/02\/04_Re-Lear_-regia-Giorgio-Barberio-Corsetti_-foto-di-Achille-Le-Pera-_-Fantastichini-e-Bann\u00f2-683x1024.jpg 683w, https:\/\/web.quotidianopiemontese.it\/cultura-arte-e-spettacolo-a-torino\/files\/2018\/02\/04_Re-Lear_-regia-Giorgio-Barberio-Corsetti_-foto-di-Achille-Le-Pera-_-Fantastichini-e-Bann\u00f2.jpg 886w\" sizes=\"auto, (max-width: 200px) 85vw, 200px\" \/><\/a><\/p>\n","protected":false},"excerpt":{"rendered":"<p>Una \u201ctragedia di padri e figli\u201d, dove i padri fraintendono i figli, i figli tradiscono i padri. Scritta da William Shakespeare tra il 1605 ed il 1606, \u201cRe Lear\u201d \u00e8 un\u2019opera intrisa da una cieca volont\u00e0 di potere, tra vanit\u00e0, adulazioni, perfidie, crudelt\u00e0, azioni orribili ed insensate, che per\u00f2 non cancellano la speranza che le &hellip; <a href=\"https:\/\/web.quotidianopiemontese.it\/cultura-arte-e-spettacolo-a-torino\/tragedia-padri-figli-al-teatro-carignano-re-lear-ennio-fantastichini\/\" class=\"more-link\">Leggi tutto<span class=\"screen-reader-text\"> &#8220;Tragedia di padri e figli. Al Teatro Carignano il \u201cRe Lear\u201d con Ennio Fantastichini&#8221;<\/span><\/a><\/p>\n","protected":false},"author":1361,"featured_media":150,"comment_status":"open","ping_status":"open","sticky":false,"template":"","format":"standard","meta":{"footnotes":""},"categories":[1],"tags":[46,47,42,44,45,43],"class_list":["post-149","post","type-post","status-publish","format-standard","has-post-thumbnail","hentry","category-cultura-arte-spettacolo","tag-ennio-fantastichini","tag-giorgio-barberio-corsetti","tag-re-lear","tag-teatro-carignano","tag-teatro-stabile-torino","tag-william-shakespeare"],"yoast_head":"<!-- This site is optimized with the Yoast SEO plugin v27.1.1 - https:\/\/yoast.com\/product\/yoast-seo-wordpress\/ -->\n<title>Tragedia di padri e figli. Al Teatro Carignano il \u201cRe Lear\u201d con Ennio Fantastichini - 6 Febbraio 2018<\/title>\n<meta name=\"description\" content=\"Tragedia di padri e figli. Al Teatro Carignano il \u201cRe Lear\u201d con Ennio Fantastichini - Cultura, Arte e Spettacolo a Torino - Una \u201ctragedia di padri e figli\u201d, dove i padri fraintendono i figli, i figli tradiscono i padri. Scritta da William Shakespeare tra il 1605 ed il 1606, \u201cRe - Ennio Fantastichini, Giorgio Barberio Corsetti, Re Lear, Teatro Carignano, Teatro Stabile Torino, William Shakespeare\" \/>\n<meta name=\"robots\" content=\"index, follow, max-snippet:-1, max-image-preview:large, max-video-preview:-1\" \/>\n<link rel=\"canonical\" href=\"https:\/\/web.quotidianopiemontese.it\/cultura-arte-e-spettacolo-a-torino\/tragedia-padri-figli-al-teatro-carignano-re-lear-ennio-fantastichini\/\" \/>\n<meta property=\"og:locale\" content=\"it_IT\" \/>\n<meta property=\"og:type\" content=\"article\" \/>\n<meta property=\"og:title\" content=\"Tragedia di padri e figli. Al Teatro Carignano il \u201cRe Lear\u201d con Ennio Fantastichini - 6 Febbraio 2018\" \/>\n<meta property=\"og:description\" content=\"Tragedia di padri e figli. Al Teatro Carignano il \u201cRe Lear\u201d con Ennio Fantastichini - Cultura, Arte e Spettacolo a Torino - Una \u201ctragedia di padri e figli\u201d, dove i padri fraintendono i figli, i figli tradiscono i padri. Scritta da William Shakespeare tra il 1605 ed il 1606, \u201cRe - Ennio Fantastichini, Giorgio Barberio Corsetti, Re Lear, Teatro Carignano, Teatro Stabile Torino, William Shakespeare\" \/>\n<meta property=\"og:url\" content=\"https:\/\/web.quotidianopiemontese.it\/cultura-arte-e-spettacolo-a-torino\/tragedia-padri-figli-al-teatro-carignano-re-lear-ennio-fantastichini\/\" \/>\n<meta property=\"og:site_name\" content=\"Cultura, Arte e Spettacolo a Torino\" \/>\n<meta property=\"article:publisher\" content=\"https:\/\/www.facebook.com\/quotidianopiemontese?fref=ts\" \/>\n<meta property=\"article:published_time\" content=\"2018-02-06T12:20:03+00:00\" \/>\n<meta property=\"article:modified_time\" content=\"2018-02-15T12:52:38+00:00\" \/>\n<meta property=\"og:image\" content=\"https:\/\/web.quotidianopiemontese.it\/cultura-arte-e-spettacolo-a-torino\/files\/2018\/02\/06_Re-Lear_-regia-Giorgio-Barberio-Corsetti_-foto-di-Achille-Le-Pera-_-Fantastichini.03.jpg\" \/>\n\t<meta property=\"og:image:width\" content=\"1329\" \/>\n\t<meta property=\"og:image:height\" content=\"886\" \/>\n\t<meta property=\"og:image:type\" content=\"image\/jpeg\" \/>\n<meta name=\"author\" content=\"Emanuele Rebuffini\" \/>\n<meta name=\"twitter:label1\" content=\"Scritto da\" \/>\n\t<meta name=\"twitter:data1\" content=\"Emanuele Rebuffini\" \/>\n\t<meta name=\"twitter:label2\" content=\"Tempo di lettura stimato\" \/>\n\t<meta name=\"twitter:data2\" content=\"2 minuti\" \/>\n<script type=\"application\/ld+json\" class=\"yoast-schema-graph\">{\"@context\":\"https:\/\/schema.org\",\"@graph\":[{\"@type\":\"Article\",\"@id\":\"https:\/\/web.quotidianopiemontese.it\/cultura-arte-e-spettacolo-a-torino\/tragedia-padri-figli-al-teatro-carignano-re-lear-ennio-fantastichini\/#article\",\"isPartOf\":{\"@id\":\"https:\/\/web.quotidianopiemontese.it\/cultura-arte-e-spettacolo-a-torino\/tragedia-padri-figli-al-teatro-carignano-re-lear-ennio-fantastichini\/\"},\"author\":{\"name\":\"Emanuele Rebuffini\",\"@id\":\"https:\/\/web.quotidianopiemontese.it\/cultura-arte-e-spettacolo-a-torino\/#\/schema\/person\/b035109a4cc7d3e93911b78d8cebf3a0\"},\"headline\":\"Tragedia di padri e figli. Al Teatro Carignano il \u201cRe Lear\u201d con Ennio Fantastichini\",\"datePublished\":\"2018-02-06T12:20:03+00:00\",\"dateModified\":\"2018-02-15T12:52:38+00:00\",\"mainEntityOfPage\":{\"@id\":\"https:\/\/web.quotidianopiemontese.it\/cultura-arte-e-spettacolo-a-torino\/tragedia-padri-figli-al-teatro-carignano-re-lear-ennio-fantastichini\/\"},\"wordCount\":497,\"commentCount\":0,\"image\":{\"@id\":\"https:\/\/web.quotidianopiemontese.it\/cultura-arte-e-spettacolo-a-torino\/tragedia-padri-figli-al-teatro-carignano-re-lear-ennio-fantastichini\/#primaryimage\"},\"thumbnailUrl\":\"https:\/\/web.quotidianopiemontese.it\/cultura-arte-e-spettacolo-a-torino\/files\/2018\/02\/06_Re-Lear_-regia-Giorgio-Barberio-Corsetti_-foto-di-Achille-Le-Pera-_-Fantastichini.03.jpg\",\"keywords\":[\"Ennio Fantastichini\",\"Giorgio Barberio Corsetti\",\"Re Lear\",\"Teatro Carignano\",\"Teatro Stabile Torino\",\"William Shakespeare\"],\"articleSection\":[\"Cultura, arte, spettacolo\"],\"inLanguage\":\"it-IT\",\"potentialAction\":[{\"@type\":\"CommentAction\",\"name\":\"Comment\",\"target\":[\"https:\/\/web.quotidianopiemontese.it\/cultura-arte-e-spettacolo-a-torino\/tragedia-padri-figli-al-teatro-carignano-re-lear-ennio-fantastichini\/#respond\"]}]},{\"@type\":\"WebPage\",\"@id\":\"https:\/\/web.quotidianopiemontese.it\/cultura-arte-e-spettacolo-a-torino\/tragedia-padri-figli-al-teatro-carignano-re-lear-ennio-fantastichini\/\",\"url\":\"https:\/\/web.quotidianopiemontese.it\/cultura-arte-e-spettacolo-a-torino\/tragedia-padri-figli-al-teatro-carignano-re-lear-ennio-fantastichini\/\",\"name\":\"Tragedia di padri e figli. Al Teatro Carignano il \u201cRe Lear\u201d con Ennio Fantastichini - 6 Febbraio 2018\",\"isPartOf\":{\"@id\":\"https:\/\/web.quotidianopiemontese.it\/cultura-arte-e-spettacolo-a-torino\/#website\"},\"primaryImageOfPage\":{\"@id\":\"https:\/\/web.quotidianopiemontese.it\/cultura-arte-e-spettacolo-a-torino\/tragedia-padri-figli-al-teatro-carignano-re-lear-ennio-fantastichini\/#primaryimage\"},\"image\":{\"@id\":\"https:\/\/web.quotidianopiemontese.it\/cultura-arte-e-spettacolo-a-torino\/tragedia-padri-figli-al-teatro-carignano-re-lear-ennio-fantastichini\/#primaryimage\"},\"thumbnailUrl\":\"https:\/\/web.quotidianopiemontese.it\/cultura-arte-e-spettacolo-a-torino\/files\/2018\/02\/06_Re-Lear_-regia-Giorgio-Barberio-Corsetti_-foto-di-Achille-Le-Pera-_-Fantastichini.03.jpg\",\"datePublished\":\"2018-02-06T12:20:03+00:00\",\"dateModified\":\"2018-02-15T12:52:38+00:00\",\"author\":{\"@id\":\"https:\/\/web.quotidianopiemontese.it\/cultura-arte-e-spettacolo-a-torino\/#\/schema\/person\/b035109a4cc7d3e93911b78d8cebf3a0\"},\"description\":\"Tragedia di padri e figli. Al Teatro Carignano il \u201cRe Lear\u201d con Ennio Fantastichini - Cultura, Arte e Spettacolo a Torino - Una \u201ctragedia di padri e figli\u201d, dove i padri fraintendono i figli, i figli tradiscono i padri. Scritta da William Shakespeare tra il 1605 ed il 1606, \u201cRe - Ennio Fantastichini, Giorgio Barberio Corsetti, Re Lear, Teatro Carignano, Teatro Stabile Torino, William Shakespeare\",\"inLanguage\":\"it-IT\",\"potentialAction\":[{\"@type\":\"ReadAction\",\"target\":[\"https:\/\/web.quotidianopiemontese.it\/cultura-arte-e-spettacolo-a-torino\/tragedia-padri-figli-al-teatro-carignano-re-lear-ennio-fantastichini\/\"]}]},{\"@type\":\"ImageObject\",\"inLanguage\":\"it-IT\",\"@id\":\"https:\/\/web.quotidianopiemontese.it\/cultura-arte-e-spettacolo-a-torino\/tragedia-padri-figli-al-teatro-carignano-re-lear-ennio-fantastichini\/#primaryimage\",\"url\":\"https:\/\/web.quotidianopiemontese.it\/cultura-arte-e-spettacolo-a-torino\/files\/2018\/02\/06_Re-Lear_-regia-Giorgio-Barberio-Corsetti_-foto-di-Achille-Le-Pera-_-Fantastichini.03.jpg\",\"contentUrl\":\"https:\/\/web.quotidianopiemontese.it\/cultura-arte-e-spettacolo-a-torino\/files\/2018\/02\/06_Re-Lear_-regia-Giorgio-Barberio-Corsetti_-foto-di-Achille-Le-Pera-_-Fantastichini.03.jpg\",\"width\":1329,\"height\":886},{\"@type\":\"WebSite\",\"@id\":\"https:\/\/web.quotidianopiemontese.it\/cultura-arte-e-spettacolo-a-torino\/#website\",\"url\":\"https:\/\/web.quotidianopiemontese.it\/cultura-arte-e-spettacolo-a-torino\/\",\"name\":\"Cultura, Arte e Spettacolo a Torino\",\"description\":\"Quotidiano Piemontese\",\"potentialAction\":[{\"@type\":\"SearchAction\",\"target\":{\"@type\":\"EntryPoint\",\"urlTemplate\":\"https:\/\/web.quotidianopiemontese.it\/cultura-arte-e-spettacolo-a-torino\/?s={search_term_string}\"},\"query-input\":{\"@type\":\"PropertyValueSpecification\",\"valueRequired\":true,\"valueName\":\"search_term_string\"}}],\"inLanguage\":\"it-IT\"},{\"@type\":\"Person\",\"@id\":\"https:\/\/web.quotidianopiemontese.it\/cultura-arte-e-spettacolo-a-torino\/#\/schema\/person\/b035109a4cc7d3e93911b78d8cebf3a0\",\"name\":\"Emanuele Rebuffini\",\"image\":{\"@type\":\"ImageObject\",\"inLanguage\":\"it-IT\",\"@id\":\"https:\/\/web.quotidianopiemontese.it\/cultura-arte-e-spettacolo-a-torino\/#\/schema\/person\/image\/\",\"url\":\"https:\/\/secure.gravatar.com\/avatar\/519a0a38be4cbbcf40fb5bc1b1173a85af291a3a8697df454a94ad7e05574628?s=96&d=mm&r=g\",\"contentUrl\":\"https:\/\/secure.gravatar.com\/avatar\/519a0a38be4cbbcf40fb5bc1b1173a85af291a3a8697df454a94ad7e05574628?s=96&d=mm&r=g\",\"caption\":\"Emanuele Rebuffini\"},\"sameAs\":[\"http:\/\/www.quotidianopiemontese.it\/cultura-arte-e-spettacolo-a-torino\/\"],\"url\":\"https:\/\/web.quotidianopiemontese.it\/cultura-arte-e-spettacolo-a-torino\/author\/emanuelerebuffini\/\"}]}<\/script>\n<!-- \/ Yoast SEO plugin. -->","yoast_head_json":{"title":"Tragedia di padri e figli. Al Teatro Carignano il \u201cRe Lear\u201d con Ennio Fantastichini - 6 Febbraio 2018","description":"Tragedia di padri e figli. Al Teatro Carignano il \u201cRe Lear\u201d con Ennio Fantastichini - Cultura, Arte e Spettacolo a Torino - Una \u201ctragedia di padri e figli\u201d, dove i padri fraintendono i figli, i figli tradiscono i padri. Scritta da William Shakespeare tra il 1605 ed il 1606, \u201cRe - Ennio Fantastichini, Giorgio Barberio Corsetti, Re Lear, Teatro Carignano, Teatro Stabile Torino, William Shakespeare","robots":{"index":"index","follow":"follow","max-snippet":"max-snippet:-1","max-image-preview":"max-image-preview:large","max-video-preview":"max-video-preview:-1"},"canonical":"https:\/\/web.quotidianopiemontese.it\/cultura-arte-e-spettacolo-a-torino\/tragedia-padri-figli-al-teatro-carignano-re-lear-ennio-fantastichini\/","og_locale":"it_IT","og_type":"article","og_title":"Tragedia di padri e figli. Al Teatro Carignano il \u201cRe Lear\u201d con Ennio Fantastichini - 6 Febbraio 2018","og_description":"Tragedia di padri e figli. Al Teatro Carignano il \u201cRe Lear\u201d con Ennio Fantastichini - Cultura, Arte e Spettacolo a Torino - Una \u201ctragedia di padri e figli\u201d, dove i padri fraintendono i figli, i figli tradiscono i padri. Scritta da William Shakespeare tra il 1605 ed il 1606, \u201cRe - Ennio Fantastichini, Giorgio Barberio Corsetti, Re Lear, Teatro Carignano, Teatro Stabile Torino, William Shakespeare","og_url":"https:\/\/web.quotidianopiemontese.it\/cultura-arte-e-spettacolo-a-torino\/tragedia-padri-figli-al-teatro-carignano-re-lear-ennio-fantastichini\/","og_site_name":"Cultura, Arte e Spettacolo a Torino","article_publisher":"https:\/\/www.facebook.com\/quotidianopiemontese?fref=ts","article_published_time":"2018-02-06T12:20:03+00:00","article_modified_time":"2018-02-15T12:52:38+00:00","og_image":[{"width":1329,"height":886,"url":"https:\/\/web.quotidianopiemontese.it\/cultura-arte-e-spettacolo-a-torino\/files\/2018\/02\/06_Re-Lear_-regia-Giorgio-Barberio-Corsetti_-foto-di-Achille-Le-Pera-_-Fantastichini.03.jpg","type":"image\/jpeg"}],"author":"Emanuele Rebuffini","twitter_misc":{"Scritto da":"Emanuele Rebuffini","Tempo di lettura stimato":"2 minuti"},"schema":{"@context":"https:\/\/schema.org","@graph":[{"@type":"Article","@id":"https:\/\/web.quotidianopiemontese.it\/cultura-arte-e-spettacolo-a-torino\/tragedia-padri-figli-al-teatro-carignano-re-lear-ennio-fantastichini\/#article","isPartOf":{"@id":"https:\/\/web.quotidianopiemontese.it\/cultura-arte-e-spettacolo-a-torino\/tragedia-padri-figli-al-teatro-carignano-re-lear-ennio-fantastichini\/"},"author":{"name":"Emanuele Rebuffini","@id":"https:\/\/web.quotidianopiemontese.it\/cultura-arte-e-spettacolo-a-torino\/#\/schema\/person\/b035109a4cc7d3e93911b78d8cebf3a0"},"headline":"Tragedia di padri e figli. Al Teatro Carignano il \u201cRe Lear\u201d con Ennio Fantastichini","datePublished":"2018-02-06T12:20:03+00:00","dateModified":"2018-02-15T12:52:38+00:00","mainEntityOfPage":{"@id":"https:\/\/web.quotidianopiemontese.it\/cultura-arte-e-spettacolo-a-torino\/tragedia-padri-figli-al-teatro-carignano-re-lear-ennio-fantastichini\/"},"wordCount":497,"commentCount":0,"image":{"@id":"https:\/\/web.quotidianopiemontese.it\/cultura-arte-e-spettacolo-a-torino\/tragedia-padri-figli-al-teatro-carignano-re-lear-ennio-fantastichini\/#primaryimage"},"thumbnailUrl":"https:\/\/web.quotidianopiemontese.it\/cultura-arte-e-spettacolo-a-torino\/files\/2018\/02\/06_Re-Lear_-regia-Giorgio-Barberio-Corsetti_-foto-di-Achille-Le-Pera-_-Fantastichini.03.jpg","keywords":["Ennio Fantastichini","Giorgio Barberio Corsetti","Re Lear","Teatro Carignano","Teatro Stabile Torino","William Shakespeare"],"articleSection":["Cultura, arte, spettacolo"],"inLanguage":"it-IT","potentialAction":[{"@type":"CommentAction","name":"Comment","target":["https:\/\/web.quotidianopiemontese.it\/cultura-arte-e-spettacolo-a-torino\/tragedia-padri-figli-al-teatro-carignano-re-lear-ennio-fantastichini\/#respond"]}]},{"@type":"WebPage","@id":"https:\/\/web.quotidianopiemontese.it\/cultura-arte-e-spettacolo-a-torino\/tragedia-padri-figli-al-teatro-carignano-re-lear-ennio-fantastichini\/","url":"https:\/\/web.quotidianopiemontese.it\/cultura-arte-e-spettacolo-a-torino\/tragedia-padri-figli-al-teatro-carignano-re-lear-ennio-fantastichini\/","name":"Tragedia di padri e figli. Al Teatro Carignano il \u201cRe Lear\u201d con Ennio Fantastichini - 6 Febbraio 2018","isPartOf":{"@id":"https:\/\/web.quotidianopiemontese.it\/cultura-arte-e-spettacolo-a-torino\/#website"},"primaryImageOfPage":{"@id":"https:\/\/web.quotidianopiemontese.it\/cultura-arte-e-spettacolo-a-torino\/tragedia-padri-figli-al-teatro-carignano-re-lear-ennio-fantastichini\/#primaryimage"},"image":{"@id":"https:\/\/web.quotidianopiemontese.it\/cultura-arte-e-spettacolo-a-torino\/tragedia-padri-figli-al-teatro-carignano-re-lear-ennio-fantastichini\/#primaryimage"},"thumbnailUrl":"https:\/\/web.quotidianopiemontese.it\/cultura-arte-e-spettacolo-a-torino\/files\/2018\/02\/06_Re-Lear_-regia-Giorgio-Barberio-Corsetti_-foto-di-Achille-Le-Pera-_-Fantastichini.03.jpg","datePublished":"2018-02-06T12:20:03+00:00","dateModified":"2018-02-15T12:52:38+00:00","author":{"@id":"https:\/\/web.quotidianopiemontese.it\/cultura-arte-e-spettacolo-a-torino\/#\/schema\/person\/b035109a4cc7d3e93911b78d8cebf3a0"},"description":"Tragedia di padri e figli. Al Teatro Carignano il \u201cRe Lear\u201d con Ennio Fantastichini - Cultura, Arte e Spettacolo a Torino - Una \u201ctragedia di padri e figli\u201d, dove i padri fraintendono i figli, i figli tradiscono i padri. Scritta da William Shakespeare tra il 1605 ed il 1606, \u201cRe - Ennio Fantastichini, Giorgio Barberio Corsetti, Re Lear, Teatro Carignano, Teatro Stabile Torino, William Shakespeare","inLanguage":"it-IT","potentialAction":[{"@type":"ReadAction","target":["https:\/\/web.quotidianopiemontese.it\/cultura-arte-e-spettacolo-a-torino\/tragedia-padri-figli-al-teatro-carignano-re-lear-ennio-fantastichini\/"]}]},{"@type":"ImageObject","inLanguage":"it-IT","@id":"https:\/\/web.quotidianopiemontese.it\/cultura-arte-e-spettacolo-a-torino\/tragedia-padri-figli-al-teatro-carignano-re-lear-ennio-fantastichini\/#primaryimage","url":"https:\/\/web.quotidianopiemontese.it\/cultura-arte-e-spettacolo-a-torino\/files\/2018\/02\/06_Re-Lear_-regia-Giorgio-Barberio-Corsetti_-foto-di-Achille-Le-Pera-_-Fantastichini.03.jpg","contentUrl":"https:\/\/web.quotidianopiemontese.it\/cultura-arte-e-spettacolo-a-torino\/files\/2018\/02\/06_Re-Lear_-regia-Giorgio-Barberio-Corsetti_-foto-di-Achille-Le-Pera-_-Fantastichini.03.jpg","width":1329,"height":886},{"@type":"WebSite","@id":"https:\/\/web.quotidianopiemontese.it\/cultura-arte-e-spettacolo-a-torino\/#website","url":"https:\/\/web.quotidianopiemontese.it\/cultura-arte-e-spettacolo-a-torino\/","name":"Cultura, Arte e Spettacolo a Torino","description":"Quotidiano Piemontese","potentialAction":[{"@type":"SearchAction","target":{"@type":"EntryPoint","urlTemplate":"https:\/\/web.quotidianopiemontese.it\/cultura-arte-e-spettacolo-a-torino\/?s={search_term_string}"},"query-input":{"@type":"PropertyValueSpecification","valueRequired":true,"valueName":"search_term_string"}}],"inLanguage":"it-IT"},{"@type":"Person","@id":"https:\/\/web.quotidianopiemontese.it\/cultura-arte-e-spettacolo-a-torino\/#\/schema\/person\/b035109a4cc7d3e93911b78d8cebf3a0","name":"Emanuele Rebuffini","image":{"@type":"ImageObject","inLanguage":"it-IT","@id":"https:\/\/web.quotidianopiemontese.it\/cultura-arte-e-spettacolo-a-torino\/#\/schema\/person\/image\/","url":"https:\/\/secure.gravatar.com\/avatar\/519a0a38be4cbbcf40fb5bc1b1173a85af291a3a8697df454a94ad7e05574628?s=96&d=mm&r=g","contentUrl":"https:\/\/secure.gravatar.com\/avatar\/519a0a38be4cbbcf40fb5bc1b1173a85af291a3a8697df454a94ad7e05574628?s=96&d=mm&r=g","caption":"Emanuele Rebuffini"},"sameAs":["http:\/\/www.quotidianopiemontese.it\/cultura-arte-e-spettacolo-a-torino\/"],"url":"https:\/\/web.quotidianopiemontese.it\/cultura-arte-e-spettacolo-a-torino\/author\/emanuelerebuffini\/"}]}},"_links":{"self":[{"href":"https:\/\/web.quotidianopiemontese.it\/cultura-arte-e-spettacolo-a-torino\/wp-json\/wp\/v2\/posts\/149","targetHints":{"allow":["GET"]}}],"collection":[{"href":"https:\/\/web.quotidianopiemontese.it\/cultura-arte-e-spettacolo-a-torino\/wp-json\/wp\/v2\/posts"}],"about":[{"href":"https:\/\/web.quotidianopiemontese.it\/cultura-arte-e-spettacolo-a-torino\/wp-json\/wp\/v2\/types\/post"}],"author":[{"embeddable":true,"href":"https:\/\/web.quotidianopiemontese.it\/cultura-arte-e-spettacolo-a-torino\/wp-json\/wp\/v2\/users\/1361"}],"replies":[{"embeddable":true,"href":"https:\/\/web.quotidianopiemontese.it\/cultura-arte-e-spettacolo-a-torino\/wp-json\/wp\/v2\/comments?post=149"}],"version-history":[{"count":0,"href":"https:\/\/web.quotidianopiemontese.it\/cultura-arte-e-spettacolo-a-torino\/wp-json\/wp\/v2\/posts\/149\/revisions"}],"wp:featuredmedia":[{"embeddable":true,"href":"https:\/\/web.quotidianopiemontese.it\/cultura-arte-e-spettacolo-a-torino\/wp-json\/wp\/v2\/media\/150"}],"wp:attachment":[{"href":"https:\/\/web.quotidianopiemontese.it\/cultura-arte-e-spettacolo-a-torino\/wp-json\/wp\/v2\/media?parent=149"}],"wp:term":[{"taxonomy":"category","embeddable":true,"href":"https:\/\/web.quotidianopiemontese.it\/cultura-arte-e-spettacolo-a-torino\/wp-json\/wp\/v2\/categories?post=149"},{"taxonomy":"post_tag","embeddable":true,"href":"https:\/\/web.quotidianopiemontese.it\/cultura-arte-e-spettacolo-a-torino\/wp-json\/wp\/v2\/tags?post=149"}],"curies":[{"name":"wp","href":"https:\/\/api.w.org\/{rel}","templated":true}]}}