{"id":1469,"date":"2025-01-07T10:08:52","date_gmt":"2025-01-07T09:08:52","guid":{"rendered":"https:\/\/web.quotidianopiemontese.it\/cultura-arte-e-spettacolo-a-torino\/?p=1469"},"modified":"2025-01-07T10:08:52","modified_gmt":"2025-01-07T09:08:52","slug":"arte-e-carita-dal-patrimonio-delle-confraternite-ai-capolavori-moderni-e-contemporanei","status":"publish","type":"post","link":"https:\/\/web.quotidianopiemontese.it\/cultura-arte-e-spettacolo-a-torino\/arte-e-carita-dal-patrimonio-delle-confraternite-ai-capolavori-moderni-e-contemporanei\/","title":{"rendered":"Arte e Carit\u00e0. Dal patrimonio delle Confraternite  ai capolavori moderni e contemporanei"},"content":{"rendered":"<p><strong>Oltre 120 opere <\/strong>che raccontano il binomio tra arte e carit\u00e0.<strong> A Busca (Cuneo), Casa Francotto ospita fino al 9 febbraio 2025 <\/strong>la mostra <strong>\u201cArte e carit\u00e0. Dal patrimonio delle Confraternite ai capolavori moderni e contemporanei<\/strong><strong>\u201d.<\/strong><!--more--><\/p>\n<p>Organizzata dal Comune e dall\u2019Ospedale Civile di Busca, curata da <strong>Cinzia Tesio, Rino Tacchella, Bruno Raspini e Dario Lorenzati<\/strong>, l\u2019esposizione \u00e8 un\u2019ampia riflessione sui diversi volti della carit\u00e0, dalla Maternit\u00e0 alla Passione. Un viaggio artistico e storico che affianca capolavori di artisti del Novecento, con le loro potenti visioni, alle preziose opere custodite dalle due Confraternite, la Bianca e la Rossa.<\/p>\n<figure id=\"attachment_1471\" aria-describedby=\"caption-attachment-1471\" style=\"width: 300px\" class=\"wp-caption alignnone\"><a href=\"http:\/\/web.quotidianopiemontese.it\/cultura-arte-e-spettacolo-a-torino\/files\/2025\/01\/BASSA_Giorgio_RAMELLA_StudioperCrocefissione_1993.jpg\"><img loading=\"lazy\" decoding=\"async\" class=\"size-medium wp-image-1471\" src=\"http:\/\/web.quotidianopiemontese.it\/cultura-arte-e-spettacolo-a-torino\/files\/2025\/01\/BASSA_Giorgio_RAMELLA_StudioperCrocefissione_1993-300x213.jpg\" alt=\"\" width=\"300\" height=\"213\" srcset=\"https:\/\/web.quotidianopiemontese.it\/cultura-arte-e-spettacolo-a-torino\/files\/2025\/01\/BASSA_Giorgio_RAMELLA_StudioperCrocefissione_1993-300x213.jpg 300w, https:\/\/web.quotidianopiemontese.it\/cultura-arte-e-spettacolo-a-torino\/files\/2025\/01\/BASSA_Giorgio_RAMELLA_StudioperCrocefissione_1993.jpg 584w\" sizes=\"auto, (max-width: 300px) 85vw, 300px\" \/><\/a><figcaption id=\"caption-attachment-1471\" class=\"wp-caption-text\">Giorgio Ramella, Studio per Crocefissione, 1993<\/figcaption><\/figure>\n<p>La mostra \u00e8 suddivisa in due parti, dal globale al locale. Una sezione \u00e8 dedicata ai grandi artisti moderni e contemporanei con una settantina di opere che interpretano il tema della carit\u00e0: Correggio, Bellini, Pablo Picasso, un crocifisso di Lucio Fontana, una deposizione di Bruno Cassinari, le sculture di Giacomo Manz\u00f9, Arturo Martini ed Umberto Mastroianni, il presepe di Emanuele Luzzati, la maternit\u00e0 di Ugo Nespolo, la straordinaria via crucis di Mario Tallone, l\u2019albero della carit\u00e0 di Mario Gosso.<\/p>\n<figure id=\"attachment_1472\" aria-describedby=\"caption-attachment-1472\" style=\"width: 224px\" class=\"wp-caption alignnone\"><a href=\"http:\/\/web.quotidianopiemontese.it\/cultura-arte-e-spettacolo-a-torino\/files\/2025\/01\/BASSA_MarioTallone_via-Crucis_stazione4.jpg\"><img loading=\"lazy\" decoding=\"async\" class=\"size-medium wp-image-1472\" src=\"http:\/\/web.quotidianopiemontese.it\/cultura-arte-e-spettacolo-a-torino\/files\/2025\/01\/BASSA_MarioTallone_via-Crucis_stazione4-224x300.jpg\" alt=\"\" width=\"224\" height=\"300\" srcset=\"https:\/\/web.quotidianopiemontese.it\/cultura-arte-e-spettacolo-a-torino\/files\/2025\/01\/BASSA_MarioTallone_via-Crucis_stazione4-224x300.jpg 224w, https:\/\/web.quotidianopiemontese.it\/cultura-arte-e-spettacolo-a-torino\/files\/2025\/01\/BASSA_MarioTallone_via-Crucis_stazione4-765x1024.jpg 765w, https:\/\/web.quotidianopiemontese.it\/cultura-arte-e-spettacolo-a-torino\/files\/2025\/01\/BASSA_MarioTallone_via-Crucis_stazione4-768x1028.jpg 768w, https:\/\/web.quotidianopiemontese.it\/cultura-arte-e-spettacolo-a-torino\/files\/2025\/01\/BASSA_MarioTallone_via-Crucis_stazione4.jpg 829w\" sizes=\"auto, (max-width: 224px) 85vw, 224px\" \/><\/a><figcaption id=\"caption-attachment-1472\" class=\"wp-caption-text\">Mario Tallone<\/figcaption><\/figure>\n<p>La seconda sezione \u00e8 dedicata alle opere caritative buschesi, che hanno settecento anni di storia con inediti di straordinaria bellezza. Completano l\u2019allestimento, curato da <strong>Maurizio Colombo<\/strong>, pannelli, documenti storici, codici QR CODE e tre video.<\/p>\n<figure id=\"attachment_1473\" aria-describedby=\"caption-attachment-1473\" style=\"width: 300px\" class=\"wp-caption alignnone\"><a href=\"http:\/\/web.quotidianopiemontese.it\/cultura-arte-e-spettacolo-a-torino\/files\/2025\/01\/Busca_ConfraternitaSSTrinita-scaled.jpg\"><img loading=\"lazy\" decoding=\"async\" class=\"size-medium wp-image-1473\" src=\"http:\/\/web.quotidianopiemontese.it\/cultura-arte-e-spettacolo-a-torino\/files\/2025\/01\/Busca_ConfraternitaSSTrinita-300x203.jpg\" alt=\"\" width=\"300\" height=\"203\" srcset=\"https:\/\/web.quotidianopiemontese.it\/cultura-arte-e-spettacolo-a-torino\/files\/2025\/01\/Busca_ConfraternitaSSTrinita-300x203.jpg 300w, https:\/\/web.quotidianopiemontese.it\/cultura-arte-e-spettacolo-a-torino\/files\/2025\/01\/Busca_ConfraternitaSSTrinita-1024x693.jpg 1024w, https:\/\/web.quotidianopiemontese.it\/cultura-arte-e-spettacolo-a-torino\/files\/2025\/01\/Busca_ConfraternitaSSTrinita-768x520.jpg 768w, https:\/\/web.quotidianopiemontese.it\/cultura-arte-e-spettacolo-a-torino\/files\/2025\/01\/Busca_ConfraternitaSSTrinita-1536x1040.jpg 1536w, https:\/\/web.quotidianopiemontese.it\/cultura-arte-e-spettacolo-a-torino\/files\/2025\/01\/Busca_ConfraternitaSSTrinita-2048x1386.jpg 2048w, https:\/\/web.quotidianopiemontese.it\/cultura-arte-e-spettacolo-a-torino\/files\/2025\/01\/Busca_ConfraternitaSSTrinita-1200x812.jpg 1200w\" sizes=\"auto, (max-width: 300px) 85vw, 300px\" \/><\/a><figcaption id=\"caption-attachment-1473\" class=\"wp-caption-text\">Confraternita SS. Trinit\u00e0<\/figcaption><\/figure>\n<p>\u00abLa rassegna-spiegano i curatori-vuole\u00a0 approfondire il tema della carit\u00e0, grazie al linguaggio universale dell\u2019arte, analizzato nei suoi aspetti pi\u00f9 profondi: dal valore della Madre alla conoscenza, dalla creazione alla catarsi della sofferenza all\u2019amore e aiuto verso gli altri, in particolare i pi\u00f9 fragili. La carit\u00e0 pu\u00f2, infatti, significare alleviare le sofferenze degli altri, ma \u00e8 anche solidariet\u00e0, generosit\u00e0, altruismo, beneficenza, accoglienza, inclusione, silenzio. Con una visione ampia la carit\u00e0 viene analizzata in ogni suo aspetto: dal sacro al sociale, dal passato all\u2019attualit\u00e0 con il mondo del no profit e terzo settore. Attraverso workshop, incontri, eventi collaterali legati al patrimonio del territorio, la Carit\u00e0 apparir\u00e0 pi\u00f9 diretta e genuina, spogliata di retorica e convenzionalismi\u00bb.<\/p>\n<p><a href=\"http:\/\/www.casafrancotto.it\">http:\/\/www.casafrancotto.it<\/a><\/p>\n<figure id=\"attachment_1474\" aria-describedby=\"caption-attachment-1474\" style=\"width: 235px\" class=\"wp-caption alignnone\"><a href=\"http:\/\/web.quotidianopiemontese.it\/cultura-arte-e-spettacolo-a-torino\/files\/2025\/01\/BASSA_GiovanniBELLINI_Madonnaconbambino.jpg\"><img loading=\"lazy\" decoding=\"async\" class=\"size-medium wp-image-1474\" src=\"http:\/\/web.quotidianopiemontese.it\/cultura-arte-e-spettacolo-a-torino\/files\/2025\/01\/BASSA_GiovanniBELLINI_Madonnaconbambino-235x300.jpg\" alt=\"\" width=\"235\" height=\"300\" srcset=\"https:\/\/web.quotidianopiemontese.it\/cultura-arte-e-spettacolo-a-torino\/files\/2025\/01\/BASSA_GiovanniBELLINI_Madonnaconbambino-235x300.jpg 235w, https:\/\/web.quotidianopiemontese.it\/cultura-arte-e-spettacolo-a-torino\/files\/2025\/01\/BASSA_GiovanniBELLINI_Madonnaconbambino-802x1024.jpg 802w, https:\/\/web.quotidianopiemontese.it\/cultura-arte-e-spettacolo-a-torino\/files\/2025\/01\/BASSA_GiovanniBELLINI_Madonnaconbambino-768x981.jpg 768w, https:\/\/web.quotidianopiemontese.it\/cultura-arte-e-spettacolo-a-torino\/files\/2025\/01\/BASSA_GiovanniBELLINI_Madonnaconbambino-1202x1536.jpg 1202w, https:\/\/web.quotidianopiemontese.it\/cultura-arte-e-spettacolo-a-torino\/files\/2025\/01\/BASSA_GiovanniBELLINI_Madonnaconbambino-1200x1533.jpg 1200w, https:\/\/web.quotidianopiemontese.it\/cultura-arte-e-spettacolo-a-torino\/files\/2025\/01\/BASSA_GiovanniBELLINI_Madonnaconbambino.jpg 1603w\" sizes=\"auto, (max-width: 235px) 85vw, 235px\" \/><\/a><figcaption id=\"caption-attachment-1474\" class=\"wp-caption-text\">Giovanni Bellini<\/figcaption><\/figure>\n","protected":false},"excerpt":{"rendered":"<p>Oltre 120 opere che raccontano il binomio tra arte e carit\u00e0. A Busca (Cuneo), Casa Francotto ospita fino al 9 febbraio 2025 la mostra \u201cArte e carit\u00e0. Dal patrimonio delle Confraternite ai capolavori moderni e contemporanei\u201d.<\/p>\n","protected":false},"author":1361,"featured_media":1470,"comment_status":"open","ping_status":"open","sticky":false,"template":"","format":"standard","meta":{"footnotes":""},"categories":[1],"tags":[238,261],"class_list":["post-1469","post","type-post","status-publish","format-standard","has-post-thumbnail","hentry","category-cultura-arte-spettacolo","tag-busca","tag-casa-francotto"],"yoast_head":"<!-- This site is optimized with the Yoast SEO plugin v27.1.1 - https:\/\/yoast.com\/product\/yoast-seo-wordpress\/ -->\n<title>Arte e Carit\u00e0. Dal patrimonio delle Confraternite ai capolavori moderni e contemporanei - 7 Gennaio 2025<\/title>\n<meta name=\"description\" content=\"Arte e Carit\u00e0. Dal patrimonio delle Confraternite ai capolavori moderni e contemporanei - Cultura, Arte e Spettacolo a Torino - Oltre 120 opere che raccontano il binomio tra arte e carit\u00e0. A Busca (Cuneo), Casa Francotto ospita fino al 9 febbraio 2025 la mostra \u201cArte e carit\u00e0. Dal - Busca, Casa Francotto\" \/>\n<meta name=\"robots\" content=\"index, follow, max-snippet:-1, max-image-preview:large, max-video-preview:-1\" \/>\n<link rel=\"canonical\" href=\"http:\/\/web.quotidianopiemontese.it\/cultura-arte-e-spettacolo-a-torino\/arte-e-carita-dal-patrimonio-delle-confraternite-ai-capolavori-moderni-e-contemporanei\/\" \/>\n<meta property=\"og:locale\" content=\"it_IT\" \/>\n<meta property=\"og:type\" content=\"article\" \/>\n<meta property=\"og:title\" content=\"Arte e Carit\u00e0. Dal patrimonio delle Confraternite ai capolavori moderni e contemporanei - 7 Gennaio 2025\" \/>\n<meta property=\"og:description\" content=\"Arte e Carit\u00e0. Dal patrimonio delle Confraternite ai capolavori moderni e contemporanei - Cultura, Arte e Spettacolo a Torino - Oltre 120 opere che raccontano il binomio tra arte e carit\u00e0. A Busca (Cuneo), Casa Francotto ospita fino al 9 febbraio 2025 la mostra \u201cArte e carit\u00e0. Dal - Busca, Casa Francotto\" \/>\n<meta property=\"og:url\" content=\"http:\/\/web.quotidianopiemontese.it\/cultura-arte-e-spettacolo-a-torino\/arte-e-carita-dal-patrimonio-delle-confraternite-ai-capolavori-moderni-e-contemporanei\/\" \/>\n<meta property=\"og:site_name\" content=\"Cultura, Arte e Spettacolo a Torino\" \/>\n<meta property=\"article:publisher\" content=\"https:\/\/www.facebook.com\/quotidianopiemontese?fref=ts\" \/>\n<meta property=\"article:published_time\" content=\"2025-01-07T09:08:52+00:00\" \/>\n<meta property=\"og:image\" content=\"http:\/\/web.quotidianopiemontese.it\/cultura-arte-e-spettacolo-a-torino\/files\/2025\/01\/BASSA_PabloPICASSO_Motherandchild_1921.jpg\" \/>\n\t<meta property=\"og:image:width\" content=\"1459\" \/>\n\t<meta property=\"og:image:height\" content=\"2048\" \/>\n\t<meta property=\"og:image:type\" content=\"image\/jpeg\" \/>\n<meta name=\"author\" content=\"Emanuele Rebuffini\" \/>\n<meta name=\"twitter:label1\" content=\"Scritto da\" \/>\n\t<meta name=\"twitter:data1\" content=\"Emanuele Rebuffini\" \/>\n\t<meta name=\"twitter:label2\" content=\"Tempo di lettura stimato\" \/>\n\t<meta name=\"twitter:data2\" content=\"3 minuti\" \/>\n<script type=\"application\/ld+json\" class=\"yoast-schema-graph\">{\"@context\":\"https:\/\/schema.org\",\"@graph\":[{\"@type\":\"Article\",\"@id\":\"http:\/\/web.quotidianopiemontese.it\/cultura-arte-e-spettacolo-a-torino\/arte-e-carita-dal-patrimonio-delle-confraternite-ai-capolavori-moderni-e-contemporanei\/#article\",\"isPartOf\":{\"@id\":\"http:\/\/web.quotidianopiemontese.it\/cultura-arte-e-spettacolo-a-torino\/arte-e-carita-dal-patrimonio-delle-confraternite-ai-capolavori-moderni-e-contemporanei\/\"},\"author\":{\"name\":\"Emanuele Rebuffini\",\"@id\":\"https:\/\/web.quotidianopiemontese.it\/cultura-arte-e-spettacolo-a-torino\/#\/schema\/person\/b035109a4cc7d3e93911b78d8cebf3a0\"},\"headline\":\"Arte e Carit\u00e0. Dal patrimonio delle Confraternite ai capolavori moderni e contemporanei\",\"datePublished\":\"2025-01-07T09:08:52+00:00\",\"mainEntityOfPage\":{\"@id\":\"http:\/\/web.quotidianopiemontese.it\/cultura-arte-e-spettacolo-a-torino\/arte-e-carita-dal-patrimonio-delle-confraternite-ai-capolavori-moderni-e-contemporanei\/\"},\"wordCount\":380,\"commentCount\":0,\"image\":{\"@id\":\"http:\/\/web.quotidianopiemontese.it\/cultura-arte-e-spettacolo-a-torino\/arte-e-carita-dal-patrimonio-delle-confraternite-ai-capolavori-moderni-e-contemporanei\/#primaryimage\"},\"thumbnailUrl\":\"https:\/\/web.quotidianopiemontese.it\/cultura-arte-e-spettacolo-a-torino\/files\/2025\/01\/BASSA_PabloPICASSO_Motherandchild_1921.jpg\",\"keywords\":[\"Busca\",\"Casa Francotto\"],\"articleSection\":[\"Cultura, arte, spettacolo\"],\"inLanguage\":\"it-IT\",\"potentialAction\":[{\"@type\":\"CommentAction\",\"name\":\"Comment\",\"target\":[\"http:\/\/web.quotidianopiemontese.it\/cultura-arte-e-spettacolo-a-torino\/arte-e-carita-dal-patrimonio-delle-confraternite-ai-capolavori-moderni-e-contemporanei\/#respond\"]}]},{\"@type\":\"WebPage\",\"@id\":\"http:\/\/web.quotidianopiemontese.it\/cultura-arte-e-spettacolo-a-torino\/arte-e-carita-dal-patrimonio-delle-confraternite-ai-capolavori-moderni-e-contemporanei\/\",\"url\":\"http:\/\/web.quotidianopiemontese.it\/cultura-arte-e-spettacolo-a-torino\/arte-e-carita-dal-patrimonio-delle-confraternite-ai-capolavori-moderni-e-contemporanei\/\",\"name\":\"Arte e Carit\u00e0. Dal patrimonio delle Confraternite ai capolavori moderni e contemporanei - 7 Gennaio 2025\",\"isPartOf\":{\"@id\":\"https:\/\/web.quotidianopiemontese.it\/cultura-arte-e-spettacolo-a-torino\/#website\"},\"primaryImageOfPage\":{\"@id\":\"http:\/\/web.quotidianopiemontese.it\/cultura-arte-e-spettacolo-a-torino\/arte-e-carita-dal-patrimonio-delle-confraternite-ai-capolavori-moderni-e-contemporanei\/#primaryimage\"},\"image\":{\"@id\":\"http:\/\/web.quotidianopiemontese.it\/cultura-arte-e-spettacolo-a-torino\/arte-e-carita-dal-patrimonio-delle-confraternite-ai-capolavori-moderni-e-contemporanei\/#primaryimage\"},\"thumbnailUrl\":\"https:\/\/web.quotidianopiemontese.it\/cultura-arte-e-spettacolo-a-torino\/files\/2025\/01\/BASSA_PabloPICASSO_Motherandchild_1921.jpg\",\"datePublished\":\"2025-01-07T09:08:52+00:00\",\"author\":{\"@id\":\"https:\/\/web.quotidianopiemontese.it\/cultura-arte-e-spettacolo-a-torino\/#\/schema\/person\/b035109a4cc7d3e93911b78d8cebf3a0\"},\"description\":\"Arte e Carit\u00e0. Dal patrimonio delle Confraternite ai capolavori moderni e contemporanei - Cultura, Arte e Spettacolo a Torino - Oltre 120 opere che raccontano il binomio tra arte e carit\u00e0. A Busca (Cuneo), Casa Francotto ospita fino al 9 febbraio 2025 la mostra \u201cArte e carit\u00e0. Dal - Busca, Casa Francotto\",\"inLanguage\":\"it-IT\",\"potentialAction\":[{\"@type\":\"ReadAction\",\"target\":[\"http:\/\/web.quotidianopiemontese.it\/cultura-arte-e-spettacolo-a-torino\/arte-e-carita-dal-patrimonio-delle-confraternite-ai-capolavori-moderni-e-contemporanei\/\"]}]},{\"@type\":\"ImageObject\",\"inLanguage\":\"it-IT\",\"@id\":\"http:\/\/web.quotidianopiemontese.it\/cultura-arte-e-spettacolo-a-torino\/arte-e-carita-dal-patrimonio-delle-confraternite-ai-capolavori-moderni-e-contemporanei\/#primaryimage\",\"url\":\"https:\/\/web.quotidianopiemontese.it\/cultura-arte-e-spettacolo-a-torino\/files\/2025\/01\/BASSA_PabloPICASSO_Motherandchild_1921.jpg\",\"contentUrl\":\"https:\/\/web.quotidianopiemontese.it\/cultura-arte-e-spettacolo-a-torino\/files\/2025\/01\/BASSA_PabloPICASSO_Motherandchild_1921.jpg\",\"width\":1459,\"height\":2048},{\"@type\":\"WebSite\",\"@id\":\"https:\/\/web.quotidianopiemontese.it\/cultura-arte-e-spettacolo-a-torino\/#website\",\"url\":\"https:\/\/web.quotidianopiemontese.it\/cultura-arte-e-spettacolo-a-torino\/\",\"name\":\"Cultura, Arte e Spettacolo a Torino\",\"description\":\"Quotidiano Piemontese\",\"potentialAction\":[{\"@type\":\"SearchAction\",\"target\":{\"@type\":\"EntryPoint\",\"urlTemplate\":\"https:\/\/web.quotidianopiemontese.it\/cultura-arte-e-spettacolo-a-torino\/?s={search_term_string}\"},\"query-input\":{\"@type\":\"PropertyValueSpecification\",\"valueRequired\":true,\"valueName\":\"search_term_string\"}}],\"inLanguage\":\"it-IT\"},{\"@type\":\"Person\",\"@id\":\"https:\/\/web.quotidianopiemontese.it\/cultura-arte-e-spettacolo-a-torino\/#\/schema\/person\/b035109a4cc7d3e93911b78d8cebf3a0\",\"name\":\"Emanuele Rebuffini\",\"image\":{\"@type\":\"ImageObject\",\"inLanguage\":\"it-IT\",\"@id\":\"https:\/\/web.quotidianopiemontese.it\/cultura-arte-e-spettacolo-a-torino\/#\/schema\/person\/image\/\",\"url\":\"https:\/\/secure.gravatar.com\/avatar\/519a0a38be4cbbcf40fb5bc1b1173a85af291a3a8697df454a94ad7e05574628?s=96&d=mm&r=g\",\"contentUrl\":\"https:\/\/secure.gravatar.com\/avatar\/519a0a38be4cbbcf40fb5bc1b1173a85af291a3a8697df454a94ad7e05574628?s=96&d=mm&r=g\",\"caption\":\"Emanuele Rebuffini\"},\"sameAs\":[\"http:\/\/www.quotidianopiemontese.it\/cultura-arte-e-spettacolo-a-torino\/\"],\"url\":\"https:\/\/web.quotidianopiemontese.it\/cultura-arte-e-spettacolo-a-torino\/author\/emanuelerebuffini\/\"}]}<\/script>\n<!-- \/ Yoast SEO plugin. -->","yoast_head_json":{"title":"Arte e Carit\u00e0. Dal patrimonio delle Confraternite ai capolavori moderni e contemporanei - 7 Gennaio 2025","description":"Arte e Carit\u00e0. Dal patrimonio delle Confraternite ai capolavori moderni e contemporanei - Cultura, Arte e Spettacolo a Torino - Oltre 120 opere che raccontano il binomio tra arte e carit\u00e0. A Busca (Cuneo), Casa Francotto ospita fino al 9 febbraio 2025 la mostra \u201cArte e carit\u00e0. Dal - Busca, Casa Francotto","robots":{"index":"index","follow":"follow","max-snippet":"max-snippet:-1","max-image-preview":"max-image-preview:large","max-video-preview":"max-video-preview:-1"},"canonical":"http:\/\/web.quotidianopiemontese.it\/cultura-arte-e-spettacolo-a-torino\/arte-e-carita-dal-patrimonio-delle-confraternite-ai-capolavori-moderni-e-contemporanei\/","og_locale":"it_IT","og_type":"article","og_title":"Arte e Carit\u00e0. Dal patrimonio delle Confraternite ai capolavori moderni e contemporanei - 7 Gennaio 2025","og_description":"Arte e Carit\u00e0. Dal patrimonio delle Confraternite ai capolavori moderni e contemporanei - Cultura, Arte e Spettacolo a Torino - Oltre 120 opere che raccontano il binomio tra arte e carit\u00e0. A Busca (Cuneo), Casa Francotto ospita fino al 9 febbraio 2025 la mostra \u201cArte e carit\u00e0. Dal - Busca, Casa Francotto","og_url":"http:\/\/web.quotidianopiemontese.it\/cultura-arte-e-spettacolo-a-torino\/arte-e-carita-dal-patrimonio-delle-confraternite-ai-capolavori-moderni-e-contemporanei\/","og_site_name":"Cultura, Arte e Spettacolo a Torino","article_publisher":"https:\/\/www.facebook.com\/quotidianopiemontese?fref=ts","article_published_time":"2025-01-07T09:08:52+00:00","og_image":[{"width":1459,"height":2048,"url":"http:\/\/web.quotidianopiemontese.it\/cultura-arte-e-spettacolo-a-torino\/files\/2025\/01\/BASSA_PabloPICASSO_Motherandchild_1921.jpg","type":"image\/jpeg"}],"author":"Emanuele Rebuffini","twitter_misc":{"Scritto da":"Emanuele Rebuffini","Tempo di lettura stimato":"3 minuti"},"schema":{"@context":"https:\/\/schema.org","@graph":[{"@type":"Article","@id":"http:\/\/web.quotidianopiemontese.it\/cultura-arte-e-spettacolo-a-torino\/arte-e-carita-dal-patrimonio-delle-confraternite-ai-capolavori-moderni-e-contemporanei\/#article","isPartOf":{"@id":"http:\/\/web.quotidianopiemontese.it\/cultura-arte-e-spettacolo-a-torino\/arte-e-carita-dal-patrimonio-delle-confraternite-ai-capolavori-moderni-e-contemporanei\/"},"author":{"name":"Emanuele Rebuffini","@id":"https:\/\/web.quotidianopiemontese.it\/cultura-arte-e-spettacolo-a-torino\/#\/schema\/person\/b035109a4cc7d3e93911b78d8cebf3a0"},"headline":"Arte e Carit\u00e0. Dal patrimonio delle Confraternite ai capolavori moderni e contemporanei","datePublished":"2025-01-07T09:08:52+00:00","mainEntityOfPage":{"@id":"http:\/\/web.quotidianopiemontese.it\/cultura-arte-e-spettacolo-a-torino\/arte-e-carita-dal-patrimonio-delle-confraternite-ai-capolavori-moderni-e-contemporanei\/"},"wordCount":380,"commentCount":0,"image":{"@id":"http:\/\/web.quotidianopiemontese.it\/cultura-arte-e-spettacolo-a-torino\/arte-e-carita-dal-patrimonio-delle-confraternite-ai-capolavori-moderni-e-contemporanei\/#primaryimage"},"thumbnailUrl":"https:\/\/web.quotidianopiemontese.it\/cultura-arte-e-spettacolo-a-torino\/files\/2025\/01\/BASSA_PabloPICASSO_Motherandchild_1921.jpg","keywords":["Busca","Casa Francotto"],"articleSection":["Cultura, arte, spettacolo"],"inLanguage":"it-IT","potentialAction":[{"@type":"CommentAction","name":"Comment","target":["http:\/\/web.quotidianopiemontese.it\/cultura-arte-e-spettacolo-a-torino\/arte-e-carita-dal-patrimonio-delle-confraternite-ai-capolavori-moderni-e-contemporanei\/#respond"]}]},{"@type":"WebPage","@id":"http:\/\/web.quotidianopiemontese.it\/cultura-arte-e-spettacolo-a-torino\/arte-e-carita-dal-patrimonio-delle-confraternite-ai-capolavori-moderni-e-contemporanei\/","url":"http:\/\/web.quotidianopiemontese.it\/cultura-arte-e-spettacolo-a-torino\/arte-e-carita-dal-patrimonio-delle-confraternite-ai-capolavori-moderni-e-contemporanei\/","name":"Arte e Carit\u00e0. Dal patrimonio delle Confraternite ai capolavori moderni e contemporanei - 7 Gennaio 2025","isPartOf":{"@id":"https:\/\/web.quotidianopiemontese.it\/cultura-arte-e-spettacolo-a-torino\/#website"},"primaryImageOfPage":{"@id":"http:\/\/web.quotidianopiemontese.it\/cultura-arte-e-spettacolo-a-torino\/arte-e-carita-dal-patrimonio-delle-confraternite-ai-capolavori-moderni-e-contemporanei\/#primaryimage"},"image":{"@id":"http:\/\/web.quotidianopiemontese.it\/cultura-arte-e-spettacolo-a-torino\/arte-e-carita-dal-patrimonio-delle-confraternite-ai-capolavori-moderni-e-contemporanei\/#primaryimage"},"thumbnailUrl":"https:\/\/web.quotidianopiemontese.it\/cultura-arte-e-spettacolo-a-torino\/files\/2025\/01\/BASSA_PabloPICASSO_Motherandchild_1921.jpg","datePublished":"2025-01-07T09:08:52+00:00","author":{"@id":"https:\/\/web.quotidianopiemontese.it\/cultura-arte-e-spettacolo-a-torino\/#\/schema\/person\/b035109a4cc7d3e93911b78d8cebf3a0"},"description":"Arte e Carit\u00e0. Dal patrimonio delle Confraternite ai capolavori moderni e contemporanei - Cultura, Arte e Spettacolo a Torino - Oltre 120 opere che raccontano il binomio tra arte e carit\u00e0. A Busca (Cuneo), Casa Francotto ospita fino al 9 febbraio 2025 la mostra \u201cArte e carit\u00e0. Dal - Busca, Casa Francotto","inLanguage":"it-IT","potentialAction":[{"@type":"ReadAction","target":["http:\/\/web.quotidianopiemontese.it\/cultura-arte-e-spettacolo-a-torino\/arte-e-carita-dal-patrimonio-delle-confraternite-ai-capolavori-moderni-e-contemporanei\/"]}]},{"@type":"ImageObject","inLanguage":"it-IT","@id":"http:\/\/web.quotidianopiemontese.it\/cultura-arte-e-spettacolo-a-torino\/arte-e-carita-dal-patrimonio-delle-confraternite-ai-capolavori-moderni-e-contemporanei\/#primaryimage","url":"https:\/\/web.quotidianopiemontese.it\/cultura-arte-e-spettacolo-a-torino\/files\/2025\/01\/BASSA_PabloPICASSO_Motherandchild_1921.jpg","contentUrl":"https:\/\/web.quotidianopiemontese.it\/cultura-arte-e-spettacolo-a-torino\/files\/2025\/01\/BASSA_PabloPICASSO_Motherandchild_1921.jpg","width":1459,"height":2048},{"@type":"WebSite","@id":"https:\/\/web.quotidianopiemontese.it\/cultura-arte-e-spettacolo-a-torino\/#website","url":"https:\/\/web.quotidianopiemontese.it\/cultura-arte-e-spettacolo-a-torino\/","name":"Cultura, Arte e Spettacolo a Torino","description":"Quotidiano Piemontese","potentialAction":[{"@type":"SearchAction","target":{"@type":"EntryPoint","urlTemplate":"https:\/\/web.quotidianopiemontese.it\/cultura-arte-e-spettacolo-a-torino\/?s={search_term_string}"},"query-input":{"@type":"PropertyValueSpecification","valueRequired":true,"valueName":"search_term_string"}}],"inLanguage":"it-IT"},{"@type":"Person","@id":"https:\/\/web.quotidianopiemontese.it\/cultura-arte-e-spettacolo-a-torino\/#\/schema\/person\/b035109a4cc7d3e93911b78d8cebf3a0","name":"Emanuele Rebuffini","image":{"@type":"ImageObject","inLanguage":"it-IT","@id":"https:\/\/web.quotidianopiemontese.it\/cultura-arte-e-spettacolo-a-torino\/#\/schema\/person\/image\/","url":"https:\/\/secure.gravatar.com\/avatar\/519a0a38be4cbbcf40fb5bc1b1173a85af291a3a8697df454a94ad7e05574628?s=96&d=mm&r=g","contentUrl":"https:\/\/secure.gravatar.com\/avatar\/519a0a38be4cbbcf40fb5bc1b1173a85af291a3a8697df454a94ad7e05574628?s=96&d=mm&r=g","caption":"Emanuele Rebuffini"},"sameAs":["http:\/\/www.quotidianopiemontese.it\/cultura-arte-e-spettacolo-a-torino\/"],"url":"https:\/\/web.quotidianopiemontese.it\/cultura-arte-e-spettacolo-a-torino\/author\/emanuelerebuffini\/"}]}},"_links":{"self":[{"href":"https:\/\/web.quotidianopiemontese.it\/cultura-arte-e-spettacolo-a-torino\/wp-json\/wp\/v2\/posts\/1469","targetHints":{"allow":["GET"]}}],"collection":[{"href":"https:\/\/web.quotidianopiemontese.it\/cultura-arte-e-spettacolo-a-torino\/wp-json\/wp\/v2\/posts"}],"about":[{"href":"https:\/\/web.quotidianopiemontese.it\/cultura-arte-e-spettacolo-a-torino\/wp-json\/wp\/v2\/types\/post"}],"author":[{"embeddable":true,"href":"https:\/\/web.quotidianopiemontese.it\/cultura-arte-e-spettacolo-a-torino\/wp-json\/wp\/v2\/users\/1361"}],"replies":[{"embeddable":true,"href":"https:\/\/web.quotidianopiemontese.it\/cultura-arte-e-spettacolo-a-torino\/wp-json\/wp\/v2\/comments?post=1469"}],"version-history":[{"count":1,"href":"https:\/\/web.quotidianopiemontese.it\/cultura-arte-e-spettacolo-a-torino\/wp-json\/wp\/v2\/posts\/1469\/revisions"}],"predecessor-version":[{"id":1475,"href":"https:\/\/web.quotidianopiemontese.it\/cultura-arte-e-spettacolo-a-torino\/wp-json\/wp\/v2\/posts\/1469\/revisions\/1475"}],"wp:featuredmedia":[{"embeddable":true,"href":"https:\/\/web.quotidianopiemontese.it\/cultura-arte-e-spettacolo-a-torino\/wp-json\/wp\/v2\/media\/1470"}],"wp:attachment":[{"href":"https:\/\/web.quotidianopiemontese.it\/cultura-arte-e-spettacolo-a-torino\/wp-json\/wp\/v2\/media?parent=1469"}],"wp:term":[{"taxonomy":"category","embeddable":true,"href":"https:\/\/web.quotidianopiemontese.it\/cultura-arte-e-spettacolo-a-torino\/wp-json\/wp\/v2\/categories?post=1469"},{"taxonomy":"post_tag","embeddable":true,"href":"https:\/\/web.quotidianopiemontese.it\/cultura-arte-e-spettacolo-a-torino\/wp-json\/wp\/v2\/tags?post=1469"}],"curies":[{"name":"wp","href":"https:\/\/api.w.org\/{rel}","templated":true}]}}