{"id":1430,"date":"2024-11-25T11:40:49","date_gmt":"2024-11-25T10:40:49","guid":{"rendered":"https:\/\/web.quotidianopiemontese.it\/cultura-arte-e-spettacolo-a-torino\/?p=1430"},"modified":"2024-11-25T11:40:49","modified_gmt":"2024-11-25T10:40:49","slug":"dalla-reggia-di-venaria-alla-mandria-a-spasso-tra-natura-e-storia","status":"publish","type":"post","link":"https:\/\/web.quotidianopiemontese.it\/cultura-arte-e-spettacolo-a-torino\/dalla-reggia-di-venaria-alla-mandria-a-spasso-tra-natura-e-storia\/","title":{"rendered":"Dalla Reggia di Venaria alla Mandria: a spasso tra natura e storia"},"content":{"rendered":"<p>A passo lento e libero tra natura, arte e storia, scoprendo il territorio lungo \u201cLa Via dei Re\u201d ognuno seguendo i propri ritmi e senza fretta, tra scorci indimenticabili e paesaggi sorprendenti immersi nei colori autunnali.<!--more--> <strong>Domenica 1 dicembre<\/strong> torna l\u2019ormai tradizionale \u00ab<strong>Mandrialooonga<\/strong>\u00bb, gran finale della seconda edizione delle \u00ab<strong>Camminate Reali<\/strong>\u00bb, quattro passeggiate non competitive con protagoniste le residenze reali sabaude. Un progetto iniziato a marzo con la Palazzina di Caccia di Stupinigi, quindi il castello di Agli\u00e8 e l\u2019affascinante e poco conosciuta dimora di Valcasotto tra i boschi di Garessio, per chiudersi ora con l\u2019itinerario che interesser\u00e0 il Parco della Mandria e la Reggia di Venaria.<\/p>\n<p><a href=\"http:\/\/web.quotidianopiemontese.it\/cultura-arte-e-spettacolo-a-torino\/files\/2024\/11\/Mandraolonga2.jpeg\"><img loading=\"lazy\" decoding=\"async\" class=\"alignnone size-medium wp-image-1434\" src=\"http:\/\/web.quotidianopiemontese.it\/cultura-arte-e-spettacolo-a-torino\/files\/2024\/11\/Mandraolonga2-300x200.jpeg\" alt=\"\" width=\"300\" height=\"200\" srcset=\"https:\/\/web.quotidianopiemontese.it\/cultura-arte-e-spettacolo-a-torino\/files\/2024\/11\/Mandraolonga2-300x200.jpeg 300w, https:\/\/web.quotidianopiemontese.it\/cultura-arte-e-spettacolo-a-torino\/files\/2024\/11\/Mandraolonga2-1024x682.jpeg 1024w, https:\/\/web.quotidianopiemontese.it\/cultura-arte-e-spettacolo-a-torino\/files\/2024\/11\/Mandraolonga2-768x512.jpeg 768w, https:\/\/web.quotidianopiemontese.it\/cultura-arte-e-spettacolo-a-torino\/files\/2024\/11\/Mandraolonga2-1536x1023.jpeg 1536w, https:\/\/web.quotidianopiemontese.it\/cultura-arte-e-spettacolo-a-torino\/files\/2024\/11\/Mandraolonga2-1200x800.jpeg 1200w, https:\/\/web.quotidianopiemontese.it\/cultura-arte-e-spettacolo-a-torino\/files\/2024\/11\/Mandraolonga2.jpeg 1600w\" sizes=\"auto, (max-width: 300px) 85vw, 300px\" \/><\/a><\/p>\n<p>La \u00ab<strong>Mandrialooonga<\/strong>\u00bb prevede due percorsi a scelta ad anello e di diversa lunghezza, che partono alle 8.30 e si concludono nella magnificenza dei Giardini della Reggia, attraversando quella che fu la riserva di caccia dei Savoia e ora il pi\u00f9 grande parco cintato d\u2019Europa: il primo di <strong>26 km<\/strong>, che dalla Reggia arriva all\u2019eclettico padiglione della Bizzarria e attraversa l\u2019ex pista di collaudo Fiat, il secondo di <strong>12 km<\/strong> ed una variante dedicata a chi verr\u00e0 in compagnia degli amici a quattro zampe (che non possono accedere in Mandria). L\u2019iscrizione \u00e8 di 25 euro, comprensiva di ristori di tappa, kit del viandante con maglietta e pranzo finale negli imponenti spazi della Citroniera.<\/p>\n<p><a href=\"http:\/\/web.quotidianopiemontese.it\/cultura-arte-e-spettacolo-a-torino\/files\/2024\/11\/DSC05581.jpg\"><img loading=\"lazy\" decoding=\"async\" class=\"alignnone size-medium wp-image-1437\" src=\"http:\/\/web.quotidianopiemontese.it\/cultura-arte-e-spettacolo-a-torino\/files\/2024\/11\/DSC05581-300x212.jpg\" alt=\"\" width=\"300\" height=\"212\" srcset=\"https:\/\/web.quotidianopiemontese.it\/cultura-arte-e-spettacolo-a-torino\/files\/2024\/11\/DSC05581-300x212.jpg 300w, https:\/\/web.quotidianopiemontese.it\/cultura-arte-e-spettacolo-a-torino\/files\/2024\/11\/DSC05581-1024x724.jpg 1024w, https:\/\/web.quotidianopiemontese.it\/cultura-arte-e-spettacolo-a-torino\/files\/2024\/11\/DSC05581-768x543.jpg 768w, https:\/\/web.quotidianopiemontese.it\/cultura-arte-e-spettacolo-a-torino\/files\/2024\/11\/DSC05581-1536x1086.jpg 1536w, https:\/\/web.quotidianopiemontese.it\/cultura-arte-e-spettacolo-a-torino\/files\/2024\/11\/DSC05581-1200x848.jpg 1200w, https:\/\/web.quotidianopiemontese.it\/cultura-arte-e-spettacolo-a-torino\/files\/2024\/11\/DSC05581.jpg 1600w\" sizes=\"auto, (max-width: 300px) 85vw, 300px\" \/><\/a><\/p>\n<p>Organizzate dal Consorzio delle Residenze Reali Sabaude, in collaborazione con l\u2019Ente di Gestione delle aree protette dei Parchi Reali e i Comuni coinvolti, con il sostegno della Compagnia di San Paolo, le \u00ab<strong>Camminate Reali<\/strong>\u00bb prendono spunto dal libro-racconto di Enrico Brizzi <em>\u201c<\/em><em>La Via dei Re<\/em><em>\u201d, <\/em>commissionato dal Consorzio delle Residenze Reali Sabaude e finalizzato alla realizzazione di un cammino strutturato e permanente che unisca i 16 siti reali del Piemonte, in quanto \u00abL\u2019amore pi\u00f9 grande che si pu\u00f2 compiere per una terra \u00e8 quella di solcarla con rispetto a piedi\u00bb.<\/p>\n<p><a href=\"http:\/\/web.quotidianopiemontese.it\/cultura-arte-e-spettacolo-a-torino\/files\/2024\/11\/79174761-759f-4cbb-a678-1a49fa4a3060.jpeg\"><img loading=\"lazy\" decoding=\"async\" class=\"alignnone size-medium wp-image-1440\" src=\"http:\/\/web.quotidianopiemontese.it\/cultura-arte-e-spettacolo-a-torino\/files\/2024\/11\/79174761-759f-4cbb-a678-1a49fa4a3060-300x200.jpeg\" alt=\"\" width=\"300\" height=\"200\" srcset=\"https:\/\/web.quotidianopiemontese.it\/cultura-arte-e-spettacolo-a-torino\/files\/2024\/11\/79174761-759f-4cbb-a678-1a49fa4a3060-300x200.jpeg 300w, https:\/\/web.quotidianopiemontese.it\/cultura-arte-e-spettacolo-a-torino\/files\/2024\/11\/79174761-759f-4cbb-a678-1a49fa4a3060-1024x682.jpeg 1024w, https:\/\/web.quotidianopiemontese.it\/cultura-arte-e-spettacolo-a-torino\/files\/2024\/11\/79174761-759f-4cbb-a678-1a49fa4a3060-768x512.jpeg 768w, https:\/\/web.quotidianopiemontese.it\/cultura-arte-e-spettacolo-a-torino\/files\/2024\/11\/79174761-759f-4cbb-a678-1a49fa4a3060-1536x1023.jpeg 1536w, https:\/\/web.quotidianopiemontese.it\/cultura-arte-e-spettacolo-a-torino\/files\/2024\/11\/79174761-759f-4cbb-a678-1a49fa4a3060-1200x800.jpeg 1200w, https:\/\/web.quotidianopiemontese.it\/cultura-arte-e-spettacolo-a-torino\/files\/2024\/11\/79174761-759f-4cbb-a678-1a49fa4a3060.jpeg 1600w\" sizes=\"auto, (max-width: 300px) 85vw, 300px\" \/><\/a><\/p>\n<p>Tra i partecipanti \u00ab<strong>Mandrialooonga<\/strong>\u00bb ci sar\u00e0 anche la direttrice del Consorzio <strong>Chiara Teolato: <\/strong>\u00abSono una fautrice dei \u201ccammini\u201d, un modo diverso di godere e scoprire i territori, attirando anche pubblici diversificati, che dimostrano di apprezzare; infatti, quest\u2019anno abbiamo gi\u00e0 superato i 4mila partecipanti. Il turismo lento consente di valorizzare il contesto paesaggistico nel quale sono incastonate le diverse residenze, che non sono beni isolati ma un hub del territorio\u00bb.<\/p>\n<p><a href=\"http:\/\/web.quotidianopiemontese.it\/cultura-arte-e-spettacolo-a-torino\/files\/2024\/11\/RV_ChiaraTeolato-021-XL.jpg\"><img loading=\"lazy\" decoding=\"async\" class=\"alignnone size-medium wp-image-1438\" src=\"http:\/\/web.quotidianopiemontese.it\/cultura-arte-e-spettacolo-a-torino\/files\/2024\/11\/RV_ChiaraTeolato-021-XL-300x200.jpg\" alt=\"\" width=\"300\" height=\"200\" srcset=\"https:\/\/web.quotidianopiemontese.it\/cultura-arte-e-spettacolo-a-torino\/files\/2024\/11\/RV_ChiaraTeolato-021-XL-300x200.jpg 300w, https:\/\/web.quotidianopiemontese.it\/cultura-arte-e-spettacolo-a-torino\/files\/2024\/11\/RV_ChiaraTeolato-021-XL-768x512.jpg 768w, https:\/\/web.quotidianopiemontese.it\/cultura-arte-e-spettacolo-a-torino\/files\/2024\/11\/RV_ChiaraTeolato-021-XL.jpg 1024w\" sizes=\"auto, (max-width: 300px) 85vw, 300px\" \/><\/a><\/p>\n<p><strong>Luigi Chiappero<\/strong>, presidente dell\u2019Ente Parchi Reali, ricorda come la <strong>Mandrialooonga<\/strong> sia stata sin dal 2019 l\u2019antesignana delle Camminate Reali, \u00abpensate per unire natura, cultura e sport nell\u2019ambito di un progetto pi\u00f9 ambizioso, ovvero \u201clegare\u201d le regge in un unico cammino che possa avere rilievo nazionale ed internazionale\u00bb.<\/p>\n<p><a href=\"http:\/\/web.quotidianopiemontese.it\/cultura-arte-e-spettacolo-a-torino\/files\/2024\/11\/fee074a4-1f71-4d5f-89ed-8e0e0a67acf5.jpeg\"><img loading=\"lazy\" decoding=\"async\" class=\"alignnone size-medium wp-image-1439\" src=\"http:\/\/web.quotidianopiemontese.it\/cultura-arte-e-spettacolo-a-torino\/files\/2024\/11\/fee074a4-1f71-4d5f-89ed-8e0e0a67acf5-198x300.jpeg\" alt=\"\" width=\"198\" height=\"300\" srcset=\"https:\/\/web.quotidianopiemontese.it\/cultura-arte-e-spettacolo-a-torino\/files\/2024\/11\/fee074a4-1f71-4d5f-89ed-8e0e0a67acf5-198x300.jpeg 198w, https:\/\/web.quotidianopiemontese.it\/cultura-arte-e-spettacolo-a-torino\/files\/2024\/11\/fee074a4-1f71-4d5f-89ed-8e0e0a67acf5-676x1024.jpeg 676w, https:\/\/web.quotidianopiemontese.it\/cultura-arte-e-spettacolo-a-torino\/files\/2024\/11\/fee074a4-1f71-4d5f-89ed-8e0e0a67acf5-768x1164.jpeg 768w, https:\/\/web.quotidianopiemontese.it\/cultura-arte-e-spettacolo-a-torino\/files\/2024\/11\/fee074a4-1f71-4d5f-89ed-8e0e0a67acf5.jpeg 921w\" sizes=\"auto, (max-width: 198px) 85vw, 198px\" \/><\/a><\/p>\n<p>Tutte le info su <strong><a href=\"http:\/\/www.camminatereali.it\">www.camminatereali.it<\/a><\/strong><\/p>\n<p><strong>Emanuele Rebuffini<\/strong><\/p>\n<p>&nbsp;<\/p>\n","protected":false},"excerpt":{"rendered":"<p>A passo lento e libero tra natura, arte e storia, scoprendo il territorio lungo \u201cLa Via dei Re\u201d ognuno seguendo i propri ritmi e senza fretta, tra scorci indimenticabili e paesaggi sorprendenti immersi nei colori autunnali.<\/p>\n","protected":false},"author":1361,"featured_media":1431,"comment_status":"open","ping_status":"open","sticky":false,"template":"","format":"standard","meta":{"footnotes":""},"categories":[1],"tags":[258,257,167],"class_list":["post-1430","post","type-post","status-publish","format-standard","has-post-thumbnail","hentry","category-cultura-arte-spettacolo","tag-camminate-reali","tag-mandrialooonga","tag-reggia-di-venaria-reale"],"yoast_head":"<!-- This site is optimized with the Yoast SEO plugin v27.1.1 - https:\/\/yoast.com\/product\/yoast-seo-wordpress\/ -->\n<title>Dalla Reggia di Venaria alla Mandria: a spasso tra natura e storia - 25 Novembre 2024<\/title>\n<meta name=\"description\" content=\"Dalla Reggia di Venaria alla Mandria: a spasso tra natura e storia - Cultura, Arte e Spettacolo a Torino - A passo lento e libero tra natura, arte e storia, scoprendo il territorio lungo \u201cLa Via dei Re\u201d ognuno seguendo i propri ritmi e senza fretta, tra scorci - Camminate Reali, Mandrialooonga, Reggia di Venaria Reale\" \/>\n<meta name=\"robots\" content=\"index, follow, max-snippet:-1, max-image-preview:large, max-video-preview:-1\" \/>\n<link rel=\"canonical\" href=\"https:\/\/web.quotidianopiemontese.it\/cultura-arte-e-spettacolo-a-torino\/dalla-reggia-di-venaria-alla-mandria-a-spasso-tra-natura-e-storia\/\" \/>\n<meta property=\"og:locale\" content=\"it_IT\" \/>\n<meta property=\"og:type\" content=\"article\" \/>\n<meta property=\"og:title\" content=\"Dalla Reggia di Venaria alla Mandria: a spasso tra natura e storia - 25 Novembre 2024\" \/>\n<meta property=\"og:description\" content=\"Dalla Reggia di Venaria alla Mandria: a spasso tra natura e storia - Cultura, Arte e Spettacolo a Torino - A passo lento e libero tra natura, arte e storia, scoprendo il territorio lungo \u201cLa Via dei Re\u201d ognuno seguendo i propri ritmi e senza fretta, tra scorci - Camminate Reali, Mandrialooonga, Reggia di Venaria Reale\" \/>\n<meta property=\"og:url\" content=\"https:\/\/web.quotidianopiemontese.it\/cultura-arte-e-spettacolo-a-torino\/dalla-reggia-di-venaria-alla-mandria-a-spasso-tra-natura-e-storia\/\" \/>\n<meta property=\"og:site_name\" content=\"Cultura, Arte e Spettacolo a Torino\" \/>\n<meta property=\"article:publisher\" content=\"https:\/\/www.facebook.com\/quotidianopiemontese?fref=ts\" \/>\n<meta property=\"article:published_time\" content=\"2024-11-25T10:40:49+00:00\" \/>\n<meta property=\"og:image\" content=\"https:\/\/web.quotidianopiemontese.it\/cultura-arte-e-spettacolo-a-torino\/files\/2024\/11\/mandrialonga1.jpeg\" \/>\n\t<meta property=\"og:image:width\" content=\"1600\" \/>\n\t<meta property=\"og:image:height\" content=\"1069\" \/>\n\t<meta property=\"og:image:type\" content=\"image\/jpeg\" \/>\n<meta name=\"author\" content=\"Emanuele Rebuffini\" \/>\n<meta name=\"twitter:label1\" content=\"Scritto da\" \/>\n\t<meta name=\"twitter:data1\" content=\"Emanuele Rebuffini\" \/>\n\t<meta name=\"twitter:label2\" content=\"Tempo di lettura stimato\" \/>\n\t<meta name=\"twitter:data2\" content=\"4 minuti\" \/>\n<script type=\"application\/ld+json\" class=\"yoast-schema-graph\">{\"@context\":\"https:\/\/schema.org\",\"@graph\":[{\"@type\":\"Article\",\"@id\":\"https:\/\/web.quotidianopiemontese.it\/cultura-arte-e-spettacolo-a-torino\/dalla-reggia-di-venaria-alla-mandria-a-spasso-tra-natura-e-storia\/#article\",\"isPartOf\":{\"@id\":\"https:\/\/web.quotidianopiemontese.it\/cultura-arte-e-spettacolo-a-torino\/dalla-reggia-di-venaria-alla-mandria-a-spasso-tra-natura-e-storia\/\"},\"author\":{\"name\":\"Emanuele Rebuffini\",\"@id\":\"https:\/\/web.quotidianopiemontese.it\/cultura-arte-e-spettacolo-a-torino\/#\/schema\/person\/b035109a4cc7d3e93911b78d8cebf3a0\"},\"headline\":\"Dalla Reggia di Venaria alla Mandria: a spasso tra natura e storia\",\"datePublished\":\"2024-11-25T10:40:49+00:00\",\"mainEntityOfPage\":{\"@id\":\"https:\/\/web.quotidianopiemontese.it\/cultura-arte-e-spettacolo-a-torino\/dalla-reggia-di-venaria-alla-mandria-a-spasso-tra-natura-e-storia\/\"},\"wordCount\":451,\"commentCount\":0,\"image\":{\"@id\":\"https:\/\/web.quotidianopiemontese.it\/cultura-arte-e-spettacolo-a-torino\/dalla-reggia-di-venaria-alla-mandria-a-spasso-tra-natura-e-storia\/#primaryimage\"},\"thumbnailUrl\":\"https:\/\/web.quotidianopiemontese.it\/cultura-arte-e-spettacolo-a-torino\/files\/2024\/11\/mandrialonga1.jpeg\",\"keywords\":[\"Camminate Reali\",\"Mandrialooonga\",\"Reggia di Venaria Reale\"],\"articleSection\":[\"Cultura, arte, spettacolo\"],\"inLanguage\":\"it-IT\",\"potentialAction\":[{\"@type\":\"CommentAction\",\"name\":\"Comment\",\"target\":[\"https:\/\/web.quotidianopiemontese.it\/cultura-arte-e-spettacolo-a-torino\/dalla-reggia-di-venaria-alla-mandria-a-spasso-tra-natura-e-storia\/#respond\"]}]},{\"@type\":\"WebPage\",\"@id\":\"https:\/\/web.quotidianopiemontese.it\/cultura-arte-e-spettacolo-a-torino\/dalla-reggia-di-venaria-alla-mandria-a-spasso-tra-natura-e-storia\/\",\"url\":\"https:\/\/web.quotidianopiemontese.it\/cultura-arte-e-spettacolo-a-torino\/dalla-reggia-di-venaria-alla-mandria-a-spasso-tra-natura-e-storia\/\",\"name\":\"Dalla Reggia di Venaria alla Mandria: a spasso tra natura e storia - 25 Novembre 2024\",\"isPartOf\":{\"@id\":\"https:\/\/web.quotidianopiemontese.it\/cultura-arte-e-spettacolo-a-torino\/#website\"},\"primaryImageOfPage\":{\"@id\":\"https:\/\/web.quotidianopiemontese.it\/cultura-arte-e-spettacolo-a-torino\/dalla-reggia-di-venaria-alla-mandria-a-spasso-tra-natura-e-storia\/#primaryimage\"},\"image\":{\"@id\":\"https:\/\/web.quotidianopiemontese.it\/cultura-arte-e-spettacolo-a-torino\/dalla-reggia-di-venaria-alla-mandria-a-spasso-tra-natura-e-storia\/#primaryimage\"},\"thumbnailUrl\":\"https:\/\/web.quotidianopiemontese.it\/cultura-arte-e-spettacolo-a-torino\/files\/2024\/11\/mandrialonga1.jpeg\",\"datePublished\":\"2024-11-25T10:40:49+00:00\",\"author\":{\"@id\":\"https:\/\/web.quotidianopiemontese.it\/cultura-arte-e-spettacolo-a-torino\/#\/schema\/person\/b035109a4cc7d3e93911b78d8cebf3a0\"},\"description\":\"Dalla Reggia di Venaria alla Mandria: a spasso tra natura e storia - Cultura, Arte e Spettacolo a Torino - A passo lento e libero tra natura, arte e storia, scoprendo il territorio lungo \u201cLa Via dei Re\u201d ognuno seguendo i propri ritmi e senza fretta, tra scorci - Camminate Reali, Mandrialooonga, Reggia di Venaria Reale\",\"inLanguage\":\"it-IT\",\"potentialAction\":[{\"@type\":\"ReadAction\",\"target\":[\"https:\/\/web.quotidianopiemontese.it\/cultura-arte-e-spettacolo-a-torino\/dalla-reggia-di-venaria-alla-mandria-a-spasso-tra-natura-e-storia\/\"]}]},{\"@type\":\"ImageObject\",\"inLanguage\":\"it-IT\",\"@id\":\"https:\/\/web.quotidianopiemontese.it\/cultura-arte-e-spettacolo-a-torino\/dalla-reggia-di-venaria-alla-mandria-a-spasso-tra-natura-e-storia\/#primaryimage\",\"url\":\"https:\/\/web.quotidianopiemontese.it\/cultura-arte-e-spettacolo-a-torino\/files\/2024\/11\/mandrialonga1.jpeg\",\"contentUrl\":\"https:\/\/web.quotidianopiemontese.it\/cultura-arte-e-spettacolo-a-torino\/files\/2024\/11\/mandrialonga1.jpeg\",\"width\":1600,\"height\":1069},{\"@type\":\"WebSite\",\"@id\":\"https:\/\/web.quotidianopiemontese.it\/cultura-arte-e-spettacolo-a-torino\/#website\",\"url\":\"https:\/\/web.quotidianopiemontese.it\/cultura-arte-e-spettacolo-a-torino\/\",\"name\":\"Cultura, Arte e Spettacolo a Torino\",\"description\":\"Quotidiano Piemontese\",\"potentialAction\":[{\"@type\":\"SearchAction\",\"target\":{\"@type\":\"EntryPoint\",\"urlTemplate\":\"https:\/\/web.quotidianopiemontese.it\/cultura-arte-e-spettacolo-a-torino\/?s={search_term_string}\"},\"query-input\":{\"@type\":\"PropertyValueSpecification\",\"valueRequired\":true,\"valueName\":\"search_term_string\"}}],\"inLanguage\":\"it-IT\"},{\"@type\":\"Person\",\"@id\":\"https:\/\/web.quotidianopiemontese.it\/cultura-arte-e-spettacolo-a-torino\/#\/schema\/person\/b035109a4cc7d3e93911b78d8cebf3a0\",\"name\":\"Emanuele Rebuffini\",\"image\":{\"@type\":\"ImageObject\",\"inLanguage\":\"it-IT\",\"@id\":\"https:\/\/web.quotidianopiemontese.it\/cultura-arte-e-spettacolo-a-torino\/#\/schema\/person\/image\/\",\"url\":\"https:\/\/secure.gravatar.com\/avatar\/519a0a38be4cbbcf40fb5bc1b1173a85af291a3a8697df454a94ad7e05574628?s=96&d=mm&r=g\",\"contentUrl\":\"https:\/\/secure.gravatar.com\/avatar\/519a0a38be4cbbcf40fb5bc1b1173a85af291a3a8697df454a94ad7e05574628?s=96&d=mm&r=g\",\"caption\":\"Emanuele Rebuffini\"},\"sameAs\":[\"http:\/\/www.quotidianopiemontese.it\/cultura-arte-e-spettacolo-a-torino\/\"],\"url\":\"https:\/\/web.quotidianopiemontese.it\/cultura-arte-e-spettacolo-a-torino\/author\/emanuelerebuffini\/\"}]}<\/script>\n<!-- \/ Yoast SEO plugin. -->","yoast_head_json":{"title":"Dalla Reggia di Venaria alla Mandria: a spasso tra natura e storia - 25 Novembre 2024","description":"Dalla Reggia di Venaria alla Mandria: a spasso tra natura e storia - Cultura, Arte e Spettacolo a Torino - A passo lento e libero tra natura, arte e storia, scoprendo il territorio lungo \u201cLa Via dei Re\u201d ognuno seguendo i propri ritmi e senza fretta, tra scorci - Camminate Reali, Mandrialooonga, Reggia di Venaria Reale","robots":{"index":"index","follow":"follow","max-snippet":"max-snippet:-1","max-image-preview":"max-image-preview:large","max-video-preview":"max-video-preview:-1"},"canonical":"https:\/\/web.quotidianopiemontese.it\/cultura-arte-e-spettacolo-a-torino\/dalla-reggia-di-venaria-alla-mandria-a-spasso-tra-natura-e-storia\/","og_locale":"it_IT","og_type":"article","og_title":"Dalla Reggia di Venaria alla Mandria: a spasso tra natura e storia - 25 Novembre 2024","og_description":"Dalla Reggia di Venaria alla Mandria: a spasso tra natura e storia - Cultura, Arte e Spettacolo a Torino - A passo lento e libero tra natura, arte e storia, scoprendo il territorio lungo \u201cLa Via dei Re\u201d ognuno seguendo i propri ritmi e senza fretta, tra scorci - Camminate Reali, Mandrialooonga, Reggia di Venaria Reale","og_url":"https:\/\/web.quotidianopiemontese.it\/cultura-arte-e-spettacolo-a-torino\/dalla-reggia-di-venaria-alla-mandria-a-spasso-tra-natura-e-storia\/","og_site_name":"Cultura, Arte e Spettacolo a Torino","article_publisher":"https:\/\/www.facebook.com\/quotidianopiemontese?fref=ts","article_published_time":"2024-11-25T10:40:49+00:00","og_image":[{"width":1600,"height":1069,"url":"https:\/\/web.quotidianopiemontese.it\/cultura-arte-e-spettacolo-a-torino\/files\/2024\/11\/mandrialonga1.jpeg","type":"image\/jpeg"}],"author":"Emanuele Rebuffini","twitter_misc":{"Scritto da":"Emanuele Rebuffini","Tempo di lettura stimato":"4 minuti"},"schema":{"@context":"https:\/\/schema.org","@graph":[{"@type":"Article","@id":"https:\/\/web.quotidianopiemontese.it\/cultura-arte-e-spettacolo-a-torino\/dalla-reggia-di-venaria-alla-mandria-a-spasso-tra-natura-e-storia\/#article","isPartOf":{"@id":"https:\/\/web.quotidianopiemontese.it\/cultura-arte-e-spettacolo-a-torino\/dalla-reggia-di-venaria-alla-mandria-a-spasso-tra-natura-e-storia\/"},"author":{"name":"Emanuele Rebuffini","@id":"https:\/\/web.quotidianopiemontese.it\/cultura-arte-e-spettacolo-a-torino\/#\/schema\/person\/b035109a4cc7d3e93911b78d8cebf3a0"},"headline":"Dalla Reggia di Venaria alla Mandria: a spasso tra natura e storia","datePublished":"2024-11-25T10:40:49+00:00","mainEntityOfPage":{"@id":"https:\/\/web.quotidianopiemontese.it\/cultura-arte-e-spettacolo-a-torino\/dalla-reggia-di-venaria-alla-mandria-a-spasso-tra-natura-e-storia\/"},"wordCount":451,"commentCount":0,"image":{"@id":"https:\/\/web.quotidianopiemontese.it\/cultura-arte-e-spettacolo-a-torino\/dalla-reggia-di-venaria-alla-mandria-a-spasso-tra-natura-e-storia\/#primaryimage"},"thumbnailUrl":"https:\/\/web.quotidianopiemontese.it\/cultura-arte-e-spettacolo-a-torino\/files\/2024\/11\/mandrialonga1.jpeg","keywords":["Camminate Reali","Mandrialooonga","Reggia di Venaria Reale"],"articleSection":["Cultura, arte, spettacolo"],"inLanguage":"it-IT","potentialAction":[{"@type":"CommentAction","name":"Comment","target":["https:\/\/web.quotidianopiemontese.it\/cultura-arte-e-spettacolo-a-torino\/dalla-reggia-di-venaria-alla-mandria-a-spasso-tra-natura-e-storia\/#respond"]}]},{"@type":"WebPage","@id":"https:\/\/web.quotidianopiemontese.it\/cultura-arte-e-spettacolo-a-torino\/dalla-reggia-di-venaria-alla-mandria-a-spasso-tra-natura-e-storia\/","url":"https:\/\/web.quotidianopiemontese.it\/cultura-arte-e-spettacolo-a-torino\/dalla-reggia-di-venaria-alla-mandria-a-spasso-tra-natura-e-storia\/","name":"Dalla Reggia di Venaria alla Mandria: a spasso tra natura e storia - 25 Novembre 2024","isPartOf":{"@id":"https:\/\/web.quotidianopiemontese.it\/cultura-arte-e-spettacolo-a-torino\/#website"},"primaryImageOfPage":{"@id":"https:\/\/web.quotidianopiemontese.it\/cultura-arte-e-spettacolo-a-torino\/dalla-reggia-di-venaria-alla-mandria-a-spasso-tra-natura-e-storia\/#primaryimage"},"image":{"@id":"https:\/\/web.quotidianopiemontese.it\/cultura-arte-e-spettacolo-a-torino\/dalla-reggia-di-venaria-alla-mandria-a-spasso-tra-natura-e-storia\/#primaryimage"},"thumbnailUrl":"https:\/\/web.quotidianopiemontese.it\/cultura-arte-e-spettacolo-a-torino\/files\/2024\/11\/mandrialonga1.jpeg","datePublished":"2024-11-25T10:40:49+00:00","author":{"@id":"https:\/\/web.quotidianopiemontese.it\/cultura-arte-e-spettacolo-a-torino\/#\/schema\/person\/b035109a4cc7d3e93911b78d8cebf3a0"},"description":"Dalla Reggia di Venaria alla Mandria: a spasso tra natura e storia - Cultura, Arte e Spettacolo a Torino - A passo lento e libero tra natura, arte e storia, scoprendo il territorio lungo \u201cLa Via dei Re\u201d ognuno seguendo i propri ritmi e senza fretta, tra scorci - Camminate Reali, Mandrialooonga, Reggia di Venaria Reale","inLanguage":"it-IT","potentialAction":[{"@type":"ReadAction","target":["https:\/\/web.quotidianopiemontese.it\/cultura-arte-e-spettacolo-a-torino\/dalla-reggia-di-venaria-alla-mandria-a-spasso-tra-natura-e-storia\/"]}]},{"@type":"ImageObject","inLanguage":"it-IT","@id":"https:\/\/web.quotidianopiemontese.it\/cultura-arte-e-spettacolo-a-torino\/dalla-reggia-di-venaria-alla-mandria-a-spasso-tra-natura-e-storia\/#primaryimage","url":"https:\/\/web.quotidianopiemontese.it\/cultura-arte-e-spettacolo-a-torino\/files\/2024\/11\/mandrialonga1.jpeg","contentUrl":"https:\/\/web.quotidianopiemontese.it\/cultura-arte-e-spettacolo-a-torino\/files\/2024\/11\/mandrialonga1.jpeg","width":1600,"height":1069},{"@type":"WebSite","@id":"https:\/\/web.quotidianopiemontese.it\/cultura-arte-e-spettacolo-a-torino\/#website","url":"https:\/\/web.quotidianopiemontese.it\/cultura-arte-e-spettacolo-a-torino\/","name":"Cultura, Arte e Spettacolo a Torino","description":"Quotidiano Piemontese","potentialAction":[{"@type":"SearchAction","target":{"@type":"EntryPoint","urlTemplate":"https:\/\/web.quotidianopiemontese.it\/cultura-arte-e-spettacolo-a-torino\/?s={search_term_string}"},"query-input":{"@type":"PropertyValueSpecification","valueRequired":true,"valueName":"search_term_string"}}],"inLanguage":"it-IT"},{"@type":"Person","@id":"https:\/\/web.quotidianopiemontese.it\/cultura-arte-e-spettacolo-a-torino\/#\/schema\/person\/b035109a4cc7d3e93911b78d8cebf3a0","name":"Emanuele Rebuffini","image":{"@type":"ImageObject","inLanguage":"it-IT","@id":"https:\/\/web.quotidianopiemontese.it\/cultura-arte-e-spettacolo-a-torino\/#\/schema\/person\/image\/","url":"https:\/\/secure.gravatar.com\/avatar\/519a0a38be4cbbcf40fb5bc1b1173a85af291a3a8697df454a94ad7e05574628?s=96&d=mm&r=g","contentUrl":"https:\/\/secure.gravatar.com\/avatar\/519a0a38be4cbbcf40fb5bc1b1173a85af291a3a8697df454a94ad7e05574628?s=96&d=mm&r=g","caption":"Emanuele Rebuffini"},"sameAs":["http:\/\/www.quotidianopiemontese.it\/cultura-arte-e-spettacolo-a-torino\/"],"url":"https:\/\/web.quotidianopiemontese.it\/cultura-arte-e-spettacolo-a-torino\/author\/emanuelerebuffini\/"}]}},"_links":{"self":[{"href":"https:\/\/web.quotidianopiemontese.it\/cultura-arte-e-spettacolo-a-torino\/wp-json\/wp\/v2\/posts\/1430","targetHints":{"allow":["GET"]}}],"collection":[{"href":"https:\/\/web.quotidianopiemontese.it\/cultura-arte-e-spettacolo-a-torino\/wp-json\/wp\/v2\/posts"}],"about":[{"href":"https:\/\/web.quotidianopiemontese.it\/cultura-arte-e-spettacolo-a-torino\/wp-json\/wp\/v2\/types\/post"}],"author":[{"embeddable":true,"href":"https:\/\/web.quotidianopiemontese.it\/cultura-arte-e-spettacolo-a-torino\/wp-json\/wp\/v2\/users\/1361"}],"replies":[{"embeddable":true,"href":"https:\/\/web.quotidianopiemontese.it\/cultura-arte-e-spettacolo-a-torino\/wp-json\/wp\/v2\/comments?post=1430"}],"version-history":[{"count":1,"href":"https:\/\/web.quotidianopiemontese.it\/cultura-arte-e-spettacolo-a-torino\/wp-json\/wp\/v2\/posts\/1430\/revisions"}],"predecessor-version":[{"id":1441,"href":"https:\/\/web.quotidianopiemontese.it\/cultura-arte-e-spettacolo-a-torino\/wp-json\/wp\/v2\/posts\/1430\/revisions\/1441"}],"wp:featuredmedia":[{"embeddable":true,"href":"https:\/\/web.quotidianopiemontese.it\/cultura-arte-e-spettacolo-a-torino\/wp-json\/wp\/v2\/media\/1431"}],"wp:attachment":[{"href":"https:\/\/web.quotidianopiemontese.it\/cultura-arte-e-spettacolo-a-torino\/wp-json\/wp\/v2\/media?parent=1430"}],"wp:term":[{"taxonomy":"category","embeddable":true,"href":"https:\/\/web.quotidianopiemontese.it\/cultura-arte-e-spettacolo-a-torino\/wp-json\/wp\/v2\/categories?post=1430"},{"taxonomy":"post_tag","embeddable":true,"href":"https:\/\/web.quotidianopiemontese.it\/cultura-arte-e-spettacolo-a-torino\/wp-json\/wp\/v2\/tags?post=1430"}],"curies":[{"name":"wp","href":"https:\/\/api.w.org\/{rel}","templated":true}]}}