{"id":141,"date":"2018-02-02T10:09:04","date_gmt":"2018-02-02T09:09:04","guid":{"rendered":"http:\/\/www.quotidianopiemontese.it\/cultura-arte-e-spettacolo-a-torino\/?p=141"},"modified":"2018-02-02T10:09:04","modified_gmt":"2018-02-02T09:09:04","slug":"bologna-west-filippucci-romanini-tisselli-mostra-alla-little-nemo","status":"publish","type":"post","link":"https:\/\/web.quotidianopiemontese.it\/cultura-arte-e-spettacolo-a-torino\/bologna-west-filippucci-romanini-tisselli-mostra-alla-little-nemo\/","title":{"rendered":"Tra Bologna e il West. Filippucci, Romanini e Tisselli in mostra alla Little Nemo"},"content":{"rendered":"<p>Fino al <strong>16 febbraio<\/strong> la <strong>Galleria Little Nemo-Spazio Art&amp;Comix<\/strong>, in via Ozanam 7, ospita la mostra <strong>\u00abArtisti Bolognesi tra Fumetto e West: Filippucci, Romanini e Tisselli\u00bb.<\/strong> L\u2019esposizione si chiuder\u00e0 <strong>sabato 17 febbraio <\/strong>con la vendita all\u2019incanto delle opere<strong>. <\/strong><!--more--><\/p>\n<p>Curata da <strong>Sergio Pignatone<\/strong> e <strong>Roberto Sarti<\/strong>, e organizzata in collaborazione con l\u2019ANAFI-Associazione Nazionale Amici del Fumetto e dell\u2019Illustrazione, la mostra fa tappa a <strong>Torino<\/strong> dopo l\u2019esordio alla Salaborsa di Bologna (successivamente andr\u00e0 a Lucca e Ginevra).<\/p>\n<p><a href=\"http:\/\/www.quotidianopiemontese.it\/cultura-arte-e-spettacolo-a-torino\/files\/2018\/02\/Romanini.png\"><img loading=\"lazy\" decoding=\"async\" class=\"alignnone size-medium wp-image-143\" src=\"http:\/\/www.quotidianopiemontese.it\/cultura-arte-e-spettacolo-a-torino\/files\/2018\/02\/Romanini-300x207.png\" alt=\"\" width=\"300\" height=\"207\" srcset=\"https:\/\/web.quotidianopiemontese.it\/cultura-arte-e-spettacolo-a-torino\/files\/2018\/02\/Romanini-300x207.png 300w, https:\/\/web.quotidianopiemontese.it\/cultura-arte-e-spettacolo-a-torino\/files\/2018\/02\/Romanini.png 752w\" sizes=\"auto, (max-width: 300px) 85vw, 300px\" \/><\/a><\/p>\n<p>Attraverso 80 tra dipinti, acquerelli e tavole originali, viene ripercorsa la carriera di tre grandi fumettisti che hanno in comune non solo i natali bolognesi ma anche un particolare gusto per l\u2019illustrazione western che ne esalta le doti e le caratteristiche professionali, ma anche la sensibilit\u00e0 artistica: <strong>Lucio Filippucci<\/strong> (1955), disegnatore della scuderia Bonelli, <strong>Giovanni Romanini<\/strong> (1945), uno degli autori pi\u00f9 versatili del fumetto italiano, e <strong>Sergio Tisselli<\/strong> (1957), raffinato ed elegante acquarellista.<\/p>\n<p><a href=\"http:\/\/www.quotidianopiemontese.it\/cultura-arte-e-spettacolo-a-torino\/files\/2018\/02\/Tisselli.png\"><img loading=\"lazy\" decoding=\"async\" class=\"alignnone size-medium wp-image-144\" src=\"http:\/\/www.quotidianopiemontese.it\/cultura-arte-e-spettacolo-a-torino\/files\/2018\/02\/Tisselli-215x300.png\" alt=\"\" width=\"215\" height=\"300\" srcset=\"https:\/\/web.quotidianopiemontese.it\/cultura-arte-e-spettacolo-a-torino\/files\/2018\/02\/Tisselli-215x300.png 215w, https:\/\/web.quotidianopiemontese.it\/cultura-arte-e-spettacolo-a-torino\/files\/2018\/02\/Tisselli.png 512w\" sizes=\"auto, (max-width: 215px) 85vw, 215px\" \/><\/a><\/p>\n<p>Tre professionisti della vignetta dotati di autentica vena artistica che nella loro carriera si sono confrontati sia con il fumetto popolare e di avventura sia con il West, \u201cluogo dell\u2019anima\u201d raccontato con sensibilit\u00e0 e tecniche differenti (tutti si sono cimentati con Tex Willer). <strong>\u00ab<\/strong>Li potremmo considerare membri di quella corrente fumettistica petroniana che a partire dagli anni Settanta ha progressivamente dato vita pi\u00f9 che a una scuola, stilisticamente compatta, a un indirizzo artistico che ha individuato nel fumetto una forma altamente espressiva di diverse vocazioni grafico-narrative<strong>\u00bb<\/strong>, scrive <strong>Giulio C. Cuccolini<\/strong> nel catalogo.<\/p>\n<p><a href=\"http:\/\/www.quotidianopiemontese.it\/cultura-arte-e-spettacolo-a-torino\/files\/2018\/02\/index.jpg\"><img loading=\"lazy\" decoding=\"async\" class=\"alignnone size-full wp-image-145\" src=\"http:\/\/www.quotidianopiemontese.it\/cultura-arte-e-spettacolo-a-torino\/files\/2018\/02\/index.jpg\" alt=\"\" width=\"190\" height=\"265\" \/><\/a><\/p>\n<p><strong>Lucio <\/strong><strong>Filippucci<\/strong> inizia a lavorare all\u2019Edifumetto di Renzo Barbieri, che produceva fumetti sexy e che \u00e8 stata palestra per tanti disegnatori, dove esordisce nel 1975 con la storia <em>Biancaneve contro il vampiro. <\/em>Il suo nome \u00e8 soprattutto legato alla serie <em>Martin Myst\u00e8re. <\/em>Nell\u2019arco della sua carriera di disegnatore di fumetti e di illustratore ha manifestato con un\u2019abilit\u00e0 convincente nel delineare contesti storici di epoche diverse, contaminando l\u2019illustrazione del Novecento con il fumetto contemporaneo, riuscendo cos\u00ec a rendere moderno il Liberty. Inoltre, ha dato valida e ampia prova di saper visualizzare il West disegnando il Texone dal titolo <em>Seminoles<\/em>, entrando poi ufficialmente nello staff di <em>Tex.<\/em><\/p>\n<p><a href=\"http:\/\/www.quotidianopiemontese.it\/cultura-arte-e-spettacolo-a-torino\/files\/2018\/02\/6354bff3-6a18-4ee5-b8f3-27c4512f013a.jpg\"><img loading=\"lazy\" decoding=\"async\" class=\"alignnone size-medium wp-image-146\" src=\"http:\/\/www.quotidianopiemontese.it\/cultura-arte-e-spettacolo-a-torino\/files\/2018\/02\/6354bff3-6a18-4ee5-b8f3-27c4512f013a-220x300.jpg\" alt=\"\" width=\"220\" height=\"300\" srcset=\"https:\/\/web.quotidianopiemontese.it\/cultura-arte-e-spettacolo-a-torino\/files\/2018\/02\/6354bff3-6a18-4ee5-b8f3-27c4512f013a-220x300.jpg 220w, https:\/\/web.quotidianopiemontese.it\/cultura-arte-e-spettacolo-a-torino\/files\/2018\/02\/6354bff3-6a18-4ee5-b8f3-27c4512f013a.jpg 564w\" sizes=\"auto, (max-width: 220px) 85vw, 220px\" \/><\/a><\/p>\n<p><strong>Giovanni Romanini<\/strong> inizia con il disegno d\u2019animazione per <em>Carosello<\/em>, per passare, dopo l\u2019incontro con il Magnus (al secolo Roberto Raviola), alle atmosfere tenebrose di <em>Kriminal <\/em>e <em>Satanik<\/em>. Il suo tratto cos\u00ec omogeneo a quello di Magnus fa s\u00ec che i due disegnatori collaborino a lungo anche alla realizzazione di <em>Alan Ford <\/em>inaugurando un sodalizio che si rinnover\u00e0 a pi\u00f9 riprese, l\u2019ultima legata al definitivo impegno di Magnus, il famoso <em>Speciale Tex <\/em>(<em>La valle del terrore<\/em>), che lo impegn\u00f2 per quasi sette anni per disegnare i numerosi cavalli presenti nella storia. Sintetico quando fa il fumetto e ricercato quando fa il pittore, si dimostra abile nel disegnare situazioni drammatiche cos\u00ec come comico-umoristiche (\u00abLa Compagnia della forca\u00bb, riuscita parodia del genere avventuroso-medievale). Come <strong>Filippucci<\/strong>, anche <strong>Romanini<\/strong> si \u00e8 fatto le ossa alla Edifumetto, realizzando avventure tra horror ed erotico, ma ha collaborato anche con Panini e Disney prima di approdare alla testata <em>Martin Myst\u00e8re<\/em>. <strong>\u00ab<\/strong>Da qualche tempo ho ripreso la mia passione, dipingere con tempere, olio, ecoline. Sento il bisogno, tempo permettendo, dopo tante vignette a fumetti di piccolo formato, di spaziare con immagini pi\u00f9 grandi, occasionalmente anche qualche illustrazione di <em>Tex <\/em>e <em>Carson <\/em>a colori e a mezza tinta. Cos\u00ec, con pazienza e passione, riesco a conciliare le due cose essendo tecniche nettamente differenti. Il fumetto deve rispettare la sequenza, calcolare lo spazio per i balloon, bisogna osservare la sequenzialit\u00e0 e il movimento. La pittura congela il tempo, \u00e8 tutto l\u00ec nel quadro, emozione e luce!<strong>\u00bb<\/strong>.<\/p>\n<p><a href=\"http:\/\/www.quotidianopiemontese.it\/cultura-arte-e-spettacolo-a-torino\/files\/2018\/02\/ArtistiBolognesiFumettoWest.jpg\"><img loading=\"lazy\" decoding=\"async\" class=\"alignnone size-medium wp-image-147\" src=\"http:\/\/www.quotidianopiemontese.it\/cultura-arte-e-spettacolo-a-torino\/files\/2018\/02\/ArtistiBolognesiFumettoWest-300x132.jpg\" alt=\"\" width=\"300\" height=\"132\" srcset=\"https:\/\/web.quotidianopiemontese.it\/cultura-arte-e-spettacolo-a-torino\/files\/2018\/02\/ArtistiBolognesiFumettoWest-300x132.jpg 300w, https:\/\/web.quotidianopiemontese.it\/cultura-arte-e-spettacolo-a-torino\/files\/2018\/02\/ArtistiBolognesiFumettoWest.jpg 512w\" sizes=\"auto, (max-width: 300px) 85vw, 300px\" \/><\/a><\/p>\n<p><strong>Sergio Tisselli,<\/strong> laureato in Storia moderna, ha ricavato dalla sua tesi di laurea la storia a fumetti <em>La <\/em><em>costellazione del cane <\/em>sulla peste del 1600 a Bologna. \u00c8 autore di graphic novel di ambientazione storica, tra le quali <em>Le avventure di Giuseppe Pignata<\/em>, su sceneggiatura di Magnus, e la serie <em>Occhio di Lupo <\/em>che rievoca vicende italiche del periodo annibalico, ma ha al suo attivo illustrazioni nelle quali esibisce grande sensibilit\u00e0 e rigorosa informazione nella ricostruzione di costumi e ambienti western.<\/p>\n<p><a href=\"http:\/\/www.littlenemo.it\">http:\/\/www.littlenemo.it<\/a><\/p>\n<p><strong>Emanuele Rebuffini<\/strong><\/p>\n<p>&nbsp;<\/p>\n<p>&nbsp;<\/p>\n<p>&nbsp;<\/p>\n<p>&nbsp;<\/p>\n<p>&nbsp;<\/p>\n<p>&nbsp;<\/p>\n","protected":false},"excerpt":{"rendered":"<p>Fino al 16 febbraio la Galleria Little Nemo-Spazio Art&amp;Comix, in via Ozanam 7, ospita la mostra \u00abArtisti Bolognesi tra Fumetto e West: Filippucci, Romanini e Tisselli\u00bb. L\u2019esposizione si chiuder\u00e0 sabato 17 febbraio con la vendita all\u2019incanto delle opere.<\/p>\n","protected":false},"author":1361,"featured_media":142,"comment_status":"open","ping_status":"open","sticky":false,"template":"","format":"standard","meta":{"footnotes":""},"categories":[1],"tags":[37,38,35,39,41,40,36],"class_list":["post-141","post","type-post","status-publish","format-standard","has-post-thumbnail","hentry","category-cultura-arte-spettacolo","tag-fumetto","tag-giovanni-romanini","tag-little-nemo","tag-lucio-filippucci","tag-sergio-pignatone","tag-sergio-tisselli","tag-west"],"yoast_head":"<!-- This site is optimized with the Yoast SEO plugin v27.1.1 - https:\/\/yoast.com\/product\/yoast-seo-wordpress\/ -->\n<title>Tra Bologna e il West. Filippucci, Romanini e Tisselli in mostra alla Little Nemo - 2 Febbraio 2018<\/title>\n<meta name=\"description\" content=\"Tra Bologna e il West. Filippucci, Romanini e Tisselli in mostra alla Little Nemo - Cultura, Arte e Spettacolo a Torino - Fino al 16 febbraio la Galleria Little Nemo-Spazio Art&amp;Comix, in via Ozanam 7, ospita la mostra \u00abArtisti Bolognesi tra Fumetto e West: Filippucci, - fumetto, Giovanni Romanini, Little Nemo, Lucio Filippucci, Sergio Pignatone, Sergio Tisselli, West\" \/>\n<meta name=\"robots\" content=\"index, follow, max-snippet:-1, max-image-preview:large, max-video-preview:-1\" \/>\n<link rel=\"canonical\" href=\"http:\/\/web.quotidianopiemontese.it\/cultura-arte-e-spettacolo-a-torino\/bologna-west-filippucci-romanini-tisselli-mostra-alla-little-nemo\/\" \/>\n<meta property=\"og:locale\" content=\"it_IT\" \/>\n<meta property=\"og:type\" content=\"article\" \/>\n<meta property=\"og:title\" content=\"Tra Bologna e il West. Filippucci, Romanini e Tisselli in mostra alla Little Nemo - 2 Febbraio 2018\" \/>\n<meta property=\"og:description\" content=\"Tra Bologna e il West. Filippucci, Romanini e Tisselli in mostra alla Little Nemo - Cultura, Arte e Spettacolo a Torino - Fino al 16 febbraio la Galleria Little Nemo-Spazio Art&amp;Comix, in via Ozanam 7, ospita la mostra \u00abArtisti Bolognesi tra Fumetto e West: Filippucci, - fumetto, Giovanni Romanini, Little Nemo, Lucio Filippucci, Sergio Pignatone, Sergio Tisselli, West\" \/>\n<meta property=\"og:url\" content=\"http:\/\/web.quotidianopiemontese.it\/cultura-arte-e-spettacolo-a-torino\/bologna-west-filippucci-romanini-tisselli-mostra-alla-little-nemo\/\" \/>\n<meta property=\"og:site_name\" content=\"Cultura, Arte e Spettacolo a Torino\" \/>\n<meta property=\"article:publisher\" content=\"https:\/\/www.facebook.com\/quotidianopiemontese?fref=ts\" \/>\n<meta property=\"article:published_time\" content=\"2018-02-02T09:09:04+00:00\" \/>\n<meta property=\"og:image\" content=\"http:\/\/web.quotidianopiemontese.it\/cultura-arte-e-spettacolo-a-torino\/files\/2018\/02\/unnamed_000.jpg\" \/>\n\t<meta property=\"og:image:width\" content=\"700\" \/>\n\t<meta property=\"og:image:height\" content=\"693\" \/>\n\t<meta property=\"og:image:type\" content=\"image\/jpeg\" \/>\n<meta name=\"author\" content=\"Emanuele Rebuffini\" \/>\n<meta name=\"twitter:label1\" content=\"Scritto da\" \/>\n\t<meta name=\"twitter:data1\" content=\"Emanuele Rebuffini\" \/>\n\t<meta name=\"twitter:label2\" content=\"Tempo di lettura stimato\" \/>\n\t<meta name=\"twitter:data2\" content=\"3 minuti\" \/>\n<script type=\"application\/ld+json\" class=\"yoast-schema-graph\">{\"@context\":\"https:\/\/schema.org\",\"@graph\":[{\"@type\":\"Article\",\"@id\":\"http:\/\/web.quotidianopiemontese.it\/cultura-arte-e-spettacolo-a-torino\/bologna-west-filippucci-romanini-tisselli-mostra-alla-little-nemo\/#article\",\"isPartOf\":{\"@id\":\"http:\/\/web.quotidianopiemontese.it\/cultura-arte-e-spettacolo-a-torino\/bologna-west-filippucci-romanini-tisselli-mostra-alla-little-nemo\/\"},\"author\":{\"name\":\"Emanuele Rebuffini\",\"@id\":\"https:\/\/web.quotidianopiemontese.it\/cultura-arte-e-spettacolo-a-torino\/#\/schema\/person\/b035109a4cc7d3e93911b78d8cebf3a0\"},\"headline\":\"Tra Bologna e il West. Filippucci, Romanini e Tisselli in mostra alla Little Nemo\",\"datePublished\":\"2018-02-02T09:09:04+00:00\",\"mainEntityOfPage\":{\"@id\":\"http:\/\/web.quotidianopiemontese.it\/cultura-arte-e-spettacolo-a-torino\/bologna-west-filippucci-romanini-tisselli-mostra-alla-little-nemo\/\"},\"wordCount\":701,\"commentCount\":0,\"image\":{\"@id\":\"http:\/\/web.quotidianopiemontese.it\/cultura-arte-e-spettacolo-a-torino\/bologna-west-filippucci-romanini-tisselli-mostra-alla-little-nemo\/#primaryimage\"},\"thumbnailUrl\":\"https:\/\/web.quotidianopiemontese.it\/cultura-arte-e-spettacolo-a-torino\/files\/2018\/02\/unnamed_000.jpg\",\"keywords\":[\"fumetto\",\"Giovanni Romanini\",\"Little Nemo\",\"Lucio Filippucci\",\"Sergio Pignatone\",\"Sergio Tisselli\",\"West\"],\"articleSection\":[\"Cultura, arte, spettacolo\"],\"inLanguage\":\"it-IT\",\"potentialAction\":[{\"@type\":\"CommentAction\",\"name\":\"Comment\",\"target\":[\"http:\/\/web.quotidianopiemontese.it\/cultura-arte-e-spettacolo-a-torino\/bologna-west-filippucci-romanini-tisselli-mostra-alla-little-nemo\/#respond\"]}]},{\"@type\":\"WebPage\",\"@id\":\"http:\/\/web.quotidianopiemontese.it\/cultura-arte-e-spettacolo-a-torino\/bologna-west-filippucci-romanini-tisselli-mostra-alla-little-nemo\/\",\"url\":\"http:\/\/web.quotidianopiemontese.it\/cultura-arte-e-spettacolo-a-torino\/bologna-west-filippucci-romanini-tisselli-mostra-alla-little-nemo\/\",\"name\":\"Tra Bologna e il West. Filippucci, Romanini e Tisselli in mostra alla Little Nemo - 2 Febbraio 2018\",\"isPartOf\":{\"@id\":\"https:\/\/web.quotidianopiemontese.it\/cultura-arte-e-spettacolo-a-torino\/#website\"},\"primaryImageOfPage\":{\"@id\":\"http:\/\/web.quotidianopiemontese.it\/cultura-arte-e-spettacolo-a-torino\/bologna-west-filippucci-romanini-tisselli-mostra-alla-little-nemo\/#primaryimage\"},\"image\":{\"@id\":\"http:\/\/web.quotidianopiemontese.it\/cultura-arte-e-spettacolo-a-torino\/bologna-west-filippucci-romanini-tisselli-mostra-alla-little-nemo\/#primaryimage\"},\"thumbnailUrl\":\"https:\/\/web.quotidianopiemontese.it\/cultura-arte-e-spettacolo-a-torino\/files\/2018\/02\/unnamed_000.jpg\",\"datePublished\":\"2018-02-02T09:09:04+00:00\",\"author\":{\"@id\":\"https:\/\/web.quotidianopiemontese.it\/cultura-arte-e-spettacolo-a-torino\/#\/schema\/person\/b035109a4cc7d3e93911b78d8cebf3a0\"},\"description\":\"Tra Bologna e il West. Filippucci, Romanini e Tisselli in mostra alla Little Nemo - Cultura, Arte e Spettacolo a Torino - Fino al 16 febbraio la Galleria Little Nemo-Spazio Art&amp;Comix, in via Ozanam 7, ospita la mostra \u00abArtisti Bolognesi tra Fumetto e West: Filippucci, - fumetto, Giovanni Romanini, Little Nemo, Lucio Filippucci, Sergio Pignatone, Sergio Tisselli, West\",\"inLanguage\":\"it-IT\",\"potentialAction\":[{\"@type\":\"ReadAction\",\"target\":[\"http:\/\/web.quotidianopiemontese.it\/cultura-arte-e-spettacolo-a-torino\/bologna-west-filippucci-romanini-tisselli-mostra-alla-little-nemo\/\"]}]},{\"@type\":\"ImageObject\",\"inLanguage\":\"it-IT\",\"@id\":\"http:\/\/web.quotidianopiemontese.it\/cultura-arte-e-spettacolo-a-torino\/bologna-west-filippucci-romanini-tisselli-mostra-alla-little-nemo\/#primaryimage\",\"url\":\"https:\/\/web.quotidianopiemontese.it\/cultura-arte-e-spettacolo-a-torino\/files\/2018\/02\/unnamed_000.jpg\",\"contentUrl\":\"https:\/\/web.quotidianopiemontese.it\/cultura-arte-e-spettacolo-a-torino\/files\/2018\/02\/unnamed_000.jpg\",\"width\":700,\"height\":693},{\"@type\":\"WebSite\",\"@id\":\"https:\/\/web.quotidianopiemontese.it\/cultura-arte-e-spettacolo-a-torino\/#website\",\"url\":\"https:\/\/web.quotidianopiemontese.it\/cultura-arte-e-spettacolo-a-torino\/\",\"name\":\"Cultura, Arte e Spettacolo a Torino\",\"description\":\"Quotidiano Piemontese\",\"potentialAction\":[{\"@type\":\"SearchAction\",\"target\":{\"@type\":\"EntryPoint\",\"urlTemplate\":\"https:\/\/web.quotidianopiemontese.it\/cultura-arte-e-spettacolo-a-torino\/?s={search_term_string}\"},\"query-input\":{\"@type\":\"PropertyValueSpecification\",\"valueRequired\":true,\"valueName\":\"search_term_string\"}}],\"inLanguage\":\"it-IT\"},{\"@type\":\"Person\",\"@id\":\"https:\/\/web.quotidianopiemontese.it\/cultura-arte-e-spettacolo-a-torino\/#\/schema\/person\/b035109a4cc7d3e93911b78d8cebf3a0\",\"name\":\"Emanuele Rebuffini\",\"image\":{\"@type\":\"ImageObject\",\"inLanguage\":\"it-IT\",\"@id\":\"https:\/\/web.quotidianopiemontese.it\/cultura-arte-e-spettacolo-a-torino\/#\/schema\/person\/image\/\",\"url\":\"https:\/\/secure.gravatar.com\/avatar\/519a0a38be4cbbcf40fb5bc1b1173a85af291a3a8697df454a94ad7e05574628?s=96&d=mm&r=g\",\"contentUrl\":\"https:\/\/secure.gravatar.com\/avatar\/519a0a38be4cbbcf40fb5bc1b1173a85af291a3a8697df454a94ad7e05574628?s=96&d=mm&r=g\",\"caption\":\"Emanuele Rebuffini\"},\"sameAs\":[\"http:\/\/www.quotidianopiemontese.it\/cultura-arte-e-spettacolo-a-torino\/\"],\"url\":\"https:\/\/web.quotidianopiemontese.it\/cultura-arte-e-spettacolo-a-torino\/author\/emanuelerebuffini\/\"}]}<\/script>\n<!-- \/ Yoast SEO plugin. -->","yoast_head_json":{"title":"Tra Bologna e il West. Filippucci, Romanini e Tisselli in mostra alla Little Nemo - 2 Febbraio 2018","description":"Tra Bologna e il West. Filippucci, Romanini e Tisselli in mostra alla Little Nemo - Cultura, Arte e Spettacolo a Torino - Fino al 16 febbraio la Galleria Little Nemo-Spazio Art&amp;Comix, in via Ozanam 7, ospita la mostra \u00abArtisti Bolognesi tra Fumetto e West: Filippucci, - fumetto, Giovanni Romanini, Little Nemo, Lucio Filippucci, Sergio Pignatone, Sergio Tisselli, West","robots":{"index":"index","follow":"follow","max-snippet":"max-snippet:-1","max-image-preview":"max-image-preview:large","max-video-preview":"max-video-preview:-1"},"canonical":"http:\/\/web.quotidianopiemontese.it\/cultura-arte-e-spettacolo-a-torino\/bologna-west-filippucci-romanini-tisselli-mostra-alla-little-nemo\/","og_locale":"it_IT","og_type":"article","og_title":"Tra Bologna e il West. Filippucci, Romanini e Tisselli in mostra alla Little Nemo - 2 Febbraio 2018","og_description":"Tra Bologna e il West. Filippucci, Romanini e Tisselli in mostra alla Little Nemo - Cultura, Arte e Spettacolo a Torino - Fino al 16 febbraio la Galleria Little Nemo-Spazio Art&amp;Comix, in via Ozanam 7, ospita la mostra \u00abArtisti Bolognesi tra Fumetto e West: Filippucci, - fumetto, Giovanni Romanini, Little Nemo, Lucio Filippucci, Sergio Pignatone, Sergio Tisselli, West","og_url":"http:\/\/web.quotidianopiemontese.it\/cultura-arte-e-spettacolo-a-torino\/bologna-west-filippucci-romanini-tisselli-mostra-alla-little-nemo\/","og_site_name":"Cultura, Arte e Spettacolo a Torino","article_publisher":"https:\/\/www.facebook.com\/quotidianopiemontese?fref=ts","article_published_time":"2018-02-02T09:09:04+00:00","og_image":[{"width":700,"height":693,"url":"http:\/\/web.quotidianopiemontese.it\/cultura-arte-e-spettacolo-a-torino\/files\/2018\/02\/unnamed_000.jpg","type":"image\/jpeg"}],"author":"Emanuele Rebuffini","twitter_misc":{"Scritto da":"Emanuele Rebuffini","Tempo di lettura stimato":"3 minuti"},"schema":{"@context":"https:\/\/schema.org","@graph":[{"@type":"Article","@id":"http:\/\/web.quotidianopiemontese.it\/cultura-arte-e-spettacolo-a-torino\/bologna-west-filippucci-romanini-tisselli-mostra-alla-little-nemo\/#article","isPartOf":{"@id":"http:\/\/web.quotidianopiemontese.it\/cultura-arte-e-spettacolo-a-torino\/bologna-west-filippucci-romanini-tisselli-mostra-alla-little-nemo\/"},"author":{"name":"Emanuele Rebuffini","@id":"https:\/\/web.quotidianopiemontese.it\/cultura-arte-e-spettacolo-a-torino\/#\/schema\/person\/b035109a4cc7d3e93911b78d8cebf3a0"},"headline":"Tra Bologna e il West. Filippucci, Romanini e Tisselli in mostra alla Little Nemo","datePublished":"2018-02-02T09:09:04+00:00","mainEntityOfPage":{"@id":"http:\/\/web.quotidianopiemontese.it\/cultura-arte-e-spettacolo-a-torino\/bologna-west-filippucci-romanini-tisselli-mostra-alla-little-nemo\/"},"wordCount":701,"commentCount":0,"image":{"@id":"http:\/\/web.quotidianopiemontese.it\/cultura-arte-e-spettacolo-a-torino\/bologna-west-filippucci-romanini-tisselli-mostra-alla-little-nemo\/#primaryimage"},"thumbnailUrl":"https:\/\/web.quotidianopiemontese.it\/cultura-arte-e-spettacolo-a-torino\/files\/2018\/02\/unnamed_000.jpg","keywords":["fumetto","Giovanni Romanini","Little Nemo","Lucio Filippucci","Sergio Pignatone","Sergio Tisselli","West"],"articleSection":["Cultura, arte, spettacolo"],"inLanguage":"it-IT","potentialAction":[{"@type":"CommentAction","name":"Comment","target":["http:\/\/web.quotidianopiemontese.it\/cultura-arte-e-spettacolo-a-torino\/bologna-west-filippucci-romanini-tisselli-mostra-alla-little-nemo\/#respond"]}]},{"@type":"WebPage","@id":"http:\/\/web.quotidianopiemontese.it\/cultura-arte-e-spettacolo-a-torino\/bologna-west-filippucci-romanini-tisselli-mostra-alla-little-nemo\/","url":"http:\/\/web.quotidianopiemontese.it\/cultura-arte-e-spettacolo-a-torino\/bologna-west-filippucci-romanini-tisselli-mostra-alla-little-nemo\/","name":"Tra Bologna e il West. Filippucci, Romanini e Tisselli in mostra alla Little Nemo - 2 Febbraio 2018","isPartOf":{"@id":"https:\/\/web.quotidianopiemontese.it\/cultura-arte-e-spettacolo-a-torino\/#website"},"primaryImageOfPage":{"@id":"http:\/\/web.quotidianopiemontese.it\/cultura-arte-e-spettacolo-a-torino\/bologna-west-filippucci-romanini-tisselli-mostra-alla-little-nemo\/#primaryimage"},"image":{"@id":"http:\/\/web.quotidianopiemontese.it\/cultura-arte-e-spettacolo-a-torino\/bologna-west-filippucci-romanini-tisselli-mostra-alla-little-nemo\/#primaryimage"},"thumbnailUrl":"https:\/\/web.quotidianopiemontese.it\/cultura-arte-e-spettacolo-a-torino\/files\/2018\/02\/unnamed_000.jpg","datePublished":"2018-02-02T09:09:04+00:00","author":{"@id":"https:\/\/web.quotidianopiemontese.it\/cultura-arte-e-spettacolo-a-torino\/#\/schema\/person\/b035109a4cc7d3e93911b78d8cebf3a0"},"description":"Tra Bologna e il West. Filippucci, Romanini e Tisselli in mostra alla Little Nemo - Cultura, Arte e Spettacolo a Torino - Fino al 16 febbraio la Galleria Little Nemo-Spazio Art&amp;Comix, in via Ozanam 7, ospita la mostra \u00abArtisti Bolognesi tra Fumetto e West: Filippucci, - fumetto, Giovanni Romanini, Little Nemo, Lucio Filippucci, Sergio Pignatone, Sergio Tisselli, West","inLanguage":"it-IT","potentialAction":[{"@type":"ReadAction","target":["http:\/\/web.quotidianopiemontese.it\/cultura-arte-e-spettacolo-a-torino\/bologna-west-filippucci-romanini-tisselli-mostra-alla-little-nemo\/"]}]},{"@type":"ImageObject","inLanguage":"it-IT","@id":"http:\/\/web.quotidianopiemontese.it\/cultura-arte-e-spettacolo-a-torino\/bologna-west-filippucci-romanini-tisselli-mostra-alla-little-nemo\/#primaryimage","url":"https:\/\/web.quotidianopiemontese.it\/cultura-arte-e-spettacolo-a-torino\/files\/2018\/02\/unnamed_000.jpg","contentUrl":"https:\/\/web.quotidianopiemontese.it\/cultura-arte-e-spettacolo-a-torino\/files\/2018\/02\/unnamed_000.jpg","width":700,"height":693},{"@type":"WebSite","@id":"https:\/\/web.quotidianopiemontese.it\/cultura-arte-e-spettacolo-a-torino\/#website","url":"https:\/\/web.quotidianopiemontese.it\/cultura-arte-e-spettacolo-a-torino\/","name":"Cultura, Arte e Spettacolo a Torino","description":"Quotidiano Piemontese","potentialAction":[{"@type":"SearchAction","target":{"@type":"EntryPoint","urlTemplate":"https:\/\/web.quotidianopiemontese.it\/cultura-arte-e-spettacolo-a-torino\/?s={search_term_string}"},"query-input":{"@type":"PropertyValueSpecification","valueRequired":true,"valueName":"search_term_string"}}],"inLanguage":"it-IT"},{"@type":"Person","@id":"https:\/\/web.quotidianopiemontese.it\/cultura-arte-e-spettacolo-a-torino\/#\/schema\/person\/b035109a4cc7d3e93911b78d8cebf3a0","name":"Emanuele Rebuffini","image":{"@type":"ImageObject","inLanguage":"it-IT","@id":"https:\/\/web.quotidianopiemontese.it\/cultura-arte-e-spettacolo-a-torino\/#\/schema\/person\/image\/","url":"https:\/\/secure.gravatar.com\/avatar\/519a0a38be4cbbcf40fb5bc1b1173a85af291a3a8697df454a94ad7e05574628?s=96&d=mm&r=g","contentUrl":"https:\/\/secure.gravatar.com\/avatar\/519a0a38be4cbbcf40fb5bc1b1173a85af291a3a8697df454a94ad7e05574628?s=96&d=mm&r=g","caption":"Emanuele Rebuffini"},"sameAs":["http:\/\/www.quotidianopiemontese.it\/cultura-arte-e-spettacolo-a-torino\/"],"url":"https:\/\/web.quotidianopiemontese.it\/cultura-arte-e-spettacolo-a-torino\/author\/emanuelerebuffini\/"}]}},"_links":{"self":[{"href":"https:\/\/web.quotidianopiemontese.it\/cultura-arte-e-spettacolo-a-torino\/wp-json\/wp\/v2\/posts\/141","targetHints":{"allow":["GET"]}}],"collection":[{"href":"https:\/\/web.quotidianopiemontese.it\/cultura-arte-e-spettacolo-a-torino\/wp-json\/wp\/v2\/posts"}],"about":[{"href":"https:\/\/web.quotidianopiemontese.it\/cultura-arte-e-spettacolo-a-torino\/wp-json\/wp\/v2\/types\/post"}],"author":[{"embeddable":true,"href":"https:\/\/web.quotidianopiemontese.it\/cultura-arte-e-spettacolo-a-torino\/wp-json\/wp\/v2\/users\/1361"}],"replies":[{"embeddable":true,"href":"https:\/\/web.quotidianopiemontese.it\/cultura-arte-e-spettacolo-a-torino\/wp-json\/wp\/v2\/comments?post=141"}],"version-history":[{"count":0,"href":"https:\/\/web.quotidianopiemontese.it\/cultura-arte-e-spettacolo-a-torino\/wp-json\/wp\/v2\/posts\/141\/revisions"}],"wp:featuredmedia":[{"embeddable":true,"href":"https:\/\/web.quotidianopiemontese.it\/cultura-arte-e-spettacolo-a-torino\/wp-json\/wp\/v2\/media\/142"}],"wp:attachment":[{"href":"https:\/\/web.quotidianopiemontese.it\/cultura-arte-e-spettacolo-a-torino\/wp-json\/wp\/v2\/media?parent=141"}],"wp:term":[{"taxonomy":"category","embeddable":true,"href":"https:\/\/web.quotidianopiemontese.it\/cultura-arte-e-spettacolo-a-torino\/wp-json\/wp\/v2\/categories?post=141"},{"taxonomy":"post_tag","embeddable":true,"href":"https:\/\/web.quotidianopiemontese.it\/cultura-arte-e-spettacolo-a-torino\/wp-json\/wp\/v2\/tags?post=141"}],"curies":[{"name":"wp","href":"https:\/\/api.w.org\/{rel}","templated":true}]}}