{"id":1408,"date":"2024-11-04T13:15:27","date_gmt":"2024-11-04T12:15:27","guid":{"rendered":"https:\/\/web.quotidianopiemontese.it\/cultura-arte-e-spettacolo-a-torino\/?p=1408"},"modified":"2024-11-04T13:15:27","modified_gmt":"2024-11-04T12:15:27","slug":"le-foto-oneste-di-tina-modotti","status":"publish","type":"post","link":"https:\/\/web.quotidianopiemontese.it\/cultura-arte-e-spettacolo-a-torino\/le-foto-oneste-di-tina-modotti\/","title":{"rendered":"Le \u201cfoto oneste\u201d di Tina Modotti"},"content":{"rendered":"<p>Chi \u00e8 stata davvero <strong>Tina Modotti?<\/strong> Attrice di Hollywood, modella, attivista politica, animatrice del Soccorso Rosso Internazionale, volontaria nella guerra di Spagna, ma prima di tutto fotografa, animata da profondi valori sociali e attenta alla condizione degli ultimi. Un\u2019artista poliedrica <!--more-->che, seppur in pochi anni di attivit\u00e0 (mor\u00ec a soli 46 anni), ha saputo cogliere l\u2019essenza profonda del Messico rivoluzionario, dando voce alle lotte sociali del popolo messicano, soffermando lo sguardo sulle donne e sugli indigeni ed intrecciando il percorso artistico con l\u2019impegno politico.<\/p>\n<figure id=\"attachment_1410\" aria-describedby=\"caption-attachment-1410\" style=\"width: 300px\" class=\"wp-caption alignnone\"><a href=\"http:\/\/web.quotidianopiemontese.it\/cultura-arte-e-spettacolo-a-torino\/files\/2024\/11\/06_Enrique-Diaz-incerto-Tina-Modotti-davanti-a-una-sezione-della-sua-mostra-Citta-del-Messico-dicembre-1929-Archivi-Cinemazero-Pordenone-scaled.jpg\"><img loading=\"lazy\" decoding=\"async\" class=\"size-medium wp-image-1410\" src=\"http:\/\/web.quotidianopiemontese.it\/cultura-arte-e-spettacolo-a-torino\/files\/2024\/11\/06_Enrique-Diaz-incerto-Tina-Modotti-davanti-a-una-sezione-della-sua-mostra-Citta-del-Messico-dicembre-1929-Archivi-Cinemazero-Pordenone-300x209.jpg\" alt=\"\" width=\"300\" height=\"209\" srcset=\"https:\/\/web.quotidianopiemontese.it\/cultura-arte-e-spettacolo-a-torino\/files\/2024\/11\/06_Enrique-Diaz-incerto-Tina-Modotti-davanti-a-una-sezione-della-sua-mostra-Citta-del-Messico-dicembre-1929-Archivi-Cinemazero-Pordenone-300x209.jpg 300w, https:\/\/web.quotidianopiemontese.it\/cultura-arte-e-spettacolo-a-torino\/files\/2024\/11\/06_Enrique-Diaz-incerto-Tina-Modotti-davanti-a-una-sezione-della-sua-mostra-Citta-del-Messico-dicembre-1929-Archivi-Cinemazero-Pordenone-1024x712.jpg 1024w, https:\/\/web.quotidianopiemontese.it\/cultura-arte-e-spettacolo-a-torino\/files\/2024\/11\/06_Enrique-Diaz-incerto-Tina-Modotti-davanti-a-una-sezione-della-sua-mostra-Citta-del-Messico-dicembre-1929-Archivi-Cinemazero-Pordenone-768x534.jpg 768w, https:\/\/web.quotidianopiemontese.it\/cultura-arte-e-spettacolo-a-torino\/files\/2024\/11\/06_Enrique-Diaz-incerto-Tina-Modotti-davanti-a-una-sezione-della-sua-mostra-Citta-del-Messico-dicembre-1929-Archivi-Cinemazero-Pordenone-1536x1068.jpg 1536w, https:\/\/web.quotidianopiemontese.it\/cultura-arte-e-spettacolo-a-torino\/files\/2024\/11\/06_Enrique-Diaz-incerto-Tina-Modotti-davanti-a-una-sezione-della-sua-mostra-Citta-del-Messico-dicembre-1929-Archivi-Cinemazero-Pordenone-2048x1423.jpg 2048w, https:\/\/web.quotidianopiemontese.it\/cultura-arte-e-spettacolo-a-torino\/files\/2024\/11\/06_Enrique-Diaz-incerto-Tina-Modotti-davanti-a-una-sezione-della-sua-mostra-Citta-del-Messico-dicembre-1929-Archivi-Cinemazero-Pordenone-1200x834.jpg 1200w\" sizes=\"auto, (max-width: 300px) 85vw, 300px\" \/><\/a><figcaption id=\"caption-attachment-1410\" class=\"wp-caption-text\">Enrique Diaz (?),<br \/>Tina Modotti davanti a una sezione della sua<br \/>mostra nell\u2019atrio della Biblioteca Nacional de la<br \/>Universidad Auton\u00f3ma de M\u00e9xico,<br \/>Citt\u00e0 del Messico, dicembre 1929<br \/>Archivi Cinemazero &#8211; Pordenone<\/figcaption><\/figure>\n<p>Spesso il fascino della biografia di <em>pasionaria <\/em>ha avuto la meglio sulla produzione artistica. Un torto a cui pone rimedio la mostra <strong>\u00abTina Modotti. L\u2019opera\u00bb,<\/strong> curata da <strong>Riccardo Costantini <\/strong>e ospitata fino al<strong> 2 febbraio <\/strong>da <strong>CAMERA-Centro Italiano per la Fotografia, <\/strong>che si concentra sull\u2019ordito della sua opera, sui \u201cfili a colori vivaci\u201d dei suoi temi ricorrenti.<\/p>\n<figure id=\"attachment_1409\" aria-describedby=\"caption-attachment-1409\" style=\"width: 225px\" class=\"wp-caption alignnone\"><a href=\"http:\/\/web.quotidianopiemontese.it\/cultura-arte-e-spettacolo-a-torino\/files\/2024\/11\/01_Tina-Modotti-Donna-di-Tehuantepec-Messico-1929Archivi-Cinemazero-Pordenone-scaled.jpg\"><img loading=\"lazy\" decoding=\"async\" class=\"size-medium wp-image-1409\" src=\"http:\/\/web.quotidianopiemontese.it\/cultura-arte-e-spettacolo-a-torino\/files\/2024\/11\/01_Tina-Modotti-Donna-di-Tehuantepec-Messico-1929Archivi-Cinemazero-Pordenone-225x300.jpg\" alt=\"\" width=\"225\" height=\"300\" srcset=\"https:\/\/web.quotidianopiemontese.it\/cultura-arte-e-spettacolo-a-torino\/files\/2024\/11\/01_Tina-Modotti-Donna-di-Tehuantepec-Messico-1929Archivi-Cinemazero-Pordenone-225x300.jpg 225w, https:\/\/web.quotidianopiemontese.it\/cultura-arte-e-spettacolo-a-torino\/files\/2024\/11\/01_Tina-Modotti-Donna-di-Tehuantepec-Messico-1929Archivi-Cinemazero-Pordenone-768x1024.jpg 768w, https:\/\/web.quotidianopiemontese.it\/cultura-arte-e-spettacolo-a-torino\/files\/2024\/11\/01_Tina-Modotti-Donna-di-Tehuantepec-Messico-1929Archivi-Cinemazero-Pordenone-1152x1536.jpg 1152w, https:\/\/web.quotidianopiemontese.it\/cultura-arte-e-spettacolo-a-torino\/files\/2024\/11\/01_Tina-Modotti-Donna-di-Tehuantepec-Messico-1929Archivi-Cinemazero-Pordenone-1536x2048.jpg 1536w, https:\/\/web.quotidianopiemontese.it\/cultura-arte-e-spettacolo-a-torino\/files\/2024\/11\/01_Tina-Modotti-Donna-di-Tehuantepec-Messico-1929Archivi-Cinemazero-Pordenone-1200x1600.jpg 1200w, https:\/\/web.quotidianopiemontese.it\/cultura-arte-e-spettacolo-a-torino\/files\/2024\/11\/01_Tina-Modotti-Donna-di-Tehuantepec-Messico-1929Archivi-Cinemazero-Pordenone-scaled.jpg 1920w\" sizes=\"auto, (max-width: 225px) 85vw, 225px\" \/><\/a><figcaption id=\"caption-attachment-1409\" class=\"wp-caption-text\">Tina Modotti,<br \/>Donna di Tehuantepec,<br \/>Messico, 1929<br \/>Archivi Cinemazero &#8211; Pordenone<\/figcaption><\/figure>\n<p>Attraverso <strong>300 fotografie <\/strong>provenienti da 32 archivi da tutto il mondo (da Honolulu a San Francisco, da Citt\u00e0 del Messico a Mosca, da Udine a Canberra, con materiali inediti, documenti, ritagli di quotidiani, riviste come Mexican Folkways, New Masses, El Machete, International Literature e la tedesca Arbeiter Illustrierte Zeitung) viene ricostruito il percorso di una fotografa capace di catturare in ritratti di vita quotidiana l\u2019intensit\u00e0 e i contrasti dei mondi che ha attraversato, raccontando l\u2019ingiustizia, il lavoro, l\u2019attivismo politico, la povert\u00e0, le contraddizioni del progresso e del passaggio alla modernit\u00e0.<\/p>\n<figure id=\"attachment_1416\" aria-describedby=\"caption-attachment-1416\" style=\"width: 234px\" class=\"wp-caption alignnone\"><a href=\"http:\/\/web.quotidianopiemontese.it\/cultura-arte-e-spettacolo-a-torino\/files\/2024\/11\/02_Tina-Modotti-Donna-con-bandiera-Messico-1928-Archivi-Cinemazero-Pordenone-scaled.jpg\"><img loading=\"lazy\" decoding=\"async\" class=\"size-medium wp-image-1416\" src=\"http:\/\/web.quotidianopiemontese.it\/cultura-arte-e-spettacolo-a-torino\/files\/2024\/11\/02_Tina-Modotti-Donna-con-bandiera-Messico-1928-Archivi-Cinemazero-Pordenone-234x300.jpg\" alt=\"\" width=\"234\" height=\"300\" srcset=\"https:\/\/web.quotidianopiemontese.it\/cultura-arte-e-spettacolo-a-torino\/files\/2024\/11\/02_Tina-Modotti-Donna-con-bandiera-Messico-1928-Archivi-Cinemazero-Pordenone-234x300.jpg 234w, https:\/\/web.quotidianopiemontese.it\/cultura-arte-e-spettacolo-a-torino\/files\/2024\/11\/02_Tina-Modotti-Donna-con-bandiera-Messico-1928-Archivi-Cinemazero-Pordenone-797x1024.jpg 797w, https:\/\/web.quotidianopiemontese.it\/cultura-arte-e-spettacolo-a-torino\/files\/2024\/11\/02_Tina-Modotti-Donna-con-bandiera-Messico-1928-Archivi-Cinemazero-Pordenone-768x987.jpg 768w, https:\/\/web.quotidianopiemontese.it\/cultura-arte-e-spettacolo-a-torino\/files\/2024\/11\/02_Tina-Modotti-Donna-con-bandiera-Messico-1928-Archivi-Cinemazero-Pordenone-1196x1536.jpg 1196w, https:\/\/web.quotidianopiemontese.it\/cultura-arte-e-spettacolo-a-torino\/files\/2024\/11\/02_Tina-Modotti-Donna-con-bandiera-Messico-1928-Archivi-Cinemazero-Pordenone-1594x2048.jpg 1594w, https:\/\/web.quotidianopiemontese.it\/cultura-arte-e-spettacolo-a-torino\/files\/2024\/11\/02_Tina-Modotti-Donna-con-bandiera-Messico-1928-Archivi-Cinemazero-Pordenone-1200x1542.jpg 1200w, https:\/\/web.quotidianopiemontese.it\/cultura-arte-e-spettacolo-a-torino\/files\/2024\/11\/02_Tina-Modotti-Donna-con-bandiera-Messico-1928-Archivi-Cinemazero-Pordenone-scaled.jpg 1993w\" sizes=\"auto, (max-width: 234px) 85vw, 234px\" \/><\/a><figcaption id=\"caption-attachment-1416\" class=\"wp-caption-text\">Tina Modotti,<br \/>Donna con bandiera,<br \/>Messico, 1928<br \/>Archivi Cinemazero &#8211; Pordenone<\/figcaption><\/figure>\n<p>Grazie a un imponente lavoro di mappatura si ripropone, nella forma pi\u00f9 completa mai realizzata, l\u2019unica grande mostra personale di <strong>Tina Modotti,<\/strong> quella ospitata dal 3 al 14 dicembre del 1929 nell\u2019atrio dell\u2019Universit\u00e0 Nazionale del Messico (41 scatti certi sui probabili 57\/60 di allora) e definita dal muralista <strong>David Alfaro Siqueiros<\/strong> <em>\u201cla prima mostra rivoluzionaria del Messico\u201d.<\/em> Quella mostra fu una celebrazione del suo talento e al tempo stesso un congedo dalla fotografia. Pochi mesi dopo, nella primavera del 1930, <strong>Tina Modotti<\/strong> \u00e8 espulsa dal Messico, raggiunge Berlino, quindi Mosca, Parigi, la Spagna, per fare ritorno in Messico dove muore nel 1942.<\/p>\n<figure id=\"attachment_1411\" aria-describedby=\"caption-attachment-1411\" style=\"width: 300px\" class=\"wp-caption alignnone\"><a href=\"http:\/\/web.quotidianopiemontese.it\/cultura-arte-e-spettacolo-a-torino\/files\/2024\/11\/15_Tina-Modotti-Campesinos-che-leggono-El-Machete-Messico-1929-circa-Archivi-Cinemazero-Pordenone-scaled.jpg\"><img loading=\"lazy\" decoding=\"async\" class=\"size-medium wp-image-1411\" src=\"http:\/\/web.quotidianopiemontese.it\/cultura-arte-e-spettacolo-a-torino\/files\/2024\/11\/15_Tina-Modotti-Campesinos-che-leggono-El-Machete-Messico-1929-circa-Archivi-Cinemazero-Pordenone-300x236.jpg\" alt=\"\" width=\"300\" height=\"236\" srcset=\"https:\/\/web.quotidianopiemontese.it\/cultura-arte-e-spettacolo-a-torino\/files\/2024\/11\/15_Tina-Modotti-Campesinos-che-leggono-El-Machete-Messico-1929-circa-Archivi-Cinemazero-Pordenone-300x236.jpg 300w, https:\/\/web.quotidianopiemontese.it\/cultura-arte-e-spettacolo-a-torino\/files\/2024\/11\/15_Tina-Modotti-Campesinos-che-leggono-El-Machete-Messico-1929-circa-Archivi-Cinemazero-Pordenone-1024x805.jpg 1024w, https:\/\/web.quotidianopiemontese.it\/cultura-arte-e-spettacolo-a-torino\/files\/2024\/11\/15_Tina-Modotti-Campesinos-che-leggono-El-Machete-Messico-1929-circa-Archivi-Cinemazero-Pordenone-768x604.jpg 768w, https:\/\/web.quotidianopiemontese.it\/cultura-arte-e-spettacolo-a-torino\/files\/2024\/11\/15_Tina-Modotti-Campesinos-che-leggono-El-Machete-Messico-1929-circa-Archivi-Cinemazero-Pordenone-1536x1207.jpg 1536w, https:\/\/web.quotidianopiemontese.it\/cultura-arte-e-spettacolo-a-torino\/files\/2024\/11\/15_Tina-Modotti-Campesinos-che-leggono-El-Machete-Messico-1929-circa-Archivi-Cinemazero-Pordenone-2048x1609.jpg 2048w, https:\/\/web.quotidianopiemontese.it\/cultura-arte-e-spettacolo-a-torino\/files\/2024\/11\/15_Tina-Modotti-Campesinos-che-leggono-El-Machete-Messico-1929-circa-Archivi-Cinemazero-Pordenone-1200x943.jpg 1200w\" sizes=\"auto, (max-width: 300px) 85vw, 300px\" \/><\/a><figcaption id=\"caption-attachment-1411\" class=\"wp-caption-text\">Tina Modotti,<br \/>Campesinos che leggono \u201cEl Machete\u201d,<br \/>Messico, 1929 circa<br \/>Archivi Cinemazero &#8211; Pordenone<\/figcaption><\/figure>\n<p><strong>Assunta Adelaide Luigia Saltarini Modotti,<\/strong> detta Tina, nasce a <strong>Udine <\/strong>nel 1896 in una famiglia operaia, padre meccanico e carpentiere e madre cucitrice. Costretta a emigrare, arriva a San Francisco nel 1913 e comincia a lavorare in una fabbrica tessile e ad esibirsi nei teatri di Little Italy. Approdata a Hollywood con il marito pittore e poeta <strong>Roubaix de l\u2019Abrie Richey (Robo)<\/strong>, agli inizi degli anni Venti posa come modella per importanti fotografi e recita in alcuni film muti (sar\u00e0 l\u2019unica attrice italiana-insieme con la cantante Lina Cavalieri-a interpretare un ruolo da protagonista nel cinema muto americano).<\/p>\n<figure id=\"attachment_1412\" aria-describedby=\"caption-attachment-1412\" style=\"width: 205px\" class=\"wp-caption alignnone\"><a href=\"http:\/\/web.quotidianopiemontese.it\/cultura-arte-e-spettacolo-a-torino\/files\/2024\/11\/17_Anonimo-Tina-Modotti-a-Hollywood-1920-1921-Archivi-Cinemazero-Pordenone-scaled.jpg\"><img loading=\"lazy\" decoding=\"async\" class=\"size-medium wp-image-1412\" src=\"http:\/\/web.quotidianopiemontese.it\/cultura-arte-e-spettacolo-a-torino\/files\/2024\/11\/17_Anonimo-Tina-Modotti-a-Hollywood-1920-1921-Archivi-Cinemazero-Pordenone-205x300.jpg\" alt=\"\" width=\"205\" height=\"300\" srcset=\"https:\/\/web.quotidianopiemontese.it\/cultura-arte-e-spettacolo-a-torino\/files\/2024\/11\/17_Anonimo-Tina-Modotti-a-Hollywood-1920-1921-Archivi-Cinemazero-Pordenone-205x300.jpg 205w, https:\/\/web.quotidianopiemontese.it\/cultura-arte-e-spettacolo-a-torino\/files\/2024\/11\/17_Anonimo-Tina-Modotti-a-Hollywood-1920-1921-Archivi-Cinemazero-Pordenone-699x1024.jpg 699w, https:\/\/web.quotidianopiemontese.it\/cultura-arte-e-spettacolo-a-torino\/files\/2024\/11\/17_Anonimo-Tina-Modotti-a-Hollywood-1920-1921-Archivi-Cinemazero-Pordenone-768x1126.jpg 768w, https:\/\/web.quotidianopiemontese.it\/cultura-arte-e-spettacolo-a-torino\/files\/2024\/11\/17_Anonimo-Tina-Modotti-a-Hollywood-1920-1921-Archivi-Cinemazero-Pordenone-1048x1536.jpg 1048w, https:\/\/web.quotidianopiemontese.it\/cultura-arte-e-spettacolo-a-torino\/files\/2024\/11\/17_Anonimo-Tina-Modotti-a-Hollywood-1920-1921-Archivi-Cinemazero-Pordenone-1397x2048.jpg 1397w, https:\/\/web.quotidianopiemontese.it\/cultura-arte-e-spettacolo-a-torino\/files\/2024\/11\/17_Anonimo-Tina-Modotti-a-Hollywood-1920-1921-Archivi-Cinemazero-Pordenone-1200x1759.jpg 1200w, https:\/\/web.quotidianopiemontese.it\/cultura-arte-e-spettacolo-a-torino\/files\/2024\/11\/17_Anonimo-Tina-Modotti-a-Hollywood-1920-1921-Archivi-Cinemazero-Pordenone-scaled.jpg 1747w\" sizes=\"auto, (max-width: 205px) 85vw, 205px\" \/><\/a><figcaption id=\"caption-attachment-1412\" class=\"wp-caption-text\">Anonimo,<br \/>Tina Modotti a Hollywood,<br \/>1920-1921<br \/>Archivi Cinemazero &#8211; Pordenone<\/figcaption><\/figure>\n<p>Inquieta e curiosa, talentuosa ed appassionata, dipinge, posa, crea i suoi vestiti di scena, scrive e inizia a interessarsi alla fotografia. Il 1922 rappresenta un anno chiave: la morte prematura del marito Robo e del padre la segnano. L\u2019anno successivo si stabilisce a Citt\u00e0 del Messico con il fotografo <strong>Edward Weston. <\/strong><\/p>\n<p><a href=\"http:\/\/web.quotidianopiemontese.it\/cultura-arte-e-spettacolo-a-torino\/files\/2024\/11\/14_Tina-Modotti-Donna-di-Tehuantepec-Messico-1929-Archivi-Cinemazero-Pordenone.jpg\"><img loading=\"lazy\" decoding=\"async\" class=\"alignnone size-medium wp-image-1415\" src=\"http:\/\/web.quotidianopiemontese.it\/cultura-arte-e-spettacolo-a-torino\/files\/2024\/11\/14_Tina-Modotti-Donna-di-Tehuantepec-Messico-1929-Archivi-Cinemazero-Pordenone-216x300.jpg\" alt=\"\" width=\"216\" height=\"300\" srcset=\"https:\/\/web.quotidianopiemontese.it\/cultura-arte-e-spettacolo-a-torino\/files\/2024\/11\/14_Tina-Modotti-Donna-di-Tehuantepec-Messico-1929-Archivi-Cinemazero-Pordenone-216x300.jpg 216w, https:\/\/web.quotidianopiemontese.it\/cultura-arte-e-spettacolo-a-torino\/files\/2024\/11\/14_Tina-Modotti-Donna-di-Tehuantepec-Messico-1929-Archivi-Cinemazero-Pordenone.jpg 720w\" sizes=\"auto, (max-width: 216px) 85vw, 216px\" \/><\/a><\/p>\n<p>L\u2019abbraccio tra <strong>Tina Modotti <\/strong>ed il <strong>Messico<\/strong> \u00e8 assoluto: pochi artisti hanno legato a doppio filo la propria opera cos\u00ec inscindibilmente a un Paese, e pochi Paesi hanno avuto fotografi capaci di raccontare con tale intensit\u00e0 la bellezza, i caratteri propri e i contrasti che li contraddistinguono. Qui <strong>Tina <\/strong><strong>Modotti<\/strong> affina tecnica e stile, realizzando \u201c<strong>fotografie oneste<\/strong>\u201d, libere da virtuosismi, prediligendo l\u2019immediatezza senza rinunciare alla sperimentazione. In pratica tutta la sua produzione \u00e8 concentrata in Messico, tra il 1923 ed il 1929.<\/p>\n<figure id=\"attachment_1417\" aria-describedby=\"caption-attachment-1417\" style=\"width: 300px\" class=\"wp-caption alignnone\"><a href=\"http:\/\/web.quotidianopiemontese.it\/cultura-arte-e-spettacolo-a-torino\/files\/2024\/11\/04_Tina-Modotti-Mani-sul-badile-Messico-1927-circa-Archivi-Cinemazero-Pordenone-scaled.jpg\"><img loading=\"lazy\" decoding=\"async\" class=\"size-medium wp-image-1417\" src=\"http:\/\/web.quotidianopiemontese.it\/cultura-arte-e-spettacolo-a-torino\/files\/2024\/11\/04_Tina-Modotti-Mani-sul-badile-Messico-1927-circa-Archivi-Cinemazero-Pordenone-300x232.jpg\" alt=\"\" width=\"300\" height=\"232\" srcset=\"https:\/\/web.quotidianopiemontese.it\/cultura-arte-e-spettacolo-a-torino\/files\/2024\/11\/04_Tina-Modotti-Mani-sul-badile-Messico-1927-circa-Archivi-Cinemazero-Pordenone-300x232.jpg 300w, https:\/\/web.quotidianopiemontese.it\/cultura-arte-e-spettacolo-a-torino\/files\/2024\/11\/04_Tina-Modotti-Mani-sul-badile-Messico-1927-circa-Archivi-Cinemazero-Pordenone-1024x792.jpg 1024w, https:\/\/web.quotidianopiemontese.it\/cultura-arte-e-spettacolo-a-torino\/files\/2024\/11\/04_Tina-Modotti-Mani-sul-badile-Messico-1927-circa-Archivi-Cinemazero-Pordenone-768x594.jpg 768w, https:\/\/web.quotidianopiemontese.it\/cultura-arte-e-spettacolo-a-torino\/files\/2024\/11\/04_Tina-Modotti-Mani-sul-badile-Messico-1927-circa-Archivi-Cinemazero-Pordenone-1536x1189.jpg 1536w, https:\/\/web.quotidianopiemontese.it\/cultura-arte-e-spettacolo-a-torino\/files\/2024\/11\/04_Tina-Modotti-Mani-sul-badile-Messico-1927-circa-Archivi-Cinemazero-Pordenone-2048x1585.jpg 2048w, https:\/\/web.quotidianopiemontese.it\/cultura-arte-e-spettacolo-a-torino\/files\/2024\/11\/04_Tina-Modotti-Mani-sul-badile-Messico-1927-circa-Archivi-Cinemazero-Pordenone-1200x929.jpg 1200w\" sizes=\"auto, (max-width: 300px) 85vw, 300px\" \/><\/a><figcaption id=\"caption-attachment-1417\" class=\"wp-caption-text\">Tina Modotti,<br \/>Mani sul badile,<br \/>Messico, 1927 circa<br \/>Archivi Cinemazero &#8211; Pordenone<\/figcaption><\/figure>\n<p>Focalizzandosi sull\u2019essere umano, crea una forma inedita di<strong> documentazione sociale-antropologica<\/strong> accompagnata da forti<strong> rimandi politici<\/strong>, L\u2019impegno civile evocato dalle sue fotografie si riflette anche nelle idee politiche di <strong>Tina Modotti,<\/strong> che non a caso nel 1927 aderisce al partito comunista messicano.<\/p>\n<figure id=\"attachment_1413\" aria-describedby=\"caption-attachment-1413\" style=\"width: 269px\" class=\"wp-caption alignnone\"><a href=\"http:\/\/web.quotidianopiemontese.it\/cultura-arte-e-spettacolo-a-torino\/files\/2024\/11\/09_Tina-Modotti-Marcia-di-campesinos-Messico-1929-circa-Archivi-Cinemazero-Pordenone-scaled.jpg\"><img loading=\"lazy\" decoding=\"async\" class=\"size-medium wp-image-1413\" src=\"http:\/\/web.quotidianopiemontese.it\/cultura-arte-e-spettacolo-a-torino\/files\/2024\/11\/09_Tina-Modotti-Marcia-di-campesinos-Messico-1929-circa-Archivi-Cinemazero-Pordenone-269x300.jpg\" alt=\"\" width=\"269\" height=\"300\" srcset=\"https:\/\/web.quotidianopiemontese.it\/cultura-arte-e-spettacolo-a-torino\/files\/2024\/11\/09_Tina-Modotti-Marcia-di-campesinos-Messico-1929-circa-Archivi-Cinemazero-Pordenone-269x300.jpg 269w, https:\/\/web.quotidianopiemontese.it\/cultura-arte-e-spettacolo-a-torino\/files\/2024\/11\/09_Tina-Modotti-Marcia-di-campesinos-Messico-1929-circa-Archivi-Cinemazero-Pordenone-918x1024.jpg 918w, https:\/\/web.quotidianopiemontese.it\/cultura-arte-e-spettacolo-a-torino\/files\/2024\/11\/09_Tina-Modotti-Marcia-di-campesinos-Messico-1929-circa-Archivi-Cinemazero-Pordenone-768x857.jpg 768w, https:\/\/web.quotidianopiemontese.it\/cultura-arte-e-spettacolo-a-torino\/files\/2024\/11\/09_Tina-Modotti-Marcia-di-campesinos-Messico-1929-circa-Archivi-Cinemazero-Pordenone-1377x1536.jpg 1377w, https:\/\/web.quotidianopiemontese.it\/cultura-arte-e-spettacolo-a-torino\/files\/2024\/11\/09_Tina-Modotti-Marcia-di-campesinos-Messico-1929-circa-Archivi-Cinemazero-Pordenone-1836x2048.jpg 1836w, https:\/\/web.quotidianopiemontese.it\/cultura-arte-e-spettacolo-a-torino\/files\/2024\/11\/09_Tina-Modotti-Marcia-di-campesinos-Messico-1929-circa-Archivi-Cinemazero-Pordenone-1200x1339.jpg 1200w\" sizes=\"auto, (max-width: 269px) 85vw, 269px\" \/><\/a><figcaption id=\"caption-attachment-1413\" class=\"wp-caption-text\">Tina Modotti,<br \/>Marcia di campesinos,<br \/>Messico, 1929 circa<br \/>Archivi Cinemazero &#8211; Pordenone<\/figcaption><\/figure>\n<p>Ha raccontato il folklore (in particolare le processioni con pupazzi e l\u2019intrattenimento ambulante con marionette), l\u2019universo femminile e la fiera bellezza delle donne di<strong> Tehuantepec<\/strong>, l\u2019opera dei muralisti messicani, la crescente disparit\u00e0 fra citt\u00e0 e campagna, la povert\u00e0 rurale, le proteste, i comizi e le manifestazioni politiche. Gli stessi simboli rivoluzionari trovavano spazio in primo piano nelle sue foto. Un\u2019arte sociale e al tempo genuina, che non ha mai smarrito la sua qualit\u00e0 estetica, pedagogica,\u00a0 illustrativa e documentale.<\/p>\n<figure id=\"attachment_1414\" aria-describedby=\"caption-attachment-1414\" style=\"width: 300px\" class=\"wp-caption alignnone\"><a href=\"http:\/\/web.quotidianopiemontese.it\/cultura-arte-e-spettacolo-a-torino\/files\/2024\/11\/03_Tina-Modotti-Concha-Michel-e-i-suoi-assistenti-Messico-1928-Archivi-Cinemazero-Pordenone-scaled.jpg\"><img loading=\"lazy\" decoding=\"async\" class=\"size-medium wp-image-1414\" src=\"http:\/\/web.quotidianopiemontese.it\/cultura-arte-e-spettacolo-a-torino\/files\/2024\/11\/03_Tina-Modotti-Concha-Michel-e-i-suoi-assistenti-Messico-1928-Archivi-Cinemazero-Pordenone-300x218.jpg\" alt=\"\" width=\"300\" height=\"218\" srcset=\"https:\/\/web.quotidianopiemontese.it\/cultura-arte-e-spettacolo-a-torino\/files\/2024\/11\/03_Tina-Modotti-Concha-Michel-e-i-suoi-assistenti-Messico-1928-Archivi-Cinemazero-Pordenone-300x218.jpg 300w, https:\/\/web.quotidianopiemontese.it\/cultura-arte-e-spettacolo-a-torino\/files\/2024\/11\/03_Tina-Modotti-Concha-Michel-e-i-suoi-assistenti-Messico-1928-Archivi-Cinemazero-Pordenone-1024x745.jpg 1024w, https:\/\/web.quotidianopiemontese.it\/cultura-arte-e-spettacolo-a-torino\/files\/2024\/11\/03_Tina-Modotti-Concha-Michel-e-i-suoi-assistenti-Messico-1928-Archivi-Cinemazero-Pordenone-768x559.jpg 768w, https:\/\/web.quotidianopiemontese.it\/cultura-arte-e-spettacolo-a-torino\/files\/2024\/11\/03_Tina-Modotti-Concha-Michel-e-i-suoi-assistenti-Messico-1928-Archivi-Cinemazero-Pordenone-1536x1118.jpg 1536w, https:\/\/web.quotidianopiemontese.it\/cultura-arte-e-spettacolo-a-torino\/files\/2024\/11\/03_Tina-Modotti-Concha-Michel-e-i-suoi-assistenti-Messico-1928-Archivi-Cinemazero-Pordenone-2048x1490.jpg 2048w, https:\/\/web.quotidianopiemontese.it\/cultura-arte-e-spettacolo-a-torino\/files\/2024\/11\/03_Tina-Modotti-Concha-Michel-e-i-suoi-assistenti-Messico-1928-Archivi-Cinemazero-Pordenone-1200x873.jpg 1200w\" sizes=\"auto, (max-width: 300px) 85vw, 300px\" \/><\/a><figcaption id=\"caption-attachment-1414\" class=\"wp-caption-text\">Tina Modotti,<br \/>Concha Michel e i suoi assistenti<br \/>all\u2019inaugurazione della Escuela Libre de<br \/>Agricultura No. 2 \u201cEmiliano Zapata\u201d a Ocopulco,<br \/>Messico, 1928<br \/>Archivi Cinemazero &#8211; Pordenone<\/figcaption><\/figure>\n<p><a href=\"http:\/\/www.camera.to\/\">www.camera.to<\/a><\/p>\n<p>Emanuele Rebuffini<\/p>\n","protected":false},"excerpt":{"rendered":"<p>Chi \u00e8 stata davvero Tina Modotti? Attrice di Hollywood, modella, attivista politica, animatrice del Soccorso Rosso Internazionale, volontaria nella guerra di Spagna, ma prima di tutto fotografa, animata da profondi valori sociali e attenta alla condizione degli ultimi. Un\u2019artista poliedrica<\/p>\n","protected":false},"author":1361,"featured_media":1409,"comment_status":"open","ping_status":"open","sticky":false,"template":"","format":"standard","meta":{"footnotes":""},"categories":[1],"tags":[225,254],"class_list":["post-1408","post","type-post","status-publish","format-standard","has-post-thumbnail","hentry","category-cultura-arte-spettacolo","tag-camera-centro-italiano-per-la-fotografia","tag-tina-modotti"],"yoast_head":"<!-- This site is optimized with the Yoast SEO plugin v27.1.1 - https:\/\/yoast.com\/product\/yoast-seo-wordpress\/ -->\n<title>Le \u201cfoto oneste\u201d di Tina Modotti - 4 Novembre 2024<\/title>\n<meta name=\"description\" content=\"Le \u201cfoto oneste\u201d di Tina Modotti - Cultura, Arte e Spettacolo a Torino - Chi \u00e8 stata davvero Tina Modotti? Attrice di Hollywood, modella, attivista politica, animatrice del Soccorso Rosso Internazionale, volontaria nella guerra - Camera-Centro Italiano per la Fotografia, Tina Modotti\" \/>\n<meta name=\"robots\" content=\"index, follow, max-snippet:-1, max-image-preview:large, max-video-preview:-1\" \/>\n<link rel=\"canonical\" href=\"http:\/\/web.quotidianopiemontese.it\/cultura-arte-e-spettacolo-a-torino\/le-foto-oneste-di-tina-modotti\/\" \/>\n<meta property=\"og:locale\" content=\"it_IT\" \/>\n<meta property=\"og:type\" content=\"article\" \/>\n<meta property=\"og:title\" content=\"Le \u201cfoto oneste\u201d di Tina Modotti - 4 Novembre 2024\" \/>\n<meta property=\"og:description\" content=\"Le \u201cfoto oneste\u201d di Tina Modotti - Cultura, Arte e Spettacolo a Torino - Chi \u00e8 stata davvero Tina Modotti? Attrice di Hollywood, modella, attivista politica, animatrice del Soccorso Rosso Internazionale, volontaria nella guerra - Camera-Centro Italiano per la Fotografia, Tina Modotti\" \/>\n<meta property=\"og:url\" content=\"http:\/\/web.quotidianopiemontese.it\/cultura-arte-e-spettacolo-a-torino\/le-foto-oneste-di-tina-modotti\/\" \/>\n<meta property=\"og:site_name\" content=\"Cultura, Arte e Spettacolo a Torino\" \/>\n<meta property=\"article:publisher\" content=\"https:\/\/www.facebook.com\/quotidianopiemontese?fref=ts\" \/>\n<meta property=\"article:published_time\" content=\"2024-11-04T12:15:27+00:00\" \/>\n<meta property=\"og:image\" content=\"http:\/\/web.quotidianopiemontese.it\/cultura-arte-e-spettacolo-a-torino\/files\/2024\/11\/01_Tina-Modotti-Donna-di-Tehuantepec-Messico-1929Archivi-Cinemazero-Pordenone-scaled.jpg\" \/>\n\t<meta property=\"og:image:width\" content=\"1920\" \/>\n\t<meta property=\"og:image:height\" content=\"2560\" \/>\n\t<meta property=\"og:image:type\" content=\"image\/jpeg\" \/>\n<meta name=\"author\" content=\"Emanuele Rebuffini\" \/>\n<meta name=\"twitter:label1\" content=\"Scritto da\" \/>\n\t<meta name=\"twitter:data1\" content=\"Emanuele Rebuffini\" \/>\n\t<meta name=\"twitter:label2\" content=\"Tempo di lettura stimato\" \/>\n\t<meta name=\"twitter:data2\" content=\"7 minuti\" \/>\n<script type=\"application\/ld+json\" class=\"yoast-schema-graph\">{\"@context\":\"https:\/\/schema.org\",\"@graph\":[{\"@type\":\"Article\",\"@id\":\"http:\/\/web.quotidianopiemontese.it\/cultura-arte-e-spettacolo-a-torino\/le-foto-oneste-di-tina-modotti\/#article\",\"isPartOf\":{\"@id\":\"http:\/\/web.quotidianopiemontese.it\/cultura-arte-e-spettacolo-a-torino\/le-foto-oneste-di-tina-modotti\/\"},\"author\":{\"name\":\"Emanuele Rebuffini\",\"@id\":\"https:\/\/web.quotidianopiemontese.it\/cultura-arte-e-spettacolo-a-torino\/#\/schema\/person\/b035109a4cc7d3e93911b78d8cebf3a0\"},\"headline\":\"Le \u201cfoto oneste\u201d di Tina Modotti\",\"datePublished\":\"2024-11-04T12:15:27+00:00\",\"mainEntityOfPage\":{\"@id\":\"http:\/\/web.quotidianopiemontese.it\/cultura-arte-e-spettacolo-a-torino\/le-foto-oneste-di-tina-modotti\/\"},\"wordCount\":865,\"commentCount\":0,\"image\":{\"@id\":\"http:\/\/web.quotidianopiemontese.it\/cultura-arte-e-spettacolo-a-torino\/le-foto-oneste-di-tina-modotti\/#primaryimage\"},\"thumbnailUrl\":\"https:\/\/web.quotidianopiemontese.it\/cultura-arte-e-spettacolo-a-torino\/files\/2024\/11\/01_Tina-Modotti-Donna-di-Tehuantepec-Messico-1929Archivi-Cinemazero-Pordenone-scaled.jpg\",\"keywords\":[\"Camera-Centro Italiano per la Fotografia\",\"Tina Modotti\"],\"articleSection\":[\"Cultura, arte, spettacolo\"],\"inLanguage\":\"it-IT\",\"potentialAction\":[{\"@type\":\"CommentAction\",\"name\":\"Comment\",\"target\":[\"http:\/\/web.quotidianopiemontese.it\/cultura-arte-e-spettacolo-a-torino\/le-foto-oneste-di-tina-modotti\/#respond\"]}]},{\"@type\":\"WebPage\",\"@id\":\"http:\/\/web.quotidianopiemontese.it\/cultura-arte-e-spettacolo-a-torino\/le-foto-oneste-di-tina-modotti\/\",\"url\":\"http:\/\/web.quotidianopiemontese.it\/cultura-arte-e-spettacolo-a-torino\/le-foto-oneste-di-tina-modotti\/\",\"name\":\"Le \u201cfoto oneste\u201d di Tina Modotti - 4 Novembre 2024\",\"isPartOf\":{\"@id\":\"https:\/\/web.quotidianopiemontese.it\/cultura-arte-e-spettacolo-a-torino\/#website\"},\"primaryImageOfPage\":{\"@id\":\"http:\/\/web.quotidianopiemontese.it\/cultura-arte-e-spettacolo-a-torino\/le-foto-oneste-di-tina-modotti\/#primaryimage\"},\"image\":{\"@id\":\"http:\/\/web.quotidianopiemontese.it\/cultura-arte-e-spettacolo-a-torino\/le-foto-oneste-di-tina-modotti\/#primaryimage\"},\"thumbnailUrl\":\"https:\/\/web.quotidianopiemontese.it\/cultura-arte-e-spettacolo-a-torino\/files\/2024\/11\/01_Tina-Modotti-Donna-di-Tehuantepec-Messico-1929Archivi-Cinemazero-Pordenone-scaled.jpg\",\"datePublished\":\"2024-11-04T12:15:27+00:00\",\"author\":{\"@id\":\"https:\/\/web.quotidianopiemontese.it\/cultura-arte-e-spettacolo-a-torino\/#\/schema\/person\/b035109a4cc7d3e93911b78d8cebf3a0\"},\"description\":\"Le \u201cfoto oneste\u201d di Tina Modotti - Cultura, Arte e Spettacolo a Torino - Chi \u00e8 stata davvero Tina Modotti? Attrice di Hollywood, modella, attivista politica, animatrice del Soccorso Rosso Internazionale, volontaria nella guerra - Camera-Centro Italiano per la Fotografia, Tina Modotti\",\"inLanguage\":\"it-IT\",\"potentialAction\":[{\"@type\":\"ReadAction\",\"target\":[\"http:\/\/web.quotidianopiemontese.it\/cultura-arte-e-spettacolo-a-torino\/le-foto-oneste-di-tina-modotti\/\"]}]},{\"@type\":\"ImageObject\",\"inLanguage\":\"it-IT\",\"@id\":\"http:\/\/web.quotidianopiemontese.it\/cultura-arte-e-spettacolo-a-torino\/le-foto-oneste-di-tina-modotti\/#primaryimage\",\"url\":\"https:\/\/web.quotidianopiemontese.it\/cultura-arte-e-spettacolo-a-torino\/files\/2024\/11\/01_Tina-Modotti-Donna-di-Tehuantepec-Messico-1929Archivi-Cinemazero-Pordenone-scaled.jpg\",\"contentUrl\":\"https:\/\/web.quotidianopiemontese.it\/cultura-arte-e-spettacolo-a-torino\/files\/2024\/11\/01_Tina-Modotti-Donna-di-Tehuantepec-Messico-1929Archivi-Cinemazero-Pordenone-scaled.jpg\",\"width\":1920,\"height\":2560,\"caption\":\"Tina Modotti, Donna di Tehuantepec, Messico, 1929 Archivi Cinemazero - Pordenone\"},{\"@type\":\"WebSite\",\"@id\":\"https:\/\/web.quotidianopiemontese.it\/cultura-arte-e-spettacolo-a-torino\/#website\",\"url\":\"https:\/\/web.quotidianopiemontese.it\/cultura-arte-e-spettacolo-a-torino\/\",\"name\":\"Cultura, Arte e Spettacolo a Torino\",\"description\":\"Quotidiano Piemontese\",\"potentialAction\":[{\"@type\":\"SearchAction\",\"target\":{\"@type\":\"EntryPoint\",\"urlTemplate\":\"https:\/\/web.quotidianopiemontese.it\/cultura-arte-e-spettacolo-a-torino\/?s={search_term_string}\"},\"query-input\":{\"@type\":\"PropertyValueSpecification\",\"valueRequired\":true,\"valueName\":\"search_term_string\"}}],\"inLanguage\":\"it-IT\"},{\"@type\":\"Person\",\"@id\":\"https:\/\/web.quotidianopiemontese.it\/cultura-arte-e-spettacolo-a-torino\/#\/schema\/person\/b035109a4cc7d3e93911b78d8cebf3a0\",\"name\":\"Emanuele Rebuffini\",\"image\":{\"@type\":\"ImageObject\",\"inLanguage\":\"it-IT\",\"@id\":\"https:\/\/web.quotidianopiemontese.it\/cultura-arte-e-spettacolo-a-torino\/#\/schema\/person\/image\/\",\"url\":\"https:\/\/secure.gravatar.com\/avatar\/519a0a38be4cbbcf40fb5bc1b1173a85af291a3a8697df454a94ad7e05574628?s=96&d=mm&r=g\",\"contentUrl\":\"https:\/\/secure.gravatar.com\/avatar\/519a0a38be4cbbcf40fb5bc1b1173a85af291a3a8697df454a94ad7e05574628?s=96&d=mm&r=g\",\"caption\":\"Emanuele Rebuffini\"},\"sameAs\":[\"http:\/\/www.quotidianopiemontese.it\/cultura-arte-e-spettacolo-a-torino\/\"],\"url\":\"https:\/\/web.quotidianopiemontese.it\/cultura-arte-e-spettacolo-a-torino\/author\/emanuelerebuffini\/\"}]}<\/script>\n<!-- \/ Yoast SEO plugin. -->","yoast_head_json":{"title":"Le \u201cfoto oneste\u201d di Tina Modotti - 4 Novembre 2024","description":"Le \u201cfoto oneste\u201d di Tina Modotti - Cultura, Arte e Spettacolo a Torino - Chi \u00e8 stata davvero Tina Modotti? Attrice di Hollywood, modella, attivista politica, animatrice del Soccorso Rosso Internazionale, volontaria nella guerra - Camera-Centro Italiano per la Fotografia, Tina Modotti","robots":{"index":"index","follow":"follow","max-snippet":"max-snippet:-1","max-image-preview":"max-image-preview:large","max-video-preview":"max-video-preview:-1"},"canonical":"http:\/\/web.quotidianopiemontese.it\/cultura-arte-e-spettacolo-a-torino\/le-foto-oneste-di-tina-modotti\/","og_locale":"it_IT","og_type":"article","og_title":"Le \u201cfoto oneste\u201d di Tina Modotti - 4 Novembre 2024","og_description":"Le \u201cfoto oneste\u201d di Tina Modotti - Cultura, Arte e Spettacolo a Torino - Chi \u00e8 stata davvero Tina Modotti? Attrice di Hollywood, modella, attivista politica, animatrice del Soccorso Rosso Internazionale, volontaria nella guerra - Camera-Centro Italiano per la Fotografia, Tina Modotti","og_url":"http:\/\/web.quotidianopiemontese.it\/cultura-arte-e-spettacolo-a-torino\/le-foto-oneste-di-tina-modotti\/","og_site_name":"Cultura, Arte e Spettacolo a Torino","article_publisher":"https:\/\/www.facebook.com\/quotidianopiemontese?fref=ts","article_published_time":"2024-11-04T12:15:27+00:00","og_image":[{"width":1920,"height":2560,"url":"http:\/\/web.quotidianopiemontese.it\/cultura-arte-e-spettacolo-a-torino\/files\/2024\/11\/01_Tina-Modotti-Donna-di-Tehuantepec-Messico-1929Archivi-Cinemazero-Pordenone-scaled.jpg","type":"image\/jpeg"}],"author":"Emanuele Rebuffini","twitter_misc":{"Scritto da":"Emanuele Rebuffini","Tempo di lettura stimato":"7 minuti"},"schema":{"@context":"https:\/\/schema.org","@graph":[{"@type":"Article","@id":"http:\/\/web.quotidianopiemontese.it\/cultura-arte-e-spettacolo-a-torino\/le-foto-oneste-di-tina-modotti\/#article","isPartOf":{"@id":"http:\/\/web.quotidianopiemontese.it\/cultura-arte-e-spettacolo-a-torino\/le-foto-oneste-di-tina-modotti\/"},"author":{"name":"Emanuele Rebuffini","@id":"https:\/\/web.quotidianopiemontese.it\/cultura-arte-e-spettacolo-a-torino\/#\/schema\/person\/b035109a4cc7d3e93911b78d8cebf3a0"},"headline":"Le \u201cfoto oneste\u201d di Tina Modotti","datePublished":"2024-11-04T12:15:27+00:00","mainEntityOfPage":{"@id":"http:\/\/web.quotidianopiemontese.it\/cultura-arte-e-spettacolo-a-torino\/le-foto-oneste-di-tina-modotti\/"},"wordCount":865,"commentCount":0,"image":{"@id":"http:\/\/web.quotidianopiemontese.it\/cultura-arte-e-spettacolo-a-torino\/le-foto-oneste-di-tina-modotti\/#primaryimage"},"thumbnailUrl":"https:\/\/web.quotidianopiemontese.it\/cultura-arte-e-spettacolo-a-torino\/files\/2024\/11\/01_Tina-Modotti-Donna-di-Tehuantepec-Messico-1929Archivi-Cinemazero-Pordenone-scaled.jpg","keywords":["Camera-Centro Italiano per la Fotografia","Tina Modotti"],"articleSection":["Cultura, arte, spettacolo"],"inLanguage":"it-IT","potentialAction":[{"@type":"CommentAction","name":"Comment","target":["http:\/\/web.quotidianopiemontese.it\/cultura-arte-e-spettacolo-a-torino\/le-foto-oneste-di-tina-modotti\/#respond"]}]},{"@type":"WebPage","@id":"http:\/\/web.quotidianopiemontese.it\/cultura-arte-e-spettacolo-a-torino\/le-foto-oneste-di-tina-modotti\/","url":"http:\/\/web.quotidianopiemontese.it\/cultura-arte-e-spettacolo-a-torino\/le-foto-oneste-di-tina-modotti\/","name":"Le \u201cfoto oneste\u201d di Tina Modotti - 4 Novembre 2024","isPartOf":{"@id":"https:\/\/web.quotidianopiemontese.it\/cultura-arte-e-spettacolo-a-torino\/#website"},"primaryImageOfPage":{"@id":"http:\/\/web.quotidianopiemontese.it\/cultura-arte-e-spettacolo-a-torino\/le-foto-oneste-di-tina-modotti\/#primaryimage"},"image":{"@id":"http:\/\/web.quotidianopiemontese.it\/cultura-arte-e-spettacolo-a-torino\/le-foto-oneste-di-tina-modotti\/#primaryimage"},"thumbnailUrl":"https:\/\/web.quotidianopiemontese.it\/cultura-arte-e-spettacolo-a-torino\/files\/2024\/11\/01_Tina-Modotti-Donna-di-Tehuantepec-Messico-1929Archivi-Cinemazero-Pordenone-scaled.jpg","datePublished":"2024-11-04T12:15:27+00:00","author":{"@id":"https:\/\/web.quotidianopiemontese.it\/cultura-arte-e-spettacolo-a-torino\/#\/schema\/person\/b035109a4cc7d3e93911b78d8cebf3a0"},"description":"Le \u201cfoto oneste\u201d di Tina Modotti - Cultura, Arte e Spettacolo a Torino - Chi \u00e8 stata davvero Tina Modotti? Attrice di Hollywood, modella, attivista politica, animatrice del Soccorso Rosso Internazionale, volontaria nella guerra - Camera-Centro Italiano per la Fotografia, Tina Modotti","inLanguage":"it-IT","potentialAction":[{"@type":"ReadAction","target":["http:\/\/web.quotidianopiemontese.it\/cultura-arte-e-spettacolo-a-torino\/le-foto-oneste-di-tina-modotti\/"]}]},{"@type":"ImageObject","inLanguage":"it-IT","@id":"http:\/\/web.quotidianopiemontese.it\/cultura-arte-e-spettacolo-a-torino\/le-foto-oneste-di-tina-modotti\/#primaryimage","url":"https:\/\/web.quotidianopiemontese.it\/cultura-arte-e-spettacolo-a-torino\/files\/2024\/11\/01_Tina-Modotti-Donna-di-Tehuantepec-Messico-1929Archivi-Cinemazero-Pordenone-scaled.jpg","contentUrl":"https:\/\/web.quotidianopiemontese.it\/cultura-arte-e-spettacolo-a-torino\/files\/2024\/11\/01_Tina-Modotti-Donna-di-Tehuantepec-Messico-1929Archivi-Cinemazero-Pordenone-scaled.jpg","width":1920,"height":2560,"caption":"Tina Modotti, Donna di Tehuantepec, Messico, 1929 Archivi Cinemazero - Pordenone"},{"@type":"WebSite","@id":"https:\/\/web.quotidianopiemontese.it\/cultura-arte-e-spettacolo-a-torino\/#website","url":"https:\/\/web.quotidianopiemontese.it\/cultura-arte-e-spettacolo-a-torino\/","name":"Cultura, Arte e Spettacolo a Torino","description":"Quotidiano Piemontese","potentialAction":[{"@type":"SearchAction","target":{"@type":"EntryPoint","urlTemplate":"https:\/\/web.quotidianopiemontese.it\/cultura-arte-e-spettacolo-a-torino\/?s={search_term_string}"},"query-input":{"@type":"PropertyValueSpecification","valueRequired":true,"valueName":"search_term_string"}}],"inLanguage":"it-IT"},{"@type":"Person","@id":"https:\/\/web.quotidianopiemontese.it\/cultura-arte-e-spettacolo-a-torino\/#\/schema\/person\/b035109a4cc7d3e93911b78d8cebf3a0","name":"Emanuele Rebuffini","image":{"@type":"ImageObject","inLanguage":"it-IT","@id":"https:\/\/web.quotidianopiemontese.it\/cultura-arte-e-spettacolo-a-torino\/#\/schema\/person\/image\/","url":"https:\/\/secure.gravatar.com\/avatar\/519a0a38be4cbbcf40fb5bc1b1173a85af291a3a8697df454a94ad7e05574628?s=96&d=mm&r=g","contentUrl":"https:\/\/secure.gravatar.com\/avatar\/519a0a38be4cbbcf40fb5bc1b1173a85af291a3a8697df454a94ad7e05574628?s=96&d=mm&r=g","caption":"Emanuele Rebuffini"},"sameAs":["http:\/\/www.quotidianopiemontese.it\/cultura-arte-e-spettacolo-a-torino\/"],"url":"https:\/\/web.quotidianopiemontese.it\/cultura-arte-e-spettacolo-a-torino\/author\/emanuelerebuffini\/"}]}},"_links":{"self":[{"href":"https:\/\/web.quotidianopiemontese.it\/cultura-arte-e-spettacolo-a-torino\/wp-json\/wp\/v2\/posts\/1408","targetHints":{"allow":["GET"]}}],"collection":[{"href":"https:\/\/web.quotidianopiemontese.it\/cultura-arte-e-spettacolo-a-torino\/wp-json\/wp\/v2\/posts"}],"about":[{"href":"https:\/\/web.quotidianopiemontese.it\/cultura-arte-e-spettacolo-a-torino\/wp-json\/wp\/v2\/types\/post"}],"author":[{"embeddable":true,"href":"https:\/\/web.quotidianopiemontese.it\/cultura-arte-e-spettacolo-a-torino\/wp-json\/wp\/v2\/users\/1361"}],"replies":[{"embeddable":true,"href":"https:\/\/web.quotidianopiemontese.it\/cultura-arte-e-spettacolo-a-torino\/wp-json\/wp\/v2\/comments?post=1408"}],"version-history":[{"count":1,"href":"https:\/\/web.quotidianopiemontese.it\/cultura-arte-e-spettacolo-a-torino\/wp-json\/wp\/v2\/posts\/1408\/revisions"}],"predecessor-version":[{"id":1418,"href":"https:\/\/web.quotidianopiemontese.it\/cultura-arte-e-spettacolo-a-torino\/wp-json\/wp\/v2\/posts\/1408\/revisions\/1418"}],"wp:featuredmedia":[{"embeddable":true,"href":"https:\/\/web.quotidianopiemontese.it\/cultura-arte-e-spettacolo-a-torino\/wp-json\/wp\/v2\/media\/1409"}],"wp:attachment":[{"href":"https:\/\/web.quotidianopiemontese.it\/cultura-arte-e-spettacolo-a-torino\/wp-json\/wp\/v2\/media?parent=1408"}],"wp:term":[{"taxonomy":"category","embeddable":true,"href":"https:\/\/web.quotidianopiemontese.it\/cultura-arte-e-spettacolo-a-torino\/wp-json\/wp\/v2\/categories?post=1408"},{"taxonomy":"post_tag","embeddable":true,"href":"https:\/\/web.quotidianopiemontese.it\/cultura-arte-e-spettacolo-a-torino\/wp-json\/wp\/v2\/tags?post=1408"}],"curies":[{"name":"wp","href":"https:\/\/api.w.org\/{rel}","templated":true}]}}