{"id":1350,"date":"2024-05-02T12:33:56","date_gmt":"2024-05-02T10:33:56","guid":{"rendered":"https:\/\/web.quotidianopiemontese.it\/cultura-arte-e-spettacolo-a-torino\/?p=1350"},"modified":"2024-05-02T12:33:56","modified_gmt":"2024-05-02T10:33:56","slug":"segni-numeri-colori-giorgio-griffa-a-miradolo","status":"publish","type":"post","link":"https:\/\/web.quotidianopiemontese.it\/cultura-arte-e-spettacolo-a-torino\/segni-numeri-colori-giorgio-griffa-a-miradolo\/","title":{"rendered":"Segni, numeri, colori. Giorgio Griffa a Miradolo"},"content":{"rendered":"<p>\u00abIo non rappresento nulla, io dipingo\u00bb. Cos\u00ec descrive il proprio lavoro <strong>Giorgio Griffa<\/strong> (Torino, 1936), tra i principali esponenti a livello internazionale della ricerca pittorica contemporanea, <!--more-->che in oltre 50 anni di ricerca artistica \u00e8 stato associato ora all\u2019Arte Povera, ora alla Pittura Analitica e al Minimalismo, senza mai appartenere davvero ad una specifica corrente, ma distinguendosi per originalit\u00e0, vitalit\u00e0 e poetica. Fino al <strong>25 dicembre<\/strong> il <strong>Castello di Miradolo <\/strong>gli rende omaggio con la mostra <strong>\u00ab<\/strong><strong>Giorgio Griffa. Una linea, Montale e qualcos\u2019altro<\/strong><strong><em>\u00bb<\/em><\/strong><strong><em>. <\/em><\/strong>Prodotta dalla <strong>Fondazione Cosso<\/strong> e dalla <strong>Fondazione Giorgio Griffa,<\/strong> e curata da <strong>Giulio Caresio<\/strong> e <strong>Roberto Galimberti,<\/strong> la mostra coinvolge tutti gli spazi del Castello, non solo le sale interne, ma la serra e il parco, dove <strong>Giorgio Griffa <\/strong>ha realizzato alcune opere site specific.<\/p>\n<figure id=\"attachment_1352\" aria-describedby=\"caption-attachment-1352\" style=\"width: 300px\" class=\"wp-caption alignnone\"><a href=\"http:\/\/web.quotidianopiemontese.it\/cultura-arte-e-spettacolo-a-torino\/files\/2024\/05\/AGG1995-021-scaled.jpg\"><img loading=\"lazy\" decoding=\"async\" class=\"size-medium wp-image-1352\" src=\"http:\/\/web.quotidianopiemontese.it\/cultura-arte-e-spettacolo-a-torino\/files\/2024\/05\/AGG1995-021-300x211.jpg\" alt=\"\" width=\"300\" height=\"211\" srcset=\"https:\/\/web.quotidianopiemontese.it\/cultura-arte-e-spettacolo-a-torino\/files\/2024\/05\/AGG1995-021-300x211.jpg 300w, https:\/\/web.quotidianopiemontese.it\/cultura-arte-e-spettacolo-a-torino\/files\/2024\/05\/AGG1995-021-1024x719.jpg 1024w, https:\/\/web.quotidianopiemontese.it\/cultura-arte-e-spettacolo-a-torino\/files\/2024\/05\/AGG1995-021-768x539.jpg 768w, https:\/\/web.quotidianopiemontese.it\/cultura-arte-e-spettacolo-a-torino\/files\/2024\/05\/AGG1995-021-1536x1078.jpg 1536w, https:\/\/web.quotidianopiemontese.it\/cultura-arte-e-spettacolo-a-torino\/files\/2024\/05\/AGG1995-021-2048x1437.jpg 2048w, https:\/\/web.quotidianopiemontese.it\/cultura-arte-e-spettacolo-a-torino\/files\/2024\/05\/AGG1995-021-1200x842.jpg 1200w\" sizes=\"auto, (max-width: 300px) 85vw, 300px\" \/><\/a><figcaption id=\"caption-attachment-1352\" class=\"wp-caption-text\">Giorgio Griffa, Piccolo Dioniso, 1995, 80&#215;120 cm, acrylic on canvas (tarlatana)<br \/>\u00a9 Giulio Caresio, courtesy Archivio Giorgio Griffa<\/figcaption><\/figure>\n<p>Il raffinato ed emozionante percorso espositivo ospita una ventina di lavori storici in cornice su carta e tela, da <em>\u201cOrizzontale\u201d<\/em> del 1973 a <em>\u201cPiccolo Dioniso\u201d<\/em> del 1995, e per la prima volta sono esposti insieme i <em>\u201cBianchi\u201d,<\/em> realizzati cavallo tra gli anni \u201870 e \u201880, quando <strong>Giorgio Griffa<\/strong> si trov\u00f2 a dipingere d\u2019estate in una casa nel bosco. Sopraffatto dal verde della natura si rese conto di non riuscire a gestire i suoi soliti colori e decise quindi di dipingere utilizzando solo il bianco.<\/p>\n<figure id=\"attachment_1353\" aria-describedby=\"caption-attachment-1353\" style=\"width: 300px\" class=\"wp-caption alignnone\"><a href=\"http:\/\/web.quotidianopiemontese.it\/cultura-arte-e-spettacolo-a-torino\/files\/2024\/05\/AGG2015-048-scaled.jpeg\"><img loading=\"lazy\" decoding=\"async\" class=\"size-medium wp-image-1353\" src=\"http:\/\/web.quotidianopiemontese.it\/cultura-arte-e-spettacolo-a-torino\/files\/2024\/05\/AGG2015-048-300x216.jpeg\" alt=\"\" width=\"300\" height=\"216\" srcset=\"https:\/\/web.quotidianopiemontese.it\/cultura-arte-e-spettacolo-a-torino\/files\/2024\/05\/AGG2015-048-300x216.jpeg 300w, https:\/\/web.quotidianopiemontese.it\/cultura-arte-e-spettacolo-a-torino\/files\/2024\/05\/AGG2015-048-1024x736.jpeg 1024w, https:\/\/web.quotidianopiemontese.it\/cultura-arte-e-spettacolo-a-torino\/files\/2024\/05\/AGG2015-048-768x552.jpeg 768w, https:\/\/web.quotidianopiemontese.it\/cultura-arte-e-spettacolo-a-torino\/files\/2024\/05\/AGG2015-048-1536x1104.jpeg 1536w, https:\/\/web.quotidianopiemontese.it\/cultura-arte-e-spettacolo-a-torino\/files\/2024\/05\/AGG2015-048-2048x1472.jpeg 2048w, https:\/\/web.quotidianopiemontese.it\/cultura-arte-e-spettacolo-a-torino\/files\/2024\/05\/AGG2015-048-1200x862.jpeg 1200w\" sizes=\"auto, (max-width: 300px) 85vw, 300px\" \/><\/a><figcaption id=\"caption-attachment-1353\" class=\"wp-caption-text\">Giorgio Griffa, Canone aureo 749, 2015, 52&#215;73 cm, watercolor on paper<br \/>\u00a9 Giulio Caresio, courtesy Archivio Giorgio Griffa<\/figcaption><\/figure>\n<p>I 36 metri della serra sono scanditi dalle 18 tele di un lungo <em>\u201cCanone Aureo 980\u201d,<\/em> che appartiene al ciclo di lavori iniziato negli anni Duemila e dedicato alla sezione aurea. Qui, un\u2019installazione di leggere tele trasparenti richiama la poesia <em>\u201cArte povera\u201d<\/em> con cui nel 1971 <strong>Eugenio Montale<\/strong> riflette e ironizza sulla sua attivit\u00e0 di pittore (da qui il titolo della mostra). In una sala del castello, <em>\u201cVenti frammenti\u201d<\/em> \u00e8 costituito da 20 porzioni di tela diverse per natura e per forma: concepita come installazione temporanea, \u00e8 poi diventata permanente.<\/p>\n<figure id=\"attachment_1354\" aria-describedby=\"caption-attachment-1354\" style=\"width: 300px\" class=\"wp-caption alignnone\"><a href=\"http:\/\/web.quotidianopiemontese.it\/cultura-arte-e-spettacolo-a-torino\/files\/2024\/05\/AGG2015-045-scaled.jpeg\"><img loading=\"lazy\" decoding=\"async\" class=\"size-medium wp-image-1354\" src=\"http:\/\/web.quotidianopiemontese.it\/cultura-arte-e-spettacolo-a-torino\/files\/2024\/05\/AGG2015-045-300x134.jpeg\" alt=\"\" width=\"300\" height=\"134\" srcset=\"https:\/\/web.quotidianopiemontese.it\/cultura-arte-e-spettacolo-a-torino\/files\/2024\/05\/AGG2015-045-300x134.jpeg 300w, https:\/\/web.quotidianopiemontese.it\/cultura-arte-e-spettacolo-a-torino\/files\/2024\/05\/AGG2015-045-1024x456.jpeg 1024w, https:\/\/web.quotidianopiemontese.it\/cultura-arte-e-spettacolo-a-torino\/files\/2024\/05\/AGG2015-045-768x342.jpeg 768w, https:\/\/web.quotidianopiemontese.it\/cultura-arte-e-spettacolo-a-torino\/files\/2024\/05\/AGG2015-045-1536x685.jpeg 1536w, https:\/\/web.quotidianopiemontese.it\/cultura-arte-e-spettacolo-a-torino\/files\/2024\/05\/AGG2015-045-2048x913.jpeg 2048w, https:\/\/web.quotidianopiemontese.it\/cultura-arte-e-spettacolo-a-torino\/files\/2024\/05\/AGG2015-045-1200x535.jpeg 1200w\" sizes=\"auto, (max-width: 300px) 85vw, 300px\" \/><\/a><figcaption id=\"caption-attachment-1354\" class=\"wp-caption-text\">Giorgio Griffa, Canone aureo 894, 2015, 51&#215;148 cm, indian ink on paper (carta da spolvero),<br \/>tempera on paper (carta da spolvero)<br \/>\u00a9 Giulio Caresio, courtesy Archivio Giorgio Griffa<\/figcaption><\/figure>\n<p>Nel parco l\u2019installazione <em>\u201cSei colori\u201d<\/em> \u00e8 composta da tre tele con colori complementari, posizionate come stendardi sugli alberi monumentali e destinate a includere i segni lasciati dal tempo: umidit\u00e0, pioggia, neve, insetti e altro.<\/p>\n<p><a href=\"http:\/\/web.quotidianopiemontese.it\/cultura-arte-e-spettacolo-a-torino\/files\/2024\/05\/bea428d1-48e1-431b-aa85-504b340831dc.jpeg\"><img loading=\"lazy\" decoding=\"async\" class=\"alignnone size-medium wp-image-1355\" src=\"http:\/\/web.quotidianopiemontese.it\/cultura-arte-e-spettacolo-a-torino\/files\/2024\/05\/bea428d1-48e1-431b-aa85-504b340831dc-300x300.jpeg\" alt=\"\" width=\"300\" height=\"300\" srcset=\"https:\/\/web.quotidianopiemontese.it\/cultura-arte-e-spettacolo-a-torino\/files\/2024\/05\/bea428d1-48e1-431b-aa85-504b340831dc-300x300.jpeg 300w, https:\/\/web.quotidianopiemontese.it\/cultura-arte-e-spettacolo-a-torino\/files\/2024\/05\/bea428d1-48e1-431b-aa85-504b340831dc-1024x1024.jpeg 1024w, https:\/\/web.quotidianopiemontese.it\/cultura-arte-e-spettacolo-a-torino\/files\/2024\/05\/bea428d1-48e1-431b-aa85-504b340831dc-150x150.jpeg 150w, https:\/\/web.quotidianopiemontese.it\/cultura-arte-e-spettacolo-a-torino\/files\/2024\/05\/bea428d1-48e1-431b-aa85-504b340831dc-768x768.jpeg 768w, https:\/\/web.quotidianopiemontese.it\/cultura-arte-e-spettacolo-a-torino\/files\/2024\/05\/bea428d1-48e1-431b-aa85-504b340831dc-1536x1536.jpeg 1536w, https:\/\/web.quotidianopiemontese.it\/cultura-arte-e-spettacolo-a-torino\/files\/2024\/05\/bea428d1-48e1-431b-aa85-504b340831dc-1200x1200.jpeg 1200w, https:\/\/web.quotidianopiemontese.it\/cultura-arte-e-spettacolo-a-torino\/files\/2024\/05\/bea428d1-48e1-431b-aa85-504b340831dc.jpeg 1728w\" sizes=\"auto, (max-width: 300px) 85vw, 300px\" \/><\/a><\/p>\n<p>Sul grande prato del castello, una serie di ceramiche bianche e blu tracciano <em>\u201cUna linea\u201d,<\/em> collegando una quercia caduta con l\u2019antica dimora che fu della Contessa Sofia di Bricherasio, mettendo cos\u00ec in relazione natura e architettura. Nel canneto di bamb\u00f9 gigante, in <em>\u201cUn filo\u201d<\/em> corde bianche parallele disegnano linee spezzate che, come un pentagramma, organizzano ritmicamente e filtrano le energie del parco.<\/p>\n<figure id=\"attachment_1356\" aria-describedby=\"caption-attachment-1356\" style=\"width: 300px\" class=\"wp-caption alignnone\"><a href=\"http:\/\/web.quotidianopiemontese.it\/cultura-arte-e-spettacolo-a-torino\/files\/2024\/05\/AGG2019-085-scaled.jpg\"><img loading=\"lazy\" decoding=\"async\" class=\"size-medium wp-image-1356\" src=\"http:\/\/web.quotidianopiemontese.it\/cultura-arte-e-spettacolo-a-torino\/files\/2024\/05\/AGG2019-085-300x116.jpg\" alt=\"\" width=\"300\" height=\"116\" srcset=\"https:\/\/web.quotidianopiemontese.it\/cultura-arte-e-spettacolo-a-torino\/files\/2024\/05\/AGG2019-085-300x116.jpg 300w, https:\/\/web.quotidianopiemontese.it\/cultura-arte-e-spettacolo-a-torino\/files\/2024\/05\/AGG2019-085-1024x395.jpg 1024w, https:\/\/web.quotidianopiemontese.it\/cultura-arte-e-spettacolo-a-torino\/files\/2024\/05\/AGG2019-085-768x296.jpg 768w, https:\/\/web.quotidianopiemontese.it\/cultura-arte-e-spettacolo-a-torino\/files\/2024\/05\/AGG2019-085-1536x592.jpg 1536w, https:\/\/web.quotidianopiemontese.it\/cultura-arte-e-spettacolo-a-torino\/files\/2024\/05\/AGG2019-085-2048x789.jpg 2048w, https:\/\/web.quotidianopiemontese.it\/cultura-arte-e-spettacolo-a-torino\/files\/2024\/05\/AGG2019-085-1200x462.jpg 1200w\" sizes=\"auto, (max-width: 300px) 85vw, 300px\" \/><\/a><figcaption id=\"caption-attachment-1356\" class=\"wp-caption-text\">Giorgio Griffa, Montale, 2019, 250&#215;650 cm, acrylic on canvas<br \/>\u00a9 Giulio Caresio, courtesy Archivio Giorgio Griffa<\/figcaption><\/figure>\n<p>La mostra \u00e8 accompagnata da una coinvolgente installazione sonora, a cura del progetto artistico <em>Avant derni\u00e8re pens\u00e9e<\/em>, con frammenti musicali di John Cage, Chick Corea, Steve Reich, Claude Debussy, Arvo P\u00e4rt e Johann Sebastian Bach. \u00abL\u2019immagine musicale-scrive <strong>Giorgio Griffa<\/strong>-percorre anch\u2019essa il mondo nascosto, ci introduce in esso, impone silenzio alla ragione e la ragione ci aiuta a capire l\u2019importanza estrema del suo silenzio. Apre la porta al nostro intimo profondo e sconosciuto\u00bb.<\/p>\n<p><a href=\"http:\/\/www.fondazionecosso.com\">http:\/\/www.fondazionecosso.com<\/a><\/p>\n<p><strong>Emanuele Rebuffini<\/strong><\/p>\n<figure id=\"attachment_1357\" aria-describedby=\"caption-attachment-1357\" style=\"width: 300px\" class=\"wp-caption alignnone\"><a href=\"http:\/\/web.quotidianopiemontese.it\/cultura-arte-e-spettacolo-a-torino\/files\/2024\/05\/b1162a5a-195d-439b-8491-5f0e3182ad8f.jpeg\"><img loading=\"lazy\" decoding=\"async\" class=\"size-medium wp-image-1357\" src=\"http:\/\/web.quotidianopiemontese.it\/cultura-arte-e-spettacolo-a-torino\/files\/2024\/05\/b1162a5a-195d-439b-8491-5f0e3182ad8f-300x300.jpeg\" alt=\"\" width=\"300\" height=\"300\" srcset=\"https:\/\/web.quotidianopiemontese.it\/cultura-arte-e-spettacolo-a-torino\/files\/2024\/05\/b1162a5a-195d-439b-8491-5f0e3182ad8f-300x300.jpeg 300w, https:\/\/web.quotidianopiemontese.it\/cultura-arte-e-spettacolo-a-torino\/files\/2024\/05\/b1162a5a-195d-439b-8491-5f0e3182ad8f-1024x1024.jpeg 1024w, https:\/\/web.quotidianopiemontese.it\/cultura-arte-e-spettacolo-a-torino\/files\/2024\/05\/b1162a5a-195d-439b-8491-5f0e3182ad8f-150x150.jpeg 150w, https:\/\/web.quotidianopiemontese.it\/cultura-arte-e-spettacolo-a-torino\/files\/2024\/05\/b1162a5a-195d-439b-8491-5f0e3182ad8f-768x768.jpeg 768w, https:\/\/web.quotidianopiemontese.it\/cultura-arte-e-spettacolo-a-torino\/files\/2024\/05\/b1162a5a-195d-439b-8491-5f0e3182ad8f-1536x1536.jpeg 1536w, https:\/\/web.quotidianopiemontese.it\/cultura-arte-e-spettacolo-a-torino\/files\/2024\/05\/b1162a5a-195d-439b-8491-5f0e3182ad8f-1200x1200.jpeg 1200w, https:\/\/web.quotidianopiemontese.it\/cultura-arte-e-spettacolo-a-torino\/files\/2024\/05\/b1162a5a-195d-439b-8491-5f0e3182ad8f.jpeg 1728w\" sizes=\"auto, (max-width: 300px) 85vw, 300px\" \/><\/a><figcaption id=\"caption-attachment-1357\" class=\"wp-caption-text\">Dalla serie &#8220;Bianchi&#8221;<\/figcaption><\/figure>\n<p>&nbsp;<\/p>\n","protected":false},"excerpt":{"rendered":"<p>\u00abIo non rappresento nulla, io dipingo\u00bb. Cos\u00ec descrive il proprio lavoro Giorgio Griffa (Torino, 1936), tra i principali esponenti a livello internazionale della ricerca pittorica contemporanea,<\/p>\n","protected":false},"author":1361,"featured_media":1351,"comment_status":"open","ping_status":"open","sticky":false,"template":"","format":"standard","meta":{"footnotes":""},"categories":[1],"tags":[228,227,245],"class_list":["post-1350","post","type-post","status-publish","format-standard","has-post-thumbnail","hentry","category-cultura-arte-spettacolo","tag-castello-di-miradolo","tag-fondazione-cosso","tag-giorgio-griffa"],"yoast_head":"<!-- This site is optimized with the Yoast SEO plugin v27.1.1 - https:\/\/yoast.com\/product\/yoast-seo-wordpress\/ -->\n<title>Segni, numeri, colori. Giorgio Griffa a Miradolo - 2 Maggio 2024<\/title>\n<meta name=\"description\" content=\"Segni, numeri, colori. Giorgio Griffa a Miradolo - Cultura, Arte e Spettacolo a Torino - \u00abIo non rappresento nulla, io dipingo\u00bb. Cos\u00ec descrive il proprio lavoro Giorgio Griffa (Torino, 1936), tra i principali esponenti a livello internazionale - castello di Miradolo, Fondazione Cosso, Giorgio Griffa\" \/>\n<meta name=\"robots\" content=\"index, follow, max-snippet:-1, max-image-preview:large, max-video-preview:-1\" \/>\n<link rel=\"canonical\" href=\"http:\/\/web.quotidianopiemontese.it\/cultura-arte-e-spettacolo-a-torino\/segni-numeri-colori-giorgio-griffa-a-miradolo\/\" \/>\n<meta property=\"og:locale\" content=\"it_IT\" \/>\n<meta property=\"og:type\" content=\"article\" \/>\n<meta property=\"og:title\" content=\"Segni, numeri, colori. Giorgio Griffa a Miradolo - 2 Maggio 2024\" \/>\n<meta property=\"og:description\" content=\"Segni, numeri, colori. Giorgio Griffa a Miradolo - Cultura, Arte e Spettacolo a Torino - \u00abIo non rappresento nulla, io dipingo\u00bb. Cos\u00ec descrive il proprio lavoro Giorgio Griffa (Torino, 1936), tra i principali esponenti a livello internazionale - castello di Miradolo, Fondazione Cosso, Giorgio Griffa\" \/>\n<meta property=\"og:url\" content=\"http:\/\/web.quotidianopiemontese.it\/cultura-arte-e-spettacolo-a-torino\/segni-numeri-colori-giorgio-griffa-a-miradolo\/\" \/>\n<meta property=\"og:site_name\" content=\"Cultura, Arte e Spettacolo a Torino\" \/>\n<meta property=\"article:publisher\" content=\"https:\/\/www.facebook.com\/quotidianopiemontese?fref=ts\" \/>\n<meta property=\"article:published_time\" content=\"2024-05-02T10:33:56+00:00\" \/>\n<meta property=\"og:image\" content=\"http:\/\/web.quotidianopiemontese.it\/cultura-arte-e-spettacolo-a-torino\/files\/2024\/05\/4-GIORGIOGRIFFA-Studio-painting-IMG_4404-scaled.jpg\" \/>\n\t<meta property=\"og:image:width\" content=\"2560\" \/>\n\t<meta property=\"og:image:height\" content=\"1707\" \/>\n\t<meta property=\"og:image:type\" content=\"image\/jpeg\" \/>\n<meta name=\"author\" content=\"Emanuele Rebuffini\" \/>\n<meta name=\"twitter:label1\" content=\"Scritto da\" \/>\n\t<meta name=\"twitter:data1\" content=\"Emanuele Rebuffini\" \/>\n\t<meta name=\"twitter:label2\" content=\"Tempo di lettura stimato\" \/>\n\t<meta name=\"twitter:data2\" content=\"5 minuti\" \/>\n<script type=\"application\/ld+json\" class=\"yoast-schema-graph\">{\"@context\":\"https:\/\/schema.org\",\"@graph\":[{\"@type\":\"Article\",\"@id\":\"http:\/\/web.quotidianopiemontese.it\/cultura-arte-e-spettacolo-a-torino\/segni-numeri-colori-giorgio-griffa-a-miradolo\/#article\",\"isPartOf\":{\"@id\":\"http:\/\/web.quotidianopiemontese.it\/cultura-arte-e-spettacolo-a-torino\/segni-numeri-colori-giorgio-griffa-a-miradolo\/\"},\"author\":{\"name\":\"Emanuele Rebuffini\",\"@id\":\"https:\/\/web.quotidianopiemontese.it\/cultura-arte-e-spettacolo-a-torino\/#\/schema\/person\/b035109a4cc7d3e93911b78d8cebf3a0\"},\"headline\":\"Segni, numeri, colori. Giorgio Griffa a Miradolo\",\"datePublished\":\"2024-05-02T10:33:56+00:00\",\"mainEntityOfPage\":{\"@id\":\"http:\/\/web.quotidianopiemontese.it\/cultura-arte-e-spettacolo-a-torino\/segni-numeri-colori-giorgio-griffa-a-miradolo\/\"},\"wordCount\":587,\"commentCount\":0,\"image\":{\"@id\":\"http:\/\/web.quotidianopiemontese.it\/cultura-arte-e-spettacolo-a-torino\/segni-numeri-colori-giorgio-griffa-a-miradolo\/#primaryimage\"},\"thumbnailUrl\":\"https:\/\/web.quotidianopiemontese.it\/cultura-arte-e-spettacolo-a-torino\/files\/2024\/05\/4-GIORGIOGRIFFA-Studio-painting-IMG_4404-scaled.jpg\",\"keywords\":[\"castello di Miradolo\",\"Fondazione Cosso\",\"Giorgio Griffa\"],\"articleSection\":[\"Cultura, arte, spettacolo\"],\"inLanguage\":\"it-IT\",\"potentialAction\":[{\"@type\":\"CommentAction\",\"name\":\"Comment\",\"target\":[\"http:\/\/web.quotidianopiemontese.it\/cultura-arte-e-spettacolo-a-torino\/segni-numeri-colori-giorgio-griffa-a-miradolo\/#respond\"]}]},{\"@type\":\"WebPage\",\"@id\":\"http:\/\/web.quotidianopiemontese.it\/cultura-arte-e-spettacolo-a-torino\/segni-numeri-colori-giorgio-griffa-a-miradolo\/\",\"url\":\"http:\/\/web.quotidianopiemontese.it\/cultura-arte-e-spettacolo-a-torino\/segni-numeri-colori-giorgio-griffa-a-miradolo\/\",\"name\":\"Segni, numeri, colori. Giorgio Griffa a Miradolo - 2 Maggio 2024\",\"isPartOf\":{\"@id\":\"https:\/\/web.quotidianopiemontese.it\/cultura-arte-e-spettacolo-a-torino\/#website\"},\"primaryImageOfPage\":{\"@id\":\"http:\/\/web.quotidianopiemontese.it\/cultura-arte-e-spettacolo-a-torino\/segni-numeri-colori-giorgio-griffa-a-miradolo\/#primaryimage\"},\"image\":{\"@id\":\"http:\/\/web.quotidianopiemontese.it\/cultura-arte-e-spettacolo-a-torino\/segni-numeri-colori-giorgio-griffa-a-miradolo\/#primaryimage\"},\"thumbnailUrl\":\"https:\/\/web.quotidianopiemontese.it\/cultura-arte-e-spettacolo-a-torino\/files\/2024\/05\/4-GIORGIOGRIFFA-Studio-painting-IMG_4404-scaled.jpg\",\"datePublished\":\"2024-05-02T10:33:56+00:00\",\"author\":{\"@id\":\"https:\/\/web.quotidianopiemontese.it\/cultura-arte-e-spettacolo-a-torino\/#\/schema\/person\/b035109a4cc7d3e93911b78d8cebf3a0\"},\"description\":\"Segni, numeri, colori. Giorgio Griffa a Miradolo - Cultura, Arte e Spettacolo a Torino - \u00abIo non rappresento nulla, io dipingo\u00bb. Cos\u00ec descrive il proprio lavoro Giorgio Griffa (Torino, 1936), tra i principali esponenti a livello internazionale - castello di Miradolo, Fondazione Cosso, Giorgio Griffa\",\"inLanguage\":\"it-IT\",\"potentialAction\":[{\"@type\":\"ReadAction\",\"target\":[\"http:\/\/web.quotidianopiemontese.it\/cultura-arte-e-spettacolo-a-torino\/segni-numeri-colori-giorgio-griffa-a-miradolo\/\"]}]},{\"@type\":\"ImageObject\",\"inLanguage\":\"it-IT\",\"@id\":\"http:\/\/web.quotidianopiemontese.it\/cultura-arte-e-spettacolo-a-torino\/segni-numeri-colori-giorgio-griffa-a-miradolo\/#primaryimage\",\"url\":\"https:\/\/web.quotidianopiemontese.it\/cultura-arte-e-spettacolo-a-torino\/files\/2024\/05\/4-GIORGIOGRIFFA-Studio-painting-IMG_4404-scaled.jpg\",\"contentUrl\":\"https:\/\/web.quotidianopiemontese.it\/cultura-arte-e-spettacolo-a-torino\/files\/2024\/05\/4-GIORGIOGRIFFA-Studio-painting-IMG_4404-scaled.jpg\",\"width\":2560,\"height\":1707},{\"@type\":\"WebSite\",\"@id\":\"https:\/\/web.quotidianopiemontese.it\/cultura-arte-e-spettacolo-a-torino\/#website\",\"url\":\"https:\/\/web.quotidianopiemontese.it\/cultura-arte-e-spettacolo-a-torino\/\",\"name\":\"Cultura, Arte e Spettacolo a Torino\",\"description\":\"Quotidiano Piemontese\",\"potentialAction\":[{\"@type\":\"SearchAction\",\"target\":{\"@type\":\"EntryPoint\",\"urlTemplate\":\"https:\/\/web.quotidianopiemontese.it\/cultura-arte-e-spettacolo-a-torino\/?s={search_term_string}\"},\"query-input\":{\"@type\":\"PropertyValueSpecification\",\"valueRequired\":true,\"valueName\":\"search_term_string\"}}],\"inLanguage\":\"it-IT\"},{\"@type\":\"Person\",\"@id\":\"https:\/\/web.quotidianopiemontese.it\/cultura-arte-e-spettacolo-a-torino\/#\/schema\/person\/b035109a4cc7d3e93911b78d8cebf3a0\",\"name\":\"Emanuele Rebuffini\",\"image\":{\"@type\":\"ImageObject\",\"inLanguage\":\"it-IT\",\"@id\":\"https:\/\/web.quotidianopiemontese.it\/cultura-arte-e-spettacolo-a-torino\/#\/schema\/person\/image\/\",\"url\":\"https:\/\/secure.gravatar.com\/avatar\/519a0a38be4cbbcf40fb5bc1b1173a85af291a3a8697df454a94ad7e05574628?s=96&d=mm&r=g\",\"contentUrl\":\"https:\/\/secure.gravatar.com\/avatar\/519a0a38be4cbbcf40fb5bc1b1173a85af291a3a8697df454a94ad7e05574628?s=96&d=mm&r=g\",\"caption\":\"Emanuele Rebuffini\"},\"sameAs\":[\"http:\/\/www.quotidianopiemontese.it\/cultura-arte-e-spettacolo-a-torino\/\"],\"url\":\"https:\/\/web.quotidianopiemontese.it\/cultura-arte-e-spettacolo-a-torino\/author\/emanuelerebuffini\/\"}]}<\/script>\n<!-- \/ Yoast SEO plugin. -->","yoast_head_json":{"title":"Segni, numeri, colori. Giorgio Griffa a Miradolo - 2 Maggio 2024","description":"Segni, numeri, colori. Giorgio Griffa a Miradolo - Cultura, Arte e Spettacolo a Torino - \u00abIo non rappresento nulla, io dipingo\u00bb. Cos\u00ec descrive il proprio lavoro Giorgio Griffa (Torino, 1936), tra i principali esponenti a livello internazionale - castello di Miradolo, Fondazione Cosso, Giorgio Griffa","robots":{"index":"index","follow":"follow","max-snippet":"max-snippet:-1","max-image-preview":"max-image-preview:large","max-video-preview":"max-video-preview:-1"},"canonical":"http:\/\/web.quotidianopiemontese.it\/cultura-arte-e-spettacolo-a-torino\/segni-numeri-colori-giorgio-griffa-a-miradolo\/","og_locale":"it_IT","og_type":"article","og_title":"Segni, numeri, colori. Giorgio Griffa a Miradolo - 2 Maggio 2024","og_description":"Segni, numeri, colori. Giorgio Griffa a Miradolo - Cultura, Arte e Spettacolo a Torino - \u00abIo non rappresento nulla, io dipingo\u00bb. Cos\u00ec descrive il proprio lavoro Giorgio Griffa (Torino, 1936), tra i principali esponenti a livello internazionale - castello di Miradolo, Fondazione Cosso, Giorgio Griffa","og_url":"http:\/\/web.quotidianopiemontese.it\/cultura-arte-e-spettacolo-a-torino\/segni-numeri-colori-giorgio-griffa-a-miradolo\/","og_site_name":"Cultura, Arte e Spettacolo a Torino","article_publisher":"https:\/\/www.facebook.com\/quotidianopiemontese?fref=ts","article_published_time":"2024-05-02T10:33:56+00:00","og_image":[{"width":2560,"height":1707,"url":"http:\/\/web.quotidianopiemontese.it\/cultura-arte-e-spettacolo-a-torino\/files\/2024\/05\/4-GIORGIOGRIFFA-Studio-painting-IMG_4404-scaled.jpg","type":"image\/jpeg"}],"author":"Emanuele Rebuffini","twitter_misc":{"Scritto da":"Emanuele Rebuffini","Tempo di lettura stimato":"5 minuti"},"schema":{"@context":"https:\/\/schema.org","@graph":[{"@type":"Article","@id":"http:\/\/web.quotidianopiemontese.it\/cultura-arte-e-spettacolo-a-torino\/segni-numeri-colori-giorgio-griffa-a-miradolo\/#article","isPartOf":{"@id":"http:\/\/web.quotidianopiemontese.it\/cultura-arte-e-spettacolo-a-torino\/segni-numeri-colori-giorgio-griffa-a-miradolo\/"},"author":{"name":"Emanuele Rebuffini","@id":"https:\/\/web.quotidianopiemontese.it\/cultura-arte-e-spettacolo-a-torino\/#\/schema\/person\/b035109a4cc7d3e93911b78d8cebf3a0"},"headline":"Segni, numeri, colori. Giorgio Griffa a Miradolo","datePublished":"2024-05-02T10:33:56+00:00","mainEntityOfPage":{"@id":"http:\/\/web.quotidianopiemontese.it\/cultura-arte-e-spettacolo-a-torino\/segni-numeri-colori-giorgio-griffa-a-miradolo\/"},"wordCount":587,"commentCount":0,"image":{"@id":"http:\/\/web.quotidianopiemontese.it\/cultura-arte-e-spettacolo-a-torino\/segni-numeri-colori-giorgio-griffa-a-miradolo\/#primaryimage"},"thumbnailUrl":"https:\/\/web.quotidianopiemontese.it\/cultura-arte-e-spettacolo-a-torino\/files\/2024\/05\/4-GIORGIOGRIFFA-Studio-painting-IMG_4404-scaled.jpg","keywords":["castello di Miradolo","Fondazione Cosso","Giorgio Griffa"],"articleSection":["Cultura, arte, spettacolo"],"inLanguage":"it-IT","potentialAction":[{"@type":"CommentAction","name":"Comment","target":["http:\/\/web.quotidianopiemontese.it\/cultura-arte-e-spettacolo-a-torino\/segni-numeri-colori-giorgio-griffa-a-miradolo\/#respond"]}]},{"@type":"WebPage","@id":"http:\/\/web.quotidianopiemontese.it\/cultura-arte-e-spettacolo-a-torino\/segni-numeri-colori-giorgio-griffa-a-miradolo\/","url":"http:\/\/web.quotidianopiemontese.it\/cultura-arte-e-spettacolo-a-torino\/segni-numeri-colori-giorgio-griffa-a-miradolo\/","name":"Segni, numeri, colori. Giorgio Griffa a Miradolo - 2 Maggio 2024","isPartOf":{"@id":"https:\/\/web.quotidianopiemontese.it\/cultura-arte-e-spettacolo-a-torino\/#website"},"primaryImageOfPage":{"@id":"http:\/\/web.quotidianopiemontese.it\/cultura-arte-e-spettacolo-a-torino\/segni-numeri-colori-giorgio-griffa-a-miradolo\/#primaryimage"},"image":{"@id":"http:\/\/web.quotidianopiemontese.it\/cultura-arte-e-spettacolo-a-torino\/segni-numeri-colori-giorgio-griffa-a-miradolo\/#primaryimage"},"thumbnailUrl":"https:\/\/web.quotidianopiemontese.it\/cultura-arte-e-spettacolo-a-torino\/files\/2024\/05\/4-GIORGIOGRIFFA-Studio-painting-IMG_4404-scaled.jpg","datePublished":"2024-05-02T10:33:56+00:00","author":{"@id":"https:\/\/web.quotidianopiemontese.it\/cultura-arte-e-spettacolo-a-torino\/#\/schema\/person\/b035109a4cc7d3e93911b78d8cebf3a0"},"description":"Segni, numeri, colori. Giorgio Griffa a Miradolo - Cultura, Arte e Spettacolo a Torino - \u00abIo non rappresento nulla, io dipingo\u00bb. Cos\u00ec descrive il proprio lavoro Giorgio Griffa (Torino, 1936), tra i principali esponenti a livello internazionale - castello di Miradolo, Fondazione Cosso, Giorgio Griffa","inLanguage":"it-IT","potentialAction":[{"@type":"ReadAction","target":["http:\/\/web.quotidianopiemontese.it\/cultura-arte-e-spettacolo-a-torino\/segni-numeri-colori-giorgio-griffa-a-miradolo\/"]}]},{"@type":"ImageObject","inLanguage":"it-IT","@id":"http:\/\/web.quotidianopiemontese.it\/cultura-arte-e-spettacolo-a-torino\/segni-numeri-colori-giorgio-griffa-a-miradolo\/#primaryimage","url":"https:\/\/web.quotidianopiemontese.it\/cultura-arte-e-spettacolo-a-torino\/files\/2024\/05\/4-GIORGIOGRIFFA-Studio-painting-IMG_4404-scaled.jpg","contentUrl":"https:\/\/web.quotidianopiemontese.it\/cultura-arte-e-spettacolo-a-torino\/files\/2024\/05\/4-GIORGIOGRIFFA-Studio-painting-IMG_4404-scaled.jpg","width":2560,"height":1707},{"@type":"WebSite","@id":"https:\/\/web.quotidianopiemontese.it\/cultura-arte-e-spettacolo-a-torino\/#website","url":"https:\/\/web.quotidianopiemontese.it\/cultura-arte-e-spettacolo-a-torino\/","name":"Cultura, Arte e Spettacolo a Torino","description":"Quotidiano Piemontese","potentialAction":[{"@type":"SearchAction","target":{"@type":"EntryPoint","urlTemplate":"https:\/\/web.quotidianopiemontese.it\/cultura-arte-e-spettacolo-a-torino\/?s={search_term_string}"},"query-input":{"@type":"PropertyValueSpecification","valueRequired":true,"valueName":"search_term_string"}}],"inLanguage":"it-IT"},{"@type":"Person","@id":"https:\/\/web.quotidianopiemontese.it\/cultura-arte-e-spettacolo-a-torino\/#\/schema\/person\/b035109a4cc7d3e93911b78d8cebf3a0","name":"Emanuele Rebuffini","image":{"@type":"ImageObject","inLanguage":"it-IT","@id":"https:\/\/web.quotidianopiemontese.it\/cultura-arte-e-spettacolo-a-torino\/#\/schema\/person\/image\/","url":"https:\/\/secure.gravatar.com\/avatar\/519a0a38be4cbbcf40fb5bc1b1173a85af291a3a8697df454a94ad7e05574628?s=96&d=mm&r=g","contentUrl":"https:\/\/secure.gravatar.com\/avatar\/519a0a38be4cbbcf40fb5bc1b1173a85af291a3a8697df454a94ad7e05574628?s=96&d=mm&r=g","caption":"Emanuele Rebuffini"},"sameAs":["http:\/\/www.quotidianopiemontese.it\/cultura-arte-e-spettacolo-a-torino\/"],"url":"https:\/\/web.quotidianopiemontese.it\/cultura-arte-e-spettacolo-a-torino\/author\/emanuelerebuffini\/"}]}},"_links":{"self":[{"href":"https:\/\/web.quotidianopiemontese.it\/cultura-arte-e-spettacolo-a-torino\/wp-json\/wp\/v2\/posts\/1350","targetHints":{"allow":["GET"]}}],"collection":[{"href":"https:\/\/web.quotidianopiemontese.it\/cultura-arte-e-spettacolo-a-torino\/wp-json\/wp\/v2\/posts"}],"about":[{"href":"https:\/\/web.quotidianopiemontese.it\/cultura-arte-e-spettacolo-a-torino\/wp-json\/wp\/v2\/types\/post"}],"author":[{"embeddable":true,"href":"https:\/\/web.quotidianopiemontese.it\/cultura-arte-e-spettacolo-a-torino\/wp-json\/wp\/v2\/users\/1361"}],"replies":[{"embeddable":true,"href":"https:\/\/web.quotidianopiemontese.it\/cultura-arte-e-spettacolo-a-torino\/wp-json\/wp\/v2\/comments?post=1350"}],"version-history":[{"count":1,"href":"https:\/\/web.quotidianopiemontese.it\/cultura-arte-e-spettacolo-a-torino\/wp-json\/wp\/v2\/posts\/1350\/revisions"}],"predecessor-version":[{"id":1358,"href":"https:\/\/web.quotidianopiemontese.it\/cultura-arte-e-spettacolo-a-torino\/wp-json\/wp\/v2\/posts\/1350\/revisions\/1358"}],"wp:featuredmedia":[{"embeddable":true,"href":"https:\/\/web.quotidianopiemontese.it\/cultura-arte-e-spettacolo-a-torino\/wp-json\/wp\/v2\/media\/1351"}],"wp:attachment":[{"href":"https:\/\/web.quotidianopiemontese.it\/cultura-arte-e-spettacolo-a-torino\/wp-json\/wp\/v2\/media?parent=1350"}],"wp:term":[{"taxonomy":"category","embeddable":true,"href":"https:\/\/web.quotidianopiemontese.it\/cultura-arte-e-spettacolo-a-torino\/wp-json\/wp\/v2\/categories?post=1350"},{"taxonomy":"post_tag","embeddable":true,"href":"https:\/\/web.quotidianopiemontese.it\/cultura-arte-e-spettacolo-a-torino\/wp-json\/wp\/v2\/tags?post=1350"}],"curies":[{"name":"wp","href":"https:\/\/api.w.org\/{rel}","templated":true}]}}