{"id":1321,"date":"2024-03-18T14:14:54","date_gmt":"2024-03-18T13:14:54","guid":{"rendered":"https:\/\/web.quotidianopiemontese.it\/cultura-arte-e-spettacolo-a-torino\/?p=1321"},"modified":"2024-03-18T14:14:54","modified_gmt":"2024-03-18T13:14:54","slug":"il-grande-jazz-a-torino-celebra-duke-ellington-e-dante-di-nanni","status":"publish","type":"post","link":"https:\/\/web.quotidianopiemontese.it\/cultura-arte-e-spettacolo-a-torino\/il-grande-jazz-a-torino-celebra-duke-ellington-e-dante-di-nanni\/","title":{"rendered":"Il grande Jazz a Torino celebra  Duke Ellington (e Dante di Nanni)"},"content":{"rendered":"<p>Un programma sontuoso, per quantit\u00e0 e qualit\u00e0, una carrellata di 104 eventi in cui si susseguono 57 concerti sui palchi e nei club, conferenze, presentazioni di libri, proiezioni cinematografiche e un grande concerto per celebrare la Festa della Liberazione.<!--more--><\/p>\n<figure id=\"attachment_1323\" aria-describedby=\"caption-attachment-1323\" style=\"width: 300px\" class=\"wp-caption alignnone\"><a href=\"http:\/\/web.quotidianopiemontese.it\/cultura-arte-e-spettacolo-a-torino\/files\/2024\/03\/Credits-gianluca-platania.jpg\"><img loading=\"lazy\" decoding=\"async\" class=\"size-medium wp-image-1323\" src=\"http:\/\/web.quotidianopiemontese.it\/cultura-arte-e-spettacolo-a-torino\/files\/2024\/03\/Credits-gianluca-platania-300x200.jpg\" alt=\"\" width=\"300\" height=\"200\" srcset=\"https:\/\/web.quotidianopiemontese.it\/cultura-arte-e-spettacolo-a-torino\/files\/2024\/03\/Credits-gianluca-platania-300x200.jpg 300w, https:\/\/web.quotidianopiemontese.it\/cultura-arte-e-spettacolo-a-torino\/files\/2024\/03\/Credits-gianluca-platania.jpg 512w\" sizes=\"auto, (max-width: 300px) 85vw, 300px\" \/><\/a><figcaption id=\"caption-attachment-1323\" class=\"wp-caption-text\">Credits Gianluca Platania<\/figcaption><\/figure>\n<p>La dodicesima edizione del <strong>Torino Jazz Festival<\/strong> si svolger\u00e0 <strong>dal 20 al 30 aprile<\/strong> e sar\u00e0 un festival diffuso sul territorio (73 luoghi coinvolti), che celebrer\u00e0 <strong>Duke Ellington<\/strong>, a 50 anni dalla scomparsa, accogliendo le tante anime e forme del jazz, dai maestri della tradizione pi\u00f9 alta e vitale alle ibridazioni con i generi pi\u00f9 disparati, dal rap all\u2019elettronica, dal soul al folk, dalla classica al rock. \u00abUn festival oltre le categorie, come direbbe Ellington-spiega il direttore artistico <strong>Stefano Zenni<\/strong>-, ma anche oltre i confini (non solo geografici), dove le persone si ritrovano nel nome di una musica &#8211; il jazz &#8211; nata per celebrare una comunit\u00e0 libera\u00bb.<\/p>\n<figure id=\"attachment_1324\" aria-describedby=\"caption-attachment-1324\" style=\"width: 300px\" class=\"wp-caption alignnone\"><a href=\"http:\/\/web.quotidianopiemontese.it\/cultura-arte-e-spettacolo-a-torino\/files\/2024\/03\/Dave-Holland_IMG_2687.jpg\"><img loading=\"lazy\" decoding=\"async\" class=\"size-medium wp-image-1324\" src=\"http:\/\/web.quotidianopiemontese.it\/cultura-arte-e-spettacolo-a-torino\/files\/2024\/03\/Dave-Holland_IMG_2687-300x200.jpg\" alt=\"\" width=\"300\" height=\"200\" srcset=\"https:\/\/web.quotidianopiemontese.it\/cultura-arte-e-spettacolo-a-torino\/files\/2024\/03\/Dave-Holland_IMG_2687-300x200.jpg 300w, https:\/\/web.quotidianopiemontese.it\/cultura-arte-e-spettacolo-a-torino\/files\/2024\/03\/Dave-Holland_IMG_2687-1024x682.jpg 1024w, https:\/\/web.quotidianopiemontese.it\/cultura-arte-e-spettacolo-a-torino\/files\/2024\/03\/Dave-Holland_IMG_2687-768x512.jpg 768w, https:\/\/web.quotidianopiemontese.it\/cultura-arte-e-spettacolo-a-torino\/files\/2024\/03\/Dave-Holland_IMG_2687-1536x1024.jpg 1536w, https:\/\/web.quotidianopiemontese.it\/cultura-arte-e-spettacolo-a-torino\/files\/2024\/03\/Dave-Holland_IMG_2687-1200x800.jpg 1200w, https:\/\/web.quotidianopiemontese.it\/cultura-arte-e-spettacolo-a-torino\/files\/2024\/03\/Dave-Holland_IMG_2687.jpg 2000w\" sizes=\"auto, (max-width: 300px) 85vw, 300px\" \/><\/a><figcaption id=\"caption-attachment-1324\" class=\"wp-caption-text\">Dave Holland<\/figcaption><\/figure>\n<p>Sfogliando il cartellone, tra le tante proposte segnaliamo <strong>luned\u00ec 22 aprile, <\/strong>al Teatro Alfieri,<strong> Dave Holland con Kevin Eubanks e Eric Harland<\/strong><strong>.<\/strong> Gruppo perfetto, con maestri indiscussi del proprio strumento. Il jazz sapientemente dosato nel concerto da questo power trio ci riporta al <strong>Dave Holland<\/strong> degli esordi, quello che veniva chiamato da Miles Davis a suonare in capolavori assoluti del jazz-rock come <em>In a<\/em> <em>Silent Way<\/em> e <em>Bitches Brew,<\/em> prima di avviare una importante carriera solista in qualit\u00e0 di gigante del contrabbasso, compositore e didatta.<\/p>\n<figure id=\"attachment_1326\" aria-describedby=\"caption-attachment-1326\" style=\"width: 300px\" class=\"wp-caption alignnone\"><a href=\"http:\/\/web.quotidianopiemontese.it\/cultura-arte-e-spettacolo-a-torino\/files\/2024\/03\/ChristianMcBride_foto-di-EbruYildiz-scaled.jpg\"><img loading=\"lazy\" decoding=\"async\" class=\"size-medium wp-image-1326\" src=\"http:\/\/web.quotidianopiemontese.it\/cultura-arte-e-spettacolo-a-torino\/files\/2024\/03\/ChristianMcBride_foto-di-EbruYildiz-300x200.jpg\" alt=\"\" width=\"300\" height=\"200\" srcset=\"https:\/\/web.quotidianopiemontese.it\/cultura-arte-e-spettacolo-a-torino\/files\/2024\/03\/ChristianMcBride_foto-di-EbruYildiz-300x200.jpg 300w, https:\/\/web.quotidianopiemontese.it\/cultura-arte-e-spettacolo-a-torino\/files\/2024\/03\/ChristianMcBride_foto-di-EbruYildiz-1024x683.jpg 1024w, https:\/\/web.quotidianopiemontese.it\/cultura-arte-e-spettacolo-a-torino\/files\/2024\/03\/ChristianMcBride_foto-di-EbruYildiz-768x512.jpg 768w, https:\/\/web.quotidianopiemontese.it\/cultura-arte-e-spettacolo-a-torino\/files\/2024\/03\/ChristianMcBride_foto-di-EbruYildiz-1536x1025.jpg 1536w, https:\/\/web.quotidianopiemontese.it\/cultura-arte-e-spettacolo-a-torino\/files\/2024\/03\/ChristianMcBride_foto-di-EbruYildiz-2048x1366.jpg 2048w, https:\/\/web.quotidianopiemontese.it\/cultura-arte-e-spettacolo-a-torino\/files\/2024\/03\/ChristianMcBride_foto-di-EbruYildiz-1200x800.jpg 1200w\" sizes=\"auto, (max-width: 300px) 85vw, 300px\" \/><\/a><figcaption id=\"caption-attachment-1326\" class=\"wp-caption-text\">Christian McBride &#8211; foto di Ebru Yildiz<\/figcaption><\/figure>\n<p><strong>Marted\u00ec<\/strong> <strong>23 aprile<\/strong>, al Teatro Colosseo, <strong>Christian McBride<\/strong>. Otto volte vincitore di Grammy, contrabbassista, compositore e bandleader Christian McBride da qualche anno \u00e8 anche il direttore artistico dello storico Newport Jazz Festival Nei suoi primi anni di attivit\u00e0 ha lavorato al fianco di leggende del jazz come Freddie Hubbard o Benny Golson.\u00a0<strong>Mercoled\u00ec 24 aprile<\/strong>,<strong> Gonzalo Rubalcaba Trio<\/strong> (sempre al Teatro Colosseo) Rubalcaba oggi \u00e8 uno dei pianisti jazz pi\u00f9 celebrati al mondo. La carriera, iniziata alla fine degli anni Ottanta grazie a mentori quali Dizzy Gillespie e Charlie Haden, \u00e8 costellata di premi e riconoscimenti. A Torino Rubalcaba suoner\u00e0 con due storici collaboratori, il bassista Matt Brewer e il talentuoso batterista cubano Ernesto Simpson, per un concerto che coniuga groove latino e passione jazz.<\/p>\n<figure id=\"attachment_1325\" aria-describedby=\"caption-attachment-1325\" style=\"width: 300px\" class=\"wp-caption alignnone\"><a href=\"http:\/\/web.quotidianopiemontese.it\/cultura-arte-e-spettacolo-a-torino\/files\/2024\/03\/Gonzalo-Rubalcaba.jpg\"><img loading=\"lazy\" decoding=\"async\" class=\"size-medium wp-image-1325\" src=\"http:\/\/web.quotidianopiemontese.it\/cultura-arte-e-spettacolo-a-torino\/files\/2024\/03\/Gonzalo-Rubalcaba-300x200.jpg\" alt=\"\" width=\"300\" height=\"200\" srcset=\"https:\/\/web.quotidianopiemontese.it\/cultura-arte-e-spettacolo-a-torino\/files\/2024\/03\/Gonzalo-Rubalcaba-300x200.jpg 300w, https:\/\/web.quotidianopiemontese.it\/cultura-arte-e-spettacolo-a-torino\/files\/2024\/03\/Gonzalo-Rubalcaba-1024x683.jpg 1024w, https:\/\/web.quotidianopiemontese.it\/cultura-arte-e-spettacolo-a-torino\/files\/2024\/03\/Gonzalo-Rubalcaba-768x512.jpg 768w, https:\/\/web.quotidianopiemontese.it\/cultura-arte-e-spettacolo-a-torino\/files\/2024\/03\/Gonzalo-Rubalcaba-1536x1025.jpg 1536w, https:\/\/web.quotidianopiemontese.it\/cultura-arte-e-spettacolo-a-torino\/files\/2024\/03\/Gonzalo-Rubalcaba-1200x800.jpg 1200w\" sizes=\"auto, (max-width: 300px) 85vw, 300px\" \/><\/a><figcaption id=\"caption-attachment-1325\" class=\"wp-caption-text\">Gonzalo Rubalcaba<\/figcaption><\/figure>\n<p><strong>Gioved\u00ec 25 aprile<\/strong>, in mattinata, al Teatro Vittoria, la pianista <strong>Marta Warelis.<\/strong> Warelis \u00e8 certamente debitrice degli insegnamenti di maestri come Cecil Taylor ma si dimostra capace di esprimersi in maniera personale,\u00a0ora con foga ora con delicatezza, preparando il pianoforte con sonorit\u00e0 inconsuete e suggestive. Alle 18, a Hiroshima Mon Amour,<strong>\u00a0S\u00e9l\u00e9b\u00e9yone<\/strong>, gruppo in cui spicca la figura di<strong> Steve Lehman<\/strong>. Combinando insieme jazz sperimentale e liriche rap, sia in inglese sia in wolof, S\u00e9l\u00e9b\u00e9yone (che significa \u201cintersezione\u201d) non si limita a un superficiale lavoro di unione tra linguaggi ma trova nuove strade per le diverse qualit\u00e0 ritmiche armoniche e melodiche dei generi, fondendo l\u2019improvvisazione del jazz contemporaneo con l\u2019immediatezza contagiosa dell\u2019hip hop. Il risultato \u00e8 un discorso che esplora nel profondo misticismo e spiritualit\u00e0 attraverso la lente della musica sperimentale.<\/p>\n<figure id=\"attachment_1327\" aria-describedby=\"caption-attachment-1327\" style=\"width: 300px\" class=\"wp-caption alignnone\"><a href=\"http:\/\/web.quotidianopiemontese.it\/cultura-arte-e-spettacolo-a-torino\/files\/2024\/03\/Marta-Warelis-foto-di-sara-anke-morris.jpg\"><img loading=\"lazy\" decoding=\"async\" class=\"size-medium wp-image-1327\" src=\"http:\/\/web.quotidianopiemontese.it\/cultura-arte-e-spettacolo-a-torino\/files\/2024\/03\/Marta-Warelis-foto-di-sara-anke-morris-300x200.jpg\" alt=\"\" width=\"300\" height=\"200\" srcset=\"https:\/\/web.quotidianopiemontese.it\/cultura-arte-e-spettacolo-a-torino\/files\/2024\/03\/Marta-Warelis-foto-di-sara-anke-morris-300x200.jpg 300w, https:\/\/web.quotidianopiemontese.it\/cultura-arte-e-spettacolo-a-torino\/files\/2024\/03\/Marta-Warelis-foto-di-sara-anke-morris.jpg 760w\" sizes=\"auto, (max-width: 300px) 85vw, 300px\" \/><\/a><figcaption id=\"caption-attachment-1327\" class=\"wp-caption-text\">Marta Warelis foto di Sara Anke Morris<\/figcaption><\/figure>\n<p>Alle 21, al <strong>Teatro Regio<\/strong>, la cantante<strong> Fatoumata\u00a0Diawara <\/strong>si esibir\u00e0 in un concerto dedicato a Dante di Nanni e alla giovent\u00f9 resistente. L\u2019evento \u00e8 promosso dal Comitato Resistenza e Costituzione della Regione Piemonte insieme alla Citt\u00e0 di Torino e al Polo del \u2018900 ed alla Fondazione per la Cultura Torino.<\/p>\n<figure id=\"attachment_1328\" aria-describedby=\"caption-attachment-1328\" style=\"width: 262px\" class=\"wp-caption alignnone\"><a href=\"http:\/\/web.quotidianopiemontese.it\/cultura-arte-e-spettacolo-a-torino\/files\/2024\/03\/download.jpeg\"><img loading=\"lazy\" decoding=\"async\" class=\"size-full wp-image-1328\" src=\"http:\/\/web.quotidianopiemontese.it\/cultura-arte-e-spettacolo-a-torino\/files\/2024\/03\/download.jpeg\" alt=\"\" width=\"262\" height=\"192\" \/><\/a><figcaption id=\"caption-attachment-1328\" class=\"wp-caption-text\">Fatoumata Diawara<\/figcaption><\/figure>\n<p>\u00abIl 2024 \u00e8 un anno importante, \u00e8 l\u2019anno in cui commemoriamo gli 80 anni dell\u2019uccisione del partigiano Dante di Nanni. A lui, \u00e8 idealmente a tutti i giovani partigiani, dedicheremo il concerto di Fatoumata\u00a0Diawara, cantante e attrice molto impegnata per i diritti delle donne-spiega <strong>Daniele Valle, <\/strong>Vicepresidente del Consiglio Regionale e Presidente del Comitato Resistenza e Costituzione della Regione Piemonte-Abbiamo invitato a salire sul palco quella sera <strong>Adriana Cantore<\/strong>, che il 21 maggio del 1944, tre giorni dopo la morte di Dante di Nanni, venne prelevata dai tedeschi in valle di Susa e rinchiusa, a soli 13 mesi, nel carcere Le Nuove di Torino, insieme alla mamma e alla nonna. Anche quest\u2019anno il Comitato Resistenza e Costituzione celebra la Festa della Liberazione non solo con le tradizionali commemorazioni istituzionali e i momenti di approfondimento storico, ma promuovendo eventi che auspichiamo servano a coinvolgere le giovani generazioni e ricordare loro che 80 anni fa, ragazzi e ragazze della loro et\u00e0 diedero la vita per consentire a noi, oggi, di vivere in un Paese democratico. Perch\u00e9 il 25 aprile \u00e8 un momento di gioia e, al tempo stesso, occasione di riflessione sul nostro passato per non perdere la Memoria di ci\u00f2 che \u00e8 stato e farne linfa del nostro impegno per un futuro libero, giusto e pacifico\u00bb <strong>(<\/strong><strong>Il concerto \u00e8 a ingresso gratuito, con prenotazione obbligatoria dal 17 aprile su <a href=\"blank\">www.torinojazzfestival.it<\/a><\/strong><strong>).<\/strong><\/p>\n<p><strong>Venerd\u00ec 26 aprile<\/strong>, al Piccolo Regio,<strong> Alexander Hawkins<\/strong>\/<strong>Matthew Wright<\/strong> con \u201cSuite Duke\u201d. Un concerto frutto di una commissione del TJF ad Hawkins che non ha mai fatto mistero di considerare Ellington come un\u2019influenza fondamentale: un suo disco del 1929, <em>Saturday Night Function<\/em>, \u00e8 uno dei suoi primi ricordi infantili musicali. Non \u00e8 una novit\u00e0 per Hawkins affrontare brani di Duke Ellington, ma \u00e8 la prima volta che gli dedica un intero concerto. Il programma entra nel mondo sonoro di Ellington, ne scompone i temi, elabora escursioni elettroniche, interagisce con l\u2019immagine, proponendo al pubblico rarissime fotografie anni Sessanta della band del Duca. Hawkins \u00e8 considerato il \u201cfuturo\u201d del pianoforte jazz europeo, a suo agio con musicisti del calibro di Anthony Braxton, Shabaka Hutchings e con le icone del jazz africano di stanza a Londra Louis Moholo-Moholo e Mulatu Astatke. Matthew Wright \u00e8 un compositore, produttore e un sound designer inglese che lavora in ambito elettronico, con il teatro e con la danza.<\/p>\n<p><a href=\"http:\/\/web.quotidianopiemontese.it\/cultura-arte-e-spettacolo-a-torino\/files\/2024\/03\/430841461_792955372863853_5678395622444514882_n.jpg\"><img loading=\"lazy\" decoding=\"async\" class=\"alignnone size-medium wp-image-1329\" src=\"http:\/\/web.quotidianopiemontese.it\/cultura-arte-e-spettacolo-a-torino\/files\/2024\/03\/430841461_792955372863853_5678395622444514882_n-300x225.jpg\" alt=\"\" width=\"300\" height=\"225\" srcset=\"https:\/\/web.quotidianopiemontese.it\/cultura-arte-e-spettacolo-a-torino\/files\/2024\/03\/430841461_792955372863853_5678395622444514882_n-300x225.jpg 300w, https:\/\/web.quotidianopiemontese.it\/cultura-arte-e-spettacolo-a-torino\/files\/2024\/03\/430841461_792955372863853_5678395622444514882_n-768x576.jpg 768w, https:\/\/web.quotidianopiemontese.it\/cultura-arte-e-spettacolo-a-torino\/files\/2024\/03\/430841461_792955372863853_5678395622444514882_n.jpg 800w\" sizes=\"auto, (max-width: 300px) 85vw, 300px\" \/><\/a><\/p>\n<p><strong>Sabato 27 aprile<\/strong>, a Casa Teatro Ragazzi e Giovani, doppio appuntamento con <strong>Sakina Abdou.<\/strong>\u00a0 Flautista e sassofonista francese, negli ultimi anni il suo talento \u00e8 esploso con tante collaborazioni diverse ma \u00e8 soprattutto la dimensione del concerto \u201cin solitudine\u201d che le ha portato il riconoscimento internazionale. Il concerto torinese \u00e8 imperniato sul disco <em>Goodbye Ground<\/em> registrato con un apparecchio casalingo e senza ausili dell\u2019elettronica. Un lavoro quasi artigianale, proposto per pochi ascoltatori raccolti intorno alla sassofonista, in un dialogo intimo che esalta il suo suono possente ed emozionante.<\/p>\n<figure id=\"attachment_1330\" aria-describedby=\"caption-attachment-1330\" style=\"width: 300px\" class=\"wp-caption alignnone\"><a href=\"http:\/\/web.quotidianopiemontese.it\/cultura-arte-e-spettacolo-a-torino\/files\/2024\/03\/Sakina-Abdou-Moers-Festival-Germany-\u00a9-Frank-Schemmann.jpg\"><img loading=\"lazy\" decoding=\"async\" class=\"size-medium wp-image-1330\" src=\"http:\/\/web.quotidianopiemontese.it\/cultura-arte-e-spettacolo-a-torino\/files\/2024\/03\/Sakina-Abdou-Moers-Festival-Germany-\u00a9-Frank-Schemmann-300x210.jpg\" alt=\"\" width=\"300\" height=\"210\" srcset=\"https:\/\/web.quotidianopiemontese.it\/cultura-arte-e-spettacolo-a-torino\/files\/2024\/03\/Sakina-Abdou-Moers-Festival-Germany-\u00a9-Frank-Schemmann-300x210.jpg 300w, https:\/\/web.quotidianopiemontese.it\/cultura-arte-e-spettacolo-a-torino\/files\/2024\/03\/Sakina-Abdou-Moers-Festival-Germany-\u00a9-Frank-Schemmann-1024x715.jpg 1024w, https:\/\/web.quotidianopiemontese.it\/cultura-arte-e-spettacolo-a-torino\/files\/2024\/03\/Sakina-Abdou-Moers-Festival-Germany-\u00a9-Frank-Schemmann-768x537.jpg 768w, https:\/\/web.quotidianopiemontese.it\/cultura-arte-e-spettacolo-a-torino\/files\/2024\/03\/Sakina-Abdou-Moers-Festival-Germany-\u00a9-Frank-Schemmann.jpg 1095w\" sizes=\"auto, (max-width: 300px) 85vw, 300px\" \/><\/a><figcaption id=\"caption-attachment-1330\" class=\"wp-caption-text\">Sakina Abdou &#8211; Moers Festival (Germany) \u00a9 Frank Schemmann<\/figcaption><\/figure>\n<p>Alle 21, al Teatro Monterosa, <strong>Roberto Gatto, <\/strong>il batterista italiano jazz pi\u00f9 noto al mondo, omaggia la musica di<strong> Tony Williams.<\/strong> Tony Williams fece il suo folgorante esordio nel 1963, appena diciassettenne, nel leggendario quintetto di Miles Davis e rimase con lui durante la svolta elettrica di fine Sessanta. A vent\u2019anni incise <em>Lifetime<\/em> con un giovanissimo John McLaughlin; un lavoro che anticip\u00f2 formazioni storiche del jazz-rock come Weather Report e Mahavishnu Orchestra.<\/p>\n<figure id=\"attachment_1331\" aria-describedby=\"caption-attachment-1331\" style=\"width: 194px\" class=\"wp-caption alignnone\"><a href=\"http:\/\/web.quotidianopiemontese.it\/cultura-arte-e-spettacolo-a-torino\/files\/2024\/03\/RoscoeMitchell_Musician-Blo180623-1587.3_33rgb-1.jpg\"><img loading=\"lazy\" decoding=\"async\" class=\"size-medium wp-image-1331\" src=\"http:\/\/web.quotidianopiemontese.it\/cultura-arte-e-spettacolo-a-torino\/files\/2024\/03\/RoscoeMitchell_Musician-Blo180623-1587.3_33rgb-1-194x300.jpg\" alt=\"\" width=\"194\" height=\"300\" srcset=\"https:\/\/web.quotidianopiemontese.it\/cultura-arte-e-spettacolo-a-torino\/files\/2024\/03\/RoscoeMitchell_Musician-Blo180623-1587.3_33rgb-1-194x300.jpg 194w, https:\/\/web.quotidianopiemontese.it\/cultura-arte-e-spettacolo-a-torino\/files\/2024\/03\/RoscoeMitchell_Musician-Blo180623-1587.3_33rgb-1-663x1024.jpg 663w, https:\/\/web.quotidianopiemontese.it\/cultura-arte-e-spettacolo-a-torino\/files\/2024\/03\/RoscoeMitchell_Musician-Blo180623-1587.3_33rgb-1-768x1187.jpg 768w, https:\/\/web.quotidianopiemontese.it\/cultura-arte-e-spettacolo-a-torino\/files\/2024\/03\/RoscoeMitchell_Musician-Blo180623-1587.3_33rgb-1-994x1536.jpg 994w, https:\/\/web.quotidianopiemontese.it\/cultura-arte-e-spettacolo-a-torino\/files\/2024\/03\/RoscoeMitchell_Musician-Blo180623-1587.3_33rgb-1-1325x2048.jpg 1325w, https:\/\/web.quotidianopiemontese.it\/cultura-arte-e-spettacolo-a-torino\/files\/2024\/03\/RoscoeMitchell_Musician-Blo180623-1587.3_33rgb-1-1200x1855.jpg 1200w, https:\/\/web.quotidianopiemontese.it\/cultura-arte-e-spettacolo-a-torino\/files\/2024\/03\/RoscoeMitchell_Musician-Blo180623-1587.3_33rgb-1.jpg 1650w\" sizes=\"auto, (max-width: 194px) 85vw, 194px\" \/><\/a><figcaption id=\"caption-attachment-1331\" class=\"wp-caption-text\">Roscoe Mitchell<\/figcaption><\/figure>\n<p>Doppio appuntamento con due maestri assoluti dell\u2019improvvisazione,<strong> domenica 28 aprile<\/strong>. Al Lingotto,<strong> il duo Roscoe Mitchell<\/strong>\/<strong>Michele Rabbia<\/strong>. Un concerto nel segno dell\u2019improvvisazione e della creativit\u00e0. Roscoe Mitchell, tra i fondatori della AACM (Association for the Advancement of Creative Musicians), \u00e8 uno dei musicisti che pur avendo fatto la storia del jazz si mantiene su livelli altissimi di creativit\u00e0 artistica anche nel nuovo millennio. Condivide con lui il palco il torinese di nascita Michele Rabbia, da anni considerato uno dei percussionisti pi\u00f9 creativi in Europa. Sempre il Lingotto vedr\u00e0 il ritorno in citt\u00e0 di <strong>John Zorn. <\/strong>Compositore, musicista e produttore, Zorn \u00e8 un\u2019istituzione della musica americana che dal jazz all\u2019improvvisazione radicale, dal punk hardcore al doom metal, dal klezmer al lounge, alla classica contemporanea, ha dato vita a una produzione imponente e controversa, difficilmente assimilabile in categorie accademiche. Il suo pi\u00f9 recente ensemble \u00e8 il <strong>New Masada Quartet<\/strong>, che vede la stretta unione di altri virtuosi affini per intenti artistici. Il talento emergente della chitarrista <strong>Julian Lage<\/strong>, dallo stile caldo ma intricato, il basso di <strong>Jorge Roeder<\/strong> e il veterano di mille imprese sonore <strong>Kenny Wollesen<\/strong>, con Zorn da oltre trent\u2019anni, contribuiscono a portare l\u2019esplosiva performance dei New Masada a un nuovo livello artistico ed emotivo (il concerto \u00e8 una coproduzione con Jazz is Dead\u00a0in esclusiva TJF).<\/p>\n<figure id=\"attachment_1332\" aria-describedby=\"caption-attachment-1332\" style=\"width: 300px\" class=\"wp-caption alignnone\"><a href=\"http:\/\/web.quotidianopiemontese.it\/cultura-arte-e-spettacolo-a-torino\/files\/2024\/03\/John-Zorn-New-Masada-Quartet-scaled.jpg\"><img loading=\"lazy\" decoding=\"async\" class=\"size-medium wp-image-1332\" src=\"http:\/\/web.quotidianopiemontese.it\/cultura-arte-e-spettacolo-a-torino\/files\/2024\/03\/John-Zorn-New-Masada-Quartet-300x225.jpg\" alt=\"\" width=\"300\" height=\"225\" srcset=\"https:\/\/web.quotidianopiemontese.it\/cultura-arte-e-spettacolo-a-torino\/files\/2024\/03\/John-Zorn-New-Masada-Quartet-300x225.jpg 300w, https:\/\/web.quotidianopiemontese.it\/cultura-arte-e-spettacolo-a-torino\/files\/2024\/03\/John-Zorn-New-Masada-Quartet-1024x769.jpg 1024w, https:\/\/web.quotidianopiemontese.it\/cultura-arte-e-spettacolo-a-torino\/files\/2024\/03\/John-Zorn-New-Masada-Quartet-768x577.jpg 768w, https:\/\/web.quotidianopiemontese.it\/cultura-arte-e-spettacolo-a-torino\/files\/2024\/03\/John-Zorn-New-Masada-Quartet-1536x1154.jpg 1536w, https:\/\/web.quotidianopiemontese.it\/cultura-arte-e-spettacolo-a-torino\/files\/2024\/03\/John-Zorn-New-Masada-Quartet-2048x1539.jpg 2048w, https:\/\/web.quotidianopiemontese.it\/cultura-arte-e-spettacolo-a-torino\/files\/2024\/03\/John-Zorn-New-Masada-Quartet-1200x902.jpg 1200w\" sizes=\"auto, (max-width: 300px) 85vw, 300px\" \/><\/a><figcaption id=\"caption-attachment-1332\" class=\"wp-caption-text\">John Zorn New Masada Quartet<\/figcaption><\/figure>\n<p>Il festival chiude marted\u00ec 30 aprile, all\u2019Auditorium Giovanni Agnelli, con il Quintetto di <strong>Paolo Fresu e Torino Jazz Orchestra. <\/strong><\/p>\n<figure id=\"attachment_1333\" aria-describedby=\"caption-attachment-1333\" style=\"width: 300px\" class=\"wp-caption alignnone\"><a href=\"http:\/\/web.quotidianopiemontese.it\/cultura-arte-e-spettacolo-a-torino\/files\/2024\/03\/paolo-fresu-5et-4-ph-roberto-cifarelli--scaled.jpg\"><img loading=\"lazy\" decoding=\"async\" class=\"size-medium wp-image-1333\" src=\"http:\/\/web.quotidianopiemontese.it\/cultura-arte-e-spettacolo-a-torino\/files\/2024\/03\/paolo-fresu-5et-4-ph-roberto-cifarelli--300x200.jpg\" alt=\"\" width=\"300\" height=\"200\" srcset=\"https:\/\/web.quotidianopiemontese.it\/cultura-arte-e-spettacolo-a-torino\/files\/2024\/03\/paolo-fresu-5et-4-ph-roberto-cifarelli--300x200.jpg 300w, https:\/\/web.quotidianopiemontese.it\/cultura-arte-e-spettacolo-a-torino\/files\/2024\/03\/paolo-fresu-5et-4-ph-roberto-cifarelli--1024x684.jpg 1024w, https:\/\/web.quotidianopiemontese.it\/cultura-arte-e-spettacolo-a-torino\/files\/2024\/03\/paolo-fresu-5et-4-ph-roberto-cifarelli--768x513.jpg 768w, https:\/\/web.quotidianopiemontese.it\/cultura-arte-e-spettacolo-a-torino\/files\/2024\/03\/paolo-fresu-5et-4-ph-roberto-cifarelli--1536x1025.jpg 1536w, https:\/\/web.quotidianopiemontese.it\/cultura-arte-e-spettacolo-a-torino\/files\/2024\/03\/paolo-fresu-5et-4-ph-roberto-cifarelli--2048x1367.jpg 2048w, https:\/\/web.quotidianopiemontese.it\/cultura-arte-e-spettacolo-a-torino\/files\/2024\/03\/paolo-fresu-5et-4-ph-roberto-cifarelli--1200x801.jpg 1200w\" sizes=\"auto, (max-width: 300px) 85vw, 300px\" \/><\/a><figcaption id=\"caption-attachment-1333\" class=\"wp-caption-text\">Paolo Fresu 5th (ph Roberto Cifarelli )<\/figcaption><\/figure>\n<p>Il <strong>Torino Jazz Festival<\/strong> \u00e8 un progetto della Citt\u00e0 di Torino realizzato dalla Fondazione per la Cultura Torino.<\/p>\n<p>Ospitano i concerti: il Teatro Regio, il Piccolo Regio, il Teatro Vittoria, Hiroshima Mon Amour, il Teatro Alfieri, il Teatro Monterosa, il Teatro Colosseo, la Casa Teatro Ragazzi e Giovani, il Bunker, l\u2019Auditorium Giovanni Agnelli e la Sala 500 del Lingotto, il CAP 10100.<\/p>\n<p>Questi i club aderenti: Amen Bar, Bagni Pubblici di via Agli\u00e8, Caf\u00e8 Neruda, Comala, Educatorio della Provvidenza, Folk Club, Laboratori di Barriera, L\u2019Arteficio (Circolo della Magia), Off Topic, Osteria Rabezzana, Piazza dei Mestieri, Spazio 211, Bocciofila Vanchiglietta Rami Secchi, Circolo Familiare Fioccardo, Royal Club .<\/p>\n<p>Il programma dettagliato con orari e costi:<\/p>\n<p><a href=\"blank\"><strong>www.torinojazzfestival.it<\/strong><\/a><\/p>\n<p><strong>Emanuele Rebuffini<\/strong><\/p>\n<p><strong>\u00a0<\/strong><\/p>\n<p>&nbsp;<\/p>\n","protected":false},"excerpt":{"rendered":"<p>Un programma sontuoso, per quantit\u00e0 e qualit\u00e0, una carrellata di 104 eventi in cui si susseguono 57 concerti sui palchi e nei club, conferenze, presentazioni di libri, proiezioni cinematografiche e un grande concerto per celebrare la Festa della Liberazione.<\/p>\n","protected":false},"author":1361,"featured_media":1322,"comment_status":"open","ping_status":"open","sticky":false,"template":"","format":"standard","meta":{"footnotes":""},"categories":[1],"tags":[243],"class_list":["post-1321","post","type-post","status-publish","format-standard","has-post-thumbnail","hentry","category-cultura-arte-spettacolo","tag-torino-jazz-festival"],"yoast_head":"<!-- This site is optimized with the Yoast SEO plugin v27.1.1 - https:\/\/yoast.com\/product\/yoast-seo-wordpress\/ -->\n<title>Il grande Jazz a Torino celebra Duke Ellington (e Dante di Nanni) - 18 Marzo 2024<\/title>\n<meta name=\"description\" content=\"Il grande Jazz a Torino celebra Duke Ellington (e Dante di Nanni) - Cultura, Arte e Spettacolo a Torino - Un programma sontuoso, per quantit\u00e0 e qualit\u00e0, una carrellata di 104 eventi in cui si susseguono 57 concerti sui palchi e nei club, conferenze, - Torino Jazz Festival\" \/>\n<meta name=\"robots\" content=\"index, follow, max-snippet:-1, max-image-preview:large, max-video-preview:-1\" \/>\n<link rel=\"canonical\" href=\"http:\/\/web.quotidianopiemontese.it\/cultura-arte-e-spettacolo-a-torino\/il-grande-jazz-a-torino-celebra-duke-ellington-e-dante-di-nanni\/\" \/>\n<meta property=\"og:locale\" content=\"it_IT\" \/>\n<meta property=\"og:type\" content=\"article\" \/>\n<meta property=\"og:title\" content=\"Il grande Jazz a Torino celebra Duke Ellington (e Dante di Nanni) - 18 Marzo 2024\" \/>\n<meta property=\"og:description\" content=\"Il grande Jazz a Torino celebra Duke Ellington (e Dante di Nanni) - Cultura, Arte e Spettacolo a Torino - Un programma sontuoso, per quantit\u00e0 e qualit\u00e0, una carrellata di 104 eventi in cui si susseguono 57 concerti sui palchi e nei club, conferenze, - Torino Jazz Festival\" \/>\n<meta property=\"og:url\" content=\"http:\/\/web.quotidianopiemontese.it\/cultura-arte-e-spettacolo-a-torino\/il-grande-jazz-a-torino-celebra-duke-ellington-e-dante-di-nanni\/\" \/>\n<meta property=\"og:site_name\" content=\"Cultura, Arte e Spettacolo a Torino\" \/>\n<meta property=\"article:publisher\" content=\"https:\/\/www.facebook.com\/quotidianopiemontese?fref=ts\" \/>\n<meta property=\"article:published_time\" content=\"2024-03-18T13:14:54+00:00\" \/>\n<meta property=\"og:image\" content=\"http:\/\/web.quotidianopiemontese.it\/cultura-arte-e-spettacolo-a-torino\/files\/2024\/03\/Dave-Holland-color_MG_8730.jpg\" \/>\n\t<meta property=\"og:image:width\" content=\"2000\" \/>\n\t<meta property=\"og:image:height\" content=\"1333\" \/>\n\t<meta property=\"og:image:type\" content=\"image\/jpeg\" \/>\n<meta name=\"author\" content=\"Emanuele Rebuffini\" \/>\n<meta name=\"twitter:label1\" content=\"Scritto da\" \/>\n\t<meta name=\"twitter:data1\" content=\"Emanuele Rebuffini\" \/>\n\t<meta name=\"twitter:label2\" content=\"Tempo di lettura stimato\" \/>\n\t<meta name=\"twitter:data2\" content=\"11 minuti\" \/>\n<script type=\"application\/ld+json\" class=\"yoast-schema-graph\">{\"@context\":\"https:\/\/schema.org\",\"@graph\":[{\"@type\":\"Article\",\"@id\":\"http:\/\/web.quotidianopiemontese.it\/cultura-arte-e-spettacolo-a-torino\/il-grande-jazz-a-torino-celebra-duke-ellington-e-dante-di-nanni\/#article\",\"isPartOf\":{\"@id\":\"http:\/\/web.quotidianopiemontese.it\/cultura-arte-e-spettacolo-a-torino\/il-grande-jazz-a-torino-celebra-duke-ellington-e-dante-di-nanni\/\"},\"author\":{\"name\":\"Emanuele Rebuffini\",\"@id\":\"https:\/\/web.quotidianopiemontese.it\/cultura-arte-e-spettacolo-a-torino\/#\/schema\/person\/b035109a4cc7d3e93911b78d8cebf3a0\"},\"headline\":\"Il grande Jazz a Torino celebra Duke Ellington (e Dante di Nanni)\",\"datePublished\":\"2024-03-18T13:14:54+00:00\",\"mainEntityOfPage\":{\"@id\":\"http:\/\/web.quotidianopiemontese.it\/cultura-arte-e-spettacolo-a-torino\/il-grande-jazz-a-torino-celebra-duke-ellington-e-dante-di-nanni\/\"},\"wordCount\":1547,\"commentCount\":0,\"image\":{\"@id\":\"http:\/\/web.quotidianopiemontese.it\/cultura-arte-e-spettacolo-a-torino\/il-grande-jazz-a-torino-celebra-duke-ellington-e-dante-di-nanni\/#primaryimage\"},\"thumbnailUrl\":\"https:\/\/web.quotidianopiemontese.it\/cultura-arte-e-spettacolo-a-torino\/files\/2024\/03\/Dave-Holland-color_MG_8730.jpg\",\"keywords\":[\"Torino Jazz Festival\"],\"articleSection\":[\"Cultura, arte, spettacolo\"],\"inLanguage\":\"it-IT\",\"potentialAction\":[{\"@type\":\"CommentAction\",\"name\":\"Comment\",\"target\":[\"http:\/\/web.quotidianopiemontese.it\/cultura-arte-e-spettacolo-a-torino\/il-grande-jazz-a-torino-celebra-duke-ellington-e-dante-di-nanni\/#respond\"]}]},{\"@type\":\"WebPage\",\"@id\":\"http:\/\/web.quotidianopiemontese.it\/cultura-arte-e-spettacolo-a-torino\/il-grande-jazz-a-torino-celebra-duke-ellington-e-dante-di-nanni\/\",\"url\":\"http:\/\/web.quotidianopiemontese.it\/cultura-arte-e-spettacolo-a-torino\/il-grande-jazz-a-torino-celebra-duke-ellington-e-dante-di-nanni\/\",\"name\":\"Il grande Jazz a Torino celebra Duke Ellington (e Dante di Nanni) - 18 Marzo 2024\",\"isPartOf\":{\"@id\":\"https:\/\/web.quotidianopiemontese.it\/cultura-arte-e-spettacolo-a-torino\/#website\"},\"primaryImageOfPage\":{\"@id\":\"http:\/\/web.quotidianopiemontese.it\/cultura-arte-e-spettacolo-a-torino\/il-grande-jazz-a-torino-celebra-duke-ellington-e-dante-di-nanni\/#primaryimage\"},\"image\":{\"@id\":\"http:\/\/web.quotidianopiemontese.it\/cultura-arte-e-spettacolo-a-torino\/il-grande-jazz-a-torino-celebra-duke-ellington-e-dante-di-nanni\/#primaryimage\"},\"thumbnailUrl\":\"https:\/\/web.quotidianopiemontese.it\/cultura-arte-e-spettacolo-a-torino\/files\/2024\/03\/Dave-Holland-color_MG_8730.jpg\",\"datePublished\":\"2024-03-18T13:14:54+00:00\",\"author\":{\"@id\":\"https:\/\/web.quotidianopiemontese.it\/cultura-arte-e-spettacolo-a-torino\/#\/schema\/person\/b035109a4cc7d3e93911b78d8cebf3a0\"},\"description\":\"Il grande Jazz a Torino celebra Duke Ellington (e Dante di Nanni) - Cultura, Arte e Spettacolo a Torino - Un programma sontuoso, per quantit\u00e0 e qualit\u00e0, una carrellata di 104 eventi in cui si susseguono 57 concerti sui palchi e nei club, conferenze, - Torino Jazz Festival\",\"inLanguage\":\"it-IT\",\"potentialAction\":[{\"@type\":\"ReadAction\",\"target\":[\"http:\/\/web.quotidianopiemontese.it\/cultura-arte-e-spettacolo-a-torino\/il-grande-jazz-a-torino-celebra-duke-ellington-e-dante-di-nanni\/\"]}]},{\"@type\":\"ImageObject\",\"inLanguage\":\"it-IT\",\"@id\":\"http:\/\/web.quotidianopiemontese.it\/cultura-arte-e-spettacolo-a-torino\/il-grande-jazz-a-torino-celebra-duke-ellington-e-dante-di-nanni\/#primaryimage\",\"url\":\"https:\/\/web.quotidianopiemontese.it\/cultura-arte-e-spettacolo-a-torino\/files\/2024\/03\/Dave-Holland-color_MG_8730.jpg\",\"contentUrl\":\"https:\/\/web.quotidianopiemontese.it\/cultura-arte-e-spettacolo-a-torino\/files\/2024\/03\/Dave-Holland-color_MG_8730.jpg\",\"width\":2000,\"height\":1333},{\"@type\":\"WebSite\",\"@id\":\"https:\/\/web.quotidianopiemontese.it\/cultura-arte-e-spettacolo-a-torino\/#website\",\"url\":\"https:\/\/web.quotidianopiemontese.it\/cultura-arte-e-spettacolo-a-torino\/\",\"name\":\"Cultura, Arte e Spettacolo a Torino\",\"description\":\"Quotidiano Piemontese\",\"potentialAction\":[{\"@type\":\"SearchAction\",\"target\":{\"@type\":\"EntryPoint\",\"urlTemplate\":\"https:\/\/web.quotidianopiemontese.it\/cultura-arte-e-spettacolo-a-torino\/?s={search_term_string}\"},\"query-input\":{\"@type\":\"PropertyValueSpecification\",\"valueRequired\":true,\"valueName\":\"search_term_string\"}}],\"inLanguage\":\"it-IT\"},{\"@type\":\"Person\",\"@id\":\"https:\/\/web.quotidianopiemontese.it\/cultura-arte-e-spettacolo-a-torino\/#\/schema\/person\/b035109a4cc7d3e93911b78d8cebf3a0\",\"name\":\"Emanuele Rebuffini\",\"image\":{\"@type\":\"ImageObject\",\"inLanguage\":\"it-IT\",\"@id\":\"https:\/\/web.quotidianopiemontese.it\/cultura-arte-e-spettacolo-a-torino\/#\/schema\/person\/image\/\",\"url\":\"https:\/\/secure.gravatar.com\/avatar\/519a0a38be4cbbcf40fb5bc1b1173a85af291a3a8697df454a94ad7e05574628?s=96&d=mm&r=g\",\"contentUrl\":\"https:\/\/secure.gravatar.com\/avatar\/519a0a38be4cbbcf40fb5bc1b1173a85af291a3a8697df454a94ad7e05574628?s=96&d=mm&r=g\",\"caption\":\"Emanuele Rebuffini\"},\"sameAs\":[\"http:\/\/www.quotidianopiemontese.it\/cultura-arte-e-spettacolo-a-torino\/\"],\"url\":\"https:\/\/web.quotidianopiemontese.it\/cultura-arte-e-spettacolo-a-torino\/author\/emanuelerebuffini\/\"}]}<\/script>\n<!-- \/ Yoast SEO plugin. -->","yoast_head_json":{"title":"Il grande Jazz a Torino celebra Duke Ellington (e Dante di Nanni) - 18 Marzo 2024","description":"Il grande Jazz a Torino celebra Duke Ellington (e Dante di Nanni) - Cultura, Arte e Spettacolo a Torino - Un programma sontuoso, per quantit\u00e0 e qualit\u00e0, una carrellata di 104 eventi in cui si susseguono 57 concerti sui palchi e nei club, conferenze, - Torino Jazz Festival","robots":{"index":"index","follow":"follow","max-snippet":"max-snippet:-1","max-image-preview":"max-image-preview:large","max-video-preview":"max-video-preview:-1"},"canonical":"http:\/\/web.quotidianopiemontese.it\/cultura-arte-e-spettacolo-a-torino\/il-grande-jazz-a-torino-celebra-duke-ellington-e-dante-di-nanni\/","og_locale":"it_IT","og_type":"article","og_title":"Il grande Jazz a Torino celebra Duke Ellington (e Dante di Nanni) - 18 Marzo 2024","og_description":"Il grande Jazz a Torino celebra Duke Ellington (e Dante di Nanni) - Cultura, Arte e Spettacolo a Torino - Un programma sontuoso, per quantit\u00e0 e qualit\u00e0, una carrellata di 104 eventi in cui si susseguono 57 concerti sui palchi e nei club, conferenze, - Torino Jazz Festival","og_url":"http:\/\/web.quotidianopiemontese.it\/cultura-arte-e-spettacolo-a-torino\/il-grande-jazz-a-torino-celebra-duke-ellington-e-dante-di-nanni\/","og_site_name":"Cultura, Arte e Spettacolo a Torino","article_publisher":"https:\/\/www.facebook.com\/quotidianopiemontese?fref=ts","article_published_time":"2024-03-18T13:14:54+00:00","og_image":[{"width":2000,"height":1333,"url":"http:\/\/web.quotidianopiemontese.it\/cultura-arte-e-spettacolo-a-torino\/files\/2024\/03\/Dave-Holland-color_MG_8730.jpg","type":"image\/jpeg"}],"author":"Emanuele Rebuffini","twitter_misc":{"Scritto da":"Emanuele Rebuffini","Tempo di lettura stimato":"11 minuti"},"schema":{"@context":"https:\/\/schema.org","@graph":[{"@type":"Article","@id":"http:\/\/web.quotidianopiemontese.it\/cultura-arte-e-spettacolo-a-torino\/il-grande-jazz-a-torino-celebra-duke-ellington-e-dante-di-nanni\/#article","isPartOf":{"@id":"http:\/\/web.quotidianopiemontese.it\/cultura-arte-e-spettacolo-a-torino\/il-grande-jazz-a-torino-celebra-duke-ellington-e-dante-di-nanni\/"},"author":{"name":"Emanuele Rebuffini","@id":"https:\/\/web.quotidianopiemontese.it\/cultura-arte-e-spettacolo-a-torino\/#\/schema\/person\/b035109a4cc7d3e93911b78d8cebf3a0"},"headline":"Il grande Jazz a Torino celebra Duke Ellington (e Dante di Nanni)","datePublished":"2024-03-18T13:14:54+00:00","mainEntityOfPage":{"@id":"http:\/\/web.quotidianopiemontese.it\/cultura-arte-e-spettacolo-a-torino\/il-grande-jazz-a-torino-celebra-duke-ellington-e-dante-di-nanni\/"},"wordCount":1547,"commentCount":0,"image":{"@id":"http:\/\/web.quotidianopiemontese.it\/cultura-arte-e-spettacolo-a-torino\/il-grande-jazz-a-torino-celebra-duke-ellington-e-dante-di-nanni\/#primaryimage"},"thumbnailUrl":"https:\/\/web.quotidianopiemontese.it\/cultura-arte-e-spettacolo-a-torino\/files\/2024\/03\/Dave-Holland-color_MG_8730.jpg","keywords":["Torino Jazz Festival"],"articleSection":["Cultura, arte, spettacolo"],"inLanguage":"it-IT","potentialAction":[{"@type":"CommentAction","name":"Comment","target":["http:\/\/web.quotidianopiemontese.it\/cultura-arte-e-spettacolo-a-torino\/il-grande-jazz-a-torino-celebra-duke-ellington-e-dante-di-nanni\/#respond"]}]},{"@type":"WebPage","@id":"http:\/\/web.quotidianopiemontese.it\/cultura-arte-e-spettacolo-a-torino\/il-grande-jazz-a-torino-celebra-duke-ellington-e-dante-di-nanni\/","url":"http:\/\/web.quotidianopiemontese.it\/cultura-arte-e-spettacolo-a-torino\/il-grande-jazz-a-torino-celebra-duke-ellington-e-dante-di-nanni\/","name":"Il grande Jazz a Torino celebra Duke Ellington (e Dante di Nanni) - 18 Marzo 2024","isPartOf":{"@id":"https:\/\/web.quotidianopiemontese.it\/cultura-arte-e-spettacolo-a-torino\/#website"},"primaryImageOfPage":{"@id":"http:\/\/web.quotidianopiemontese.it\/cultura-arte-e-spettacolo-a-torino\/il-grande-jazz-a-torino-celebra-duke-ellington-e-dante-di-nanni\/#primaryimage"},"image":{"@id":"http:\/\/web.quotidianopiemontese.it\/cultura-arte-e-spettacolo-a-torino\/il-grande-jazz-a-torino-celebra-duke-ellington-e-dante-di-nanni\/#primaryimage"},"thumbnailUrl":"https:\/\/web.quotidianopiemontese.it\/cultura-arte-e-spettacolo-a-torino\/files\/2024\/03\/Dave-Holland-color_MG_8730.jpg","datePublished":"2024-03-18T13:14:54+00:00","author":{"@id":"https:\/\/web.quotidianopiemontese.it\/cultura-arte-e-spettacolo-a-torino\/#\/schema\/person\/b035109a4cc7d3e93911b78d8cebf3a0"},"description":"Il grande Jazz a Torino celebra Duke Ellington (e Dante di Nanni) - Cultura, Arte e Spettacolo a Torino - Un programma sontuoso, per quantit\u00e0 e qualit\u00e0, una carrellata di 104 eventi in cui si susseguono 57 concerti sui palchi e nei club, conferenze, - Torino Jazz Festival","inLanguage":"it-IT","potentialAction":[{"@type":"ReadAction","target":["http:\/\/web.quotidianopiemontese.it\/cultura-arte-e-spettacolo-a-torino\/il-grande-jazz-a-torino-celebra-duke-ellington-e-dante-di-nanni\/"]}]},{"@type":"ImageObject","inLanguage":"it-IT","@id":"http:\/\/web.quotidianopiemontese.it\/cultura-arte-e-spettacolo-a-torino\/il-grande-jazz-a-torino-celebra-duke-ellington-e-dante-di-nanni\/#primaryimage","url":"https:\/\/web.quotidianopiemontese.it\/cultura-arte-e-spettacolo-a-torino\/files\/2024\/03\/Dave-Holland-color_MG_8730.jpg","contentUrl":"https:\/\/web.quotidianopiemontese.it\/cultura-arte-e-spettacolo-a-torino\/files\/2024\/03\/Dave-Holland-color_MG_8730.jpg","width":2000,"height":1333},{"@type":"WebSite","@id":"https:\/\/web.quotidianopiemontese.it\/cultura-arte-e-spettacolo-a-torino\/#website","url":"https:\/\/web.quotidianopiemontese.it\/cultura-arte-e-spettacolo-a-torino\/","name":"Cultura, Arte e Spettacolo a Torino","description":"Quotidiano Piemontese","potentialAction":[{"@type":"SearchAction","target":{"@type":"EntryPoint","urlTemplate":"https:\/\/web.quotidianopiemontese.it\/cultura-arte-e-spettacolo-a-torino\/?s={search_term_string}"},"query-input":{"@type":"PropertyValueSpecification","valueRequired":true,"valueName":"search_term_string"}}],"inLanguage":"it-IT"},{"@type":"Person","@id":"https:\/\/web.quotidianopiemontese.it\/cultura-arte-e-spettacolo-a-torino\/#\/schema\/person\/b035109a4cc7d3e93911b78d8cebf3a0","name":"Emanuele Rebuffini","image":{"@type":"ImageObject","inLanguage":"it-IT","@id":"https:\/\/web.quotidianopiemontese.it\/cultura-arte-e-spettacolo-a-torino\/#\/schema\/person\/image\/","url":"https:\/\/secure.gravatar.com\/avatar\/519a0a38be4cbbcf40fb5bc1b1173a85af291a3a8697df454a94ad7e05574628?s=96&d=mm&r=g","contentUrl":"https:\/\/secure.gravatar.com\/avatar\/519a0a38be4cbbcf40fb5bc1b1173a85af291a3a8697df454a94ad7e05574628?s=96&d=mm&r=g","caption":"Emanuele Rebuffini"},"sameAs":["http:\/\/www.quotidianopiemontese.it\/cultura-arte-e-spettacolo-a-torino\/"],"url":"https:\/\/web.quotidianopiemontese.it\/cultura-arte-e-spettacolo-a-torino\/author\/emanuelerebuffini\/"}]}},"_links":{"self":[{"href":"https:\/\/web.quotidianopiemontese.it\/cultura-arte-e-spettacolo-a-torino\/wp-json\/wp\/v2\/posts\/1321","targetHints":{"allow":["GET"]}}],"collection":[{"href":"https:\/\/web.quotidianopiemontese.it\/cultura-arte-e-spettacolo-a-torino\/wp-json\/wp\/v2\/posts"}],"about":[{"href":"https:\/\/web.quotidianopiemontese.it\/cultura-arte-e-spettacolo-a-torino\/wp-json\/wp\/v2\/types\/post"}],"author":[{"embeddable":true,"href":"https:\/\/web.quotidianopiemontese.it\/cultura-arte-e-spettacolo-a-torino\/wp-json\/wp\/v2\/users\/1361"}],"replies":[{"embeddable":true,"href":"https:\/\/web.quotidianopiemontese.it\/cultura-arte-e-spettacolo-a-torino\/wp-json\/wp\/v2\/comments?post=1321"}],"version-history":[{"count":1,"href":"https:\/\/web.quotidianopiemontese.it\/cultura-arte-e-spettacolo-a-torino\/wp-json\/wp\/v2\/posts\/1321\/revisions"}],"predecessor-version":[{"id":1334,"href":"https:\/\/web.quotidianopiemontese.it\/cultura-arte-e-spettacolo-a-torino\/wp-json\/wp\/v2\/posts\/1321\/revisions\/1334"}],"wp:featuredmedia":[{"embeddable":true,"href":"https:\/\/web.quotidianopiemontese.it\/cultura-arte-e-spettacolo-a-torino\/wp-json\/wp\/v2\/media\/1322"}],"wp:attachment":[{"href":"https:\/\/web.quotidianopiemontese.it\/cultura-arte-e-spettacolo-a-torino\/wp-json\/wp\/v2\/media?parent=1321"}],"wp:term":[{"taxonomy":"category","embeddable":true,"href":"https:\/\/web.quotidianopiemontese.it\/cultura-arte-e-spettacolo-a-torino\/wp-json\/wp\/v2\/categories?post=1321"},{"taxonomy":"post_tag","embeddable":true,"href":"https:\/\/web.quotidianopiemontese.it\/cultura-arte-e-spettacolo-a-torino\/wp-json\/wp\/v2\/tags?post=1321"}],"curies":[{"name":"wp","href":"https:\/\/api.w.org\/{rel}","templated":true}]}}