{"id":1307,"date":"2024-02-15T13:14:47","date_gmt":"2024-02-15T12:14:47","guid":{"rendered":"https:\/\/web.quotidianopiemontese.it\/cultura-arte-e-spettacolo-a-torino\/?p=1307"},"modified":"2024-02-15T13:14:47","modified_gmt":"2024-02-15T12:14:47","slug":"andare-in-montagna-primo-levi-e-le-ossa-della-terra","status":"publish","type":"post","link":"https:\/\/web.quotidianopiemontese.it\/cultura-arte-e-spettacolo-a-torino\/andare-in-montagna-primo-levi-e-le-ossa-della-terra\/","title":{"rendered":"Andare in montagna.\u00a0 Primo Levi e le ossa della terra"},"content":{"rendered":"<p><em>\u201cIn montagna \u00e8 diverso, le rocce, che sono le ossa della terra, si vedono scoperte, suonano sotto le scarpe ferrate, ed \u00e8 facile distinguere le diverse qualit\u00e0: le pianure non fanno per noi\u201d. <\/em>Cos\u00ec <strong>Primo Levi<\/strong> scriveva <!--more-->nel 1975 in <em>Piombo<\/em>, un racconto del <em>Sistema periodico. <\/em><strong>\u00abLe ossa della terra\u00bb \u00e8 il <\/strong>titolo della mostra ideata e prodotta dal <strong>Museo Nazionale della Montagna <\/strong>di Torino e curata da <strong>Guido Vaglio e Roberta Mori, <\/strong>in collaborazione con il Centro Internazionale di Studi Primo Levi di Torino e con il sostegno del Comitato Resistenza e Costituzione della Regione Piemonte, che esplora il legame poco conosciuto tra <strong>Primo Levi e la montagna.<\/strong><\/p>\n<figure id=\"attachment_1309\" aria-describedby=\"caption-attachment-1309\" style=\"width: 300px\" class=\"wp-caption alignnone\"><a href=\"http:\/\/web.quotidianopiemontese.it\/cultura-arte-e-spettacolo-a-torino\/files\/2024\/02\/27_capanna-Margherita.jpg\"><img loading=\"lazy\" decoding=\"async\" class=\"size-medium wp-image-1309\" src=\"http:\/\/web.quotidianopiemontese.it\/cultura-arte-e-spettacolo-a-torino\/files\/2024\/02\/27_capanna-Margherita-300x185.jpg\" alt=\"\" width=\"300\" height=\"185\" srcset=\"https:\/\/web.quotidianopiemontese.it\/cultura-arte-e-spettacolo-a-torino\/files\/2024\/02\/27_capanna-Margherita-300x185.jpg 300w, https:\/\/web.quotidianopiemontese.it\/cultura-arte-e-spettacolo-a-torino\/files\/2024\/02\/27_capanna-Margherita-1024x632.jpg 1024w, https:\/\/web.quotidianopiemontese.it\/cultura-arte-e-spettacolo-a-torino\/files\/2024\/02\/27_capanna-Margherita-768x474.jpg 768w, https:\/\/web.quotidianopiemontese.it\/cultura-arte-e-spettacolo-a-torino\/files\/2024\/02\/27_capanna-Margherita-1536x948.jpg 1536w, https:\/\/web.quotidianopiemontese.it\/cultura-arte-e-spettacolo-a-torino\/files\/2024\/02\/27_capanna-Margherita-2048x1264.jpg 2048w, https:\/\/web.quotidianopiemontese.it\/cultura-arte-e-spettacolo-a-torino\/files\/2024\/02\/27_capanna-Margherita-1200x741.jpg 1200w\" sizes=\"auto, (max-width: 300px) 85vw, 300px\" \/><\/a><figcaption id=\"caption-attachment-1309\" class=\"wp-caption-text\">Primo Levi alla Capanna Margherita, sulla vetta della punta Gniffetti al Monte Rosa, anni Sessanta.<\/figcaption><\/figure>\n<p>La mostra si compone di fotografie storiche, oggetti inediti, documenti, volumi, manoscritti ed estratti video provenienti da archivi pubblici e privati, oltre che dai familiari dello scrittore, e contribuisce a fornire un\u2019immagine ancor pi\u00f9 ricca e sfaccettata della personalit\u00e0 del grande scrittore (testimone, scienziato, narratore e uomo di montagna).<\/p>\n<figure id=\"attachment_1310\" aria-describedby=\"caption-attachment-1310\" style=\"width: 300px\" class=\"wp-caption alignnone\"><a href=\"http:\/\/web.quotidianopiemontese.it\/cultura-arte-e-spettacolo-a-torino\/files\/2024\/02\/03__10_Champ-de-Praz-1980_H33.jpg\"><img loading=\"lazy\" decoding=\"async\" class=\"size-medium wp-image-1310\" src=\"http:\/\/web.quotidianopiemontese.it\/cultura-arte-e-spettacolo-a-torino\/files\/2024\/02\/03__10_Champ-de-Praz-1980_H33-300x300.jpg\" alt=\"\" width=\"300\" height=\"300\" srcset=\"https:\/\/web.quotidianopiemontese.it\/cultura-arte-e-spettacolo-a-torino\/files\/2024\/02\/03__10_Champ-de-Praz-1980_H33-300x300.jpg 300w, https:\/\/web.quotidianopiemontese.it\/cultura-arte-e-spettacolo-a-torino\/files\/2024\/02\/03__10_Champ-de-Praz-1980_H33-150x150.jpg 150w, https:\/\/web.quotidianopiemontese.it\/cultura-arte-e-spettacolo-a-torino\/files\/2024\/02\/03__10_Champ-de-Praz-1980_H33-768x766.jpg 768w, https:\/\/web.quotidianopiemontese.it\/cultura-arte-e-spettacolo-a-torino\/files\/2024\/02\/03__10_Champ-de-Praz-1980_H33.jpg 774w\" sizes=\"auto, (max-width: 300px) 85vw, 300px\" \/><\/a><figcaption id=\"caption-attachment-1310\" class=\"wp-caption-text\">Primo Levi a Champdepraz, in Valle d\u2019Aosta, nel 1980.<\/figcaption><\/figure>\n<p>Per la prima volta \u00e8 esposto al pubblico un paio di sci che testimonia la breve esperienza partigiana di Primo Levi. Gli sci furono lasciati dallo scrittore ad Amay, in Valle d\u2019Aosta, dove fu arrestato nel dicembre 1944 insieme con altri partigiani della piccola banda di Giustizia e Libert\u00e0, tra cui <strong>Vanda Maestro<\/strong> e <strong>Luciana Nissim<\/strong> deportate con lui ad Auschwitz.<\/p>\n<p><a href=\"http:\/\/web.quotidianopiemontese.it\/cultura-arte-e-spettacolo-a-torino\/files\/2024\/02\/Museomontagna_Primo-Levi_Sci-scaled.jpg\"><img loading=\"lazy\" decoding=\"async\" class=\"alignnone size-medium wp-image-1311\" src=\"http:\/\/web.quotidianopiemontese.it\/cultura-arte-e-spettacolo-a-torino\/files\/2024\/02\/Museomontagna_Primo-Levi_Sci-225x300.jpg\" alt=\"\" width=\"225\" height=\"300\" srcset=\"https:\/\/web.quotidianopiemontese.it\/cultura-arte-e-spettacolo-a-torino\/files\/2024\/02\/Museomontagna_Primo-Levi_Sci-225x300.jpg 225w, https:\/\/web.quotidianopiemontese.it\/cultura-arte-e-spettacolo-a-torino\/files\/2024\/02\/Museomontagna_Primo-Levi_Sci-768x1024.jpg 768w, https:\/\/web.quotidianopiemontese.it\/cultura-arte-e-spettacolo-a-torino\/files\/2024\/02\/Museomontagna_Primo-Levi_Sci-1152x1536.jpg 1152w, https:\/\/web.quotidianopiemontese.it\/cultura-arte-e-spettacolo-a-torino\/files\/2024\/02\/Museomontagna_Primo-Levi_Sci-1536x2048.jpg 1536w, https:\/\/web.quotidianopiemontese.it\/cultura-arte-e-spettacolo-a-torino\/files\/2024\/02\/Museomontagna_Primo-Levi_Sci-1200x1600.jpg 1200w, https:\/\/web.quotidianopiemontese.it\/cultura-arte-e-spettacolo-a-torino\/files\/2024\/02\/Museomontagna_Primo-Levi_Sci-scaled.jpg 1920w\" sizes=\"auto, (max-width: 225px) 85vw, 225px\" \/><\/a><\/p>\n<p>Quegli sci furono poi utilizzati dal partigiano Ives Francisco per fuggire in Svizzera. In montagna Levi aveva appreso virt\u00f9 fondamentali quali la pazienza, l\u2019ostinazione, la sopportazione, cos\u00ec come l\u2019allenamento alla fatica e al disagio, che gli risulteranno utili alla sopravvivenza nel lager.<\/p>\n<p><a href=\"http:\/\/web.quotidianopiemontese.it\/cultura-arte-e-spettacolo-a-torino\/files\/2024\/02\/Museo-della-Montagna_052.jpg\"><img loading=\"lazy\" decoding=\"async\" class=\"alignnone size-medium wp-image-1312\" src=\"http:\/\/web.quotidianopiemontese.it\/cultura-arte-e-spettacolo-a-torino\/files\/2024\/02\/Museo-della-Montagna_052-300x200.jpg\" alt=\"\" width=\"300\" height=\"200\" srcset=\"https:\/\/web.quotidianopiemontese.it\/cultura-arte-e-spettacolo-a-torino\/files\/2024\/02\/Museo-della-Montagna_052-300x200.jpg 300w, https:\/\/web.quotidianopiemontese.it\/cultura-arte-e-spettacolo-a-torino\/files\/2024\/02\/Museo-della-Montagna_052-1024x683.jpg 1024w, https:\/\/web.quotidianopiemontese.it\/cultura-arte-e-spettacolo-a-torino\/files\/2024\/02\/Museo-della-Montagna_052-768x512.jpg 768w, https:\/\/web.quotidianopiemontese.it\/cultura-arte-e-spettacolo-a-torino\/files\/2024\/02\/Museo-della-Montagna_052-1536x1025.jpg 1536w, https:\/\/web.quotidianopiemontese.it\/cultura-arte-e-spettacolo-a-torino\/files\/2024\/02\/Museo-della-Montagna_052-1200x800.jpg 1200w\" sizes=\"auto, (max-width: 300px) 85vw, 300px\" \/><\/a><\/p>\n<p>Dopo la guerra, sar\u00e0 ancora la montagna a favorire e consolidare l\u2019amicizia di Levi con altri due protagonisti del Novecento: <strong>Mario Rigoni Stern<\/strong> e <strong>Nuto Revelli<\/strong>, testimoniata in mostra dalla pietra con incisione della poesia <em>A Mario e a Nuto. <\/em>Levi fece incidere la poesia su una pietra di fiume per suggellare una sorta di patto \u00abdi cui la montagna da cui quella pietra veniva costituiva in qualche modo il testimone, come se la montagna rappresentasse l\u2019occasione di un nuovo inizio\u00bb (Marco Revelli).<\/p>\n<figure id=\"attachment_1313\" aria-describedby=\"caption-attachment-1313\" style=\"width: 300px\" class=\"wp-caption alignnone\"><a href=\"http:\/\/web.quotidianopiemontese.it\/cultura-arte-e-spettacolo-a-torino\/files\/2024\/02\/Museomontagna_Primo-Levi_Pietra-di-fiume-Po-1-scaled.jpg\"><img loading=\"lazy\" decoding=\"async\" class=\"size-medium wp-image-1313\" src=\"http:\/\/web.quotidianopiemontese.it\/cultura-arte-e-spettacolo-a-torino\/files\/2024\/02\/Museomontagna_Primo-Levi_Pietra-di-fiume-Po-1-300x200.jpg\" alt=\"\" width=\"300\" height=\"200\" srcset=\"https:\/\/web.quotidianopiemontese.it\/cultura-arte-e-spettacolo-a-torino\/files\/2024\/02\/Museomontagna_Primo-Levi_Pietra-di-fiume-Po-1-300x200.jpg 300w, https:\/\/web.quotidianopiemontese.it\/cultura-arte-e-spettacolo-a-torino\/files\/2024\/02\/Museomontagna_Primo-Levi_Pietra-di-fiume-Po-1-1024x683.jpg 1024w, https:\/\/web.quotidianopiemontese.it\/cultura-arte-e-spettacolo-a-torino\/files\/2024\/02\/Museomontagna_Primo-Levi_Pietra-di-fiume-Po-1-768x512.jpg 768w, https:\/\/web.quotidianopiemontese.it\/cultura-arte-e-spettacolo-a-torino\/files\/2024\/02\/Museomontagna_Primo-Levi_Pietra-di-fiume-Po-1-1536x1024.jpg 1536w, https:\/\/web.quotidianopiemontese.it\/cultura-arte-e-spettacolo-a-torino\/files\/2024\/02\/Museomontagna_Primo-Levi_Pietra-di-fiume-Po-1-2048x1365.jpg 2048w, https:\/\/web.quotidianopiemontese.it\/cultura-arte-e-spettacolo-a-torino\/files\/2024\/02\/Museomontagna_Primo-Levi_Pietra-di-fiume-Po-1-1200x800.jpg 1200w\" sizes=\"auto, (max-width: 300px) 85vw, 300px\" \/><\/a><figcaption id=\"caption-attachment-1313\" class=\"wp-caption-text\">Replica della pietra del fiume Po con incisa la poesia di Primo Levi A Mario e a Nuto, donata da Levi a Revelli nel 1987. Autore: L&#8217;Arc. Arcieria Amatoriale e Sperimentale di Villar San Costanzo (CN), 2023.<\/figcaption><\/figure>\n<p>Il percorso espositivo si articola intorno ad otto parole chiave-<strong>Natura, Materia, Letteratura, Trasgressione, Riscatto, Amicizia, Scelta, Liberazione-<\/strong>che riassumono l\u2019essenza dell\u2019amore dello scrittore per la montagna. Andare in montagna significava per Levi tante cose insieme: l\u2019incontro con la natura e con la materia, la nascita di amicizie profonde (Sandro Delmastro, Alberto Salmoni, Ada Della Torre, Bianca Guidetti Serra, Eugenio Gentili-Tedeschi), l\u2019emancipazione dal fascismo e la scelta resistenziale, la sfida con se stesso, l\u2019orgogliosa rivendicazione di libert\u00e0, l\u2019allenamento alla fatica e alle privazioni.<\/p>\n<figure id=\"attachment_1314\" aria-describedby=\"caption-attachment-1314\" style=\"width: 300px\" class=\"wp-caption alignnone\"><a href=\"http:\/\/web.quotidianopiemontese.it\/cultura-arte-e-spettacolo-a-torino\/files\/2024\/02\/RdM_marzo-1984_interno-doppia-pagina.jpg\"><img loading=\"lazy\" decoding=\"async\" class=\"size-medium wp-image-1314\" src=\"http:\/\/web.quotidianopiemontese.it\/cultura-arte-e-spettacolo-a-torino\/files\/2024\/02\/RdM_marzo-1984_interno-doppia-pagina-300x187.jpg\" alt=\"\" width=\"300\" height=\"187\" srcset=\"https:\/\/web.quotidianopiemontese.it\/cultura-arte-e-spettacolo-a-torino\/files\/2024\/02\/RdM_marzo-1984_interno-doppia-pagina-300x187.jpg 300w, https:\/\/web.quotidianopiemontese.it\/cultura-arte-e-spettacolo-a-torino\/files\/2024\/02\/RdM_marzo-1984_interno-doppia-pagina-1024x637.jpg 1024w, https:\/\/web.quotidianopiemontese.it\/cultura-arte-e-spettacolo-a-torino\/files\/2024\/02\/RdM_marzo-1984_interno-doppia-pagina-768x478.jpg 768w, https:\/\/web.quotidianopiemontese.it\/cultura-arte-e-spettacolo-a-torino\/files\/2024\/02\/RdM_marzo-1984_interno-doppia-pagina-1536x956.jpg 1536w, https:\/\/web.quotidianopiemontese.it\/cultura-arte-e-spettacolo-a-torino\/files\/2024\/02\/RdM_marzo-1984_interno-doppia-pagina-1200x747.jpg 1200w, https:\/\/web.quotidianopiemontese.it\/cultura-arte-e-spettacolo-a-torino\/files\/2024\/02\/RdM_marzo-1984_interno-doppia-pagina.jpg 1575w\" sizes=\"auto, (max-width: 300px) 85vw, 300px\" \/><\/a><figcaption id=\"caption-attachment-1314\" class=\"wp-caption-text\">Intervista di Alberto Papuzzi a Primo Levi sulla \u201cRivista della Montagna\u201d, marzo 1984.<\/figcaption><\/figure>\n<p><a href=\"http:\/\/www.museomontagna.org\">http:\/\/www.museomontagna.org<\/a><\/p>\n<p><strong>Emanuele Rebuffini<\/strong><\/p>\n<p><em> <a href=\"http:\/\/web.quotidianopiemontese.it\/cultura-arte-e-spettacolo-a-torino\/files\/2024\/02\/Museomontagna_Primo-Levi_locandina.jpg\"><img loading=\"lazy\" decoding=\"async\" class=\"alignnone size-medium wp-image-1315\" src=\"http:\/\/web.quotidianopiemontese.it\/cultura-arte-e-spettacolo-a-torino\/files\/2024\/02\/Museomontagna_Primo-Levi_locandina-210x300.jpg\" alt=\"\" width=\"210\" height=\"300\" srcset=\"https:\/\/web.quotidianopiemontese.it\/cultura-arte-e-spettacolo-a-torino\/files\/2024\/02\/Museomontagna_Primo-Levi_locandina-210x300.jpg 210w, https:\/\/web.quotidianopiemontese.it\/cultura-arte-e-spettacolo-a-torino\/files\/2024\/02\/Museomontagna_Primo-Levi_locandina-717x1024.jpg 717w, https:\/\/web.quotidianopiemontese.it\/cultura-arte-e-spettacolo-a-torino\/files\/2024\/02\/Museomontagna_Primo-Levi_locandina-768x1097.jpg 768w, https:\/\/web.quotidianopiemontese.it\/cultura-arte-e-spettacolo-a-torino\/files\/2024\/02\/Museomontagna_Primo-Levi_locandina-1075x1536.jpg 1075w, https:\/\/web.quotidianopiemontese.it\/cultura-arte-e-spettacolo-a-torino\/files\/2024\/02\/Museomontagna_Primo-Levi_locandina-1434x2048.jpg 1434w, https:\/\/web.quotidianopiemontese.it\/cultura-arte-e-spettacolo-a-torino\/files\/2024\/02\/Museomontagna_Primo-Levi_locandina-1200x1714.jpg 1200w, https:\/\/web.quotidianopiemontese.it\/cultura-arte-e-spettacolo-a-torino\/files\/2024\/02\/Museomontagna_Primo-Levi_locandina.jpg 1750w\" sizes=\"auto, (max-width: 210px) 85vw, 210px\" \/><\/a><\/em><\/p>\n<p>&nbsp;<\/p>\n<p>&nbsp;<\/p>\n","protected":false},"excerpt":{"rendered":"<p>\u201cIn montagna \u00e8 diverso, le rocce, che sono le ossa della terra, si vedono scoperte, suonano sotto le scarpe ferrate, ed \u00e8 facile distinguere le diverse qualit\u00e0: le pianure non fanno per noi\u201d. Cos\u00ec Primo Levi scriveva<\/p>\n","protected":false},"author":1361,"featured_media":1308,"comment_status":"open","ping_status":"open","sticky":false,"template":"","format":"standard","meta":{"footnotes":""},"categories":[1],"tags":[113,242],"class_list":["post-1307","post","type-post","status-publish","format-standard","has-post-thumbnail","hentry","category-cultura-arte-spettacolo","tag-museo-nazionale-della-montagna","tag-primo-levi"],"yoast_head":"<!-- This site is optimized with the Yoast SEO plugin v27.1.1 - https:\/\/yoast.com\/product\/yoast-seo-wordpress\/ -->\n<title>Andare in montagna.\u00a0 Primo Levi e le ossa della terra - 15 Febbraio 2024<\/title>\n<meta name=\"description\" content=\"Andare in montagna.\u00a0 Primo Levi e le ossa della terra - Cultura, Arte e Spettacolo a Torino - \u201cIn montagna \u00e8 diverso, le rocce, che sono le ossa della terra, si vedono scoperte, suonano sotto le scarpe ferrate, ed \u00e8 facile distinguere le diverse - Museo Nazionale della Montagna, Primo Levi\" \/>\n<meta name=\"robots\" content=\"index, follow, max-snippet:-1, max-image-preview:large, max-video-preview:-1\" \/>\n<link rel=\"canonical\" href=\"http:\/\/web.quotidianopiemontese.it\/cultura-arte-e-spettacolo-a-torino\/andare-in-montagna-primo-levi-e-le-ossa-della-terra\/\" \/>\n<meta property=\"og:locale\" content=\"it_IT\" \/>\n<meta property=\"og:type\" content=\"article\" \/>\n<meta property=\"og:title\" content=\"Andare in montagna.\u00a0 Primo Levi e le ossa della terra - 15 Febbraio 2024\" \/>\n<meta property=\"og:description\" content=\"Andare in montagna.\u00a0 Primo Levi e le ossa della terra - Cultura, Arte e Spettacolo a Torino - \u201cIn montagna \u00e8 diverso, le rocce, che sono le ossa della terra, si vedono scoperte, suonano sotto le scarpe ferrate, ed \u00e8 facile distinguere le diverse - Museo Nazionale della Montagna, Primo Levi\" \/>\n<meta property=\"og:url\" content=\"http:\/\/web.quotidianopiemontese.it\/cultura-arte-e-spettacolo-a-torino\/andare-in-montagna-primo-levi-e-le-ossa-della-terra\/\" \/>\n<meta property=\"og:site_name\" content=\"Cultura, Arte e Spettacolo a Torino\" \/>\n<meta property=\"article:publisher\" content=\"https:\/\/www.facebook.com\/quotidianopiemontese?fref=ts\" \/>\n<meta property=\"article:published_time\" content=\"2024-02-15T12:14:47+00:00\" \/>\n<meta property=\"og:image\" content=\"http:\/\/web.quotidianopiemontese.it\/cultura-arte-e-spettacolo-a-torino\/files\/2024\/02\/02__08-PLPianTornetta_-BASE-110.jpg\" \/>\n\t<meta property=\"og:image:width\" content=\"1756\" \/>\n\t<meta property=\"og:image:height\" content=\"1109\" \/>\n\t<meta property=\"og:image:type\" content=\"image\/jpeg\" \/>\n<meta name=\"author\" content=\"Emanuele Rebuffini\" \/>\n<meta name=\"twitter:label1\" content=\"Scritto da\" \/>\n\t<meta name=\"twitter:data1\" content=\"Emanuele Rebuffini\" \/>\n\t<meta name=\"twitter:label2\" content=\"Tempo di lettura stimato\" \/>\n\t<meta name=\"twitter:data2\" content=\"5 minuti\" \/>\n<script type=\"application\/ld+json\" class=\"yoast-schema-graph\">{\"@context\":\"https:\/\/schema.org\",\"@graph\":[{\"@type\":\"Article\",\"@id\":\"http:\/\/web.quotidianopiemontese.it\/cultura-arte-e-spettacolo-a-torino\/andare-in-montagna-primo-levi-e-le-ossa-della-terra\/#article\",\"isPartOf\":{\"@id\":\"http:\/\/web.quotidianopiemontese.it\/cultura-arte-e-spettacolo-a-torino\/andare-in-montagna-primo-levi-e-le-ossa-della-terra\/\"},\"author\":{\"name\":\"Emanuele Rebuffini\",\"@id\":\"https:\/\/web.quotidianopiemontese.it\/cultura-arte-e-spettacolo-a-torino\/#\/schema\/person\/b035109a4cc7d3e93911b78d8cebf3a0\"},\"headline\":\"Andare in montagna.\u00a0 Primo Levi e le ossa della terra\",\"datePublished\":\"2024-02-15T12:14:47+00:00\",\"mainEntityOfPage\":{\"@id\":\"http:\/\/web.quotidianopiemontese.it\/cultura-arte-e-spettacolo-a-torino\/andare-in-montagna-primo-levi-e-le-ossa-della-terra\/\"},\"wordCount\":549,\"commentCount\":0,\"image\":{\"@id\":\"http:\/\/web.quotidianopiemontese.it\/cultura-arte-e-spettacolo-a-torino\/andare-in-montagna-primo-levi-e-le-ossa-della-terra\/#primaryimage\"},\"thumbnailUrl\":\"https:\/\/web.quotidianopiemontese.it\/cultura-arte-e-spettacolo-a-torino\/files\/2024\/02\/02__08-PLPianTornetta_-BASE-110.jpg\",\"keywords\":[\"Museo Nazionale della Montagna\",\"Primo Levi\"],\"articleSection\":[\"Cultura, arte, spettacolo\"],\"inLanguage\":\"it-IT\",\"potentialAction\":[{\"@type\":\"CommentAction\",\"name\":\"Comment\",\"target\":[\"http:\/\/web.quotidianopiemontese.it\/cultura-arte-e-spettacolo-a-torino\/andare-in-montagna-primo-levi-e-le-ossa-della-terra\/#respond\"]}]},{\"@type\":\"WebPage\",\"@id\":\"http:\/\/web.quotidianopiemontese.it\/cultura-arte-e-spettacolo-a-torino\/andare-in-montagna-primo-levi-e-le-ossa-della-terra\/\",\"url\":\"http:\/\/web.quotidianopiemontese.it\/cultura-arte-e-spettacolo-a-torino\/andare-in-montagna-primo-levi-e-le-ossa-della-terra\/\",\"name\":\"Andare in montagna.\u00a0 Primo Levi e le ossa della terra - 15 Febbraio 2024\",\"isPartOf\":{\"@id\":\"https:\/\/web.quotidianopiemontese.it\/cultura-arte-e-spettacolo-a-torino\/#website\"},\"primaryImageOfPage\":{\"@id\":\"http:\/\/web.quotidianopiemontese.it\/cultura-arte-e-spettacolo-a-torino\/andare-in-montagna-primo-levi-e-le-ossa-della-terra\/#primaryimage\"},\"image\":{\"@id\":\"http:\/\/web.quotidianopiemontese.it\/cultura-arte-e-spettacolo-a-torino\/andare-in-montagna-primo-levi-e-le-ossa-della-terra\/#primaryimage\"},\"thumbnailUrl\":\"https:\/\/web.quotidianopiemontese.it\/cultura-arte-e-spettacolo-a-torino\/files\/2024\/02\/02__08-PLPianTornetta_-BASE-110.jpg\",\"datePublished\":\"2024-02-15T12:14:47+00:00\",\"author\":{\"@id\":\"https:\/\/web.quotidianopiemontese.it\/cultura-arte-e-spettacolo-a-torino\/#\/schema\/person\/b035109a4cc7d3e93911b78d8cebf3a0\"},\"description\":\"Andare in montagna.\u00a0 Primo Levi e le ossa della terra - Cultura, Arte e Spettacolo a Torino - \u201cIn montagna \u00e8 diverso, le rocce, che sono le ossa della terra, si vedono scoperte, suonano sotto le scarpe ferrate, ed \u00e8 facile distinguere le diverse - Museo Nazionale della Montagna, Primo Levi\",\"inLanguage\":\"it-IT\",\"potentialAction\":[{\"@type\":\"ReadAction\",\"target\":[\"http:\/\/web.quotidianopiemontese.it\/cultura-arte-e-spettacolo-a-torino\/andare-in-montagna-primo-levi-e-le-ossa-della-terra\/\"]}]},{\"@type\":\"ImageObject\",\"inLanguage\":\"it-IT\",\"@id\":\"http:\/\/web.quotidianopiemontese.it\/cultura-arte-e-spettacolo-a-torino\/andare-in-montagna-primo-levi-e-le-ossa-della-terra\/#primaryimage\",\"url\":\"https:\/\/web.quotidianopiemontese.it\/cultura-arte-e-spettacolo-a-torino\/files\/2024\/02\/02__08-PLPianTornetta_-BASE-110.jpg\",\"contentUrl\":\"https:\/\/web.quotidianopiemontese.it\/cultura-arte-e-spettacolo-a-torino\/files\/2024\/02\/02__08-PLPianTornetta_-BASE-110.jpg\",\"width\":1756,\"height\":1109},{\"@type\":\"WebSite\",\"@id\":\"https:\/\/web.quotidianopiemontese.it\/cultura-arte-e-spettacolo-a-torino\/#website\",\"url\":\"https:\/\/web.quotidianopiemontese.it\/cultura-arte-e-spettacolo-a-torino\/\",\"name\":\"Cultura, Arte e Spettacolo a Torino\",\"description\":\"Quotidiano Piemontese\",\"potentialAction\":[{\"@type\":\"SearchAction\",\"target\":{\"@type\":\"EntryPoint\",\"urlTemplate\":\"https:\/\/web.quotidianopiemontese.it\/cultura-arte-e-spettacolo-a-torino\/?s={search_term_string}\"},\"query-input\":{\"@type\":\"PropertyValueSpecification\",\"valueRequired\":true,\"valueName\":\"search_term_string\"}}],\"inLanguage\":\"it-IT\"},{\"@type\":\"Person\",\"@id\":\"https:\/\/web.quotidianopiemontese.it\/cultura-arte-e-spettacolo-a-torino\/#\/schema\/person\/b035109a4cc7d3e93911b78d8cebf3a0\",\"name\":\"Emanuele Rebuffini\",\"image\":{\"@type\":\"ImageObject\",\"inLanguage\":\"it-IT\",\"@id\":\"https:\/\/web.quotidianopiemontese.it\/cultura-arte-e-spettacolo-a-torino\/#\/schema\/person\/image\/\",\"url\":\"https:\/\/secure.gravatar.com\/avatar\/519a0a38be4cbbcf40fb5bc1b1173a85af291a3a8697df454a94ad7e05574628?s=96&d=mm&r=g\",\"contentUrl\":\"https:\/\/secure.gravatar.com\/avatar\/519a0a38be4cbbcf40fb5bc1b1173a85af291a3a8697df454a94ad7e05574628?s=96&d=mm&r=g\",\"caption\":\"Emanuele Rebuffini\"},\"sameAs\":[\"http:\/\/www.quotidianopiemontese.it\/cultura-arte-e-spettacolo-a-torino\/\"],\"url\":\"https:\/\/web.quotidianopiemontese.it\/cultura-arte-e-spettacolo-a-torino\/author\/emanuelerebuffini\/\"}]}<\/script>\n<!-- \/ Yoast SEO plugin. -->","yoast_head_json":{"title":"Andare in montagna.\u00a0 Primo Levi e le ossa della terra - 15 Febbraio 2024","description":"Andare in montagna.\u00a0 Primo Levi e le ossa della terra - Cultura, Arte e Spettacolo a Torino - \u201cIn montagna \u00e8 diverso, le rocce, che sono le ossa della terra, si vedono scoperte, suonano sotto le scarpe ferrate, ed \u00e8 facile distinguere le diverse - Museo Nazionale della Montagna, Primo Levi","robots":{"index":"index","follow":"follow","max-snippet":"max-snippet:-1","max-image-preview":"max-image-preview:large","max-video-preview":"max-video-preview:-1"},"canonical":"http:\/\/web.quotidianopiemontese.it\/cultura-arte-e-spettacolo-a-torino\/andare-in-montagna-primo-levi-e-le-ossa-della-terra\/","og_locale":"it_IT","og_type":"article","og_title":"Andare in montagna.\u00a0 Primo Levi e le ossa della terra - 15 Febbraio 2024","og_description":"Andare in montagna.\u00a0 Primo Levi e le ossa della terra - Cultura, Arte e Spettacolo a Torino - \u201cIn montagna \u00e8 diverso, le rocce, che sono le ossa della terra, si vedono scoperte, suonano sotto le scarpe ferrate, ed \u00e8 facile distinguere le diverse - Museo Nazionale della Montagna, Primo Levi","og_url":"http:\/\/web.quotidianopiemontese.it\/cultura-arte-e-spettacolo-a-torino\/andare-in-montagna-primo-levi-e-le-ossa-della-terra\/","og_site_name":"Cultura, Arte e Spettacolo a Torino","article_publisher":"https:\/\/www.facebook.com\/quotidianopiemontese?fref=ts","article_published_time":"2024-02-15T12:14:47+00:00","og_image":[{"width":1756,"height":1109,"url":"http:\/\/web.quotidianopiemontese.it\/cultura-arte-e-spettacolo-a-torino\/files\/2024\/02\/02__08-PLPianTornetta_-BASE-110.jpg","type":"image\/jpeg"}],"author":"Emanuele Rebuffini","twitter_misc":{"Scritto da":"Emanuele Rebuffini","Tempo di lettura stimato":"5 minuti"},"schema":{"@context":"https:\/\/schema.org","@graph":[{"@type":"Article","@id":"http:\/\/web.quotidianopiemontese.it\/cultura-arte-e-spettacolo-a-torino\/andare-in-montagna-primo-levi-e-le-ossa-della-terra\/#article","isPartOf":{"@id":"http:\/\/web.quotidianopiemontese.it\/cultura-arte-e-spettacolo-a-torino\/andare-in-montagna-primo-levi-e-le-ossa-della-terra\/"},"author":{"name":"Emanuele Rebuffini","@id":"https:\/\/web.quotidianopiemontese.it\/cultura-arte-e-spettacolo-a-torino\/#\/schema\/person\/b035109a4cc7d3e93911b78d8cebf3a0"},"headline":"Andare in montagna.\u00a0 Primo Levi e le ossa della terra","datePublished":"2024-02-15T12:14:47+00:00","mainEntityOfPage":{"@id":"http:\/\/web.quotidianopiemontese.it\/cultura-arte-e-spettacolo-a-torino\/andare-in-montagna-primo-levi-e-le-ossa-della-terra\/"},"wordCount":549,"commentCount":0,"image":{"@id":"http:\/\/web.quotidianopiemontese.it\/cultura-arte-e-spettacolo-a-torino\/andare-in-montagna-primo-levi-e-le-ossa-della-terra\/#primaryimage"},"thumbnailUrl":"https:\/\/web.quotidianopiemontese.it\/cultura-arte-e-spettacolo-a-torino\/files\/2024\/02\/02__08-PLPianTornetta_-BASE-110.jpg","keywords":["Museo Nazionale della Montagna","Primo Levi"],"articleSection":["Cultura, arte, spettacolo"],"inLanguage":"it-IT","potentialAction":[{"@type":"CommentAction","name":"Comment","target":["http:\/\/web.quotidianopiemontese.it\/cultura-arte-e-spettacolo-a-torino\/andare-in-montagna-primo-levi-e-le-ossa-della-terra\/#respond"]}]},{"@type":"WebPage","@id":"http:\/\/web.quotidianopiemontese.it\/cultura-arte-e-spettacolo-a-torino\/andare-in-montagna-primo-levi-e-le-ossa-della-terra\/","url":"http:\/\/web.quotidianopiemontese.it\/cultura-arte-e-spettacolo-a-torino\/andare-in-montagna-primo-levi-e-le-ossa-della-terra\/","name":"Andare in montagna.\u00a0 Primo Levi e le ossa della terra - 15 Febbraio 2024","isPartOf":{"@id":"https:\/\/web.quotidianopiemontese.it\/cultura-arte-e-spettacolo-a-torino\/#website"},"primaryImageOfPage":{"@id":"http:\/\/web.quotidianopiemontese.it\/cultura-arte-e-spettacolo-a-torino\/andare-in-montagna-primo-levi-e-le-ossa-della-terra\/#primaryimage"},"image":{"@id":"http:\/\/web.quotidianopiemontese.it\/cultura-arte-e-spettacolo-a-torino\/andare-in-montagna-primo-levi-e-le-ossa-della-terra\/#primaryimage"},"thumbnailUrl":"https:\/\/web.quotidianopiemontese.it\/cultura-arte-e-spettacolo-a-torino\/files\/2024\/02\/02__08-PLPianTornetta_-BASE-110.jpg","datePublished":"2024-02-15T12:14:47+00:00","author":{"@id":"https:\/\/web.quotidianopiemontese.it\/cultura-arte-e-spettacolo-a-torino\/#\/schema\/person\/b035109a4cc7d3e93911b78d8cebf3a0"},"description":"Andare in montagna.\u00a0 Primo Levi e le ossa della terra - Cultura, Arte e Spettacolo a Torino - \u201cIn montagna \u00e8 diverso, le rocce, che sono le ossa della terra, si vedono scoperte, suonano sotto le scarpe ferrate, ed \u00e8 facile distinguere le diverse - Museo Nazionale della Montagna, Primo Levi","inLanguage":"it-IT","potentialAction":[{"@type":"ReadAction","target":["http:\/\/web.quotidianopiemontese.it\/cultura-arte-e-spettacolo-a-torino\/andare-in-montagna-primo-levi-e-le-ossa-della-terra\/"]}]},{"@type":"ImageObject","inLanguage":"it-IT","@id":"http:\/\/web.quotidianopiemontese.it\/cultura-arte-e-spettacolo-a-torino\/andare-in-montagna-primo-levi-e-le-ossa-della-terra\/#primaryimage","url":"https:\/\/web.quotidianopiemontese.it\/cultura-arte-e-spettacolo-a-torino\/files\/2024\/02\/02__08-PLPianTornetta_-BASE-110.jpg","contentUrl":"https:\/\/web.quotidianopiemontese.it\/cultura-arte-e-spettacolo-a-torino\/files\/2024\/02\/02__08-PLPianTornetta_-BASE-110.jpg","width":1756,"height":1109},{"@type":"WebSite","@id":"https:\/\/web.quotidianopiemontese.it\/cultura-arte-e-spettacolo-a-torino\/#website","url":"https:\/\/web.quotidianopiemontese.it\/cultura-arte-e-spettacolo-a-torino\/","name":"Cultura, Arte e Spettacolo a Torino","description":"Quotidiano Piemontese","potentialAction":[{"@type":"SearchAction","target":{"@type":"EntryPoint","urlTemplate":"https:\/\/web.quotidianopiemontese.it\/cultura-arte-e-spettacolo-a-torino\/?s={search_term_string}"},"query-input":{"@type":"PropertyValueSpecification","valueRequired":true,"valueName":"search_term_string"}}],"inLanguage":"it-IT"},{"@type":"Person","@id":"https:\/\/web.quotidianopiemontese.it\/cultura-arte-e-spettacolo-a-torino\/#\/schema\/person\/b035109a4cc7d3e93911b78d8cebf3a0","name":"Emanuele Rebuffini","image":{"@type":"ImageObject","inLanguage":"it-IT","@id":"https:\/\/web.quotidianopiemontese.it\/cultura-arte-e-spettacolo-a-torino\/#\/schema\/person\/image\/","url":"https:\/\/secure.gravatar.com\/avatar\/519a0a38be4cbbcf40fb5bc1b1173a85af291a3a8697df454a94ad7e05574628?s=96&d=mm&r=g","contentUrl":"https:\/\/secure.gravatar.com\/avatar\/519a0a38be4cbbcf40fb5bc1b1173a85af291a3a8697df454a94ad7e05574628?s=96&d=mm&r=g","caption":"Emanuele Rebuffini"},"sameAs":["http:\/\/www.quotidianopiemontese.it\/cultura-arte-e-spettacolo-a-torino\/"],"url":"https:\/\/web.quotidianopiemontese.it\/cultura-arte-e-spettacolo-a-torino\/author\/emanuelerebuffini\/"}]}},"_links":{"self":[{"href":"https:\/\/web.quotidianopiemontese.it\/cultura-arte-e-spettacolo-a-torino\/wp-json\/wp\/v2\/posts\/1307","targetHints":{"allow":["GET"]}}],"collection":[{"href":"https:\/\/web.quotidianopiemontese.it\/cultura-arte-e-spettacolo-a-torino\/wp-json\/wp\/v2\/posts"}],"about":[{"href":"https:\/\/web.quotidianopiemontese.it\/cultura-arte-e-spettacolo-a-torino\/wp-json\/wp\/v2\/types\/post"}],"author":[{"embeddable":true,"href":"https:\/\/web.quotidianopiemontese.it\/cultura-arte-e-spettacolo-a-torino\/wp-json\/wp\/v2\/users\/1361"}],"replies":[{"embeddable":true,"href":"https:\/\/web.quotidianopiemontese.it\/cultura-arte-e-spettacolo-a-torino\/wp-json\/wp\/v2\/comments?post=1307"}],"version-history":[{"count":0,"href":"https:\/\/web.quotidianopiemontese.it\/cultura-arte-e-spettacolo-a-torino\/wp-json\/wp\/v2\/posts\/1307\/revisions"}],"wp:featuredmedia":[{"embeddable":true,"href":"https:\/\/web.quotidianopiemontese.it\/cultura-arte-e-spettacolo-a-torino\/wp-json\/wp\/v2\/media\/1308"}],"wp:attachment":[{"href":"https:\/\/web.quotidianopiemontese.it\/cultura-arte-e-spettacolo-a-torino\/wp-json\/wp\/v2\/media?parent=1307"}],"wp:term":[{"taxonomy":"category","embeddable":true,"href":"https:\/\/web.quotidianopiemontese.it\/cultura-arte-e-spettacolo-a-torino\/wp-json\/wp\/v2\/categories?post=1307"},{"taxonomy":"post_tag","embeddable":true,"href":"https:\/\/web.quotidianopiemontese.it\/cultura-arte-e-spettacolo-a-torino\/wp-json\/wp\/v2\/tags?post=1307"}],"curies":[{"name":"wp","href":"https:\/\/api.w.org\/{rel}","templated":true}]}}