{"id":1294,"date":"2024-01-23T11:21:18","date_gmt":"2024-01-23T10:21:18","guid":{"rendered":"https:\/\/web.quotidianopiemontese.it\/cultura-arte-e-spettacolo-a-torino\/?p=1294"},"modified":"2024-01-23T11:21:18","modified_gmt":"2024-01-23T10:21:18","slug":"fotografare-listante-andre-kertesz-a-camera","status":"publish","type":"post","link":"https:\/\/web.quotidianopiemontese.it\/cultura-arte-e-spettacolo-a-torino\/fotografare-listante-andre-kertesz-a-camera\/","title":{"rendered":"Fotografare l\u2019istante. Andr\u00e9 Kert\u00e9sz a \u00abCamera\u00bb"},"content":{"rendered":"<p>Attraverso 150 scatti, <strong>CAMERA-Centro Italiano per la Fotografia <\/strong>rende omaggio ad <strong>Andr\u00e9 Kert\u00e9sz, <\/strong>uno dei fotografi pi\u00f9 influenti del Novecento. Dagli scatti iconici con protagonista Parigi ai nudi distorti. Un artista che ha saputo trasformare la banalit\u00e0 quotidiana in apparizione poetica. Fino al <strong>4 febbraio<\/strong>.<!--more--><\/p>\n<figure id=\"attachment_1302\" aria-describedby=\"caption-attachment-1302\" style=\"width: 224px\" class=\"wp-caption alignnone\"><a href=\"http:\/\/web.quotidianopiemontese.it\/cultura-arte-e-spettacolo-a-torino\/files\/2024\/01\/16_Andre-Kertesz.Le-Daisy-Bar-Montmartre-Paris-1930-scaled.jpg\"><img loading=\"lazy\" decoding=\"async\" class=\"size-medium wp-image-1302\" src=\"http:\/\/web.quotidianopiemontese.it\/cultura-arte-e-spettacolo-a-torino\/files\/2024\/01\/16_Andre-Kertesz.Le-Daisy-Bar-Montmartre-Paris-1930-224x300.jpg\" alt=\"\" width=\"224\" height=\"300\" srcset=\"https:\/\/web.quotidianopiemontese.it\/cultura-arte-e-spettacolo-a-torino\/files\/2024\/01\/16_Andre-Kertesz.Le-Daisy-Bar-Montmartre-Paris-1930-224x300.jpg 224w, https:\/\/web.quotidianopiemontese.it\/cultura-arte-e-spettacolo-a-torino\/files\/2024\/01\/16_Andre-Kertesz.Le-Daisy-Bar-Montmartre-Paris-1930-764x1024.jpg 764w, https:\/\/web.quotidianopiemontese.it\/cultura-arte-e-spettacolo-a-torino\/files\/2024\/01\/16_Andre-Kertesz.Le-Daisy-Bar-Montmartre-Paris-1930-768x1030.jpg 768w, https:\/\/web.quotidianopiemontese.it\/cultura-arte-e-spettacolo-a-torino\/files\/2024\/01\/16_Andre-Kertesz.Le-Daisy-Bar-Montmartre-Paris-1930-1145x1536.jpg 1145w, https:\/\/web.quotidianopiemontese.it\/cultura-arte-e-spettacolo-a-torino\/files\/2024\/01\/16_Andre-Kertesz.Le-Daisy-Bar-Montmartre-Paris-1930-1527x2048.jpg 1527w, https:\/\/web.quotidianopiemontese.it\/cultura-arte-e-spettacolo-a-torino\/files\/2024\/01\/16_Andre-Kertesz.Le-Daisy-Bar-Montmartre-Paris-1930-1200x1609.jpg 1200w, https:\/\/web.quotidianopiemontese.it\/cultura-arte-e-spettacolo-a-torino\/files\/2024\/01\/16_Andre-Kertesz.Le-Daisy-Bar-Montmartre-Paris-1930-scaled.jpg 1909w\" sizes=\"auto, (max-width: 224px) 85vw, 224px\" \/><\/a><figcaption id=\"caption-attachment-1302\" class=\"wp-caption-text\">Andre\u0301 Kerte\u0301sz.Le Daisy Bar, Montmartre, Paris, 1930<\/figcaption><\/figure>\n<p>Per lui la fotografia era un <strong>diario intimo visivo<\/strong>, uno strumento per descrivere il quotidiano della vita, fissare le caratteristiche delle cose, cogliere il mondo nei suoi squarci di umile monotonia trasformando la banalit\u00e0 in visione poetica. <em>\u201cFotografavo tutto ci\u00f2 che avevo intorno, uomini, animali, la mia casa, le ombre, i contadini, la vita. Ho sempre fotografato ci\u00f2 che l\u2019istante mi rivelava\u201d.<\/em> Realizzata da <strong>CAMERA-Centro Italiano per la Fotografia, <\/strong>in collaborazione con la <strong>M\u00e9diath\u00e8que du patrimoine et de la photographie (MPP)<\/strong> di Parigi (che conserva gli oltre centomila negativi e tutti gli archivi donati dal fotografo allo Stato nel 1984), la mostra antologica <strong>\u00abAndr\u00e9 Kert\u00e9sz, L\u2019opera 1912-1982\u00bb, <\/strong>curata da <strong>Matthieu Rivallin<\/strong> e da <strong>Walter Guadagnini,<\/strong> rende omaggio attraverso 150 fotografie ad uno dei pi\u00f9 influenti fotografi del Novecento, un anticipatore per libert\u00e0 visionaria ed abilit\u00e0 compositiva, tanto da far dire ad <strong>Henry Cartier-Bresson<\/strong> che <em>\u201cTutto quello che abbiamo fatto, o che abbiamo intenzione di fare, Kert\u00e9sz lo ha fatto prima\u201d.<\/em><\/p>\n<figure id=\"attachment_1296\" aria-describedby=\"caption-attachment-1296\" style=\"width: 236px\" class=\"wp-caption alignnone\"><a href=\"http:\/\/web.quotidianopiemontese.it\/cultura-arte-e-spettacolo-a-torino\/files\/2024\/01\/02_Andre-Kertesz.-Violiniste-aveugle-Abony-1921-scaled.jpg\"><img loading=\"lazy\" decoding=\"async\" class=\"size-medium wp-image-1296\" src=\"http:\/\/web.quotidianopiemontese.it\/cultura-arte-e-spettacolo-a-torino\/files\/2024\/01\/02_Andre-Kertesz.-Violiniste-aveugle-Abony-1921-236x300.jpg\" alt=\"\" width=\"236\" height=\"300\" srcset=\"https:\/\/web.quotidianopiemontese.it\/cultura-arte-e-spettacolo-a-torino\/files\/2024\/01\/02_Andre-Kertesz.-Violiniste-aveugle-Abony-1921-236x300.jpg 236w, https:\/\/web.quotidianopiemontese.it\/cultura-arte-e-spettacolo-a-torino\/files\/2024\/01\/02_Andre-Kertesz.-Violiniste-aveugle-Abony-1921-804x1024.jpg 804w, https:\/\/web.quotidianopiemontese.it\/cultura-arte-e-spettacolo-a-torino\/files\/2024\/01\/02_Andre-Kertesz.-Violiniste-aveugle-Abony-1921-768x978.jpg 768w, https:\/\/web.quotidianopiemontese.it\/cultura-arte-e-spettacolo-a-torino\/files\/2024\/01\/02_Andre-Kertesz.-Violiniste-aveugle-Abony-1921-1206x1536.jpg 1206w, https:\/\/web.quotidianopiemontese.it\/cultura-arte-e-spettacolo-a-torino\/files\/2024\/01\/02_Andre-Kertesz.-Violiniste-aveugle-Abony-1921-1608x2048.jpg 1608w, https:\/\/web.quotidianopiemontese.it\/cultura-arte-e-spettacolo-a-torino\/files\/2024\/01\/02_Andre-Kertesz.-Violiniste-aveugle-Abony-1921-1200x1528.jpg 1200w, https:\/\/web.quotidianopiemontese.it\/cultura-arte-e-spettacolo-a-torino\/files\/2024\/01\/02_Andre-Kertesz.-Violiniste-aveugle-Abony-1921-scaled.jpg 2010w\" sizes=\"auto, (max-width: 236px) 85vw, 236px\" \/><\/a><figcaption id=\"caption-attachment-1296\" class=\"wp-caption-text\">Andre\u0301 Kerte\u0301sz. Violiniste aveugle, Abony, 1921<\/figcaption><\/figure>\n<p>Nato a Budapest nel 1894, si avvicina alla fotografia come autodidatta. Nel 1917 con il celebre scatto del <em>\u201cNuotatore\u201d,<\/em> con l\u2019acqua che lo deforma, Kert\u00e9sz gi\u00e0 mostra la capacit\u00e0 di trasformare la quotidianit\u00e0 in immagini sospese tra sogno e apparizione metafisica.<\/p>\n<figure id=\"attachment_1297\" aria-describedby=\"caption-attachment-1297\" style=\"width: 300px\" class=\"wp-caption alignnone\"><a href=\"http:\/\/web.quotidianopiemontese.it\/cultura-arte-e-spettacolo-a-torino\/files\/2024\/01\/13_Andre-Kertesz.-Seuphor-sur-les-pont-des-Arts-scaled.jpg\"><img loading=\"lazy\" decoding=\"async\" class=\"size-medium wp-image-1297\" src=\"http:\/\/web.quotidianopiemontese.it\/cultura-arte-e-spettacolo-a-torino\/files\/2024\/01\/13_Andre-Kertesz.-Seuphor-sur-les-pont-des-Arts-300x135.jpg\" alt=\"\" width=\"300\" height=\"135\" srcset=\"https:\/\/web.quotidianopiemontese.it\/cultura-arte-e-spettacolo-a-torino\/files\/2024\/01\/13_Andre-Kertesz.-Seuphor-sur-les-pont-des-Arts-300x135.jpg 300w, https:\/\/web.quotidianopiemontese.it\/cultura-arte-e-spettacolo-a-torino\/files\/2024\/01\/13_Andre-Kertesz.-Seuphor-sur-les-pont-des-Arts-1024x461.jpg 1024w, https:\/\/web.quotidianopiemontese.it\/cultura-arte-e-spettacolo-a-torino\/files\/2024\/01\/13_Andre-Kertesz.-Seuphor-sur-les-pont-des-Arts-768x346.jpg 768w, https:\/\/web.quotidianopiemontese.it\/cultura-arte-e-spettacolo-a-torino\/files\/2024\/01\/13_Andre-Kertesz.-Seuphor-sur-les-pont-des-Arts-1536x691.jpg 1536w, https:\/\/web.quotidianopiemontese.it\/cultura-arte-e-spettacolo-a-torino\/files\/2024\/01\/13_Andre-Kertesz.-Seuphor-sur-les-pont-des-Arts-2048x921.jpg 2048w, https:\/\/web.quotidianopiemontese.it\/cultura-arte-e-spettacolo-a-torino\/files\/2024\/01\/13_Andre-Kertesz.-Seuphor-sur-les-pont-des-Arts-1200x540.jpg 1200w\" sizes=\"auto, (max-width: 300px) 85vw, 300px\" \/><\/a><figcaption id=\"caption-attachment-1297\" class=\"wp-caption-text\">Andre\u0301 Kerte\u0301sz. Seuphor sur les pont des Arts<\/figcaption><\/figure>\n<p>Si trasferisce in Francia nel 1925 e nella Parigi capitale del mondo culturale degli anni Venti e Trenta realizza scatti iconici: le strepitose nature morte nello studio del pittore Piet Mondrian; i ritratti di personaggi che hanno fatto la storia della cultura e del costume del Novecento, dal regista Sergej \u0116jzen\u0161tejn alla musa Kiki de Montparnasse allo scultore Ossip Zadkine; le scene di strada, diurne e notturne, i luoghi dove Kert\u00e9sz cerca, secondo le sue stesse parole, <em>\u201cla vera natura delle cose, l\u2019interiorit\u00e0, la vita\u201d,<\/em> realizzando immagini che hanno contribuito in maniera decisiva alla creazione del mito della capitale francese nella prima met\u00e0 del secolo (si pensi ai volumi \u201cParis vu par\u201d e \u201cDay of Paris\u201d). Frequenta gli ambienti dell\u2019avanguardia, fotografa caff\u00e8, parchi, tetti, la Senna, lavorando per testate popolari come \u201cVU\u201d e altre pi\u00f9 raffinate come \u201cArt et M\u00e9decine\u201d.<\/p>\n<figure id=\"attachment_1298\" aria-describedby=\"caption-attachment-1298\" style=\"width: 240px\" class=\"wp-caption alignnone\"><a href=\"http:\/\/web.quotidianopiemontese.it\/cultura-arte-e-spettacolo-a-torino\/files\/2024\/01\/01_Andre-Kertesz.-Danseuse-satirique-Paris-1926-scaled.jpg\"><img loading=\"lazy\" decoding=\"async\" class=\"size-medium wp-image-1298\" src=\"http:\/\/web.quotidianopiemontese.it\/cultura-arte-e-spettacolo-a-torino\/files\/2024\/01\/01_Andre-Kertesz.-Danseuse-satirique-Paris-1926-240x300.jpg\" alt=\"\" width=\"240\" height=\"300\" srcset=\"https:\/\/web.quotidianopiemontese.it\/cultura-arte-e-spettacolo-a-torino\/files\/2024\/01\/01_Andre-Kertesz.-Danseuse-satirique-Paris-1926-240x300.jpg 240w, https:\/\/web.quotidianopiemontese.it\/cultura-arte-e-spettacolo-a-torino\/files\/2024\/01\/01_Andre-Kertesz.-Danseuse-satirique-Paris-1926-819x1024.jpg 819w, https:\/\/web.quotidianopiemontese.it\/cultura-arte-e-spettacolo-a-torino\/files\/2024\/01\/01_Andre-Kertesz.-Danseuse-satirique-Paris-1926-768x960.jpg 768w, https:\/\/web.quotidianopiemontese.it\/cultura-arte-e-spettacolo-a-torino\/files\/2024\/01\/01_Andre-Kertesz.-Danseuse-satirique-Paris-1926-1229x1536.jpg 1229w, https:\/\/web.quotidianopiemontese.it\/cultura-arte-e-spettacolo-a-torino\/files\/2024\/01\/01_Andre-Kertesz.-Danseuse-satirique-Paris-1926-1639x2048.jpg 1639w, https:\/\/web.quotidianopiemontese.it\/cultura-arte-e-spettacolo-a-torino\/files\/2024\/01\/01_Andre-Kertesz.-Danseuse-satirique-Paris-1926-1200x1500.jpg 1200w, https:\/\/web.quotidianopiemontese.it\/cultura-arte-e-spettacolo-a-torino\/files\/2024\/01\/01_Andre-Kertesz.-Danseuse-satirique-Paris-1926-scaled.jpg 2048w\" sizes=\"auto, (max-width: 240px) 85vw, 240px\" \/><\/a><figcaption id=\"caption-attachment-1298\" class=\"wp-caption-text\">Andre\u0301 Kerte\u0301sz. Danseuse satirique, Paris, 1926<\/figcaption><\/figure>\n<p>Nel 1936 emigra negli Stati Uniti<strong>, <\/strong>dove collabora con le riviste del gruppo editoriale Cond\u00e9 Nast, tra cui \u201cVogue\u201d, \u201cHouse and Garden\u201d e Glamour, realizzando scatti spettacolari che immortalano il porto di New York e lo skyline della Grande Mela.<\/p>\n<figure id=\"attachment_1299\" aria-describedby=\"caption-attachment-1299\" style=\"width: 202px\" class=\"wp-caption alignnone\"><a href=\"http:\/\/web.quotidianopiemontese.it\/cultura-arte-e-spettacolo-a-torino\/files\/2024\/01\/20_Andre-Kertesz.-Reflet-dun-gratte-ciel-dans-flaque-deau-New-York-1967-scaled.jpg\"><img loading=\"lazy\" decoding=\"async\" class=\"size-medium wp-image-1299\" src=\"http:\/\/web.quotidianopiemontese.it\/cultura-arte-e-spettacolo-a-torino\/files\/2024\/01\/20_Andre-Kertesz.-Reflet-dun-gratte-ciel-dans-flaque-deau-New-York-1967-202x300.jpg\" alt=\"\" width=\"202\" height=\"300\" srcset=\"https:\/\/web.quotidianopiemontese.it\/cultura-arte-e-spettacolo-a-torino\/files\/2024\/01\/20_Andre-Kertesz.-Reflet-dun-gratte-ciel-dans-flaque-deau-New-York-1967-202x300.jpg 202w, https:\/\/web.quotidianopiemontese.it\/cultura-arte-e-spettacolo-a-torino\/files\/2024\/01\/20_Andre-Kertesz.-Reflet-dun-gratte-ciel-dans-flaque-deau-New-York-1967-690x1024.jpg 690w, https:\/\/web.quotidianopiemontese.it\/cultura-arte-e-spettacolo-a-torino\/files\/2024\/01\/20_Andre-Kertesz.-Reflet-dun-gratte-ciel-dans-flaque-deau-New-York-1967-768x1140.jpg 768w, https:\/\/web.quotidianopiemontese.it\/cultura-arte-e-spettacolo-a-torino\/files\/2024\/01\/20_Andre-Kertesz.-Reflet-dun-gratte-ciel-dans-flaque-deau-New-York-1967-1034x1536.jpg 1034w, https:\/\/web.quotidianopiemontese.it\/cultura-arte-e-spettacolo-a-torino\/files\/2024\/01\/20_Andre-Kertesz.-Reflet-dun-gratte-ciel-dans-flaque-deau-New-York-1967-1379x2048.jpg 1379w, https:\/\/web.quotidianopiemontese.it\/cultura-arte-e-spettacolo-a-torino\/files\/2024\/01\/20_Andre-Kertesz.-Reflet-dun-gratte-ciel-dans-flaque-deau-New-York-1967-1200x1782.jpg 1200w, https:\/\/web.quotidianopiemontese.it\/cultura-arte-e-spettacolo-a-torino\/files\/2024\/01\/20_Andre-Kertesz.-Reflet-dun-gratte-ciel-dans-flaque-deau-New-York-1967-scaled.jpg 1724w\" sizes=\"auto, (max-width: 202px) 85vw, 202px\" \/><\/a><figcaption id=\"caption-attachment-1299\" class=\"wp-caption-text\">Andre\u0301 Kerte\u0301sz. Reflet d&#8217;un gratte-ciel dans flaque d&#8217;eau, New York, 1967<\/figcaption><\/figure>\n<p>A partire dal 1962, Kert\u00e9sz assiste al riconoscimento della propria opera da parte delle istituzioni e del grande pubblico: si susseguono le esposizioni alla <strong>Biennale di Venezia,<\/strong> alla Biblioth\u00e8que nationale de France e al Museum of Modern Art di New York. L\u2019artista torna di frequente a Parigi che continuer\u00e0 a fotografare fino al 1985, anno della sua morte. La citt\u00e0 in generale, e in particolare la Ville Lumi\u00e8re, \u00e8 al centro di alcune sue pubblicazioni come \u201cSixty Years of Photography\u201d (1972), \u201cJ\u2019aime Paris\u201d (1974) o \u201cOf Paris and New York\u201d (1985).<\/p>\n<figure id=\"attachment_1300\" aria-describedby=\"caption-attachment-1300\" style=\"width: 300px\" class=\"wp-caption alignnone\"><a href=\"http:\/\/web.quotidianopiemontese.it\/cultura-arte-e-spettacolo-a-torino\/files\/2024\/01\/06_Andre-Kertesz.-Les-mains-de-ma-mere-1919.jpg\"><img loading=\"lazy\" decoding=\"async\" class=\"size-medium wp-image-1300\" src=\"http:\/\/web.quotidianopiemontese.it\/cultura-arte-e-spettacolo-a-torino\/files\/2024\/01\/06_Andre-Kertesz.-Les-mains-de-ma-mere-1919-300x222.jpg\" alt=\"\" width=\"300\" height=\"222\" srcset=\"https:\/\/web.quotidianopiemontese.it\/cultura-arte-e-spettacolo-a-torino\/files\/2024\/01\/06_Andre-Kertesz.-Les-mains-de-ma-mere-1919-300x222.jpg 300w, https:\/\/web.quotidianopiemontese.it\/cultura-arte-e-spettacolo-a-torino\/files\/2024\/01\/06_Andre-Kertesz.-Les-mains-de-ma-mere-1919-1024x759.jpg 1024w, https:\/\/web.quotidianopiemontese.it\/cultura-arte-e-spettacolo-a-torino\/files\/2024\/01\/06_Andre-Kertesz.-Les-mains-de-ma-mere-1919-768x569.jpg 768w, https:\/\/web.quotidianopiemontese.it\/cultura-arte-e-spettacolo-a-torino\/files\/2024\/01\/06_Andre-Kertesz.-Les-mains-de-ma-mere-1919-1536x1139.jpg 1536w, https:\/\/web.quotidianopiemontese.it\/cultura-arte-e-spettacolo-a-torino\/files\/2024\/01\/06_Andre-Kertesz.-Les-mains-de-ma-mere-1919-2048x1518.jpg 2048w, https:\/\/web.quotidianopiemontese.it\/cultura-arte-e-spettacolo-a-torino\/files\/2024\/01\/06_Andre-Kertesz.-Les-mains-de-ma-mere-1919-1200x890.jpg 1200w\" sizes=\"auto, (max-width: 300px) 85vw, 300px\" \/><\/a><figcaption id=\"caption-attachment-1300\" class=\"wp-caption-text\">Andre\u0301 Kerte\u0301sz. Les mains de ma me\u0300re, 1919<\/figcaption><\/figure>\n<p>Tra le opere pi\u00f9 interessanti in mostra troviamo la serie delle <strong>\u201cDistorsioni\u201d,<\/strong> giochi ottici surrealisti. realizzati tra il 1932 ed il 1933 per la rivista umoristica \u201cLe Sourire\u201d, in cui i corpi nudi di due modelle si riflettono negli specchi deformanti dei baracconi del luna park.<\/p>\n<figure id=\"attachment_1301\" aria-describedby=\"caption-attachment-1301\" style=\"width: 300px\" class=\"wp-caption alignnone\"><a href=\"http:\/\/web.quotidianopiemontese.it\/cultura-arte-e-spettacolo-a-torino\/files\/2024\/01\/26_Andre-Kertesz.-Distorsion-n\u00b040-Paris-1932-1933-scaled.jpg\"><img loading=\"lazy\" decoding=\"async\" class=\"size-medium wp-image-1301\" src=\"http:\/\/web.quotidianopiemontese.it\/cultura-arte-e-spettacolo-a-torino\/files\/2024\/01\/26_Andre-Kertesz.-Distorsion-n\u00b040-Paris-1932-1933-300x244.jpg\" alt=\"\" width=\"300\" height=\"244\" srcset=\"https:\/\/web.quotidianopiemontese.it\/cultura-arte-e-spettacolo-a-torino\/files\/2024\/01\/26_Andre-Kertesz.-Distorsion-n\u00b040-Paris-1932-1933-300x244.jpg 300w, https:\/\/web.quotidianopiemontese.it\/cultura-arte-e-spettacolo-a-torino\/files\/2024\/01\/26_Andre-Kertesz.-Distorsion-n\u00b040-Paris-1932-1933-1024x832.jpg 1024w, https:\/\/web.quotidianopiemontese.it\/cultura-arte-e-spettacolo-a-torino\/files\/2024\/01\/26_Andre-Kertesz.-Distorsion-n\u00b040-Paris-1932-1933-768x624.jpg 768w, https:\/\/web.quotidianopiemontese.it\/cultura-arte-e-spettacolo-a-torino\/files\/2024\/01\/26_Andre-Kertesz.-Distorsion-n\u00b040-Paris-1932-1933-1536x1247.jpg 1536w, https:\/\/web.quotidianopiemontese.it\/cultura-arte-e-spettacolo-a-torino\/files\/2024\/01\/26_Andre-Kertesz.-Distorsion-n\u00b040-Paris-1932-1933-2048x1663.jpg 2048w, https:\/\/web.quotidianopiemontese.it\/cultura-arte-e-spettacolo-a-torino\/files\/2024\/01\/26_Andre-Kertesz.-Distorsion-n\u00b040-Paris-1932-1933-1200x975.jpg 1200w\" sizes=\"auto, (max-width: 300px) 85vw, 300px\" \/><\/a><figcaption id=\"caption-attachment-1301\" class=\"wp-caption-text\">Andre\u0301 Kerte\u0301sz. Distorsion n\u00b040, Paris, 1932-1933<\/figcaption><\/figure>\n<p><a href=\"http:\/\/www.camera.to\/\">www.camera.to<\/a><\/p>\n<p><strong>Emanuele Rebuffini<\/strong><\/p>\n<figure id=\"attachment_1303\" aria-describedby=\"caption-attachment-1303\" style=\"width: 171px\" class=\"wp-caption alignnone\"><a href=\"http:\/\/web.quotidianopiemontese.it\/cultura-arte-e-spettacolo-a-torino\/files\/2024\/01\/25_Andre-Kertesz.-Jour-pluvieux-Tokyo-1968-scaled.jpg\"><img loading=\"lazy\" decoding=\"async\" class=\"size-medium wp-image-1303\" src=\"http:\/\/web.quotidianopiemontese.it\/cultura-arte-e-spettacolo-a-torino\/files\/2024\/01\/25_Andre-Kertesz.-Jour-pluvieux-Tokyo-1968-171x300.jpg\" alt=\"\" width=\"171\" height=\"300\" srcset=\"https:\/\/web.quotidianopiemontese.it\/cultura-arte-e-spettacolo-a-torino\/files\/2024\/01\/25_Andre-Kertesz.-Jour-pluvieux-Tokyo-1968-171x300.jpg 171w, https:\/\/web.quotidianopiemontese.it\/cultura-arte-e-spettacolo-a-torino\/files\/2024\/01\/25_Andre-Kertesz.-Jour-pluvieux-Tokyo-1968-584x1024.jpg 584w, https:\/\/web.quotidianopiemontese.it\/cultura-arte-e-spettacolo-a-torino\/files\/2024\/01\/25_Andre-Kertesz.-Jour-pluvieux-Tokyo-1968-768x1346.jpg 768w, https:\/\/web.quotidianopiemontese.it\/cultura-arte-e-spettacolo-a-torino\/files\/2024\/01\/25_Andre-Kertesz.-Jour-pluvieux-Tokyo-1968-877x1536.jpg 877w, https:\/\/web.quotidianopiemontese.it\/cultura-arte-e-spettacolo-a-torino\/files\/2024\/01\/25_Andre-Kertesz.-Jour-pluvieux-Tokyo-1968-1169x2048.jpg 1169w, https:\/\/web.quotidianopiemontese.it\/cultura-arte-e-spettacolo-a-torino\/files\/2024\/01\/25_Andre-Kertesz.-Jour-pluvieux-Tokyo-1968-1200x2103.jpg 1200w, https:\/\/web.quotidianopiemontese.it\/cultura-arte-e-spettacolo-a-torino\/files\/2024\/01\/25_Andre-Kertesz.-Jour-pluvieux-Tokyo-1968-scaled.jpg 1461w\" sizes=\"auto, (max-width: 171px) 85vw, 171px\" \/><\/a><figcaption id=\"caption-attachment-1303\" class=\"wp-caption-text\">Andre\u0301 Kerte\u0301sz. Jour pluvieux, Tokyo, 1968<\/figcaption><\/figure>\n","protected":false},"excerpt":{"rendered":"<p>Attraverso 150 scatti, CAMERA-Centro Italiano per la Fotografia rende omaggio ad Andr\u00e9 Kert\u00e9sz, uno dei fotografi pi\u00f9 influenti del Novecento. Dagli scatti iconici con protagonista Parigi ai nudi distorti. Un artista che ha saputo trasformare la banalit\u00e0 quotidiana in apparizione poetica. Fino al 4 febbraio.<\/p>\n","protected":false},"author":1361,"featured_media":1295,"comment_status":"open","ping_status":"open","sticky":false,"template":"","format":"standard","meta":{"footnotes":""},"categories":[1],"tags":[241,225],"class_list":["post-1294","post","type-post","status-publish","format-standard","has-post-thumbnail","hentry","category-cultura-arte-spettacolo","tag-andre-kertesz","tag-camera-centro-italiano-per-la-fotografia"],"yoast_head":"<!-- This site is optimized with the Yoast SEO plugin v27.1.1 - https:\/\/yoast.com\/product\/yoast-seo-wordpress\/ -->\n<title>Fotografare l\u2019istante. Andr\u00e9 Kert\u00e9sz a \u00abCamera\u00bb - 23 Gennaio 2024<\/title>\n<meta name=\"description\" content=\"Fotografare l\u2019istante. Andr\u00e9 Kert\u00e9sz a \u00abCamera\u00bb - Cultura, Arte e Spettacolo a Torino - Attraverso 150 scatti, CAMERA-Centro Italiano per la Fotografia rende omaggio ad Andr\u00e9 Kert\u00e9sz, uno dei fotografi pi\u00f9 influenti del Novecento. Dagli - Andr\u00e9 Kert\u00e9sz, Camera-Centro Italiano per la Fotografia\" \/>\n<meta name=\"robots\" content=\"index, follow, max-snippet:-1, max-image-preview:large, max-video-preview:-1\" \/>\n<link rel=\"canonical\" href=\"https:\/\/web.quotidianopiemontese.it\/cultura-arte-e-spettacolo-a-torino\/fotografare-listante-andre-kertesz-a-camera\/\" \/>\n<meta property=\"og:locale\" content=\"it_IT\" \/>\n<meta property=\"og:type\" content=\"article\" \/>\n<meta property=\"og:title\" content=\"Fotografare l\u2019istante. Andr\u00e9 Kert\u00e9sz a \u00abCamera\u00bb - 23 Gennaio 2024\" \/>\n<meta property=\"og:description\" content=\"Fotografare l\u2019istante. Andr\u00e9 Kert\u00e9sz a \u00abCamera\u00bb - Cultura, Arte e Spettacolo a Torino - Attraverso 150 scatti, CAMERA-Centro Italiano per la Fotografia rende omaggio ad Andr\u00e9 Kert\u00e9sz, uno dei fotografi pi\u00f9 influenti del Novecento. Dagli - Andr\u00e9 Kert\u00e9sz, Camera-Centro Italiano per la Fotografia\" \/>\n<meta property=\"og:url\" content=\"https:\/\/web.quotidianopiemontese.it\/cultura-arte-e-spettacolo-a-torino\/fotografare-listante-andre-kertesz-a-camera\/\" \/>\n<meta property=\"og:site_name\" content=\"Cultura, Arte e Spettacolo a Torino\" \/>\n<meta property=\"article:publisher\" content=\"https:\/\/www.facebook.com\/quotidianopiemontese?fref=ts\" \/>\n<meta property=\"article:published_time\" content=\"2024-01-23T10:21:18+00:00\" \/>\n<meta property=\"og:image\" content=\"https:\/\/web.quotidianopiemontese.it\/cultura-arte-e-spettacolo-a-torino\/files\/2024\/01\/18_Andre-Kertesz.-Etude-avec-une-fourchette-Paris-1928-scaled.jpg\" \/>\n\t<meta property=\"og:image:width\" content=\"2560\" \/>\n\t<meta property=\"og:image:height\" content=\"1871\" \/>\n\t<meta property=\"og:image:type\" content=\"image\/jpeg\" \/>\n<meta name=\"author\" content=\"Emanuele Rebuffini\" \/>\n<meta name=\"twitter:label1\" content=\"Scritto da\" \/>\n\t<meta name=\"twitter:data1\" content=\"Emanuele Rebuffini\" \/>\n\t<meta name=\"twitter:label2\" content=\"Tempo di lettura stimato\" \/>\n\t<meta name=\"twitter:data2\" content=\"6 minuti\" \/>\n<script type=\"application\/ld+json\" class=\"yoast-schema-graph\">{\"@context\":\"https:\/\/schema.org\",\"@graph\":[{\"@type\":\"Article\",\"@id\":\"https:\/\/web.quotidianopiemontese.it\/cultura-arte-e-spettacolo-a-torino\/fotografare-listante-andre-kertesz-a-camera\/#article\",\"isPartOf\":{\"@id\":\"https:\/\/web.quotidianopiemontese.it\/cultura-arte-e-spettacolo-a-torino\/fotografare-listante-andre-kertesz-a-camera\/\"},\"author\":{\"name\":\"Emanuele Rebuffini\",\"@id\":\"https:\/\/web.quotidianopiemontese.it\/cultura-arte-e-spettacolo-a-torino\/#\/schema\/person\/b035109a4cc7d3e93911b78d8cebf3a0\"},\"headline\":\"Fotografare l\u2019istante. Andr\u00e9 Kert\u00e9sz a \u00abCamera\u00bb\",\"datePublished\":\"2024-01-23T10:21:18+00:00\",\"mainEntityOfPage\":{\"@id\":\"https:\/\/web.quotidianopiemontese.it\/cultura-arte-e-spettacolo-a-torino\/fotografare-listante-andre-kertesz-a-camera\/\"},\"wordCount\":699,\"commentCount\":0,\"image\":{\"@id\":\"https:\/\/web.quotidianopiemontese.it\/cultura-arte-e-spettacolo-a-torino\/fotografare-listante-andre-kertesz-a-camera\/#primaryimage\"},\"thumbnailUrl\":\"https:\/\/web.quotidianopiemontese.it\/cultura-arte-e-spettacolo-a-torino\/files\/2024\/01\/18_Andre-Kertesz.-Etude-avec-une-fourchette-Paris-1928-scaled.jpg\",\"keywords\":[\"Andr\u00e9 Kert\u00e9sz\",\"Camera-Centro Italiano per la Fotografia\"],\"articleSection\":[\"Cultura, arte, spettacolo\"],\"inLanguage\":\"it-IT\",\"potentialAction\":[{\"@type\":\"CommentAction\",\"name\":\"Comment\",\"target\":[\"https:\/\/web.quotidianopiemontese.it\/cultura-arte-e-spettacolo-a-torino\/fotografare-listante-andre-kertesz-a-camera\/#respond\"]}]},{\"@type\":\"WebPage\",\"@id\":\"https:\/\/web.quotidianopiemontese.it\/cultura-arte-e-spettacolo-a-torino\/fotografare-listante-andre-kertesz-a-camera\/\",\"url\":\"https:\/\/web.quotidianopiemontese.it\/cultura-arte-e-spettacolo-a-torino\/fotografare-listante-andre-kertesz-a-camera\/\",\"name\":\"Fotografare l\u2019istante. Andr\u00e9 Kert\u00e9sz a \u00abCamera\u00bb - 23 Gennaio 2024\",\"isPartOf\":{\"@id\":\"https:\/\/web.quotidianopiemontese.it\/cultura-arte-e-spettacolo-a-torino\/#website\"},\"primaryImageOfPage\":{\"@id\":\"https:\/\/web.quotidianopiemontese.it\/cultura-arte-e-spettacolo-a-torino\/fotografare-listante-andre-kertesz-a-camera\/#primaryimage\"},\"image\":{\"@id\":\"https:\/\/web.quotidianopiemontese.it\/cultura-arte-e-spettacolo-a-torino\/fotografare-listante-andre-kertesz-a-camera\/#primaryimage\"},\"thumbnailUrl\":\"https:\/\/web.quotidianopiemontese.it\/cultura-arte-e-spettacolo-a-torino\/files\/2024\/01\/18_Andre-Kertesz.-Etude-avec-une-fourchette-Paris-1928-scaled.jpg\",\"datePublished\":\"2024-01-23T10:21:18+00:00\",\"author\":{\"@id\":\"https:\/\/web.quotidianopiemontese.it\/cultura-arte-e-spettacolo-a-torino\/#\/schema\/person\/b035109a4cc7d3e93911b78d8cebf3a0\"},\"description\":\"Fotografare l\u2019istante. Andr\u00e9 Kert\u00e9sz a \u00abCamera\u00bb - Cultura, Arte e Spettacolo a Torino - Attraverso 150 scatti, CAMERA-Centro Italiano per la Fotografia rende omaggio ad Andr\u00e9 Kert\u00e9sz, uno dei fotografi pi\u00f9 influenti del Novecento. Dagli - Andr\u00e9 Kert\u00e9sz, Camera-Centro Italiano per la Fotografia\",\"inLanguage\":\"it-IT\",\"potentialAction\":[{\"@type\":\"ReadAction\",\"target\":[\"https:\/\/web.quotidianopiemontese.it\/cultura-arte-e-spettacolo-a-torino\/fotografare-listante-andre-kertesz-a-camera\/\"]}]},{\"@type\":\"ImageObject\",\"inLanguage\":\"it-IT\",\"@id\":\"https:\/\/web.quotidianopiemontese.it\/cultura-arte-e-spettacolo-a-torino\/fotografare-listante-andre-kertesz-a-camera\/#primaryimage\",\"url\":\"https:\/\/web.quotidianopiemontese.it\/cultura-arte-e-spettacolo-a-torino\/files\/2024\/01\/18_Andre-Kertesz.-Etude-avec-une-fourchette-Paris-1928-scaled.jpg\",\"contentUrl\":\"https:\/\/web.quotidianopiemontese.it\/cultura-arte-e-spettacolo-a-torino\/files\/2024\/01\/18_Andre-Kertesz.-Etude-avec-une-fourchette-Paris-1928-scaled.jpg\",\"width\":2560,\"height\":1871},{\"@type\":\"WebSite\",\"@id\":\"https:\/\/web.quotidianopiemontese.it\/cultura-arte-e-spettacolo-a-torino\/#website\",\"url\":\"https:\/\/web.quotidianopiemontese.it\/cultura-arte-e-spettacolo-a-torino\/\",\"name\":\"Cultura, Arte e Spettacolo a Torino\",\"description\":\"Quotidiano Piemontese\",\"potentialAction\":[{\"@type\":\"SearchAction\",\"target\":{\"@type\":\"EntryPoint\",\"urlTemplate\":\"https:\/\/web.quotidianopiemontese.it\/cultura-arte-e-spettacolo-a-torino\/?s={search_term_string}\"},\"query-input\":{\"@type\":\"PropertyValueSpecification\",\"valueRequired\":true,\"valueName\":\"search_term_string\"}}],\"inLanguage\":\"it-IT\"},{\"@type\":\"Person\",\"@id\":\"https:\/\/web.quotidianopiemontese.it\/cultura-arte-e-spettacolo-a-torino\/#\/schema\/person\/b035109a4cc7d3e93911b78d8cebf3a0\",\"name\":\"Emanuele Rebuffini\",\"image\":{\"@type\":\"ImageObject\",\"inLanguage\":\"it-IT\",\"@id\":\"https:\/\/web.quotidianopiemontese.it\/cultura-arte-e-spettacolo-a-torino\/#\/schema\/person\/image\/\",\"url\":\"https:\/\/secure.gravatar.com\/avatar\/519a0a38be4cbbcf40fb5bc1b1173a85af291a3a8697df454a94ad7e05574628?s=96&d=mm&r=g\",\"contentUrl\":\"https:\/\/secure.gravatar.com\/avatar\/519a0a38be4cbbcf40fb5bc1b1173a85af291a3a8697df454a94ad7e05574628?s=96&d=mm&r=g\",\"caption\":\"Emanuele Rebuffini\"},\"sameAs\":[\"http:\/\/www.quotidianopiemontese.it\/cultura-arte-e-spettacolo-a-torino\/\"],\"url\":\"https:\/\/web.quotidianopiemontese.it\/cultura-arte-e-spettacolo-a-torino\/author\/emanuelerebuffini\/\"}]}<\/script>\n<!-- \/ Yoast SEO plugin. -->","yoast_head_json":{"title":"Fotografare l\u2019istante. Andr\u00e9 Kert\u00e9sz a \u00abCamera\u00bb - 23 Gennaio 2024","description":"Fotografare l\u2019istante. Andr\u00e9 Kert\u00e9sz a \u00abCamera\u00bb - Cultura, Arte e Spettacolo a Torino - Attraverso 150 scatti, CAMERA-Centro Italiano per la Fotografia rende omaggio ad Andr\u00e9 Kert\u00e9sz, uno dei fotografi pi\u00f9 influenti del Novecento. Dagli - Andr\u00e9 Kert\u00e9sz, Camera-Centro Italiano per la Fotografia","robots":{"index":"index","follow":"follow","max-snippet":"max-snippet:-1","max-image-preview":"max-image-preview:large","max-video-preview":"max-video-preview:-1"},"canonical":"https:\/\/web.quotidianopiemontese.it\/cultura-arte-e-spettacolo-a-torino\/fotografare-listante-andre-kertesz-a-camera\/","og_locale":"it_IT","og_type":"article","og_title":"Fotografare l\u2019istante. Andr\u00e9 Kert\u00e9sz a \u00abCamera\u00bb - 23 Gennaio 2024","og_description":"Fotografare l\u2019istante. Andr\u00e9 Kert\u00e9sz a \u00abCamera\u00bb - Cultura, Arte e Spettacolo a Torino - Attraverso 150 scatti, CAMERA-Centro Italiano per la Fotografia rende omaggio ad Andr\u00e9 Kert\u00e9sz, uno dei fotografi pi\u00f9 influenti del Novecento. Dagli - Andr\u00e9 Kert\u00e9sz, Camera-Centro Italiano per la Fotografia","og_url":"https:\/\/web.quotidianopiemontese.it\/cultura-arte-e-spettacolo-a-torino\/fotografare-listante-andre-kertesz-a-camera\/","og_site_name":"Cultura, Arte e Spettacolo a Torino","article_publisher":"https:\/\/www.facebook.com\/quotidianopiemontese?fref=ts","article_published_time":"2024-01-23T10:21:18+00:00","og_image":[{"width":2560,"height":1871,"url":"https:\/\/web.quotidianopiemontese.it\/cultura-arte-e-spettacolo-a-torino\/files\/2024\/01\/18_Andre-Kertesz.-Etude-avec-une-fourchette-Paris-1928-scaled.jpg","type":"image\/jpeg"}],"author":"Emanuele Rebuffini","twitter_misc":{"Scritto da":"Emanuele Rebuffini","Tempo di lettura stimato":"6 minuti"},"schema":{"@context":"https:\/\/schema.org","@graph":[{"@type":"Article","@id":"https:\/\/web.quotidianopiemontese.it\/cultura-arte-e-spettacolo-a-torino\/fotografare-listante-andre-kertesz-a-camera\/#article","isPartOf":{"@id":"https:\/\/web.quotidianopiemontese.it\/cultura-arte-e-spettacolo-a-torino\/fotografare-listante-andre-kertesz-a-camera\/"},"author":{"name":"Emanuele Rebuffini","@id":"https:\/\/web.quotidianopiemontese.it\/cultura-arte-e-spettacolo-a-torino\/#\/schema\/person\/b035109a4cc7d3e93911b78d8cebf3a0"},"headline":"Fotografare l\u2019istante. Andr\u00e9 Kert\u00e9sz a \u00abCamera\u00bb","datePublished":"2024-01-23T10:21:18+00:00","mainEntityOfPage":{"@id":"https:\/\/web.quotidianopiemontese.it\/cultura-arte-e-spettacolo-a-torino\/fotografare-listante-andre-kertesz-a-camera\/"},"wordCount":699,"commentCount":0,"image":{"@id":"https:\/\/web.quotidianopiemontese.it\/cultura-arte-e-spettacolo-a-torino\/fotografare-listante-andre-kertesz-a-camera\/#primaryimage"},"thumbnailUrl":"https:\/\/web.quotidianopiemontese.it\/cultura-arte-e-spettacolo-a-torino\/files\/2024\/01\/18_Andre-Kertesz.-Etude-avec-une-fourchette-Paris-1928-scaled.jpg","keywords":["Andr\u00e9 Kert\u00e9sz","Camera-Centro Italiano per la Fotografia"],"articleSection":["Cultura, arte, spettacolo"],"inLanguage":"it-IT","potentialAction":[{"@type":"CommentAction","name":"Comment","target":["https:\/\/web.quotidianopiemontese.it\/cultura-arte-e-spettacolo-a-torino\/fotografare-listante-andre-kertesz-a-camera\/#respond"]}]},{"@type":"WebPage","@id":"https:\/\/web.quotidianopiemontese.it\/cultura-arte-e-spettacolo-a-torino\/fotografare-listante-andre-kertesz-a-camera\/","url":"https:\/\/web.quotidianopiemontese.it\/cultura-arte-e-spettacolo-a-torino\/fotografare-listante-andre-kertesz-a-camera\/","name":"Fotografare l\u2019istante. Andr\u00e9 Kert\u00e9sz a \u00abCamera\u00bb - 23 Gennaio 2024","isPartOf":{"@id":"https:\/\/web.quotidianopiemontese.it\/cultura-arte-e-spettacolo-a-torino\/#website"},"primaryImageOfPage":{"@id":"https:\/\/web.quotidianopiemontese.it\/cultura-arte-e-spettacolo-a-torino\/fotografare-listante-andre-kertesz-a-camera\/#primaryimage"},"image":{"@id":"https:\/\/web.quotidianopiemontese.it\/cultura-arte-e-spettacolo-a-torino\/fotografare-listante-andre-kertesz-a-camera\/#primaryimage"},"thumbnailUrl":"https:\/\/web.quotidianopiemontese.it\/cultura-arte-e-spettacolo-a-torino\/files\/2024\/01\/18_Andre-Kertesz.-Etude-avec-une-fourchette-Paris-1928-scaled.jpg","datePublished":"2024-01-23T10:21:18+00:00","author":{"@id":"https:\/\/web.quotidianopiemontese.it\/cultura-arte-e-spettacolo-a-torino\/#\/schema\/person\/b035109a4cc7d3e93911b78d8cebf3a0"},"description":"Fotografare l\u2019istante. Andr\u00e9 Kert\u00e9sz a \u00abCamera\u00bb - Cultura, Arte e Spettacolo a Torino - Attraverso 150 scatti, CAMERA-Centro Italiano per la Fotografia rende omaggio ad Andr\u00e9 Kert\u00e9sz, uno dei fotografi pi\u00f9 influenti del Novecento. Dagli - Andr\u00e9 Kert\u00e9sz, Camera-Centro Italiano per la Fotografia","inLanguage":"it-IT","potentialAction":[{"@type":"ReadAction","target":["https:\/\/web.quotidianopiemontese.it\/cultura-arte-e-spettacolo-a-torino\/fotografare-listante-andre-kertesz-a-camera\/"]}]},{"@type":"ImageObject","inLanguage":"it-IT","@id":"https:\/\/web.quotidianopiemontese.it\/cultura-arte-e-spettacolo-a-torino\/fotografare-listante-andre-kertesz-a-camera\/#primaryimage","url":"https:\/\/web.quotidianopiemontese.it\/cultura-arte-e-spettacolo-a-torino\/files\/2024\/01\/18_Andre-Kertesz.-Etude-avec-une-fourchette-Paris-1928-scaled.jpg","contentUrl":"https:\/\/web.quotidianopiemontese.it\/cultura-arte-e-spettacolo-a-torino\/files\/2024\/01\/18_Andre-Kertesz.-Etude-avec-une-fourchette-Paris-1928-scaled.jpg","width":2560,"height":1871},{"@type":"WebSite","@id":"https:\/\/web.quotidianopiemontese.it\/cultura-arte-e-spettacolo-a-torino\/#website","url":"https:\/\/web.quotidianopiemontese.it\/cultura-arte-e-spettacolo-a-torino\/","name":"Cultura, Arte e Spettacolo a Torino","description":"Quotidiano Piemontese","potentialAction":[{"@type":"SearchAction","target":{"@type":"EntryPoint","urlTemplate":"https:\/\/web.quotidianopiemontese.it\/cultura-arte-e-spettacolo-a-torino\/?s={search_term_string}"},"query-input":{"@type":"PropertyValueSpecification","valueRequired":true,"valueName":"search_term_string"}}],"inLanguage":"it-IT"},{"@type":"Person","@id":"https:\/\/web.quotidianopiemontese.it\/cultura-arte-e-spettacolo-a-torino\/#\/schema\/person\/b035109a4cc7d3e93911b78d8cebf3a0","name":"Emanuele Rebuffini","image":{"@type":"ImageObject","inLanguage":"it-IT","@id":"https:\/\/web.quotidianopiemontese.it\/cultura-arte-e-spettacolo-a-torino\/#\/schema\/person\/image\/","url":"https:\/\/secure.gravatar.com\/avatar\/519a0a38be4cbbcf40fb5bc1b1173a85af291a3a8697df454a94ad7e05574628?s=96&d=mm&r=g","contentUrl":"https:\/\/secure.gravatar.com\/avatar\/519a0a38be4cbbcf40fb5bc1b1173a85af291a3a8697df454a94ad7e05574628?s=96&d=mm&r=g","caption":"Emanuele Rebuffini"},"sameAs":["http:\/\/www.quotidianopiemontese.it\/cultura-arte-e-spettacolo-a-torino\/"],"url":"https:\/\/web.quotidianopiemontese.it\/cultura-arte-e-spettacolo-a-torino\/author\/emanuelerebuffini\/"}]}},"_links":{"self":[{"href":"https:\/\/web.quotidianopiemontese.it\/cultura-arte-e-spettacolo-a-torino\/wp-json\/wp\/v2\/posts\/1294","targetHints":{"allow":["GET"]}}],"collection":[{"href":"https:\/\/web.quotidianopiemontese.it\/cultura-arte-e-spettacolo-a-torino\/wp-json\/wp\/v2\/posts"}],"about":[{"href":"https:\/\/web.quotidianopiemontese.it\/cultura-arte-e-spettacolo-a-torino\/wp-json\/wp\/v2\/types\/post"}],"author":[{"embeddable":true,"href":"https:\/\/web.quotidianopiemontese.it\/cultura-arte-e-spettacolo-a-torino\/wp-json\/wp\/v2\/users\/1361"}],"replies":[{"embeddable":true,"href":"https:\/\/web.quotidianopiemontese.it\/cultura-arte-e-spettacolo-a-torino\/wp-json\/wp\/v2\/comments?post=1294"}],"version-history":[{"count":0,"href":"https:\/\/web.quotidianopiemontese.it\/cultura-arte-e-spettacolo-a-torino\/wp-json\/wp\/v2\/posts\/1294\/revisions"}],"wp:featuredmedia":[{"embeddable":true,"href":"https:\/\/web.quotidianopiemontese.it\/cultura-arte-e-spettacolo-a-torino\/wp-json\/wp\/v2\/media\/1295"}],"wp:attachment":[{"href":"https:\/\/web.quotidianopiemontese.it\/cultura-arte-e-spettacolo-a-torino\/wp-json\/wp\/v2\/media?parent=1294"}],"wp:term":[{"taxonomy":"category","embeddable":true,"href":"https:\/\/web.quotidianopiemontese.it\/cultura-arte-e-spettacolo-a-torino\/wp-json\/wp\/v2\/categories?post=1294"},{"taxonomy":"post_tag","embeddable":true,"href":"https:\/\/web.quotidianopiemontese.it\/cultura-arte-e-spettacolo-a-torino\/wp-json\/wp\/v2\/tags?post=1294"}],"curies":[{"name":"wp","href":"https:\/\/api.w.org\/{rel}","templated":true}]}}