{"id":1259,"date":"2023-11-20T12:17:43","date_gmt":"2023-11-20T11:17:43","guid":{"rendered":"https:\/\/web.quotidianopiemontese.it\/cultura-arte-e-spettacolo-a-torino\/?p=1259"},"modified":"2023-11-20T12:17:43","modified_gmt":"2023-11-20T11:17:43","slug":"a-chieri-la-materia-parla-18-artisti-tra-scultura-e-architetture","status":"publish","type":"post","link":"https:\/\/web.quotidianopiemontese.it\/cultura-arte-e-spettacolo-a-torino\/a-chieri-la-materia-parla-18-artisti-tra-scultura-e-architetture\/","title":{"rendered":"A Chieri \u201cLA MATERIA PARLA\u201d: 18 artisti tra scultura e architetture"},"content":{"rendered":"<p>Cinque suggestivi spazi espositivi dove le sculture e le installazioni di 18 artisti fanno dialogare le architetture di Chieri con l\u2019arte contemporanea. Curata da <strong>Monica Trigona<\/strong>, <strong>\u00ab<\/strong><strong>LA MATERIA PARLA. Sculture d\u2019autore in dialogo con la citt\u00e0\u00bb <\/strong>\u00e8 una mostra diffusa <!--more-->che fino al <strong>7 gennaio<\/strong> coinvolge la Cappella dell\u2019Oratorio di San Filippo Neri (la cappella \u00e8 parte del complesso che ospit\u00f2 il Seminario dove si form\u00f2 di Giovanni Bosco, ora tornata agli splendori originali grazie ad un recente restauro, i sagrati delle chiese di San Filippo e di San Bernardino, la Cappella dell\u2019Ospizio di Carit\u00e0 (Giovanni XXIII) e l\u2019Imbiancheria del Vajro.<\/p>\n<p><a href=\"http:\/\/web.quotidianopiemontese.it\/cultura-arte-e-spettacolo-a-torino\/files\/2023\/11\/Allestimenti_ImbiancheriadelVajro.jpeg\"><img loading=\"lazy\" decoding=\"async\" class=\"alignnone size-medium wp-image-1261\" src=\"http:\/\/web.quotidianopiemontese.it\/cultura-arte-e-spettacolo-a-torino\/files\/2023\/11\/Allestimenti_ImbiancheriadelVajro-300x225.jpeg\" alt=\"\" width=\"300\" height=\"225\" srcset=\"https:\/\/web.quotidianopiemontese.it\/cultura-arte-e-spettacolo-a-torino\/files\/2023\/11\/Allestimenti_ImbiancheriadelVajro-300x225.jpeg 300w, https:\/\/web.quotidianopiemontese.it\/cultura-arte-e-spettacolo-a-torino\/files\/2023\/11\/Allestimenti_ImbiancheriadelVajro-768x576.jpeg 768w, https:\/\/web.quotidianopiemontese.it\/cultura-arte-e-spettacolo-a-torino\/files\/2023\/11\/Allestimenti_ImbiancheriadelVajro.jpeg 1024w\" sizes=\"auto, (max-width: 300px) 85vw, 300px\" \/><\/a><\/p>\n<p>Proprio nella <strong>Cappella di San Filippo<\/strong> si pu\u00f2 ammirare il maestoso portale in acciaio inox realizzato da <strong>Salvatore Astore<\/strong>, collocato al posto dell\u2019altare come a indicarne la \u00absacralit\u00e0\u00bb.<\/p>\n<figure id=\"attachment_1262\" aria-describedby=\"caption-attachment-1262\" style=\"width: 230px\" class=\"wp-caption alignnone\"><a href=\"http:\/\/web.quotidianopiemontese.it\/cultura-arte-e-spettacolo-a-torino\/files\/2023\/11\/Maria-Lai-Presepio-riproduzione-bronzea-1956-2015-Collezione-privata.jpg\"><img loading=\"lazy\" decoding=\"async\" class=\"size-medium wp-image-1262\" src=\"http:\/\/web.quotidianopiemontese.it\/cultura-arte-e-spettacolo-a-torino\/files\/2023\/11\/Maria-Lai-Presepio-riproduzione-bronzea-1956-2015-Collezione-privata-230x300.jpg\" alt=\"\" width=\"230\" height=\"300\" srcset=\"https:\/\/web.quotidianopiemontese.it\/cultura-arte-e-spettacolo-a-torino\/files\/2023\/11\/Maria-Lai-Presepio-riproduzione-bronzea-1956-2015-Collezione-privata-230x300.jpg 230w, https:\/\/web.quotidianopiemontese.it\/cultura-arte-e-spettacolo-a-torino\/files\/2023\/11\/Maria-Lai-Presepio-riproduzione-bronzea-1956-2015-Collezione-privata.jpg 709w\" sizes=\"auto, (max-width: 230px) 85vw, 230px\" \/><\/a><figcaption id=\"caption-attachment-1262\" class=\"wp-caption-text\">Maria Lai \u00abPresepio\u00bb, riproduzione bronzea, 1956-2015 Collezione privata<\/figcaption><\/figure>\n<p>Spiega la curatrice:<strong> \u00ab<\/strong>L\u2019esposizione si propone di indagare certe produzioni plastiche, originali e personalissime, che dagli anni Ottanta del secolo scorso sino ai giorni nostri hanno concorso allo sviluppo della multiforme espressione contemporanea attribuendo grande importanza all\u2019elemento profondo e primario che \u00e8 sostanza del proprio linguaggio: LA MATERIA. L\u2019artista, infatti, \u00e8 andato ad assumere atteggiamenti sempre pi\u00f9 radicali nei suoi confronti: talora si piega alle sue forze interne condizionando\u00a0forme e superfici delle opere, talora gioca con le sue caratteristiche intrinseche praticando differenti aggregazioni e giustapposizioni, talvolta ne stravolge la natura provocando interessanti slittamenti di senso e spiazzamenti percettivi\u00bb.<\/p>\n<figure id=\"attachment_1263\" aria-describedby=\"caption-attachment-1263\" style=\"width: 214px\" class=\"wp-caption alignnone\"><a href=\"http:\/\/web.quotidianopiemontese.it\/cultura-arte-e-spettacolo-a-torino\/files\/2023\/11\/Paolo-Grassino-Senza-nome-2021-cemento-e-stoffe.-Cortesia-dellartista-e-della-Galleria-Umberto-Benappi-Torino.jpg\"><img loading=\"lazy\" decoding=\"async\" class=\"size-medium wp-image-1263\" src=\"http:\/\/web.quotidianopiemontese.it\/cultura-arte-e-spettacolo-a-torino\/files\/2023\/11\/Paolo-Grassino-Senza-nome-2021-cemento-e-stoffe.-Cortesia-dellartista-e-della-Galleria-Umberto-Benappi-Torino-214x300.jpg\" alt=\"\" width=\"214\" height=\"300\" srcset=\"https:\/\/web.quotidianopiemontese.it\/cultura-arte-e-spettacolo-a-torino\/files\/2023\/11\/Paolo-Grassino-Senza-nome-2021-cemento-e-stoffe.-Cortesia-dellartista-e-della-Galleria-Umberto-Benappi-Torino-214x300.jpg 214w, https:\/\/web.quotidianopiemontese.it\/cultura-arte-e-spettacolo-a-torino\/files\/2023\/11\/Paolo-Grassino-Senza-nome-2021-cemento-e-stoffe.-Cortesia-dellartista-e-della-Galleria-Umberto-Benappi-Torino-731x1024.jpg 731w, https:\/\/web.quotidianopiemontese.it\/cultura-arte-e-spettacolo-a-torino\/files\/2023\/11\/Paolo-Grassino-Senza-nome-2021-cemento-e-stoffe.-Cortesia-dellartista-e-della-Galleria-Umberto-Benappi-Torino-768x1075.jpg 768w, https:\/\/web.quotidianopiemontese.it\/cultura-arte-e-spettacolo-a-torino\/files\/2023\/11\/Paolo-Grassino-Senza-nome-2021-cemento-e-stoffe.-Cortesia-dellartista-e-della-Galleria-Umberto-Benappi-Torino.jpg 800w\" sizes=\"auto, (max-width: 214px) 85vw, 214px\" \/><\/a><figcaption id=\"caption-attachment-1263\" class=\"wp-caption-text\">Paolo Grassino, \u00abSenza nome\u00bb, 2021, cemento e stoffe. Cortesia dell\u2019artista e della Galleria Umberto Benappi, Torino<\/figcaption><\/figure>\n<p>Due opere sono antecedenti al quarantennio preso in considerazione, una nel giardino dell\u2019Imbiancheria del Vajro, realizzata da <strong>Umberto Mastroianni<\/strong>, l\u2019altra di <strong>Maria Lai<\/strong> nella Cappella dell\u2019Ospizio di Carit\u00e0 che attraverso le loro ricerche trasversali hanno aperto idealmente la strada alle sperimentazioni pi\u00f9 ardite. <strong>Umberto Mastroianni, <\/strong>considerato il successore di Umberto Boccioni per il suo palpitante plasticismo di derivazione futurista, \u00e8 rappresentato da una scultura bronzea degli anni Sessanta dalle caratteristiche informali.<\/p>\n<p><a href=\"http:\/\/web.quotidianopiemontese.it\/cultura-arte-e-spettacolo-a-torino\/files\/2023\/11\/802a3b37-6a1d-40e8-815d-822d84a0452a.jpeg\"><img loading=\"lazy\" decoding=\"async\" class=\"alignnone size-medium wp-image-1264\" src=\"http:\/\/web.quotidianopiemontese.it\/cultura-arte-e-spettacolo-a-torino\/files\/2023\/11\/802a3b37-6a1d-40e8-815d-822d84a0452a-300x300.jpeg\" alt=\"\" width=\"300\" height=\"300\" srcset=\"https:\/\/web.quotidianopiemontese.it\/cultura-arte-e-spettacolo-a-torino\/files\/2023\/11\/802a3b37-6a1d-40e8-815d-822d84a0452a-300x300.jpeg 300w, https:\/\/web.quotidianopiemontese.it\/cultura-arte-e-spettacolo-a-torino\/files\/2023\/11\/802a3b37-6a1d-40e8-815d-822d84a0452a-1024x1024.jpeg 1024w, https:\/\/web.quotidianopiemontese.it\/cultura-arte-e-spettacolo-a-torino\/files\/2023\/11\/802a3b37-6a1d-40e8-815d-822d84a0452a-150x150.jpeg 150w, https:\/\/web.quotidianopiemontese.it\/cultura-arte-e-spettacolo-a-torino\/files\/2023\/11\/802a3b37-6a1d-40e8-815d-822d84a0452a-768x768.jpeg 768w, https:\/\/web.quotidianopiemontese.it\/cultura-arte-e-spettacolo-a-torino\/files\/2023\/11\/802a3b37-6a1d-40e8-815d-822d84a0452a-1536x1536.jpeg 1536w, https:\/\/web.quotidianopiemontese.it\/cultura-arte-e-spettacolo-a-torino\/files\/2023\/11\/802a3b37-6a1d-40e8-815d-822d84a0452a-1200x1200.jpeg 1200w, https:\/\/web.quotidianopiemontese.it\/cultura-arte-e-spettacolo-a-torino\/files\/2023\/11\/802a3b37-6a1d-40e8-815d-822d84a0452a.jpeg 1728w\" sizes=\"auto, (max-width: 300px) 85vw, 300px\" \/><\/a><\/p>\n<p>Di <strong>Maria Lai <\/strong>\u00e8 esposto un Presepio in bronzo, opera di rigorosa essenzialit\u00e0, con due figure umane semplificate, quasi geometrizzate, che evocano i contadini della Barbagia, sua terra d\u2019origine, e che dialogano con la scultura tessile di juta riciclata della giovane svedese <strong>Diana Orving<\/strong> che, sospesa nella volta, ricorda una placenta e di conseguenza il legame tra madre e figlio, omaggiando sia i lavori tessili della Lai sia la Fiber art di cui Chieri \u00e8 \u201ccapitale\u201d.<\/p>\n<figure id=\"attachment_1265\" aria-describedby=\"caption-attachment-1265\" style=\"width: 240px\" class=\"wp-caption alignnone\"><a href=\"http:\/\/web.quotidianopiemontese.it\/cultura-arte-e-spettacolo-a-torino\/files\/2023\/11\/Diana-Orving-Becoming-2022-diversi-tipi-di-juta.-Cortesia-di-Tempesta-Gallery-Milano.jpg\"><img loading=\"lazy\" decoding=\"async\" class=\"size-medium wp-image-1265\" src=\"http:\/\/web.quotidianopiemontese.it\/cultura-arte-e-spettacolo-a-torino\/files\/2023\/11\/Diana-Orving-Becoming-2022-diversi-tipi-di-juta.-Cortesia-di-Tempesta-Gallery-Milano-240x300.jpg\" alt=\"\" width=\"240\" height=\"300\" srcset=\"https:\/\/web.quotidianopiemontese.it\/cultura-arte-e-spettacolo-a-torino\/files\/2023\/11\/Diana-Orving-Becoming-2022-diversi-tipi-di-juta.-Cortesia-di-Tempesta-Gallery-Milano-240x300.jpg 240w, https:\/\/web.quotidianopiemontese.it\/cultura-arte-e-spettacolo-a-torino\/files\/2023\/11\/Diana-Orving-Becoming-2022-diversi-tipi-di-juta.-Cortesia-di-Tempesta-Gallery-Milano-819x1024.jpg 819w, https:\/\/web.quotidianopiemontese.it\/cultura-arte-e-spettacolo-a-torino\/files\/2023\/11\/Diana-Orving-Becoming-2022-diversi-tipi-di-juta.-Cortesia-di-Tempesta-Gallery-Milano-768x960.jpg 768w, https:\/\/web.quotidianopiemontese.it\/cultura-arte-e-spettacolo-a-torino\/files\/2023\/11\/Diana-Orving-Becoming-2022-diversi-tipi-di-juta.-Cortesia-di-Tempesta-Gallery-Milano.jpg 961w\" sizes=\"auto, (max-width: 240px) 85vw, 240px\" \/><\/a><figcaption id=\"caption-attachment-1265\" class=\"wp-caption-text\">Diana Orving, Becoming, 2022, diversi tipi di juta. Cortesia di Tempesta Gallery, Milano<\/figcaption><\/figure>\n<p>Negli spazi esterni dell\u2019Imbiancheria del Vajro ci si imbatte in un artista dall\u2019indiscussa originalit\u00e0, <strong>Aldo Mondino.<\/strong> La sua ricerca provocatoria \u00e8 stata d\u2019ispirazione per molti creativi delle generazioni successive. Le due sculture in bronzo, \u201cLobby Star\u201d e \u201cFaccia di bronzo\u201d, di fine anni Ottanta, strappano un sorriso gi\u00e0 a partire dai loro titoli, l\u2019esplicito rapporto che le lega alle loro forme e la consueta ironia con cui l\u2019artista tocca temi religiosi. Qui troviamo anche i quattro gessi di <strong>Giacinto Cerone<\/strong>, le figure antropomorfe e ibride di <strong>Domenico Borrelli<\/strong> e le teste in cemento di<strong> Paolo Grassino.<\/strong><\/p>\n<figure id=\"attachment_1266\" aria-describedby=\"caption-attachment-1266\" style=\"width: 300px\" class=\"wp-caption alignnone\"><a href=\"http:\/\/web.quotidianopiemontese.it\/cultura-arte-e-spettacolo-a-torino\/files\/2023\/11\/Domenico-Borrelli-Memore-per-abitarsi-2016-2020-gruppo-scultoreo-resina.-Cortesia-dellartista-e-della-Galleria-Umberto-Benappi-Torino-2.jpg\"><img loading=\"lazy\" decoding=\"async\" class=\"size-medium wp-image-1266\" src=\"http:\/\/web.quotidianopiemontese.it\/cultura-arte-e-spettacolo-a-torino\/files\/2023\/11\/Domenico-Borrelli-Memore-per-abitarsi-2016-2020-gruppo-scultoreo-resina.-Cortesia-dellartista-e-della-Galleria-Umberto-Benappi-Torino-2-300x200.jpg\" alt=\"\" width=\"300\" height=\"200\" srcset=\"https:\/\/web.quotidianopiemontese.it\/cultura-arte-e-spettacolo-a-torino\/files\/2023\/11\/Domenico-Borrelli-Memore-per-abitarsi-2016-2020-gruppo-scultoreo-resina.-Cortesia-dellartista-e-della-Galleria-Umberto-Benappi-Torino-2-300x200.jpg 300w, https:\/\/web.quotidianopiemontese.it\/cultura-arte-e-spettacolo-a-torino\/files\/2023\/11\/Domenico-Borrelli-Memore-per-abitarsi-2016-2020-gruppo-scultoreo-resina.-Cortesia-dellartista-e-della-Galleria-Umberto-Benappi-Torino-2-1024x682.jpg 1024w, https:\/\/web.quotidianopiemontese.it\/cultura-arte-e-spettacolo-a-torino\/files\/2023\/11\/Domenico-Borrelli-Memore-per-abitarsi-2016-2020-gruppo-scultoreo-resina.-Cortesia-dellartista-e-della-Galleria-Umberto-Benappi-Torino-2-768x512.jpg 768w, https:\/\/web.quotidianopiemontese.it\/cultura-arte-e-spettacolo-a-torino\/files\/2023\/11\/Domenico-Borrelli-Memore-per-abitarsi-2016-2020-gruppo-scultoreo-resina.-Cortesia-dellartista-e-della-Galleria-Umberto-Benappi-Torino-2-1200x800.jpg 1200w, https:\/\/web.quotidianopiemontese.it\/cultura-arte-e-spettacolo-a-torino\/files\/2023\/11\/Domenico-Borrelli-Memore-per-abitarsi-2016-2020-gruppo-scultoreo-resina.-Cortesia-dellartista-e-della-Galleria-Umberto-Benappi-Torino-2.jpg 1280w\" sizes=\"auto, (max-width: 300px) 85vw, 300px\" \/><\/a><figcaption id=\"caption-attachment-1266\" class=\"wp-caption-text\">Domenico Borrelli, \u00abMemore &#8211; per abitarsi\u00bb, 2016-2020, gruppo scultoreo, resina. Cortesia dell\u2019artista e della Galleria Umberto Benappi, Torino 2<\/figcaption><\/figure>\n<p>Sul sagrato della Chiesa di San Bernardino svetta l\u2019opera di<strong> Theo Gallino<\/strong>, installazione ambientale composta da vasi in terracotta, cumuli di mattoni e steli in ferro su cui volteggiano dei grandi pollini. Il risultato di questa visione \u00e8 comunemente un sentimento di tacito rispetto nei confronti della natura delicata e caparbia che germoglia ovunque e a dispetto dell\u2019opera umana.<\/p>\n<p><a href=\"http:\/\/web.quotidianopiemontese.it\/cultura-arte-e-spettacolo-a-torino\/files\/2023\/11\/Allestimenti_Gallino.jpeg\"><img loading=\"lazy\" decoding=\"async\" class=\"alignnone size-medium wp-image-1267\" src=\"http:\/\/web.quotidianopiemontese.it\/cultura-arte-e-spettacolo-a-torino\/files\/2023\/11\/Allestimenti_Gallino-225x300.jpeg\" alt=\"\" width=\"225\" height=\"300\" srcset=\"https:\/\/web.quotidianopiemontese.it\/cultura-arte-e-spettacolo-a-torino\/files\/2023\/11\/Allestimenti_Gallino-225x300.jpeg 225w, https:\/\/web.quotidianopiemontese.it\/cultura-arte-e-spettacolo-a-torino\/files\/2023\/11\/Allestimenti_Gallino-768x1024.jpeg 768w, https:\/\/web.quotidianopiemontese.it\/cultura-arte-e-spettacolo-a-torino\/files\/2023\/11\/Allestimenti_Gallino-1152x1536.jpeg 1152w, https:\/\/web.quotidianopiemontese.it\/cultura-arte-e-spettacolo-a-torino\/files\/2023\/11\/Allestimenti_Gallino.jpeg 1200w\" sizes=\"auto, (max-width: 225px) 85vw, 225px\" \/><\/a><\/p>\n<p>Questi i 18 artisti coinvolti nella mostra: <strong>Salvator<\/strong><strong>e Astore, Stefano Bonzano, Domenico Borrelli, Umberto Cavenago, Giacinto\u00a0Cerone, Carlo D\u2019Oria, Piero Fogliati, Theo Gallino, Gabriele Garbolino R\u00f9, Paolo Grassino, Maria Lai, Umberto Mastroianni, Marco Mazzucconi, Aldo Mondino, Diana Orving, Carlo Pasini, Antonio Riello e Silvano\u00a0Tessarollo. <\/strong><\/p>\n<p><a href=\"http:\/\/www.comune.chieri.to.it\">http:\/\/www.comune.chieri.to.it<\/a><\/p>\n<p><a href=\"http:\/\/web.quotidianopiemontese.it\/cultura-arte-e-spettacolo-a-torino\/files\/2023\/11\/Locandina_MATERIA_PARLA_web.jpg\"><img loading=\"lazy\" decoding=\"async\" class=\"alignnone size-medium wp-image-1268\" src=\"http:\/\/web.quotidianopiemontese.it\/cultura-arte-e-spettacolo-a-torino\/files\/2023\/11\/Locandina_MATERIA_PARLA_web-214x300.jpg\" alt=\"\" width=\"214\" height=\"300\" srcset=\"https:\/\/web.quotidianopiemontese.it\/cultura-arte-e-spettacolo-a-torino\/files\/2023\/11\/Locandina_MATERIA_PARLA_web-214x300.jpg 214w, https:\/\/web.quotidianopiemontese.it\/cultura-arte-e-spettacolo-a-torino\/files\/2023\/11\/Locandina_MATERIA_PARLA_web.jpg 514w\" sizes=\"auto, (max-width: 214px) 85vw, 214px\" \/><\/a><\/p>\n<p>&nbsp;<\/p>\n","protected":false},"excerpt":{"rendered":"<p>Cinque suggestivi spazi espositivi dove le sculture e le installazioni di 18 artisti fanno dialogare le architetture di Chieri con l\u2019arte contemporanea. Curata da Monica Trigona, \u00abLA MATERIA PARLA. Sculture d\u2019autore in dialogo con la citt\u00e0\u00bb \u00e8 una mostra diffusa<\/p>\n","protected":false},"author":1361,"featured_media":1260,"comment_status":"open","ping_status":"open","sticky":false,"template":"","format":"standard","meta":{"footnotes":""},"categories":[1],"tags":[153],"class_list":["post-1259","post","type-post","status-publish","format-standard","has-post-thumbnail","hentry","category-cultura-arte-spettacolo","tag-chieri"],"yoast_head":"<!-- This site is optimized with the Yoast SEO plugin v27.1.1 - https:\/\/yoast.com\/product\/yoast-seo-wordpress\/ -->\n<title>A Chieri \u201cLA MATERIA PARLA\u201d: 18 artisti tra scultura e architetture - 20 Novembre 2023<\/title>\n<meta name=\"description\" content=\"A Chieri \u201cLA MATERIA PARLA\u201d: 18 artisti tra scultura e architetture - Cultura, Arte e Spettacolo a Torino - Cinque suggestivi spazi espositivi dove le sculture e le installazioni di 18 artisti fanno dialogare le architetture di Chieri con l\u2019arte contemporanea. - Chieri\" \/>\n<meta name=\"robots\" content=\"index, follow, max-snippet:-1, max-image-preview:large, max-video-preview:-1\" \/>\n<link rel=\"canonical\" href=\"https:\/\/web.quotidianopiemontese.it\/cultura-arte-e-spettacolo-a-torino\/a-chieri-la-materia-parla-18-artisti-tra-scultura-e-architetture\/\" \/>\n<meta property=\"og:locale\" content=\"it_IT\" \/>\n<meta property=\"og:type\" content=\"article\" \/>\n<meta property=\"og:title\" content=\"A Chieri \u201cLA MATERIA PARLA\u201d: 18 artisti tra scultura e architetture - 20 Novembre 2023\" \/>\n<meta property=\"og:description\" content=\"A Chieri \u201cLA MATERIA PARLA\u201d: 18 artisti tra scultura e architetture - Cultura, Arte e Spettacolo a Torino - Cinque suggestivi spazi espositivi dove le sculture e le installazioni di 18 artisti fanno dialogare le architetture di Chieri con l\u2019arte contemporanea. - Chieri\" \/>\n<meta property=\"og:url\" content=\"https:\/\/web.quotidianopiemontese.it\/cultura-arte-e-spettacolo-a-torino\/a-chieri-la-materia-parla-18-artisti-tra-scultura-e-architetture\/\" \/>\n<meta property=\"og:site_name\" content=\"Cultura, Arte e Spettacolo a Torino\" \/>\n<meta property=\"article:publisher\" content=\"https:\/\/www.facebook.com\/quotidianopiemontese?fref=ts\" \/>\n<meta property=\"article:published_time\" content=\"2023-11-20T11:17:43+00:00\" \/>\n<meta property=\"og:image\" content=\"https:\/\/web.quotidianopiemontese.it\/cultura-arte-e-spettacolo-a-torino\/files\/2023\/11\/1d36af48-e9c7-42fc-b30c-fc489d165d53.jpeg\" \/>\n\t<meta property=\"og:image:width\" content=\"1728\" \/>\n\t<meta property=\"og:image:height\" content=\"1728\" \/>\n\t<meta property=\"og:image:type\" content=\"image\/jpeg\" \/>\n<meta name=\"author\" content=\"Emanuele Rebuffini\" \/>\n<meta name=\"twitter:label1\" content=\"Scritto da\" \/>\n\t<meta name=\"twitter:data1\" content=\"Emanuele Rebuffini\" \/>\n\t<meta name=\"twitter:label2\" content=\"Tempo di lettura stimato\" \/>\n\t<meta name=\"twitter:data2\" content=\"6 minuti\" \/>\n<script type=\"application\/ld+json\" class=\"yoast-schema-graph\">{\"@context\":\"https:\/\/schema.org\",\"@graph\":[{\"@type\":\"Article\",\"@id\":\"https:\/\/web.quotidianopiemontese.it\/cultura-arte-e-spettacolo-a-torino\/a-chieri-la-materia-parla-18-artisti-tra-scultura-e-architetture\/#article\",\"isPartOf\":{\"@id\":\"https:\/\/web.quotidianopiemontese.it\/cultura-arte-e-spettacolo-a-torino\/a-chieri-la-materia-parla-18-artisti-tra-scultura-e-architetture\/\"},\"author\":{\"name\":\"Emanuele Rebuffini\",\"@id\":\"https:\/\/web.quotidianopiemontese.it\/cultura-arte-e-spettacolo-a-torino\/#\/schema\/person\/b035109a4cc7d3e93911b78d8cebf3a0\"},\"headline\":\"A Chieri \u201cLA MATERIA PARLA\u201d: 18 artisti tra scultura e architetture\",\"datePublished\":\"2023-11-20T11:17:43+00:00\",\"mainEntityOfPage\":{\"@id\":\"https:\/\/web.quotidianopiemontese.it\/cultura-arte-e-spettacolo-a-torino\/a-chieri-la-materia-parla-18-artisti-tra-scultura-e-architetture\/\"},\"wordCount\":685,\"commentCount\":0,\"image\":{\"@id\":\"https:\/\/web.quotidianopiemontese.it\/cultura-arte-e-spettacolo-a-torino\/a-chieri-la-materia-parla-18-artisti-tra-scultura-e-architetture\/#primaryimage\"},\"thumbnailUrl\":\"https:\/\/web.quotidianopiemontese.it\/cultura-arte-e-spettacolo-a-torino\/files\/2023\/11\/1d36af48-e9c7-42fc-b30c-fc489d165d53.jpeg\",\"keywords\":[\"Chieri\"],\"articleSection\":[\"Cultura, arte, spettacolo\"],\"inLanguage\":\"it-IT\",\"potentialAction\":[{\"@type\":\"CommentAction\",\"name\":\"Comment\",\"target\":[\"https:\/\/web.quotidianopiemontese.it\/cultura-arte-e-spettacolo-a-torino\/a-chieri-la-materia-parla-18-artisti-tra-scultura-e-architetture\/#respond\"]}]},{\"@type\":\"WebPage\",\"@id\":\"https:\/\/web.quotidianopiemontese.it\/cultura-arte-e-spettacolo-a-torino\/a-chieri-la-materia-parla-18-artisti-tra-scultura-e-architetture\/\",\"url\":\"https:\/\/web.quotidianopiemontese.it\/cultura-arte-e-spettacolo-a-torino\/a-chieri-la-materia-parla-18-artisti-tra-scultura-e-architetture\/\",\"name\":\"A Chieri \u201cLA MATERIA PARLA\u201d: 18 artisti tra scultura e architetture - 20 Novembre 2023\",\"isPartOf\":{\"@id\":\"https:\/\/web.quotidianopiemontese.it\/cultura-arte-e-spettacolo-a-torino\/#website\"},\"primaryImageOfPage\":{\"@id\":\"https:\/\/web.quotidianopiemontese.it\/cultura-arte-e-spettacolo-a-torino\/a-chieri-la-materia-parla-18-artisti-tra-scultura-e-architetture\/#primaryimage\"},\"image\":{\"@id\":\"https:\/\/web.quotidianopiemontese.it\/cultura-arte-e-spettacolo-a-torino\/a-chieri-la-materia-parla-18-artisti-tra-scultura-e-architetture\/#primaryimage\"},\"thumbnailUrl\":\"https:\/\/web.quotidianopiemontese.it\/cultura-arte-e-spettacolo-a-torino\/files\/2023\/11\/1d36af48-e9c7-42fc-b30c-fc489d165d53.jpeg\",\"datePublished\":\"2023-11-20T11:17:43+00:00\",\"author\":{\"@id\":\"https:\/\/web.quotidianopiemontese.it\/cultura-arte-e-spettacolo-a-torino\/#\/schema\/person\/b035109a4cc7d3e93911b78d8cebf3a0\"},\"description\":\"A Chieri \u201cLA MATERIA PARLA\u201d: 18 artisti tra scultura e architetture - Cultura, Arte e Spettacolo a Torino - Cinque suggestivi spazi espositivi dove le sculture e le installazioni di 18 artisti fanno dialogare le architetture di Chieri con l\u2019arte contemporanea. - Chieri\",\"inLanguage\":\"it-IT\",\"potentialAction\":[{\"@type\":\"ReadAction\",\"target\":[\"https:\/\/web.quotidianopiemontese.it\/cultura-arte-e-spettacolo-a-torino\/a-chieri-la-materia-parla-18-artisti-tra-scultura-e-architetture\/\"]}]},{\"@type\":\"ImageObject\",\"inLanguage\":\"it-IT\",\"@id\":\"https:\/\/web.quotidianopiemontese.it\/cultura-arte-e-spettacolo-a-torino\/a-chieri-la-materia-parla-18-artisti-tra-scultura-e-architetture\/#primaryimage\",\"url\":\"https:\/\/web.quotidianopiemontese.it\/cultura-arte-e-spettacolo-a-torino\/files\/2023\/11\/1d36af48-e9c7-42fc-b30c-fc489d165d53.jpeg\",\"contentUrl\":\"https:\/\/web.quotidianopiemontese.it\/cultura-arte-e-spettacolo-a-torino\/files\/2023\/11\/1d36af48-e9c7-42fc-b30c-fc489d165d53.jpeg\",\"width\":1728,\"height\":1728},{\"@type\":\"WebSite\",\"@id\":\"https:\/\/web.quotidianopiemontese.it\/cultura-arte-e-spettacolo-a-torino\/#website\",\"url\":\"https:\/\/web.quotidianopiemontese.it\/cultura-arte-e-spettacolo-a-torino\/\",\"name\":\"Cultura, Arte e Spettacolo a Torino\",\"description\":\"Quotidiano Piemontese\",\"potentialAction\":[{\"@type\":\"SearchAction\",\"target\":{\"@type\":\"EntryPoint\",\"urlTemplate\":\"https:\/\/web.quotidianopiemontese.it\/cultura-arte-e-spettacolo-a-torino\/?s={search_term_string}\"},\"query-input\":{\"@type\":\"PropertyValueSpecification\",\"valueRequired\":true,\"valueName\":\"search_term_string\"}}],\"inLanguage\":\"it-IT\"},{\"@type\":\"Person\",\"@id\":\"https:\/\/web.quotidianopiemontese.it\/cultura-arte-e-spettacolo-a-torino\/#\/schema\/person\/b035109a4cc7d3e93911b78d8cebf3a0\",\"name\":\"Emanuele Rebuffini\",\"image\":{\"@type\":\"ImageObject\",\"inLanguage\":\"it-IT\",\"@id\":\"https:\/\/web.quotidianopiemontese.it\/cultura-arte-e-spettacolo-a-torino\/#\/schema\/person\/image\/\",\"url\":\"https:\/\/secure.gravatar.com\/avatar\/519a0a38be4cbbcf40fb5bc1b1173a85af291a3a8697df454a94ad7e05574628?s=96&d=mm&r=g\",\"contentUrl\":\"https:\/\/secure.gravatar.com\/avatar\/519a0a38be4cbbcf40fb5bc1b1173a85af291a3a8697df454a94ad7e05574628?s=96&d=mm&r=g\",\"caption\":\"Emanuele Rebuffini\"},\"sameAs\":[\"http:\/\/www.quotidianopiemontese.it\/cultura-arte-e-spettacolo-a-torino\/\"],\"url\":\"https:\/\/web.quotidianopiemontese.it\/cultura-arte-e-spettacolo-a-torino\/author\/emanuelerebuffini\/\"}]}<\/script>\n<!-- \/ Yoast SEO plugin. -->","yoast_head_json":{"title":"A Chieri \u201cLA MATERIA PARLA\u201d: 18 artisti tra scultura e architetture - 20 Novembre 2023","description":"A Chieri \u201cLA MATERIA PARLA\u201d: 18 artisti tra scultura e architetture - Cultura, Arte e Spettacolo a Torino - Cinque suggestivi spazi espositivi dove le sculture e le installazioni di 18 artisti fanno dialogare le architetture di Chieri con l\u2019arte contemporanea. - Chieri","robots":{"index":"index","follow":"follow","max-snippet":"max-snippet:-1","max-image-preview":"max-image-preview:large","max-video-preview":"max-video-preview:-1"},"canonical":"https:\/\/web.quotidianopiemontese.it\/cultura-arte-e-spettacolo-a-torino\/a-chieri-la-materia-parla-18-artisti-tra-scultura-e-architetture\/","og_locale":"it_IT","og_type":"article","og_title":"A Chieri \u201cLA MATERIA PARLA\u201d: 18 artisti tra scultura e architetture - 20 Novembre 2023","og_description":"A Chieri \u201cLA MATERIA PARLA\u201d: 18 artisti tra scultura e architetture - Cultura, Arte e Spettacolo a Torino - Cinque suggestivi spazi espositivi dove le sculture e le installazioni di 18 artisti fanno dialogare le architetture di Chieri con l\u2019arte contemporanea. - Chieri","og_url":"https:\/\/web.quotidianopiemontese.it\/cultura-arte-e-spettacolo-a-torino\/a-chieri-la-materia-parla-18-artisti-tra-scultura-e-architetture\/","og_site_name":"Cultura, Arte e Spettacolo a Torino","article_publisher":"https:\/\/www.facebook.com\/quotidianopiemontese?fref=ts","article_published_time":"2023-11-20T11:17:43+00:00","og_image":[{"width":1728,"height":1728,"url":"https:\/\/web.quotidianopiemontese.it\/cultura-arte-e-spettacolo-a-torino\/files\/2023\/11\/1d36af48-e9c7-42fc-b30c-fc489d165d53.jpeg","type":"image\/jpeg"}],"author":"Emanuele Rebuffini","twitter_misc":{"Scritto da":"Emanuele Rebuffini","Tempo di lettura stimato":"6 minuti"},"schema":{"@context":"https:\/\/schema.org","@graph":[{"@type":"Article","@id":"https:\/\/web.quotidianopiemontese.it\/cultura-arte-e-spettacolo-a-torino\/a-chieri-la-materia-parla-18-artisti-tra-scultura-e-architetture\/#article","isPartOf":{"@id":"https:\/\/web.quotidianopiemontese.it\/cultura-arte-e-spettacolo-a-torino\/a-chieri-la-materia-parla-18-artisti-tra-scultura-e-architetture\/"},"author":{"name":"Emanuele Rebuffini","@id":"https:\/\/web.quotidianopiemontese.it\/cultura-arte-e-spettacolo-a-torino\/#\/schema\/person\/b035109a4cc7d3e93911b78d8cebf3a0"},"headline":"A Chieri \u201cLA MATERIA PARLA\u201d: 18 artisti tra scultura e architetture","datePublished":"2023-11-20T11:17:43+00:00","mainEntityOfPage":{"@id":"https:\/\/web.quotidianopiemontese.it\/cultura-arte-e-spettacolo-a-torino\/a-chieri-la-materia-parla-18-artisti-tra-scultura-e-architetture\/"},"wordCount":685,"commentCount":0,"image":{"@id":"https:\/\/web.quotidianopiemontese.it\/cultura-arte-e-spettacolo-a-torino\/a-chieri-la-materia-parla-18-artisti-tra-scultura-e-architetture\/#primaryimage"},"thumbnailUrl":"https:\/\/web.quotidianopiemontese.it\/cultura-arte-e-spettacolo-a-torino\/files\/2023\/11\/1d36af48-e9c7-42fc-b30c-fc489d165d53.jpeg","keywords":["Chieri"],"articleSection":["Cultura, arte, spettacolo"],"inLanguage":"it-IT","potentialAction":[{"@type":"CommentAction","name":"Comment","target":["https:\/\/web.quotidianopiemontese.it\/cultura-arte-e-spettacolo-a-torino\/a-chieri-la-materia-parla-18-artisti-tra-scultura-e-architetture\/#respond"]}]},{"@type":"WebPage","@id":"https:\/\/web.quotidianopiemontese.it\/cultura-arte-e-spettacolo-a-torino\/a-chieri-la-materia-parla-18-artisti-tra-scultura-e-architetture\/","url":"https:\/\/web.quotidianopiemontese.it\/cultura-arte-e-spettacolo-a-torino\/a-chieri-la-materia-parla-18-artisti-tra-scultura-e-architetture\/","name":"A Chieri \u201cLA MATERIA PARLA\u201d: 18 artisti tra scultura e architetture - 20 Novembre 2023","isPartOf":{"@id":"https:\/\/web.quotidianopiemontese.it\/cultura-arte-e-spettacolo-a-torino\/#website"},"primaryImageOfPage":{"@id":"https:\/\/web.quotidianopiemontese.it\/cultura-arte-e-spettacolo-a-torino\/a-chieri-la-materia-parla-18-artisti-tra-scultura-e-architetture\/#primaryimage"},"image":{"@id":"https:\/\/web.quotidianopiemontese.it\/cultura-arte-e-spettacolo-a-torino\/a-chieri-la-materia-parla-18-artisti-tra-scultura-e-architetture\/#primaryimage"},"thumbnailUrl":"https:\/\/web.quotidianopiemontese.it\/cultura-arte-e-spettacolo-a-torino\/files\/2023\/11\/1d36af48-e9c7-42fc-b30c-fc489d165d53.jpeg","datePublished":"2023-11-20T11:17:43+00:00","author":{"@id":"https:\/\/web.quotidianopiemontese.it\/cultura-arte-e-spettacolo-a-torino\/#\/schema\/person\/b035109a4cc7d3e93911b78d8cebf3a0"},"description":"A Chieri \u201cLA MATERIA PARLA\u201d: 18 artisti tra scultura e architetture - Cultura, Arte e Spettacolo a Torino - Cinque suggestivi spazi espositivi dove le sculture e le installazioni di 18 artisti fanno dialogare le architetture di Chieri con l\u2019arte contemporanea. - Chieri","inLanguage":"it-IT","potentialAction":[{"@type":"ReadAction","target":["https:\/\/web.quotidianopiemontese.it\/cultura-arte-e-spettacolo-a-torino\/a-chieri-la-materia-parla-18-artisti-tra-scultura-e-architetture\/"]}]},{"@type":"ImageObject","inLanguage":"it-IT","@id":"https:\/\/web.quotidianopiemontese.it\/cultura-arte-e-spettacolo-a-torino\/a-chieri-la-materia-parla-18-artisti-tra-scultura-e-architetture\/#primaryimage","url":"https:\/\/web.quotidianopiemontese.it\/cultura-arte-e-spettacolo-a-torino\/files\/2023\/11\/1d36af48-e9c7-42fc-b30c-fc489d165d53.jpeg","contentUrl":"https:\/\/web.quotidianopiemontese.it\/cultura-arte-e-spettacolo-a-torino\/files\/2023\/11\/1d36af48-e9c7-42fc-b30c-fc489d165d53.jpeg","width":1728,"height":1728},{"@type":"WebSite","@id":"https:\/\/web.quotidianopiemontese.it\/cultura-arte-e-spettacolo-a-torino\/#website","url":"https:\/\/web.quotidianopiemontese.it\/cultura-arte-e-spettacolo-a-torino\/","name":"Cultura, Arte e Spettacolo a Torino","description":"Quotidiano Piemontese","potentialAction":[{"@type":"SearchAction","target":{"@type":"EntryPoint","urlTemplate":"https:\/\/web.quotidianopiemontese.it\/cultura-arte-e-spettacolo-a-torino\/?s={search_term_string}"},"query-input":{"@type":"PropertyValueSpecification","valueRequired":true,"valueName":"search_term_string"}}],"inLanguage":"it-IT"},{"@type":"Person","@id":"https:\/\/web.quotidianopiemontese.it\/cultura-arte-e-spettacolo-a-torino\/#\/schema\/person\/b035109a4cc7d3e93911b78d8cebf3a0","name":"Emanuele Rebuffini","image":{"@type":"ImageObject","inLanguage":"it-IT","@id":"https:\/\/web.quotidianopiemontese.it\/cultura-arte-e-spettacolo-a-torino\/#\/schema\/person\/image\/","url":"https:\/\/secure.gravatar.com\/avatar\/519a0a38be4cbbcf40fb5bc1b1173a85af291a3a8697df454a94ad7e05574628?s=96&d=mm&r=g","contentUrl":"https:\/\/secure.gravatar.com\/avatar\/519a0a38be4cbbcf40fb5bc1b1173a85af291a3a8697df454a94ad7e05574628?s=96&d=mm&r=g","caption":"Emanuele Rebuffini"},"sameAs":["http:\/\/www.quotidianopiemontese.it\/cultura-arte-e-spettacolo-a-torino\/"],"url":"https:\/\/web.quotidianopiemontese.it\/cultura-arte-e-spettacolo-a-torino\/author\/emanuelerebuffini\/"}]}},"_links":{"self":[{"href":"https:\/\/web.quotidianopiemontese.it\/cultura-arte-e-spettacolo-a-torino\/wp-json\/wp\/v2\/posts\/1259","targetHints":{"allow":["GET"]}}],"collection":[{"href":"https:\/\/web.quotidianopiemontese.it\/cultura-arte-e-spettacolo-a-torino\/wp-json\/wp\/v2\/posts"}],"about":[{"href":"https:\/\/web.quotidianopiemontese.it\/cultura-arte-e-spettacolo-a-torino\/wp-json\/wp\/v2\/types\/post"}],"author":[{"embeddable":true,"href":"https:\/\/web.quotidianopiemontese.it\/cultura-arte-e-spettacolo-a-torino\/wp-json\/wp\/v2\/users\/1361"}],"replies":[{"embeddable":true,"href":"https:\/\/web.quotidianopiemontese.it\/cultura-arte-e-spettacolo-a-torino\/wp-json\/wp\/v2\/comments?post=1259"}],"version-history":[{"count":0,"href":"https:\/\/web.quotidianopiemontese.it\/cultura-arte-e-spettacolo-a-torino\/wp-json\/wp\/v2\/posts\/1259\/revisions"}],"wp:featuredmedia":[{"embeddable":true,"href":"https:\/\/web.quotidianopiemontese.it\/cultura-arte-e-spettacolo-a-torino\/wp-json\/wp\/v2\/media\/1260"}],"wp:attachment":[{"href":"https:\/\/web.quotidianopiemontese.it\/cultura-arte-e-spettacolo-a-torino\/wp-json\/wp\/v2\/media?parent=1259"}],"wp:term":[{"taxonomy":"category","embeddable":true,"href":"https:\/\/web.quotidianopiemontese.it\/cultura-arte-e-spettacolo-a-torino\/wp-json\/wp\/v2\/categories?post=1259"},{"taxonomy":"post_tag","embeddable":true,"href":"https:\/\/web.quotidianopiemontese.it\/cultura-arte-e-spettacolo-a-torino\/wp-json\/wp\/v2\/tags?post=1259"}],"curies":[{"name":"wp","href":"https:\/\/api.w.org\/{rel}","templated":true}]}}