{"id":1245,"date":"2023-11-06T14:26:37","date_gmt":"2023-11-06T13:26:37","guid":{"rendered":"https:\/\/web.quotidianopiemontese.it\/cultura-arte-e-spettacolo-a-torino\/?p=1245"},"modified":"2023-11-06T14:26:37","modified_gmt":"2023-11-06T13:26:37","slug":"tra-segno-e-silenzio-irma-blank-a-miradolo","status":"publish","type":"post","link":"https:\/\/web.quotidianopiemontese.it\/cultura-arte-e-spettacolo-a-torino\/tra-segno-e-silenzio-irma-blank-a-miradolo\/","title":{"rendered":"Tra segno e silenzio.\u00a0Irma Blank a Miradolo"},"content":{"rendered":"<p><strong><em>\u00ab<\/em><\/strong><em>Tutta la mia ricerca visiva non \u00e8 una ricerca sulla scrittura in senso stretto o sulla sua origine. La scrittura \u00e8 un medium per fare un\u2019analisi sull\u2019io, sul rapporto fra me e te e sul senso sociale<strong>\u00bb.<\/strong><\/em> Le ricerche poetiche di <strong>Irma Blank,<\/strong> in oltre cinquant\u2019anni di lavoro, sono state un tentativo costante di liberare la scrittura dalla schiavit\u00f9 del senso, trasformandola in segno e quindi conferendole dignit\u00e0 di autonomia di significato.<!--more--> A questa grande artista, scomparsa da pochi mesi e per troppo tempo scarsamente considerata (prese parte alla Biennale di Venezia solo nel 2017), la <strong>Fondazione Cosso<\/strong> dedica la mostra <strong>\u00abTra segno e silenzio\u00bb, <\/strong>ospitata al <strong>Castello di Miradolo<\/strong> dal fino al <strong>26 novembre.<\/strong><\/p>\n<figure id=\"attachment_1247\" aria-describedby=\"caption-attachment-1247\" style=\"width: 300px\" class=\"wp-caption alignnone\"><a href=\"http:\/\/web.quotidianopiemontese.it\/cultura-arte-e-spettacolo-a-torino\/files\/2023\/11\/4_Irma-Blank-UR-BUCH-ovvero-ROMANZO-BLU-scaled.jpg\"><img loading=\"lazy\" decoding=\"async\" class=\"size-medium wp-image-1247\" src=\"http:\/\/web.quotidianopiemontese.it\/cultura-arte-e-spettacolo-a-torino\/files\/2023\/11\/4_Irma-Blank-UR-BUCH-ovvero-ROMANZO-BLU-300x162.jpg\" alt=\"\" width=\"300\" height=\"162\" srcset=\"https:\/\/web.quotidianopiemontese.it\/cultura-arte-e-spettacolo-a-torino\/files\/2023\/11\/4_Irma-Blank-UR-BUCH-ovvero-ROMANZO-BLU-300x162.jpg 300w, https:\/\/web.quotidianopiemontese.it\/cultura-arte-e-spettacolo-a-torino\/files\/2023\/11\/4_Irma-Blank-UR-BUCH-ovvero-ROMANZO-BLU-1024x552.jpg 1024w, https:\/\/web.quotidianopiemontese.it\/cultura-arte-e-spettacolo-a-torino\/files\/2023\/11\/4_Irma-Blank-UR-BUCH-ovvero-ROMANZO-BLU-768x414.jpg 768w, https:\/\/web.quotidianopiemontese.it\/cultura-arte-e-spettacolo-a-torino\/files\/2023\/11\/4_Irma-Blank-UR-BUCH-ovvero-ROMANZO-BLU-1536x828.jpg 1536w, https:\/\/web.quotidianopiemontese.it\/cultura-arte-e-spettacolo-a-torino\/files\/2023\/11\/4_Irma-Blank-UR-BUCH-ovvero-ROMANZO-BLU-2048x1104.jpg 2048w, https:\/\/web.quotidianopiemontese.it\/cultura-arte-e-spettacolo-a-torino\/files\/2023\/11\/4_Irma-Blank-UR-BUCH-ovvero-ROMANZO-BLU-1200x647.jpg 1200w\" sizes=\"auto, (max-width: 300px) 85vw, 300px\" \/><\/a><figcaption id=\"caption-attachment-1247\" class=\"wp-caption-text\">Irma Blank, UR \u2013 BUCH ovvero Romanzo Blu 1997 Libro, Torino Collezione Maffei<\/figcaption><\/figure>\n<p>Curata da <strong>Roberto Galimberti,<\/strong> con il coordinamento di <strong>Paola Eynard,<\/strong> la mostra presenta venti opere, tra cui sette mai esposte prima d\u2019ora, provenienti da importanti collezioni private e grazie alla collaborazione con la <strong>Galleria P420 di Bologna.<\/strong><\/p>\n<figure id=\"attachment_1248\" aria-describedby=\"caption-attachment-1248\" style=\"width: 300px\" class=\"wp-caption alignnone\"><a href=\"http:\/\/web.quotidianopiemontese.it\/cultura-arte-e-spettacolo-a-torino\/files\/2023\/11\/1_Irma-Blank-nel-suo-studio-Milano-1977-photo-Maria-Mulas.jpg\"><img loading=\"lazy\" decoding=\"async\" class=\"size-medium wp-image-1248\" src=\"http:\/\/web.quotidianopiemontese.it\/cultura-arte-e-spettacolo-a-torino\/files\/2023\/11\/1_Irma-Blank-nel-suo-studio-Milano-1977-photo-Maria-Mulas-300x224.jpg\" alt=\"\" width=\"300\" height=\"224\" srcset=\"https:\/\/web.quotidianopiemontese.it\/cultura-arte-e-spettacolo-a-torino\/files\/2023\/11\/1_Irma-Blank-nel-suo-studio-Milano-1977-photo-Maria-Mulas-300x224.jpg 300w, https:\/\/web.quotidianopiemontese.it\/cultura-arte-e-spettacolo-a-torino\/files\/2023\/11\/1_Irma-Blank-nel-suo-studio-Milano-1977-photo-Maria-Mulas-1024x765.jpg 1024w, https:\/\/web.quotidianopiemontese.it\/cultura-arte-e-spettacolo-a-torino\/files\/2023\/11\/1_Irma-Blank-nel-suo-studio-Milano-1977-photo-Maria-Mulas-768x574.jpg 768w, https:\/\/web.quotidianopiemontese.it\/cultura-arte-e-spettacolo-a-torino\/files\/2023\/11\/1_Irma-Blank-nel-suo-studio-Milano-1977-photo-Maria-Mulas-1200x896.jpg 1200w, https:\/\/web.quotidianopiemontese.it\/cultura-arte-e-spettacolo-a-torino\/files\/2023\/11\/1_Irma-Blank-nel-suo-studio-Milano-1977-photo-Maria-Mulas.jpg 1300w\" sizes=\"auto, (max-width: 300px) 85vw, 300px\" \/><\/a><figcaption id=\"caption-attachment-1248\" class=\"wp-caption-text\">Irma Blank nel suo studio, Milano, 1977 (photo Maria Mulas)<\/figcaption><\/figure>\n<p>Tre i nuclei tematici che dialogano con le sale storiche del castello: le opere, realizzate con tecniche differenti; <strong>tre libri d\u2019artista,<\/strong> tra cui UR-BUCH Romanzo Blu, un corpo di fogli di carta velina blu <em>\u00abche rimanda<\/em> <em>a tutto l\u2019inchiostro versato nei secoli e apre all\u2019immensit\u00e0 degli spazi, all\u2019infinito\u00bb <\/em>e <strong>la documentazione fotografica e video.<\/strong><\/p>\n<p><a href=\"http:\/\/web.quotidianopiemontese.it\/cultura-arte-e-spettacolo-a-torino\/files\/2023\/11\/12.Blank-Radical-Writings-Pagina-doppia-dal-libro-totale-X-7-1984-IRBL0578-scaled.jpg\"><img loading=\"lazy\" decoding=\"async\" class=\"alignnone size-medium wp-image-1249\" src=\"http:\/\/web.quotidianopiemontese.it\/cultura-arte-e-spettacolo-a-torino\/files\/2023\/11\/12.Blank-Radical-Writings-Pagina-doppia-dal-libro-totale-X-7-1984-IRBL0578-300x244.jpg\" alt=\"\" width=\"300\" height=\"244\" srcset=\"https:\/\/web.quotidianopiemontese.it\/cultura-arte-e-spettacolo-a-torino\/files\/2023\/11\/12.Blank-Radical-Writings-Pagina-doppia-dal-libro-totale-X-7-1984-IRBL0578-300x244.jpg 300w, https:\/\/web.quotidianopiemontese.it\/cultura-arte-e-spettacolo-a-torino\/files\/2023\/11\/12.Blank-Radical-Writings-Pagina-doppia-dal-libro-totale-X-7-1984-IRBL0578-1024x831.jpg 1024w, https:\/\/web.quotidianopiemontese.it\/cultura-arte-e-spettacolo-a-torino\/files\/2023\/11\/12.Blank-Radical-Writings-Pagina-doppia-dal-libro-totale-X-7-1984-IRBL0578-768x624.jpg 768w, https:\/\/web.quotidianopiemontese.it\/cultura-arte-e-spettacolo-a-torino\/files\/2023\/11\/12.Blank-Radical-Writings-Pagina-doppia-dal-libro-totale-X-7-1984-IRBL0578-1536x1247.jpg 1536w, https:\/\/web.quotidianopiemontese.it\/cultura-arte-e-spettacolo-a-torino\/files\/2023\/11\/12.Blank-Radical-Writings-Pagina-doppia-dal-libro-totale-X-7-1984-IRBL0578-2048x1663.jpg 2048w, https:\/\/web.quotidianopiemontese.it\/cultura-arte-e-spettacolo-a-torino\/files\/2023\/11\/12.Blank-Radical-Writings-Pagina-doppia-dal-libro-totale-X-7-1984-IRBL0578-1200x974.jpg 1200w\" sizes=\"auto, (max-width: 300px) 85vw, 300px\" \/><\/a><\/p>\n<p><strong>Irma Blank<\/strong> nasce nel 1934 nel nord della Germania, dove vive fino al 1955 quando, con il marito italiano, si trasferisce in Sicilia e poi, nel 1973, a Milano, dove diventa insegnante d\u2019arte al liceo artistico. A Milano far\u00e0 ritorno negli anni Novanta, e qui si spegner\u00e0 nel 2023.<\/p>\n<p><a href=\"http:\/\/web.quotidianopiemontese.it\/cultura-arte-e-spettacolo-a-torino\/files\/2023\/11\/15d51248-d8bb-49fd-a72f-30b72fc142f9.jpeg\"><img loading=\"lazy\" decoding=\"async\" class=\"alignnone size-medium wp-image-1250\" src=\"http:\/\/web.quotidianopiemontese.it\/cultura-arte-e-spettacolo-a-torino\/files\/2023\/11\/15d51248-d8bb-49fd-a72f-30b72fc142f9-300x300.jpeg\" alt=\"\" width=\"300\" height=\"300\" srcset=\"https:\/\/web.quotidianopiemontese.it\/cultura-arte-e-spettacolo-a-torino\/files\/2023\/11\/15d51248-d8bb-49fd-a72f-30b72fc142f9-300x300.jpeg 300w, https:\/\/web.quotidianopiemontese.it\/cultura-arte-e-spettacolo-a-torino\/files\/2023\/11\/15d51248-d8bb-49fd-a72f-30b72fc142f9-1024x1024.jpeg 1024w, https:\/\/web.quotidianopiemontese.it\/cultura-arte-e-spettacolo-a-torino\/files\/2023\/11\/15d51248-d8bb-49fd-a72f-30b72fc142f9-150x150.jpeg 150w, https:\/\/web.quotidianopiemontese.it\/cultura-arte-e-spettacolo-a-torino\/files\/2023\/11\/15d51248-d8bb-49fd-a72f-30b72fc142f9-768x768.jpeg 768w, https:\/\/web.quotidianopiemontese.it\/cultura-arte-e-spettacolo-a-torino\/files\/2023\/11\/15d51248-d8bb-49fd-a72f-30b72fc142f9-1536x1536.jpeg 1536w, https:\/\/web.quotidianopiemontese.it\/cultura-arte-e-spettacolo-a-torino\/files\/2023\/11\/15d51248-d8bb-49fd-a72f-30b72fc142f9-1200x1200.jpeg 1200w, https:\/\/web.quotidianopiemontese.it\/cultura-arte-e-spettacolo-a-torino\/files\/2023\/11\/15d51248-d8bb-49fd-a72f-30b72fc142f9.jpeg 1728w\" sizes=\"auto, (max-width: 300px) 85vw, 300px\" \/><\/a><\/p>\n<p>In mostra troviamo opere della sua prima serie astratta, gli<strong> Eigenschriften (1968-1973), <\/strong>pagine e pagine coperte di piccoli segni, microsegni, frammenti di alfabeti immaginari che danno vita a una sorta di scritti o diari illeggibili; le <strong>Trascrizioni (1973-1979); <\/strong>i <strong>Radical Writings (1983-1996) <\/strong>dove entra in scena il blu, il colore dell\u2019inchiostro e dell\u2019infinito; quindi le serie<strong> Hyper-Text (1998-2002), Avant-Testo (1998-2006) <\/strong>e<strong> Global Writings (2000-2016).<\/strong><\/p>\n<p><a href=\"http:\/\/web.quotidianopiemontese.it\/cultura-arte-e-spettacolo-a-torino\/files\/2023\/11\/1f7181f7-086e-47e1-99c1-20169bfa493c.jpeg\"><img loading=\"lazy\" decoding=\"async\" class=\"alignnone size-medium wp-image-1251\" src=\"http:\/\/web.quotidianopiemontese.it\/cultura-arte-e-spettacolo-a-torino\/files\/2023\/11\/1f7181f7-086e-47e1-99c1-20169bfa493c-300x300.jpeg\" alt=\"\" width=\"300\" height=\"300\" srcset=\"https:\/\/web.quotidianopiemontese.it\/cultura-arte-e-spettacolo-a-torino\/files\/2023\/11\/1f7181f7-086e-47e1-99c1-20169bfa493c-300x300.jpeg 300w, https:\/\/web.quotidianopiemontese.it\/cultura-arte-e-spettacolo-a-torino\/files\/2023\/11\/1f7181f7-086e-47e1-99c1-20169bfa493c-1024x1024.jpeg 1024w, https:\/\/web.quotidianopiemontese.it\/cultura-arte-e-spettacolo-a-torino\/files\/2023\/11\/1f7181f7-086e-47e1-99c1-20169bfa493c-150x150.jpeg 150w, https:\/\/web.quotidianopiemontese.it\/cultura-arte-e-spettacolo-a-torino\/files\/2023\/11\/1f7181f7-086e-47e1-99c1-20169bfa493c-768x768.jpeg 768w, https:\/\/web.quotidianopiemontese.it\/cultura-arte-e-spettacolo-a-torino\/files\/2023\/11\/1f7181f7-086e-47e1-99c1-20169bfa493c-1536x1536.jpeg 1536w, https:\/\/web.quotidianopiemontese.it\/cultura-arte-e-spettacolo-a-torino\/files\/2023\/11\/1f7181f7-086e-47e1-99c1-20169bfa493c-1200x1200.jpeg 1200w, https:\/\/web.quotidianopiemontese.it\/cultura-arte-e-spettacolo-a-torino\/files\/2023\/11\/1f7181f7-086e-47e1-99c1-20169bfa493c.jpeg 1728w\" sizes=\"auto, (max-width: 300px) 85vw, 300px\" \/><\/a><\/p>\n<p>Una scrittura asemantica, quella di <strong>Irma Blank,<\/strong> che \u00e8, insieme, uno specchio interiore e un aprirsi al mondo. Ascolto e silenzio, segno e tempo. Ci\u00f2 che cambia negli anni e tra i diversi cicli di lavori \u00e8 il carattere e l\u2019intensit\u00e0 di questo rapporto che si gioca su differenti superfici (carte, fogli, tele, libri) e utilizzando diversi strumenti (inchiostro, china, penna biro, pastello, acquerello, acrilico).<\/p>\n<p><a href=\"http:\/\/web.quotidianopiemontese.it\/cultura-arte-e-spettacolo-a-torino\/files\/2023\/11\/8.Blank-Avant-testo-31-8-99-1999-IRBL0655-scaled.jpg\"><img loading=\"lazy\" decoding=\"async\" class=\"alignnone size-medium wp-image-1253\" src=\"http:\/\/web.quotidianopiemontese.it\/cultura-arte-e-spettacolo-a-torino\/files\/2023\/11\/8.Blank-Avant-testo-31-8-99-1999-IRBL0655-272x300.jpg\" alt=\"\" width=\"272\" height=\"300\" srcset=\"https:\/\/web.quotidianopiemontese.it\/cultura-arte-e-spettacolo-a-torino\/files\/2023\/11\/8.Blank-Avant-testo-31-8-99-1999-IRBL0655-272x300.jpg 272w, https:\/\/web.quotidianopiemontese.it\/cultura-arte-e-spettacolo-a-torino\/files\/2023\/11\/8.Blank-Avant-testo-31-8-99-1999-IRBL0655-927x1024.jpg 927w, https:\/\/web.quotidianopiemontese.it\/cultura-arte-e-spettacolo-a-torino\/files\/2023\/11\/8.Blank-Avant-testo-31-8-99-1999-IRBL0655-768x849.jpg 768w, https:\/\/web.quotidianopiemontese.it\/cultura-arte-e-spettacolo-a-torino\/files\/2023\/11\/8.Blank-Avant-testo-31-8-99-1999-IRBL0655-1390x1536.jpg 1390w, https:\/\/web.quotidianopiemontese.it\/cultura-arte-e-spettacolo-a-torino\/files\/2023\/11\/8.Blank-Avant-testo-31-8-99-1999-IRBL0655-1853x2048.jpg 1853w, https:\/\/web.quotidianopiemontese.it\/cultura-arte-e-spettacolo-a-torino\/files\/2023\/11\/8.Blank-Avant-testo-31-8-99-1999-IRBL0655-1200x1326.jpg 1200w\" sizes=\"auto, (max-width: 272px) 85vw, 272px\" \/><\/a><\/p>\n<p>L\u2019esposizione \u00e8 accompagnata da un\u2019inedita installazione sonora dedicata al Concerto in re maggiore per pianoforte e orchestra \u201cper la mano sinistra\u201d di Maurice Ravel che si sviluppa lungo il percorso espositivo. Il Concerto fu commissionato al compositore dal pianista austriaco Paul Wittgenstein, fratello del filosofo Ludwig, che perse il braccio destro nella Prima Guerra Mondiale e che lo esegu\u00ec, per la prima volta, a Vienna nel 1931. Infatti, a causa di un problema di salute nel 2016 che le ha immobilizzato la parte destra del corpo, <strong>Irma Blank<\/strong> ha dovuto imparare a disegnare con la mano sinistra e questo l\u2019ha portata a lavorare alla serie <strong>Gehen, Second life<\/strong>. \u201cGehen\u201d in tedesco significa \u201candare avanti\u201d, perch\u00e9 \u00ab<em>siamo sempre dentro il nostro fare, nel tempo\u00bb <\/em>e<strong> <em>\u00ab<\/em><\/strong><em>come sempre succede c\u2019\u00e8 prima una mancanza, una sofferenza, e da l\u00ec nasce il gesto creativo\u00bb<strong>.<\/strong><\/em><\/p>\n<p><a href=\"http:\/\/web.quotidianopiemontese.it\/cultura-arte-e-spettacolo-a-torino\/files\/2023\/11\/11.Blank-Radical-Writings-Abecedarium-16-1-91-1991-IRBL0740_installed-scaled.jpg\"><img loading=\"lazy\" decoding=\"async\" class=\"alignnone size-medium wp-image-1254\" src=\"http:\/\/web.quotidianopiemontese.it\/cultura-arte-e-spettacolo-a-torino\/files\/2023\/11\/11.Blank-Radical-Writings-Abecedarium-16-1-91-1991-IRBL0740_installed-212x300.jpg\" alt=\"\" width=\"212\" height=\"300\" srcset=\"https:\/\/web.quotidianopiemontese.it\/cultura-arte-e-spettacolo-a-torino\/files\/2023\/11\/11.Blank-Radical-Writings-Abecedarium-16-1-91-1991-IRBL0740_installed-212x300.jpg 212w, https:\/\/web.quotidianopiemontese.it\/cultura-arte-e-spettacolo-a-torino\/files\/2023\/11\/11.Blank-Radical-Writings-Abecedarium-16-1-91-1991-IRBL0740_installed-724x1024.jpg 724w, https:\/\/web.quotidianopiemontese.it\/cultura-arte-e-spettacolo-a-torino\/files\/2023\/11\/11.Blank-Radical-Writings-Abecedarium-16-1-91-1991-IRBL0740_installed-768x1087.jpg 768w, https:\/\/web.quotidianopiemontese.it\/cultura-arte-e-spettacolo-a-torino\/files\/2023\/11\/11.Blank-Radical-Writings-Abecedarium-16-1-91-1991-IRBL0740_installed-1085x1536.jpg 1085w, https:\/\/web.quotidianopiemontese.it\/cultura-arte-e-spettacolo-a-torino\/files\/2023\/11\/11.Blank-Radical-Writings-Abecedarium-16-1-91-1991-IRBL0740_installed-1447x2048.jpg 1447w, https:\/\/web.quotidianopiemontese.it\/cultura-arte-e-spettacolo-a-torino\/files\/2023\/11\/11.Blank-Radical-Writings-Abecedarium-16-1-91-1991-IRBL0740_installed-1200x1698.jpg 1200w, https:\/\/web.quotidianopiemontese.it\/cultura-arte-e-spettacolo-a-torino\/files\/2023\/11\/11.Blank-Radical-Writings-Abecedarium-16-1-91-1991-IRBL0740_installed-scaled.jpg 1809w\" sizes=\"auto, (max-width: 212px) 85vw, 212px\" \/><\/a><\/p>\n<p>Con il suo percorso artistico intimo e coerente, <strong>Irma Blank<\/strong> ha dimostrato che <strong>\u00ab<\/strong>c\u2019\u00e8 ancora modo di trovare strade nuove, di trovare trasparenze nel \u201ctroppo pieno\u201d, silenzio nel troppo rumore, per riappropriarci della semplicit\u00e0 della bellezza\u00bb <strong>(Paola Eynard).<\/strong><\/p>\n<p><a href=\"http:\/\/www.fondazionecosso.com\">http:\/\/www.fondazionecosso.com<\/a><\/p>\n<p><strong>Emanuele Rebuffini<\/strong><\/p>\n<p><a href=\"http:\/\/web.quotidianopiemontese.it\/cultura-arte-e-spettacolo-a-torino\/files\/2023\/11\/14.Blank\u252caGlobal-Writings-Ebla-archiv-27-6-12-2012-IRBL0658-scaled.jpg\"><img loading=\"lazy\" decoding=\"async\" class=\"alignnone size-medium wp-image-1255\" src=\"http:\/\/web.quotidianopiemontese.it\/cultura-arte-e-spettacolo-a-torino\/files\/2023\/11\/14.Blank\u252caGlobal-Writings-Ebla-archiv-27-6-12-2012-IRBL0658-300x225.jpg\" alt=\"\" width=\"300\" height=\"225\" srcset=\"https:\/\/web.quotidianopiemontese.it\/cultura-arte-e-spettacolo-a-torino\/files\/2023\/11\/14.Blank\u252caGlobal-Writings-Ebla-archiv-27-6-12-2012-IRBL0658-300x225.jpg 300w, https:\/\/web.quotidianopiemontese.it\/cultura-arte-e-spettacolo-a-torino\/files\/2023\/11\/14.Blank\u252caGlobal-Writings-Ebla-archiv-27-6-12-2012-IRBL0658-1024x768.jpg 1024w, https:\/\/web.quotidianopiemontese.it\/cultura-arte-e-spettacolo-a-torino\/files\/2023\/11\/14.Blank\u252caGlobal-Writings-Ebla-archiv-27-6-12-2012-IRBL0658-768x576.jpg 768w, https:\/\/web.quotidianopiemontese.it\/cultura-arte-e-spettacolo-a-torino\/files\/2023\/11\/14.Blank\u252caGlobal-Writings-Ebla-archiv-27-6-12-2012-IRBL0658-1536x1152.jpg 1536w, https:\/\/web.quotidianopiemontese.it\/cultura-arte-e-spettacolo-a-torino\/files\/2023\/11\/14.Blank\u252caGlobal-Writings-Ebla-archiv-27-6-12-2012-IRBL0658-2048x1536.jpg 2048w, https:\/\/web.quotidianopiemontese.it\/cultura-arte-e-spettacolo-a-torino\/files\/2023\/11\/14.Blank\u252caGlobal-Writings-Ebla-archiv-27-6-12-2012-IRBL0658-1200x900.jpg 1200w\" sizes=\"auto, (max-width: 300px) 85vw, 300px\" \/><\/a><\/p>\n","protected":false},"excerpt":{"rendered":"<p>\u00abTutta la mia ricerca visiva non \u00e8 una ricerca sulla scrittura in senso stretto o sulla sua origine. La scrittura \u00e8 un medium per fare un\u2019analisi sull\u2019io, sul rapporto fra me e te e sul senso sociale\u00bb. Le ricerche poetiche di Irma Blank, in oltre cinquant\u2019anni di lavoro, sono state un tentativo costante di liberare &hellip; <a href=\"https:\/\/web.quotidianopiemontese.it\/cultura-arte-e-spettacolo-a-torino\/tra-segno-e-silenzio-irma-blank-a-miradolo\/\" class=\"more-link\">Leggi tutto<span class=\"screen-reader-text\"> &#8220;Tra segno e silenzio.\u00a0Irma Blank a Miradolo&#8221;<\/span><\/a><\/p>\n","protected":false},"author":1361,"featured_media":1246,"comment_status":"open","ping_status":"open","sticky":false,"template":"","format":"standard","meta":{"footnotes":""},"categories":[1],"tags":[228,227,237],"class_list":["post-1245","post","type-post","status-publish","format-standard","has-post-thumbnail","hentry","category-cultura-arte-spettacolo","tag-castello-di-miradolo","tag-fondazione-cosso","tag-irma-blank"],"yoast_head":"<!-- This site is optimized with the Yoast SEO plugin v27.1.1 - https:\/\/yoast.com\/product\/yoast-seo-wordpress\/ -->\n<title>Tra segno e silenzio.\u00a0Irma Blank a Miradolo - 6 Novembre 2023<\/title>\n<meta name=\"description\" content=\"Tra segno e silenzio.\u00a0Irma Blank a Miradolo - Cultura, Arte e Spettacolo a Torino - \u00abTutta la mia ricerca visiva non \u00e8 una ricerca sulla scrittura in senso stretto o sulla sua origine. La scrittura \u00e8 un medium per fare un\u2019analisi sull\u2019io, - castello di Miradolo, Fondazione Cosso, Irma Blank\" \/>\n<meta name=\"robots\" content=\"index, follow, max-snippet:-1, max-image-preview:large, max-video-preview:-1\" \/>\n<link rel=\"canonical\" href=\"https:\/\/web.quotidianopiemontese.it\/cultura-arte-e-spettacolo-a-torino\/tra-segno-e-silenzio-irma-blank-a-miradolo\/\" \/>\n<meta property=\"og:locale\" content=\"it_IT\" \/>\n<meta property=\"og:type\" content=\"article\" \/>\n<meta property=\"og:title\" content=\"Tra segno e silenzio.\u00a0Irma Blank a Miradolo - 6 Novembre 2023\" \/>\n<meta property=\"og:description\" content=\"Tra segno e silenzio.\u00a0Irma Blank a Miradolo - Cultura, Arte e Spettacolo a Torino - \u00abTutta la mia ricerca visiva non \u00e8 una ricerca sulla scrittura in senso stretto o sulla sua origine. La scrittura \u00e8 un medium per fare un\u2019analisi sull\u2019io, - castello di Miradolo, Fondazione Cosso, Irma Blank\" \/>\n<meta property=\"og:url\" content=\"https:\/\/web.quotidianopiemontese.it\/cultura-arte-e-spettacolo-a-torino\/tra-segno-e-silenzio-irma-blank-a-miradolo\/\" \/>\n<meta property=\"og:site_name\" content=\"Cultura, Arte e Spettacolo a Torino\" \/>\n<meta property=\"article:publisher\" content=\"https:\/\/www.facebook.com\/quotidianopiemontese?fref=ts\" \/>\n<meta property=\"article:published_time\" content=\"2023-11-06T13:26:37+00:00\" \/>\n<meta property=\"og:image\" content=\"https:\/\/web.quotidianopiemontese.it\/cultura-arte-e-spettacolo-a-torino\/files\/2023\/11\/6f792c29-a99c-4831-810e-521234ea1b9d.jpeg\" \/>\n\t<meta property=\"og:image:width\" content=\"1728\" \/>\n\t<meta property=\"og:image:height\" content=\"1728\" \/>\n\t<meta property=\"og:image:type\" content=\"image\/jpeg\" \/>\n<meta name=\"author\" content=\"Emanuele Rebuffini\" \/>\n<meta name=\"twitter:label1\" content=\"Scritto da\" \/>\n\t<meta name=\"twitter:data1\" content=\"Emanuele Rebuffini\" \/>\n\t<meta name=\"twitter:label2\" content=\"Tempo di lettura stimato\" \/>\n\t<meta name=\"twitter:data2\" content=\"5 minuti\" \/>\n<script type=\"application\/ld+json\" class=\"yoast-schema-graph\">{\"@context\":\"https:\/\/schema.org\",\"@graph\":[{\"@type\":\"Article\",\"@id\":\"https:\/\/web.quotidianopiemontese.it\/cultura-arte-e-spettacolo-a-torino\/tra-segno-e-silenzio-irma-blank-a-miradolo\/#article\",\"isPartOf\":{\"@id\":\"https:\/\/web.quotidianopiemontese.it\/cultura-arte-e-spettacolo-a-torino\/tra-segno-e-silenzio-irma-blank-a-miradolo\/\"},\"author\":{\"name\":\"Emanuele Rebuffini\",\"@id\":\"https:\/\/web.quotidianopiemontese.it\/cultura-arte-e-spettacolo-a-torino\/#\/schema\/person\/b035109a4cc7d3e93911b78d8cebf3a0\"},\"headline\":\"Tra segno e silenzio.\u00a0Irma Blank a Miradolo\",\"datePublished\":\"2023-11-06T13:26:37+00:00\",\"mainEntityOfPage\":{\"@id\":\"https:\/\/web.quotidianopiemontese.it\/cultura-arte-e-spettacolo-a-torino\/tra-segno-e-silenzio-irma-blank-a-miradolo\/\"},\"wordCount\":612,\"commentCount\":0,\"image\":{\"@id\":\"https:\/\/web.quotidianopiemontese.it\/cultura-arte-e-spettacolo-a-torino\/tra-segno-e-silenzio-irma-blank-a-miradolo\/#primaryimage\"},\"thumbnailUrl\":\"https:\/\/web.quotidianopiemontese.it\/cultura-arte-e-spettacolo-a-torino\/files\/2023\/11\/6f792c29-a99c-4831-810e-521234ea1b9d.jpeg\",\"keywords\":[\"castello di Miradolo\",\"Fondazione Cosso\",\"Irma Blank\"],\"articleSection\":[\"Cultura, arte, spettacolo\"],\"inLanguage\":\"it-IT\",\"potentialAction\":[{\"@type\":\"CommentAction\",\"name\":\"Comment\",\"target\":[\"https:\/\/web.quotidianopiemontese.it\/cultura-arte-e-spettacolo-a-torino\/tra-segno-e-silenzio-irma-blank-a-miradolo\/#respond\"]}]},{\"@type\":\"WebPage\",\"@id\":\"https:\/\/web.quotidianopiemontese.it\/cultura-arte-e-spettacolo-a-torino\/tra-segno-e-silenzio-irma-blank-a-miradolo\/\",\"url\":\"https:\/\/web.quotidianopiemontese.it\/cultura-arte-e-spettacolo-a-torino\/tra-segno-e-silenzio-irma-blank-a-miradolo\/\",\"name\":\"Tra segno e silenzio.\u00a0Irma Blank a Miradolo - 6 Novembre 2023\",\"isPartOf\":{\"@id\":\"https:\/\/web.quotidianopiemontese.it\/cultura-arte-e-spettacolo-a-torino\/#website\"},\"primaryImageOfPage\":{\"@id\":\"https:\/\/web.quotidianopiemontese.it\/cultura-arte-e-spettacolo-a-torino\/tra-segno-e-silenzio-irma-blank-a-miradolo\/#primaryimage\"},\"image\":{\"@id\":\"https:\/\/web.quotidianopiemontese.it\/cultura-arte-e-spettacolo-a-torino\/tra-segno-e-silenzio-irma-blank-a-miradolo\/#primaryimage\"},\"thumbnailUrl\":\"https:\/\/web.quotidianopiemontese.it\/cultura-arte-e-spettacolo-a-torino\/files\/2023\/11\/6f792c29-a99c-4831-810e-521234ea1b9d.jpeg\",\"datePublished\":\"2023-11-06T13:26:37+00:00\",\"author\":{\"@id\":\"https:\/\/web.quotidianopiemontese.it\/cultura-arte-e-spettacolo-a-torino\/#\/schema\/person\/b035109a4cc7d3e93911b78d8cebf3a0\"},\"description\":\"Tra segno e silenzio.\u00a0Irma Blank a Miradolo - Cultura, Arte e Spettacolo a Torino - \u00abTutta la mia ricerca visiva non \u00e8 una ricerca sulla scrittura in senso stretto o sulla sua origine. La scrittura \u00e8 un medium per fare un\u2019analisi sull\u2019io, - castello di Miradolo, Fondazione Cosso, Irma Blank\",\"inLanguage\":\"it-IT\",\"potentialAction\":[{\"@type\":\"ReadAction\",\"target\":[\"https:\/\/web.quotidianopiemontese.it\/cultura-arte-e-spettacolo-a-torino\/tra-segno-e-silenzio-irma-blank-a-miradolo\/\"]}]},{\"@type\":\"ImageObject\",\"inLanguage\":\"it-IT\",\"@id\":\"https:\/\/web.quotidianopiemontese.it\/cultura-arte-e-spettacolo-a-torino\/tra-segno-e-silenzio-irma-blank-a-miradolo\/#primaryimage\",\"url\":\"https:\/\/web.quotidianopiemontese.it\/cultura-arte-e-spettacolo-a-torino\/files\/2023\/11\/6f792c29-a99c-4831-810e-521234ea1b9d.jpeg\",\"contentUrl\":\"https:\/\/web.quotidianopiemontese.it\/cultura-arte-e-spettacolo-a-torino\/files\/2023\/11\/6f792c29-a99c-4831-810e-521234ea1b9d.jpeg\",\"width\":1728,\"height\":1728},{\"@type\":\"WebSite\",\"@id\":\"https:\/\/web.quotidianopiemontese.it\/cultura-arte-e-spettacolo-a-torino\/#website\",\"url\":\"https:\/\/web.quotidianopiemontese.it\/cultura-arte-e-spettacolo-a-torino\/\",\"name\":\"Cultura, Arte e Spettacolo a Torino\",\"description\":\"Quotidiano Piemontese\",\"potentialAction\":[{\"@type\":\"SearchAction\",\"target\":{\"@type\":\"EntryPoint\",\"urlTemplate\":\"https:\/\/web.quotidianopiemontese.it\/cultura-arte-e-spettacolo-a-torino\/?s={search_term_string}\"},\"query-input\":{\"@type\":\"PropertyValueSpecification\",\"valueRequired\":true,\"valueName\":\"search_term_string\"}}],\"inLanguage\":\"it-IT\"},{\"@type\":\"Person\",\"@id\":\"https:\/\/web.quotidianopiemontese.it\/cultura-arte-e-spettacolo-a-torino\/#\/schema\/person\/b035109a4cc7d3e93911b78d8cebf3a0\",\"name\":\"Emanuele Rebuffini\",\"image\":{\"@type\":\"ImageObject\",\"inLanguage\":\"it-IT\",\"@id\":\"https:\/\/web.quotidianopiemontese.it\/cultura-arte-e-spettacolo-a-torino\/#\/schema\/person\/image\/\",\"url\":\"https:\/\/secure.gravatar.com\/avatar\/519a0a38be4cbbcf40fb5bc1b1173a85af291a3a8697df454a94ad7e05574628?s=96&d=mm&r=g\",\"contentUrl\":\"https:\/\/secure.gravatar.com\/avatar\/519a0a38be4cbbcf40fb5bc1b1173a85af291a3a8697df454a94ad7e05574628?s=96&d=mm&r=g\",\"caption\":\"Emanuele Rebuffini\"},\"sameAs\":[\"http:\/\/www.quotidianopiemontese.it\/cultura-arte-e-spettacolo-a-torino\/\"],\"url\":\"https:\/\/web.quotidianopiemontese.it\/cultura-arte-e-spettacolo-a-torino\/author\/emanuelerebuffini\/\"}]}<\/script>\n<!-- \/ Yoast SEO plugin. -->","yoast_head_json":{"title":"Tra segno e silenzio.\u00a0Irma Blank a Miradolo - 6 Novembre 2023","description":"Tra segno e silenzio.\u00a0Irma Blank a Miradolo - Cultura, Arte e Spettacolo a Torino - \u00abTutta la mia ricerca visiva non \u00e8 una ricerca sulla scrittura in senso stretto o sulla sua origine. La scrittura \u00e8 un medium per fare un\u2019analisi sull\u2019io, - castello di Miradolo, Fondazione Cosso, Irma Blank","robots":{"index":"index","follow":"follow","max-snippet":"max-snippet:-1","max-image-preview":"max-image-preview:large","max-video-preview":"max-video-preview:-1"},"canonical":"https:\/\/web.quotidianopiemontese.it\/cultura-arte-e-spettacolo-a-torino\/tra-segno-e-silenzio-irma-blank-a-miradolo\/","og_locale":"it_IT","og_type":"article","og_title":"Tra segno e silenzio.\u00a0Irma Blank a Miradolo - 6 Novembre 2023","og_description":"Tra segno e silenzio.\u00a0Irma Blank a Miradolo - Cultura, Arte e Spettacolo a Torino - \u00abTutta la mia ricerca visiva non \u00e8 una ricerca sulla scrittura in senso stretto o sulla sua origine. La scrittura \u00e8 un medium per fare un\u2019analisi sull\u2019io, - castello di Miradolo, Fondazione Cosso, Irma Blank","og_url":"https:\/\/web.quotidianopiemontese.it\/cultura-arte-e-spettacolo-a-torino\/tra-segno-e-silenzio-irma-blank-a-miradolo\/","og_site_name":"Cultura, Arte e Spettacolo a Torino","article_publisher":"https:\/\/www.facebook.com\/quotidianopiemontese?fref=ts","article_published_time":"2023-11-06T13:26:37+00:00","og_image":[{"width":1728,"height":1728,"url":"https:\/\/web.quotidianopiemontese.it\/cultura-arte-e-spettacolo-a-torino\/files\/2023\/11\/6f792c29-a99c-4831-810e-521234ea1b9d.jpeg","type":"image\/jpeg"}],"author":"Emanuele Rebuffini","twitter_misc":{"Scritto da":"Emanuele Rebuffini","Tempo di lettura stimato":"5 minuti"},"schema":{"@context":"https:\/\/schema.org","@graph":[{"@type":"Article","@id":"https:\/\/web.quotidianopiemontese.it\/cultura-arte-e-spettacolo-a-torino\/tra-segno-e-silenzio-irma-blank-a-miradolo\/#article","isPartOf":{"@id":"https:\/\/web.quotidianopiemontese.it\/cultura-arte-e-spettacolo-a-torino\/tra-segno-e-silenzio-irma-blank-a-miradolo\/"},"author":{"name":"Emanuele Rebuffini","@id":"https:\/\/web.quotidianopiemontese.it\/cultura-arte-e-spettacolo-a-torino\/#\/schema\/person\/b035109a4cc7d3e93911b78d8cebf3a0"},"headline":"Tra segno e silenzio.\u00a0Irma Blank a Miradolo","datePublished":"2023-11-06T13:26:37+00:00","mainEntityOfPage":{"@id":"https:\/\/web.quotidianopiemontese.it\/cultura-arte-e-spettacolo-a-torino\/tra-segno-e-silenzio-irma-blank-a-miradolo\/"},"wordCount":612,"commentCount":0,"image":{"@id":"https:\/\/web.quotidianopiemontese.it\/cultura-arte-e-spettacolo-a-torino\/tra-segno-e-silenzio-irma-blank-a-miradolo\/#primaryimage"},"thumbnailUrl":"https:\/\/web.quotidianopiemontese.it\/cultura-arte-e-spettacolo-a-torino\/files\/2023\/11\/6f792c29-a99c-4831-810e-521234ea1b9d.jpeg","keywords":["castello di Miradolo","Fondazione Cosso","Irma Blank"],"articleSection":["Cultura, arte, spettacolo"],"inLanguage":"it-IT","potentialAction":[{"@type":"CommentAction","name":"Comment","target":["https:\/\/web.quotidianopiemontese.it\/cultura-arte-e-spettacolo-a-torino\/tra-segno-e-silenzio-irma-blank-a-miradolo\/#respond"]}]},{"@type":"WebPage","@id":"https:\/\/web.quotidianopiemontese.it\/cultura-arte-e-spettacolo-a-torino\/tra-segno-e-silenzio-irma-blank-a-miradolo\/","url":"https:\/\/web.quotidianopiemontese.it\/cultura-arte-e-spettacolo-a-torino\/tra-segno-e-silenzio-irma-blank-a-miradolo\/","name":"Tra segno e silenzio.\u00a0Irma Blank a Miradolo - 6 Novembre 2023","isPartOf":{"@id":"https:\/\/web.quotidianopiemontese.it\/cultura-arte-e-spettacolo-a-torino\/#website"},"primaryImageOfPage":{"@id":"https:\/\/web.quotidianopiemontese.it\/cultura-arte-e-spettacolo-a-torino\/tra-segno-e-silenzio-irma-blank-a-miradolo\/#primaryimage"},"image":{"@id":"https:\/\/web.quotidianopiemontese.it\/cultura-arte-e-spettacolo-a-torino\/tra-segno-e-silenzio-irma-blank-a-miradolo\/#primaryimage"},"thumbnailUrl":"https:\/\/web.quotidianopiemontese.it\/cultura-arte-e-spettacolo-a-torino\/files\/2023\/11\/6f792c29-a99c-4831-810e-521234ea1b9d.jpeg","datePublished":"2023-11-06T13:26:37+00:00","author":{"@id":"https:\/\/web.quotidianopiemontese.it\/cultura-arte-e-spettacolo-a-torino\/#\/schema\/person\/b035109a4cc7d3e93911b78d8cebf3a0"},"description":"Tra segno e silenzio.\u00a0Irma Blank a Miradolo - Cultura, Arte e Spettacolo a Torino - \u00abTutta la mia ricerca visiva non \u00e8 una ricerca sulla scrittura in senso stretto o sulla sua origine. La scrittura \u00e8 un medium per fare un\u2019analisi sull\u2019io, - castello di Miradolo, Fondazione Cosso, Irma Blank","inLanguage":"it-IT","potentialAction":[{"@type":"ReadAction","target":["https:\/\/web.quotidianopiemontese.it\/cultura-arte-e-spettacolo-a-torino\/tra-segno-e-silenzio-irma-blank-a-miradolo\/"]}]},{"@type":"ImageObject","inLanguage":"it-IT","@id":"https:\/\/web.quotidianopiemontese.it\/cultura-arte-e-spettacolo-a-torino\/tra-segno-e-silenzio-irma-blank-a-miradolo\/#primaryimage","url":"https:\/\/web.quotidianopiemontese.it\/cultura-arte-e-spettacolo-a-torino\/files\/2023\/11\/6f792c29-a99c-4831-810e-521234ea1b9d.jpeg","contentUrl":"https:\/\/web.quotidianopiemontese.it\/cultura-arte-e-spettacolo-a-torino\/files\/2023\/11\/6f792c29-a99c-4831-810e-521234ea1b9d.jpeg","width":1728,"height":1728},{"@type":"WebSite","@id":"https:\/\/web.quotidianopiemontese.it\/cultura-arte-e-spettacolo-a-torino\/#website","url":"https:\/\/web.quotidianopiemontese.it\/cultura-arte-e-spettacolo-a-torino\/","name":"Cultura, Arte e Spettacolo a Torino","description":"Quotidiano Piemontese","potentialAction":[{"@type":"SearchAction","target":{"@type":"EntryPoint","urlTemplate":"https:\/\/web.quotidianopiemontese.it\/cultura-arte-e-spettacolo-a-torino\/?s={search_term_string}"},"query-input":{"@type":"PropertyValueSpecification","valueRequired":true,"valueName":"search_term_string"}}],"inLanguage":"it-IT"},{"@type":"Person","@id":"https:\/\/web.quotidianopiemontese.it\/cultura-arte-e-spettacolo-a-torino\/#\/schema\/person\/b035109a4cc7d3e93911b78d8cebf3a0","name":"Emanuele Rebuffini","image":{"@type":"ImageObject","inLanguage":"it-IT","@id":"https:\/\/web.quotidianopiemontese.it\/cultura-arte-e-spettacolo-a-torino\/#\/schema\/person\/image\/","url":"https:\/\/secure.gravatar.com\/avatar\/519a0a38be4cbbcf40fb5bc1b1173a85af291a3a8697df454a94ad7e05574628?s=96&d=mm&r=g","contentUrl":"https:\/\/secure.gravatar.com\/avatar\/519a0a38be4cbbcf40fb5bc1b1173a85af291a3a8697df454a94ad7e05574628?s=96&d=mm&r=g","caption":"Emanuele Rebuffini"},"sameAs":["http:\/\/www.quotidianopiemontese.it\/cultura-arte-e-spettacolo-a-torino\/"],"url":"https:\/\/web.quotidianopiemontese.it\/cultura-arte-e-spettacolo-a-torino\/author\/emanuelerebuffini\/"}]}},"_links":{"self":[{"href":"https:\/\/web.quotidianopiemontese.it\/cultura-arte-e-spettacolo-a-torino\/wp-json\/wp\/v2\/posts\/1245","targetHints":{"allow":["GET"]}}],"collection":[{"href":"https:\/\/web.quotidianopiemontese.it\/cultura-arte-e-spettacolo-a-torino\/wp-json\/wp\/v2\/posts"}],"about":[{"href":"https:\/\/web.quotidianopiemontese.it\/cultura-arte-e-spettacolo-a-torino\/wp-json\/wp\/v2\/types\/post"}],"author":[{"embeddable":true,"href":"https:\/\/web.quotidianopiemontese.it\/cultura-arte-e-spettacolo-a-torino\/wp-json\/wp\/v2\/users\/1361"}],"replies":[{"embeddable":true,"href":"https:\/\/web.quotidianopiemontese.it\/cultura-arte-e-spettacolo-a-torino\/wp-json\/wp\/v2\/comments?post=1245"}],"version-history":[{"count":0,"href":"https:\/\/web.quotidianopiemontese.it\/cultura-arte-e-spettacolo-a-torino\/wp-json\/wp\/v2\/posts\/1245\/revisions"}],"wp:featuredmedia":[{"embeddable":true,"href":"https:\/\/web.quotidianopiemontese.it\/cultura-arte-e-spettacolo-a-torino\/wp-json\/wp\/v2\/media\/1246"}],"wp:attachment":[{"href":"https:\/\/web.quotidianopiemontese.it\/cultura-arte-e-spettacolo-a-torino\/wp-json\/wp\/v2\/media?parent=1245"}],"wp:term":[{"taxonomy":"category","embeddable":true,"href":"https:\/\/web.quotidianopiemontese.it\/cultura-arte-e-spettacolo-a-torino\/wp-json\/wp\/v2\/categories?post=1245"},{"taxonomy":"post_tag","embeddable":true,"href":"https:\/\/web.quotidianopiemontese.it\/cultura-arte-e-spettacolo-a-torino\/wp-json\/wp\/v2\/tags?post=1245"}],"curies":[{"name":"wp","href":"https:\/\/api.w.org\/{rel}","templated":true}]}}