{"id":1224,"date":"2023-09-04T14:13:57","date_gmt":"2023-09-04T12:13:57","guid":{"rendered":"https:\/\/web.quotidianopiemontese.it\/cultura-arte-e-spettacolo-a-torino\/?p=1224"},"modified":"2023-09-04T14:13:57","modified_gmt":"2023-09-04T12:13:57","slug":"senza-tempo-mimmo-jodice-alle-gallerie-ditalia","status":"publish","type":"post","link":"https:\/\/web.quotidianopiemontese.it\/cultura-arte-e-spettacolo-a-torino\/senza-tempo-mimmo-jodice-alle-gallerie-ditalia\/","title":{"rendered":"Senza tempo. Mimmo Jodice alle Gallerie d\u2019Italia"},"content":{"rendered":"<p>Immagini rarefatte, intense, evocative. Tracce di un universo magnifico, poetico, straniante. Visioni cariche di silenzio, senza spazio e senza tempo. Esplorazioni estetiche capaci di coniugare innovazione e classicit\u00e0. Fino al <strong>7 gennaio<\/strong> le <strong>Gallerie d\u2019Italia-Torino <\/strong>ospitano l\u2019antologica<strong> \u00abMimmo Jodice. Senza tempo\u00bb.\u00a0 \u00a0 \u00a0 \u00a0 \u00a0 \u00a0 \u00a0 \u00a0 \u00a0 \u00a0 \u00a0 \u00a0 \u00a0 \u00a0 \u00a0 \u00a0 \u00a0 \u00a0 \u00a0 \u00a0 \u00a0 \u00a0 \u00a0 \u00a0 \u00a0 \u00a0 \u00a0 \u00a0 \u00a0 \u00a0 \u00a0 \u00a0 \u00a0 \u00a0 \u00a0 \u00a0 \u00a0 \u00a0 \u00a0 \u00a0 \u00a0 \u00a0 \u00a0 \u00a0 \u00a0 \u00a0 \u00a0 \u00a0 \u00a0 \u00a0 \u00a0 \u00a0 \u00a0 \u00a0 <\/strong><!--more--><\/p>\n<p><a href=\"http:\/\/web.quotidianopiemontese.it\/cultura-arte-e-spettacolo-a-torino\/files\/2023\/09\/GDI_MimmoJodice-006-scaled.jpg\"><img loading=\"lazy\" decoding=\"async\" class=\"alignnone size-medium wp-image-1225\" src=\"http:\/\/web.quotidianopiemontese.it\/cultura-arte-e-spettacolo-a-torino\/files\/2023\/09\/GDI_MimmoJodice-006-300x200.jpg\" alt=\"\" width=\"300\" height=\"200\" srcset=\"https:\/\/web.quotidianopiemontese.it\/cultura-arte-e-spettacolo-a-torino\/files\/2023\/09\/GDI_MimmoJodice-006-300x200.jpg 300w, https:\/\/web.quotidianopiemontese.it\/cultura-arte-e-spettacolo-a-torino\/files\/2023\/09\/GDI_MimmoJodice-006-1024x683.jpg 1024w, https:\/\/web.quotidianopiemontese.it\/cultura-arte-e-spettacolo-a-torino\/files\/2023\/09\/GDI_MimmoJodice-006-768x512.jpg 768w, https:\/\/web.quotidianopiemontese.it\/cultura-arte-e-spettacolo-a-torino\/files\/2023\/09\/GDI_MimmoJodice-006-1536x1024.jpg 1536w, https:\/\/web.quotidianopiemontese.it\/cultura-arte-e-spettacolo-a-torino\/files\/2023\/09\/GDI_MimmoJodice-006-2048x1365.jpg 2048w, https:\/\/web.quotidianopiemontese.it\/cultura-arte-e-spettacolo-a-torino\/files\/2023\/09\/GDI_MimmoJodice-006-1200x800.jpg 1200w\" sizes=\"auto, (max-width: 300px) 85vw, 300px\" \/><\/a>Attraverso 80 fotografie realizzate dal 1964 al 2011, la mostra curata da <strong>Roberto Koch<\/strong> offre una significativa sintesi della produzione del maestro napoletano, uno dei pi\u00f9 grandi protagonisti della storia della fotografia italiana e internazionale.<\/p>\n<figure id=\"attachment_1226\" aria-describedby=\"caption-attachment-1226\" style=\"width: 300px\" class=\"wp-caption alignnone\"><a href=\"http:\/\/web.quotidianopiemontese.it\/cultura-arte-e-spettacolo-a-torino\/files\/2023\/09\/Testa-di-Apollo-Baia-1993_Mimmo-Jodice-scaled.jpg\"><img loading=\"lazy\" decoding=\"async\" class=\"size-medium wp-image-1226\" src=\"http:\/\/web.quotidianopiemontese.it\/cultura-arte-e-spettacolo-a-torino\/files\/2023\/09\/Testa-di-Apollo-Baia-1993_Mimmo-Jodice-300x300.jpg\" alt=\"\" width=\"300\" height=\"300\" srcset=\"https:\/\/web.quotidianopiemontese.it\/cultura-arte-e-spettacolo-a-torino\/files\/2023\/09\/Testa-di-Apollo-Baia-1993_Mimmo-Jodice-300x300.jpg 300w, https:\/\/web.quotidianopiemontese.it\/cultura-arte-e-spettacolo-a-torino\/files\/2023\/09\/Testa-di-Apollo-Baia-1993_Mimmo-Jodice-1024x1024.jpg 1024w, https:\/\/web.quotidianopiemontese.it\/cultura-arte-e-spettacolo-a-torino\/files\/2023\/09\/Testa-di-Apollo-Baia-1993_Mimmo-Jodice-150x150.jpg 150w, https:\/\/web.quotidianopiemontese.it\/cultura-arte-e-spettacolo-a-torino\/files\/2023\/09\/Testa-di-Apollo-Baia-1993_Mimmo-Jodice-768x768.jpg 768w, https:\/\/web.quotidianopiemontese.it\/cultura-arte-e-spettacolo-a-torino\/files\/2023\/09\/Testa-di-Apollo-Baia-1993_Mimmo-Jodice-1200x1200.jpg 1200w\" sizes=\"auto, (max-width: 300px) 85vw, 300px\" \/><\/a><figcaption id=\"caption-attachment-1226\" class=\"wp-caption-text\">Testa di Apollo, Baia, 1993<\/figcaption><\/figure>\n<p>Dalle foto che immortalano volti di statue e mosaici, vestigia delle antiche civilt\u00e0 del Mediterraneo, alle opere di tipo sperimentale e concettuale; dalle vedute urbane di Napoli e di altre metropoli contemporanee (tra cui Torino con piazza Vittorio ritratta nel 2005), cariche di assenza e silenzio, nelle quali-come scrive l\u2019autore-\u201c<em>la realt\u00e0 e la mia visione interiore coincidono<\/em>\u201d, alle trasfigurazioni del paesaggio naturale fino alla struggente malinconia dei suoi mari.<\/p>\n<figure id=\"attachment_1227\" aria-describedby=\"caption-attachment-1227\" style=\"width: 300px\" class=\"wp-caption alignnone\"><a href=\"http:\/\/web.quotidianopiemontese.it\/cultura-arte-e-spettacolo-a-torino\/files\/2023\/09\/Punta-Pedrosa1998_Mimmo-Jodice-scaled.jpg\"><img loading=\"lazy\" decoding=\"async\" class=\"size-medium wp-image-1227\" src=\"http:\/\/web.quotidianopiemontese.it\/cultura-arte-e-spettacolo-a-torino\/files\/2023\/09\/Punta-Pedrosa1998_Mimmo-Jodice-300x240.jpg\" alt=\"\" width=\"300\" height=\"240\" srcset=\"https:\/\/web.quotidianopiemontese.it\/cultura-arte-e-spettacolo-a-torino\/files\/2023\/09\/Punta-Pedrosa1998_Mimmo-Jodice-300x240.jpg 300w, https:\/\/web.quotidianopiemontese.it\/cultura-arte-e-spettacolo-a-torino\/files\/2023\/09\/Punta-Pedrosa1998_Mimmo-Jodice-1024x819.jpg 1024w, https:\/\/web.quotidianopiemontese.it\/cultura-arte-e-spettacolo-a-torino\/files\/2023\/09\/Punta-Pedrosa1998_Mimmo-Jodice-768x614.jpg 768w, https:\/\/web.quotidianopiemontese.it\/cultura-arte-e-spettacolo-a-torino\/files\/2023\/09\/Punta-Pedrosa1998_Mimmo-Jodice-1536x1229.jpg 1536w, https:\/\/web.quotidianopiemontese.it\/cultura-arte-e-spettacolo-a-torino\/files\/2023\/09\/Punta-Pedrosa1998_Mimmo-Jodice-2048x1638.jpg 2048w, https:\/\/web.quotidianopiemontese.it\/cultura-arte-e-spettacolo-a-torino\/files\/2023\/09\/Punta-Pedrosa1998_Mimmo-Jodice-1200x960.jpg 1200w\" sizes=\"auto, (max-width: 300px) 85vw, 300px\" \/><\/a><figcaption id=\"caption-attachment-1227\" class=\"wp-caption-text\">Punta Pedrosa,1998<\/figcaption><\/figure>\n<p>Sin dagli anni Sessanta <strong>Mimmo Jodice<\/strong> (Napoli, 1934) impiega la fotografia nella sua doppia valenza di strumento di analisi del reale e di indagine introspettiva, attratto dalla sua capacit\u00e0 di creare visioni pi\u00f9 che documentazioni. Negli anni Settanta ha sperimentato nuovi linguaggi tecnici e la materialit\u00e0 dell\u2019oggetto fotografico, utilizzando al tempo stesso la fotografia come strumento di impegno sociale e realizzando importanti inchieste. Dagli anni Ottanta la figura umana non \u00e8 pi\u00f9 fisicamente presente sotto il suo obiettivo e il centro della sua ricerca diventa il paesaggio, inteso come paesaggio di natura, di civilt\u00e0, di memoria e di sogno. Spazi urbani ma anche alberi, piante, giardini e boschi.<\/p>\n<p><a href=\"http:\/\/web.quotidianopiemontese.it\/cultura-arte-e-spettacolo-a-torino\/files\/2023\/09\/GDI_MimmoJodice-056-scaled.jpg\"><img loading=\"lazy\" decoding=\"async\" class=\"alignnone size-medium wp-image-1228\" src=\"http:\/\/web.quotidianopiemontese.it\/cultura-arte-e-spettacolo-a-torino\/files\/2023\/09\/GDI_MimmoJodice-056-300x200.jpg\" alt=\"\" width=\"300\" height=\"200\" srcset=\"https:\/\/web.quotidianopiemontese.it\/cultura-arte-e-spettacolo-a-torino\/files\/2023\/09\/GDI_MimmoJodice-056-300x200.jpg 300w, https:\/\/web.quotidianopiemontese.it\/cultura-arte-e-spettacolo-a-torino\/files\/2023\/09\/GDI_MimmoJodice-056-1024x683.jpg 1024w, https:\/\/web.quotidianopiemontese.it\/cultura-arte-e-spettacolo-a-torino\/files\/2023\/09\/GDI_MimmoJodice-056-768x512.jpg 768w, https:\/\/web.quotidianopiemontese.it\/cultura-arte-e-spettacolo-a-torino\/files\/2023\/09\/GDI_MimmoJodice-056-1536x1024.jpg 1536w, https:\/\/web.quotidianopiemontese.it\/cultura-arte-e-spettacolo-a-torino\/files\/2023\/09\/GDI_MimmoJodice-056-2048x1366.jpg 2048w, https:\/\/web.quotidianopiemontese.it\/cultura-arte-e-spettacolo-a-torino\/files\/2023\/09\/GDI_MimmoJodice-056-1200x800.jpg 1200w\" sizes=\"auto, (max-width: 300px) 85vw, 300px\" \/><\/a><\/p>\n<p>Proprio il tempo, la capacit\u00e0 di ribaltarne il senso e di non farsi assoggettare alle sue regole, di scavalcare ogni contingenza temporale, \u00e8 la materia che pi\u00f9 di tutte <strong>Mimmo Jodice<\/strong> riesce a manovrare con grande sapienza, rifiutando le leggi della realizzazione e del consumo rapido di immagini. Il suo \u00e8 il tempo lungo della comprensione, della sintonia profonda con ci\u00f2 che ha davanti; \u00e8 il tempo della camera oscura.<\/p>\n<p>Completa la mostra un documentario inedito di <strong>Mario Martone. <\/strong><\/p>\n<p><a href=\"http:\/\/www.gallerieditalia.com\">http:\/\/www.gallerieditalia.com<\/a><\/p>\n<p><strong>Emanuele Rebuffini<\/strong><\/p>\n<p><a href=\"http:\/\/web.quotidianopiemontese.it\/cultura-arte-e-spettacolo-a-torino\/files\/2023\/09\/GDI_MimmoJodice-034-scaled.jpg\"><img loading=\"lazy\" decoding=\"async\" class=\"alignnone size-medium wp-image-1229\" src=\"http:\/\/web.quotidianopiemontese.it\/cultura-arte-e-spettacolo-a-torino\/files\/2023\/09\/GDI_MimmoJodice-034-300x200.jpg\" alt=\"\" width=\"300\" height=\"200\" srcset=\"https:\/\/web.quotidianopiemontese.it\/cultura-arte-e-spettacolo-a-torino\/files\/2023\/09\/GDI_MimmoJodice-034-300x200.jpg 300w, https:\/\/web.quotidianopiemontese.it\/cultura-arte-e-spettacolo-a-torino\/files\/2023\/09\/GDI_MimmoJodice-034-1024x683.jpg 1024w, https:\/\/web.quotidianopiemontese.it\/cultura-arte-e-spettacolo-a-torino\/files\/2023\/09\/GDI_MimmoJodice-034-768x512.jpg 768w, https:\/\/web.quotidianopiemontese.it\/cultura-arte-e-spettacolo-a-torino\/files\/2023\/09\/GDI_MimmoJodice-034-1536x1024.jpg 1536w, https:\/\/web.quotidianopiemontese.it\/cultura-arte-e-spettacolo-a-torino\/files\/2023\/09\/GDI_MimmoJodice-034-2048x1365.jpg 2048w, https:\/\/web.quotidianopiemontese.it\/cultura-arte-e-spettacolo-a-torino\/files\/2023\/09\/GDI_MimmoJodice-034-1200x800.jpg 1200w\" sizes=\"auto, (max-width: 300px) 85vw, 300px\" \/><\/a><\/p>\n","protected":false},"excerpt":{"rendered":"<p>Immagini rarefatte, intense, evocative. Tracce di un universo magnifico, poetico, straniante. Visioni cariche di silenzio, senza spazio e senza tempo. Esplorazioni estetiche capaci di coniugare innovazione e classicit\u00e0. Fino al 7 gennaio le Gallerie d\u2019Italia-Torino ospitano l\u2019antologica \u00abMimmo Jodice. Senza tempo\u00bb.\u00a0 \u00a0 \u00a0 \u00a0 \u00a0 \u00a0 \u00a0 \u00a0 \u00a0 \u00a0 \u00a0 \u00a0 \u00a0 \u00a0 \u00a0 &hellip; <a href=\"https:\/\/web.quotidianopiemontese.it\/cultura-arte-e-spettacolo-a-torino\/senza-tempo-mimmo-jodice-alle-gallerie-ditalia\/\" class=\"more-link\">Leggi tutto<span class=\"screen-reader-text\"> &#8220;Senza tempo. Mimmo Jodice alle Gallerie d\u2019Italia&#8221;<\/span><\/a><\/p>\n","protected":false},"author":1361,"featured_media":1231,"comment_status":"open","ping_status":"open","sticky":false,"template":"","format":"standard","meta":{"footnotes":""},"categories":[1],"tags":[223,236],"class_list":["post-1224","post","type-post","status-publish","format-standard","has-post-thumbnail","hentry","category-cultura-arte-spettacolo","tag-gallerie-ditalia","tag-mimmo-jodice"],"yoast_head":"<!-- This site is optimized with the Yoast SEO plugin v27.1.1 - https:\/\/yoast.com\/product\/yoast-seo-wordpress\/ -->\n<title>Senza tempo. Mimmo Jodice alle Gallerie d\u2019Italia - 4 Settembre 2023<\/title>\n<meta name=\"description\" content=\"Senza tempo. Mimmo Jodice alle Gallerie d\u2019Italia - Cultura, Arte e Spettacolo a Torino - Immagini rarefatte, intense, evocative. Tracce di un universo magnifico, poetico, straniante. Visioni cariche di silenzio, senza spazio e senza tempo. - Gallerie d\u2019Italia, Mimmo Jodice\" \/>\n<meta name=\"robots\" content=\"index, follow, max-snippet:-1, max-image-preview:large, max-video-preview:-1\" \/>\n<link rel=\"canonical\" href=\"https:\/\/web.quotidianopiemontese.it\/cultura-arte-e-spettacolo-a-torino\/senza-tempo-mimmo-jodice-alle-gallerie-ditalia\/\" \/>\n<meta property=\"og:locale\" content=\"it_IT\" \/>\n<meta property=\"og:type\" content=\"article\" \/>\n<meta property=\"og:title\" content=\"Senza tempo. Mimmo Jodice alle Gallerie d\u2019Italia - 4 Settembre 2023\" \/>\n<meta property=\"og:description\" content=\"Senza tempo. Mimmo Jodice alle Gallerie d\u2019Italia - Cultura, Arte e Spettacolo a Torino - Immagini rarefatte, intense, evocative. Tracce di un universo magnifico, poetico, straniante. Visioni cariche di silenzio, senza spazio e senza tempo. - Gallerie d\u2019Italia, Mimmo Jodice\" \/>\n<meta property=\"og:url\" content=\"https:\/\/web.quotidianopiemontese.it\/cultura-arte-e-spettacolo-a-torino\/senza-tempo-mimmo-jodice-alle-gallerie-ditalia\/\" \/>\n<meta property=\"og:site_name\" content=\"Cultura, Arte e Spettacolo a Torino\" \/>\n<meta property=\"article:publisher\" content=\"https:\/\/www.facebook.com\/quotidianopiemontese?fref=ts\" \/>\n<meta property=\"article:published_time\" content=\"2023-09-04T12:13:57+00:00\" \/>\n<meta property=\"og:image\" content=\"https:\/\/web.quotidianopiemontese.it\/cultura-arte-e-spettacolo-a-torino\/files\/2023\/09\/ESNdVsGWkAAMSj6.jpeg\" \/>\n\t<meta property=\"og:image:width\" content=\"680\" \/>\n\t<meta property=\"og:image:height\" content=\"678\" \/>\n\t<meta property=\"og:image:type\" content=\"image\/jpeg\" \/>\n<meta name=\"author\" content=\"Emanuele Rebuffini\" \/>\n<meta name=\"twitter:label1\" content=\"Scritto da\" \/>\n\t<meta name=\"twitter:data1\" content=\"Emanuele Rebuffini\" \/>\n\t<meta name=\"twitter:label2\" content=\"Tempo di lettura stimato\" \/>\n\t<meta name=\"twitter:data2\" content=\"3 minuti\" \/>\n<script type=\"application\/ld+json\" class=\"yoast-schema-graph\">{\"@context\":\"https:\/\/schema.org\",\"@graph\":[{\"@type\":\"Article\",\"@id\":\"https:\/\/web.quotidianopiemontese.it\/cultura-arte-e-spettacolo-a-torino\/senza-tempo-mimmo-jodice-alle-gallerie-ditalia\/#article\",\"isPartOf\":{\"@id\":\"https:\/\/web.quotidianopiemontese.it\/cultura-arte-e-spettacolo-a-torino\/senza-tempo-mimmo-jodice-alle-gallerie-ditalia\/\"},\"author\":{\"name\":\"Emanuele Rebuffini\",\"@id\":\"https:\/\/web.quotidianopiemontese.it\/cultura-arte-e-spettacolo-a-torino\/#\/schema\/person\/b035109a4cc7d3e93911b78d8cebf3a0\"},\"headline\":\"Senza tempo. Mimmo Jodice alle Gallerie d\u2019Italia\",\"datePublished\":\"2023-09-04T12:13:57+00:00\",\"mainEntityOfPage\":{\"@id\":\"https:\/\/web.quotidianopiemontese.it\/cultura-arte-e-spettacolo-a-torino\/senza-tempo-mimmo-jodice-alle-gallerie-ditalia\/\"},\"wordCount\":361,\"commentCount\":0,\"image\":{\"@id\":\"https:\/\/web.quotidianopiemontese.it\/cultura-arte-e-spettacolo-a-torino\/senza-tempo-mimmo-jodice-alle-gallerie-ditalia\/#primaryimage\"},\"thumbnailUrl\":\"https:\/\/web.quotidianopiemontese.it\/cultura-arte-e-spettacolo-a-torino\/files\/2023\/09\/ESNdVsGWkAAMSj6.jpeg\",\"keywords\":[\"Gallerie d\u2019Italia\",\"Mimmo Jodice\"],\"articleSection\":[\"Cultura, arte, spettacolo\"],\"inLanguage\":\"it-IT\",\"potentialAction\":[{\"@type\":\"CommentAction\",\"name\":\"Comment\",\"target\":[\"https:\/\/web.quotidianopiemontese.it\/cultura-arte-e-spettacolo-a-torino\/senza-tempo-mimmo-jodice-alle-gallerie-ditalia\/#respond\"]}]},{\"@type\":\"WebPage\",\"@id\":\"https:\/\/web.quotidianopiemontese.it\/cultura-arte-e-spettacolo-a-torino\/senza-tempo-mimmo-jodice-alle-gallerie-ditalia\/\",\"url\":\"https:\/\/web.quotidianopiemontese.it\/cultura-arte-e-spettacolo-a-torino\/senza-tempo-mimmo-jodice-alle-gallerie-ditalia\/\",\"name\":\"Senza tempo. Mimmo Jodice alle Gallerie d\u2019Italia - 4 Settembre 2023\",\"isPartOf\":{\"@id\":\"https:\/\/web.quotidianopiemontese.it\/cultura-arte-e-spettacolo-a-torino\/#website\"},\"primaryImageOfPage\":{\"@id\":\"https:\/\/web.quotidianopiemontese.it\/cultura-arte-e-spettacolo-a-torino\/senza-tempo-mimmo-jodice-alle-gallerie-ditalia\/#primaryimage\"},\"image\":{\"@id\":\"https:\/\/web.quotidianopiemontese.it\/cultura-arte-e-spettacolo-a-torino\/senza-tempo-mimmo-jodice-alle-gallerie-ditalia\/#primaryimage\"},\"thumbnailUrl\":\"https:\/\/web.quotidianopiemontese.it\/cultura-arte-e-spettacolo-a-torino\/files\/2023\/09\/ESNdVsGWkAAMSj6.jpeg\",\"datePublished\":\"2023-09-04T12:13:57+00:00\",\"author\":{\"@id\":\"https:\/\/web.quotidianopiemontese.it\/cultura-arte-e-spettacolo-a-torino\/#\/schema\/person\/b035109a4cc7d3e93911b78d8cebf3a0\"},\"description\":\"Senza tempo. Mimmo Jodice alle Gallerie d\u2019Italia - Cultura, Arte e Spettacolo a Torino - Immagini rarefatte, intense, evocative. Tracce di un universo magnifico, poetico, straniante. Visioni cariche di silenzio, senza spazio e senza tempo. - Gallerie d\u2019Italia, Mimmo Jodice\",\"inLanguage\":\"it-IT\",\"potentialAction\":[{\"@type\":\"ReadAction\",\"target\":[\"https:\/\/web.quotidianopiemontese.it\/cultura-arte-e-spettacolo-a-torino\/senza-tempo-mimmo-jodice-alle-gallerie-ditalia\/\"]}]},{\"@type\":\"ImageObject\",\"inLanguage\":\"it-IT\",\"@id\":\"https:\/\/web.quotidianopiemontese.it\/cultura-arte-e-spettacolo-a-torino\/senza-tempo-mimmo-jodice-alle-gallerie-ditalia\/#primaryimage\",\"url\":\"https:\/\/web.quotidianopiemontese.it\/cultura-arte-e-spettacolo-a-torino\/files\/2023\/09\/ESNdVsGWkAAMSj6.jpeg\",\"contentUrl\":\"https:\/\/web.quotidianopiemontese.it\/cultura-arte-e-spettacolo-a-torino\/files\/2023\/09\/ESNdVsGWkAAMSj6.jpeg\",\"width\":680,\"height\":678},{\"@type\":\"WebSite\",\"@id\":\"https:\/\/web.quotidianopiemontese.it\/cultura-arte-e-spettacolo-a-torino\/#website\",\"url\":\"https:\/\/web.quotidianopiemontese.it\/cultura-arte-e-spettacolo-a-torino\/\",\"name\":\"Cultura, Arte e Spettacolo a Torino\",\"description\":\"Quotidiano Piemontese\",\"potentialAction\":[{\"@type\":\"SearchAction\",\"target\":{\"@type\":\"EntryPoint\",\"urlTemplate\":\"https:\/\/web.quotidianopiemontese.it\/cultura-arte-e-spettacolo-a-torino\/?s={search_term_string}\"},\"query-input\":{\"@type\":\"PropertyValueSpecification\",\"valueRequired\":true,\"valueName\":\"search_term_string\"}}],\"inLanguage\":\"it-IT\"},{\"@type\":\"Person\",\"@id\":\"https:\/\/web.quotidianopiemontese.it\/cultura-arte-e-spettacolo-a-torino\/#\/schema\/person\/b035109a4cc7d3e93911b78d8cebf3a0\",\"name\":\"Emanuele Rebuffini\",\"image\":{\"@type\":\"ImageObject\",\"inLanguage\":\"it-IT\",\"@id\":\"https:\/\/web.quotidianopiemontese.it\/cultura-arte-e-spettacolo-a-torino\/#\/schema\/person\/image\/\",\"url\":\"https:\/\/secure.gravatar.com\/avatar\/519a0a38be4cbbcf40fb5bc1b1173a85af291a3a8697df454a94ad7e05574628?s=96&d=mm&r=g\",\"contentUrl\":\"https:\/\/secure.gravatar.com\/avatar\/519a0a38be4cbbcf40fb5bc1b1173a85af291a3a8697df454a94ad7e05574628?s=96&d=mm&r=g\",\"caption\":\"Emanuele Rebuffini\"},\"sameAs\":[\"http:\/\/www.quotidianopiemontese.it\/cultura-arte-e-spettacolo-a-torino\/\"],\"url\":\"https:\/\/web.quotidianopiemontese.it\/cultura-arte-e-spettacolo-a-torino\/author\/emanuelerebuffini\/\"}]}<\/script>\n<!-- \/ Yoast SEO plugin. -->","yoast_head_json":{"title":"Senza tempo. Mimmo Jodice alle Gallerie d\u2019Italia - 4 Settembre 2023","description":"Senza tempo. Mimmo Jodice alle Gallerie d\u2019Italia - Cultura, Arte e Spettacolo a Torino - Immagini rarefatte, intense, evocative. Tracce di un universo magnifico, poetico, straniante. Visioni cariche di silenzio, senza spazio e senza tempo. - Gallerie d\u2019Italia, Mimmo Jodice","robots":{"index":"index","follow":"follow","max-snippet":"max-snippet:-1","max-image-preview":"max-image-preview:large","max-video-preview":"max-video-preview:-1"},"canonical":"https:\/\/web.quotidianopiemontese.it\/cultura-arte-e-spettacolo-a-torino\/senza-tempo-mimmo-jodice-alle-gallerie-ditalia\/","og_locale":"it_IT","og_type":"article","og_title":"Senza tempo. Mimmo Jodice alle Gallerie d\u2019Italia - 4 Settembre 2023","og_description":"Senza tempo. Mimmo Jodice alle Gallerie d\u2019Italia - Cultura, Arte e Spettacolo a Torino - Immagini rarefatte, intense, evocative. Tracce di un universo magnifico, poetico, straniante. Visioni cariche di silenzio, senza spazio e senza tempo. - Gallerie d\u2019Italia, Mimmo Jodice","og_url":"https:\/\/web.quotidianopiemontese.it\/cultura-arte-e-spettacolo-a-torino\/senza-tempo-mimmo-jodice-alle-gallerie-ditalia\/","og_site_name":"Cultura, Arte e Spettacolo a Torino","article_publisher":"https:\/\/www.facebook.com\/quotidianopiemontese?fref=ts","article_published_time":"2023-09-04T12:13:57+00:00","og_image":[{"width":680,"height":678,"url":"https:\/\/web.quotidianopiemontese.it\/cultura-arte-e-spettacolo-a-torino\/files\/2023\/09\/ESNdVsGWkAAMSj6.jpeg","type":"image\/jpeg"}],"author":"Emanuele Rebuffini","twitter_misc":{"Scritto da":"Emanuele Rebuffini","Tempo di lettura stimato":"3 minuti"},"schema":{"@context":"https:\/\/schema.org","@graph":[{"@type":"Article","@id":"https:\/\/web.quotidianopiemontese.it\/cultura-arte-e-spettacolo-a-torino\/senza-tempo-mimmo-jodice-alle-gallerie-ditalia\/#article","isPartOf":{"@id":"https:\/\/web.quotidianopiemontese.it\/cultura-arte-e-spettacolo-a-torino\/senza-tempo-mimmo-jodice-alle-gallerie-ditalia\/"},"author":{"name":"Emanuele Rebuffini","@id":"https:\/\/web.quotidianopiemontese.it\/cultura-arte-e-spettacolo-a-torino\/#\/schema\/person\/b035109a4cc7d3e93911b78d8cebf3a0"},"headline":"Senza tempo. Mimmo Jodice alle Gallerie d\u2019Italia","datePublished":"2023-09-04T12:13:57+00:00","mainEntityOfPage":{"@id":"https:\/\/web.quotidianopiemontese.it\/cultura-arte-e-spettacolo-a-torino\/senza-tempo-mimmo-jodice-alle-gallerie-ditalia\/"},"wordCount":361,"commentCount":0,"image":{"@id":"https:\/\/web.quotidianopiemontese.it\/cultura-arte-e-spettacolo-a-torino\/senza-tempo-mimmo-jodice-alle-gallerie-ditalia\/#primaryimage"},"thumbnailUrl":"https:\/\/web.quotidianopiemontese.it\/cultura-arte-e-spettacolo-a-torino\/files\/2023\/09\/ESNdVsGWkAAMSj6.jpeg","keywords":["Gallerie d\u2019Italia","Mimmo Jodice"],"articleSection":["Cultura, arte, spettacolo"],"inLanguage":"it-IT","potentialAction":[{"@type":"CommentAction","name":"Comment","target":["https:\/\/web.quotidianopiemontese.it\/cultura-arte-e-spettacolo-a-torino\/senza-tempo-mimmo-jodice-alle-gallerie-ditalia\/#respond"]}]},{"@type":"WebPage","@id":"https:\/\/web.quotidianopiemontese.it\/cultura-arte-e-spettacolo-a-torino\/senza-tempo-mimmo-jodice-alle-gallerie-ditalia\/","url":"https:\/\/web.quotidianopiemontese.it\/cultura-arte-e-spettacolo-a-torino\/senza-tempo-mimmo-jodice-alle-gallerie-ditalia\/","name":"Senza tempo. Mimmo Jodice alle Gallerie d\u2019Italia - 4 Settembre 2023","isPartOf":{"@id":"https:\/\/web.quotidianopiemontese.it\/cultura-arte-e-spettacolo-a-torino\/#website"},"primaryImageOfPage":{"@id":"https:\/\/web.quotidianopiemontese.it\/cultura-arte-e-spettacolo-a-torino\/senza-tempo-mimmo-jodice-alle-gallerie-ditalia\/#primaryimage"},"image":{"@id":"https:\/\/web.quotidianopiemontese.it\/cultura-arte-e-spettacolo-a-torino\/senza-tempo-mimmo-jodice-alle-gallerie-ditalia\/#primaryimage"},"thumbnailUrl":"https:\/\/web.quotidianopiemontese.it\/cultura-arte-e-spettacolo-a-torino\/files\/2023\/09\/ESNdVsGWkAAMSj6.jpeg","datePublished":"2023-09-04T12:13:57+00:00","author":{"@id":"https:\/\/web.quotidianopiemontese.it\/cultura-arte-e-spettacolo-a-torino\/#\/schema\/person\/b035109a4cc7d3e93911b78d8cebf3a0"},"description":"Senza tempo. Mimmo Jodice alle Gallerie d\u2019Italia - Cultura, Arte e Spettacolo a Torino - Immagini rarefatte, intense, evocative. Tracce di un universo magnifico, poetico, straniante. Visioni cariche di silenzio, senza spazio e senza tempo. - Gallerie d\u2019Italia, Mimmo Jodice","inLanguage":"it-IT","potentialAction":[{"@type":"ReadAction","target":["https:\/\/web.quotidianopiemontese.it\/cultura-arte-e-spettacolo-a-torino\/senza-tempo-mimmo-jodice-alle-gallerie-ditalia\/"]}]},{"@type":"ImageObject","inLanguage":"it-IT","@id":"https:\/\/web.quotidianopiemontese.it\/cultura-arte-e-spettacolo-a-torino\/senza-tempo-mimmo-jodice-alle-gallerie-ditalia\/#primaryimage","url":"https:\/\/web.quotidianopiemontese.it\/cultura-arte-e-spettacolo-a-torino\/files\/2023\/09\/ESNdVsGWkAAMSj6.jpeg","contentUrl":"https:\/\/web.quotidianopiemontese.it\/cultura-arte-e-spettacolo-a-torino\/files\/2023\/09\/ESNdVsGWkAAMSj6.jpeg","width":680,"height":678},{"@type":"WebSite","@id":"https:\/\/web.quotidianopiemontese.it\/cultura-arte-e-spettacolo-a-torino\/#website","url":"https:\/\/web.quotidianopiemontese.it\/cultura-arte-e-spettacolo-a-torino\/","name":"Cultura, Arte e Spettacolo a Torino","description":"Quotidiano Piemontese","potentialAction":[{"@type":"SearchAction","target":{"@type":"EntryPoint","urlTemplate":"https:\/\/web.quotidianopiemontese.it\/cultura-arte-e-spettacolo-a-torino\/?s={search_term_string}"},"query-input":{"@type":"PropertyValueSpecification","valueRequired":true,"valueName":"search_term_string"}}],"inLanguage":"it-IT"},{"@type":"Person","@id":"https:\/\/web.quotidianopiemontese.it\/cultura-arte-e-spettacolo-a-torino\/#\/schema\/person\/b035109a4cc7d3e93911b78d8cebf3a0","name":"Emanuele Rebuffini","image":{"@type":"ImageObject","inLanguage":"it-IT","@id":"https:\/\/web.quotidianopiemontese.it\/cultura-arte-e-spettacolo-a-torino\/#\/schema\/person\/image\/","url":"https:\/\/secure.gravatar.com\/avatar\/519a0a38be4cbbcf40fb5bc1b1173a85af291a3a8697df454a94ad7e05574628?s=96&d=mm&r=g","contentUrl":"https:\/\/secure.gravatar.com\/avatar\/519a0a38be4cbbcf40fb5bc1b1173a85af291a3a8697df454a94ad7e05574628?s=96&d=mm&r=g","caption":"Emanuele Rebuffini"},"sameAs":["http:\/\/www.quotidianopiemontese.it\/cultura-arte-e-spettacolo-a-torino\/"],"url":"https:\/\/web.quotidianopiemontese.it\/cultura-arte-e-spettacolo-a-torino\/author\/emanuelerebuffini\/"}]}},"_links":{"self":[{"href":"https:\/\/web.quotidianopiemontese.it\/cultura-arte-e-spettacolo-a-torino\/wp-json\/wp\/v2\/posts\/1224","targetHints":{"allow":["GET"]}}],"collection":[{"href":"https:\/\/web.quotidianopiemontese.it\/cultura-arte-e-spettacolo-a-torino\/wp-json\/wp\/v2\/posts"}],"about":[{"href":"https:\/\/web.quotidianopiemontese.it\/cultura-arte-e-spettacolo-a-torino\/wp-json\/wp\/v2\/types\/post"}],"author":[{"embeddable":true,"href":"https:\/\/web.quotidianopiemontese.it\/cultura-arte-e-spettacolo-a-torino\/wp-json\/wp\/v2\/users\/1361"}],"replies":[{"embeddable":true,"href":"https:\/\/web.quotidianopiemontese.it\/cultura-arte-e-spettacolo-a-torino\/wp-json\/wp\/v2\/comments?post=1224"}],"version-history":[{"count":0,"href":"https:\/\/web.quotidianopiemontese.it\/cultura-arte-e-spettacolo-a-torino\/wp-json\/wp\/v2\/posts\/1224\/revisions"}],"wp:featuredmedia":[{"embeddable":true,"href":"https:\/\/web.quotidianopiemontese.it\/cultura-arte-e-spettacolo-a-torino\/wp-json\/wp\/v2\/media\/1231"}],"wp:attachment":[{"href":"https:\/\/web.quotidianopiemontese.it\/cultura-arte-e-spettacolo-a-torino\/wp-json\/wp\/v2\/media?parent=1224"}],"wp:term":[{"taxonomy":"category","embeddable":true,"href":"https:\/\/web.quotidianopiemontese.it\/cultura-arte-e-spettacolo-a-torino\/wp-json\/wp\/v2\/categories?post=1224"},{"taxonomy":"post_tag","embeddable":true,"href":"https:\/\/web.quotidianopiemontese.it\/cultura-arte-e-spettacolo-a-torino\/wp-json\/wp\/v2\/tags?post=1224"}],"curies":[{"name":"wp","href":"https:\/\/api.w.org\/{rel}","templated":true}]}}