{"id":121,"date":"2018-01-23T09:39:07","date_gmt":"2018-01-23T08:39:07","guid":{"rendered":"http:\/\/www.quotidianopiemontese.it\/cultura-arte-e-spettacolo-a-torino\/?p=121"},"modified":"2018-01-23T09:41:56","modified_gmt":"2018-01-23T08:41:56","slug":"lillusion-comique-al-teatro-gobetti-capolavoro-barocco-pierre-corneille","status":"publish","type":"post","link":"https:\/\/web.quotidianopiemontese.it\/cultura-arte-e-spettacolo-a-torino\/lillusion-comique-al-teatro-gobetti-capolavoro-barocco-pierre-corneille\/","title":{"rendered":"\u201cL\u2019Illusion Comique\u201d: al Teatro Gobetti il capolavoro barocco di Pierre Corneille"},"content":{"rendered":"<p>\u00abParlare de <strong>L\u2019Illusion Comique<\/strong> non \u00e8 impresa facile. Corneille lo definisce uno \u201cstrano mostro\u201d per la condensa di generi teatrali in esso contenuti e per la capacit\u00e0 che ha l\u2019opera di sovvertire tutti gli schemi. La cosa che da sempre mi ha affascinato de <strong>L\u2019Illusion <\/strong>\u00e8 il rapporto tra il suo bizzarro rigore formale e la libert\u00e0 di invenzione che \u00e8 nascosta tra le sue maglie\u00bb. Il giovane regista ed attore messinese <strong>Fabrizio Falco <\/strong>torna al<strong> Teatro Stabile di Torino, <\/strong>e dopo <strong>\u201cGalois\u201d<\/strong> di Paolo Giordano e il <strong>\u201cRitratto d\u2019Italia\u201d<\/strong> tratto da Giacomo Leopardi, questa volta porta in scena un capolavoro del teatro barocco<strong>, \u201cL\u2019Illusion Comique\u201d<\/strong> di <strong>Pierre<\/strong> <strong>Corneille<\/strong>, in scena in prima nazionale al <strong>Teatro Gobetti <\/strong>fino al <strong>4 febbraio.\u00a0<\/strong><!--more--><\/p>\n<p>Commedia in cinque atti scritta da <strong>Pierre Corneille<\/strong> nel 1635, \u201c<strong>L\u2019Illusion Comique\u201d<\/strong> segna un punto cruciale nella carriera letteraria del drammaturgo francese che tragredendo le regole classiche della rappresentazione teatrale, condensa tutti i generi teatrali, \u201cteatro nel teatro\u201d passando dalla \u201ccommedia imperfetta\u201d alla \u201ctragicommedia\u201d, dall\u2019eroico al farsesco, fino all\u2019ultimo atto che \u00ab<em>\u00e8 una tragedia, e tutto questo, cucito insieme, fa una commedia.<\/em><em>\u00bb<\/em><\/p>\n<p><a href=\"http:\/\/www.quotidianopiemontese.it\/cultura-arte-e-spettacolo-a-torino\/files\/2018\/01\/05_Illusion-Comique_1182-phMarinaAlessi-R-150x150.jpg\"><img loading=\"lazy\" decoding=\"async\" class=\"alignnone size-full wp-image-122\" src=\"http:\/\/www.quotidianopiemontese.it\/cultura-arte-e-spettacolo-a-torino\/files\/2018\/01\/05_Illusion-Comique_1182-phMarinaAlessi-R-150x150.jpg\" alt=\"\" width=\"150\" height=\"150\" srcset=\"https:\/\/web.quotidianopiemontese.it\/cultura-arte-e-spettacolo-a-torino\/files\/2018\/01\/05_Illusion-Comique_1182-phMarinaAlessi-R-150x150.jpg 150w, https:\/\/web.quotidianopiemontese.it\/cultura-arte-e-spettacolo-a-torino\/files\/2018\/01\/05_Illusion-Comique_1182-phMarinaAlessi-R-150x150-100x100.jpg 100w, https:\/\/web.quotidianopiemontese.it\/cultura-arte-e-spettacolo-a-torino\/files\/2018\/01\/05_Illusion-Comique_1182-phMarinaAlessi-R-150x150-80x80.jpg 80w\" sizes=\"auto, (max-width: 150px) 85vw, 150px\" \/><\/a><\/p>\n<p>Una sfida impegnativa per il trentenne <strong>Fabrizio Falco<\/strong>, che qui cura la regia oltre ad esserne interprete indossando i panni di Clindoro. Tra i pi\u00f9 validi talento del teatro nostrano, formatosi all\u2019Accademia di Arte Drammatica di Roma, allievo di <strong>Luca Ronconi<\/strong>, con cui ha lavorato nella trilogia dei \u201c<strong>Lehman Brothers\u201d<\/strong>, <strong>Fabrizio<\/strong> <strong>Falco <\/strong>alterna il teatro con il cinema (da <strong>\u201cBella addormentata\u201d<\/strong> di <strong>Bellocchio<\/strong> a <strong>\u201cLe ultime cose\u201d<\/strong> della torinese <strong>Irene Dionisio<\/strong>), aggiudicandosi importanti riconoscimenti in entrambi gli ambiti, come il Premio Mastroianni a Venezia nel 2012 ed il Premio Ubu nel 2015 come miglior attore under 35.<\/p>\n<p><a href=\"http:\/\/www.quotidianopiemontese.it\/cultura-arte-e-spettacolo-a-torino\/files\/2018\/01\/02_Illusion-Comique_0970-phMarinaAlessi-R-150x150.jpg\"><img loading=\"lazy\" decoding=\"async\" class=\"alignnone size-full wp-image-125\" src=\"http:\/\/www.quotidianopiemontese.it\/cultura-arte-e-spettacolo-a-torino\/files\/2018\/01\/02_Illusion-Comique_0970-phMarinaAlessi-R-150x150.jpg\" alt=\"\" width=\"150\" height=\"150\" srcset=\"https:\/\/web.quotidianopiemontese.it\/cultura-arte-e-spettacolo-a-torino\/files\/2018\/01\/02_Illusion-Comique_0970-phMarinaAlessi-R-150x150.jpg 150w, https:\/\/web.quotidianopiemontese.it\/cultura-arte-e-spettacolo-a-torino\/files\/2018\/01\/02_Illusion-Comique_0970-phMarinaAlessi-R-150x150-100x100.jpg 100w, https:\/\/web.quotidianopiemontese.it\/cultura-arte-e-spettacolo-a-torino\/files\/2018\/01\/02_Illusion-Comique_0970-phMarinaAlessi-R-150x150-80x80.jpg 80w\" sizes=\"auto, (max-width: 150px) 85vw, 150px\" \/><\/a><\/p>\n<p><strong>\u201cL\u2019Illusion Comique\u201d<\/strong> racconta la storia di un padre (Pridamante, <strong>Leonardo De Colle<\/strong>) alla ricerca del figlio (Clindoro, <strong>Fabrizio Falco<\/strong>) fuggito da lui per troppa severit\u00e0. Il mago Alcandro (<strong>Titino Carrara<\/strong>) crea un\u2019illusione mostrando, grazie all\u2019apparizione di \u201cfantasmi parlanti\u201d, le scene della vita di Clindoro e le varie peripezie che lo vedono protagonista, dalla prigione alla fuga d\u2019amore con Isabella (<strong>Elisabetta Misasi<\/strong>). In questo <strong>\u201cteatro nel teatro\u201d<\/strong> tutto \u00e8 vero e tutto \u00e8 falso, c\u2019\u00e8 un continuo gioco di specchi tra la magia e la vita, il reale e l\u2019illusione.<\/p>\n<p><a href=\"http:\/\/www.quotidianopiemontese.it\/cultura-arte-e-spettacolo-a-torino\/files\/2018\/01\/04_Illusion-Comique_0684-phMarinaAlessi-R-150x150.jpg\"><img loading=\"lazy\" decoding=\"async\" class=\"alignnone size-full wp-image-126\" src=\"http:\/\/www.quotidianopiemontese.it\/cultura-arte-e-spettacolo-a-torino\/files\/2018\/01\/04_Illusion-Comique_0684-phMarinaAlessi-R-150x150.jpg\" alt=\"\" width=\"150\" height=\"150\" srcset=\"https:\/\/web.quotidianopiemontese.it\/cultura-arte-e-spettacolo-a-torino\/files\/2018\/01\/04_Illusion-Comique_0684-phMarinaAlessi-R-150x150.jpg 150w, https:\/\/web.quotidianopiemontese.it\/cultura-arte-e-spettacolo-a-torino\/files\/2018\/01\/04_Illusion-Comique_0684-phMarinaAlessi-R-150x150-100x100.jpg 100w, https:\/\/web.quotidianopiemontese.it\/cultura-arte-e-spettacolo-a-torino\/files\/2018\/01\/04_Illusion-Comique_0684-phMarinaAlessi-R-150x150-80x80.jpg 80w\" sizes=\"auto, (max-width: 150px) 85vw, 150px\" \/><\/a><\/p>\n<p>\u00abPer me il nucleo centrale di questo testo &#8211; spiega <strong>Fabrizio Falco<\/strong> &#8211; si trova proprio nel rapporto padre-figlio, vissuto attraverso il filtro del teatro. Il padre a sua insaputa assiste ad una rappresentazione (forse menzognera?) della vita di Clindoro. Vita e teatro, cos\u00ec si impastano, rendendo labili i confini tra verit\u00e0 e menzogna. Il teatro inteso, quindi, come potente forma di comunicazione umana (uno degli ultimi baluardi), capace di coinvolgere e di far riflettere sulla sua stessa utilit\u00e0.\u00bb<\/p>\n<p><a href=\"http:\/\/www.quotidianopiemontese.it\/cultura-arte-e-spettacolo-a-torino\/files\/2018\/01\/03_Illusion-Comique_1272-phMarinaAlessi-R-150x150.jpg\"><img loading=\"lazy\" decoding=\"async\" class=\"alignnone size-full wp-image-127\" src=\"http:\/\/www.quotidianopiemontese.it\/cultura-arte-e-spettacolo-a-torino\/files\/2018\/01\/03_Illusion-Comique_1272-phMarinaAlessi-R-150x150.jpg\" alt=\"\" width=\"150\" height=\"150\" srcset=\"https:\/\/web.quotidianopiemontese.it\/cultura-arte-e-spettacolo-a-torino\/files\/2018\/01\/03_Illusion-Comique_1272-phMarinaAlessi-R-150x150.jpg 150w, https:\/\/web.quotidianopiemontese.it\/cultura-arte-e-spettacolo-a-torino\/files\/2018\/01\/03_Illusion-Comique_1272-phMarinaAlessi-R-150x150-100x100.jpg 100w, https:\/\/web.quotidianopiemontese.it\/cultura-arte-e-spettacolo-a-torino\/files\/2018\/01\/03_Illusion-Comique_1272-phMarinaAlessi-R-150x150-80x80.jpg 80w\" sizes=\"auto, (max-width: 150px) 85vw, 150px\" \/><\/a><\/p>\n<p><strong> \u201cL\u2019Illusion Comique\u201d<\/strong> \u00e8 prodotto dal <strong>Teatro Stabile di Torino<\/strong> in collaborazione con il <strong>Centro Teatrale Santacristina<\/strong> e vede protagonisti in scena anche <strong>Loris Fagiani, Mariangela Granelli, Massimo Odierna, Matthieu Pastore, Maurizio Spicuzza<\/strong>. Le scene e i costumi sono di <strong>Eleonora Rossi<\/strong>, le luci<strong> di Pasquale Mari<\/strong>, le musiche di <strong>Angelo Vitaliano<\/strong>.<\/p>\n<p>http:\/\/www.teatrostabiletorino.it<\/p>\n<p><strong>Emanuele Rebuffini<\/strong><\/p>\n<p>(immagini di <strong>Marina Alessi<\/strong>)<\/p>\n<p>&nbsp;<\/p>\n<p>&nbsp;<\/p>\n","protected":false},"excerpt":{"rendered":"<p>\u00abParlare de L\u2019Illusion Comique non \u00e8 impresa facile. Corneille lo definisce uno \u201cstrano mostro\u201d per la condensa di generi teatrali in esso contenuti e per la capacit\u00e0 che ha l\u2019opera di sovvertire tutti gli schemi. La cosa che da sempre mi ha affascinato de L\u2019Illusion \u00e8 il rapporto tra il suo bizzarro rigore formale e &hellip; <a href=\"https:\/\/web.quotidianopiemontese.it\/cultura-arte-e-spettacolo-a-torino\/lillusion-comique-al-teatro-gobetti-capolavoro-barocco-pierre-corneille\/\" class=\"more-link\">Leggi tutto<span class=\"screen-reader-text\"> &#8220;\u201cL\u2019Illusion Comique\u201d: al Teatro Gobetti il capolavoro barocco di Pierre Corneille&#8221;<\/span><\/a><\/p>\n","protected":false},"author":1361,"featured_media":124,"comment_status":"open","ping_status":"open","sticky":false,"template":"","format":"standard","meta":{"footnotes":""},"categories":[1],"tags":[29,28,30,31],"class_list":["post-121","post","type-post","status-publish","format-standard","has-post-thumbnail","hentry","category-cultura-arte-spettacolo","tag-fabrizio-falco","tag-lillusion-comique","tag-pierre-corneille","tag-teatrostabile-di-torino"],"yoast_head":"<!-- This site is optimized with the Yoast SEO plugin v27.1.1 - https:\/\/yoast.com\/product\/yoast-seo-wordpress\/ -->\n<title>\u201cL\u2019Illusion Comique\u201d: al Teatro Gobetti il capolavoro barocco di Pierre Corneille - 23 Gennaio 2018<\/title>\n<meta name=\"description\" content=\"\u201cL\u2019Illusion Comique\u201d: al Teatro Gobetti il capolavoro barocco di Pierre Corneille - Cultura, Arte e Spettacolo a Torino - \u00abParlare de L\u2019Illusion Comique non \u00e8 impresa facile. Corneille lo definisce uno \u201cstrano mostro\u201d per la condensa di generi teatrali in esso contenuti e per - Fabrizio Falco, L&#039;Illusion Comique, Pierre Corneille, TeatroStabile di Torino\" \/>\n<meta name=\"robots\" content=\"index, follow, max-snippet:-1, max-image-preview:large, max-video-preview:-1\" \/>\n<link rel=\"canonical\" href=\"https:\/\/web.quotidianopiemontese.it\/cultura-arte-e-spettacolo-a-torino\/lillusion-comique-al-teatro-gobetti-capolavoro-barocco-pierre-corneille\/\" \/>\n<meta property=\"og:locale\" content=\"it_IT\" \/>\n<meta property=\"og:type\" content=\"article\" \/>\n<meta property=\"og:title\" content=\"\u201cL\u2019Illusion Comique\u201d: al Teatro Gobetti il capolavoro barocco di Pierre Corneille - 23 Gennaio 2018\" \/>\n<meta property=\"og:description\" content=\"\u201cL\u2019Illusion Comique\u201d: al Teatro Gobetti il capolavoro barocco di Pierre Corneille - Cultura, Arte e Spettacolo a Torino - \u00abParlare de L\u2019Illusion Comique non \u00e8 impresa facile. Corneille lo definisce uno \u201cstrano mostro\u201d per la condensa di generi teatrali in esso contenuti e per - Fabrizio Falco, L&#039;Illusion Comique, Pierre Corneille, TeatroStabile di Torino\" \/>\n<meta property=\"og:url\" content=\"https:\/\/web.quotidianopiemontese.it\/cultura-arte-e-spettacolo-a-torino\/lillusion-comique-al-teatro-gobetti-capolavoro-barocco-pierre-corneille\/\" \/>\n<meta property=\"og:site_name\" content=\"Cultura, Arte e Spettacolo a Torino\" \/>\n<meta property=\"article:publisher\" content=\"https:\/\/www.facebook.com\/quotidianopiemontese?fref=ts\" \/>\n<meta property=\"article:published_time\" content=\"2018-01-23T08:39:07+00:00\" \/>\n<meta property=\"article:modified_time\" content=\"2018-01-23T08:41:56+00:00\" \/>\n<meta property=\"og:image\" content=\"https:\/\/web.quotidianopiemontese.it\/cultura-arte-e-spettacolo-a-torino\/files\/2018\/01\/10_Illusion-Comique_0471-phMarinaAlessi-R-800x533.jpg\" \/>\n\t<meta property=\"og:image:width\" content=\"800\" \/>\n\t<meta property=\"og:image:height\" content=\"533\" \/>\n\t<meta property=\"og:image:type\" content=\"image\/jpeg\" \/>\n<meta name=\"author\" content=\"Emanuele Rebuffini\" \/>\n<meta name=\"twitter:label1\" content=\"Scritto da\" \/>\n\t<meta name=\"twitter:data1\" content=\"Emanuele Rebuffini\" \/>\n\t<meta name=\"twitter:label2\" content=\"Tempo di lettura stimato\" \/>\n\t<meta name=\"twitter:data2\" content=\"3 minuti\" \/>\n<script type=\"application\/ld+json\" class=\"yoast-schema-graph\">{\"@context\":\"https:\/\/schema.org\",\"@graph\":[{\"@type\":\"Article\",\"@id\":\"https:\/\/web.quotidianopiemontese.it\/cultura-arte-e-spettacolo-a-torino\/lillusion-comique-al-teatro-gobetti-capolavoro-barocco-pierre-corneille\/#article\",\"isPartOf\":{\"@id\":\"https:\/\/web.quotidianopiemontese.it\/cultura-arte-e-spettacolo-a-torino\/lillusion-comique-al-teatro-gobetti-capolavoro-barocco-pierre-corneille\/\"},\"author\":{\"name\":\"Emanuele Rebuffini\",\"@id\":\"https:\/\/web.quotidianopiemontese.it\/cultura-arte-e-spettacolo-a-torino\/#\/schema\/person\/b035109a4cc7d3e93911b78d8cebf3a0\"},\"headline\":\"\u201cL\u2019Illusion Comique\u201d: al Teatro Gobetti il capolavoro barocco di Pierre Corneille\",\"datePublished\":\"2018-01-23T08:39:07+00:00\",\"dateModified\":\"2018-01-23T08:41:56+00:00\",\"mainEntityOfPage\":{\"@id\":\"https:\/\/web.quotidianopiemontese.it\/cultura-arte-e-spettacolo-a-torino\/lillusion-comique-al-teatro-gobetti-capolavoro-barocco-pierre-corneille\/\"},\"wordCount\":526,\"commentCount\":0,\"image\":{\"@id\":\"https:\/\/web.quotidianopiemontese.it\/cultura-arte-e-spettacolo-a-torino\/lillusion-comique-al-teatro-gobetti-capolavoro-barocco-pierre-corneille\/#primaryimage\"},\"thumbnailUrl\":\"https:\/\/web.quotidianopiemontese.it\/cultura-arte-e-spettacolo-a-torino\/files\/2018\/01\/10_Illusion-Comique_0471-phMarinaAlessi-R-800x533.jpg\",\"keywords\":[\"Fabrizio Falco\",\"L'Illusion Comique\",\"Pierre Corneille\",\"TeatroStabile di Torino\"],\"articleSection\":[\"Cultura, arte, spettacolo\"],\"inLanguage\":\"it-IT\",\"potentialAction\":[{\"@type\":\"CommentAction\",\"name\":\"Comment\",\"target\":[\"https:\/\/web.quotidianopiemontese.it\/cultura-arte-e-spettacolo-a-torino\/lillusion-comique-al-teatro-gobetti-capolavoro-barocco-pierre-corneille\/#respond\"]}]},{\"@type\":\"WebPage\",\"@id\":\"https:\/\/web.quotidianopiemontese.it\/cultura-arte-e-spettacolo-a-torino\/lillusion-comique-al-teatro-gobetti-capolavoro-barocco-pierre-corneille\/\",\"url\":\"https:\/\/web.quotidianopiemontese.it\/cultura-arte-e-spettacolo-a-torino\/lillusion-comique-al-teatro-gobetti-capolavoro-barocco-pierre-corneille\/\",\"name\":\"\u201cL\u2019Illusion Comique\u201d: al Teatro Gobetti il capolavoro barocco di Pierre Corneille - 23 Gennaio 2018\",\"isPartOf\":{\"@id\":\"https:\/\/web.quotidianopiemontese.it\/cultura-arte-e-spettacolo-a-torino\/#website\"},\"primaryImageOfPage\":{\"@id\":\"https:\/\/web.quotidianopiemontese.it\/cultura-arte-e-spettacolo-a-torino\/lillusion-comique-al-teatro-gobetti-capolavoro-barocco-pierre-corneille\/#primaryimage\"},\"image\":{\"@id\":\"https:\/\/web.quotidianopiemontese.it\/cultura-arte-e-spettacolo-a-torino\/lillusion-comique-al-teatro-gobetti-capolavoro-barocco-pierre-corneille\/#primaryimage\"},\"thumbnailUrl\":\"https:\/\/web.quotidianopiemontese.it\/cultura-arte-e-spettacolo-a-torino\/files\/2018\/01\/10_Illusion-Comique_0471-phMarinaAlessi-R-800x533.jpg\",\"datePublished\":\"2018-01-23T08:39:07+00:00\",\"dateModified\":\"2018-01-23T08:41:56+00:00\",\"author\":{\"@id\":\"https:\/\/web.quotidianopiemontese.it\/cultura-arte-e-spettacolo-a-torino\/#\/schema\/person\/b035109a4cc7d3e93911b78d8cebf3a0\"},\"description\":\"\u201cL\u2019Illusion Comique\u201d: al Teatro Gobetti il capolavoro barocco di Pierre Corneille - Cultura, Arte e Spettacolo a Torino - \u00abParlare de L\u2019Illusion Comique non \u00e8 impresa facile. Corneille lo definisce uno \u201cstrano mostro\u201d per la condensa di generi teatrali in esso contenuti e per - Fabrizio Falco, L'Illusion Comique, Pierre Corneille, TeatroStabile di Torino\",\"inLanguage\":\"it-IT\",\"potentialAction\":[{\"@type\":\"ReadAction\",\"target\":[\"https:\/\/web.quotidianopiemontese.it\/cultura-arte-e-spettacolo-a-torino\/lillusion-comique-al-teatro-gobetti-capolavoro-barocco-pierre-corneille\/\"]}]},{\"@type\":\"ImageObject\",\"inLanguage\":\"it-IT\",\"@id\":\"https:\/\/web.quotidianopiemontese.it\/cultura-arte-e-spettacolo-a-torino\/lillusion-comique-al-teatro-gobetti-capolavoro-barocco-pierre-corneille\/#primaryimage\",\"url\":\"https:\/\/web.quotidianopiemontese.it\/cultura-arte-e-spettacolo-a-torino\/files\/2018\/01\/10_Illusion-Comique_0471-phMarinaAlessi-R-800x533.jpg\",\"contentUrl\":\"https:\/\/web.quotidianopiemontese.it\/cultura-arte-e-spettacolo-a-torino\/files\/2018\/01\/10_Illusion-Comique_0471-phMarinaAlessi-R-800x533.jpg\",\"width\":800,\"height\":533},{\"@type\":\"WebSite\",\"@id\":\"https:\/\/web.quotidianopiemontese.it\/cultura-arte-e-spettacolo-a-torino\/#website\",\"url\":\"https:\/\/web.quotidianopiemontese.it\/cultura-arte-e-spettacolo-a-torino\/\",\"name\":\"Cultura, Arte e Spettacolo a Torino\",\"description\":\"Quotidiano Piemontese\",\"potentialAction\":[{\"@type\":\"SearchAction\",\"target\":{\"@type\":\"EntryPoint\",\"urlTemplate\":\"https:\/\/web.quotidianopiemontese.it\/cultura-arte-e-spettacolo-a-torino\/?s={search_term_string}\"},\"query-input\":{\"@type\":\"PropertyValueSpecification\",\"valueRequired\":true,\"valueName\":\"search_term_string\"}}],\"inLanguage\":\"it-IT\"},{\"@type\":\"Person\",\"@id\":\"https:\/\/web.quotidianopiemontese.it\/cultura-arte-e-spettacolo-a-torino\/#\/schema\/person\/b035109a4cc7d3e93911b78d8cebf3a0\",\"name\":\"Emanuele Rebuffini\",\"image\":{\"@type\":\"ImageObject\",\"inLanguage\":\"it-IT\",\"@id\":\"https:\/\/web.quotidianopiemontese.it\/cultura-arte-e-spettacolo-a-torino\/#\/schema\/person\/image\/\",\"url\":\"https:\/\/secure.gravatar.com\/avatar\/519a0a38be4cbbcf40fb5bc1b1173a85af291a3a8697df454a94ad7e05574628?s=96&d=mm&r=g\",\"contentUrl\":\"https:\/\/secure.gravatar.com\/avatar\/519a0a38be4cbbcf40fb5bc1b1173a85af291a3a8697df454a94ad7e05574628?s=96&d=mm&r=g\",\"caption\":\"Emanuele Rebuffini\"},\"sameAs\":[\"http:\/\/www.quotidianopiemontese.it\/cultura-arte-e-spettacolo-a-torino\/\"],\"url\":\"https:\/\/web.quotidianopiemontese.it\/cultura-arte-e-spettacolo-a-torino\/author\/emanuelerebuffini\/\"}]}<\/script>\n<!-- \/ Yoast SEO plugin. -->","yoast_head_json":{"title":"\u201cL\u2019Illusion Comique\u201d: al Teatro Gobetti il capolavoro barocco di Pierre Corneille - 23 Gennaio 2018","description":"\u201cL\u2019Illusion Comique\u201d: al Teatro Gobetti il capolavoro barocco di Pierre Corneille - Cultura, Arte e Spettacolo a Torino - \u00abParlare de L\u2019Illusion Comique non \u00e8 impresa facile. Corneille lo definisce uno \u201cstrano mostro\u201d per la condensa di generi teatrali in esso contenuti e per - Fabrizio Falco, L'Illusion Comique, Pierre Corneille, TeatroStabile di Torino","robots":{"index":"index","follow":"follow","max-snippet":"max-snippet:-1","max-image-preview":"max-image-preview:large","max-video-preview":"max-video-preview:-1"},"canonical":"https:\/\/web.quotidianopiemontese.it\/cultura-arte-e-spettacolo-a-torino\/lillusion-comique-al-teatro-gobetti-capolavoro-barocco-pierre-corneille\/","og_locale":"it_IT","og_type":"article","og_title":"\u201cL\u2019Illusion Comique\u201d: al Teatro Gobetti il capolavoro barocco di Pierre Corneille - 23 Gennaio 2018","og_description":"\u201cL\u2019Illusion Comique\u201d: al Teatro Gobetti il capolavoro barocco di Pierre Corneille - Cultura, Arte e Spettacolo a Torino - \u00abParlare de L\u2019Illusion Comique non \u00e8 impresa facile. Corneille lo definisce uno \u201cstrano mostro\u201d per la condensa di generi teatrali in esso contenuti e per - Fabrizio Falco, L'Illusion Comique, Pierre Corneille, TeatroStabile di Torino","og_url":"https:\/\/web.quotidianopiemontese.it\/cultura-arte-e-spettacolo-a-torino\/lillusion-comique-al-teatro-gobetti-capolavoro-barocco-pierre-corneille\/","og_site_name":"Cultura, Arte e Spettacolo a Torino","article_publisher":"https:\/\/www.facebook.com\/quotidianopiemontese?fref=ts","article_published_time":"2018-01-23T08:39:07+00:00","article_modified_time":"2018-01-23T08:41:56+00:00","og_image":[{"width":800,"height":533,"url":"https:\/\/web.quotidianopiemontese.it\/cultura-arte-e-spettacolo-a-torino\/files\/2018\/01\/10_Illusion-Comique_0471-phMarinaAlessi-R-800x533.jpg","type":"image\/jpeg"}],"author":"Emanuele Rebuffini","twitter_misc":{"Scritto da":"Emanuele Rebuffini","Tempo di lettura stimato":"3 minuti"},"schema":{"@context":"https:\/\/schema.org","@graph":[{"@type":"Article","@id":"https:\/\/web.quotidianopiemontese.it\/cultura-arte-e-spettacolo-a-torino\/lillusion-comique-al-teatro-gobetti-capolavoro-barocco-pierre-corneille\/#article","isPartOf":{"@id":"https:\/\/web.quotidianopiemontese.it\/cultura-arte-e-spettacolo-a-torino\/lillusion-comique-al-teatro-gobetti-capolavoro-barocco-pierre-corneille\/"},"author":{"name":"Emanuele Rebuffini","@id":"https:\/\/web.quotidianopiemontese.it\/cultura-arte-e-spettacolo-a-torino\/#\/schema\/person\/b035109a4cc7d3e93911b78d8cebf3a0"},"headline":"\u201cL\u2019Illusion Comique\u201d: al Teatro Gobetti il capolavoro barocco di Pierre Corneille","datePublished":"2018-01-23T08:39:07+00:00","dateModified":"2018-01-23T08:41:56+00:00","mainEntityOfPage":{"@id":"https:\/\/web.quotidianopiemontese.it\/cultura-arte-e-spettacolo-a-torino\/lillusion-comique-al-teatro-gobetti-capolavoro-barocco-pierre-corneille\/"},"wordCount":526,"commentCount":0,"image":{"@id":"https:\/\/web.quotidianopiemontese.it\/cultura-arte-e-spettacolo-a-torino\/lillusion-comique-al-teatro-gobetti-capolavoro-barocco-pierre-corneille\/#primaryimage"},"thumbnailUrl":"https:\/\/web.quotidianopiemontese.it\/cultura-arte-e-spettacolo-a-torino\/files\/2018\/01\/10_Illusion-Comique_0471-phMarinaAlessi-R-800x533.jpg","keywords":["Fabrizio Falco","L'Illusion Comique","Pierre Corneille","TeatroStabile di Torino"],"articleSection":["Cultura, arte, spettacolo"],"inLanguage":"it-IT","potentialAction":[{"@type":"CommentAction","name":"Comment","target":["https:\/\/web.quotidianopiemontese.it\/cultura-arte-e-spettacolo-a-torino\/lillusion-comique-al-teatro-gobetti-capolavoro-barocco-pierre-corneille\/#respond"]}]},{"@type":"WebPage","@id":"https:\/\/web.quotidianopiemontese.it\/cultura-arte-e-spettacolo-a-torino\/lillusion-comique-al-teatro-gobetti-capolavoro-barocco-pierre-corneille\/","url":"https:\/\/web.quotidianopiemontese.it\/cultura-arte-e-spettacolo-a-torino\/lillusion-comique-al-teatro-gobetti-capolavoro-barocco-pierre-corneille\/","name":"\u201cL\u2019Illusion Comique\u201d: al Teatro Gobetti il capolavoro barocco di Pierre Corneille - 23 Gennaio 2018","isPartOf":{"@id":"https:\/\/web.quotidianopiemontese.it\/cultura-arte-e-spettacolo-a-torino\/#website"},"primaryImageOfPage":{"@id":"https:\/\/web.quotidianopiemontese.it\/cultura-arte-e-spettacolo-a-torino\/lillusion-comique-al-teatro-gobetti-capolavoro-barocco-pierre-corneille\/#primaryimage"},"image":{"@id":"https:\/\/web.quotidianopiemontese.it\/cultura-arte-e-spettacolo-a-torino\/lillusion-comique-al-teatro-gobetti-capolavoro-barocco-pierre-corneille\/#primaryimage"},"thumbnailUrl":"https:\/\/web.quotidianopiemontese.it\/cultura-arte-e-spettacolo-a-torino\/files\/2018\/01\/10_Illusion-Comique_0471-phMarinaAlessi-R-800x533.jpg","datePublished":"2018-01-23T08:39:07+00:00","dateModified":"2018-01-23T08:41:56+00:00","author":{"@id":"https:\/\/web.quotidianopiemontese.it\/cultura-arte-e-spettacolo-a-torino\/#\/schema\/person\/b035109a4cc7d3e93911b78d8cebf3a0"},"description":"\u201cL\u2019Illusion Comique\u201d: al Teatro Gobetti il capolavoro barocco di Pierre Corneille - Cultura, Arte e Spettacolo a Torino - \u00abParlare de L\u2019Illusion Comique non \u00e8 impresa facile. Corneille lo definisce uno \u201cstrano mostro\u201d per la condensa di generi teatrali in esso contenuti e per - Fabrizio Falco, L'Illusion Comique, Pierre Corneille, TeatroStabile di Torino","inLanguage":"it-IT","potentialAction":[{"@type":"ReadAction","target":["https:\/\/web.quotidianopiemontese.it\/cultura-arte-e-spettacolo-a-torino\/lillusion-comique-al-teatro-gobetti-capolavoro-barocco-pierre-corneille\/"]}]},{"@type":"ImageObject","inLanguage":"it-IT","@id":"https:\/\/web.quotidianopiemontese.it\/cultura-arte-e-spettacolo-a-torino\/lillusion-comique-al-teatro-gobetti-capolavoro-barocco-pierre-corneille\/#primaryimage","url":"https:\/\/web.quotidianopiemontese.it\/cultura-arte-e-spettacolo-a-torino\/files\/2018\/01\/10_Illusion-Comique_0471-phMarinaAlessi-R-800x533.jpg","contentUrl":"https:\/\/web.quotidianopiemontese.it\/cultura-arte-e-spettacolo-a-torino\/files\/2018\/01\/10_Illusion-Comique_0471-phMarinaAlessi-R-800x533.jpg","width":800,"height":533},{"@type":"WebSite","@id":"https:\/\/web.quotidianopiemontese.it\/cultura-arte-e-spettacolo-a-torino\/#website","url":"https:\/\/web.quotidianopiemontese.it\/cultura-arte-e-spettacolo-a-torino\/","name":"Cultura, Arte e Spettacolo a Torino","description":"Quotidiano Piemontese","potentialAction":[{"@type":"SearchAction","target":{"@type":"EntryPoint","urlTemplate":"https:\/\/web.quotidianopiemontese.it\/cultura-arte-e-spettacolo-a-torino\/?s={search_term_string}"},"query-input":{"@type":"PropertyValueSpecification","valueRequired":true,"valueName":"search_term_string"}}],"inLanguage":"it-IT"},{"@type":"Person","@id":"https:\/\/web.quotidianopiemontese.it\/cultura-arte-e-spettacolo-a-torino\/#\/schema\/person\/b035109a4cc7d3e93911b78d8cebf3a0","name":"Emanuele Rebuffini","image":{"@type":"ImageObject","inLanguage":"it-IT","@id":"https:\/\/web.quotidianopiemontese.it\/cultura-arte-e-spettacolo-a-torino\/#\/schema\/person\/image\/","url":"https:\/\/secure.gravatar.com\/avatar\/519a0a38be4cbbcf40fb5bc1b1173a85af291a3a8697df454a94ad7e05574628?s=96&d=mm&r=g","contentUrl":"https:\/\/secure.gravatar.com\/avatar\/519a0a38be4cbbcf40fb5bc1b1173a85af291a3a8697df454a94ad7e05574628?s=96&d=mm&r=g","caption":"Emanuele Rebuffini"},"sameAs":["http:\/\/www.quotidianopiemontese.it\/cultura-arte-e-spettacolo-a-torino\/"],"url":"https:\/\/web.quotidianopiemontese.it\/cultura-arte-e-spettacolo-a-torino\/author\/emanuelerebuffini\/"}]}},"_links":{"self":[{"href":"https:\/\/web.quotidianopiemontese.it\/cultura-arte-e-spettacolo-a-torino\/wp-json\/wp\/v2\/posts\/121","targetHints":{"allow":["GET"]}}],"collection":[{"href":"https:\/\/web.quotidianopiemontese.it\/cultura-arte-e-spettacolo-a-torino\/wp-json\/wp\/v2\/posts"}],"about":[{"href":"https:\/\/web.quotidianopiemontese.it\/cultura-arte-e-spettacolo-a-torino\/wp-json\/wp\/v2\/types\/post"}],"author":[{"embeddable":true,"href":"https:\/\/web.quotidianopiemontese.it\/cultura-arte-e-spettacolo-a-torino\/wp-json\/wp\/v2\/users\/1361"}],"replies":[{"embeddable":true,"href":"https:\/\/web.quotidianopiemontese.it\/cultura-arte-e-spettacolo-a-torino\/wp-json\/wp\/v2\/comments?post=121"}],"version-history":[{"count":0,"href":"https:\/\/web.quotidianopiemontese.it\/cultura-arte-e-spettacolo-a-torino\/wp-json\/wp\/v2\/posts\/121\/revisions"}],"wp:featuredmedia":[{"embeddable":true,"href":"https:\/\/web.quotidianopiemontese.it\/cultura-arte-e-spettacolo-a-torino\/wp-json\/wp\/v2\/media\/124"}],"wp:attachment":[{"href":"https:\/\/web.quotidianopiemontese.it\/cultura-arte-e-spettacolo-a-torino\/wp-json\/wp\/v2\/media?parent=121"}],"wp:term":[{"taxonomy":"category","embeddable":true,"href":"https:\/\/web.quotidianopiemontese.it\/cultura-arte-e-spettacolo-a-torino\/wp-json\/wp\/v2\/categories?post=121"},{"taxonomy":"post_tag","embeddable":true,"href":"https:\/\/web.quotidianopiemontese.it\/cultura-arte-e-spettacolo-a-torino\/wp-json\/wp\/v2\/tags?post=121"}],"curies":[{"name":"wp","href":"https:\/\/api.w.org\/{rel}","templated":true}]}}