{"id":1176,"date":"2023-04-17T13:16:11","date_gmt":"2023-04-17T11:16:11","guid":{"rendered":"https:\/\/web.quotidianopiemontese.it\/cultura-arte-e-spettacolo-a-torino\/?p=1176"},"modified":"2023-04-17T13:18:17","modified_gmt":"2023-04-17T11:18:17","slug":"walter-bonatti-lomaggio-del-museo-della-montagna","status":"publish","type":"post","link":"https:\/\/web.quotidianopiemontese.it\/cultura-arte-e-spettacolo-a-torino\/walter-bonatti-lomaggio-del-museo-della-montagna\/","title":{"rendered":"Walter Bonatti: l\u2019omaggio del Museo della Montagna"},"content":{"rendered":"<p>Walter Bonatti (1930-2011) \u00e8 un personaggio unico nella storia dell\u2019alpinismo.\u00a0Lo \u00e8 per le sue imprese ma soprattutto per aver vissuto due vite: quella di alpinista e quella di fotoreporter d\u2019avventura ed esploratore. <!--more-->Nato a Bergamo, \u00ab<em>il re delle Alpi<\/em>\u00bb \u00e8 entrato nell\u2019immaginario collettivo grazie a mitiche scalate come la parete Nord delle Grandes Jorasses; la solitaria invernale sul Cervino, che gli varr\u00e0 nel 1965 la Medaglia d\u2019oro al Valor civile; il Grand Capucin; \u201cl\u2019impossibile\u201d Dru; le spedizioni verso il Karakorum e le Ande. Non solo successi, ma anche tragedie, come quella del Pilone Centrale del Fr\u00eaney, e amarezze, come accadde nella spedizione sul K2.<\/p>\n<p><a href=\"http:\/\/web.quotidianopiemontese.it\/cultura-arte-e-spettacolo-a-torino\/files\/2023\/04\/Schermata-2023-02-01-alle-15.58.11-980x735-1.png\"><img loading=\"lazy\" decoding=\"async\" class=\"alignnone size-medium wp-image-1179\" src=\"http:\/\/web.quotidianopiemontese.it\/cultura-arte-e-spettacolo-a-torino\/files\/2023\/04\/Schermata-2023-02-01-alle-15.58.11-980x735-1-300x225.png\" alt=\"\" width=\"300\" height=\"225\" srcset=\"https:\/\/web.quotidianopiemontese.it\/cultura-arte-e-spettacolo-a-torino\/files\/2023\/04\/Schermata-2023-02-01-alle-15.58.11-980x735-1-300x225.png 300w, https:\/\/web.quotidianopiemontese.it\/cultura-arte-e-spettacolo-a-torino\/files\/2023\/04\/Schermata-2023-02-01-alle-15.58.11-980x735-1-768x576.png 768w, https:\/\/web.quotidianopiemontese.it\/cultura-arte-e-spettacolo-a-torino\/files\/2023\/04\/Schermata-2023-02-01-alle-15.58.11-980x735-1-200x150.png 200w, https:\/\/web.quotidianopiemontese.it\/cultura-arte-e-spettacolo-a-torino\/files\/2023\/04\/Schermata-2023-02-01-alle-15.58.11-980x735-1.png 980w\" sizes=\"auto, (max-width: 300px) 85vw, 300px\" \/><\/a><\/p>\n<p>Il <strong>Museo Nazionale della Montagna<\/strong> dedica a <strong>Walter Bonatti<\/strong> un nuovo spazio permanente allestito all\u2019interno del percorso di visita. Un\u2019iniziativa che si colloca nelle azioni di valorizzazione dell\u2019archivio di <strong>Walter Bonatti,<\/strong> donato dagli eredi nel 2016, che \u00e8 stato oggetto di un imponente lavoro di riordino, schedatura e digitalizzazione (ora \u00e8 consultabile online su CAISiDoc.cai.it, il portale del sistema documentario dei beni culturali del Club Alpino Italiano, gestito dal Museo e dalla Biblioteca Nazionale CAI).<\/p>\n<p><a href=\"http:\/\/web.quotidianopiemontese.it\/cultura-arte-e-spettacolo-a-torino\/files\/2023\/04\/341883035_2185804861607668_80108878592234414_n.jpg\"><img loading=\"lazy\" decoding=\"async\" class=\"alignnone size-medium wp-image-1183\" src=\"http:\/\/web.quotidianopiemontese.it\/cultura-arte-e-spettacolo-a-torino\/files\/2023\/04\/341883035_2185804861607668_80108878592234414_n-300x200.jpg\" alt=\"\" width=\"300\" height=\"200\" srcset=\"https:\/\/web.quotidianopiemontese.it\/cultura-arte-e-spettacolo-a-torino\/files\/2023\/04\/341883035_2185804861607668_80108878592234414_n-300x200.jpg 300w, https:\/\/web.quotidianopiemontese.it\/cultura-arte-e-spettacolo-a-torino\/files\/2023\/04\/341883035_2185804861607668_80108878592234414_n-1024x683.jpg 1024w, https:\/\/web.quotidianopiemontese.it\/cultura-arte-e-spettacolo-a-torino\/files\/2023\/04\/341883035_2185804861607668_80108878592234414_n-768x512.jpg 768w, https:\/\/web.quotidianopiemontese.it\/cultura-arte-e-spettacolo-a-torino\/files\/2023\/04\/341883035_2185804861607668_80108878592234414_n-1536x1024.jpg 1536w, https:\/\/web.quotidianopiemontese.it\/cultura-arte-e-spettacolo-a-torino\/files\/2023\/04\/341883035_2185804861607668_80108878592234414_n-600x400.jpg 600w, https:\/\/web.quotidianopiemontese.it\/cultura-arte-e-spettacolo-a-torino\/files\/2023\/04\/341883035_2185804861607668_80108878592234414_n.jpg 2048w\" sizes=\"auto, (max-width: 300px) 85vw, 300px\" \/><\/a><\/p>\n<p>L\u2019<strong>Archivio Bonatti<\/strong> \u00e8 un patrimonio documentale ricco e vasto quanto la sua esperienza: attrezzatura alpinistica, appunti e dattiloscritti, interviste e filmati, onorificenze e documenti, sessant\u2019anni di corrispondenza e di ritagli stampa e circa 110.000 fotografie. \u00ab\u00c8 impossibile esporre integralmente un tale tesoro-spiega <strong>Daniela Berta,<\/strong> direttrice del Museo Nazionale della Montagna-in questo nuovo spazio si \u00e8 scelto quindi di proporre le immagini e gli oggetti pi\u00f9 rappresentativi delle sue due vite straordinarie, quella dell\u2019alpinista e quella del fotoreporter d\u2019avventura. E di raccontare, per suggestioni, la continuit\u00e0 e la coerenza di queste vite, animate dalla stessa passione e consapevolezza, dalla stessa curiosit\u00e0 e capacit\u00e0 di entrare nel cuore dell\u2019ambiente\u00bb.<\/p>\n<p><a href=\"http:\/\/web.quotidianopiemontese.it\/cultura-arte-e-spettacolo-a-torino\/files\/2023\/04\/342172828_885693019194863_6350900909146819567_n.jpg\"><img loading=\"lazy\" decoding=\"async\" class=\"alignnone size-medium wp-image-1181\" src=\"http:\/\/web.quotidianopiemontese.it\/cultura-arte-e-spettacolo-a-torino\/files\/2023\/04\/342172828_885693019194863_6350900909146819567_n-300x200.jpg\" alt=\"\" width=\"300\" height=\"200\" srcset=\"https:\/\/web.quotidianopiemontese.it\/cultura-arte-e-spettacolo-a-torino\/files\/2023\/04\/342172828_885693019194863_6350900909146819567_n-300x200.jpg 300w, https:\/\/web.quotidianopiemontese.it\/cultura-arte-e-spettacolo-a-torino\/files\/2023\/04\/342172828_885693019194863_6350900909146819567_n-1024x683.jpg 1024w, https:\/\/web.quotidianopiemontese.it\/cultura-arte-e-spettacolo-a-torino\/files\/2023\/04\/342172828_885693019194863_6350900909146819567_n-768x512.jpg 768w, https:\/\/web.quotidianopiemontese.it\/cultura-arte-e-spettacolo-a-torino\/files\/2023\/04\/342172828_885693019194863_6350900909146819567_n-1536x1024.jpg 1536w, https:\/\/web.quotidianopiemontese.it\/cultura-arte-e-spettacolo-a-torino\/files\/2023\/04\/342172828_885693019194863_6350900909146819567_n-600x400.jpg 600w, https:\/\/web.quotidianopiemontese.it\/cultura-arte-e-spettacolo-a-torino\/files\/2023\/04\/342172828_885693019194863_6350900909146819567_n.jpg 2048w\" sizes=\"auto, (max-width: 300px) 85vw, 300px\" \/><\/a><\/p>\n<p>La spinta che in montagna aveva portato <strong>Walter Bonatti<\/strong> a rinunciare alle innovazioni tecniche per affidarsi invece alle attrezzature tradizionali \u00e8 la stessa che nei suoi viaggi (come nei reportage realizzati per il settimanale <strong><em>Epoca<\/em><\/strong>), lo incoraggi\u00f2 ad accostarsi senz\u2019armi agli animali feroci, a condividere esperienze di vita quotidiana con le popolazioni indigene e a cercare, nei luoghi pi\u00f9 impervi, la memoria di un mondo primordiale, osservando in se stesso il riaffiorare di istinti dimenticati.<\/p>\n<p><a href=\"http:\/\/web.quotidianopiemontese.it\/cultura-arte-e-spettacolo-a-torino\/files\/2023\/04\/1-apre-023_239-1024x687-1.jpg\"><img loading=\"lazy\" decoding=\"async\" class=\"alignnone size-medium wp-image-1186\" src=\"http:\/\/web.quotidianopiemontese.it\/cultura-arte-e-spettacolo-a-torino\/files\/2023\/04\/1-apre-023_239-1024x687-1-300x201.jpg\" alt=\"\" width=\"300\" height=\"201\" srcset=\"https:\/\/web.quotidianopiemontese.it\/cultura-arte-e-spettacolo-a-torino\/files\/2023\/04\/1-apre-023_239-1024x687-1-300x201.jpg 300w, https:\/\/web.quotidianopiemontese.it\/cultura-arte-e-spettacolo-a-torino\/files\/2023\/04\/1-apre-023_239-1024x687-1-768x515.jpg 768w, https:\/\/web.quotidianopiemontese.it\/cultura-arte-e-spettacolo-a-torino\/files\/2023\/04\/1-apre-023_239-1024x687-1-600x400.jpg 600w, https:\/\/web.quotidianopiemontese.it\/cultura-arte-e-spettacolo-a-torino\/files\/2023\/04\/1-apre-023_239-1024x687-1.jpg 1024w\" sizes=\"auto, (max-width: 300px) 85vw, 300px\" \/><\/a><\/p>\n<p>Il percorso dell\u2019esposizione permanente (ideata con la collaborazione del giornalista Angelo Ponta che, insieme a Roberto Mantovani, \u00e8 gi\u00e0 stato referente scientifico per il progetto di riordino dell\u2019Archivio) mette in dialogo vecchi chiodi arrugginiti, suole di canapa, cunei di legno, il casco usato nelle scalate tra il 1961 ed il 1965, accanto a medaglie d\u2019oro, riconoscimenti e onorificenze assegnate al campione. Tutto \u00e8 raccontato attraverso immagini, lettere, ritagli di giornale, abiti, attrezzature alpinistiche e fotografiche, disegni, tracciati, documenti, filmati. Una postazione con monitor touch consente di consultare una selezione di oltre 500 documenti conservati nell\u2019Archivio.<\/p>\n<p><a href=\"http:\/\/web.quotidianopiemontese.it\/cultura-arte-e-spettacolo-a-torino\/files\/2023\/04\/342182529_114642014915478_7066767607880894334_n.jpg\"><img loading=\"lazy\" decoding=\"async\" class=\"alignnone size-medium wp-image-1182\" src=\"http:\/\/web.quotidianopiemontese.it\/cultura-arte-e-spettacolo-a-torino\/files\/2023\/04\/342182529_114642014915478_7066767607880894334_n-300x200.jpg\" alt=\"\" width=\"300\" height=\"200\" srcset=\"https:\/\/web.quotidianopiemontese.it\/cultura-arte-e-spettacolo-a-torino\/files\/2023\/04\/342182529_114642014915478_7066767607880894334_n-300x200.jpg 300w, https:\/\/web.quotidianopiemontese.it\/cultura-arte-e-spettacolo-a-torino\/files\/2023\/04\/342182529_114642014915478_7066767607880894334_n-1024x683.jpg 1024w, https:\/\/web.quotidianopiemontese.it\/cultura-arte-e-spettacolo-a-torino\/files\/2023\/04\/342182529_114642014915478_7066767607880894334_n-768x512.jpg 768w, https:\/\/web.quotidianopiemontese.it\/cultura-arte-e-spettacolo-a-torino\/files\/2023\/04\/342182529_114642014915478_7066767607880894334_n-1536x1024.jpg 1536w, https:\/\/web.quotidianopiemontese.it\/cultura-arte-e-spettacolo-a-torino\/files\/2023\/04\/342182529_114642014915478_7066767607880894334_n-600x400.jpg 600w, https:\/\/web.quotidianopiemontese.it\/cultura-arte-e-spettacolo-a-torino\/files\/2023\/04\/342182529_114642014915478_7066767607880894334_n.jpg 2048w\" sizes=\"auto, (max-width: 300px) 85vw, 300px\" \/><\/a><\/p>\n<p><a href=\"http:\/\/www.museomontagna.org\">http:\/\/www.museomontagna.org<\/a><\/p>\n<p><strong>Emanuele Rebuffini\u00a0<\/strong><\/p>\n<p><a href=\"http:\/\/web.quotidianopiemontese.it\/cultura-arte-e-spettacolo-a-torino\/files\/2023\/04\/341488642_1641549593027458_587901069953906867_n.jpg\"><img loading=\"lazy\" decoding=\"async\" class=\"alignnone size-medium wp-image-1185\" src=\"http:\/\/web.quotidianopiemontese.it\/cultura-arte-e-spettacolo-a-torino\/files\/2023\/04\/341488642_1641549593027458_587901069953906867_n-300x200.jpg\" alt=\"\" width=\"300\" height=\"200\" srcset=\"https:\/\/web.quotidianopiemontese.it\/cultura-arte-e-spettacolo-a-torino\/files\/2023\/04\/341488642_1641549593027458_587901069953906867_n-300x200.jpg 300w, https:\/\/web.quotidianopiemontese.it\/cultura-arte-e-spettacolo-a-torino\/files\/2023\/04\/341488642_1641549593027458_587901069953906867_n-1024x683.jpg 1024w, https:\/\/web.quotidianopiemontese.it\/cultura-arte-e-spettacolo-a-torino\/files\/2023\/04\/341488642_1641549593027458_587901069953906867_n-768x512.jpg 768w, https:\/\/web.quotidianopiemontese.it\/cultura-arte-e-spettacolo-a-torino\/files\/2023\/04\/341488642_1641549593027458_587901069953906867_n-1536x1024.jpg 1536w, https:\/\/web.quotidianopiemontese.it\/cultura-arte-e-spettacolo-a-torino\/files\/2023\/04\/341488642_1641549593027458_587901069953906867_n-600x400.jpg 600w, https:\/\/web.quotidianopiemontese.it\/cultura-arte-e-spettacolo-a-torino\/files\/2023\/04\/341488642_1641549593027458_587901069953906867_n.jpg 2048w\" sizes=\"auto, (max-width: 300px) 85vw, 300px\" \/><\/a><\/p>\n","protected":false},"excerpt":{"rendered":"<p>Walter Bonatti (1930-2011) \u00e8 un personaggio unico nella storia dell\u2019alpinismo.\u00a0Lo \u00e8 per le sue imprese ma soprattutto per aver vissuto due vite: quella di alpinista e quella di fotoreporter d\u2019avventura ed esploratore.<\/p>\n","protected":false},"author":1361,"featured_media":1178,"comment_status":"open","ping_status":"open","sticky":false,"template":"","format":"standard","meta":{"footnotes":""},"categories":[1],"tags":[],"class_list":["post-1176","post","type-post","status-publish","format-standard","has-post-thumbnail","hentry","category-cultura-arte-spettacolo"],"yoast_head":"<!-- This site is optimized with the Yoast SEO plugin v27.1.1 - https:\/\/yoast.com\/product\/yoast-seo-wordpress\/ -->\n<title>Walter Bonatti: l\u2019omaggio del Museo della Montagna - 17 Aprile 2023<\/title>\n<meta name=\"description\" content=\"Walter Bonatti: l\u2019omaggio del Museo della Montagna - Cultura, Arte e Spettacolo a Torino - Walter Bonatti (1930-2011) \u00e8 un personaggio unico nella storia dell\u2019alpinismo.\u00a0Lo \u00e8 per le sue imprese ma soprattutto per aver vissuto due vite: quella di -\" \/>\n<meta name=\"robots\" content=\"index, follow, max-snippet:-1, max-image-preview:large, max-video-preview:-1\" \/>\n<link rel=\"canonical\" href=\"https:\/\/web.quotidianopiemontese.it\/cultura-arte-e-spettacolo-a-torino\/walter-bonatti-lomaggio-del-museo-della-montagna\/\" \/>\n<meta property=\"og:locale\" content=\"it_IT\" \/>\n<meta property=\"og:type\" content=\"article\" \/>\n<meta property=\"og:title\" content=\"Walter Bonatti: l\u2019omaggio del Museo della Montagna - 17 Aprile 2023\" \/>\n<meta property=\"og:description\" content=\"Walter Bonatti: l\u2019omaggio del Museo della Montagna - Cultura, Arte e Spettacolo a Torino - Walter Bonatti (1930-2011) \u00e8 un personaggio unico nella storia dell\u2019alpinismo.\u00a0Lo \u00e8 per le sue imprese ma soprattutto per aver vissuto due vite: quella di -\" \/>\n<meta property=\"og:url\" content=\"https:\/\/web.quotidianopiemontese.it\/cultura-arte-e-spettacolo-a-torino\/walter-bonatti-lomaggio-del-museo-della-montagna\/\" \/>\n<meta property=\"og:site_name\" content=\"Cultura, Arte e Spettacolo a Torino\" \/>\n<meta property=\"article:publisher\" content=\"https:\/\/www.facebook.com\/quotidianopiemontese?fref=ts\" \/>\n<meta property=\"article:published_time\" content=\"2023-04-17T11:16:11+00:00\" \/>\n<meta property=\"article:modified_time\" content=\"2023-04-17T11:18:17+00:00\" \/>\n<meta property=\"og:image\" content=\"https:\/\/web.quotidianopiemontese.it\/cultura-arte-e-spettacolo-a-torino\/files\/2023\/04\/342168481_716142953600887_3688988690938858082_n.jpg\" \/>\n\t<meta property=\"og:image:width\" content=\"2048\" \/>\n\t<meta property=\"og:image:height\" content=\"1365\" \/>\n\t<meta property=\"og:image:type\" content=\"image\/jpeg\" \/>\n<meta name=\"author\" content=\"Emanuele Rebuffini\" \/>\n<meta name=\"twitter:label1\" content=\"Scritto da\" \/>\n\t<meta name=\"twitter:data1\" content=\"Emanuele Rebuffini\" \/>\n\t<meta name=\"twitter:label2\" content=\"Tempo di lettura stimato\" \/>\n\t<meta name=\"twitter:data2\" content=\"4 minuti\" \/>\n<script type=\"application\/ld+json\" class=\"yoast-schema-graph\">{\"@context\":\"https:\/\/schema.org\",\"@graph\":[{\"@type\":\"Article\",\"@id\":\"https:\/\/web.quotidianopiemontese.it\/cultura-arte-e-spettacolo-a-torino\/walter-bonatti-lomaggio-del-museo-della-montagna\/#article\",\"isPartOf\":{\"@id\":\"https:\/\/web.quotidianopiemontese.it\/cultura-arte-e-spettacolo-a-torino\/walter-bonatti-lomaggio-del-museo-della-montagna\/\"},\"author\":{\"name\":\"Emanuele Rebuffini\",\"@id\":\"https:\/\/web.quotidianopiemontese.it\/cultura-arte-e-spettacolo-a-torino\/#\/schema\/person\/b035109a4cc7d3e93911b78d8cebf3a0\"},\"headline\":\"Walter Bonatti: l\u2019omaggio del Museo della Montagna\",\"datePublished\":\"2023-04-17T11:16:11+00:00\",\"dateModified\":\"2023-04-17T11:18:17+00:00\",\"mainEntityOfPage\":{\"@id\":\"https:\/\/web.quotidianopiemontese.it\/cultura-arte-e-spettacolo-a-torino\/walter-bonatti-lomaggio-del-museo-della-montagna\/\"},\"wordCount\":475,\"commentCount\":0,\"image\":{\"@id\":\"https:\/\/web.quotidianopiemontese.it\/cultura-arte-e-spettacolo-a-torino\/walter-bonatti-lomaggio-del-museo-della-montagna\/#primaryimage\"},\"thumbnailUrl\":\"https:\/\/web.quotidianopiemontese.it\/cultura-arte-e-spettacolo-a-torino\/files\/2023\/04\/342168481_716142953600887_3688988690938858082_n.jpg\",\"articleSection\":[\"Cultura, arte, spettacolo\"],\"inLanguage\":\"it-IT\",\"potentialAction\":[{\"@type\":\"CommentAction\",\"name\":\"Comment\",\"target\":[\"https:\/\/web.quotidianopiemontese.it\/cultura-arte-e-spettacolo-a-torino\/walter-bonatti-lomaggio-del-museo-della-montagna\/#respond\"]}]},{\"@type\":\"WebPage\",\"@id\":\"https:\/\/web.quotidianopiemontese.it\/cultura-arte-e-spettacolo-a-torino\/walter-bonatti-lomaggio-del-museo-della-montagna\/\",\"url\":\"https:\/\/web.quotidianopiemontese.it\/cultura-arte-e-spettacolo-a-torino\/walter-bonatti-lomaggio-del-museo-della-montagna\/\",\"name\":\"Walter Bonatti: l\u2019omaggio del Museo della Montagna - 17 Aprile 2023\",\"isPartOf\":{\"@id\":\"https:\/\/web.quotidianopiemontese.it\/cultura-arte-e-spettacolo-a-torino\/#website\"},\"primaryImageOfPage\":{\"@id\":\"https:\/\/web.quotidianopiemontese.it\/cultura-arte-e-spettacolo-a-torino\/walter-bonatti-lomaggio-del-museo-della-montagna\/#primaryimage\"},\"image\":{\"@id\":\"https:\/\/web.quotidianopiemontese.it\/cultura-arte-e-spettacolo-a-torino\/walter-bonatti-lomaggio-del-museo-della-montagna\/#primaryimage\"},\"thumbnailUrl\":\"https:\/\/web.quotidianopiemontese.it\/cultura-arte-e-spettacolo-a-torino\/files\/2023\/04\/342168481_716142953600887_3688988690938858082_n.jpg\",\"datePublished\":\"2023-04-17T11:16:11+00:00\",\"dateModified\":\"2023-04-17T11:18:17+00:00\",\"author\":{\"@id\":\"https:\/\/web.quotidianopiemontese.it\/cultura-arte-e-spettacolo-a-torino\/#\/schema\/person\/b035109a4cc7d3e93911b78d8cebf3a0\"},\"description\":\"Walter Bonatti: l\u2019omaggio del Museo della Montagna - Cultura, Arte e Spettacolo a Torino - Walter Bonatti (1930-2011) \u00e8 un personaggio unico nella storia dell\u2019alpinismo.\u00a0Lo \u00e8 per le sue imprese ma soprattutto per aver vissuto due vite: quella di -\",\"inLanguage\":\"it-IT\",\"potentialAction\":[{\"@type\":\"ReadAction\",\"target\":[\"https:\/\/web.quotidianopiemontese.it\/cultura-arte-e-spettacolo-a-torino\/walter-bonatti-lomaggio-del-museo-della-montagna\/\"]}]},{\"@type\":\"ImageObject\",\"inLanguage\":\"it-IT\",\"@id\":\"https:\/\/web.quotidianopiemontese.it\/cultura-arte-e-spettacolo-a-torino\/walter-bonatti-lomaggio-del-museo-della-montagna\/#primaryimage\",\"url\":\"https:\/\/web.quotidianopiemontese.it\/cultura-arte-e-spettacolo-a-torino\/files\/2023\/04\/342168481_716142953600887_3688988690938858082_n.jpg\",\"contentUrl\":\"https:\/\/web.quotidianopiemontese.it\/cultura-arte-e-spettacolo-a-torino\/files\/2023\/04\/342168481_716142953600887_3688988690938858082_n.jpg\",\"width\":2048,\"height\":1365},{\"@type\":\"WebSite\",\"@id\":\"https:\/\/web.quotidianopiemontese.it\/cultura-arte-e-spettacolo-a-torino\/#website\",\"url\":\"https:\/\/web.quotidianopiemontese.it\/cultura-arte-e-spettacolo-a-torino\/\",\"name\":\"Cultura, Arte e Spettacolo a Torino\",\"description\":\"Quotidiano Piemontese\",\"potentialAction\":[{\"@type\":\"SearchAction\",\"target\":{\"@type\":\"EntryPoint\",\"urlTemplate\":\"https:\/\/web.quotidianopiemontese.it\/cultura-arte-e-spettacolo-a-torino\/?s={search_term_string}\"},\"query-input\":{\"@type\":\"PropertyValueSpecification\",\"valueRequired\":true,\"valueName\":\"search_term_string\"}}],\"inLanguage\":\"it-IT\"},{\"@type\":\"Person\",\"@id\":\"https:\/\/web.quotidianopiemontese.it\/cultura-arte-e-spettacolo-a-torino\/#\/schema\/person\/b035109a4cc7d3e93911b78d8cebf3a0\",\"name\":\"Emanuele Rebuffini\",\"image\":{\"@type\":\"ImageObject\",\"inLanguage\":\"it-IT\",\"@id\":\"https:\/\/web.quotidianopiemontese.it\/cultura-arte-e-spettacolo-a-torino\/#\/schema\/person\/image\/\",\"url\":\"https:\/\/secure.gravatar.com\/avatar\/519a0a38be4cbbcf40fb5bc1b1173a85af291a3a8697df454a94ad7e05574628?s=96&d=mm&r=g\",\"contentUrl\":\"https:\/\/secure.gravatar.com\/avatar\/519a0a38be4cbbcf40fb5bc1b1173a85af291a3a8697df454a94ad7e05574628?s=96&d=mm&r=g\",\"caption\":\"Emanuele Rebuffini\"},\"sameAs\":[\"http:\/\/www.quotidianopiemontese.it\/cultura-arte-e-spettacolo-a-torino\/\"],\"url\":\"https:\/\/web.quotidianopiemontese.it\/cultura-arte-e-spettacolo-a-torino\/author\/emanuelerebuffini\/\"}]}<\/script>\n<!-- \/ Yoast SEO plugin. -->","yoast_head_json":{"title":"Walter Bonatti: l\u2019omaggio del Museo della Montagna - 17 Aprile 2023","description":"Walter Bonatti: l\u2019omaggio del Museo della Montagna - Cultura, Arte e Spettacolo a Torino - Walter Bonatti (1930-2011) \u00e8 un personaggio unico nella storia dell\u2019alpinismo.\u00a0Lo \u00e8 per le sue imprese ma soprattutto per aver vissuto due vite: quella di -","robots":{"index":"index","follow":"follow","max-snippet":"max-snippet:-1","max-image-preview":"max-image-preview:large","max-video-preview":"max-video-preview:-1"},"canonical":"https:\/\/web.quotidianopiemontese.it\/cultura-arte-e-spettacolo-a-torino\/walter-bonatti-lomaggio-del-museo-della-montagna\/","og_locale":"it_IT","og_type":"article","og_title":"Walter Bonatti: l\u2019omaggio del Museo della Montagna - 17 Aprile 2023","og_description":"Walter Bonatti: l\u2019omaggio del Museo della Montagna - Cultura, Arte e Spettacolo a Torino - Walter Bonatti (1930-2011) \u00e8 un personaggio unico nella storia dell\u2019alpinismo.\u00a0Lo \u00e8 per le sue imprese ma soprattutto per aver vissuto due vite: quella di -","og_url":"https:\/\/web.quotidianopiemontese.it\/cultura-arte-e-spettacolo-a-torino\/walter-bonatti-lomaggio-del-museo-della-montagna\/","og_site_name":"Cultura, Arte e Spettacolo a Torino","article_publisher":"https:\/\/www.facebook.com\/quotidianopiemontese?fref=ts","article_published_time":"2023-04-17T11:16:11+00:00","article_modified_time":"2023-04-17T11:18:17+00:00","og_image":[{"width":2048,"height":1365,"url":"https:\/\/web.quotidianopiemontese.it\/cultura-arte-e-spettacolo-a-torino\/files\/2023\/04\/342168481_716142953600887_3688988690938858082_n.jpg","type":"image\/jpeg"}],"author":"Emanuele Rebuffini","twitter_misc":{"Scritto da":"Emanuele Rebuffini","Tempo di lettura stimato":"4 minuti"},"schema":{"@context":"https:\/\/schema.org","@graph":[{"@type":"Article","@id":"https:\/\/web.quotidianopiemontese.it\/cultura-arte-e-spettacolo-a-torino\/walter-bonatti-lomaggio-del-museo-della-montagna\/#article","isPartOf":{"@id":"https:\/\/web.quotidianopiemontese.it\/cultura-arte-e-spettacolo-a-torino\/walter-bonatti-lomaggio-del-museo-della-montagna\/"},"author":{"name":"Emanuele Rebuffini","@id":"https:\/\/web.quotidianopiemontese.it\/cultura-arte-e-spettacolo-a-torino\/#\/schema\/person\/b035109a4cc7d3e93911b78d8cebf3a0"},"headline":"Walter Bonatti: l\u2019omaggio del Museo della Montagna","datePublished":"2023-04-17T11:16:11+00:00","dateModified":"2023-04-17T11:18:17+00:00","mainEntityOfPage":{"@id":"https:\/\/web.quotidianopiemontese.it\/cultura-arte-e-spettacolo-a-torino\/walter-bonatti-lomaggio-del-museo-della-montagna\/"},"wordCount":475,"commentCount":0,"image":{"@id":"https:\/\/web.quotidianopiemontese.it\/cultura-arte-e-spettacolo-a-torino\/walter-bonatti-lomaggio-del-museo-della-montagna\/#primaryimage"},"thumbnailUrl":"https:\/\/web.quotidianopiemontese.it\/cultura-arte-e-spettacolo-a-torino\/files\/2023\/04\/342168481_716142953600887_3688988690938858082_n.jpg","articleSection":["Cultura, arte, spettacolo"],"inLanguage":"it-IT","potentialAction":[{"@type":"CommentAction","name":"Comment","target":["https:\/\/web.quotidianopiemontese.it\/cultura-arte-e-spettacolo-a-torino\/walter-bonatti-lomaggio-del-museo-della-montagna\/#respond"]}]},{"@type":"WebPage","@id":"https:\/\/web.quotidianopiemontese.it\/cultura-arte-e-spettacolo-a-torino\/walter-bonatti-lomaggio-del-museo-della-montagna\/","url":"https:\/\/web.quotidianopiemontese.it\/cultura-arte-e-spettacolo-a-torino\/walter-bonatti-lomaggio-del-museo-della-montagna\/","name":"Walter Bonatti: l\u2019omaggio del Museo della Montagna - 17 Aprile 2023","isPartOf":{"@id":"https:\/\/web.quotidianopiemontese.it\/cultura-arte-e-spettacolo-a-torino\/#website"},"primaryImageOfPage":{"@id":"https:\/\/web.quotidianopiemontese.it\/cultura-arte-e-spettacolo-a-torino\/walter-bonatti-lomaggio-del-museo-della-montagna\/#primaryimage"},"image":{"@id":"https:\/\/web.quotidianopiemontese.it\/cultura-arte-e-spettacolo-a-torino\/walter-bonatti-lomaggio-del-museo-della-montagna\/#primaryimage"},"thumbnailUrl":"https:\/\/web.quotidianopiemontese.it\/cultura-arte-e-spettacolo-a-torino\/files\/2023\/04\/342168481_716142953600887_3688988690938858082_n.jpg","datePublished":"2023-04-17T11:16:11+00:00","dateModified":"2023-04-17T11:18:17+00:00","author":{"@id":"https:\/\/web.quotidianopiemontese.it\/cultura-arte-e-spettacolo-a-torino\/#\/schema\/person\/b035109a4cc7d3e93911b78d8cebf3a0"},"description":"Walter Bonatti: l\u2019omaggio del Museo della Montagna - Cultura, Arte e Spettacolo a Torino - Walter Bonatti (1930-2011) \u00e8 un personaggio unico nella storia dell\u2019alpinismo.\u00a0Lo \u00e8 per le sue imprese ma soprattutto per aver vissuto due vite: quella di -","inLanguage":"it-IT","potentialAction":[{"@type":"ReadAction","target":["https:\/\/web.quotidianopiemontese.it\/cultura-arte-e-spettacolo-a-torino\/walter-bonatti-lomaggio-del-museo-della-montagna\/"]}]},{"@type":"ImageObject","inLanguage":"it-IT","@id":"https:\/\/web.quotidianopiemontese.it\/cultura-arte-e-spettacolo-a-torino\/walter-bonatti-lomaggio-del-museo-della-montagna\/#primaryimage","url":"https:\/\/web.quotidianopiemontese.it\/cultura-arte-e-spettacolo-a-torino\/files\/2023\/04\/342168481_716142953600887_3688988690938858082_n.jpg","contentUrl":"https:\/\/web.quotidianopiemontese.it\/cultura-arte-e-spettacolo-a-torino\/files\/2023\/04\/342168481_716142953600887_3688988690938858082_n.jpg","width":2048,"height":1365},{"@type":"WebSite","@id":"https:\/\/web.quotidianopiemontese.it\/cultura-arte-e-spettacolo-a-torino\/#website","url":"https:\/\/web.quotidianopiemontese.it\/cultura-arte-e-spettacolo-a-torino\/","name":"Cultura, Arte e Spettacolo a Torino","description":"Quotidiano Piemontese","potentialAction":[{"@type":"SearchAction","target":{"@type":"EntryPoint","urlTemplate":"https:\/\/web.quotidianopiemontese.it\/cultura-arte-e-spettacolo-a-torino\/?s={search_term_string}"},"query-input":{"@type":"PropertyValueSpecification","valueRequired":true,"valueName":"search_term_string"}}],"inLanguage":"it-IT"},{"@type":"Person","@id":"https:\/\/web.quotidianopiemontese.it\/cultura-arte-e-spettacolo-a-torino\/#\/schema\/person\/b035109a4cc7d3e93911b78d8cebf3a0","name":"Emanuele Rebuffini","image":{"@type":"ImageObject","inLanguage":"it-IT","@id":"https:\/\/web.quotidianopiemontese.it\/cultura-arte-e-spettacolo-a-torino\/#\/schema\/person\/image\/","url":"https:\/\/secure.gravatar.com\/avatar\/519a0a38be4cbbcf40fb5bc1b1173a85af291a3a8697df454a94ad7e05574628?s=96&d=mm&r=g","contentUrl":"https:\/\/secure.gravatar.com\/avatar\/519a0a38be4cbbcf40fb5bc1b1173a85af291a3a8697df454a94ad7e05574628?s=96&d=mm&r=g","caption":"Emanuele Rebuffini"},"sameAs":["http:\/\/www.quotidianopiemontese.it\/cultura-arte-e-spettacolo-a-torino\/"],"url":"https:\/\/web.quotidianopiemontese.it\/cultura-arte-e-spettacolo-a-torino\/author\/emanuelerebuffini\/"}]}},"_links":{"self":[{"href":"https:\/\/web.quotidianopiemontese.it\/cultura-arte-e-spettacolo-a-torino\/wp-json\/wp\/v2\/posts\/1176","targetHints":{"allow":["GET"]}}],"collection":[{"href":"https:\/\/web.quotidianopiemontese.it\/cultura-arte-e-spettacolo-a-torino\/wp-json\/wp\/v2\/posts"}],"about":[{"href":"https:\/\/web.quotidianopiemontese.it\/cultura-arte-e-spettacolo-a-torino\/wp-json\/wp\/v2\/types\/post"}],"author":[{"embeddable":true,"href":"https:\/\/web.quotidianopiemontese.it\/cultura-arte-e-spettacolo-a-torino\/wp-json\/wp\/v2\/users\/1361"}],"replies":[{"embeddable":true,"href":"https:\/\/web.quotidianopiemontese.it\/cultura-arte-e-spettacolo-a-torino\/wp-json\/wp\/v2\/comments?post=1176"}],"version-history":[{"count":0,"href":"https:\/\/web.quotidianopiemontese.it\/cultura-arte-e-spettacolo-a-torino\/wp-json\/wp\/v2\/posts\/1176\/revisions"}],"wp:featuredmedia":[{"embeddable":true,"href":"https:\/\/web.quotidianopiemontese.it\/cultura-arte-e-spettacolo-a-torino\/wp-json\/wp\/v2\/media\/1178"}],"wp:attachment":[{"href":"https:\/\/web.quotidianopiemontese.it\/cultura-arte-e-spettacolo-a-torino\/wp-json\/wp\/v2\/media?parent=1176"}],"wp:term":[{"taxonomy":"category","embeddable":true,"href":"https:\/\/web.quotidianopiemontese.it\/cultura-arte-e-spettacolo-a-torino\/wp-json\/wp\/v2\/categories?post=1176"},{"taxonomy":"post_tag","embeddable":true,"href":"https:\/\/web.quotidianopiemontese.it\/cultura-arte-e-spettacolo-a-torino\/wp-json\/wp\/v2\/tags?post=1176"}],"curies":[{"name":"wp","href":"https:\/\/api.w.org\/{rel}","templated":true}]}}