{"id":1167,"date":"2023-03-14T12:22:30","date_gmt":"2023-03-14T11:22:30","guid":{"rendered":"https:\/\/web.quotidianopiemontese.it\/cultura-arte-e-spettacolo-a-torino\/?p=1167"},"modified":"2023-03-14T12:28:16","modified_gmt":"2023-03-14T11:28:16","slug":"la-lunga-notte-di-sarajevo-cronache-di-un-assedio","status":"publish","type":"post","link":"https:\/\/web.quotidianopiemontese.it\/cultura-arte-e-spettacolo-a-torino\/la-lunga-notte-di-sarajevo-cronache-di-un-assedio\/","title":{"rendered":"\u201cLa Lunga Notte di Sarajevo\u201d. Cronache di un assedio"},"content":{"rendered":"<p>Il violoncellista Vedran Smailovi\u0107, unico sopravvissuto del quartetto d\u2019archi di Sarajevo, per 22 giorni ha continuato a suonare le note dolenti dell\u2019Adagio di Albinoni, per rendere omaggio ai 16 civili uccisi da un colpo di mortaio mentre facevano la fila per il pane. Vestito in smoking, in mezzo alle rotaie del treno, ha continuato a suonare mentre la citt\u00e0 veniva bombardata e umiliata nel lungo assedio durato ben 1.425 giorni. \u00c8 una delle foto scattate dal fotoreporter <strong>Paolo Siccardi<\/strong>, in mostra fino al 19 marzo al <strong>Mastio della Cittadella<\/strong>-Museo Storico Nazionale di Artiglieria.<!--more--><\/p>\n<p><strong>\u00ab<\/strong><strong>La Lunga Notte di Sarajevo<\/strong><strong>\u00bb<\/strong><strong>,<\/strong> curata da <strong>Tiziana Bonomo<\/strong> con la supervisione di Michele Ruggiero presidente dell\u2019associazione <strong>La Porta di Vetro<\/strong>, attraverso trenta immagini in bianco e nero racconta i quattro anni di assedio di Sarajevo, dal 1992 al 1996. L\u2019assedio pi\u00f9 lungo della storia contemporanea. \u00c8 la cronaca di un urbicidio che si \u00e8 consumato nel cuore dell\u2019Europa. Nelle foto di <strong>Paolo Siccardi<\/strong> rivediamo il dramma delle persone intrappolate come topi senza via di fuga, costrette a sopravvivere tra continue esplosioni e a correre nelle strade tra le case distrutte per sfuggire ai cecchini.<\/p>\n<figure id=\"attachment_1169\" aria-describedby=\"caption-attachment-1169\" style=\"width: 300px\" class=\"wp-caption alignnone\"><a href=\"http:\/\/web.quotidianopiemontese.it\/cultura-arte-e-spettacolo-a-torino\/files\/2023\/03\/008_sarajevo_\u00a9Siccardi.jpg\"><img loading=\"lazy\" decoding=\"async\" class=\"size-medium wp-image-1169\" src=\"http:\/\/web.quotidianopiemontese.it\/cultura-arte-e-spettacolo-a-torino\/files\/2023\/03\/008_sarajevo_\u00a9Siccardi-300x200.jpg\" alt=\"\" width=\"300\" height=\"200\" srcset=\"https:\/\/web.quotidianopiemontese.it\/cultura-arte-e-spettacolo-a-torino\/files\/2023\/03\/008_sarajevo_\u00a9Siccardi-300x200.jpg 300w, https:\/\/web.quotidianopiemontese.it\/cultura-arte-e-spettacolo-a-torino\/files\/2023\/03\/008_sarajevo_\u00a9Siccardi-1024x683.jpg 1024w, https:\/\/web.quotidianopiemontese.it\/cultura-arte-e-spettacolo-a-torino\/files\/2023\/03\/008_sarajevo_\u00a9Siccardi-768x512.jpg 768w, https:\/\/web.quotidianopiemontese.it\/cultura-arte-e-spettacolo-a-torino\/files\/2023\/03\/008_sarajevo_\u00a9Siccardi-1536x1024.jpg 1536w, https:\/\/web.quotidianopiemontese.it\/cultura-arte-e-spettacolo-a-torino\/files\/2023\/03\/008_sarajevo_\u00a9Siccardi-2048x1366.jpg 2048w, https:\/\/web.quotidianopiemontese.it\/cultura-arte-e-spettacolo-a-torino\/files\/2023\/03\/008_sarajevo_\u00a9Siccardi-600x400.jpg 600w\" sizes=\"auto, (max-width: 300px) 85vw, 300px\" \/><\/a><figcaption id=\"caption-attachment-1169\" class=\"wp-caption-text\"><em>La disperazione di alcune donne sul luogo del massacro di Markale nel febbraio del 1994 (febbraio 1994)<\/em><\/figcaption><\/figure>\n<p>Una guerra vista attraverso gli occhi della popolazione. Fantasmi che si aggiravano tra le macerie, ignorando gli \u201csniper\u201d che a cottimo svolgevano il loro lavoro di macelleria agli angoli delle strade. Uno spaccato sulla vita quotidiana non direttamente cronologico, ma una narrazione nello scorrere del tempo dove perirono dodicimila persone e ne rimasero ferite cinquantamila su oltre 520 mila abitanti.<\/p>\n<figure id=\"attachment_1170\" aria-describedby=\"caption-attachment-1170\" style=\"width: 300px\" class=\"wp-caption alignnone\"><a href=\"http:\/\/web.quotidianopiemontese.it\/cultura-arte-e-spettacolo-a-torino\/files\/2023\/03\/016_sarajevo_\u00a9Siccardi.jpg\"><img loading=\"lazy\" decoding=\"async\" class=\"size-medium wp-image-1170\" src=\"http:\/\/web.quotidianopiemontese.it\/cultura-arte-e-spettacolo-a-torino\/files\/2023\/03\/016_sarajevo_\u00a9Siccardi-300x200.jpg\" alt=\"\" width=\"300\" height=\"200\" srcset=\"https:\/\/web.quotidianopiemontese.it\/cultura-arte-e-spettacolo-a-torino\/files\/2023\/03\/016_sarajevo_\u00a9Siccardi-300x200.jpg 300w, https:\/\/web.quotidianopiemontese.it\/cultura-arte-e-spettacolo-a-torino\/files\/2023\/03\/016_sarajevo_\u00a9Siccardi-1024x683.jpg 1024w, https:\/\/web.quotidianopiemontese.it\/cultura-arte-e-spettacolo-a-torino\/files\/2023\/03\/016_sarajevo_\u00a9Siccardi-768x512.jpg 768w, https:\/\/web.quotidianopiemontese.it\/cultura-arte-e-spettacolo-a-torino\/files\/2023\/03\/016_sarajevo_\u00a9Siccardi-1536x1024.jpg 1536w, https:\/\/web.quotidianopiemontese.it\/cultura-arte-e-spettacolo-a-torino\/files\/2023\/03\/016_sarajevo_\u00a9Siccardi-2048x1366.jpg 2048w, https:\/\/web.quotidianopiemontese.it\/cultura-arte-e-spettacolo-a-torino\/files\/2023\/03\/016_sarajevo_\u00a9Siccardi-600x400.jpg 600w\" sizes=\"auto, (max-width: 300px) 85vw, 300px\" \/><\/a><figcaption id=\"caption-attachment-1170\" class=\"wp-caption-text\"><em>La coda di una bomba da mortaio esplosa tra le mani di un bambino (maggio 1994)<\/em><\/figcaption><\/figure>\n<p>Dalle immagini nasce il racconto fotografico della vita che continua e si adatta ai ritmi costanti della guerra scandita da pi\u00f9 di trecento esplosioni di bombe al giorno. Le immagini uniscono quei frammenti di vita diventando le radiografie delle persone ritratte. Istanti congelati nel tempo in una memoria storica indelebile. Una narrazione senza facili sensazionalismi giornalistici per dare voce a quella parte di umanit\u00e0 ferita e non sotto i riflettori della breaking news.<\/p>\n<figure id=\"attachment_1171\" aria-describedby=\"caption-attachment-1171\" style=\"width: 300px\" class=\"wp-caption alignnone\"><a href=\"http:\/\/web.quotidianopiemontese.it\/cultura-arte-e-spettacolo-a-torino\/files\/2023\/03\/023_sarajevo_\u00a9Siccardi.jpg\"><img loading=\"lazy\" decoding=\"async\" class=\"size-medium wp-image-1171\" src=\"http:\/\/web.quotidianopiemontese.it\/cultura-arte-e-spettacolo-a-torino\/files\/2023\/03\/023_sarajevo_\u00a9Siccardi-300x200.jpg\" alt=\"\" width=\"300\" height=\"200\" srcset=\"https:\/\/web.quotidianopiemontese.it\/cultura-arte-e-spettacolo-a-torino\/files\/2023\/03\/023_sarajevo_\u00a9Siccardi-300x200.jpg 300w, https:\/\/web.quotidianopiemontese.it\/cultura-arte-e-spettacolo-a-torino\/files\/2023\/03\/023_sarajevo_\u00a9Siccardi-1024x683.jpg 1024w, https:\/\/web.quotidianopiemontese.it\/cultura-arte-e-spettacolo-a-torino\/files\/2023\/03\/023_sarajevo_\u00a9Siccardi-768x512.jpg 768w, https:\/\/web.quotidianopiemontese.it\/cultura-arte-e-spettacolo-a-torino\/files\/2023\/03\/023_sarajevo_\u00a9Siccardi-1536x1024.jpg 1536w, https:\/\/web.quotidianopiemontese.it\/cultura-arte-e-spettacolo-a-torino\/files\/2023\/03\/023_sarajevo_\u00a9Siccardi-2048x1366.jpg 2048w, https:\/\/web.quotidianopiemontese.it\/cultura-arte-e-spettacolo-a-torino\/files\/2023\/03\/023_sarajevo_\u00a9Siccardi-600x400.jpg 600w\" sizes=\"auto, (max-width: 300px) 85vw, 300px\" \/><\/a><figcaption id=\"caption-attachment-1171\" class=\"wp-caption-text\"><em>Fantasmi si aggirano tra le distruzioni della citt\u00e0 durante un pausa dei bombardamenti (1993)<\/em><\/figcaption><\/figure>\n<p><strong>Emanuele Rebuffini\u00a0\u00a0<\/strong><\/p>\n<p><a href=\"https:\/\/www.artphotobonomo.it\/\">https:\/\/www.artphotobonomo.it\/<\/a><\/p>\n","protected":false},"excerpt":{"rendered":"<p>Il violoncellista Vedran Smailovi\u0107, unico sopravvissuto del quartetto d\u2019archi di Sarajevo, per 22 giorni ha continuato a suonare le note dolenti dell\u2019Adagio di Albinoni, per rendere omaggio ai 16 civili uccisi da un colpo di mortaio mentre facevano la fila per il pane. Vestito in smoking, in mezzo alle rotaie del treno, ha continuato a &hellip; <a href=\"https:\/\/web.quotidianopiemontese.it\/cultura-arte-e-spettacolo-a-torino\/la-lunga-notte-di-sarajevo-cronache-di-un-assedio\/\" class=\"more-link\">Leggi tutto<span class=\"screen-reader-text\"> &#8220;\u201cLa Lunga Notte di Sarajevo\u201d. Cronache di un assedio&#8221;<\/span><\/a><\/p>\n","protected":false},"author":1361,"featured_media":1168,"comment_status":"open","ping_status":"open","sticky":false,"template":"","format":"standard","meta":{"footnotes":""},"categories":[1],"tags":[234,233],"class_list":["post-1167","post","type-post","status-publish","format-standard","has-post-thumbnail","hentry","category-cultura-arte-spettacolo","tag-paolo-siccardi","tag-sarajevo"],"yoast_head":"<!-- This site is optimized with the Yoast SEO plugin v27.1.1 - https:\/\/yoast.com\/product\/yoast-seo-wordpress\/ -->\n<title>\u201cLa Lunga Notte di Sarajevo\u201d. Cronache di un assedio - 14 Marzo 2023<\/title>\n<meta name=\"description\" content=\"\u201cLa Lunga Notte di Sarajevo\u201d. Cronache di un assedio - Cultura, Arte e Spettacolo a Torino - Il violoncellista Vedran Smailovi\u0107, unico sopravvissuto del quartetto d\u2019archi di Sarajevo, per 22 giorni ha continuato a suonare le note dolenti - Paolo Siccardi, Sarajevo\" \/>\n<meta name=\"robots\" content=\"index, follow, max-snippet:-1, max-image-preview:large, max-video-preview:-1\" \/>\n<link rel=\"canonical\" href=\"http:\/\/web.quotidianopiemontese.it\/cultura-arte-e-spettacolo-a-torino\/la-lunga-notte-di-sarajevo-cronache-di-un-assedio\/\" \/>\n<meta property=\"og:locale\" content=\"it_IT\" \/>\n<meta property=\"og:type\" content=\"article\" \/>\n<meta property=\"og:title\" content=\"\u201cLa Lunga Notte di Sarajevo\u201d. Cronache di un assedio - 14 Marzo 2023\" \/>\n<meta property=\"og:description\" content=\"\u201cLa Lunga Notte di Sarajevo\u201d. Cronache di un assedio - Cultura, Arte e Spettacolo a Torino - Il violoncellista Vedran Smailovi\u0107, unico sopravvissuto del quartetto d\u2019archi di Sarajevo, per 22 giorni ha continuato a suonare le note dolenti - Paolo Siccardi, Sarajevo\" \/>\n<meta property=\"og:url\" content=\"http:\/\/web.quotidianopiemontese.it\/cultura-arte-e-spettacolo-a-torino\/la-lunga-notte-di-sarajevo-cronache-di-un-assedio\/\" \/>\n<meta property=\"og:site_name\" content=\"Cultura, Arte e Spettacolo a Torino\" \/>\n<meta property=\"article:publisher\" content=\"https:\/\/www.facebook.com\/quotidianopiemontese?fref=ts\" \/>\n<meta property=\"article:published_time\" content=\"2023-03-14T11:22:30+00:00\" \/>\n<meta property=\"article:modified_time\" content=\"2023-03-14T11:28:16+00:00\" \/>\n<meta property=\"og:image\" content=\"http:\/\/web.quotidianopiemontese.it\/cultura-arte-e-spettacolo-a-torino\/files\/2023\/03\/024_sarajevo_\u00a9Siccardi.jpg\" \/>\n\t<meta property=\"og:image:width\" content=\"2500\" \/>\n\t<meta property=\"og:image:height\" content=\"1667\" \/>\n\t<meta property=\"og:image:type\" content=\"image\/jpeg\" \/>\n<meta name=\"author\" content=\"Emanuele Rebuffini\" \/>\n<meta name=\"twitter:label1\" content=\"Scritto da\" \/>\n\t<meta name=\"twitter:data1\" content=\"Emanuele Rebuffini\" \/>\n\t<meta name=\"twitter:label2\" content=\"Tempo di lettura stimato\" \/>\n\t<meta name=\"twitter:data2\" content=\"3 minuti\" \/>\n<script type=\"application\/ld+json\" class=\"yoast-schema-graph\">{\"@context\":\"https:\/\/schema.org\",\"@graph\":[{\"@type\":\"Article\",\"@id\":\"http:\/\/web.quotidianopiemontese.it\/cultura-arte-e-spettacolo-a-torino\/la-lunga-notte-di-sarajevo-cronache-di-un-assedio\/#article\",\"isPartOf\":{\"@id\":\"http:\/\/web.quotidianopiemontese.it\/cultura-arte-e-spettacolo-a-torino\/la-lunga-notte-di-sarajevo-cronache-di-un-assedio\/\"},\"author\":{\"name\":\"Emanuele Rebuffini\",\"@id\":\"https:\/\/web.quotidianopiemontese.it\/cultura-arte-e-spettacolo-a-torino\/#\/schema\/person\/b035109a4cc7d3e93911b78d8cebf3a0\"},\"headline\":\"\u201cLa Lunga Notte di Sarajevo\u201d. Cronache di un assedio\",\"datePublished\":\"2023-03-14T11:22:30+00:00\",\"dateModified\":\"2023-03-14T11:28:16+00:00\",\"mainEntityOfPage\":{\"@id\":\"http:\/\/web.quotidianopiemontese.it\/cultura-arte-e-spettacolo-a-torino\/la-lunga-notte-di-sarajevo-cronache-di-un-assedio\/\"},\"wordCount\":395,\"commentCount\":0,\"image\":{\"@id\":\"http:\/\/web.quotidianopiemontese.it\/cultura-arte-e-spettacolo-a-torino\/la-lunga-notte-di-sarajevo-cronache-di-un-assedio\/#primaryimage\"},\"thumbnailUrl\":\"https:\/\/web.quotidianopiemontese.it\/cultura-arte-e-spettacolo-a-torino\/files\/2023\/03\/024_sarajevo_\u00a9Siccardi.jpg\",\"keywords\":[\"Paolo Siccardi\",\"Sarajevo\"],\"articleSection\":[\"Cultura, arte, spettacolo\"],\"inLanguage\":\"it-IT\",\"potentialAction\":[{\"@type\":\"CommentAction\",\"name\":\"Comment\",\"target\":[\"http:\/\/web.quotidianopiemontese.it\/cultura-arte-e-spettacolo-a-torino\/la-lunga-notte-di-sarajevo-cronache-di-un-assedio\/#respond\"]}]},{\"@type\":\"WebPage\",\"@id\":\"http:\/\/web.quotidianopiemontese.it\/cultura-arte-e-spettacolo-a-torino\/la-lunga-notte-di-sarajevo-cronache-di-un-assedio\/\",\"url\":\"http:\/\/web.quotidianopiemontese.it\/cultura-arte-e-spettacolo-a-torino\/la-lunga-notte-di-sarajevo-cronache-di-un-assedio\/\",\"name\":\"\u201cLa Lunga Notte di Sarajevo\u201d. Cronache di un assedio - 14 Marzo 2023\",\"isPartOf\":{\"@id\":\"https:\/\/web.quotidianopiemontese.it\/cultura-arte-e-spettacolo-a-torino\/#website\"},\"primaryImageOfPage\":{\"@id\":\"http:\/\/web.quotidianopiemontese.it\/cultura-arte-e-spettacolo-a-torino\/la-lunga-notte-di-sarajevo-cronache-di-un-assedio\/#primaryimage\"},\"image\":{\"@id\":\"http:\/\/web.quotidianopiemontese.it\/cultura-arte-e-spettacolo-a-torino\/la-lunga-notte-di-sarajevo-cronache-di-un-assedio\/#primaryimage\"},\"thumbnailUrl\":\"https:\/\/web.quotidianopiemontese.it\/cultura-arte-e-spettacolo-a-torino\/files\/2023\/03\/024_sarajevo_\u00a9Siccardi.jpg\",\"datePublished\":\"2023-03-14T11:22:30+00:00\",\"dateModified\":\"2023-03-14T11:28:16+00:00\",\"author\":{\"@id\":\"https:\/\/web.quotidianopiemontese.it\/cultura-arte-e-spettacolo-a-torino\/#\/schema\/person\/b035109a4cc7d3e93911b78d8cebf3a0\"},\"description\":\"\u201cLa Lunga Notte di Sarajevo\u201d. Cronache di un assedio - Cultura, Arte e Spettacolo a Torino - Il violoncellista Vedran Smailovi\u0107, unico sopravvissuto del quartetto d\u2019archi di Sarajevo, per 22 giorni ha continuato a suonare le note dolenti - Paolo Siccardi, Sarajevo\",\"inLanguage\":\"it-IT\",\"potentialAction\":[{\"@type\":\"ReadAction\",\"target\":[\"http:\/\/web.quotidianopiemontese.it\/cultura-arte-e-spettacolo-a-torino\/la-lunga-notte-di-sarajevo-cronache-di-un-assedio\/\"]}]},{\"@type\":\"ImageObject\",\"inLanguage\":\"it-IT\",\"@id\":\"http:\/\/web.quotidianopiemontese.it\/cultura-arte-e-spettacolo-a-torino\/la-lunga-notte-di-sarajevo-cronache-di-un-assedio\/#primaryimage\",\"url\":\"https:\/\/web.quotidianopiemontese.it\/cultura-arte-e-spettacolo-a-torino\/files\/2023\/03\/024_sarajevo_\u00a9Siccardi.jpg\",\"contentUrl\":\"https:\/\/web.quotidianopiemontese.it\/cultura-arte-e-spettacolo-a-torino\/files\/2023\/03\/024_sarajevo_\u00a9Siccardi.jpg\",\"width\":2500,\"height\":1667},{\"@type\":\"WebSite\",\"@id\":\"https:\/\/web.quotidianopiemontese.it\/cultura-arte-e-spettacolo-a-torino\/#website\",\"url\":\"https:\/\/web.quotidianopiemontese.it\/cultura-arte-e-spettacolo-a-torino\/\",\"name\":\"Cultura, Arte e Spettacolo a Torino\",\"description\":\"Quotidiano Piemontese\",\"potentialAction\":[{\"@type\":\"SearchAction\",\"target\":{\"@type\":\"EntryPoint\",\"urlTemplate\":\"https:\/\/web.quotidianopiemontese.it\/cultura-arte-e-spettacolo-a-torino\/?s={search_term_string}\"},\"query-input\":{\"@type\":\"PropertyValueSpecification\",\"valueRequired\":true,\"valueName\":\"search_term_string\"}}],\"inLanguage\":\"it-IT\"},{\"@type\":\"Person\",\"@id\":\"https:\/\/web.quotidianopiemontese.it\/cultura-arte-e-spettacolo-a-torino\/#\/schema\/person\/b035109a4cc7d3e93911b78d8cebf3a0\",\"name\":\"Emanuele Rebuffini\",\"image\":{\"@type\":\"ImageObject\",\"inLanguage\":\"it-IT\",\"@id\":\"https:\/\/web.quotidianopiemontese.it\/cultura-arte-e-spettacolo-a-torino\/#\/schema\/person\/image\/\",\"url\":\"https:\/\/secure.gravatar.com\/avatar\/519a0a38be4cbbcf40fb5bc1b1173a85af291a3a8697df454a94ad7e05574628?s=96&d=mm&r=g\",\"contentUrl\":\"https:\/\/secure.gravatar.com\/avatar\/519a0a38be4cbbcf40fb5bc1b1173a85af291a3a8697df454a94ad7e05574628?s=96&d=mm&r=g\",\"caption\":\"Emanuele Rebuffini\"},\"sameAs\":[\"http:\/\/www.quotidianopiemontese.it\/cultura-arte-e-spettacolo-a-torino\/\"],\"url\":\"https:\/\/web.quotidianopiemontese.it\/cultura-arte-e-spettacolo-a-torino\/author\/emanuelerebuffini\/\"}]}<\/script>\n<!-- \/ Yoast SEO plugin. -->","yoast_head_json":{"title":"\u201cLa Lunga Notte di Sarajevo\u201d. Cronache di un assedio - 14 Marzo 2023","description":"\u201cLa Lunga Notte di Sarajevo\u201d. Cronache di un assedio - Cultura, Arte e Spettacolo a Torino - Il violoncellista Vedran Smailovi\u0107, unico sopravvissuto del quartetto d\u2019archi di Sarajevo, per 22 giorni ha continuato a suonare le note dolenti - Paolo Siccardi, Sarajevo","robots":{"index":"index","follow":"follow","max-snippet":"max-snippet:-1","max-image-preview":"max-image-preview:large","max-video-preview":"max-video-preview:-1"},"canonical":"http:\/\/web.quotidianopiemontese.it\/cultura-arte-e-spettacolo-a-torino\/la-lunga-notte-di-sarajevo-cronache-di-un-assedio\/","og_locale":"it_IT","og_type":"article","og_title":"\u201cLa Lunga Notte di Sarajevo\u201d. Cronache di un assedio - 14 Marzo 2023","og_description":"\u201cLa Lunga Notte di Sarajevo\u201d. Cronache di un assedio - Cultura, Arte e Spettacolo a Torino - Il violoncellista Vedran Smailovi\u0107, unico sopravvissuto del quartetto d\u2019archi di Sarajevo, per 22 giorni ha continuato a suonare le note dolenti - Paolo Siccardi, Sarajevo","og_url":"http:\/\/web.quotidianopiemontese.it\/cultura-arte-e-spettacolo-a-torino\/la-lunga-notte-di-sarajevo-cronache-di-un-assedio\/","og_site_name":"Cultura, Arte e Spettacolo a Torino","article_publisher":"https:\/\/www.facebook.com\/quotidianopiemontese?fref=ts","article_published_time":"2023-03-14T11:22:30+00:00","article_modified_time":"2023-03-14T11:28:16+00:00","og_image":[{"width":2500,"height":1667,"url":"http:\/\/web.quotidianopiemontese.it\/cultura-arte-e-spettacolo-a-torino\/files\/2023\/03\/024_sarajevo_\u00a9Siccardi.jpg","type":"image\/jpeg"}],"author":"Emanuele Rebuffini","twitter_misc":{"Scritto da":"Emanuele Rebuffini","Tempo di lettura stimato":"3 minuti"},"schema":{"@context":"https:\/\/schema.org","@graph":[{"@type":"Article","@id":"http:\/\/web.quotidianopiemontese.it\/cultura-arte-e-spettacolo-a-torino\/la-lunga-notte-di-sarajevo-cronache-di-un-assedio\/#article","isPartOf":{"@id":"http:\/\/web.quotidianopiemontese.it\/cultura-arte-e-spettacolo-a-torino\/la-lunga-notte-di-sarajevo-cronache-di-un-assedio\/"},"author":{"name":"Emanuele Rebuffini","@id":"https:\/\/web.quotidianopiemontese.it\/cultura-arte-e-spettacolo-a-torino\/#\/schema\/person\/b035109a4cc7d3e93911b78d8cebf3a0"},"headline":"\u201cLa Lunga Notte di Sarajevo\u201d. Cronache di un assedio","datePublished":"2023-03-14T11:22:30+00:00","dateModified":"2023-03-14T11:28:16+00:00","mainEntityOfPage":{"@id":"http:\/\/web.quotidianopiemontese.it\/cultura-arte-e-spettacolo-a-torino\/la-lunga-notte-di-sarajevo-cronache-di-un-assedio\/"},"wordCount":395,"commentCount":0,"image":{"@id":"http:\/\/web.quotidianopiemontese.it\/cultura-arte-e-spettacolo-a-torino\/la-lunga-notte-di-sarajevo-cronache-di-un-assedio\/#primaryimage"},"thumbnailUrl":"https:\/\/web.quotidianopiemontese.it\/cultura-arte-e-spettacolo-a-torino\/files\/2023\/03\/024_sarajevo_\u00a9Siccardi.jpg","keywords":["Paolo Siccardi","Sarajevo"],"articleSection":["Cultura, arte, spettacolo"],"inLanguage":"it-IT","potentialAction":[{"@type":"CommentAction","name":"Comment","target":["http:\/\/web.quotidianopiemontese.it\/cultura-arte-e-spettacolo-a-torino\/la-lunga-notte-di-sarajevo-cronache-di-un-assedio\/#respond"]}]},{"@type":"WebPage","@id":"http:\/\/web.quotidianopiemontese.it\/cultura-arte-e-spettacolo-a-torino\/la-lunga-notte-di-sarajevo-cronache-di-un-assedio\/","url":"http:\/\/web.quotidianopiemontese.it\/cultura-arte-e-spettacolo-a-torino\/la-lunga-notte-di-sarajevo-cronache-di-un-assedio\/","name":"\u201cLa Lunga Notte di Sarajevo\u201d. Cronache di un assedio - 14 Marzo 2023","isPartOf":{"@id":"https:\/\/web.quotidianopiemontese.it\/cultura-arte-e-spettacolo-a-torino\/#website"},"primaryImageOfPage":{"@id":"http:\/\/web.quotidianopiemontese.it\/cultura-arte-e-spettacolo-a-torino\/la-lunga-notte-di-sarajevo-cronache-di-un-assedio\/#primaryimage"},"image":{"@id":"http:\/\/web.quotidianopiemontese.it\/cultura-arte-e-spettacolo-a-torino\/la-lunga-notte-di-sarajevo-cronache-di-un-assedio\/#primaryimage"},"thumbnailUrl":"https:\/\/web.quotidianopiemontese.it\/cultura-arte-e-spettacolo-a-torino\/files\/2023\/03\/024_sarajevo_\u00a9Siccardi.jpg","datePublished":"2023-03-14T11:22:30+00:00","dateModified":"2023-03-14T11:28:16+00:00","author":{"@id":"https:\/\/web.quotidianopiemontese.it\/cultura-arte-e-spettacolo-a-torino\/#\/schema\/person\/b035109a4cc7d3e93911b78d8cebf3a0"},"description":"\u201cLa Lunga Notte di Sarajevo\u201d. Cronache di un assedio - Cultura, Arte e Spettacolo a Torino - Il violoncellista Vedran Smailovi\u0107, unico sopravvissuto del quartetto d\u2019archi di Sarajevo, per 22 giorni ha continuato a suonare le note dolenti - Paolo Siccardi, Sarajevo","inLanguage":"it-IT","potentialAction":[{"@type":"ReadAction","target":["http:\/\/web.quotidianopiemontese.it\/cultura-arte-e-spettacolo-a-torino\/la-lunga-notte-di-sarajevo-cronache-di-un-assedio\/"]}]},{"@type":"ImageObject","inLanguage":"it-IT","@id":"http:\/\/web.quotidianopiemontese.it\/cultura-arte-e-spettacolo-a-torino\/la-lunga-notte-di-sarajevo-cronache-di-un-assedio\/#primaryimage","url":"https:\/\/web.quotidianopiemontese.it\/cultura-arte-e-spettacolo-a-torino\/files\/2023\/03\/024_sarajevo_\u00a9Siccardi.jpg","contentUrl":"https:\/\/web.quotidianopiemontese.it\/cultura-arte-e-spettacolo-a-torino\/files\/2023\/03\/024_sarajevo_\u00a9Siccardi.jpg","width":2500,"height":1667},{"@type":"WebSite","@id":"https:\/\/web.quotidianopiemontese.it\/cultura-arte-e-spettacolo-a-torino\/#website","url":"https:\/\/web.quotidianopiemontese.it\/cultura-arte-e-spettacolo-a-torino\/","name":"Cultura, Arte e Spettacolo a Torino","description":"Quotidiano Piemontese","potentialAction":[{"@type":"SearchAction","target":{"@type":"EntryPoint","urlTemplate":"https:\/\/web.quotidianopiemontese.it\/cultura-arte-e-spettacolo-a-torino\/?s={search_term_string}"},"query-input":{"@type":"PropertyValueSpecification","valueRequired":true,"valueName":"search_term_string"}}],"inLanguage":"it-IT"},{"@type":"Person","@id":"https:\/\/web.quotidianopiemontese.it\/cultura-arte-e-spettacolo-a-torino\/#\/schema\/person\/b035109a4cc7d3e93911b78d8cebf3a0","name":"Emanuele Rebuffini","image":{"@type":"ImageObject","inLanguage":"it-IT","@id":"https:\/\/web.quotidianopiemontese.it\/cultura-arte-e-spettacolo-a-torino\/#\/schema\/person\/image\/","url":"https:\/\/secure.gravatar.com\/avatar\/519a0a38be4cbbcf40fb5bc1b1173a85af291a3a8697df454a94ad7e05574628?s=96&d=mm&r=g","contentUrl":"https:\/\/secure.gravatar.com\/avatar\/519a0a38be4cbbcf40fb5bc1b1173a85af291a3a8697df454a94ad7e05574628?s=96&d=mm&r=g","caption":"Emanuele Rebuffini"},"sameAs":["http:\/\/www.quotidianopiemontese.it\/cultura-arte-e-spettacolo-a-torino\/"],"url":"https:\/\/web.quotidianopiemontese.it\/cultura-arte-e-spettacolo-a-torino\/author\/emanuelerebuffini\/"}]}},"_links":{"self":[{"href":"https:\/\/web.quotidianopiemontese.it\/cultura-arte-e-spettacolo-a-torino\/wp-json\/wp\/v2\/posts\/1167","targetHints":{"allow":["GET"]}}],"collection":[{"href":"https:\/\/web.quotidianopiemontese.it\/cultura-arte-e-spettacolo-a-torino\/wp-json\/wp\/v2\/posts"}],"about":[{"href":"https:\/\/web.quotidianopiemontese.it\/cultura-arte-e-spettacolo-a-torino\/wp-json\/wp\/v2\/types\/post"}],"author":[{"embeddable":true,"href":"https:\/\/web.quotidianopiemontese.it\/cultura-arte-e-spettacolo-a-torino\/wp-json\/wp\/v2\/users\/1361"}],"replies":[{"embeddable":true,"href":"https:\/\/web.quotidianopiemontese.it\/cultura-arte-e-spettacolo-a-torino\/wp-json\/wp\/v2\/comments?post=1167"}],"version-history":[{"count":0,"href":"https:\/\/web.quotidianopiemontese.it\/cultura-arte-e-spettacolo-a-torino\/wp-json\/wp\/v2\/posts\/1167\/revisions"}],"wp:featuredmedia":[{"embeddable":true,"href":"https:\/\/web.quotidianopiemontese.it\/cultura-arte-e-spettacolo-a-torino\/wp-json\/wp\/v2\/media\/1168"}],"wp:attachment":[{"href":"https:\/\/web.quotidianopiemontese.it\/cultura-arte-e-spettacolo-a-torino\/wp-json\/wp\/v2\/media?parent=1167"}],"wp:term":[{"taxonomy":"category","embeddable":true,"href":"https:\/\/web.quotidianopiemontese.it\/cultura-arte-e-spettacolo-a-torino\/wp-json\/wp\/v2\/categories?post=1167"},{"taxonomy":"post_tag","embeddable":true,"href":"https:\/\/web.quotidianopiemontese.it\/cultura-arte-e-spettacolo-a-torino\/wp-json\/wp\/v2\/tags?post=1167"}],"curies":[{"name":"wp","href":"https:\/\/api.w.org\/{rel}","templated":true}]}}