{"id":1158,"date":"2023-03-07T12:12:56","date_gmt":"2023-03-07T11:12:56","guid":{"rendered":"https:\/\/web.quotidianopiemontese.it\/cultura-arte-e-spettacolo-a-torino\/?p=1158"},"modified":"2023-03-07T12:12:56","modified_gmt":"2023-03-07T11:12:56","slug":"gli-sfollati-di-jr-alle-gallerie-ditalia","status":"publish","type":"post","link":"https:\/\/web.quotidianopiemontese.it\/cultura-arte-e-spettacolo-a-torino\/gli-sfollati-di-jr-alle-gallerie-ditalia\/","title":{"rendered":"Gli \u201cSfollati\u201d di JR alle Gallerie d\u2019Italia"},"content":{"rendered":"<p>Valeriia, Thierry, Andiara, Angel, Jamal, Ajara, Moise, Mozhda. Vengono dall&#8217;Ucraina, dal Congo, dal Venezuela, dal Mali, dall\u2019Afghanistan. Sono bambini in fuga da guerre, soprusi, violenze e povert\u00e0. Obbligati a diventare profughi, esiliati, rifugiati. <strong>D\u00e9plac\u00e9s,<\/strong> ovvero sfollati.<!--more--><\/p>\n<p><a href=\"http:\/\/web.quotidianopiemontese.it\/cultura-arte-e-spettacolo-a-torino\/files\/2023\/03\/334103676_586093533436432_5847506975122813382_n.jpg\"><img loading=\"lazy\" decoding=\"async\" class=\"alignnone size-medium wp-image-1160\" src=\"http:\/\/web.quotidianopiemontese.it\/cultura-arte-e-spettacolo-a-torino\/files\/2023\/03\/334103676_586093533436432_5847506975122813382_n-300x200.jpg\" alt=\"\" width=\"300\" height=\"200\" srcset=\"https:\/\/web.quotidianopiemontese.it\/cultura-arte-e-spettacolo-a-torino\/files\/2023\/03\/334103676_586093533436432_5847506975122813382_n-300x200.jpg 300w, https:\/\/web.quotidianopiemontese.it\/cultura-arte-e-spettacolo-a-torino\/files\/2023\/03\/334103676_586093533436432_5847506975122813382_n-768x512.jpg 768w, https:\/\/web.quotidianopiemontese.it\/cultura-arte-e-spettacolo-a-torino\/files\/2023\/03\/334103676_586093533436432_5847506975122813382_n-600x400.jpg 600w, https:\/\/web.quotidianopiemontese.it\/cultura-arte-e-spettacolo-a-torino\/files\/2023\/03\/334103676_586093533436432_5847506975122813382_n.jpg 810w\" sizes=\"auto, (max-width: 300px) 85vw, 300px\" \/><\/a><\/p>\n<p><strong>\u00ab<\/strong><strong>D\u00e9plac\u00e9\u2219e\u2219s<\/strong><strong>\u00bb <\/strong>\u00e8 il titolo della prima mostra personale nel nostro Paese dello street artist e fotografo francese<strong> JR<\/strong> (1983), curata da <strong>Arturo Galansino<\/strong> e ospitata fino al<strong> 16 luglio <\/strong>alle <strong>Gallerie d\u2019Italia-Torino. <\/strong>Un percorso immersivo e di grande impatto emotivo che nei circa 4mila metri quadrati del museo di Piazza San Carlo, attraverso video, fotografie, sculture in legno e l\u2019allestimento scenico di grandi teli raffiguranti le immagini dei bambini incontrati durante le visite nei campi profughi, permette di ripercorrere i viaggi che hanno portato l\u2019artista parigino a confrontarsi con uno dei grandi temi dei nostri tempi, le migrazioni e la delocalizzazione forzata di migliaia di persone in quei luoghi off limits che sono i campi profughi, una delle forme di organizzazione del mondo globale.<\/p>\n<p><a href=\"http:\/\/web.quotidianopiemontese.it\/cultura-arte-e-spettacolo-a-torino\/files\/2023\/03\/ISP_GDI_JR_sala-dei-300.jpg\"><img loading=\"lazy\" decoding=\"async\" class=\"alignnone size-medium wp-image-1161\" src=\"http:\/\/web.quotidianopiemontese.it\/cultura-arte-e-spettacolo-a-torino\/files\/2023\/03\/ISP_GDI_JR_sala-dei-300-300x200.jpg\" alt=\"\" width=\"300\" height=\"200\" srcset=\"https:\/\/web.quotidianopiemontese.it\/cultura-arte-e-spettacolo-a-torino\/files\/2023\/03\/ISP_GDI_JR_sala-dei-300-300x200.jpg 300w, https:\/\/web.quotidianopiemontese.it\/cultura-arte-e-spettacolo-a-torino\/files\/2023\/03\/ISP_GDI_JR_sala-dei-300-1024x683.jpg 1024w, https:\/\/web.quotidianopiemontese.it\/cultura-arte-e-spettacolo-a-torino\/files\/2023\/03\/ISP_GDI_JR_sala-dei-300-768x512.jpg 768w, https:\/\/web.quotidianopiemontese.it\/cultura-arte-e-spettacolo-a-torino\/files\/2023\/03\/ISP_GDI_JR_sala-dei-300-1536x1024.jpg 1536w, https:\/\/web.quotidianopiemontese.it\/cultura-arte-e-spettacolo-a-torino\/files\/2023\/03\/ISP_GDI_JR_sala-dei-300-2048x1365.jpg 2048w, https:\/\/web.quotidianopiemontese.it\/cultura-arte-e-spettacolo-a-torino\/files\/2023\/03\/ISP_GDI_JR_sala-dei-300-600x400.jpg 600w\" sizes=\"auto, (max-width: 300px) 85vw, 300px\" \/><\/a><\/p>\n<p>Partito dalla banlieue parigina pi\u00f9 di vent\u2019anni fa, <strong>JR<\/strong> (1983) ha portato la sua arte in tutto il mondo con monumentali interventi di arte pubblica, installazioni site specific che coinvolgono intere comunit\u00e0, dalle favelas brasiliane ad una prigione di massima sicurezza in California, dalla Pyramide del Louvre alle piramidi egiziane, dal confine tra Israele e Palestina a quello tra Messico e Stati Uniti.<\/p>\n<p><a href=\"http:\/\/web.quotidianopiemontese.it\/cultura-arte-e-spettacolo-a-torino\/files\/2023\/03\/334525174_567465182074722_5209902595686301378_n.jpg\"><img loading=\"lazy\" decoding=\"async\" class=\"alignnone size-medium wp-image-1162\" src=\"http:\/\/web.quotidianopiemontese.it\/cultura-arte-e-spettacolo-a-torino\/files\/2023\/03\/334525174_567465182074722_5209902595686301378_n-300x200.jpg\" alt=\"\" width=\"300\" height=\"200\" srcset=\"https:\/\/web.quotidianopiemontese.it\/cultura-arte-e-spettacolo-a-torino\/files\/2023\/03\/334525174_567465182074722_5209902595686301378_n-300x200.jpg 300w, https:\/\/web.quotidianopiemontese.it\/cultura-arte-e-spettacolo-a-torino\/files\/2023\/03\/334525174_567465182074722_5209902595686301378_n-768x512.jpg 768w, https:\/\/web.quotidianopiemontese.it\/cultura-arte-e-spettacolo-a-torino\/files\/2023\/03\/334525174_567465182074722_5209902595686301378_n-600x400.jpg 600w, https:\/\/web.quotidianopiemontese.it\/cultura-arte-e-spettacolo-a-torino\/files\/2023\/03\/334525174_567465182074722_5209902595686301378_n.jpg 810w\" sizes=\"auto, (max-width: 300px) 85vw, 300px\" \/><\/a><\/p>\n<p><strong>JR<\/strong> \u00e8 un \u201cphoto-graffeur\u201d, fotografo e graffitaro, utilizza la tecnica del collage fotografico, ingrandendo il volto delle bambine e dei bambini e collocandoli su enormi teloni, restituendo loro un\u2019identit\u00e0. Sono volti sorridenti, simboli di resistenza.<\/p>\n<p><a href=\"http:\/\/web.quotidianopiemontese.it\/cultura-arte-e-spettacolo-a-torino\/files\/2023\/03\/ISP_GDI_JR-evento-083-PH.-Andrea-Guermani.jpg\"><img loading=\"lazy\" decoding=\"async\" class=\"alignnone size-medium wp-image-1163\" src=\"http:\/\/web.quotidianopiemontese.it\/cultura-arte-e-spettacolo-a-torino\/files\/2023\/03\/ISP_GDI_JR-evento-083-PH.-Andrea-Guermani-300x200.jpg\" alt=\"\" width=\"300\" height=\"200\" srcset=\"https:\/\/web.quotidianopiemontese.it\/cultura-arte-e-spettacolo-a-torino\/files\/2023\/03\/ISP_GDI_JR-evento-083-PH.-Andrea-Guermani-300x200.jpg 300w, https:\/\/web.quotidianopiemontese.it\/cultura-arte-e-spettacolo-a-torino\/files\/2023\/03\/ISP_GDI_JR-evento-083-PH.-Andrea-Guermani-1024x683.jpg 1024w, https:\/\/web.quotidianopiemontese.it\/cultura-arte-e-spettacolo-a-torino\/files\/2023\/03\/ISP_GDI_JR-evento-083-PH.-Andrea-Guermani-768x512.jpg 768w, https:\/\/web.quotidianopiemontese.it\/cultura-arte-e-spettacolo-a-torino\/files\/2023\/03\/ISP_GDI_JR-evento-083-PH.-Andrea-Guermani-1536x1024.jpg 1536w, https:\/\/web.quotidianopiemontese.it\/cultura-arte-e-spettacolo-a-torino\/files\/2023\/03\/ISP_GDI_JR-evento-083-PH.-Andrea-Guermani-2048x1366.jpg 2048w, https:\/\/web.quotidianopiemontese.it\/cultura-arte-e-spettacolo-a-torino\/files\/2023\/03\/ISP_GDI_JR-evento-083-PH.-Andrea-Guermani-600x400.jpg 600w\" sizes=\"auto, (max-width: 300px) 85vw, 300px\" \/><\/a><\/p>\n<p>Il progetto <strong>\u00ab<\/strong><strong>D\u00e9plac\u00e9\u2219e\u2219s<\/strong><strong>\u00bb<\/strong>, cominciato nel 2022, riunisce per la prima volta in questa mostra alcune immagini scattate dall\u2019artista in <strong>zone di crisi,<\/strong> dall\u2019<strong>Ucraina <\/strong>sconvolta dalla guerra fino agli sterminati campi profughi di Mugombwa, in<strong> Rwanda<\/strong>, che ospita migliaia di rifugiati congolesi, o di Mbera, in <strong>Mauritania<\/strong>, dove 70mila maliani hanno trovato rifugio nel Sahara, da C\u00f9cuta, al confine tra <strong>Colombia e Venezuela,<\/strong>\u00a0 all\u2019isola greca di <strong>Lesbo.<\/strong><\/p>\n<p><a href=\"http:\/\/web.quotidianopiemontese.it\/cultura-arte-e-spettacolo-a-torino\/files\/2023\/03\/334321582_1170086257030560_8574062734517898785_n.jpg\"><img loading=\"lazy\" decoding=\"async\" class=\"alignnone size-medium wp-image-1164\" src=\"http:\/\/web.quotidianopiemontese.it\/cultura-arte-e-spettacolo-a-torino\/files\/2023\/03\/334321582_1170086257030560_8574062734517898785_n-169x300.jpg\" alt=\"\" width=\"169\" height=\"300\" srcset=\"https:\/\/web.quotidianopiemontese.it\/cultura-arte-e-spettacolo-a-torino\/files\/2023\/03\/334321582_1170086257030560_8574062734517898785_n-169x300.jpg 169w, https:\/\/web.quotidianopiemontese.it\/cultura-arte-e-spettacolo-a-torino\/files\/2023\/03\/334321582_1170086257030560_8574062734517898785_n.jpg 526w\" sizes=\"auto, (max-width: 169px) 85vw, 169px\" \/><\/a><\/p>\n<p>Un artista umanista e prospettico, che, combinando diversi linguaggi espressivi, d\u00e0 vita ad un arte pubblica e politica, di potente denuncia sociale ma soprattutto \u201ccomunitaria\u201d, che ci costringe a guardare negli occhi ci\u00f2 che \u00e8 indesiderato.<\/p>\n<p><a href=\"http:\/\/www.gallerieditalia.com\">http:\/\/www.gallerieditalia.com<\/a><\/p>\n<p><a href=\"https:\/\/www.jr-art.net\/\">https:\/\/www.jr-art.net\/<\/a><\/p>\n<p><strong>Emanuele Rebuffini<\/strong><\/p>\n<p>&nbsp;<\/p>\n<p>&nbsp;<\/p>\n","protected":false},"excerpt":{"rendered":"<p>Valeriia, Thierry, Andiara, Angel, Jamal, Ajara, Moise, Mozhda. Vengono dall&#8217;Ucraina, dal Congo, dal Venezuela, dal Mali, dall\u2019Afghanistan. Sono bambini in fuga da guerre, soprusi, violenze e povert\u00e0. Obbligati a diventare profughi, esiliati, rifugiati. D\u00e9plac\u00e9s, ovvero sfollati.<\/p>\n","protected":false},"author":1361,"featured_media":1159,"comment_status":"open","ping_status":"open","sticky":false,"template":"","format":"standard","meta":{"footnotes":""},"categories":[1],"tags":[232,223,231],"class_list":["post-1158","post","type-post","status-publish","format-standard","has-post-thumbnail","hentry","category-cultura-arte-spettacolo","tag-deplacees","tag-gallerie-ditalia","tag-jr"],"yoast_head":"<!-- This site is optimized with the Yoast SEO plugin v27.1.1 - https:\/\/yoast.com\/product\/yoast-seo-wordpress\/ -->\n<title>Gli \u201cSfollati\u201d di JR alle Gallerie d\u2019Italia - 7 Marzo 2023<\/title>\n<meta name=\"description\" content=\"Gli \u201cSfollati\u201d di JR alle Gallerie d\u2019Italia - Cultura, Arte e Spettacolo a Torino - Valeriia, Thierry, Andiara, Angel, Jamal, Ajara, Moise, Mozhda. Vengono dall&#039;Ucraina, dal Congo, dal Venezuela, dal Mali, dall\u2019Afghanistan. Sono bambini - D\u00e9plac\u00e9\u2219e\u2219s, Gallerie d\u2019Italia, JR\" \/>\n<meta name=\"robots\" content=\"index, follow, max-snippet:-1, max-image-preview:large, max-video-preview:-1\" \/>\n<link rel=\"canonical\" href=\"http:\/\/web.quotidianopiemontese.it\/cultura-arte-e-spettacolo-a-torino\/gli-sfollati-di-jr-alle-gallerie-ditalia\/\" \/>\n<meta property=\"og:locale\" content=\"it_IT\" \/>\n<meta property=\"og:type\" content=\"article\" \/>\n<meta property=\"og:title\" content=\"Gli \u201cSfollati\u201d di JR alle Gallerie d\u2019Italia - 7 Marzo 2023\" \/>\n<meta property=\"og:description\" content=\"Gli \u201cSfollati\u201d di JR alle Gallerie d\u2019Italia - Cultura, Arte e Spettacolo a Torino - Valeriia, Thierry, Andiara, Angel, Jamal, Ajara, Moise, Mozhda. Vengono dall&#039;Ucraina, dal Congo, dal Venezuela, dal Mali, dall\u2019Afghanistan. Sono bambini - D\u00e9plac\u00e9\u2219e\u2219s, Gallerie d\u2019Italia, JR\" \/>\n<meta property=\"og:url\" content=\"http:\/\/web.quotidianopiemontese.it\/cultura-arte-e-spettacolo-a-torino\/gli-sfollati-di-jr-alle-gallerie-ditalia\/\" \/>\n<meta property=\"og:site_name\" content=\"Cultura, Arte e Spettacolo a Torino\" \/>\n<meta property=\"article:publisher\" content=\"https:\/\/www.facebook.com\/quotidianopiemontese?fref=ts\" \/>\n<meta property=\"article:published_time\" content=\"2023-03-07T11:12:56+00:00\" \/>\n<meta property=\"og:image\" content=\"http:\/\/web.quotidianopiemontese.it\/cultura-arte-e-spettacolo-a-torino\/files\/2023\/03\/334316566_606001557630072_2901345754492752453_n.jpg\" \/>\n\t<meta property=\"og:image:width\" content=\"717\" \/>\n\t<meta property=\"og:image:height\" content=\"540\" \/>\n\t<meta property=\"og:image:type\" content=\"image\/jpeg\" \/>\n<meta name=\"author\" content=\"Emanuele Rebuffini\" \/>\n<meta name=\"twitter:label1\" content=\"Scritto da\" \/>\n\t<meta name=\"twitter:data1\" content=\"Emanuele Rebuffini\" \/>\n\t<meta name=\"twitter:label2\" content=\"Tempo di lettura stimato\" \/>\n\t<meta name=\"twitter:data2\" content=\"2 minuti\" \/>\n<script type=\"application\/ld+json\" class=\"yoast-schema-graph\">{\"@context\":\"https:\/\/schema.org\",\"@graph\":[{\"@type\":\"Article\",\"@id\":\"http:\/\/web.quotidianopiemontese.it\/cultura-arte-e-spettacolo-a-torino\/gli-sfollati-di-jr-alle-gallerie-ditalia\/#article\",\"isPartOf\":{\"@id\":\"http:\/\/web.quotidianopiemontese.it\/cultura-arte-e-spettacolo-a-torino\/gli-sfollati-di-jr-alle-gallerie-ditalia\/\"},\"author\":{\"name\":\"Emanuele Rebuffini\",\"@id\":\"https:\/\/web.quotidianopiemontese.it\/cultura-arte-e-spettacolo-a-torino\/#\/schema\/person\/b035109a4cc7d3e93911b78d8cebf3a0\"},\"headline\":\"Gli \u201cSfollati\u201d di JR alle Gallerie d\u2019Italia\",\"datePublished\":\"2023-03-07T11:12:56+00:00\",\"mainEntityOfPage\":{\"@id\":\"http:\/\/web.quotidianopiemontese.it\/cultura-arte-e-spettacolo-a-torino\/gli-sfollati-di-jr-alle-gallerie-ditalia\/\"},\"wordCount\":392,\"commentCount\":0,\"image\":{\"@id\":\"http:\/\/web.quotidianopiemontese.it\/cultura-arte-e-spettacolo-a-torino\/gli-sfollati-di-jr-alle-gallerie-ditalia\/#primaryimage\"},\"thumbnailUrl\":\"https:\/\/web.quotidianopiemontese.it\/cultura-arte-e-spettacolo-a-torino\/files\/2023\/03\/334316566_606001557630072_2901345754492752453_n.jpg\",\"keywords\":[\"D\u00e9plac\u00e9\u2219e\u2219s\",\"Gallerie d\u2019Italia\",\"JR\"],\"articleSection\":[\"Cultura, arte, spettacolo\"],\"inLanguage\":\"it-IT\",\"potentialAction\":[{\"@type\":\"CommentAction\",\"name\":\"Comment\",\"target\":[\"http:\/\/web.quotidianopiemontese.it\/cultura-arte-e-spettacolo-a-torino\/gli-sfollati-di-jr-alle-gallerie-ditalia\/#respond\"]}]},{\"@type\":\"WebPage\",\"@id\":\"http:\/\/web.quotidianopiemontese.it\/cultura-arte-e-spettacolo-a-torino\/gli-sfollati-di-jr-alle-gallerie-ditalia\/\",\"url\":\"http:\/\/web.quotidianopiemontese.it\/cultura-arte-e-spettacolo-a-torino\/gli-sfollati-di-jr-alle-gallerie-ditalia\/\",\"name\":\"Gli \u201cSfollati\u201d di JR alle Gallerie d\u2019Italia - 7 Marzo 2023\",\"isPartOf\":{\"@id\":\"https:\/\/web.quotidianopiemontese.it\/cultura-arte-e-spettacolo-a-torino\/#website\"},\"primaryImageOfPage\":{\"@id\":\"http:\/\/web.quotidianopiemontese.it\/cultura-arte-e-spettacolo-a-torino\/gli-sfollati-di-jr-alle-gallerie-ditalia\/#primaryimage\"},\"image\":{\"@id\":\"http:\/\/web.quotidianopiemontese.it\/cultura-arte-e-spettacolo-a-torino\/gli-sfollati-di-jr-alle-gallerie-ditalia\/#primaryimage\"},\"thumbnailUrl\":\"https:\/\/web.quotidianopiemontese.it\/cultura-arte-e-spettacolo-a-torino\/files\/2023\/03\/334316566_606001557630072_2901345754492752453_n.jpg\",\"datePublished\":\"2023-03-07T11:12:56+00:00\",\"author\":{\"@id\":\"https:\/\/web.quotidianopiemontese.it\/cultura-arte-e-spettacolo-a-torino\/#\/schema\/person\/b035109a4cc7d3e93911b78d8cebf3a0\"},\"description\":\"Gli \u201cSfollati\u201d di JR alle Gallerie d\u2019Italia - Cultura, Arte e Spettacolo a Torino - Valeriia, Thierry, Andiara, Angel, Jamal, Ajara, Moise, Mozhda. Vengono dall'Ucraina, dal Congo, dal Venezuela, dal Mali, dall\u2019Afghanistan. Sono bambini - D\u00e9plac\u00e9\u2219e\u2219s, Gallerie d\u2019Italia, JR\",\"inLanguage\":\"it-IT\",\"potentialAction\":[{\"@type\":\"ReadAction\",\"target\":[\"http:\/\/web.quotidianopiemontese.it\/cultura-arte-e-spettacolo-a-torino\/gli-sfollati-di-jr-alle-gallerie-ditalia\/\"]}]},{\"@type\":\"ImageObject\",\"inLanguage\":\"it-IT\",\"@id\":\"http:\/\/web.quotidianopiemontese.it\/cultura-arte-e-spettacolo-a-torino\/gli-sfollati-di-jr-alle-gallerie-ditalia\/#primaryimage\",\"url\":\"https:\/\/web.quotidianopiemontese.it\/cultura-arte-e-spettacolo-a-torino\/files\/2023\/03\/334316566_606001557630072_2901345754492752453_n.jpg\",\"contentUrl\":\"https:\/\/web.quotidianopiemontese.it\/cultura-arte-e-spettacolo-a-torino\/files\/2023\/03\/334316566_606001557630072_2901345754492752453_n.jpg\",\"width\":717,\"height\":540},{\"@type\":\"WebSite\",\"@id\":\"https:\/\/web.quotidianopiemontese.it\/cultura-arte-e-spettacolo-a-torino\/#website\",\"url\":\"https:\/\/web.quotidianopiemontese.it\/cultura-arte-e-spettacolo-a-torino\/\",\"name\":\"Cultura, Arte e Spettacolo a Torino\",\"description\":\"Quotidiano Piemontese\",\"potentialAction\":[{\"@type\":\"SearchAction\",\"target\":{\"@type\":\"EntryPoint\",\"urlTemplate\":\"https:\/\/web.quotidianopiemontese.it\/cultura-arte-e-spettacolo-a-torino\/?s={search_term_string}\"},\"query-input\":{\"@type\":\"PropertyValueSpecification\",\"valueRequired\":true,\"valueName\":\"search_term_string\"}}],\"inLanguage\":\"it-IT\"},{\"@type\":\"Person\",\"@id\":\"https:\/\/web.quotidianopiemontese.it\/cultura-arte-e-spettacolo-a-torino\/#\/schema\/person\/b035109a4cc7d3e93911b78d8cebf3a0\",\"name\":\"Emanuele Rebuffini\",\"image\":{\"@type\":\"ImageObject\",\"inLanguage\":\"it-IT\",\"@id\":\"https:\/\/web.quotidianopiemontese.it\/cultura-arte-e-spettacolo-a-torino\/#\/schema\/person\/image\/\",\"url\":\"https:\/\/secure.gravatar.com\/avatar\/519a0a38be4cbbcf40fb5bc1b1173a85af291a3a8697df454a94ad7e05574628?s=96&d=mm&r=g\",\"contentUrl\":\"https:\/\/secure.gravatar.com\/avatar\/519a0a38be4cbbcf40fb5bc1b1173a85af291a3a8697df454a94ad7e05574628?s=96&d=mm&r=g\",\"caption\":\"Emanuele Rebuffini\"},\"sameAs\":[\"http:\/\/www.quotidianopiemontese.it\/cultura-arte-e-spettacolo-a-torino\/\"],\"url\":\"https:\/\/web.quotidianopiemontese.it\/cultura-arte-e-spettacolo-a-torino\/author\/emanuelerebuffini\/\"}]}<\/script>\n<!-- \/ Yoast SEO plugin. -->","yoast_head_json":{"title":"Gli \u201cSfollati\u201d di JR alle Gallerie d\u2019Italia - 7 Marzo 2023","description":"Gli \u201cSfollati\u201d di JR alle Gallerie d\u2019Italia - Cultura, Arte e Spettacolo a Torino - Valeriia, Thierry, Andiara, Angel, Jamal, Ajara, Moise, Mozhda. Vengono dall'Ucraina, dal Congo, dal Venezuela, dal Mali, dall\u2019Afghanistan. Sono bambini - D\u00e9plac\u00e9\u2219e\u2219s, Gallerie d\u2019Italia, JR","robots":{"index":"index","follow":"follow","max-snippet":"max-snippet:-1","max-image-preview":"max-image-preview:large","max-video-preview":"max-video-preview:-1"},"canonical":"http:\/\/web.quotidianopiemontese.it\/cultura-arte-e-spettacolo-a-torino\/gli-sfollati-di-jr-alle-gallerie-ditalia\/","og_locale":"it_IT","og_type":"article","og_title":"Gli \u201cSfollati\u201d di JR alle Gallerie d\u2019Italia - 7 Marzo 2023","og_description":"Gli \u201cSfollati\u201d di JR alle Gallerie d\u2019Italia - Cultura, Arte e Spettacolo a Torino - Valeriia, Thierry, Andiara, Angel, Jamal, Ajara, Moise, Mozhda. Vengono dall'Ucraina, dal Congo, dal Venezuela, dal Mali, dall\u2019Afghanistan. Sono bambini - D\u00e9plac\u00e9\u2219e\u2219s, Gallerie d\u2019Italia, JR","og_url":"http:\/\/web.quotidianopiemontese.it\/cultura-arte-e-spettacolo-a-torino\/gli-sfollati-di-jr-alle-gallerie-ditalia\/","og_site_name":"Cultura, Arte e Spettacolo a Torino","article_publisher":"https:\/\/www.facebook.com\/quotidianopiemontese?fref=ts","article_published_time":"2023-03-07T11:12:56+00:00","og_image":[{"width":717,"height":540,"url":"http:\/\/web.quotidianopiemontese.it\/cultura-arte-e-spettacolo-a-torino\/files\/2023\/03\/334316566_606001557630072_2901345754492752453_n.jpg","type":"image\/jpeg"}],"author":"Emanuele Rebuffini","twitter_misc":{"Scritto da":"Emanuele Rebuffini","Tempo di lettura stimato":"2 minuti"},"schema":{"@context":"https:\/\/schema.org","@graph":[{"@type":"Article","@id":"http:\/\/web.quotidianopiemontese.it\/cultura-arte-e-spettacolo-a-torino\/gli-sfollati-di-jr-alle-gallerie-ditalia\/#article","isPartOf":{"@id":"http:\/\/web.quotidianopiemontese.it\/cultura-arte-e-spettacolo-a-torino\/gli-sfollati-di-jr-alle-gallerie-ditalia\/"},"author":{"name":"Emanuele Rebuffini","@id":"https:\/\/web.quotidianopiemontese.it\/cultura-arte-e-spettacolo-a-torino\/#\/schema\/person\/b035109a4cc7d3e93911b78d8cebf3a0"},"headline":"Gli \u201cSfollati\u201d di JR alle Gallerie d\u2019Italia","datePublished":"2023-03-07T11:12:56+00:00","mainEntityOfPage":{"@id":"http:\/\/web.quotidianopiemontese.it\/cultura-arte-e-spettacolo-a-torino\/gli-sfollati-di-jr-alle-gallerie-ditalia\/"},"wordCount":392,"commentCount":0,"image":{"@id":"http:\/\/web.quotidianopiemontese.it\/cultura-arte-e-spettacolo-a-torino\/gli-sfollati-di-jr-alle-gallerie-ditalia\/#primaryimage"},"thumbnailUrl":"https:\/\/web.quotidianopiemontese.it\/cultura-arte-e-spettacolo-a-torino\/files\/2023\/03\/334316566_606001557630072_2901345754492752453_n.jpg","keywords":["D\u00e9plac\u00e9\u2219e\u2219s","Gallerie d\u2019Italia","JR"],"articleSection":["Cultura, arte, spettacolo"],"inLanguage":"it-IT","potentialAction":[{"@type":"CommentAction","name":"Comment","target":["http:\/\/web.quotidianopiemontese.it\/cultura-arte-e-spettacolo-a-torino\/gli-sfollati-di-jr-alle-gallerie-ditalia\/#respond"]}]},{"@type":"WebPage","@id":"http:\/\/web.quotidianopiemontese.it\/cultura-arte-e-spettacolo-a-torino\/gli-sfollati-di-jr-alle-gallerie-ditalia\/","url":"http:\/\/web.quotidianopiemontese.it\/cultura-arte-e-spettacolo-a-torino\/gli-sfollati-di-jr-alle-gallerie-ditalia\/","name":"Gli \u201cSfollati\u201d di JR alle Gallerie d\u2019Italia - 7 Marzo 2023","isPartOf":{"@id":"https:\/\/web.quotidianopiemontese.it\/cultura-arte-e-spettacolo-a-torino\/#website"},"primaryImageOfPage":{"@id":"http:\/\/web.quotidianopiemontese.it\/cultura-arte-e-spettacolo-a-torino\/gli-sfollati-di-jr-alle-gallerie-ditalia\/#primaryimage"},"image":{"@id":"http:\/\/web.quotidianopiemontese.it\/cultura-arte-e-spettacolo-a-torino\/gli-sfollati-di-jr-alle-gallerie-ditalia\/#primaryimage"},"thumbnailUrl":"https:\/\/web.quotidianopiemontese.it\/cultura-arte-e-spettacolo-a-torino\/files\/2023\/03\/334316566_606001557630072_2901345754492752453_n.jpg","datePublished":"2023-03-07T11:12:56+00:00","author":{"@id":"https:\/\/web.quotidianopiemontese.it\/cultura-arte-e-spettacolo-a-torino\/#\/schema\/person\/b035109a4cc7d3e93911b78d8cebf3a0"},"description":"Gli \u201cSfollati\u201d di JR alle Gallerie d\u2019Italia - Cultura, Arte e Spettacolo a Torino - Valeriia, Thierry, Andiara, Angel, Jamal, Ajara, Moise, Mozhda. Vengono dall'Ucraina, dal Congo, dal Venezuela, dal Mali, dall\u2019Afghanistan. Sono bambini - D\u00e9plac\u00e9\u2219e\u2219s, Gallerie d\u2019Italia, JR","inLanguage":"it-IT","potentialAction":[{"@type":"ReadAction","target":["http:\/\/web.quotidianopiemontese.it\/cultura-arte-e-spettacolo-a-torino\/gli-sfollati-di-jr-alle-gallerie-ditalia\/"]}]},{"@type":"ImageObject","inLanguage":"it-IT","@id":"http:\/\/web.quotidianopiemontese.it\/cultura-arte-e-spettacolo-a-torino\/gli-sfollati-di-jr-alle-gallerie-ditalia\/#primaryimage","url":"https:\/\/web.quotidianopiemontese.it\/cultura-arte-e-spettacolo-a-torino\/files\/2023\/03\/334316566_606001557630072_2901345754492752453_n.jpg","contentUrl":"https:\/\/web.quotidianopiemontese.it\/cultura-arte-e-spettacolo-a-torino\/files\/2023\/03\/334316566_606001557630072_2901345754492752453_n.jpg","width":717,"height":540},{"@type":"WebSite","@id":"https:\/\/web.quotidianopiemontese.it\/cultura-arte-e-spettacolo-a-torino\/#website","url":"https:\/\/web.quotidianopiemontese.it\/cultura-arte-e-spettacolo-a-torino\/","name":"Cultura, Arte e Spettacolo a Torino","description":"Quotidiano Piemontese","potentialAction":[{"@type":"SearchAction","target":{"@type":"EntryPoint","urlTemplate":"https:\/\/web.quotidianopiemontese.it\/cultura-arte-e-spettacolo-a-torino\/?s={search_term_string}"},"query-input":{"@type":"PropertyValueSpecification","valueRequired":true,"valueName":"search_term_string"}}],"inLanguage":"it-IT"},{"@type":"Person","@id":"https:\/\/web.quotidianopiemontese.it\/cultura-arte-e-spettacolo-a-torino\/#\/schema\/person\/b035109a4cc7d3e93911b78d8cebf3a0","name":"Emanuele Rebuffini","image":{"@type":"ImageObject","inLanguage":"it-IT","@id":"https:\/\/web.quotidianopiemontese.it\/cultura-arte-e-spettacolo-a-torino\/#\/schema\/person\/image\/","url":"https:\/\/secure.gravatar.com\/avatar\/519a0a38be4cbbcf40fb5bc1b1173a85af291a3a8697df454a94ad7e05574628?s=96&d=mm&r=g","contentUrl":"https:\/\/secure.gravatar.com\/avatar\/519a0a38be4cbbcf40fb5bc1b1173a85af291a3a8697df454a94ad7e05574628?s=96&d=mm&r=g","caption":"Emanuele Rebuffini"},"sameAs":["http:\/\/www.quotidianopiemontese.it\/cultura-arte-e-spettacolo-a-torino\/"],"url":"https:\/\/web.quotidianopiemontese.it\/cultura-arte-e-spettacolo-a-torino\/author\/emanuelerebuffini\/"}]}},"_links":{"self":[{"href":"https:\/\/web.quotidianopiemontese.it\/cultura-arte-e-spettacolo-a-torino\/wp-json\/wp\/v2\/posts\/1158","targetHints":{"allow":["GET"]}}],"collection":[{"href":"https:\/\/web.quotidianopiemontese.it\/cultura-arte-e-spettacolo-a-torino\/wp-json\/wp\/v2\/posts"}],"about":[{"href":"https:\/\/web.quotidianopiemontese.it\/cultura-arte-e-spettacolo-a-torino\/wp-json\/wp\/v2\/types\/post"}],"author":[{"embeddable":true,"href":"https:\/\/web.quotidianopiemontese.it\/cultura-arte-e-spettacolo-a-torino\/wp-json\/wp\/v2\/users\/1361"}],"replies":[{"embeddable":true,"href":"https:\/\/web.quotidianopiemontese.it\/cultura-arte-e-spettacolo-a-torino\/wp-json\/wp\/v2\/comments?post=1158"}],"version-history":[{"count":0,"href":"https:\/\/web.quotidianopiemontese.it\/cultura-arte-e-spettacolo-a-torino\/wp-json\/wp\/v2\/posts\/1158\/revisions"}],"wp:featuredmedia":[{"embeddable":true,"href":"https:\/\/web.quotidianopiemontese.it\/cultura-arte-e-spettacolo-a-torino\/wp-json\/wp\/v2\/media\/1159"}],"wp:attachment":[{"href":"https:\/\/web.quotidianopiemontese.it\/cultura-arte-e-spettacolo-a-torino\/wp-json\/wp\/v2\/media?parent=1158"}],"wp:term":[{"taxonomy":"category","embeddable":true,"href":"https:\/\/web.quotidianopiemontese.it\/cultura-arte-e-spettacolo-a-torino\/wp-json\/wp\/v2\/categories?post=1158"},{"taxonomy":"post_tag","embeddable":true,"href":"https:\/\/web.quotidianopiemontese.it\/cultura-arte-e-spettacolo-a-torino\/wp-json\/wp\/v2\/tags?post=1158"}],"curies":[{"name":"wp","href":"https:\/\/api.w.org\/{rel}","templated":true}]}}