{"id":1131,"date":"2022-12-27T14:08:49","date_gmt":"2022-12-27T13:08:49","guid":{"rendered":"https:\/\/web.quotidianopiemontese.it\/cultura-arte-e-spettacolo-a-torino\/?p=1131"},"modified":"2022-12-27T14:08:49","modified_gmt":"2022-12-27T13:08:49","slug":"robert-doisneau-e-il-teatro-della-strada","status":"publish","type":"post","link":"https:\/\/web.quotidianopiemontese.it\/cultura-arte-e-spettacolo-a-torino\/robert-doisneau-e-il-teatro-della-strada\/","title":{"rendered":"Robert Doisneau e il \u201cteatro della strada\u201d"},"content":{"rendered":"<p>Il bacio pi\u00f9 famoso della storia della fotografia non fu per nulla spontaneo e i due fidanzati non vennero colti all\u2019improvviso. L\u2019iconica fotografia che immortala una giovane coppia intenta a baciarsi davanti l\u2019H\u00f4tel de Ville, indifferente al traffico e ai passanti, fu magistralmente costruita da <strong>Robert Doisneau<\/strong> per un servizio commissionato da \u201cLife\u201d. <!--more-->Era il 9 marzo del 1950,\u00a0 Fran\u00e7oise\u00a0e Jacques erano s\u00ec fidanzati ma anche aspiranti attori, e \u201c<em>Le baiser de l\u2019<\/em><em>H\u00f4tel<\/em><em> de Ville\u201d <\/em>divenne il simbolo della rinascita nel dopoguerra e una delle fotografie pi\u00f9 note e riprodotte.<\/p>\n<figure id=\"attachment_1134\" aria-describedby=\"caption-attachment-1134\" style=\"width: 271px\" class=\"wp-caption alignnone\"><a href=\"http:\/\/web.quotidianopiemontese.it\/cultura-arte-e-spettacolo-a-torino\/files\/2022\/12\/4_Robert-Doisneau_Caniveau-en-crue-Paris-1934-scaled.jpg\"><img loading=\"lazy\" decoding=\"async\" class=\"size-medium wp-image-1134\" src=\"http:\/\/web.quotidianopiemontese.it\/cultura-arte-e-spettacolo-a-torino\/files\/2022\/12\/4_Robert-Doisneau_Caniveau-en-crue-Paris-1934-271x300.jpg\" alt=\"\" width=\"271\" height=\"300\" srcset=\"https:\/\/web.quotidianopiemontese.it\/cultura-arte-e-spettacolo-a-torino\/files\/2022\/12\/4_Robert-Doisneau_Caniveau-en-crue-Paris-1934-271x300.jpg 271w, https:\/\/web.quotidianopiemontese.it\/cultura-arte-e-spettacolo-a-torino\/files\/2022\/12\/4_Robert-Doisneau_Caniveau-en-crue-Paris-1934-926x1024.jpg 926w, https:\/\/web.quotidianopiemontese.it\/cultura-arte-e-spettacolo-a-torino\/files\/2022\/12\/4_Robert-Doisneau_Caniveau-en-crue-Paris-1934-768x849.jpg 768w, https:\/\/web.quotidianopiemontese.it\/cultura-arte-e-spettacolo-a-torino\/files\/2022\/12\/4_Robert-Doisneau_Caniveau-en-crue-Paris-1934-1389x1536.jpg 1389w, https:\/\/web.quotidianopiemontese.it\/cultura-arte-e-spettacolo-a-torino\/files\/2022\/12\/4_Robert-Doisneau_Caniveau-en-crue-Paris-1934-1852x2048.jpg 1852w\" sizes=\"auto, (max-width: 271px) 85vw, 271px\" \/><\/a><figcaption id=\"caption-attachment-1134\" class=\"wp-caption-text\"><em>Robert Doisneau<\/em><br \/><em>Caniveau en crue, Paris 1934<\/em><br \/><em>\u00a9 Robert Doisneau<\/em><\/figcaption><\/figure>\n<p>Fino al 14 febbraio <strong>Camera-Centro Italiano per la Fotografia<\/strong> ospita l\u2019antologica dedicata a <strong>Robert Doisneau<\/strong>, uno dei pi\u00f9 importanti fotografi del Novecento e tra i padri della fotografia umanista francese e del fotogiornalismo di strada. In mostra oltre 130 stampe ai sali d\u2019argento in bianco e nero che provengono tutte dalla collezione dell\u2019<strong>Atelier Robert Doisneau <\/strong>a Montrouge, a sud di Parigi, dove le figlie Annette e Francine custodiscono un patrimonio di circa 450mila negativi.<\/p>\n<figure id=\"attachment_1135\" aria-describedby=\"caption-attachment-1135\" style=\"width: 252px\" class=\"wp-caption alignnone\"><a href=\"http:\/\/web.quotidianopiemontese.it\/cultura-arte-e-spettacolo-a-torino\/files\/2022\/12\/3_Robert-Doisneau_Un-regard-oblique-Paris-1948-scaled.jpg\"><img loading=\"lazy\" decoding=\"async\" class=\"size-medium wp-image-1135\" src=\"http:\/\/web.quotidianopiemontese.it\/cultura-arte-e-spettacolo-a-torino\/files\/2022\/12\/3_Robert-Doisneau_Un-regard-oblique-Paris-1948-252x300.jpg\" alt=\"\" width=\"252\" height=\"300\" srcset=\"https:\/\/web.quotidianopiemontese.it\/cultura-arte-e-spettacolo-a-torino\/files\/2022\/12\/3_Robert-Doisneau_Un-regard-oblique-Paris-1948-252x300.jpg 252w, https:\/\/web.quotidianopiemontese.it\/cultura-arte-e-spettacolo-a-torino\/files\/2022\/12\/3_Robert-Doisneau_Un-regard-oblique-Paris-1948-859x1024.jpg 859w, https:\/\/web.quotidianopiemontese.it\/cultura-arte-e-spettacolo-a-torino\/files\/2022\/12\/3_Robert-Doisneau_Un-regard-oblique-Paris-1948-768x916.jpg 768w, https:\/\/web.quotidianopiemontese.it\/cultura-arte-e-spettacolo-a-torino\/files\/2022\/12\/3_Robert-Doisneau_Un-regard-oblique-Paris-1948-1288x1536.jpg 1288w, https:\/\/web.quotidianopiemontese.it\/cultura-arte-e-spettacolo-a-torino\/files\/2022\/12\/3_Robert-Doisneau_Un-regard-oblique-Paris-1948-1717x2048.jpg 1717w\" sizes=\"auto, (max-width: 252px) 85vw, 252px\" \/><\/a><figcaption id=\"caption-attachment-1135\" class=\"wp-caption-text\"><em>Robert Doisneau<\/em><br \/><em>Un regard oblique, Paris 1948<\/em><br \/><em>\u00a9 Robert Doisneau<\/em><\/figcaption><\/figure>\n<p>L\u2019esposizione racconta la carriera di <strong>Robert Doisneau<\/strong> (nato nel nel 1912 nel sobborgo parigino di Gentilly) attraverso 11 sezioni che toccano i temi ricorrenti da lui affrontati in pi\u00f9 di cinquant\u2019anni di carriera: la guerra e la Liberazione (contribu\u00ec alla Resistenza realizzando carte e documenti contraffatti), il mondo del lavoro (fu impiegato per cinque anni come fotografo all\u2019interno delle officine Renault), i bambini che giocano in periferie che oggi non esistono pi\u00f9, le portinerie di Parigi (<em>\u201cla vera Parigi non pu\u00f2 essere concepita senza i suoi portinai\u201d),<\/em> scene di interni e bistrot, botteghe e cinema, poliziotti e smistatrici di carbone, venditori ambulanti e passanti che sbirciano nelle vetrine, la moda e la mondanit\u00e0 (collabor\u00f2 con \u201cVogue\u201d), i ritratti degli artisti (Picasso, Juliette Gr\u00e9co, Yves Montand, Jacques Tati, Alberto Giacometti, Fernand L\u00e9ger e i due grandi amici scrittori con cui era solito passeggiare, Jacques Pr\u00e9vert e Blaise Cendrars, con il quale nel 1949 realizz\u00f2 il volume <em>\u201cLa Banlieue de Paris\u201d<\/em>).<\/p>\n<figure id=\"attachment_1136\" aria-describedby=\"caption-attachment-1136\" style=\"width: 226px\" class=\"wp-caption alignnone\"><a href=\"http:\/\/web.quotidianopiemontese.it\/cultura-arte-e-spettacolo-a-torino\/files\/2022\/12\/6_Robert-Doisneau_Le-ve\u0301lo-de-Tati-Paris-1949-scaled.jpg\"><img loading=\"lazy\" decoding=\"async\" class=\"size-medium wp-image-1136\" src=\"http:\/\/web.quotidianopiemontese.it\/cultura-arte-e-spettacolo-a-torino\/files\/2022\/12\/6_Robert-Doisneau_Le-ve\u0301lo-de-Tati-Paris-1949-226x300.jpg\" alt=\"\" width=\"226\" height=\"300\" srcset=\"https:\/\/web.quotidianopiemontese.it\/cultura-arte-e-spettacolo-a-torino\/files\/2022\/12\/6_Robert-Doisneau_Le-ve\u0301lo-de-Tati-Paris-1949-226x300.jpg 226w, https:\/\/web.quotidianopiemontese.it\/cultura-arte-e-spettacolo-a-torino\/files\/2022\/12\/6_Robert-Doisneau_Le-ve\u0301lo-de-Tati-Paris-1949-771x1024.jpg 771w, https:\/\/web.quotidianopiemontese.it\/cultura-arte-e-spettacolo-a-torino\/files\/2022\/12\/6_Robert-Doisneau_Le-ve\u0301lo-de-Tati-Paris-1949-768x1019.jpg 768w, https:\/\/web.quotidianopiemontese.it\/cultura-arte-e-spettacolo-a-torino\/files\/2022\/12\/6_Robert-Doisneau_Le-ve\u0301lo-de-Tati-Paris-1949-1157x1536.jpg 1157w, https:\/\/web.quotidianopiemontese.it\/cultura-arte-e-spettacolo-a-torino\/files\/2022\/12\/6_Robert-Doisneau_Le-ve\u0301lo-de-Tati-Paris-1949-1543x2048.jpg 1543w, https:\/\/web.quotidianopiemontese.it\/cultura-arte-e-spettacolo-a-torino\/files\/2022\/12\/6_Robert-Doisneau_Le-ve\u0301lo-de-Tati-Paris-1949-scaled.jpg 1929w\" sizes=\"auto, (max-width: 226px) 85vw, 226px\" \/><\/a><figcaption id=\"caption-attachment-1136\" class=\"wp-caption-text\"><em>Robert Doisneau<\/em><br \/><em>Le v\u00e9lo de Tati, Paris 1949<\/em><br \/><em>\u00a9 Robert Doisneau\/Gamma Rapho<\/em><\/figcaption><\/figure>\n<p>Che si tratti di fotografie realizzate su commissione o durante le lunghe giornate a girovagare per Parigi, <strong>Robert Doisneau<\/strong> racconta il <strong>\u201cteatro della strada\u201d<\/strong> ed il proprio tempo attraverso uno sguardo attento alle gente comune, uno sguardo gentile ed ironico, sempre guidato da disobbedienza e da curiosit\u00e0, indicati da lui come i requisiti principali del mestiere di fotografo.\u00f9<\/p>\n<figure id=\"attachment_1137\" aria-describedby=\"caption-attachment-1137\" style=\"width: 256px\" class=\"wp-caption alignnone\"><a href=\"http:\/\/web.quotidianopiemontese.it\/cultura-arte-e-spettacolo-a-torino\/files\/2022\/12\/5_Robert-Doisneau_Les-fre\u0300res-Paris-1934-scaled.jpg\"><img loading=\"lazy\" decoding=\"async\" class=\"size-medium wp-image-1137\" src=\"http:\/\/web.quotidianopiemontese.it\/cultura-arte-e-spettacolo-a-torino\/files\/2022\/12\/5_Robert-Doisneau_Les-fre\u0300res-Paris-1934-256x300.jpg\" alt=\"\" width=\"256\" height=\"300\" srcset=\"https:\/\/web.quotidianopiemontese.it\/cultura-arte-e-spettacolo-a-torino\/files\/2022\/12\/5_Robert-Doisneau_Les-fre\u0300res-Paris-1934-256x300.jpg 256w, https:\/\/web.quotidianopiemontese.it\/cultura-arte-e-spettacolo-a-torino\/files\/2022\/12\/5_Robert-Doisneau_Les-fre\u0300res-Paris-1934-875x1024.jpg 875w, https:\/\/web.quotidianopiemontese.it\/cultura-arte-e-spettacolo-a-torino\/files\/2022\/12\/5_Robert-Doisneau_Les-fre\u0300res-Paris-1934-768x899.jpg 768w, https:\/\/web.quotidianopiemontese.it\/cultura-arte-e-spettacolo-a-torino\/files\/2022\/12\/5_Robert-Doisneau_Les-fre\u0300res-Paris-1934-1312x1536.jpg 1312w, https:\/\/web.quotidianopiemontese.it\/cultura-arte-e-spettacolo-a-torino\/files\/2022\/12\/5_Robert-Doisneau_Les-fre\u0300res-Paris-1934-1749x2048.jpg 1749w\" sizes=\"auto, (max-width: 256px) 85vw, 256px\" \/><\/a><figcaption id=\"caption-attachment-1137\" class=\"wp-caption-text\"><em>Robert Doisneau<\/em><br \/><em>Les fr\u00e8res, Paris 1934<\/em><br \/><em>\u00a9 Robert Doisneau\/Gamma Rapho<\/em><\/figcaption><\/figure>\n<p>Sono immagini impregnate di un surrealismo \u2018premeditato\u2019, data la spiccata capacit\u00e0 nel comporre scene all\u2019apparenza spontanee, proprio come nel caso del celebre bacio. Fortemente narrativi, questi scatti hanno la capacit\u00e0 di testimoniare un\u2019epoca in cui le persone cercano un nuovo equilibrio all\u2019interno di una societ\u00e0 in trasformazione, con i suoi riti, le sue contraddizioni e i suoi numerosi attimi di inaspettata felicit\u00e0.<\/p>\n<figure id=\"attachment_1138\" aria-describedby=\"caption-attachment-1138\" style=\"width: 238px\" class=\"wp-caption alignnone\"><a href=\"http:\/\/web.quotidianopiemontese.it\/cultura-arte-e-spettacolo-a-torino\/files\/2022\/12\/2_Robert-Doisneau_Lenfer-Paris-1952-scaled.jpg\"><img loading=\"lazy\" decoding=\"async\" class=\"size-medium wp-image-1138\" src=\"http:\/\/web.quotidianopiemontese.it\/cultura-arte-e-spettacolo-a-torino\/files\/2022\/12\/2_Robert-Doisneau_Lenfer-Paris-1952-238x300.jpg\" alt=\"\" width=\"238\" height=\"300\" srcset=\"https:\/\/web.quotidianopiemontese.it\/cultura-arte-e-spettacolo-a-torino\/files\/2022\/12\/2_Robert-Doisneau_Lenfer-Paris-1952-238x300.jpg 238w, https:\/\/web.quotidianopiemontese.it\/cultura-arte-e-spettacolo-a-torino\/files\/2022\/12\/2_Robert-Doisneau_Lenfer-Paris-1952-814x1024.jpg 814w, https:\/\/web.quotidianopiemontese.it\/cultura-arte-e-spettacolo-a-torino\/files\/2022\/12\/2_Robert-Doisneau_Lenfer-Paris-1952-768x966.jpg 768w, https:\/\/web.quotidianopiemontese.it\/cultura-arte-e-spettacolo-a-torino\/files\/2022\/12\/2_Robert-Doisneau_Lenfer-Paris-1952-1221x1536.jpg 1221w, https:\/\/web.quotidianopiemontese.it\/cultura-arte-e-spettacolo-a-torino\/files\/2022\/12\/2_Robert-Doisneau_Lenfer-Paris-1952-1628x2048.jpg 1628w, https:\/\/web.quotidianopiemontese.it\/cultura-arte-e-spettacolo-a-torino\/files\/2022\/12\/2_Robert-Doisneau_Lenfer-Paris-1952-scaled.jpg 2035w\" sizes=\"auto, (max-width: 238px) 85vw, 238px\" \/><\/a><figcaption id=\"caption-attachment-1138\" class=\"wp-caption-text\"><em>Robert Doisneau<\/em><br \/><em>L\u2019enfer, Paris 1952<\/em><br \/><em>\u00a9 Robert Doisneau<\/em><\/figcaption><\/figure>\n<p>Cos\u00ec come Brassa\u00ef e Andr\u00e8 Kert\u00e9sz, autentici precursori di una fotografia che si nutre dello spettacolo ordinario della strada, <strong>Robert Doisneau<\/strong> sviluppa uno stile personale che traspare anche nei suoi scritti o nelle didascalie che appone alle proprie stampe: un equilibrio fra le logiche del reportage e un\u2019attitudine all\u2019invenzione, cui si aggiunge una nota di scherzosa ironia nei confronti dei soggetti che ritrae.<\/p>\n<figure id=\"attachment_1139\" aria-describedby=\"caption-attachment-1139\" style=\"width: 269px\" class=\"wp-caption alignnone\"><a href=\"http:\/\/web.quotidianopiemontese.it\/cultura-arte-e-spettacolo-a-torino\/files\/2022\/12\/7_Robert-Doisneau_Le-ruban-de-la-marie\u0301e-Saint-Sauvant-1951-scaled.jpg\"><img loading=\"lazy\" decoding=\"async\" class=\"size-medium wp-image-1139\" src=\"http:\/\/web.quotidianopiemontese.it\/cultura-arte-e-spettacolo-a-torino\/files\/2022\/12\/7_Robert-Doisneau_Le-ruban-de-la-marie\u0301e-Saint-Sauvant-1951-269x300.jpg\" alt=\"\" width=\"269\" height=\"300\" srcset=\"https:\/\/web.quotidianopiemontese.it\/cultura-arte-e-spettacolo-a-torino\/files\/2022\/12\/7_Robert-Doisneau_Le-ruban-de-la-marie\u0301e-Saint-Sauvant-1951-269x300.jpg 269w, https:\/\/web.quotidianopiemontese.it\/cultura-arte-e-spettacolo-a-torino\/files\/2022\/12\/7_Robert-Doisneau_Le-ruban-de-la-marie\u0301e-Saint-Sauvant-1951-918x1024.jpg 918w, https:\/\/web.quotidianopiemontese.it\/cultura-arte-e-spettacolo-a-torino\/files\/2022\/12\/7_Robert-Doisneau_Le-ruban-de-la-marie\u0301e-Saint-Sauvant-1951-768x857.jpg 768w, https:\/\/web.quotidianopiemontese.it\/cultura-arte-e-spettacolo-a-torino\/files\/2022\/12\/7_Robert-Doisneau_Le-ruban-de-la-marie\u0301e-Saint-Sauvant-1951-1377x1536.jpg 1377w, https:\/\/web.quotidianopiemontese.it\/cultura-arte-e-spettacolo-a-torino\/files\/2022\/12\/7_Robert-Doisneau_Le-ruban-de-la-marie\u0301e-Saint-Sauvant-1951-1836x2048.jpg 1836w\" sizes=\"auto, (max-width: 269px) 85vw, 269px\" \/><\/a><figcaption id=\"caption-attachment-1139\" class=\"wp-caption-text\"><em>Robert Doisneau<\/em><br \/><em>Le ruban de la mari\u00e9e, Saint Sauvant 1951<\/em><br \/><em>\u00a9 Robert Doisneau\/Gamma Rapho<\/em><\/figcaption><\/figure>\n<p>Con il suo obiettivo, <strong>Robert Doisneau<\/strong> ha catturato con enorme libert\u00e0 espressiva la vita quotidiana degli uomini, delle donne, dei bambini di Parigi e dei suoi sobborghi, traducendone le azioni e i gesti, i desideri e le emozioni, e tracciando uno spaccato realistico ed empatico dell\u2019umanit\u00e0 del dopoguerra. \u00c8 questo sguardo, assolutamente personale e talmente lucido da riuscire a toccare corde universali, ad avergli garantito un posto d\u2019onore nella storia della fotografia del XX secolo, portandolo a essere uno degli autori pi\u00f9 conosciuti al mondo. Nel 1983, infatti, gli viene assegnato il \u201cGrand Prix national de la photographie\u201d. Si spegne nel 1994, all\u2019et\u00e0 di 82 anni. Di lui dir\u00e0 Henri Cartier-Bresson: <strong>\u00ab<\/strong><em>Se c\u2019\u00e8 qualcuno che adoro, quello \u00e8 Doisneau. L\u2019intelligenza, la profondit\u00e0 di Doisneau, la sua umanit\u00e0. \u00c8 un uomo meraviglioso<\/em><strong><em>\u00bb<\/em><\/strong><em>.<\/em><\/p>\n<p><a href=\"http:\/\/www.camera.to\">http:\/\/www.camera.to<\/a><\/p>\n<p><strong>Emanuele Rebuffini<\/strong><\/p>\n<p>&nbsp;<\/p>\n","protected":false},"excerpt":{"rendered":"<p>Il bacio pi\u00f9 famoso della storia della fotografia non fu per nulla spontaneo e i due fidanzati non vennero colti all\u2019improvviso. L\u2019iconica fotografia che immortala una giovane coppia intenta a baciarsi davanti l\u2019H\u00f4tel de Ville, indifferente al traffico e ai passanti, fu magistralmente costruita da Robert Doisneau per un servizio commissionato da \u201cLife\u201d.<\/p>\n","protected":false},"author":1361,"featured_media":1133,"comment_status":"open","ping_status":"open","sticky":false,"template":"","format":"standard","meta":{"footnotes":""},"categories":[1],"tags":[225,224],"class_list":["post-1131","post","type-post","status-publish","format-standard","has-post-thumbnail","hentry","category-cultura-arte-spettacolo","tag-camera-centro-italiano-per-la-fotografia","tag-robert-doisneau"],"yoast_head":"<!-- This site is optimized with the Yoast SEO plugin v27.1.1 - https:\/\/yoast.com\/product\/yoast-seo-wordpress\/ -->\n<title>Robert Doisneau e il \u201cteatro della strada\u201d - 27 Dicembre 2022<\/title>\n<meta name=\"description\" content=\"Robert Doisneau e il \u201cteatro della strada\u201d - Cultura, Arte e Spettacolo a Torino - Il bacio pi\u00f9 famoso della storia della fotografia non fu per nulla spontaneo e i due fidanzati non vennero colti all\u2019improvviso. L\u2019iconica fotografia che - Camera-Centro Italiano per la Fotografia, Robert Doisneau\" \/>\n<meta name=\"robots\" content=\"index, follow, max-snippet:-1, max-image-preview:large, max-video-preview:-1\" \/>\n<link rel=\"canonical\" href=\"https:\/\/web.quotidianopiemontese.it\/cultura-arte-e-spettacolo-a-torino\/robert-doisneau-e-il-teatro-della-strada\/\" \/>\n<meta property=\"og:locale\" content=\"it_IT\" \/>\n<meta property=\"og:type\" content=\"article\" \/>\n<meta property=\"og:title\" content=\"Robert Doisneau e il \u201cteatro della strada\u201d - 27 Dicembre 2022\" \/>\n<meta property=\"og:description\" content=\"Robert Doisneau e il \u201cteatro della strada\u201d - Cultura, Arte e Spettacolo a Torino - Il bacio pi\u00f9 famoso della storia della fotografia non fu per nulla spontaneo e i due fidanzati non vennero colti all\u2019improvviso. L\u2019iconica fotografia che - Camera-Centro Italiano per la Fotografia, Robert Doisneau\" \/>\n<meta property=\"og:url\" content=\"https:\/\/web.quotidianopiemontese.it\/cultura-arte-e-spettacolo-a-torino\/robert-doisneau-e-il-teatro-della-strada\/\" \/>\n<meta property=\"og:site_name\" content=\"Cultura, Arte e Spettacolo a Torino\" \/>\n<meta property=\"article:publisher\" content=\"https:\/\/www.facebook.com\/quotidianopiemontese?fref=ts\" \/>\n<meta property=\"article:published_time\" content=\"2022-12-27T13:08:49+00:00\" \/>\n<meta property=\"og:image\" content=\"https:\/\/web.quotidianopiemontese.it\/cultura-arte-e-spettacolo-a-torino\/files\/2022\/12\/1_Robert-Doisneau_Le-baiser-de-lHo\u0302tel-de-Ville-Paris-1950-scaled.jpg\" \/>\n\t<meta property=\"og:image:width\" content=\"2560\" \/>\n\t<meta property=\"og:image:height\" content=\"2051\" \/>\n\t<meta property=\"og:image:type\" content=\"image\/jpeg\" \/>\n<meta name=\"author\" content=\"Emanuele Rebuffini\" \/>\n<meta name=\"twitter:label1\" content=\"Scritto da\" \/>\n\t<meta name=\"twitter:data1\" content=\"Emanuele Rebuffini\" \/>\n\t<meta name=\"twitter:label2\" content=\"Tempo di lettura stimato\" \/>\n\t<meta name=\"twitter:data2\" content=\"6 minuti\" \/>\n<script type=\"application\/ld+json\" class=\"yoast-schema-graph\">{\"@context\":\"https:\/\/schema.org\",\"@graph\":[{\"@type\":\"Article\",\"@id\":\"https:\/\/web.quotidianopiemontese.it\/cultura-arte-e-spettacolo-a-torino\/robert-doisneau-e-il-teatro-della-strada\/#article\",\"isPartOf\":{\"@id\":\"https:\/\/web.quotidianopiemontese.it\/cultura-arte-e-spettacolo-a-torino\/robert-doisneau-e-il-teatro-della-strada\/\"},\"author\":{\"name\":\"Emanuele Rebuffini\",\"@id\":\"https:\/\/web.quotidianopiemontese.it\/cultura-arte-e-spettacolo-a-torino\/#\/schema\/person\/b035109a4cc7d3e93911b78d8cebf3a0\"},\"headline\":\"Robert Doisneau e il \u201cteatro della strada\u201d\",\"datePublished\":\"2022-12-27T13:08:49+00:00\",\"mainEntityOfPage\":{\"@id\":\"https:\/\/web.quotidianopiemontese.it\/cultura-arte-e-spettacolo-a-torino\/robert-doisneau-e-il-teatro-della-strada\/\"},\"wordCount\":766,\"commentCount\":0,\"image\":{\"@id\":\"https:\/\/web.quotidianopiemontese.it\/cultura-arte-e-spettacolo-a-torino\/robert-doisneau-e-il-teatro-della-strada\/#primaryimage\"},\"thumbnailUrl\":\"https:\/\/web.quotidianopiemontese.it\/cultura-arte-e-spettacolo-a-torino\/files\/2022\/12\/1_Robert-Doisneau_Le-baiser-de-lHo\u0302tel-de-Ville-Paris-1950-scaled.jpg\",\"keywords\":[\"Camera-Centro Italiano per la Fotografia\",\"Robert Doisneau\"],\"articleSection\":[\"Cultura, arte, spettacolo\"],\"inLanguage\":\"it-IT\",\"potentialAction\":[{\"@type\":\"CommentAction\",\"name\":\"Comment\",\"target\":[\"https:\/\/web.quotidianopiemontese.it\/cultura-arte-e-spettacolo-a-torino\/robert-doisneau-e-il-teatro-della-strada\/#respond\"]}]},{\"@type\":\"WebPage\",\"@id\":\"https:\/\/web.quotidianopiemontese.it\/cultura-arte-e-spettacolo-a-torino\/robert-doisneau-e-il-teatro-della-strada\/\",\"url\":\"https:\/\/web.quotidianopiemontese.it\/cultura-arte-e-spettacolo-a-torino\/robert-doisneau-e-il-teatro-della-strada\/\",\"name\":\"Robert Doisneau e il \u201cteatro della strada\u201d - 27 Dicembre 2022\",\"isPartOf\":{\"@id\":\"https:\/\/web.quotidianopiemontese.it\/cultura-arte-e-spettacolo-a-torino\/#website\"},\"primaryImageOfPage\":{\"@id\":\"https:\/\/web.quotidianopiemontese.it\/cultura-arte-e-spettacolo-a-torino\/robert-doisneau-e-il-teatro-della-strada\/#primaryimage\"},\"image\":{\"@id\":\"https:\/\/web.quotidianopiemontese.it\/cultura-arte-e-spettacolo-a-torino\/robert-doisneau-e-il-teatro-della-strada\/#primaryimage\"},\"thumbnailUrl\":\"https:\/\/web.quotidianopiemontese.it\/cultura-arte-e-spettacolo-a-torino\/files\/2022\/12\/1_Robert-Doisneau_Le-baiser-de-lHo\u0302tel-de-Ville-Paris-1950-scaled.jpg\",\"datePublished\":\"2022-12-27T13:08:49+00:00\",\"author\":{\"@id\":\"https:\/\/web.quotidianopiemontese.it\/cultura-arte-e-spettacolo-a-torino\/#\/schema\/person\/b035109a4cc7d3e93911b78d8cebf3a0\"},\"description\":\"Robert Doisneau e il \u201cteatro della strada\u201d - Cultura, Arte e Spettacolo a Torino - Il bacio pi\u00f9 famoso della storia della fotografia non fu per nulla spontaneo e i due fidanzati non vennero colti all\u2019improvviso. L\u2019iconica fotografia che - Camera-Centro Italiano per la Fotografia, Robert Doisneau\",\"inLanguage\":\"it-IT\",\"potentialAction\":[{\"@type\":\"ReadAction\",\"target\":[\"https:\/\/web.quotidianopiemontese.it\/cultura-arte-e-spettacolo-a-torino\/robert-doisneau-e-il-teatro-della-strada\/\"]}]},{\"@type\":\"ImageObject\",\"inLanguage\":\"it-IT\",\"@id\":\"https:\/\/web.quotidianopiemontese.it\/cultura-arte-e-spettacolo-a-torino\/robert-doisneau-e-il-teatro-della-strada\/#primaryimage\",\"url\":\"https:\/\/web.quotidianopiemontese.it\/cultura-arte-e-spettacolo-a-torino\/files\/2022\/12\/1_Robert-Doisneau_Le-baiser-de-lHo\u0302tel-de-Ville-Paris-1950-scaled.jpg\",\"contentUrl\":\"https:\/\/web.quotidianopiemontese.it\/cultura-arte-e-spettacolo-a-torino\/files\/2022\/12\/1_Robert-Doisneau_Le-baiser-de-lHo\u0302tel-de-Ville-Paris-1950-scaled.jpg\",\"width\":2560,\"height\":2051},{\"@type\":\"WebSite\",\"@id\":\"https:\/\/web.quotidianopiemontese.it\/cultura-arte-e-spettacolo-a-torino\/#website\",\"url\":\"https:\/\/web.quotidianopiemontese.it\/cultura-arte-e-spettacolo-a-torino\/\",\"name\":\"Cultura, Arte e Spettacolo a Torino\",\"description\":\"Quotidiano Piemontese\",\"potentialAction\":[{\"@type\":\"SearchAction\",\"target\":{\"@type\":\"EntryPoint\",\"urlTemplate\":\"https:\/\/web.quotidianopiemontese.it\/cultura-arte-e-spettacolo-a-torino\/?s={search_term_string}\"},\"query-input\":{\"@type\":\"PropertyValueSpecification\",\"valueRequired\":true,\"valueName\":\"search_term_string\"}}],\"inLanguage\":\"it-IT\"},{\"@type\":\"Person\",\"@id\":\"https:\/\/web.quotidianopiemontese.it\/cultura-arte-e-spettacolo-a-torino\/#\/schema\/person\/b035109a4cc7d3e93911b78d8cebf3a0\",\"name\":\"Emanuele Rebuffini\",\"image\":{\"@type\":\"ImageObject\",\"inLanguage\":\"it-IT\",\"@id\":\"https:\/\/web.quotidianopiemontese.it\/cultura-arte-e-spettacolo-a-torino\/#\/schema\/person\/image\/\",\"url\":\"https:\/\/secure.gravatar.com\/avatar\/519a0a38be4cbbcf40fb5bc1b1173a85af291a3a8697df454a94ad7e05574628?s=96&d=mm&r=g\",\"contentUrl\":\"https:\/\/secure.gravatar.com\/avatar\/519a0a38be4cbbcf40fb5bc1b1173a85af291a3a8697df454a94ad7e05574628?s=96&d=mm&r=g\",\"caption\":\"Emanuele Rebuffini\"},\"sameAs\":[\"http:\/\/www.quotidianopiemontese.it\/cultura-arte-e-spettacolo-a-torino\/\"],\"url\":\"https:\/\/web.quotidianopiemontese.it\/cultura-arte-e-spettacolo-a-torino\/author\/emanuelerebuffini\/\"}]}<\/script>\n<!-- \/ Yoast SEO plugin. -->","yoast_head_json":{"title":"Robert Doisneau e il \u201cteatro della strada\u201d - 27 Dicembre 2022","description":"Robert Doisneau e il \u201cteatro della strada\u201d - Cultura, Arte e Spettacolo a Torino - Il bacio pi\u00f9 famoso della storia della fotografia non fu per nulla spontaneo e i due fidanzati non vennero colti all\u2019improvviso. L\u2019iconica fotografia che - Camera-Centro Italiano per la Fotografia, Robert Doisneau","robots":{"index":"index","follow":"follow","max-snippet":"max-snippet:-1","max-image-preview":"max-image-preview:large","max-video-preview":"max-video-preview:-1"},"canonical":"https:\/\/web.quotidianopiemontese.it\/cultura-arte-e-spettacolo-a-torino\/robert-doisneau-e-il-teatro-della-strada\/","og_locale":"it_IT","og_type":"article","og_title":"Robert Doisneau e il \u201cteatro della strada\u201d - 27 Dicembre 2022","og_description":"Robert Doisneau e il \u201cteatro della strada\u201d - Cultura, Arte e Spettacolo a Torino - Il bacio pi\u00f9 famoso della storia della fotografia non fu per nulla spontaneo e i due fidanzati non vennero colti all\u2019improvviso. L\u2019iconica fotografia che - Camera-Centro Italiano per la Fotografia, Robert Doisneau","og_url":"https:\/\/web.quotidianopiemontese.it\/cultura-arte-e-spettacolo-a-torino\/robert-doisneau-e-il-teatro-della-strada\/","og_site_name":"Cultura, Arte e Spettacolo a Torino","article_publisher":"https:\/\/www.facebook.com\/quotidianopiemontese?fref=ts","article_published_time":"2022-12-27T13:08:49+00:00","og_image":[{"width":2560,"height":2051,"url":"https:\/\/web.quotidianopiemontese.it\/cultura-arte-e-spettacolo-a-torino\/files\/2022\/12\/1_Robert-Doisneau_Le-baiser-de-lHo\u0302tel-de-Ville-Paris-1950-scaled.jpg","type":"image\/jpeg"}],"author":"Emanuele Rebuffini","twitter_misc":{"Scritto da":"Emanuele Rebuffini","Tempo di lettura stimato":"6 minuti"},"schema":{"@context":"https:\/\/schema.org","@graph":[{"@type":"Article","@id":"https:\/\/web.quotidianopiemontese.it\/cultura-arte-e-spettacolo-a-torino\/robert-doisneau-e-il-teatro-della-strada\/#article","isPartOf":{"@id":"https:\/\/web.quotidianopiemontese.it\/cultura-arte-e-spettacolo-a-torino\/robert-doisneau-e-il-teatro-della-strada\/"},"author":{"name":"Emanuele Rebuffini","@id":"https:\/\/web.quotidianopiemontese.it\/cultura-arte-e-spettacolo-a-torino\/#\/schema\/person\/b035109a4cc7d3e93911b78d8cebf3a0"},"headline":"Robert Doisneau e il \u201cteatro della strada\u201d","datePublished":"2022-12-27T13:08:49+00:00","mainEntityOfPage":{"@id":"https:\/\/web.quotidianopiemontese.it\/cultura-arte-e-spettacolo-a-torino\/robert-doisneau-e-il-teatro-della-strada\/"},"wordCount":766,"commentCount":0,"image":{"@id":"https:\/\/web.quotidianopiemontese.it\/cultura-arte-e-spettacolo-a-torino\/robert-doisneau-e-il-teatro-della-strada\/#primaryimage"},"thumbnailUrl":"https:\/\/web.quotidianopiemontese.it\/cultura-arte-e-spettacolo-a-torino\/files\/2022\/12\/1_Robert-Doisneau_Le-baiser-de-lHo\u0302tel-de-Ville-Paris-1950-scaled.jpg","keywords":["Camera-Centro Italiano per la Fotografia","Robert Doisneau"],"articleSection":["Cultura, arte, spettacolo"],"inLanguage":"it-IT","potentialAction":[{"@type":"CommentAction","name":"Comment","target":["https:\/\/web.quotidianopiemontese.it\/cultura-arte-e-spettacolo-a-torino\/robert-doisneau-e-il-teatro-della-strada\/#respond"]}]},{"@type":"WebPage","@id":"https:\/\/web.quotidianopiemontese.it\/cultura-arte-e-spettacolo-a-torino\/robert-doisneau-e-il-teatro-della-strada\/","url":"https:\/\/web.quotidianopiemontese.it\/cultura-arte-e-spettacolo-a-torino\/robert-doisneau-e-il-teatro-della-strada\/","name":"Robert Doisneau e il \u201cteatro della strada\u201d - 27 Dicembre 2022","isPartOf":{"@id":"https:\/\/web.quotidianopiemontese.it\/cultura-arte-e-spettacolo-a-torino\/#website"},"primaryImageOfPage":{"@id":"https:\/\/web.quotidianopiemontese.it\/cultura-arte-e-spettacolo-a-torino\/robert-doisneau-e-il-teatro-della-strada\/#primaryimage"},"image":{"@id":"https:\/\/web.quotidianopiemontese.it\/cultura-arte-e-spettacolo-a-torino\/robert-doisneau-e-il-teatro-della-strada\/#primaryimage"},"thumbnailUrl":"https:\/\/web.quotidianopiemontese.it\/cultura-arte-e-spettacolo-a-torino\/files\/2022\/12\/1_Robert-Doisneau_Le-baiser-de-lHo\u0302tel-de-Ville-Paris-1950-scaled.jpg","datePublished":"2022-12-27T13:08:49+00:00","author":{"@id":"https:\/\/web.quotidianopiemontese.it\/cultura-arte-e-spettacolo-a-torino\/#\/schema\/person\/b035109a4cc7d3e93911b78d8cebf3a0"},"description":"Robert Doisneau e il \u201cteatro della strada\u201d - Cultura, Arte e Spettacolo a Torino - Il bacio pi\u00f9 famoso della storia della fotografia non fu per nulla spontaneo e i due fidanzati non vennero colti all\u2019improvviso. L\u2019iconica fotografia che - Camera-Centro Italiano per la Fotografia, Robert Doisneau","inLanguage":"it-IT","potentialAction":[{"@type":"ReadAction","target":["https:\/\/web.quotidianopiemontese.it\/cultura-arte-e-spettacolo-a-torino\/robert-doisneau-e-il-teatro-della-strada\/"]}]},{"@type":"ImageObject","inLanguage":"it-IT","@id":"https:\/\/web.quotidianopiemontese.it\/cultura-arte-e-spettacolo-a-torino\/robert-doisneau-e-il-teatro-della-strada\/#primaryimage","url":"https:\/\/web.quotidianopiemontese.it\/cultura-arte-e-spettacolo-a-torino\/files\/2022\/12\/1_Robert-Doisneau_Le-baiser-de-lHo\u0302tel-de-Ville-Paris-1950-scaled.jpg","contentUrl":"https:\/\/web.quotidianopiemontese.it\/cultura-arte-e-spettacolo-a-torino\/files\/2022\/12\/1_Robert-Doisneau_Le-baiser-de-lHo\u0302tel-de-Ville-Paris-1950-scaled.jpg","width":2560,"height":2051},{"@type":"WebSite","@id":"https:\/\/web.quotidianopiemontese.it\/cultura-arte-e-spettacolo-a-torino\/#website","url":"https:\/\/web.quotidianopiemontese.it\/cultura-arte-e-spettacolo-a-torino\/","name":"Cultura, Arte e Spettacolo a Torino","description":"Quotidiano Piemontese","potentialAction":[{"@type":"SearchAction","target":{"@type":"EntryPoint","urlTemplate":"https:\/\/web.quotidianopiemontese.it\/cultura-arte-e-spettacolo-a-torino\/?s={search_term_string}"},"query-input":{"@type":"PropertyValueSpecification","valueRequired":true,"valueName":"search_term_string"}}],"inLanguage":"it-IT"},{"@type":"Person","@id":"https:\/\/web.quotidianopiemontese.it\/cultura-arte-e-spettacolo-a-torino\/#\/schema\/person\/b035109a4cc7d3e93911b78d8cebf3a0","name":"Emanuele Rebuffini","image":{"@type":"ImageObject","inLanguage":"it-IT","@id":"https:\/\/web.quotidianopiemontese.it\/cultura-arte-e-spettacolo-a-torino\/#\/schema\/person\/image\/","url":"https:\/\/secure.gravatar.com\/avatar\/519a0a38be4cbbcf40fb5bc1b1173a85af291a3a8697df454a94ad7e05574628?s=96&d=mm&r=g","contentUrl":"https:\/\/secure.gravatar.com\/avatar\/519a0a38be4cbbcf40fb5bc1b1173a85af291a3a8697df454a94ad7e05574628?s=96&d=mm&r=g","caption":"Emanuele Rebuffini"},"sameAs":["http:\/\/www.quotidianopiemontese.it\/cultura-arte-e-spettacolo-a-torino\/"],"url":"https:\/\/web.quotidianopiemontese.it\/cultura-arte-e-spettacolo-a-torino\/author\/emanuelerebuffini\/"}]}},"_links":{"self":[{"href":"https:\/\/web.quotidianopiemontese.it\/cultura-arte-e-spettacolo-a-torino\/wp-json\/wp\/v2\/posts\/1131","targetHints":{"allow":["GET"]}}],"collection":[{"href":"https:\/\/web.quotidianopiemontese.it\/cultura-arte-e-spettacolo-a-torino\/wp-json\/wp\/v2\/posts"}],"about":[{"href":"https:\/\/web.quotidianopiemontese.it\/cultura-arte-e-spettacolo-a-torino\/wp-json\/wp\/v2\/types\/post"}],"author":[{"embeddable":true,"href":"https:\/\/web.quotidianopiemontese.it\/cultura-arte-e-spettacolo-a-torino\/wp-json\/wp\/v2\/users\/1361"}],"replies":[{"embeddable":true,"href":"https:\/\/web.quotidianopiemontese.it\/cultura-arte-e-spettacolo-a-torino\/wp-json\/wp\/v2\/comments?post=1131"}],"version-history":[{"count":0,"href":"https:\/\/web.quotidianopiemontese.it\/cultura-arte-e-spettacolo-a-torino\/wp-json\/wp\/v2\/posts\/1131\/revisions"}],"wp:featuredmedia":[{"embeddable":true,"href":"https:\/\/web.quotidianopiemontese.it\/cultura-arte-e-spettacolo-a-torino\/wp-json\/wp\/v2\/media\/1133"}],"wp:attachment":[{"href":"https:\/\/web.quotidianopiemontese.it\/cultura-arte-e-spettacolo-a-torino\/wp-json\/wp\/v2\/media?parent=1131"}],"wp:term":[{"taxonomy":"category","embeddable":true,"href":"https:\/\/web.quotidianopiemontese.it\/cultura-arte-e-spettacolo-a-torino\/wp-json\/wp\/v2\/categories?post=1131"},{"taxonomy":"post_tag","embeddable":true,"href":"https:\/\/web.quotidianopiemontese.it\/cultura-arte-e-spettacolo-a-torino\/wp-json\/wp\/v2\/tags?post=1131"}],"curies":[{"name":"wp","href":"https:\/\/api.w.org\/{rel}","templated":true}]}}