{"id":1092,"date":"2022-10-03T15:07:40","date_gmt":"2022-10-03T13:07:40","guid":{"rendered":"https:\/\/web.quotidianopiemontese.it\/cultura-arte-e-spettacolo-a-torino\/?p=1092"},"modified":"2022-10-03T15:07:40","modified_gmt":"2022-10-03T13:07:40","slug":"il-crogiuolo-inaugura-il-cartellone-dello-stabile","status":"publish","type":"post","link":"https:\/\/web.quotidianopiemontese.it\/cultura-arte-e-spettacolo-a-torino\/il-crogiuolo-inaugura-il-cartellone-dello-stabile\/","title":{"rendered":"\u00abIl crogiuolo\u00bb inaugura il cartellone dello Stabile"},"content":{"rendered":"<p><strong><em>\u00ab<\/em><\/strong><strong>Il crogiuolo<\/strong><strong><em>\u00bb<\/em><\/strong> di <strong>Arthur Miller<\/strong>, per la regia di <strong>Filippo Dini<\/strong>, inaugura <strong>la nuova Stagione del Teatro Stabile di Torino.\u00a0<\/strong><!--more--><\/p>\n<p><strong>Filippo Dini <\/strong>dirige e interpreta uno dei testi pi\u00f9 feroci e critici nei confronti di una societ\u00e0, quella americana in cui la delazione e la calunnia innescano un meccanismo incontrollabile di intolleranza e violenza. <strong>Arthur Miller<\/strong> scrive <strong>\u00ab<\/strong><strong>Il crogiuolo<\/strong><strong>\u00bb<\/strong> nel 1953 durante la funesta \u201ccaccia alle streghe\u201d del Maccartismo e racconta quello stato di follia collettiva, una comica demenza che ebbe tragici esiti, attraverso uno degli episodi pi\u00f9 misteriosi della storia americana: la caccia alle streghe avvenuta a Salem, in Massachusetts nel 1692, con 144 processate e 19 giustiziate mediante impiccagione. Anche <strong>Arthur Miller<\/strong> come altri artisti e intellettuali fu \u201cpreso sotto osservazione\u201d dalla Commissione per le attivit\u00e0 antiamericane.<\/p>\n<p><a href=\"http:\/\/web.quotidianopiemontese.it\/cultura-arte-e-spettacolo-a-torino\/files\/2022\/10\/02_ilcrogiuolo_prove5luglio-0630.jpg\"><img loading=\"lazy\" decoding=\"async\" class=\"alignnone size-medium wp-image-1094\" src=\"http:\/\/web.quotidianopiemontese.it\/cultura-arte-e-spettacolo-a-torino\/files\/2022\/10\/02_ilcrogiuolo_prove5luglio-0630-300x200.jpg\" alt=\"\" width=\"300\" height=\"200\" srcset=\"https:\/\/web.quotidianopiemontese.it\/cultura-arte-e-spettacolo-a-torino\/files\/2022\/10\/02_ilcrogiuolo_prove5luglio-0630-300x200.jpg 300w, https:\/\/web.quotidianopiemontese.it\/cultura-arte-e-spettacolo-a-torino\/files\/2022\/10\/02_ilcrogiuolo_prove5luglio-0630-1024x683.jpg 1024w, https:\/\/web.quotidianopiemontese.it\/cultura-arte-e-spettacolo-a-torino\/files\/2022\/10\/02_ilcrogiuolo_prove5luglio-0630-768x512.jpg 768w, https:\/\/web.quotidianopiemontese.it\/cultura-arte-e-spettacolo-a-torino\/files\/2022\/10\/02_ilcrogiuolo_prove5luglio-0630-1536x1024.jpg 1536w, https:\/\/web.quotidianopiemontese.it\/cultura-arte-e-spettacolo-a-torino\/files\/2022\/10\/02_ilcrogiuolo_prove5luglio-0630-600x400.jpg 600w, https:\/\/web.quotidianopiemontese.it\/cultura-arte-e-spettacolo-a-torino\/files\/2022\/10\/02_ilcrogiuolo_prove5luglio-0630.jpg 2048w\" sizes=\"auto, (max-width: 300px) 85vw, 300px\" \/><\/a><\/p>\n<p>Spiega <strong>Filippo Dini<\/strong>: \u00abA Salem tutto ebbe inizio dallo strano comportamento di un paio di adolescenti. I medici, non trovando ragioni scientifiche ai loro bizzarri atteggiamenti, rimandarono la faccenda alle autorit\u00e0, alla comunit\u00e0, quindi alla chiesa, al pastore. Ne consegu\u00ec che le ragazze, accusate di essere preda di un maleficio, si videro costrette ad accusare altre persone dello stesso villaggio di averle stregate in un crescendo di follia e paura. Miller ha proiettato il suo mondo nella Salem della caccia alle streghe, metafora della sua vicenda personale, ed \u00e8 quella alla quale ci aggrappiamo per raccontare il nostro contemporaneo, dove conosciamo sorta di delirio isterico e folle\u00bb.<\/p>\n<p><a href=\"http:\/\/web.quotidianopiemontese.it\/cultura-arte-e-spettacolo-a-torino\/files\/2022\/10\/09_ilcrogiuolo_prove30giugno-1725.jpg\"><img loading=\"lazy\" decoding=\"async\" class=\"alignnone size-medium wp-image-1095\" src=\"http:\/\/web.quotidianopiemontese.it\/cultura-arte-e-spettacolo-a-torino\/files\/2022\/10\/09_ilcrogiuolo_prove30giugno-1725-300x200.jpg\" alt=\"\" width=\"300\" height=\"200\" srcset=\"https:\/\/web.quotidianopiemontese.it\/cultura-arte-e-spettacolo-a-torino\/files\/2022\/10\/09_ilcrogiuolo_prove30giugno-1725-300x200.jpg 300w, https:\/\/web.quotidianopiemontese.it\/cultura-arte-e-spettacolo-a-torino\/files\/2022\/10\/09_ilcrogiuolo_prove30giugno-1725-1024x683.jpg 1024w, https:\/\/web.quotidianopiemontese.it\/cultura-arte-e-spettacolo-a-torino\/files\/2022\/10\/09_ilcrogiuolo_prove30giugno-1725-768x512.jpg 768w, https:\/\/web.quotidianopiemontese.it\/cultura-arte-e-spettacolo-a-torino\/files\/2022\/10\/09_ilcrogiuolo_prove30giugno-1725-1536x1025.jpg 1536w, https:\/\/web.quotidianopiemontese.it\/cultura-arte-e-spettacolo-a-torino\/files\/2022\/10\/09_ilcrogiuolo_prove30giugno-1725-600x400.jpg 600w, https:\/\/web.quotidianopiemontese.it\/cultura-arte-e-spettacolo-a-torino\/files\/2022\/10\/09_ilcrogiuolo_prove30giugno-1725.jpg 2048w\" sizes=\"auto, (max-width: 300px) 85vw, 300px\" \/><\/a><\/p>\n<p><strong>Filippo Dini<\/strong> si \u00e8 formato alla Scuola dello Stabile di Genova. A teatro \u00e8 stato diretto da Carlo Cecchi, Giorgio Barberio Corsetti e Valerio Binasco, al cinema ha lavorato con Nanni Moretti, Pupi Avati, i fratelli Taviani, Donato Carrisi, Francesca Comencini, i fratelli D&#8217;Innocenzo. Dal 2021 \u00e8 regista residente del Teatro Stabile di Torino. Nelle ultime stagioni \u00e8 stato regista e interprete di <em>Casa di bambola<\/em> di Ibsen, <em>The Spank<\/em> di Hanif Kureishi e <em>Ghiaccio<\/em> di Bryony Lavery.<\/p>\n<p><a href=\"http:\/\/web.quotidianopiemontese.it\/cultura-arte-e-spettacolo-a-torino\/files\/2022\/10\/crogiuolo-web.jpg\"><img loading=\"lazy\" decoding=\"async\" class=\"alignnone size-medium wp-image-1093\" src=\"http:\/\/web.quotidianopiemontese.it\/cultura-arte-e-spettacolo-a-torino\/files\/2022\/10\/crogiuolo-web-300x153.jpg\" alt=\"\" width=\"300\" height=\"153\" srcset=\"https:\/\/web.quotidianopiemontese.it\/cultura-arte-e-spettacolo-a-torino\/files\/2022\/10\/crogiuolo-web-300x153.jpg 300w, https:\/\/web.quotidianopiemontese.it\/cultura-arte-e-spettacolo-a-torino\/files\/2022\/10\/crogiuolo-web.jpg 700w\" sizes=\"auto, (max-width: 300px) 85vw, 300px\" \/><\/a><\/p>\n<p><strong><em>\u00ab<\/em><\/strong><strong>Il crogiuolo<\/strong><strong><em>\u00bb<\/em><\/strong> di <strong>Arthur Miller<\/strong>, nella traduzione di <strong>Masolino d\u2019Amico<\/strong>, \u00e8 interpretato da <strong>Virginia Campolucci, Gloria Carovana, Pierluigi Corallo, Gennaro Di Biase, Andrea Di Casa, Filippo Dini, Did\u00ec Garbaccio Bogin, Paolo Giangrasso, Fatou Malsert, Manuela Mandracchia, Nicola Pannelli, Fulvio Pepe, Valentina Spaletta Tavella, Caterina Tieghi, Aleph Viola<\/strong>.<\/p>\n<p><strong><em>\u00ab<\/em><\/strong><strong>Il crogiuolo<\/strong><strong><em>\u00bb<\/em><\/strong> rester\u00e0 in scena al <strong>Teatro Carignano fino al 23 ottobre.<\/strong><\/p>\n<p><a href=\"http:\/\/www.teatrostabiletorino.it\">www.teatrostabiletorino.it<\/a><\/p>\n<p><strong>Emanuele Rebuffini<\/strong><\/p>\n","protected":false},"excerpt":{"rendered":"<p>\u00abIl crogiuolo\u00bb di Arthur Miller, per la regia di Filippo Dini, inaugura la nuova Stagione del Teatro Stabile di Torino.\u00a0<\/p>\n","protected":false},"author":1361,"featured_media":1093,"comment_status":"open","ping_status":"open","sticky":false,"template":"","format":"standard","meta":{"footnotes":""},"categories":[1],"tags":[218,217,219,64],"class_list":["post-1092","post","type-post","status-publish","format-standard","has-post-thumbnail","hentry","category-cultura-arte-spettacolo","tag-arthur-miller","tag-filippo-dini","tag-il-crogiuolo","tag-teatro-stabile-di-torino"],"yoast_head":"<!-- This site is optimized with the Yoast SEO plugin v27.1.1 - https:\/\/yoast.com\/product\/yoast-seo-wordpress\/ -->\n<title>\u00abIl crogiuolo\u00bb inaugura il cartellone dello Stabile - 3 Ottobre 2022<\/title>\n<meta name=\"description\" content=\"\u00abIl crogiuolo\u00bb inaugura il cartellone dello Stabile - Cultura, Arte e Spettacolo a Torino - \u00abIl crogiuolo\u00bb di Arthur Miller, per la regia di Filippo Dini, inaugura la nuova Stagione del Teatro Stabile di Torino.\u00a0 Filippo Dini dirige e interpreta - Arthur Miller, Filippo Dini, Il crogiuolo, Teatro Stabile di Torino\" \/>\n<meta name=\"robots\" content=\"index, follow, max-snippet:-1, max-image-preview:large, max-video-preview:-1\" \/>\n<link rel=\"canonical\" href=\"https:\/\/web.quotidianopiemontese.it\/cultura-arte-e-spettacolo-a-torino\/il-crogiuolo-inaugura-il-cartellone-dello-stabile\/\" \/>\n<meta property=\"og:locale\" content=\"it_IT\" \/>\n<meta property=\"og:type\" content=\"article\" \/>\n<meta property=\"og:title\" content=\"\u00abIl crogiuolo\u00bb inaugura il cartellone dello Stabile - 3 Ottobre 2022\" \/>\n<meta property=\"og:description\" content=\"\u00abIl crogiuolo\u00bb inaugura il cartellone dello Stabile - Cultura, Arte e Spettacolo a Torino - \u00abIl crogiuolo\u00bb di Arthur Miller, per la regia di Filippo Dini, inaugura la nuova Stagione del Teatro Stabile di Torino.\u00a0 Filippo Dini dirige e interpreta - Arthur Miller, Filippo Dini, Il crogiuolo, Teatro Stabile di Torino\" \/>\n<meta property=\"og:url\" content=\"https:\/\/web.quotidianopiemontese.it\/cultura-arte-e-spettacolo-a-torino\/il-crogiuolo-inaugura-il-cartellone-dello-stabile\/\" \/>\n<meta property=\"og:site_name\" content=\"Cultura, Arte e Spettacolo a Torino\" \/>\n<meta property=\"article:publisher\" content=\"https:\/\/www.facebook.com\/quotidianopiemontese?fref=ts\" \/>\n<meta property=\"article:published_time\" content=\"2022-10-03T13:07:40+00:00\" \/>\n<meta property=\"og:image\" content=\"https:\/\/web.quotidianopiemontese.it\/cultura-arte-e-spettacolo-a-torino\/files\/2022\/10\/crogiuolo-web.jpg\" \/>\n\t<meta property=\"og:image:width\" content=\"700\" \/>\n\t<meta property=\"og:image:height\" content=\"356\" \/>\n\t<meta property=\"og:image:type\" content=\"image\/jpeg\" \/>\n<meta name=\"author\" content=\"Emanuele Rebuffini\" \/>\n<meta name=\"twitter:label1\" content=\"Scritto da\" \/>\n\t<meta name=\"twitter:data1\" content=\"Emanuele Rebuffini\" \/>\n\t<meta name=\"twitter:label2\" content=\"Tempo di lettura stimato\" \/>\n\t<meta name=\"twitter:data2\" content=\"3 minuti\" \/>\n<script type=\"application\/ld+json\" class=\"yoast-schema-graph\">{\"@context\":\"https:\/\/schema.org\",\"@graph\":[{\"@type\":\"Article\",\"@id\":\"https:\/\/web.quotidianopiemontese.it\/cultura-arte-e-spettacolo-a-torino\/il-crogiuolo-inaugura-il-cartellone-dello-stabile\/#article\",\"isPartOf\":{\"@id\":\"https:\/\/web.quotidianopiemontese.it\/cultura-arte-e-spettacolo-a-torino\/il-crogiuolo-inaugura-il-cartellone-dello-stabile\/\"},\"author\":{\"name\":\"Emanuele Rebuffini\",\"@id\":\"https:\/\/web.quotidianopiemontese.it\/cultura-arte-e-spettacolo-a-torino\/#\/schema\/person\/b035109a4cc7d3e93911b78d8cebf3a0\"},\"headline\":\"\u00abIl crogiuolo\u00bb inaugura il cartellone dello Stabile\",\"datePublished\":\"2022-10-03T13:07:40+00:00\",\"mainEntityOfPage\":{\"@id\":\"https:\/\/web.quotidianopiemontese.it\/cultura-arte-e-spettacolo-a-torino\/il-crogiuolo-inaugura-il-cartellone-dello-stabile\/\"},\"wordCount\":375,\"commentCount\":0,\"image\":{\"@id\":\"https:\/\/web.quotidianopiemontese.it\/cultura-arte-e-spettacolo-a-torino\/il-crogiuolo-inaugura-il-cartellone-dello-stabile\/#primaryimage\"},\"thumbnailUrl\":\"https:\/\/web.quotidianopiemontese.it\/cultura-arte-e-spettacolo-a-torino\/files\/2022\/10\/crogiuolo-web.jpg\",\"keywords\":[\"Arthur Miller\",\"Filippo Dini\",\"Il crogiuolo\",\"Teatro Stabile di Torino\"],\"articleSection\":[\"Cultura, arte, spettacolo\"],\"inLanguage\":\"it-IT\",\"potentialAction\":[{\"@type\":\"CommentAction\",\"name\":\"Comment\",\"target\":[\"https:\/\/web.quotidianopiemontese.it\/cultura-arte-e-spettacolo-a-torino\/il-crogiuolo-inaugura-il-cartellone-dello-stabile\/#respond\"]}]},{\"@type\":\"WebPage\",\"@id\":\"https:\/\/web.quotidianopiemontese.it\/cultura-arte-e-spettacolo-a-torino\/il-crogiuolo-inaugura-il-cartellone-dello-stabile\/\",\"url\":\"https:\/\/web.quotidianopiemontese.it\/cultura-arte-e-spettacolo-a-torino\/il-crogiuolo-inaugura-il-cartellone-dello-stabile\/\",\"name\":\"\u00abIl crogiuolo\u00bb inaugura il cartellone dello Stabile - 3 Ottobre 2022\",\"isPartOf\":{\"@id\":\"https:\/\/web.quotidianopiemontese.it\/cultura-arte-e-spettacolo-a-torino\/#website\"},\"primaryImageOfPage\":{\"@id\":\"https:\/\/web.quotidianopiemontese.it\/cultura-arte-e-spettacolo-a-torino\/il-crogiuolo-inaugura-il-cartellone-dello-stabile\/#primaryimage\"},\"image\":{\"@id\":\"https:\/\/web.quotidianopiemontese.it\/cultura-arte-e-spettacolo-a-torino\/il-crogiuolo-inaugura-il-cartellone-dello-stabile\/#primaryimage\"},\"thumbnailUrl\":\"https:\/\/web.quotidianopiemontese.it\/cultura-arte-e-spettacolo-a-torino\/files\/2022\/10\/crogiuolo-web.jpg\",\"datePublished\":\"2022-10-03T13:07:40+00:00\",\"author\":{\"@id\":\"https:\/\/web.quotidianopiemontese.it\/cultura-arte-e-spettacolo-a-torino\/#\/schema\/person\/b035109a4cc7d3e93911b78d8cebf3a0\"},\"description\":\"\u00abIl crogiuolo\u00bb inaugura il cartellone dello Stabile - Cultura, Arte e Spettacolo a Torino - \u00abIl crogiuolo\u00bb di Arthur Miller, per la regia di Filippo Dini, inaugura la nuova Stagione del Teatro Stabile di Torino.\u00a0 Filippo Dini dirige e interpreta - Arthur Miller, Filippo Dini, Il crogiuolo, Teatro Stabile di Torino\",\"inLanguage\":\"it-IT\",\"potentialAction\":[{\"@type\":\"ReadAction\",\"target\":[\"https:\/\/web.quotidianopiemontese.it\/cultura-arte-e-spettacolo-a-torino\/il-crogiuolo-inaugura-il-cartellone-dello-stabile\/\"]}]},{\"@type\":\"ImageObject\",\"inLanguage\":\"it-IT\",\"@id\":\"https:\/\/web.quotidianopiemontese.it\/cultura-arte-e-spettacolo-a-torino\/il-crogiuolo-inaugura-il-cartellone-dello-stabile\/#primaryimage\",\"url\":\"https:\/\/web.quotidianopiemontese.it\/cultura-arte-e-spettacolo-a-torino\/files\/2022\/10\/crogiuolo-web.jpg\",\"contentUrl\":\"https:\/\/web.quotidianopiemontese.it\/cultura-arte-e-spettacolo-a-torino\/files\/2022\/10\/crogiuolo-web.jpg\",\"width\":700,\"height\":356},{\"@type\":\"WebSite\",\"@id\":\"https:\/\/web.quotidianopiemontese.it\/cultura-arte-e-spettacolo-a-torino\/#website\",\"url\":\"https:\/\/web.quotidianopiemontese.it\/cultura-arte-e-spettacolo-a-torino\/\",\"name\":\"Cultura, Arte e Spettacolo a Torino\",\"description\":\"Quotidiano Piemontese\",\"potentialAction\":[{\"@type\":\"SearchAction\",\"target\":{\"@type\":\"EntryPoint\",\"urlTemplate\":\"https:\/\/web.quotidianopiemontese.it\/cultura-arte-e-spettacolo-a-torino\/?s={search_term_string}\"},\"query-input\":{\"@type\":\"PropertyValueSpecification\",\"valueRequired\":true,\"valueName\":\"search_term_string\"}}],\"inLanguage\":\"it-IT\"},{\"@type\":\"Person\",\"@id\":\"https:\/\/web.quotidianopiemontese.it\/cultura-arte-e-spettacolo-a-torino\/#\/schema\/person\/b035109a4cc7d3e93911b78d8cebf3a0\",\"name\":\"Emanuele Rebuffini\",\"image\":{\"@type\":\"ImageObject\",\"inLanguage\":\"it-IT\",\"@id\":\"https:\/\/web.quotidianopiemontese.it\/cultura-arte-e-spettacolo-a-torino\/#\/schema\/person\/image\/\",\"url\":\"https:\/\/secure.gravatar.com\/avatar\/519a0a38be4cbbcf40fb5bc1b1173a85af291a3a8697df454a94ad7e05574628?s=96&d=mm&r=g\",\"contentUrl\":\"https:\/\/secure.gravatar.com\/avatar\/519a0a38be4cbbcf40fb5bc1b1173a85af291a3a8697df454a94ad7e05574628?s=96&d=mm&r=g\",\"caption\":\"Emanuele Rebuffini\"},\"sameAs\":[\"http:\/\/www.quotidianopiemontese.it\/cultura-arte-e-spettacolo-a-torino\/\"],\"url\":\"https:\/\/web.quotidianopiemontese.it\/cultura-arte-e-spettacolo-a-torino\/author\/emanuelerebuffini\/\"}]}<\/script>\n<!-- \/ Yoast SEO plugin. -->","yoast_head_json":{"title":"\u00abIl crogiuolo\u00bb inaugura il cartellone dello Stabile - 3 Ottobre 2022","description":"\u00abIl crogiuolo\u00bb inaugura il cartellone dello Stabile - Cultura, Arte e Spettacolo a Torino - \u00abIl crogiuolo\u00bb di Arthur Miller, per la regia di Filippo Dini, inaugura la nuova Stagione del Teatro Stabile di Torino.\u00a0 Filippo Dini dirige e interpreta - Arthur Miller, Filippo Dini, Il crogiuolo, Teatro Stabile di Torino","robots":{"index":"index","follow":"follow","max-snippet":"max-snippet:-1","max-image-preview":"max-image-preview:large","max-video-preview":"max-video-preview:-1"},"canonical":"https:\/\/web.quotidianopiemontese.it\/cultura-arte-e-spettacolo-a-torino\/il-crogiuolo-inaugura-il-cartellone-dello-stabile\/","og_locale":"it_IT","og_type":"article","og_title":"\u00abIl crogiuolo\u00bb inaugura il cartellone dello Stabile - 3 Ottobre 2022","og_description":"\u00abIl crogiuolo\u00bb inaugura il cartellone dello Stabile - Cultura, Arte e Spettacolo a Torino - \u00abIl crogiuolo\u00bb di Arthur Miller, per la regia di Filippo Dini, inaugura la nuova Stagione del Teatro Stabile di Torino.\u00a0 Filippo Dini dirige e interpreta - Arthur Miller, Filippo Dini, Il crogiuolo, Teatro Stabile di Torino","og_url":"https:\/\/web.quotidianopiemontese.it\/cultura-arte-e-spettacolo-a-torino\/il-crogiuolo-inaugura-il-cartellone-dello-stabile\/","og_site_name":"Cultura, Arte e Spettacolo a Torino","article_publisher":"https:\/\/www.facebook.com\/quotidianopiemontese?fref=ts","article_published_time":"2022-10-03T13:07:40+00:00","og_image":[{"width":700,"height":356,"url":"https:\/\/web.quotidianopiemontese.it\/cultura-arte-e-spettacolo-a-torino\/files\/2022\/10\/crogiuolo-web.jpg","type":"image\/jpeg"}],"author":"Emanuele Rebuffini","twitter_misc":{"Scritto da":"Emanuele Rebuffini","Tempo di lettura stimato":"3 minuti"},"schema":{"@context":"https:\/\/schema.org","@graph":[{"@type":"Article","@id":"https:\/\/web.quotidianopiemontese.it\/cultura-arte-e-spettacolo-a-torino\/il-crogiuolo-inaugura-il-cartellone-dello-stabile\/#article","isPartOf":{"@id":"https:\/\/web.quotidianopiemontese.it\/cultura-arte-e-spettacolo-a-torino\/il-crogiuolo-inaugura-il-cartellone-dello-stabile\/"},"author":{"name":"Emanuele Rebuffini","@id":"https:\/\/web.quotidianopiemontese.it\/cultura-arte-e-spettacolo-a-torino\/#\/schema\/person\/b035109a4cc7d3e93911b78d8cebf3a0"},"headline":"\u00abIl crogiuolo\u00bb inaugura il cartellone dello Stabile","datePublished":"2022-10-03T13:07:40+00:00","mainEntityOfPage":{"@id":"https:\/\/web.quotidianopiemontese.it\/cultura-arte-e-spettacolo-a-torino\/il-crogiuolo-inaugura-il-cartellone-dello-stabile\/"},"wordCount":375,"commentCount":0,"image":{"@id":"https:\/\/web.quotidianopiemontese.it\/cultura-arte-e-spettacolo-a-torino\/il-crogiuolo-inaugura-il-cartellone-dello-stabile\/#primaryimage"},"thumbnailUrl":"https:\/\/web.quotidianopiemontese.it\/cultura-arte-e-spettacolo-a-torino\/files\/2022\/10\/crogiuolo-web.jpg","keywords":["Arthur Miller","Filippo Dini","Il crogiuolo","Teatro Stabile di Torino"],"articleSection":["Cultura, arte, spettacolo"],"inLanguage":"it-IT","potentialAction":[{"@type":"CommentAction","name":"Comment","target":["https:\/\/web.quotidianopiemontese.it\/cultura-arte-e-spettacolo-a-torino\/il-crogiuolo-inaugura-il-cartellone-dello-stabile\/#respond"]}]},{"@type":"WebPage","@id":"https:\/\/web.quotidianopiemontese.it\/cultura-arte-e-spettacolo-a-torino\/il-crogiuolo-inaugura-il-cartellone-dello-stabile\/","url":"https:\/\/web.quotidianopiemontese.it\/cultura-arte-e-spettacolo-a-torino\/il-crogiuolo-inaugura-il-cartellone-dello-stabile\/","name":"\u00abIl crogiuolo\u00bb inaugura il cartellone dello Stabile - 3 Ottobre 2022","isPartOf":{"@id":"https:\/\/web.quotidianopiemontese.it\/cultura-arte-e-spettacolo-a-torino\/#website"},"primaryImageOfPage":{"@id":"https:\/\/web.quotidianopiemontese.it\/cultura-arte-e-spettacolo-a-torino\/il-crogiuolo-inaugura-il-cartellone-dello-stabile\/#primaryimage"},"image":{"@id":"https:\/\/web.quotidianopiemontese.it\/cultura-arte-e-spettacolo-a-torino\/il-crogiuolo-inaugura-il-cartellone-dello-stabile\/#primaryimage"},"thumbnailUrl":"https:\/\/web.quotidianopiemontese.it\/cultura-arte-e-spettacolo-a-torino\/files\/2022\/10\/crogiuolo-web.jpg","datePublished":"2022-10-03T13:07:40+00:00","author":{"@id":"https:\/\/web.quotidianopiemontese.it\/cultura-arte-e-spettacolo-a-torino\/#\/schema\/person\/b035109a4cc7d3e93911b78d8cebf3a0"},"description":"\u00abIl crogiuolo\u00bb inaugura il cartellone dello Stabile - Cultura, Arte e Spettacolo a Torino - \u00abIl crogiuolo\u00bb di Arthur Miller, per la regia di Filippo Dini, inaugura la nuova Stagione del Teatro Stabile di Torino.\u00a0 Filippo Dini dirige e interpreta - Arthur Miller, Filippo Dini, Il crogiuolo, Teatro Stabile di Torino","inLanguage":"it-IT","potentialAction":[{"@type":"ReadAction","target":["https:\/\/web.quotidianopiemontese.it\/cultura-arte-e-spettacolo-a-torino\/il-crogiuolo-inaugura-il-cartellone-dello-stabile\/"]}]},{"@type":"ImageObject","inLanguage":"it-IT","@id":"https:\/\/web.quotidianopiemontese.it\/cultura-arte-e-spettacolo-a-torino\/il-crogiuolo-inaugura-il-cartellone-dello-stabile\/#primaryimage","url":"https:\/\/web.quotidianopiemontese.it\/cultura-arte-e-spettacolo-a-torino\/files\/2022\/10\/crogiuolo-web.jpg","contentUrl":"https:\/\/web.quotidianopiemontese.it\/cultura-arte-e-spettacolo-a-torino\/files\/2022\/10\/crogiuolo-web.jpg","width":700,"height":356},{"@type":"WebSite","@id":"https:\/\/web.quotidianopiemontese.it\/cultura-arte-e-spettacolo-a-torino\/#website","url":"https:\/\/web.quotidianopiemontese.it\/cultura-arte-e-spettacolo-a-torino\/","name":"Cultura, Arte e Spettacolo a Torino","description":"Quotidiano Piemontese","potentialAction":[{"@type":"SearchAction","target":{"@type":"EntryPoint","urlTemplate":"https:\/\/web.quotidianopiemontese.it\/cultura-arte-e-spettacolo-a-torino\/?s={search_term_string}"},"query-input":{"@type":"PropertyValueSpecification","valueRequired":true,"valueName":"search_term_string"}}],"inLanguage":"it-IT"},{"@type":"Person","@id":"https:\/\/web.quotidianopiemontese.it\/cultura-arte-e-spettacolo-a-torino\/#\/schema\/person\/b035109a4cc7d3e93911b78d8cebf3a0","name":"Emanuele Rebuffini","image":{"@type":"ImageObject","inLanguage":"it-IT","@id":"https:\/\/web.quotidianopiemontese.it\/cultura-arte-e-spettacolo-a-torino\/#\/schema\/person\/image\/","url":"https:\/\/secure.gravatar.com\/avatar\/519a0a38be4cbbcf40fb5bc1b1173a85af291a3a8697df454a94ad7e05574628?s=96&d=mm&r=g","contentUrl":"https:\/\/secure.gravatar.com\/avatar\/519a0a38be4cbbcf40fb5bc1b1173a85af291a3a8697df454a94ad7e05574628?s=96&d=mm&r=g","caption":"Emanuele Rebuffini"},"sameAs":["http:\/\/www.quotidianopiemontese.it\/cultura-arte-e-spettacolo-a-torino\/"],"url":"https:\/\/web.quotidianopiemontese.it\/cultura-arte-e-spettacolo-a-torino\/author\/emanuelerebuffini\/"}]}},"_links":{"self":[{"href":"https:\/\/web.quotidianopiemontese.it\/cultura-arte-e-spettacolo-a-torino\/wp-json\/wp\/v2\/posts\/1092","targetHints":{"allow":["GET"]}}],"collection":[{"href":"https:\/\/web.quotidianopiemontese.it\/cultura-arte-e-spettacolo-a-torino\/wp-json\/wp\/v2\/posts"}],"about":[{"href":"https:\/\/web.quotidianopiemontese.it\/cultura-arte-e-spettacolo-a-torino\/wp-json\/wp\/v2\/types\/post"}],"author":[{"embeddable":true,"href":"https:\/\/web.quotidianopiemontese.it\/cultura-arte-e-spettacolo-a-torino\/wp-json\/wp\/v2\/users\/1361"}],"replies":[{"embeddable":true,"href":"https:\/\/web.quotidianopiemontese.it\/cultura-arte-e-spettacolo-a-torino\/wp-json\/wp\/v2\/comments?post=1092"}],"version-history":[{"count":0,"href":"https:\/\/web.quotidianopiemontese.it\/cultura-arte-e-spettacolo-a-torino\/wp-json\/wp\/v2\/posts\/1092\/revisions"}],"wp:featuredmedia":[{"embeddable":true,"href":"https:\/\/web.quotidianopiemontese.it\/cultura-arte-e-spettacolo-a-torino\/wp-json\/wp\/v2\/media\/1093"}],"wp:attachment":[{"href":"https:\/\/web.quotidianopiemontese.it\/cultura-arte-e-spettacolo-a-torino\/wp-json\/wp\/v2\/media?parent=1092"}],"wp:term":[{"taxonomy":"category","embeddable":true,"href":"https:\/\/web.quotidianopiemontese.it\/cultura-arte-e-spettacolo-a-torino\/wp-json\/wp\/v2\/categories?post=1092"},{"taxonomy":"post_tag","embeddable":true,"href":"https:\/\/web.quotidianopiemontese.it\/cultura-arte-e-spettacolo-a-torino\/wp-json\/wp\/v2\/tags?post=1092"}],"curies":[{"name":"wp","href":"https:\/\/api.w.org\/{rel}","templated":true}]}}