{"id":1018,"date":"2022-06-13T10:18:37","date_gmt":"2022-06-13T08:18:37","guid":{"rendered":"http:\/\/web.quotidianopiemontese.it\/cultura-arte-e-spettacolo-a-torino\/?p=1018"},"modified":"2022-06-13T10:18:37","modified_gmt":"2022-06-13T08:18:37","slug":"1900-1940-gli-anni-ruggenti-della-fotografia-mostra-camera","status":"publish","type":"post","link":"https:\/\/web.quotidianopiemontese.it\/cultura-arte-e-spettacolo-a-torino\/1900-1940-gli-anni-ruggenti-della-fotografia-mostra-camera\/","title":{"rendered":"1900-1940: gli anni \u201cruggenti\u201d della fotografia in mostra a \u00abCamera\u00bb"},"content":{"rendered":"<p>Tra il 1977 e il 1997 il collezionista tedesco <strong>Thomas Walther<\/strong> raccolse le migliori opere fotografiche prodotte nella prima met\u00e0 del XX secolo, in particolare a cavallo delle due guerre, dando vita ad una collezione unica al mondo, <!--more-->per quantit\u00e0 e per rarit\u00e0, che come nessun\u2019altra documenta lo sviluppo della fotografia ed il ruolo da essa assunto nell\u2019ambito delle avanguardie. Oltre <strong>230 opere fotografiche<\/strong>\u00a0della collezione <strong>Thomas Walther<\/strong>, acquisita dal <strong>MoMA-Museum of Modern Art<\/strong> di New York, possono essere ammirate per la prima volta in Italia fino al <strong>26 giugno<\/strong> da <strong>CAMERA-Centro Italiano per la Fotografia, <\/strong>in occasione della mostra <strong>\u00abCapolavori della fotografia moderna 1900-1940\u00bb. <\/strong><\/p>\n<figure id=\"attachment_1023\" aria-describedby=\"caption-attachment-1023\" style=\"width: 300px\" class=\"wp-caption alignnone\"><a href=\"http:\/\/web.quotidianopiemontese.it\/cultura-arte-e-spettacolo-a-torino\/files\/2022\/06\/1_Max-Burchartz-Lotte-Eye-1928.jpg\"><img loading=\"lazy\" decoding=\"async\" class=\"size-medium wp-image-1023\" src=\"http:\/\/web.quotidianopiemontese.it\/cultura-arte-e-spettacolo-a-torino\/files\/2022\/06\/1_Max-Burchartz-Lotte-Eye-1928-300x226.jpg\" alt=\"\" width=\"300\" height=\"226\" srcset=\"https:\/\/web.quotidianopiemontese.it\/cultura-arte-e-spettacolo-a-torino\/files\/2022\/06\/1_Max-Burchartz-Lotte-Eye-1928-300x226.jpg 300w, https:\/\/web.quotidianopiemontese.it\/cultura-arte-e-spettacolo-a-torino\/files\/2022\/06\/1_Max-Burchartz-Lotte-Eye-1928-768x580.jpg 768w, https:\/\/web.quotidianopiemontese.it\/cultura-arte-e-spettacolo-a-torino\/files\/2022\/06\/1_Max-Burchartz-Lotte-Eye-1928-1024x773.jpg 1024w, https:\/\/web.quotidianopiemontese.it\/cultura-arte-e-spettacolo-a-torino\/files\/2022\/06\/1_Max-Burchartz-Lotte-Eye-1928-200x150.jpg 200w\" sizes=\"auto, (max-width: 300px) 85vw, 300px\" \/><\/a><figcaption id=\"caption-attachment-1023\" class=\"wp-caption-text\"><em>Max Burchartz<\/em><br \/><em>Lotte (Eye), 1928<\/em><br \/><em>Gelatin silver print, 30.2 \u00d7 40 cm<\/em><br \/><em>The Museum of Modern Art, New York<\/em><br \/><em>Thomas Walther Collection. Acquired through<\/em><br \/><em>the generosity of Peter Norton<\/em><br \/><em>\u00a9 Max Burchartz, by SIAE 2021<\/em><br \/><em>\u00a9 2021 Max Burchartz \/ Artists Rights Society<\/em><br \/><em>(ARS), New York \/ VG Bild-Kunst, Germany<\/em><br \/><em>Digital Image \u00a9 2021 The Museum<\/em><br \/><em>of Modern Art, New York<\/em><\/figcaption><\/figure>\n<p>Si tratta di scatti di grande importanza storica e valore artistico realizzati da ben 121 autori che hanno saputo ridefinire i canoni della fotografia anche attraverso la sperimentazione di tecniche come collages, doppie esposizioni, immagini cameraless e fotomontaggi. Attraverso immagini iconiche di grandi maestri della fotografia e opere rare di autori poco conosciuti, viene raccontato il fervore creativo che ha attraversato i primi quattro decenni del secolo passato.<\/p>\n<figure id=\"attachment_1024\" aria-describedby=\"caption-attachment-1024\" style=\"width: 227px\" class=\"wp-caption alignnone\"><a href=\"http:\/\/web.quotidianopiemontese.it\/cultura-arte-e-spettacolo-a-torino\/files\/2022\/06\/2_Herbert-Bayer-Humanly-Impossible-Self-Portrait-1932.jpg\"><img loading=\"lazy\" decoding=\"async\" class=\"size-medium wp-image-1024\" src=\"http:\/\/web.quotidianopiemontese.it\/cultura-arte-e-spettacolo-a-torino\/files\/2022\/06\/2_Herbert-Bayer-Humanly-Impossible-Self-Portrait-1932-227x300.jpg\" alt=\"\" width=\"227\" height=\"300\" srcset=\"https:\/\/web.quotidianopiemontese.it\/cultura-arte-e-spettacolo-a-torino\/files\/2022\/06\/2_Herbert-Bayer-Humanly-Impossible-Self-Portrait-1932-227x300.jpg 227w, https:\/\/web.quotidianopiemontese.it\/cultura-arte-e-spettacolo-a-torino\/files\/2022\/06\/2_Herbert-Bayer-Humanly-Impossible-Self-Portrait-1932-768x1014.jpg 768w, https:\/\/web.quotidianopiemontese.it\/cultura-arte-e-spettacolo-a-torino\/files\/2022\/06\/2_Herbert-Bayer-Humanly-Impossible-Self-Portrait-1932-775x1024.jpg 775w\" sizes=\"auto, (max-width: 227px) 85vw, 227px\" \/><\/a><figcaption id=\"caption-attachment-1024\" class=\"wp-caption-text\"><em>Herbert Bayer<\/em><br \/><em>Humanly Impossible (Self-Portrait), 1932<\/em><br \/><em>Gelatin silver print, 38.9 x 29.3 cm<\/em><br \/><em>The Museum of Modern Art, New York<\/em><br \/><em>Thomas Walther Collection. Acquired through<\/em><br \/><em>the generosity of Howard Stein<\/em><br \/><em>\u00a9 Herbert Bayer, by SIAE 2021<\/em><br \/><em>\u00a9 2021 Artists Rights Society (ARS), New York<\/em><br \/><em>\/ VG Bild-Kunst, Bonn<\/em><br \/><em>Digital Image \u00a9 2021 The Museum<\/em><br \/><em>of Modern Art, New York<\/em><\/figcaption><\/figure>\n<p>Accanto ad immagini iconiche di <strong>fotografi americani<\/strong> come Alfred Stieglitz, Edward Steichen, Paul Strand, Walker Evans o Edward Weston ed <strong>europei<\/strong> come Karl Blossfeldt, Brassa\u00ef, Henri Cartier-Bresson, Andr\u00e9 Kert\u00e9sz e August Sander, troviamo anche un numero significativo di donne, come Berenice Abbott, Kate Steinitz, Marianne Breslauer, Claude Cahun, Lore Feininger, Florence Henri, Irene Hoffmann, Lotte Jocobi, Lee Miller, Germaine Krull, Lucia Moholy, Leni Riefenstahl e molte altre.<\/p>\n<figure id=\"attachment_1027\" aria-describedby=\"caption-attachment-1027\" style=\"width: 300px\" class=\"wp-caption alignnone\"><a href=\"http:\/\/web.quotidianopiemontese.it\/cultura-arte-e-spettacolo-a-torino\/files\/2022\/06\/10_Andre\u0301-Kerte\u0301sz-Fork-1928.jpg\"><img loading=\"lazy\" decoding=\"async\" class=\"size-medium wp-image-1027\" src=\"http:\/\/web.quotidianopiemontese.it\/cultura-arte-e-spettacolo-a-torino\/files\/2022\/06\/10_Andre\u0301-Kerte\u0301sz-Fork-1928-300x229.jpg\" alt=\"\" width=\"300\" height=\"229\" srcset=\"https:\/\/web.quotidianopiemontese.it\/cultura-arte-e-spettacolo-a-torino\/files\/2022\/06\/10_Andre\u0301-Kerte\u0301sz-Fork-1928-300x229.jpg 300w, https:\/\/web.quotidianopiemontese.it\/cultura-arte-e-spettacolo-a-torino\/files\/2022\/06\/10_Andre\u0301-Kerte\u0301sz-Fork-1928-768x585.jpg 768w, https:\/\/web.quotidianopiemontese.it\/cultura-arte-e-spettacolo-a-torino\/files\/2022\/06\/10_Andre\u0301-Kerte\u0301sz-Fork-1928-1024x780.jpg 1024w\" sizes=\"auto, (max-width: 300px) 85vw, 300px\" \/><\/a><figcaption id=\"caption-attachment-1027\" class=\"wp-caption-text\"><em>Andr\u00e9 Kert\u00e9sz<\/em><br \/><em>Fork, 1928<\/em><br \/><em>Gelatin silver print, 7 x 9.2 cm<\/em><br \/><em>The Museum of Modern Art, New York<\/em><br \/><em>Thomas Walther Collection. Grace M. Mayer Fund<\/em><br \/><em>\u00a9 Estate of Andr\u00e9 Kert\u00e9sz<\/em><br \/><em>Digital Image \u00a9 2021 The Museum<\/em><br \/><em>of Modern Art, New York<\/em><\/figcaption><\/figure>\n<p>Oltre ai capolavori della <strong>fotografia del Bauhaus<\/strong> (L\u00e1szl\u00f3 Moholy-Nagy, Iwao Yamawaki), del <strong>costruttivismo<\/strong> (El Lissitzky, Aleksandr Rod\u010denko, Gustav Klutsis), del <strong>surrealismo<\/strong> (Man Ray, Maurice Tabard, Raoul Ubac), sono esposte anche le sperimentazioni <strong>futuriste<\/strong> di Anton Giulio Bragaglia e le composizioni astratte di Luigi Veronesi, due fra gli italiani presenti in mostra insieme alla triestina Wanda Wulz e Tina Modotti.<\/p>\n<figure id=\"attachment_1025\" aria-describedby=\"caption-attachment-1025\" style=\"width: 300px\" class=\"wp-caption alignnone\"><a href=\"http:\/\/web.quotidianopiemontese.it\/cultura-arte-e-spettacolo-a-torino\/files\/2022\/06\/13_Berenice-Abbott-Fifth-Avenue-Nos.-4-6-8-Manhattan-March-20-1936.jpg\"><img loading=\"lazy\" decoding=\"async\" class=\"size-medium wp-image-1025\" src=\"http:\/\/web.quotidianopiemontese.it\/cultura-arte-e-spettacolo-a-torino\/files\/2022\/06\/13_Berenice-Abbott-Fifth-Avenue-Nos.-4-6-8-Manhattan-March-20-1936-300x234.jpg\" alt=\"\" width=\"300\" height=\"234\" srcset=\"https:\/\/web.quotidianopiemontese.it\/cultura-arte-e-spettacolo-a-torino\/files\/2022\/06\/13_Berenice-Abbott-Fifth-Avenue-Nos.-4-6-8-Manhattan-March-20-1936-300x234.jpg 300w, https:\/\/web.quotidianopiemontese.it\/cultura-arte-e-spettacolo-a-torino\/files\/2022\/06\/13_Berenice-Abbott-Fifth-Avenue-Nos.-4-6-8-Manhattan-March-20-1936-768x599.jpg 768w, https:\/\/web.quotidianopiemontese.it\/cultura-arte-e-spettacolo-a-torino\/files\/2022\/06\/13_Berenice-Abbott-Fifth-Avenue-Nos.-4-6-8-Manhattan-March-20-1936-1024x799.jpg 1024w\" sizes=\"auto, (max-width: 300px) 85vw, 300px\" \/><\/a><figcaption id=\"caption-attachment-1025\" class=\"wp-caption-text\"><em>Berenice Abbott<\/em><br \/><em>Fifth Avenue, Nos. 4, 6, 8, Manhattan<\/em><br \/><em>March 20, 1936<\/em><br \/><em>Gelatin silver print, 38.6 x 49.5 cm<\/em><br \/><em>The Museum of Modern Art, New York<\/em><br \/><em>Thomas Walther Collection. Gift of Mr. Robert<\/em><br \/><em>C. Weinberg, by exchange<\/em><br \/><em>\u00a9 2021 Estate of Berenice Abbott<\/em><br \/><em>Digital Image \u00a9 2021 The Museum<\/em><br \/><em>of Modern Art, New York<\/em><\/figcaption><\/figure>\n<p><a href=\"http:\/\/www.camera.to\/\">www.camera.to<\/a><\/p>\n<p><strong>Emanuele Rebuffini<\/strong><\/p>\n<figure id=\"attachment_1026\" aria-describedby=\"caption-attachment-1026\" style=\"width: 224px\" class=\"wp-caption alignnone\"><a href=\"http:\/\/web.quotidianopiemontese.it\/cultura-arte-e-spettacolo-a-torino\/files\/2022\/06\/12_Wanda-Wulz-Exercise-1932.jpg\"><img loading=\"lazy\" decoding=\"async\" class=\"size-medium wp-image-1026\" src=\"http:\/\/web.quotidianopiemontese.it\/cultura-arte-e-spettacolo-a-torino\/files\/2022\/06\/12_Wanda-Wulz-Exercise-1932-224x300.jpg\" alt=\"\" width=\"224\" height=\"300\" srcset=\"https:\/\/web.quotidianopiemontese.it\/cultura-arte-e-spettacolo-a-torino\/files\/2022\/06\/12_Wanda-Wulz-Exercise-1932-224x300.jpg 224w, https:\/\/web.quotidianopiemontese.it\/cultura-arte-e-spettacolo-a-torino\/files\/2022\/06\/12_Wanda-Wulz-Exercise-1932-768x1030.jpg 768w, https:\/\/web.quotidianopiemontese.it\/cultura-arte-e-spettacolo-a-torino\/files\/2022\/06\/12_Wanda-Wulz-Exercise-1932-764x1024.jpg 764w\" sizes=\"auto, (max-width: 224px) 85vw, 224px\" \/><\/a><figcaption id=\"caption-attachment-1026\" class=\"wp-caption-text\"><em>Wanda Wulz<\/em><br \/><em>Exercise, 1932<\/em><br \/><em>Gelatin silver print, 29.2 x 21.9 cm<\/em><br \/><em>The Museum of Modern Art, New York<\/em><br \/><em>Thomas Walther Collection. Abbott-Levy<\/em><br \/><em>Collection funds, by exchange.<\/em><br \/><em>New York, Museum of Modern Art (MoMA)<\/em><br \/><em>Digital Image \u00a9 2022 The Museum<\/em><br \/><em>of Modern Art, New York\/Scala, Firenze<\/em><\/figcaption><\/figure>\n","protected":false},"excerpt":{"rendered":"<p>Tra il 1977 e il 1997 il collezionista tedesco Thomas Walther raccolse le migliori opere fotografiche prodotte nella prima met\u00e0 del XX secolo, in particolare a cavallo delle due guerre, dando vita ad una collezione unica al mondo,<\/p>\n","protected":false},"author":1361,"featured_media":1022,"comment_status":"open","ping_status":"open","sticky":false,"template":"","format":"standard","meta":{"footnotes":""},"categories":[1],"tags":[77,213,214],"class_list":["post-1018","post","type-post","status-publish","format-standard","has-post-thumbnail","hentry","category-cultura-arte-spettacolo","tag-camera","tag-moma","tag-thomas-walther"],"yoast_head":"<!-- This site is optimized with the Yoast SEO plugin v27.1.1 - https:\/\/yoast.com\/product\/yoast-seo-wordpress\/ -->\n<title>1900-1940: gli anni \u201cruggenti\u201d della fotografia in mostra a \u00abCamera\u00bb - 13 Giugno 2022<\/title>\n<meta name=\"description\" content=\"1900-1940: gli anni \u201cruggenti\u201d della fotografia in mostra a \u00abCamera\u00bb - Cultura, Arte e Spettacolo a Torino - Tra il 1977 e il 1997 il collezionista tedesco Thomas Walther raccolse le migliori opere fotografiche prodotte nella prima met\u00e0 del XX secolo, in - Camera, MoMA, Thomas Walther\" \/>\n<meta name=\"robots\" content=\"index, follow, max-snippet:-1, max-image-preview:large, max-video-preview:-1\" \/>\n<link rel=\"canonical\" href=\"http:\/\/web.quotidianopiemontese.it\/cultura-arte-e-spettacolo-a-torino\/1900-1940-gli-anni-ruggenti-della-fotografia-mostra-camera\/\" \/>\n<meta property=\"og:locale\" content=\"it_IT\" \/>\n<meta property=\"og:type\" content=\"article\" \/>\n<meta property=\"og:title\" content=\"1900-1940: gli anni \u201cruggenti\u201d della fotografia in mostra a \u00abCamera\u00bb - 13 Giugno 2022\" \/>\n<meta property=\"og:description\" content=\"1900-1940: gli anni \u201cruggenti\u201d della fotografia in mostra a \u00abCamera\u00bb - Cultura, Arte e Spettacolo a Torino - Tra il 1977 e il 1997 il collezionista tedesco Thomas Walther raccolse le migliori opere fotografiche prodotte nella prima met\u00e0 del XX secolo, in - Camera, MoMA, Thomas Walther\" \/>\n<meta property=\"og:url\" content=\"http:\/\/web.quotidianopiemontese.it\/cultura-arte-e-spettacolo-a-torino\/1900-1940-gli-anni-ruggenti-della-fotografia-mostra-camera\/\" \/>\n<meta property=\"og:site_name\" content=\"Cultura, Arte e Spettacolo a Torino\" \/>\n<meta property=\"article:publisher\" content=\"https:\/\/www.facebook.com\/quotidianopiemontese?fref=ts\" \/>\n<meta property=\"article:published_time\" content=\"2022-06-13T08:18:37+00:00\" \/>\n<meta property=\"og:image\" content=\"http:\/\/web.quotidianopiemontese.it\/cultura-arte-e-spettacolo-a-torino\/files\/2022\/06\/287944517_10227817678569057_2650133501557374644_n.jpg\" \/>\n\t<meta property=\"og:image:width\" content=\"843\" \/>\n\t<meta property=\"og:image:height\" content=\"528\" \/>\n\t<meta property=\"og:image:type\" content=\"image\/jpeg\" \/>\n<meta name=\"author\" content=\"Emanuele Rebuffini\" \/>\n<meta name=\"twitter:label1\" content=\"Scritto da\" \/>\n\t<meta name=\"twitter:data1\" content=\"Emanuele Rebuffini\" \/>\n\t<meta name=\"twitter:label2\" content=\"Tempo di lettura stimato\" \/>\n\t<meta name=\"twitter:data2\" content=\"3 minuti\" \/>\n<script type=\"application\/ld+json\" class=\"yoast-schema-graph\">{\"@context\":\"https:\/\/schema.org\",\"@graph\":[{\"@type\":\"Article\",\"@id\":\"http:\/\/web.quotidianopiemontese.it\/cultura-arte-e-spettacolo-a-torino\/1900-1940-gli-anni-ruggenti-della-fotografia-mostra-camera\/#article\",\"isPartOf\":{\"@id\":\"http:\/\/web.quotidianopiemontese.it\/cultura-arte-e-spettacolo-a-torino\/1900-1940-gli-anni-ruggenti-della-fotografia-mostra-camera\/\"},\"author\":{\"name\":\"Emanuele Rebuffini\",\"@id\":\"https:\/\/web.quotidianopiemontese.it\/cultura-arte-e-spettacolo-a-torino\/#\/schema\/person\/b035109a4cc7d3e93911b78d8cebf3a0\"},\"headline\":\"1900-1940: gli anni \u201cruggenti\u201d della fotografia in mostra a \u00abCamera\u00bb\",\"datePublished\":\"2022-06-13T08:18:37+00:00\",\"mainEntityOfPage\":{\"@id\":\"http:\/\/web.quotidianopiemontese.it\/cultura-arte-e-spettacolo-a-torino\/1900-1940-gli-anni-ruggenti-della-fotografia-mostra-camera\/\"},\"wordCount\":568,\"commentCount\":0,\"image\":{\"@id\":\"http:\/\/web.quotidianopiemontese.it\/cultura-arte-e-spettacolo-a-torino\/1900-1940-gli-anni-ruggenti-della-fotografia-mostra-camera\/#primaryimage\"},\"thumbnailUrl\":\"https:\/\/web.quotidianopiemontese.it\/cultura-arte-e-spettacolo-a-torino\/files\/2022\/06\/287944517_10227817678569057_2650133501557374644_n.jpg\",\"keywords\":[\"Camera\",\"MoMA\",\"Thomas Walther\"],\"articleSection\":[\"Cultura, arte, spettacolo\"],\"inLanguage\":\"it-IT\",\"potentialAction\":[{\"@type\":\"CommentAction\",\"name\":\"Comment\",\"target\":[\"http:\/\/web.quotidianopiemontese.it\/cultura-arte-e-spettacolo-a-torino\/1900-1940-gli-anni-ruggenti-della-fotografia-mostra-camera\/#respond\"]}]},{\"@type\":\"WebPage\",\"@id\":\"http:\/\/web.quotidianopiemontese.it\/cultura-arte-e-spettacolo-a-torino\/1900-1940-gli-anni-ruggenti-della-fotografia-mostra-camera\/\",\"url\":\"http:\/\/web.quotidianopiemontese.it\/cultura-arte-e-spettacolo-a-torino\/1900-1940-gli-anni-ruggenti-della-fotografia-mostra-camera\/\",\"name\":\"1900-1940: gli anni \u201cruggenti\u201d della fotografia in mostra a \u00abCamera\u00bb - 13 Giugno 2022\",\"isPartOf\":{\"@id\":\"https:\/\/web.quotidianopiemontese.it\/cultura-arte-e-spettacolo-a-torino\/#website\"},\"primaryImageOfPage\":{\"@id\":\"http:\/\/web.quotidianopiemontese.it\/cultura-arte-e-spettacolo-a-torino\/1900-1940-gli-anni-ruggenti-della-fotografia-mostra-camera\/#primaryimage\"},\"image\":{\"@id\":\"http:\/\/web.quotidianopiemontese.it\/cultura-arte-e-spettacolo-a-torino\/1900-1940-gli-anni-ruggenti-della-fotografia-mostra-camera\/#primaryimage\"},\"thumbnailUrl\":\"https:\/\/web.quotidianopiemontese.it\/cultura-arte-e-spettacolo-a-torino\/files\/2022\/06\/287944517_10227817678569057_2650133501557374644_n.jpg\",\"datePublished\":\"2022-06-13T08:18:37+00:00\",\"author\":{\"@id\":\"https:\/\/web.quotidianopiemontese.it\/cultura-arte-e-spettacolo-a-torino\/#\/schema\/person\/b035109a4cc7d3e93911b78d8cebf3a0\"},\"description\":\"1900-1940: gli anni \u201cruggenti\u201d della fotografia in mostra a \u00abCamera\u00bb - Cultura, Arte e Spettacolo a Torino - Tra il 1977 e il 1997 il collezionista tedesco Thomas Walther raccolse le migliori opere fotografiche prodotte nella prima met\u00e0 del XX secolo, in - Camera, MoMA, Thomas Walther\",\"inLanguage\":\"it-IT\",\"potentialAction\":[{\"@type\":\"ReadAction\",\"target\":[\"http:\/\/web.quotidianopiemontese.it\/cultura-arte-e-spettacolo-a-torino\/1900-1940-gli-anni-ruggenti-della-fotografia-mostra-camera\/\"]}]},{\"@type\":\"ImageObject\",\"inLanguage\":\"it-IT\",\"@id\":\"http:\/\/web.quotidianopiemontese.it\/cultura-arte-e-spettacolo-a-torino\/1900-1940-gli-anni-ruggenti-della-fotografia-mostra-camera\/#primaryimage\",\"url\":\"https:\/\/web.quotidianopiemontese.it\/cultura-arte-e-spettacolo-a-torino\/files\/2022\/06\/287944517_10227817678569057_2650133501557374644_n.jpg\",\"contentUrl\":\"https:\/\/web.quotidianopiemontese.it\/cultura-arte-e-spettacolo-a-torino\/files\/2022\/06\/287944517_10227817678569057_2650133501557374644_n.jpg\",\"width\":843,\"height\":528},{\"@type\":\"WebSite\",\"@id\":\"https:\/\/web.quotidianopiemontese.it\/cultura-arte-e-spettacolo-a-torino\/#website\",\"url\":\"https:\/\/web.quotidianopiemontese.it\/cultura-arte-e-spettacolo-a-torino\/\",\"name\":\"Cultura, Arte e Spettacolo a Torino\",\"description\":\"Quotidiano Piemontese\",\"potentialAction\":[{\"@type\":\"SearchAction\",\"target\":{\"@type\":\"EntryPoint\",\"urlTemplate\":\"https:\/\/web.quotidianopiemontese.it\/cultura-arte-e-spettacolo-a-torino\/?s={search_term_string}\"},\"query-input\":{\"@type\":\"PropertyValueSpecification\",\"valueRequired\":true,\"valueName\":\"search_term_string\"}}],\"inLanguage\":\"it-IT\"},{\"@type\":\"Person\",\"@id\":\"https:\/\/web.quotidianopiemontese.it\/cultura-arte-e-spettacolo-a-torino\/#\/schema\/person\/b035109a4cc7d3e93911b78d8cebf3a0\",\"name\":\"Emanuele Rebuffini\",\"image\":{\"@type\":\"ImageObject\",\"inLanguage\":\"it-IT\",\"@id\":\"https:\/\/web.quotidianopiemontese.it\/cultura-arte-e-spettacolo-a-torino\/#\/schema\/person\/image\/\",\"url\":\"https:\/\/secure.gravatar.com\/avatar\/519a0a38be4cbbcf40fb5bc1b1173a85af291a3a8697df454a94ad7e05574628?s=96&d=mm&r=g\",\"contentUrl\":\"https:\/\/secure.gravatar.com\/avatar\/519a0a38be4cbbcf40fb5bc1b1173a85af291a3a8697df454a94ad7e05574628?s=96&d=mm&r=g\",\"caption\":\"Emanuele Rebuffini\"},\"sameAs\":[\"http:\/\/www.quotidianopiemontese.it\/cultura-arte-e-spettacolo-a-torino\/\"],\"url\":\"https:\/\/web.quotidianopiemontese.it\/cultura-arte-e-spettacolo-a-torino\/author\/emanuelerebuffini\/\"}]}<\/script>\n<!-- \/ Yoast SEO plugin. -->","yoast_head_json":{"title":"1900-1940: gli anni \u201cruggenti\u201d della fotografia in mostra a \u00abCamera\u00bb - 13 Giugno 2022","description":"1900-1940: gli anni \u201cruggenti\u201d della fotografia in mostra a \u00abCamera\u00bb - Cultura, Arte e Spettacolo a Torino - Tra il 1977 e il 1997 il collezionista tedesco Thomas Walther raccolse le migliori opere fotografiche prodotte nella prima met\u00e0 del XX secolo, in - Camera, MoMA, Thomas Walther","robots":{"index":"index","follow":"follow","max-snippet":"max-snippet:-1","max-image-preview":"max-image-preview:large","max-video-preview":"max-video-preview:-1"},"canonical":"http:\/\/web.quotidianopiemontese.it\/cultura-arte-e-spettacolo-a-torino\/1900-1940-gli-anni-ruggenti-della-fotografia-mostra-camera\/","og_locale":"it_IT","og_type":"article","og_title":"1900-1940: gli anni \u201cruggenti\u201d della fotografia in mostra a \u00abCamera\u00bb - 13 Giugno 2022","og_description":"1900-1940: gli anni \u201cruggenti\u201d della fotografia in mostra a \u00abCamera\u00bb - Cultura, Arte e Spettacolo a Torino - Tra il 1977 e il 1997 il collezionista tedesco Thomas Walther raccolse le migliori opere fotografiche prodotte nella prima met\u00e0 del XX secolo, in - Camera, MoMA, Thomas Walther","og_url":"http:\/\/web.quotidianopiemontese.it\/cultura-arte-e-spettacolo-a-torino\/1900-1940-gli-anni-ruggenti-della-fotografia-mostra-camera\/","og_site_name":"Cultura, Arte e Spettacolo a Torino","article_publisher":"https:\/\/www.facebook.com\/quotidianopiemontese?fref=ts","article_published_time":"2022-06-13T08:18:37+00:00","og_image":[{"width":843,"height":528,"url":"http:\/\/web.quotidianopiemontese.it\/cultura-arte-e-spettacolo-a-torino\/files\/2022\/06\/287944517_10227817678569057_2650133501557374644_n.jpg","type":"image\/jpeg"}],"author":"Emanuele Rebuffini","twitter_misc":{"Scritto da":"Emanuele Rebuffini","Tempo di lettura stimato":"3 minuti"},"schema":{"@context":"https:\/\/schema.org","@graph":[{"@type":"Article","@id":"http:\/\/web.quotidianopiemontese.it\/cultura-arte-e-spettacolo-a-torino\/1900-1940-gli-anni-ruggenti-della-fotografia-mostra-camera\/#article","isPartOf":{"@id":"http:\/\/web.quotidianopiemontese.it\/cultura-arte-e-spettacolo-a-torino\/1900-1940-gli-anni-ruggenti-della-fotografia-mostra-camera\/"},"author":{"name":"Emanuele Rebuffini","@id":"https:\/\/web.quotidianopiemontese.it\/cultura-arte-e-spettacolo-a-torino\/#\/schema\/person\/b035109a4cc7d3e93911b78d8cebf3a0"},"headline":"1900-1940: gli anni \u201cruggenti\u201d della fotografia in mostra a \u00abCamera\u00bb","datePublished":"2022-06-13T08:18:37+00:00","mainEntityOfPage":{"@id":"http:\/\/web.quotidianopiemontese.it\/cultura-arte-e-spettacolo-a-torino\/1900-1940-gli-anni-ruggenti-della-fotografia-mostra-camera\/"},"wordCount":568,"commentCount":0,"image":{"@id":"http:\/\/web.quotidianopiemontese.it\/cultura-arte-e-spettacolo-a-torino\/1900-1940-gli-anni-ruggenti-della-fotografia-mostra-camera\/#primaryimage"},"thumbnailUrl":"https:\/\/web.quotidianopiemontese.it\/cultura-arte-e-spettacolo-a-torino\/files\/2022\/06\/287944517_10227817678569057_2650133501557374644_n.jpg","keywords":["Camera","MoMA","Thomas Walther"],"articleSection":["Cultura, arte, spettacolo"],"inLanguage":"it-IT","potentialAction":[{"@type":"CommentAction","name":"Comment","target":["http:\/\/web.quotidianopiemontese.it\/cultura-arte-e-spettacolo-a-torino\/1900-1940-gli-anni-ruggenti-della-fotografia-mostra-camera\/#respond"]}]},{"@type":"WebPage","@id":"http:\/\/web.quotidianopiemontese.it\/cultura-arte-e-spettacolo-a-torino\/1900-1940-gli-anni-ruggenti-della-fotografia-mostra-camera\/","url":"http:\/\/web.quotidianopiemontese.it\/cultura-arte-e-spettacolo-a-torino\/1900-1940-gli-anni-ruggenti-della-fotografia-mostra-camera\/","name":"1900-1940: gli anni \u201cruggenti\u201d della fotografia in mostra a \u00abCamera\u00bb - 13 Giugno 2022","isPartOf":{"@id":"https:\/\/web.quotidianopiemontese.it\/cultura-arte-e-spettacolo-a-torino\/#website"},"primaryImageOfPage":{"@id":"http:\/\/web.quotidianopiemontese.it\/cultura-arte-e-spettacolo-a-torino\/1900-1940-gli-anni-ruggenti-della-fotografia-mostra-camera\/#primaryimage"},"image":{"@id":"http:\/\/web.quotidianopiemontese.it\/cultura-arte-e-spettacolo-a-torino\/1900-1940-gli-anni-ruggenti-della-fotografia-mostra-camera\/#primaryimage"},"thumbnailUrl":"https:\/\/web.quotidianopiemontese.it\/cultura-arte-e-spettacolo-a-torino\/files\/2022\/06\/287944517_10227817678569057_2650133501557374644_n.jpg","datePublished":"2022-06-13T08:18:37+00:00","author":{"@id":"https:\/\/web.quotidianopiemontese.it\/cultura-arte-e-spettacolo-a-torino\/#\/schema\/person\/b035109a4cc7d3e93911b78d8cebf3a0"},"description":"1900-1940: gli anni \u201cruggenti\u201d della fotografia in mostra a \u00abCamera\u00bb - Cultura, Arte e Spettacolo a Torino - Tra il 1977 e il 1997 il collezionista tedesco Thomas Walther raccolse le migliori opere fotografiche prodotte nella prima met\u00e0 del XX secolo, in - Camera, MoMA, Thomas Walther","inLanguage":"it-IT","potentialAction":[{"@type":"ReadAction","target":["http:\/\/web.quotidianopiemontese.it\/cultura-arte-e-spettacolo-a-torino\/1900-1940-gli-anni-ruggenti-della-fotografia-mostra-camera\/"]}]},{"@type":"ImageObject","inLanguage":"it-IT","@id":"http:\/\/web.quotidianopiemontese.it\/cultura-arte-e-spettacolo-a-torino\/1900-1940-gli-anni-ruggenti-della-fotografia-mostra-camera\/#primaryimage","url":"https:\/\/web.quotidianopiemontese.it\/cultura-arte-e-spettacolo-a-torino\/files\/2022\/06\/287944517_10227817678569057_2650133501557374644_n.jpg","contentUrl":"https:\/\/web.quotidianopiemontese.it\/cultura-arte-e-spettacolo-a-torino\/files\/2022\/06\/287944517_10227817678569057_2650133501557374644_n.jpg","width":843,"height":528},{"@type":"WebSite","@id":"https:\/\/web.quotidianopiemontese.it\/cultura-arte-e-spettacolo-a-torino\/#website","url":"https:\/\/web.quotidianopiemontese.it\/cultura-arte-e-spettacolo-a-torino\/","name":"Cultura, Arte e Spettacolo a Torino","description":"Quotidiano Piemontese","potentialAction":[{"@type":"SearchAction","target":{"@type":"EntryPoint","urlTemplate":"https:\/\/web.quotidianopiemontese.it\/cultura-arte-e-spettacolo-a-torino\/?s={search_term_string}"},"query-input":{"@type":"PropertyValueSpecification","valueRequired":true,"valueName":"search_term_string"}}],"inLanguage":"it-IT"},{"@type":"Person","@id":"https:\/\/web.quotidianopiemontese.it\/cultura-arte-e-spettacolo-a-torino\/#\/schema\/person\/b035109a4cc7d3e93911b78d8cebf3a0","name":"Emanuele Rebuffini","image":{"@type":"ImageObject","inLanguage":"it-IT","@id":"https:\/\/web.quotidianopiemontese.it\/cultura-arte-e-spettacolo-a-torino\/#\/schema\/person\/image\/","url":"https:\/\/secure.gravatar.com\/avatar\/519a0a38be4cbbcf40fb5bc1b1173a85af291a3a8697df454a94ad7e05574628?s=96&d=mm&r=g","contentUrl":"https:\/\/secure.gravatar.com\/avatar\/519a0a38be4cbbcf40fb5bc1b1173a85af291a3a8697df454a94ad7e05574628?s=96&d=mm&r=g","caption":"Emanuele Rebuffini"},"sameAs":["http:\/\/www.quotidianopiemontese.it\/cultura-arte-e-spettacolo-a-torino\/"],"url":"https:\/\/web.quotidianopiemontese.it\/cultura-arte-e-spettacolo-a-torino\/author\/emanuelerebuffini\/"}]}},"_links":{"self":[{"href":"https:\/\/web.quotidianopiemontese.it\/cultura-arte-e-spettacolo-a-torino\/wp-json\/wp\/v2\/posts\/1018","targetHints":{"allow":["GET"]}}],"collection":[{"href":"https:\/\/web.quotidianopiemontese.it\/cultura-arte-e-spettacolo-a-torino\/wp-json\/wp\/v2\/posts"}],"about":[{"href":"https:\/\/web.quotidianopiemontese.it\/cultura-arte-e-spettacolo-a-torino\/wp-json\/wp\/v2\/types\/post"}],"author":[{"embeddable":true,"href":"https:\/\/web.quotidianopiemontese.it\/cultura-arte-e-spettacolo-a-torino\/wp-json\/wp\/v2\/users\/1361"}],"replies":[{"embeddable":true,"href":"https:\/\/web.quotidianopiemontese.it\/cultura-arte-e-spettacolo-a-torino\/wp-json\/wp\/v2\/comments?post=1018"}],"version-history":[{"count":0,"href":"https:\/\/web.quotidianopiemontese.it\/cultura-arte-e-spettacolo-a-torino\/wp-json\/wp\/v2\/posts\/1018\/revisions"}],"wp:featuredmedia":[{"embeddable":true,"href":"https:\/\/web.quotidianopiemontese.it\/cultura-arte-e-spettacolo-a-torino\/wp-json\/wp\/v2\/media\/1022"}],"wp:attachment":[{"href":"https:\/\/web.quotidianopiemontese.it\/cultura-arte-e-spettacolo-a-torino\/wp-json\/wp\/v2\/media?parent=1018"}],"wp:term":[{"taxonomy":"category","embeddable":true,"href":"https:\/\/web.quotidianopiemontese.it\/cultura-arte-e-spettacolo-a-torino\/wp-json\/wp\/v2\/categories?post=1018"},{"taxonomy":"post_tag","embeddable":true,"href":"https:\/\/web.quotidianopiemontese.it\/cultura-arte-e-spettacolo-a-torino\/wp-json\/wp\/v2\/tags?post=1018"}],"curies":[{"name":"wp","href":"https:\/\/api.w.org\/{rel}","templated":true}]}}