{"id":1006,"date":"2022-05-31T09:57:50","date_gmt":"2022-05-31T07:57:50","guid":{"rendered":"http:\/\/web.quotidianopiemontese.it\/cultura-arte-e-spettacolo-a-torino\/?p=1006"},"modified":"2022-09-23T12:12:17","modified_gmt":"2022-09-23T10:12:17","slug":"passeggiando-new-york-chicago-vivian-maier-inedita","status":"publish","type":"post","link":"https:\/\/web.quotidianopiemontese.it\/cultura-arte-e-spettacolo-a-torino\/passeggiando-new-york-chicago-vivian-maier-inedita\/","title":{"rendered":"Passeggiando tra New York e Chicago. Vivian Maier \u201cinedita\u201d"},"content":{"rendered":"<p><em>\u00abCritica cinematografica e <\/em><em>fotografa straordinaria<\/em><em>\u00bb.<\/em> Il 23 aprile 2009 sul \u201cChicago Tribune\u201d esce un necrologio firmato da John, Lane e Matthews Gensburg. I tre fratelli rendevano cos\u00ec omaggio alla loro tata, che li aveva accuditi da bambini tra il 1956 ed il 1972. Si chiamava <strong>Vivian Maier, <\/strong>era nata a Manhattan nel 1926 da madre francese e padre austriaco. <!--more-->Cresciuta in Francia, rientrer\u00e0 poi a New York con la madre nel 1938. Una donna colta ed intraprendente, una vita trascorsa a lavorare come bambinaia per decine di famiglie di New York e di Chicago e a scattare fotografie, e morta in povert\u00e0 all\u2019et\u00e0 di ottantatr\u00e9 anni. Senza sapere che due anni prima il suo box, con tutte le scatole che vi erano contenute, era stato messo all\u2019asta per il mancato pagamento dell\u2019affitto. Ad acquistarlo fu John Maloof, giovane artista ed agente immobiliare, che si ritrov\u00f2 cos\u00ec tra le mani un tesoro di oltre 140mila immagini tra stampe, negativi e pellicole non sviluppate. Nasceva cos\u00ec la leggenda della<strong> \u201ctata fotografa\u201d,<\/strong> oggi universalmente riconosciuta come una delle massime esponenti della \u201cStreet photography\u201d.<\/p>\n<figure id=\"attachment_1008\" aria-describedby=\"caption-attachment-1008\" style=\"width: 300px\" class=\"wp-caption alignnone\"><a href=\"http:\/\/web.quotidianopiemontese.it\/cultura-arte-e-spettacolo-a-torino\/files\/2022\/05\/02-Vivian-Maier.jpg\"><img loading=\"lazy\" decoding=\"async\" class=\"size-medium wp-image-1008\" src=\"http:\/\/web.quotidianopiemontese.it\/cultura-arte-e-spettacolo-a-torino\/files\/2022\/05\/02-Vivian-Maier-300x298.jpg\" alt=\"\" width=\"300\" height=\"298\" srcset=\"https:\/\/web.quotidianopiemontese.it\/cultura-arte-e-spettacolo-a-torino\/files\/2022\/05\/02-Vivian-Maier-300x298.jpg 300w, https:\/\/web.quotidianopiemontese.it\/cultura-arte-e-spettacolo-a-torino\/files\/2022\/05\/02-Vivian-Maier-150x150.jpg 150w, https:\/\/web.quotidianopiemontese.it\/cultura-arte-e-spettacolo-a-torino\/files\/2022\/05\/02-Vivian-Maier-768x762.jpg 768w, https:\/\/web.quotidianopiemontese.it\/cultura-arte-e-spettacolo-a-torino\/files\/2022\/05\/02-Vivian-Maier-1024x1016.jpg 1024w, https:\/\/web.quotidianopiemontese.it\/cultura-arte-e-spettacolo-a-torino\/files\/2022\/05\/02-Vivian-Maier-200x200.jpg 200w, https:\/\/web.quotidianopiemontese.it\/cultura-arte-e-spettacolo-a-torino\/files\/2022\/05\/02-Vivian-Maier-100x100.jpg 100w, https:\/\/web.quotidianopiemontese.it\/cultura-arte-e-spettacolo-a-torino\/files\/2022\/05\/02-Vivian-Maier-80x80.jpg 80w, https:\/\/web.quotidianopiemontese.it\/cultura-arte-e-spettacolo-a-torino\/files\/2022\/05\/02-Vivian-Maier.jpg 1143w\" sizes=\"auto, (max-width: 300px) 85vw, 300px\" \/><\/a><figcaption id=\"caption-attachment-1008\" class=\"wp-caption-text\"><em>Vivian Maier, Self-portrait, n.d, Gelatin silver print, 2020 \u00a9Estate of Vivian Maier, Courtesy of Maloof Collection and Howard Greenberg Gallery, NY<\/em><\/figcaption><\/figure>\n<p><!--more--><\/p>\n<p>La sorprendente vicenda umana ed artistica di <strong>Vivian<\/strong><strong> Maier <\/strong>viene ricostruita nella mostra <strong>\u00ab<\/strong><strong>Inedita<\/strong><strong>\u00bb<\/strong>, ospitata fino al <strong>26 giugno <\/strong>alle <strong>Sale Chiablese<\/strong> dei Musei Reali di Torino. Curata da <strong>Anne Morin,<\/strong> l\u2019esposizione presenta oltre 250 immagini, molte delle quali inedite o rare, come la serie di scatti realizzati durante il suo viaggio in Italia, in particolare a Torino e Genova, nell\u2019estate del 1959 (nel luglio di quell\u2019anno Vivian Maier passeggia per Torino e fotografa le mura romane, il Duomo, piazza Castello, il mercato di Porta Palazzo), e quelle a colori, scattate lungo tutto il corso della sua vita. A queste si aggiungono dieci filmati in formato Super 8, due audio con la sua voce e vari oggetti che le sono appartenuti come le sue macchine fotografiche, la Rolleiflex (acquistata nel 1951 dopo aver venduto la casa di famiglia a Champsaur) e la Leica (utilizzata a partire dalla met\u00e0 degli anni Settanta), e uno dei suoi cappelli.<\/p>\n<figure id=\"attachment_1009\" aria-describedby=\"caption-attachment-1009\" style=\"width: 300px\" class=\"wp-caption alignnone\"><a href=\"http:\/\/web.quotidianopiemontese.it\/cultura-arte-e-spettacolo-a-torino\/files\/2022\/05\/04-\u2013-Vivian-Maier.jpg\"><img loading=\"lazy\" decoding=\"async\" class=\"size-medium wp-image-1009\" src=\"http:\/\/web.quotidianopiemontese.it\/cultura-arte-e-spettacolo-a-torino\/files\/2022\/05\/04-\u2013-Vivian-Maier-300x300.jpg\" alt=\"\" width=\"300\" height=\"300\" srcset=\"https:\/\/web.quotidianopiemontese.it\/cultura-arte-e-spettacolo-a-torino\/files\/2022\/05\/04-\u2013-Vivian-Maier-300x300.jpg 300w, https:\/\/web.quotidianopiemontese.it\/cultura-arte-e-spettacolo-a-torino\/files\/2022\/05\/04-\u2013-Vivian-Maier-150x150.jpg 150w, https:\/\/web.quotidianopiemontese.it\/cultura-arte-e-spettacolo-a-torino\/files\/2022\/05\/04-\u2013-Vivian-Maier-1024x1019.jpg 1024w, https:\/\/web.quotidianopiemontese.it\/cultura-arte-e-spettacolo-a-torino\/files\/2022\/05\/04-\u2013-Vivian-Maier-200x200.jpg 200w, https:\/\/web.quotidianopiemontese.it\/cultura-arte-e-spettacolo-a-torino\/files\/2022\/05\/04-\u2013-Vivian-Maier-100x100.jpg 100w, https:\/\/web.quotidianopiemontese.it\/cultura-arte-e-spettacolo-a-torino\/files\/2022\/05\/04-\u2013-Vivian-Maier-80x80.jpg 80w, https:\/\/web.quotidianopiemontese.it\/cultura-arte-e-spettacolo-a-torino\/files\/2022\/05\/04-\u2013-Vivian-Maier-400x400.jpg 400w, https:\/\/web.quotidianopiemontese.it\/cultura-arte-e-spettacolo-a-torino\/files\/2022\/05\/04-\u2013-Vivian-Maier.jpg 1266w\" sizes=\"auto, (max-width: 300px) 85vw, 300px\" \/><\/a><figcaption id=\"caption-attachment-1009\" class=\"wp-caption-text\"><em>Vivian Maier, Chicago, IL, Gelatin silver print, 2020 \u00a9Estate of Vivian Maier, Courtesy of Maloof Collection and Howard Greenberg Gallery, NY<\/em><\/figcaption><\/figure>\n<p>Il suo sguardo sempre attento ad esplorare le relazioni tra gli spazi urbani e le persone, privilegiava gli istanti residuali della vita sociale cui nessuno presta attenzione, quello che generalmente non si nota. Nelle sue cronache fotografiche da marciapiede si soffermava su coloro che sono relegati ai margini della modernit\u00e0 cos\u00ec come sulle eleganti signore dell\u2019alta societ\u00e0, cogliendo l\u2019universalit\u00e0 della condizione umana.<\/p>\n<p>La mostra tocca i temi pi\u00f9 caratteristici della sua cifra stilistica e si apre con la serie dei suoi autoritratti \u00a0riflessi negli specchi o nelle vetrine, mentre la sua lunga ombra invade l\u2019obiettivo.<\/p>\n<figure id=\"attachment_1010\" aria-describedby=\"caption-attachment-1010\" style=\"width: 300px\" class=\"wp-caption alignnone\"><a href=\"http:\/\/web.quotidianopiemontese.it\/cultura-arte-e-spettacolo-a-torino\/files\/2022\/05\/10-\u2013-Vivian-Maier.jpg\"><img loading=\"lazy\" decoding=\"async\" class=\"size-medium wp-image-1010\" src=\"http:\/\/web.quotidianopiemontese.it\/cultura-arte-e-spettacolo-a-torino\/files\/2022\/05\/10-\u2013-Vivian-Maier-300x300.jpg\" alt=\"\" width=\"300\" height=\"300\" srcset=\"https:\/\/web.quotidianopiemontese.it\/cultura-arte-e-spettacolo-a-torino\/files\/2022\/05\/10-\u2013-Vivian-Maier-300x300.jpg 300w, https:\/\/web.quotidianopiemontese.it\/cultura-arte-e-spettacolo-a-torino\/files\/2022\/05\/10-\u2013-Vivian-Maier-150x150.jpg 150w, https:\/\/web.quotidianopiemontese.it\/cultura-arte-e-spettacolo-a-torino\/files\/2022\/05\/10-\u2013-Vivian-Maier-768x768.jpg 768w, https:\/\/web.quotidianopiemontese.it\/cultura-arte-e-spettacolo-a-torino\/files\/2022\/05\/10-\u2013-Vivian-Maier-200x200.jpg 200w, https:\/\/web.quotidianopiemontese.it\/cultura-arte-e-spettacolo-a-torino\/files\/2022\/05\/10-\u2013-Vivian-Maier-100x100.jpg 100w, https:\/\/web.quotidianopiemontese.it\/cultura-arte-e-spettacolo-a-torino\/files\/2022\/05\/10-\u2013-Vivian-Maier-80x80.jpg 80w, https:\/\/web.quotidianopiemontese.it\/cultura-arte-e-spettacolo-a-torino\/files\/2022\/05\/10-\u2013-Vivian-Maier-400x400.jpg 400w, https:\/\/web.quotidianopiemontese.it\/cultura-arte-e-spettacolo-a-torino\/files\/2022\/05\/10-\u2013-Vivian-Maier.jpg 875w\" sizes=\"auto, (max-width: 300px) 85vw, 300px\" \/><\/a><figcaption id=\"caption-attachment-1010\" class=\"wp-caption-text\"><em>Vivian Maier, Chicago, IL, Gelatin silver print, 2014 \u00a9Estate of Vivian Maier, Courtesy of Maloof Collection and Howard Greenberg Gallery, NY<\/em><\/figcaption><\/figure>\n<p>Una sezione \u00e8 dedicata agli scatti catturati tra le strade di New York e Chicago. <strong>Vivian Maier<\/strong> predilige i quartieri proletari delle citt\u00e0 in cui ha vissuto. Instancabile, cammina per tutto il tessuto urbano popolato da persone anonime, che davanti al suo obiettivo diventano protagoniste e recitano inconsciamente un ruolo.<\/p>\n<p>Le scene che diventano oggetto delle sue narrazioni sono spesso aneddoti, coincidenze, sviste della realt\u00e0, momenti della vita sociale a cui nessuno presta attenzione. Ognuna delle sue immagini si trova proprio nel luogo in cui l\u2019ordinario fallisce, dove il reale scivola via e diventa straordinario.<\/p>\n<figure id=\"attachment_1015\" aria-describedby=\"caption-attachment-1015\" style=\"width: 300px\" class=\"wp-caption alignnone\"><a href=\"http:\/\/web.quotidianopiemontese.it\/cultura-arte-e-spettacolo-a-torino\/files\/2022\/05\/08-\u2013-Vivian-Maier.jpg\"><img loading=\"lazy\" decoding=\"async\" class=\"size-medium wp-image-1015\" src=\"http:\/\/web.quotidianopiemontese.it\/cultura-arte-e-spettacolo-a-torino\/files\/2022\/05\/08-\u2013-Vivian-Maier-300x300.jpg\" alt=\"\" width=\"300\" height=\"300\" srcset=\"https:\/\/web.quotidianopiemontese.it\/cultura-arte-e-spettacolo-a-torino\/files\/2022\/05\/08-\u2013-Vivian-Maier-300x300.jpg 300w, https:\/\/web.quotidianopiemontese.it\/cultura-arte-e-spettacolo-a-torino\/files\/2022\/05\/08-\u2013-Vivian-Maier-150x150.jpg 150w, https:\/\/web.quotidianopiemontese.it\/cultura-arte-e-spettacolo-a-torino\/files\/2022\/05\/08-\u2013-Vivian-Maier-768x766.jpg 768w, https:\/\/web.quotidianopiemontese.it\/cultura-arte-e-spettacolo-a-torino\/files\/2022\/05\/08-\u2013-Vivian-Maier-1024x1021.jpg 1024w, https:\/\/web.quotidianopiemontese.it\/cultura-arte-e-spettacolo-a-torino\/files\/2022\/05\/08-\u2013-Vivian-Maier-200x200.jpg 200w, https:\/\/web.quotidianopiemontese.it\/cultura-arte-e-spettacolo-a-torino\/files\/2022\/05\/08-\u2013-Vivian-Maier-100x100.jpg 100w, https:\/\/web.quotidianopiemontese.it\/cultura-arte-e-spettacolo-a-torino\/files\/2022\/05\/08-\u2013-Vivian-Maier-80x80.jpg 80w, https:\/\/web.quotidianopiemontese.it\/cultura-arte-e-spettacolo-a-torino\/files\/2022\/05\/08-\u2013-Vivian-Maier-400x400.jpg 400w, https:\/\/web.quotidianopiemontese.it\/cultura-arte-e-spettacolo-a-torino\/files\/2022\/05\/08-\u2013-Vivian-Maier.jpg 1260w\" sizes=\"auto, (max-width: 300px) 85vw, 300px\" \/><\/a><figcaption id=\"caption-attachment-1015\" class=\"wp-caption-text\"><em>Vivian Maier, Digne, France, August 11, 1959, Gelatin silver print, 2020 \u00a9Estate of Vivian Maier, Courtesy of Maloof Collection and Howard Greenberg Gallery, NY<\/em><\/figcaption><\/figure>\n<p>Oltre ai ritratti,<strong> Vivian Maier <\/strong>si concentra sui gesti, redigendo un inventario degli atteggiamenti e delle posture delle persone fotografate che tradiscono un pensiero, una intenzione, ma che rivela la loro autentica identit\u00e0. Le mani sono spesso le protagoniste di queste immagini perch\u00e9 raccontano, senza saperlo, la vita di coloro a cui appartengono.<\/p>\n<figure id=\"attachment_1011\" aria-describedby=\"caption-attachment-1011\" style=\"width: 300px\" class=\"wp-caption alignnone\"><a href=\"http:\/\/web.quotidianopiemontese.it\/cultura-arte-e-spettacolo-a-torino\/files\/2022\/05\/09-\u2013-Vivian-Maier.jpg\"><img loading=\"lazy\" decoding=\"async\" class=\"size-medium wp-image-1011\" src=\"http:\/\/web.quotidianopiemontese.it\/cultura-arte-e-spettacolo-a-torino\/files\/2022\/05\/09-\u2013-Vivian-Maier-300x300.jpg\" alt=\"\" width=\"300\" height=\"300\" srcset=\"https:\/\/web.quotidianopiemontese.it\/cultura-arte-e-spettacolo-a-torino\/files\/2022\/05\/09-\u2013-Vivian-Maier-300x300.jpg 300w, https:\/\/web.quotidianopiemontese.it\/cultura-arte-e-spettacolo-a-torino\/files\/2022\/05\/09-\u2013-Vivian-Maier-150x150.jpg 150w, https:\/\/web.quotidianopiemontese.it\/cultura-arte-e-spettacolo-a-torino\/files\/2022\/05\/09-\u2013-Vivian-Maier-768x768.jpg 768w, https:\/\/web.quotidianopiemontese.it\/cultura-arte-e-spettacolo-a-torino\/files\/2022\/05\/09-\u2013-Vivian-Maier-200x200.jpg 200w, https:\/\/web.quotidianopiemontese.it\/cultura-arte-e-spettacolo-a-torino\/files\/2022\/05\/09-\u2013-Vivian-Maier-100x100.jpg 100w, https:\/\/web.quotidianopiemontese.it\/cultura-arte-e-spettacolo-a-torino\/files\/2022\/05\/09-\u2013-Vivian-Maier-80x80.jpg 80w, https:\/\/web.quotidianopiemontese.it\/cultura-arte-e-spettacolo-a-torino\/files\/2022\/05\/09-\u2013-Vivian-Maier-400x400.jpg 400w, https:\/\/web.quotidianopiemontese.it\/cultura-arte-e-spettacolo-a-torino\/files\/2022\/05\/09-\u2013-Vivian-Maier.jpg 875w\" sizes=\"auto, (max-width: 300px) 85vw, 300px\" \/><\/a><figcaption id=\"caption-attachment-1011\" class=\"wp-caption-text\"><em>Vivian Maier, Chicago, IL, September 18, 1962, Gelatin silver print, 2012 \u00a9Estate of Vivian Maier, Courtesy of Maloof Collection and Howard Greenberg Gallery, NY<\/em><\/figcaption><\/figure>\n<p>Agli inizi degli anni sessanta si nota un cambiamento nel suo modo di fotografare. La sua relazione con il tempo sta cambiando, e il cinema sta gi\u00e0 cominciando a insinuarsi e ad avere la precedenza sulla fotografia. <strong>Vivian Maier <\/strong>inizia a giocare con il movimento, creando sequenze cinetiche, come se cercasse di trasportare le specificit\u00e0 del linguaggio cinematografico in quello della fotografia, creando delle vere e proprie sequenze di film.<\/p>\n<p>Come naturale conseguenza, inizia a girare con la sua cinepresa Super 8, documentando tutto quello che passava davanti ai suoi occhi, in modo frontale, senza artifici n\u00e9 montaggi.<\/p>\n<figure id=\"attachment_1012\" aria-describedby=\"caption-attachment-1012\" style=\"width: 300px\" class=\"wp-caption alignnone\"><a href=\"http:\/\/web.quotidianopiemontese.it\/cultura-arte-e-spettacolo-a-torino\/files\/2022\/05\/07-\u2013-Vivian-Maier.jpg\"><img loading=\"lazy\" decoding=\"async\" class=\"size-medium wp-image-1012\" src=\"http:\/\/web.quotidianopiemontese.it\/cultura-arte-e-spettacolo-a-torino\/files\/2022\/05\/07-\u2013-Vivian-Maier-300x298.jpg\" alt=\"\" width=\"300\" height=\"298\" srcset=\"https:\/\/web.quotidianopiemontese.it\/cultura-arte-e-spettacolo-a-torino\/files\/2022\/05\/07-\u2013-Vivian-Maier-300x298.jpg 300w, https:\/\/web.quotidianopiemontese.it\/cultura-arte-e-spettacolo-a-torino\/files\/2022\/05\/07-\u2013-Vivian-Maier-150x150.jpg 150w, https:\/\/web.quotidianopiemontese.it\/cultura-arte-e-spettacolo-a-torino\/files\/2022\/05\/07-\u2013-Vivian-Maier-768x762.jpg 768w, https:\/\/web.quotidianopiemontese.it\/cultura-arte-e-spettacolo-a-torino\/files\/2022\/05\/07-\u2013-Vivian-Maier-1024x1016.jpg 1024w, https:\/\/web.quotidianopiemontese.it\/cultura-arte-e-spettacolo-a-torino\/files\/2022\/05\/07-\u2013-Vivian-Maier-200x200.jpg 200w, https:\/\/web.quotidianopiemontese.it\/cultura-arte-e-spettacolo-a-torino\/files\/2022\/05\/07-\u2013-Vivian-Maier-100x100.jpg 100w, https:\/\/web.quotidianopiemontese.it\/cultura-arte-e-spettacolo-a-torino\/files\/2022\/05\/07-\u2013-Vivian-Maier-80x80.jpg 80w, https:\/\/web.quotidianopiemontese.it\/cultura-arte-e-spettacolo-a-torino\/files\/2022\/05\/07-\u2013-Vivian-Maier.jpg 1216w\" sizes=\"auto, (max-width: 300px) 85vw, 300px\" \/><\/a><figcaption id=\"caption-attachment-1012\" class=\"wp-caption-text\"><em>Vivian Maier, Untitled, Gelatin silver print, 2020 \u00a9Estate of Vivian Maier, Courtesy of Maloof Collection and Howard Greenberg Gallery, NY<\/em><\/figcaption><\/figure>\n<p>Un importante capitolo della mostra \u00e8 dedicato alle fotografie a colori. Se da un lato, i lavori in bianco e nero sono profondamente silenziosi, quelli a colori si presentano come uno spazio pieno di suoni, un luogo dove bisogna prima sentire per vedere. Questo concetto musicale di colore sembra riecheggiare nello spazio urbano, come il blues che scorre per le strade di Chicago e, in particolare, nei quartieri popolari frequentati dal <strong>Vivian Maier.<\/strong><\/p>\n<figure id=\"attachment_1016\" aria-describedby=\"caption-attachment-1016\" style=\"width: 250px\" class=\"wp-caption alignnone\"><a href=\"http:\/\/web.quotidianopiemontese.it\/cultura-arte-e-spettacolo-a-torino\/files\/2022\/05\/05-Vivian-Maier-1-250x250.jpg\"><img loading=\"lazy\" decoding=\"async\" class=\"size-full wp-image-1016\" src=\"http:\/\/web.quotidianopiemontese.it\/cultura-arte-e-spettacolo-a-torino\/files\/2022\/05\/05-Vivian-Maier-1-250x250.jpg\" alt=\"\" width=\"250\" height=\"250\" srcset=\"https:\/\/web.quotidianopiemontese.it\/cultura-arte-e-spettacolo-a-torino\/files\/2022\/05\/05-Vivian-Maier-1-250x250.jpg 250w, https:\/\/web.quotidianopiemontese.it\/cultura-arte-e-spettacolo-a-torino\/files\/2022\/05\/05-Vivian-Maier-1-250x250-150x150.jpg 150w, https:\/\/web.quotidianopiemontese.it\/cultura-arte-e-spettacolo-a-torino\/files\/2022\/05\/05-Vivian-Maier-1-250x250-200x200.jpg 200w, https:\/\/web.quotidianopiemontese.it\/cultura-arte-e-spettacolo-a-torino\/files\/2022\/05\/05-Vivian-Maier-1-250x250-100x100.jpg 100w, https:\/\/web.quotidianopiemontese.it\/cultura-arte-e-spettacolo-a-torino\/files\/2022\/05\/05-Vivian-Maier-1-250x250-80x80.jpg 80w\" sizes=\"auto, (max-width: 250px) 85vw, 250px\" \/><\/a><figcaption id=\"caption-attachment-1016\" class=\"wp-caption-text\"><em>Vivian Maier, New York, NY, July 27, 1954, Gelatin silver print, 2012 \u00a9Estate of Vivian Maier, Courtesy of Maloof Collection and Howard Greenberg Gallery, NY<\/em><\/figcaption><\/figure>\n<p>Una sezione \u00e8 dedicata al tema dell\u2019infanzia, che ha accompagnato <strong>Vivian Maier<\/strong> per tutto il corso della vita. Come governante e bambinaia per quasi quarant&#8217;anni ha preso parte alla vita dei bambini a lei affidati, documentando i volti, le emozioni, le espressioni, le smorfie, gli sguardi, cos\u00ec come i giochi, la fantasia e tutto il resto che abita la vita di un bambino.<\/p>\n<figure id=\"attachment_1013\" aria-describedby=\"caption-attachment-1013\" style=\"width: 300px\" class=\"wp-caption alignnone\"><a href=\"http:\/\/web.quotidianopiemontese.it\/cultura-arte-e-spettacolo-a-torino\/files\/2022\/05\/03-Vivian-Maier.jpg\"><img loading=\"lazy\" decoding=\"async\" class=\"size-medium wp-image-1013\" src=\"http:\/\/web.quotidianopiemontese.it\/cultura-arte-e-spettacolo-a-torino\/files\/2022\/05\/03-Vivian-Maier-300x300.jpg\" alt=\"\" width=\"300\" height=\"300\" srcset=\"https:\/\/web.quotidianopiemontese.it\/cultura-arte-e-spettacolo-a-torino\/files\/2022\/05\/03-Vivian-Maier-300x300.jpg 300w, https:\/\/web.quotidianopiemontese.it\/cultura-arte-e-spettacolo-a-torino\/files\/2022\/05\/03-Vivian-Maier-150x150.jpg 150w, https:\/\/web.quotidianopiemontese.it\/cultura-arte-e-spettacolo-a-torino\/files\/2022\/05\/03-Vivian-Maier-200x200.jpg 200w, https:\/\/web.quotidianopiemontese.it\/cultura-arte-e-spettacolo-a-torino\/files\/2022\/05\/03-Vivian-Maier-100x100.jpg 100w, https:\/\/web.quotidianopiemontese.it\/cultura-arte-e-spettacolo-a-torino\/files\/2022\/05\/03-Vivian-Maier-80x80.jpg 80w, https:\/\/web.quotidianopiemontese.it\/cultura-arte-e-spettacolo-a-torino\/files\/2022\/05\/03-Vivian-Maier.jpg 314w\" sizes=\"auto, (max-width: 300px) 85vw, 300px\" \/><\/a><figcaption id=\"caption-attachment-1013\" class=\"wp-caption-text\"><em>Vivian Maier, New York, NY, 1954, Gelatin silver print, 2012 \u00a9Estate of Vivian Maier, Courtesy of Maloof Collection and Howard Greenberg Gallery, NY<\/em><\/figcaption><\/figure>\n<p>http:\/\/www.vivianmaier.it<\/p>\n<p><strong>\u00a0<\/strong><strong>Emanuele Rebuffini<\/strong><\/p>\n<p>&nbsp;<\/p>\n<p>&nbsp;<\/p>\n","protected":false},"excerpt":{"rendered":"<p>\u00abCritica cinematografica e fotografa straordinaria\u00bb. Il 23 aprile 2009 sul \u201cChicago Tribune\u201d esce un necrologio firmato da John, Lane e Matthews Gensburg. I tre fratelli rendevano cos\u00ec omaggio alla loro tata, che li aveva accuditi da bambini tra il 1956 ed il 1972. Si chiamava Vivian Maier, era nata a Manhattan nel 1926 da madre &hellip; <a href=\"https:\/\/web.quotidianopiemontese.it\/cultura-arte-e-spettacolo-a-torino\/passeggiando-new-york-chicago-vivian-maier-inedita\/\" class=\"more-link\">Leggi tutto<span class=\"screen-reader-text\"> &#8220;Passeggiando tra New York e Chicago. Vivian Maier \u201cinedita\u201d&#8221;<\/span><\/a><\/p>\n","protected":false},"author":1361,"featured_media":1007,"comment_status":"open","ping_status":"open","sticky":false,"template":"","format":"standard","meta":{"footnotes":""},"categories":[1],"tags":[212,211],"class_list":["post-1006","post","type-post","status-publish","format-standard","has-post-thumbnail","hentry","category-cultura-arte-spettacolo","tag-musei-reali-torino","tag-vivian-maier"],"yoast_head":"<!-- This site is optimized with the Yoast SEO plugin v27.1.1 - https:\/\/yoast.com\/product\/yoast-seo-wordpress\/ -->\n<title>Passeggiando tra New York e Chicago. Vivian Maier \u201cinedita\u201d - 31 Maggio 2022<\/title>\n<meta name=\"description\" content=\"Passeggiando tra New York e Chicago. Vivian Maier \u201cinedita\u201d - Cultura, Arte e Spettacolo a Torino - \u00abCritica cinematografica e fotografa straordinaria\u00bb. Il 23 aprile 2009 sul \u201cChicago Tribune\u201d esce un necrologio firmato da John, Lane e Matthews Gensburg. - Musei Reali Torino, Vivian Maier\" \/>\n<meta name=\"robots\" content=\"index, follow, max-snippet:-1, max-image-preview:large, max-video-preview:-1\" \/>\n<link rel=\"canonical\" href=\"https:\/\/web.quotidianopiemontese.it\/cultura-arte-e-spettacolo-a-torino\/passeggiando-new-york-chicago-vivian-maier-inedita\/\" \/>\n<meta property=\"og:locale\" content=\"it_IT\" \/>\n<meta property=\"og:type\" content=\"article\" \/>\n<meta property=\"og:title\" content=\"Passeggiando tra New York e Chicago. Vivian Maier \u201cinedita\u201d - 31 Maggio 2022\" \/>\n<meta property=\"og:description\" content=\"Passeggiando tra New York e Chicago. Vivian Maier \u201cinedita\u201d - Cultura, Arte e Spettacolo a Torino - \u00abCritica cinematografica e fotografa straordinaria\u00bb. Il 23 aprile 2009 sul \u201cChicago Tribune\u201d esce un necrologio firmato da John, Lane e Matthews Gensburg. - Musei Reali Torino, Vivian Maier\" \/>\n<meta property=\"og:url\" content=\"https:\/\/web.quotidianopiemontese.it\/cultura-arte-e-spettacolo-a-torino\/passeggiando-new-york-chicago-vivian-maier-inedita\/\" \/>\n<meta property=\"og:site_name\" content=\"Cultura, Arte e Spettacolo a Torino\" \/>\n<meta property=\"article:publisher\" content=\"https:\/\/www.facebook.com\/quotidianopiemontese?fref=ts\" \/>\n<meta property=\"article:published_time\" content=\"2022-05-31T07:57:50+00:00\" \/>\n<meta property=\"article:modified_time\" content=\"2022-09-23T10:12:17+00:00\" \/>\n<meta property=\"og:image\" content=\"https:\/\/web.quotidianopiemontese.it\/cultura-arte-e-spettacolo-a-torino\/files\/2022\/05\/01-\u2013-Vivian-Maier.jpg\" \/>\n\t<meta property=\"og:image:width\" content=\"861\" \/>\n\t<meta property=\"og:image:height\" content=\"842\" \/>\n\t<meta property=\"og:image:type\" content=\"image\/jpeg\" \/>\n<meta name=\"author\" content=\"Emanuele Rebuffini\" \/>\n<meta name=\"twitter:label1\" content=\"Scritto da\" \/>\n\t<meta name=\"twitter:data1\" content=\"Emanuele Rebuffini\" \/>\n\t<meta name=\"twitter:label2\" content=\"Tempo di lettura stimato\" \/>\n\t<meta name=\"twitter:data2\" content=\"8 minuti\" \/>\n<script type=\"application\/ld+json\" class=\"yoast-schema-graph\">{\"@context\":\"https:\/\/schema.org\",\"@graph\":[{\"@type\":\"Article\",\"@id\":\"https:\/\/web.quotidianopiemontese.it\/cultura-arte-e-spettacolo-a-torino\/passeggiando-new-york-chicago-vivian-maier-inedita\/#article\",\"isPartOf\":{\"@id\":\"https:\/\/web.quotidianopiemontese.it\/cultura-arte-e-spettacolo-a-torino\/passeggiando-new-york-chicago-vivian-maier-inedita\/\"},\"author\":{\"name\":\"Emanuele Rebuffini\",\"@id\":\"https:\/\/web.quotidianopiemontese.it\/cultura-arte-e-spettacolo-a-torino\/#\/schema\/person\/b035109a4cc7d3e93911b78d8cebf3a0\"},\"headline\":\"Passeggiando tra New York e Chicago. Vivian Maier \u201cinedita\u201d\",\"datePublished\":\"2022-05-31T07:57:50+00:00\",\"dateModified\":\"2022-09-23T10:12:17+00:00\",\"mainEntityOfPage\":{\"@id\":\"https:\/\/web.quotidianopiemontese.it\/cultura-arte-e-spettacolo-a-torino\/passeggiando-new-york-chicago-vivian-maier-inedita\/\"},\"wordCount\":1048,\"commentCount\":0,\"image\":{\"@id\":\"https:\/\/web.quotidianopiemontese.it\/cultura-arte-e-spettacolo-a-torino\/passeggiando-new-york-chicago-vivian-maier-inedita\/#primaryimage\"},\"thumbnailUrl\":\"https:\/\/web.quotidianopiemontese.it\/cultura-arte-e-spettacolo-a-torino\/files\/2022\/05\/01-\u2013-Vivian-Maier.jpg\",\"keywords\":[\"Musei Reali Torino\",\"Vivian Maier\"],\"articleSection\":[\"Cultura, arte, spettacolo\"],\"inLanguage\":\"it-IT\",\"potentialAction\":[{\"@type\":\"CommentAction\",\"name\":\"Comment\",\"target\":[\"https:\/\/web.quotidianopiemontese.it\/cultura-arte-e-spettacolo-a-torino\/passeggiando-new-york-chicago-vivian-maier-inedita\/#respond\"]}]},{\"@type\":\"WebPage\",\"@id\":\"https:\/\/web.quotidianopiemontese.it\/cultura-arte-e-spettacolo-a-torino\/passeggiando-new-york-chicago-vivian-maier-inedita\/\",\"url\":\"https:\/\/web.quotidianopiemontese.it\/cultura-arte-e-spettacolo-a-torino\/passeggiando-new-york-chicago-vivian-maier-inedita\/\",\"name\":\"Passeggiando tra New York e Chicago. Vivian Maier \u201cinedita\u201d - 31 Maggio 2022\",\"isPartOf\":{\"@id\":\"https:\/\/web.quotidianopiemontese.it\/cultura-arte-e-spettacolo-a-torino\/#website\"},\"primaryImageOfPage\":{\"@id\":\"https:\/\/web.quotidianopiemontese.it\/cultura-arte-e-spettacolo-a-torino\/passeggiando-new-york-chicago-vivian-maier-inedita\/#primaryimage\"},\"image\":{\"@id\":\"https:\/\/web.quotidianopiemontese.it\/cultura-arte-e-spettacolo-a-torino\/passeggiando-new-york-chicago-vivian-maier-inedita\/#primaryimage\"},\"thumbnailUrl\":\"https:\/\/web.quotidianopiemontese.it\/cultura-arte-e-spettacolo-a-torino\/files\/2022\/05\/01-\u2013-Vivian-Maier.jpg\",\"datePublished\":\"2022-05-31T07:57:50+00:00\",\"dateModified\":\"2022-09-23T10:12:17+00:00\",\"author\":{\"@id\":\"https:\/\/web.quotidianopiemontese.it\/cultura-arte-e-spettacolo-a-torino\/#\/schema\/person\/b035109a4cc7d3e93911b78d8cebf3a0\"},\"description\":\"Passeggiando tra New York e Chicago. Vivian Maier \u201cinedita\u201d - Cultura, Arte e Spettacolo a Torino - \u00abCritica cinematografica e fotografa straordinaria\u00bb. Il 23 aprile 2009 sul \u201cChicago Tribune\u201d esce un necrologio firmato da John, Lane e Matthews Gensburg. - Musei Reali Torino, Vivian Maier\",\"inLanguage\":\"it-IT\",\"potentialAction\":[{\"@type\":\"ReadAction\",\"target\":[\"https:\/\/web.quotidianopiemontese.it\/cultura-arte-e-spettacolo-a-torino\/passeggiando-new-york-chicago-vivian-maier-inedita\/\"]}]},{\"@type\":\"ImageObject\",\"inLanguage\":\"it-IT\",\"@id\":\"https:\/\/web.quotidianopiemontese.it\/cultura-arte-e-spettacolo-a-torino\/passeggiando-new-york-chicago-vivian-maier-inedita\/#primaryimage\",\"url\":\"https:\/\/web.quotidianopiemontese.it\/cultura-arte-e-spettacolo-a-torino\/files\/2022\/05\/01-\u2013-Vivian-Maier.jpg\",\"contentUrl\":\"https:\/\/web.quotidianopiemontese.it\/cultura-arte-e-spettacolo-a-torino\/files\/2022\/05\/01-\u2013-Vivian-Maier.jpg\",\"width\":861,\"height\":842},{\"@type\":\"WebSite\",\"@id\":\"https:\/\/web.quotidianopiemontese.it\/cultura-arte-e-spettacolo-a-torino\/#website\",\"url\":\"https:\/\/web.quotidianopiemontese.it\/cultura-arte-e-spettacolo-a-torino\/\",\"name\":\"Cultura, Arte e Spettacolo a Torino\",\"description\":\"Quotidiano Piemontese\",\"potentialAction\":[{\"@type\":\"SearchAction\",\"target\":{\"@type\":\"EntryPoint\",\"urlTemplate\":\"https:\/\/web.quotidianopiemontese.it\/cultura-arte-e-spettacolo-a-torino\/?s={search_term_string}\"},\"query-input\":{\"@type\":\"PropertyValueSpecification\",\"valueRequired\":true,\"valueName\":\"search_term_string\"}}],\"inLanguage\":\"it-IT\"},{\"@type\":\"Person\",\"@id\":\"https:\/\/web.quotidianopiemontese.it\/cultura-arte-e-spettacolo-a-torino\/#\/schema\/person\/b035109a4cc7d3e93911b78d8cebf3a0\",\"name\":\"Emanuele Rebuffini\",\"image\":{\"@type\":\"ImageObject\",\"inLanguage\":\"it-IT\",\"@id\":\"https:\/\/web.quotidianopiemontese.it\/cultura-arte-e-spettacolo-a-torino\/#\/schema\/person\/image\/\",\"url\":\"https:\/\/secure.gravatar.com\/avatar\/519a0a38be4cbbcf40fb5bc1b1173a85af291a3a8697df454a94ad7e05574628?s=96&d=mm&r=g\",\"contentUrl\":\"https:\/\/secure.gravatar.com\/avatar\/519a0a38be4cbbcf40fb5bc1b1173a85af291a3a8697df454a94ad7e05574628?s=96&d=mm&r=g\",\"caption\":\"Emanuele Rebuffini\"},\"sameAs\":[\"http:\/\/www.quotidianopiemontese.it\/cultura-arte-e-spettacolo-a-torino\/\"],\"url\":\"https:\/\/web.quotidianopiemontese.it\/cultura-arte-e-spettacolo-a-torino\/author\/emanuelerebuffini\/\"}]}<\/script>\n<!-- \/ Yoast SEO plugin. -->","yoast_head_json":{"title":"Passeggiando tra New York e Chicago. Vivian Maier \u201cinedita\u201d - 31 Maggio 2022","description":"Passeggiando tra New York e Chicago. Vivian Maier \u201cinedita\u201d - Cultura, Arte e Spettacolo a Torino - \u00abCritica cinematografica e fotografa straordinaria\u00bb. Il 23 aprile 2009 sul \u201cChicago Tribune\u201d esce un necrologio firmato da John, Lane e Matthews Gensburg. - Musei Reali Torino, Vivian Maier","robots":{"index":"index","follow":"follow","max-snippet":"max-snippet:-1","max-image-preview":"max-image-preview:large","max-video-preview":"max-video-preview:-1"},"canonical":"https:\/\/web.quotidianopiemontese.it\/cultura-arte-e-spettacolo-a-torino\/passeggiando-new-york-chicago-vivian-maier-inedita\/","og_locale":"it_IT","og_type":"article","og_title":"Passeggiando tra New York e Chicago. Vivian Maier \u201cinedita\u201d - 31 Maggio 2022","og_description":"Passeggiando tra New York e Chicago. Vivian Maier \u201cinedita\u201d - Cultura, Arte e Spettacolo a Torino - \u00abCritica cinematografica e fotografa straordinaria\u00bb. Il 23 aprile 2009 sul \u201cChicago Tribune\u201d esce un necrologio firmato da John, Lane e Matthews Gensburg. - Musei Reali Torino, Vivian Maier","og_url":"https:\/\/web.quotidianopiemontese.it\/cultura-arte-e-spettacolo-a-torino\/passeggiando-new-york-chicago-vivian-maier-inedita\/","og_site_name":"Cultura, Arte e Spettacolo a Torino","article_publisher":"https:\/\/www.facebook.com\/quotidianopiemontese?fref=ts","article_published_time":"2022-05-31T07:57:50+00:00","article_modified_time":"2022-09-23T10:12:17+00:00","og_image":[{"width":861,"height":842,"url":"https:\/\/web.quotidianopiemontese.it\/cultura-arte-e-spettacolo-a-torino\/files\/2022\/05\/01-\u2013-Vivian-Maier.jpg","type":"image\/jpeg"}],"author":"Emanuele Rebuffini","twitter_misc":{"Scritto da":"Emanuele Rebuffini","Tempo di lettura stimato":"8 minuti"},"schema":{"@context":"https:\/\/schema.org","@graph":[{"@type":"Article","@id":"https:\/\/web.quotidianopiemontese.it\/cultura-arte-e-spettacolo-a-torino\/passeggiando-new-york-chicago-vivian-maier-inedita\/#article","isPartOf":{"@id":"https:\/\/web.quotidianopiemontese.it\/cultura-arte-e-spettacolo-a-torino\/passeggiando-new-york-chicago-vivian-maier-inedita\/"},"author":{"name":"Emanuele Rebuffini","@id":"https:\/\/web.quotidianopiemontese.it\/cultura-arte-e-spettacolo-a-torino\/#\/schema\/person\/b035109a4cc7d3e93911b78d8cebf3a0"},"headline":"Passeggiando tra New York e Chicago. Vivian Maier \u201cinedita\u201d","datePublished":"2022-05-31T07:57:50+00:00","dateModified":"2022-09-23T10:12:17+00:00","mainEntityOfPage":{"@id":"https:\/\/web.quotidianopiemontese.it\/cultura-arte-e-spettacolo-a-torino\/passeggiando-new-york-chicago-vivian-maier-inedita\/"},"wordCount":1048,"commentCount":0,"image":{"@id":"https:\/\/web.quotidianopiemontese.it\/cultura-arte-e-spettacolo-a-torino\/passeggiando-new-york-chicago-vivian-maier-inedita\/#primaryimage"},"thumbnailUrl":"https:\/\/web.quotidianopiemontese.it\/cultura-arte-e-spettacolo-a-torino\/files\/2022\/05\/01-\u2013-Vivian-Maier.jpg","keywords":["Musei Reali Torino","Vivian Maier"],"articleSection":["Cultura, arte, spettacolo"],"inLanguage":"it-IT","potentialAction":[{"@type":"CommentAction","name":"Comment","target":["https:\/\/web.quotidianopiemontese.it\/cultura-arte-e-spettacolo-a-torino\/passeggiando-new-york-chicago-vivian-maier-inedita\/#respond"]}]},{"@type":"WebPage","@id":"https:\/\/web.quotidianopiemontese.it\/cultura-arte-e-spettacolo-a-torino\/passeggiando-new-york-chicago-vivian-maier-inedita\/","url":"https:\/\/web.quotidianopiemontese.it\/cultura-arte-e-spettacolo-a-torino\/passeggiando-new-york-chicago-vivian-maier-inedita\/","name":"Passeggiando tra New York e Chicago. Vivian Maier \u201cinedita\u201d - 31 Maggio 2022","isPartOf":{"@id":"https:\/\/web.quotidianopiemontese.it\/cultura-arte-e-spettacolo-a-torino\/#website"},"primaryImageOfPage":{"@id":"https:\/\/web.quotidianopiemontese.it\/cultura-arte-e-spettacolo-a-torino\/passeggiando-new-york-chicago-vivian-maier-inedita\/#primaryimage"},"image":{"@id":"https:\/\/web.quotidianopiemontese.it\/cultura-arte-e-spettacolo-a-torino\/passeggiando-new-york-chicago-vivian-maier-inedita\/#primaryimage"},"thumbnailUrl":"https:\/\/web.quotidianopiemontese.it\/cultura-arte-e-spettacolo-a-torino\/files\/2022\/05\/01-\u2013-Vivian-Maier.jpg","datePublished":"2022-05-31T07:57:50+00:00","dateModified":"2022-09-23T10:12:17+00:00","author":{"@id":"https:\/\/web.quotidianopiemontese.it\/cultura-arte-e-spettacolo-a-torino\/#\/schema\/person\/b035109a4cc7d3e93911b78d8cebf3a0"},"description":"Passeggiando tra New York e Chicago. Vivian Maier \u201cinedita\u201d - Cultura, Arte e Spettacolo a Torino - \u00abCritica cinematografica e fotografa straordinaria\u00bb. Il 23 aprile 2009 sul \u201cChicago Tribune\u201d esce un necrologio firmato da John, Lane e Matthews Gensburg. - Musei Reali Torino, Vivian Maier","inLanguage":"it-IT","potentialAction":[{"@type":"ReadAction","target":["https:\/\/web.quotidianopiemontese.it\/cultura-arte-e-spettacolo-a-torino\/passeggiando-new-york-chicago-vivian-maier-inedita\/"]}]},{"@type":"ImageObject","inLanguage":"it-IT","@id":"https:\/\/web.quotidianopiemontese.it\/cultura-arte-e-spettacolo-a-torino\/passeggiando-new-york-chicago-vivian-maier-inedita\/#primaryimage","url":"https:\/\/web.quotidianopiemontese.it\/cultura-arte-e-spettacolo-a-torino\/files\/2022\/05\/01-\u2013-Vivian-Maier.jpg","contentUrl":"https:\/\/web.quotidianopiemontese.it\/cultura-arte-e-spettacolo-a-torino\/files\/2022\/05\/01-\u2013-Vivian-Maier.jpg","width":861,"height":842},{"@type":"WebSite","@id":"https:\/\/web.quotidianopiemontese.it\/cultura-arte-e-spettacolo-a-torino\/#website","url":"https:\/\/web.quotidianopiemontese.it\/cultura-arte-e-spettacolo-a-torino\/","name":"Cultura, Arte e Spettacolo a Torino","description":"Quotidiano Piemontese","potentialAction":[{"@type":"SearchAction","target":{"@type":"EntryPoint","urlTemplate":"https:\/\/web.quotidianopiemontese.it\/cultura-arte-e-spettacolo-a-torino\/?s={search_term_string}"},"query-input":{"@type":"PropertyValueSpecification","valueRequired":true,"valueName":"search_term_string"}}],"inLanguage":"it-IT"},{"@type":"Person","@id":"https:\/\/web.quotidianopiemontese.it\/cultura-arte-e-spettacolo-a-torino\/#\/schema\/person\/b035109a4cc7d3e93911b78d8cebf3a0","name":"Emanuele Rebuffini","image":{"@type":"ImageObject","inLanguage":"it-IT","@id":"https:\/\/web.quotidianopiemontese.it\/cultura-arte-e-spettacolo-a-torino\/#\/schema\/person\/image\/","url":"https:\/\/secure.gravatar.com\/avatar\/519a0a38be4cbbcf40fb5bc1b1173a85af291a3a8697df454a94ad7e05574628?s=96&d=mm&r=g","contentUrl":"https:\/\/secure.gravatar.com\/avatar\/519a0a38be4cbbcf40fb5bc1b1173a85af291a3a8697df454a94ad7e05574628?s=96&d=mm&r=g","caption":"Emanuele Rebuffini"},"sameAs":["http:\/\/www.quotidianopiemontese.it\/cultura-arte-e-spettacolo-a-torino\/"],"url":"https:\/\/web.quotidianopiemontese.it\/cultura-arte-e-spettacolo-a-torino\/author\/emanuelerebuffini\/"}]}},"_links":{"self":[{"href":"https:\/\/web.quotidianopiemontese.it\/cultura-arte-e-spettacolo-a-torino\/wp-json\/wp\/v2\/posts\/1006","targetHints":{"allow":["GET"]}}],"collection":[{"href":"https:\/\/web.quotidianopiemontese.it\/cultura-arte-e-spettacolo-a-torino\/wp-json\/wp\/v2\/posts"}],"about":[{"href":"https:\/\/web.quotidianopiemontese.it\/cultura-arte-e-spettacolo-a-torino\/wp-json\/wp\/v2\/types\/post"}],"author":[{"embeddable":true,"href":"https:\/\/web.quotidianopiemontese.it\/cultura-arte-e-spettacolo-a-torino\/wp-json\/wp\/v2\/users\/1361"}],"replies":[{"embeddable":true,"href":"https:\/\/web.quotidianopiemontese.it\/cultura-arte-e-spettacolo-a-torino\/wp-json\/wp\/v2\/comments?post=1006"}],"version-history":[{"count":0,"href":"https:\/\/web.quotidianopiemontese.it\/cultura-arte-e-spettacolo-a-torino\/wp-json\/wp\/v2\/posts\/1006\/revisions"}],"wp:featuredmedia":[{"embeddable":true,"href":"https:\/\/web.quotidianopiemontese.it\/cultura-arte-e-spettacolo-a-torino\/wp-json\/wp\/v2\/media\/1007"}],"wp:attachment":[{"href":"https:\/\/web.quotidianopiemontese.it\/cultura-arte-e-spettacolo-a-torino\/wp-json\/wp\/v2\/media?parent=1006"}],"wp:term":[{"taxonomy":"category","embeddable":true,"href":"https:\/\/web.quotidianopiemontese.it\/cultura-arte-e-spettacolo-a-torino\/wp-json\/wp\/v2\/categories?post=1006"},{"taxonomy":"post_tag","embeddable":true,"href":"https:\/\/web.quotidianopiemontese.it\/cultura-arte-e-spettacolo-a-torino\/wp-json\/wp\/v2\/tags?post=1006"}],"curies":[{"name":"wp","href":"https:\/\/api.w.org\/{rel}","templated":true}]}}