{"id":2709,"date":"2026-09-04T08:09:32","date_gmt":"2026-09-04T06:09:32","guid":{"rendered":"https:\/\/web.quotidianopiemontese.it\/piemontealmicroscopio\/?p=2709"},"modified":"2026-09-04T08:10:46","modified_gmt":"2026-09-04T06:10:46","slug":"a-cassibile-la-firma-dellarmistizio-diventa-un-museo","status":"publish","type":"post","link":"http:\/\/web.quotidianopiemontese.it\/piemontealmicroscopio\/a-cassibile-la-firma-dellarmistizio-diventa-un-museo\/","title":{"rendered":"A Cassibile la firma dell&#8217;armistizio diventa un Museo"},"content":{"rendered":"<p class=\"isSelectedEnd\"><strong>Una delegazione torinese sar\u00e0 presente all&#8217;inaugurazione dell&#8217;evento.\u00a0<\/strong><\/p>\n<p>A Cassibile sta prendendo forma un progetto destinato a lasciare un segno profondo non solo sul territorio, ma anche nella memoria collettiva del Paese. Si tratta della nascita del <strong>Museo dell\u2019Armistizio<\/strong>, un\u2019iniziativa dal forte valore simbolico, civile e culturale che trover\u00e0 sede all\u2019interno di un immobile sottratto alla criminalit\u00e0 organizzata. Questo elemento, gi\u00e0 di per s\u00e9 significativo, conferisce all\u2019intero progetto una dimensione ulteriore: non si tratta soltanto della creazione di uno spazio espositivo, ma della trasformazione concreta di un luogo un tempo legato all\u2019illegalit\u00e0 in un presidio di conoscenza, consapevolezza e partecipazione.<\/p>\n<p><img loading=\"lazy\" decoding=\"async\" class=\"alignright size-large wp-image-2711\" src=\"http:\/\/web.quotidianopiemontese.it\/piemontealmicroscopio\/files\/2026\/09\/Firma-tenda-Armistizio-Cassibile-723x1024.jpg\" alt=\"\" width=\"723\" height=\"1024\" srcset=\"http:\/\/web.quotidianopiemontese.it\/piemontealmicroscopio\/files\/2026\/09\/Firma-tenda-Armistizio-Cassibile-723x1024.jpg 723w, http:\/\/web.quotidianopiemontese.it\/piemontealmicroscopio\/files\/2026\/09\/Firma-tenda-Armistizio-Cassibile-212x300.jpg 212w, http:\/\/web.quotidianopiemontese.it\/piemontealmicroscopio\/files\/2026\/09\/Firma-tenda-Armistizio-Cassibile-768x1087.jpg 768w, http:\/\/web.quotidianopiemontese.it\/piemontealmicroscopio\/files\/2026\/09\/Firma-tenda-Armistizio-Cassibile.jpg 1054w\" sizes=\"auto, (max-width: 709px) 85vw, (max-width: 909px) 67vw, (max-width: 984px) 61vw, (max-width: 1362px) 45vw, 600px\" \/><\/p>\n<p class=\"isSelectedEnd\">L\u2019idea alla base del museo si fonda sull\u2019intreccio di tre direttrici fondamentali che si rafforzano reciprocamente: la valorizzazione della memoria storica, il recupero e la rigenerazione urbana e l\u2019affermazione della legalit\u00e0 come valore condiviso. In questo senso, il progetto non si limita a raccontare il passato, ma si propone di incidere sul presente e di orientare il futuro, restituendo alla comunit\u00e0 uno spazio che diventa simbolo di riscatto e di identit\u00e0 collettiva.<\/p>\n<p class=\"isSelectedEnd\">Dopo una fase iniziale fatta di progettazione, visioni e confronto tra istituzioni e realt\u00e0 associative, il percorso verso la realizzazione del Museo dell\u2019Armistizio entra ora in una fase operativa. L\u2019assegnazione ufficiale dell\u2019edificio da parte del Comune di Siracusa rappresenta infatti un passaggio decisivo, che consente di trasformare un\u2019idea in un progetto concreto. Questo momento di svolta sar\u00e0 sancito pubblicamente attraverso una conferenza stampa prevista per venerd\u00ec 4 settembre alle ore 10:30, che si terr\u00e0 proprio nei locali destinati a ospitare il museo, situati in via delle Magnolie 66.<\/p>\n<p class=\"isSelectedEnd\">La scelta della data non \u00e8 casuale, ma si inserisce in un contesto fortemente evocativo e carico di significato. L\u2019iniziativa coincide infatti con le celebrazioni dell<strong>\u20198<a href=\"https:\/\/www.siciliamagazine.plus\/2026\/09\/armistizio-di-cassibile-la-firma.html\">3\u00b0 anniversario della firma dell&#8217;Armistizio di Cassibile<\/a><\/strong>, uno degli eventi pi\u00f9 cruciali e drammatici della storia italiana del Novecento. L\u2019accordo, firmato in gran segreto il 3 settembre 1943 e reso pubblico soltanto cinque giorni dopo, l\u20198 settembre, segn\u00f2 un punto di svolta irreversibile per il Paese. Con esso, l\u2019Italia usciva dall\u2019alleanza con la Germania nazista, aprendo una fase estremamente complessa, caratterizzata da incertezze, disgregazione istituzionale e profonde sofferenze per la popolazione.<\/p>\n<p class=\"isSelectedEnd\">Il contesto storico in cui matur\u00f2 l\u2019armistizio fu segnato dal crollo del regime fascista e dall\u2019avanzata delle forze alleate nel Mediterraneo. La decisione di interrompere l\u2019alleanza con la Germania fu il risultato di una situazione ormai insostenibile, ma le modalit\u00e0 con cui essa venne gestita generarono conseguenze immediate e spesso drammatiche. L\u2019esercito italiano, privo di direttive chiare, si trov\u00f2 improvvisamente allo sbando, mentre il territorio nazionale veniva rapidamente occupato dalle truppe tedesche. La popolazione civile fu esposta a nuove violenze, bombardamenti e privazioni, in un clima di grande incertezza.<\/p>\n<p class=\"isSelectedEnd\">\u00c8 proprio a partire da questa complessit\u00e0 storica che nasce l\u2019esigenza di un luogo capace di raccontare, spiegare e far comprendere quegli eventi in modo rigoroso ma accessibile. Il futuro Museo dell\u2019Armistizio si propone infatti di offrire una narrazione chiara, documentata e scientificamente fondata, capace di coinvolgere un pubblico ampio e diversificato. Non solo studiosi o appassionati di storia, ma anche cittadini, studenti e visitatori potranno trovare in questo spazio un\u2019occasione per approfondire una pagina fondamentale del passato italiano.<\/p>\n<p class=\"isSelectedEnd\">La conferenza stampa del 4 settembre vedr\u00e0 la partecipazione di numerosi rappresentanti delle istituzioni e del mondo culturale, a testimonianza di una rete territoriale ampia e coesa. Saranno presenti il sindaco di Siracusa Francesco Italia e il consigliere comunale Paolo Romano, insieme a figure di rilievo del panorama associativo e culturale come Franco Imprescia, presidente dell\u2019associazione Kakiparis, Alberto Moscuzza, presidente di Lamba Doria, e lo storico Nunzio Bruno. La loro presenza congiunta evidenzia come il progetto sia il frutto di una collaborazione sinergica tra amministrazione pubblica, associazioni e studiosi.<\/p>\n<p class=\"isSelectedEnd\">Questa dimensione partecipata rappresenta uno degli aspetti pi\u00f9 qualificanti dell\u2019iniziativa. Il museo non sar\u00e0 concepito come uno spazio statico, limitato alla semplice esposizione di materiali, ma come un luogo dinamico e aperto, capace di dialogare con il territorio. L\u2019obiettivo \u00e8 quello di creare un punto di incontro tra diverse realt\u00e0: scuole, universit\u00e0, centri di ricerca, associazioni culturali e cittadini. In questo modo, il museo potr\u00e0 diventare un laboratorio permanente di conoscenza e di confronto, in grado di stimolare riflessioni sul passato e sul presente.<\/p>\n<p class=\"isSelectedEnd\">Dal punto di vista dei contenuti, il percorso espositivo sar\u00e0 costruito per affrontare in maniera articolata i principali temi legati all\u2019armistizio e al contesto storico in cui esso si inserisce. Particolare attenzione sar\u00e0 dedicata alla crisi del regime fascista e alle dinamiche che portarono alla sua caduta, cos\u00ec come al ruolo strategico degli Alleati nel teatro mediterraneo. Saranno inoltre approfondite le conseguenze immediate dell\u2019armistizio sull\u2019esercito italiano e sulla popolazione civile, con un focus sulle vicende dei soldati, spesso lasciati senza ordini, e sulle difficolt\u00e0 vissute dai cittadini in un momento di grande instabilit\u00e0.<\/p>\n<p class=\"isSelectedEnd\">In questo quadro, Cassibile assume un valore simbolico di primaria importanza. Da semplice localit\u00e0 geografica, il luogo della firma dell\u2019armistizio si trasforma in un punto di riferimento storico di rilievo nazionale. \u00c8 qui che si concentrano le tensioni, le decisioni e le contraddizioni di un momento cruciale, ed \u00e8 qui che oggi si sceglie di costruire un luogo della memoria capace di restituire senso e profondit\u00e0 a quegli eventi.<\/p>\n<p class=\"isSelectedEnd\">Un ulteriore elemento di grande rilevanza riguarda la natura dell\u2019edificio destinato a ospitare il museo. Il fatto che si tratti di un bene confiscato alla criminalit\u00e0 organizzata aggiunge al progetto una dimensione etica e politica particolarmente significativa. Il recupero di questo immobile non \u00e8 soltanto un intervento di riqualificazione urbana, ma rappresenta un atto concreto di restituzione alla collettivit\u00e0. \u00c8 il segno tangibile di un cambiamento possibile, in cui ci\u00f2 che era simbolo di illegalit\u00e0 viene trasformato in uno spazio di cultura e partecipazione.<\/p>\n<p class=\"isSelectedEnd\">Questo passaggio, dalla sottrazione alla restituzione, assume un valore emblematico. Dimostra come i beni confiscati possano diventare strumenti di crescita sociale e culturale, contribuendo a rafforzare il senso di comunit\u00e0 e la fiducia nelle istituzioni. Il museo, in questo senso, non sar\u00e0 solo un luogo di memoria storica, ma anche un presidio di legalit\u00e0, capace di trasmettere valori e di promuovere una cultura della responsabilit\u00e0.<\/p>\n<p class=\"isSelectedEnd\">Guardando al futuro, il Museo dell\u2019Armistizio ambisce a diventare un punto di riferimento non solo a livello locale, ma anche nazionale. Potr\u00e0 attrarre studiosi e ricercatori interessati ad approfondire le dinamiche della Seconda guerra mondiale e della storia italiana contemporanea, ma anche turisti e visitatori alla ricerca di itinerari culturali legati alla memoria. Allo stesso tempo, potr\u00e0 svolgere un ruolo importante nel campo dell\u2019educazione, offrendo alle scuole strumenti e percorsi didattici per affrontare temi complessi in modo coinvolgente.<\/p>\n<p class=\"isSelectedEnd\">L\u2019iniziativa si inserisce inoltre in un contesto pi\u00f9 ampio, caratterizzato da una crescente attenzione verso i luoghi della memoria. In tutta Italia, infatti, si sta sviluppando una sensibilit\u00e0 sempre maggiore nei confronti della necessit\u00e0 di preservare e valorizzare spazi e testimonianze del passato. In questo scenario, il progetto di Cassibile si distingue per la sua capacit\u00e0 di coniugare memoria e innovazione, tradizione e impegno civile.<\/p>\n<p class=\"isSelectedEnd\">La conferenza del 4 settembre rappresenter\u00e0 quindi molto pi\u00f9 di un semplice aggiornamento sullo stato di avanzamento dei lavori. Sar\u00e0 un momento simbolico, che segner\u00e0 l\u2019inizio di un percorso destinato a svilupparsi nel tempo. Un percorso che mira a costruire un museo inteso non solo come contenitore di storia, ma come spazio vivo, capace di generare conoscenza, stimolare il dialogo e promuovere valori condivisi.<\/p>\n<p>In definitiva, il Museo dell\u2019Armistizio di Cassibile si configura come un progetto di grande rilevanza, capace di parlare non soltanto alla comunit\u00e0 locale, ma all\u2019intero Paese. La sua forza risiede nella capacit\u00e0 di trasformare un luogo e di attribuirgli un nuovo significato, facendo della memoria uno strumento attivo per comprendere il presente e immaginare il futuro. In un\u2019epoca in cui il rischio dell\u2019oblio \u00e8 sempre presente, iniziative come questa dimostrano quanto sia fondamentale coltivare e condividere la memoria, affinch\u00e9 essa possa continuare a essere una risorsa preziosa per la crescita civile e culturale della societ\u00e0.<\/p>\n<p data-start=\"2438\" data-end=\"2473\">Tra i temi che verranno affrontati:<\/p>\n<ul data-start=\"2475\" data-end=\"2680\">\n<li data-section-id=\"gy998y\" data-start=\"2475\" data-end=\"2519\">la crisi e il crollo del regime fascista<\/li>\n<li data-section-id=\"1skj05d\" data-start=\"2520\" data-end=\"2585\">il ruolo strategico degli Alleati nello scenario mediterraneo<\/li>\n<li data-section-id=\"15np77x\" data-start=\"2586\" data-end=\"2680\">le conseguenze immediate dell\u2019armistizio sull\u2019esercito italiano e sulla popolazione civile<\/li>\n<\/ul>\n<p data-start=\"2682\" data-end=\"2949\">Cassibile, luogo in cui l\u2019accordo venne firmato in gran segreto, assume cos\u00ec un ruolo centrale nella costruzione di un racconto che ha segnato profondamente il destino dell\u2019Italia, trasformandosi da semplice localit\u00e0 geografica a simbolo storico di portata nazionale.<\/p>\n<h2 data-section-id=\"a0i3f0\" data-start=\"2951\" data-end=\"3020\">Dalla sottrazione alla restituzione: il valore del bene confiscato<\/h2>\n<p data-start=\"3022\" data-end=\"3302\">Uno degli elementi pi\u00f9 significativi del progetto riguarda proprio la natura dell\u2019edificio che ospiter\u00e0 il museo. Il recupero di un bene confiscato alla criminalit\u00e0 organizzata non \u00e8 soltanto un intervento urbanistico o architettonico, ma un gesto fortemente simbolico e politico.<\/p>\n<p data-start=\"3304\" data-end=\"3622\">Restituire questo spazio alla collettivit\u00e0 significa ribaltare il suo significato originario: da luogo di illegalit\u00e0 a presidio di cultura, memoria e partecipazione. \u00c8 un messaggio concreto e tangibile di riscatto, che dimostra come i beni sottratti alle mafie possano diventare strumenti di crescita civile e sociale.<\/p>\n<p class=\"\" data-start=\"3624\" data-end=\"3696\">In questa prospettiva, il Museo dell\u2019Armistizio si propone di diventare:<\/p>\n<ul data-start=\"3698\" data-end=\"3912\">\n<li data-section-id=\"14xvqlw\" data-start=\"3698\" data-end=\"3773\">un punto di riferimento per studiosi, ricercatori e istituti scolastici<\/li>\n<li data-section-id=\"1i4pdk9\" data-start=\"3774\" data-end=\"3836\">una tappa significativa per il turismo storico e culturale<\/li>\n<li data-section-id=\"1chz1fu\" data-start=\"3837\" data-end=\"3912\">un presidio permanente contro l\u2019oblio e contro ogni forma di illegalit\u00e0<\/li>\n<\/ul>\n<h2 data-section-id=\"8tgbme\" data-start=\"3914\" data-end=\"3956\">Una memoria viva, proiettata nel futuro<\/h2>\n<p data-start=\"3958\" data-end=\"4306\">Nel contesto italiano, sempre pi\u00f9 orientato alla valorizzazione dei luoghi della memoria, l\u2019iniziativa di Cassibile si inserisce in un percorso pi\u00f9 ampio che mira a recuperare spazi e narrazioni per rafforzare l\u2019identit\u00e0 collettiva. Non si tratta solo di conservare il passato, ma di renderlo attuale, comprensibile e utile per leggere il presente.<\/p>\n<p data-start=\"4308\" data-end=\"4600\">La conferenza del 4 settembre non rappresenter\u00e0 quindi soltanto un aggiornamento sullo stato di avanzamento del progetto, ma segner\u00e0 anche l\u2019avvio simbolico di un cammino pi\u00f9 lungo: quello di un museo che vuole essere insieme spazio culturale, laboratorio educativo e luogo di impegno civile.<\/p>\n<p data-start=\"4602\" data-end=\"4864\" data-is-last-node=\"\" data-is-only-node=\"\">Un progetto che nasce in un piccolo centro della Sicilia, ma che per il suo valore storico e simbolico \u00e8 in grado di parlare a tutto il Paese, ricordando come la memoria, quando \u00e8 condivisa e coltivata, possa diventare uno strumento potente per costruire futuro.<\/p>\n","protected":false},"excerpt":{"rendered":"<p>Una delegazione torinese sar\u00e0 presente all&#8217;inaugurazione dell&#8217;evento.\u00a0 A Cassibile sta prendendo forma un progetto destinato a lasciare un segno profondo non solo sul territorio, ma anche nella memoria collettiva del Paese. Si tratta della nascita del Museo dell\u2019Armistizio, un\u2019iniziativa dal forte valore simbolico, civile e culturale che trover\u00e0 sede all\u2019interno di un immobile sottratto alla &hellip; <a href=\"http:\/\/web.quotidianopiemontese.it\/piemontealmicroscopio\/a-cassibile-la-firma-dellarmistizio-diventa-un-museo\/\" class=\"more-link\">Leggi tutto<span class=\"screen-reader-text\"> &#8220;A Cassibile la firma dell&#8217;armistizio diventa un Museo&#8221;<\/span><\/a><\/p>\n","protected":false},"author":33,"featured_media":2710,"comment_status":"open","ping_status":"closed","sticky":false,"template":"","format":"standard","meta":{"footnotes":""},"categories":[5,65],"tags":[],"class_list":["post-2709","post","type-post","status-publish","format-standard","has-post-thumbnail","hentry","category-conferenze","category-mostre"],"yoast_head":"<!-- This site is optimized with the Yoast SEO plugin v28.3 - https:\/\/yoast.com\/product\/yoast-seo-wordpress\/ -->\n<title>A Cassibile la firma dell&#039;armistizio diventa un Museo - Piemonte al Microscopio<\/title>\n<meta name=\"robots\" content=\"index, follow, max-snippet:-1, max-image-preview:large, max-video-preview:-1\" \/>\n<link rel=\"canonical\" href=\"https:\/\/web.quotidianopiemontese.it\/piemontealmicroscopio\/a-cassibile-la-firma-dellarmistizio-diventa-un-museo\/\" \/>\n<meta property=\"og:locale\" content=\"it_IT\" \/>\n<meta property=\"og:type\" content=\"article\" \/>\n<meta property=\"og:title\" content=\"A Cassibile la firma dell&#039;armistizio diventa un Museo - Piemonte al Microscopio\" \/>\n<meta property=\"og:url\" content=\"https:\/\/web.quotidianopiemontese.it\/piemontealmicroscopio\/a-cassibile-la-firma-dellarmistizio-diventa-un-museo\/\" \/>\n<meta property=\"og:site_name\" content=\"Piemonte al Microscopio\" \/>\n<meta property=\"article:publisher\" content=\"https:\/\/www.facebook.com\/quotidianopiemontese?fref=ts\" \/>\n<meta property=\"article:published_time\" content=\"2026-09-04T06:09:32+00:00\" \/>\n<meta property=\"article:modified_time\" content=\"2026-09-04T06:10:46+00:00\" \/>\n<meta property=\"og:image\" content=\"http:\/\/web.quotidianopiemontese.it\/piemontealmicroscopio\/files\/2026\/09\/cassibile-firma-armistizio.jpg\" \/>\n\t<meta property=\"og:image:width\" content=\"1537\" \/>\n\t<meta property=\"og:image:height\" content=\"1023\" \/>\n\t<meta property=\"og:image:type\" content=\"image\/jpeg\" \/>\n<meta name=\"author\" content=\"Redazione online\" \/>\n<meta name=\"twitter:label1\" content=\"Scritto da\" \/>\n\t<meta name=\"twitter:data1\" content=\"Redazione online\" \/>\n\t<meta name=\"twitter:label2\" content=\"Tempo di lettura stimato\" \/>\n\t<meta name=\"twitter:data2\" content=\"10 minuti\" \/>\n<script type=\"application\/ld+json\" class=\"yoast-schema-graph\">{\"@context\":\"https:\\\/\\\/schema.org\",\"@graph\":[{\"@type\":\"Article\",\"@id\":\"https:\\\/\\\/web.quotidianopiemontese.it\\\/piemontealmicroscopio\\\/a-cassibile-la-firma-dellarmistizio-diventa-un-museo\\\/#article\",\"isPartOf\":{\"@id\":\"https:\\\/\\\/web.quotidianopiemontese.it\\\/piemontealmicroscopio\\\/a-cassibile-la-firma-dellarmistizio-diventa-un-museo\\\/\"},\"author\":{\"name\":\"Redazione online\",\"@id\":\"http:\\\/\\\/web.quotidianopiemontese.it\\\/piemontealmicroscopio\\\/#\\\/schema\\\/person\\\/74fbe7ffba2c29e0cd6b39f67cc8437c\"},\"headline\":\"A Cassibile la firma dell&#8217;armistizio diventa un Museo\",\"datePublished\":\"2026-09-04T06:09:32+00:00\",\"dateModified\":\"2026-09-04T06:10:46+00:00\",\"mainEntityOfPage\":{\"@id\":\"https:\\\/\\\/web.quotidianopiemontese.it\\\/piemontealmicroscopio\\\/a-cassibile-la-firma-dellarmistizio-diventa-un-museo\\\/\"},\"wordCount\":1702,\"commentCount\":0,\"image\":{\"@id\":\"https:\\\/\\\/web.quotidianopiemontese.it\\\/piemontealmicroscopio\\\/a-cassibile-la-firma-dellarmistizio-diventa-un-museo\\\/#primaryimage\"},\"thumbnailUrl\":\"http:\\\/\\\/web.quotidianopiemontese.it\\\/piemontealmicroscopio\\\/files\\\/2026\\\/09\\\/cassibile-firma-armistizio.jpg\",\"articleSection\":[\"conferenze\",\"mostre\"],\"inLanguage\":\"it-IT\",\"potentialAction\":[{\"@type\":\"CommentAction\",\"name\":\"Comment\",\"target\":[\"https:\\\/\\\/web.quotidianopiemontese.it\\\/piemontealmicroscopio\\\/a-cassibile-la-firma-dellarmistizio-diventa-un-museo\\\/#respond\"]}]},{\"@type\":\"WebPage\",\"@id\":\"https:\\\/\\\/web.quotidianopiemontese.it\\\/piemontealmicroscopio\\\/a-cassibile-la-firma-dellarmistizio-diventa-un-museo\\\/\",\"url\":\"https:\\\/\\\/web.quotidianopiemontese.it\\\/piemontealmicroscopio\\\/a-cassibile-la-firma-dellarmistizio-diventa-un-museo\\\/\",\"name\":\"A Cassibile la firma dell'armistizio diventa un Museo - Piemonte al Microscopio\",\"isPartOf\":{\"@id\":\"http:\\\/\\\/web.quotidianopiemontese.it\\\/piemontealmicroscopio\\\/#website\"},\"primaryImageOfPage\":{\"@id\":\"https:\\\/\\\/web.quotidianopiemontese.it\\\/piemontealmicroscopio\\\/a-cassibile-la-firma-dellarmistizio-diventa-un-museo\\\/#primaryimage\"},\"image\":{\"@id\":\"https:\\\/\\\/web.quotidianopiemontese.it\\\/piemontealmicroscopio\\\/a-cassibile-la-firma-dellarmistizio-diventa-un-museo\\\/#primaryimage\"},\"thumbnailUrl\":\"http:\\\/\\\/web.quotidianopiemontese.it\\\/piemontealmicroscopio\\\/files\\\/2026\\\/09\\\/cassibile-firma-armistizio.jpg\",\"datePublished\":\"2026-09-04T06:09:32+00:00\",\"dateModified\":\"2026-09-04T06:10:46+00:00\",\"author\":{\"@id\":\"http:\\\/\\\/web.quotidianopiemontese.it\\\/piemontealmicroscopio\\\/#\\\/schema\\\/person\\\/74fbe7ffba2c29e0cd6b39f67cc8437c\"},\"breadcrumb\":{\"@id\":\"https:\\\/\\\/web.quotidianopiemontese.it\\\/piemontealmicroscopio\\\/a-cassibile-la-firma-dellarmistizio-diventa-un-museo\\\/#breadcrumb\"},\"inLanguage\":\"it-IT\",\"potentialAction\":[{\"@type\":\"ReadAction\",\"target\":[\"https:\\\/\\\/web.quotidianopiemontese.it\\\/piemontealmicroscopio\\\/a-cassibile-la-firma-dellarmistizio-diventa-un-museo\\\/\"]}]},{\"@type\":\"ImageObject\",\"inLanguage\":\"it-IT\",\"@id\":\"https:\\\/\\\/web.quotidianopiemontese.it\\\/piemontealmicroscopio\\\/a-cassibile-la-firma-dellarmistizio-diventa-un-museo\\\/#primaryimage\",\"url\":\"http:\\\/\\\/web.quotidianopiemontese.it\\\/piemontealmicroscopio\\\/files\\\/2026\\\/09\\\/cassibile-firma-armistizio.jpg\",\"contentUrl\":\"http:\\\/\\\/web.quotidianopiemontese.it\\\/piemontealmicroscopio\\\/files\\\/2026\\\/09\\\/cassibile-firma-armistizio.jpg\",\"width\":1537,\"height\":1023},{\"@type\":\"BreadcrumbList\",\"@id\":\"https:\\\/\\\/web.quotidianopiemontese.it\\\/piemontealmicroscopio\\\/a-cassibile-la-firma-dellarmistizio-diventa-un-museo\\\/#breadcrumb\",\"itemListElement\":[{\"@type\":\"ListItem\",\"position\":1,\"name\":\"Home\",\"item\":\"http:\\\/\\\/web.quotidianopiemontese.it\\\/piemontealmicroscopio\\\/\"},{\"@type\":\"ListItem\",\"position\":2,\"name\":\"A Cassibile la firma dell&#8217;armistizio diventa un Museo\"}]},{\"@type\":\"WebSite\",\"@id\":\"http:\\\/\\\/web.quotidianopiemontese.it\\\/piemontealmicroscopio\\\/#website\",\"url\":\"http:\\\/\\\/web.quotidianopiemontese.it\\\/piemontealmicroscopio\\\/\",\"name\":\"Piemonte al Microscopio\",\"description\":\"Quotidiano Piemontese\",\"potentialAction\":[{\"@type\":\"SearchAction\",\"target\":{\"@type\":\"EntryPoint\",\"urlTemplate\":\"http:\\\/\\\/web.quotidianopiemontese.it\\\/piemontealmicroscopio\\\/?s={search_term_string}\"},\"query-input\":{\"@type\":\"PropertyValueSpecification\",\"valueRequired\":true,\"valueName\":\"search_term_string\"}}],\"inLanguage\":\"it-IT\"},{\"@type\":\"Person\",\"@id\":\"http:\\\/\\\/web.quotidianopiemontese.it\\\/piemontealmicroscopio\\\/#\\\/schema\\\/person\\\/74fbe7ffba2c29e0cd6b39f67cc8437c\",\"name\":\"Redazione online\",\"image\":{\"@type\":\"ImageObject\",\"inLanguage\":\"it-IT\",\"@id\":\"https:\\\/\\\/secure.gravatar.com\\\/avatar\\\/4b53a39155f681a1e81390ef615328300b7e77eef03a6eb81fdd89bb5d3a98a6?s=96&d=mm&r=g\",\"url\":\"https:\\\/\\\/secure.gravatar.com\\\/avatar\\\/4b53a39155f681a1e81390ef615328300b7e77eef03a6eb81fdd89bb5d3a98a6?s=96&d=mm&r=g\",\"contentUrl\":\"https:\\\/\\\/secure.gravatar.com\\\/avatar\\\/4b53a39155f681a1e81390ef615328300b7e77eef03a6eb81fdd89bb5d3a98a6?s=96&d=mm&r=g\",\"caption\":\"Redazione online\"},\"url\":\"http:\\\/\\\/web.quotidianopiemontese.it\\\/piemontealmicroscopio\\\/author\\\/claudio-pasqua\\\/\"}]}<\/script>\n<!-- \/ Yoast SEO plugin. -->","yoast_head_json":{"title":"A Cassibile la firma dell'armistizio diventa un Museo - Piemonte al Microscopio","robots":{"index":"index","follow":"follow","max-snippet":"max-snippet:-1","max-image-preview":"max-image-preview:large","max-video-preview":"max-video-preview:-1"},"canonical":"https:\/\/web.quotidianopiemontese.it\/piemontealmicroscopio\/a-cassibile-la-firma-dellarmistizio-diventa-un-museo\/","og_locale":"it_IT","og_type":"article","og_title":"A Cassibile la firma dell'armistizio diventa un Museo - Piemonte al Microscopio","og_url":"https:\/\/web.quotidianopiemontese.it\/piemontealmicroscopio\/a-cassibile-la-firma-dellarmistizio-diventa-un-museo\/","og_site_name":"Piemonte al Microscopio","article_publisher":"https:\/\/www.facebook.com\/quotidianopiemontese?fref=ts","article_published_time":"2026-09-04T06:09:32+00:00","article_modified_time":"2026-09-04T06:10:46+00:00","og_image":[{"width":1537,"height":1023,"url":"http:\/\/web.quotidianopiemontese.it\/piemontealmicroscopio\/files\/2026\/09\/cassibile-firma-armistizio.jpg","type":"image\/jpeg"}],"author":"Redazione online","twitter_misc":{"Scritto da":"Redazione online","Tempo di lettura stimato":"10 minuti"},"schema":{"@context":"https:\/\/schema.org","@graph":[{"@type":"Article","@id":"https:\/\/web.quotidianopiemontese.it\/piemontealmicroscopio\/a-cassibile-la-firma-dellarmistizio-diventa-un-museo\/#article","isPartOf":{"@id":"https:\/\/web.quotidianopiemontese.it\/piemontealmicroscopio\/a-cassibile-la-firma-dellarmistizio-diventa-un-museo\/"},"author":{"name":"Redazione online","@id":"http:\/\/web.quotidianopiemontese.it\/piemontealmicroscopio\/#\/schema\/person\/74fbe7ffba2c29e0cd6b39f67cc8437c"},"headline":"A Cassibile la firma dell&#8217;armistizio diventa un Museo","datePublished":"2026-09-04T06:09:32+00:00","dateModified":"2026-09-04T06:10:46+00:00","mainEntityOfPage":{"@id":"https:\/\/web.quotidianopiemontese.it\/piemontealmicroscopio\/a-cassibile-la-firma-dellarmistizio-diventa-un-museo\/"},"wordCount":1702,"commentCount":0,"image":{"@id":"https:\/\/web.quotidianopiemontese.it\/piemontealmicroscopio\/a-cassibile-la-firma-dellarmistizio-diventa-un-museo\/#primaryimage"},"thumbnailUrl":"http:\/\/web.quotidianopiemontese.it\/piemontealmicroscopio\/files\/2026\/09\/cassibile-firma-armistizio.jpg","articleSection":["conferenze","mostre"],"inLanguage":"it-IT","potentialAction":[{"@type":"CommentAction","name":"Comment","target":["https:\/\/web.quotidianopiemontese.it\/piemontealmicroscopio\/a-cassibile-la-firma-dellarmistizio-diventa-un-museo\/#respond"]}]},{"@type":"WebPage","@id":"https:\/\/web.quotidianopiemontese.it\/piemontealmicroscopio\/a-cassibile-la-firma-dellarmistizio-diventa-un-museo\/","url":"https:\/\/web.quotidianopiemontese.it\/piemontealmicroscopio\/a-cassibile-la-firma-dellarmistizio-diventa-un-museo\/","name":"A Cassibile la firma dell'armistizio diventa un Museo - Piemonte al Microscopio","isPartOf":{"@id":"http:\/\/web.quotidianopiemontese.it\/piemontealmicroscopio\/#website"},"primaryImageOfPage":{"@id":"https:\/\/web.quotidianopiemontese.it\/piemontealmicroscopio\/a-cassibile-la-firma-dellarmistizio-diventa-un-museo\/#primaryimage"},"image":{"@id":"https:\/\/web.quotidianopiemontese.it\/piemontealmicroscopio\/a-cassibile-la-firma-dellarmistizio-diventa-un-museo\/#primaryimage"},"thumbnailUrl":"http:\/\/web.quotidianopiemontese.it\/piemontealmicroscopio\/files\/2026\/09\/cassibile-firma-armistizio.jpg","datePublished":"2026-09-04T06:09:32+00:00","dateModified":"2026-09-04T06:10:46+00:00","author":{"@id":"http:\/\/web.quotidianopiemontese.it\/piemontealmicroscopio\/#\/schema\/person\/74fbe7ffba2c29e0cd6b39f67cc8437c"},"breadcrumb":{"@id":"https:\/\/web.quotidianopiemontese.it\/piemontealmicroscopio\/a-cassibile-la-firma-dellarmistizio-diventa-un-museo\/#breadcrumb"},"inLanguage":"it-IT","potentialAction":[{"@type":"ReadAction","target":["https:\/\/web.quotidianopiemontese.it\/piemontealmicroscopio\/a-cassibile-la-firma-dellarmistizio-diventa-un-museo\/"]}]},{"@type":"ImageObject","inLanguage":"it-IT","@id":"https:\/\/web.quotidianopiemontese.it\/piemontealmicroscopio\/a-cassibile-la-firma-dellarmistizio-diventa-un-museo\/#primaryimage","url":"http:\/\/web.quotidianopiemontese.it\/piemontealmicroscopio\/files\/2026\/09\/cassibile-firma-armistizio.jpg","contentUrl":"http:\/\/web.quotidianopiemontese.it\/piemontealmicroscopio\/files\/2026\/09\/cassibile-firma-armistizio.jpg","width":1537,"height":1023},{"@type":"BreadcrumbList","@id":"https:\/\/web.quotidianopiemontese.it\/piemontealmicroscopio\/a-cassibile-la-firma-dellarmistizio-diventa-un-museo\/#breadcrumb","itemListElement":[{"@type":"ListItem","position":1,"name":"Home","item":"http:\/\/web.quotidianopiemontese.it\/piemontealmicroscopio\/"},{"@type":"ListItem","position":2,"name":"A Cassibile la firma dell&#8217;armistizio diventa un Museo"}]},{"@type":"WebSite","@id":"http:\/\/web.quotidianopiemontese.it\/piemontealmicroscopio\/#website","url":"http:\/\/web.quotidianopiemontese.it\/piemontealmicroscopio\/","name":"Piemonte al Microscopio","description":"Quotidiano Piemontese","potentialAction":[{"@type":"SearchAction","target":{"@type":"EntryPoint","urlTemplate":"http:\/\/web.quotidianopiemontese.it\/piemontealmicroscopio\/?s={search_term_string}"},"query-input":{"@type":"PropertyValueSpecification","valueRequired":true,"valueName":"search_term_string"}}],"inLanguage":"it-IT"},{"@type":"Person","@id":"http:\/\/web.quotidianopiemontese.it\/piemontealmicroscopio\/#\/schema\/person\/74fbe7ffba2c29e0cd6b39f67cc8437c","name":"Redazione online","image":{"@type":"ImageObject","inLanguage":"it-IT","@id":"https:\/\/secure.gravatar.com\/avatar\/4b53a39155f681a1e81390ef615328300b7e77eef03a6eb81fdd89bb5d3a98a6?s=96&d=mm&r=g","url":"https:\/\/secure.gravatar.com\/avatar\/4b53a39155f681a1e81390ef615328300b7e77eef03a6eb81fdd89bb5d3a98a6?s=96&d=mm&r=g","contentUrl":"https:\/\/secure.gravatar.com\/avatar\/4b53a39155f681a1e81390ef615328300b7e77eef03a6eb81fdd89bb5d3a98a6?s=96&d=mm&r=g","caption":"Redazione online"},"url":"http:\/\/web.quotidianopiemontese.it\/piemontealmicroscopio\/author\/claudio-pasqua\/"}]}},"_links":{"self":[{"href":"http:\/\/web.quotidianopiemontese.it\/piemontealmicroscopio\/wp-json\/wp\/v2\/posts\/2709","targetHints":{"allow":["GET"]}}],"collection":[{"href":"http:\/\/web.quotidianopiemontese.it\/piemontealmicroscopio\/wp-json\/wp\/v2\/posts"}],"about":[{"href":"http:\/\/web.quotidianopiemontese.it\/piemontealmicroscopio\/wp-json\/wp\/v2\/types\/post"}],"author":[{"embeddable":true,"href":"http:\/\/web.quotidianopiemontese.it\/piemontealmicroscopio\/wp-json\/wp\/v2\/users\/33"}],"replies":[{"embeddable":true,"href":"http:\/\/web.quotidianopiemontese.it\/piemontealmicroscopio\/wp-json\/wp\/v2\/comments?post=2709"}],"version-history":[{"count":2,"href":"http:\/\/web.quotidianopiemontese.it\/piemontealmicroscopio\/wp-json\/wp\/v2\/posts\/2709\/revisions"}],"predecessor-version":[{"id":2713,"href":"http:\/\/web.quotidianopiemontese.it\/piemontealmicroscopio\/wp-json\/wp\/v2\/posts\/2709\/revisions\/2713"}],"wp:featuredmedia":[{"embeddable":true,"href":"http:\/\/web.quotidianopiemontese.it\/piemontealmicroscopio\/wp-json\/wp\/v2\/media\/2710"}],"wp:attachment":[{"href":"http:\/\/web.quotidianopiemontese.it\/piemontealmicroscopio\/wp-json\/wp\/v2\/media?parent=2709"}],"wp:term":[{"taxonomy":"category","embeddable":true,"href":"http:\/\/web.quotidianopiemontese.it\/piemontealmicroscopio\/wp-json\/wp\/v2\/categories?post=2709"},{"taxonomy":"post_tag","embeddable":true,"href":"http:\/\/web.quotidianopiemontese.it\/piemontealmicroscopio\/wp-json\/wp\/v2\/tags?post=2709"}],"curies":[{"name":"wp","href":"https:\/\/api.w.org\/{rel}","templated":true}]}}