{"id":138,"date":"2016-05-26T21:11:42","date_gmt":"2016-05-26T19:11:42","guid":{"rendered":"http:\/\/www.quotidianopiemontese.it\/fotopiemonte\/?p=138"},"modified":"2016-05-27T07:24:55","modified_gmt":"2016-05-27T05:24:55","slug":"tramanda-il-monferrato-il-concorso-fotograficoper-raccontare-il-territorio-con-la-fotorgrafia","status":"publish","type":"post","link":"http:\/\/web.quotidianopiemontese.it\/fotopiemonte\/tramanda-il-monferrato-il-concorso-fotograficoper-raccontare-il-territorio-con-la-fotorgrafia\/","title":{"rendered":"Tram\u2026anda il Monferrato, il concorso fotografico per raccontare il territorio con la fotografia"},"content":{"rendered":"<p>Fino al 13 giugno \u00a0\u00e8 possibile partecipare a \u201c<a href=\"http:\/\/tramandailmonferrato.ideatre60.it\/\">Tram\u2026anda il Monferrato<\/a>\u201d, il concorso fotografico promosso da Fondazione Italiana Accenture che si propone di raccontare l\u2019essenza di una terra ancora troppo poco conosciuta <!--more-->come quella del Monferrato.\u00a0Il contest premier\u00e0 le 12 migliori fotografie che, attraverso una semplice immagine, sapranno evocare il patrimonio storico, architettonico, la tradizione e l\u2019eredit\u00e0 culturale di un territorio senza tempo.<\/p>\n<p>Il concorso \u00e8 aperto a giovani fotografi e fotoamatori under 35,\u00a0che abbiano compiuto il sedicesimo anno di et\u00e0, che vogliono condividere e raccontare ci\u00f2 che di questo affascinante territorio li ha colpiti. Ogni partecipante potr\u00e0 gareggiare con un massimo di 5 scatti per ogni soggetto indicato dal regolamento, rappresentativi del Monferrato casalese ma potr\u00e0 concorrere per il numero di soggetti (set) desiderato senza limite alcuno.<\/p>\n<p>Il voto della giuria popolare e della giuria tecnica definir\u00e0 la rosa dei 12 vincitori che avranno la possibilit\u00e0 di accedere gratuitamente ad un workshop di fotografia organizzato da Leica Akademie dal 24 al 25 settembre 2016.<\/p>\n<p>L\u2019iscrizione al concorso \u00e8 gratuita, i partecipanti potranno inviare la propria candidatura sul sito <a href=\"http:\/\/tramandailmonferrato.ideatre60.it\">http:\/\/tramandailmonferrato.ideatre60.it<\/a> e caricare i loro scatti fino al 13 giugno 2016.<\/p>\n","protected":false},"excerpt":{"rendered":"<p>Fino al 13 giugno \u00a0\u00e8 possibile partecipare a \u201cTram\u2026anda il Monferrato\u201d, il concorso fotografico promosso da Fondazione Italiana Accenture che si propone di raccontare l\u2019essenza di una terra ancora troppo poco conosciuta<\/p>\n","protected":false},"author":1,"featured_media":139,"comment_status":"open","ping_status":"closed","sticky":false,"template":"","format":"standard","meta":{"footnotes":""},"categories":[11,81,80],"tags":[82],"class_list":["post-138","post","type-post","status-publish","format-standard","has-post-thumbnail","hentry","category-alessandria","category-asti","category-concorsi","tag-moferrato"],"yoast_head":"<!-- This site is optimized with the Yoast SEO plugin v27.1.1 - https:\/\/yoast.com\/product\/yoast-seo-wordpress\/ -->\n<title>Tram\u2026anda il Monferrato, il concorso fotografico per raccontare il territorio con la fotografia - Foto Piemonte<\/title>\n<meta name=\"robots\" content=\"index, follow, max-snippet:-1, max-image-preview:large, max-video-preview:-1\" \/>\n<link rel=\"canonical\" href=\"http:\/\/web.quotidianopiemontese.it\/fotopiemonte\/tramanda-il-monferrato-il-concorso-fotograficoper-raccontare-il-territorio-con-la-fotorgrafia\/\" \/>\n<meta property=\"og:locale\" content=\"it_IT\" \/>\n<meta property=\"og:type\" content=\"article\" \/>\n<meta property=\"og:title\" content=\"Tram\u2026anda il Monferrato, il concorso fotografico per raccontare il territorio con la fotografia - Foto Piemonte\" \/>\n<meta property=\"og:description\" content=\"Fino al 13 giugno \u00a0\u00e8 possibile partecipare a \u201cTram\u2026anda il Monferrato\u201d, il concorso fotografico promosso da Fondazione Italiana Accenture che si propone di raccontare l\u2019essenza di una terra ancora troppo poco conosciuta\" \/>\n<meta property=\"og:url\" content=\"http:\/\/web.quotidianopiemontese.it\/fotopiemonte\/tramanda-il-monferrato-il-concorso-fotograficoper-raccontare-il-territorio-con-la-fotorgrafia\/\" \/>\n<meta property=\"og:site_name\" content=\"Foto Piemonte\" \/>\n<meta property=\"article:publisher\" content=\"https:\/\/www.facebook.com\/quotidianopiemontese?fref=ts\" \/>\n<meta property=\"article:author\" content=\"https:\/\/www.facebook.com\/quotidianopiemontese\" \/>\n<meta property=\"article:published_time\" content=\"2016-05-26T19:11:42+00:00\" \/>\n<meta property=\"article:modified_time\" content=\"2016-05-27T05:24:55+00:00\" \/>\n<meta property=\"og:image\" content=\"http:\/\/web.quotidianopiemontese.it\/fotopiemonte\/files\/2016\/05\/tramanda-il-monferrato.png\" \/>\n\t<meta property=\"og:image:width\" content=\"696\" \/>\n\t<meta property=\"og:image:height\" content=\"233\" \/>\n\t<meta property=\"og:image:type\" content=\"image\/png\" \/>\n<meta name=\"author\" content=\"Redazione\" \/>\n<meta name=\"twitter:label1\" content=\"Scritto da\" \/>\n\t<meta name=\"twitter:data1\" content=\"Redazione\" \/>\n\t<meta name=\"twitter:label2\" content=\"Tempo di lettura stimato\" \/>\n\t<meta name=\"twitter:data2\" content=\"1 minuto\" \/>\n<script type=\"application\/ld+json\" class=\"yoast-schema-graph\">{\"@context\":\"https:\/\/schema.org\",\"@graph\":[{\"@type\":\"Article\",\"@id\":\"http:\/\/web.quotidianopiemontese.it\/fotopiemonte\/tramanda-il-monferrato-il-concorso-fotograficoper-raccontare-il-territorio-con-la-fotorgrafia\/#article\",\"isPartOf\":{\"@id\":\"http:\/\/web.quotidianopiemontese.it\/fotopiemonte\/tramanda-il-monferrato-il-concorso-fotograficoper-raccontare-il-territorio-con-la-fotorgrafia\/\"},\"author\":{\"name\":\"Redazione\",\"@id\":\"https:\/\/web.quotidianopiemontese.it\/fotopiemonte\/#\/schema\/person\/92b86f27cfe3bd649bd878d4f9c88190\"},\"headline\":\"Tram\u2026anda il Monferrato, il concorso fotografico per raccontare il territorio con la fotografia\",\"datePublished\":\"2016-05-26T19:11:42+00:00\",\"dateModified\":\"2016-05-27T05:24:55+00:00\",\"mainEntityOfPage\":{\"@id\":\"http:\/\/web.quotidianopiemontese.it\/fotopiemonte\/tramanda-il-monferrato-il-concorso-fotograficoper-raccontare-il-territorio-con-la-fotorgrafia\/\"},\"wordCount\":200,\"commentCount\":0,\"image\":{\"@id\":\"http:\/\/web.quotidianopiemontese.it\/fotopiemonte\/tramanda-il-monferrato-il-concorso-fotograficoper-raccontare-il-territorio-con-la-fotorgrafia\/#primaryimage\"},\"thumbnailUrl\":\"http:\/\/web.quotidianopiemontese.it\/fotopiemonte\/files\/2016\/05\/tramanda-il-monferrato.png\",\"keywords\":[\"moferrato\"],\"articleSection\":[\"Alessandria\",\"Asti\",\"Concorsi\"],\"inLanguage\":\"it-IT\",\"potentialAction\":[{\"@type\":\"CommentAction\",\"name\":\"Comment\",\"target\":[\"http:\/\/web.quotidianopiemontese.it\/fotopiemonte\/tramanda-il-monferrato-il-concorso-fotograficoper-raccontare-il-territorio-con-la-fotorgrafia\/#respond\"]}]},{\"@type\":\"WebPage\",\"@id\":\"http:\/\/web.quotidianopiemontese.it\/fotopiemonte\/tramanda-il-monferrato-il-concorso-fotograficoper-raccontare-il-territorio-con-la-fotorgrafia\/\",\"url\":\"http:\/\/web.quotidianopiemontese.it\/fotopiemonte\/tramanda-il-monferrato-il-concorso-fotograficoper-raccontare-il-territorio-con-la-fotorgrafia\/\",\"name\":\"Tram\u2026anda il Monferrato, il concorso fotografico per raccontare il territorio con la fotografia - Foto Piemonte\",\"isPartOf\":{\"@id\":\"https:\/\/web.quotidianopiemontese.it\/fotopiemonte\/#website\"},\"primaryImageOfPage\":{\"@id\":\"http:\/\/web.quotidianopiemontese.it\/fotopiemonte\/tramanda-il-monferrato-il-concorso-fotograficoper-raccontare-il-territorio-con-la-fotorgrafia\/#primaryimage\"},\"image\":{\"@id\":\"http:\/\/web.quotidianopiemontese.it\/fotopiemonte\/tramanda-il-monferrato-il-concorso-fotograficoper-raccontare-il-territorio-con-la-fotorgrafia\/#primaryimage\"},\"thumbnailUrl\":\"http:\/\/web.quotidianopiemontese.it\/fotopiemonte\/files\/2016\/05\/tramanda-il-monferrato.png\",\"datePublished\":\"2016-05-26T19:11:42+00:00\",\"dateModified\":\"2016-05-27T05:24:55+00:00\",\"author\":{\"@id\":\"https:\/\/web.quotidianopiemontese.it\/fotopiemonte\/#\/schema\/person\/92b86f27cfe3bd649bd878d4f9c88190\"},\"inLanguage\":\"it-IT\",\"potentialAction\":[{\"@type\":\"ReadAction\",\"target\":[\"http:\/\/web.quotidianopiemontese.it\/fotopiemonte\/tramanda-il-monferrato-il-concorso-fotograficoper-raccontare-il-territorio-con-la-fotorgrafia\/\"]}]},{\"@type\":\"ImageObject\",\"inLanguage\":\"it-IT\",\"@id\":\"http:\/\/web.quotidianopiemontese.it\/fotopiemonte\/tramanda-il-monferrato-il-concorso-fotograficoper-raccontare-il-territorio-con-la-fotorgrafia\/#primaryimage\",\"url\":\"http:\/\/web.quotidianopiemontese.it\/fotopiemonte\/files\/2016\/05\/tramanda-il-monferrato.png\",\"contentUrl\":\"http:\/\/web.quotidianopiemontese.it\/fotopiemonte\/files\/2016\/05\/tramanda-il-monferrato.png\",\"width\":696,\"height\":233},{\"@type\":\"WebSite\",\"@id\":\"https:\/\/web.quotidianopiemontese.it\/fotopiemonte\/#website\",\"url\":\"https:\/\/web.quotidianopiemontese.it\/fotopiemonte\/\",\"name\":\"Foto Piemonte\",\"description\":\"Quotidiano Piemontese\",\"potentialAction\":[{\"@type\":\"SearchAction\",\"target\":{\"@type\":\"EntryPoint\",\"urlTemplate\":\"https:\/\/web.quotidianopiemontese.it\/fotopiemonte\/?s={search_term_string}\"},\"query-input\":{\"@type\":\"PropertyValueSpecification\",\"valueRequired\":true,\"valueName\":\"search_term_string\"}}],\"inLanguage\":\"it-IT\"},{\"@type\":\"Person\",\"@id\":\"https:\/\/web.quotidianopiemontese.it\/fotopiemonte\/#\/schema\/person\/92b86f27cfe3bd649bd878d4f9c88190\",\"name\":\"Redazione\",\"image\":{\"@type\":\"ImageObject\",\"inLanguage\":\"it-IT\",\"@id\":\"https:\/\/web.quotidianopiemontese.it\/fotopiemonte\/#\/schema\/person\/image\/\",\"url\":\"https:\/\/secure.gravatar.com\/avatar\/fdce1b5a74767a43870aca54b0800bed88aab98b8098f69ac252d11aec8cdbe7?s=96&d=mm&r=g\",\"contentUrl\":\"https:\/\/secure.gravatar.com\/avatar\/fdce1b5a74767a43870aca54b0800bed88aab98b8098f69ac252d11aec8cdbe7?s=96&d=mm&r=g\",\"caption\":\"Redazione\"},\"description\":\"Quotidiano Piemontese: il sito di informazione pi\u00f9 letto del Piemonte : libero, tempestivo indipendente, social. L'hub sociale e informativo del Piemonte\",\"sameAs\":[\"http:\/\/www.quotidianopiemontese.it\/\",\"https:\/\/www.facebook.com\/quotidianopiemontese\",\"https:\/\/x.com\/quotidianopiem\"],\"url\":\"http:\/\/web.quotidianopiemontese.it\/fotopiemonte\/author\/administrator\/\"}]}<\/script>\n<!-- \/ Yoast SEO plugin. -->","yoast_head_json":{"title":"Tram\u2026anda il Monferrato, il concorso fotografico per raccontare il territorio con la fotografia - Foto Piemonte","robots":{"index":"index","follow":"follow","max-snippet":"max-snippet:-1","max-image-preview":"max-image-preview:large","max-video-preview":"max-video-preview:-1"},"canonical":"http:\/\/web.quotidianopiemontese.it\/fotopiemonte\/tramanda-il-monferrato-il-concorso-fotograficoper-raccontare-il-territorio-con-la-fotorgrafia\/","og_locale":"it_IT","og_type":"article","og_title":"Tram\u2026anda il Monferrato, il concorso fotografico per raccontare il territorio con la fotografia - Foto Piemonte","og_description":"Fino al 13 giugno \u00a0\u00e8 possibile partecipare a \u201cTram\u2026anda il Monferrato\u201d, il concorso fotografico promosso da Fondazione Italiana Accenture che si propone di raccontare l\u2019essenza di una terra ancora troppo poco conosciuta","og_url":"http:\/\/web.quotidianopiemontese.it\/fotopiemonte\/tramanda-il-monferrato-il-concorso-fotograficoper-raccontare-il-territorio-con-la-fotorgrafia\/","og_site_name":"Foto Piemonte","article_publisher":"https:\/\/www.facebook.com\/quotidianopiemontese?fref=ts","article_author":"https:\/\/www.facebook.com\/quotidianopiemontese","article_published_time":"2016-05-26T19:11:42+00:00","article_modified_time":"2016-05-27T05:24:55+00:00","og_image":[{"width":696,"height":233,"url":"http:\/\/web.quotidianopiemontese.it\/fotopiemonte\/files\/2016\/05\/tramanda-il-monferrato.png","type":"image\/png"}],"author":"Redazione","twitter_misc":{"Scritto da":"Redazione","Tempo di lettura stimato":"1 minuto"},"schema":{"@context":"https:\/\/schema.org","@graph":[{"@type":"Article","@id":"http:\/\/web.quotidianopiemontese.it\/fotopiemonte\/tramanda-il-monferrato-il-concorso-fotograficoper-raccontare-il-territorio-con-la-fotorgrafia\/#article","isPartOf":{"@id":"http:\/\/web.quotidianopiemontese.it\/fotopiemonte\/tramanda-il-monferrato-il-concorso-fotograficoper-raccontare-il-territorio-con-la-fotorgrafia\/"},"author":{"name":"Redazione","@id":"https:\/\/web.quotidianopiemontese.it\/fotopiemonte\/#\/schema\/person\/92b86f27cfe3bd649bd878d4f9c88190"},"headline":"Tram\u2026anda il Monferrato, il concorso fotografico per raccontare il territorio con la fotografia","datePublished":"2016-05-26T19:11:42+00:00","dateModified":"2016-05-27T05:24:55+00:00","mainEntityOfPage":{"@id":"http:\/\/web.quotidianopiemontese.it\/fotopiemonte\/tramanda-il-monferrato-il-concorso-fotograficoper-raccontare-il-territorio-con-la-fotorgrafia\/"},"wordCount":200,"commentCount":0,"image":{"@id":"http:\/\/web.quotidianopiemontese.it\/fotopiemonte\/tramanda-il-monferrato-il-concorso-fotograficoper-raccontare-il-territorio-con-la-fotorgrafia\/#primaryimage"},"thumbnailUrl":"http:\/\/web.quotidianopiemontese.it\/fotopiemonte\/files\/2016\/05\/tramanda-il-monferrato.png","keywords":["moferrato"],"articleSection":["Alessandria","Asti","Concorsi"],"inLanguage":"it-IT","potentialAction":[{"@type":"CommentAction","name":"Comment","target":["http:\/\/web.quotidianopiemontese.it\/fotopiemonte\/tramanda-il-monferrato-il-concorso-fotograficoper-raccontare-il-territorio-con-la-fotorgrafia\/#respond"]}]},{"@type":"WebPage","@id":"http:\/\/web.quotidianopiemontese.it\/fotopiemonte\/tramanda-il-monferrato-il-concorso-fotograficoper-raccontare-il-territorio-con-la-fotorgrafia\/","url":"http:\/\/web.quotidianopiemontese.it\/fotopiemonte\/tramanda-il-monferrato-il-concorso-fotograficoper-raccontare-il-territorio-con-la-fotorgrafia\/","name":"Tram\u2026anda il Monferrato, il concorso fotografico per raccontare il territorio con la fotografia - Foto Piemonte","isPartOf":{"@id":"https:\/\/web.quotidianopiemontese.it\/fotopiemonte\/#website"},"primaryImageOfPage":{"@id":"http:\/\/web.quotidianopiemontese.it\/fotopiemonte\/tramanda-il-monferrato-il-concorso-fotograficoper-raccontare-il-territorio-con-la-fotorgrafia\/#primaryimage"},"image":{"@id":"http:\/\/web.quotidianopiemontese.it\/fotopiemonte\/tramanda-il-monferrato-il-concorso-fotograficoper-raccontare-il-territorio-con-la-fotorgrafia\/#primaryimage"},"thumbnailUrl":"http:\/\/web.quotidianopiemontese.it\/fotopiemonte\/files\/2016\/05\/tramanda-il-monferrato.png","datePublished":"2016-05-26T19:11:42+00:00","dateModified":"2016-05-27T05:24:55+00:00","author":{"@id":"https:\/\/web.quotidianopiemontese.it\/fotopiemonte\/#\/schema\/person\/92b86f27cfe3bd649bd878d4f9c88190"},"inLanguage":"it-IT","potentialAction":[{"@type":"ReadAction","target":["http:\/\/web.quotidianopiemontese.it\/fotopiemonte\/tramanda-il-monferrato-il-concorso-fotograficoper-raccontare-il-territorio-con-la-fotorgrafia\/"]}]},{"@type":"ImageObject","inLanguage":"it-IT","@id":"http:\/\/web.quotidianopiemontese.it\/fotopiemonte\/tramanda-il-monferrato-il-concorso-fotograficoper-raccontare-il-territorio-con-la-fotorgrafia\/#primaryimage","url":"http:\/\/web.quotidianopiemontese.it\/fotopiemonte\/files\/2016\/05\/tramanda-il-monferrato.png","contentUrl":"http:\/\/web.quotidianopiemontese.it\/fotopiemonte\/files\/2016\/05\/tramanda-il-monferrato.png","width":696,"height":233},{"@type":"WebSite","@id":"https:\/\/web.quotidianopiemontese.it\/fotopiemonte\/#website","url":"https:\/\/web.quotidianopiemontese.it\/fotopiemonte\/","name":"Foto Piemonte","description":"Quotidiano Piemontese","potentialAction":[{"@type":"SearchAction","target":{"@type":"EntryPoint","urlTemplate":"https:\/\/web.quotidianopiemontese.it\/fotopiemonte\/?s={search_term_string}"},"query-input":{"@type":"PropertyValueSpecification","valueRequired":true,"valueName":"search_term_string"}}],"inLanguage":"it-IT"},{"@type":"Person","@id":"https:\/\/web.quotidianopiemontese.it\/fotopiemonte\/#\/schema\/person\/92b86f27cfe3bd649bd878d4f9c88190","name":"Redazione","image":{"@type":"ImageObject","inLanguage":"it-IT","@id":"https:\/\/web.quotidianopiemontese.it\/fotopiemonte\/#\/schema\/person\/image\/","url":"https:\/\/secure.gravatar.com\/avatar\/fdce1b5a74767a43870aca54b0800bed88aab98b8098f69ac252d11aec8cdbe7?s=96&d=mm&r=g","contentUrl":"https:\/\/secure.gravatar.com\/avatar\/fdce1b5a74767a43870aca54b0800bed88aab98b8098f69ac252d11aec8cdbe7?s=96&d=mm&r=g","caption":"Redazione"},"description":"Quotidiano Piemontese: il sito di informazione pi\u00f9 letto del Piemonte : libero, tempestivo indipendente, social. L'hub sociale e informativo del Piemonte","sameAs":["http:\/\/www.quotidianopiemontese.it\/","https:\/\/www.facebook.com\/quotidianopiemontese","https:\/\/x.com\/quotidianopiem"],"url":"http:\/\/web.quotidianopiemontese.it\/fotopiemonte\/author\/administrator\/"}]}},"_links":{"self":[{"href":"http:\/\/web.quotidianopiemontese.it\/fotopiemonte\/wp-json\/wp\/v2\/posts\/138","targetHints":{"allow":["GET"]}}],"collection":[{"href":"http:\/\/web.quotidianopiemontese.it\/fotopiemonte\/wp-json\/wp\/v2\/posts"}],"about":[{"href":"http:\/\/web.quotidianopiemontese.it\/fotopiemonte\/wp-json\/wp\/v2\/types\/post"}],"author":[{"embeddable":true,"href":"http:\/\/web.quotidianopiemontese.it\/fotopiemonte\/wp-json\/wp\/v2\/users\/1"}],"replies":[{"embeddable":true,"href":"http:\/\/web.quotidianopiemontese.it\/fotopiemonte\/wp-json\/wp\/v2\/comments?post=138"}],"version-history":[{"count":0,"href":"http:\/\/web.quotidianopiemontese.it\/fotopiemonte\/wp-json\/wp\/v2\/posts\/138\/revisions"}],"wp:featuredmedia":[{"embeddable":true,"href":"http:\/\/web.quotidianopiemontese.it\/fotopiemonte\/wp-json\/wp\/v2\/media\/139"}],"wp:attachment":[{"href":"http:\/\/web.quotidianopiemontese.it\/fotopiemonte\/wp-json\/wp\/v2\/media?parent=138"}],"wp:term":[{"taxonomy":"category","embeddable":true,"href":"http:\/\/web.quotidianopiemontese.it\/fotopiemonte\/wp-json\/wp\/v2\/categories?post=138"},{"taxonomy":"post_tag","embeddable":true,"href":"http:\/\/web.quotidianopiemontese.it\/fotopiemonte\/wp-json\/wp\/v2\/tags?post=138"}],"curies":[{"name":"wp","href":"https:\/\/api.w.org\/{rel}","templated":true}]}}